{"id":1665,"date":"2019-01-10T09:53:16","date_gmt":"2019-01-10T09:53:16","guid":{"rendered":"https:\/\/www.dakarmania.cz\/?p=1665"},"modified":"2021-08-11T07:54:29","modified_gmt":"2021-08-11T05:54:29","slug":"dakar-2019-loprais-si-polepsil-o-pet-mist","status":"publish","type":"post","link":"https:\/\/www.dakarmania.cz\/index.php\/2019\/01\/10\/dakar-2019-loprais-si-polepsil-o-pet-mist\/","title":{"rendered":"Dakar 2019: Loprais si polep\u0161il o p\u011bt m\u00edst"},"content":{"rendered":"<p>[vc_row][vc_column][vc_column_text]<\/p>\n<h4>Pos\u00e1dka Ale\u0161 Loprais, Ferran Marco Alcayna, Petr Pokora se ve v\u00fdsledc\u00edch n\u00e1ro\u010dn\u00e9 t\u0159et\u00ed etapy ze San Juanu de Marcona do Arequipy prosadila do elitn\u00ed des\u00edtky a v pr\u016fb\u011b\u017en\u00e9 klasifikaci Rally Dakar 2019 posko\u010dila v kategorii kamion\u016f na t\u0159in\u00e1ctou pozici. Na des\u00e1t\u00e9ho B\u011blorusa Vi\u0161n\u011bvsk\u00e9ho ztr\u00e1c\u00ed 26 minut.<\/h4>\n<p>V oblasti Acar\u00ed, kam slavn\u00fd z\u00e1vod zav\u00edtal v\u016fbec poprv\u00e9 ve sv\u00e9 historii, \u010dekal sout\u011b\u017e\u00edc\u00ed dal\u0161\u00ed den p\u0159ev\u00e1\u017en\u011b v dun\u00e1ch, jeho\u017e n\u00e1ro\u010dnost umoc\u0148oval i fakt, \u017ee tra\u0165 vystoupala a\u017e do v\u00fd\u0161ky okolo 2000 metr\u016f nad mo\u0159em. Rychlostn\u00ed zkou\u0161ka dlouh\u00e1 331 kilometr\u016f docela v\u00fdrazn\u011b zam\u00edchala celkov\u00fdm po\u0159ad\u00edm.<\/p>\n<p>Instaforex Loprais Teamu p\u0159\u00edli\u0161 nenahr\u00e1lo do karet, \u017ee do t\u0159et\u00ed etapy startovaly kamiony a osobn\u00ed vozy spole\u010dn\u011b. Po probl\u00e9mech, kter\u00e9 <a href=\"https:\/\/www.dakarmania.cz\/index.php\/2019\/01\/09\/lopraisovu-posadku-vystrasily-a-pribrzdily-nefunkcni-tlumice-kabiny\/\">postihly Tatru se startovn\u00edm \u010d\u00edslem 507 o den d\u0159\u00edve<\/a>, vyr\u00e1\u017eel \u010derveno-b\u00edlo-\u010dern\u00fd speci\u00e1l a\u017e jako 85. a musel se prod\u00edrat prachem zv\u00ed\u0159en\u00fdm osobn\u00edmi vozy pos\u00e1dek ze druh\u00e9 poloviny startovn\u00edho pole.[\/vc_column_text][vc_video link=&#8221;https:\/\/youtu.be\/dSkVb-rvBZU&#8221; align=&#8221;center&#8221;][vc_column_text]V dun\u00e1ch, kter\u00e9 p\u0159i\u0161ly p\u0159ibli\u017en\u011b po pades\u00e1ti kilometrech, se \u010desk\u00fd z\u00e1vodn\u00edk c\u00edt\u00ed jako ryba ve vod\u011b a pr\u00e1v\u011b v tomto ter\u00e9nu se za\u010dal posouvat vp\u0159ed.<\/p>\n<p><em>\u201eMysl\u00edm si, \u017ee v dun\u00e1ch se n\u00e1m da\u0159ilo, respektive ostatn\u00edm se neda\u0159ilo tolik, proto jsme nejv\u00edc soupe\u0159\u016f p\u0159edjeli pr\u00e1v\u011b tam,\u201c<\/em> rekapituluje <strong>Ale\u0161 Loprais<\/strong>. <em>\u201ePomaleji jsme naopak jeli v kamenit\u00e9 pas\u00e1\u017ei p\u0159ed konce m\u011b\u0159en\u00e9ho \u00faseku, proto\u017ee jsme necht\u011bli absolvovat v\u00fdm\u011bnu defektu. Tam n\u00e1s zase n\u011bkte\u0159\u00ed dojeli. I tak n\u00e1m dvacet kilometr\u016f p\u0159ed c\u00edlem za\u010dala ho\u0159et guma, kterou jsme museli v c\u00edli hasit.\u201c<\/em><\/p>\n<p>To ale nebyla jedin\u00e1 nep\u0159\u00edjemnost dne.<\/p>\n<p><em>\u201eMuseli jsme zastavit, proto\u017ee na okno st\u0159\u00edkl olej a j\u00e1 se b\u00e1l, co to je. Nav\u00edc jsem ud\u011blal chybu, kdy\u017e jsem pustil st\u011bra\u010de, tak\u017ee jsem si olej rozmazal po \u010deln\u00edm skle. Pak n\u00e1m zase ode\u0161lo tlumen\u00ed kabiny, ale u\u017e jsme v\u011bd\u011bli, \u017ee to nen\u00ed ulo\u017een\u00ed motoru, tak jsme ran\u00e1m nev\u011bnovali velkou pozornost.\u201c<\/em><\/p>\n<p><em>\u201eS ohledem na to, \u017ee jsme se prob\u00edjeli zezadu, nen\u00ed dne\u0161n\u00ed v\u00fdsledek asi \u0161patn\u00fd, ale zase to nen\u00ed takov\u00e9, jak\u00e9 jsem si to vysnil,\u201c<\/em> p\u0159ipou\u0161t\u00ed s trpk\u00fdm \u00fasm\u011bvem Loprais.<\/p>\n<p>Ve \u010dtvrtek 10. ledna je na programu prvn\u00ed \u010d\u00e1st maratonsk\u00e9 etapy. Ve\u010der v bivaku se z\u00e1vodn\u00edci budou muset obej\u00edt bez asistence sv\u00fdch mechanik\u016f. Startovn\u00ed pole se rozd\u011bl\u00ed do dvou skupin. Kamiony automobily a buginy kategorie SxS zam\u00ed\u0159\u00ed do Moqueguy, kde tak\u00e9 p\u0159enocuj\u00ed. Cestou z Arequipy na n\u011b \u010dek\u00e1 celkem 664 kilometr\u016f, z nich\u017e 405 absolvuj\u00ed v r\u00e1mci rychlostn\u00ed zkou\u0161ky.<\/p>\n<p>&nbsp;<\/p>\n<p>Tiskov\u00e1 zpr\u00e1va Instaforex Loprais Teamu[\/vc_column_text][\/vc_column][\/vc_row]<\/p>\n","protected":false},"excerpt":{"rendered":"<p>Pos\u00e1dka Ale\u0161 Loprais, Ferran Marco Alcayna, Petr Pokora se v n\u00e1ro\u010dn\u00e9 t\u0159et\u00ed etap\u011b Rally Dakar 2019 prosadila do elitn\u00ed des\u00edtky.<\/p>\n","protected":false},"author":3,"featured_media":1667,"comment_status":"open","ping_status":"closed","sticky":false,"template":"","format":"standard","meta":{"footnotes":""},"categories":[16,2,637],"tags":[65,8,9,66,69,67,68],"class_list":["post-1665","post","type-post","status-publish","format-standard","has-post-thumbnail","hentry","category-kamion","category-dakar","category-tiskove-zpravy","tag-ales-loprais","tag-dakar","tag-dakar-2019","tag-ferran-marco-alcayna","tag-loprais-team","tag-petr-pokora","tag-tatra"],"yoast_head":"<!-- This site is optimized with the Yoast SEO plugin v24.9 - https:\/\/yoast.com\/wordpress\/plugins\/seo\/ -->\n<title>Dakar 2019: Loprais si polep\u0161il o p\u011bt m\u00edst - DAKARMANIA.cz<\/title>\n<meta name=\"description\" content=\"Pos\u00e1dka Ale\u0161 Loprais, Ferran Marco Alcayna, Petr Pokora se v n\u00e1ro\u010dn\u00e9 t\u0159et\u00ed etap\u011b Rally Dakar 2019 prosadila do elitn\u00ed des\u00edtky.\" \/>\n<meta name=\"robots\" content=\"index, follow, max-snippet:-1, max-image-preview:large, max-video-preview:-1\" \/>\n<link rel=\"canonical\" href=\"https:\/\/www.dakarmania.cz\/index.php\/2019\/01\/10\/dakar-2019-loprais-si-polepsil-o-pet-mist\/\" \/>\n<meta property=\"og:locale\" content=\"cs_CZ\" \/>\n<meta property=\"og:type\" content=\"article\" \/>\n<meta property=\"og:title\" content=\"Dakar 2019: Loprais si polep\u0161il o p\u011bt m\u00edst - DAKARMANIA.cz\" \/>\n<meta property=\"og:description\" content=\"Pos\u00e1dka Ale\u0161 Loprais, Ferran Marco Alcayna, Petr Pokora se v n\u00e1ro\u010dn\u00e9 t\u0159et\u00ed etap\u011b Rally Dakar 2019 prosadila do elitn\u00ed des\u00edtky.\" \/>\n<meta property=\"og:url\" content=\"https:\/\/www.dakarmania.cz\/index.php\/2019\/01\/10\/dakar-2019-loprais-si-polepsil-o-pet-mist\/\" \/>\n<meta property=\"og:site_name\" content=\"DAKARMANIA.cz\" \/>\n<meta property=\"article:publisher\" content=\"https:\/\/www.facebook.com\/dakarmania\/\" \/>\n<meta property=\"article:published_time\" content=\"2019-01-10T09:53:16+00:00\" \/>\n<meta property=\"article:modified_time\" content=\"2021-08-11T05:54:29+00:00\" \/>\n<meta property=\"og:image\" content=\"https:\/\/www.dakarmania.cz\/wp-content\/uploads\/2019\/01\/IMG-20190109-WA0008.jpg\" \/>\n\t<meta property=\"og:image:width\" content=\"1024\" \/>\n\t<meta property=\"og:image:height\" content=\"683\" \/>\n\t<meta property=\"og:image:type\" content=\"image\/jpeg\" \/>\n<meta name=\"author\" content=\"tiskov\u00e1 zpr\u00e1va\" \/>\n<meta name=\"twitter:card\" content=\"summary_large_image\" \/>\n<meta name=\"twitter:label1\" content=\"Napsal(a)\" \/>\n\t<meta name=\"twitter:data1\" content=\"tiskov\u00e1 zpr\u00e1va\" \/>\n\t<meta name=\"twitter:label2\" content=\"Odhadovan\u00e1 doba \u010dten\u00ed\" \/>\n\t<meta name=\"twitter:data2\" content=\"3 minuty\" \/>\n<script type=\"application\/ld+json\" class=\"yoast-schema-graph\">{\"@context\":\"https:\/\/schema.org\",\"@graph\":[{\"@type\":\"Article\",\"@id\":\"https:\/\/www.dakarmania.cz\/index.php\/2019\/01\/10\/dakar-2019-loprais-si-polepsil-o-pet-mist\/#article\",\"isPartOf\":{\"@id\":\"https:\/\/www.dakarmania.cz\/index.php\/2019\/01\/10\/dakar-2019-loprais-si-polepsil-o-pet-mist\/\"},\"author\":{\"name\":\"tiskov\u00e1 zpr\u00e1va\",\"@id\":\"https:\/\/www.dakarmania.cz\/#\/schema\/person\/bce8d1fe3633b1178e150fc5e340d5dd\"},\"headline\":\"Dakar 2019: Loprais si polep\u0161il o p\u011bt m\u00edst\",\"datePublished\":\"2019-01-10T09:53:16+00:00\",\"dateModified\":\"2021-08-11T05:54:29+00:00\",\"mainEntityOfPage\":{\"@id\":\"https:\/\/www.dakarmania.cz\/index.php\/2019\/01\/10\/dakar-2019-loprais-si-polepsil-o-pet-mist\/\"},\"wordCount\":534,\"commentCount\":0,\"publisher\":{\"@id\":\"https:\/\/www.dakarmania.cz\/#organization\"},\"image\":{\"@id\":\"https:\/\/www.dakarmania.cz\/index.php\/2019\/01\/10\/dakar-2019-loprais-si-polepsil-o-pet-mist\/#primaryimage\"},\"thumbnailUrl\":\"https:\/\/www.dakarmania.cz\/wp-content\/uploads\/2019\/01\/IMG-20190109-WA0008.jpg\",\"keywords\":[\"Ale\u0161 Loprais\",\"Dakar\",\"Dakar 2019\",\"Ferran Marco Alcayna\",\"Loprais Team\",\"Petr Pokora\",\"Tatra\"],\"articleSection\":[\"Kamiony\",\"Rally Dakar\",\"Tiskov\u00e9 zpr\u00e1vy\"],\"inLanguage\":\"cs\",\"potentialAction\":[{\"@type\":\"CommentAction\",\"name\":\"Comment\",\"target\":[\"https:\/\/www.dakarmania.cz\/index.php\/2019\/01\/10\/dakar-2019-loprais-si-polepsil-o-pet-mist\/#respond\"]}]},{\"@type\":\"WebPage\",\"@id\":\"https:\/\/www.dakarmania.cz\/index.php\/2019\/01\/10\/dakar-2019-loprais-si-polepsil-o-pet-mist\/\",\"url\":\"https:\/\/www.dakarmania.cz\/index.php\/2019\/01\/10\/dakar-2019-loprais-si-polepsil-o-pet-mist\/\",\"name\":\"Dakar 2019: Loprais si polep\u0161il o p\u011bt m\u00edst - DAKARMANIA.cz\",\"isPartOf\":{\"@id\":\"https:\/\/www.dakarmania.cz\/#website\"},\"primaryImageOfPage\":{\"@id\":\"https:\/\/www.dakarmania.cz\/index.php\/2019\/01\/10\/dakar-2019-loprais-si-polepsil-o-pet-mist\/#primaryimage\"},\"image\":{\"@id\":\"https:\/\/www.dakarmania.cz\/index.php\/2019\/01\/10\/dakar-2019-loprais-si-polepsil-o-pet-mist\/#primaryimage\"},\"thumbnailUrl\":\"https:\/\/www.dakarmania.cz\/wp-content\/uploads\/2019\/01\/IMG-20190109-WA0008.jpg\",\"datePublished\":\"2019-01-10T09:53:16+00:00\",\"dateModified\":\"2021-08-11T05:54:29+00:00\",\"description\":\"Pos\u00e1dka Ale\u0161 Loprais, Ferran Marco Alcayna, Petr Pokora se v n\u00e1ro\u010dn\u00e9 t\u0159et\u00ed etap\u011b Rally Dakar 2019 prosadila do elitn\u00ed des\u00edtky.\",\"breadcrumb\":{\"@id\":\"https:\/\/www.dakarmania.cz\/index.php\/2019\/01\/10\/dakar-2019-loprais-si-polepsil-o-pet-mist\/#breadcrumb\"},\"inLanguage\":\"cs\",\"potentialAction\":[{\"@type\":\"ReadAction\",\"target\":[\"https:\/\/www.dakarmania.cz\/index.php\/2019\/01\/10\/dakar-2019-loprais-si-polepsil-o-pet-mist\/\"]}]},{\"@type\":\"ImageObject\",\"inLanguage\":\"cs\",\"@id\":\"https:\/\/www.dakarmania.cz\/index.php\/2019\/01\/10\/dakar-2019-loprais-si-polepsil-o-pet-mist\/#primaryimage\",\"url\":\"https:\/\/www.dakarmania.cz\/wp-content\/uploads\/2019\/01\/IMG-20190109-WA0008.jpg\",\"contentUrl\":\"https:\/\/www.dakarmania.cz\/wp-content\/uploads\/2019\/01\/IMG-20190109-WA0008.jpg\",\"width\":1024,\"height\":683,\"caption\":\"Ale\u0161 Loprais \/ Ferran Marco Alcayna \/ Petr Pokora, Tatra Jamal Queen 69, Instaforex Loprais Team. Rally Dakar 2019. \u00a9 Loprais Team\"},{\"@type\":\"BreadcrumbList\",\"@id\":\"https:\/\/www.dakarmania.cz\/index.php\/2019\/01\/10\/dakar-2019-loprais-si-polepsil-o-pet-mist\/#breadcrumb\",\"itemListElement\":[{\"@type\":\"ListItem\",\"position\":1,\"name\":\"Dom\u016f\",\"item\":\"https:\/\/www.dakarmania.cz\/\"},{\"@type\":\"ListItem\",\"position\":2,\"name\":\"Dakar 2019: Loprais si polep\u0161il o p\u011bt m\u00edst\"}]},{\"@type\":\"WebSite\",\"@id\":\"https:\/\/www.dakarmania.cz\/#website\",\"url\":\"https:\/\/www.dakarmania.cz\/\",\"name\":\"DAKARMANIA.cz\",\"description\":\"\u017dijeme Dakarem cel\u00fd rok\",\"publisher\":{\"@id\":\"https:\/\/www.dakarmania.cz\/#organization\"},\"potentialAction\":[{\"@type\":\"SearchAction\",\"target\":{\"@type\":\"EntryPoint\",\"urlTemplate\":\"https:\/\/www.dakarmania.cz\/?s={search_term_string}\"},\"query-input\":{\"@type\":\"PropertyValueSpecification\",\"valueRequired\":true,\"valueName\":\"search_term_string\"}}],\"inLanguage\":\"cs\"},{\"@type\":\"Organization\",\"@id\":\"https:\/\/www.dakarmania.cz\/#organization\",\"name\":\"DAKAR MANIA\",\"url\":\"https:\/\/www.dakarmania.cz\/\",\"logo\":{\"@type\":\"ImageObject\",\"inLanguage\":\"cs\",\"@id\":\"https:\/\/www.dakarmania.cz\/#\/schema\/logo\/image\/\",\"url\":\"https:\/\/www.dakarmania.cz\/wp-content\/uploads\/2018\/12\/Dakar-Mania-Logo-Square-Orange.png\",\"contentUrl\":\"https:\/\/www.dakarmania.cz\/wp-content\/uploads\/2018\/12\/Dakar-Mania-Logo-Square-Orange.png\",\"width\":992,\"height\":992,\"caption\":\"DAKAR MANIA\"},\"image\":{\"@id\":\"https:\/\/www.dakarmania.cz\/#\/schema\/logo\/image\/\"},\"sameAs\":[\"https:\/\/www.facebook.com\/dakarmania\/\"]},{\"@type\":\"Person\",\"@id\":\"https:\/\/www.dakarmania.cz\/#\/schema\/person\/bce8d1fe3633b1178e150fc5e340d5dd\",\"name\":\"tiskov\u00e1 zpr\u00e1va\",\"image\":{\"@type\":\"ImageObject\",\"inLanguage\":\"cs\",\"@id\":\"https:\/\/www.dakarmania.cz\/#\/schema\/person\/image\/\",\"url\":\"https:\/\/secure.gravatar.com\/avatar\/19aefcb6c7bfae691fca4d805686c670f59bb4f7414c7b398b88dc9c8f4e96d5?s=96&d=mm&r=g\",\"contentUrl\":\"https:\/\/secure.gravatar.com\/avatar\/19aefcb6c7bfae691fca4d805686c670f59bb4f7414c7b398b88dc9c8f4e96d5?s=96&d=mm&r=g\",\"caption\":\"tiskov\u00e1 zpr\u00e1va\"},\"url\":\"https:\/\/www.dakarmania.cz\/index.php\/author\/tiskovezpravy\/\"}]}<\/script>\n<!-- \/ Yoast SEO plugin. -->","yoast_head_json":{"title":"Dakar 2019: Loprais si polep\u0161il o p\u011bt m\u00edst - DAKARMANIA.cz","description":"Pos\u00e1dka Ale\u0161 Loprais, Ferran Marco Alcayna, Petr Pokora se v n\u00e1ro\u010dn\u00e9 t\u0159et\u00ed etap\u011b Rally Dakar 2019 prosadila do elitn\u00ed des\u00edtky.","robots":{"index":"index","follow":"follow","max-snippet":"max-snippet:-1","max-image-preview":"max-image-preview:large","max-video-preview":"max-video-preview:-1"},"canonical":"https:\/\/www.dakarmania.cz\/index.php\/2019\/01\/10\/dakar-2019-loprais-si-polepsil-o-pet-mist\/","og_locale":"cs_CZ","og_type":"article","og_title":"Dakar 2019: Loprais si polep\u0161il o p\u011bt m\u00edst - DAKARMANIA.cz","og_description":"Pos\u00e1dka Ale\u0161 Loprais, Ferran Marco Alcayna, Petr Pokora se v n\u00e1ro\u010dn\u00e9 t\u0159et\u00ed etap\u011b Rally Dakar 2019 prosadila do elitn\u00ed des\u00edtky.","og_url":"https:\/\/www.dakarmania.cz\/index.php\/2019\/01\/10\/dakar-2019-loprais-si-polepsil-o-pet-mist\/","og_site_name":"DAKARMANIA.cz","article_publisher":"https:\/\/www.facebook.com\/dakarmania\/","article_published_time":"2019-01-10T09:53:16+00:00","article_modified_time":"2021-08-11T05:54:29+00:00","og_image":[{"width":1024,"height":683,"url":"https:\/\/www.dakarmania.cz\/wp-content\/uploads\/2019\/01\/IMG-20190109-WA0008.jpg","type":"image\/jpeg"}],"author":"tiskov\u00e1 zpr\u00e1va","twitter_card":"summary_large_image","twitter_misc":{"Napsal(a)":"tiskov\u00e1 zpr\u00e1va","Odhadovan\u00e1 doba \u010dten\u00ed":"3 minuty"},"schema":{"@context":"https:\/\/schema.org","@graph":[{"@type":"Article","@id":"https:\/\/www.dakarmania.cz\/index.php\/2019\/01\/10\/dakar-2019-loprais-si-polepsil-o-pet-mist\/#article","isPartOf":{"@id":"https:\/\/www.dakarmania.cz\/index.php\/2019\/01\/10\/dakar-2019-loprais-si-polepsil-o-pet-mist\/"},"author":{"name":"tiskov\u00e1 zpr\u00e1va","@id":"https:\/\/www.dakarmania.cz\/#\/schema\/person\/bce8d1fe3633b1178e150fc5e340d5dd"},"headline":"Dakar 2019: Loprais si polep\u0161il o p\u011bt m\u00edst","datePublished":"2019-01-10T09:53:16+00:00","dateModified":"2021-08-11T05:54:29+00:00","mainEntityOfPage":{"@id":"https:\/\/www.dakarmania.cz\/index.php\/2019\/01\/10\/dakar-2019-loprais-si-polepsil-o-pet-mist\/"},"wordCount":534,"commentCount":0,"publisher":{"@id":"https:\/\/www.dakarmania.cz\/#organization"},"image":{"@id":"https:\/\/www.dakarmania.cz\/index.php\/2019\/01\/10\/dakar-2019-loprais-si-polepsil-o-pet-mist\/#primaryimage"},"thumbnailUrl":"https:\/\/www.dakarmania.cz\/wp-content\/uploads\/2019\/01\/IMG-20190109-WA0008.jpg","keywords":["Ale\u0161 Loprais","Dakar","Dakar 2019","Ferran Marco Alcayna","Loprais Team","Petr Pokora","Tatra"],"articleSection":["Kamiony","Rally Dakar","Tiskov\u00e9 zpr\u00e1vy"],"inLanguage":"cs","potentialAction":[{"@type":"CommentAction","name":"Comment","target":["https:\/\/www.dakarmania.cz\/index.php\/2019\/01\/10\/dakar-2019-loprais-si-polepsil-o-pet-mist\/#respond"]}]},{"@type":"WebPage","@id":"https:\/\/www.dakarmania.cz\/index.php\/2019\/01\/10\/dakar-2019-loprais-si-polepsil-o-pet-mist\/","url":"https:\/\/www.dakarmania.cz\/index.php\/2019\/01\/10\/dakar-2019-loprais-si-polepsil-o-pet-mist\/","name":"Dakar 2019: Loprais si polep\u0161il o p\u011bt m\u00edst - DAKARMANIA.cz","isPartOf":{"@id":"https:\/\/www.dakarmania.cz\/#website"},"primaryImageOfPage":{"@id":"https:\/\/www.dakarmania.cz\/index.php\/2019\/01\/10\/dakar-2019-loprais-si-polepsil-o-pet-mist\/#primaryimage"},"image":{"@id":"https:\/\/www.dakarmania.cz\/index.php\/2019\/01\/10\/dakar-2019-loprais-si-polepsil-o-pet-mist\/#primaryimage"},"thumbnailUrl":"https:\/\/www.dakarmania.cz\/wp-content\/uploads\/2019\/01\/IMG-20190109-WA0008.jpg","datePublished":"2019-01-10T09:53:16+00:00","dateModified":"2021-08-11T05:54:29+00:00","description":"Pos\u00e1dka Ale\u0161 Loprais, Ferran Marco Alcayna, Petr Pokora se v n\u00e1ro\u010dn\u00e9 t\u0159et\u00ed etap\u011b Rally Dakar 2019 prosadila do elitn\u00ed des\u00edtky.","breadcrumb":{"@id":"https:\/\/www.dakarmania.cz\/index.php\/2019\/01\/10\/dakar-2019-loprais-si-polepsil-o-pet-mist\/#breadcrumb"},"inLanguage":"cs","potentialAction":[{"@type":"ReadAction","target":["https:\/\/www.dakarmania.cz\/index.php\/2019\/01\/10\/dakar-2019-loprais-si-polepsil-o-pet-mist\/"]}]},{"@type":"ImageObject","inLanguage":"cs","@id":"https:\/\/www.dakarmania.cz\/index.php\/2019\/01\/10\/dakar-2019-loprais-si-polepsil-o-pet-mist\/#primaryimage","url":"https:\/\/www.dakarmania.cz\/wp-content\/uploads\/2019\/01\/IMG-20190109-WA0008.jpg","contentUrl":"https:\/\/www.dakarmania.cz\/wp-content\/uploads\/2019\/01\/IMG-20190109-WA0008.jpg","width":1024,"height":683,"caption":"Ale\u0161 Loprais \/ Ferran Marco Alcayna \/ Petr Pokora, Tatra Jamal Queen 69, Instaforex Loprais Team. Rally Dakar 2019. \u00a9 Loprais Team"},{"@type":"BreadcrumbList","@id":"https:\/\/www.dakarmania.cz\/index.php\/2019\/01\/10\/dakar-2019-loprais-si-polepsil-o-pet-mist\/#breadcrumb","itemListElement":[{"@type":"ListItem","position":1,"name":"Dom\u016f","item":"https:\/\/www.dakarmania.cz\/"},{"@type":"ListItem","position":2,"name":"Dakar 2019: Loprais si polep\u0161il o p\u011bt m\u00edst"}]},{"@type":"WebSite","@id":"https:\/\/www.dakarmania.cz\/#website","url":"https:\/\/www.dakarmania.cz\/","name":"DAKARMANIA.cz","description":"\u017dijeme Dakarem cel\u00fd rok","publisher":{"@id":"https:\/\/www.dakarmania.cz\/#organization"},"potentialAction":[{"@type":"SearchAction","target":{"@type":"EntryPoint","urlTemplate":"https:\/\/www.dakarmania.cz\/?s={search_term_string}"},"query-input":{"@type":"PropertyValueSpecification","valueRequired":true,"valueName":"search_term_string"}}],"inLanguage":"cs"},{"@type":"Organization","@id":"https:\/\/www.dakarmania.cz\/#organization","name":"DAKAR MANIA","url":"https:\/\/www.dakarmania.cz\/","logo":{"@type":"ImageObject","inLanguage":"cs","@id":"https:\/\/www.dakarmania.cz\/#\/schema\/logo\/image\/","url":"https:\/\/www.dakarmania.cz\/wp-content\/uploads\/2018\/12\/Dakar-Mania-Logo-Square-Orange.png","contentUrl":"https:\/\/www.dakarmania.cz\/wp-content\/uploads\/2018\/12\/Dakar-Mania-Logo-Square-Orange.png","width":992,"height":992,"caption":"DAKAR MANIA"},"image":{"@id":"https:\/\/www.dakarmania.cz\/#\/schema\/logo\/image\/"},"sameAs":["https:\/\/www.facebook.com\/dakarmania\/"]},{"@type":"Person","@id":"https:\/\/www.dakarmania.cz\/#\/schema\/person\/bce8d1fe3633b1178e150fc5e340d5dd","name":"tiskov\u00e1 zpr\u00e1va","image":{"@type":"ImageObject","inLanguage":"cs","@id":"https:\/\/www.dakarmania.cz\/#\/schema\/person\/image\/","url":"https:\/\/secure.gravatar.com\/avatar\/19aefcb6c7bfae691fca4d805686c670f59bb4f7414c7b398b88dc9c8f4e96d5?s=96&d=mm&r=g","contentUrl":"https:\/\/secure.gravatar.com\/avatar\/19aefcb6c7bfae691fca4d805686c670f59bb4f7414c7b398b88dc9c8f4e96d5?s=96&d=mm&r=g","caption":"tiskov\u00e1 zpr\u00e1va"},"url":"https:\/\/www.dakarmania.cz\/index.php\/author\/tiskovezpravy\/"}]}},"amp_enabled":true,"_links":{"self":[{"href":"https:\/\/www.dakarmania.cz\/index.php\/wp-json\/wp\/v2\/posts\/1665","targetHints":{"allow":["GET"]}}],"collection":[{"href":"https:\/\/www.dakarmania.cz\/index.php\/wp-json\/wp\/v2\/posts"}],"about":[{"href":"https:\/\/www.dakarmania.cz\/index.php\/wp-json\/wp\/v2\/types\/post"}],"author":[{"embeddable":true,"href":"https:\/\/www.dakarmania.cz\/index.php\/wp-json\/wp\/v2\/users\/3"}],"replies":[{"embeddable":true,"href":"https:\/\/www.dakarmania.cz\/index.php\/wp-json\/wp\/v2\/comments?post=1665"}],"version-history":[{"count":3,"href":"https:\/\/www.dakarmania.cz\/index.php\/wp-json\/wp\/v2\/posts\/1665\/revisions"}],"predecessor-version":[{"id":22524,"href":"https:\/\/www.dakarmania.cz\/index.php\/wp-json\/wp\/v2\/posts\/1665\/revisions\/22524"}],"wp:featuredmedia":[{"embeddable":true,"href":"https:\/\/www.dakarmania.cz\/index.php\/wp-json\/wp\/v2\/media\/1667"}],"wp:attachment":[{"href":"https:\/\/www.dakarmania.cz\/index.php\/wp-json\/wp\/v2\/media?parent=1665"}],"wp:term":[{"taxonomy":"category","embeddable":true,"href":"https:\/\/www.dakarmania.cz\/index.php\/wp-json\/wp\/v2\/categories?post=1665"},{"taxonomy":"post_tag","embeddable":true,"href":"https:\/\/www.dakarmania.cz\/index.php\/wp-json\/wp\/v2\/tags?post=1665"}],"curies":[{"name":"wp","href":"https:\/\/api.w.org\/{rel}","templated":true}]}}