{"id":16663,"date":"2020-09-07T17:10:13","date_gmt":"2020-09-07T15:10:13","guid":{"rendered":"https:\/\/www.dakarmania.cz\/?p=16663"},"modified":"2023-03-14T19:46:15","modified_gmt":"2023-03-14T18:46:15","slug":"macik-v-polsku-druhy","status":"publish","type":"post","link":"https:\/\/www.dakarmania.cz\/index.php\/2020\/09\/07\/macik-v-polsku-druhy\/","title":{"rendered":"Mac\u00edk vplul do c\u00edle Baja Poland na druh\u00e9m m\u00edst\u011b"},"content":{"rendered":"<p>[vc_row][vc_column][vc_column_text css_animation=&#8221;fadeIn&#8221;]<\/p>\n<h3>V ned\u011bli dorazily \u010desk\u00e9 kamiony, sestrojen\u00e9 na z\u00e1klad\u011b v\u00fdvoje Martina Mac\u00edka star\u0161\u00edho v sedl\u010dansk\u00fdch d\u00edln\u00e1ch, do c\u00edle Baja Poland. A\u010dkoliv de\u0161tiv\u00e9 po\u010das\u00ed polskou tra\u0165 zm\u011bnilo v bl\u00e1tiv\u00e9 koryto s \u00faseky, v nich\u017e bylo vody po p\u00e1s, \u010desk\u00e9 kamiony si zaslou\u017eily respekt. Potvrdily, \u017ee dovedou b\u00fdt hodn\u011b rychl\u00e9 a neztrat\u00ed se ani v siln\u00e9 konkurenci osobn\u00edch voz\u016f.<\/h3>\n<p>[\/vc_column_text][vc_single_image image=&#8221;16660&#8243; img_size=&#8221;large&#8221; add_caption=&#8221;yes&#8221; alignment=&#8221;center&#8221; onclick=&#8221;link_image&#8221; css_animation=&#8221;fadeIn&#8221;][vc_column_text css_animation=&#8221;fadeIn&#8221;]T\u00fdmov\u00fd speci\u00e1l Iveco, s pos\u00e1dkou Martin Mac\u00edk ml., Franti\u0161ek Tom\u00e1\u0161ek, David \u0160vanda nakonec po s\u00e9rii neo\u010dek\u00e1van\u00fdch p\u0159\u00edhod dojel do c\u00edle jako druh\u00fd. T\u011bsn\u011b za sv\u00fdm dvoj\u010detem pilotovan\u00fdm Jaroslavem Valtrem. S n\u00e1strahami trat\u011b se state\u010dn\u011b popral i nov\u00e1\u010dek Dan Stibl\u00edk v pronajat\u00e9m t\u00fdmov\u00e9m Liazu, kter\u00fd na sv\u00e9 prvn\u00ed d\u00e1lkov\u00e9 rally z\u00edskal spoustu cenn\u00fdch zku\u0161enost\u00ed.<\/p>\n<p><em>\u201eU\u017eili jsme si to, ale \u010dlov\u011bk musel b\u00fdt hodn\u011b opatrn\u00fd. Jezd\u00edme tu \u00fazkou lesn\u00ed cestou a stromy jsou kolem trati hodn\u011b bl\u00edzko. Kamion si na vod\u011b jede, kam chce, je jak s\u00e1\u0148ky. Mus\u00edte ho m\u00edt po\u0159\u00e1dn\u011b pod kontrolou,\u201c<\/em> popisuje j\u00edzdu <strong>Martin Mac\u00edk<\/strong>.<\/p>\n<h4>Sobotn\u00ed honi\u010dky<\/h4>\n<p>Prvn\u00ed sobotn\u00ed rychlostn\u00ed zkou\u0161ka byla bl\u00e1tiv\u011bj\u0161\u00ed, ne\u017e si kdokoliv z t\u00fdmu Big Shock! Racing dok\u00e1zal p\u0159edstavit. Martin Mac\u00edk se na trati v p\u0159\u00e1telsk\u00e9 atmosf\u00e9\u0159e honil se soupe\u0159i.[\/vc_column_text][vc_single_image image=&#8221;15450&#8243; img_size=&#8221;large&#8221; add_caption=&#8221;yes&#8221; alignment=&#8221;center&#8221; onclick=&#8221;custom_link&#8221; img_link_target=&#8221;_blank&#8221; css_animation=&#8221;fadeIn&#8221; link=&#8221;http:\/\/eshop.dakarmania.cz\/&#8221;][vc_column_text css_animation=&#8221;fadeIn&#8221;]<em>\u201eJ\u00edzdu jsme si s klukama u\u017e\u00edvali, i kdy\u017e ob\u010das bylo na trati vody zbyte\u010dn\u011b moc. Celou cestu se n\u00e1m ml\u017eilo p\u0159edn\u00ed okno. Nest\u00e1v\u00e1 se \u010dasto, abychom se b\u011bhem z\u00e1vodu museli odp\u00e1sat a ut\u00edrat p\u0159edn\u00ed sklo toaletn\u00edm pap\u00edrem. D\u00e1lkov\u00fd z\u00e1vod zkr\u00e1tka poka\u017ed\u00e9 dok\u00e1\u017ee p\u0159ekvapit,\u201c<\/em> popisuje \u00faskal\u00ed mokr\u00e9 trati <strong>Martin Mac\u00edk<\/strong>.<\/p>\n<p>Patn\u00e1ct minut trvalo pos\u00e1dce opravit na trati \u0159emen str\u017een\u00fd bahnem. A z\u00e1vodn\u00edci tak\u00e9 dostali mo\u017enost potr\u00e9novat v\u00fdm\u011bnu pneumatiky. V kluzk\u00e9m a t\u011b\u017ek\u00e9m bl\u00e1t\u011b, kter\u00e9 br\u00e1nilo ulo\u017een\u00ed prora\u017een\u00e9 gumy, si akce vy\u017e\u00e1dala dal\u0161\u00ed \u010dtvrthodinku. Ale po zah\u0159\u00edvac\u00ed \u010d\u00e1sti se pos\u00e1dka t\u00fdmu Big Shock! Racing v druh\u00e9 sobotn\u00ed etap\u011b po\u0159\u00e1dn\u011b rozjela.<\/p>\n<p><em>\u201eDruh\u00e1 \u010d\u00e1st byla bo\u017e\u00ed, jelo se n\u00e1m n\u00e1dhern\u011b, adrenalin pracoval. I tady jsme \u0159e\u0161ili dv\u011b ne\u010dekan\u00e9 ud\u00e1losti. Celkem t\u011bsn\u011b jsme obkrou\u017eili Dacii, kter\u00e1 z\u016fstala st\u00e1t v \u00favozu. Vyjeli jsme p\u0159i tom men\u0161\u00ed z\u00eddku a utrhli pravou p\u0159edn\u00ed brzdu. Pak u\u017e j\u00edzda byla o n\u011bco m\u00e9n\u011b p\u0159\u00edjemn\u00e1, ale zvl\u00e1dli jsme to,\u201c<\/em> p\u0159ibli\u017euje Martin Mac\u00edk.[\/vc_column_text][vc_single_image image=&#8221;16661&#8243; img_size=&#8221;large&#8221; add_caption=&#8221;yes&#8221; alignment=&#8221;center&#8221; onclick=&#8221;link_image&#8221; css_animation=&#8221;fadeIn&#8221;][vc_column_text css_animation=&#8221;fadeIn&#8221;]Asi t\u0159icet kilometr\u016f p\u0159ed c\u00edlem speci\u00e1lky se ozvala je\u0161t\u011b p\u0159evodovka, kdy\u017e se voda dostala do jednoho z \u010didel. Proto t\u00fdmov\u00fd speci\u00e1l, pojmenovan\u00fd Karel, doj\u00ed\u017ed\u011bl etapu v pomalej\u0161\u00edm tempu. I p\u0159esto v absolutn\u00edm po\u0159ad\u00ed t\u0159et\u00ed erzety Baja Poland z\u00edskal \u010dtvrt\u00e9 m\u00edsto.<\/p>\n<p><em>\u201eM\u00edt p\u0159ed sebou v c\u00edli jen t\u0159i nejrychlej\u0161\u00ed osob\u00e1ky je bomba. Zd\u00e1 se, \u017ee jsme jeli opravdu rychle. Karel, a\u010dkoliv je stav\u011bn\u00fd do pou\u0161t\u011b, zvl\u00e1d\u00e1 dob\u0159e i bahno. Do z\u00edt\u0159ka mus\u00edme opravit jen p\u00e1r mal\u00fdch detail\u016f,\u201c<\/em> vzkazoval palubn\u00ed mechanik <strong>David \u0160vanda<\/strong> v sobotu ve\u010der.<\/p>\n<h4>Ned\u011ble na vod\u011b<\/h4>\n<p>Hned v ned\u011bli r\u00e1no se pos\u00e1dka \u017elut\u00e9ho kamionu t\u00fdmu Big Shock! Racing dozv\u011bd\u011bla, \u017ee vyfasovala sedmiminutovou penalizaci. D\u016fvodem byl sobotn\u00ed brzk\u00fd vjezd do jedn\u00e9 ze z\u00f3n v servisu. Bylo proto t\u0159eba nasadit tempo hned v \u00favodu. U\u017e na prvn\u00edch kilometrech se Mac\u00edkovi da\u0159ilo postupn\u011b stahovat ztr\u00e1tu, ale jeden z podm\u00e1\u010den\u00fdch sjezd\u016f do ra\u0161elini\u0161t\u011b jeho kamion ne\u010dekan\u011b stopnul. Po kr\u00e1tk\u00e9m boji musel zas\u00e1hnout bagr po\u0159adatel\u016f a \u010desk\u00fd v\u016fz vysvobodit.[\/vc_column_text][vc_single_image image=&#8221;16662&#8243; img_size=&#8221;large&#8221; add_caption=&#8221;yes&#8221; alignment=&#8221;center&#8221; onclick=&#8221;link_image&#8221; css_animation=&#8221;fadeIn&#8221;][vc_column_text css_animation=&#8221;fadeIn&#8221;]<em>\u201eKamion p\u0159ed n\u00e1mi je\u0161t\u011b t\u011bsn\u011b stihl tu ba\u017einu projet, ale my u\u017e jsme tam z\u016fstali viset. Ztratili jsme asi dvacet minut. V dal\u0161\u00ed etap\u011b byla tra\u0165 tak rozmo\u010den\u00e1 a nesj\u00edzdn\u00e1, \u017ee jsme ra\u0161elini\u0161t\u011b museli \u00fapln\u011b objet. Liazku u\u017e do zmi\u0148ovan\u00e9ho \u00faseku organiz\u00e1to\u0159i v\u016fbec nepustili,\u201c<\/em> l\u00ed\u010d\u00ed z\u00e1ludnosti polsk\u00e9 trati navig\u00e1tor <strong>Franti\u0161ek Tom\u00e1\u0161ek<\/strong> a dod\u00e1v\u00e1: <em>\u201eNavigace byla jednoduch\u00e1, zajezdili jsme si bombasticky, prvn\u00ed z\u00e1vod sez\u00f3ny ur\u010dit\u011b nezklamal. Ka\u017edop\u00e1dn\u011b, p\u0159\u00ed\u0161t\u011b u\u017e bychom si p\u0159\u00e1li test n\u011bkde v suchu.\u201c<\/em><\/p>\n<p>Celkov\u011b v\u0161ak t\u00fdm pova\u017euje polskou misi za \u00fasp\u011b\u0161nou.<\/p>\n<p><em>\u201eJsme spokojen\u00ed, v\u0161echna auta, kter\u00e1 jsme postavili, dojela do c\u00edle v po\u0159\u00e1dku. Liazce bahno ni\u010dilo spojku, tak\u017ee Dan Stibl\u00edk musel hodn\u011b tvrd\u011b \u0159adit, ale ur\u010dit\u011b si i pos\u00e1dka Franty odv\u00e1\u017e\u00ed u\u017eite\u010dn\u00e9 zku\u0161enosti. M\u00e1me radost, \u017ee jsme techniku ani v t\u011bch extr\u00e9mn\u00edch podm\u00ednk\u00e1ch moc nezni\u010dili. Byl to dal\u0161\u00ed dobr\u00fd tr\u00e9nink na Dakar,\u201c<\/em> hodnot\u00ed \u0161\u00e9f t\u00fdmu <strong>Martin Mac\u00edk star\u0161\u00ed<\/strong>.<\/p>\n<p>Sedl\u010dan\u0161t\u00ed z\u00e1vodn\u00edci u\u017e se t\u011b\u0161\u00ed na tuniskou Rally El Chott, kter\u00e1 by se m\u011bla uskute\u010dnit na p\u0159elomu \u0159\u00edjna a listopadu. V\u0161ichni pevn\u011b v\u011b\u0159\u00ed, \u017ee z\u00e1vod prob\u011bhne podle pl\u00e1nu a tra\u0165 bude kone\u010dn\u011b such\u00e1.<\/p>\n<p>Tiskov\u00e1 zpr\u00e1va t\u00fdmu Big Shock! Racing [editov\u00e1no][\/vc_column_text][vc_empty_space height=&#8221;2px&#8221;][\/vc_column][\/vc_row]<\/p>\n","protected":false},"excerpt":{"rendered":"<p>V ned\u011bli dorazily \u010desk\u00e9 kamiony, sestrojen\u00e9 na z\u00e1klad\u011b v\u00fdvoje Martina Mac\u00edka star\u0161\u00edho v sedl\u010dansk\u00fdch d\u00edln\u00e1ch, do c\u00edle Baja Poland.<\/p>\n","protected":false},"author":3,"featured_media":16660,"comment_status":"closed","ping_status":"closed","sticky":false,"template":"","format":"standard","meta":{"footnotes":""},"categories":[637],"tags":[903,255,1758,111,1135,117,164,591,114],"class_list":["post-16663","post","type-post","status-publish","format-standard","has-post-thumbnail","hentry","category-tiskove-zpravy","tag-903","tag-baja-poland","tag-baja-poland-2020","tag-big-shock-racing","tag-david-svanda","tag-frantisek-tomasek","tag-iveco","tag-martin-macik","tag-martin-macik-ml"],"yoast_head":"<!-- This site is optimized with the Yoast SEO plugin v24.9 - https:\/\/yoast.com\/wordpress\/plugins\/seo\/ -->\n<title>Mac\u00edk vplul do c\u00edle Baja Poland na druh\u00e9m m\u00edst\u011b - DAKARMANIA.cz<\/title>\n<meta name=\"description\" content=\"V ned\u011bli dorazily \u010desk\u00e9 kamiony, sestrojen\u00e9 na z\u00e1klad\u011b v\u00fdvoje Martina Mac\u00edka star\u0161\u00edho v sedl\u010dansk\u00fdch d\u00edln\u00e1ch, do c\u00edle Baja Poland.\" \/>\n<meta name=\"robots\" content=\"index, follow, max-snippet:-1, max-image-preview:large, max-video-preview:-1\" \/>\n<link rel=\"canonical\" href=\"https:\/\/www.dakarmania.cz\/index.php\/2020\/09\/07\/macik-v-polsku-druhy\/\" \/>\n<meta property=\"og:locale\" content=\"cs_CZ\" \/>\n<meta property=\"og:type\" content=\"article\" \/>\n<meta property=\"og:title\" content=\"Mac\u00edk vplul do c\u00edle Baja Poland na druh\u00e9m m\u00edst\u011b - DAKARMANIA.cz\" \/>\n<meta property=\"og:description\" content=\"V ned\u011bli dorazily \u010desk\u00e9 kamiony, sestrojen\u00e9 na z\u00e1klad\u011b v\u00fdvoje Martina Mac\u00edka star\u0161\u00edho v sedl\u010dansk\u00fdch d\u00edln\u00e1ch, do c\u00edle Baja Poland.\" \/>\n<meta property=\"og:url\" content=\"https:\/\/www.dakarmania.cz\/index.php\/2020\/09\/07\/macik-v-polsku-druhy\/\" \/>\n<meta property=\"og:site_name\" content=\"DAKARMANIA.cz\" \/>\n<meta property=\"article:publisher\" content=\"https:\/\/www.facebook.com\/dakarmania\/\" \/>\n<meta property=\"article:published_time\" content=\"2020-09-07T15:10:13+00:00\" \/>\n<meta property=\"article:modified_time\" content=\"2023-03-14T18:46:15+00:00\" \/>\n<meta property=\"og:image\" content=\"https:\/\/www.dakarmania.cz\/wp-content\/uploads\/2020\/09\/20-poland-macik-03.jpg\" \/>\n\t<meta property=\"og:image:width\" content=\"1024\" \/>\n\t<meta property=\"og:image:height\" content=\"683\" \/>\n\t<meta property=\"og:image:type\" content=\"image\/jpeg\" \/>\n<meta name=\"author\" content=\"tiskov\u00e1 zpr\u00e1va\" \/>\n<meta name=\"twitter:card\" content=\"summary_large_image\" \/>\n<meta name=\"twitter:label1\" content=\"Napsal(a)\" \/>\n\t<meta name=\"twitter:data1\" content=\"tiskov\u00e1 zpr\u00e1va\" \/>\n\t<meta name=\"twitter:label2\" content=\"Odhadovan\u00e1 doba \u010dten\u00ed\" \/>\n\t<meta name=\"twitter:data2\" content=\"4 minuty\" \/>\n<script type=\"application\/ld+json\" class=\"yoast-schema-graph\">{\"@context\":\"https:\/\/schema.org\",\"@graph\":[{\"@type\":\"Article\",\"@id\":\"https:\/\/www.dakarmania.cz\/index.php\/2020\/09\/07\/macik-v-polsku-druhy\/#article\",\"isPartOf\":{\"@id\":\"https:\/\/www.dakarmania.cz\/index.php\/2020\/09\/07\/macik-v-polsku-druhy\/\"},\"author\":{\"name\":\"tiskov\u00e1 zpr\u00e1va\",\"@id\":\"https:\/\/www.dakarmania.cz\/#\/schema\/person\/bce8d1fe3633b1178e150fc5e340d5dd\"},\"headline\":\"Mac\u00edk vplul do c\u00edle Baja Poland na druh\u00e9m m\u00edst\u011b\",\"datePublished\":\"2020-09-07T15:10:13+00:00\",\"dateModified\":\"2023-03-14T18:46:15+00:00\",\"mainEntityOfPage\":{\"@id\":\"https:\/\/www.dakarmania.cz\/index.php\/2020\/09\/07\/macik-v-polsku-druhy\/\"},\"wordCount\":1075,\"publisher\":{\"@id\":\"https:\/\/www.dakarmania.cz\/#organization\"},\"image\":{\"@id\":\"https:\/\/www.dakarmania.cz\/index.php\/2020\/09\/07\/macik-v-polsku-druhy\/#primaryimage\"},\"thumbnailUrl\":\"https:\/\/www.dakarmania.cz\/wp-content\/uploads\/2020\/09\/20-poland-macik-03.jpg\",\"keywords\":[\"2020\",\"Baja Poland\",\"Baja Poland 2020\",\"Big Shock! Racing\",\"David \u0160vanda\",\"Franti\u0161ek Tom\u00e1\u0161ek\",\"Iveco\",\"Martin Mac\u00edk\",\"Martin Mac\u00edk ml.\"],\"articleSection\":[\"Tiskov\u00e9 zpr\u00e1vy\"],\"inLanguage\":\"cs\"},{\"@type\":\"WebPage\",\"@id\":\"https:\/\/www.dakarmania.cz\/index.php\/2020\/09\/07\/macik-v-polsku-druhy\/\",\"url\":\"https:\/\/www.dakarmania.cz\/index.php\/2020\/09\/07\/macik-v-polsku-druhy\/\",\"name\":\"Mac\u00edk vplul do c\u00edle Baja Poland na druh\u00e9m m\u00edst\u011b - DAKARMANIA.cz\",\"isPartOf\":{\"@id\":\"https:\/\/www.dakarmania.cz\/#website\"},\"primaryImageOfPage\":{\"@id\":\"https:\/\/www.dakarmania.cz\/index.php\/2020\/09\/07\/macik-v-polsku-druhy\/#primaryimage\"},\"image\":{\"@id\":\"https:\/\/www.dakarmania.cz\/index.php\/2020\/09\/07\/macik-v-polsku-druhy\/#primaryimage\"},\"thumbnailUrl\":\"https:\/\/www.dakarmania.cz\/wp-content\/uploads\/2020\/09\/20-poland-macik-03.jpg\",\"datePublished\":\"2020-09-07T15:10:13+00:00\",\"dateModified\":\"2023-03-14T18:46:15+00:00\",\"description\":\"V ned\u011bli dorazily \u010desk\u00e9 kamiony, sestrojen\u00e9 na z\u00e1klad\u011b v\u00fdvoje Martina Mac\u00edka star\u0161\u00edho v sedl\u010dansk\u00fdch d\u00edln\u00e1ch, do c\u00edle Baja Poland.\",\"breadcrumb\":{\"@id\":\"https:\/\/www.dakarmania.cz\/index.php\/2020\/09\/07\/macik-v-polsku-druhy\/#breadcrumb\"},\"inLanguage\":\"cs\",\"potentialAction\":[{\"@type\":\"ReadAction\",\"target\":[\"https:\/\/www.dakarmania.cz\/index.php\/2020\/09\/07\/macik-v-polsku-druhy\/\"]}]},{\"@type\":\"ImageObject\",\"inLanguage\":\"cs\",\"@id\":\"https:\/\/www.dakarmania.cz\/index.php\/2020\/09\/07\/macik-v-polsku-druhy\/#primaryimage\",\"url\":\"https:\/\/www.dakarmania.cz\/wp-content\/uploads\/2020\/09\/20-poland-macik-03.jpg\",\"contentUrl\":\"https:\/\/www.dakarmania.cz\/wp-content\/uploads\/2020\/09\/20-poland-macik-03.jpg\",\"width\":1024,\"height\":683,\"caption\":\"Martin Mac\u00edk ml.\/Franti\u0161ek Tom\u00e1\u0161ek\/David \u0160vanda, Iveco Powerstar, Big Shock! Racing. Baja Poland 2020. \u00a9 Big Shock! Racing\"},{\"@type\":\"BreadcrumbList\",\"@id\":\"https:\/\/www.dakarmania.cz\/index.php\/2020\/09\/07\/macik-v-polsku-druhy\/#breadcrumb\",\"itemListElement\":[{\"@type\":\"ListItem\",\"position\":1,\"name\":\"Dom\u016f\",\"item\":\"https:\/\/www.dakarmania.cz\/\"},{\"@type\":\"ListItem\",\"position\":2,\"name\":\"Mac\u00edk vplul do c\u00edle Baja Poland na druh\u00e9m m\u00edst\u011b\"}]},{\"@type\":\"WebSite\",\"@id\":\"https:\/\/www.dakarmania.cz\/#website\",\"url\":\"https:\/\/www.dakarmania.cz\/\",\"name\":\"DAKARMANIA.cz\",\"description\":\"\u017dijeme Dakarem cel\u00fd rok\",\"publisher\":{\"@id\":\"https:\/\/www.dakarmania.cz\/#organization\"},\"potentialAction\":[{\"@type\":\"SearchAction\",\"target\":{\"@type\":\"EntryPoint\",\"urlTemplate\":\"https:\/\/www.dakarmania.cz\/?s={search_term_string}\"},\"query-input\":{\"@type\":\"PropertyValueSpecification\",\"valueRequired\":true,\"valueName\":\"search_term_string\"}}],\"inLanguage\":\"cs\"},{\"@type\":\"Organization\",\"@id\":\"https:\/\/www.dakarmania.cz\/#organization\",\"name\":\"DAKAR MANIA\",\"url\":\"https:\/\/www.dakarmania.cz\/\",\"logo\":{\"@type\":\"ImageObject\",\"inLanguage\":\"cs\",\"@id\":\"https:\/\/www.dakarmania.cz\/#\/schema\/logo\/image\/\",\"url\":\"https:\/\/www.dakarmania.cz\/wp-content\/uploads\/2018\/12\/Dakar-Mania-Logo-Square-Orange.png\",\"contentUrl\":\"https:\/\/www.dakarmania.cz\/wp-content\/uploads\/2018\/12\/Dakar-Mania-Logo-Square-Orange.png\",\"width\":992,\"height\":992,\"caption\":\"DAKAR MANIA\"},\"image\":{\"@id\":\"https:\/\/www.dakarmania.cz\/#\/schema\/logo\/image\/\"},\"sameAs\":[\"https:\/\/www.facebook.com\/dakarmania\/\"]},{\"@type\":\"Person\",\"@id\":\"https:\/\/www.dakarmania.cz\/#\/schema\/person\/bce8d1fe3633b1178e150fc5e340d5dd\",\"name\":\"tiskov\u00e1 zpr\u00e1va\",\"image\":{\"@type\":\"ImageObject\",\"inLanguage\":\"cs\",\"@id\":\"https:\/\/www.dakarmania.cz\/#\/schema\/person\/image\/\",\"url\":\"https:\/\/secure.gravatar.com\/avatar\/19aefcb6c7bfae691fca4d805686c670f59bb4f7414c7b398b88dc9c8f4e96d5?s=96&d=mm&r=g\",\"contentUrl\":\"https:\/\/secure.gravatar.com\/avatar\/19aefcb6c7bfae691fca4d805686c670f59bb4f7414c7b398b88dc9c8f4e96d5?s=96&d=mm&r=g\",\"caption\":\"tiskov\u00e1 zpr\u00e1va\"},\"url\":\"https:\/\/www.dakarmania.cz\/index.php\/author\/tiskovezpravy\/\"}]}<\/script>\n<!-- \/ Yoast SEO plugin. -->","yoast_head_json":{"title":"Mac\u00edk vplul do c\u00edle Baja Poland na druh\u00e9m m\u00edst\u011b - DAKARMANIA.cz","description":"V ned\u011bli dorazily \u010desk\u00e9 kamiony, sestrojen\u00e9 na z\u00e1klad\u011b v\u00fdvoje Martina Mac\u00edka star\u0161\u00edho v sedl\u010dansk\u00fdch d\u00edln\u00e1ch, do c\u00edle Baja Poland.","robots":{"index":"index","follow":"follow","max-snippet":"max-snippet:-1","max-image-preview":"max-image-preview:large","max-video-preview":"max-video-preview:-1"},"canonical":"https:\/\/www.dakarmania.cz\/index.php\/2020\/09\/07\/macik-v-polsku-druhy\/","og_locale":"cs_CZ","og_type":"article","og_title":"Mac\u00edk vplul do c\u00edle Baja Poland na druh\u00e9m m\u00edst\u011b - DAKARMANIA.cz","og_description":"V ned\u011bli dorazily \u010desk\u00e9 kamiony, sestrojen\u00e9 na z\u00e1klad\u011b v\u00fdvoje Martina Mac\u00edka star\u0161\u00edho v sedl\u010dansk\u00fdch d\u00edln\u00e1ch, do c\u00edle Baja Poland.","og_url":"https:\/\/www.dakarmania.cz\/index.php\/2020\/09\/07\/macik-v-polsku-druhy\/","og_site_name":"DAKARMANIA.cz","article_publisher":"https:\/\/www.facebook.com\/dakarmania\/","article_published_time":"2020-09-07T15:10:13+00:00","article_modified_time":"2023-03-14T18:46:15+00:00","og_image":[{"width":1024,"height":683,"url":"https:\/\/www.dakarmania.cz\/wp-content\/uploads\/2020\/09\/20-poland-macik-03.jpg","type":"image\/jpeg"}],"author":"tiskov\u00e1 zpr\u00e1va","twitter_card":"summary_large_image","twitter_misc":{"Napsal(a)":"tiskov\u00e1 zpr\u00e1va","Odhadovan\u00e1 doba \u010dten\u00ed":"4 minuty"},"schema":{"@context":"https:\/\/schema.org","@graph":[{"@type":"Article","@id":"https:\/\/www.dakarmania.cz\/index.php\/2020\/09\/07\/macik-v-polsku-druhy\/#article","isPartOf":{"@id":"https:\/\/www.dakarmania.cz\/index.php\/2020\/09\/07\/macik-v-polsku-druhy\/"},"author":{"name":"tiskov\u00e1 zpr\u00e1va","@id":"https:\/\/www.dakarmania.cz\/#\/schema\/person\/bce8d1fe3633b1178e150fc5e340d5dd"},"headline":"Mac\u00edk vplul do c\u00edle Baja Poland na druh\u00e9m m\u00edst\u011b","datePublished":"2020-09-07T15:10:13+00:00","dateModified":"2023-03-14T18:46:15+00:00","mainEntityOfPage":{"@id":"https:\/\/www.dakarmania.cz\/index.php\/2020\/09\/07\/macik-v-polsku-druhy\/"},"wordCount":1075,"publisher":{"@id":"https:\/\/www.dakarmania.cz\/#organization"},"image":{"@id":"https:\/\/www.dakarmania.cz\/index.php\/2020\/09\/07\/macik-v-polsku-druhy\/#primaryimage"},"thumbnailUrl":"https:\/\/www.dakarmania.cz\/wp-content\/uploads\/2020\/09\/20-poland-macik-03.jpg","keywords":["2020","Baja Poland","Baja Poland 2020","Big Shock! Racing","David \u0160vanda","Franti\u0161ek Tom\u00e1\u0161ek","Iveco","Martin Mac\u00edk","Martin Mac\u00edk ml."],"articleSection":["Tiskov\u00e9 zpr\u00e1vy"],"inLanguage":"cs"},{"@type":"WebPage","@id":"https:\/\/www.dakarmania.cz\/index.php\/2020\/09\/07\/macik-v-polsku-druhy\/","url":"https:\/\/www.dakarmania.cz\/index.php\/2020\/09\/07\/macik-v-polsku-druhy\/","name":"Mac\u00edk vplul do c\u00edle Baja Poland na druh\u00e9m m\u00edst\u011b - DAKARMANIA.cz","isPartOf":{"@id":"https:\/\/www.dakarmania.cz\/#website"},"primaryImageOfPage":{"@id":"https:\/\/www.dakarmania.cz\/index.php\/2020\/09\/07\/macik-v-polsku-druhy\/#primaryimage"},"image":{"@id":"https:\/\/www.dakarmania.cz\/index.php\/2020\/09\/07\/macik-v-polsku-druhy\/#primaryimage"},"thumbnailUrl":"https:\/\/www.dakarmania.cz\/wp-content\/uploads\/2020\/09\/20-poland-macik-03.jpg","datePublished":"2020-09-07T15:10:13+00:00","dateModified":"2023-03-14T18:46:15+00:00","description":"V ned\u011bli dorazily \u010desk\u00e9 kamiony, sestrojen\u00e9 na z\u00e1klad\u011b v\u00fdvoje Martina Mac\u00edka star\u0161\u00edho v sedl\u010dansk\u00fdch d\u00edln\u00e1ch, do c\u00edle Baja Poland.","breadcrumb":{"@id":"https:\/\/www.dakarmania.cz\/index.php\/2020\/09\/07\/macik-v-polsku-druhy\/#breadcrumb"},"inLanguage":"cs","potentialAction":[{"@type":"ReadAction","target":["https:\/\/www.dakarmania.cz\/index.php\/2020\/09\/07\/macik-v-polsku-druhy\/"]}]},{"@type":"ImageObject","inLanguage":"cs","@id":"https:\/\/www.dakarmania.cz\/index.php\/2020\/09\/07\/macik-v-polsku-druhy\/#primaryimage","url":"https:\/\/www.dakarmania.cz\/wp-content\/uploads\/2020\/09\/20-poland-macik-03.jpg","contentUrl":"https:\/\/www.dakarmania.cz\/wp-content\/uploads\/2020\/09\/20-poland-macik-03.jpg","width":1024,"height":683,"caption":"Martin Mac\u00edk ml.\/Franti\u0161ek Tom\u00e1\u0161ek\/David \u0160vanda, Iveco Powerstar, Big Shock! Racing. Baja Poland 2020. \u00a9 Big Shock! Racing"},{"@type":"BreadcrumbList","@id":"https:\/\/www.dakarmania.cz\/index.php\/2020\/09\/07\/macik-v-polsku-druhy\/#breadcrumb","itemListElement":[{"@type":"ListItem","position":1,"name":"Dom\u016f","item":"https:\/\/www.dakarmania.cz\/"},{"@type":"ListItem","position":2,"name":"Mac\u00edk vplul do c\u00edle Baja Poland na druh\u00e9m m\u00edst\u011b"}]},{"@type":"WebSite","@id":"https:\/\/www.dakarmania.cz\/#website","url":"https:\/\/www.dakarmania.cz\/","name":"DAKARMANIA.cz","description":"\u017dijeme Dakarem cel\u00fd rok","publisher":{"@id":"https:\/\/www.dakarmania.cz\/#organization"},"potentialAction":[{"@type":"SearchAction","target":{"@type":"EntryPoint","urlTemplate":"https:\/\/www.dakarmania.cz\/?s={search_term_string}"},"query-input":{"@type":"PropertyValueSpecification","valueRequired":true,"valueName":"search_term_string"}}],"inLanguage":"cs"},{"@type":"Organization","@id":"https:\/\/www.dakarmania.cz\/#organization","name":"DAKAR MANIA","url":"https:\/\/www.dakarmania.cz\/","logo":{"@type":"ImageObject","inLanguage":"cs","@id":"https:\/\/www.dakarmania.cz\/#\/schema\/logo\/image\/","url":"https:\/\/www.dakarmania.cz\/wp-content\/uploads\/2018\/12\/Dakar-Mania-Logo-Square-Orange.png","contentUrl":"https:\/\/www.dakarmania.cz\/wp-content\/uploads\/2018\/12\/Dakar-Mania-Logo-Square-Orange.png","width":992,"height":992,"caption":"DAKAR MANIA"},"image":{"@id":"https:\/\/www.dakarmania.cz\/#\/schema\/logo\/image\/"},"sameAs":["https:\/\/www.facebook.com\/dakarmania\/"]},{"@type":"Person","@id":"https:\/\/www.dakarmania.cz\/#\/schema\/person\/bce8d1fe3633b1178e150fc5e340d5dd","name":"tiskov\u00e1 zpr\u00e1va","image":{"@type":"ImageObject","inLanguage":"cs","@id":"https:\/\/www.dakarmania.cz\/#\/schema\/person\/image\/","url":"https:\/\/secure.gravatar.com\/avatar\/19aefcb6c7bfae691fca4d805686c670f59bb4f7414c7b398b88dc9c8f4e96d5?s=96&d=mm&r=g","contentUrl":"https:\/\/secure.gravatar.com\/avatar\/19aefcb6c7bfae691fca4d805686c670f59bb4f7414c7b398b88dc9c8f4e96d5?s=96&d=mm&r=g","caption":"tiskov\u00e1 zpr\u00e1va"},"url":"https:\/\/www.dakarmania.cz\/index.php\/author\/tiskovezpravy\/"}]}},"amp_enabled":true,"_links":{"self":[{"href":"https:\/\/www.dakarmania.cz\/index.php\/wp-json\/wp\/v2\/posts\/16663","targetHints":{"allow":["GET"]}}],"collection":[{"href":"https:\/\/www.dakarmania.cz\/index.php\/wp-json\/wp\/v2\/posts"}],"about":[{"href":"https:\/\/www.dakarmania.cz\/index.php\/wp-json\/wp\/v2\/types\/post"}],"author":[{"embeddable":true,"href":"https:\/\/www.dakarmania.cz\/index.php\/wp-json\/wp\/v2\/users\/3"}],"replies":[{"embeddable":true,"href":"https:\/\/www.dakarmania.cz\/index.php\/wp-json\/wp\/v2\/comments?post=16663"}],"version-history":[{"count":1,"href":"https:\/\/www.dakarmania.cz\/index.php\/wp-json\/wp\/v2\/posts\/16663\/revisions"}],"predecessor-version":[{"id":16664,"href":"https:\/\/www.dakarmania.cz\/index.php\/wp-json\/wp\/v2\/posts\/16663\/revisions\/16664"}],"wp:featuredmedia":[{"embeddable":true,"href":"https:\/\/www.dakarmania.cz\/index.php\/wp-json\/wp\/v2\/media\/16660"}],"wp:attachment":[{"href":"https:\/\/www.dakarmania.cz\/index.php\/wp-json\/wp\/v2\/media?parent=16663"}],"wp:term":[{"taxonomy":"category","embeddable":true,"href":"https:\/\/www.dakarmania.cz\/index.php\/wp-json\/wp\/v2\/categories?post=16663"},{"taxonomy":"post_tag","embeddable":true,"href":"https:\/\/www.dakarmania.cz\/index.php\/wp-json\/wp\/v2\/tags?post=16663"}],"curies":[{"name":"wp","href":"https:\/\/api.w.org\/{rel}","templated":true}]}}