{"id":1669,"date":"2019-01-10T10:30:48","date_gmt":"2019-01-10T10:30:48","guid":{"rendered":"https:\/\/www.dakarmania.cz\/?p=1669"},"modified":"2019-03-19T13:53:07","modified_gmt":"2019-03-19T12:53:07","slug":"martin-macik-na-kazdem-kilometru-nejaka-svinarna","status":"publish","type":"post","link":"https:\/\/www.dakarmania.cz\/index.php\/2019\/01\/10\/martin-macik-na-kazdem-kilometru-nejaka-svinarna\/","title":{"rendered":"Martin Mac\u00edk: Na ka\u017ed\u00e9m kilometru n\u011bjak\u00e1 svi\u0148\u00e1rna"},"content":{"rendered":"<p>[vc_row][vc_column][vc_column_text]<\/p>\n<h4>Martin Mac\u00edk s Franti\u0161kem Tom\u00e1\u0161kem a Luk\u00e1\u0161em Kalankou v kamionu Liaz dojeli do c\u00edle extr\u00e9mn\u011b n\u00e1ro\u010dn\u00e9 t\u0159et\u00ed etapy Rally Dakar 2019 na v\u00fdborn\u00e9m p\u00e1t\u00e9m m\u00edst\u011b a stejnou pozici dr\u017e\u00ed pos\u00e1dka i v celkov\u00e9m hodnocen\u00ed. \u00dasp\u011b\u0161nou misi nep\u0159ekazilo ani n\u011bkolik zd\u00e1nliv\u011b bezv\u00fdchodn\u00fdch moment\u016f, kter\u00e9 z\u00e1vodn\u00edci na trati za\u017eili.<\/h4>\n<p>Kdy\u017e se <strong>Martin Mac\u00edk<\/strong> hl\u00e1sil z p\u0159ejezdu po dokon\u010den\u00ed t\u0159et\u00ed etapy, zn\u011bl hodn\u011b pobaven\u011b: <em>\u201eByl to o\u010distec, ale zvl\u00e1dli jsme to. Prost\u011b, na ka\u017ed\u00e9m kilometru na n\u00e1s \u010dekala n\u011bjak\u00e1 svi\u0148\u00e1rna. V\u00fdjezd, d\u00edra, schod, poka\u017ed\u00e9 n\u011bco. Ale sna\u017eili jsme se, v\u011b\u0159ili si a v\u017edycky si n\u011bjak poradili.\u201c<\/em><\/p>\n<p>T\u0159et\u00ed etapa byla pestr\u00e1, vedla obrovsk\u00fdmi fe\u0161-fe\u0161 pl\u00e1n\u011bmi, kde se let\u00ed po rovin\u011b a auta dost\u00e1vaj\u00ed zabrat, p\u0159es vysok\u00e9 duny, pln\u00e9 zapadl\u00fdch z\u00e1vodn\u00edk\u016f, a\u017e k \u0159e\u010di\u0161t\u00edm a skal\u00e1m se spoustou kamen\u016f. Tra\u0165 byla rychl\u00e1, t\u0159ikr\u00e1t nebo \u010dty\u0159ikr\u00e1t pos\u00e1dky vyjely do 2000 metr\u016f nad mo\u0159em a pak zase sjely zp\u00e1tky. L\u00e9talo se vzduchem.<\/p>\n<p><em>\u201eN\u011bkolikr\u00e1t jsme se zakopali, vypadalo to, \u017ee se nedostaneme ven, a nakonec jsme vyv\u00e1zli relativn\u011b snadno. Jeli jsme \u010d\u00e1st etapy za Villagrou, ale j\u00e1 jsem pak ud\u011blal chybku, kdy\u017e jsme sj\u00ed\u017ed\u011bli dunu a pot\u0159ebovali zahnout doprava. Po\u0159\u00e1d jsme m\u011bli n\u00e1klon a dole bylo dvoumetrov\u00e9 \u0159e\u010di\u0161t\u011b a d\u00edra. Bylo to sypk\u00e9, j\u00e1 nem\u011bl rychlost, tak jsme spadli do toho \u0159e\u010di\u0161t\u011b. Franta si skoro lehnul, tak\u017ee jsme podfukovali, musel jsem se oto\u010dit&#8230; Kdyby to bylo nato\u010den\u00e9, tak nikdo neuv\u011b\u0159\u00ed, \u017ee se z toho dostaneme. Ale poda\u0159ilo se. Sv\u00e9pomoc\u00ed. \u0160li jsme ven, s rozvahou se pod\u00edvali, co a jak, a povedlo se,\u201c<\/em> popsal jeden ze st\u0159ede\u010dn\u00edch man\u00e9vr\u016f pilot t\u00fdmu Big Shock Racing.[\/vc_column_text][vc_video link=&#8221;https:\/\/youtu.be\/LVpfVgxRpqs&#8221; align=&#8221;center&#8221;][vc_column_text]I p\u0159es n\u00e1ro\u010dnost trat\u011b se zd\u00e1, \u017ee Franta, kamion Martina Mac\u00edka, p\u0159est\u00e1l etapu bez v\u00e1\u017en\u011bj\u0161\u00ed \u00fahony.<\/p>\n<p><em>\u201eM\u00e1me prolomen\u00fd cel\u00fd p\u0159edn\u00ed n\u00e1razn\u00edk, proto\u017ee jsme \u201anabo\u0159ili\u2018 dunu p\u0159i jednom sjezdu a dole byla obrovsk\u00e1 d\u00edra, tak\u017ee jsme dostali r\u00e1nu. Asi bude trochu pochrouman\u00fd bok, jak jsme zapadli do \u0159e\u010di\u0161t\u011b, ale jinak dobr\u00e9, Franta jede super,\u201c<\/em> zhodnotil Mac\u00edk.<\/p>\n<p>Jist\u00e9 je, \u017ee mechanici tentokr\u00e1t nem\u011bli klidnou noc. Na z\u00e1vodn\u00edky toti\u017e ve \u010dtvrtek a v p\u00e1tek \u010dek\u00e1 maratonsk\u00e1 etapa. Jezdci budou tr\u00e1vit n\u00e1sleduj\u00edc\u00ed noc bez pomoci sv\u00fdch t\u00fdm\u016f. Proto je dobr\u00e9 m\u00edt z\u00e1vodn\u00ed stroj v co nejlep\u0161\u00edm po\u0159\u00e1dku.<\/p>\n<p>&nbsp;<\/p>\n<p>Zdroj: tiskov\u00e1 zpr\u00e1va Big Shock Racing Teamu[\/vc_column_text][\/vc_column][\/vc_row]<\/p>\n","protected":false},"excerpt":{"rendered":"<p>[vc_row][vc_column][vc_column_text] Martin Mac\u00edk s Franti\u0161kem Tom\u00e1\u0161kem a Luk\u00e1\u0161em Kalankou v kamionu Liaz dojeli do c\u00edle extr\u00e9mn\u011b n\u00e1ro\u010dn\u00e9 t\u0159et\u00ed etapy Rally Dakar 2019 na v\u00fdborn\u00e9m p\u00e1t\u00e9m m\u00edst\u011b a stejnou pozici dr\u017e\u00ed pos\u00e1dka i v celkov\u00e9m hodnocen\u00ed. \u00dasp\u011b\u0161nou misi nep\u0159ekazilo ani n\u011bkolik zd\u00e1nliv\u011b bezv\u00fdchodn\u00fdch moment\u016f, kter\u00e9 z\u00e1vodn\u00edci na trati za\u017eili. Kdy\u017e se Martin Mac\u00edk hl\u00e1sil z p\u0159ejezdu [&hellip;]<\/p>\n","protected":false},"author":3,"featured_media":1668,"comment_status":"open","ping_status":"closed","sticky":false,"template":"","format":"standard","meta":{"footnotes":""},"categories":[637],"tags":[111,8,9,117,112,116,114],"class_list":["post-1669","post","type-post","status-publish","format-standard","has-post-thumbnail","hentry","category-tiskove-zpravy","tag-big-shock-racing","tag-dakar","tag-dakar-2019","tag-frantisek-tomasek","tag-liaz","tag-lukas-kalanka","tag-martin-macik-ml"],"yoast_head":"<!-- This site is optimized with the Yoast SEO plugin v24.9 - https:\/\/yoast.com\/wordpress\/plugins\/seo\/ -->\n<title>Martin Mac\u00edk: Na ka\u017ed\u00e9m kilometru n\u011bjak\u00e1 svi\u0148\u00e1rna - DAKARMANIA.cz<\/title>\n<meta name=\"description\" content=\"Martin Mac\u00edk s Franti\u0161kem Tom\u00e1\u0161kem a Luk\u00e1\u0161em Kalankou v kamionu Liaz dojeli do c\u00edle extr\u00e9mn\u011b n\u00e1ro\u010dn\u00e9 t\u0159et\u00ed etapy Rally Dakar 2019 na v\u00fdborn\u00e9m p\u00e1t\u00e9m m\u00edst\u011b.\" \/>\n<meta name=\"robots\" content=\"index, follow, max-snippet:-1, max-image-preview:large, max-video-preview:-1\" \/>\n<link rel=\"canonical\" href=\"https:\/\/www.dakarmania.cz\/index.php\/2019\/01\/10\/martin-macik-na-kazdem-kilometru-nejaka-svinarna\/\" \/>\n<meta property=\"og:locale\" content=\"cs_CZ\" \/>\n<meta property=\"og:type\" content=\"article\" \/>\n<meta property=\"og:title\" content=\"Martin Mac\u00edk: Na ka\u017ed\u00e9m kilometru n\u011bjak\u00e1 svi\u0148\u00e1rna - DAKARMANIA.cz\" \/>\n<meta property=\"og:description\" content=\"Martin Mac\u00edk s Franti\u0161kem Tom\u00e1\u0161kem a Luk\u00e1\u0161em Kalankou v kamionu Liaz dojeli do c\u00edle extr\u00e9mn\u011b n\u00e1ro\u010dn\u00e9 t\u0159et\u00ed etapy Rally Dakar 2019 na v\u00fdborn\u00e9m p\u00e1t\u00e9m m\u00edst\u011b.\" \/>\n<meta property=\"og:url\" content=\"https:\/\/www.dakarmania.cz\/index.php\/2019\/01\/10\/martin-macik-na-kazdem-kilometru-nejaka-svinarna\/\" \/>\n<meta property=\"og:site_name\" content=\"DAKARMANIA.cz\" \/>\n<meta property=\"article:publisher\" content=\"https:\/\/www.facebook.com\/dakarmania\/\" \/>\n<meta property=\"article:published_time\" content=\"2019-01-10T10:30:48+00:00\" \/>\n<meta property=\"article:modified_time\" content=\"2019-03-19T12:53:07+00:00\" \/>\n<meta property=\"og:image\" content=\"https:\/\/www.dakarmania.cz\/wp-content\/uploads\/2019\/01\/19-dakar-macik04.jpg\" \/>\n\t<meta property=\"og:image:width\" content=\"2048\" \/>\n\t<meta property=\"og:image:height\" content=\"1365\" \/>\n\t<meta property=\"og:image:type\" content=\"image\/jpeg\" \/>\n<meta name=\"author\" content=\"tiskov\u00e1 zpr\u00e1va\" \/>\n<meta name=\"twitter:card\" content=\"summary_large_image\" \/>\n<meta name=\"twitter:label1\" content=\"Napsal(a)\" \/>\n\t<meta name=\"twitter:data1\" content=\"tiskov\u00e1 zpr\u00e1va\" \/>\n\t<meta name=\"twitter:label2\" content=\"Odhadovan\u00e1 doba \u010dten\u00ed\" \/>\n\t<meta name=\"twitter:data2\" content=\"3 minuty\" \/>\n<script type=\"application\/ld+json\" class=\"yoast-schema-graph\">{\"@context\":\"https:\/\/schema.org\",\"@graph\":[{\"@type\":\"Article\",\"@id\":\"https:\/\/www.dakarmania.cz\/index.php\/2019\/01\/10\/martin-macik-na-kazdem-kilometru-nejaka-svinarna\/#article\",\"isPartOf\":{\"@id\":\"https:\/\/www.dakarmania.cz\/index.php\/2019\/01\/10\/martin-macik-na-kazdem-kilometru-nejaka-svinarna\/\"},\"author\":{\"name\":\"tiskov\u00e1 zpr\u00e1va\",\"@id\":\"https:\/\/www.dakarmania.cz\/#\/schema\/person\/bce8d1fe3633b1178e150fc5e340d5dd\"},\"headline\":\"Martin Mac\u00edk: Na ka\u017ed\u00e9m kilometru n\u011bjak\u00e1 svi\u0148\u00e1rna\",\"datePublished\":\"2019-01-10T10:30:48+00:00\",\"dateModified\":\"2019-03-19T12:53:07+00:00\",\"mainEntityOfPage\":{\"@id\":\"https:\/\/www.dakarmania.cz\/index.php\/2019\/01\/10\/martin-macik-na-kazdem-kilometru-nejaka-svinarna\/\"},\"wordCount\":525,\"commentCount\":0,\"publisher\":{\"@id\":\"https:\/\/www.dakarmania.cz\/#organization\"},\"image\":{\"@id\":\"https:\/\/www.dakarmania.cz\/index.php\/2019\/01\/10\/martin-macik-na-kazdem-kilometru-nejaka-svinarna\/#primaryimage\"},\"thumbnailUrl\":\"https:\/\/www.dakarmania.cz\/wp-content\/uploads\/2019\/01\/19-dakar-macik04.jpg\",\"keywords\":[\"Big Shock! Racing\",\"Dakar\",\"Dakar 2019\",\"Franti\u0161ek Tom\u00e1\u0161ek\",\"Liaz\",\"Luk\u00e1\u0161 Kalanka\",\"Martin Mac\u00edk ml.\"],\"articleSection\":[\"Tiskov\u00e9 zpr\u00e1vy\"],\"inLanguage\":\"cs\",\"potentialAction\":[{\"@type\":\"CommentAction\",\"name\":\"Comment\",\"target\":[\"https:\/\/www.dakarmania.cz\/index.php\/2019\/01\/10\/martin-macik-na-kazdem-kilometru-nejaka-svinarna\/#respond\"]}]},{\"@type\":\"WebPage\",\"@id\":\"https:\/\/www.dakarmania.cz\/index.php\/2019\/01\/10\/martin-macik-na-kazdem-kilometru-nejaka-svinarna\/\",\"url\":\"https:\/\/www.dakarmania.cz\/index.php\/2019\/01\/10\/martin-macik-na-kazdem-kilometru-nejaka-svinarna\/\",\"name\":\"Martin Mac\u00edk: Na ka\u017ed\u00e9m kilometru n\u011bjak\u00e1 svi\u0148\u00e1rna - DAKARMANIA.cz\",\"isPartOf\":{\"@id\":\"https:\/\/www.dakarmania.cz\/#website\"},\"primaryImageOfPage\":{\"@id\":\"https:\/\/www.dakarmania.cz\/index.php\/2019\/01\/10\/martin-macik-na-kazdem-kilometru-nejaka-svinarna\/#primaryimage\"},\"image\":{\"@id\":\"https:\/\/www.dakarmania.cz\/index.php\/2019\/01\/10\/martin-macik-na-kazdem-kilometru-nejaka-svinarna\/#primaryimage\"},\"thumbnailUrl\":\"https:\/\/www.dakarmania.cz\/wp-content\/uploads\/2019\/01\/19-dakar-macik04.jpg\",\"datePublished\":\"2019-01-10T10:30:48+00:00\",\"dateModified\":\"2019-03-19T12:53:07+00:00\",\"description\":\"Martin Mac\u00edk s Franti\u0161kem Tom\u00e1\u0161kem a Luk\u00e1\u0161em Kalankou v kamionu Liaz dojeli do c\u00edle extr\u00e9mn\u011b n\u00e1ro\u010dn\u00e9 t\u0159et\u00ed etapy Rally Dakar 2019 na v\u00fdborn\u00e9m p\u00e1t\u00e9m m\u00edst\u011b.\",\"breadcrumb\":{\"@id\":\"https:\/\/www.dakarmania.cz\/index.php\/2019\/01\/10\/martin-macik-na-kazdem-kilometru-nejaka-svinarna\/#breadcrumb\"},\"inLanguage\":\"cs\",\"potentialAction\":[{\"@type\":\"ReadAction\",\"target\":[\"https:\/\/www.dakarmania.cz\/index.php\/2019\/01\/10\/martin-macik-na-kazdem-kilometru-nejaka-svinarna\/\"]}]},{\"@type\":\"ImageObject\",\"inLanguage\":\"cs\",\"@id\":\"https:\/\/www.dakarmania.cz\/index.php\/2019\/01\/10\/martin-macik-na-kazdem-kilometru-nejaka-svinarna\/#primaryimage\",\"url\":\"https:\/\/www.dakarmania.cz\/wp-content\/uploads\/2019\/01\/19-dakar-macik04.jpg\",\"contentUrl\":\"https:\/\/www.dakarmania.cz\/wp-content\/uploads\/2019\/01\/19-dakar-macik04.jpg\",\"width\":2048,\"height\":1365,\"caption\":\"Martin Mac\u00edk Jr.\/Franti\u0161ek Tom\u00e1\u0161ek\/Luk\u00e1\u0161 Kalanka, Liaz 111.154, Big Shock Racing. Rally Dakar 2019. \u00a9 Big Shock Racing\"},{\"@type\":\"BreadcrumbList\",\"@id\":\"https:\/\/www.dakarmania.cz\/index.php\/2019\/01\/10\/martin-macik-na-kazdem-kilometru-nejaka-svinarna\/#breadcrumb\",\"itemListElement\":[{\"@type\":\"ListItem\",\"position\":1,\"name\":\"Dom\u016f\",\"item\":\"https:\/\/www.dakarmania.cz\/\"},{\"@type\":\"ListItem\",\"position\":2,\"name\":\"Martin Mac\u00edk: Na ka\u017ed\u00e9m kilometru n\u011bjak\u00e1 svi\u0148\u00e1rna\"}]},{\"@type\":\"WebSite\",\"@id\":\"https:\/\/www.dakarmania.cz\/#website\",\"url\":\"https:\/\/www.dakarmania.cz\/\",\"name\":\"DAKARMANIA.cz\",\"description\":\"\u017dijeme Dakarem cel\u00fd rok\",\"publisher\":{\"@id\":\"https:\/\/www.dakarmania.cz\/#organization\"},\"potentialAction\":[{\"@type\":\"SearchAction\",\"target\":{\"@type\":\"EntryPoint\",\"urlTemplate\":\"https:\/\/www.dakarmania.cz\/?s={search_term_string}\"},\"query-input\":{\"@type\":\"PropertyValueSpecification\",\"valueRequired\":true,\"valueName\":\"search_term_string\"}}],\"inLanguage\":\"cs\"},{\"@type\":\"Organization\",\"@id\":\"https:\/\/www.dakarmania.cz\/#organization\",\"name\":\"DAKAR MANIA\",\"url\":\"https:\/\/www.dakarmania.cz\/\",\"logo\":{\"@type\":\"ImageObject\",\"inLanguage\":\"cs\",\"@id\":\"https:\/\/www.dakarmania.cz\/#\/schema\/logo\/image\/\",\"url\":\"https:\/\/www.dakarmania.cz\/wp-content\/uploads\/2018\/12\/Dakar-Mania-Logo-Square-Orange.png\",\"contentUrl\":\"https:\/\/www.dakarmania.cz\/wp-content\/uploads\/2018\/12\/Dakar-Mania-Logo-Square-Orange.png\",\"width\":992,\"height\":992,\"caption\":\"DAKAR MANIA\"},\"image\":{\"@id\":\"https:\/\/www.dakarmania.cz\/#\/schema\/logo\/image\/\"},\"sameAs\":[\"https:\/\/www.facebook.com\/dakarmania\/\"]},{\"@type\":\"Person\",\"@id\":\"https:\/\/www.dakarmania.cz\/#\/schema\/person\/bce8d1fe3633b1178e150fc5e340d5dd\",\"name\":\"tiskov\u00e1 zpr\u00e1va\",\"image\":{\"@type\":\"ImageObject\",\"inLanguage\":\"cs\",\"@id\":\"https:\/\/www.dakarmania.cz\/#\/schema\/person\/image\/\",\"url\":\"https:\/\/secure.gravatar.com\/avatar\/19aefcb6c7bfae691fca4d805686c670f59bb4f7414c7b398b88dc9c8f4e96d5?s=96&d=mm&r=g\",\"contentUrl\":\"https:\/\/secure.gravatar.com\/avatar\/19aefcb6c7bfae691fca4d805686c670f59bb4f7414c7b398b88dc9c8f4e96d5?s=96&d=mm&r=g\",\"caption\":\"tiskov\u00e1 zpr\u00e1va\"},\"url\":\"https:\/\/www.dakarmania.cz\/index.php\/author\/tiskovezpravy\/\"}]}<\/script>\n<!-- \/ Yoast SEO plugin. -->","yoast_head_json":{"title":"Martin Mac\u00edk: Na ka\u017ed\u00e9m kilometru n\u011bjak\u00e1 svi\u0148\u00e1rna - DAKARMANIA.cz","description":"Martin Mac\u00edk s Franti\u0161kem Tom\u00e1\u0161kem a Luk\u00e1\u0161em Kalankou v kamionu Liaz dojeli do c\u00edle extr\u00e9mn\u011b n\u00e1ro\u010dn\u00e9 t\u0159et\u00ed etapy Rally Dakar 2019 na v\u00fdborn\u00e9m p\u00e1t\u00e9m m\u00edst\u011b.","robots":{"index":"index","follow":"follow","max-snippet":"max-snippet:-1","max-image-preview":"max-image-preview:large","max-video-preview":"max-video-preview:-1"},"canonical":"https:\/\/www.dakarmania.cz\/index.php\/2019\/01\/10\/martin-macik-na-kazdem-kilometru-nejaka-svinarna\/","og_locale":"cs_CZ","og_type":"article","og_title":"Martin Mac\u00edk: Na ka\u017ed\u00e9m kilometru n\u011bjak\u00e1 svi\u0148\u00e1rna - DAKARMANIA.cz","og_description":"Martin Mac\u00edk s Franti\u0161kem Tom\u00e1\u0161kem a Luk\u00e1\u0161em Kalankou v kamionu Liaz dojeli do c\u00edle extr\u00e9mn\u011b n\u00e1ro\u010dn\u00e9 t\u0159et\u00ed etapy Rally Dakar 2019 na v\u00fdborn\u00e9m p\u00e1t\u00e9m m\u00edst\u011b.","og_url":"https:\/\/www.dakarmania.cz\/index.php\/2019\/01\/10\/martin-macik-na-kazdem-kilometru-nejaka-svinarna\/","og_site_name":"DAKARMANIA.cz","article_publisher":"https:\/\/www.facebook.com\/dakarmania\/","article_published_time":"2019-01-10T10:30:48+00:00","article_modified_time":"2019-03-19T12:53:07+00:00","og_image":[{"width":2048,"height":1365,"url":"https:\/\/www.dakarmania.cz\/wp-content\/uploads\/2019\/01\/19-dakar-macik04.jpg","type":"image\/jpeg"}],"author":"tiskov\u00e1 zpr\u00e1va","twitter_card":"summary_large_image","twitter_misc":{"Napsal(a)":"tiskov\u00e1 zpr\u00e1va","Odhadovan\u00e1 doba \u010dten\u00ed":"3 minuty"},"schema":{"@context":"https:\/\/schema.org","@graph":[{"@type":"Article","@id":"https:\/\/www.dakarmania.cz\/index.php\/2019\/01\/10\/martin-macik-na-kazdem-kilometru-nejaka-svinarna\/#article","isPartOf":{"@id":"https:\/\/www.dakarmania.cz\/index.php\/2019\/01\/10\/martin-macik-na-kazdem-kilometru-nejaka-svinarna\/"},"author":{"name":"tiskov\u00e1 zpr\u00e1va","@id":"https:\/\/www.dakarmania.cz\/#\/schema\/person\/bce8d1fe3633b1178e150fc5e340d5dd"},"headline":"Martin Mac\u00edk: Na ka\u017ed\u00e9m kilometru n\u011bjak\u00e1 svi\u0148\u00e1rna","datePublished":"2019-01-10T10:30:48+00:00","dateModified":"2019-03-19T12:53:07+00:00","mainEntityOfPage":{"@id":"https:\/\/www.dakarmania.cz\/index.php\/2019\/01\/10\/martin-macik-na-kazdem-kilometru-nejaka-svinarna\/"},"wordCount":525,"commentCount":0,"publisher":{"@id":"https:\/\/www.dakarmania.cz\/#organization"},"image":{"@id":"https:\/\/www.dakarmania.cz\/index.php\/2019\/01\/10\/martin-macik-na-kazdem-kilometru-nejaka-svinarna\/#primaryimage"},"thumbnailUrl":"https:\/\/www.dakarmania.cz\/wp-content\/uploads\/2019\/01\/19-dakar-macik04.jpg","keywords":["Big Shock! Racing","Dakar","Dakar 2019","Franti\u0161ek Tom\u00e1\u0161ek","Liaz","Luk\u00e1\u0161 Kalanka","Martin Mac\u00edk ml."],"articleSection":["Tiskov\u00e9 zpr\u00e1vy"],"inLanguage":"cs","potentialAction":[{"@type":"CommentAction","name":"Comment","target":["https:\/\/www.dakarmania.cz\/index.php\/2019\/01\/10\/martin-macik-na-kazdem-kilometru-nejaka-svinarna\/#respond"]}]},{"@type":"WebPage","@id":"https:\/\/www.dakarmania.cz\/index.php\/2019\/01\/10\/martin-macik-na-kazdem-kilometru-nejaka-svinarna\/","url":"https:\/\/www.dakarmania.cz\/index.php\/2019\/01\/10\/martin-macik-na-kazdem-kilometru-nejaka-svinarna\/","name":"Martin Mac\u00edk: Na ka\u017ed\u00e9m kilometru n\u011bjak\u00e1 svi\u0148\u00e1rna - DAKARMANIA.cz","isPartOf":{"@id":"https:\/\/www.dakarmania.cz\/#website"},"primaryImageOfPage":{"@id":"https:\/\/www.dakarmania.cz\/index.php\/2019\/01\/10\/martin-macik-na-kazdem-kilometru-nejaka-svinarna\/#primaryimage"},"image":{"@id":"https:\/\/www.dakarmania.cz\/index.php\/2019\/01\/10\/martin-macik-na-kazdem-kilometru-nejaka-svinarna\/#primaryimage"},"thumbnailUrl":"https:\/\/www.dakarmania.cz\/wp-content\/uploads\/2019\/01\/19-dakar-macik04.jpg","datePublished":"2019-01-10T10:30:48+00:00","dateModified":"2019-03-19T12:53:07+00:00","description":"Martin Mac\u00edk s Franti\u0161kem Tom\u00e1\u0161kem a Luk\u00e1\u0161em Kalankou v kamionu Liaz dojeli do c\u00edle extr\u00e9mn\u011b n\u00e1ro\u010dn\u00e9 t\u0159et\u00ed etapy Rally Dakar 2019 na v\u00fdborn\u00e9m p\u00e1t\u00e9m m\u00edst\u011b.","breadcrumb":{"@id":"https:\/\/www.dakarmania.cz\/index.php\/2019\/01\/10\/martin-macik-na-kazdem-kilometru-nejaka-svinarna\/#breadcrumb"},"inLanguage":"cs","potentialAction":[{"@type":"ReadAction","target":["https:\/\/www.dakarmania.cz\/index.php\/2019\/01\/10\/martin-macik-na-kazdem-kilometru-nejaka-svinarna\/"]}]},{"@type":"ImageObject","inLanguage":"cs","@id":"https:\/\/www.dakarmania.cz\/index.php\/2019\/01\/10\/martin-macik-na-kazdem-kilometru-nejaka-svinarna\/#primaryimage","url":"https:\/\/www.dakarmania.cz\/wp-content\/uploads\/2019\/01\/19-dakar-macik04.jpg","contentUrl":"https:\/\/www.dakarmania.cz\/wp-content\/uploads\/2019\/01\/19-dakar-macik04.jpg","width":2048,"height":1365,"caption":"Martin Mac\u00edk Jr.\/Franti\u0161ek Tom\u00e1\u0161ek\/Luk\u00e1\u0161 Kalanka, Liaz 111.154, Big Shock Racing. Rally Dakar 2019. \u00a9 Big Shock Racing"},{"@type":"BreadcrumbList","@id":"https:\/\/www.dakarmania.cz\/index.php\/2019\/01\/10\/martin-macik-na-kazdem-kilometru-nejaka-svinarna\/#breadcrumb","itemListElement":[{"@type":"ListItem","position":1,"name":"Dom\u016f","item":"https:\/\/www.dakarmania.cz\/"},{"@type":"ListItem","position":2,"name":"Martin Mac\u00edk: Na ka\u017ed\u00e9m kilometru n\u011bjak\u00e1 svi\u0148\u00e1rna"}]},{"@type":"WebSite","@id":"https:\/\/www.dakarmania.cz\/#website","url":"https:\/\/www.dakarmania.cz\/","name":"DAKARMANIA.cz","description":"\u017dijeme Dakarem cel\u00fd rok","publisher":{"@id":"https:\/\/www.dakarmania.cz\/#organization"},"potentialAction":[{"@type":"SearchAction","target":{"@type":"EntryPoint","urlTemplate":"https:\/\/www.dakarmania.cz\/?s={search_term_string}"},"query-input":{"@type":"PropertyValueSpecification","valueRequired":true,"valueName":"search_term_string"}}],"inLanguage":"cs"},{"@type":"Organization","@id":"https:\/\/www.dakarmania.cz\/#organization","name":"DAKAR MANIA","url":"https:\/\/www.dakarmania.cz\/","logo":{"@type":"ImageObject","inLanguage":"cs","@id":"https:\/\/www.dakarmania.cz\/#\/schema\/logo\/image\/","url":"https:\/\/www.dakarmania.cz\/wp-content\/uploads\/2018\/12\/Dakar-Mania-Logo-Square-Orange.png","contentUrl":"https:\/\/www.dakarmania.cz\/wp-content\/uploads\/2018\/12\/Dakar-Mania-Logo-Square-Orange.png","width":992,"height":992,"caption":"DAKAR MANIA"},"image":{"@id":"https:\/\/www.dakarmania.cz\/#\/schema\/logo\/image\/"},"sameAs":["https:\/\/www.facebook.com\/dakarmania\/"]},{"@type":"Person","@id":"https:\/\/www.dakarmania.cz\/#\/schema\/person\/bce8d1fe3633b1178e150fc5e340d5dd","name":"tiskov\u00e1 zpr\u00e1va","image":{"@type":"ImageObject","inLanguage":"cs","@id":"https:\/\/www.dakarmania.cz\/#\/schema\/person\/image\/","url":"https:\/\/secure.gravatar.com\/avatar\/19aefcb6c7bfae691fca4d805686c670f59bb4f7414c7b398b88dc9c8f4e96d5?s=96&d=mm&r=g","contentUrl":"https:\/\/secure.gravatar.com\/avatar\/19aefcb6c7bfae691fca4d805686c670f59bb4f7414c7b398b88dc9c8f4e96d5?s=96&d=mm&r=g","caption":"tiskov\u00e1 zpr\u00e1va"},"url":"https:\/\/www.dakarmania.cz\/index.php\/author\/tiskovezpravy\/"}]}},"amp_enabled":true,"_links":{"self":[{"href":"https:\/\/www.dakarmania.cz\/index.php\/wp-json\/wp\/v2\/posts\/1669","targetHints":{"allow":["GET"]}}],"collection":[{"href":"https:\/\/www.dakarmania.cz\/index.php\/wp-json\/wp\/v2\/posts"}],"about":[{"href":"https:\/\/www.dakarmania.cz\/index.php\/wp-json\/wp\/v2\/types\/post"}],"author":[{"embeddable":true,"href":"https:\/\/www.dakarmania.cz\/index.php\/wp-json\/wp\/v2\/users\/3"}],"replies":[{"embeddable":true,"href":"https:\/\/www.dakarmania.cz\/index.php\/wp-json\/wp\/v2\/comments?post=1669"}],"version-history":[{"count":1,"href":"https:\/\/www.dakarmania.cz\/index.php\/wp-json\/wp\/v2\/posts\/1669\/revisions"}],"predecessor-version":[{"id":1670,"href":"https:\/\/www.dakarmania.cz\/index.php\/wp-json\/wp\/v2\/posts\/1669\/revisions\/1670"}],"wp:featuredmedia":[{"embeddable":true,"href":"https:\/\/www.dakarmania.cz\/index.php\/wp-json\/wp\/v2\/media\/1668"}],"wp:attachment":[{"href":"https:\/\/www.dakarmania.cz\/index.php\/wp-json\/wp\/v2\/media?parent=1669"}],"wp:term":[{"taxonomy":"category","embeddable":true,"href":"https:\/\/www.dakarmania.cz\/index.php\/wp-json\/wp\/v2\/categories?post=1669"},{"taxonomy":"post_tag","embeddable":true,"href":"https:\/\/www.dakarmania.cz\/index.php\/wp-json\/wp\/v2\/tags?post=1669"}],"curies":[{"name":"wp","href":"https:\/\/api.w.org\/{rel}","templated":true}]}}