{"id":1672,"date":"2019-01-10T11:16:02","date_gmt":"2019-01-10T11:16:02","guid":{"rendered":"https:\/\/www.dakarmania.cz\/?p=1672"},"modified":"2019-11-12T17:54:06","modified_gmt":"2019-11-12T16:54:06","slug":"martin-prokop-zacina-poradna-rezba","status":"publish","type":"post","link":"https:\/\/www.dakarmania.cz\/index.php\/2019\/01\/10\/martin-prokop-zacina-poradna-rezba\/","title":{"rendered":"Martin Prokop: Za\u010d\u00edn\u00e1 po\u0159\u00e1dn\u00e1 \u0159e\u017eba"},"content":{"rendered":"<p>[vc_row][vc_column][vc_column_text]<\/p>\n<h4>N\u00e1ro\u010dn\u00e1 t\u0159et\u00ed etapa Rally Dakar 2019 d\u016fkladn\u011b zam\u00edchala pr\u016fb\u011b\u017en\u00fdm po\u0159ad\u00edm ve v\u0161ech kategori\u00edch. Ob\u011b pos\u00e1dky t\u00fdmu MP-Sports pat\u0159ily k t\u011bm, kter\u00e9 stoupaly po\u0159ad\u00edm vzh\u016fru. A to i navzdory drobn\u00fdm pot\u00ed\u017e\u00edm.<\/h4>\n<p>Letos stoprocentn\u011b peru\u00e1nsk\u00fd Dakar m\u011bl ve st\u0159edu na programu svou t\u0159et\u00ed etapu s m\u011b\u0159en\u00fdm \u00fasekem v d\u00e9lce 331 kilometr\u016f. St\u00e1le n\u00e1ro\u010dn\u011bj\u0161\u00ed \u00faseky v p\u00eds\u010dit\u00e9m ter\u00e9nu a vyschl\u00fdch kamenit\u00fdch \u0159e\u010di\u0161t\u00edch potr\u00e1pily nem\u00e1lo pos\u00e1dek v\u010detn\u011b favorit\u016f na celkov\u00e9 v\u00edt\u011bzstv\u00ed. Ob\u011b pos\u00e1dky t\u00fdmu MP-Sports si v\u0161ak i p\u0159es drobn\u00e9 pot\u00ed\u017ee dok\u00e1zaly v celkov\u00e9m hodnocen\u00ed polep\u0161it.<\/p>\n<p>Martina Prokopa sice p\u0159ibrzdily dva defekty a jedno del\u0161\u00ed zapadnut\u00ed, p\u0159esto se d\u00edky v\u00fdborn\u00e9mu dev\u00e1t\u00e9mu m\u00edstu v etap\u011b posunul na jeden\u00e1ctou p\u0159\u00ed\u010dku celkov\u00e9 klasifikace. Tom\u00e1\u0161 Ou\u0159edn\u00ed\u010dek byl v etap\u011b 24. a celkov\u011b postoupil na 22. pozici.<\/p>\n<p><em>\u201eDne\u0161ek se bohu\u017eel nevyv\u00edjel \u00fapln\u011b podle na\u0161eho pl\u00e1nu,\u201c<\/em> ohl\u00e9dl se za dlouh\u00fdm dnem <strong>Martin Prokop<\/strong>. <em>\u201eV prvn\u00ed \u010d\u00e1sti etapy jsem nebyl spokojen\u00fd se sv\u00fdm tempem a nasazen\u00edm, takhle jsem si prost\u011b nep\u0159edstavoval, \u017ee na Dakaru pojedu.\u201c<\/em><\/p>\n<p><em>\u201eZa\u010dali jsme defektem, kter\u00fd jsme rychle vym\u011bnili, ale n\u00e1sledn\u011b jsem ud\u011blal chybu v dun\u00e1ch. Nemohl jsem vyjet do jednoho trycht\u00fd\u0159e, na jeho\u017e hran\u011b jsem se lekl, za\u0161l\u00e1pl auto a z\u016fstali jsme le\u017eet na b\u0159i\u0161e. P\u0159i vykop\u00e1v\u00e1n\u00ed se n\u00e1m zasekla noha heveru, tak jsme tam celkem dlouho st\u00e1li a p\u0159edjelo n\u00e1s hodn\u011b aut.\u201c<\/em>[\/vc_column_text][vc_single_image image=&#8221;1673&#8243; img_size=&#8221;large&#8221; add_caption=&#8221;yes&#8221; alignment=&#8221;center&#8221;][vc_column_text]<em>\u201eNa trati za\u010dalo b\u00fdt t\u011bsno, kdy\u017e se v ide\u00e1ln\u00edch pr\u016fjezdov\u00fdch m\u00edstech objevovaly motorky, \u010dty\u0159kolky a dal\u0161\u00ed auta. To se zd\u00e1 najednou i pou\u0161\u0165 b\u00fdt mal\u00e1. V dal\u0161\u00ed \u010d\u00e1sti etapy jsem ji\u017e chytnul spr\u00e1vn\u00e9 tempo a p\u011bkn\u011b jsme se tahali s Pol\u00e1kem Dom\u017ca\u0142ou. Oba jsme p\u0159i tom ud\u011blali defekt, ale na trati jsme se zase potkali a sout\u011b\u017eili a\u017e do c\u00edle.\u201c<\/em><\/p>\n<p><em>\u201eSkon\u010dili jsme dnes sice v prvn\u00ed des\u00edtce, ale ztr\u00e1ta to byla kv\u016fli pot\u00ed\u017e\u00edm velik\u00e1. Jestli n\u00e1m je\u0161t\u011b p\u0159isko\u010d\u00ed penalizace za p\u0159ekro\u010den\u00ed rychlosti na spojovac\u00edm \u00faseku, m\u016f\u017eeme ztratit n\u011bkolik pozic. Byla to \u0159e\u017eba a prvn\u00ed slo\u017eit\u00fd den, za\u010d\u00edn\u00e1 po\u0159\u00e1dn\u00fd Dakar!\u201c<\/em>[\/vc_column_text][vc_video link=&#8221;https:\/\/youtu.be\/a7vHc3TL2Yc&#8221;][vc_column_text]Pos\u00e1dka druh\u00e9ho Fordu Raptor t\u00fdmu MP-Sports, kterou tvo\u0159\u00ed Tom\u00e1\u0161 Ou\u0159edn\u00ed\u010dek s Davidem K\u0159\u00edpalem, dorazila do bivaku s \u00fasm\u011bvem na rtech a plna z\u00e1\u017eitk\u016f z n\u00e1ro\u010dn\u00e9ho dne.<\/p>\n<p><em>\u201eNa\u0161t\u011bst\u00ed jsme se dok\u00e1zali vyhnout defekt\u016fm a opatrn\u011bj\u0161\u00ed j\u00edzdou jsme si nep\u0159ivodili \u017e\u00e1dnou v\u00fdraznou komplikaci,\u201c<\/em> pochvaloval si <strong>Tom\u00e1\u0161 Ou\u0159edn\u00ed\u010dek<\/strong>. <em>\u201ePo jednom \u0161patn\u00e9m odbo\u010den\u00ed a n\u00e1sledn\u00e9m couv\u00e1n\u00ed v ka\u0148onu jsme se p\u0159esv\u011bd\u010dili o kvalit\u00e1ch auta z jihlavsk\u00fdch d\u00edlen MP-Sports, kter\u00e9 si v ni\u010dem nezad\u00e1 s offroad trialov\u00fdmi speci\u00e1ly. Je skv\u011bl\u00e9, \u017ee se v celkov\u00e9m po\u0159ad\u00ed bl\u00ed\u017e\u00edme druh\u00e9 des\u00edtce.\u201c<\/em><\/p>\n<p>Dal\u0161\u00ed dv\u011b etapy Dakaru 2019 budou tzv. maratonsk\u00e9, kdy pos\u00e1dky po \u010dtvrte\u010dn\u00edm testu p\u0159enocuj\u00ed mimo technick\u00e9 z\u00e1zem\u00ed sv\u00fdch t\u00fdm\u016f a v p\u00e1tek se v dal\u0161\u00ed etap\u011b budou vracet zp\u011bt do bivaku v Arequip\u011b.<\/p>\n<p>Tiskov\u00e1 zpr\u00e1va t\u00fdmu MP-Sports (editov\u00e1no)[\/vc_column_text][\/vc_column][\/vc_row]<\/p>\n","protected":false},"excerpt":{"rendered":"<p>T\u0159et\u00ed etapa Rally Dakar 2019 zam\u00edchala pr\u016fb\u011b\u017en\u00fdm po\u0159ad\u00edm ve v\u0161ech kategori\u00edch. Ob\u011b pos\u00e1dky t\u00fdmu MP-Sports pat\u0159ily k t\u011bm, kter\u00e9 stoupaly po\u0159ad\u00edm vzh\u016fru.<\/p>\n","protected":false},"author":3,"featured_media":1671,"comment_status":"open","ping_status":"closed","sticky":false,"template":"","format":"standard","meta":{"footnotes":""},"categories":[637],"tags":[8,9,10,11,6,5,4,7],"class_list":["post-1672","post","type-post","status-publish","format-standard","has-post-thumbnail","hentry","category-tiskove-zpravy","tag-dakar","tag-dakar-2019","tag-david-kripal","tag-ford","tag-jan-tomanek","tag-martin-prokop","tag-mp-sports","tag-tomas-ourednicek"],"yoast_head":"<!-- This site is optimized with the Yoast SEO plugin v24.9 - https:\/\/yoast.com\/wordpress\/plugins\/seo\/ -->\n<title>Martin Prokop: Za\u010d\u00edn\u00e1 po\u0159\u00e1dn\u00e1 \u0159e\u017eba - DAKARMANIA.cz<\/title>\n<meta name=\"description\" content=\"T\u0159et\u00ed etapa Rally Dakar 2019 zam\u00edchala pr\u016fb\u011b\u017en\u00fdm po\u0159ad\u00edm ve v\u0161ech kategori\u00edch. Ob\u011b pos\u00e1dky t\u00fdmu MP-Sports pat\u0159ily k t\u011bm, kter\u00e9 stoupaly po\u0159ad\u00edm vzh\u016fru.\" \/>\n<meta name=\"robots\" content=\"index, follow, max-snippet:-1, max-image-preview:large, max-video-preview:-1\" \/>\n<link rel=\"canonical\" href=\"https:\/\/www.dakarmania.cz\/index.php\/2019\/01\/10\/martin-prokop-zacina-poradna-rezba\/\" \/>\n<meta property=\"og:locale\" content=\"cs_CZ\" \/>\n<meta property=\"og:type\" content=\"article\" \/>\n<meta property=\"og:title\" content=\"Martin Prokop: Za\u010d\u00edn\u00e1 po\u0159\u00e1dn\u00e1 \u0159e\u017eba - DAKARMANIA.cz\" \/>\n<meta property=\"og:description\" content=\"T\u0159et\u00ed etapa Rally Dakar 2019 zam\u00edchala pr\u016fb\u011b\u017en\u00fdm po\u0159ad\u00edm ve v\u0161ech kategori\u00edch. Ob\u011b pos\u00e1dky t\u00fdmu MP-Sports pat\u0159ily k t\u011bm, kter\u00e9 stoupaly po\u0159ad\u00edm vzh\u016fru.\" \/>\n<meta property=\"og:url\" content=\"https:\/\/www.dakarmania.cz\/index.php\/2019\/01\/10\/martin-prokop-zacina-poradna-rezba\/\" \/>\n<meta property=\"og:site_name\" content=\"DAKARMANIA.cz\" \/>\n<meta property=\"article:publisher\" content=\"https:\/\/www.facebook.com\/dakarmania\/\" \/>\n<meta property=\"article:published_time\" content=\"2019-01-10T11:16:02+00:00\" \/>\n<meta property=\"article:modified_time\" content=\"2019-11-12T16:54:06+00:00\" \/>\n<meta property=\"og:image\" content=\"https:\/\/www.dakarmania.cz\/wp-content\/uploads\/2019\/01\/19-dakar-prokop07-1024x683.jpg\" \/>\n\t<meta property=\"og:image:width\" content=\"1024\" \/>\n\t<meta property=\"og:image:height\" content=\"683\" \/>\n\t<meta property=\"og:image:type\" content=\"image\/jpeg\" \/>\n<meta name=\"author\" content=\"tiskov\u00e1 zpr\u00e1va\" \/>\n<meta name=\"twitter:card\" content=\"summary_large_image\" \/>\n<meta name=\"twitter:label1\" content=\"Napsal(a)\" \/>\n\t<meta name=\"twitter:data1\" content=\"tiskov\u00e1 zpr\u00e1va\" \/>\n\t<meta name=\"twitter:label2\" content=\"Odhadovan\u00e1 doba \u010dten\u00ed\" \/>\n\t<meta name=\"twitter:data2\" content=\"3 minuty\" \/>\n<script type=\"application\/ld+json\" class=\"yoast-schema-graph\">{\"@context\":\"https:\/\/schema.org\",\"@graph\":[{\"@type\":\"Article\",\"@id\":\"https:\/\/www.dakarmania.cz\/index.php\/2019\/01\/10\/martin-prokop-zacina-poradna-rezba\/#article\",\"isPartOf\":{\"@id\":\"https:\/\/www.dakarmania.cz\/index.php\/2019\/01\/10\/martin-prokop-zacina-poradna-rezba\/\"},\"author\":{\"name\":\"tiskov\u00e1 zpr\u00e1va\",\"@id\":\"https:\/\/www.dakarmania.cz\/#\/schema\/person\/bce8d1fe3633b1178e150fc5e340d5dd\"},\"headline\":\"Martin Prokop: Za\u010d\u00edn\u00e1 po\u0159\u00e1dn\u00e1 \u0159e\u017eba\",\"datePublished\":\"2019-01-10T11:16:02+00:00\",\"dateModified\":\"2019-11-12T16:54:06+00:00\",\"mainEntityOfPage\":{\"@id\":\"https:\/\/www.dakarmania.cz\/index.php\/2019\/01\/10\/martin-prokop-zacina-poradna-rezba\/\"},\"wordCount\":662,\"commentCount\":0,\"publisher\":{\"@id\":\"https:\/\/www.dakarmania.cz\/#organization\"},\"image\":{\"@id\":\"https:\/\/www.dakarmania.cz\/index.php\/2019\/01\/10\/martin-prokop-zacina-poradna-rezba\/#primaryimage\"},\"thumbnailUrl\":\"https:\/\/www.dakarmania.cz\/wp-content\/uploads\/2019\/01\/19-dakar-prokop07.jpg\",\"keywords\":[\"Dakar\",\"Dakar 2019\",\"David K\u0159\u00edpal\",\"Ford\",\"Jan Tom\u00e1nek\",\"Martin Prokop\",\"MP-Sports\",\"Tom\u00e1\u0161 Ou\u0159edn\u00ed\u010dek\"],\"articleSection\":[\"Tiskov\u00e9 zpr\u00e1vy\"],\"inLanguage\":\"cs\",\"potentialAction\":[{\"@type\":\"CommentAction\",\"name\":\"Comment\",\"target\":[\"https:\/\/www.dakarmania.cz\/index.php\/2019\/01\/10\/martin-prokop-zacina-poradna-rezba\/#respond\"]}]},{\"@type\":\"WebPage\",\"@id\":\"https:\/\/www.dakarmania.cz\/index.php\/2019\/01\/10\/martin-prokop-zacina-poradna-rezba\/\",\"url\":\"https:\/\/www.dakarmania.cz\/index.php\/2019\/01\/10\/martin-prokop-zacina-poradna-rezba\/\",\"name\":\"Martin Prokop: Za\u010d\u00edn\u00e1 po\u0159\u00e1dn\u00e1 \u0159e\u017eba - DAKARMANIA.cz\",\"isPartOf\":{\"@id\":\"https:\/\/www.dakarmania.cz\/#website\"},\"primaryImageOfPage\":{\"@id\":\"https:\/\/www.dakarmania.cz\/index.php\/2019\/01\/10\/martin-prokop-zacina-poradna-rezba\/#primaryimage\"},\"image\":{\"@id\":\"https:\/\/www.dakarmania.cz\/index.php\/2019\/01\/10\/martin-prokop-zacina-poradna-rezba\/#primaryimage\"},\"thumbnailUrl\":\"https:\/\/www.dakarmania.cz\/wp-content\/uploads\/2019\/01\/19-dakar-prokop07.jpg\",\"datePublished\":\"2019-01-10T11:16:02+00:00\",\"dateModified\":\"2019-11-12T16:54:06+00:00\",\"description\":\"T\u0159et\u00ed etapa Rally Dakar 2019 zam\u00edchala pr\u016fb\u011b\u017en\u00fdm po\u0159ad\u00edm ve v\u0161ech kategori\u00edch. Ob\u011b pos\u00e1dky t\u00fdmu MP-Sports pat\u0159ily k t\u011bm, kter\u00e9 stoupaly po\u0159ad\u00edm vzh\u016fru.\",\"breadcrumb\":{\"@id\":\"https:\/\/www.dakarmania.cz\/index.php\/2019\/01\/10\/martin-prokop-zacina-poradna-rezba\/#breadcrumb\"},\"inLanguage\":\"cs\",\"potentialAction\":[{\"@type\":\"ReadAction\",\"target\":[\"https:\/\/www.dakarmania.cz\/index.php\/2019\/01\/10\/martin-prokop-zacina-poradna-rezba\/\"]}]},{\"@type\":\"ImageObject\",\"inLanguage\":\"cs\",\"@id\":\"https:\/\/www.dakarmania.cz\/index.php\/2019\/01\/10\/martin-prokop-zacina-poradna-rezba\/#primaryimage\",\"url\":\"https:\/\/www.dakarmania.cz\/wp-content\/uploads\/2019\/01\/19-dakar-prokop07.jpg\",\"contentUrl\":\"https:\/\/www.dakarmania.cz\/wp-content\/uploads\/2019\/01\/19-dakar-prokop07.jpg\",\"width\":2048,\"height\":1365,\"caption\":\"Martin Prokop\/Jan Tom\u00e1nek, Ford Raptor RS Cross-Country, MP-Sports. Rally Dakar 2019. \u00a9 MP-Sports\"},{\"@type\":\"BreadcrumbList\",\"@id\":\"https:\/\/www.dakarmania.cz\/index.php\/2019\/01\/10\/martin-prokop-zacina-poradna-rezba\/#breadcrumb\",\"itemListElement\":[{\"@type\":\"ListItem\",\"position\":1,\"name\":\"Dom\u016f\",\"item\":\"https:\/\/www.dakarmania.cz\/\"},{\"@type\":\"ListItem\",\"position\":2,\"name\":\"Martin Prokop: Za\u010d\u00edn\u00e1 po\u0159\u00e1dn\u00e1 \u0159e\u017eba\"}]},{\"@type\":\"WebSite\",\"@id\":\"https:\/\/www.dakarmania.cz\/#website\",\"url\":\"https:\/\/www.dakarmania.cz\/\",\"name\":\"DAKARMANIA.cz\",\"description\":\"\u017dijeme Dakarem cel\u00fd rok\",\"publisher\":{\"@id\":\"https:\/\/www.dakarmania.cz\/#organization\"},\"potentialAction\":[{\"@type\":\"SearchAction\",\"target\":{\"@type\":\"EntryPoint\",\"urlTemplate\":\"https:\/\/www.dakarmania.cz\/?s={search_term_string}\"},\"query-input\":{\"@type\":\"PropertyValueSpecification\",\"valueRequired\":true,\"valueName\":\"search_term_string\"}}],\"inLanguage\":\"cs\"},{\"@type\":\"Organization\",\"@id\":\"https:\/\/www.dakarmania.cz\/#organization\",\"name\":\"DAKAR MANIA\",\"url\":\"https:\/\/www.dakarmania.cz\/\",\"logo\":{\"@type\":\"ImageObject\",\"inLanguage\":\"cs\",\"@id\":\"https:\/\/www.dakarmania.cz\/#\/schema\/logo\/image\/\",\"url\":\"https:\/\/www.dakarmania.cz\/wp-content\/uploads\/2018\/12\/Dakar-Mania-Logo-Square-Orange.png\",\"contentUrl\":\"https:\/\/www.dakarmania.cz\/wp-content\/uploads\/2018\/12\/Dakar-Mania-Logo-Square-Orange.png\",\"width\":992,\"height\":992,\"caption\":\"DAKAR MANIA\"},\"image\":{\"@id\":\"https:\/\/www.dakarmania.cz\/#\/schema\/logo\/image\/\"},\"sameAs\":[\"https:\/\/www.facebook.com\/dakarmania\/\"]},{\"@type\":\"Person\",\"@id\":\"https:\/\/www.dakarmania.cz\/#\/schema\/person\/bce8d1fe3633b1178e150fc5e340d5dd\",\"name\":\"tiskov\u00e1 zpr\u00e1va\",\"image\":{\"@type\":\"ImageObject\",\"inLanguage\":\"cs\",\"@id\":\"https:\/\/www.dakarmania.cz\/#\/schema\/person\/image\/\",\"url\":\"https:\/\/secure.gravatar.com\/avatar\/19aefcb6c7bfae691fca4d805686c670f59bb4f7414c7b398b88dc9c8f4e96d5?s=96&d=mm&r=g\",\"contentUrl\":\"https:\/\/secure.gravatar.com\/avatar\/19aefcb6c7bfae691fca4d805686c670f59bb4f7414c7b398b88dc9c8f4e96d5?s=96&d=mm&r=g\",\"caption\":\"tiskov\u00e1 zpr\u00e1va\"},\"url\":\"https:\/\/www.dakarmania.cz\/index.php\/author\/tiskovezpravy\/\"}]}<\/script>\n<!-- \/ Yoast SEO plugin. -->","yoast_head_json":{"title":"Martin Prokop: Za\u010d\u00edn\u00e1 po\u0159\u00e1dn\u00e1 \u0159e\u017eba - DAKARMANIA.cz","description":"T\u0159et\u00ed etapa Rally Dakar 2019 zam\u00edchala pr\u016fb\u011b\u017en\u00fdm po\u0159ad\u00edm ve v\u0161ech kategori\u00edch. Ob\u011b pos\u00e1dky t\u00fdmu MP-Sports pat\u0159ily k t\u011bm, kter\u00e9 stoupaly po\u0159ad\u00edm vzh\u016fru.","robots":{"index":"index","follow":"follow","max-snippet":"max-snippet:-1","max-image-preview":"max-image-preview:large","max-video-preview":"max-video-preview:-1"},"canonical":"https:\/\/www.dakarmania.cz\/index.php\/2019\/01\/10\/martin-prokop-zacina-poradna-rezba\/","og_locale":"cs_CZ","og_type":"article","og_title":"Martin Prokop: Za\u010d\u00edn\u00e1 po\u0159\u00e1dn\u00e1 \u0159e\u017eba - DAKARMANIA.cz","og_description":"T\u0159et\u00ed etapa Rally Dakar 2019 zam\u00edchala pr\u016fb\u011b\u017en\u00fdm po\u0159ad\u00edm ve v\u0161ech kategori\u00edch. Ob\u011b pos\u00e1dky t\u00fdmu MP-Sports pat\u0159ily k t\u011bm, kter\u00e9 stoupaly po\u0159ad\u00edm vzh\u016fru.","og_url":"https:\/\/www.dakarmania.cz\/index.php\/2019\/01\/10\/martin-prokop-zacina-poradna-rezba\/","og_site_name":"DAKARMANIA.cz","article_publisher":"https:\/\/www.facebook.com\/dakarmania\/","article_published_time":"2019-01-10T11:16:02+00:00","article_modified_time":"2019-11-12T16:54:06+00:00","og_image":[{"width":1024,"height":683,"url":"https:\/\/www.dakarmania.cz\/wp-content\/uploads\/2019\/01\/19-dakar-prokop07-1024x683.jpg","type":"image\/jpeg"}],"author":"tiskov\u00e1 zpr\u00e1va","twitter_card":"summary_large_image","twitter_misc":{"Napsal(a)":"tiskov\u00e1 zpr\u00e1va","Odhadovan\u00e1 doba \u010dten\u00ed":"3 minuty"},"schema":{"@context":"https:\/\/schema.org","@graph":[{"@type":"Article","@id":"https:\/\/www.dakarmania.cz\/index.php\/2019\/01\/10\/martin-prokop-zacina-poradna-rezba\/#article","isPartOf":{"@id":"https:\/\/www.dakarmania.cz\/index.php\/2019\/01\/10\/martin-prokop-zacina-poradna-rezba\/"},"author":{"name":"tiskov\u00e1 zpr\u00e1va","@id":"https:\/\/www.dakarmania.cz\/#\/schema\/person\/bce8d1fe3633b1178e150fc5e340d5dd"},"headline":"Martin Prokop: Za\u010d\u00edn\u00e1 po\u0159\u00e1dn\u00e1 \u0159e\u017eba","datePublished":"2019-01-10T11:16:02+00:00","dateModified":"2019-11-12T16:54:06+00:00","mainEntityOfPage":{"@id":"https:\/\/www.dakarmania.cz\/index.php\/2019\/01\/10\/martin-prokop-zacina-poradna-rezba\/"},"wordCount":662,"commentCount":0,"publisher":{"@id":"https:\/\/www.dakarmania.cz\/#organization"},"image":{"@id":"https:\/\/www.dakarmania.cz\/index.php\/2019\/01\/10\/martin-prokop-zacina-poradna-rezba\/#primaryimage"},"thumbnailUrl":"https:\/\/www.dakarmania.cz\/wp-content\/uploads\/2019\/01\/19-dakar-prokop07.jpg","keywords":["Dakar","Dakar 2019","David K\u0159\u00edpal","Ford","Jan Tom\u00e1nek","Martin Prokop","MP-Sports","Tom\u00e1\u0161 Ou\u0159edn\u00ed\u010dek"],"articleSection":["Tiskov\u00e9 zpr\u00e1vy"],"inLanguage":"cs","potentialAction":[{"@type":"CommentAction","name":"Comment","target":["https:\/\/www.dakarmania.cz\/index.php\/2019\/01\/10\/martin-prokop-zacina-poradna-rezba\/#respond"]}]},{"@type":"WebPage","@id":"https:\/\/www.dakarmania.cz\/index.php\/2019\/01\/10\/martin-prokop-zacina-poradna-rezba\/","url":"https:\/\/www.dakarmania.cz\/index.php\/2019\/01\/10\/martin-prokop-zacina-poradna-rezba\/","name":"Martin Prokop: Za\u010d\u00edn\u00e1 po\u0159\u00e1dn\u00e1 \u0159e\u017eba - DAKARMANIA.cz","isPartOf":{"@id":"https:\/\/www.dakarmania.cz\/#website"},"primaryImageOfPage":{"@id":"https:\/\/www.dakarmania.cz\/index.php\/2019\/01\/10\/martin-prokop-zacina-poradna-rezba\/#primaryimage"},"image":{"@id":"https:\/\/www.dakarmania.cz\/index.php\/2019\/01\/10\/martin-prokop-zacina-poradna-rezba\/#primaryimage"},"thumbnailUrl":"https:\/\/www.dakarmania.cz\/wp-content\/uploads\/2019\/01\/19-dakar-prokop07.jpg","datePublished":"2019-01-10T11:16:02+00:00","dateModified":"2019-11-12T16:54:06+00:00","description":"T\u0159et\u00ed etapa Rally Dakar 2019 zam\u00edchala pr\u016fb\u011b\u017en\u00fdm po\u0159ad\u00edm ve v\u0161ech kategori\u00edch. Ob\u011b pos\u00e1dky t\u00fdmu MP-Sports pat\u0159ily k t\u011bm, kter\u00e9 stoupaly po\u0159ad\u00edm vzh\u016fru.","breadcrumb":{"@id":"https:\/\/www.dakarmania.cz\/index.php\/2019\/01\/10\/martin-prokop-zacina-poradna-rezba\/#breadcrumb"},"inLanguage":"cs","potentialAction":[{"@type":"ReadAction","target":["https:\/\/www.dakarmania.cz\/index.php\/2019\/01\/10\/martin-prokop-zacina-poradna-rezba\/"]}]},{"@type":"ImageObject","inLanguage":"cs","@id":"https:\/\/www.dakarmania.cz\/index.php\/2019\/01\/10\/martin-prokop-zacina-poradna-rezba\/#primaryimage","url":"https:\/\/www.dakarmania.cz\/wp-content\/uploads\/2019\/01\/19-dakar-prokop07.jpg","contentUrl":"https:\/\/www.dakarmania.cz\/wp-content\/uploads\/2019\/01\/19-dakar-prokop07.jpg","width":2048,"height":1365,"caption":"Martin Prokop\/Jan Tom\u00e1nek, Ford Raptor RS Cross-Country, MP-Sports. Rally Dakar 2019. \u00a9 MP-Sports"},{"@type":"BreadcrumbList","@id":"https:\/\/www.dakarmania.cz\/index.php\/2019\/01\/10\/martin-prokop-zacina-poradna-rezba\/#breadcrumb","itemListElement":[{"@type":"ListItem","position":1,"name":"Dom\u016f","item":"https:\/\/www.dakarmania.cz\/"},{"@type":"ListItem","position":2,"name":"Martin Prokop: Za\u010d\u00edn\u00e1 po\u0159\u00e1dn\u00e1 \u0159e\u017eba"}]},{"@type":"WebSite","@id":"https:\/\/www.dakarmania.cz\/#website","url":"https:\/\/www.dakarmania.cz\/","name":"DAKARMANIA.cz","description":"\u017dijeme Dakarem cel\u00fd rok","publisher":{"@id":"https:\/\/www.dakarmania.cz\/#organization"},"potentialAction":[{"@type":"SearchAction","target":{"@type":"EntryPoint","urlTemplate":"https:\/\/www.dakarmania.cz\/?s={search_term_string}"},"query-input":{"@type":"PropertyValueSpecification","valueRequired":true,"valueName":"search_term_string"}}],"inLanguage":"cs"},{"@type":"Organization","@id":"https:\/\/www.dakarmania.cz\/#organization","name":"DAKAR MANIA","url":"https:\/\/www.dakarmania.cz\/","logo":{"@type":"ImageObject","inLanguage":"cs","@id":"https:\/\/www.dakarmania.cz\/#\/schema\/logo\/image\/","url":"https:\/\/www.dakarmania.cz\/wp-content\/uploads\/2018\/12\/Dakar-Mania-Logo-Square-Orange.png","contentUrl":"https:\/\/www.dakarmania.cz\/wp-content\/uploads\/2018\/12\/Dakar-Mania-Logo-Square-Orange.png","width":992,"height":992,"caption":"DAKAR MANIA"},"image":{"@id":"https:\/\/www.dakarmania.cz\/#\/schema\/logo\/image\/"},"sameAs":["https:\/\/www.facebook.com\/dakarmania\/"]},{"@type":"Person","@id":"https:\/\/www.dakarmania.cz\/#\/schema\/person\/bce8d1fe3633b1178e150fc5e340d5dd","name":"tiskov\u00e1 zpr\u00e1va","image":{"@type":"ImageObject","inLanguage":"cs","@id":"https:\/\/www.dakarmania.cz\/#\/schema\/person\/image\/","url":"https:\/\/secure.gravatar.com\/avatar\/19aefcb6c7bfae691fca4d805686c670f59bb4f7414c7b398b88dc9c8f4e96d5?s=96&d=mm&r=g","contentUrl":"https:\/\/secure.gravatar.com\/avatar\/19aefcb6c7bfae691fca4d805686c670f59bb4f7414c7b398b88dc9c8f4e96d5?s=96&d=mm&r=g","caption":"tiskov\u00e1 zpr\u00e1va"},"url":"https:\/\/www.dakarmania.cz\/index.php\/author\/tiskovezpravy\/"}]}},"amp_enabled":true,"_links":{"self":[{"href":"https:\/\/www.dakarmania.cz\/index.php\/wp-json\/wp\/v2\/posts\/1672","targetHints":{"allow":["GET"]}}],"collection":[{"href":"https:\/\/www.dakarmania.cz\/index.php\/wp-json\/wp\/v2\/posts"}],"about":[{"href":"https:\/\/www.dakarmania.cz\/index.php\/wp-json\/wp\/v2\/types\/post"}],"author":[{"embeddable":true,"href":"https:\/\/www.dakarmania.cz\/index.php\/wp-json\/wp\/v2\/users\/3"}],"replies":[{"embeddable":true,"href":"https:\/\/www.dakarmania.cz\/index.php\/wp-json\/wp\/v2\/comments?post=1672"}],"version-history":[{"count":4,"href":"https:\/\/www.dakarmania.cz\/index.php\/wp-json\/wp\/v2\/posts\/1672\/revisions"}],"predecessor-version":[{"id":13288,"href":"https:\/\/www.dakarmania.cz\/index.php\/wp-json\/wp\/v2\/posts\/1672\/revisions\/13288"}],"wp:featuredmedia":[{"embeddable":true,"href":"https:\/\/www.dakarmania.cz\/index.php\/wp-json\/wp\/v2\/media\/1671"}],"wp:attachment":[{"href":"https:\/\/www.dakarmania.cz\/index.php\/wp-json\/wp\/v2\/media?parent=1672"}],"wp:term":[{"taxonomy":"category","embeddable":true,"href":"https:\/\/www.dakarmania.cz\/index.php\/wp-json\/wp\/v2\/categories?post=1672"},{"taxonomy":"post_tag","embeddable":true,"href":"https:\/\/www.dakarmania.cz\/index.php\/wp-json\/wp\/v2\/tags?post=1672"}],"curies":[{"name":"wp","href":"https:\/\/api.w.org\/{rel}","templated":true}]}}