{"id":16732,"date":"2020-09-18T22:15:50","date_gmt":"2020-09-18T20:15:50","guid":{"rendered":"https:\/\/www.dakarmania.cz\/?p=16732"},"modified":"2020-10-05T01:21:46","modified_gmt":"2020-10-04T23:21:46","slug":"addc-zrusena-dubaj-potvrzena","status":"publish","type":"post","link":"https:\/\/www.dakarmania.cz\/index.php\/2020\/09\/18\/addc-zrusena-dubaj-potvrzena\/","title":{"rendered":"Abu Dhabi Desert Challenge zru\u0161ena, Dubajsk\u00e1 baja potvrzena"},"content":{"rendered":"<p>[vc_row][vc_column][vc_column_text css_animation=&#8221;fadeIn&#8221;]<\/p>\n<h3>T\u00fdmy p\u0159ipravuj\u00edc\u00ed se na Dakar 2021 mus\u00ed znovu m\u011bnit pl\u00e1ny. Mnoh\u00e9 z nich \u2013 a to i v\u010detn\u011b \u010desk\u00fdch \u2013 hodlaly vyrazit na Abu Dhabi Desert Challenge, kter\u00e1 m\u011bla b\u00fdt p\u0159elo\u017eena z jara na listopad. Pr\u00e1v\u011b ve Spojen\u00fdch arabsk\u00fdch emir\u00e1tech cht\u011bly otestovat techniku a sv\u00e9 z\u00e1vodn\u00edky op\u011bt dostat do z\u00e1vodn\u00edho tempa. Jen\u017ee po\u0159\u00e1daj\u00edc\u00ed autoklub ATCUAE v p\u00e1tek 18. z\u00e1\u0159\u00ed leto\u0161n\u00ed ro\u010dn\u00edk ADDC s definitivn\u00ed platnost\u00ed ofici\u00e1ln\u011b zru\u0161il.<\/h3>\n<p>[\/vc_column_text][vc_single_image image=&#8221;16731&#8243; img_size=&#8221;large&#8221; add_caption=&#8221;yes&#8221; alignment=&#8221;center&#8221; onclick=&#8221;link_image&#8221; css_animation=&#8221;fadeIn&#8221;][vc_column_text css_animation=&#8221;fadeIn&#8221;]Krom\u011b ADDC se kv\u016fli koronakrizi letos nejela Silk Way Rally, Rally Kazakhstan ani Rallye du Maroc. P\u0159itom v\u0161echny \u010dty\u0159i podniky m\u011bly b\u00fdt sou\u010d\u00e1st\u00ed Mistrovstv\u00ed sv\u011bta FIM i Sv\u011btov\u00e9ho poh\u00e1ru FIA v cross-country rally.<\/p>\n<p>V kalend\u00e1\u0159i SP FIA CCR tak z\u016fstala jedin\u00e1 sout\u011b\u017e, a sice Katarsk\u00e1 rally, kter\u00e1 se uskute\u010dnila u\u017e koncem \u00fanora. Mezin\u00e1rodn\u00ed automobilov\u00e1 federace (FIA) zat\u00edm neozn\u00e1mila, zda triumf na dom\u00e1c\u00ed p\u016fd\u011b bude Nasseru Al-Attiyahovi sta\u010dit i k zisku trofeje pro celkov\u00e9ho v\u00edt\u011bze SP.<\/p>\n<p>Je\u0161t\u011b zamotan\u011bj\u0161\u00ed hlavy maj\u00ed \u010dinovn\u00edci Mezin\u00e1rodn\u00ed motocyklov\u00e9 federace (FIM). Jejich sv\u011btov\u00fd \u0161ampion\u00e1t neza\u010d\u00ednal v Kataru, ale m\u011bla jej otev\u0159\u00edt a\u017e ADDC napl\u00e1novan\u00e1 p\u016fvodn\u011b na b\u0159ezen. Krom\u011b \u010dty\u0159 v\u00fd\u0161e zm\u00edn\u011bn\u00fdch (a zru\u0161en\u00fdch) sout\u011b\u017e\u00ed m\u011bla b\u00fdt jeho sou\u010d\u00e1st\u00ed je\u0161t\u011b srpnov\u00e1 Rally dos Sert\u00f5es. Jen\u017ee brazil\u0161t\u00ed po\u0159adatel\u00e9 sv\u016fj podnik kv\u016fli covidu-19 p\u0159esunuli na p\u0159elom \u0159\u00edjna a listopadu a spole\u010dn\u011b s t\u00edmto krokem odlo\u017eili i jeho n\u00e1vrat do MS.[\/vc_column_text][vc_single_image image=&#8221;15450&#8243; img_size=&#8221;large&#8221; add_caption=&#8221;yes&#8221; alignment=&#8221;center&#8221; onclick=&#8221;custom_link&#8221; img_link_target=&#8221;_blank&#8221; css_animation=&#8221;fadeIn&#8221; link=&#8221;http:\/\/eshop.dakarmania.cz\/&#8221;][vc_column_text css_animation=&#8221;fadeIn&#8221;]Nicm\u00e9n\u011b ani te\u010f je\u0161t\u011b nechce nejvy\u0161\u0161\u00ed autorita mezin\u00e1rodn\u00edho motocyklov\u00e9ho sportu leto\u0161n\u00ed sezonu sv\u011btov\u00e9ho \u0161ampion\u00e1tu \u201eodp\u00edskat\u201c. V prohl\u00e1\u0161en\u00ed, kter\u00e9 FIM vydala v p\u00e1tek 18. z\u00e1\u0159\u00ed, se krom\u011b informace o zru\u0161en\u00ed ADDC uv\u00e1d\u00ed, \u017ee federace st\u00e1le pracuje na tom, aby v kalend\u00e1\u0159i MS 2020 m\u011bla alespo\u0148 jeden podnik. Bli\u017e\u0161\u00ed informace zve\u0159ejn\u00ed, \u201ejakmile to bude mo\u017en\u00e9\u201c.<\/p>\n<p>FIM nepolevuje ani ve sv\u00fdch snah\u00e1ch o z\u00e1chranu sv\u011btov\u00e9ho poh\u00e1ru v baj\u00e1ch. Jeho zkr\u00e1cen\u00e1 sezona se rozj\u00ed\u017ed\u00ed tento v\u00edkend portugalskou Bajou TT do Pinhal, na kterou na po\u010d\u00e1tku listopadu nav\u00e1\u017ee Baja Portalegre. Trojd\u00edlnou s\u00e9rii by m\u011bla na konci listopadu zavr\u0161it Dubajsk\u00e1 baja, jej\u00ed\u017e kon\u00e1n\u00ed ATCUAE dnes (na rozd\u00edl od ADDC) potvrdil.<\/p>\n<p>Z\u00e1vody v Portalegre a Dubaji by m\u011bly b\u00fdt z\u00e1rove\u0148 sou\u010d\u00e1st\u00ed Sv\u011btov\u00e9ho poh\u00e1ru FIA v baj\u00e1ch, z n\u011bho\u017e se letos poda\u0159ilo odjet \u201eu\u017e\u201c dva podniky: \u00fanorovou Ruskou baju \u2013 Severn\u00ed les a z\u00e1\u0159ijovou Polskou baju.[\/vc_column_text][vc_column_text css_animation=&#8221;fadeIn&#8221;]<\/p>\n<table style=\"width: 97.7654%;\" rules=\"rows\" cellpadding=\"4px\">\n<tbody>\n<tr style=\"background-color: #9e9d9d; color: white;\">\n<td style=\"text-align: center; width: 99.8484%;\" colspan=\"3\"><strong>AKTUALIZOVAN\u00dd KALEND\u00c1\u0158 SP FIM V BAJ\u00c1CH 2020<\/strong><\/td>\n<\/tr>\n<tr style=\"background-color: #f2f2f2;\">\n<td>19.09.2020 &#8211; 20.09.2020<\/td>\n<td>Baja TT do Pinhal<\/td>\n<td class=\"nomobile\"><img decoding=\"async\" class=\"aligncenter\" src=\"\/wp-content\/uploads\/2019\/02\/flag-pt-18x12.png\" \/><\/td>\n<\/tr>\n<tr style=\"background-color: #dbd9d9;\">\n<td>05.11.2020 &#8211; 07.11.2020<\/td>\n<td>Baja Portalegre<\/td>\n<td class=\"nomobile\"><img decoding=\"async\" class=\"aligncenter\" src=\"\/wp-content\/uploads\/2019\/02\/flag-pt-18x12.png\" \/><\/td>\n<\/tr>\n<tr style=\"background-color: #f2f2f2;\">\n<td>26.11.2020 &#8211; 28.11.2020<\/td>\n<td>Dubai International Baja<\/td>\n<td class=\"nomobile\"><img decoding=\"async\" class=\"aligncenter\" src=\"\/wp-content\/uploads\/2019\/02\/flag-ae-18x12.png\" \/><\/td>\n<\/tr>\n<\/tbody>\n<\/table>\n<p>[\/vc_column_text][vc_empty_space height=&#8221;2px&#8221;][\/vc_column][\/vc_row]<\/p>\n","protected":false},"excerpt":{"rendered":"<p>T\u00fdmy p\u0159ipravuj\u00edc\u00ed se na Dakar 2021 mus\u00ed znovu m\u011bnit pl\u00e1ny. Mnoh\u00e9 z nich hodlaly vyrazit na Abu Dhabi Desert Challenge, jen\u017ee leto\u0161n\u00ed ro\u010dn\u00edk byl zru\u0161en.<\/p>\n","protected":false},"author":1,"featured_media":16731,"comment_status":"open","ping_status":"closed","sticky":false,"template":"","format":"standard","meta":{"footnotes":""},"categories":[520,332,98,97,155],"tags":[903,521,1478,333,1737,106,1728,105,1531,157,1729],"class_list":["post-16732","post","type-post","status-publish","format-standard","has-post-thumbnail","hentry","category-abu-dhabi-desert-challenge","category-dubai-baja","category-fia-baja","category-fia-ccr","category-fim-baja","tag-903","tag-addc","tag-addc-2020","tag-dubai-baja","tag-dubai-baja-2020","tag-sp-fia-baja","tag-sp-fia-baja-2020","tag-sp-fia-ccr","tag-sp-fia-ccr-2020","tag-sp-fim-baja","tag-sp-fim-baja-2020"],"yoast_head":"<!-- This site is optimized with the Yoast SEO plugin v24.9 - https:\/\/yoast.com\/wordpress\/plugins\/seo\/ -->\n<title>Abu Dhabi Desert Challenge zru\u0161ena, Dubajsk\u00e1 baja potvrzena - DAKARMANIA.cz<\/title>\n<meta name=\"description\" content=\"T\u00fdmy p\u0159ipravuj\u00edc\u00ed se na Dakar 2021 mus\u00ed znovu m\u011bnit pl\u00e1ny. Mnoh\u00e9 z nich hodlaly vyrazit na Abu Dhabi Desert Challenge, jen\u017ee leto\u0161n\u00ed ro\u010dn\u00edk byl zru\u0161en.\" \/>\n<meta name=\"robots\" content=\"index, follow, max-snippet:-1, max-image-preview:large, max-video-preview:-1\" \/>\n<link rel=\"canonical\" href=\"https:\/\/www.dakarmania.cz\/index.php\/2020\/09\/18\/addc-zrusena-dubaj-potvrzena\/\" \/>\n<meta property=\"og:locale\" content=\"cs_CZ\" \/>\n<meta property=\"og:type\" content=\"article\" \/>\n<meta property=\"og:title\" content=\"Abu Dhabi Desert Challenge zru\u0161ena, Dubajsk\u00e1 baja potvrzena - DAKARMANIA.cz\" \/>\n<meta property=\"og:description\" content=\"T\u00fdmy p\u0159ipravuj\u00edc\u00ed se na Dakar 2021 mus\u00ed znovu m\u011bnit pl\u00e1ny. Mnoh\u00e9 z nich hodlaly vyrazit na Abu Dhabi Desert Challenge, jen\u017ee leto\u0161n\u00ed ro\u010dn\u00edk byl zru\u0161en.\" \/>\n<meta property=\"og:url\" content=\"https:\/\/www.dakarmania.cz\/index.php\/2020\/09\/18\/addc-zrusena-dubaj-potvrzena\/\" \/>\n<meta property=\"og:site_name\" content=\"DAKARMANIA.cz\" \/>\n<meta property=\"article:publisher\" content=\"https:\/\/www.facebook.com\/dakarmania\/\" \/>\n<meta property=\"article:published_time\" content=\"2020-09-18T20:15:50+00:00\" \/>\n<meta property=\"article:modified_time\" content=\"2020-10-04T23:21:46+00:00\" \/>\n<meta property=\"og:image\" content=\"https:\/\/www.dakarmania.cz\/wp-content\/uploads\/2020\/09\/19-addc-prokop-17.jpg\" \/>\n\t<meta property=\"og:image:width\" content=\"1024\" \/>\n\t<meta property=\"og:image:height\" content=\"683\" \/>\n\t<meta property=\"og:image:type\" content=\"image\/jpeg\" \/>\n<meta name=\"author\" content=\"Zden\u011bk Zelenka\" \/>\n<meta name=\"twitter:card\" content=\"summary_large_image\" \/>\n<meta name=\"twitter:label1\" content=\"Napsal(a)\" \/>\n\t<meta name=\"twitter:data1\" content=\"Zden\u011bk Zelenka\" \/>\n\t<meta name=\"twitter:label2\" content=\"Odhadovan\u00e1 doba \u010dten\u00ed\" \/>\n\t<meta name=\"twitter:data2\" content=\"3 minuty\" \/>\n<script type=\"application\/ld+json\" class=\"yoast-schema-graph\">{\"@context\":\"https:\/\/schema.org\",\"@graph\":[{\"@type\":\"Article\",\"@id\":\"https:\/\/www.dakarmania.cz\/index.php\/2020\/09\/18\/addc-zrusena-dubaj-potvrzena\/#article\",\"isPartOf\":{\"@id\":\"https:\/\/www.dakarmania.cz\/index.php\/2020\/09\/18\/addc-zrusena-dubaj-potvrzena\/\"},\"author\":{\"name\":\"Zden\u011bk Zelenka\",\"@id\":\"https:\/\/www.dakarmania.cz\/#\/schema\/person\/04eb0e87a389631c2169c0dddae7ff1e\"},\"headline\":\"Abu Dhabi Desert Challenge zru\u0161ena, Dubajsk\u00e1 baja potvrzena\",\"datePublished\":\"2020-09-18T20:15:50+00:00\",\"dateModified\":\"2020-10-04T23:21:46+00:00\",\"mainEntityOfPage\":{\"@id\":\"https:\/\/www.dakarmania.cz\/index.php\/2020\/09\/18\/addc-zrusena-dubaj-potvrzena\/\"},\"wordCount\":596,\"commentCount\":0,\"publisher\":{\"@id\":\"https:\/\/www.dakarmania.cz\/#organization\"},\"image\":{\"@id\":\"https:\/\/www.dakarmania.cz\/index.php\/2020\/09\/18\/addc-zrusena-dubaj-potvrzena\/#primaryimage\"},\"thumbnailUrl\":\"https:\/\/www.dakarmania.cz\/wp-content\/uploads\/2020\/09\/19-addc-prokop-17.jpg\",\"keywords\":[\"2020\",\"ADDC\",\"ADDC 2020\",\"Dubai Baja\",\"Dubai Baja 2020\",\"SP FIA baja\",\"SP FIA baja 2020\",\"SP FIA CCR\",\"SP FIA CCR 2020\",\"SP FIM baja\",\"SP FIM baja 2020\"],\"articleSection\":[\"Abu Dhabi Desert Challenge\",\"Dubai International Baja\",\"FIA SP baja\",\"FIA SP CCR\",\"FIM SP baja\"],\"inLanguage\":\"cs\",\"potentialAction\":[{\"@type\":\"CommentAction\",\"name\":\"Comment\",\"target\":[\"https:\/\/www.dakarmania.cz\/index.php\/2020\/09\/18\/addc-zrusena-dubaj-potvrzena\/#respond\"]}]},{\"@type\":\"WebPage\",\"@id\":\"https:\/\/www.dakarmania.cz\/index.php\/2020\/09\/18\/addc-zrusena-dubaj-potvrzena\/\",\"url\":\"https:\/\/www.dakarmania.cz\/index.php\/2020\/09\/18\/addc-zrusena-dubaj-potvrzena\/\",\"name\":\"Abu Dhabi Desert Challenge zru\u0161ena, Dubajsk\u00e1 baja potvrzena - DAKARMANIA.cz\",\"isPartOf\":{\"@id\":\"https:\/\/www.dakarmania.cz\/#website\"},\"primaryImageOfPage\":{\"@id\":\"https:\/\/www.dakarmania.cz\/index.php\/2020\/09\/18\/addc-zrusena-dubaj-potvrzena\/#primaryimage\"},\"image\":{\"@id\":\"https:\/\/www.dakarmania.cz\/index.php\/2020\/09\/18\/addc-zrusena-dubaj-potvrzena\/#primaryimage\"},\"thumbnailUrl\":\"https:\/\/www.dakarmania.cz\/wp-content\/uploads\/2020\/09\/19-addc-prokop-17.jpg\",\"datePublished\":\"2020-09-18T20:15:50+00:00\",\"dateModified\":\"2020-10-04T23:21:46+00:00\",\"description\":\"T\u00fdmy p\u0159ipravuj\u00edc\u00ed se na Dakar 2021 mus\u00ed znovu m\u011bnit pl\u00e1ny. Mnoh\u00e9 z nich hodlaly vyrazit na Abu Dhabi Desert Challenge, jen\u017ee leto\u0161n\u00ed ro\u010dn\u00edk byl zru\u0161en.\",\"breadcrumb\":{\"@id\":\"https:\/\/www.dakarmania.cz\/index.php\/2020\/09\/18\/addc-zrusena-dubaj-potvrzena\/#breadcrumb\"},\"inLanguage\":\"cs\",\"potentialAction\":[{\"@type\":\"ReadAction\",\"target\":[\"https:\/\/www.dakarmania.cz\/index.php\/2020\/09\/18\/addc-zrusena-dubaj-potvrzena\/\"]}]},{\"@type\":\"ImageObject\",\"inLanguage\":\"cs\",\"@id\":\"https:\/\/www.dakarmania.cz\/index.php\/2020\/09\/18\/addc-zrusena-dubaj-potvrzena\/#primaryimage\",\"url\":\"https:\/\/www.dakarmania.cz\/wp-content\/uploads\/2020\/09\/19-addc-prokop-17.jpg\",\"contentUrl\":\"https:\/\/www.dakarmania.cz\/wp-content\/uploads\/2020\/09\/19-addc-prokop-17.jpg\",\"width\":1024,\"height\":683,\"caption\":\"Pro Martina Prokopa a Viktora Chytku byla ADDC 2019 prvn\u00edm spole\u010dn\u00fdm z\u00e1vodem. Letos si ji ale nezopakuj\u00ed. \u00a9 MP-Sports\"},{\"@type\":\"BreadcrumbList\",\"@id\":\"https:\/\/www.dakarmania.cz\/index.php\/2020\/09\/18\/addc-zrusena-dubaj-potvrzena\/#breadcrumb\",\"itemListElement\":[{\"@type\":\"ListItem\",\"position\":1,\"name\":\"Dom\u016f\",\"item\":\"https:\/\/www.dakarmania.cz\/\"},{\"@type\":\"ListItem\",\"position\":2,\"name\":\"Abu Dhabi Desert Challenge zru\u0161ena, Dubajsk\u00e1 baja potvrzena\"}]},{\"@type\":\"WebSite\",\"@id\":\"https:\/\/www.dakarmania.cz\/#website\",\"url\":\"https:\/\/www.dakarmania.cz\/\",\"name\":\"DAKARMANIA.cz\",\"description\":\"\u017dijeme Dakarem cel\u00fd rok\",\"publisher\":{\"@id\":\"https:\/\/www.dakarmania.cz\/#organization\"},\"potentialAction\":[{\"@type\":\"SearchAction\",\"target\":{\"@type\":\"EntryPoint\",\"urlTemplate\":\"https:\/\/www.dakarmania.cz\/?s={search_term_string}\"},\"query-input\":{\"@type\":\"PropertyValueSpecification\",\"valueRequired\":true,\"valueName\":\"search_term_string\"}}],\"inLanguage\":\"cs\"},{\"@type\":\"Organization\",\"@id\":\"https:\/\/www.dakarmania.cz\/#organization\",\"name\":\"DAKAR MANIA\",\"url\":\"https:\/\/www.dakarmania.cz\/\",\"logo\":{\"@type\":\"ImageObject\",\"inLanguage\":\"cs\",\"@id\":\"https:\/\/www.dakarmania.cz\/#\/schema\/logo\/image\/\",\"url\":\"https:\/\/www.dakarmania.cz\/wp-content\/uploads\/2018\/12\/Dakar-Mania-Logo-Square-Orange.png\",\"contentUrl\":\"https:\/\/www.dakarmania.cz\/wp-content\/uploads\/2018\/12\/Dakar-Mania-Logo-Square-Orange.png\",\"width\":992,\"height\":992,\"caption\":\"DAKAR MANIA\"},\"image\":{\"@id\":\"https:\/\/www.dakarmania.cz\/#\/schema\/logo\/image\/\"},\"sameAs\":[\"https:\/\/www.facebook.com\/dakarmania\/\"]},{\"@type\":\"Person\",\"@id\":\"https:\/\/www.dakarmania.cz\/#\/schema\/person\/04eb0e87a389631c2169c0dddae7ff1e\",\"name\":\"Zden\u011bk Zelenka\",\"image\":{\"@type\":\"ImageObject\",\"inLanguage\":\"cs\",\"@id\":\"https:\/\/www.dakarmania.cz\/#\/schema\/person\/image\/\",\"url\":\"https:\/\/secure.gravatar.com\/avatar\/2c80d5a4942fe0900b73cc7d3837a509d6ee0a276a2b76dac95c92bd0763a89b?s=96&d=mm&r=g\",\"contentUrl\":\"https:\/\/secure.gravatar.com\/avatar\/2c80d5a4942fe0900b73cc7d3837a509d6ee0a276a2b76dac95c92bd0763a89b?s=96&d=mm&r=g\",\"caption\":\"Zden\u011bk Zelenka\"},\"description\":\"Moji d\u011bt\u0161t\u00ed hrdinov\u00e9 se jmenovali Loprais, Moskal, Neveu, Vatanen, Rahier... A tihle borci, jejich n\u00e1sledovn\u00edci a jejich p\u0159\u00edb\u011bhy m\u011b nep\u0159estali fascinovat ani po letech, kdy jsem vyrostl a zam\u011bstn\u00e1valy m\u011b jin\u00e9 discipl\u00edny motorsportu. Proto se zrodila DAKARMANIA.\",\"url\":\"https:\/\/www.dakarmania.cz\/index.php\/author\/dakarmania\/\"}]}<\/script>\n<!-- \/ Yoast SEO plugin. -->","yoast_head_json":{"title":"Abu Dhabi Desert Challenge zru\u0161ena, Dubajsk\u00e1 baja potvrzena - DAKARMANIA.cz","description":"T\u00fdmy p\u0159ipravuj\u00edc\u00ed se na Dakar 2021 mus\u00ed znovu m\u011bnit pl\u00e1ny. Mnoh\u00e9 z nich hodlaly vyrazit na Abu Dhabi Desert Challenge, jen\u017ee leto\u0161n\u00ed ro\u010dn\u00edk byl zru\u0161en.","robots":{"index":"index","follow":"follow","max-snippet":"max-snippet:-1","max-image-preview":"max-image-preview:large","max-video-preview":"max-video-preview:-1"},"canonical":"https:\/\/www.dakarmania.cz\/index.php\/2020\/09\/18\/addc-zrusena-dubaj-potvrzena\/","og_locale":"cs_CZ","og_type":"article","og_title":"Abu Dhabi Desert Challenge zru\u0161ena, Dubajsk\u00e1 baja potvrzena - DAKARMANIA.cz","og_description":"T\u00fdmy p\u0159ipravuj\u00edc\u00ed se na Dakar 2021 mus\u00ed znovu m\u011bnit pl\u00e1ny. Mnoh\u00e9 z nich hodlaly vyrazit na Abu Dhabi Desert Challenge, jen\u017ee leto\u0161n\u00ed ro\u010dn\u00edk byl zru\u0161en.","og_url":"https:\/\/www.dakarmania.cz\/index.php\/2020\/09\/18\/addc-zrusena-dubaj-potvrzena\/","og_site_name":"DAKARMANIA.cz","article_publisher":"https:\/\/www.facebook.com\/dakarmania\/","article_published_time":"2020-09-18T20:15:50+00:00","article_modified_time":"2020-10-04T23:21:46+00:00","og_image":[{"width":1024,"height":683,"url":"https:\/\/www.dakarmania.cz\/wp-content\/uploads\/2020\/09\/19-addc-prokop-17.jpg","type":"image\/jpeg"}],"author":"Zden\u011bk Zelenka","twitter_card":"summary_large_image","twitter_misc":{"Napsal(a)":"Zden\u011bk Zelenka","Odhadovan\u00e1 doba \u010dten\u00ed":"3 minuty"},"schema":{"@context":"https:\/\/schema.org","@graph":[{"@type":"Article","@id":"https:\/\/www.dakarmania.cz\/index.php\/2020\/09\/18\/addc-zrusena-dubaj-potvrzena\/#article","isPartOf":{"@id":"https:\/\/www.dakarmania.cz\/index.php\/2020\/09\/18\/addc-zrusena-dubaj-potvrzena\/"},"author":{"name":"Zden\u011bk Zelenka","@id":"https:\/\/www.dakarmania.cz\/#\/schema\/person\/04eb0e87a389631c2169c0dddae7ff1e"},"headline":"Abu Dhabi Desert Challenge zru\u0161ena, Dubajsk\u00e1 baja potvrzena","datePublished":"2020-09-18T20:15:50+00:00","dateModified":"2020-10-04T23:21:46+00:00","mainEntityOfPage":{"@id":"https:\/\/www.dakarmania.cz\/index.php\/2020\/09\/18\/addc-zrusena-dubaj-potvrzena\/"},"wordCount":596,"commentCount":0,"publisher":{"@id":"https:\/\/www.dakarmania.cz\/#organization"},"image":{"@id":"https:\/\/www.dakarmania.cz\/index.php\/2020\/09\/18\/addc-zrusena-dubaj-potvrzena\/#primaryimage"},"thumbnailUrl":"https:\/\/www.dakarmania.cz\/wp-content\/uploads\/2020\/09\/19-addc-prokop-17.jpg","keywords":["2020","ADDC","ADDC 2020","Dubai Baja","Dubai Baja 2020","SP FIA baja","SP FIA baja 2020","SP FIA CCR","SP FIA CCR 2020","SP FIM baja","SP FIM baja 2020"],"articleSection":["Abu Dhabi Desert Challenge","Dubai International Baja","FIA SP baja","FIA SP CCR","FIM SP baja"],"inLanguage":"cs","potentialAction":[{"@type":"CommentAction","name":"Comment","target":["https:\/\/www.dakarmania.cz\/index.php\/2020\/09\/18\/addc-zrusena-dubaj-potvrzena\/#respond"]}]},{"@type":"WebPage","@id":"https:\/\/www.dakarmania.cz\/index.php\/2020\/09\/18\/addc-zrusena-dubaj-potvrzena\/","url":"https:\/\/www.dakarmania.cz\/index.php\/2020\/09\/18\/addc-zrusena-dubaj-potvrzena\/","name":"Abu Dhabi Desert Challenge zru\u0161ena, Dubajsk\u00e1 baja potvrzena - DAKARMANIA.cz","isPartOf":{"@id":"https:\/\/www.dakarmania.cz\/#website"},"primaryImageOfPage":{"@id":"https:\/\/www.dakarmania.cz\/index.php\/2020\/09\/18\/addc-zrusena-dubaj-potvrzena\/#primaryimage"},"image":{"@id":"https:\/\/www.dakarmania.cz\/index.php\/2020\/09\/18\/addc-zrusena-dubaj-potvrzena\/#primaryimage"},"thumbnailUrl":"https:\/\/www.dakarmania.cz\/wp-content\/uploads\/2020\/09\/19-addc-prokop-17.jpg","datePublished":"2020-09-18T20:15:50+00:00","dateModified":"2020-10-04T23:21:46+00:00","description":"T\u00fdmy p\u0159ipravuj\u00edc\u00ed se na Dakar 2021 mus\u00ed znovu m\u011bnit pl\u00e1ny. Mnoh\u00e9 z nich hodlaly vyrazit na Abu Dhabi Desert Challenge, jen\u017ee leto\u0161n\u00ed ro\u010dn\u00edk byl zru\u0161en.","breadcrumb":{"@id":"https:\/\/www.dakarmania.cz\/index.php\/2020\/09\/18\/addc-zrusena-dubaj-potvrzena\/#breadcrumb"},"inLanguage":"cs","potentialAction":[{"@type":"ReadAction","target":["https:\/\/www.dakarmania.cz\/index.php\/2020\/09\/18\/addc-zrusena-dubaj-potvrzena\/"]}]},{"@type":"ImageObject","inLanguage":"cs","@id":"https:\/\/www.dakarmania.cz\/index.php\/2020\/09\/18\/addc-zrusena-dubaj-potvrzena\/#primaryimage","url":"https:\/\/www.dakarmania.cz\/wp-content\/uploads\/2020\/09\/19-addc-prokop-17.jpg","contentUrl":"https:\/\/www.dakarmania.cz\/wp-content\/uploads\/2020\/09\/19-addc-prokop-17.jpg","width":1024,"height":683,"caption":"Pro Martina Prokopa a Viktora Chytku byla ADDC 2019 prvn\u00edm spole\u010dn\u00fdm z\u00e1vodem. Letos si ji ale nezopakuj\u00ed. \u00a9 MP-Sports"},{"@type":"BreadcrumbList","@id":"https:\/\/www.dakarmania.cz\/index.php\/2020\/09\/18\/addc-zrusena-dubaj-potvrzena\/#breadcrumb","itemListElement":[{"@type":"ListItem","position":1,"name":"Dom\u016f","item":"https:\/\/www.dakarmania.cz\/"},{"@type":"ListItem","position":2,"name":"Abu Dhabi Desert Challenge zru\u0161ena, Dubajsk\u00e1 baja potvrzena"}]},{"@type":"WebSite","@id":"https:\/\/www.dakarmania.cz\/#website","url":"https:\/\/www.dakarmania.cz\/","name":"DAKARMANIA.cz","description":"\u017dijeme Dakarem cel\u00fd rok","publisher":{"@id":"https:\/\/www.dakarmania.cz\/#organization"},"potentialAction":[{"@type":"SearchAction","target":{"@type":"EntryPoint","urlTemplate":"https:\/\/www.dakarmania.cz\/?s={search_term_string}"},"query-input":{"@type":"PropertyValueSpecification","valueRequired":true,"valueName":"search_term_string"}}],"inLanguage":"cs"},{"@type":"Organization","@id":"https:\/\/www.dakarmania.cz\/#organization","name":"DAKAR MANIA","url":"https:\/\/www.dakarmania.cz\/","logo":{"@type":"ImageObject","inLanguage":"cs","@id":"https:\/\/www.dakarmania.cz\/#\/schema\/logo\/image\/","url":"https:\/\/www.dakarmania.cz\/wp-content\/uploads\/2018\/12\/Dakar-Mania-Logo-Square-Orange.png","contentUrl":"https:\/\/www.dakarmania.cz\/wp-content\/uploads\/2018\/12\/Dakar-Mania-Logo-Square-Orange.png","width":992,"height":992,"caption":"DAKAR MANIA"},"image":{"@id":"https:\/\/www.dakarmania.cz\/#\/schema\/logo\/image\/"},"sameAs":["https:\/\/www.facebook.com\/dakarmania\/"]},{"@type":"Person","@id":"https:\/\/www.dakarmania.cz\/#\/schema\/person\/04eb0e87a389631c2169c0dddae7ff1e","name":"Zden\u011bk Zelenka","image":{"@type":"ImageObject","inLanguage":"cs","@id":"https:\/\/www.dakarmania.cz\/#\/schema\/person\/image\/","url":"https:\/\/secure.gravatar.com\/avatar\/2c80d5a4942fe0900b73cc7d3837a509d6ee0a276a2b76dac95c92bd0763a89b?s=96&d=mm&r=g","contentUrl":"https:\/\/secure.gravatar.com\/avatar\/2c80d5a4942fe0900b73cc7d3837a509d6ee0a276a2b76dac95c92bd0763a89b?s=96&d=mm&r=g","caption":"Zden\u011bk Zelenka"},"description":"Moji d\u011bt\u0161t\u00ed hrdinov\u00e9 se jmenovali Loprais, Moskal, Neveu, Vatanen, Rahier... A tihle borci, jejich n\u00e1sledovn\u00edci a jejich p\u0159\u00edb\u011bhy m\u011b nep\u0159estali fascinovat ani po letech, kdy jsem vyrostl a zam\u011bstn\u00e1valy m\u011b jin\u00e9 discipl\u00edny motorsportu. Proto se zrodila DAKARMANIA.","url":"https:\/\/www.dakarmania.cz\/index.php\/author\/dakarmania\/"}]}},"amp_enabled":true,"_links":{"self":[{"href":"https:\/\/www.dakarmania.cz\/index.php\/wp-json\/wp\/v2\/posts\/16732","targetHints":{"allow":["GET"]}}],"collection":[{"href":"https:\/\/www.dakarmania.cz\/index.php\/wp-json\/wp\/v2\/posts"}],"about":[{"href":"https:\/\/www.dakarmania.cz\/index.php\/wp-json\/wp\/v2\/types\/post"}],"author":[{"embeddable":true,"href":"https:\/\/www.dakarmania.cz\/index.php\/wp-json\/wp\/v2\/users\/1"}],"replies":[{"embeddable":true,"href":"https:\/\/www.dakarmania.cz\/index.php\/wp-json\/wp\/v2\/comments?post=16732"}],"version-history":[{"count":3,"href":"https:\/\/www.dakarmania.cz\/index.php\/wp-json\/wp\/v2\/posts\/16732\/revisions"}],"predecessor-version":[{"id":16735,"href":"https:\/\/www.dakarmania.cz\/index.php\/wp-json\/wp\/v2\/posts\/16732\/revisions\/16735"}],"wp:featuredmedia":[{"embeddable":true,"href":"https:\/\/www.dakarmania.cz\/index.php\/wp-json\/wp\/v2\/media\/16731"}],"wp:attachment":[{"href":"https:\/\/www.dakarmania.cz\/index.php\/wp-json\/wp\/v2\/media?parent=16732"}],"wp:term":[{"taxonomy":"category","embeddable":true,"href":"https:\/\/www.dakarmania.cz\/index.php\/wp-json\/wp\/v2\/categories?post=16732"},{"taxonomy":"post_tag","embeddable":true,"href":"https:\/\/www.dakarmania.cz\/index.php\/wp-json\/wp\/v2\/tags?post=16732"}],"curies":[{"name":"wp","href":"https:\/\/api.w.org\/{rel}","templated":true}]}}