{"id":16761,"date":"2020-09-30T01:09:04","date_gmt":"2020-09-29T23:09:04","guid":{"rendered":"https:\/\/www.dakarmania.cz\/?p=16761"},"modified":"2020-10-16T03:45:33","modified_gmt":"2020-10-16T01:45:33","slug":"dakar-2021-sebastien-loeb-se-vraci","status":"publish","type":"post","link":"https:\/\/www.dakarmania.cz\/index.php\/2020\/09\/30\/dakar-2021-sebastien-loeb-se-vraci\/","title":{"rendered":"Dakar 2021: S\u00e9bastien Loeb se vrac\u00ed"},"content":{"rendered":"<p>[vc_row][vc_column][vc_column_text css_animation=&#8221;fadeIn&#8221;]<\/p>\n<h3>S\u00e9bastien Loeb se pop\u00e1t\u00e9 postav\u00ed na start Rally Dakar. Francouz v Turecku odjel svou posledn\u00ed sout\u011b\u017e v r\u00e1mci leto\u0161n\u00ed zkr\u00e1cen\u00e9 sezony mistrovstv\u00ed sv\u011bta v rally a brzy bychom se m\u011bli do\u010dkat ofici\u00e1ln\u00edho ozn\u00e1men\u00ed o jeho n\u00e1vratu na nejzn\u00e1m\u011bj\u0161\u00ed maratonskou rally sv\u011bta.<\/h3>\n<p>[\/vc_column_text][vc_single_image image=&#8221;16760&#8243; img_size=&#8221;large&#8221; add_caption=&#8221;yes&#8221; alignment=&#8221;center&#8221; onclick=&#8221;link_image&#8221; css_animation=&#8221;fadeIn&#8221;][vc_column_text css_animation=&#8221;fadeIn&#8221;]Britsk\u00fd Prodrive neskr\u00fdv\u00e1 sv\u00e9 ambice a hned p\u0159i sv\u00e9m debutu na Rally Dakar <a href=\"\/index.php\/2020\/06\/23\/brx-dakar-2021-mozna-se-tremi-vozy\/\">chce \u010de\u0159it vody<\/a> na \u0161pici kategorie automobil\u016f. Jeho in\u017een\u00fd\u0159i u\u017e p\u0159es rok p\u0159ipravuj\u00ed speci\u00e1ly BRX T1 4&#215;4 vlastn\u00ed konstrukce a \u0161\u00e9f t\u00fdmu David Richards d\u00e1v\u00e1 dohromady silnou jezdeckou sestavu. Krom\u011b dvojn\u00e1sobn\u00e9ho dakarsk\u00e9ho v\u00edt\u011bze Naniho Romy, jeho\u017e <a href=\"\/index.php\/2020\/09\/15\/nani-roma-bahrain-raid-xtreme\/\">anga\u017em\u00e1 potvrdil<\/a> v polovin\u011b z\u00e1\u0159\u00ed, se Bahrain Raid Xtreme dohodl tak\u00e9 se S\u00e9bastienem Loebem.<\/p>\n<p>\u0160esta\u010dty\u0159icetilet\u00fd Francouz se na Dakar vr\u00e1t\u00ed po ro\u010dn\u00ed p\u0159est\u00e1vce a poprv\u00e9 tak okus\u00ed kouzlo i n\u00e1strahy Sa\u00fadsk\u00e9 Ar\u00e1bie. Premi\u00e9rov\u011b tak\u00e9 usedne do vozu s pohonem v\u0161ech \u010dty\u0159 kol, proto\u017ee v letech 2016 a\u017e 2019 pilotoval poka\u017ed\u00e9 buggy Peugeot s jedinou poh\u00e1n\u011bnou n\u00e1pravou. V\u011brn\u00fd naopak z\u016fst\u00e1v\u00e1 sv\u00e9mu dlouholet\u00e9mu navig\u00e1torovi Danielu Elenovi.<\/p>\n<p>Stejn\u011b jako v roce 2019 m\u011bl dev\u00edtin\u00e1sobn\u00fd mistr sv\u011bta v rally i letos pos\u00edlit tov\u00e1rn\u00ed t\u00fdm Hyundai na vybran\u00fdch podnic\u00edch WRC. Po redukci kalend\u00e1\u0159e, kterou si vynutila opat\u0159en\u00ed p\u0159ijat\u00e1 v d\u016fsledku \u0161\u00ed\u0159en\u00ed nemoci covid-19, v\u0161ak dostal p\u0159\u00edle\u017eitost pouze dvakr\u00e1t. K \u0161est\u00e9mu m\u00edstu z lednov\u00e9 Rallye Monte Carlo p\u0159idal na z\u00e1\u0159ijov\u00e9 Tureck\u00e9 rally bronz. Na zb\u00fdvaj\u00edc\u00edch dvou podnic\u00edch v It\u00e1lii a Belgii v\u0161ak Hyundai s Francouzov\u00fdmi slu\u017ebami u\u017e nepo\u010d\u00edt\u00e1. D\u00edky tomu m\u00e1 Loeb nyn\u00ed voln\u00e9 ruce a m\u016f\u017ee se u\u017e v \u0159\u00edjnu zapojit do testov\u00e1n\u00ed t\u00fdmu Bahrain Raid Xtreme na Bl\u00edzk\u00e9m v\u00fdchod\u011b.[\/vc_column_text][vc_single_image image=&#8221;15450&#8243; img_size=&#8221;large&#8221; add_caption=&#8221;yes&#8221; alignment=&#8221;center&#8221; onclick=&#8221;custom_link&#8221; img_link_target=&#8221;_blank&#8221; css_animation=&#8221;fadeIn&#8221; link=&#8221;http:\/\/eshop.dakarmania.cz\/&#8221;][vc_column_text css_animation=&#8221;fadeIn&#8221;]Svou novou zbra\u0148 tak poprv\u00e9 okus\u00ed jen o m\u00e1lo pozd\u011bji ne\u017e Roma, jen\u017e s BRX T1 4&#215;4 absolvuje prvn\u00ed testy tento t\u00fdden v Anglii.<\/p>\n<p>Zat\u00edmco Loeb\u016fv n\u00e1vrat na Dakar by m\u011bl b\u00fdt jist\u00fd, nad jeho budoucnost\u00ed ve WRC vis\u00ed otazn\u00edk. Smlouva s Hyundaiem vypr\u0161ela a nen\u00ed jist\u00e9, zda se ob\u011b strany dohodnou na pokra\u010dov\u00e1n\u00ed spolupr\u00e1ce.<\/p>\n<p>Loeb v prvn\u00ed polovin\u011b roku <a href=\"\/index.php\/2020\/05\/23\/loeba-laka-navrat-na-dakar\/\">jednal s Toyotou<\/a>, a to nejen o sv\u00e9m dakarsk\u00e9m comebacku. Sou\u010d\u00e1st\u00ed spole\u010dn\u00e9ho projektu m\u011bla b\u00fdt i \u00fa\u010dast na vybran\u00fdch podnic\u00edch WRC 2021. Jedn\u00e1n\u00ed v\u0161ak k oboustrann\u011b akceptovateln\u00e9 dohod\u011b nedosp\u011bla.[\/vc_column_text][vc_empty_space height=&#8221;2px&#8221;][\/vc_column][\/vc_row]<\/p>\n","protected":false},"excerpt":{"rendered":"<p>S\u00e9bastien Loeb odjel svou posledn\u00ed sout\u011b\u017e v r\u00e1mci leto\u0161n\u00ed sezony WRC a brzy bychom se m\u011bli do\u010dkat ofici\u00e1ln\u00edho ozn\u00e1men\u00ed o jeho n\u00e1vratu na Dakar.<\/p>\n","protected":false},"author":1,"featured_media":16760,"comment_status":"open","ping_status":"closed","sticky":false,"template":"","format":"standard","meta":{"footnotes":""},"categories":[3,1688],"tags":[903,1630,1741,1740,8,1475,208,1694,207],"class_list":["post-16761","post","type-post","status-publish","format-standard","has-post-thumbnail","hentry","category-auto","category-dakar-2021","tag-903","tag-1630","tag-bahrain-raid-xtreme","tag-brx","tag-dakar","tag-dakar-2021","tag-daniel-elena","tag-prodrive","tag-sebastien-loeb"],"yoast_head":"<!-- This site is optimized with the Yoast SEO plugin v24.9 - https:\/\/yoast.com\/wordpress\/plugins\/seo\/ -->\n<title>Dakar 2021: S\u00e9bastien Loeb se vrac\u00ed - DAKARMANIA.cz<\/title>\n<meta name=\"description\" content=\"S\u00e9bastien Loeb odjel svou posledn\u00ed sout\u011b\u017e v r\u00e1mci leto\u0161n\u00ed sezony WRC a brzy bychom se m\u011bli do\u010dkat ofici\u00e1ln\u00edho ozn\u00e1men\u00ed o jeho n\u00e1vratu na Dakar.\" \/>\n<meta name=\"robots\" content=\"index, follow, max-snippet:-1, max-image-preview:large, max-video-preview:-1\" \/>\n<link rel=\"canonical\" href=\"https:\/\/www.dakarmania.cz\/index.php\/2020\/09\/30\/dakar-2021-sebastien-loeb-se-vraci\/\" \/>\n<meta property=\"og:locale\" content=\"cs_CZ\" \/>\n<meta property=\"og:type\" content=\"article\" \/>\n<meta property=\"og:title\" content=\"Dakar 2021: S\u00e9bastien Loeb se vrac\u00ed - DAKARMANIA.cz\" \/>\n<meta property=\"og:description\" content=\"S\u00e9bastien Loeb odjel svou posledn\u00ed sout\u011b\u017e v r\u00e1mci leto\u0161n\u00ed sezony WRC a brzy bychom se m\u011bli do\u010dkat ofici\u00e1ln\u00edho ozn\u00e1men\u00ed o jeho n\u00e1vratu na Dakar.\" \/>\n<meta property=\"og:url\" content=\"https:\/\/www.dakarmania.cz\/index.php\/2020\/09\/30\/dakar-2021-sebastien-loeb-se-vraci\/\" \/>\n<meta property=\"og:site_name\" content=\"DAKARMANIA.cz\" \/>\n<meta property=\"article:publisher\" content=\"https:\/\/www.facebook.com\/dakarmania\/\" \/>\n<meta property=\"article:published_time\" content=\"2020-09-29T23:09:04+00:00\" \/>\n<meta property=\"article:modified_time\" content=\"2020-10-16T01:45:33+00:00\" \/>\n<meta property=\"og:image\" content=\"https:\/\/www.dakarmania.cz\/wp-content\/uploads\/2020\/09\/19-dakar-loeb-25.jpg\" \/>\n\t<meta property=\"og:image:width\" content=\"1024\" \/>\n\t<meta property=\"og:image:height\" content=\"683\" \/>\n\t<meta property=\"og:image:type\" content=\"image\/jpeg\" \/>\n<meta name=\"author\" content=\"Zden\u011bk Zelenka\" \/>\n<meta name=\"twitter:card\" content=\"summary_large_image\" \/>\n<meta name=\"twitter:label1\" content=\"Napsal(a)\" \/>\n\t<meta name=\"twitter:data1\" content=\"Zden\u011bk Zelenka\" \/>\n\t<meta name=\"twitter:label2\" content=\"Odhadovan\u00e1 doba \u010dten\u00ed\" \/>\n\t<meta name=\"twitter:data2\" content=\"3 minuty\" \/>\n<script type=\"application\/ld+json\" class=\"yoast-schema-graph\">{\"@context\":\"https:\/\/schema.org\",\"@graph\":[{\"@type\":\"Article\",\"@id\":\"https:\/\/www.dakarmania.cz\/index.php\/2020\/09\/30\/dakar-2021-sebastien-loeb-se-vraci\/#article\",\"isPartOf\":{\"@id\":\"https:\/\/www.dakarmania.cz\/index.php\/2020\/09\/30\/dakar-2021-sebastien-loeb-se-vraci\/\"},\"author\":{\"name\":\"Zden\u011bk Zelenka\",\"@id\":\"https:\/\/www.dakarmania.cz\/#\/schema\/person\/04eb0e87a389631c2169c0dddae7ff1e\"},\"headline\":\"Dakar 2021: S\u00e9bastien Loeb se vrac\u00ed\",\"datePublished\":\"2020-09-29T23:09:04+00:00\",\"dateModified\":\"2020-10-16T01:45:33+00:00\",\"mainEntityOfPage\":{\"@id\":\"https:\/\/www.dakarmania.cz\/index.php\/2020\/09\/30\/dakar-2021-sebastien-loeb-se-vraci\/\"},\"wordCount\":538,\"commentCount\":0,\"publisher\":{\"@id\":\"https:\/\/www.dakarmania.cz\/#organization\"},\"image\":{\"@id\":\"https:\/\/www.dakarmania.cz\/index.php\/2020\/09\/30\/dakar-2021-sebastien-loeb-se-vraci\/#primaryimage\"},\"thumbnailUrl\":\"https:\/\/www.dakarmania.cz\/wp-content\/uploads\/2020\/09\/19-dakar-loeb-25.jpg\",\"keywords\":[\"2020\",\"2021\",\"Bahrain Raid Xtreme\",\"BRX\",\"Dakar\",\"Dakar 2021\",\"Daniel Elena\",\"Prodrive\",\"S\u00e9bastien Loeb\"],\"articleSection\":[\"Auto\",\"Dakar 2021\"],\"inLanguage\":\"cs\",\"potentialAction\":[{\"@type\":\"CommentAction\",\"name\":\"Comment\",\"target\":[\"https:\/\/www.dakarmania.cz\/index.php\/2020\/09\/30\/dakar-2021-sebastien-loeb-se-vraci\/#respond\"]}]},{\"@type\":\"WebPage\",\"@id\":\"https:\/\/www.dakarmania.cz\/index.php\/2020\/09\/30\/dakar-2021-sebastien-loeb-se-vraci\/\",\"url\":\"https:\/\/www.dakarmania.cz\/index.php\/2020\/09\/30\/dakar-2021-sebastien-loeb-se-vraci\/\",\"name\":\"Dakar 2021: S\u00e9bastien Loeb se vrac\u00ed - DAKARMANIA.cz\",\"isPartOf\":{\"@id\":\"https:\/\/www.dakarmania.cz\/#website\"},\"primaryImageOfPage\":{\"@id\":\"https:\/\/www.dakarmania.cz\/index.php\/2020\/09\/30\/dakar-2021-sebastien-loeb-se-vraci\/#primaryimage\"},\"image\":{\"@id\":\"https:\/\/www.dakarmania.cz\/index.php\/2020\/09\/30\/dakar-2021-sebastien-loeb-se-vraci\/#primaryimage\"},\"thumbnailUrl\":\"https:\/\/www.dakarmania.cz\/wp-content\/uploads\/2020\/09\/19-dakar-loeb-25.jpg\",\"datePublished\":\"2020-09-29T23:09:04+00:00\",\"dateModified\":\"2020-10-16T01:45:33+00:00\",\"description\":\"S\u00e9bastien Loeb odjel svou posledn\u00ed sout\u011b\u017e v r\u00e1mci leto\u0161n\u00ed sezony WRC a brzy bychom se m\u011bli do\u010dkat ofici\u00e1ln\u00edho ozn\u00e1men\u00ed o jeho n\u00e1vratu na Dakar.\",\"breadcrumb\":{\"@id\":\"https:\/\/www.dakarmania.cz\/index.php\/2020\/09\/30\/dakar-2021-sebastien-loeb-se-vraci\/#breadcrumb\"},\"inLanguage\":\"cs\",\"potentialAction\":[{\"@type\":\"ReadAction\",\"target\":[\"https:\/\/www.dakarmania.cz\/index.php\/2020\/09\/30\/dakar-2021-sebastien-loeb-se-vraci\/\"]}]},{\"@type\":\"ImageObject\",\"inLanguage\":\"cs\",\"@id\":\"https:\/\/www.dakarmania.cz\/index.php\/2020\/09\/30\/dakar-2021-sebastien-loeb-se-vraci\/#primaryimage\",\"url\":\"https:\/\/www.dakarmania.cz\/wp-content\/uploads\/2020\/09\/19-dakar-loeb-25.jpg\",\"contentUrl\":\"https:\/\/www.dakarmania.cz\/wp-content\/uploads\/2020\/09\/19-dakar-loeb-25.jpg\",\"width\":1024,\"height\":683,\"caption\":\"S\u00e9bastien Loeb, PH Sport. Rally Dakar 2019. \u00a9 Red Bull Content Pool\"},{\"@type\":\"BreadcrumbList\",\"@id\":\"https:\/\/www.dakarmania.cz\/index.php\/2020\/09\/30\/dakar-2021-sebastien-loeb-se-vraci\/#breadcrumb\",\"itemListElement\":[{\"@type\":\"ListItem\",\"position\":1,\"name\":\"Dom\u016f\",\"item\":\"https:\/\/www.dakarmania.cz\/\"},{\"@type\":\"ListItem\",\"position\":2,\"name\":\"Dakar 2021: S\u00e9bastien Loeb se vrac\u00ed\"}]},{\"@type\":\"WebSite\",\"@id\":\"https:\/\/www.dakarmania.cz\/#website\",\"url\":\"https:\/\/www.dakarmania.cz\/\",\"name\":\"DAKARMANIA.cz\",\"description\":\"\u017dijeme Dakarem cel\u00fd rok\",\"publisher\":{\"@id\":\"https:\/\/www.dakarmania.cz\/#organization\"},\"potentialAction\":[{\"@type\":\"SearchAction\",\"target\":{\"@type\":\"EntryPoint\",\"urlTemplate\":\"https:\/\/www.dakarmania.cz\/?s={search_term_string}\"},\"query-input\":{\"@type\":\"PropertyValueSpecification\",\"valueRequired\":true,\"valueName\":\"search_term_string\"}}],\"inLanguage\":\"cs\"},{\"@type\":\"Organization\",\"@id\":\"https:\/\/www.dakarmania.cz\/#organization\",\"name\":\"DAKAR MANIA\",\"url\":\"https:\/\/www.dakarmania.cz\/\",\"logo\":{\"@type\":\"ImageObject\",\"inLanguage\":\"cs\",\"@id\":\"https:\/\/www.dakarmania.cz\/#\/schema\/logo\/image\/\",\"url\":\"https:\/\/www.dakarmania.cz\/wp-content\/uploads\/2018\/12\/Dakar-Mania-Logo-Square-Orange.png\",\"contentUrl\":\"https:\/\/www.dakarmania.cz\/wp-content\/uploads\/2018\/12\/Dakar-Mania-Logo-Square-Orange.png\",\"width\":992,\"height\":992,\"caption\":\"DAKAR MANIA\"},\"image\":{\"@id\":\"https:\/\/www.dakarmania.cz\/#\/schema\/logo\/image\/\"},\"sameAs\":[\"https:\/\/www.facebook.com\/dakarmania\/\"]},{\"@type\":\"Person\",\"@id\":\"https:\/\/www.dakarmania.cz\/#\/schema\/person\/04eb0e87a389631c2169c0dddae7ff1e\",\"name\":\"Zden\u011bk Zelenka\",\"image\":{\"@type\":\"ImageObject\",\"inLanguage\":\"cs\",\"@id\":\"https:\/\/www.dakarmania.cz\/#\/schema\/person\/image\/\",\"url\":\"https:\/\/secure.gravatar.com\/avatar\/2c80d5a4942fe0900b73cc7d3837a509d6ee0a276a2b76dac95c92bd0763a89b?s=96&d=mm&r=g\",\"contentUrl\":\"https:\/\/secure.gravatar.com\/avatar\/2c80d5a4942fe0900b73cc7d3837a509d6ee0a276a2b76dac95c92bd0763a89b?s=96&d=mm&r=g\",\"caption\":\"Zden\u011bk Zelenka\"},\"description\":\"Moji d\u011bt\u0161t\u00ed hrdinov\u00e9 se jmenovali Loprais, Moskal, Neveu, Vatanen, Rahier... A tihle borci, jejich n\u00e1sledovn\u00edci a jejich p\u0159\u00edb\u011bhy m\u011b nep\u0159estali fascinovat ani po letech, kdy jsem vyrostl a zam\u011bstn\u00e1valy m\u011b jin\u00e9 discipl\u00edny motorsportu. Proto se zrodila DAKARMANIA.\",\"url\":\"https:\/\/www.dakarmania.cz\/index.php\/author\/dakarmania\/\"}]}<\/script>\n<!-- \/ Yoast SEO plugin. -->","yoast_head_json":{"title":"Dakar 2021: S\u00e9bastien Loeb se vrac\u00ed - DAKARMANIA.cz","description":"S\u00e9bastien Loeb odjel svou posledn\u00ed sout\u011b\u017e v r\u00e1mci leto\u0161n\u00ed sezony WRC a brzy bychom se m\u011bli do\u010dkat ofici\u00e1ln\u00edho ozn\u00e1men\u00ed o jeho n\u00e1vratu na Dakar.","robots":{"index":"index","follow":"follow","max-snippet":"max-snippet:-1","max-image-preview":"max-image-preview:large","max-video-preview":"max-video-preview:-1"},"canonical":"https:\/\/www.dakarmania.cz\/index.php\/2020\/09\/30\/dakar-2021-sebastien-loeb-se-vraci\/","og_locale":"cs_CZ","og_type":"article","og_title":"Dakar 2021: S\u00e9bastien Loeb se vrac\u00ed - DAKARMANIA.cz","og_description":"S\u00e9bastien Loeb odjel svou posledn\u00ed sout\u011b\u017e v r\u00e1mci leto\u0161n\u00ed sezony WRC a brzy bychom se m\u011bli do\u010dkat ofici\u00e1ln\u00edho ozn\u00e1men\u00ed o jeho n\u00e1vratu na Dakar.","og_url":"https:\/\/www.dakarmania.cz\/index.php\/2020\/09\/30\/dakar-2021-sebastien-loeb-se-vraci\/","og_site_name":"DAKARMANIA.cz","article_publisher":"https:\/\/www.facebook.com\/dakarmania\/","article_published_time":"2020-09-29T23:09:04+00:00","article_modified_time":"2020-10-16T01:45:33+00:00","og_image":[{"width":1024,"height":683,"url":"https:\/\/www.dakarmania.cz\/wp-content\/uploads\/2020\/09\/19-dakar-loeb-25.jpg","type":"image\/jpeg"}],"author":"Zden\u011bk Zelenka","twitter_card":"summary_large_image","twitter_misc":{"Napsal(a)":"Zden\u011bk Zelenka","Odhadovan\u00e1 doba \u010dten\u00ed":"3 minuty"},"schema":{"@context":"https:\/\/schema.org","@graph":[{"@type":"Article","@id":"https:\/\/www.dakarmania.cz\/index.php\/2020\/09\/30\/dakar-2021-sebastien-loeb-se-vraci\/#article","isPartOf":{"@id":"https:\/\/www.dakarmania.cz\/index.php\/2020\/09\/30\/dakar-2021-sebastien-loeb-se-vraci\/"},"author":{"name":"Zden\u011bk Zelenka","@id":"https:\/\/www.dakarmania.cz\/#\/schema\/person\/04eb0e87a389631c2169c0dddae7ff1e"},"headline":"Dakar 2021: S\u00e9bastien Loeb se vrac\u00ed","datePublished":"2020-09-29T23:09:04+00:00","dateModified":"2020-10-16T01:45:33+00:00","mainEntityOfPage":{"@id":"https:\/\/www.dakarmania.cz\/index.php\/2020\/09\/30\/dakar-2021-sebastien-loeb-se-vraci\/"},"wordCount":538,"commentCount":0,"publisher":{"@id":"https:\/\/www.dakarmania.cz\/#organization"},"image":{"@id":"https:\/\/www.dakarmania.cz\/index.php\/2020\/09\/30\/dakar-2021-sebastien-loeb-se-vraci\/#primaryimage"},"thumbnailUrl":"https:\/\/www.dakarmania.cz\/wp-content\/uploads\/2020\/09\/19-dakar-loeb-25.jpg","keywords":["2020","2021","Bahrain Raid Xtreme","BRX","Dakar","Dakar 2021","Daniel Elena","Prodrive","S\u00e9bastien Loeb"],"articleSection":["Auto","Dakar 2021"],"inLanguage":"cs","potentialAction":[{"@type":"CommentAction","name":"Comment","target":["https:\/\/www.dakarmania.cz\/index.php\/2020\/09\/30\/dakar-2021-sebastien-loeb-se-vraci\/#respond"]}]},{"@type":"WebPage","@id":"https:\/\/www.dakarmania.cz\/index.php\/2020\/09\/30\/dakar-2021-sebastien-loeb-se-vraci\/","url":"https:\/\/www.dakarmania.cz\/index.php\/2020\/09\/30\/dakar-2021-sebastien-loeb-se-vraci\/","name":"Dakar 2021: S\u00e9bastien Loeb se vrac\u00ed - DAKARMANIA.cz","isPartOf":{"@id":"https:\/\/www.dakarmania.cz\/#website"},"primaryImageOfPage":{"@id":"https:\/\/www.dakarmania.cz\/index.php\/2020\/09\/30\/dakar-2021-sebastien-loeb-se-vraci\/#primaryimage"},"image":{"@id":"https:\/\/www.dakarmania.cz\/index.php\/2020\/09\/30\/dakar-2021-sebastien-loeb-se-vraci\/#primaryimage"},"thumbnailUrl":"https:\/\/www.dakarmania.cz\/wp-content\/uploads\/2020\/09\/19-dakar-loeb-25.jpg","datePublished":"2020-09-29T23:09:04+00:00","dateModified":"2020-10-16T01:45:33+00:00","description":"S\u00e9bastien Loeb odjel svou posledn\u00ed sout\u011b\u017e v r\u00e1mci leto\u0161n\u00ed sezony WRC a brzy bychom se m\u011bli do\u010dkat ofici\u00e1ln\u00edho ozn\u00e1men\u00ed o jeho n\u00e1vratu na Dakar.","breadcrumb":{"@id":"https:\/\/www.dakarmania.cz\/index.php\/2020\/09\/30\/dakar-2021-sebastien-loeb-se-vraci\/#breadcrumb"},"inLanguage":"cs","potentialAction":[{"@type":"ReadAction","target":["https:\/\/www.dakarmania.cz\/index.php\/2020\/09\/30\/dakar-2021-sebastien-loeb-se-vraci\/"]}]},{"@type":"ImageObject","inLanguage":"cs","@id":"https:\/\/www.dakarmania.cz\/index.php\/2020\/09\/30\/dakar-2021-sebastien-loeb-se-vraci\/#primaryimage","url":"https:\/\/www.dakarmania.cz\/wp-content\/uploads\/2020\/09\/19-dakar-loeb-25.jpg","contentUrl":"https:\/\/www.dakarmania.cz\/wp-content\/uploads\/2020\/09\/19-dakar-loeb-25.jpg","width":1024,"height":683,"caption":"S\u00e9bastien Loeb, PH Sport. Rally Dakar 2019. \u00a9 Red Bull Content Pool"},{"@type":"BreadcrumbList","@id":"https:\/\/www.dakarmania.cz\/index.php\/2020\/09\/30\/dakar-2021-sebastien-loeb-se-vraci\/#breadcrumb","itemListElement":[{"@type":"ListItem","position":1,"name":"Dom\u016f","item":"https:\/\/www.dakarmania.cz\/"},{"@type":"ListItem","position":2,"name":"Dakar 2021: S\u00e9bastien Loeb se vrac\u00ed"}]},{"@type":"WebSite","@id":"https:\/\/www.dakarmania.cz\/#website","url":"https:\/\/www.dakarmania.cz\/","name":"DAKARMANIA.cz","description":"\u017dijeme Dakarem cel\u00fd rok","publisher":{"@id":"https:\/\/www.dakarmania.cz\/#organization"},"potentialAction":[{"@type":"SearchAction","target":{"@type":"EntryPoint","urlTemplate":"https:\/\/www.dakarmania.cz\/?s={search_term_string}"},"query-input":{"@type":"PropertyValueSpecification","valueRequired":true,"valueName":"search_term_string"}}],"inLanguage":"cs"},{"@type":"Organization","@id":"https:\/\/www.dakarmania.cz\/#organization","name":"DAKAR MANIA","url":"https:\/\/www.dakarmania.cz\/","logo":{"@type":"ImageObject","inLanguage":"cs","@id":"https:\/\/www.dakarmania.cz\/#\/schema\/logo\/image\/","url":"https:\/\/www.dakarmania.cz\/wp-content\/uploads\/2018\/12\/Dakar-Mania-Logo-Square-Orange.png","contentUrl":"https:\/\/www.dakarmania.cz\/wp-content\/uploads\/2018\/12\/Dakar-Mania-Logo-Square-Orange.png","width":992,"height":992,"caption":"DAKAR MANIA"},"image":{"@id":"https:\/\/www.dakarmania.cz\/#\/schema\/logo\/image\/"},"sameAs":["https:\/\/www.facebook.com\/dakarmania\/"]},{"@type":"Person","@id":"https:\/\/www.dakarmania.cz\/#\/schema\/person\/04eb0e87a389631c2169c0dddae7ff1e","name":"Zden\u011bk Zelenka","image":{"@type":"ImageObject","inLanguage":"cs","@id":"https:\/\/www.dakarmania.cz\/#\/schema\/person\/image\/","url":"https:\/\/secure.gravatar.com\/avatar\/2c80d5a4942fe0900b73cc7d3837a509d6ee0a276a2b76dac95c92bd0763a89b?s=96&d=mm&r=g","contentUrl":"https:\/\/secure.gravatar.com\/avatar\/2c80d5a4942fe0900b73cc7d3837a509d6ee0a276a2b76dac95c92bd0763a89b?s=96&d=mm&r=g","caption":"Zden\u011bk Zelenka"},"description":"Moji d\u011bt\u0161t\u00ed hrdinov\u00e9 se jmenovali Loprais, Moskal, Neveu, Vatanen, Rahier... A tihle borci, jejich n\u00e1sledovn\u00edci a jejich p\u0159\u00edb\u011bhy m\u011b nep\u0159estali fascinovat ani po letech, kdy jsem vyrostl a zam\u011bstn\u00e1valy m\u011b jin\u00e9 discipl\u00edny motorsportu. Proto se zrodila DAKARMANIA.","url":"https:\/\/www.dakarmania.cz\/index.php\/author\/dakarmania\/"}]}},"amp_enabled":true,"_links":{"self":[{"href":"https:\/\/www.dakarmania.cz\/index.php\/wp-json\/wp\/v2\/posts\/16761","targetHints":{"allow":["GET"]}}],"collection":[{"href":"https:\/\/www.dakarmania.cz\/index.php\/wp-json\/wp\/v2\/posts"}],"about":[{"href":"https:\/\/www.dakarmania.cz\/index.php\/wp-json\/wp\/v2\/types\/post"}],"author":[{"embeddable":true,"href":"https:\/\/www.dakarmania.cz\/index.php\/wp-json\/wp\/v2\/users\/1"}],"replies":[{"embeddable":true,"href":"https:\/\/www.dakarmania.cz\/index.php\/wp-json\/wp\/v2\/comments?post=16761"}],"version-history":[{"count":1,"href":"https:\/\/www.dakarmania.cz\/index.php\/wp-json\/wp\/v2\/posts\/16761\/revisions"}],"predecessor-version":[{"id":16762,"href":"https:\/\/www.dakarmania.cz\/index.php\/wp-json\/wp\/v2\/posts\/16761\/revisions\/16762"}],"wp:featuredmedia":[{"embeddable":true,"href":"https:\/\/www.dakarmania.cz\/index.php\/wp-json\/wp\/v2\/media\/16760"}],"wp:attachment":[{"href":"https:\/\/www.dakarmania.cz\/index.php\/wp-json\/wp\/v2\/media?parent=16761"}],"wp:term":[{"taxonomy":"category","embeddable":true,"href":"https:\/\/www.dakarmania.cz\/index.php\/wp-json\/wp\/v2\/categories?post=16761"},{"taxonomy":"post_tag","embeddable":true,"href":"https:\/\/www.dakarmania.cz\/index.php\/wp-json\/wp\/v2\/tags?post=16761"}],"curies":[{"name":"wp","href":"https:\/\/api.w.org\/{rel}","templated":true}]}}