{"id":1678,"date":"2019-01-10T17:25:15","date_gmt":"2019-01-10T17:25:15","guid":{"rendered":"https:\/\/www.dakarmania.cz\/?p=1678"},"modified":"2021-08-10T10:59:17","modified_gmt":"2021-08-10T08:59:17","slug":"dakar-2019-ricky-brabec-vyhral-etapu-a-prebira-vedeni","status":"publish","type":"post","link":"https:\/\/www.dakarmania.cz\/index.php\/2019\/01\/10\/dakar-2019-ricky-brabec-vyhral-etapu-a-prebira-vedeni\/","title":{"rendered":"Dakar 2019: Ricky Brabec vyhr\u00e1l etapu a p\u0159eb\u00edr\u00e1 veden\u00ed"},"content":{"rendered":"<p>[vc_row][vc_column][vc_column_text]<\/p>\n<h4>Ricky Brabec s Hondou dominoval ve \u010dtvrt\u00e9 etap\u011b Rally Dakar 2019 kategorii motocyklist\u016f, kdy\u017e v pr\u016fb\u011bhu dne\u0161n\u00ed rychlostn\u00ed zkou\u0161ky vedl na v\u0161ech mezi\u010dasech, dosavadn\u00edho leadera Pabla Quintanillu s Husqvarnou porazil o v\u00edce ne\u017e 20 minut a d\u00edky tomu vyst\u0159\u00eddal Chilana na \u010dele pr\u016fb\u011b\u017en\u00e9ho hodnocen\u00ed sout\u011b\u017ee. Da\u0159ilo se tak\u00e9 \u0160tefanu Svitkovi s KTM, kter\u00fd se po dne\u0161ku posunul do prvn\u00ed des\u00edtky celkov\u00e9ho hodnocen\u00ed.<\/h4>\n<p>Ve \u010dtvrtek se z\u00e1vodn\u00edci vydali do prvn\u00ed \u010d\u00e1sti maratonsk\u00e9 dvouetapy. Motocyklist\u00e9 a \u010dty\u0159kolk\u00e1\u0159i zam\u00ed\u0159ili do Moqueguy, kde dnes tak\u00e9 p\u0159enocuj\u00ed bez mo\u017enosti vyu\u017e\u00edt slu\u017eeb sv\u00fdch mechanik\u016f. Je\u0161t\u011b p\u0159ed t\u00edm ale museli urazit 511 kilometr\u016f, z nich\u017e 405 tvo\u0159ilo rychlostn\u00ed zkou\u0161ku. Ta byla rozd\u011blena de facto na dva \u00faseky. Prvn\u00ed m\u011b\u0159il 205 km, n\u00e1sledovala 55kilometrov\u00e1 neutralizovan\u00e1 z\u00f3na, a pak druh\u00e1 ostr\u00e9 sekce.<\/p>\n<p>Po v\u010derej\u0161\u00edm odstoupen\u00ed Joana Barredy mus\u00ed tov\u00e1rn\u00ed t\u00fdm Hondy spol\u00e9hat na jeho kolegy. A m\u00e1 na koho. Ricky Brabec byl p\u0159ed \u010dtvrtou etapou pr\u016fb\u011b\u017en\u011b sedm\u00fd, dnes ale diktoval tempo od prvn\u00edch kilometr\u016f, p\u0159ed vjezdem do neutralizovan\u00e9 z\u00f3ny vedl skoro o dv\u011b minuty p\u0159ed Matthiasem Walknerem a v c\u00edli porazil Raku\u0161ana o \u0161est minut a devaten\u00e1ct vte\u0159in. Z\u00e1sadn\u00ed v\u0161ak byl jeho n\u00e1skok p\u0159ed Pablem Quintanillou, kter\u00e9ho v pr\u016fb\u011b\u017en\u00e9m po\u0159ad\u00ed odsunul z prvn\u00edho na druh\u00e9 m\u00edsto. Vedouc\u00ed dvojici po dne\u0161ku d\u011bl\u00ed dv\u011b minuty a devaten\u00e1ct vte\u0159in.[\/vc_column_text][vc_single_image image=&#8221;1701&#8243; img_size=&#8221;large&#8221; add_caption=&#8221;yes&#8221; alignment=&#8221;center&#8221;][vc_separator][vc_column_text]Pokud ve st\u0159edu \u00fato\u010dili jezdci Yamahy, pak dnes se \u2013 spole\u010dn\u011b s Rickym Brabecem \u2013 k n\u00e1poru nadechli tov\u00e1rn\u00ed jezdci KTM. Za Walknerem se v hodnocen\u00ed etapy na t\u0159et\u00edm a \u010dtvrt\u00e9m m\u00edst\u011b se\u0159adili jeho t\u00fdmov\u00ed kolegov\u00e9 Toby Price (+ 7:07 min) a Sam Sunderland (+11:35). Price si polep\u0161il o dv\u011b m\u00edsta a je pr\u016fb\u011b\u017en\u011b t\u0159et\u00ed, Sunderland m\u011bl lehk\u00fd p\u00e1d a v pr\u016fb\u011b\u017en\u00e9 klasifikaci klesl za sv\u00e9ho t\u00fdmov\u00e9ho kolegu na \u010dtvrtou p\u0159\u00ed\u010dku.<\/p>\n<p>\u0160tefan Svitko byl stejn\u011b jako v\u010dera sedm\u00fd na rychlostn\u00ed zkou\u0161ce, Quintanillova t\u00fdmov\u00e9ho kolegu Andrewa Shorta porazil o \u010dty\u0159i minuty a jeden\u00e1ct vte\u0159in, co\u017e slovensk\u00e9mu jezdci sta\u010dilo, aby Ameri\u010dana vystrnadil z prvn\u00ed des\u00edtky absolutn\u011b.[\/vc_column_text][vc_single_image image=&#8221;1687&#8243; img_size=&#8221;large&#8221; add_caption=&#8221;yes&#8221; alignment=&#8221;center&#8221;][vc_separator][vc_column_text]<a href=\"https:\/\/www.dakarmania.cz\/index.php\/2019\/01\/09\/dakar-2019-de-soultrait-poprve-vyhral-etapu-vede-quintanilla\/\">V\u010derej\u0161\u00ed v\u00edt\u011bz<\/a> Xavier de Soultrait dnes poprv\u00e9 ve sv\u00e9 kari\u00e9\u0159e vyr\u00e1\u017eel do dakarsk\u00e9 etapy jako prvn\u00ed a potvrdil, \u017ee na Dakaru to prost\u011b bez zku\u0161enost\u00ed nejde. 30let\u00fd Francouz byl o 23 minut pomalej\u0161\u00ed ne\u017e v\u00edt\u011bzn\u00fd Brabec a v celkov\u00e9m sou\u010dtu si pohor\u0161il o t\u0159i pozice. P\u0159ed druhou \u010d\u00e1st\u00ed maratonsk\u00e9 etapy je dev\u00e1t\u00fd.<\/p>\n<p>O n\u011bco l\u00e9pe si vedl jeho t\u00fdmov\u00fd kolega Adrien Van Beveren, kter\u00fd p\u0159i\u0161el na \u00fakor jezdc\u016f KTM o jedinou pozici a udr\u017eel se v prvn\u00ed p\u011btce.<\/p>\n<p>Podle p\u0159edstav nevy\u0161la etapa ani Brabecovu t\u00fdmov\u00e9mu kolegovi Kevinu Benavidesovi. Sv\u00e9 t\u0159ic\u00e1t\u00e9 narozeniny v\u010dera slavil Argentinec jako druh\u00fd mu\u017e pr\u016fb\u011b\u017en\u00e9ho po\u0159ad\u00ed, dnes v\u0161ak klesl a\u017e na \u0161est\u00e9 m\u00edsto.[\/vc_column_text][vc_column_text]Z jezdc\u016f h\u00e1j\u00edc\u00edch barvy \u010desk\u00fdch t\u00fdm\u016f byl op\u011bt nejlep\u0161\u00ed Skyler Howes s Husqvarnou v barv\u00e1ch Klym\u010diw Racingu. Ameri\u010dan obsadil 24. m\u00edsto v etap\u011b (+30:00) a v celkov\u00e9m hodnocen\u00ed si pohor\u0161il o jednu p\u0159\u00ed\u010dku. Nyn\u00ed je dvaadvac\u00e1t\u00fd.<\/p>\n<p>Jan Brabec (Husqvarna, Big Shock Racing) byl dnes 26. (+32:04) a podobn\u011b jako Howes v celkov\u00e9m po\u0159ad\u00ed nepatrn\u011b klesl na 25. pozici.<\/p>\n<p>V p\u00e1tek je na programu druh\u00e1 \u010d\u00e1st maratonsk\u00e9 etapy, kter\u00e1 jinou cestou zavede \u00fa\u010dastn\u00edky zp\u011bt do Arequipy. Motork\u00e1\u0159e \u010dek\u00e1 776 kilometr\u016f, z nich\u017e 345 pojedou na \u010das. Zat\u00edmco jezdci pro\u017e\u00edvaj\u00ed n\u00e1ro\u010dn\u00e9 vyvrcholen\u00ed prvn\u00ed poloviny sout\u011b\u017ee, \u010dlenov\u00e9 jejich doprovodn\u00fdch t\u00fdm\u016f maj\u00ed p\u0159\u00edle\u017eitost k odpo\u010dinku. Arequipa jim poskytne z\u00e1zem\u00ed t\u0159i noci v \u0159ad\u011b, nebo\u0165 v sobotu pr\u00e1v\u011b tam str\u00e1v\u00ed cel\u00e1 dakarsk\u00e1 karavana voln\u00fd den.[\/vc_column_text][vc_column_text]<\/p>\n<table style=\"width: 97.7654%; height: 432px;\" cellpadding=\"10\">\n<thead>\n<tr style=\"background-color: #ff7d0e;\">\n<td style=\"width: 98.8764%; height: 24px;\" colspan=\"4\"><strong>Rally Dakar 2019 &#8211; MOTOCYKLY po 4. etap\u011b<\/strong><\/td>\n<\/tr>\n<\/thead>\n<tbody>\n<tr style=\"height: 24px;\">\n<td style=\"width: 6.51685%; height: 24px;\">1.<\/td>\n<td style=\"width: 39.7999%; height: 24px;\">Ricky Brabec<\/td>\n<td style=\"width: 29.0765%; height: 24px;\">Honda<\/td>\n<td style=\"width: 23.4831%; height: 24px;\">12:33:00<\/td>\n<\/tr>\n<tr style=\"height: 24px;\">\n<td style=\"width: 6.51685%; height: 24px;\">2.<\/td>\n<td style=\"width: 39.7999%; height: 24px;\">Pablo Quintanilla<\/td>\n<td style=\"width: 29.0765%; height: 24px;\">Husqvarna<\/td>\n<td style=\"width: 23.4831%; height: 24px;\">+2:19<\/td>\n<\/tr>\n<tr style=\"height: 24px;\">\n<td style=\"width: 6.51685%; height: 24px;\">3.<\/td>\n<td style=\"width: 39.7999%; height: 24px;\">Toby Price<\/td>\n<td style=\"width: 29.0765%; height: 24px;\">KTM<\/td>\n<td style=\"width: 23.4831%; height: 24px;\">+4:22<\/td>\n<\/tr>\n<tr style=\"height: 24px;\">\n<td style=\"width: 6.51685%; height: 24px;\">4.<\/td>\n<td style=\"width: 39.7999%; height: 24px;\">Sam Sunderland<\/td>\n<td style=\"width: 29.0765%; height: 24px;\">KTM<\/td>\n<td style=\"width: 23.4831%; height: 24px;\">+5:45<\/td>\n<\/tr>\n<tr style=\"height: 24px;\">\n<td style=\"width: 6.51685%; height: 24px;\">5.<\/td>\n<td style=\"width: 39.7999%; height: 24px;\">Adrien Van Beveren<\/td>\n<td style=\"width: 29.0765%; height: 24px;\">Yamaha<\/td>\n<td style=\"width: 23.4831%; height: 24px;\">+8:56<\/td>\n<\/tr>\n<tr style=\"height: 24px;\">\n<td style=\"width: 6.51685%; height: 24px;\">6.<\/td>\n<td style=\"width: 39.7999%; height: 24px;\">Kevin Benavides<\/td>\n<td style=\"width: 29.0765%; height: 24px;\">Honda<\/td>\n<td style=\"width: 23.4831%; height: 24px;\">+9:01<\/td>\n<\/tr>\n<tr style=\"height: 24px;\">\n<td style=\"width: 6.51685%; height: 24px;\">7.<\/td>\n<td style=\"width: 39.7999%; height: 24px;\">Matthias Walkner<\/td>\n<td style=\"width: 29.0765%; height: 24px;\">KTM<\/td>\n<td style=\"width: 23.4831%; height: 24px;\">+9:31<\/td>\n<\/tr>\n<tr style=\"height: 24px;\">\n<td style=\"width: 6.51685%; height: 24px;\">8.<\/td>\n<td style=\"width: 39.7999%; height: 24px;\">Paulo Gon\u00e7alves<\/td>\n<td style=\"width: 29.0765%; height: 24px;\">Honda<\/td>\n<td style=\"width: 23.4831%; height: 24px;\">+20:45<\/td>\n<\/tr>\n<tr style=\"height: 24px;\">\n<td style=\"width: 6.51685%; height: 24px;\">9.<\/td>\n<td style=\"width: 39.7999%; height: 24px;\">Xavier de Soultrait<\/td>\n<td style=\"width: 29.0765%; height: 24px;\">Yamaha<\/td>\n<td style=\"width: 23.4831%; height: 24px;\">+22:00<\/td>\n<\/tr>\n<tr style=\"height: 24px;\">\n<td style=\"width: 6.51685%; height: 24px;\">10.<\/td>\n<td style=\"width: 39.7999%; height: 24px;\">\u0160tefan Svitko<\/td>\n<td style=\"width: 29.0765%; height: 24px;\">KTM<\/td>\n<td style=\"width: 23.4831%; height: 24px;\">+28:09<\/td>\n<\/tr>\n<tr style=\"height: 24px;\">\n<td style=\"width: 6.51685%; height: 24px;\">22.<\/td>\n<td style=\"width: 39.7999%; height: 24px;\">Skyler Howes<\/td>\n<td style=\"width: 29.0765%; height: 24px;\">Husqvarna<\/td>\n<td style=\"width: 23.4831%; height: 24px;\">+1:36:54<\/td>\n<\/tr>\n<tr style=\"height: 24px;\">\n<td style=\"width: 6.51685%; height: 24px;\">25.<\/td>\n<td style=\"width: 39.7999%; height: 24px;\">Jan Brabec<\/td>\n<td style=\"width: 29.0765%; height: 24px;\">Husqvarna<\/td>\n<td style=\"width: 23.4831%; height: 24px;\">+1:51:24<\/td>\n<\/tr>\n<tr style=\"height: 24px;\">\n<td style=\"width: 6.51685%; height: 24px;\">32.<\/td>\n<td style=\"width: 39.7999%; height: 24px;\">Milan Engel<\/td>\n<td style=\"width: 29.0765%; height: 24px;\">KTM<\/td>\n<td style=\"width: 23.4831%; height: 24px;\">+2:36:38<\/td>\n<\/tr>\n<tr style=\"height: 24px;\">\n<td style=\"width: 6.51685%; height: 24px;\">49.<\/td>\n<td style=\"width: 39.7999%; height: 24px;\">Ivan Jake\u0161<\/td>\n<td style=\"width: 29.0765%; height: 24px;\">KTM<\/td>\n<td style=\"width: 23.4831%; height: 24px;\">+4:10:34<\/td>\n<\/tr>\n<tr style=\"height: 24px;\">\n<td style=\"width: 6.51685%; height: 24px;\">66.<\/td>\n<td style=\"width: 39.7999%; height: 24px;\">Garrett Poucher<\/td>\n<td style=\"width: 29.0765%; height: 24px;\">KTM<\/td>\n<td style=\"width: 23.4831%; height: 24px;\">+5:54:38<\/td>\n<\/tr>\n<tr style=\"height: 24px;\">\n<td style=\"width: 6.51685%; height: 24px;\">90.<\/td>\n<td style=\"width: 39.7999%; height: 24px;\">Petr Vl\u010dek<\/td>\n<td style=\"width: 29.0765%; height: 24px;\">KTM<\/td>\n<td style=\"width: 23.4831%; height: 24px;\">+7:38:50<\/td>\n<\/tr>\n<tr style=\"height: 24px;\">\n<td style=\"width: 6.51685%; height: 24px;\">93.<\/td>\n<td style=\"width: 39.7999%; height: 24px;\">Jan Vesel\u00fd<\/td>\n<td style=\"width: 29.0765%; height: 24px;\">Husqvarna<\/td>\n<td style=\"width: 23.4831%; height: 24px;\">+7:54:14<\/td>\n<\/tr>\n<tr>\n<td style=\"width: 6.51685%;\">102.<\/td>\n<td style=\"width: 39.7999%;\">Gabriela Novotn\u00e1<\/td>\n<td style=\"width: 29.0765%;\">Husqvarna<\/td>\n<td style=\"width: 23.4831%;\">+10:10:05<\/td>\n<\/tr>\n<tr>\n<td style=\"width: 6.51685%;\">105.<\/td>\n<td style=\"width: 39.7999%;\">Gee Motzkin<\/td>\n<td style=\"width: 29.0765%;\">Husqvarna<\/td>\n<td style=\"width: 23.4831%;\">+10:29:54<\/td>\n<\/tr>\n<\/tbody>\n<\/table>\n<p>[\/vc_column_text][\/vc_column][\/vc_row]<\/p>\n","protected":false},"excerpt":{"rendered":"<p>Ricky Brabec s Hondou dominoval ve \u010dtvrt\u00e9 etap\u011b Dakaru 2019 mezi motocyklisty a vyst\u0159\u00eddal Pabla Quintanillu na \u010dele pr\u016fb\u011b\u017en\u00e9ho hodnocen\u00ed.<\/p>\n","protected":false},"author":1,"featured_media":1686,"comment_status":"open","ping_status":"closed","sticky":false,"template":"","format":"standard","meta":{"footnotes":""},"categories":[15,2],"tags":[8,9,129,63,130,222,216],"class_list":["post-1678","post","type-post","status-publish","format-standard","has-post-thumbnail","hentry","category-moto-quad","category-dakar","tag-dakar","tag-dakar-2019","tag-honda","tag-ktm","tag-monster-energy-honda-team","tag-ricky-brabec","tag-stefan-svitko"],"yoast_head":"<!-- This site is optimized with the Yoast SEO plugin v24.9 - https:\/\/yoast.com\/wordpress\/plugins\/seo\/ -->\n<title>Dakar 2019: Ricky Brabec vyhr\u00e1l etapu a p\u0159eb\u00edr\u00e1 veden\u00ed - DAKARMANIA.cz<\/title>\n<meta name=\"description\" content=\"Ricky Brabec s Hondou dominoval ve \u010dtvrt\u00e9 etap\u011b Dakaru 2019 mezi motocyklisty a vyst\u0159\u00eddal Pabla Quintanillu na \u010dele pr\u016fb\u011b\u017en\u00e9ho hodnocen\u00ed.\" \/>\n<meta name=\"robots\" content=\"index, follow, max-snippet:-1, max-image-preview:large, max-video-preview:-1\" \/>\n<link rel=\"canonical\" href=\"https:\/\/www.dakarmania.cz\/index.php\/2019\/01\/10\/dakar-2019-ricky-brabec-vyhral-etapu-a-prebira-vedeni\/\" \/>\n<meta property=\"og:locale\" content=\"cs_CZ\" \/>\n<meta property=\"og:type\" content=\"article\" \/>\n<meta property=\"og:title\" content=\"Dakar 2019: Ricky Brabec vyhr\u00e1l etapu a p\u0159eb\u00edr\u00e1 veden\u00ed - DAKARMANIA.cz\" \/>\n<meta property=\"og:description\" content=\"Ricky Brabec s Hondou dominoval ve \u010dtvrt\u00e9 etap\u011b Dakaru 2019 mezi motocyklisty a vyst\u0159\u00eddal Pabla Quintanillu na \u010dele pr\u016fb\u011b\u017en\u00e9ho hodnocen\u00ed.\" \/>\n<meta property=\"og:url\" content=\"https:\/\/www.dakarmania.cz\/index.php\/2019\/01\/10\/dakar-2019-ricky-brabec-vyhral-etapu-a-prebira-vedeni\/\" \/>\n<meta property=\"og:site_name\" content=\"DAKARMANIA.cz\" \/>\n<meta property=\"article:publisher\" content=\"https:\/\/www.facebook.com\/dakarmania\/\" \/>\n<meta property=\"article:published_time\" content=\"2019-01-10T17:25:15+00:00\" \/>\n<meta property=\"article:modified_time\" content=\"2021-08-10T08:59:17+00:00\" \/>\n<meta property=\"og:image\" content=\"https:\/\/www.dakarmania.cz\/wp-content\/uploads\/2019\/01\/19-dakar-brabec02.jpg\" \/>\n\t<meta property=\"og:image:width\" content=\"2048\" \/>\n\t<meta property=\"og:image:height\" content=\"1363\" \/>\n\t<meta property=\"og:image:type\" content=\"image\/jpeg\" \/>\n<meta name=\"author\" content=\"Zden\u011bk Zelenka\" \/>\n<meta name=\"twitter:card\" content=\"summary_large_image\" \/>\n<meta name=\"twitter:label1\" content=\"Napsal(a)\" \/>\n\t<meta name=\"twitter:data1\" content=\"Zden\u011bk Zelenka\" \/>\n\t<meta name=\"twitter:label2\" content=\"Odhadovan\u00e1 doba \u010dten\u00ed\" \/>\n\t<meta name=\"twitter:data2\" content=\"4 minuty\" \/>\n<script type=\"application\/ld+json\" class=\"yoast-schema-graph\">{\"@context\":\"https:\/\/schema.org\",\"@graph\":[{\"@type\":\"Article\",\"@id\":\"https:\/\/www.dakarmania.cz\/index.php\/2019\/01\/10\/dakar-2019-ricky-brabec-vyhral-etapu-a-prebira-vedeni\/#article\",\"isPartOf\":{\"@id\":\"https:\/\/www.dakarmania.cz\/index.php\/2019\/01\/10\/dakar-2019-ricky-brabec-vyhral-etapu-a-prebira-vedeni\/\"},\"author\":{\"name\":\"Zden\u011bk Zelenka\",\"@id\":\"https:\/\/www.dakarmania.cz\/#\/schema\/person\/04eb0e87a389631c2169c0dddae7ff1e\"},\"headline\":\"Dakar 2019: Ricky Brabec vyhr\u00e1l etapu a p\u0159eb\u00edr\u00e1 veden\u00ed\",\"datePublished\":\"2019-01-10T17:25:15+00:00\",\"dateModified\":\"2021-08-10T08:59:17+00:00\",\"mainEntityOfPage\":{\"@id\":\"https:\/\/www.dakarmania.cz\/index.php\/2019\/01\/10\/dakar-2019-ricky-brabec-vyhral-etapu-a-prebira-vedeni\/\"},\"wordCount\":834,\"commentCount\":0,\"publisher\":{\"@id\":\"https:\/\/www.dakarmania.cz\/#organization\"},\"image\":{\"@id\":\"https:\/\/www.dakarmania.cz\/index.php\/2019\/01\/10\/dakar-2019-ricky-brabec-vyhral-etapu-a-prebira-vedeni\/#primaryimage\"},\"thumbnailUrl\":\"https:\/\/www.dakarmania.cz\/wp-content\/uploads\/2019\/01\/19-dakar-brabec02.jpg\",\"keywords\":[\"Dakar\",\"Dakar 2019\",\"Honda\",\"KTM\",\"Monster Energy Honda Team\",\"Ricky Brabec\",\"\u0160tefan Svitko\"],\"articleSection\":[\"Moto\/Quad\",\"Rally Dakar\"],\"inLanguage\":\"cs\",\"potentialAction\":[{\"@type\":\"CommentAction\",\"name\":\"Comment\",\"target\":[\"https:\/\/www.dakarmania.cz\/index.php\/2019\/01\/10\/dakar-2019-ricky-brabec-vyhral-etapu-a-prebira-vedeni\/#respond\"]}]},{\"@type\":\"WebPage\",\"@id\":\"https:\/\/www.dakarmania.cz\/index.php\/2019\/01\/10\/dakar-2019-ricky-brabec-vyhral-etapu-a-prebira-vedeni\/\",\"url\":\"https:\/\/www.dakarmania.cz\/index.php\/2019\/01\/10\/dakar-2019-ricky-brabec-vyhral-etapu-a-prebira-vedeni\/\",\"name\":\"Dakar 2019: Ricky Brabec vyhr\u00e1l etapu a p\u0159eb\u00edr\u00e1 veden\u00ed - DAKARMANIA.cz\",\"isPartOf\":{\"@id\":\"https:\/\/www.dakarmania.cz\/#website\"},\"primaryImageOfPage\":{\"@id\":\"https:\/\/www.dakarmania.cz\/index.php\/2019\/01\/10\/dakar-2019-ricky-brabec-vyhral-etapu-a-prebira-vedeni\/#primaryimage\"},\"image\":{\"@id\":\"https:\/\/www.dakarmania.cz\/index.php\/2019\/01\/10\/dakar-2019-ricky-brabec-vyhral-etapu-a-prebira-vedeni\/#primaryimage\"},\"thumbnailUrl\":\"https:\/\/www.dakarmania.cz\/wp-content\/uploads\/2019\/01\/19-dakar-brabec02.jpg\",\"datePublished\":\"2019-01-10T17:25:15+00:00\",\"dateModified\":\"2021-08-10T08:59:17+00:00\",\"description\":\"Ricky Brabec s Hondou dominoval ve \u010dtvrt\u00e9 etap\u011b Dakaru 2019 mezi motocyklisty a vyst\u0159\u00eddal Pabla Quintanillu na \u010dele pr\u016fb\u011b\u017en\u00e9ho hodnocen\u00ed.\",\"breadcrumb\":{\"@id\":\"https:\/\/www.dakarmania.cz\/index.php\/2019\/01\/10\/dakar-2019-ricky-brabec-vyhral-etapu-a-prebira-vedeni\/#breadcrumb\"},\"inLanguage\":\"cs\",\"potentialAction\":[{\"@type\":\"ReadAction\",\"target\":[\"https:\/\/www.dakarmania.cz\/index.php\/2019\/01\/10\/dakar-2019-ricky-brabec-vyhral-etapu-a-prebira-vedeni\/\"]}]},{\"@type\":\"ImageObject\",\"inLanguage\":\"cs\",\"@id\":\"https:\/\/www.dakarmania.cz\/index.php\/2019\/01\/10\/dakar-2019-ricky-brabec-vyhral-etapu-a-prebira-vedeni\/#primaryimage\",\"url\":\"https:\/\/www.dakarmania.cz\/wp-content\/uploads\/2019\/01\/19-dakar-brabec02.jpg\",\"contentUrl\":\"https:\/\/www.dakarmania.cz\/wp-content\/uploads\/2019\/01\/19-dakar-brabec02.jpg\",\"width\":2048,\"height\":1363,\"caption\":\"Ricky Brabec, Honda CRF 450 Rally, Monster Energy Honda Team. Test p\u0159ed Rally Dakar 2019. \u00a9 HRC\"},{\"@type\":\"BreadcrumbList\",\"@id\":\"https:\/\/www.dakarmania.cz\/index.php\/2019\/01\/10\/dakar-2019-ricky-brabec-vyhral-etapu-a-prebira-vedeni\/#breadcrumb\",\"itemListElement\":[{\"@type\":\"ListItem\",\"position\":1,\"name\":\"Dom\u016f\",\"item\":\"https:\/\/www.dakarmania.cz\/\"},{\"@type\":\"ListItem\",\"position\":2,\"name\":\"Dakar 2019: Ricky Brabec vyhr\u00e1l etapu a p\u0159eb\u00edr\u00e1 veden\u00ed\"}]},{\"@type\":\"WebSite\",\"@id\":\"https:\/\/www.dakarmania.cz\/#website\",\"url\":\"https:\/\/www.dakarmania.cz\/\",\"name\":\"DAKARMANIA.cz\",\"description\":\"\u017dijeme Dakarem cel\u00fd rok\",\"publisher\":{\"@id\":\"https:\/\/www.dakarmania.cz\/#organization\"},\"potentialAction\":[{\"@type\":\"SearchAction\",\"target\":{\"@type\":\"EntryPoint\",\"urlTemplate\":\"https:\/\/www.dakarmania.cz\/?s={search_term_string}\"},\"query-input\":{\"@type\":\"PropertyValueSpecification\",\"valueRequired\":true,\"valueName\":\"search_term_string\"}}],\"inLanguage\":\"cs\"},{\"@type\":\"Organization\",\"@id\":\"https:\/\/www.dakarmania.cz\/#organization\",\"name\":\"DAKAR MANIA\",\"url\":\"https:\/\/www.dakarmania.cz\/\",\"logo\":{\"@type\":\"ImageObject\",\"inLanguage\":\"cs\",\"@id\":\"https:\/\/www.dakarmania.cz\/#\/schema\/logo\/image\/\",\"url\":\"https:\/\/www.dakarmania.cz\/wp-content\/uploads\/2018\/12\/Dakar-Mania-Logo-Square-Orange.png\",\"contentUrl\":\"https:\/\/www.dakarmania.cz\/wp-content\/uploads\/2018\/12\/Dakar-Mania-Logo-Square-Orange.png\",\"width\":992,\"height\":992,\"caption\":\"DAKAR MANIA\"},\"image\":{\"@id\":\"https:\/\/www.dakarmania.cz\/#\/schema\/logo\/image\/\"},\"sameAs\":[\"https:\/\/www.facebook.com\/dakarmania\/\"]},{\"@type\":\"Person\",\"@id\":\"https:\/\/www.dakarmania.cz\/#\/schema\/person\/04eb0e87a389631c2169c0dddae7ff1e\",\"name\":\"Zden\u011bk Zelenka\",\"image\":{\"@type\":\"ImageObject\",\"inLanguage\":\"cs\",\"@id\":\"https:\/\/www.dakarmania.cz\/#\/schema\/person\/image\/\",\"url\":\"https:\/\/secure.gravatar.com\/avatar\/2c80d5a4942fe0900b73cc7d3837a509d6ee0a276a2b76dac95c92bd0763a89b?s=96&d=mm&r=g\",\"contentUrl\":\"https:\/\/secure.gravatar.com\/avatar\/2c80d5a4942fe0900b73cc7d3837a509d6ee0a276a2b76dac95c92bd0763a89b?s=96&d=mm&r=g\",\"caption\":\"Zden\u011bk Zelenka\"},\"description\":\"Moji d\u011bt\u0161t\u00ed hrdinov\u00e9 se jmenovali Loprais, Moskal, Neveu, Vatanen, Rahier... A tihle borci, jejich n\u00e1sledovn\u00edci a jejich p\u0159\u00edb\u011bhy m\u011b nep\u0159estali fascinovat ani po letech, kdy jsem vyrostl a zam\u011bstn\u00e1valy m\u011b jin\u00e9 discipl\u00edny motorsportu. Proto se zrodila DAKARMANIA.\",\"url\":\"https:\/\/www.dakarmania.cz\/index.php\/author\/dakarmania\/\"}]}<\/script>\n<!-- \/ Yoast SEO plugin. -->","yoast_head_json":{"title":"Dakar 2019: Ricky Brabec vyhr\u00e1l etapu a p\u0159eb\u00edr\u00e1 veden\u00ed - DAKARMANIA.cz","description":"Ricky Brabec s Hondou dominoval ve \u010dtvrt\u00e9 etap\u011b Dakaru 2019 mezi motocyklisty a vyst\u0159\u00eddal Pabla Quintanillu na \u010dele pr\u016fb\u011b\u017en\u00e9ho hodnocen\u00ed.","robots":{"index":"index","follow":"follow","max-snippet":"max-snippet:-1","max-image-preview":"max-image-preview:large","max-video-preview":"max-video-preview:-1"},"canonical":"https:\/\/www.dakarmania.cz\/index.php\/2019\/01\/10\/dakar-2019-ricky-brabec-vyhral-etapu-a-prebira-vedeni\/","og_locale":"cs_CZ","og_type":"article","og_title":"Dakar 2019: Ricky Brabec vyhr\u00e1l etapu a p\u0159eb\u00edr\u00e1 veden\u00ed - DAKARMANIA.cz","og_description":"Ricky Brabec s Hondou dominoval ve \u010dtvrt\u00e9 etap\u011b Dakaru 2019 mezi motocyklisty a vyst\u0159\u00eddal Pabla Quintanillu na \u010dele pr\u016fb\u011b\u017en\u00e9ho hodnocen\u00ed.","og_url":"https:\/\/www.dakarmania.cz\/index.php\/2019\/01\/10\/dakar-2019-ricky-brabec-vyhral-etapu-a-prebira-vedeni\/","og_site_name":"DAKARMANIA.cz","article_publisher":"https:\/\/www.facebook.com\/dakarmania\/","article_published_time":"2019-01-10T17:25:15+00:00","article_modified_time":"2021-08-10T08:59:17+00:00","og_image":[{"width":2048,"height":1363,"url":"https:\/\/www.dakarmania.cz\/wp-content\/uploads\/2019\/01\/19-dakar-brabec02.jpg","type":"image\/jpeg"}],"author":"Zden\u011bk Zelenka","twitter_card":"summary_large_image","twitter_misc":{"Napsal(a)":"Zden\u011bk Zelenka","Odhadovan\u00e1 doba \u010dten\u00ed":"4 minuty"},"schema":{"@context":"https:\/\/schema.org","@graph":[{"@type":"Article","@id":"https:\/\/www.dakarmania.cz\/index.php\/2019\/01\/10\/dakar-2019-ricky-brabec-vyhral-etapu-a-prebira-vedeni\/#article","isPartOf":{"@id":"https:\/\/www.dakarmania.cz\/index.php\/2019\/01\/10\/dakar-2019-ricky-brabec-vyhral-etapu-a-prebira-vedeni\/"},"author":{"name":"Zden\u011bk Zelenka","@id":"https:\/\/www.dakarmania.cz\/#\/schema\/person\/04eb0e87a389631c2169c0dddae7ff1e"},"headline":"Dakar 2019: Ricky Brabec vyhr\u00e1l etapu a p\u0159eb\u00edr\u00e1 veden\u00ed","datePublished":"2019-01-10T17:25:15+00:00","dateModified":"2021-08-10T08:59:17+00:00","mainEntityOfPage":{"@id":"https:\/\/www.dakarmania.cz\/index.php\/2019\/01\/10\/dakar-2019-ricky-brabec-vyhral-etapu-a-prebira-vedeni\/"},"wordCount":834,"commentCount":0,"publisher":{"@id":"https:\/\/www.dakarmania.cz\/#organization"},"image":{"@id":"https:\/\/www.dakarmania.cz\/index.php\/2019\/01\/10\/dakar-2019-ricky-brabec-vyhral-etapu-a-prebira-vedeni\/#primaryimage"},"thumbnailUrl":"https:\/\/www.dakarmania.cz\/wp-content\/uploads\/2019\/01\/19-dakar-brabec02.jpg","keywords":["Dakar","Dakar 2019","Honda","KTM","Monster Energy Honda Team","Ricky Brabec","\u0160tefan Svitko"],"articleSection":["Moto\/Quad","Rally Dakar"],"inLanguage":"cs","potentialAction":[{"@type":"CommentAction","name":"Comment","target":["https:\/\/www.dakarmania.cz\/index.php\/2019\/01\/10\/dakar-2019-ricky-brabec-vyhral-etapu-a-prebira-vedeni\/#respond"]}]},{"@type":"WebPage","@id":"https:\/\/www.dakarmania.cz\/index.php\/2019\/01\/10\/dakar-2019-ricky-brabec-vyhral-etapu-a-prebira-vedeni\/","url":"https:\/\/www.dakarmania.cz\/index.php\/2019\/01\/10\/dakar-2019-ricky-brabec-vyhral-etapu-a-prebira-vedeni\/","name":"Dakar 2019: Ricky Brabec vyhr\u00e1l etapu a p\u0159eb\u00edr\u00e1 veden\u00ed - DAKARMANIA.cz","isPartOf":{"@id":"https:\/\/www.dakarmania.cz\/#website"},"primaryImageOfPage":{"@id":"https:\/\/www.dakarmania.cz\/index.php\/2019\/01\/10\/dakar-2019-ricky-brabec-vyhral-etapu-a-prebira-vedeni\/#primaryimage"},"image":{"@id":"https:\/\/www.dakarmania.cz\/index.php\/2019\/01\/10\/dakar-2019-ricky-brabec-vyhral-etapu-a-prebira-vedeni\/#primaryimage"},"thumbnailUrl":"https:\/\/www.dakarmania.cz\/wp-content\/uploads\/2019\/01\/19-dakar-brabec02.jpg","datePublished":"2019-01-10T17:25:15+00:00","dateModified":"2021-08-10T08:59:17+00:00","description":"Ricky Brabec s Hondou dominoval ve \u010dtvrt\u00e9 etap\u011b Dakaru 2019 mezi motocyklisty a vyst\u0159\u00eddal Pabla Quintanillu na \u010dele pr\u016fb\u011b\u017en\u00e9ho hodnocen\u00ed.","breadcrumb":{"@id":"https:\/\/www.dakarmania.cz\/index.php\/2019\/01\/10\/dakar-2019-ricky-brabec-vyhral-etapu-a-prebira-vedeni\/#breadcrumb"},"inLanguage":"cs","potentialAction":[{"@type":"ReadAction","target":["https:\/\/www.dakarmania.cz\/index.php\/2019\/01\/10\/dakar-2019-ricky-brabec-vyhral-etapu-a-prebira-vedeni\/"]}]},{"@type":"ImageObject","inLanguage":"cs","@id":"https:\/\/www.dakarmania.cz\/index.php\/2019\/01\/10\/dakar-2019-ricky-brabec-vyhral-etapu-a-prebira-vedeni\/#primaryimage","url":"https:\/\/www.dakarmania.cz\/wp-content\/uploads\/2019\/01\/19-dakar-brabec02.jpg","contentUrl":"https:\/\/www.dakarmania.cz\/wp-content\/uploads\/2019\/01\/19-dakar-brabec02.jpg","width":2048,"height":1363,"caption":"Ricky Brabec, Honda CRF 450 Rally, Monster Energy Honda Team. Test p\u0159ed Rally Dakar 2019. \u00a9 HRC"},{"@type":"BreadcrumbList","@id":"https:\/\/www.dakarmania.cz\/index.php\/2019\/01\/10\/dakar-2019-ricky-brabec-vyhral-etapu-a-prebira-vedeni\/#breadcrumb","itemListElement":[{"@type":"ListItem","position":1,"name":"Dom\u016f","item":"https:\/\/www.dakarmania.cz\/"},{"@type":"ListItem","position":2,"name":"Dakar 2019: Ricky Brabec vyhr\u00e1l etapu a p\u0159eb\u00edr\u00e1 veden\u00ed"}]},{"@type":"WebSite","@id":"https:\/\/www.dakarmania.cz\/#website","url":"https:\/\/www.dakarmania.cz\/","name":"DAKARMANIA.cz","description":"\u017dijeme Dakarem cel\u00fd rok","publisher":{"@id":"https:\/\/www.dakarmania.cz\/#organization"},"potentialAction":[{"@type":"SearchAction","target":{"@type":"EntryPoint","urlTemplate":"https:\/\/www.dakarmania.cz\/?s={search_term_string}"},"query-input":{"@type":"PropertyValueSpecification","valueRequired":true,"valueName":"search_term_string"}}],"inLanguage":"cs"},{"@type":"Organization","@id":"https:\/\/www.dakarmania.cz\/#organization","name":"DAKAR MANIA","url":"https:\/\/www.dakarmania.cz\/","logo":{"@type":"ImageObject","inLanguage":"cs","@id":"https:\/\/www.dakarmania.cz\/#\/schema\/logo\/image\/","url":"https:\/\/www.dakarmania.cz\/wp-content\/uploads\/2018\/12\/Dakar-Mania-Logo-Square-Orange.png","contentUrl":"https:\/\/www.dakarmania.cz\/wp-content\/uploads\/2018\/12\/Dakar-Mania-Logo-Square-Orange.png","width":992,"height":992,"caption":"DAKAR MANIA"},"image":{"@id":"https:\/\/www.dakarmania.cz\/#\/schema\/logo\/image\/"},"sameAs":["https:\/\/www.facebook.com\/dakarmania\/"]},{"@type":"Person","@id":"https:\/\/www.dakarmania.cz\/#\/schema\/person\/04eb0e87a389631c2169c0dddae7ff1e","name":"Zden\u011bk Zelenka","image":{"@type":"ImageObject","inLanguage":"cs","@id":"https:\/\/www.dakarmania.cz\/#\/schema\/person\/image\/","url":"https:\/\/secure.gravatar.com\/avatar\/2c80d5a4942fe0900b73cc7d3837a509d6ee0a276a2b76dac95c92bd0763a89b?s=96&d=mm&r=g","contentUrl":"https:\/\/secure.gravatar.com\/avatar\/2c80d5a4942fe0900b73cc7d3837a509d6ee0a276a2b76dac95c92bd0763a89b?s=96&d=mm&r=g","caption":"Zden\u011bk Zelenka"},"description":"Moji d\u011bt\u0161t\u00ed hrdinov\u00e9 se jmenovali Loprais, Moskal, Neveu, Vatanen, Rahier... A tihle borci, jejich n\u00e1sledovn\u00edci a jejich p\u0159\u00edb\u011bhy m\u011b nep\u0159estali fascinovat ani po letech, kdy jsem vyrostl a zam\u011bstn\u00e1valy m\u011b jin\u00e9 discipl\u00edny motorsportu. Proto se zrodila DAKARMANIA.","url":"https:\/\/www.dakarmania.cz\/index.php\/author\/dakarmania\/"}]}},"amp_enabled":true,"_links":{"self":[{"href":"https:\/\/www.dakarmania.cz\/index.php\/wp-json\/wp\/v2\/posts\/1678","targetHints":{"allow":["GET"]}}],"collection":[{"href":"https:\/\/www.dakarmania.cz\/index.php\/wp-json\/wp\/v2\/posts"}],"about":[{"href":"https:\/\/www.dakarmania.cz\/index.php\/wp-json\/wp\/v2\/types\/post"}],"author":[{"embeddable":true,"href":"https:\/\/www.dakarmania.cz\/index.php\/wp-json\/wp\/v2\/users\/1"}],"replies":[{"embeddable":true,"href":"https:\/\/www.dakarmania.cz\/index.php\/wp-json\/wp\/v2\/comments?post=1678"}],"version-history":[{"count":9,"href":"https:\/\/www.dakarmania.cz\/index.php\/wp-json\/wp\/v2\/posts\/1678\/revisions"}],"predecessor-version":[{"id":22400,"href":"https:\/\/www.dakarmania.cz\/index.php\/wp-json\/wp\/v2\/posts\/1678\/revisions\/22400"}],"wp:featuredmedia":[{"embeddable":true,"href":"https:\/\/www.dakarmania.cz\/index.php\/wp-json\/wp\/v2\/media\/1686"}],"wp:attachment":[{"href":"https:\/\/www.dakarmania.cz\/index.php\/wp-json\/wp\/v2\/media?parent=1678"}],"wp:term":[{"taxonomy":"category","embeddable":true,"href":"https:\/\/www.dakarmania.cz\/index.php\/wp-json\/wp\/v2\/categories?post=1678"},{"taxonomy":"post_tag","embeddable":true,"href":"https:\/\/www.dakarmania.cz\/index.php\/wp-json\/wp\/v2\/tags?post=1678"}],"curies":[{"name":"wp","href":"https:\/\/api.w.org\/{rel}","templated":true}]}}