{"id":1680,"date":"2019-01-10T20:05:21","date_gmt":"2019-01-10T20:05:21","guid":{"rendered":"https:\/\/www.dakarmania.cz\/?p=1680"},"modified":"2019-10-22T17:00:05","modified_gmt":"2019-10-22T15:00:05","slug":"dakar-2019-nasser-al-attiyah-vitezi-a-nepatrne-zvysuje-naskok","status":"publish","type":"post","link":"https:\/\/www.dakarmania.cz\/index.php\/2019\/01\/10\/dakar-2019-nasser-al-attiyah-vitezi-a-nepatrne-zvysuje-naskok\/","title":{"rendered":"Dakar 2019: Nasser Al-Attiyah v\u00edt\u011bz\u00ed a nepatrn\u011b zvy\u0161uje n\u00e1skok"},"content":{"rendered":"<p>[vc_row][vc_column][vc_column_text]<\/p>\n<h4>Nasser Al-Attiyah s Mathieu Baumelem a vozem Toyota Hilux vyhr\u00e1li prvn\u00ed \u010d\u00e1st maratonsk\u00e9 dvouetapy a upevnili si veden\u00ed v pr\u016fb\u011b\u017en\u00e9m hodnocen\u00ed Rally Dakar 2019 v kategorii automobil\u016f. Katarsko-francouzk\u00e1 pos\u00e1dka si v leto\u0161n\u00edm ro\u010dn\u00edku p\u0159ipsala ji\u017e druhou d\u00edl\u010d\u00ed v\u00fdhru a na \u010dele pr\u016fb\u011b\u017en\u00e9ho hodnocen\u00ed m\u00e1 po dne\u0161ku skoro dev\u00edtiminutov\u00fd n\u00e1skok.<\/h4>\n<p>Automobily (spole\u010dn\u011b s kamiony) dnes zam\u00ed\u0159ily do Tacny, kde se ve\u010der mus\u00ed pos\u00e1dky obej\u00edt bez sv\u00fdch doprovod\u016f. P\u0159edt\u00edm v\u0161ak musely je\u0161t\u011b absolvovat dal\u0161\u00ed speci\u00e1lku dlouhou 405 kilometr\u016f a tak\u00e9 240kilometrov\u00fd spojovac\u00ed \u00fasek. \u010ctvrte\u010dn\u00ed rychlostn\u00ed zkou\u0161ka byla rozd\u011blena de facto na dva \u00faseky. Prvn\u00ed m\u011b\u0159il 205 km, n\u00e1sledovala 55kilometrov\u00e1 neutralizovan\u00e1 z\u00f3na, a pak 146 km druh\u00e9 ostr\u00e9 sekce se spoustou neobl\u00edben\u00e9ho fe\u0161-fe\u0161e.<\/p>\n<p>Al-Attiyah vyr\u00e1\u017eel na tra\u0165 t\u0159i minuty za v\u00edt\u011bzem <a href=\"https:\/\/www.dakarmania.cz\/index.php\/2019\/01\/09\/dakar-2019-al-attiyah-zpatky-v-cele-peterhansel-nejrychlejsi\/\">v\u010derej\u0161\u00ed etapy<\/a> St\u00e9phanem Peterhanselem s buggy Mini t\u00fdmu X-raid\u00a0a postupn\u011b se sv\u00e9mu soupe\u0159i p\u0159ibli\u017eoval. Speci\u00e1lkou projel o necel\u00e9 dv\u011b minuty rychleji ne\u017e Francouz, ale i dakarsk\u00fd rekordman m\u00e1 d\u016fvod k radosti.<\/p>\n<p>T\u0159in\u00e1ctin\u00e1sobn\u00fd v\u00edt\u011bz Dakaru spadl po chyb\u011b v \u00fatern\u00ed etap\u011b a\u017e na t\u0159in\u00e1ct\u00e9 m\u00edsto celkov\u011b, v\u010dera se ale vyhoupl na t\u0159et\u00ed pozici a dnes si v pr\u016fb\u011b\u017en\u00e9m hodnocen\u00ed zase o stup\u00ednek polep\u0161il.[\/vc_column_text][vc_single_image image=&#8221;1720&#8243; img_size=&#8221;large&#8221; add_caption=&#8221;yes&#8221; alignment=&#8221;center&#8221;][vc_column_text]Ze druh\u00e9 na p\u00e1tou p\u0159\u00ed\u010dku klesl Yazeed Al-Rajhi, jen\u017e m\u00e1 k dispozici tak\u00e9 v\u016fz od X-raidu, v jeho p\u0159\u00edpad\u011b se v\u0161ak jedn\u00e1 o l\u00e9ty prov\u011b\u0159enou \u010dty\u0159kolku Mini JCW Rally. Pilot ze Saudsk\u00e9 Ar\u00e1bie dnes zaostal za t\u00fdmov\u00fdmi kolegy Nanim Romou a Jakubem Przygo\u0144skim, kte\u0159\u00ed jej v pr\u016fb\u011b\u017en\u00e9m po\u0159ad\u00ed p\u0159edstihli. Jejich souboj v\u0161ak bude nepochybn\u011b pokra\u010dovat i z\u00edtra, nebo\u0165 p\u00e1t\u00fd Al-Rajhi ztr\u00e1c\u00ed na t\u0159et\u00edho Romu pouh\u00e9 \u010dty\u0159i minuty a osm sekund.<\/p>\n<p>Po v\u010derej\u0161\u00edm bloud\u011bn\u00ed d\u011bl\u00ed pr\u016fb\u011b\u017en\u011b \u0161est\u00e9ho S\u00e9bastiena Loeba (Peugeot) od t\u00e9to trojice u\u017e 25 minut. P\u0159esto si Francouz o dv\u011b m\u00edsta polep\u0161il. V p\u0159\u00edm\u00e9m souboji p\u0159edstihl b\u00fdval\u00e9ho t\u00fdmov\u00e9ho kolegu od Peugeotu Cyrila Desprese, jen\u017e nyn\u00ed z\u00e1vod\u00ed s buginou Mini, a t\u011b\u017eil tak\u00e9 z chyby Bernharda ten Brinkeho, kter\u00fd dnes d\u00e9le ne\u017e dv\u011b hodiny opravoval svou po\u0161kozenou Toyotu.[\/vc_column_text][vc_single_image image=&#8221;1697&#8243; img_size=&#8221;large&#8221; add_caption=&#8221;yes&#8221; alignment=&#8221;center&#8221;][vc_column_text]Martin Prokop s Janem Tom\u00e1nkem maratonskou etapu dob\u0159e za\u010dali, bojovali o \u0161estou a\u017e dev\u00e1tou pozici, jen\u017ee v z\u00e1v\u011bru speci\u00e1lky se dostali do probl\u00e9m\u016f, kdy\u017e jim praskla prav\u00e1 p\u0159edn\u00ed poloosa. Pos\u00e1dka t\u00fdmu MP-Sports dojela do c\u00edle etapy s v\u00edce ne\u017e pades\u00e1timinutovou ztr\u00e1tou a v pr\u016fb\u011b\u017en\u00e9m po\u0159ad\u00ed z\u016fst\u00e1v\u00e1 jeden\u00e1ct\u00e1.<\/p>\n<p>Prokop\u016fv t\u00fdmov\u00fd kolega Tom\u00e1\u0161 Ou\u0159edn\u00ed\u010dek zaostal za v\u00edt\u011bzem etapy o v\u00edce ne\u017e dv\u011b a \u010dtvrt hodiny, p\u0159esto udr\u017eel 22. m\u00edsto celkov\u011b.[\/vc_column_text][vc_column_text]V p\u00e1tek je na programu druh\u00e1 \u010d\u00e1st maratonsk\u00e9 etapy, kter\u00e1 jinou cestou zavede \u00fa\u010dastn\u00edky zp\u011bt do Arequipy. Automobily \u010dek\u00e1 714 kilometr\u016f, z nich\u017e se 517 pojede jako dal\u0161\u00ed rychlostn\u00ed zkou\u0161ka. Zat\u00edmco pos\u00e1dky pro\u017e\u00edvaj\u00ed n\u00e1ro\u010dn\u00e9 vyvrcholen\u00ed prvn\u00ed poloviny sout\u011b\u017ee, \u010dlenov\u00e9 jejich doprovodn\u00fdch t\u00fdm\u016f maj\u00ed p\u0159\u00edle\u017eitost k odpo\u010dinku. Arequipa jim poskytne z\u00e1zem\u00ed hned na t\u0159i noci v \u0159ad\u011b, nebo\u0165 v sobotu pr\u00e1v\u011b tam str\u00e1v\u00ed cel\u00e1 dakarsk\u00e1 karavana voln\u00fd den.[\/vc_column_text][vc_column_text]<\/p>\n<table style=\"width: 97.7654%; height: 288px;\" cellpadding=\"10\">\n<thead>\n<tr style=\"background-color: #ff7d0e;\">\n<td style=\"width: 98.8764%; height: 24px;\" colspan=\"4\"><strong>Rally Dakar 2019 &#8211; AUTOMOBILY po 4. etap\u011b<\/strong><\/td>\n<\/tr>\n<\/thead>\n<tbody>\n<tr style=\"height: 24px;\">\n<td style=\"width: 6.51685%; height: 24px;\">1.<\/td>\n<td style=\"width: 39.7999%; height: 24px;\">Al-Attiyah \/ Baumel<\/td>\n<td style=\"width: 29.0765%; height: 24px;\">Toyota<\/td>\n<td style=\"width: 23.4831%; height: 24px;\">12:12:57<\/td>\n<\/tr>\n<tr style=\"height: 24px;\">\n<td style=\"width: 6.51685%; height: 24px;\">2.<\/td>\n<td style=\"width: 39.7999%; height: 24px;\">Peterhansel \/ Castera<\/td>\n<td style=\"width: 29.0765%; height: 24px;\">Mini buggy<\/td>\n<td style=\"width: 23.4831%; height: 24px;\">+8:55<\/td>\n<\/tr>\n<tr style=\"height: 24px;\">\n<td style=\"width: 6.51685%; height: 24px;\">3.<\/td>\n<td style=\"width: 39.7999%; height: 24px;\">Roma \/ Haro Bravo<\/td>\n<td style=\"width: 29.0765%; height: 24px;\">Mini 4&#215;4<\/td>\n<td style=\"width: 23.4831%; height: 24px;\">+20:51<\/td>\n<\/tr>\n<tr style=\"height: 24px;\">\n<td style=\"width: 6.51685%; height: 24px;\">4.<\/td>\n<td style=\"width: 39.7999%; height: 24px;\">Przygo\u0144ski \/ Colsoul<\/td>\n<td style=\"width: 29.0765%; height: 24px;\">Mini 4&#215;4<\/td>\n<td style=\"width: 23.4831%; height: 24px;\">+22:17<\/td>\n<\/tr>\n<tr style=\"height: 24px;\">\n<td style=\"width: 6.51685%; height: 24px;\">5.<\/td>\n<td style=\"width: 39.7999%; height: 24px;\">Al Rajhi \/ Gottschalk<\/td>\n<td style=\"width: 29.0765%; height: 24px;\">Mini 4&#215;4<\/td>\n<td style=\"width: 23.4831%; height: 24px;\">+24:59<\/td>\n<\/tr>\n<tr style=\"height: 24px;\">\n<td style=\"width: 6.51685%; height: 24px;\">6.<\/td>\n<td style=\"width: 39.7999%; height: 24px;\">Loeb \/ Elena<\/td>\n<td style=\"width: 29.0765%; height: 24px;\">Peugeot<\/td>\n<td style=\"width: 23.4831%; height: 24px;\">+50:22<\/td>\n<\/tr>\n<tr style=\"height: 24px;\">\n<td style=\"width: 6.51685%; height: 24px;\">7.<\/td>\n<td style=\"width: 39.7999%; height: 24px;\">Despres \/ Cottret<\/td>\n<td style=\"width: 29.0765%; height: 24px;\">Mini buggy<\/td>\n<td style=\"width: 23.4831%; height: 24px;\">+50:31<\/td>\n<\/tr>\n<tr style=\"height: 24px;\">\n<td style=\"width: 6.51685%; height: 24px;\">8.<\/td>\n<td style=\"width: 39.7999%; height: 24px;\">Dom\u017ca\u0142a \/ Marton<\/td>\n<td style=\"width: 29.0765%; height: 24px;\">Toyota<\/td>\n<td style=\"width: 23.4831%; height: 24px;\">+1:28:37<\/td>\n<\/tr>\n<tr style=\"height: 24px;\">\n<td style=\"width: 6.51685%; height: 24px;\">9.<\/td>\n<td style=\"width: 39.7999%; height: 24px;\">Garafulic \/ Palmeiro<\/td>\n<td style=\"width: 29.0765%; height: 24px;\">Mini 4&#215;4<\/td>\n<td style=\"width: 23.4831%; height: 24px;\">+1:36:52<\/td>\n<\/tr>\n<tr style=\"height: 24px;\">\n<td style=\"width: 6.51685%; height: 24px;\">10.<\/td>\n<td style=\"width: 39.7999%; height: 24px;\">Hunt \/ Rosegaar<\/td>\n<td style=\"width: 29.0765%; height: 24px;\">Peugeot<\/td>\n<td style=\"width: 23.4831%; height: 24px;\">+1:37:37<\/td>\n<\/tr>\n<tr>\n<td style=\"width: 6.51685%;\">11.<\/td>\n<td style=\"width: 39.7999%;\">Prokop \/ Tom\u00e1nek<\/td>\n<td style=\"width: 29.0765%;\">Ford<\/td>\n<td style=\"width: 23.4831%;\">+1:47:51<\/td>\n<\/tr>\n<tr style=\"height: 24px;\">\n<td style=\"width: 6.51685%; height: 24px;\">22.<\/td>\n<td style=\"width: 39.7999%; height: 24px;\">Ou\u0159edn\u00ed\u010dek \/ K\u0159\u00edpal<\/td>\n<td style=\"width: 29.0765%; height: 24px;\">Ford<\/td>\n<td style=\"width: 23.4831%; height: 24px;\">+4:17:21<\/td>\n<\/tr>\n<\/tbody>\n<\/table>\n<p>[\/vc_column_text][\/vc_column][\/vc_row]<\/p>\n","protected":false},"excerpt":{"rendered":"<p>Nasser Al-Attiyah s Mathieu Baumelem a vozem Toyota Hilux vyhr\u00e1li \u010dtvrtou etapu Rally Dakar 2019 a upevnili si veden\u00ed v kategorii automobil\u016f.<\/p>\n","protected":false},"author":1,"featured_media":1691,"comment_status":"open","ping_status":"closed","sticky":false,"template":"","format":"standard","meta":{"footnotes":""},"categories":[3,2],"tags":[8,9,204,203,201,202],"class_list":["post-1680","post","type-post","status-publish","format-standard","has-post-thumbnail","hentry","category-auto","category-dakar","tag-dakar","tag-dakar-2019","tag-mathieu-baumel","tag-nasser-al-attiyah","tag-toyota","tag-toyota-gazoo-racing"],"yoast_head":"<!-- This site is optimized with the Yoast SEO plugin v24.9 - https:\/\/yoast.com\/wordpress\/plugins\/seo\/ -->\n<title>Dakar 2019: Nasser Al-Attiyah v\u00edt\u011bz\u00ed a nepatrn\u011b zvy\u0161uje n\u00e1skok - DAKARMANIA.cz<\/title>\n<meta name=\"description\" content=\"Nasser Al-Attiyah s Mathieu Baumelem a vozem Toyota Hilux vyhr\u00e1li \u010dtvrtou etapu Rally Dakar 2019 a upevnili si veden\u00ed v kategorii automobil\u016f.\" \/>\n<meta name=\"robots\" content=\"index, follow, max-snippet:-1, max-image-preview:large, max-video-preview:-1\" \/>\n<link rel=\"canonical\" href=\"https:\/\/www.dakarmania.cz\/index.php\/2019\/01\/10\/dakar-2019-nasser-al-attiyah-vitezi-a-nepatrne-zvysuje-naskok\/\" \/>\n<meta property=\"og:locale\" content=\"cs_CZ\" \/>\n<meta property=\"og:type\" content=\"article\" \/>\n<meta property=\"og:title\" content=\"Dakar 2019: Nasser Al-Attiyah v\u00edt\u011bz\u00ed a nepatrn\u011b zvy\u0161uje n\u00e1skok - DAKARMANIA.cz\" \/>\n<meta property=\"og:description\" content=\"Nasser Al-Attiyah s Mathieu Baumelem a vozem Toyota Hilux vyhr\u00e1li \u010dtvrtou etapu Rally Dakar 2019 a upevnili si veden\u00ed v kategorii automobil\u016f.\" \/>\n<meta property=\"og:url\" content=\"https:\/\/www.dakarmania.cz\/index.php\/2019\/01\/10\/dakar-2019-nasser-al-attiyah-vitezi-a-nepatrne-zvysuje-naskok\/\" \/>\n<meta property=\"og:site_name\" content=\"DAKARMANIA.cz\" \/>\n<meta property=\"article:publisher\" content=\"https:\/\/www.facebook.com\/dakarmania\/\" \/>\n<meta property=\"article:published_time\" content=\"2019-01-10T20:05:21+00:00\" \/>\n<meta property=\"article:modified_time\" content=\"2019-10-22T15:00:05+00:00\" \/>\n<meta property=\"og:image\" content=\"https:\/\/www.dakarmania.cz\/wp-content\/uploads\/2019\/01\/19-dakar-al-attiyah03.jpg\" \/>\n\t<meta property=\"og:image:width\" content=\"2048\" \/>\n\t<meta property=\"og:image:height\" content=\"1365\" \/>\n\t<meta property=\"og:image:type\" content=\"image\/jpeg\" \/>\n<meta name=\"author\" content=\"Zden\u011bk Zelenka\" \/>\n<meta name=\"twitter:card\" content=\"summary_large_image\" \/>\n<meta name=\"twitter:label1\" content=\"Napsal(a)\" \/>\n\t<meta name=\"twitter:data1\" content=\"Zden\u011bk Zelenka\" \/>\n\t<meta name=\"twitter:label2\" content=\"Odhadovan\u00e1 doba \u010dten\u00ed\" \/>\n\t<meta name=\"twitter:data2\" content=\"4 minuty\" \/>\n<script type=\"application\/ld+json\" class=\"yoast-schema-graph\">{\"@context\":\"https:\/\/schema.org\",\"@graph\":[{\"@type\":\"Article\",\"@id\":\"https:\/\/www.dakarmania.cz\/index.php\/2019\/01\/10\/dakar-2019-nasser-al-attiyah-vitezi-a-nepatrne-zvysuje-naskok\/#article\",\"isPartOf\":{\"@id\":\"https:\/\/www.dakarmania.cz\/index.php\/2019\/01\/10\/dakar-2019-nasser-al-attiyah-vitezi-a-nepatrne-zvysuje-naskok\/\"},\"author\":{\"name\":\"Zden\u011bk Zelenka\",\"@id\":\"https:\/\/www.dakarmania.cz\/#\/schema\/person\/04eb0e87a389631c2169c0dddae7ff1e\"},\"headline\":\"Dakar 2019: Nasser Al-Attiyah v\u00edt\u011bz\u00ed a nepatrn\u011b zvy\u0161uje n\u00e1skok\",\"datePublished\":\"2019-01-10T20:05:21+00:00\",\"dateModified\":\"2019-10-22T15:00:05+00:00\",\"mainEntityOfPage\":{\"@id\":\"https:\/\/www.dakarmania.cz\/index.php\/2019\/01\/10\/dakar-2019-nasser-al-attiyah-vitezi-a-nepatrne-zvysuje-naskok\/\"},\"wordCount\":733,\"commentCount\":0,\"publisher\":{\"@id\":\"https:\/\/www.dakarmania.cz\/#organization\"},\"image\":{\"@id\":\"https:\/\/www.dakarmania.cz\/index.php\/2019\/01\/10\/dakar-2019-nasser-al-attiyah-vitezi-a-nepatrne-zvysuje-naskok\/#primaryimage\"},\"thumbnailUrl\":\"https:\/\/www.dakarmania.cz\/wp-content\/uploads\/2019\/01\/19-dakar-al-attiyah03.jpg\",\"keywords\":[\"Dakar\",\"Dakar 2019\",\"Mathieu Baumel\",\"Nasser Al-Attiyah\",\"Toyota\",\"Toyota Gazoo Racing\"],\"articleSection\":[\"Auto\",\"Rally Dakar\"],\"inLanguage\":\"cs\",\"potentialAction\":[{\"@type\":\"CommentAction\",\"name\":\"Comment\",\"target\":[\"https:\/\/www.dakarmania.cz\/index.php\/2019\/01\/10\/dakar-2019-nasser-al-attiyah-vitezi-a-nepatrne-zvysuje-naskok\/#respond\"]}]},{\"@type\":\"WebPage\",\"@id\":\"https:\/\/www.dakarmania.cz\/index.php\/2019\/01\/10\/dakar-2019-nasser-al-attiyah-vitezi-a-nepatrne-zvysuje-naskok\/\",\"url\":\"https:\/\/www.dakarmania.cz\/index.php\/2019\/01\/10\/dakar-2019-nasser-al-attiyah-vitezi-a-nepatrne-zvysuje-naskok\/\",\"name\":\"Dakar 2019: Nasser Al-Attiyah v\u00edt\u011bz\u00ed a nepatrn\u011b zvy\u0161uje n\u00e1skok - DAKARMANIA.cz\",\"isPartOf\":{\"@id\":\"https:\/\/www.dakarmania.cz\/#website\"},\"primaryImageOfPage\":{\"@id\":\"https:\/\/www.dakarmania.cz\/index.php\/2019\/01\/10\/dakar-2019-nasser-al-attiyah-vitezi-a-nepatrne-zvysuje-naskok\/#primaryimage\"},\"image\":{\"@id\":\"https:\/\/www.dakarmania.cz\/index.php\/2019\/01\/10\/dakar-2019-nasser-al-attiyah-vitezi-a-nepatrne-zvysuje-naskok\/#primaryimage\"},\"thumbnailUrl\":\"https:\/\/www.dakarmania.cz\/wp-content\/uploads\/2019\/01\/19-dakar-al-attiyah03.jpg\",\"datePublished\":\"2019-01-10T20:05:21+00:00\",\"dateModified\":\"2019-10-22T15:00:05+00:00\",\"description\":\"Nasser Al-Attiyah s Mathieu Baumelem a vozem Toyota Hilux vyhr\u00e1li \u010dtvrtou etapu Rally Dakar 2019 a upevnili si veden\u00ed v kategorii automobil\u016f.\",\"breadcrumb\":{\"@id\":\"https:\/\/www.dakarmania.cz\/index.php\/2019\/01\/10\/dakar-2019-nasser-al-attiyah-vitezi-a-nepatrne-zvysuje-naskok\/#breadcrumb\"},\"inLanguage\":\"cs\",\"potentialAction\":[{\"@type\":\"ReadAction\",\"target\":[\"https:\/\/www.dakarmania.cz\/index.php\/2019\/01\/10\/dakar-2019-nasser-al-attiyah-vitezi-a-nepatrne-zvysuje-naskok\/\"]}]},{\"@type\":\"ImageObject\",\"inLanguage\":\"cs\",\"@id\":\"https:\/\/www.dakarmania.cz\/index.php\/2019\/01\/10\/dakar-2019-nasser-al-attiyah-vitezi-a-nepatrne-zvysuje-naskok\/#primaryimage\",\"url\":\"https:\/\/www.dakarmania.cz\/wp-content\/uploads\/2019\/01\/19-dakar-al-attiyah03.jpg\",\"contentUrl\":\"https:\/\/www.dakarmania.cz\/wp-content\/uploads\/2019\/01\/19-dakar-al-attiyah03.jpg\",\"width\":2048,\"height\":1365,\"caption\":\"Nasser Al-Attiyah\/Mathieu Baumel, Toyota Hilux, Toyota Gazoo Racing SA. \u00a9 Red Bull Content Pool\"},{\"@type\":\"BreadcrumbList\",\"@id\":\"https:\/\/www.dakarmania.cz\/index.php\/2019\/01\/10\/dakar-2019-nasser-al-attiyah-vitezi-a-nepatrne-zvysuje-naskok\/#breadcrumb\",\"itemListElement\":[{\"@type\":\"ListItem\",\"position\":1,\"name\":\"Dom\u016f\",\"item\":\"https:\/\/www.dakarmania.cz\/\"},{\"@type\":\"ListItem\",\"position\":2,\"name\":\"Dakar 2019: Nasser Al-Attiyah v\u00edt\u011bz\u00ed a nepatrn\u011b zvy\u0161uje n\u00e1skok\"}]},{\"@type\":\"WebSite\",\"@id\":\"https:\/\/www.dakarmania.cz\/#website\",\"url\":\"https:\/\/www.dakarmania.cz\/\",\"name\":\"DAKARMANIA.cz\",\"description\":\"\u017dijeme Dakarem cel\u00fd rok\",\"publisher\":{\"@id\":\"https:\/\/www.dakarmania.cz\/#organization\"},\"potentialAction\":[{\"@type\":\"SearchAction\",\"target\":{\"@type\":\"EntryPoint\",\"urlTemplate\":\"https:\/\/www.dakarmania.cz\/?s={search_term_string}\"},\"query-input\":{\"@type\":\"PropertyValueSpecification\",\"valueRequired\":true,\"valueName\":\"search_term_string\"}}],\"inLanguage\":\"cs\"},{\"@type\":\"Organization\",\"@id\":\"https:\/\/www.dakarmania.cz\/#organization\",\"name\":\"DAKAR MANIA\",\"url\":\"https:\/\/www.dakarmania.cz\/\",\"logo\":{\"@type\":\"ImageObject\",\"inLanguage\":\"cs\",\"@id\":\"https:\/\/www.dakarmania.cz\/#\/schema\/logo\/image\/\",\"url\":\"https:\/\/www.dakarmania.cz\/wp-content\/uploads\/2018\/12\/Dakar-Mania-Logo-Square-Orange.png\",\"contentUrl\":\"https:\/\/www.dakarmania.cz\/wp-content\/uploads\/2018\/12\/Dakar-Mania-Logo-Square-Orange.png\",\"width\":992,\"height\":992,\"caption\":\"DAKAR MANIA\"},\"image\":{\"@id\":\"https:\/\/www.dakarmania.cz\/#\/schema\/logo\/image\/\"},\"sameAs\":[\"https:\/\/www.facebook.com\/dakarmania\/\"]},{\"@type\":\"Person\",\"@id\":\"https:\/\/www.dakarmania.cz\/#\/schema\/person\/04eb0e87a389631c2169c0dddae7ff1e\",\"name\":\"Zden\u011bk Zelenka\",\"image\":{\"@type\":\"ImageObject\",\"inLanguage\":\"cs\",\"@id\":\"https:\/\/www.dakarmania.cz\/#\/schema\/person\/image\/\",\"url\":\"https:\/\/secure.gravatar.com\/avatar\/2c80d5a4942fe0900b73cc7d3837a509d6ee0a276a2b76dac95c92bd0763a89b?s=96&d=mm&r=g\",\"contentUrl\":\"https:\/\/secure.gravatar.com\/avatar\/2c80d5a4942fe0900b73cc7d3837a509d6ee0a276a2b76dac95c92bd0763a89b?s=96&d=mm&r=g\",\"caption\":\"Zden\u011bk Zelenka\"},\"description\":\"Moji d\u011bt\u0161t\u00ed hrdinov\u00e9 se jmenovali Loprais, Moskal, Neveu, Vatanen, Rahier... A tihle borci, jejich n\u00e1sledovn\u00edci a jejich p\u0159\u00edb\u011bhy m\u011b nep\u0159estali fascinovat ani po letech, kdy jsem vyrostl a zam\u011bstn\u00e1valy m\u011b jin\u00e9 discipl\u00edny motorsportu. Proto se zrodila DAKARMANIA.\",\"url\":\"https:\/\/www.dakarmania.cz\/index.php\/author\/dakarmania\/\"}]}<\/script>\n<!-- \/ Yoast SEO plugin. -->","yoast_head_json":{"title":"Dakar 2019: Nasser Al-Attiyah v\u00edt\u011bz\u00ed a nepatrn\u011b zvy\u0161uje n\u00e1skok - DAKARMANIA.cz","description":"Nasser Al-Attiyah s Mathieu Baumelem a vozem Toyota Hilux vyhr\u00e1li \u010dtvrtou etapu Rally Dakar 2019 a upevnili si veden\u00ed v kategorii automobil\u016f.","robots":{"index":"index","follow":"follow","max-snippet":"max-snippet:-1","max-image-preview":"max-image-preview:large","max-video-preview":"max-video-preview:-1"},"canonical":"https:\/\/www.dakarmania.cz\/index.php\/2019\/01\/10\/dakar-2019-nasser-al-attiyah-vitezi-a-nepatrne-zvysuje-naskok\/","og_locale":"cs_CZ","og_type":"article","og_title":"Dakar 2019: Nasser Al-Attiyah v\u00edt\u011bz\u00ed a nepatrn\u011b zvy\u0161uje n\u00e1skok - DAKARMANIA.cz","og_description":"Nasser Al-Attiyah s Mathieu Baumelem a vozem Toyota Hilux vyhr\u00e1li \u010dtvrtou etapu Rally Dakar 2019 a upevnili si veden\u00ed v kategorii automobil\u016f.","og_url":"https:\/\/www.dakarmania.cz\/index.php\/2019\/01\/10\/dakar-2019-nasser-al-attiyah-vitezi-a-nepatrne-zvysuje-naskok\/","og_site_name":"DAKARMANIA.cz","article_publisher":"https:\/\/www.facebook.com\/dakarmania\/","article_published_time":"2019-01-10T20:05:21+00:00","article_modified_time":"2019-10-22T15:00:05+00:00","og_image":[{"width":2048,"height":1365,"url":"https:\/\/www.dakarmania.cz\/wp-content\/uploads\/2019\/01\/19-dakar-al-attiyah03.jpg","type":"image\/jpeg"}],"author":"Zden\u011bk Zelenka","twitter_card":"summary_large_image","twitter_misc":{"Napsal(a)":"Zden\u011bk Zelenka","Odhadovan\u00e1 doba \u010dten\u00ed":"4 minuty"},"schema":{"@context":"https:\/\/schema.org","@graph":[{"@type":"Article","@id":"https:\/\/www.dakarmania.cz\/index.php\/2019\/01\/10\/dakar-2019-nasser-al-attiyah-vitezi-a-nepatrne-zvysuje-naskok\/#article","isPartOf":{"@id":"https:\/\/www.dakarmania.cz\/index.php\/2019\/01\/10\/dakar-2019-nasser-al-attiyah-vitezi-a-nepatrne-zvysuje-naskok\/"},"author":{"name":"Zden\u011bk Zelenka","@id":"https:\/\/www.dakarmania.cz\/#\/schema\/person\/04eb0e87a389631c2169c0dddae7ff1e"},"headline":"Dakar 2019: Nasser Al-Attiyah v\u00edt\u011bz\u00ed a nepatrn\u011b zvy\u0161uje n\u00e1skok","datePublished":"2019-01-10T20:05:21+00:00","dateModified":"2019-10-22T15:00:05+00:00","mainEntityOfPage":{"@id":"https:\/\/www.dakarmania.cz\/index.php\/2019\/01\/10\/dakar-2019-nasser-al-attiyah-vitezi-a-nepatrne-zvysuje-naskok\/"},"wordCount":733,"commentCount":0,"publisher":{"@id":"https:\/\/www.dakarmania.cz\/#organization"},"image":{"@id":"https:\/\/www.dakarmania.cz\/index.php\/2019\/01\/10\/dakar-2019-nasser-al-attiyah-vitezi-a-nepatrne-zvysuje-naskok\/#primaryimage"},"thumbnailUrl":"https:\/\/www.dakarmania.cz\/wp-content\/uploads\/2019\/01\/19-dakar-al-attiyah03.jpg","keywords":["Dakar","Dakar 2019","Mathieu Baumel","Nasser Al-Attiyah","Toyota","Toyota Gazoo Racing"],"articleSection":["Auto","Rally Dakar"],"inLanguage":"cs","potentialAction":[{"@type":"CommentAction","name":"Comment","target":["https:\/\/www.dakarmania.cz\/index.php\/2019\/01\/10\/dakar-2019-nasser-al-attiyah-vitezi-a-nepatrne-zvysuje-naskok\/#respond"]}]},{"@type":"WebPage","@id":"https:\/\/www.dakarmania.cz\/index.php\/2019\/01\/10\/dakar-2019-nasser-al-attiyah-vitezi-a-nepatrne-zvysuje-naskok\/","url":"https:\/\/www.dakarmania.cz\/index.php\/2019\/01\/10\/dakar-2019-nasser-al-attiyah-vitezi-a-nepatrne-zvysuje-naskok\/","name":"Dakar 2019: Nasser Al-Attiyah v\u00edt\u011bz\u00ed a nepatrn\u011b zvy\u0161uje n\u00e1skok - DAKARMANIA.cz","isPartOf":{"@id":"https:\/\/www.dakarmania.cz\/#website"},"primaryImageOfPage":{"@id":"https:\/\/www.dakarmania.cz\/index.php\/2019\/01\/10\/dakar-2019-nasser-al-attiyah-vitezi-a-nepatrne-zvysuje-naskok\/#primaryimage"},"image":{"@id":"https:\/\/www.dakarmania.cz\/index.php\/2019\/01\/10\/dakar-2019-nasser-al-attiyah-vitezi-a-nepatrne-zvysuje-naskok\/#primaryimage"},"thumbnailUrl":"https:\/\/www.dakarmania.cz\/wp-content\/uploads\/2019\/01\/19-dakar-al-attiyah03.jpg","datePublished":"2019-01-10T20:05:21+00:00","dateModified":"2019-10-22T15:00:05+00:00","description":"Nasser Al-Attiyah s Mathieu Baumelem a vozem Toyota Hilux vyhr\u00e1li \u010dtvrtou etapu Rally Dakar 2019 a upevnili si veden\u00ed v kategorii automobil\u016f.","breadcrumb":{"@id":"https:\/\/www.dakarmania.cz\/index.php\/2019\/01\/10\/dakar-2019-nasser-al-attiyah-vitezi-a-nepatrne-zvysuje-naskok\/#breadcrumb"},"inLanguage":"cs","potentialAction":[{"@type":"ReadAction","target":["https:\/\/www.dakarmania.cz\/index.php\/2019\/01\/10\/dakar-2019-nasser-al-attiyah-vitezi-a-nepatrne-zvysuje-naskok\/"]}]},{"@type":"ImageObject","inLanguage":"cs","@id":"https:\/\/www.dakarmania.cz\/index.php\/2019\/01\/10\/dakar-2019-nasser-al-attiyah-vitezi-a-nepatrne-zvysuje-naskok\/#primaryimage","url":"https:\/\/www.dakarmania.cz\/wp-content\/uploads\/2019\/01\/19-dakar-al-attiyah03.jpg","contentUrl":"https:\/\/www.dakarmania.cz\/wp-content\/uploads\/2019\/01\/19-dakar-al-attiyah03.jpg","width":2048,"height":1365,"caption":"Nasser Al-Attiyah\/Mathieu Baumel, Toyota Hilux, Toyota Gazoo Racing SA. \u00a9 Red Bull Content Pool"},{"@type":"BreadcrumbList","@id":"https:\/\/www.dakarmania.cz\/index.php\/2019\/01\/10\/dakar-2019-nasser-al-attiyah-vitezi-a-nepatrne-zvysuje-naskok\/#breadcrumb","itemListElement":[{"@type":"ListItem","position":1,"name":"Dom\u016f","item":"https:\/\/www.dakarmania.cz\/"},{"@type":"ListItem","position":2,"name":"Dakar 2019: Nasser Al-Attiyah v\u00edt\u011bz\u00ed a nepatrn\u011b zvy\u0161uje n\u00e1skok"}]},{"@type":"WebSite","@id":"https:\/\/www.dakarmania.cz\/#website","url":"https:\/\/www.dakarmania.cz\/","name":"DAKARMANIA.cz","description":"\u017dijeme Dakarem cel\u00fd rok","publisher":{"@id":"https:\/\/www.dakarmania.cz\/#organization"},"potentialAction":[{"@type":"SearchAction","target":{"@type":"EntryPoint","urlTemplate":"https:\/\/www.dakarmania.cz\/?s={search_term_string}"},"query-input":{"@type":"PropertyValueSpecification","valueRequired":true,"valueName":"search_term_string"}}],"inLanguage":"cs"},{"@type":"Organization","@id":"https:\/\/www.dakarmania.cz\/#organization","name":"DAKAR MANIA","url":"https:\/\/www.dakarmania.cz\/","logo":{"@type":"ImageObject","inLanguage":"cs","@id":"https:\/\/www.dakarmania.cz\/#\/schema\/logo\/image\/","url":"https:\/\/www.dakarmania.cz\/wp-content\/uploads\/2018\/12\/Dakar-Mania-Logo-Square-Orange.png","contentUrl":"https:\/\/www.dakarmania.cz\/wp-content\/uploads\/2018\/12\/Dakar-Mania-Logo-Square-Orange.png","width":992,"height":992,"caption":"DAKAR MANIA"},"image":{"@id":"https:\/\/www.dakarmania.cz\/#\/schema\/logo\/image\/"},"sameAs":["https:\/\/www.facebook.com\/dakarmania\/"]},{"@type":"Person","@id":"https:\/\/www.dakarmania.cz\/#\/schema\/person\/04eb0e87a389631c2169c0dddae7ff1e","name":"Zden\u011bk Zelenka","image":{"@type":"ImageObject","inLanguage":"cs","@id":"https:\/\/www.dakarmania.cz\/#\/schema\/person\/image\/","url":"https:\/\/secure.gravatar.com\/avatar\/2c80d5a4942fe0900b73cc7d3837a509d6ee0a276a2b76dac95c92bd0763a89b?s=96&d=mm&r=g","contentUrl":"https:\/\/secure.gravatar.com\/avatar\/2c80d5a4942fe0900b73cc7d3837a509d6ee0a276a2b76dac95c92bd0763a89b?s=96&d=mm&r=g","caption":"Zden\u011bk Zelenka"},"description":"Moji d\u011bt\u0161t\u00ed hrdinov\u00e9 se jmenovali Loprais, Moskal, Neveu, Vatanen, Rahier... A tihle borci, jejich n\u00e1sledovn\u00edci a jejich p\u0159\u00edb\u011bhy m\u011b nep\u0159estali fascinovat ani po letech, kdy jsem vyrostl a zam\u011bstn\u00e1valy m\u011b jin\u00e9 discipl\u00edny motorsportu. Proto se zrodila DAKARMANIA.","url":"https:\/\/www.dakarmania.cz\/index.php\/author\/dakarmania\/"}]}},"amp_enabled":true,"_links":{"self":[{"href":"https:\/\/www.dakarmania.cz\/index.php\/wp-json\/wp\/v2\/posts\/1680","targetHints":{"allow":["GET"]}}],"collection":[{"href":"https:\/\/www.dakarmania.cz\/index.php\/wp-json\/wp\/v2\/posts"}],"about":[{"href":"https:\/\/www.dakarmania.cz\/index.php\/wp-json\/wp\/v2\/types\/post"}],"author":[{"embeddable":true,"href":"https:\/\/www.dakarmania.cz\/index.php\/wp-json\/wp\/v2\/users\/1"}],"replies":[{"embeddable":true,"href":"https:\/\/www.dakarmania.cz\/index.php\/wp-json\/wp\/v2\/comments?post=1680"}],"version-history":[{"count":12,"href":"https:\/\/www.dakarmania.cz\/index.php\/wp-json\/wp\/v2\/posts\/1680\/revisions"}],"predecessor-version":[{"id":12779,"href":"https:\/\/www.dakarmania.cz\/index.php\/wp-json\/wp\/v2\/posts\/1680\/revisions\/12779"}],"wp:featuredmedia":[{"embeddable":true,"href":"https:\/\/www.dakarmania.cz\/index.php\/wp-json\/wp\/v2\/media\/1691"}],"wp:attachment":[{"href":"https:\/\/www.dakarmania.cz\/index.php\/wp-json\/wp\/v2\/media?parent=1680"}],"wp:term":[{"taxonomy":"category","embeddable":true,"href":"https:\/\/www.dakarmania.cz\/index.php\/wp-json\/wp\/v2\/categories?post=1680"},{"taxonomy":"post_tag","embeddable":true,"href":"https:\/\/www.dakarmania.cz\/index.php\/wp-json\/wp\/v2\/tags?post=1680"}],"curies":[{"name":"wp","href":"https:\/\/api.w.org\/{rel}","templated":true}]}}