{"id":16805,"date":"2020-10-01T22:25:11","date_gmt":"2020-10-01T20:25:11","guid":{"rendered":"https:\/\/www.dakarmania.cz\/?p=16805"},"modified":"2020-10-01T22:25:11","modified_gmt":"2020-10-01T20:25:11","slug":"buggyra-zbroji-na-dakar","status":"publish","type":"post","link":"https:\/\/www.dakarmania.cz\/index.php\/2020\/10\/01\/buggyra-zbroji-na-dakar\/","title":{"rendered":"Buggyra zbroj\u00ed na Dakar a pom\u00fd\u0161l\u00ed minim\u00e1ln\u011b na top 10"},"content":{"rendered":"<p>[vc_row][vc_column][vc_column_text css_animation=&#8221;fadeIn&#8221;]<\/p>\n<h3>V Buggyra Technology Centru prob\u00edhaj\u00ed posledn\u00ed p\u0159\u00edpravy na Rally Dakar, kter\u00e1 by se podle ve\u0161ker\u00fdch dostupn\u00fdch informac\u00ed m\u011bla v lednu uskute\u010dnit. Podruh\u00e9 v \u0159ad\u011b se pojede v\u00fdhradn\u011b na \u00fazem\u00ed Sa\u00fadsk\u00e9 Ar\u00e1bie.<\/h3>\n<p>[\/vc_column_text][vc_single_image image=&#8221;16804&#8243; img_size=&#8221;large&#8221; add_caption=&#8221;yes&#8221; alignment=&#8221;center&#8221; onclick=&#8221;link_image&#8221; css_animation=&#8221;fadeIn&#8221;][vc_column_text css_animation=&#8221;fadeIn&#8221;]Kdy\u017e t\u00fdmov\u00fd mana\u017eer Jan Kalivoda pravil, \u017ee na Dakaru existuje jedin\u00e1 jistota, a sice \u017ee p\u0159ed dojezdem do c\u00edle posledn\u00ed etapy nen\u00ed nikdy nic jist\u00e9, nejsp\u00ed\u0161e netu\u0161il, \u017ee \u010das tot\u00e1ln\u00ed nejistoty teprve nastane.<\/p>\n<p><em>\u201eZat\u00edm se podle ve\u0161ker\u00fdch informac\u00ed Rally Dakar v lednu pojede, ostatn\u011b koronaviru jsme si u\u017eili dost na posledn\u00edm ro\u010dn\u00edku. Z toho, co v\u00edme, cht\u011bj\u00ed po\u0159adatel\u00e9 zorganizovat jednu velkou dakarskou karant\u00e9nu, co\u017e n\u00e1m a\u017e tak moc nevad\u00ed, m\u00e1me praxi z domova,\u201c<\/em> \u0159\u00edk\u00e1 <strong>Jan Kalivoda<\/strong>.<\/p>\n<p>P\u0159esto\u017ee se term\u00edn Rally Dakar 2021 bl\u00ed\u017e\u00ed, jak prozradil, testovala se ve st\u0159edu 30. z\u00e1\u0159\u00ed v Milovic\u00edch revolu\u010dn\u00ed novinka.[\/vc_column_text][vc_single_image image=&#8221;15450&#8243; img_size=&#8221;large&#8221; add_caption=&#8221;yes&#8221; alignment=&#8221;center&#8221; onclick=&#8221;custom_link&#8221; img_link_target=&#8221;_blank&#8221; css_animation=&#8221;fadeIn&#8221; link=&#8221;http:\/\/eshop.dakarmania.cz\/&#8221;][vc_column_text css_animation=&#8221;fadeIn&#8221;]<em>\u201eNejedeme se jenom z\u00fa\u010dastnit, c\u00edlem je minim\u00e1ln\u011b prvn\u00ed des\u00edtka a Tatra Phoenix II nen\u00ed zrovna kami\u00f3n stav\u011bn\u00fd na p\u00edsky. N\u011bco jsme vymysleli, a p\u0159esto\u017ee maj\u00ed Milovice k dun\u00e1m sa\u00fadskoarabsk\u00e9 pou\u0161t\u011b docela hodn\u011b daleko, nevypadaj\u00ed prvn\u00ed data v\u016fbec \u0161patn\u011b. Ale to je tak v\u0161echno, co k tomu m\u016f\u017eu v t\u00e9to chv\u00edl\u00ed \u0159\u00edct,\u201c<\/em> potvrdil z\u00e1vodn\u00ed in\u017een\u00fdr <strong>Robin Dolej\u0161<\/strong>.<\/p>\n<p><em>\u201eKdy\u017e s t\u00edm za mnou David s Robinem p\u0159i\u0161li, byl jsem lehce skeptick\u00fd. Mus\u00edm ale \u0159\u00edct, \u017ee to funguje nad o\u010dek\u00e1v\u00e1n\u00ed dob\u0159e,\u201c<\/em> konstatoval po testov\u00e1n\u00ed <strong>Martin \u0160oltys<\/strong>, kter\u00fd v r\u00e1mci p\u0159\u00edpravy usilovn\u011b pracuje na fyzick\u00e9 kondici. <em>\u201eNe snad \u017ee bych to loni podcenil, ale hr\u00e1bl jsem si na dno. Ne\u00fa\u010dast si nep\u0159ipou\u0161t\u00edm, tak\u017ee jedu naplno.\u201c<\/em><\/p>\n<p>Tiskov\u00e1 zpr\u00e1va t\u00fdmu Tatra Buggyra Racing [editov\u00e1no][\/vc_column_text][vc_empty_space height=&#8221;2px&#8221;][\/vc_column][\/vc_row]<\/p>\n","protected":false},"excerpt":{"rendered":"<p>V Buggyra Technology Centru prob\u00edhaj\u00ed posledn\u00ed p\u0159\u00edpravy na Rally Dakar, kter\u00e1 by se podle ve\u0161ker\u00fdch dostupn\u00fdch informac\u00ed m\u011bla v lednu uskute\u010dnit.<\/p>\n","protected":false},"author":3,"featured_media":16804,"comment_status":"open","ping_status":"closed","sticky":false,"template":"","format":"standard","meta":{"footnotes":""},"categories":[637],"tags":[903,1630,132,8,1475,243,136,1768,68],"class_list":["post-16805","post","type-post","status-publish","format-standard","has-post-thumbnail","hentry","category-tiskove-zpravy","tag-903","tag-1630","tag-buggyra-racing","tag-dakar","tag-dakar-2021","tag-jan-kalivoda","tag-martin-soltys","tag-robin-dolejs","tag-tatra"],"yoast_head":"<!-- This site is optimized with the Yoast SEO plugin v24.9 - https:\/\/yoast.com\/wordpress\/plugins\/seo\/ -->\n<title>Buggyra zbroj\u00ed na Dakar a pom\u00fd\u0161l\u00ed minim\u00e1ln\u011b na top 10 - DAKARMANIA.cz<\/title>\n<meta name=\"description\" content=\"V Buggyra Technology Centru prob\u00edhaj\u00ed posledn\u00ed p\u0159\u00edpravy na Rally Dakar, kter\u00e1 by se podle ve\u0161ker\u00fdch dostupn\u00fdch informac\u00ed m\u011bla v lednu uskute\u010dnit.\" \/>\n<meta name=\"robots\" content=\"index, follow, max-snippet:-1, max-image-preview:large, max-video-preview:-1\" \/>\n<link rel=\"canonical\" href=\"https:\/\/www.dakarmania.cz\/index.php\/2020\/10\/01\/buggyra-zbroji-na-dakar\/\" \/>\n<meta property=\"og:locale\" content=\"cs_CZ\" \/>\n<meta property=\"og:type\" content=\"article\" \/>\n<meta property=\"og:title\" content=\"Buggyra zbroj\u00ed na Dakar a pom\u00fd\u0161l\u00ed minim\u00e1ln\u011b na top 10 - DAKARMANIA.cz\" \/>\n<meta property=\"og:description\" content=\"V Buggyra Technology Centru prob\u00edhaj\u00ed posledn\u00ed p\u0159\u00edpravy na Rally Dakar, kter\u00e1 by se podle ve\u0161ker\u00fdch dostupn\u00fdch informac\u00ed m\u011bla v lednu uskute\u010dnit.\" \/>\n<meta property=\"og:url\" content=\"https:\/\/www.dakarmania.cz\/index.php\/2020\/10\/01\/buggyra-zbroji-na-dakar\/\" \/>\n<meta property=\"og:site_name\" content=\"DAKARMANIA.cz\" \/>\n<meta property=\"article:publisher\" content=\"https:\/\/www.facebook.com\/dakarmania\/\" \/>\n<meta property=\"article:published_time\" content=\"2020-10-01T20:25:11+00:00\" \/>\n<meta property=\"og:image\" content=\"https:\/\/www.dakarmania.cz\/wp-content\/uploads\/2020\/10\/20-buggyra-test-milovice-01.jpg\" \/>\n\t<meta property=\"og:image:width\" content=\"1024\" \/>\n\t<meta property=\"og:image:height\" content=\"683\" \/>\n\t<meta property=\"og:image:type\" content=\"image\/jpeg\" \/>\n<meta name=\"author\" content=\"tiskov\u00e1 zpr\u00e1va\" \/>\n<meta name=\"twitter:card\" content=\"summary_large_image\" \/>\n<meta name=\"twitter:label1\" content=\"Napsal(a)\" \/>\n\t<meta name=\"twitter:data1\" content=\"tiskov\u00e1 zpr\u00e1va\" \/>\n\t<meta name=\"twitter:label2\" content=\"Odhadovan\u00e1 doba \u010dten\u00ed\" \/>\n\t<meta name=\"twitter:data2\" content=\"2 minuty\" \/>\n<script type=\"application\/ld+json\" class=\"yoast-schema-graph\">{\"@context\":\"https:\/\/schema.org\",\"@graph\":[{\"@type\":\"Article\",\"@id\":\"https:\/\/www.dakarmania.cz\/index.php\/2020\/10\/01\/buggyra-zbroji-na-dakar\/#article\",\"isPartOf\":{\"@id\":\"https:\/\/www.dakarmania.cz\/index.php\/2020\/10\/01\/buggyra-zbroji-na-dakar\/\"},\"author\":{\"name\":\"tiskov\u00e1 zpr\u00e1va\",\"@id\":\"https:\/\/www.dakarmania.cz\/#\/schema\/person\/bce8d1fe3633b1178e150fc5e340d5dd\"},\"headline\":\"Buggyra zbroj\u00ed na Dakar a pom\u00fd\u0161l\u00ed minim\u00e1ln\u011b na top 10\",\"datePublished\":\"2020-10-01T20:25:11+00:00\",\"mainEntityOfPage\":{\"@id\":\"https:\/\/www.dakarmania.cz\/index.php\/2020\/10\/01\/buggyra-zbroji-na-dakar\/\"},\"wordCount\":415,\"commentCount\":0,\"publisher\":{\"@id\":\"https:\/\/www.dakarmania.cz\/#organization\"},\"image\":{\"@id\":\"https:\/\/www.dakarmania.cz\/index.php\/2020\/10\/01\/buggyra-zbroji-na-dakar\/#primaryimage\"},\"thumbnailUrl\":\"https:\/\/www.dakarmania.cz\/wp-content\/uploads\/2020\/10\/20-buggyra-test-milovice-01.jpg\",\"keywords\":[\"2020\",\"2021\",\"Buggyra Racing\",\"Dakar\",\"Dakar 2021\",\"Jan Kalivoda\",\"Martin \u0160oltys\",\"Robin Dolej\u0161\",\"Tatra\"],\"articleSection\":[\"Tiskov\u00e9 zpr\u00e1vy\"],\"inLanguage\":\"cs\",\"potentialAction\":[{\"@type\":\"CommentAction\",\"name\":\"Comment\",\"target\":[\"https:\/\/www.dakarmania.cz\/index.php\/2020\/10\/01\/buggyra-zbroji-na-dakar\/#respond\"]}]},{\"@type\":\"WebPage\",\"@id\":\"https:\/\/www.dakarmania.cz\/index.php\/2020\/10\/01\/buggyra-zbroji-na-dakar\/\",\"url\":\"https:\/\/www.dakarmania.cz\/index.php\/2020\/10\/01\/buggyra-zbroji-na-dakar\/\",\"name\":\"Buggyra zbroj\u00ed na Dakar a pom\u00fd\u0161l\u00ed minim\u00e1ln\u011b na top 10 - DAKARMANIA.cz\",\"isPartOf\":{\"@id\":\"https:\/\/www.dakarmania.cz\/#website\"},\"primaryImageOfPage\":{\"@id\":\"https:\/\/www.dakarmania.cz\/index.php\/2020\/10\/01\/buggyra-zbroji-na-dakar\/#primaryimage\"},\"image\":{\"@id\":\"https:\/\/www.dakarmania.cz\/index.php\/2020\/10\/01\/buggyra-zbroji-na-dakar\/#primaryimage\"},\"thumbnailUrl\":\"https:\/\/www.dakarmania.cz\/wp-content\/uploads\/2020\/10\/20-buggyra-test-milovice-01.jpg\",\"datePublished\":\"2020-10-01T20:25:11+00:00\",\"description\":\"V Buggyra Technology Centru prob\u00edhaj\u00ed posledn\u00ed p\u0159\u00edpravy na Rally Dakar, kter\u00e1 by se podle ve\u0161ker\u00fdch dostupn\u00fdch informac\u00ed m\u011bla v lednu uskute\u010dnit.\",\"breadcrumb\":{\"@id\":\"https:\/\/www.dakarmania.cz\/index.php\/2020\/10\/01\/buggyra-zbroji-na-dakar\/#breadcrumb\"},\"inLanguage\":\"cs\",\"potentialAction\":[{\"@type\":\"ReadAction\",\"target\":[\"https:\/\/www.dakarmania.cz\/index.php\/2020\/10\/01\/buggyra-zbroji-na-dakar\/\"]}]},{\"@type\":\"ImageObject\",\"inLanguage\":\"cs\",\"@id\":\"https:\/\/www.dakarmania.cz\/index.php\/2020\/10\/01\/buggyra-zbroji-na-dakar\/#primaryimage\",\"url\":\"https:\/\/www.dakarmania.cz\/wp-content\/uploads\/2020\/10\/20-buggyra-test-milovice-01.jpg\",\"contentUrl\":\"https:\/\/www.dakarmania.cz\/wp-content\/uploads\/2020\/10\/20-buggyra-test-milovice-01.jpg\",\"width\":1024,\"height\":683,\"caption\":\"Martin \u0160oltys, Tatra Phoenix, Tatra Buggyra Racing. Testov\u00e1n\u00ed v Milovic\u00edch, z\u00e1\u0159\u00ed 2020. \u00a9 Buggyra Media\"},{\"@type\":\"BreadcrumbList\",\"@id\":\"https:\/\/www.dakarmania.cz\/index.php\/2020\/10\/01\/buggyra-zbroji-na-dakar\/#breadcrumb\",\"itemListElement\":[{\"@type\":\"ListItem\",\"position\":1,\"name\":\"Dom\u016f\",\"item\":\"https:\/\/www.dakarmania.cz\/\"},{\"@type\":\"ListItem\",\"position\":2,\"name\":\"Buggyra zbroj\u00ed na Dakar a pom\u00fd\u0161l\u00ed minim\u00e1ln\u011b na top 10\"}]},{\"@type\":\"WebSite\",\"@id\":\"https:\/\/www.dakarmania.cz\/#website\",\"url\":\"https:\/\/www.dakarmania.cz\/\",\"name\":\"DAKARMANIA.cz\",\"description\":\"\u017dijeme Dakarem cel\u00fd rok\",\"publisher\":{\"@id\":\"https:\/\/www.dakarmania.cz\/#organization\"},\"potentialAction\":[{\"@type\":\"SearchAction\",\"target\":{\"@type\":\"EntryPoint\",\"urlTemplate\":\"https:\/\/www.dakarmania.cz\/?s={search_term_string}\"},\"query-input\":{\"@type\":\"PropertyValueSpecification\",\"valueRequired\":true,\"valueName\":\"search_term_string\"}}],\"inLanguage\":\"cs\"},{\"@type\":\"Organization\",\"@id\":\"https:\/\/www.dakarmania.cz\/#organization\",\"name\":\"DAKAR MANIA\",\"url\":\"https:\/\/www.dakarmania.cz\/\",\"logo\":{\"@type\":\"ImageObject\",\"inLanguage\":\"cs\",\"@id\":\"https:\/\/www.dakarmania.cz\/#\/schema\/logo\/image\/\",\"url\":\"https:\/\/www.dakarmania.cz\/wp-content\/uploads\/2018\/12\/Dakar-Mania-Logo-Square-Orange.png\",\"contentUrl\":\"https:\/\/www.dakarmania.cz\/wp-content\/uploads\/2018\/12\/Dakar-Mania-Logo-Square-Orange.png\",\"width\":992,\"height\":992,\"caption\":\"DAKAR MANIA\"},\"image\":{\"@id\":\"https:\/\/www.dakarmania.cz\/#\/schema\/logo\/image\/\"},\"sameAs\":[\"https:\/\/www.facebook.com\/dakarmania\/\"]},{\"@type\":\"Person\",\"@id\":\"https:\/\/www.dakarmania.cz\/#\/schema\/person\/bce8d1fe3633b1178e150fc5e340d5dd\",\"name\":\"tiskov\u00e1 zpr\u00e1va\",\"image\":{\"@type\":\"ImageObject\",\"inLanguage\":\"cs\",\"@id\":\"https:\/\/www.dakarmania.cz\/#\/schema\/person\/image\/\",\"url\":\"https:\/\/secure.gravatar.com\/avatar\/19aefcb6c7bfae691fca4d805686c670f59bb4f7414c7b398b88dc9c8f4e96d5?s=96&d=mm&r=g\",\"contentUrl\":\"https:\/\/secure.gravatar.com\/avatar\/19aefcb6c7bfae691fca4d805686c670f59bb4f7414c7b398b88dc9c8f4e96d5?s=96&d=mm&r=g\",\"caption\":\"tiskov\u00e1 zpr\u00e1va\"},\"url\":\"https:\/\/www.dakarmania.cz\/index.php\/author\/tiskovezpravy\/\"}]}<\/script>\n<!-- \/ Yoast SEO plugin. -->","yoast_head_json":{"title":"Buggyra zbroj\u00ed na Dakar a pom\u00fd\u0161l\u00ed minim\u00e1ln\u011b na top 10 - DAKARMANIA.cz","description":"V Buggyra Technology Centru prob\u00edhaj\u00ed posledn\u00ed p\u0159\u00edpravy na Rally Dakar, kter\u00e1 by se podle ve\u0161ker\u00fdch dostupn\u00fdch informac\u00ed m\u011bla v lednu uskute\u010dnit.","robots":{"index":"index","follow":"follow","max-snippet":"max-snippet:-1","max-image-preview":"max-image-preview:large","max-video-preview":"max-video-preview:-1"},"canonical":"https:\/\/www.dakarmania.cz\/index.php\/2020\/10\/01\/buggyra-zbroji-na-dakar\/","og_locale":"cs_CZ","og_type":"article","og_title":"Buggyra zbroj\u00ed na Dakar a pom\u00fd\u0161l\u00ed minim\u00e1ln\u011b na top 10 - DAKARMANIA.cz","og_description":"V Buggyra Technology Centru prob\u00edhaj\u00ed posledn\u00ed p\u0159\u00edpravy na Rally Dakar, kter\u00e1 by se podle ve\u0161ker\u00fdch dostupn\u00fdch informac\u00ed m\u011bla v lednu uskute\u010dnit.","og_url":"https:\/\/www.dakarmania.cz\/index.php\/2020\/10\/01\/buggyra-zbroji-na-dakar\/","og_site_name":"DAKARMANIA.cz","article_publisher":"https:\/\/www.facebook.com\/dakarmania\/","article_published_time":"2020-10-01T20:25:11+00:00","og_image":[{"width":1024,"height":683,"url":"https:\/\/www.dakarmania.cz\/wp-content\/uploads\/2020\/10\/20-buggyra-test-milovice-01.jpg","type":"image\/jpeg"}],"author":"tiskov\u00e1 zpr\u00e1va","twitter_card":"summary_large_image","twitter_misc":{"Napsal(a)":"tiskov\u00e1 zpr\u00e1va","Odhadovan\u00e1 doba \u010dten\u00ed":"2 minuty"},"schema":{"@context":"https:\/\/schema.org","@graph":[{"@type":"Article","@id":"https:\/\/www.dakarmania.cz\/index.php\/2020\/10\/01\/buggyra-zbroji-na-dakar\/#article","isPartOf":{"@id":"https:\/\/www.dakarmania.cz\/index.php\/2020\/10\/01\/buggyra-zbroji-na-dakar\/"},"author":{"name":"tiskov\u00e1 zpr\u00e1va","@id":"https:\/\/www.dakarmania.cz\/#\/schema\/person\/bce8d1fe3633b1178e150fc5e340d5dd"},"headline":"Buggyra zbroj\u00ed na Dakar a pom\u00fd\u0161l\u00ed minim\u00e1ln\u011b na top 10","datePublished":"2020-10-01T20:25:11+00:00","mainEntityOfPage":{"@id":"https:\/\/www.dakarmania.cz\/index.php\/2020\/10\/01\/buggyra-zbroji-na-dakar\/"},"wordCount":415,"commentCount":0,"publisher":{"@id":"https:\/\/www.dakarmania.cz\/#organization"},"image":{"@id":"https:\/\/www.dakarmania.cz\/index.php\/2020\/10\/01\/buggyra-zbroji-na-dakar\/#primaryimage"},"thumbnailUrl":"https:\/\/www.dakarmania.cz\/wp-content\/uploads\/2020\/10\/20-buggyra-test-milovice-01.jpg","keywords":["2020","2021","Buggyra Racing","Dakar","Dakar 2021","Jan Kalivoda","Martin \u0160oltys","Robin Dolej\u0161","Tatra"],"articleSection":["Tiskov\u00e9 zpr\u00e1vy"],"inLanguage":"cs","potentialAction":[{"@type":"CommentAction","name":"Comment","target":["https:\/\/www.dakarmania.cz\/index.php\/2020\/10\/01\/buggyra-zbroji-na-dakar\/#respond"]}]},{"@type":"WebPage","@id":"https:\/\/www.dakarmania.cz\/index.php\/2020\/10\/01\/buggyra-zbroji-na-dakar\/","url":"https:\/\/www.dakarmania.cz\/index.php\/2020\/10\/01\/buggyra-zbroji-na-dakar\/","name":"Buggyra zbroj\u00ed na Dakar a pom\u00fd\u0161l\u00ed minim\u00e1ln\u011b na top 10 - DAKARMANIA.cz","isPartOf":{"@id":"https:\/\/www.dakarmania.cz\/#website"},"primaryImageOfPage":{"@id":"https:\/\/www.dakarmania.cz\/index.php\/2020\/10\/01\/buggyra-zbroji-na-dakar\/#primaryimage"},"image":{"@id":"https:\/\/www.dakarmania.cz\/index.php\/2020\/10\/01\/buggyra-zbroji-na-dakar\/#primaryimage"},"thumbnailUrl":"https:\/\/www.dakarmania.cz\/wp-content\/uploads\/2020\/10\/20-buggyra-test-milovice-01.jpg","datePublished":"2020-10-01T20:25:11+00:00","description":"V Buggyra Technology Centru prob\u00edhaj\u00ed posledn\u00ed p\u0159\u00edpravy na Rally Dakar, kter\u00e1 by se podle ve\u0161ker\u00fdch dostupn\u00fdch informac\u00ed m\u011bla v lednu uskute\u010dnit.","breadcrumb":{"@id":"https:\/\/www.dakarmania.cz\/index.php\/2020\/10\/01\/buggyra-zbroji-na-dakar\/#breadcrumb"},"inLanguage":"cs","potentialAction":[{"@type":"ReadAction","target":["https:\/\/www.dakarmania.cz\/index.php\/2020\/10\/01\/buggyra-zbroji-na-dakar\/"]}]},{"@type":"ImageObject","inLanguage":"cs","@id":"https:\/\/www.dakarmania.cz\/index.php\/2020\/10\/01\/buggyra-zbroji-na-dakar\/#primaryimage","url":"https:\/\/www.dakarmania.cz\/wp-content\/uploads\/2020\/10\/20-buggyra-test-milovice-01.jpg","contentUrl":"https:\/\/www.dakarmania.cz\/wp-content\/uploads\/2020\/10\/20-buggyra-test-milovice-01.jpg","width":1024,"height":683,"caption":"Martin \u0160oltys, Tatra Phoenix, Tatra Buggyra Racing. Testov\u00e1n\u00ed v Milovic\u00edch, z\u00e1\u0159\u00ed 2020. \u00a9 Buggyra Media"},{"@type":"BreadcrumbList","@id":"https:\/\/www.dakarmania.cz\/index.php\/2020\/10\/01\/buggyra-zbroji-na-dakar\/#breadcrumb","itemListElement":[{"@type":"ListItem","position":1,"name":"Dom\u016f","item":"https:\/\/www.dakarmania.cz\/"},{"@type":"ListItem","position":2,"name":"Buggyra zbroj\u00ed na Dakar a pom\u00fd\u0161l\u00ed minim\u00e1ln\u011b na top 10"}]},{"@type":"WebSite","@id":"https:\/\/www.dakarmania.cz\/#website","url":"https:\/\/www.dakarmania.cz\/","name":"DAKARMANIA.cz","description":"\u017dijeme Dakarem cel\u00fd rok","publisher":{"@id":"https:\/\/www.dakarmania.cz\/#organization"},"potentialAction":[{"@type":"SearchAction","target":{"@type":"EntryPoint","urlTemplate":"https:\/\/www.dakarmania.cz\/?s={search_term_string}"},"query-input":{"@type":"PropertyValueSpecification","valueRequired":true,"valueName":"search_term_string"}}],"inLanguage":"cs"},{"@type":"Organization","@id":"https:\/\/www.dakarmania.cz\/#organization","name":"DAKAR MANIA","url":"https:\/\/www.dakarmania.cz\/","logo":{"@type":"ImageObject","inLanguage":"cs","@id":"https:\/\/www.dakarmania.cz\/#\/schema\/logo\/image\/","url":"https:\/\/www.dakarmania.cz\/wp-content\/uploads\/2018\/12\/Dakar-Mania-Logo-Square-Orange.png","contentUrl":"https:\/\/www.dakarmania.cz\/wp-content\/uploads\/2018\/12\/Dakar-Mania-Logo-Square-Orange.png","width":992,"height":992,"caption":"DAKAR MANIA"},"image":{"@id":"https:\/\/www.dakarmania.cz\/#\/schema\/logo\/image\/"},"sameAs":["https:\/\/www.facebook.com\/dakarmania\/"]},{"@type":"Person","@id":"https:\/\/www.dakarmania.cz\/#\/schema\/person\/bce8d1fe3633b1178e150fc5e340d5dd","name":"tiskov\u00e1 zpr\u00e1va","image":{"@type":"ImageObject","inLanguage":"cs","@id":"https:\/\/www.dakarmania.cz\/#\/schema\/person\/image\/","url":"https:\/\/secure.gravatar.com\/avatar\/19aefcb6c7bfae691fca4d805686c670f59bb4f7414c7b398b88dc9c8f4e96d5?s=96&d=mm&r=g","contentUrl":"https:\/\/secure.gravatar.com\/avatar\/19aefcb6c7bfae691fca4d805686c670f59bb4f7414c7b398b88dc9c8f4e96d5?s=96&d=mm&r=g","caption":"tiskov\u00e1 zpr\u00e1va"},"url":"https:\/\/www.dakarmania.cz\/index.php\/author\/tiskovezpravy\/"}]}},"amp_enabled":true,"_links":{"self":[{"href":"https:\/\/www.dakarmania.cz\/index.php\/wp-json\/wp\/v2\/posts\/16805","targetHints":{"allow":["GET"]}}],"collection":[{"href":"https:\/\/www.dakarmania.cz\/index.php\/wp-json\/wp\/v2\/posts"}],"about":[{"href":"https:\/\/www.dakarmania.cz\/index.php\/wp-json\/wp\/v2\/types\/post"}],"author":[{"embeddable":true,"href":"https:\/\/www.dakarmania.cz\/index.php\/wp-json\/wp\/v2\/users\/3"}],"replies":[{"embeddable":true,"href":"https:\/\/www.dakarmania.cz\/index.php\/wp-json\/wp\/v2\/comments?post=16805"}],"version-history":[{"count":1,"href":"https:\/\/www.dakarmania.cz\/index.php\/wp-json\/wp\/v2\/posts\/16805\/revisions"}],"predecessor-version":[{"id":16806,"href":"https:\/\/www.dakarmania.cz\/index.php\/wp-json\/wp\/v2\/posts\/16805\/revisions\/16806"}],"wp:featuredmedia":[{"embeddable":true,"href":"https:\/\/www.dakarmania.cz\/index.php\/wp-json\/wp\/v2\/media\/16804"}],"wp:attachment":[{"href":"https:\/\/www.dakarmania.cz\/index.php\/wp-json\/wp\/v2\/media?parent=16805"}],"wp:term":[{"taxonomy":"category","embeddable":true,"href":"https:\/\/www.dakarmania.cz\/index.php\/wp-json\/wp\/v2\/categories?post=16805"},{"taxonomy":"post_tag","embeddable":true,"href":"https:\/\/www.dakarmania.cz\/index.php\/wp-json\/wp\/v2\/tags?post=16805"}],"curies":[{"name":"wp","href":"https:\/\/api.w.org\/{rel}","templated":true}]}}