{"id":16809,"date":"2020-10-02T21:48:49","date_gmt":"2020-10-02T19:48:49","guid":{"rendered":"https:\/\/www.dakarmania.cz\/?p=16809"},"modified":"2023-03-14T20:01:55","modified_gmt":"2023-03-14T19:01:55","slug":"skyler-howes-odesel","status":"publish","type":"post","link":"https:\/\/www.dakarmania.cz\/index.php\/2020\/10\/02\/skyler-howes-odesel\/","title":{"rendered":"Skyler Howes ode\u0161el. Klym\u010diw Racing opou\u0161t\u00ed kategorii motorek"},"content":{"rendered":"<p>[vc_row][vc_column][vc_column_text css_animation=&#8221;fadeIn&#8221;]<\/p>\n<h3>V lednu v Sa\u00fadsk\u00e9 Ar\u00e1bii spole\u010dn\u011b vybojovali mimo\u0159\u00e1dn\u00fd v\u00fdsledek. Do c\u00edle Dakaru 2020 dojel Skyler Howes na motocyklu t\u00fdmu Klym\u010diw Racing na dev\u00e1t\u00e9m m\u00edst\u011b v kategorii motocyklist\u016f a p\u0159ed sebou m\u011bl pouze osmi\u010dku tov\u00e1rn\u00edch jezdc\u016f. P\u0159esto \u010deskou st\u00e1j opou\u0161t\u00ed. 28let\u00fd Ameri\u010dan se p\u0159\u00ed\u0161t\u00ed t\u00fdden p\u0159i Andalusk\u00e9 rally (6. a\u017e 10. \u0159\u00edjna) poprv\u00e9 p\u0159edstav\u00ed v nov\u00fdch barv\u00e1ch.<\/h3>\n<p>[\/vc_column_text][vc_single_image image=&#8221;15102&#8243; img_size=&#8221;large&#8221; add_caption=&#8221;yes&#8221; alignment=&#8221;center&#8221; onclick=&#8221;link_image&#8221; css_animation=&#8221;fadeIn&#8221;][vc_column_text css_animation=&#8221;fadeIn&#8221;]Ve \u0160pan\u011blsku i na Dakaru 2021 pojede Skyler Howes pod k\u0159\u00eddly BAS Dakar KTM Racing Teamu. Nizozemsk\u00e1 st\u00e1j je de facto satelitn\u00edm t\u00fdmem rakousk\u00e9 zna\u010dky a t\u011b\u017e\u00ed z jej\u00ed podpory nejen v technick\u00e9 oblasti.<\/p>\n<p><em>\u201eSkyler m\u00e1 nov\u00e9ho sponzora, kter\u00fd mu poskytl podporu pod podm\u00ednkou, \u017ee pojede s holandsk\u00fdm t\u00fdmem, nikoliv s n\u00e1mi,\u201c<\/em> vysv\u011btluje <strong>Ond\u0159ej Klym\u010diw<\/strong>. <em>\u201eSice ode m\u011b m\u011bl tov\u00e1rn\u00ed tlumi\u010de, p\u0159evodovku a \u0159adu dal\u0161\u00edch v\u011bc\u00ed, ale sponzor byl p\u0159esv\u011bd\u010den, \u017ee v b\u00e9\u010dkov\u00e9m t\u00fdmu KTM pro n\u011bj ud\u011blaj\u00ed v\u00edc a l\u00edp. To je v\u0161e, co k tomu mohu \u0159\u00edct.\u201c<\/em><\/p>\n<p>Howes na Dakaru debutoval v roce 2019, kdy a\u017e do poruchy motoru bojoval o v\u00edt\u011bzstv\u00ed v kategorii nov\u00e1\u010dk\u016f. Tak\u00e9 letos mohl ve v\u00fdsledc\u00edch vystoupat je\u0161t\u011b v\u00fd\u0161, kdyby jej nep\u0159ibrzdily p\u00e1dy zap\u0159\u00ed\u010din\u011bn\u00e9 kolapsem techniky. Sv\u00fdmi v\u00fdkony si rozhodn\u011b \u0159ekl o pozornost, ale dve\u0159e do n\u011bkter\u00e9ho z tov\u00e1rn\u00edch t\u00fdm\u016f se mu \u2013 p\u0159inejmen\u0161\u00edm zat\u00edm \u2013 neotev\u0159ely.[\/vc_column_text][vc_column_text css_animation=&#8221;fadeIn&#8221;]<em>\u201eNa Dakaru je nejobt\u00ed\u017en\u011bj\u0161\u00ed se na n\u011bj v\u016fbec dostat. Jako soukromn\u00edk mus\u00edte sehnat spoustu pen\u011bz a z\u00edskat podporu tov\u00e1rny nen\u00ed jednoduch\u00e9. Bohu\u017eel z\u00e1le\u017e\u00ed hlavn\u011b na vztaz\u00edch a zn\u00e1mostech, kter\u00e9 m\u00e1te. Sna\u017eil jsem se jednat a prezentovat sv\u00e9 v\u00fdsledky, ale to nesta\u010d\u00ed,\u201c<\/em> popisuje <strong>Skyler Howes<\/strong>. <em>\u201eChci se vr\u00e1tit a uk\u00e1zat, kde jsou m\u00e9 skute\u010dn\u00e9 mo\u017enosti. S lep\u0161\u00edm vybaven\u00edm by to mohlo b\u00fdt o n\u011bco jednodu\u0161\u0161\u00ed. Dosa\u017een\u00e9 \u010dasy budou lep\u0161\u00ed, jestli\u017ee budu m\u00edt mo\u017enost motorku p\u0159ed Dakarem otestovat a nastavit si ji. Mysl\u00edm, \u017ee to hraje velkou roli. Chci nav\u00e1zat na Rickyho Brabeca a jako dal\u0161\u00ed Ameri\u010dan \u00fato\u010dit na um\u00edst\u011bn\u00ed na stupn\u00edch v\u00edt\u011bz\u016f. V\u011b\u0159\u00edm, \u017ee na to m\u00e1m.\u201c<\/em><\/p>\n<h4>Veter\u00e1n m\u00edsto motorek<\/h4>\n<p>Po Howesov\u011b odchodu a s ohledem na celkovou ekonomickou situaci, ovlivn\u011bnou opat\u0159en\u00edmi p\u0159ij\u00edman\u00fdmi po cel\u00e9m sv\u011bt\u011b kv\u016fli \u0161\u00ed\u0159en\u00ed nemoci covid-19, nebude m\u00edt Klym\u010diw Racing na Dakaru 2021 \u017e\u00e1dn\u00e9ho z\u00e1stupce v kategorii motocykl\u016f.[\/vc_column_text][vc_single_image image=&#8221;16808&#8243; img_size=&#8221;large&#8221; add_caption=&#8221;yes&#8221; alignment=&#8221;center&#8221; onclick=&#8221;link_image&#8221; css_animation=&#8221;fadeIn&#8221;][vc_column_text css_animation=&#8221;fadeIn&#8221;]<em>\u201eByli jsme dohodnut\u00ed s n\u011bkolika jezdci, kte\u0159\u00ed dokonce zaplatili z\u00e1kladn\u00ed startovn\u00ed poplatky, ale nikdo z nich nesehnal sponzory, proto\u017ee doba je takov\u00e1, jak\u00e1 je,\u201c<\/em> \u0159\u00edk\u00e1 <strong>Klym\u010diw<\/strong>. <em>\u201eV l\u00e9t\u011b jsem si myslel, \u017ee m\u00e1me vyhr\u00e1no, ale v\u0161ichni politici jsou z koronaviru pod\u011blan\u00ed a dr\u017e\u00ed n\u00e1s ve strachu. P\u0159itom lid\u00e9 um\u00edraj\u00ed na spoustu jin\u00fdch nemoc\u00ed. Tohle se zkr\u00e1tka n\u011bkomu velmi dob\u0159e hod\u00ed. Bohu\u017eel to ovliv\u0148uje ekonomiku i n\u00e1s v\u0161echny, kte\u0159\u00ed tomu nev\u011b\u0159\u00edme. Zas\u00e1hlo a zas\u00e1hne to lidi i firmy. A je logick\u00e9, \u017ee jako prvn\u00ed se \u0161krtaj\u00ed sponzorsk\u00e9 pen\u00edze.\u201c<\/em><\/p>\n<p>Klym\u010diw Racing p\u0159esto na Dakaru 2021 chyb\u011bt nebude. V\u00fdchodo\u010desk\u00fd t\u00fdm d\u00e1l intenzivn\u011b pracuje na <a href=\"\/index.php\/2020\/07\/20\/velmi-opozdena-premiera-skodovka-poprve-na-dakar\/\">p\u0159\u00edprav\u00e1ch \u0160kody 130 LR<\/a>, s n\u00ed\u017e se Ond\u0159ej Klym\u010diw a Petr Vl\u010dek z\u00fa\u010dastn\u00ed premi\u00e9rov\u00e9ho ro\u010dn\u00edku <a href=\"\/index.php\/2020\/04\/29\/dakar-2021-na-startu-historicke-skvosty\/\">Dakar Classic<\/a>.[\/vc_column_text][vc_empty_space height=&#8221;2px&#8221;][\/vc_column][\/vc_row]<\/p>\n","protected":false},"excerpt":{"rendered":"<p>Na Dakaru 2020 spole\u010dn\u011b Skyler Howes a Klym\u010diw Racing vybojovali mimo\u0159\u00e1dn\u00fd v\u00fdsledek. P\u0159esto 28let\u00fd Ameri\u010dan \u010deskou st\u00e1j opou\u0161t\u00ed.<\/p>\n","protected":false},"author":1,"featured_media":16807,"comment_status":"closed","ping_status":"closed","sticky":false,"template":"","format":"standard","meta":{"footnotes":""},"categories":[1751,1688,15],"tags":[903,1630,1752,1753,1769,8,1475,57,63,56,61],"class_list":["post-16809","post","type-post","status-publish","format-standard","has-post-thumbnail","hentry","category-andalucia-rally","category-dakar-2021","category-moto-quad","tag-903","tag-1630","tag-andalucia-rally","tag-andalucia-rally-2020","tag-bas-dakar","tag-dakar","tag-dakar-2021","tag-klymciw-racing","tag-ktm","tag-ondrej-klymciw","tag-skyler-howes"],"yoast_head":"<!-- This site is optimized with the Yoast SEO plugin v24.9 - https:\/\/yoast.com\/wordpress\/plugins\/seo\/ -->\n<title>Skyler Howes ode\u0161el. Klym\u010diw Racing opou\u0161t\u00ed kategorii motorek - DAKARMANIA.cz<\/title>\n<meta name=\"description\" content=\"Na Dakaru 2020 spole\u010dn\u011b Skyler Howes a Klym\u010diw Racing vybojovali mimo\u0159\u00e1dn\u00fd v\u00fdsledek. P\u0159esto 28let\u00fd Ameri\u010dan \u010deskou st\u00e1j opou\u0161t\u00ed.\" \/>\n<meta name=\"robots\" content=\"index, follow, max-snippet:-1, max-image-preview:large, max-video-preview:-1\" \/>\n<link rel=\"canonical\" href=\"https:\/\/www.dakarmania.cz\/index.php\/2020\/10\/02\/skyler-howes-odesel\/\" \/>\n<meta property=\"og:locale\" content=\"cs_CZ\" \/>\n<meta property=\"og:type\" content=\"article\" \/>\n<meta property=\"og:title\" content=\"Skyler Howes ode\u0161el. Klym\u010diw Racing opou\u0161t\u00ed kategorii motorek - DAKARMANIA.cz\" \/>\n<meta property=\"og:description\" content=\"Na Dakaru 2020 spole\u010dn\u011b Skyler Howes a Klym\u010diw Racing vybojovali mimo\u0159\u00e1dn\u00fd v\u00fdsledek. P\u0159esto 28let\u00fd Ameri\u010dan \u010deskou st\u00e1j opou\u0161t\u00ed.\" \/>\n<meta property=\"og:url\" content=\"https:\/\/www.dakarmania.cz\/index.php\/2020\/10\/02\/skyler-howes-odesel\/\" \/>\n<meta property=\"og:site_name\" content=\"DAKARMANIA.cz\" \/>\n<meta property=\"article:publisher\" content=\"https:\/\/www.facebook.com\/dakarmania\/\" \/>\n<meta property=\"article:published_time\" content=\"2020-10-02T19:48:49+00:00\" \/>\n<meta property=\"article:modified_time\" content=\"2023-03-14T19:01:55+00:00\" \/>\n<meta property=\"og:image\" content=\"https:\/\/www.dakarmania.cz\/wp-content\/uploads\/2020\/10\/20-dakar-howes-04.jpg\" \/>\n\t<meta property=\"og:image:width\" content=\"1024\" \/>\n\t<meta property=\"og:image:height\" content=\"682\" \/>\n\t<meta property=\"og:image:type\" content=\"image\/jpeg\" \/>\n<meta name=\"author\" content=\"Zden\u011bk Zelenka\" \/>\n<meta name=\"twitter:card\" content=\"summary_large_image\" \/>\n<meta name=\"twitter:label1\" content=\"Napsal(a)\" \/>\n\t<meta name=\"twitter:data1\" content=\"Zden\u011bk Zelenka\" \/>\n\t<meta name=\"twitter:label2\" content=\"Odhadovan\u00e1 doba \u010dten\u00ed\" \/>\n\t<meta name=\"twitter:data2\" content=\"3 minuty\" \/>\n<script type=\"application\/ld+json\" class=\"yoast-schema-graph\">{\"@context\":\"https:\/\/schema.org\",\"@graph\":[{\"@type\":\"Article\",\"@id\":\"https:\/\/www.dakarmania.cz\/index.php\/2020\/10\/02\/skyler-howes-odesel\/#article\",\"isPartOf\":{\"@id\":\"https:\/\/www.dakarmania.cz\/index.php\/2020\/10\/02\/skyler-howes-odesel\/\"},\"author\":{\"name\":\"Zden\u011bk Zelenka\",\"@id\":\"https:\/\/www.dakarmania.cz\/#\/schema\/person\/04eb0e87a389631c2169c0dddae7ff1e\"},\"headline\":\"Skyler Howes ode\u0161el. Klym\u010diw Racing opou\u0161t\u00ed kategorii motorek\",\"datePublished\":\"2020-10-02T19:48:49+00:00\",\"dateModified\":\"2023-03-14T19:01:55+00:00\",\"mainEntityOfPage\":{\"@id\":\"https:\/\/www.dakarmania.cz\/index.php\/2020\/10\/02\/skyler-howes-odesel\/\"},\"wordCount\":719,\"publisher\":{\"@id\":\"https:\/\/www.dakarmania.cz\/#organization\"},\"image\":{\"@id\":\"https:\/\/www.dakarmania.cz\/index.php\/2020\/10\/02\/skyler-howes-odesel\/#primaryimage\"},\"thumbnailUrl\":\"https:\/\/www.dakarmania.cz\/wp-content\/uploads\/2020\/10\/20-dakar-howes-04.jpg\",\"keywords\":[\"2020\",\"2021\",\"Andaluc\u00eda Rally\",\"Andaluc\u00eda Rally 2020\",\"BAS Dakar\",\"Dakar\",\"Dakar 2021\",\"Klym\u010diw Racing\",\"KTM\",\"Ond\u0159ej Klym\u010diw\",\"Skyler Howes\"],\"articleSection\":[\"Andaluc\u00eda Rally\",\"Dakar 2021\",\"Moto\/Quad\"],\"inLanguage\":\"cs\"},{\"@type\":\"WebPage\",\"@id\":\"https:\/\/www.dakarmania.cz\/index.php\/2020\/10\/02\/skyler-howes-odesel\/\",\"url\":\"https:\/\/www.dakarmania.cz\/index.php\/2020\/10\/02\/skyler-howes-odesel\/\",\"name\":\"Skyler Howes ode\u0161el. Klym\u010diw Racing opou\u0161t\u00ed kategorii motorek - DAKARMANIA.cz\",\"isPartOf\":{\"@id\":\"https:\/\/www.dakarmania.cz\/#website\"},\"primaryImageOfPage\":{\"@id\":\"https:\/\/www.dakarmania.cz\/index.php\/2020\/10\/02\/skyler-howes-odesel\/#primaryimage\"},\"image\":{\"@id\":\"https:\/\/www.dakarmania.cz\/index.php\/2020\/10\/02\/skyler-howes-odesel\/#primaryimage\"},\"thumbnailUrl\":\"https:\/\/www.dakarmania.cz\/wp-content\/uploads\/2020\/10\/20-dakar-howes-04.jpg\",\"datePublished\":\"2020-10-02T19:48:49+00:00\",\"dateModified\":\"2023-03-14T19:01:55+00:00\",\"description\":\"Na Dakaru 2020 spole\u010dn\u011b Skyler Howes a Klym\u010diw Racing vybojovali mimo\u0159\u00e1dn\u00fd v\u00fdsledek. P\u0159esto 28let\u00fd Ameri\u010dan \u010deskou st\u00e1j opou\u0161t\u00ed.\",\"breadcrumb\":{\"@id\":\"https:\/\/www.dakarmania.cz\/index.php\/2020\/10\/02\/skyler-howes-odesel\/#breadcrumb\"},\"inLanguage\":\"cs\",\"potentialAction\":[{\"@type\":\"ReadAction\",\"target\":[\"https:\/\/www.dakarmania.cz\/index.php\/2020\/10\/02\/skyler-howes-odesel\/\"]}]},{\"@type\":\"ImageObject\",\"inLanguage\":\"cs\",\"@id\":\"https:\/\/www.dakarmania.cz\/index.php\/2020\/10\/02\/skyler-howes-odesel\/#primaryimage\",\"url\":\"https:\/\/www.dakarmania.cz\/wp-content\/uploads\/2020\/10\/20-dakar-howes-04.jpg\",\"contentUrl\":\"https:\/\/www.dakarmania.cz\/wp-content\/uploads\/2020\/10\/20-dakar-howes-04.jpg\",\"width\":1024,\"height\":682,\"caption\":\"Skyler Howes, Husqvarna FE 450 Rally, Klym\u010diw Racing. Rally Dakar 2020. \u00a9 ASO\/DPPI\"},{\"@type\":\"BreadcrumbList\",\"@id\":\"https:\/\/www.dakarmania.cz\/index.php\/2020\/10\/02\/skyler-howes-odesel\/#breadcrumb\",\"itemListElement\":[{\"@type\":\"ListItem\",\"position\":1,\"name\":\"Dom\u016f\",\"item\":\"https:\/\/www.dakarmania.cz\/\"},{\"@type\":\"ListItem\",\"position\":2,\"name\":\"Skyler Howes ode\u0161el. Klym\u010diw Racing opou\u0161t\u00ed kategorii motorek\"}]},{\"@type\":\"WebSite\",\"@id\":\"https:\/\/www.dakarmania.cz\/#website\",\"url\":\"https:\/\/www.dakarmania.cz\/\",\"name\":\"DAKARMANIA.cz\",\"description\":\"\u017dijeme Dakarem cel\u00fd rok\",\"publisher\":{\"@id\":\"https:\/\/www.dakarmania.cz\/#organization\"},\"potentialAction\":[{\"@type\":\"SearchAction\",\"target\":{\"@type\":\"EntryPoint\",\"urlTemplate\":\"https:\/\/www.dakarmania.cz\/?s={search_term_string}\"},\"query-input\":{\"@type\":\"PropertyValueSpecification\",\"valueRequired\":true,\"valueName\":\"search_term_string\"}}],\"inLanguage\":\"cs\"},{\"@type\":\"Organization\",\"@id\":\"https:\/\/www.dakarmania.cz\/#organization\",\"name\":\"DAKAR MANIA\",\"url\":\"https:\/\/www.dakarmania.cz\/\",\"logo\":{\"@type\":\"ImageObject\",\"inLanguage\":\"cs\",\"@id\":\"https:\/\/www.dakarmania.cz\/#\/schema\/logo\/image\/\",\"url\":\"https:\/\/www.dakarmania.cz\/wp-content\/uploads\/2018\/12\/Dakar-Mania-Logo-Square-Orange.png\",\"contentUrl\":\"https:\/\/www.dakarmania.cz\/wp-content\/uploads\/2018\/12\/Dakar-Mania-Logo-Square-Orange.png\",\"width\":992,\"height\":992,\"caption\":\"DAKAR MANIA\"},\"image\":{\"@id\":\"https:\/\/www.dakarmania.cz\/#\/schema\/logo\/image\/\"},\"sameAs\":[\"https:\/\/www.facebook.com\/dakarmania\/\"]},{\"@type\":\"Person\",\"@id\":\"https:\/\/www.dakarmania.cz\/#\/schema\/person\/04eb0e87a389631c2169c0dddae7ff1e\",\"name\":\"Zden\u011bk Zelenka\",\"image\":{\"@type\":\"ImageObject\",\"inLanguage\":\"cs\",\"@id\":\"https:\/\/www.dakarmania.cz\/#\/schema\/person\/image\/\",\"url\":\"https:\/\/secure.gravatar.com\/avatar\/2c80d5a4942fe0900b73cc7d3837a509d6ee0a276a2b76dac95c92bd0763a89b?s=96&d=mm&r=g\",\"contentUrl\":\"https:\/\/secure.gravatar.com\/avatar\/2c80d5a4942fe0900b73cc7d3837a509d6ee0a276a2b76dac95c92bd0763a89b?s=96&d=mm&r=g\",\"caption\":\"Zden\u011bk Zelenka\"},\"description\":\"Moji d\u011bt\u0161t\u00ed hrdinov\u00e9 se jmenovali Loprais, Moskal, Neveu, Vatanen, Rahier... A tihle borci, jejich n\u00e1sledovn\u00edci a jejich p\u0159\u00edb\u011bhy m\u011b nep\u0159estali fascinovat ani po letech, kdy jsem vyrostl a zam\u011bstn\u00e1valy m\u011b jin\u00e9 discipl\u00edny motorsportu. Proto se zrodila DAKARMANIA.\",\"url\":\"https:\/\/www.dakarmania.cz\/index.php\/author\/dakarmania\/\"}]}<\/script>\n<!-- \/ Yoast SEO plugin. -->","yoast_head_json":{"title":"Skyler Howes ode\u0161el. Klym\u010diw Racing opou\u0161t\u00ed kategorii motorek - DAKARMANIA.cz","description":"Na Dakaru 2020 spole\u010dn\u011b Skyler Howes a Klym\u010diw Racing vybojovali mimo\u0159\u00e1dn\u00fd v\u00fdsledek. P\u0159esto 28let\u00fd Ameri\u010dan \u010deskou st\u00e1j opou\u0161t\u00ed.","robots":{"index":"index","follow":"follow","max-snippet":"max-snippet:-1","max-image-preview":"max-image-preview:large","max-video-preview":"max-video-preview:-1"},"canonical":"https:\/\/www.dakarmania.cz\/index.php\/2020\/10\/02\/skyler-howes-odesel\/","og_locale":"cs_CZ","og_type":"article","og_title":"Skyler Howes ode\u0161el. Klym\u010diw Racing opou\u0161t\u00ed kategorii motorek - DAKARMANIA.cz","og_description":"Na Dakaru 2020 spole\u010dn\u011b Skyler Howes a Klym\u010diw Racing vybojovali mimo\u0159\u00e1dn\u00fd v\u00fdsledek. P\u0159esto 28let\u00fd Ameri\u010dan \u010deskou st\u00e1j opou\u0161t\u00ed.","og_url":"https:\/\/www.dakarmania.cz\/index.php\/2020\/10\/02\/skyler-howes-odesel\/","og_site_name":"DAKARMANIA.cz","article_publisher":"https:\/\/www.facebook.com\/dakarmania\/","article_published_time":"2020-10-02T19:48:49+00:00","article_modified_time":"2023-03-14T19:01:55+00:00","og_image":[{"width":1024,"height":682,"url":"https:\/\/www.dakarmania.cz\/wp-content\/uploads\/2020\/10\/20-dakar-howes-04.jpg","type":"image\/jpeg"}],"author":"Zden\u011bk Zelenka","twitter_card":"summary_large_image","twitter_misc":{"Napsal(a)":"Zden\u011bk Zelenka","Odhadovan\u00e1 doba \u010dten\u00ed":"3 minuty"},"schema":{"@context":"https:\/\/schema.org","@graph":[{"@type":"Article","@id":"https:\/\/www.dakarmania.cz\/index.php\/2020\/10\/02\/skyler-howes-odesel\/#article","isPartOf":{"@id":"https:\/\/www.dakarmania.cz\/index.php\/2020\/10\/02\/skyler-howes-odesel\/"},"author":{"name":"Zden\u011bk Zelenka","@id":"https:\/\/www.dakarmania.cz\/#\/schema\/person\/04eb0e87a389631c2169c0dddae7ff1e"},"headline":"Skyler Howes ode\u0161el. Klym\u010diw Racing opou\u0161t\u00ed kategorii motorek","datePublished":"2020-10-02T19:48:49+00:00","dateModified":"2023-03-14T19:01:55+00:00","mainEntityOfPage":{"@id":"https:\/\/www.dakarmania.cz\/index.php\/2020\/10\/02\/skyler-howes-odesel\/"},"wordCount":719,"publisher":{"@id":"https:\/\/www.dakarmania.cz\/#organization"},"image":{"@id":"https:\/\/www.dakarmania.cz\/index.php\/2020\/10\/02\/skyler-howes-odesel\/#primaryimage"},"thumbnailUrl":"https:\/\/www.dakarmania.cz\/wp-content\/uploads\/2020\/10\/20-dakar-howes-04.jpg","keywords":["2020","2021","Andaluc\u00eda Rally","Andaluc\u00eda Rally 2020","BAS Dakar","Dakar","Dakar 2021","Klym\u010diw Racing","KTM","Ond\u0159ej Klym\u010diw","Skyler Howes"],"articleSection":["Andaluc\u00eda Rally","Dakar 2021","Moto\/Quad"],"inLanguage":"cs"},{"@type":"WebPage","@id":"https:\/\/www.dakarmania.cz\/index.php\/2020\/10\/02\/skyler-howes-odesel\/","url":"https:\/\/www.dakarmania.cz\/index.php\/2020\/10\/02\/skyler-howes-odesel\/","name":"Skyler Howes ode\u0161el. Klym\u010diw Racing opou\u0161t\u00ed kategorii motorek - DAKARMANIA.cz","isPartOf":{"@id":"https:\/\/www.dakarmania.cz\/#website"},"primaryImageOfPage":{"@id":"https:\/\/www.dakarmania.cz\/index.php\/2020\/10\/02\/skyler-howes-odesel\/#primaryimage"},"image":{"@id":"https:\/\/www.dakarmania.cz\/index.php\/2020\/10\/02\/skyler-howes-odesel\/#primaryimage"},"thumbnailUrl":"https:\/\/www.dakarmania.cz\/wp-content\/uploads\/2020\/10\/20-dakar-howes-04.jpg","datePublished":"2020-10-02T19:48:49+00:00","dateModified":"2023-03-14T19:01:55+00:00","description":"Na Dakaru 2020 spole\u010dn\u011b Skyler Howes a Klym\u010diw Racing vybojovali mimo\u0159\u00e1dn\u00fd v\u00fdsledek. P\u0159esto 28let\u00fd Ameri\u010dan \u010deskou st\u00e1j opou\u0161t\u00ed.","breadcrumb":{"@id":"https:\/\/www.dakarmania.cz\/index.php\/2020\/10\/02\/skyler-howes-odesel\/#breadcrumb"},"inLanguage":"cs","potentialAction":[{"@type":"ReadAction","target":["https:\/\/www.dakarmania.cz\/index.php\/2020\/10\/02\/skyler-howes-odesel\/"]}]},{"@type":"ImageObject","inLanguage":"cs","@id":"https:\/\/www.dakarmania.cz\/index.php\/2020\/10\/02\/skyler-howes-odesel\/#primaryimage","url":"https:\/\/www.dakarmania.cz\/wp-content\/uploads\/2020\/10\/20-dakar-howes-04.jpg","contentUrl":"https:\/\/www.dakarmania.cz\/wp-content\/uploads\/2020\/10\/20-dakar-howes-04.jpg","width":1024,"height":682,"caption":"Skyler Howes, Husqvarna FE 450 Rally, Klym\u010diw Racing. Rally Dakar 2020. \u00a9 ASO\/DPPI"},{"@type":"BreadcrumbList","@id":"https:\/\/www.dakarmania.cz\/index.php\/2020\/10\/02\/skyler-howes-odesel\/#breadcrumb","itemListElement":[{"@type":"ListItem","position":1,"name":"Dom\u016f","item":"https:\/\/www.dakarmania.cz\/"},{"@type":"ListItem","position":2,"name":"Skyler Howes ode\u0161el. Klym\u010diw Racing opou\u0161t\u00ed kategorii motorek"}]},{"@type":"WebSite","@id":"https:\/\/www.dakarmania.cz\/#website","url":"https:\/\/www.dakarmania.cz\/","name":"DAKARMANIA.cz","description":"\u017dijeme Dakarem cel\u00fd rok","publisher":{"@id":"https:\/\/www.dakarmania.cz\/#organization"},"potentialAction":[{"@type":"SearchAction","target":{"@type":"EntryPoint","urlTemplate":"https:\/\/www.dakarmania.cz\/?s={search_term_string}"},"query-input":{"@type":"PropertyValueSpecification","valueRequired":true,"valueName":"search_term_string"}}],"inLanguage":"cs"},{"@type":"Organization","@id":"https:\/\/www.dakarmania.cz\/#organization","name":"DAKAR MANIA","url":"https:\/\/www.dakarmania.cz\/","logo":{"@type":"ImageObject","inLanguage":"cs","@id":"https:\/\/www.dakarmania.cz\/#\/schema\/logo\/image\/","url":"https:\/\/www.dakarmania.cz\/wp-content\/uploads\/2018\/12\/Dakar-Mania-Logo-Square-Orange.png","contentUrl":"https:\/\/www.dakarmania.cz\/wp-content\/uploads\/2018\/12\/Dakar-Mania-Logo-Square-Orange.png","width":992,"height":992,"caption":"DAKAR MANIA"},"image":{"@id":"https:\/\/www.dakarmania.cz\/#\/schema\/logo\/image\/"},"sameAs":["https:\/\/www.facebook.com\/dakarmania\/"]},{"@type":"Person","@id":"https:\/\/www.dakarmania.cz\/#\/schema\/person\/04eb0e87a389631c2169c0dddae7ff1e","name":"Zden\u011bk Zelenka","image":{"@type":"ImageObject","inLanguage":"cs","@id":"https:\/\/www.dakarmania.cz\/#\/schema\/person\/image\/","url":"https:\/\/secure.gravatar.com\/avatar\/2c80d5a4942fe0900b73cc7d3837a509d6ee0a276a2b76dac95c92bd0763a89b?s=96&d=mm&r=g","contentUrl":"https:\/\/secure.gravatar.com\/avatar\/2c80d5a4942fe0900b73cc7d3837a509d6ee0a276a2b76dac95c92bd0763a89b?s=96&d=mm&r=g","caption":"Zden\u011bk Zelenka"},"description":"Moji d\u011bt\u0161t\u00ed hrdinov\u00e9 se jmenovali Loprais, Moskal, Neveu, Vatanen, Rahier... A tihle borci, jejich n\u00e1sledovn\u00edci a jejich p\u0159\u00edb\u011bhy m\u011b nep\u0159estali fascinovat ani po letech, kdy jsem vyrostl a zam\u011bstn\u00e1valy m\u011b jin\u00e9 discipl\u00edny motorsportu. Proto se zrodila DAKARMANIA.","url":"https:\/\/www.dakarmania.cz\/index.php\/author\/dakarmania\/"}]}},"amp_enabled":true,"_links":{"self":[{"href":"https:\/\/www.dakarmania.cz\/index.php\/wp-json\/wp\/v2\/posts\/16809","targetHints":{"allow":["GET"]}}],"collection":[{"href":"https:\/\/www.dakarmania.cz\/index.php\/wp-json\/wp\/v2\/posts"}],"about":[{"href":"https:\/\/www.dakarmania.cz\/index.php\/wp-json\/wp\/v2\/types\/post"}],"author":[{"embeddable":true,"href":"https:\/\/www.dakarmania.cz\/index.php\/wp-json\/wp\/v2\/users\/1"}],"replies":[{"embeddable":true,"href":"https:\/\/www.dakarmania.cz\/index.php\/wp-json\/wp\/v2\/comments?post=16809"}],"version-history":[{"count":5,"href":"https:\/\/www.dakarmania.cz\/index.php\/wp-json\/wp\/v2\/posts\/16809\/revisions"}],"predecessor-version":[{"id":26180,"href":"https:\/\/www.dakarmania.cz\/index.php\/wp-json\/wp\/v2\/posts\/16809\/revisions\/26180"}],"wp:featuredmedia":[{"embeddable":true,"href":"https:\/\/www.dakarmania.cz\/index.php\/wp-json\/wp\/v2\/media\/16807"}],"wp:attachment":[{"href":"https:\/\/www.dakarmania.cz\/index.php\/wp-json\/wp\/v2\/media?parent=16809"}],"wp:term":[{"taxonomy":"category","embeddable":true,"href":"https:\/\/www.dakarmania.cz\/index.php\/wp-json\/wp\/v2\/categories?post=16809"},{"taxonomy":"post_tag","embeddable":true,"href":"https:\/\/www.dakarmania.cz\/index.php\/wp-json\/wp\/v2\/tags?post=16809"}],"curies":[{"name":"wp","href":"https:\/\/api.w.org\/{rel}","templated":true}]}}