{"id":16819,"date":"2020-10-05T00:53:57","date_gmt":"2020-10-04T22:53:57","guid":{"rendered":"https:\/\/www.dakarmania.cz\/?p=16819"},"modified":"2020-10-16T03:45:12","modified_gmt":"2020-10-16T01:45:12","slug":"koronavirus-pronikl-do-uzavreneho-bivaku-andalucia-rally","status":"publish","type":"post","link":"https:\/\/www.dakarmania.cz\/index.php\/2020\/10\/05\/koronavirus-pronikl-do-uzavreneho-bivaku-andalucia-rally\/","title":{"rendered":"Koronavirus pronikl do uzav\u0159en\u00e9ho bivaku Andaluc\u00eda Rally"},"content":{"rendered":"<p>[vc_row][vc_column][vc_column_text css_animation=&#8221;fadeIn&#8221;]<\/p>\n<h3>Ani striktn\u00ed uzav\u0159en\u00ed bivaku, do n\u011bho\u017e maj\u00ed p\u0159\u00edstup pouze organiz\u00e1to\u0159i, \u00fa\u010dastn\u00edci a m\u00e9dia, Andaluskou rally p\u0159ed koronavirem \u00fapln\u011b neochr\u00e1nilo. Haciendu El Rosalejo u \u0161pan\u011blsk\u00e9ho Villamart\u00ednu musel v ned\u011bli narychlo opustit (minim\u00e1ln\u011b) jeden ze z\u00e1vodn\u00edk\u016f. D\u016fvodem byl pozitivn\u00ed v\u00fdsledek testu na covid-19.<\/h3>\n<p>[\/vc_column_text][vc_single_image image=&#8221;16862&#8243; img_size=&#8221;large&#8221; add_caption=&#8221;yes&#8221; alignment=&#8221;center&#8221; onclick=&#8221;link_image&#8221; css_animation=&#8221;fadeIn&#8221;][vc_column_text css_animation=&#8221;fadeIn&#8221;]Redakce DAKARMANIA.cz jm\u00e9no sportovce zn\u00e1, ale s ohledem na povahu cel\u00e9 z\u00e1le\u017eitosti nech\u00e1v\u00e1 na posti\u017een\u00e9m t\u00fdmu, jak bude situaci komunikovat.<\/p>\n<p>Doty\u010dn\u00fd z\u00e1vodn\u00edk p\u0159ed <a href=\"\/index.php\/souteze\/andalucia-rally-2020\/\">Andaluc\u00eda Rally<\/a> n\u011bkolik dn\u00ed ve \u0160pan\u011blsku tr\u00e9noval. Po p\u0159\u00edjezdu do El Rosaleja se tud\u00ed\u017e nemohl prok\u00e1zat platn\u00fdm negativn\u00edm osv\u011bd\u010den\u00edm, kter\u00e9 by nebylo star\u0161\u00ed ne\u017e t\u0159i dny. Proto mu byl v sobotu odebr\u00e1n vzorek na m\u00edst\u011b. V\u00fdsledky se dozv\u011bd\u011bl v ned\u011bli odpoledne. Mezit\u00edm se mohl voln\u011b pohybovat po bivaku.<\/p>\n<p>Nikdo ze t\u0159\u00ed \u010desk\u00fdch \u00fa\u010dastn\u00edk\u016f Andalusk\u00e9 rally se do podobn\u00fdch probl\u00e9m\u016f nedostal. Motork\u00e1\u0159i Jan Brabec, Libor Podmol, \u010dty\u0159kolk\u00e1\u0159 Tom\u00e1\u0161 Kubiena, \u010dlenov\u00e9 jejich doprovod\u016f i Kubien\u016fv t\u00fdmov\u00fd kolega Laisvydas Kancius z Litvy bu\u010f p\u0159icestovali s platn\u00fdm osv\u011bd\u010den\u00edm o negativn\u00edm v\u00fdsledku testu, nebo jej z\u00edskali p\u0159\u00edmo na m\u00edst\u011b.[\/vc_column_text][vc_single_image image=&#8221;15450&#8243; img_size=&#8221;large&#8221; add_caption=&#8221;yes&#8221; alignment=&#8221;center&#8221; onclick=&#8221;custom_link&#8221; img_link_target=&#8221;_blank&#8221; css_animation=&#8221;fadeIn&#8221; link=&#8221;http:\/\/eshop.dakarmania.cz\/&#8221;][vc_column_text css_animation=&#8221;fadeIn&#8221;]Person\u00e1l po\u0159\u00e1daj\u00edc\u00ed spole\u010dnosti ODC Events nepanika\u0159\u00ed, situaci vy\u0159e\u0161il se z\u00e1vodn\u00edkem a jeho t\u00fdmem a d\u00e1l se podle pl\u00e1nu p\u0159ipravuje na start sout\u011b\u017ee. V pond\u011bl\u00ed jsou v El Rosaleju na programu p\u0159ej\u00edmky, v \u00fater\u00fd se za\u010dne z\u00e1vodit na trati kr\u00e1tk\u00e9 superspeci\u00e1lky, po n\u00ed\u017e budou od st\u0159edy do soboty n\u00e1sledovat \u010dty\u0159i dlouh\u00e9 etapy.<\/p>\n<h3>Podrobn\u00e9 shrnut\u00ed Andaluc\u00eda Rally i v\u0161ech z\u00e1sadn\u00edch ud\u00e1lost\u00ed leto\u0161n\u00edho roku, zaj\u00edmav\u00e9 rozhovory a velkolep\u00e9 sondy do dakarsk\u00e9 historie najdete na 160 stran\u00e1ch <a href=\"http:\/\/eshop.dakarmania.cz\/dm-2\/\" target=\"_blank\" rel=\"noopener noreferrer\">druh\u00e9ho \u010d\u00edsla ti\u0161t\u011bn\u00e9ho magaz\u00ednu DAKARMANIA<\/a>. Vych\u00e1z\u00ed 1. prosince!<\/h3>\n<p>[\/vc_column_text][vc_empty_space height=&#8221;2px&#8221;][\/vc_column][\/vc_row]<\/p>\n","protected":false},"excerpt":{"rendered":"<p>Ani striktn\u00ed uzav\u0159en\u00ed bivaku Andaluskou rally p\u0159ed koronavirem \u00fapln\u011b neochr\u00e1nilo. Haciendu El Rosalejo musel opustit jeden ze z\u00e1vodn\u00edk\u016f.<\/p>\n","protected":false},"author":1,"featured_media":16862,"comment_status":"open","ping_status":"closed","sticky":false,"template":"","format":"standard","meta":{"footnotes":""},"categories":[1751],"tags":[903,1752,1753,1718],"class_list":["post-16819","post","type-post","status-publish","format-standard","has-post-thumbnail","hentry","category-andalucia-rally","tag-903","tag-andalucia-rally","tag-andalucia-rally-2020","tag-odc-events"],"yoast_head":"<!-- This site is optimized with the Yoast SEO plugin v24.9 - https:\/\/yoast.com\/wordpress\/plugins\/seo\/ -->\n<title>Koronavirus pronikl do uzav\u0159en\u00e9ho bivaku Andaluc\u00eda Rally - DAKARMANIA.cz<\/title>\n<meta name=\"description\" content=\"Ani striktn\u00ed uzav\u0159en\u00ed bivaku Andaluskou rally p\u0159ed koronavirem \u00fapln\u011b neochr\u00e1nilo. Haciendu El Rosalejo musel opustit jeden ze z\u00e1vodn\u00edk\u016f.\" \/>\n<meta name=\"robots\" content=\"index, follow, max-snippet:-1, max-image-preview:large, max-video-preview:-1\" \/>\n<link rel=\"canonical\" href=\"https:\/\/www.dakarmania.cz\/index.php\/2020\/10\/05\/koronavirus-pronikl-do-uzavreneho-bivaku-andalucia-rally\/\" \/>\n<meta property=\"og:locale\" content=\"cs_CZ\" \/>\n<meta property=\"og:type\" content=\"article\" \/>\n<meta property=\"og:title\" content=\"Koronavirus pronikl do uzav\u0159en\u00e9ho bivaku Andaluc\u00eda Rally - DAKARMANIA.cz\" \/>\n<meta property=\"og:description\" content=\"Ani striktn\u00ed uzav\u0159en\u00ed bivaku Andaluskou rally p\u0159ed koronavirem \u00fapln\u011b neochr\u00e1nilo. Haciendu El Rosalejo musel opustit jeden ze z\u00e1vodn\u00edk\u016f.\" \/>\n<meta property=\"og:url\" content=\"https:\/\/www.dakarmania.cz\/index.php\/2020\/10\/05\/koronavirus-pronikl-do-uzavreneho-bivaku-andalucia-rally\/\" \/>\n<meta property=\"og:site_name\" content=\"DAKARMANIA.cz\" \/>\n<meta property=\"article:publisher\" content=\"https:\/\/www.facebook.com\/dakarmania\/\" \/>\n<meta property=\"article:published_time\" content=\"2020-10-04T22:53:57+00:00\" \/>\n<meta property=\"article:modified_time\" content=\"2020-10-16T01:45:12+00:00\" \/>\n<meta property=\"og:image\" content=\"https:\/\/www.dakarmania.cz\/wp-content\/uploads\/2020\/10\/20-andalucia-rally-02.jpg\" \/>\n\t<meta property=\"og:image:width\" content=\"1024\" \/>\n\t<meta property=\"og:image:height\" content=\"683\" \/>\n\t<meta property=\"og:image:type\" content=\"image\/jpeg\" \/>\n<meta name=\"author\" content=\"Zden\u011bk Zelenka\" \/>\n<meta name=\"twitter:card\" content=\"summary_large_image\" \/>\n<meta name=\"twitter:label1\" content=\"Napsal(a)\" \/>\n\t<meta name=\"twitter:data1\" content=\"Zden\u011bk Zelenka\" \/>\n\t<meta name=\"twitter:label2\" content=\"Odhadovan\u00e1 doba \u010dten\u00ed\" \/>\n\t<meta name=\"twitter:data2\" content=\"2 minuty\" \/>\n<script type=\"application\/ld+json\" class=\"yoast-schema-graph\">{\"@context\":\"https:\/\/schema.org\",\"@graph\":[{\"@type\":\"Article\",\"@id\":\"https:\/\/www.dakarmania.cz\/index.php\/2020\/10\/05\/koronavirus-pronikl-do-uzavreneho-bivaku-andalucia-rally\/#article\",\"isPartOf\":{\"@id\":\"https:\/\/www.dakarmania.cz\/index.php\/2020\/10\/05\/koronavirus-pronikl-do-uzavreneho-bivaku-andalucia-rally\/\"},\"author\":{\"name\":\"Zden\u011bk Zelenka\",\"@id\":\"https:\/\/www.dakarmania.cz\/#\/schema\/person\/04eb0e87a389631c2169c0dddae7ff1e\"},\"headline\":\"Koronavirus pronikl do uzav\u0159en\u00e9ho bivaku Andaluc\u00eda Rally\",\"datePublished\":\"2020-10-04T22:53:57+00:00\",\"dateModified\":\"2020-10-16T01:45:12+00:00\",\"mainEntityOfPage\":{\"@id\":\"https:\/\/www.dakarmania.cz\/index.php\/2020\/10\/05\/koronavirus-pronikl-do-uzavreneho-bivaku-andalucia-rally\/\"},\"wordCount\":437,\"commentCount\":0,\"publisher\":{\"@id\":\"https:\/\/www.dakarmania.cz\/#organization\"},\"image\":{\"@id\":\"https:\/\/www.dakarmania.cz\/index.php\/2020\/10\/05\/koronavirus-pronikl-do-uzavreneho-bivaku-andalucia-rally\/#primaryimage\"},\"thumbnailUrl\":\"https:\/\/www.dakarmania.cz\/wp-content\/uploads\/2020\/10\/20-andalucia-rally-02.jpg\",\"keywords\":[\"2020\",\"Andaluc\u00eda Rally\",\"Andaluc\u00eda Rally 2020\",\"ODC Events\"],\"articleSection\":[\"Andaluc\u00eda Rally\"],\"inLanguage\":\"cs\",\"potentialAction\":[{\"@type\":\"CommentAction\",\"name\":\"Comment\",\"target\":[\"https:\/\/www.dakarmania.cz\/index.php\/2020\/10\/05\/koronavirus-pronikl-do-uzavreneho-bivaku-andalucia-rally\/#respond\"]}]},{\"@type\":\"WebPage\",\"@id\":\"https:\/\/www.dakarmania.cz\/index.php\/2020\/10\/05\/koronavirus-pronikl-do-uzavreneho-bivaku-andalucia-rally\/\",\"url\":\"https:\/\/www.dakarmania.cz\/index.php\/2020\/10\/05\/koronavirus-pronikl-do-uzavreneho-bivaku-andalucia-rally\/\",\"name\":\"Koronavirus pronikl do uzav\u0159en\u00e9ho bivaku Andaluc\u00eda Rally - DAKARMANIA.cz\",\"isPartOf\":{\"@id\":\"https:\/\/www.dakarmania.cz\/#website\"},\"primaryImageOfPage\":{\"@id\":\"https:\/\/www.dakarmania.cz\/index.php\/2020\/10\/05\/koronavirus-pronikl-do-uzavreneho-bivaku-andalucia-rally\/#primaryimage\"},\"image\":{\"@id\":\"https:\/\/www.dakarmania.cz\/index.php\/2020\/10\/05\/koronavirus-pronikl-do-uzavreneho-bivaku-andalucia-rally\/#primaryimage\"},\"thumbnailUrl\":\"https:\/\/www.dakarmania.cz\/wp-content\/uploads\/2020\/10\/20-andalucia-rally-02.jpg\",\"datePublished\":\"2020-10-04T22:53:57+00:00\",\"dateModified\":\"2020-10-16T01:45:12+00:00\",\"description\":\"Ani striktn\u00ed uzav\u0159en\u00ed bivaku Andaluskou rally p\u0159ed koronavirem \u00fapln\u011b neochr\u00e1nilo. Haciendu El Rosalejo musel opustit jeden ze z\u00e1vodn\u00edk\u016f.\",\"breadcrumb\":{\"@id\":\"https:\/\/www.dakarmania.cz\/index.php\/2020\/10\/05\/koronavirus-pronikl-do-uzavreneho-bivaku-andalucia-rally\/#breadcrumb\"},\"inLanguage\":\"cs\",\"potentialAction\":[{\"@type\":\"ReadAction\",\"target\":[\"https:\/\/www.dakarmania.cz\/index.php\/2020\/10\/05\/koronavirus-pronikl-do-uzavreneho-bivaku-andalucia-rally\/\"]}]},{\"@type\":\"ImageObject\",\"inLanguage\":\"cs\",\"@id\":\"https:\/\/www.dakarmania.cz\/index.php\/2020\/10\/05\/koronavirus-pronikl-do-uzavreneho-bivaku-andalucia-rally\/#primaryimage\",\"url\":\"https:\/\/www.dakarmania.cz\/wp-content\/uploads\/2020\/10\/20-andalucia-rally-02.jpg\",\"contentUrl\":\"https:\/\/www.dakarmania.cz\/wp-content\/uploads\/2020\/10\/20-andalucia-rally-02.jpg\",\"width\":1024,\"height\":683,\"caption\":\"Bivak, Hacienda El Rosalejo, Villamart\u00edn. Andaluc\u00eda Rally 2020. \u00a9 ODC Events\"},{\"@type\":\"BreadcrumbList\",\"@id\":\"https:\/\/www.dakarmania.cz\/index.php\/2020\/10\/05\/koronavirus-pronikl-do-uzavreneho-bivaku-andalucia-rally\/#breadcrumb\",\"itemListElement\":[{\"@type\":\"ListItem\",\"position\":1,\"name\":\"Dom\u016f\",\"item\":\"https:\/\/www.dakarmania.cz\/\"},{\"@type\":\"ListItem\",\"position\":2,\"name\":\"Koronavirus pronikl do uzav\u0159en\u00e9ho bivaku Andaluc\u00eda Rally\"}]},{\"@type\":\"WebSite\",\"@id\":\"https:\/\/www.dakarmania.cz\/#website\",\"url\":\"https:\/\/www.dakarmania.cz\/\",\"name\":\"DAKARMANIA.cz\",\"description\":\"\u017dijeme Dakarem cel\u00fd rok\",\"publisher\":{\"@id\":\"https:\/\/www.dakarmania.cz\/#organization\"},\"potentialAction\":[{\"@type\":\"SearchAction\",\"target\":{\"@type\":\"EntryPoint\",\"urlTemplate\":\"https:\/\/www.dakarmania.cz\/?s={search_term_string}\"},\"query-input\":{\"@type\":\"PropertyValueSpecification\",\"valueRequired\":true,\"valueName\":\"search_term_string\"}}],\"inLanguage\":\"cs\"},{\"@type\":\"Organization\",\"@id\":\"https:\/\/www.dakarmania.cz\/#organization\",\"name\":\"DAKAR MANIA\",\"url\":\"https:\/\/www.dakarmania.cz\/\",\"logo\":{\"@type\":\"ImageObject\",\"inLanguage\":\"cs\",\"@id\":\"https:\/\/www.dakarmania.cz\/#\/schema\/logo\/image\/\",\"url\":\"https:\/\/www.dakarmania.cz\/wp-content\/uploads\/2018\/12\/Dakar-Mania-Logo-Square-Orange.png\",\"contentUrl\":\"https:\/\/www.dakarmania.cz\/wp-content\/uploads\/2018\/12\/Dakar-Mania-Logo-Square-Orange.png\",\"width\":992,\"height\":992,\"caption\":\"DAKAR MANIA\"},\"image\":{\"@id\":\"https:\/\/www.dakarmania.cz\/#\/schema\/logo\/image\/\"},\"sameAs\":[\"https:\/\/www.facebook.com\/dakarmania\/\"]},{\"@type\":\"Person\",\"@id\":\"https:\/\/www.dakarmania.cz\/#\/schema\/person\/04eb0e87a389631c2169c0dddae7ff1e\",\"name\":\"Zden\u011bk Zelenka\",\"image\":{\"@type\":\"ImageObject\",\"inLanguage\":\"cs\",\"@id\":\"https:\/\/www.dakarmania.cz\/#\/schema\/person\/image\/\",\"url\":\"https:\/\/secure.gravatar.com\/avatar\/2c80d5a4942fe0900b73cc7d3837a509d6ee0a276a2b76dac95c92bd0763a89b?s=96&d=mm&r=g\",\"contentUrl\":\"https:\/\/secure.gravatar.com\/avatar\/2c80d5a4942fe0900b73cc7d3837a509d6ee0a276a2b76dac95c92bd0763a89b?s=96&d=mm&r=g\",\"caption\":\"Zden\u011bk Zelenka\"},\"description\":\"Moji d\u011bt\u0161t\u00ed hrdinov\u00e9 se jmenovali Loprais, Moskal, Neveu, Vatanen, Rahier... A tihle borci, jejich n\u00e1sledovn\u00edci a jejich p\u0159\u00edb\u011bhy m\u011b nep\u0159estali fascinovat ani po letech, kdy jsem vyrostl a zam\u011bstn\u00e1valy m\u011b jin\u00e9 discipl\u00edny motorsportu. Proto se zrodila DAKARMANIA.\",\"url\":\"https:\/\/www.dakarmania.cz\/index.php\/author\/dakarmania\/\"}]}<\/script>\n<!-- \/ Yoast SEO plugin. -->","yoast_head_json":{"title":"Koronavirus pronikl do uzav\u0159en\u00e9ho bivaku Andaluc\u00eda Rally - DAKARMANIA.cz","description":"Ani striktn\u00ed uzav\u0159en\u00ed bivaku Andaluskou rally p\u0159ed koronavirem \u00fapln\u011b neochr\u00e1nilo. Haciendu El Rosalejo musel opustit jeden ze z\u00e1vodn\u00edk\u016f.","robots":{"index":"index","follow":"follow","max-snippet":"max-snippet:-1","max-image-preview":"max-image-preview:large","max-video-preview":"max-video-preview:-1"},"canonical":"https:\/\/www.dakarmania.cz\/index.php\/2020\/10\/05\/koronavirus-pronikl-do-uzavreneho-bivaku-andalucia-rally\/","og_locale":"cs_CZ","og_type":"article","og_title":"Koronavirus pronikl do uzav\u0159en\u00e9ho bivaku Andaluc\u00eda Rally - DAKARMANIA.cz","og_description":"Ani striktn\u00ed uzav\u0159en\u00ed bivaku Andaluskou rally p\u0159ed koronavirem \u00fapln\u011b neochr\u00e1nilo. Haciendu El Rosalejo musel opustit jeden ze z\u00e1vodn\u00edk\u016f.","og_url":"https:\/\/www.dakarmania.cz\/index.php\/2020\/10\/05\/koronavirus-pronikl-do-uzavreneho-bivaku-andalucia-rally\/","og_site_name":"DAKARMANIA.cz","article_publisher":"https:\/\/www.facebook.com\/dakarmania\/","article_published_time":"2020-10-04T22:53:57+00:00","article_modified_time":"2020-10-16T01:45:12+00:00","og_image":[{"width":1024,"height":683,"url":"https:\/\/www.dakarmania.cz\/wp-content\/uploads\/2020\/10\/20-andalucia-rally-02.jpg","type":"image\/jpeg"}],"author":"Zden\u011bk Zelenka","twitter_card":"summary_large_image","twitter_misc":{"Napsal(a)":"Zden\u011bk Zelenka","Odhadovan\u00e1 doba \u010dten\u00ed":"2 minuty"},"schema":{"@context":"https:\/\/schema.org","@graph":[{"@type":"Article","@id":"https:\/\/www.dakarmania.cz\/index.php\/2020\/10\/05\/koronavirus-pronikl-do-uzavreneho-bivaku-andalucia-rally\/#article","isPartOf":{"@id":"https:\/\/www.dakarmania.cz\/index.php\/2020\/10\/05\/koronavirus-pronikl-do-uzavreneho-bivaku-andalucia-rally\/"},"author":{"name":"Zden\u011bk Zelenka","@id":"https:\/\/www.dakarmania.cz\/#\/schema\/person\/04eb0e87a389631c2169c0dddae7ff1e"},"headline":"Koronavirus pronikl do uzav\u0159en\u00e9ho bivaku Andaluc\u00eda Rally","datePublished":"2020-10-04T22:53:57+00:00","dateModified":"2020-10-16T01:45:12+00:00","mainEntityOfPage":{"@id":"https:\/\/www.dakarmania.cz\/index.php\/2020\/10\/05\/koronavirus-pronikl-do-uzavreneho-bivaku-andalucia-rally\/"},"wordCount":437,"commentCount":0,"publisher":{"@id":"https:\/\/www.dakarmania.cz\/#organization"},"image":{"@id":"https:\/\/www.dakarmania.cz\/index.php\/2020\/10\/05\/koronavirus-pronikl-do-uzavreneho-bivaku-andalucia-rally\/#primaryimage"},"thumbnailUrl":"https:\/\/www.dakarmania.cz\/wp-content\/uploads\/2020\/10\/20-andalucia-rally-02.jpg","keywords":["2020","Andaluc\u00eda Rally","Andaluc\u00eda Rally 2020","ODC Events"],"articleSection":["Andaluc\u00eda Rally"],"inLanguage":"cs","potentialAction":[{"@type":"CommentAction","name":"Comment","target":["https:\/\/www.dakarmania.cz\/index.php\/2020\/10\/05\/koronavirus-pronikl-do-uzavreneho-bivaku-andalucia-rally\/#respond"]}]},{"@type":"WebPage","@id":"https:\/\/www.dakarmania.cz\/index.php\/2020\/10\/05\/koronavirus-pronikl-do-uzavreneho-bivaku-andalucia-rally\/","url":"https:\/\/www.dakarmania.cz\/index.php\/2020\/10\/05\/koronavirus-pronikl-do-uzavreneho-bivaku-andalucia-rally\/","name":"Koronavirus pronikl do uzav\u0159en\u00e9ho bivaku Andaluc\u00eda Rally - DAKARMANIA.cz","isPartOf":{"@id":"https:\/\/www.dakarmania.cz\/#website"},"primaryImageOfPage":{"@id":"https:\/\/www.dakarmania.cz\/index.php\/2020\/10\/05\/koronavirus-pronikl-do-uzavreneho-bivaku-andalucia-rally\/#primaryimage"},"image":{"@id":"https:\/\/www.dakarmania.cz\/index.php\/2020\/10\/05\/koronavirus-pronikl-do-uzavreneho-bivaku-andalucia-rally\/#primaryimage"},"thumbnailUrl":"https:\/\/www.dakarmania.cz\/wp-content\/uploads\/2020\/10\/20-andalucia-rally-02.jpg","datePublished":"2020-10-04T22:53:57+00:00","dateModified":"2020-10-16T01:45:12+00:00","description":"Ani striktn\u00ed uzav\u0159en\u00ed bivaku Andaluskou rally p\u0159ed koronavirem \u00fapln\u011b neochr\u00e1nilo. Haciendu El Rosalejo musel opustit jeden ze z\u00e1vodn\u00edk\u016f.","breadcrumb":{"@id":"https:\/\/www.dakarmania.cz\/index.php\/2020\/10\/05\/koronavirus-pronikl-do-uzavreneho-bivaku-andalucia-rally\/#breadcrumb"},"inLanguage":"cs","potentialAction":[{"@type":"ReadAction","target":["https:\/\/www.dakarmania.cz\/index.php\/2020\/10\/05\/koronavirus-pronikl-do-uzavreneho-bivaku-andalucia-rally\/"]}]},{"@type":"ImageObject","inLanguage":"cs","@id":"https:\/\/www.dakarmania.cz\/index.php\/2020\/10\/05\/koronavirus-pronikl-do-uzavreneho-bivaku-andalucia-rally\/#primaryimage","url":"https:\/\/www.dakarmania.cz\/wp-content\/uploads\/2020\/10\/20-andalucia-rally-02.jpg","contentUrl":"https:\/\/www.dakarmania.cz\/wp-content\/uploads\/2020\/10\/20-andalucia-rally-02.jpg","width":1024,"height":683,"caption":"Bivak, Hacienda El Rosalejo, Villamart\u00edn. Andaluc\u00eda Rally 2020. \u00a9 ODC Events"},{"@type":"BreadcrumbList","@id":"https:\/\/www.dakarmania.cz\/index.php\/2020\/10\/05\/koronavirus-pronikl-do-uzavreneho-bivaku-andalucia-rally\/#breadcrumb","itemListElement":[{"@type":"ListItem","position":1,"name":"Dom\u016f","item":"https:\/\/www.dakarmania.cz\/"},{"@type":"ListItem","position":2,"name":"Koronavirus pronikl do uzav\u0159en\u00e9ho bivaku Andaluc\u00eda Rally"}]},{"@type":"WebSite","@id":"https:\/\/www.dakarmania.cz\/#website","url":"https:\/\/www.dakarmania.cz\/","name":"DAKARMANIA.cz","description":"\u017dijeme Dakarem cel\u00fd rok","publisher":{"@id":"https:\/\/www.dakarmania.cz\/#organization"},"potentialAction":[{"@type":"SearchAction","target":{"@type":"EntryPoint","urlTemplate":"https:\/\/www.dakarmania.cz\/?s={search_term_string}"},"query-input":{"@type":"PropertyValueSpecification","valueRequired":true,"valueName":"search_term_string"}}],"inLanguage":"cs"},{"@type":"Organization","@id":"https:\/\/www.dakarmania.cz\/#organization","name":"DAKAR MANIA","url":"https:\/\/www.dakarmania.cz\/","logo":{"@type":"ImageObject","inLanguage":"cs","@id":"https:\/\/www.dakarmania.cz\/#\/schema\/logo\/image\/","url":"https:\/\/www.dakarmania.cz\/wp-content\/uploads\/2018\/12\/Dakar-Mania-Logo-Square-Orange.png","contentUrl":"https:\/\/www.dakarmania.cz\/wp-content\/uploads\/2018\/12\/Dakar-Mania-Logo-Square-Orange.png","width":992,"height":992,"caption":"DAKAR MANIA"},"image":{"@id":"https:\/\/www.dakarmania.cz\/#\/schema\/logo\/image\/"},"sameAs":["https:\/\/www.facebook.com\/dakarmania\/"]},{"@type":"Person","@id":"https:\/\/www.dakarmania.cz\/#\/schema\/person\/04eb0e87a389631c2169c0dddae7ff1e","name":"Zden\u011bk Zelenka","image":{"@type":"ImageObject","inLanguage":"cs","@id":"https:\/\/www.dakarmania.cz\/#\/schema\/person\/image\/","url":"https:\/\/secure.gravatar.com\/avatar\/2c80d5a4942fe0900b73cc7d3837a509d6ee0a276a2b76dac95c92bd0763a89b?s=96&d=mm&r=g","contentUrl":"https:\/\/secure.gravatar.com\/avatar\/2c80d5a4942fe0900b73cc7d3837a509d6ee0a276a2b76dac95c92bd0763a89b?s=96&d=mm&r=g","caption":"Zden\u011bk Zelenka"},"description":"Moji d\u011bt\u0161t\u00ed hrdinov\u00e9 se jmenovali Loprais, Moskal, Neveu, Vatanen, Rahier... A tihle borci, jejich n\u00e1sledovn\u00edci a jejich p\u0159\u00edb\u011bhy m\u011b nep\u0159estali fascinovat ani po letech, kdy jsem vyrostl a zam\u011bstn\u00e1valy m\u011b jin\u00e9 discipl\u00edny motorsportu. Proto se zrodila DAKARMANIA.","url":"https:\/\/www.dakarmania.cz\/index.php\/author\/dakarmania\/"}]}},"amp_enabled":true,"_links":{"self":[{"href":"https:\/\/www.dakarmania.cz\/index.php\/wp-json\/wp\/v2\/posts\/16819","targetHints":{"allow":["GET"]}}],"collection":[{"href":"https:\/\/www.dakarmania.cz\/index.php\/wp-json\/wp\/v2\/posts"}],"about":[{"href":"https:\/\/www.dakarmania.cz\/index.php\/wp-json\/wp\/v2\/types\/post"}],"author":[{"embeddable":true,"href":"https:\/\/www.dakarmania.cz\/index.php\/wp-json\/wp\/v2\/users\/1"}],"replies":[{"embeddable":true,"href":"https:\/\/www.dakarmania.cz\/index.php\/wp-json\/wp\/v2\/comments?post=16819"}],"version-history":[{"count":2,"href":"https:\/\/www.dakarmania.cz\/index.php\/wp-json\/wp\/v2\/posts\/16819\/revisions"}],"predecessor-version":[{"id":16863,"href":"https:\/\/www.dakarmania.cz\/index.php\/wp-json\/wp\/v2\/posts\/16819\/revisions\/16863"}],"wp:featuredmedia":[{"embeddable":true,"href":"https:\/\/www.dakarmania.cz\/index.php\/wp-json\/wp\/v2\/media\/16862"}],"wp:attachment":[{"href":"https:\/\/www.dakarmania.cz\/index.php\/wp-json\/wp\/v2\/media?parent=16819"}],"wp:term":[{"taxonomy":"category","embeddable":true,"href":"https:\/\/www.dakarmania.cz\/index.php\/wp-json\/wp\/v2\/categories?post=16819"},{"taxonomy":"post_tag","embeddable":true,"href":"https:\/\/www.dakarmania.cz\/index.php\/wp-json\/wp\/v2\/tags?post=16819"}],"curies":[{"name":"wp","href":"https:\/\/api.w.org\/{rel}","templated":true}]}}