{"id":1682,"date":"2019-01-10T20:36:57","date_gmt":"2019-01-10T20:36:57","guid":{"rendered":"https:\/\/www.dakarmania.cz\/?p=1682"},"modified":"2019-01-11T07:51:49","modified_gmt":"2019-01-11T07:51:49","slug":"dakar-2019-etapove-stribro-posouva-macika-na-ctvrte-misto","status":"publish","type":"post","link":"https:\/\/www.dakarmania.cz\/index.php\/2019\/01\/10\/dakar-2019-etapove-stribro-posouva-macika-na-ctvrte-misto\/","title":{"rendered":"Dakar 2019: Etapov\u00e9 st\u0159\u00edbro posouv\u00e1 Mac\u00edka na \u010dtvrt\u00e9 m\u00edsto"},"content":{"rendered":"<p>[vc_row][vc_column][vc_column_text]<\/p>\n<h4>Pos\u00e1dka Martin Mac\u00edk ml., Franti\u0161ek Tom\u00e1\u0161ek, Luk\u00e1\u0161 Kalanka s Liazkou bojovala v dne\u0161n\u00ed \u010d\u00e1sti maratonsk\u00e9 dvouetapy o sv\u00e9 prvn\u00ed d\u00edl\u010d\u00ed v\u00edt\u011bzstv\u00ed na Dakaru, ale nakonec se musela sklonit p\u0159ed Rusem Andrejem Karginovem s Kamazem, kter\u00e9mu podlehla o minutu a 29 vte\u0159in.<\/h4>\n<p>Kamiony (spole\u010dn\u011b s automobily) dnes zam\u00ed\u0159ily do Tacny, kde se ve\u010der mus\u00ed pos\u00e1dky obej\u00edt bez sv\u00fdch doprovod\u016f. P\u0159edt\u00edm je v\u0161ak je\u0161t\u011b \u010dekala dal\u0161\u00ed speci\u00e1lka dlouh\u00e1 405 kilometr\u016f a tak\u00e9 240kilometrov\u00fd spojovac\u00ed \u00fasek.<\/p>\n<p>Z pohledu \u010desko-slovensk\u00e9 pos\u00e1dky byl d\u016fle\u017eit\u00fd tak\u00e9 v\u00fdsledek Federica Villagry. Argentinec dnes dnes ztratil t\u0159i hodiny a dvacet minut a vypadl z boje o stupn\u011b v\u00edt\u011bz\u016f, co\u017e jezdce t\u00fdmu Big Shock Racing posunulo na \u010dtvrtou p\u0159\u00ed\u010dku pr\u016fb\u011b\u017en\u00e9ho po\u0159ad\u00ed kategorie kamion\u016f.<\/p>\n<p>Mac\u00edk nav\u00edc umazal dvan\u00e1ct minut ze sv\u00e9 ztr\u00e1ty na vedouc\u00edho Eduarda Nikolajeva jedouc\u00edho s dal\u0161\u00edm Kamazem.[\/vc_column_text][vc_single_image image=&#8221;1693&#8243; img_size=&#8221;large&#8221; add_caption=&#8221;yes&#8221; alignment=&#8221;center&#8221;][vc_separator][vc_column_text]Karginov nav\u00e1zal na sv\u016fj <a href=\"https:\/\/www.dakarmania.cz\/index.php\/2019\/01\/09\/dakar-2019-martin-macik-se-posouva-do-top-5\/\">nejrychlej\u0161\u00ed \u010das z p\u0159edchoz\u00edho dne<\/a> a v pr\u016fb\u011b\u017en\u00e9m hodnocen\u00ed si polep\u0161il o dal\u0161\u00ed dv\u011b m\u00edsta, kdy\u017e se krom\u011b Villagry posunul i p\u0159ed t\u00fdmov\u00e9ho kolegu Sotnikova. Na Nikolajeva dnes najel p\u0159es t\u0159in\u00e1ct minut a celkov\u011b jej od t\u00fdmov\u00e9 jedni\u010dky Kamazu d\u011bl\u00ed jen necel\u00fdch p\u011bt minut.<\/p>\n<p>Ale\u0161 Loprais ve \u010dtvrtek s Tatrou Instaforex Loprais Teamu zajel osm\u00fd \u010das (+26:36) a v pr\u016fb\u011b\u017en\u00e9m po\u0159ad\u00ed se vr\u00e1til do prvn\u00ed des\u00edtky.[\/vc_column_text][vc_column_text]Martin \u0160oltys (Tatra Buggyra Racing) nezopakoval vynikaj\u00edc\u00ed v\u00fdsledek z p\u0159edchoz\u00edho dne, v etap\u011b ztratil hodinu a p\u016fl a v pr\u016fb\u011b\u017en\u00e9m hodnocen\u00ed p\u0159i\u0161el o 11. p\u0159\u00ed\u010dku.<\/p>\n<p>Jeho t\u00fdmov\u00fd kolega Martin Kolom\u00fd do dne\u0161n\u00ed etapy neodstartoval. Po v\u010derej\u0161\u00edch technick\u00fdch probl\u00e9mech musela druh\u00e1 pos\u00e1dka t\u00fdmu Buggyra p\u0159enocovat v dun\u00e1ch, a p\u0159esto\u017ee se j\u00ed poda\u0159ilo Tatru opravit, nestihla start do dne\u0161n\u00ed etapy. Kolom\u00fd tak nejsp\u00ed\u0161 vyu\u017eije mo\u017enosti n\u00e1vratu do sout\u011b\u017ee v r\u00e1mci tzv. <a href=\"https:\/\/www.dakarmania.cz\/index.php\/2018\/11\/27\/dakar-2019-smolari-dostanou-druhou-sanci\/\">dakarsk\u00e9ho p\u016flmaratonu<\/a>, kter\u00fd je leto\u0161n\u00ed novinkou a d\u00e1v\u00e1 pos\u00e1dk\u00e1m automobil\u016f a kamion\u016f, kter\u00e9 b\u011bhem prvn\u00edho t\u00fddne vypadnou, mo\u017enost zaz\u00e1vodit si i v druh\u00e9 polovin\u011b rally. Ov\u0161em jen v samostatn\u00e9 klasifikaci.[\/vc_column_text][vc_column_text]V\u00a0p\u00e1tek je na programu druh\u00e1 \u010d\u00e1st maratonsk\u00e9 etapy, kter\u00e1 jinou cestou zavede \u00fa\u010dastn\u00edky zp\u011bt do Arequipy. Automobily \u010dek\u00e1 714 kilometr\u016f, z\u00a0nich\u017e se 517 pojede jako dal\u0161\u00ed rychlostn\u00ed zkou\u0161ka. Zat\u00edmco pos\u00e1dky pro\u017e\u00edvaj\u00ed n\u00e1ro\u010dn\u00e9 vyvrcholen\u00ed prvn\u00ed poloviny sout\u011b\u017ee, \u010dlenov\u00e9 jejich doprovodn\u00fdch t\u00fdm\u016f maj\u00ed p\u0159\u00edle\u017eitost k\u00a0odpo\u010dinku. Arequipa jim poskytne z\u00e1zem\u00ed hned na t\u0159i noci v \u0159ad\u011b, nebo\u0165 v\u00a0sobotu pr\u00e1v\u011b tam str\u00e1v\u00ed cel\u00e1 dakarsk\u00e1 karavana voln\u00fd den.[\/vc_column_text][vc_column_text]<\/p>\n<table style=\"width: 97.7654%; height: 216px;\" cellpadding=\"10\">\n<thead>\n<tr style=\"background-color: #ff7d0e;\">\n<td style=\"width: 98.8764%; height: 24px;\" colspan=\"4\"><strong>Rally Dakar 2019 &#8211; KAMIONY po 4. etap\u011b<\/strong><\/td>\n<\/tr>\n<\/thead>\n<tbody>\n<tr style=\"height: 24px;\">\n<td style=\"width: 6.51685%; height: 24px;\">1.<\/td>\n<td style=\"width: 39.7999%; height: 24px;\">Nikolajev \/ Jakovlev \/ Rybakov<\/td>\n<td style=\"width: 29.0765%; height: 24px;\">Kamaz<\/td>\n<td style=\"width: 23.4831%; height: 24px;\">13:52:04<\/td>\n<\/tr>\n<tr style=\"height: 24px;\">\n<td style=\"width: 6.51685%; height: 24px;\">2.<\/td>\n<td style=\"width: 39.7999%; height: 24px;\">Karginov \/ Mokjejev \/ Leonov<\/td>\n<td style=\"width: 29.0765%; height: 24px;\">Kamaz<\/td>\n<td style=\"width: 23.4831%; height: 24px;\">+4:58<\/td>\n<\/tr>\n<tr style=\"height: 24px;\">\n<td style=\"width: 6.51685%; height: 24px;\">3.<\/td>\n<td style=\"width: 39.7999%; height: 24px;\">Sotnikov \/ Nikitin \/ Mustafin<\/td>\n<td style=\"width: 29.0765%; height: 24px;\">Kamaz<\/td>\n<td style=\"width: 23.4831%; height: 24px;\">+8:39<\/td>\n<\/tr>\n<tr style=\"height: 24px;\">\n<td style=\"width: 6.51685%; height: 24px;\">4.<\/td>\n<td style=\"width: 39.7999%; height: 24px;\">Mac\u00edk \/ Tom\u00e1\u0161ek \/ Kalanka<\/td>\n<td style=\"width: 29.0765%; height: 24px;\">Liaz<\/td>\n<td style=\"width: 23.4831%; height: 24px;\">+28:48<\/td>\n<\/tr>\n<tr style=\"height: 24px;\">\n<td style=\"width: 6.51685%; height: 24px;\">5.<\/td>\n<td style=\"width: 39.7999%; height: 24px;\">De Rooy \/ Rodewald \/ Torrallardona<\/td>\n<td style=\"width: 29.0765%; height: 24px;\">Iveco<\/td>\n<td style=\"width: 23.4831%; height: 24px;\">+1:48:16<\/td>\n<\/tr>\n<tr style=\"height: 24px;\">\n<td style=\"width: 6.51685%; height: 24px;\">6.<\/td>\n<td style=\"width: 39.7999%; height: 24px;\">Mard\u011bjev \/ Svistunov \/ Galjautdinov<\/td>\n<td style=\"width: 29.0765%; height: 24px;\">Kamaz<\/td>\n<td style=\"width: 23.4831%; height: 24px;\">+1:54:18<\/td>\n<\/tr>\n<tr style=\"height: 24px;\">\n<td style=\"width: 6.51685%; height: 24px;\">7.<\/td>\n<td style=\"width: 39.7999%; height: 24px;\">Van Kasteren \/ Van den Bosch \/ Van Hoof<\/td>\n<td style=\"width: 29.0765%; height: 24px;\">Renault<\/td>\n<td style=\"width: 23.4831%; height: 24px;\">+1:58:01<\/td>\n<\/tr>\n<tr style=\"height: 24px;\">\n<td style=\"width: 6.51685%; height: 24px;\">9.<\/td>\n<td style=\"width: 39.7999%; height: 24px;\">Loprais \/ Marco Alcayna \/ Pokora<\/td>\n<td style=\"width: 29.0765%; height: 24px;\">Tatra<\/td>\n<td style=\"width: 23.4831%; height: 24px;\">+2:40:16<\/td>\n<\/tr>\n<tr>\n<td style=\"width: 6.51685%;\">15.<\/td>\n<td style=\"width: 39.7999%;\">\u0160oltys \/ Schov\u00e1nek \/ \u0160ikola<\/td>\n<td style=\"width: 29.0765%;\">Tatra<\/td>\n<td style=\"width: 23.4831%;\">+3:25:16<\/td>\n<\/tr>\n<\/tbody>\n<\/table>\n<p>[\/vc_column_text][\/vc_column][\/vc_row]<\/p>\n","protected":false},"excerpt":{"rendered":"<p>[vc_row][vc_column][vc_column_text] Pos\u00e1dka Martin Mac\u00edk ml., Franti\u0161ek Tom\u00e1\u0161ek, Luk\u00e1\u0161 Kalanka s Liazkou bojovala v dne\u0161n\u00ed \u010d\u00e1sti maratonsk\u00e9 dvouetapy o sv\u00e9 prvn\u00ed d\u00edl\u010d\u00ed v\u00edt\u011bzstv\u00ed na Dakaru, ale nakonec se musela sklonit p\u0159ed Rusem Andrejem Karginovem s Kamazem, kter\u00e9mu podlehla o minutu a 29 vte\u0159in. Kamiony (spole\u010dn\u011b s automobily) dnes zam\u00ed\u0159ily do Tacny, kde se ve\u010der mus\u00ed pos\u00e1dky [&hellip;]<\/p>\n","protected":false},"author":1,"featured_media":1695,"comment_status":"open","ping_status":"closed","sticky":false,"template":"","format":"standard","meta":{"footnotes":""},"categories":[16,2],"tags":[221,111,8,9,117,200,112,116,114],"class_list":["post-1682","post","type-post","status-publish","format-standard","has-post-thumbnail","hentry","category-kamion","category-dakar","tag-andrej-karginov","tag-big-shock-racing","tag-dakar","tag-dakar-2019","tag-frantisek-tomasek","tag-kamaz","tag-liaz","tag-lukas-kalanka","tag-martin-macik-ml"],"yoast_head":"<!-- This site is optimized with the Yoast SEO plugin v24.9 - https:\/\/yoast.com\/wordpress\/plugins\/seo\/ -->\n<title>Dakar 2019: Etapov\u00e9 st\u0159\u00edbro posouv\u00e1 Mac\u00edka na \u010dtvrt\u00e9 m\u00edsto - DAKARMANIA.cz<\/title>\n<meta name=\"description\" content=\"Pos\u00e1dka Martin Mac\u00edk ml., Franti\u0161ek Tom\u00e1\u0161ek, Luk\u00e1\u0161 Kalanka s Liazkou bojovala v dne\u0161n\u00ed \u010d\u00e1sti maratonsk\u00e9 dvouetapy o sv\u00e9 prvn\u00ed d\u00edl\u010d\u00ed v\u00edt\u011bzstv\u00ed na Dakaru.\" \/>\n<meta name=\"robots\" content=\"index, follow, max-snippet:-1, max-image-preview:large, max-video-preview:-1\" \/>\n<link rel=\"canonical\" href=\"https:\/\/www.dakarmania.cz\/index.php\/2019\/01\/10\/dakar-2019-etapove-stribro-posouva-macika-na-ctvrte-misto\/\" \/>\n<meta property=\"og:locale\" content=\"cs_CZ\" \/>\n<meta property=\"og:type\" content=\"article\" \/>\n<meta property=\"og:title\" content=\"Dakar 2019: Etapov\u00e9 st\u0159\u00edbro posouv\u00e1 Mac\u00edka na \u010dtvrt\u00e9 m\u00edsto - DAKARMANIA.cz\" \/>\n<meta property=\"og:description\" content=\"Pos\u00e1dka Martin Mac\u00edk ml., Franti\u0161ek Tom\u00e1\u0161ek, Luk\u00e1\u0161 Kalanka s Liazkou bojovala v dne\u0161n\u00ed \u010d\u00e1sti maratonsk\u00e9 dvouetapy o sv\u00e9 prvn\u00ed d\u00edl\u010d\u00ed v\u00edt\u011bzstv\u00ed na Dakaru.\" \/>\n<meta property=\"og:url\" content=\"https:\/\/www.dakarmania.cz\/index.php\/2019\/01\/10\/dakar-2019-etapove-stribro-posouva-macika-na-ctvrte-misto\/\" \/>\n<meta property=\"og:site_name\" content=\"DAKARMANIA.cz\" \/>\n<meta property=\"article:publisher\" content=\"https:\/\/www.facebook.com\/dakarmania\/\" \/>\n<meta property=\"article:published_time\" content=\"2019-01-10T20:36:57+00:00\" \/>\n<meta property=\"article:modified_time\" content=\"2019-01-11T07:51:49+00:00\" \/>\n<meta property=\"og:image\" content=\"https:\/\/www.dakarmania.cz\/wp-content\/uploads\/2019\/01\/19-dakar-macik05.jpg\" \/>\n\t<meta property=\"og:image:width\" content=\"2048\" \/>\n\t<meta property=\"og:image:height\" content=\"1365\" \/>\n\t<meta property=\"og:image:type\" content=\"image\/jpeg\" \/>\n<meta name=\"author\" content=\"Zden\u011bk Zelenka\" \/>\n<meta name=\"twitter:card\" content=\"summary_large_image\" \/>\n<meta name=\"twitter:label1\" content=\"Napsal(a)\" \/>\n\t<meta name=\"twitter:data1\" content=\"Zden\u011bk Zelenka\" \/>\n\t<meta name=\"twitter:label2\" content=\"Odhadovan\u00e1 doba \u010dten\u00ed\" \/>\n\t<meta name=\"twitter:data2\" content=\"3 minuty\" \/>\n<script type=\"application\/ld+json\" class=\"yoast-schema-graph\">{\"@context\":\"https:\/\/schema.org\",\"@graph\":[{\"@type\":\"Article\",\"@id\":\"https:\/\/www.dakarmania.cz\/index.php\/2019\/01\/10\/dakar-2019-etapove-stribro-posouva-macika-na-ctvrte-misto\/#article\",\"isPartOf\":{\"@id\":\"https:\/\/www.dakarmania.cz\/index.php\/2019\/01\/10\/dakar-2019-etapove-stribro-posouva-macika-na-ctvrte-misto\/\"},\"author\":{\"name\":\"Zden\u011bk Zelenka\",\"@id\":\"https:\/\/www.dakarmania.cz\/#\/schema\/person\/04eb0e87a389631c2169c0dddae7ff1e\"},\"headline\":\"Dakar 2019: Etapov\u00e9 st\u0159\u00edbro posouv\u00e1 Mac\u00edka na \u010dtvrt\u00e9 m\u00edsto\",\"datePublished\":\"2019-01-10T20:36:57+00:00\",\"dateModified\":\"2019-01-11T07:51:49+00:00\",\"mainEntityOfPage\":{\"@id\":\"https:\/\/www.dakarmania.cz\/index.php\/2019\/01\/10\/dakar-2019-etapove-stribro-posouva-macika-na-ctvrte-misto\/\"},\"wordCount\":603,\"commentCount\":0,\"publisher\":{\"@id\":\"https:\/\/www.dakarmania.cz\/#organization\"},\"image\":{\"@id\":\"https:\/\/www.dakarmania.cz\/index.php\/2019\/01\/10\/dakar-2019-etapove-stribro-posouva-macika-na-ctvrte-misto\/#primaryimage\"},\"thumbnailUrl\":\"https:\/\/www.dakarmania.cz\/wp-content\/uploads\/2019\/01\/19-dakar-macik05.jpg\",\"keywords\":[\"Andrej Karginov\",\"Big Shock! Racing\",\"Dakar\",\"Dakar 2019\",\"Franti\u0161ek Tom\u00e1\u0161ek\",\"Kamaz\",\"Liaz\",\"Luk\u00e1\u0161 Kalanka\",\"Martin Mac\u00edk ml.\"],\"articleSection\":[\"Kamiony\",\"Rally Dakar\"],\"inLanguage\":\"cs\",\"potentialAction\":[{\"@type\":\"CommentAction\",\"name\":\"Comment\",\"target\":[\"https:\/\/www.dakarmania.cz\/index.php\/2019\/01\/10\/dakar-2019-etapove-stribro-posouva-macika-na-ctvrte-misto\/#respond\"]}]},{\"@type\":\"WebPage\",\"@id\":\"https:\/\/www.dakarmania.cz\/index.php\/2019\/01\/10\/dakar-2019-etapove-stribro-posouva-macika-na-ctvrte-misto\/\",\"url\":\"https:\/\/www.dakarmania.cz\/index.php\/2019\/01\/10\/dakar-2019-etapove-stribro-posouva-macika-na-ctvrte-misto\/\",\"name\":\"Dakar 2019: Etapov\u00e9 st\u0159\u00edbro posouv\u00e1 Mac\u00edka na \u010dtvrt\u00e9 m\u00edsto - DAKARMANIA.cz\",\"isPartOf\":{\"@id\":\"https:\/\/www.dakarmania.cz\/#website\"},\"primaryImageOfPage\":{\"@id\":\"https:\/\/www.dakarmania.cz\/index.php\/2019\/01\/10\/dakar-2019-etapove-stribro-posouva-macika-na-ctvrte-misto\/#primaryimage\"},\"image\":{\"@id\":\"https:\/\/www.dakarmania.cz\/index.php\/2019\/01\/10\/dakar-2019-etapove-stribro-posouva-macika-na-ctvrte-misto\/#primaryimage\"},\"thumbnailUrl\":\"https:\/\/www.dakarmania.cz\/wp-content\/uploads\/2019\/01\/19-dakar-macik05.jpg\",\"datePublished\":\"2019-01-10T20:36:57+00:00\",\"dateModified\":\"2019-01-11T07:51:49+00:00\",\"description\":\"Pos\u00e1dka Martin Mac\u00edk ml., Franti\u0161ek Tom\u00e1\u0161ek, Luk\u00e1\u0161 Kalanka s Liazkou bojovala v dne\u0161n\u00ed \u010d\u00e1sti maratonsk\u00e9 dvouetapy o sv\u00e9 prvn\u00ed d\u00edl\u010d\u00ed v\u00edt\u011bzstv\u00ed na Dakaru.\",\"breadcrumb\":{\"@id\":\"https:\/\/www.dakarmania.cz\/index.php\/2019\/01\/10\/dakar-2019-etapove-stribro-posouva-macika-na-ctvrte-misto\/#breadcrumb\"},\"inLanguage\":\"cs\",\"potentialAction\":[{\"@type\":\"ReadAction\",\"target\":[\"https:\/\/www.dakarmania.cz\/index.php\/2019\/01\/10\/dakar-2019-etapove-stribro-posouva-macika-na-ctvrte-misto\/\"]}]},{\"@type\":\"ImageObject\",\"inLanguage\":\"cs\",\"@id\":\"https:\/\/www.dakarmania.cz\/index.php\/2019\/01\/10\/dakar-2019-etapove-stribro-posouva-macika-na-ctvrte-misto\/#primaryimage\",\"url\":\"https:\/\/www.dakarmania.cz\/wp-content\/uploads\/2019\/01\/19-dakar-macik05.jpg\",\"contentUrl\":\"https:\/\/www.dakarmania.cz\/wp-content\/uploads\/2019\/01\/19-dakar-macik05.jpg\",\"width\":2048,\"height\":1365,\"caption\":\"Martin Mac\u00edk Jr.\/Franti\u0161ek Tom\u00e1\u0161ek\/Luk\u00e1\u0161 Kalanka, Liaz 111.154, Big Shock Racing. Rally Dakar 2019. \u00a9 Big Shock Racing\"},{\"@type\":\"BreadcrumbList\",\"@id\":\"https:\/\/www.dakarmania.cz\/index.php\/2019\/01\/10\/dakar-2019-etapove-stribro-posouva-macika-na-ctvrte-misto\/#breadcrumb\",\"itemListElement\":[{\"@type\":\"ListItem\",\"position\":1,\"name\":\"Dom\u016f\",\"item\":\"https:\/\/www.dakarmania.cz\/\"},{\"@type\":\"ListItem\",\"position\":2,\"name\":\"Dakar 2019: Etapov\u00e9 st\u0159\u00edbro posouv\u00e1 Mac\u00edka na \u010dtvrt\u00e9 m\u00edsto\"}]},{\"@type\":\"WebSite\",\"@id\":\"https:\/\/www.dakarmania.cz\/#website\",\"url\":\"https:\/\/www.dakarmania.cz\/\",\"name\":\"DAKARMANIA.cz\",\"description\":\"\u017dijeme Dakarem cel\u00fd rok\",\"publisher\":{\"@id\":\"https:\/\/www.dakarmania.cz\/#organization\"},\"potentialAction\":[{\"@type\":\"SearchAction\",\"target\":{\"@type\":\"EntryPoint\",\"urlTemplate\":\"https:\/\/www.dakarmania.cz\/?s={search_term_string}\"},\"query-input\":{\"@type\":\"PropertyValueSpecification\",\"valueRequired\":true,\"valueName\":\"search_term_string\"}}],\"inLanguage\":\"cs\"},{\"@type\":\"Organization\",\"@id\":\"https:\/\/www.dakarmania.cz\/#organization\",\"name\":\"DAKAR MANIA\",\"url\":\"https:\/\/www.dakarmania.cz\/\",\"logo\":{\"@type\":\"ImageObject\",\"inLanguage\":\"cs\",\"@id\":\"https:\/\/www.dakarmania.cz\/#\/schema\/logo\/image\/\",\"url\":\"https:\/\/www.dakarmania.cz\/wp-content\/uploads\/2018\/12\/Dakar-Mania-Logo-Square-Orange.png\",\"contentUrl\":\"https:\/\/www.dakarmania.cz\/wp-content\/uploads\/2018\/12\/Dakar-Mania-Logo-Square-Orange.png\",\"width\":992,\"height\":992,\"caption\":\"DAKAR MANIA\"},\"image\":{\"@id\":\"https:\/\/www.dakarmania.cz\/#\/schema\/logo\/image\/\"},\"sameAs\":[\"https:\/\/www.facebook.com\/dakarmania\/\"]},{\"@type\":\"Person\",\"@id\":\"https:\/\/www.dakarmania.cz\/#\/schema\/person\/04eb0e87a389631c2169c0dddae7ff1e\",\"name\":\"Zden\u011bk Zelenka\",\"image\":{\"@type\":\"ImageObject\",\"inLanguage\":\"cs\",\"@id\":\"https:\/\/www.dakarmania.cz\/#\/schema\/person\/image\/\",\"url\":\"https:\/\/secure.gravatar.com\/avatar\/2c80d5a4942fe0900b73cc7d3837a509d6ee0a276a2b76dac95c92bd0763a89b?s=96&d=mm&r=g\",\"contentUrl\":\"https:\/\/secure.gravatar.com\/avatar\/2c80d5a4942fe0900b73cc7d3837a509d6ee0a276a2b76dac95c92bd0763a89b?s=96&d=mm&r=g\",\"caption\":\"Zden\u011bk Zelenka\"},\"description\":\"Moji d\u011bt\u0161t\u00ed hrdinov\u00e9 se jmenovali Loprais, Moskal, Neveu, Vatanen, Rahier... A tihle borci, jejich n\u00e1sledovn\u00edci a jejich p\u0159\u00edb\u011bhy m\u011b nep\u0159estali fascinovat ani po letech, kdy jsem vyrostl a zam\u011bstn\u00e1valy m\u011b jin\u00e9 discipl\u00edny motorsportu. Proto se zrodila DAKARMANIA.\",\"url\":\"https:\/\/www.dakarmania.cz\/index.php\/author\/dakarmania\/\"}]}<\/script>\n<!-- \/ Yoast SEO plugin. -->","yoast_head_json":{"title":"Dakar 2019: Etapov\u00e9 st\u0159\u00edbro posouv\u00e1 Mac\u00edka na \u010dtvrt\u00e9 m\u00edsto - DAKARMANIA.cz","description":"Pos\u00e1dka Martin Mac\u00edk ml., Franti\u0161ek Tom\u00e1\u0161ek, Luk\u00e1\u0161 Kalanka s Liazkou bojovala v dne\u0161n\u00ed \u010d\u00e1sti maratonsk\u00e9 dvouetapy o sv\u00e9 prvn\u00ed d\u00edl\u010d\u00ed v\u00edt\u011bzstv\u00ed na Dakaru.","robots":{"index":"index","follow":"follow","max-snippet":"max-snippet:-1","max-image-preview":"max-image-preview:large","max-video-preview":"max-video-preview:-1"},"canonical":"https:\/\/www.dakarmania.cz\/index.php\/2019\/01\/10\/dakar-2019-etapove-stribro-posouva-macika-na-ctvrte-misto\/","og_locale":"cs_CZ","og_type":"article","og_title":"Dakar 2019: Etapov\u00e9 st\u0159\u00edbro posouv\u00e1 Mac\u00edka na \u010dtvrt\u00e9 m\u00edsto - DAKARMANIA.cz","og_description":"Pos\u00e1dka Martin Mac\u00edk ml., Franti\u0161ek Tom\u00e1\u0161ek, Luk\u00e1\u0161 Kalanka s Liazkou bojovala v dne\u0161n\u00ed \u010d\u00e1sti maratonsk\u00e9 dvouetapy o sv\u00e9 prvn\u00ed d\u00edl\u010d\u00ed v\u00edt\u011bzstv\u00ed na Dakaru.","og_url":"https:\/\/www.dakarmania.cz\/index.php\/2019\/01\/10\/dakar-2019-etapove-stribro-posouva-macika-na-ctvrte-misto\/","og_site_name":"DAKARMANIA.cz","article_publisher":"https:\/\/www.facebook.com\/dakarmania\/","article_published_time":"2019-01-10T20:36:57+00:00","article_modified_time":"2019-01-11T07:51:49+00:00","og_image":[{"width":2048,"height":1365,"url":"https:\/\/www.dakarmania.cz\/wp-content\/uploads\/2019\/01\/19-dakar-macik05.jpg","type":"image\/jpeg"}],"author":"Zden\u011bk Zelenka","twitter_card":"summary_large_image","twitter_misc":{"Napsal(a)":"Zden\u011bk Zelenka","Odhadovan\u00e1 doba \u010dten\u00ed":"3 minuty"},"schema":{"@context":"https:\/\/schema.org","@graph":[{"@type":"Article","@id":"https:\/\/www.dakarmania.cz\/index.php\/2019\/01\/10\/dakar-2019-etapove-stribro-posouva-macika-na-ctvrte-misto\/#article","isPartOf":{"@id":"https:\/\/www.dakarmania.cz\/index.php\/2019\/01\/10\/dakar-2019-etapove-stribro-posouva-macika-na-ctvrte-misto\/"},"author":{"name":"Zden\u011bk Zelenka","@id":"https:\/\/www.dakarmania.cz\/#\/schema\/person\/04eb0e87a389631c2169c0dddae7ff1e"},"headline":"Dakar 2019: Etapov\u00e9 st\u0159\u00edbro posouv\u00e1 Mac\u00edka na \u010dtvrt\u00e9 m\u00edsto","datePublished":"2019-01-10T20:36:57+00:00","dateModified":"2019-01-11T07:51:49+00:00","mainEntityOfPage":{"@id":"https:\/\/www.dakarmania.cz\/index.php\/2019\/01\/10\/dakar-2019-etapove-stribro-posouva-macika-na-ctvrte-misto\/"},"wordCount":603,"commentCount":0,"publisher":{"@id":"https:\/\/www.dakarmania.cz\/#organization"},"image":{"@id":"https:\/\/www.dakarmania.cz\/index.php\/2019\/01\/10\/dakar-2019-etapove-stribro-posouva-macika-na-ctvrte-misto\/#primaryimage"},"thumbnailUrl":"https:\/\/www.dakarmania.cz\/wp-content\/uploads\/2019\/01\/19-dakar-macik05.jpg","keywords":["Andrej Karginov","Big Shock! Racing","Dakar","Dakar 2019","Franti\u0161ek Tom\u00e1\u0161ek","Kamaz","Liaz","Luk\u00e1\u0161 Kalanka","Martin Mac\u00edk ml."],"articleSection":["Kamiony","Rally Dakar"],"inLanguage":"cs","potentialAction":[{"@type":"CommentAction","name":"Comment","target":["https:\/\/www.dakarmania.cz\/index.php\/2019\/01\/10\/dakar-2019-etapove-stribro-posouva-macika-na-ctvrte-misto\/#respond"]}]},{"@type":"WebPage","@id":"https:\/\/www.dakarmania.cz\/index.php\/2019\/01\/10\/dakar-2019-etapove-stribro-posouva-macika-na-ctvrte-misto\/","url":"https:\/\/www.dakarmania.cz\/index.php\/2019\/01\/10\/dakar-2019-etapove-stribro-posouva-macika-na-ctvrte-misto\/","name":"Dakar 2019: Etapov\u00e9 st\u0159\u00edbro posouv\u00e1 Mac\u00edka na \u010dtvrt\u00e9 m\u00edsto - DAKARMANIA.cz","isPartOf":{"@id":"https:\/\/www.dakarmania.cz\/#website"},"primaryImageOfPage":{"@id":"https:\/\/www.dakarmania.cz\/index.php\/2019\/01\/10\/dakar-2019-etapove-stribro-posouva-macika-na-ctvrte-misto\/#primaryimage"},"image":{"@id":"https:\/\/www.dakarmania.cz\/index.php\/2019\/01\/10\/dakar-2019-etapove-stribro-posouva-macika-na-ctvrte-misto\/#primaryimage"},"thumbnailUrl":"https:\/\/www.dakarmania.cz\/wp-content\/uploads\/2019\/01\/19-dakar-macik05.jpg","datePublished":"2019-01-10T20:36:57+00:00","dateModified":"2019-01-11T07:51:49+00:00","description":"Pos\u00e1dka Martin Mac\u00edk ml., Franti\u0161ek Tom\u00e1\u0161ek, Luk\u00e1\u0161 Kalanka s Liazkou bojovala v dne\u0161n\u00ed \u010d\u00e1sti maratonsk\u00e9 dvouetapy o sv\u00e9 prvn\u00ed d\u00edl\u010d\u00ed v\u00edt\u011bzstv\u00ed na Dakaru.","breadcrumb":{"@id":"https:\/\/www.dakarmania.cz\/index.php\/2019\/01\/10\/dakar-2019-etapove-stribro-posouva-macika-na-ctvrte-misto\/#breadcrumb"},"inLanguage":"cs","potentialAction":[{"@type":"ReadAction","target":["https:\/\/www.dakarmania.cz\/index.php\/2019\/01\/10\/dakar-2019-etapove-stribro-posouva-macika-na-ctvrte-misto\/"]}]},{"@type":"ImageObject","inLanguage":"cs","@id":"https:\/\/www.dakarmania.cz\/index.php\/2019\/01\/10\/dakar-2019-etapove-stribro-posouva-macika-na-ctvrte-misto\/#primaryimage","url":"https:\/\/www.dakarmania.cz\/wp-content\/uploads\/2019\/01\/19-dakar-macik05.jpg","contentUrl":"https:\/\/www.dakarmania.cz\/wp-content\/uploads\/2019\/01\/19-dakar-macik05.jpg","width":2048,"height":1365,"caption":"Martin Mac\u00edk Jr.\/Franti\u0161ek Tom\u00e1\u0161ek\/Luk\u00e1\u0161 Kalanka, Liaz 111.154, Big Shock Racing. Rally Dakar 2019. \u00a9 Big Shock Racing"},{"@type":"BreadcrumbList","@id":"https:\/\/www.dakarmania.cz\/index.php\/2019\/01\/10\/dakar-2019-etapove-stribro-posouva-macika-na-ctvrte-misto\/#breadcrumb","itemListElement":[{"@type":"ListItem","position":1,"name":"Dom\u016f","item":"https:\/\/www.dakarmania.cz\/"},{"@type":"ListItem","position":2,"name":"Dakar 2019: Etapov\u00e9 st\u0159\u00edbro posouv\u00e1 Mac\u00edka na \u010dtvrt\u00e9 m\u00edsto"}]},{"@type":"WebSite","@id":"https:\/\/www.dakarmania.cz\/#website","url":"https:\/\/www.dakarmania.cz\/","name":"DAKARMANIA.cz","description":"\u017dijeme Dakarem cel\u00fd rok","publisher":{"@id":"https:\/\/www.dakarmania.cz\/#organization"},"potentialAction":[{"@type":"SearchAction","target":{"@type":"EntryPoint","urlTemplate":"https:\/\/www.dakarmania.cz\/?s={search_term_string}"},"query-input":{"@type":"PropertyValueSpecification","valueRequired":true,"valueName":"search_term_string"}}],"inLanguage":"cs"},{"@type":"Organization","@id":"https:\/\/www.dakarmania.cz\/#organization","name":"DAKAR MANIA","url":"https:\/\/www.dakarmania.cz\/","logo":{"@type":"ImageObject","inLanguage":"cs","@id":"https:\/\/www.dakarmania.cz\/#\/schema\/logo\/image\/","url":"https:\/\/www.dakarmania.cz\/wp-content\/uploads\/2018\/12\/Dakar-Mania-Logo-Square-Orange.png","contentUrl":"https:\/\/www.dakarmania.cz\/wp-content\/uploads\/2018\/12\/Dakar-Mania-Logo-Square-Orange.png","width":992,"height":992,"caption":"DAKAR MANIA"},"image":{"@id":"https:\/\/www.dakarmania.cz\/#\/schema\/logo\/image\/"},"sameAs":["https:\/\/www.facebook.com\/dakarmania\/"]},{"@type":"Person","@id":"https:\/\/www.dakarmania.cz\/#\/schema\/person\/04eb0e87a389631c2169c0dddae7ff1e","name":"Zden\u011bk Zelenka","image":{"@type":"ImageObject","inLanguage":"cs","@id":"https:\/\/www.dakarmania.cz\/#\/schema\/person\/image\/","url":"https:\/\/secure.gravatar.com\/avatar\/2c80d5a4942fe0900b73cc7d3837a509d6ee0a276a2b76dac95c92bd0763a89b?s=96&d=mm&r=g","contentUrl":"https:\/\/secure.gravatar.com\/avatar\/2c80d5a4942fe0900b73cc7d3837a509d6ee0a276a2b76dac95c92bd0763a89b?s=96&d=mm&r=g","caption":"Zden\u011bk Zelenka"},"description":"Moji d\u011bt\u0161t\u00ed hrdinov\u00e9 se jmenovali Loprais, Moskal, Neveu, Vatanen, Rahier... A tihle borci, jejich n\u00e1sledovn\u00edci a jejich p\u0159\u00edb\u011bhy m\u011b nep\u0159estali fascinovat ani po letech, kdy jsem vyrostl a zam\u011bstn\u00e1valy m\u011b jin\u00e9 discipl\u00edny motorsportu. Proto se zrodila DAKARMANIA.","url":"https:\/\/www.dakarmania.cz\/index.php\/author\/dakarmania\/"}]}},"amp_enabled":true,"_links":{"self":[{"href":"https:\/\/www.dakarmania.cz\/index.php\/wp-json\/wp\/v2\/posts\/1682","targetHints":{"allow":["GET"]}}],"collection":[{"href":"https:\/\/www.dakarmania.cz\/index.php\/wp-json\/wp\/v2\/posts"}],"about":[{"href":"https:\/\/www.dakarmania.cz\/index.php\/wp-json\/wp\/v2\/types\/post"}],"author":[{"embeddable":true,"href":"https:\/\/www.dakarmania.cz\/index.php\/wp-json\/wp\/v2\/users\/1"}],"replies":[{"embeddable":true,"href":"https:\/\/www.dakarmania.cz\/index.php\/wp-json\/wp\/v2\/comments?post=1682"}],"version-history":[{"count":14,"href":"https:\/\/www.dakarmania.cz\/index.php\/wp-json\/wp\/v2\/posts\/1682\/revisions"}],"predecessor-version":[{"id":1727,"href":"https:\/\/www.dakarmania.cz\/index.php\/wp-json\/wp\/v2\/posts\/1682\/revisions\/1727"}],"wp:featuredmedia":[{"embeddable":true,"href":"https:\/\/www.dakarmania.cz\/index.php\/wp-json\/wp\/v2\/media\/1695"}],"wp:attachment":[{"href":"https:\/\/www.dakarmania.cz\/index.php\/wp-json\/wp\/v2\/media?parent=1682"}],"wp:term":[{"taxonomy":"category","embeddable":true,"href":"https:\/\/www.dakarmania.cz\/index.php\/wp-json\/wp\/v2\/categories?post=1682"},{"taxonomy":"post_tag","embeddable":true,"href":"https:\/\/www.dakarmania.cz\/index.php\/wp-json\/wp\/v2\/tags?post=1682"}],"curies":[{"name":"wp","href":"https:\/\/api.w.org\/{rel}","templated":true}]}}