{"id":16871,"date":"2020-10-07T17:57:07","date_gmt":"2020-10-07T15:57:07","guid":{"rendered":"https:\/\/www.dakarmania.cz\/?p=16871"},"modified":"2020-10-08T16:35:10","modified_gmt":"2020-10-08T14:35:10","slug":"andalucia-rally-kevin-benavides-vede","status":"publish","type":"post","link":"https:\/\/www.dakarmania.cz\/index.php\/2020\/10\/07\/andalucia-rally-kevin-benavides-vede\/","title":{"rendered":"Andaluc\u00eda Rally: Kevin Benavides vede, Luciano skon\u010dil v nemocnici"},"content":{"rendered":"<p>[vc_row][vc_column][vc_column_text css_animation=&#8221;fadeIn&#8221;]<\/p>\n<h3>Po prvn\u00ed etap\u011b Andalusk\u00e9 rally panuje spokojenost p\u0159edev\u0161\u00edm v t\u00e1bo\u0159e Hondy. Jej\u00edm jezdc\u016fm pat\u0159\u00ed prvn\u00ed dv\u011b m\u00edsta v hodnocen\u00ed etapy i v pr\u016fb\u011b\u017en\u00e9 klasifikaci. Naopak ke smola\u0159\u016fm dne pat\u0159il Jan Brabec.<\/h3>\n<p>[\/vc_column_text][vc_single_image image=&#8221;16868&#8243; img_size=&#8221;large&#8221; add_caption=&#8221;yes&#8221; alignment=&#8221;center&#8221; onclick=&#8221;link_image&#8221; css_animation=&#8221;fadeIn&#8221;][vc_column_text css_animation=&#8221;fadeIn&#8221;]P\u0159ed <a href=\"\/index.php\/souteze\/andalucia-rally-2020\/\">Andaluc\u00eda Rally<\/a> se n\u011bkte\u0159\u00ed z\u00e1vodn\u00edci ob\u00e1vali, \u017ee se jej\u00ed trat\u011b budou sv\u00fdm charakterem bl\u00ed\u017eit sp\u00ed\u0161e baj\u00e1m, p\u0159i nich\u017e neb\u00fdv\u00e1 navigace tak obt\u00ed\u017en\u00e1. Z omylu je vyvedla hned prvn\u00ed etapa.<\/p>\n<p><em>\u201eBylo to obt\u00ed\u017en\u011bj\u0161\u00ed, ne\u017e se \u010dekalo. Hodn\u011b se jelo na otev\u0159en\u00fdch pl\u00e1n\u00edch se spoustou nejr\u016fzn\u011bj\u0161\u00edch cest, kter\u00e9 zde vyjely zem\u011bd\u011blsk\u00e9 stroje. Prvn\u00edch osmdes\u00e1t kilometr\u016f jsem v\u0161ak s navigac\u00ed probl\u00e9my nem\u011bl,\u201c<\/em> popisuje <strong>Matthias Walkner<\/strong>, jen\u017e do etapy startoval jako \u010dtvrt\u00fd.<\/p>\n<p>V\u011bt\u0161\u00ed probl\u00e9m v\u0161ak pro motocyklisty, kte\u0159\u00ed se na trati pohybovali v \u010deln\u00ed skupin\u011b, v\u0161ak p\u0159edstavovaly nep\u0159esnosti v itiner\u00e1\u0159i.[\/vc_column_text][vc_single_image image=&#8221;15450&#8243; img_size=&#8221;large&#8221; add_caption=&#8221;yes&#8221; alignment=&#8221;center&#8221; onclick=&#8221;custom_link&#8221; img_link_target=&#8221;_blank&#8221; css_animation=&#8221;fadeIn&#8221; link=&#8221;http:\/\/eshop.dakarmania.cz\/&#8221;][vc_column_text css_animation=&#8221;fadeIn&#8221;]<em>\u201eNa 190. kilometru jsme spole\u010dn\u011b s Pricem a Branchem p\u0159ijeli na k\u0159i\u017eovatku ve tvaru p\u00edsmene T, kde n\u00e1s roadbook poslal doleva. Jen\u017ee tam byl z\u00e1taras,\u201c<\/em> pokra\u010duje Raku\u0161an. <em>\u201eNev\u011bd\u011bli jsme, co m\u00e1me d\u011blat, tak jsme se vydali doprava. Ale ter\u00e9n v\u016fbec neodpov\u00eddal roadbooku. Tak jsme se vr\u00e1tili zp\u011bt a z\u00e1branu odstranili. Jak se uk\u00e1zalo, byla to skute\u010dn\u011b spr\u00e1vn\u00e1 cesta.\u201c<\/em><\/p>\n<p><em>\u201eDal\u0161\u00ed probl\u00e9m nastal na 246. kilometru, kde se roadbook s realitou rozch\u00e1zel o p\u011bt set metr\u016f. Projezdil jsem k\u0159\u00ed\u017eem kr\u00e1\u017eem cel\u00e9 pole, abych na\u0161el spr\u00e1vnou cestu. Tam jsem op\u011bt ztratil n\u011bjak\u00fd \u010das. Proto\u017ee se tuto rally poda\u0159ilo p\u0159ipravit v tak kr\u00e1tk\u00e9m \u010dase, m\u00e1m samoz\u0159ejm\u011b pro chyby ur\u010dit\u00e9 pochopen\u00ed, ale pro n\u00e1s jezdce je trochu n\u00e1ro\u010dn\u00e9, kdy\u017e jsou \u00fadaje tak nep\u0159esn\u00e9 a chybn\u00e9. Zkr\u00e1tka \u010dlov\u011bk ztrat\u00ed spoustu \u010dasu poka\u017ed\u00e9, kdy\u017e se mus\u00ed vracet,\u201c<\/em> kr\u010d\u00ed rameny tov\u00e1rn\u00ed jezdec KTM, kter\u00fd se s ohledem na v\u0161echny pot\u00ed\u017ee neve\u0161el do prvn\u00ed des\u00edtky.<\/p>\n<h4>Double Hondy<\/h4>\n<p>Na mezi\u010dasech tak ud\u00e1vali tempo jezdci startuj\u00edc\u00ed pozd\u011bji. Nejprve vedl dom\u00e1c\u00ed Joan Barreda s Hondou, p\u0159ed n\u011bho\u017e se pozd\u011bji dostal t\u00fdmov\u00fd kolega Kevin Benavides. Argentinec prvn\u00ed pozici uh\u00e1jil a\u017e do c\u00edle, \u0160pan\u011bl bral etapov\u00e9 st\u0159\u00edbro (+3:15 min). Prvn\u00ed dv\u011b p\u0159\u00ed\u010dky pat\u0159\u00ed t\u00e9to dvojici i v pr\u016fb\u011b\u017en\u00e9 klasifikaci.[\/vc_column_text][vc_single_image image=&#8221;16865&#8243; img_size=&#8221;large&#8221; add_caption=&#8221;yes&#8221; alignment=&#8221;center&#8221; onclick=&#8221;link_image&#8221; css_animation=&#8221;fadeIn&#8221;][vc_column_text css_animation=&#8221;fadeIn&#8221;]<em>\u201eV\u0161echno \u0161lo dob\u0159e, ale t\u011bsn\u011b p\u0159ed neutralizac\u00ed jsem \u0159e\u0161il probl\u00e9m s roadbookem. Pap\u00edr se uvolnil a nemohl jsem ho p\u0159ev\u00edjet. V neutralizaci jsem se to pokusil opravit, ale ne\u0161lo to,\u201c<\/em> popisuje <strong>Kevin Benavides<\/strong>. <em>\u201eProto jsem posledn\u00edch 110 kilometr\u016f musel sledovat stopy. Bylo to n\u00e1ro\u010dn\u00e9 na koncentraci a m\u011bl jsem p\u00e1r krizovek, ale nakonec to dopadlo dob\u0159e.\u201c<\/em><\/p>\n<p>Podstatn\u011b h\u016f\u0159e dopadl den pro Kevinova mlad\u0161\u00edho bratra Luciana, kter\u00fd se po p\u0159estupu od KTM ve \u0160pan\u011blsku poprv\u00e9 p\u0159edstavil v barv\u00e1ch tov\u00e1rn\u00edho t\u00fdmu Husqvarny. Podle prvn\u00edch zpr\u00e1v m\u011bl Argentinec v z\u00e1v\u011bru nep\u0159\u00edjemn\u00fd p\u00e1d, po n\u011bm\u017e byl p\u0159i v\u011bdom\u00ed, ale se siln\u00fdmi bolestmi v oblasti \u017eeber byl transportov\u00e1n do nemocnice. Vy\u0161et\u0159en\u00ed sice neodhalila \u017e\u00e1dnou zlomeninu, p\u0159esto Argentinec ze sout\u011b\u017ee odstoupil.[\/vc_column_text][vc_single_image image=&#8221;16866&#8243; img_size=&#8221;large&#8221; add_caption=&#8221;yes&#8221; alignment=&#8221;center&#8221; onclick=&#8221;link_image&#8221; css_animation=&#8221;fadeIn&#8221;][vc_column_text css_animation=&#8221;fadeIn&#8221;]<\/p>\n<h4>Brabec \u00fato\u010dil vysoko<\/h4>\n<p>Prvn\u00ed etapu m\u011bl v\u00fdborn\u011b rozjetou Jan Brabec. Se svou Husqvarnou dlouho ztr\u00e1cel na \u010delo jen n\u011bkolik minut a v konkurenci tov\u00e1rn\u00edch jezdc\u016f bojoval o um\u00edst\u011bn\u00ed v prvn\u00ed polovin\u011b druh\u00e9 des\u00edtky. V z\u00e1v\u011bru speci\u00e1lky v\u0161ak v\u00fdrazn\u011b ztratil a do c\u00edle dojel s 69minutov\u00fdm mankem na v\u00edt\u011bzn\u00e9ho Kevina Benavidese.<\/p>\n<p><em>\u201eNa 170. kilometru mi ode\u0161la zadn\u00ed pumpa, tak\u017ee jsem nemohl pou\u017e\u00edvat benzin ze zadn\u00ed n\u00e1dr\u017ee. Musel jsem to dotla\u010dit kilometr na cestu a po\u010dkat, a\u017e mi dovezou benzin,\u201c<\/em> vysv\u011btluje <strong>Jan Brabec<\/strong>. <em>\u201eAle m\u00e1m radost, \u017ee rychlost tam je. Technick\u00fd probl\u00e9m vy\u0159e\u0161\u00edme a do Dakaru budeme ready.\u201c<\/em><\/p>\n<p>Libor Podmol z t\u00fdmu Orion \u2013 Moto Racing Group obsadil t\u0159et\u00ed p\u0159\u00ed\u010dku ve skupin\u011b Rally 2 Moto, p\u0159esto\u017ee v z\u00e1v\u011bru bloudil a p\u0159ibli\u017en\u011b p\u011bt kilometr\u016f si zajel. T\u0159et\u00ed je tak\u00e9 v pr\u016fb\u011b\u017en\u00e9m hodnocen\u00ed t\u00e9to skupiny.[\/vc_column_text][vc_single_image image=&#8221;16867&#8243; img_size=&#8221;large&#8221; add_caption=&#8221;yes&#8221; alignment=&#8221;center&#8221; onclick=&#8221;link_image&#8221; css_animation=&#8221;fadeIn&#8221;][vc_column_text css_animation=&#8221;fadeIn&#8221;]\u010cty\u0159kolk\u00e1\u0159 Tom\u00e1\u0161 Kubiena se sv\u00fdm Raptorem nesta\u010dil pouze na Kamila Wi\u015bniewsk\u00e9ho a s odstupem dvou minut a deseti sekund od vedouc\u00edho Pol\u00e1ka dr\u017e\u00ed druh\u00e9 m\u00edsto i celkov\u011b.<\/p>\n<p>Ve \u010dtvrtek 8. \u0159\u00edjna pokra\u010duje Andalusk\u00e1 rally druhou etapou. Na jezdce \u010dek\u00e1 celkem 336 kilometr\u016f, z nich\u017e se 243 pojede na \u010das v r\u00e1mci dvou odd\u011blen\u00fdch rychlostn\u00edch zkou\u0161ek.<\/p>\n<h3>Podrobn\u00e9 ohl\u00e9dnut\u00ed za Andaluc\u00eda Rally, kompletn\u00ed p\u0159ehled nejd\u016fle\u017eit\u011bj\u0161\u00edch ud\u00e1lost\u00ed neobvykl\u00e9 sezony 2020, novinky ze z\u00e1kulis\u00ed jednotliv\u00fdch t\u00fdm\u016f p\u0159ed Dakarem 2021, unik\u00e1tn\u00ed a rozs\u00e1hl\u00e9 sondy do dakarsk\u00e9 historie, zaj\u00edmav\u00e9 rozhovory a spoustu dal\u0161\u00edho origin\u00e1ln\u00edho dakarsk\u00e9ho \u010dten\u00ed najdete na 160 stran\u00e1ch <a href=\"http:\/\/eshop.dakarmania.cz\/dm-2\/\" target=\"_blank\" rel=\"noopener noreferrer\">druh\u00e9ho \u010d\u00edsla ti\u0161t\u011bn\u00e9ho magaz\u00ednu DAKARMANIA<\/a>. Vych\u00e1z\u00ed 1. prosince!<\/h3>\n<p>[\/vc_column_text][vc_empty_space height=&#8221;2px&#8221;][vc_btn title=&#8221;Andaluc\u00eda Rally 2020 &#8211; MOTO po 1. etap\u011b (Rally GP)&#8221; style=&#8221;outline&#8221; shape=&#8221;square&#8221; color=&#8221;warning&#8221; size=&#8221;sm&#8221; align=&#8221;center&#8221; i_icon_fontawesome=&#8221;fa fa-file-pdf-o&#8221; css_animation=&#8221;fadeIn&#8221; button_block=&#8221;true&#8221; add_icon=&#8221;true&#8221; link=&#8221;url:%2Fwp-content%2Fuploads%2F2020%2F10%2F2020-andalucia-rallygp-after-leg1-v02.pdf||target:%20_blank|&#8221;][vc_btn title=&#8221;Andaluc\u00eda Rally 2020 &#8211; MOTO po 1. etap\u011b (Rally 2)&#8221; style=&#8221;outline&#8221; shape=&#8221;square&#8221; color=&#8221;warning&#8221; size=&#8221;sm&#8221; align=&#8221;center&#8221; i_icon_fontawesome=&#8221;fa fa-file-pdf-o&#8221; css_animation=&#8221;fadeIn&#8221; button_block=&#8221;true&#8221; add_icon=&#8221;true&#8221; link=&#8221;url:%2Fwp-content%2Fuploads%2F2020%2F10%2F2020-andalucia-rally2-after-leg1-v02.pdf||target:%20_blank|&#8221;][\/vc_column][\/vc_row]<\/p>\n","protected":false},"excerpt":{"rendered":"<p>Po prvn\u00ed etap\u011b Andalusk\u00e9 rally panuje spokojenost p\u0159edev\u0161\u00edm v t\u00e1bo\u0159e Hondy. Jej\u00edm jezdc\u016fm pat\u0159\u00ed prvn\u00ed dv\u011b m\u00edsta v hodnocen\u00ed etapy i celkov\u011b.<\/p>\n","protected":false},"author":1,"featured_media":16865,"comment_status":"open","ping_status":"closed","sticky":false,"template":"","format":"standard","meta":{"footnotes":""},"categories":[1751,15],"tags":[903,1752,1753,129,759,791,64,110,761,230,63,127,1637,758,211,74,75,1748,72],"class_list":["post-16871","post","type-post","status-publish","format-standard","has-post-thumbnail","hentry","category-andalucia-rally","category-moto-quad","tag-903","tag-andalucia-rally","tag-andalucia-rally-2020","tag-honda","tag-honda-team","tag-hrc","tag-husqvarna","tag-jan-brabec","tag-joan-barreda","tag-kevin-benavides","tag-ktm","tag-ktm-factory-racing","tag-libor-podmol","tag-luciano-benavides","tag-matthias-walkner","tag-moto-racing-group","tag-mrg","tag-story-racing","tag-tomas-kubiena"],"yoast_head":"<!-- This site is optimized with the Yoast SEO plugin v24.9 - https:\/\/yoast.com\/wordpress\/plugins\/seo\/ -->\n<title>Andaluc\u00eda Rally: Kevin Benavides vede, Luciano skon\u010dil v nemocnici - DAKARMANIA.cz<\/title>\n<meta name=\"description\" content=\"Po prvn\u00ed etap\u011b Andalusk\u00e9 rally panuje spokojenost p\u0159edev\u0161\u00edm v t\u00e1bo\u0159e Hondy. Jej\u00edm jezdc\u016fm pat\u0159\u00ed prvn\u00ed dv\u011b m\u00edsta v hodnocen\u00ed etapy i celkov\u011b.\" \/>\n<meta name=\"robots\" content=\"index, follow, max-snippet:-1, max-image-preview:large, max-video-preview:-1\" \/>\n<link rel=\"canonical\" href=\"https:\/\/www.dakarmania.cz\/index.php\/2020\/10\/07\/andalucia-rally-kevin-benavides-vede\/\" \/>\n<meta property=\"og:locale\" content=\"cs_CZ\" \/>\n<meta property=\"og:type\" content=\"article\" \/>\n<meta property=\"og:title\" content=\"Andaluc\u00eda Rally: Kevin Benavides vede, Luciano skon\u010dil v nemocnici - DAKARMANIA.cz\" \/>\n<meta property=\"og:description\" content=\"Po prvn\u00ed etap\u011b Andalusk\u00e9 rally panuje spokojenost p\u0159edev\u0161\u00edm v t\u00e1bo\u0159e Hondy. Jej\u00edm jezdc\u016fm pat\u0159\u00ed prvn\u00ed dv\u011b m\u00edsta v hodnocen\u00ed etapy i celkov\u011b.\" \/>\n<meta property=\"og:url\" content=\"https:\/\/www.dakarmania.cz\/index.php\/2020\/10\/07\/andalucia-rally-kevin-benavides-vede\/\" \/>\n<meta property=\"og:site_name\" content=\"DAKARMANIA.cz\" \/>\n<meta property=\"article:publisher\" content=\"https:\/\/www.facebook.com\/dakarmania\/\" \/>\n<meta property=\"article:published_time\" content=\"2020-10-07T15:57:07+00:00\" \/>\n<meta property=\"article:modified_time\" content=\"2020-10-08T14:35:10+00:00\" \/>\n<meta property=\"og:image\" content=\"https:\/\/www.dakarmania.cz\/wp-content\/uploads\/2020\/10\/20-andalucia-benavidesk-01.jpg\" \/>\n\t<meta property=\"og:image:width\" content=\"1024\" \/>\n\t<meta property=\"og:image:height\" content=\"683\" \/>\n\t<meta property=\"og:image:type\" content=\"image\/jpeg\" \/>\n<meta name=\"author\" content=\"Zden\u011bk Zelenka\" \/>\n<meta name=\"twitter:card\" content=\"summary_large_image\" \/>\n<meta name=\"twitter:label1\" content=\"Napsal(a)\" \/>\n\t<meta name=\"twitter:data1\" content=\"Zden\u011bk Zelenka\" \/>\n\t<meta name=\"twitter:label2\" content=\"Odhadovan\u00e1 doba \u010dten\u00ed\" \/>\n\t<meta name=\"twitter:data2\" content=\"6 minut\" \/>\n<script type=\"application\/ld+json\" class=\"yoast-schema-graph\">{\"@context\":\"https:\/\/schema.org\",\"@graph\":[{\"@type\":\"Article\",\"@id\":\"https:\/\/www.dakarmania.cz\/index.php\/2020\/10\/07\/andalucia-rally-kevin-benavides-vede\/#article\",\"isPartOf\":{\"@id\":\"https:\/\/www.dakarmania.cz\/index.php\/2020\/10\/07\/andalucia-rally-kevin-benavides-vede\/\"},\"author\":{\"name\":\"Zden\u011bk Zelenka\",\"@id\":\"https:\/\/www.dakarmania.cz\/#\/schema\/person\/04eb0e87a389631c2169c0dddae7ff1e\"},\"headline\":\"Andaluc\u00eda Rally: Kevin Benavides vede, Luciano skon\u010dil v nemocnici\",\"datePublished\":\"2020-10-07T15:57:07+00:00\",\"dateModified\":\"2020-10-08T14:35:10+00:00\",\"mainEntityOfPage\":{\"@id\":\"https:\/\/www.dakarmania.cz\/index.php\/2020\/10\/07\/andalucia-rally-kevin-benavides-vede\/\"},\"wordCount\":1164,\"commentCount\":0,\"publisher\":{\"@id\":\"https:\/\/www.dakarmania.cz\/#organization\"},\"image\":{\"@id\":\"https:\/\/www.dakarmania.cz\/index.php\/2020\/10\/07\/andalucia-rally-kevin-benavides-vede\/#primaryimage\"},\"thumbnailUrl\":\"https:\/\/www.dakarmania.cz\/wp-content\/uploads\/2020\/10\/20-andalucia-benavidesk-01.jpg\",\"keywords\":[\"2020\",\"Andaluc\u00eda Rally\",\"Andaluc\u00eda Rally 2020\",\"Honda\",\"Honda Team\",\"HRC\",\"Husqvarna\",\"Jan Brabec\",\"Joan Barreda\",\"Kevin Benavides\",\"KTM\",\"KTM Factory Racing\",\"Libor Podmol\",\"Luciano Benavides\",\"Matthias Walkner\",\"Moto Racing Group\",\"MRG\",\"Story Racing\",\"Tom\u00e1\u0161 Kubiena\"],\"articleSection\":[\"Andaluc\u00eda Rally\",\"Moto\/Quad\"],\"inLanguage\":\"cs\",\"potentialAction\":[{\"@type\":\"CommentAction\",\"name\":\"Comment\",\"target\":[\"https:\/\/www.dakarmania.cz\/index.php\/2020\/10\/07\/andalucia-rally-kevin-benavides-vede\/#respond\"]}]},{\"@type\":\"WebPage\",\"@id\":\"https:\/\/www.dakarmania.cz\/index.php\/2020\/10\/07\/andalucia-rally-kevin-benavides-vede\/\",\"url\":\"https:\/\/www.dakarmania.cz\/index.php\/2020\/10\/07\/andalucia-rally-kevin-benavides-vede\/\",\"name\":\"Andaluc\u00eda Rally: Kevin Benavides vede, Luciano skon\u010dil v nemocnici - DAKARMANIA.cz\",\"isPartOf\":{\"@id\":\"https:\/\/www.dakarmania.cz\/#website\"},\"primaryImageOfPage\":{\"@id\":\"https:\/\/www.dakarmania.cz\/index.php\/2020\/10\/07\/andalucia-rally-kevin-benavides-vede\/#primaryimage\"},\"image\":{\"@id\":\"https:\/\/www.dakarmania.cz\/index.php\/2020\/10\/07\/andalucia-rally-kevin-benavides-vede\/#primaryimage\"},\"thumbnailUrl\":\"https:\/\/www.dakarmania.cz\/wp-content\/uploads\/2020\/10\/20-andalucia-benavidesk-01.jpg\",\"datePublished\":\"2020-10-07T15:57:07+00:00\",\"dateModified\":\"2020-10-08T14:35:10+00:00\",\"description\":\"Po prvn\u00ed etap\u011b Andalusk\u00e9 rally panuje spokojenost p\u0159edev\u0161\u00edm v t\u00e1bo\u0159e Hondy. Jej\u00edm jezdc\u016fm pat\u0159\u00ed prvn\u00ed dv\u011b m\u00edsta v hodnocen\u00ed etapy i celkov\u011b.\",\"breadcrumb\":{\"@id\":\"https:\/\/www.dakarmania.cz\/index.php\/2020\/10\/07\/andalucia-rally-kevin-benavides-vede\/#breadcrumb\"},\"inLanguage\":\"cs\",\"potentialAction\":[{\"@type\":\"ReadAction\",\"target\":[\"https:\/\/www.dakarmania.cz\/index.php\/2020\/10\/07\/andalucia-rally-kevin-benavides-vede\/\"]}]},{\"@type\":\"ImageObject\",\"inLanguage\":\"cs\",\"@id\":\"https:\/\/www.dakarmania.cz\/index.php\/2020\/10\/07\/andalucia-rally-kevin-benavides-vede\/#primaryimage\",\"url\":\"https:\/\/www.dakarmania.cz\/wp-content\/uploads\/2020\/10\/20-andalucia-benavidesk-01.jpg\",\"contentUrl\":\"https:\/\/www.dakarmania.cz\/wp-content\/uploads\/2020\/10\/20-andalucia-benavidesk-01.jpg\",\"width\":1024,\"height\":683,\"caption\":\"Kevin Benavides, Honda CRF450 Rally, Monster Energy Honda Team. Andaluc\u00eda Rally 2020. \u00a9 HRC\"},{\"@type\":\"BreadcrumbList\",\"@id\":\"https:\/\/www.dakarmania.cz\/index.php\/2020\/10\/07\/andalucia-rally-kevin-benavides-vede\/#breadcrumb\",\"itemListElement\":[{\"@type\":\"ListItem\",\"position\":1,\"name\":\"Dom\u016f\",\"item\":\"https:\/\/www.dakarmania.cz\/\"},{\"@type\":\"ListItem\",\"position\":2,\"name\":\"Andaluc\u00eda Rally: Kevin Benavides vede, Luciano skon\u010dil v nemocnici\"}]},{\"@type\":\"WebSite\",\"@id\":\"https:\/\/www.dakarmania.cz\/#website\",\"url\":\"https:\/\/www.dakarmania.cz\/\",\"name\":\"DAKARMANIA.cz\",\"description\":\"\u017dijeme Dakarem cel\u00fd rok\",\"publisher\":{\"@id\":\"https:\/\/www.dakarmania.cz\/#organization\"},\"potentialAction\":[{\"@type\":\"SearchAction\",\"target\":{\"@type\":\"EntryPoint\",\"urlTemplate\":\"https:\/\/www.dakarmania.cz\/?s={search_term_string}\"},\"query-input\":{\"@type\":\"PropertyValueSpecification\",\"valueRequired\":true,\"valueName\":\"search_term_string\"}}],\"inLanguage\":\"cs\"},{\"@type\":\"Organization\",\"@id\":\"https:\/\/www.dakarmania.cz\/#organization\",\"name\":\"DAKAR MANIA\",\"url\":\"https:\/\/www.dakarmania.cz\/\",\"logo\":{\"@type\":\"ImageObject\",\"inLanguage\":\"cs\",\"@id\":\"https:\/\/www.dakarmania.cz\/#\/schema\/logo\/image\/\",\"url\":\"https:\/\/www.dakarmania.cz\/wp-content\/uploads\/2018\/12\/Dakar-Mania-Logo-Square-Orange.png\",\"contentUrl\":\"https:\/\/www.dakarmania.cz\/wp-content\/uploads\/2018\/12\/Dakar-Mania-Logo-Square-Orange.png\",\"width\":992,\"height\":992,\"caption\":\"DAKAR MANIA\"},\"image\":{\"@id\":\"https:\/\/www.dakarmania.cz\/#\/schema\/logo\/image\/\"},\"sameAs\":[\"https:\/\/www.facebook.com\/dakarmania\/\"]},{\"@type\":\"Person\",\"@id\":\"https:\/\/www.dakarmania.cz\/#\/schema\/person\/04eb0e87a389631c2169c0dddae7ff1e\",\"name\":\"Zden\u011bk Zelenka\",\"image\":{\"@type\":\"ImageObject\",\"inLanguage\":\"cs\",\"@id\":\"https:\/\/www.dakarmania.cz\/#\/schema\/person\/image\/\",\"url\":\"https:\/\/secure.gravatar.com\/avatar\/2c80d5a4942fe0900b73cc7d3837a509d6ee0a276a2b76dac95c92bd0763a89b?s=96&d=mm&r=g\",\"contentUrl\":\"https:\/\/secure.gravatar.com\/avatar\/2c80d5a4942fe0900b73cc7d3837a509d6ee0a276a2b76dac95c92bd0763a89b?s=96&d=mm&r=g\",\"caption\":\"Zden\u011bk Zelenka\"},\"description\":\"Moji d\u011bt\u0161t\u00ed hrdinov\u00e9 se jmenovali Loprais, Moskal, Neveu, Vatanen, Rahier... A tihle borci, jejich n\u00e1sledovn\u00edci a jejich p\u0159\u00edb\u011bhy m\u011b nep\u0159estali fascinovat ani po letech, kdy jsem vyrostl a zam\u011bstn\u00e1valy m\u011b jin\u00e9 discipl\u00edny motorsportu. Proto se zrodila DAKARMANIA.\",\"url\":\"https:\/\/www.dakarmania.cz\/index.php\/author\/dakarmania\/\"}]}<\/script>\n<!-- \/ Yoast SEO plugin. -->","yoast_head_json":{"title":"Andaluc\u00eda Rally: Kevin Benavides vede, Luciano skon\u010dil v nemocnici - DAKARMANIA.cz","description":"Po prvn\u00ed etap\u011b Andalusk\u00e9 rally panuje spokojenost p\u0159edev\u0161\u00edm v t\u00e1bo\u0159e Hondy. Jej\u00edm jezdc\u016fm pat\u0159\u00ed prvn\u00ed dv\u011b m\u00edsta v hodnocen\u00ed etapy i celkov\u011b.","robots":{"index":"index","follow":"follow","max-snippet":"max-snippet:-1","max-image-preview":"max-image-preview:large","max-video-preview":"max-video-preview:-1"},"canonical":"https:\/\/www.dakarmania.cz\/index.php\/2020\/10\/07\/andalucia-rally-kevin-benavides-vede\/","og_locale":"cs_CZ","og_type":"article","og_title":"Andaluc\u00eda Rally: Kevin Benavides vede, Luciano skon\u010dil v nemocnici - DAKARMANIA.cz","og_description":"Po prvn\u00ed etap\u011b Andalusk\u00e9 rally panuje spokojenost p\u0159edev\u0161\u00edm v t\u00e1bo\u0159e Hondy. Jej\u00edm jezdc\u016fm pat\u0159\u00ed prvn\u00ed dv\u011b m\u00edsta v hodnocen\u00ed etapy i celkov\u011b.","og_url":"https:\/\/www.dakarmania.cz\/index.php\/2020\/10\/07\/andalucia-rally-kevin-benavides-vede\/","og_site_name":"DAKARMANIA.cz","article_publisher":"https:\/\/www.facebook.com\/dakarmania\/","article_published_time":"2020-10-07T15:57:07+00:00","article_modified_time":"2020-10-08T14:35:10+00:00","og_image":[{"width":1024,"height":683,"url":"https:\/\/www.dakarmania.cz\/wp-content\/uploads\/2020\/10\/20-andalucia-benavidesk-01.jpg","type":"image\/jpeg"}],"author":"Zden\u011bk Zelenka","twitter_card":"summary_large_image","twitter_misc":{"Napsal(a)":"Zden\u011bk Zelenka","Odhadovan\u00e1 doba \u010dten\u00ed":"6 minut"},"schema":{"@context":"https:\/\/schema.org","@graph":[{"@type":"Article","@id":"https:\/\/www.dakarmania.cz\/index.php\/2020\/10\/07\/andalucia-rally-kevin-benavides-vede\/#article","isPartOf":{"@id":"https:\/\/www.dakarmania.cz\/index.php\/2020\/10\/07\/andalucia-rally-kevin-benavides-vede\/"},"author":{"name":"Zden\u011bk Zelenka","@id":"https:\/\/www.dakarmania.cz\/#\/schema\/person\/04eb0e87a389631c2169c0dddae7ff1e"},"headline":"Andaluc\u00eda Rally: Kevin Benavides vede, Luciano skon\u010dil v nemocnici","datePublished":"2020-10-07T15:57:07+00:00","dateModified":"2020-10-08T14:35:10+00:00","mainEntityOfPage":{"@id":"https:\/\/www.dakarmania.cz\/index.php\/2020\/10\/07\/andalucia-rally-kevin-benavides-vede\/"},"wordCount":1164,"commentCount":0,"publisher":{"@id":"https:\/\/www.dakarmania.cz\/#organization"},"image":{"@id":"https:\/\/www.dakarmania.cz\/index.php\/2020\/10\/07\/andalucia-rally-kevin-benavides-vede\/#primaryimage"},"thumbnailUrl":"https:\/\/www.dakarmania.cz\/wp-content\/uploads\/2020\/10\/20-andalucia-benavidesk-01.jpg","keywords":["2020","Andaluc\u00eda Rally","Andaluc\u00eda Rally 2020","Honda","Honda Team","HRC","Husqvarna","Jan Brabec","Joan Barreda","Kevin Benavides","KTM","KTM Factory Racing","Libor Podmol","Luciano Benavides","Matthias Walkner","Moto Racing Group","MRG","Story Racing","Tom\u00e1\u0161 Kubiena"],"articleSection":["Andaluc\u00eda Rally","Moto\/Quad"],"inLanguage":"cs","potentialAction":[{"@type":"CommentAction","name":"Comment","target":["https:\/\/www.dakarmania.cz\/index.php\/2020\/10\/07\/andalucia-rally-kevin-benavides-vede\/#respond"]}]},{"@type":"WebPage","@id":"https:\/\/www.dakarmania.cz\/index.php\/2020\/10\/07\/andalucia-rally-kevin-benavides-vede\/","url":"https:\/\/www.dakarmania.cz\/index.php\/2020\/10\/07\/andalucia-rally-kevin-benavides-vede\/","name":"Andaluc\u00eda Rally: Kevin Benavides vede, Luciano skon\u010dil v nemocnici - DAKARMANIA.cz","isPartOf":{"@id":"https:\/\/www.dakarmania.cz\/#website"},"primaryImageOfPage":{"@id":"https:\/\/www.dakarmania.cz\/index.php\/2020\/10\/07\/andalucia-rally-kevin-benavides-vede\/#primaryimage"},"image":{"@id":"https:\/\/www.dakarmania.cz\/index.php\/2020\/10\/07\/andalucia-rally-kevin-benavides-vede\/#primaryimage"},"thumbnailUrl":"https:\/\/www.dakarmania.cz\/wp-content\/uploads\/2020\/10\/20-andalucia-benavidesk-01.jpg","datePublished":"2020-10-07T15:57:07+00:00","dateModified":"2020-10-08T14:35:10+00:00","description":"Po prvn\u00ed etap\u011b Andalusk\u00e9 rally panuje spokojenost p\u0159edev\u0161\u00edm v t\u00e1bo\u0159e Hondy. Jej\u00edm jezdc\u016fm pat\u0159\u00ed prvn\u00ed dv\u011b m\u00edsta v hodnocen\u00ed etapy i celkov\u011b.","breadcrumb":{"@id":"https:\/\/www.dakarmania.cz\/index.php\/2020\/10\/07\/andalucia-rally-kevin-benavides-vede\/#breadcrumb"},"inLanguage":"cs","potentialAction":[{"@type":"ReadAction","target":["https:\/\/www.dakarmania.cz\/index.php\/2020\/10\/07\/andalucia-rally-kevin-benavides-vede\/"]}]},{"@type":"ImageObject","inLanguage":"cs","@id":"https:\/\/www.dakarmania.cz\/index.php\/2020\/10\/07\/andalucia-rally-kevin-benavides-vede\/#primaryimage","url":"https:\/\/www.dakarmania.cz\/wp-content\/uploads\/2020\/10\/20-andalucia-benavidesk-01.jpg","contentUrl":"https:\/\/www.dakarmania.cz\/wp-content\/uploads\/2020\/10\/20-andalucia-benavidesk-01.jpg","width":1024,"height":683,"caption":"Kevin Benavides, Honda CRF450 Rally, Monster Energy Honda Team. Andaluc\u00eda Rally 2020. \u00a9 HRC"},{"@type":"BreadcrumbList","@id":"https:\/\/www.dakarmania.cz\/index.php\/2020\/10\/07\/andalucia-rally-kevin-benavides-vede\/#breadcrumb","itemListElement":[{"@type":"ListItem","position":1,"name":"Dom\u016f","item":"https:\/\/www.dakarmania.cz\/"},{"@type":"ListItem","position":2,"name":"Andaluc\u00eda Rally: Kevin Benavides vede, Luciano skon\u010dil v nemocnici"}]},{"@type":"WebSite","@id":"https:\/\/www.dakarmania.cz\/#website","url":"https:\/\/www.dakarmania.cz\/","name":"DAKARMANIA.cz","description":"\u017dijeme Dakarem cel\u00fd rok","publisher":{"@id":"https:\/\/www.dakarmania.cz\/#organization"},"potentialAction":[{"@type":"SearchAction","target":{"@type":"EntryPoint","urlTemplate":"https:\/\/www.dakarmania.cz\/?s={search_term_string}"},"query-input":{"@type":"PropertyValueSpecification","valueRequired":true,"valueName":"search_term_string"}}],"inLanguage":"cs"},{"@type":"Organization","@id":"https:\/\/www.dakarmania.cz\/#organization","name":"DAKAR MANIA","url":"https:\/\/www.dakarmania.cz\/","logo":{"@type":"ImageObject","inLanguage":"cs","@id":"https:\/\/www.dakarmania.cz\/#\/schema\/logo\/image\/","url":"https:\/\/www.dakarmania.cz\/wp-content\/uploads\/2018\/12\/Dakar-Mania-Logo-Square-Orange.png","contentUrl":"https:\/\/www.dakarmania.cz\/wp-content\/uploads\/2018\/12\/Dakar-Mania-Logo-Square-Orange.png","width":992,"height":992,"caption":"DAKAR MANIA"},"image":{"@id":"https:\/\/www.dakarmania.cz\/#\/schema\/logo\/image\/"},"sameAs":["https:\/\/www.facebook.com\/dakarmania\/"]},{"@type":"Person","@id":"https:\/\/www.dakarmania.cz\/#\/schema\/person\/04eb0e87a389631c2169c0dddae7ff1e","name":"Zden\u011bk Zelenka","image":{"@type":"ImageObject","inLanguage":"cs","@id":"https:\/\/www.dakarmania.cz\/#\/schema\/person\/image\/","url":"https:\/\/secure.gravatar.com\/avatar\/2c80d5a4942fe0900b73cc7d3837a509d6ee0a276a2b76dac95c92bd0763a89b?s=96&d=mm&r=g","contentUrl":"https:\/\/secure.gravatar.com\/avatar\/2c80d5a4942fe0900b73cc7d3837a509d6ee0a276a2b76dac95c92bd0763a89b?s=96&d=mm&r=g","caption":"Zden\u011bk Zelenka"},"description":"Moji d\u011bt\u0161t\u00ed hrdinov\u00e9 se jmenovali Loprais, Moskal, Neveu, Vatanen, Rahier... A tihle borci, jejich n\u00e1sledovn\u00edci a jejich p\u0159\u00edb\u011bhy m\u011b nep\u0159estali fascinovat ani po letech, kdy jsem vyrostl a zam\u011bstn\u00e1valy m\u011b jin\u00e9 discipl\u00edny motorsportu. Proto se zrodila DAKARMANIA.","url":"https:\/\/www.dakarmania.cz\/index.php\/author\/dakarmania\/"}]}},"amp_enabled":true,"_links":{"self":[{"href":"https:\/\/www.dakarmania.cz\/index.php\/wp-json\/wp\/v2\/posts\/16871","targetHints":{"allow":["GET"]}}],"collection":[{"href":"https:\/\/www.dakarmania.cz\/index.php\/wp-json\/wp\/v2\/posts"}],"about":[{"href":"https:\/\/www.dakarmania.cz\/index.php\/wp-json\/wp\/v2\/types\/post"}],"author":[{"embeddable":true,"href":"https:\/\/www.dakarmania.cz\/index.php\/wp-json\/wp\/v2\/users\/1"}],"replies":[{"embeddable":true,"href":"https:\/\/www.dakarmania.cz\/index.php\/wp-json\/wp\/v2\/comments?post=16871"}],"version-history":[{"count":5,"href":"https:\/\/www.dakarmania.cz\/index.php\/wp-json\/wp\/v2\/posts\/16871\/revisions"}],"predecessor-version":[{"id":16898,"href":"https:\/\/www.dakarmania.cz\/index.php\/wp-json\/wp\/v2\/posts\/16871\/revisions\/16898"}],"wp:featuredmedia":[{"embeddable":true,"href":"https:\/\/www.dakarmania.cz\/index.php\/wp-json\/wp\/v2\/media\/16865"}],"wp:attachment":[{"href":"https:\/\/www.dakarmania.cz\/index.php\/wp-json\/wp\/v2\/media?parent=16871"}],"wp:term":[{"taxonomy":"category","embeddable":true,"href":"https:\/\/www.dakarmania.cz\/index.php\/wp-json\/wp\/v2\/categories?post=16871"},{"taxonomy":"post_tag","embeddable":true,"href":"https:\/\/www.dakarmania.cz\/index.php\/wp-json\/wp\/v2\/tags?post=16871"}],"curies":[{"name":"wp","href":"https:\/\/api.w.org\/{rel}","templated":true}]}}