{"id":16877,"date":"2020-10-07T20:00:03","date_gmt":"2020-10-07T18:00:03","guid":{"rendered":"https:\/\/www.dakarmania.cz\/?p=16877"},"modified":"2020-10-07T23:56:33","modified_gmt":"2020-10-07T21:56:33","slug":"andalucia-rally-uvodni-etapu-vyhral-al-rajhi","status":"publish","type":"post","link":"https:\/\/www.dakarmania.cz\/index.php\/2020\/10\/07\/andalucia-rally-uvodni-etapu-vyhral-al-rajhi\/","title":{"rendered":"Andaluc\u00eda Rally: Zkr\u00e1cenou \u00favodn\u00ed etapu vyhr\u00e1l Yazeed Al-Rajhi"},"content":{"rendered":"<p>[vc_row][vc_column][vc_column_text css_animation=&#8221;fadeIn&#8221;]<\/p>\n<h3>Yazeed Al-Rajhi oslavil n\u00e1vrat Dirka von Zitzewitze na m\u00edsto spolujezdce v\u00edt\u011bzstv\u00edm v prvn\u00ed etap\u011b Andalusk\u00e9 rally. Sa\u00fadsko-n\u011bmeck\u00e1 pos\u00e1dka jede prvn\u00ed spole\u010dn\u00fd z\u00e1vod od navig\u00e1torova zran\u011bn\u00ed, kter\u00e9 utrp\u011bl loni v l\u00e9t\u011b na Ma\u010farsk\u00e9 baje.<\/h3>\n<p>[\/vc_column_text][vc_single_image image=&#8221;16874&#8243; img_size=&#8221;large&#8221; add_caption=&#8221;yes&#8221; alignment=&#8221;center&#8221; onclick=&#8221;link_image&#8221; css_animation=&#8221;fadeIn&#8221;][vc_column_text css_animation=&#8221;fadeIn&#8221;]Na rozd\u00edl od motocyklist\u016f, kte\u0159\u00ed absolvovali prolog u\u017e v \u00fater\u00fd odpoledne, se pos\u00e1dky automobil\u016f a side-by-side vydaly na jeho tra\u0165 a\u017e ve st\u0159edu r\u00e1no. P\u0159ed polednem pak m\u011bly vyrazit rovnou do prvn\u00ed dlouh\u00e9 rychlostn\u00ed zkou\u0161ky.<\/p>\n<p>Startovn\u00ed po\u0159ad\u00ed pro prvn\u00ed etapu v\u0161ak dev\u00edtikilometrov\u00e1 superspeci\u00e1lka stejn\u011b neur\u010dila. Na vin\u011b byly probl\u00e9my s \u010dasom\u00edrou a se startovn\u00ed procedurou. Na z\u00e1klad\u011b n\u011bkolika protest\u016f rozhodlo veden\u00ed z\u00e1vodu o anulaci v\u00fdsledk\u016f. Projedn\u00e1n\u00ed z\u00e1le\u017eitosti nav\u00edc znamenalo zdr\u017een\u00ed v programu z\u00e1vodu a hrozilo, \u017ee pozd\u011bji startuj\u00edc\u00ed auta a SSV budou doj\u00ed\u017ed\u011bt do c\u00edle \u00favodn\u00ed etapy u\u017e za tmy. Proto byla speci\u00e1lka z bezpe\u010dnostn\u00edch d\u016fvod\u016f zkr\u00e1cena z 258 na necel\u00fdch 170 km.[\/vc_column_text][vc_single_image image=&#8221;15450&#8243; img_size=&#8221;large&#8221; add_caption=&#8221;yes&#8221; alignment=&#8221;center&#8221; onclick=&#8221;custom_link&#8221; img_link_target=&#8221;_blank&#8221; css_animation=&#8221;fadeIn&#8221; link=&#8221;http:\/\/eshop.dakarmania.cz\/&#8221;][vc_column_text css_animation=&#8221;fadeIn&#8221;]Kdy\u017e se kone\u010dn\u011b za\u010dalo z\u00e1vodit, ud\u00e1valy tempo Toyoty. Yazeed Al-Rajhi se po celou rychlostn\u00ed zkou\u0161ku na mezi\u010dasech dr\u017eel t\u011bsn\u011b za Nasserem Al-Attiyahem, kter\u00e9ho v\u0161ak p\u0159ibrzdily technick\u00e9 pot\u00ed\u017ee a klesl na t\u0159et\u00ed p\u0159\u00ed\u010dku (+2:13 min).<\/p>\n<p><em>\u201ePo p\u011bta\u010dty\u0159iceti kilometrech jsme m\u011bli probl\u00e9m s hnac\u00ed h\u0159\u00eddel\u00ed lev\u00e9ho p\u0159edn\u00edho kola, tak\u017ee jsme sto dvacet kilometr\u016f jeli jen s pohonem zadn\u00edch kol. Nebylo to snadn\u00e9 a jsem celkem r\u00e1d, \u017ee jsme etapu dokon\u010dili, ani\u017e bychom ztratili p\u0159\u00edli\u0161 \u010dasu,\u201c<\/em> oddechl si <strong>Nasser Al-Attiyah<\/strong>.<\/p>\n<p>Al-Rajhi zv\u00edt\u011bzil o minutu a 47 sekund p\u0159ed Carlosem Sainzem s Mini JCW Buggy.<\/p>\n<p><em>\u201eV prvn\u00ed \u0159ad\u011b chci pod\u011bkovat Dirkovi. Je skv\u011bl\u00e9 m\u00edt ho op\u011bt po sv\u00e9m boku. Elektronick\u00fd roadbook fungoval bezchybn\u011b, je to dobr\u00fd n\u00e1pad,\u201c<\/em> hodnot\u00ed <strong>Yazeed Al-Rajhi<\/strong>. <em>\u201eZ\u00edtra sice pojedeme jako prvn\u00ed, ale op\u011bt se pokus\u00edme vydat ze sebe maximum.\u201c<\/em>[\/vc_column_text][vc_single_image image=&#8221;16875&#8243; img_size=&#8221;large&#8221; add_caption=&#8221;yes&#8221; alignment=&#8221;center&#8221; onclick=&#8221;link_image&#8221; css_animation=&#8221;fadeIn&#8221;][vc_column_text css_animation=&#8221;fadeIn&#8221;]Mimo\u0159\u00e1dn\u00fd den pro\u017eila dom\u00e1c\u00ed Cristina Gutierrez. \u0160pan\u011blka p\u0159ed sout\u011b\u017e\u00ed vym\u011bnila Mitsubishi t\u00fdmu Sodicars Racing za Mini All4 Racing od X-raidu a vyplatilo se. Na speci\u00e1lce dos\u00e1hla p\u00e1t\u00e9ho nejlep\u0161\u00edho \u010dasu a po zapo\u010d\u00edt\u00e1n\u00ed dvouminutov\u00e9 penalizace, kterou obdr\u017eel p\u016fvodn\u011b \u010dtvrt\u00fd Bernhard ten Brinke za minut\u00ed jednoho z kontroln\u00edch bod\u016f, se posunula t\u011bsn\u011b za medailov\u00e9 pozice.<\/p>\n<p>Se stejn\u00fdm vozem v Andalusii startuje St\u00e9phane Peterhansel, kter\u00fd sout\u011b\u017e bere hlavn\u011b jako dal\u0161\u00ed p\u0159\u00edle\u017eitost k vylad\u011bn\u00ed spolupr\u00e1ce s nov\u00fdm navig\u00e1torem Edouardem Boulangerem.\u00a0V\u00edce ne\u017e dvan\u00e1ctiminutov\u00e1 ztr\u00e1ta a osm\u00e1 p\u0159\u00ed\u010dka p\u0159esto Francouze rozhodn\u011b net\u011b\u0161\u00ed.<\/p>\n<p><em>\u201eM\u011bli jsme defekt, ale j\u00e1 jsem to hned nezaregistroval. V dal\u0161\u00ed zat\u00e1\u010dce jsme proto vyl\u00e9tli z trati a kolem jsme do n\u011b\u010deho pom\u011brn\u011b siln\u011b narazili,\u201c<\/em> popisuje <strong>St\u00e9phane Peterhansel<\/strong>. <em>\u201eOd t\u00e9 chv\u00edle se auto docela obt\u00ed\u017en\u011b \u0159\u00eddilo a pak se \u00fapln\u011b zlomilo rameno, kter\u00e9 p\u0159i nehod\u011b muselo dostat velkou r\u00e1nu. Zbytek testu jsme doj\u00ed\u017ed\u011bli rychlost\u00ed 20 km\/h. Kdyby speci\u00e1lku nezkr\u00e1tili, asi bychom m\u011bli probl\u00e9m ji v\u016fbec dokon\u010dit.\u201c<\/em>[\/vc_column_text][vc_single_image image=&#8221;16886&#8243; img_size=&#8221;large&#8221; add_caption=&#8221;yes&#8221; alignment=&#8221;center&#8221; onclick=&#8221;link_image&#8221; css_animation=&#8221;fadeIn&#8221;][vc_column_text css_animation=&#8221;fadeIn&#8221;]V kategorii SSV se p\u0159i premi\u00e9\u0159e v tov\u00e1rn\u00edm t\u00fdmu Monster Energy Can-Am skv\u011ble uvedl Aron Dom\u017ca\u0142a. Pol\u00e1k prvn\u00ed etapu vyhr\u00e1l s desetisekundov\u00fdm n\u00e1skokem p\u0159ed \u0161pan\u011blsk\u00fdm t\u00fdmov\u00fdm kolegou Gerardem Farresem.<\/p>\n<p>Ve \u010dtvrtek 8. \u0159\u00edjna pokra\u010duje <a href=\"\/index.php\/souteze\/andalucia-rally-2020\/\">Andalusk\u00e1 rally<\/a> druhou etapou. Na pos\u00e1dky \u010dek\u00e1 celkem 336 kilometr\u016f, z nich\u017e se 243 pojede na \u010das v r\u00e1mci dvou odd\u011blen\u00fdch rychlostn\u00edch zkou\u0161ek.<\/p>\n<h3>Podrobn\u00e9 ohl\u00e9dnut\u00ed za Andaluc\u00eda Rally, kompletn\u00ed p\u0159ehled nejd\u016fle\u017eit\u011bj\u0161\u00edch ud\u00e1lost\u00ed neobvykl\u00e9 sezony 2020, novinky ze z\u00e1kulis\u00ed jednotliv\u00fdch t\u00fdm\u016f p\u0159ed Dakarem 2021, unik\u00e1tn\u00ed a rozs\u00e1hl\u00e9 sondy do dakarsk\u00e9 historie, zaj\u00edmav\u00e9 rozhovory a spoustu dal\u0161\u00edho origin\u00e1ln\u00edho dakarsk\u00e9ho \u010dten\u00ed najdete na 160 stran\u00e1ch <a href=\"http:\/\/eshop.dakarmania.cz\/dm-2\/\" target=\"_blank\" rel=\"noopener noreferrer\">druh\u00e9ho \u010d\u00edsla ti\u0161t\u011bn\u00e9ho magaz\u00ednu DAKARMANIA<\/a>. Vych\u00e1z\u00ed 1. prosince!<\/h3>\n<p>[\/vc_column_text][vc_empty_space height=&#8221;2px&#8221;][vc_btn title=&#8221;Andaluc\u00eda Rally 2020 &#8211; AUTO po 1. etap\u011b&#8221; style=&#8221;outline&#8221; shape=&#8221;square&#8221; color=&#8221;warning&#8221; size=&#8221;sm&#8221; align=&#8221;center&#8221; i_icon_fontawesome=&#8221;fa fa-file-pdf-o&#8221; css_animation=&#8221;fadeIn&#8221; button_block=&#8221;true&#8221; add_icon=&#8221;true&#8221; link=&#8221;url:%2Fwp-content%2Fuploads%2F2020%2F10%2F2020-andalucia-auto-leg1-v02.pdf||target:%20_blank|&#8221;][\/vc_column][\/vc_row]<\/p>\n","protected":false},"excerpt":{"rendered":"<p>Yazeed Al-Rajhi oslavil n\u00e1vrat Dirka von Zitzewitze na m\u00edsto spolujezdce v\u00edt\u011bzstv\u00edm v prvn\u00ed etap\u011b Andalusk\u00e9 rally.<\/p>\n","protected":false},"author":1,"featured_media":16874,"comment_status":"open","ping_status":"closed","sticky":false,"template":"","format":"standard","meta":{"footnotes":""},"categories":[1751,3],"tags":[903,1752,1753,1114,1646,329,1757,219,203,326,217,201,220,327],"class_list":["post-16877","post","type-post","status-publish","format-standard","has-post-thumbnail","hentry","category-andalucia-rally","category-auto","tag-903","tag-andalucia-rally","tag-andalucia-rally-2020","tag-carlos-sainz","tag-cristina-gutierrez","tag-dirk-von-zitzewitz","tag-edouard-boulanger","tag-mini","tag-nasser-al-attiyah","tag-overdrive-racing","tag-stephane-peterhansel","tag-toyota","tag-x-raid","tag-yazeed-al-rajhi"],"yoast_head":"<!-- This site is optimized with the Yoast SEO plugin v24.9 - https:\/\/yoast.com\/wordpress\/plugins\/seo\/ -->\n<title>Andaluc\u00eda Rally: Zkr\u00e1cenou \u00favodn\u00ed etapu vyhr\u00e1l Yazeed Al-Rajhi - DAKARMANIA.cz<\/title>\n<meta name=\"description\" content=\"Yazeed Al-Rajhi oslavil n\u00e1vrat Dirka von Zitzewitze na m\u00edsto spolujezdce v\u00edt\u011bzstv\u00edm v prvn\u00ed etap\u011b Andalusk\u00e9 rally.\" \/>\n<meta name=\"robots\" content=\"index, follow, max-snippet:-1, max-image-preview:large, max-video-preview:-1\" \/>\n<link rel=\"canonical\" href=\"https:\/\/www.dakarmania.cz\/index.php\/2020\/10\/07\/andalucia-rally-uvodni-etapu-vyhral-al-rajhi\/\" \/>\n<meta property=\"og:locale\" content=\"cs_CZ\" \/>\n<meta property=\"og:type\" content=\"article\" \/>\n<meta property=\"og:title\" content=\"Andaluc\u00eda Rally: Zkr\u00e1cenou \u00favodn\u00ed etapu vyhr\u00e1l Yazeed Al-Rajhi - DAKARMANIA.cz\" \/>\n<meta property=\"og:description\" content=\"Yazeed Al-Rajhi oslavil n\u00e1vrat Dirka von Zitzewitze na m\u00edsto spolujezdce v\u00edt\u011bzstv\u00edm v prvn\u00ed etap\u011b Andalusk\u00e9 rally.\" \/>\n<meta property=\"og:url\" content=\"https:\/\/www.dakarmania.cz\/index.php\/2020\/10\/07\/andalucia-rally-uvodni-etapu-vyhral-al-rajhi\/\" \/>\n<meta property=\"og:site_name\" content=\"DAKARMANIA.cz\" \/>\n<meta property=\"article:publisher\" content=\"https:\/\/www.facebook.com\/dakarmania\/\" \/>\n<meta property=\"article:published_time\" content=\"2020-10-07T18:00:03+00:00\" \/>\n<meta property=\"article:modified_time\" content=\"2020-10-07T21:56:33+00:00\" \/>\n<meta property=\"og:image\" content=\"https:\/\/www.dakarmania.cz\/wp-content\/uploads\/2020\/10\/20-andalucia-alrajhi-01.jpg\" \/>\n\t<meta property=\"og:image:width\" content=\"1024\" \/>\n\t<meta property=\"og:image:height\" content=\"683\" \/>\n\t<meta property=\"og:image:type\" content=\"image\/jpeg\" \/>\n<meta name=\"author\" content=\"Zden\u011bk Zelenka\" \/>\n<meta name=\"twitter:card\" content=\"summary_large_image\" \/>\n<meta name=\"twitter:label1\" content=\"Napsal(a)\" \/>\n\t<meta name=\"twitter:data1\" content=\"Zden\u011bk Zelenka\" \/>\n\t<meta name=\"twitter:label2\" content=\"Odhadovan\u00e1 doba \u010dten\u00ed\" \/>\n\t<meta name=\"twitter:data2\" content=\"4 minuty\" \/>\n<script type=\"application\/ld+json\" class=\"yoast-schema-graph\">{\"@context\":\"https:\/\/schema.org\",\"@graph\":[{\"@type\":\"Article\",\"@id\":\"https:\/\/www.dakarmania.cz\/index.php\/2020\/10\/07\/andalucia-rally-uvodni-etapu-vyhral-al-rajhi\/#article\",\"isPartOf\":{\"@id\":\"https:\/\/www.dakarmania.cz\/index.php\/2020\/10\/07\/andalucia-rally-uvodni-etapu-vyhral-al-rajhi\/\"},\"author\":{\"name\":\"Zden\u011bk Zelenka\",\"@id\":\"https:\/\/www.dakarmania.cz\/#\/schema\/person\/04eb0e87a389631c2169c0dddae7ff1e\"},\"headline\":\"Andaluc\u00eda Rally: Zkr\u00e1cenou \u00favodn\u00ed etapu vyhr\u00e1l Yazeed Al-Rajhi\",\"datePublished\":\"2020-10-07T18:00:03+00:00\",\"dateModified\":\"2020-10-07T21:56:33+00:00\",\"mainEntityOfPage\":{\"@id\":\"https:\/\/www.dakarmania.cz\/index.php\/2020\/10\/07\/andalucia-rally-uvodni-etapu-vyhral-al-rajhi\/\"},\"wordCount\":896,\"commentCount\":0,\"publisher\":{\"@id\":\"https:\/\/www.dakarmania.cz\/#organization\"},\"image\":{\"@id\":\"https:\/\/www.dakarmania.cz\/index.php\/2020\/10\/07\/andalucia-rally-uvodni-etapu-vyhral-al-rajhi\/#primaryimage\"},\"thumbnailUrl\":\"https:\/\/www.dakarmania.cz\/wp-content\/uploads\/2020\/10\/20-andalucia-alrajhi-01.jpg\",\"keywords\":[\"2020\",\"Andaluc\u00eda Rally\",\"Andaluc\u00eda Rally 2020\",\"Carlos Sainz\",\"Cristina Guti\u00e9rrez\",\"Dirk von Zitzewitz\",\"Edouard Boulanger\",\"Mini\",\"Nasser Al-Attiyah\",\"Overdrive Racing\",\"St\u00e9phane Peterhansel\",\"Toyota\",\"X-raid\",\"Yazeed Al-Rajhi\"],\"articleSection\":[\"Andaluc\u00eda Rally\",\"Auto\"],\"inLanguage\":\"cs\",\"potentialAction\":[{\"@type\":\"CommentAction\",\"name\":\"Comment\",\"target\":[\"https:\/\/www.dakarmania.cz\/index.php\/2020\/10\/07\/andalucia-rally-uvodni-etapu-vyhral-al-rajhi\/#respond\"]}]},{\"@type\":\"WebPage\",\"@id\":\"https:\/\/www.dakarmania.cz\/index.php\/2020\/10\/07\/andalucia-rally-uvodni-etapu-vyhral-al-rajhi\/\",\"url\":\"https:\/\/www.dakarmania.cz\/index.php\/2020\/10\/07\/andalucia-rally-uvodni-etapu-vyhral-al-rajhi\/\",\"name\":\"Andaluc\u00eda Rally: Zkr\u00e1cenou \u00favodn\u00ed etapu vyhr\u00e1l Yazeed Al-Rajhi - DAKARMANIA.cz\",\"isPartOf\":{\"@id\":\"https:\/\/www.dakarmania.cz\/#website\"},\"primaryImageOfPage\":{\"@id\":\"https:\/\/www.dakarmania.cz\/index.php\/2020\/10\/07\/andalucia-rally-uvodni-etapu-vyhral-al-rajhi\/#primaryimage\"},\"image\":{\"@id\":\"https:\/\/www.dakarmania.cz\/index.php\/2020\/10\/07\/andalucia-rally-uvodni-etapu-vyhral-al-rajhi\/#primaryimage\"},\"thumbnailUrl\":\"https:\/\/www.dakarmania.cz\/wp-content\/uploads\/2020\/10\/20-andalucia-alrajhi-01.jpg\",\"datePublished\":\"2020-10-07T18:00:03+00:00\",\"dateModified\":\"2020-10-07T21:56:33+00:00\",\"description\":\"Yazeed Al-Rajhi oslavil n\u00e1vrat Dirka von Zitzewitze na m\u00edsto spolujezdce v\u00edt\u011bzstv\u00edm v prvn\u00ed etap\u011b Andalusk\u00e9 rally.\",\"breadcrumb\":{\"@id\":\"https:\/\/www.dakarmania.cz\/index.php\/2020\/10\/07\/andalucia-rally-uvodni-etapu-vyhral-al-rajhi\/#breadcrumb\"},\"inLanguage\":\"cs\",\"potentialAction\":[{\"@type\":\"ReadAction\",\"target\":[\"https:\/\/www.dakarmania.cz\/index.php\/2020\/10\/07\/andalucia-rally-uvodni-etapu-vyhral-al-rajhi\/\"]}]},{\"@type\":\"ImageObject\",\"inLanguage\":\"cs\",\"@id\":\"https:\/\/www.dakarmania.cz\/index.php\/2020\/10\/07\/andalucia-rally-uvodni-etapu-vyhral-al-rajhi\/#primaryimage\",\"url\":\"https:\/\/www.dakarmania.cz\/wp-content\/uploads\/2020\/10\/20-andalucia-alrajhi-01.jpg\",\"contentUrl\":\"https:\/\/www.dakarmania.cz\/wp-content\/uploads\/2020\/10\/20-andalucia-alrajhi-01.jpg\",\"width\":1024,\"height\":683,\"caption\":\"Yazeed Al-Rajhi\/Dirk von Zitzewitz, Toyota Hilux, Overdrive SA. Andaluc\u00eda Rally 2020. \u00a9 ODC\"},{\"@type\":\"BreadcrumbList\",\"@id\":\"https:\/\/www.dakarmania.cz\/index.php\/2020\/10\/07\/andalucia-rally-uvodni-etapu-vyhral-al-rajhi\/#breadcrumb\",\"itemListElement\":[{\"@type\":\"ListItem\",\"position\":1,\"name\":\"Dom\u016f\",\"item\":\"https:\/\/www.dakarmania.cz\/\"},{\"@type\":\"ListItem\",\"position\":2,\"name\":\"Andaluc\u00eda Rally: Zkr\u00e1cenou \u00favodn\u00ed etapu vyhr\u00e1l Yazeed Al-Rajhi\"}]},{\"@type\":\"WebSite\",\"@id\":\"https:\/\/www.dakarmania.cz\/#website\",\"url\":\"https:\/\/www.dakarmania.cz\/\",\"name\":\"DAKARMANIA.cz\",\"description\":\"\u017dijeme Dakarem cel\u00fd rok\",\"publisher\":{\"@id\":\"https:\/\/www.dakarmania.cz\/#organization\"},\"potentialAction\":[{\"@type\":\"SearchAction\",\"target\":{\"@type\":\"EntryPoint\",\"urlTemplate\":\"https:\/\/www.dakarmania.cz\/?s={search_term_string}\"},\"query-input\":{\"@type\":\"PropertyValueSpecification\",\"valueRequired\":true,\"valueName\":\"search_term_string\"}}],\"inLanguage\":\"cs\"},{\"@type\":\"Organization\",\"@id\":\"https:\/\/www.dakarmania.cz\/#organization\",\"name\":\"DAKAR MANIA\",\"url\":\"https:\/\/www.dakarmania.cz\/\",\"logo\":{\"@type\":\"ImageObject\",\"inLanguage\":\"cs\",\"@id\":\"https:\/\/www.dakarmania.cz\/#\/schema\/logo\/image\/\",\"url\":\"https:\/\/www.dakarmania.cz\/wp-content\/uploads\/2018\/12\/Dakar-Mania-Logo-Square-Orange.png\",\"contentUrl\":\"https:\/\/www.dakarmania.cz\/wp-content\/uploads\/2018\/12\/Dakar-Mania-Logo-Square-Orange.png\",\"width\":992,\"height\":992,\"caption\":\"DAKAR MANIA\"},\"image\":{\"@id\":\"https:\/\/www.dakarmania.cz\/#\/schema\/logo\/image\/\"},\"sameAs\":[\"https:\/\/www.facebook.com\/dakarmania\/\"]},{\"@type\":\"Person\",\"@id\":\"https:\/\/www.dakarmania.cz\/#\/schema\/person\/04eb0e87a389631c2169c0dddae7ff1e\",\"name\":\"Zden\u011bk Zelenka\",\"image\":{\"@type\":\"ImageObject\",\"inLanguage\":\"cs\",\"@id\":\"https:\/\/www.dakarmania.cz\/#\/schema\/person\/image\/\",\"url\":\"https:\/\/secure.gravatar.com\/avatar\/2c80d5a4942fe0900b73cc7d3837a509d6ee0a276a2b76dac95c92bd0763a89b?s=96&d=mm&r=g\",\"contentUrl\":\"https:\/\/secure.gravatar.com\/avatar\/2c80d5a4942fe0900b73cc7d3837a509d6ee0a276a2b76dac95c92bd0763a89b?s=96&d=mm&r=g\",\"caption\":\"Zden\u011bk Zelenka\"},\"description\":\"Moji d\u011bt\u0161t\u00ed hrdinov\u00e9 se jmenovali Loprais, Moskal, Neveu, Vatanen, Rahier... A tihle borci, jejich n\u00e1sledovn\u00edci a jejich p\u0159\u00edb\u011bhy m\u011b nep\u0159estali fascinovat ani po letech, kdy jsem vyrostl a zam\u011bstn\u00e1valy m\u011b jin\u00e9 discipl\u00edny motorsportu. Proto se zrodila DAKARMANIA.\",\"url\":\"https:\/\/www.dakarmania.cz\/index.php\/author\/dakarmania\/\"}]}<\/script>\n<!-- \/ Yoast SEO plugin. -->","yoast_head_json":{"title":"Andaluc\u00eda Rally: Zkr\u00e1cenou \u00favodn\u00ed etapu vyhr\u00e1l Yazeed Al-Rajhi - DAKARMANIA.cz","description":"Yazeed Al-Rajhi oslavil n\u00e1vrat Dirka von Zitzewitze na m\u00edsto spolujezdce v\u00edt\u011bzstv\u00edm v prvn\u00ed etap\u011b Andalusk\u00e9 rally.","robots":{"index":"index","follow":"follow","max-snippet":"max-snippet:-1","max-image-preview":"max-image-preview:large","max-video-preview":"max-video-preview:-1"},"canonical":"https:\/\/www.dakarmania.cz\/index.php\/2020\/10\/07\/andalucia-rally-uvodni-etapu-vyhral-al-rajhi\/","og_locale":"cs_CZ","og_type":"article","og_title":"Andaluc\u00eda Rally: Zkr\u00e1cenou \u00favodn\u00ed etapu vyhr\u00e1l Yazeed Al-Rajhi - DAKARMANIA.cz","og_description":"Yazeed Al-Rajhi oslavil n\u00e1vrat Dirka von Zitzewitze na m\u00edsto spolujezdce v\u00edt\u011bzstv\u00edm v prvn\u00ed etap\u011b Andalusk\u00e9 rally.","og_url":"https:\/\/www.dakarmania.cz\/index.php\/2020\/10\/07\/andalucia-rally-uvodni-etapu-vyhral-al-rajhi\/","og_site_name":"DAKARMANIA.cz","article_publisher":"https:\/\/www.facebook.com\/dakarmania\/","article_published_time":"2020-10-07T18:00:03+00:00","article_modified_time":"2020-10-07T21:56:33+00:00","og_image":[{"width":1024,"height":683,"url":"https:\/\/www.dakarmania.cz\/wp-content\/uploads\/2020\/10\/20-andalucia-alrajhi-01.jpg","type":"image\/jpeg"}],"author":"Zden\u011bk Zelenka","twitter_card":"summary_large_image","twitter_misc":{"Napsal(a)":"Zden\u011bk Zelenka","Odhadovan\u00e1 doba \u010dten\u00ed":"4 minuty"},"schema":{"@context":"https:\/\/schema.org","@graph":[{"@type":"Article","@id":"https:\/\/www.dakarmania.cz\/index.php\/2020\/10\/07\/andalucia-rally-uvodni-etapu-vyhral-al-rajhi\/#article","isPartOf":{"@id":"https:\/\/www.dakarmania.cz\/index.php\/2020\/10\/07\/andalucia-rally-uvodni-etapu-vyhral-al-rajhi\/"},"author":{"name":"Zden\u011bk Zelenka","@id":"https:\/\/www.dakarmania.cz\/#\/schema\/person\/04eb0e87a389631c2169c0dddae7ff1e"},"headline":"Andaluc\u00eda Rally: Zkr\u00e1cenou \u00favodn\u00ed etapu vyhr\u00e1l Yazeed Al-Rajhi","datePublished":"2020-10-07T18:00:03+00:00","dateModified":"2020-10-07T21:56:33+00:00","mainEntityOfPage":{"@id":"https:\/\/www.dakarmania.cz\/index.php\/2020\/10\/07\/andalucia-rally-uvodni-etapu-vyhral-al-rajhi\/"},"wordCount":896,"commentCount":0,"publisher":{"@id":"https:\/\/www.dakarmania.cz\/#organization"},"image":{"@id":"https:\/\/www.dakarmania.cz\/index.php\/2020\/10\/07\/andalucia-rally-uvodni-etapu-vyhral-al-rajhi\/#primaryimage"},"thumbnailUrl":"https:\/\/www.dakarmania.cz\/wp-content\/uploads\/2020\/10\/20-andalucia-alrajhi-01.jpg","keywords":["2020","Andaluc\u00eda Rally","Andaluc\u00eda Rally 2020","Carlos Sainz","Cristina Guti\u00e9rrez","Dirk von Zitzewitz","Edouard Boulanger","Mini","Nasser Al-Attiyah","Overdrive Racing","St\u00e9phane Peterhansel","Toyota","X-raid","Yazeed Al-Rajhi"],"articleSection":["Andaluc\u00eda Rally","Auto"],"inLanguage":"cs","potentialAction":[{"@type":"CommentAction","name":"Comment","target":["https:\/\/www.dakarmania.cz\/index.php\/2020\/10\/07\/andalucia-rally-uvodni-etapu-vyhral-al-rajhi\/#respond"]}]},{"@type":"WebPage","@id":"https:\/\/www.dakarmania.cz\/index.php\/2020\/10\/07\/andalucia-rally-uvodni-etapu-vyhral-al-rajhi\/","url":"https:\/\/www.dakarmania.cz\/index.php\/2020\/10\/07\/andalucia-rally-uvodni-etapu-vyhral-al-rajhi\/","name":"Andaluc\u00eda Rally: Zkr\u00e1cenou \u00favodn\u00ed etapu vyhr\u00e1l Yazeed Al-Rajhi - DAKARMANIA.cz","isPartOf":{"@id":"https:\/\/www.dakarmania.cz\/#website"},"primaryImageOfPage":{"@id":"https:\/\/www.dakarmania.cz\/index.php\/2020\/10\/07\/andalucia-rally-uvodni-etapu-vyhral-al-rajhi\/#primaryimage"},"image":{"@id":"https:\/\/www.dakarmania.cz\/index.php\/2020\/10\/07\/andalucia-rally-uvodni-etapu-vyhral-al-rajhi\/#primaryimage"},"thumbnailUrl":"https:\/\/www.dakarmania.cz\/wp-content\/uploads\/2020\/10\/20-andalucia-alrajhi-01.jpg","datePublished":"2020-10-07T18:00:03+00:00","dateModified":"2020-10-07T21:56:33+00:00","description":"Yazeed Al-Rajhi oslavil n\u00e1vrat Dirka von Zitzewitze na m\u00edsto spolujezdce v\u00edt\u011bzstv\u00edm v prvn\u00ed etap\u011b Andalusk\u00e9 rally.","breadcrumb":{"@id":"https:\/\/www.dakarmania.cz\/index.php\/2020\/10\/07\/andalucia-rally-uvodni-etapu-vyhral-al-rajhi\/#breadcrumb"},"inLanguage":"cs","potentialAction":[{"@type":"ReadAction","target":["https:\/\/www.dakarmania.cz\/index.php\/2020\/10\/07\/andalucia-rally-uvodni-etapu-vyhral-al-rajhi\/"]}]},{"@type":"ImageObject","inLanguage":"cs","@id":"https:\/\/www.dakarmania.cz\/index.php\/2020\/10\/07\/andalucia-rally-uvodni-etapu-vyhral-al-rajhi\/#primaryimage","url":"https:\/\/www.dakarmania.cz\/wp-content\/uploads\/2020\/10\/20-andalucia-alrajhi-01.jpg","contentUrl":"https:\/\/www.dakarmania.cz\/wp-content\/uploads\/2020\/10\/20-andalucia-alrajhi-01.jpg","width":1024,"height":683,"caption":"Yazeed Al-Rajhi\/Dirk von Zitzewitz, Toyota Hilux, Overdrive SA. Andaluc\u00eda Rally 2020. \u00a9 ODC"},{"@type":"BreadcrumbList","@id":"https:\/\/www.dakarmania.cz\/index.php\/2020\/10\/07\/andalucia-rally-uvodni-etapu-vyhral-al-rajhi\/#breadcrumb","itemListElement":[{"@type":"ListItem","position":1,"name":"Dom\u016f","item":"https:\/\/www.dakarmania.cz\/"},{"@type":"ListItem","position":2,"name":"Andaluc\u00eda Rally: Zkr\u00e1cenou \u00favodn\u00ed etapu vyhr\u00e1l Yazeed Al-Rajhi"}]},{"@type":"WebSite","@id":"https:\/\/www.dakarmania.cz\/#website","url":"https:\/\/www.dakarmania.cz\/","name":"DAKARMANIA.cz","description":"\u017dijeme Dakarem cel\u00fd rok","publisher":{"@id":"https:\/\/www.dakarmania.cz\/#organization"},"potentialAction":[{"@type":"SearchAction","target":{"@type":"EntryPoint","urlTemplate":"https:\/\/www.dakarmania.cz\/?s={search_term_string}"},"query-input":{"@type":"PropertyValueSpecification","valueRequired":true,"valueName":"search_term_string"}}],"inLanguage":"cs"},{"@type":"Organization","@id":"https:\/\/www.dakarmania.cz\/#organization","name":"DAKAR MANIA","url":"https:\/\/www.dakarmania.cz\/","logo":{"@type":"ImageObject","inLanguage":"cs","@id":"https:\/\/www.dakarmania.cz\/#\/schema\/logo\/image\/","url":"https:\/\/www.dakarmania.cz\/wp-content\/uploads\/2018\/12\/Dakar-Mania-Logo-Square-Orange.png","contentUrl":"https:\/\/www.dakarmania.cz\/wp-content\/uploads\/2018\/12\/Dakar-Mania-Logo-Square-Orange.png","width":992,"height":992,"caption":"DAKAR MANIA"},"image":{"@id":"https:\/\/www.dakarmania.cz\/#\/schema\/logo\/image\/"},"sameAs":["https:\/\/www.facebook.com\/dakarmania\/"]},{"@type":"Person","@id":"https:\/\/www.dakarmania.cz\/#\/schema\/person\/04eb0e87a389631c2169c0dddae7ff1e","name":"Zden\u011bk Zelenka","image":{"@type":"ImageObject","inLanguage":"cs","@id":"https:\/\/www.dakarmania.cz\/#\/schema\/person\/image\/","url":"https:\/\/secure.gravatar.com\/avatar\/2c80d5a4942fe0900b73cc7d3837a509d6ee0a276a2b76dac95c92bd0763a89b?s=96&d=mm&r=g","contentUrl":"https:\/\/secure.gravatar.com\/avatar\/2c80d5a4942fe0900b73cc7d3837a509d6ee0a276a2b76dac95c92bd0763a89b?s=96&d=mm&r=g","caption":"Zden\u011bk Zelenka"},"description":"Moji d\u011bt\u0161t\u00ed hrdinov\u00e9 se jmenovali Loprais, Moskal, Neveu, Vatanen, Rahier... A tihle borci, jejich n\u00e1sledovn\u00edci a jejich p\u0159\u00edb\u011bhy m\u011b nep\u0159estali fascinovat ani po letech, kdy jsem vyrostl a zam\u011bstn\u00e1valy m\u011b jin\u00e9 discipl\u00edny motorsportu. Proto se zrodila DAKARMANIA.","url":"https:\/\/www.dakarmania.cz\/index.php\/author\/dakarmania\/"}]}},"amp_enabled":true,"_links":{"self":[{"href":"https:\/\/www.dakarmania.cz\/index.php\/wp-json\/wp\/v2\/posts\/16877","targetHints":{"allow":["GET"]}}],"collection":[{"href":"https:\/\/www.dakarmania.cz\/index.php\/wp-json\/wp\/v2\/posts"}],"about":[{"href":"https:\/\/www.dakarmania.cz\/index.php\/wp-json\/wp\/v2\/types\/post"}],"author":[{"embeddable":true,"href":"https:\/\/www.dakarmania.cz\/index.php\/wp-json\/wp\/v2\/users\/1"}],"replies":[{"embeddable":true,"href":"https:\/\/www.dakarmania.cz\/index.php\/wp-json\/wp\/v2\/comments?post=16877"}],"version-history":[{"count":8,"href":"https:\/\/www.dakarmania.cz\/index.php\/wp-json\/wp\/v2\/posts\/16877\/revisions"}],"predecessor-version":[{"id":16890,"href":"https:\/\/www.dakarmania.cz\/index.php\/wp-json\/wp\/v2\/posts\/16877\/revisions\/16890"}],"wp:featuredmedia":[{"embeddable":true,"href":"https:\/\/www.dakarmania.cz\/index.php\/wp-json\/wp\/v2\/media\/16874"}],"wp:attachment":[{"href":"https:\/\/www.dakarmania.cz\/index.php\/wp-json\/wp\/v2\/media?parent=16877"}],"wp:term":[{"taxonomy":"category","embeddable":true,"href":"https:\/\/www.dakarmania.cz\/index.php\/wp-json\/wp\/v2\/categories?post=16877"},{"taxonomy":"post_tag","embeddable":true,"href":"https:\/\/www.dakarmania.cz\/index.php\/wp-json\/wp\/v2\/tags?post=16877"}],"curies":[{"name":"wp","href":"https:\/\/api.w.org\/{rel}","templated":true}]}}