{"id":16907,"date":"2020-10-08T16:04:01","date_gmt":"2020-10-08T14:04:01","guid":{"rendered":"https:\/\/www.dakarmania.cz\/?p=16907"},"modified":"2020-10-08T23:33:39","modified_gmt":"2020-10-08T21:33:39","slug":"andalucia-podmol-nejrychlejsi-ve-skupine","status":"publish","type":"post","link":"https:\/\/www.dakarmania.cz\/index.php\/2020\/10\/08\/andalucia-podmol-nejrychlejsi-ve-skupine\/","title":{"rendered":"Andaluc\u00eda Rally: Podmol nejrychlej\u0161\u00ed ve skupin\u011b, Branch celkov\u011b"},"content":{"rendered":"<p>[vc_row][vc_column][vc_column_text css_animation=&#8221;fadeIn&#8221;]<\/p>\n<h3>Veden\u00ed tov\u00e1rn\u00edho t\u00fdmu Yamahy m\u00e1 d\u016fvod ke spokojenosti. V\u00fdhrou ve druh\u00e9 etap\u011b Andalusk\u00e9 rally znovu demonstroval sv\u00e9 kvality nov\u00fd rekrut Ross Branch. V souboji dvou prominentn\u00edch nov\u00e1\u010dk\u016f z\u00edskal b\u00fdval\u00fd \u0161pi\u010dkov\u00fd freestyle motokrosa\u0159 Libor Podmol poprv\u00e9 skalp endurov\u00e9ho \u0161ampiona Davida Knighta.<\/h3>\n<p>[\/vc_column_text][vc_single_image image=&#8221;16904&#8243; img_size=&#8221;large&#8221; add_caption=&#8221;yes&#8221; alignment=&#8221;center&#8221; onclick=&#8221;link_image&#8221; css_animation=&#8221;fadeIn&#8221;][vc_column_text css_animation=&#8221;fadeIn&#8221;]<a href=\"\/index.php\/souteze\/andalucia-rally-2020\/\">Andaluc\u00eda Rally 2020<\/a> pokra\u010dovala ve \u010dtvrtek 8. \u0159\u00edjna druhou etapou. \u00da\u010dastn\u00edky \u010dekalo 242 kilometr\u016f rozd\u011blen\u00fdch do dvou samostatn\u00fdch rychlostn\u00edch zkou\u0161ek. Prvn\u00ed vedla po \u00fazk\u00fdch cest\u00e1ch mezi olivovn\u00edky, druh\u00e1 kop\u00edrovala \u010d\u00e1st trati st\u0159ede\u010dn\u00ed etapy a v\u00a0otev\u0159en\u00e9 krajin\u011b se jelo o pozn\u00e1n\u00ed rychleji.<\/p>\n<p>Ross Branch naplno vyu\u017eil pozd\u011bj\u0161\u00edho startu a sv\u016fj debut v barv\u00e1ch Monster Energy Yamaha Rally Official Teamu ozdobil prvn\u00edm etapov\u00fdm v\u00edt\u011bzstv\u00edm.<\/p>\n<p>34let\u00fd Botswa\u0148an se v Andalusii seznamuje se v\u0161emi radostmi i strastmi \u017eivota tov\u00e1rn\u00edch jezdc\u016f. Po t\u0159et\u00edm \u010dase v \u00fatern\u00edm <a href=\"\/index.php\/2020\/10\/06\/andalucia-rally-sanders-se-blyskl\/\">prologu<\/a> v\u010dera prakticky po cel\u00fd den otev\u00edral tra\u0165 spole\u010dn\u011b s Tobym Pricem. Oba doplatili na n\u011bkter\u00e9 nesrovnalosti v roadbooku, kter\u00e9 museli vy\u0159e\u0161it, \u010d\u00edm\u017e ale pomohli u\u0161et\u0159it drahocenn\u00fd \u010das pozd\u011bji startuj\u00edc\u00edm soupe\u0159\u016fm. Sami vypadli z prvn\u00ed des\u00edtky.<\/p>\n<p>[\/vc_column_text][vc_single_image image=&#8221;15450&#8243; img_size=&#8221;large&#8221; add_caption=&#8221;yes&#8221; alignment=&#8221;center&#8221; onclick=&#8221;custom_link&#8221; img_link_target=&#8221;_blank&#8221; css_animation=&#8221;fadeIn&#8221; link=&#8221;http:\/\/eshop.dakarmania.cz\/&#8221;][vc_column_text css_animation=&#8221;fadeIn&#8221;]Ve \u010dtvrtek se karta obr\u00e1tila. Branch se na tra\u0165 vydal jako t\u0159in\u00e1ct\u00fd a svou v\u00fdhodu vyu\u017eil. Etapov\u00e9 vav\u0159\u00edny jej vynesly na \u010dtvrt\u00e9 m\u00edsto celkov\u00e9 klasifikace.<\/p>\n<p><em>\u201eZa\u010dal jsem klidn\u011b a sna\u017eil se vyvarovat chyb, proto\u017ee za ka\u017edou m\u016f\u017eete draze zaplatit. V\u0161echno do sebe zapadlo, motorka, navigace i m\u016fj v\u00fdkon, a d\u00edky tomu jsme vyhr\u00e1li. Je to skv\u011bl\u00fd pocit a povzbuzen\u00ed. T\u011b\u0161\u00edm se na z\u00edt\u0159ek a dal\u0161\u00ed skv\u011bl\u00fd den,\u201c<\/em> z\u00e1\u0159\u00ed spokojenost\u00ed <strong>Ross Branch<\/strong>.<\/p>\n<p>S prvn\u00ed pozic\u00ed na trati se dnes v\u00fdborn\u011b vypo\u0159\u00e1dal Kevin Benavides s tov\u00e1rn\u00ed Hondou, kter\u00fd i navzdory dvouminutov\u00e9 penalizaci za minut\u00ed kontroln\u00edho bodu udr\u017eel veden\u00ed v pr\u016fb\u011b\u017en\u00e9m hodnocen\u00ed.<\/p>\n<p>Ve vynikaj\u00edc\u00edch v\u00fdkonech pokra\u010duje tak\u00e9 Lorenzo Santolino a na druh\u00e9 p\u0159\u00ed\u010dce celkov\u011b vyst\u0159\u00eddal krajana Barredu. Jezdec tov\u00e1rn\u00ed Hondy inkasoval \u010dtrn\u00e1ctiminutovou penalizaci za proh\u0159e\u0161ky p\u0159i pr\u016fjezdu kontroln\u00edmi body a propadl se a\u017e na \u010dtrn\u00e1ctou pozici.[\/vc_column_text][vc_single_image image=&#8221;16906&#8243; img_size=&#8221;large&#8221; add_caption=&#8221;yes&#8221; alignment=&#8221;center&#8221; onclick=&#8221;link_image&#8221; css_animation=&#8221;fadeIn&#8221;][vc_column_text css_animation=&#8221;fadeIn&#8221;]V t\u00e1bo\u0159e Yamahy panuje radost nejen d\u00edky Branchov\u00fdm v\u00fdkon\u016fm. Japonsk\u00e1 zna\u010dka m\u00e1 v prvn\u00ed des\u00edtce jako jedin\u00e1 \u010dty\u0159n\u00e1sobn\u00e9 zastoupen\u00ed. Krom\u011b Branche se do top 10 po prvn\u00ed polovin\u011b sout\u011b\u017ee prosadili tak\u00e9 Adrien Van Beveren (3.), Franco Caimi (5.) a Jamie McCanney (10.).<\/p>\n<p>Nejlep\u0161\u00edm z jezdc\u016f KTM je po dvou etap\u00e1ch \u0161est\u00fd Toby Price. Australan\u016fv t\u00fdmov\u00fd kolega Sam Sunderland, jen\u017e byl po prvn\u00ed etap\u011b p\u00e1t\u00fd, m\u011bl na des\u00e1t\u00e9m kilometru nep\u0159\u00edjemn\u00fd p\u00e1d a s velk\u00fdmi bolestmi ruky se vr\u00e1til do bivaku. Vy\u0161et\u0159en\u00ed v nemocnici sice neodhalila \u017e\u00e1dnou zlomeninu, Brit v\u0161ak v sout\u011b\u017ei pokra\u010dovat nebude.<\/p>\n<p><em>\u201ePro v\u0161echny to byla dal\u0161\u00ed zr\u00e1dn\u00e1 etapa. Toby<\/em> [Price] <em>odvedl v\u00fdbornou pr\u00e1ci, zezadu se prokousal prachem a zaznamenal dobr\u00fd v\u00fdsledek. Matthias<\/em> [Walkner]<em>, Sam<\/em> [Sunderland] <em>a Daniel<\/em> [Sanders] <em>dnes spadli,\u201c<\/em> bilancuje mana\u017eer t\u00fdmu KTM <strong>Jordi Viladoms<\/strong>. <em>\u201eSam bohu\u017eel nemohl pokra\u010dovat. Na\u0161t\u011bst\u00ed nem\u00e1 nic zlomen\u00e9ho a m\u016f\u017ee pokra\u010dovat v p\u0159\u00edprav\u011b na Dakar. Sout\u011b\u017e je mnohem n\u00e1ro\u010dn\u011bj\u0161\u00ed, ne\u017e jsme si mysleli.\u201c<\/em>[\/vc_column_text][vc_single_image image=&#8221;16903&#8243; img_size=&#8221;large&#8221; add_caption=&#8221;yes&#8221; alignment=&#8221;center&#8221; onclick=&#8221;link_image&#8221; css_animation=&#8221;fadeIn&#8221;][vc_column_text css_animation=&#8221;fadeIn&#8221;]<\/p>\n<h4>Brabec nakoukl do dvac\u00edtky, Podmol \u00fato\u010d\u00ed<\/h4>\n<p>Jan Brabec uzav\u00edral v etap\u011b prvn\u00ed dvac\u00edtku elitn\u00ed kategorie Rally 2 (+17:21 min). Po \u00fatern\u00edch probl\u00e9mech a navzdory dne\u0161n\u00edmu p\u00e1du si polep\u0161il z 25. na 22. m\u00edsto.<\/p>\n<p><em>\u201eMusel jsem se prokous\u00e1vat prachem a asi ve 140 km\/h jsem nedobrzdil a zahodil to. Motorka visela na plot\u011b a j\u00e1 jsem sed\u0159enej jak k\u016f\u0148. Ale u\u017eil jsem si to,\u201c<\/em> shrnuje <strong>Jan Brabec<\/strong>.<\/p>\n<p>Libor Podmol v Andalusii pot\u0159ebuje p\u0159edev\u0161\u00edm dojet do c\u00edle, aby se kvalifikoval na lednov\u00fd Dakar, nicm\u00e9n\u011b jak\u00fdkoliv dobr\u00fd v\u00fdsledek je pro ka\u017ed\u00e9ho nov\u00e1\u010dka dal\u0161\u00edm povzbuzen\u00edm. A zvl\u00e1\u0161\u0165 pokud se jedn\u00e1 o jezdce, kter\u00fd v jin\u00e9 discipl\u00edn\u011b p\u0159\u00edslu\u0161el do absolutn\u00ed \u0161pi\u010dky.[\/vc_column_text][vc_single_image image=&#8221;16905&#8243; img_size=&#8221;large&#8221; add_caption=&#8221;yes&#8221; alignment=&#8221;center&#8221; onclick=&#8221;link_image&#8221; css_animation=&#8221;fadeIn&#8221;][vc_column_text css_animation=&#8221;fadeIn&#8221;]Z tohoto pohledu je velmi zaj\u00edmav\u00e9 srovn\u00e1n\u00ed jezdce t\u00fdmu Orion \u2013 Moto Racing Group s dal\u0161\u00edm zelen\u00e1\u010dem ve sv\u011bt\u011b cross-country rally Davidem Knightem, jen\u017e m\u00e1 na sv\u00e9m kont\u011b t\u0159i tituly mistra sv\u011bta. \u201eKnighter\u201c ovl\u00e1dl hodnocen\u00ed skupiny Rally 2 Moto jak p\u0159i prologu, tak v prvn\u00ed etap\u011b, ale dnes na Podmola nesta\u010dil.<\/p>\n<p>\u010cesk\u00fd z\u00e1vodn\u00edk byl tentokr\u00e1t v Rally 2 Moto nejrychlej\u0161\u00ed a v celkov\u00e9m sou\u010dtu se posunul na druhou p\u0159\u00ed\u010dku p\u0159ed Francouze Camille Chapeli\u00e8ra. Z Knightova n\u00e1skoku umazal v\u00edce ne\u017e p\u011bt a t\u0159i \u010dtvrt\u011b minuty. P\u0159ed dv\u011bma z\u00e1v\u011bre\u010dn\u00fdmi dny sout\u011b\u017ee d\u011bl\u00ed dvojici necel\u00fdch deset minut.<\/p>\n<h3>Podrobn\u00e9 ohl\u00e9dnut\u00ed za Andaluc\u00eda Rally, kompletn\u00ed p\u0159ehled nejd\u016fle\u017eit\u011bj\u0161\u00edch ud\u00e1lost\u00ed neobvykl\u00e9 sezony 2020, novinky ze z\u00e1kulis\u00ed jednotliv\u00fdch t\u00fdm\u016f p\u0159ed Dakarem 2021, unik\u00e1tn\u00ed a rozs\u00e1hl\u00e9 sondy do dakarsk\u00e9 historie, zaj\u00edmav\u00e9 rozhovory a spoustu dal\u0161\u00edho origin\u00e1ln\u00edho dakarsk\u00e9ho \u010dten\u00ed najdete na 160 stran\u00e1ch <a href=\"http:\/\/eshop.dakarmania.cz\/dm-2\/\" target=\"_blank\" rel=\"noopener noreferrer\">druh\u00e9ho \u010d\u00edsla ti\u0161t\u011bn\u00e9ho magaz\u00ednu DAKARMANIA<\/a>. Vych\u00e1z\u00ed 1. prosince!<\/h3>\n<p>[\/vc_column_text][vc_empty_space height=&#8221;2px&#8221;][vc_btn title=&#8221;Andaluc\u00eda Rally 2020 &#8211; MOTO po 2. etap\u011b (Rally GP)&#8221; style=&#8221;outline&#8221; shape=&#8221;square&#8221; color=&#8221;warning&#8221; size=&#8221;sm&#8221; align=&#8221;center&#8221; i_icon_fontawesome=&#8221;fa fa-file-pdf-o&#8221; css_animation=&#8221;fadeIn&#8221; button_block=&#8221;true&#8221; add_icon=&#8221;true&#8221; link=&#8221;url:%2Fwp-content%2Fuploads%2F2020%2F10%2F2020-andalucia-rallygp-after-leg2-v02.pdf||target:%20_blank|&#8221;][vc_btn title=&#8221;Andaluc\u00eda Rally 2020 &#8211; MOTO po 2. etap\u011b (Rally 2)&#8221; style=&#8221;outline&#8221; shape=&#8221;square&#8221; color=&#8221;warning&#8221; size=&#8221;sm&#8221; align=&#8221;center&#8221; i_icon_fontawesome=&#8221;fa fa-file-pdf-o&#8221; css_animation=&#8221;fadeIn&#8221; button_block=&#8221;true&#8221; add_icon=&#8221;true&#8221; link=&#8221;url:%2Fwp-content%2Fuploads%2F2020%2F10%2F2020-andalucia-rally2-after-leg2-v02.pdf||target:%20_blank|&#8221;][\/vc_column][\/vc_row]<\/p>\n","protected":false},"excerpt":{"rendered":"<p>V souboji dvou prominentn\u00edch nov\u00e1\u010dk\u016f z\u00edskal b\u00fdval\u00fd \u0161pi\u010dkov\u00fd freestyle motokrosa\u0159 Libor Podmol poprv\u00e9 skalp endurov\u00e9ho \u0161ampiona Davida Knighta.<\/p>\n","protected":false},"author":1,"featured_media":16905,"comment_status":"open","ping_status":"closed","sticky":false,"template":"","format":"standard","meta":{"footnotes":""},"categories":[1751,15],"tags":[903,1752,1753,1775,1776,1772,924,129,923,64,110,761,230,63,1637,926,74,75,823,225,152,126,153,168,784,1774],"class_list":["post-16907","post","type-post","status-publish","format-standard","has-post-thumbnail","hentry","category-andalucia-rally","category-moto-quad","tag-903","tag-andalucia-rally","tag-andalucia-rally-2020","tag-andrien-van-beveren","tag-camille-chapeliere","tag-david-knight","tag-franco-caimi","tag-honda","tag-honda-racing","tag-husqvarna","tag-jan-brabec","tag-joan-barreda","tag-kevin-benavides","tag-ktm","tag-libor-podmol","tag-lorenzo-santolino","tag-moto-racing-group","tag-mrg","tag-ross-branch","tag-sam-sunderland","tag-sherco","tag-toby-price","tag-tvs-racing","tag-yamaha","tag-yamaha-racing","tag-yamaha-rally-official-team"],"yoast_head":"<!-- This site is optimized with the Yoast SEO plugin v24.9 - https:\/\/yoast.com\/wordpress\/plugins\/seo\/ -->\n<title>Andaluc\u00eda Rally: Podmol nejrychlej\u0161\u00ed ve skupin\u011b, Branch celkov\u011b - DAKARMANIA.cz<\/title>\n<meta name=\"description\" content=\"V souboji dvou prominentn\u00edch nov\u00e1\u010dk\u016f z\u00edskal b\u00fdval\u00fd \u0161pi\u010dkov\u00fd freestyle motokrosa\u0159 Libor Podmol poprv\u00e9 skalp endurov\u00e9ho \u0161ampiona Davida Knighta.\" \/>\n<meta name=\"robots\" content=\"index, follow, max-snippet:-1, max-image-preview:large, max-video-preview:-1\" \/>\n<link rel=\"canonical\" href=\"https:\/\/www.dakarmania.cz\/index.php\/2020\/10\/08\/andalucia-podmol-nejrychlejsi-ve-skupine\/\" \/>\n<meta property=\"og:locale\" content=\"cs_CZ\" \/>\n<meta property=\"og:type\" content=\"article\" \/>\n<meta property=\"og:title\" content=\"Andaluc\u00eda Rally: Podmol nejrychlej\u0161\u00ed ve skupin\u011b, Branch celkov\u011b - DAKARMANIA.cz\" \/>\n<meta property=\"og:description\" content=\"V souboji dvou prominentn\u00edch nov\u00e1\u010dk\u016f z\u00edskal b\u00fdval\u00fd \u0161pi\u010dkov\u00fd freestyle motokrosa\u0159 Libor Podmol poprv\u00e9 skalp endurov\u00e9ho \u0161ampiona Davida Knighta.\" \/>\n<meta property=\"og:url\" content=\"https:\/\/www.dakarmania.cz\/index.php\/2020\/10\/08\/andalucia-podmol-nejrychlejsi-ve-skupine\/\" \/>\n<meta property=\"og:site_name\" content=\"DAKARMANIA.cz\" \/>\n<meta property=\"article:publisher\" content=\"https:\/\/www.facebook.com\/dakarmania\/\" \/>\n<meta property=\"article:published_time\" content=\"2020-10-08T14:04:01+00:00\" \/>\n<meta property=\"article:modified_time\" content=\"2020-10-08T21:33:39+00:00\" \/>\n<meta property=\"og:image\" content=\"https:\/\/www.dakarmania.cz\/wp-content\/uploads\/2020\/10\/20-andalucia-podmol-02.jpg\" \/>\n\t<meta property=\"og:image:width\" content=\"1440\" \/>\n\t<meta property=\"og:image:height\" content=\"960\" \/>\n\t<meta property=\"og:image:type\" content=\"image\/jpeg\" \/>\n<meta name=\"author\" content=\"Zden\u011bk Zelenka\" \/>\n<meta name=\"twitter:card\" content=\"summary_large_image\" \/>\n<meta name=\"twitter:label1\" content=\"Napsal(a)\" \/>\n\t<meta name=\"twitter:data1\" content=\"Zden\u011bk Zelenka\" \/>\n\t<meta name=\"twitter:label2\" content=\"Odhadovan\u00e1 doba \u010dten\u00ed\" \/>\n\t<meta name=\"twitter:data2\" content=\"6 minut\" \/>\n<script type=\"application\/ld+json\" class=\"yoast-schema-graph\">{\"@context\":\"https:\/\/schema.org\",\"@graph\":[{\"@type\":\"Article\",\"@id\":\"https:\/\/www.dakarmania.cz\/index.php\/2020\/10\/08\/andalucia-podmol-nejrychlejsi-ve-skupine\/#article\",\"isPartOf\":{\"@id\":\"https:\/\/www.dakarmania.cz\/index.php\/2020\/10\/08\/andalucia-podmol-nejrychlejsi-ve-skupine\/\"},\"author\":{\"name\":\"Zden\u011bk Zelenka\",\"@id\":\"https:\/\/www.dakarmania.cz\/#\/schema\/person\/04eb0e87a389631c2169c0dddae7ff1e\"},\"headline\":\"Andaluc\u00eda Rally: Podmol nejrychlej\u0161\u00ed ve skupin\u011b, Branch celkov\u011b\",\"datePublished\":\"2020-10-08T14:04:01+00:00\",\"dateModified\":\"2020-10-08T21:33:39+00:00\",\"mainEntityOfPage\":{\"@id\":\"https:\/\/www.dakarmania.cz\/index.php\/2020\/10\/08\/andalucia-podmol-nejrychlejsi-ve-skupine\/\"},\"wordCount\":1176,\"commentCount\":0,\"publisher\":{\"@id\":\"https:\/\/www.dakarmania.cz\/#organization\"},\"image\":{\"@id\":\"https:\/\/www.dakarmania.cz\/index.php\/2020\/10\/08\/andalucia-podmol-nejrychlejsi-ve-skupine\/#primaryimage\"},\"thumbnailUrl\":\"https:\/\/www.dakarmania.cz\/wp-content\/uploads\/2020\/10\/20-andalucia-podmol-02.jpg\",\"keywords\":[\"2020\",\"Andaluc\u00eda Rally\",\"Andaluc\u00eda Rally 2020\",\"Andrien Van Beveren\",\"Camille Chapeli\u00e8re\",\"David Knight\",\"Franco Caimi\",\"Honda\",\"Honda Racing\",\"Husqvarna\",\"Jan Brabec\",\"Joan Barreda\",\"Kevin Benavides\",\"KTM\",\"Libor Podmol\",\"Lorenzo Santolino\",\"Moto Racing Group\",\"MRG\",\"Ross Branch\",\"Sam Sunderland\",\"Sherco\",\"Toby Price\",\"TVS Racing\",\"Yamaha\",\"Yamaha Racing\",\"Yamaha Rally Official Team\"],\"articleSection\":[\"Andaluc\u00eda Rally\",\"Moto\/Quad\"],\"inLanguage\":\"cs\",\"potentialAction\":[{\"@type\":\"CommentAction\",\"name\":\"Comment\",\"target\":[\"https:\/\/www.dakarmania.cz\/index.php\/2020\/10\/08\/andalucia-podmol-nejrychlejsi-ve-skupine\/#respond\"]}]},{\"@type\":\"WebPage\",\"@id\":\"https:\/\/www.dakarmania.cz\/index.php\/2020\/10\/08\/andalucia-podmol-nejrychlejsi-ve-skupine\/\",\"url\":\"https:\/\/www.dakarmania.cz\/index.php\/2020\/10\/08\/andalucia-podmol-nejrychlejsi-ve-skupine\/\",\"name\":\"Andaluc\u00eda Rally: Podmol nejrychlej\u0161\u00ed ve skupin\u011b, Branch celkov\u011b - DAKARMANIA.cz\",\"isPartOf\":{\"@id\":\"https:\/\/www.dakarmania.cz\/#website\"},\"primaryImageOfPage\":{\"@id\":\"https:\/\/www.dakarmania.cz\/index.php\/2020\/10\/08\/andalucia-podmol-nejrychlejsi-ve-skupine\/#primaryimage\"},\"image\":{\"@id\":\"https:\/\/www.dakarmania.cz\/index.php\/2020\/10\/08\/andalucia-podmol-nejrychlejsi-ve-skupine\/#primaryimage\"},\"thumbnailUrl\":\"https:\/\/www.dakarmania.cz\/wp-content\/uploads\/2020\/10\/20-andalucia-podmol-02.jpg\",\"datePublished\":\"2020-10-08T14:04:01+00:00\",\"dateModified\":\"2020-10-08T21:33:39+00:00\",\"description\":\"V souboji dvou prominentn\u00edch nov\u00e1\u010dk\u016f z\u00edskal b\u00fdval\u00fd \u0161pi\u010dkov\u00fd freestyle motokrosa\u0159 Libor Podmol poprv\u00e9 skalp endurov\u00e9ho \u0161ampiona Davida Knighta.\",\"breadcrumb\":{\"@id\":\"https:\/\/www.dakarmania.cz\/index.php\/2020\/10\/08\/andalucia-podmol-nejrychlejsi-ve-skupine\/#breadcrumb\"},\"inLanguage\":\"cs\",\"potentialAction\":[{\"@type\":\"ReadAction\",\"target\":[\"https:\/\/www.dakarmania.cz\/index.php\/2020\/10\/08\/andalucia-podmol-nejrychlejsi-ve-skupine\/\"]}]},{\"@type\":\"ImageObject\",\"inLanguage\":\"cs\",\"@id\":\"https:\/\/www.dakarmania.cz\/index.php\/2020\/10\/08\/andalucia-podmol-nejrychlejsi-ve-skupine\/#primaryimage\",\"url\":\"https:\/\/www.dakarmania.cz\/wp-content\/uploads\/2020\/10\/20-andalucia-podmol-02.jpg\",\"contentUrl\":\"https:\/\/www.dakarmania.cz\/wp-content\/uploads\/2020\/10\/20-andalucia-podmol-02.jpg\",\"width\":1440,\"height\":960,\"caption\":\"Libor Podmol, Husqvarna 450 RR, Orion - MRG. Andaluc\u00eda Rally 2020. \u00a9 PR L. Podmola\"},{\"@type\":\"BreadcrumbList\",\"@id\":\"https:\/\/www.dakarmania.cz\/index.php\/2020\/10\/08\/andalucia-podmol-nejrychlejsi-ve-skupine\/#breadcrumb\",\"itemListElement\":[{\"@type\":\"ListItem\",\"position\":1,\"name\":\"Dom\u016f\",\"item\":\"https:\/\/www.dakarmania.cz\/\"},{\"@type\":\"ListItem\",\"position\":2,\"name\":\"Andaluc\u00eda Rally: Podmol nejrychlej\u0161\u00ed ve skupin\u011b, Branch celkov\u011b\"}]},{\"@type\":\"WebSite\",\"@id\":\"https:\/\/www.dakarmania.cz\/#website\",\"url\":\"https:\/\/www.dakarmania.cz\/\",\"name\":\"DAKARMANIA.cz\",\"description\":\"\u017dijeme Dakarem cel\u00fd rok\",\"publisher\":{\"@id\":\"https:\/\/www.dakarmania.cz\/#organization\"},\"potentialAction\":[{\"@type\":\"SearchAction\",\"target\":{\"@type\":\"EntryPoint\",\"urlTemplate\":\"https:\/\/www.dakarmania.cz\/?s={search_term_string}\"},\"query-input\":{\"@type\":\"PropertyValueSpecification\",\"valueRequired\":true,\"valueName\":\"search_term_string\"}}],\"inLanguage\":\"cs\"},{\"@type\":\"Organization\",\"@id\":\"https:\/\/www.dakarmania.cz\/#organization\",\"name\":\"DAKAR MANIA\",\"url\":\"https:\/\/www.dakarmania.cz\/\",\"logo\":{\"@type\":\"ImageObject\",\"inLanguage\":\"cs\",\"@id\":\"https:\/\/www.dakarmania.cz\/#\/schema\/logo\/image\/\",\"url\":\"https:\/\/www.dakarmania.cz\/wp-content\/uploads\/2018\/12\/Dakar-Mania-Logo-Square-Orange.png\",\"contentUrl\":\"https:\/\/www.dakarmania.cz\/wp-content\/uploads\/2018\/12\/Dakar-Mania-Logo-Square-Orange.png\",\"width\":992,\"height\":992,\"caption\":\"DAKAR MANIA\"},\"image\":{\"@id\":\"https:\/\/www.dakarmania.cz\/#\/schema\/logo\/image\/\"},\"sameAs\":[\"https:\/\/www.facebook.com\/dakarmania\/\"]},{\"@type\":\"Person\",\"@id\":\"https:\/\/www.dakarmania.cz\/#\/schema\/person\/04eb0e87a389631c2169c0dddae7ff1e\",\"name\":\"Zden\u011bk Zelenka\",\"image\":{\"@type\":\"ImageObject\",\"inLanguage\":\"cs\",\"@id\":\"https:\/\/www.dakarmania.cz\/#\/schema\/person\/image\/\",\"url\":\"https:\/\/secure.gravatar.com\/avatar\/2c80d5a4942fe0900b73cc7d3837a509d6ee0a276a2b76dac95c92bd0763a89b?s=96&d=mm&r=g\",\"contentUrl\":\"https:\/\/secure.gravatar.com\/avatar\/2c80d5a4942fe0900b73cc7d3837a509d6ee0a276a2b76dac95c92bd0763a89b?s=96&d=mm&r=g\",\"caption\":\"Zden\u011bk Zelenka\"},\"description\":\"Moji d\u011bt\u0161t\u00ed hrdinov\u00e9 se jmenovali Loprais, Moskal, Neveu, Vatanen, Rahier... A tihle borci, jejich n\u00e1sledovn\u00edci a jejich p\u0159\u00edb\u011bhy m\u011b nep\u0159estali fascinovat ani po letech, kdy jsem vyrostl a zam\u011bstn\u00e1valy m\u011b jin\u00e9 discipl\u00edny motorsportu. Proto se zrodila DAKARMANIA.\",\"url\":\"https:\/\/www.dakarmania.cz\/index.php\/author\/dakarmania\/\"}]}<\/script>\n<!-- \/ Yoast SEO plugin. -->","yoast_head_json":{"title":"Andaluc\u00eda Rally: Podmol nejrychlej\u0161\u00ed ve skupin\u011b, Branch celkov\u011b - DAKARMANIA.cz","description":"V souboji dvou prominentn\u00edch nov\u00e1\u010dk\u016f z\u00edskal b\u00fdval\u00fd \u0161pi\u010dkov\u00fd freestyle motokrosa\u0159 Libor Podmol poprv\u00e9 skalp endurov\u00e9ho \u0161ampiona Davida Knighta.","robots":{"index":"index","follow":"follow","max-snippet":"max-snippet:-1","max-image-preview":"max-image-preview:large","max-video-preview":"max-video-preview:-1"},"canonical":"https:\/\/www.dakarmania.cz\/index.php\/2020\/10\/08\/andalucia-podmol-nejrychlejsi-ve-skupine\/","og_locale":"cs_CZ","og_type":"article","og_title":"Andaluc\u00eda Rally: Podmol nejrychlej\u0161\u00ed ve skupin\u011b, Branch celkov\u011b - DAKARMANIA.cz","og_description":"V souboji dvou prominentn\u00edch nov\u00e1\u010dk\u016f z\u00edskal b\u00fdval\u00fd \u0161pi\u010dkov\u00fd freestyle motokrosa\u0159 Libor Podmol poprv\u00e9 skalp endurov\u00e9ho \u0161ampiona Davida Knighta.","og_url":"https:\/\/www.dakarmania.cz\/index.php\/2020\/10\/08\/andalucia-podmol-nejrychlejsi-ve-skupine\/","og_site_name":"DAKARMANIA.cz","article_publisher":"https:\/\/www.facebook.com\/dakarmania\/","article_published_time":"2020-10-08T14:04:01+00:00","article_modified_time":"2020-10-08T21:33:39+00:00","og_image":[{"width":1440,"height":960,"url":"https:\/\/www.dakarmania.cz\/wp-content\/uploads\/2020\/10\/20-andalucia-podmol-02.jpg","type":"image\/jpeg"}],"author":"Zden\u011bk Zelenka","twitter_card":"summary_large_image","twitter_misc":{"Napsal(a)":"Zden\u011bk Zelenka","Odhadovan\u00e1 doba \u010dten\u00ed":"6 minut"},"schema":{"@context":"https:\/\/schema.org","@graph":[{"@type":"Article","@id":"https:\/\/www.dakarmania.cz\/index.php\/2020\/10\/08\/andalucia-podmol-nejrychlejsi-ve-skupine\/#article","isPartOf":{"@id":"https:\/\/www.dakarmania.cz\/index.php\/2020\/10\/08\/andalucia-podmol-nejrychlejsi-ve-skupine\/"},"author":{"name":"Zden\u011bk Zelenka","@id":"https:\/\/www.dakarmania.cz\/#\/schema\/person\/04eb0e87a389631c2169c0dddae7ff1e"},"headline":"Andaluc\u00eda Rally: Podmol nejrychlej\u0161\u00ed ve skupin\u011b, Branch celkov\u011b","datePublished":"2020-10-08T14:04:01+00:00","dateModified":"2020-10-08T21:33:39+00:00","mainEntityOfPage":{"@id":"https:\/\/www.dakarmania.cz\/index.php\/2020\/10\/08\/andalucia-podmol-nejrychlejsi-ve-skupine\/"},"wordCount":1176,"commentCount":0,"publisher":{"@id":"https:\/\/www.dakarmania.cz\/#organization"},"image":{"@id":"https:\/\/www.dakarmania.cz\/index.php\/2020\/10\/08\/andalucia-podmol-nejrychlejsi-ve-skupine\/#primaryimage"},"thumbnailUrl":"https:\/\/www.dakarmania.cz\/wp-content\/uploads\/2020\/10\/20-andalucia-podmol-02.jpg","keywords":["2020","Andaluc\u00eda Rally","Andaluc\u00eda Rally 2020","Andrien Van Beveren","Camille Chapeli\u00e8re","David Knight","Franco Caimi","Honda","Honda Racing","Husqvarna","Jan Brabec","Joan Barreda","Kevin Benavides","KTM","Libor Podmol","Lorenzo Santolino","Moto Racing Group","MRG","Ross Branch","Sam Sunderland","Sherco","Toby Price","TVS Racing","Yamaha","Yamaha Racing","Yamaha Rally Official Team"],"articleSection":["Andaluc\u00eda Rally","Moto\/Quad"],"inLanguage":"cs","potentialAction":[{"@type":"CommentAction","name":"Comment","target":["https:\/\/www.dakarmania.cz\/index.php\/2020\/10\/08\/andalucia-podmol-nejrychlejsi-ve-skupine\/#respond"]}]},{"@type":"WebPage","@id":"https:\/\/www.dakarmania.cz\/index.php\/2020\/10\/08\/andalucia-podmol-nejrychlejsi-ve-skupine\/","url":"https:\/\/www.dakarmania.cz\/index.php\/2020\/10\/08\/andalucia-podmol-nejrychlejsi-ve-skupine\/","name":"Andaluc\u00eda Rally: Podmol nejrychlej\u0161\u00ed ve skupin\u011b, Branch celkov\u011b - DAKARMANIA.cz","isPartOf":{"@id":"https:\/\/www.dakarmania.cz\/#website"},"primaryImageOfPage":{"@id":"https:\/\/www.dakarmania.cz\/index.php\/2020\/10\/08\/andalucia-podmol-nejrychlejsi-ve-skupine\/#primaryimage"},"image":{"@id":"https:\/\/www.dakarmania.cz\/index.php\/2020\/10\/08\/andalucia-podmol-nejrychlejsi-ve-skupine\/#primaryimage"},"thumbnailUrl":"https:\/\/www.dakarmania.cz\/wp-content\/uploads\/2020\/10\/20-andalucia-podmol-02.jpg","datePublished":"2020-10-08T14:04:01+00:00","dateModified":"2020-10-08T21:33:39+00:00","description":"V souboji dvou prominentn\u00edch nov\u00e1\u010dk\u016f z\u00edskal b\u00fdval\u00fd \u0161pi\u010dkov\u00fd freestyle motokrosa\u0159 Libor Podmol poprv\u00e9 skalp endurov\u00e9ho \u0161ampiona Davida Knighta.","breadcrumb":{"@id":"https:\/\/www.dakarmania.cz\/index.php\/2020\/10\/08\/andalucia-podmol-nejrychlejsi-ve-skupine\/#breadcrumb"},"inLanguage":"cs","potentialAction":[{"@type":"ReadAction","target":["https:\/\/www.dakarmania.cz\/index.php\/2020\/10\/08\/andalucia-podmol-nejrychlejsi-ve-skupine\/"]}]},{"@type":"ImageObject","inLanguage":"cs","@id":"https:\/\/www.dakarmania.cz\/index.php\/2020\/10\/08\/andalucia-podmol-nejrychlejsi-ve-skupine\/#primaryimage","url":"https:\/\/www.dakarmania.cz\/wp-content\/uploads\/2020\/10\/20-andalucia-podmol-02.jpg","contentUrl":"https:\/\/www.dakarmania.cz\/wp-content\/uploads\/2020\/10\/20-andalucia-podmol-02.jpg","width":1440,"height":960,"caption":"Libor Podmol, Husqvarna 450 RR, Orion - MRG. Andaluc\u00eda Rally 2020. \u00a9 PR L. Podmola"},{"@type":"BreadcrumbList","@id":"https:\/\/www.dakarmania.cz\/index.php\/2020\/10\/08\/andalucia-podmol-nejrychlejsi-ve-skupine\/#breadcrumb","itemListElement":[{"@type":"ListItem","position":1,"name":"Dom\u016f","item":"https:\/\/www.dakarmania.cz\/"},{"@type":"ListItem","position":2,"name":"Andaluc\u00eda Rally: Podmol nejrychlej\u0161\u00ed ve skupin\u011b, Branch celkov\u011b"}]},{"@type":"WebSite","@id":"https:\/\/www.dakarmania.cz\/#website","url":"https:\/\/www.dakarmania.cz\/","name":"DAKARMANIA.cz","description":"\u017dijeme Dakarem cel\u00fd rok","publisher":{"@id":"https:\/\/www.dakarmania.cz\/#organization"},"potentialAction":[{"@type":"SearchAction","target":{"@type":"EntryPoint","urlTemplate":"https:\/\/www.dakarmania.cz\/?s={search_term_string}"},"query-input":{"@type":"PropertyValueSpecification","valueRequired":true,"valueName":"search_term_string"}}],"inLanguage":"cs"},{"@type":"Organization","@id":"https:\/\/www.dakarmania.cz\/#organization","name":"DAKAR MANIA","url":"https:\/\/www.dakarmania.cz\/","logo":{"@type":"ImageObject","inLanguage":"cs","@id":"https:\/\/www.dakarmania.cz\/#\/schema\/logo\/image\/","url":"https:\/\/www.dakarmania.cz\/wp-content\/uploads\/2018\/12\/Dakar-Mania-Logo-Square-Orange.png","contentUrl":"https:\/\/www.dakarmania.cz\/wp-content\/uploads\/2018\/12\/Dakar-Mania-Logo-Square-Orange.png","width":992,"height":992,"caption":"DAKAR MANIA"},"image":{"@id":"https:\/\/www.dakarmania.cz\/#\/schema\/logo\/image\/"},"sameAs":["https:\/\/www.facebook.com\/dakarmania\/"]},{"@type":"Person","@id":"https:\/\/www.dakarmania.cz\/#\/schema\/person\/04eb0e87a389631c2169c0dddae7ff1e","name":"Zden\u011bk Zelenka","image":{"@type":"ImageObject","inLanguage":"cs","@id":"https:\/\/www.dakarmania.cz\/#\/schema\/person\/image\/","url":"https:\/\/secure.gravatar.com\/avatar\/2c80d5a4942fe0900b73cc7d3837a509d6ee0a276a2b76dac95c92bd0763a89b?s=96&d=mm&r=g","contentUrl":"https:\/\/secure.gravatar.com\/avatar\/2c80d5a4942fe0900b73cc7d3837a509d6ee0a276a2b76dac95c92bd0763a89b?s=96&d=mm&r=g","caption":"Zden\u011bk Zelenka"},"description":"Moji d\u011bt\u0161t\u00ed hrdinov\u00e9 se jmenovali Loprais, Moskal, Neveu, Vatanen, Rahier... A tihle borci, jejich n\u00e1sledovn\u00edci a jejich p\u0159\u00edb\u011bhy m\u011b nep\u0159estali fascinovat ani po letech, kdy jsem vyrostl a zam\u011bstn\u00e1valy m\u011b jin\u00e9 discipl\u00edny motorsportu. Proto se zrodila DAKARMANIA.","url":"https:\/\/www.dakarmania.cz\/index.php\/author\/dakarmania\/"}]}},"amp_enabled":true,"_links":{"self":[{"href":"https:\/\/www.dakarmania.cz\/index.php\/wp-json\/wp\/v2\/posts\/16907","targetHints":{"allow":["GET"]}}],"collection":[{"href":"https:\/\/www.dakarmania.cz\/index.php\/wp-json\/wp\/v2\/posts"}],"about":[{"href":"https:\/\/www.dakarmania.cz\/index.php\/wp-json\/wp\/v2\/types\/post"}],"author":[{"embeddable":true,"href":"https:\/\/www.dakarmania.cz\/index.php\/wp-json\/wp\/v2\/users\/1"}],"replies":[{"embeddable":true,"href":"https:\/\/www.dakarmania.cz\/index.php\/wp-json\/wp\/v2\/comments?post=16907"}],"version-history":[{"count":5,"href":"https:\/\/www.dakarmania.cz\/index.php\/wp-json\/wp\/v2\/posts\/16907\/revisions"}],"predecessor-version":[{"id":16923,"href":"https:\/\/www.dakarmania.cz\/index.php\/wp-json\/wp\/v2\/posts\/16907\/revisions\/16923"}],"wp:featuredmedia":[{"embeddable":true,"href":"https:\/\/www.dakarmania.cz\/index.php\/wp-json\/wp\/v2\/media\/16905"}],"wp:attachment":[{"href":"https:\/\/www.dakarmania.cz\/index.php\/wp-json\/wp\/v2\/media?parent=16907"}],"wp:term":[{"taxonomy":"category","embeddable":true,"href":"https:\/\/www.dakarmania.cz\/index.php\/wp-json\/wp\/v2\/categories?post=16907"},{"taxonomy":"post_tag","embeddable":true,"href":"https:\/\/www.dakarmania.cz\/index.php\/wp-json\/wp\/v2\/tags?post=16907"}],"curies":[{"name":"wp","href":"https:\/\/api.w.org\/{rel}","templated":true}]}}