{"id":16914,"date":"2020-10-08T18:44:34","date_gmt":"2020-10-08T16:44:34","guid":{"rendered":"https:\/\/www.dakarmania.cz\/?p=16914"},"modified":"2020-10-08T18:45:13","modified_gmt":"2020-10-08T16:45:13","slug":"macik-hleda-duny","status":"publish","type":"post","link":"https:\/\/www.dakarmania.cz\/index.php\/2020\/10\/08\/macik-hleda-duny\/","title":{"rendered":"Mac\u00edk o v\u00edkendu odstartuje do Baja Drawsko a hled\u00e1 duny"},"content":{"rendered":"<p>[vc_row][vc_column][vc_column_text css_animation=&#8221;fadeIn&#8221;]<\/p>\n<h3>P\u0159\u00edpravy t\u00fdmu Big Shock! Racing na Dakar 2021 jsou v pln\u00e9m proudu. Z\u00e1vodn\u00ed kamion Iveco dostal automatickou p\u0159evodovku a pro\u0161el \u0159adou pl\u00e1novan\u00fdch technick\u00fdch vylep\u0161en\u00ed, o kter\u00e1 se postarali mechanici v sedl\u010dansk\u00fdch d\u00edln\u00e1ch. Pos\u00e1dka Martin Mac\u00edk, Franti\u0161ek Tom\u00e1\u0161ek, David \u0160vanda si upraven\u00fd stroj u\u017e vyzkou\u0161ela v z\u00e1vodn\u00edm tempu b\u011bhem Baja Poland a v Drawsku si zaz\u00e1vod\u00ed tak\u00e9 tento v\u00edkend (9. a 10. \u0159\u00edjna).<\/h3>\n<p>[\/vc_column_text][vc_single_image image=&#8221;16913&#8243; img_size=&#8221;large&#8221; add_caption=&#8221;yes&#8221; alignment=&#8221;center&#8221; onclick=&#8221;link_image&#8221; css_animation=&#8221;fadeIn&#8221;][vc_column_text css_animation=&#8221;fadeIn&#8221;]Podle p\u016fvodn\u00edch pl\u00e1n\u016f m\u011bla b\u00fdt dal\u0161\u00ed sou\u010d\u00e1st\u00ed p\u0159\u00edprav Rallye du Maroc. Z\u00e1vod byl ale z bezpe\u010dnostn\u00edch d\u016fvod\u016f spojen\u00fdch s koronavirem zru\u0161en, respektive nahrazen <a href=\"\/index.php\/souteze\/andalucia-rally-2020\/\">Andaluc\u00eda Rally<\/a>. Ve startovn\u00edch listin\u00e1ch \u0161pan\u011blsk\u00e9 rally v\u0161ak chyb\u00ed kategorie kamion\u016f. Proto se \u017elut\u00fd speci\u00e1l t\u00fdmu Big Shock! Racing v p\u00e1tek 9. \u0159\u00edjna rozjede na tr\u00e9nink v r\u00e1mci polsk\u00e9ho z\u00e1vodu Baja Drawsko.<\/p>\n<p>Nen\u00ed to prvn\u00ed zm\u011bna v leto\u0161n\u00ed divok\u00e9 sez\u00f3n\u011b, pln\u00e9 ne\u010dekan\u00fdch ud\u00e1lost\u00ed. \u010clenov\u00e9 t\u00fdmu Big Shock! Racing jsou p\u0159esto p\u0159esv\u011bd\u010den\u00ed, \u017ee se 3. ledna v sa\u00fadskoarabsk\u00e9 D\u017eidd\u011b postav\u00ed na start dal\u0161\u00edho Dakaru. A budou dob\u0159e p\u0159ipraven\u00ed. Sc\u00e9n\u00e1\u0159\u016f, jak budou posledn\u00ed t\u0159i m\u011bs\u00edce zb\u00fdvaj\u00edc\u00ed do startu p\u0159\u00ed\u0161t\u00edho ro\u010dn\u00edku legend\u00e1rn\u00edho z\u00e1vodu prob\u00edhat, je n\u011bkolik a z\u016fst\u00e1v\u00e1 v nich st\u00e1le p\u00e1r nezn\u00e1m\u00fdch.<\/p>\n<h4>Hled\u00e1me duny<\/h4>\n<p>Proto\u017ee zru\u0161en\u00e1 Rallye du Maroc m\u011bla pomoci pos\u00e1dce s\u017e\u00edt se s automatickou p\u0159evodovkou v dun\u00e1ch, bylo t\u0159eba rychle naj\u00edt jin\u00e9 p\u00edse\u010dn\u00e9 ter\u00e9ny. To v aktu\u00e1ln\u00ed situaci nebylo \u00fapln\u011b snadn\u00e9. Volba nakonec padla na El Chott \u2013 Rallye de Tunisie. Do dev\u00edtidenn\u00edho z\u00e1vodu, vedouc\u00edho saharskou pou\u0161t\u00ed, m\u011bl t\u00fdmov\u00fd kamion Iveco pilotovan\u00fd osv\u011bd\u010denou pos\u00e1dkou odstartovat u\u017e 25. \u0159\u00edjna. Dnes jsme se ale dozv\u011bd\u011bli, \u017ee je rally zru\u0161ena. Proto hled\u00e1n\u00ed dostupn\u00fdch dun d\u00e1le pokra\u010duje.[\/vc_column_text][vc_single_image image=&#8221;15450&#8243; img_size=&#8221;large&#8221; add_caption=&#8221;yes&#8221; alignment=&#8221;center&#8221; onclick=&#8221;custom_link&#8221; img_link_target=&#8221;_blank&#8221; css_animation=&#8221;fadeIn&#8221; link=&#8221;http:\/\/eshop.dakarmania.cz\/&#8221;][vc_column_text css_animation=&#8221;fadeIn&#8221;]<em>\u201eM\u00e1me Karla dob\u0159e nastaven\u00e9ho pro tvrd\u00e9 ter\u00e9ny, kamen\u00ed, pisty. Ale zat\u00edm jsme nem\u011bli mo\u017enost projet ho v dun\u00e1ch, kde se bude automat chovat zase trochu jinak. V jemn\u011bj\u0161\u00edm p\u00edsku chceme pracovat i s nastaven\u00edm podvozku. V\u011b\u0159\u00edme, \u017ee se n\u00e1m do p\u00edsku je\u0161t\u011b poda\u0159\u00ed vyjet, abychom na z\u00e1klad\u011b test\u016f upravili v\u0161e pot\u0159ebn\u00e9,\u201c<\/em> vysv\u011btluje palubn\u00ed mechanik <strong>David \u0160vanda<\/strong>.<\/p>\n<h4>Jak se dostat do Sa\u00fadsk\u00e9 Ar\u00e1bie?<\/h4>\n<p>Ot\u00e1zkou zat\u00edm tak\u00e9 z\u016fst\u00e1v\u00e1, jak se v lednu \u010desk\u00e9 pos\u00e1dky do Sa\u00fadsk\u00e9 Ar\u00e1bie dostanou.<\/p>\n<p><em>\u201eV tuto chv\u00edli je ve h\u0159e n\u011bkolik mo\u017enost\u00ed. Pomoc se zaji\u0161t\u011bn\u00edm let\u016f n\u00e1m nab\u00eddl organiz\u00e1tor. Ale sou\u010dasn\u011b \u0159e\u0161\u00edme i variantu, \u017ee bude vypraveno speci\u00e1ln\u00ed letadlo, kter\u00e9 na Dakar p\u0159eprav\u00ed \u010desk\u00e9 \u00fa\u010dastn\u00edky. V tuto chv\u00edli u\u017e prob\u00edhaj\u00ed jedn\u00e1n\u00ed, abychom m\u011bli k dispozici varianty mo\u017en\u00fdch \u0159e\u0161en\u00ed a mohli vybrat tu nejprakti\u010dt\u011bj\u0161\u00ed,\u201c<\/em> \u0159\u00edk\u00e1 \u0161\u00e9f t\u00fdmu Big Shock! Racing <strong>Martin Mac\u00edk star\u0161\u00ed<\/strong>.<\/p>\n<h4>Tentokr\u00e1t bez p\u00e1nsk\u00e9 j\u00edzdy<\/h4>\n<p>Podle zpr\u00e1v, kter\u00e9 m\u00e1 t\u00fdm Big Shock! Racing zat\u00edm k dispozici, b\u011b\u017e\u00ed p\u0159\u00edpravy na Dakar 2021 podle pl\u00e1nu. Organiz\u00e1to\u0159i v tuto chv\u00edli vyty\u010duj\u00ed tra\u0165 a \u0159e\u0161\u00ed logistiku spojenou se z\u00e1vodem. Opat\u0159en\u00ed na Dakaru by m\u011bla b\u00fdt obdobn\u00e1 jako b\u011bhem Tour de France, kter\u00e1 je organizov\u00e1na stejn\u00fdm po\u0159adatelem, francouzskou spole\u010dnost\u00ed ASO.[\/vc_column_text][vc_single_image image=&#8221;16662&#8243; img_size=&#8221;large&#8221; add_caption=&#8221;yes&#8221; alignment=&#8221;center&#8221; onclick=&#8221;link_image&#8221; css_animation=&#8221;fadeIn&#8221;][vc_column_text css_animation=&#8221;fadeIn&#8221;]<em>\u201eM\u00e1me informaci, \u017ee prvn\u00ed bivak bude p\u0159\u00edmo v m\u00edst\u011b technick\u00fdch a administrativn\u00edch p\u0159ej\u00edmek, na stadionu za D\u017eiddou, stejn\u011b jako loni. Z\u0159ejm\u011b tu budeme v uzav\u0159en\u00e9m prostoru, spolu s dal\u0161\u00edmi \u00fa\u010dastn\u00edky z\u00e1vodu. Bohu\u017eel, aktu\u00e1ln\u00ed situace n\u00e1m nedovol\u00ed absolvovat obl\u00edbenou aklimatizaci pos\u00e1dky. Tak\u017ee tradi\u010dn\u00ed p\u00e1nsk\u00e1 j\u00edzda tentokr\u00e1t nebude,\u201c<\/em> \u0159\u00edk\u00e1 navig\u00e1tor <strong>Franti\u0161ek Tom\u00e1\u0161ek<\/strong>.<\/p>\n<h4>Dakar s rou\u0161kou<\/h4>\n<p>\u010clenov\u00e9 t\u00fdmu Big Shock! Racing berou jako samoz\u0159ejmost, \u017ee budou b\u011bhem Dakaru respektovat v\u0161echna bezpe\u010dnostn\u00ed opat\u0159en\u00ed organiz\u00e1tor\u016f.<\/p>\n<p><em>\u201eU\u017e se t\u011b\u0161\u00edme. Z\u0159ejm\u011b budou rou\u0161ky, dezinfekce, odd\u011blen\u00e9 sektory\u2026 Ale to nen\u00ed probl\u00e9m. Nemysl\u00edm si, \u017ee by se pr\u016fb\u011bh p\u0159\u00ed\u0161t\u00edho Dakaru m\u011bl n\u011bjak z\u00e1sadn\u011b li\u0161it od v\u0161ech ostatn\u00edch. P\u0159edpokl\u00e1d\u00e1m, \u017ee p\u0159ed odjezdem v\u0161ichni projdeme testy a b\u011bhem z\u00e1vodu se budeme pohybovat v uzav\u0159en\u00e9 skupin\u011b. Tak\u017ee \u017e\u00e1dn\u00e1 z\u00e1sadn\u00ed zm\u011bna. Ka\u017ed\u00fd rok se v bivaku st\u00fdk\u00e1me hlavn\u011b v r\u00e1mci t\u00fdmu. Na dal\u0161\u00ed kontakty ani nen\u00ed prostor,\u201c<\/em> popisuje situaci <strong>Martin Mac\u00edk<\/strong>, kter\u00fd si p\u0159eje, aby byla i letos pozornost soust\u0159ed\u011bna hlavn\u011b na d\u011bn\u00ed na trati. To bude podle n\u011bj pro div\u00e1ky stejn\u011b zaj\u00edmav\u00e9 a pro z\u00e1vodn\u00edky stejn\u011b n\u00e1ro\u010dn\u00e9, jako kdykoliv jindy.<\/p>\n<p>Tiskov\u00e1 zpr\u00e1va t\u00fdmu Big Shock! Racing [editov\u00e1no]<\/p>\n<h3>Kompletn\u00ed p\u0159ehled nejd\u016fle\u017eit\u011bj\u0161\u00edch ud\u00e1lost\u00ed neobvykl\u00e9 sezony 2020, novinky ze z\u00e1kulis\u00ed jednotliv\u00fdch t\u00fdm\u016f p\u0159ed Dakarem 2021, t\u0159i rozs\u00e1hl\u00e9 a jedine\u010dn\u00e9 sondy do truckersk\u00e9 historie Rally Dakar, zaj\u00edmav\u00e9 rozhovory a spoustu dal\u0161\u00edho origin\u00e1ln\u00edho dakarsk\u00e9ho \u010dten\u00ed najdete na 160 stran\u00e1ch <a href=\"http:\/\/eshop.dakarmania.cz\/dm-2\/\" target=\"_blank\" rel=\"noopener noreferrer\">druh\u00e9ho \u010d\u00edsla ti\u0161t\u011bn\u00e9ho magaz\u00ednu DAKARMANIA<\/a>. Vych\u00e1z\u00ed 1. prosince!<\/h3>\n<p>[\/vc_column_text][vc_empty_space height=&#8221;2px&#8221;][\/vc_column][\/vc_row]<\/p>\n","protected":false},"excerpt":{"rendered":"<p>P\u0159\u00edpravy t\u00fdmu Big Shock! Racing na Dakar 2021 jsou v pln\u00e9m proudu. Martin Mac\u00edk si o v\u00edkendu znovu zaz\u00e1vod\u00ed v Drawsku.<\/p>\n","protected":false},"author":3,"featured_media":16913,"comment_status":"open","ping_status":"closed","sticky":false,"template":"","format":"standard","meta":{"footnotes":""},"categories":[637],"tags":[903,1630,1777,1778,111,8,1475,1135,117,164,591,114,115],"class_list":["post-16914","post","type-post","status-publish","format-standard","has-post-thumbnail","hentry","category-tiskove-zpravy","tag-903","tag-1630","tag-baja-drawsko","tag-baja-drawsko-2020","tag-big-shock-racing","tag-dakar","tag-dakar-2021","tag-david-svanda","tag-frantisek-tomasek","tag-iveco","tag-martin-macik","tag-martin-macik-ml","tag-martin-macik-st"],"yoast_head":"<!-- This site is optimized with the Yoast SEO plugin v24.9 - https:\/\/yoast.com\/wordpress\/plugins\/seo\/ -->\n<title>Mac\u00edk o v\u00edkendu odstartuje do Baja Drawsko a hled\u00e1 duny - DAKARMANIA.cz<\/title>\n<meta name=\"description\" content=\"P\u0159\u00edpravy t\u00fdmu Big Shock! Racing na Dakar 2021 jsou v pln\u00e9m proudu. Martin Mac\u00edk si o v\u00edkendu znovu zaz\u00e1vod\u00ed v Drawsku.\" \/>\n<meta name=\"robots\" content=\"index, follow, max-snippet:-1, max-image-preview:large, max-video-preview:-1\" \/>\n<link rel=\"canonical\" href=\"https:\/\/www.dakarmania.cz\/index.php\/2020\/10\/08\/macik-hleda-duny\/\" \/>\n<meta property=\"og:locale\" content=\"cs_CZ\" \/>\n<meta property=\"og:type\" content=\"article\" \/>\n<meta property=\"og:title\" content=\"Mac\u00edk o v\u00edkendu odstartuje do Baja Drawsko a hled\u00e1 duny - DAKARMANIA.cz\" \/>\n<meta property=\"og:description\" content=\"P\u0159\u00edpravy t\u00fdmu Big Shock! Racing na Dakar 2021 jsou v pln\u00e9m proudu. Martin Mac\u00edk si o v\u00edkendu znovu zaz\u00e1vod\u00ed v Drawsku.\" \/>\n<meta property=\"og:url\" content=\"https:\/\/www.dakarmania.cz\/index.php\/2020\/10\/08\/macik-hleda-duny\/\" \/>\n<meta property=\"og:site_name\" content=\"DAKARMANIA.cz\" \/>\n<meta property=\"article:publisher\" content=\"https:\/\/www.facebook.com\/dakarmania\/\" \/>\n<meta property=\"article:published_time\" content=\"2020-10-08T16:44:34+00:00\" \/>\n<meta property=\"article:modified_time\" content=\"2020-10-08T16:45:13+00:00\" \/>\n<meta property=\"og:image\" content=\"https:\/\/www.dakarmania.cz\/wp-content\/uploads\/2020\/10\/20-poland-macik-06.jpg\" \/>\n\t<meta property=\"og:image:width\" content=\"1024\" \/>\n\t<meta property=\"og:image:height\" content=\"683\" \/>\n\t<meta property=\"og:image:type\" content=\"image\/jpeg\" \/>\n<meta name=\"author\" content=\"tiskov\u00e1 zpr\u00e1va\" \/>\n<meta name=\"twitter:card\" content=\"summary_large_image\" \/>\n<meta name=\"twitter:label1\" content=\"Napsal(a)\" \/>\n\t<meta name=\"twitter:data1\" content=\"tiskov\u00e1 zpr\u00e1va\" \/>\n\t<meta name=\"twitter:label2\" content=\"Odhadovan\u00e1 doba \u010dten\u00ed\" \/>\n\t<meta name=\"twitter:data2\" content=\"5 minut\" \/>\n<script type=\"application\/ld+json\" class=\"yoast-schema-graph\">{\"@context\":\"https:\/\/schema.org\",\"@graph\":[{\"@type\":\"Article\",\"@id\":\"https:\/\/www.dakarmania.cz\/index.php\/2020\/10\/08\/macik-hleda-duny\/#article\",\"isPartOf\":{\"@id\":\"https:\/\/www.dakarmania.cz\/index.php\/2020\/10\/08\/macik-hleda-duny\/\"},\"author\":{\"name\":\"tiskov\u00e1 zpr\u00e1va\",\"@id\":\"https:\/\/www.dakarmania.cz\/#\/schema\/person\/bce8d1fe3633b1178e150fc5e340d5dd\"},\"headline\":\"Mac\u00edk o v\u00edkendu odstartuje do Baja Drawsko a hled\u00e1 duny\",\"datePublished\":\"2020-10-08T16:44:34+00:00\",\"dateModified\":\"2020-10-08T16:45:13+00:00\",\"mainEntityOfPage\":{\"@id\":\"https:\/\/www.dakarmania.cz\/index.php\/2020\/10\/08\/macik-hleda-duny\/\"},\"wordCount\":1068,\"commentCount\":0,\"publisher\":{\"@id\":\"https:\/\/www.dakarmania.cz\/#organization\"},\"image\":{\"@id\":\"https:\/\/www.dakarmania.cz\/index.php\/2020\/10\/08\/macik-hleda-duny\/#primaryimage\"},\"thumbnailUrl\":\"https:\/\/www.dakarmania.cz\/wp-content\/uploads\/2020\/10\/20-poland-macik-06.jpg\",\"keywords\":[\"2020\",\"2021\",\"Baja Drawsko\",\"Baja Drawsko 2020\",\"Big Shock! Racing\",\"Dakar\",\"Dakar 2021\",\"David \u0160vanda\",\"Franti\u0161ek Tom\u00e1\u0161ek\",\"Iveco\",\"Martin Mac\u00edk\",\"Martin Mac\u00edk ml.\",\"Martin Mac\u00edk st.\"],\"articleSection\":[\"Tiskov\u00e9 zpr\u00e1vy\"],\"inLanguage\":\"cs\",\"potentialAction\":[{\"@type\":\"CommentAction\",\"name\":\"Comment\",\"target\":[\"https:\/\/www.dakarmania.cz\/index.php\/2020\/10\/08\/macik-hleda-duny\/#respond\"]}]},{\"@type\":\"WebPage\",\"@id\":\"https:\/\/www.dakarmania.cz\/index.php\/2020\/10\/08\/macik-hleda-duny\/\",\"url\":\"https:\/\/www.dakarmania.cz\/index.php\/2020\/10\/08\/macik-hleda-duny\/\",\"name\":\"Mac\u00edk o v\u00edkendu odstartuje do Baja Drawsko a hled\u00e1 duny - DAKARMANIA.cz\",\"isPartOf\":{\"@id\":\"https:\/\/www.dakarmania.cz\/#website\"},\"primaryImageOfPage\":{\"@id\":\"https:\/\/www.dakarmania.cz\/index.php\/2020\/10\/08\/macik-hleda-duny\/#primaryimage\"},\"image\":{\"@id\":\"https:\/\/www.dakarmania.cz\/index.php\/2020\/10\/08\/macik-hleda-duny\/#primaryimage\"},\"thumbnailUrl\":\"https:\/\/www.dakarmania.cz\/wp-content\/uploads\/2020\/10\/20-poland-macik-06.jpg\",\"datePublished\":\"2020-10-08T16:44:34+00:00\",\"dateModified\":\"2020-10-08T16:45:13+00:00\",\"description\":\"P\u0159\u00edpravy t\u00fdmu Big Shock! Racing na Dakar 2021 jsou v pln\u00e9m proudu. Martin Mac\u00edk si o v\u00edkendu znovu zaz\u00e1vod\u00ed v Drawsku.\",\"breadcrumb\":{\"@id\":\"https:\/\/www.dakarmania.cz\/index.php\/2020\/10\/08\/macik-hleda-duny\/#breadcrumb\"},\"inLanguage\":\"cs\",\"potentialAction\":[{\"@type\":\"ReadAction\",\"target\":[\"https:\/\/www.dakarmania.cz\/index.php\/2020\/10\/08\/macik-hleda-duny\/\"]}]},{\"@type\":\"ImageObject\",\"inLanguage\":\"cs\",\"@id\":\"https:\/\/www.dakarmania.cz\/index.php\/2020\/10\/08\/macik-hleda-duny\/#primaryimage\",\"url\":\"https:\/\/www.dakarmania.cz\/wp-content\/uploads\/2020\/10\/20-poland-macik-06.jpg\",\"contentUrl\":\"https:\/\/www.dakarmania.cz\/wp-content\/uploads\/2020\/10\/20-poland-macik-06.jpg\",\"width\":1024,\"height\":683,\"caption\":\"Martin Mac\u00edk ml.\/Franti\u0161ek Tom\u00e1\u0161ek\/David \u0160vanda, Iveco Powerstar, Big Shock! Racing. Baja Poland 2020. \u00a9 Big Shock! Racing\"},{\"@type\":\"BreadcrumbList\",\"@id\":\"https:\/\/www.dakarmania.cz\/index.php\/2020\/10\/08\/macik-hleda-duny\/#breadcrumb\",\"itemListElement\":[{\"@type\":\"ListItem\",\"position\":1,\"name\":\"Dom\u016f\",\"item\":\"https:\/\/www.dakarmania.cz\/\"},{\"@type\":\"ListItem\",\"position\":2,\"name\":\"Mac\u00edk o v\u00edkendu odstartuje do Baja Drawsko a hled\u00e1 duny\"}]},{\"@type\":\"WebSite\",\"@id\":\"https:\/\/www.dakarmania.cz\/#website\",\"url\":\"https:\/\/www.dakarmania.cz\/\",\"name\":\"DAKARMANIA.cz\",\"description\":\"\u017dijeme Dakarem cel\u00fd rok\",\"publisher\":{\"@id\":\"https:\/\/www.dakarmania.cz\/#organization\"},\"potentialAction\":[{\"@type\":\"SearchAction\",\"target\":{\"@type\":\"EntryPoint\",\"urlTemplate\":\"https:\/\/www.dakarmania.cz\/?s={search_term_string}\"},\"query-input\":{\"@type\":\"PropertyValueSpecification\",\"valueRequired\":true,\"valueName\":\"search_term_string\"}}],\"inLanguage\":\"cs\"},{\"@type\":\"Organization\",\"@id\":\"https:\/\/www.dakarmania.cz\/#organization\",\"name\":\"DAKAR MANIA\",\"url\":\"https:\/\/www.dakarmania.cz\/\",\"logo\":{\"@type\":\"ImageObject\",\"inLanguage\":\"cs\",\"@id\":\"https:\/\/www.dakarmania.cz\/#\/schema\/logo\/image\/\",\"url\":\"https:\/\/www.dakarmania.cz\/wp-content\/uploads\/2018\/12\/Dakar-Mania-Logo-Square-Orange.png\",\"contentUrl\":\"https:\/\/www.dakarmania.cz\/wp-content\/uploads\/2018\/12\/Dakar-Mania-Logo-Square-Orange.png\",\"width\":992,\"height\":992,\"caption\":\"DAKAR MANIA\"},\"image\":{\"@id\":\"https:\/\/www.dakarmania.cz\/#\/schema\/logo\/image\/\"},\"sameAs\":[\"https:\/\/www.facebook.com\/dakarmania\/\"]},{\"@type\":\"Person\",\"@id\":\"https:\/\/www.dakarmania.cz\/#\/schema\/person\/bce8d1fe3633b1178e150fc5e340d5dd\",\"name\":\"tiskov\u00e1 zpr\u00e1va\",\"image\":{\"@type\":\"ImageObject\",\"inLanguage\":\"cs\",\"@id\":\"https:\/\/www.dakarmania.cz\/#\/schema\/person\/image\/\",\"url\":\"https:\/\/secure.gravatar.com\/avatar\/19aefcb6c7bfae691fca4d805686c670f59bb4f7414c7b398b88dc9c8f4e96d5?s=96&d=mm&r=g\",\"contentUrl\":\"https:\/\/secure.gravatar.com\/avatar\/19aefcb6c7bfae691fca4d805686c670f59bb4f7414c7b398b88dc9c8f4e96d5?s=96&d=mm&r=g\",\"caption\":\"tiskov\u00e1 zpr\u00e1va\"},\"url\":\"https:\/\/www.dakarmania.cz\/index.php\/author\/tiskovezpravy\/\"}]}<\/script>\n<!-- \/ Yoast SEO plugin. -->","yoast_head_json":{"title":"Mac\u00edk o v\u00edkendu odstartuje do Baja Drawsko a hled\u00e1 duny - DAKARMANIA.cz","description":"P\u0159\u00edpravy t\u00fdmu Big Shock! Racing na Dakar 2021 jsou v pln\u00e9m proudu. Martin Mac\u00edk si o v\u00edkendu znovu zaz\u00e1vod\u00ed v Drawsku.","robots":{"index":"index","follow":"follow","max-snippet":"max-snippet:-1","max-image-preview":"max-image-preview:large","max-video-preview":"max-video-preview:-1"},"canonical":"https:\/\/www.dakarmania.cz\/index.php\/2020\/10\/08\/macik-hleda-duny\/","og_locale":"cs_CZ","og_type":"article","og_title":"Mac\u00edk o v\u00edkendu odstartuje do Baja Drawsko a hled\u00e1 duny - DAKARMANIA.cz","og_description":"P\u0159\u00edpravy t\u00fdmu Big Shock! Racing na Dakar 2021 jsou v pln\u00e9m proudu. Martin Mac\u00edk si o v\u00edkendu znovu zaz\u00e1vod\u00ed v Drawsku.","og_url":"https:\/\/www.dakarmania.cz\/index.php\/2020\/10\/08\/macik-hleda-duny\/","og_site_name":"DAKARMANIA.cz","article_publisher":"https:\/\/www.facebook.com\/dakarmania\/","article_published_time":"2020-10-08T16:44:34+00:00","article_modified_time":"2020-10-08T16:45:13+00:00","og_image":[{"width":1024,"height":683,"url":"https:\/\/www.dakarmania.cz\/wp-content\/uploads\/2020\/10\/20-poland-macik-06.jpg","type":"image\/jpeg"}],"author":"tiskov\u00e1 zpr\u00e1va","twitter_card":"summary_large_image","twitter_misc":{"Napsal(a)":"tiskov\u00e1 zpr\u00e1va","Odhadovan\u00e1 doba \u010dten\u00ed":"5 minut"},"schema":{"@context":"https:\/\/schema.org","@graph":[{"@type":"Article","@id":"https:\/\/www.dakarmania.cz\/index.php\/2020\/10\/08\/macik-hleda-duny\/#article","isPartOf":{"@id":"https:\/\/www.dakarmania.cz\/index.php\/2020\/10\/08\/macik-hleda-duny\/"},"author":{"name":"tiskov\u00e1 zpr\u00e1va","@id":"https:\/\/www.dakarmania.cz\/#\/schema\/person\/bce8d1fe3633b1178e150fc5e340d5dd"},"headline":"Mac\u00edk o v\u00edkendu odstartuje do Baja Drawsko a hled\u00e1 duny","datePublished":"2020-10-08T16:44:34+00:00","dateModified":"2020-10-08T16:45:13+00:00","mainEntityOfPage":{"@id":"https:\/\/www.dakarmania.cz\/index.php\/2020\/10\/08\/macik-hleda-duny\/"},"wordCount":1068,"commentCount":0,"publisher":{"@id":"https:\/\/www.dakarmania.cz\/#organization"},"image":{"@id":"https:\/\/www.dakarmania.cz\/index.php\/2020\/10\/08\/macik-hleda-duny\/#primaryimage"},"thumbnailUrl":"https:\/\/www.dakarmania.cz\/wp-content\/uploads\/2020\/10\/20-poland-macik-06.jpg","keywords":["2020","2021","Baja Drawsko","Baja Drawsko 2020","Big Shock! Racing","Dakar","Dakar 2021","David \u0160vanda","Franti\u0161ek Tom\u00e1\u0161ek","Iveco","Martin Mac\u00edk","Martin Mac\u00edk ml.","Martin Mac\u00edk st."],"articleSection":["Tiskov\u00e9 zpr\u00e1vy"],"inLanguage":"cs","potentialAction":[{"@type":"CommentAction","name":"Comment","target":["https:\/\/www.dakarmania.cz\/index.php\/2020\/10\/08\/macik-hleda-duny\/#respond"]}]},{"@type":"WebPage","@id":"https:\/\/www.dakarmania.cz\/index.php\/2020\/10\/08\/macik-hleda-duny\/","url":"https:\/\/www.dakarmania.cz\/index.php\/2020\/10\/08\/macik-hleda-duny\/","name":"Mac\u00edk o v\u00edkendu odstartuje do Baja Drawsko a hled\u00e1 duny - DAKARMANIA.cz","isPartOf":{"@id":"https:\/\/www.dakarmania.cz\/#website"},"primaryImageOfPage":{"@id":"https:\/\/www.dakarmania.cz\/index.php\/2020\/10\/08\/macik-hleda-duny\/#primaryimage"},"image":{"@id":"https:\/\/www.dakarmania.cz\/index.php\/2020\/10\/08\/macik-hleda-duny\/#primaryimage"},"thumbnailUrl":"https:\/\/www.dakarmania.cz\/wp-content\/uploads\/2020\/10\/20-poland-macik-06.jpg","datePublished":"2020-10-08T16:44:34+00:00","dateModified":"2020-10-08T16:45:13+00:00","description":"P\u0159\u00edpravy t\u00fdmu Big Shock! Racing na Dakar 2021 jsou v pln\u00e9m proudu. Martin Mac\u00edk si o v\u00edkendu znovu zaz\u00e1vod\u00ed v Drawsku.","breadcrumb":{"@id":"https:\/\/www.dakarmania.cz\/index.php\/2020\/10\/08\/macik-hleda-duny\/#breadcrumb"},"inLanguage":"cs","potentialAction":[{"@type":"ReadAction","target":["https:\/\/www.dakarmania.cz\/index.php\/2020\/10\/08\/macik-hleda-duny\/"]}]},{"@type":"ImageObject","inLanguage":"cs","@id":"https:\/\/www.dakarmania.cz\/index.php\/2020\/10\/08\/macik-hleda-duny\/#primaryimage","url":"https:\/\/www.dakarmania.cz\/wp-content\/uploads\/2020\/10\/20-poland-macik-06.jpg","contentUrl":"https:\/\/www.dakarmania.cz\/wp-content\/uploads\/2020\/10\/20-poland-macik-06.jpg","width":1024,"height":683,"caption":"Martin Mac\u00edk ml.\/Franti\u0161ek Tom\u00e1\u0161ek\/David \u0160vanda, Iveco Powerstar, Big Shock! Racing. Baja Poland 2020. \u00a9 Big Shock! Racing"},{"@type":"BreadcrumbList","@id":"https:\/\/www.dakarmania.cz\/index.php\/2020\/10\/08\/macik-hleda-duny\/#breadcrumb","itemListElement":[{"@type":"ListItem","position":1,"name":"Dom\u016f","item":"https:\/\/www.dakarmania.cz\/"},{"@type":"ListItem","position":2,"name":"Mac\u00edk o v\u00edkendu odstartuje do Baja Drawsko a hled\u00e1 duny"}]},{"@type":"WebSite","@id":"https:\/\/www.dakarmania.cz\/#website","url":"https:\/\/www.dakarmania.cz\/","name":"DAKARMANIA.cz","description":"\u017dijeme Dakarem cel\u00fd rok","publisher":{"@id":"https:\/\/www.dakarmania.cz\/#organization"},"potentialAction":[{"@type":"SearchAction","target":{"@type":"EntryPoint","urlTemplate":"https:\/\/www.dakarmania.cz\/?s={search_term_string}"},"query-input":{"@type":"PropertyValueSpecification","valueRequired":true,"valueName":"search_term_string"}}],"inLanguage":"cs"},{"@type":"Organization","@id":"https:\/\/www.dakarmania.cz\/#organization","name":"DAKAR MANIA","url":"https:\/\/www.dakarmania.cz\/","logo":{"@type":"ImageObject","inLanguage":"cs","@id":"https:\/\/www.dakarmania.cz\/#\/schema\/logo\/image\/","url":"https:\/\/www.dakarmania.cz\/wp-content\/uploads\/2018\/12\/Dakar-Mania-Logo-Square-Orange.png","contentUrl":"https:\/\/www.dakarmania.cz\/wp-content\/uploads\/2018\/12\/Dakar-Mania-Logo-Square-Orange.png","width":992,"height":992,"caption":"DAKAR MANIA"},"image":{"@id":"https:\/\/www.dakarmania.cz\/#\/schema\/logo\/image\/"},"sameAs":["https:\/\/www.facebook.com\/dakarmania\/"]},{"@type":"Person","@id":"https:\/\/www.dakarmania.cz\/#\/schema\/person\/bce8d1fe3633b1178e150fc5e340d5dd","name":"tiskov\u00e1 zpr\u00e1va","image":{"@type":"ImageObject","inLanguage":"cs","@id":"https:\/\/www.dakarmania.cz\/#\/schema\/person\/image\/","url":"https:\/\/secure.gravatar.com\/avatar\/19aefcb6c7bfae691fca4d805686c670f59bb4f7414c7b398b88dc9c8f4e96d5?s=96&d=mm&r=g","contentUrl":"https:\/\/secure.gravatar.com\/avatar\/19aefcb6c7bfae691fca4d805686c670f59bb4f7414c7b398b88dc9c8f4e96d5?s=96&d=mm&r=g","caption":"tiskov\u00e1 zpr\u00e1va"},"url":"https:\/\/www.dakarmania.cz\/index.php\/author\/tiskovezpravy\/"}]}},"amp_enabled":true,"_links":{"self":[{"href":"https:\/\/www.dakarmania.cz\/index.php\/wp-json\/wp\/v2\/posts\/16914","targetHints":{"allow":["GET"]}}],"collection":[{"href":"https:\/\/www.dakarmania.cz\/index.php\/wp-json\/wp\/v2\/posts"}],"about":[{"href":"https:\/\/www.dakarmania.cz\/index.php\/wp-json\/wp\/v2\/types\/post"}],"author":[{"embeddable":true,"href":"https:\/\/www.dakarmania.cz\/index.php\/wp-json\/wp\/v2\/users\/3"}],"replies":[{"embeddable":true,"href":"https:\/\/www.dakarmania.cz\/index.php\/wp-json\/wp\/v2\/comments?post=16914"}],"version-history":[{"count":1,"href":"https:\/\/www.dakarmania.cz\/index.php\/wp-json\/wp\/v2\/posts\/16914\/revisions"}],"predecessor-version":[{"id":16915,"href":"https:\/\/www.dakarmania.cz\/index.php\/wp-json\/wp\/v2\/posts\/16914\/revisions\/16915"}],"wp:featuredmedia":[{"embeddable":true,"href":"https:\/\/www.dakarmania.cz\/index.php\/wp-json\/wp\/v2\/media\/16913"}],"wp:attachment":[{"href":"https:\/\/www.dakarmania.cz\/index.php\/wp-json\/wp\/v2\/media?parent=16914"}],"wp:term":[{"taxonomy":"category","embeddable":true,"href":"https:\/\/www.dakarmania.cz\/index.php\/wp-json\/wp\/v2\/categories?post=16914"},{"taxonomy":"post_tag","embeddable":true,"href":"https:\/\/www.dakarmania.cz\/index.php\/wp-json\/wp\/v2\/tags?post=16914"}],"curies":[{"name":"wp","href":"https:\/\/api.w.org\/{rel}","templated":true}]}}