{"id":16962,"date":"2020-10-10T02:46:05","date_gmt":"2020-10-10T00:46:05","guid":{"rendered":"https:\/\/www.dakarmania.cz\/?p=16962"},"modified":"2020-10-27T17:01:16","modified_gmt":"2020-10-27T16:01:16","slug":"v-kalendari-2020-dve-prosincove-baji","status":"publish","type":"post","link":"https:\/\/www.dakarmania.cz\/index.php\/2020\/10\/10\/v-kalendari-2020-dve-prosincove-baji\/","title":{"rendered":"FIA p\u0159idala do kalend\u00e1\u0159e sv\u011btov\u00e9ho poh\u00e1ru 2020 dv\u011b prosincov\u00e9 baji"},"content":{"rendered":"<p>[vc_row][vc_column][vc_column_text css_animation=&#8221;fadeIn&#8221;]<\/p>\n<h3>Sv\u011btov\u00e1 rada motoristick\u00e9ho sportu Mezin\u00e1rodn\u00ed automobilov\u00e9 federace schv\u00e1lila upravenou podobu kalend\u00e1\u0159e leto\u0161n\u00edho Sv\u011btov\u00e9ho poh\u00e1ru FIA v cross-country baj\u00e1ch, do n\u011bho\u017e p\u0159ibyly dva prosincov\u00e9 podniky v Sa\u00fadsk\u00e9 Ar\u00e1bii.<\/h3>\n<p>[\/vc_column_text][vc_single_image image=&#8221;15321&#8243; img_size=&#8221;large&#8221; add_caption=&#8221;yes&#8221; alignment=&#8221;center&#8221; onclick=&#8221;link_image&#8221; css_animation=&#8221;fadeIn&#8221;][vc_column_text css_animation=&#8221;fadeIn&#8221;]Sv\u011btov\u00e1 rada motoristick\u00e9ho sportu (WMSC), kter\u00e1 jednala v p\u00e1tek 9. \u0159\u00edjna prost\u0159ednictv\u00edm telekonference, d\u00e1le potvrdila podobu kalend\u00e1\u0159e SP v baj\u00e1ch 2021 i n\u011bkolik zm\u011bn v pravidlech.<\/p>\n<h4>Sv\u011btov\u00fd poh\u00e1r FIA v cross-country baj\u00e1ch<\/h4>\n<table style=\"width: 97.7654%;\" rules=\"rows\" cellpadding=\"4px\">\n<tbody>\n<tr style=\"background-color: #9e9d9d; color: white;\">\n<td style=\"text-align: center; width: 99.8484%;\" colspan=\"4\"><span style=\"color: #333333;\">AKTUALIZOVAN\u00dd KALEND\u00c1\u0158 SP FIA BAJA 2020<\/span><\/td>\n<\/tr>\n<tr style=\"background-color: #f2f2f2;\">\n<td>06.02.2020<\/td>\n<td>09.02.2020<\/td>\n<td>Baja Russia &#8211; Northern Forest<\/td>\n<td class=\"nomobile\"><img decoding=\"async\" class=\"aligncenter\" src=\"\/wp-content\/uploads\/2019\/02\/flag-ru-18x12.png\" \/><\/td>\n<\/tr>\n<tr style=\"background-color: #dbd9d9;\">\n<td>03.09.2020<\/td>\n<td>06.09.2020<\/td>\n<td style=\"text-align: left;\">Baja Poland<\/td>\n<td class=\"nomobile\"><img decoding=\"async\" class=\"aligncenter\" src=\"\/wp-content\/uploads\/2019\/02\/flag-pl-18x12.png\" \/><\/td>\n<\/tr>\n<tr style=\"background-color: #f2f2f2;\">\n<td>05.11.2020<\/td>\n<td>07.11.2020<\/td>\n<td>Baja Portalegre<\/td>\n<td class=\"nomobile\"><img decoding=\"async\" class=\"aligncenter\" src=\"\/wp-content\/uploads\/2019\/02\/flag-pt-18x12.png\" \/><\/td>\n<\/tr>\n<tr style=\"background-color: #dbd9d9;\">\n<td>26.11.2020<\/td>\n<td>28.11.2020<\/td>\n<td>Dubai International Baja<\/td>\n<td class=\"nomobile\"><img decoding=\"async\" class=\"aligncenter\" src=\"\/wp-content\/uploads\/2019\/02\/flag-ae-18x12.png\" \/><\/td>\n<\/tr>\n<tr style=\"background-color: #f2f2f2;\">\n<td>10.12.2020<\/td>\n<td>12.12.2020<\/td>\n<td>Baja Hail 1<\/td>\n<td class=\"nomobile\"><img decoding=\"async\" class=\"aligncenter\" src=\"\/wp-content\/uploads\/2019\/03\/flag-sa-18x12.png\" \/><\/td>\n<\/tr>\n<tr style=\"background-color: #dbd9d9;\">\n<td>14.12.2020<\/td>\n<td>16.12.2020<\/td>\n<td>Baja Hail 2<\/td>\n<td class=\"nomobile\"><img decoding=\"async\" class=\"aligncenter\" src=\"\/wp-content\/uploads\/2019\/03\/flag-sa-18x12.png\" \/><\/td>\n<\/tr>\n<\/tbody>\n<\/table>\n<p>[\/vc_column_text][vc_single_image image=&#8221;15450&#8243; img_size=&#8221;large&#8221; add_caption=&#8221;yes&#8221; alignment=&#8221;center&#8221; onclick=&#8221;custom_link&#8221; img_link_target=&#8221;_blank&#8221; css_animation=&#8221;fadeIn&#8221; link=&#8221;http:\/\/eshop.dakarmania.cz\/&#8221;][vc_column_text css_animation=&#8221;fadeIn&#8221;]<\/p>\n<table style=\"width: 97.7654%;\" rules=\"rows\" cellpadding=\"4px\">\n<tbody>\n<tr style=\"background-color: #9e9d9d; color: white;\">\n<td style=\"text-align: center; width: 99.8484%;\" colspan=\"4\"><strong>KALEND\u00c1\u0158 SP FIA BAJA 2021<\/strong><\/td>\n<\/tr>\n<tr style=\"background-color: #f2f2f2;\">\n<td>04.02.2021<\/td>\n<td>07.02.2021<\/td>\n<td>Baja Russia<\/td>\n<td class=\"nomobile\"><img decoding=\"async\" class=\"aligncenter\" src=\"\/wp-content\/uploads\/2019\/02\/flag-ru-18x12.png\" \/><\/td>\n<\/tr>\n<tr style=\"background-color: #dbd9d9;\">\n<td>18.02.2021<\/td>\n<td>20.02.2021<\/td>\n<td style=\"text-align: left;\">Dubai International Baja<\/td>\n<td class=\"nomobile\"><img decoding=\"async\" class=\"aligncenter\" src=\"\/wp-content\/uploads\/2019\/02\/flag-ae-18x12.png\" \/><\/td>\n<\/tr>\n<tr style=\"background-color: #f2f2f2;\">\n<td>04.03.2021<\/td>\n<td>06.03.2021<\/td>\n<td>Sharqia Baja<\/td>\n<td class=\"nomobile\"><img decoding=\"async\" class=\"aligncenter\" src=\"\/wp-content\/uploads\/2019\/03\/flag-sa-18x12.png\" \/><\/td>\n<\/tr>\n<tr style=\"background-color: #dbd9d9;\">\n<td>18.03.2021<\/td>\n<td>20.03.2021<\/td>\n<td>Jordan Baja<\/td>\n<td class=\"nomobile\"><img decoding=\"async\" class=\"aligncenter\" src=\"\/wp-content\/uploads\/2019\/02\/flag-jo-18x12.png\" \/><\/td>\n<\/tr>\n<tr style=\"background-color: #f2f2f2;\">\n<td>23.07.2021<\/td>\n<td>25.07.2021<\/td>\n<td>Baja Spain<\/td>\n<td class=\"nomobile\"><img decoding=\"async\" class=\"aligncenter\" src=\"\/wp-content\/uploads\/2019\/02\/flag-es-18x12.png\" \/><\/td>\n<\/tr>\n<tr style=\"background-color: #dbd9d9;\">\n<td>12.08.2021<\/td>\n<td>15.08.2021<\/td>\n<td>Hungarian Baja<\/td>\n<td class=\"nomobile\"><img decoding=\"async\" class=\"aligncenter\" src=\"\/wp-content\/uploads\/2019\/02\/flag-hu-18x12.png\" \/><\/td>\n<\/tr>\n<tr style=\"background-color: #f2f2f2;\">\n<td>26.08.2021<\/td>\n<td>29.08.2021<\/td>\n<td>Baja Poland<\/td>\n<td class=\"nomobile\"><img decoding=\"async\" class=\"aligncenter\" src=\"\/wp-content\/uploads\/2019\/02\/flag-pl-18x12.png\" \/><\/td>\n<\/tr>\n<tr style=\"background-color: #dbd9d9;\">\n<td>09.09.2021<\/td>\n<td>12.09.2021<\/td>\n<td>Italian Baja<\/td>\n<td class=\"nomobile\"><img decoding=\"async\" class=\"aligncenter\" src=\"\/wp-content\/uploads\/2019\/02\/flag-it-18x12.png\" \/><\/td>\n<\/tr>\n<tr style=\"background-color: #f2f2f2;\">\n<td>28.10.2021<\/td>\n<td>30.10.2021<\/td>\n<td>Baja Portalegre<\/td>\n<td class=\"nomobile\"><img decoding=\"async\" class=\"aligncenter\" src=\"\/wp-content\/uploads\/2019\/02\/flag-pt-18x12.png\" \/><\/td>\n<\/tr>\n<\/tbody>\n<\/table>\n<p>[\/vc_column_text][vc_column_text css_animation=&#8221;fadeIn&#8221;]<\/p>\n<h4>Sv\u011btov\u00fd poh\u00e1r FIA v cross-country rally<\/h4>\n<p>WSMC ofici\u00e1ln\u011b zru\u0161ila sezonu Sv\u011btov\u00e9ho poh\u00e1ru FIA v cross-country rally 2020, z n\u00ed\u017e se odjel pouze \u00favodn\u00ed z\u00e1vod v Kataru. N\u00e1sleduj\u00edc\u00ed podniky byly odvol\u00e1ny v reakci na situaci vyvolanou \u0161\u00ed\u0159en\u00ed viru SARS-CoV-2, zp\u016fsobuj\u00edc\u00edho nemoc covid-19. Tituly nebudou na z\u00e1klad\u011b v\u00fdsledk\u016f jedin\u00e9 sout\u011b\u017ee ud\u011bleny.<\/p>\n<p>Od roku 2021 se do kone\u010dn\u00e9ho hodnocen\u00ed SP FIA CCR nebude \u00fa\u010dastn\u00edk\u016fm zapo\u010d\u00edt\u00e1vat jeden nejhor\u0161\u00ed v\u00fdsledek. Zapo\u010d\u00edt\u00e1ny mus\u00ed b\u00fdt minim\u00e1ln\u011b t\u0159i nejlep\u0161\u00ed v\u00fdsledky. Nic se v tomto ohledu nem\u011bn\u00ed v p\u0159\u00edpad\u011b SP v baj\u00e1ch, kde se budou i p\u0159\u00ed\u0161t\u00ed rok \u0161krtat dva nejhor\u0161\u00ed v\u00fdsledky.<\/p>\n<h4>Region\u00e1ln\u00ed \u0161ampion\u00e1ty v baj\u00e1ch<\/h4>\n<p>Ve snaze o popularizaci discipl\u00edny v dal\u0161\u00edch zem\u00edch a p\u0159il\u00e1k\u00e1n\u00ed nov\u00fdch z\u00e1vodn\u00edk\u016f a t\u00fdm\u016f budou po vzoru klasick\u00fdch automobilov\u00fdch sout\u011b\u017e\u00ed v roce 2021 vyps\u00e1ny poh\u00e1ry na jednotliv\u00fdch kontinentech a v n\u011bkter\u00fdch regionech.<\/p>\n<h3>Kompletn\u00ed p\u0159ehled nejd\u016fle\u017eit\u011bj\u0161\u00edch ud\u00e1lost\u00ed neobvykl\u00e9 sezony 2020, novinky ze z\u00e1kulis\u00ed jednotliv\u00fdch t\u00fdm\u016f p\u0159ed Dakarem 2021, unik\u00e1tn\u00ed a rozs\u00e1hl\u00e9 sondy do dakarsk\u00e9 historie, zaj\u00edmav\u00e9 rozhovory a spoustu dal\u0161\u00edho origin\u00e1ln\u00edho dakarsk\u00e9ho \u010dten\u00ed najdete na 160 stran\u00e1ch <a href=\"http:\/\/eshop.dakarmania.cz\/dm-2\/\" target=\"_blank\" rel=\"noopener noreferrer\">druh\u00e9ho \u010d\u00edsla ti\u0161t\u011bn\u00e9ho magaz\u00ednu DAKARMANIA<\/a>. Vych\u00e1z\u00ed 1. prosince!<\/h3>\n<p>[\/vc_column_text][vc_empty_space height=&#8221;2px&#8221;][\/vc_column][\/vc_row]<\/p>\n","protected":false},"excerpt":{"rendered":"<p>Sv\u011btov\u00e1 rada motoristick\u00e9ho sportu FIA schv\u00e1lila upraven\u00fd kalend\u00e1\u0159 SP FIA v baj\u00e1ch 2020, do n\u011bho\u017e p\u0159ibyly dva podniky v Sa\u00fadsk\u00e9 Ar\u00e1bii.<\/p>\n","protected":false},"author":1,"featured_media":15321,"comment_status":"open","ping_status":"closed","sticky":false,"template":"","format":"standard","meta":{"footnotes":""},"categories":[3,98,97],"tags":[903,1630,99,106,1728,1783,105,1531,1784],"class_list":["post-16962","post","type-post","status-publish","format-standard","has-post-thumbnail","hentry","category-auto","category-fia-baja","category-fia-ccr","tag-903","tag-1630","tag-fia","tag-sp-fia-baja","tag-sp-fia-baja-2020","tag-sp-fia-baja-2021","tag-sp-fia-ccr","tag-sp-fia-ccr-2020","tag-sp-fia-ccr-2021"],"yoast_head":"<!-- This site is optimized with the Yoast SEO plugin v24.9 - https:\/\/yoast.com\/wordpress\/plugins\/seo\/ -->\n<title>FIA p\u0159idala do kalend\u00e1\u0159e sv\u011btov\u00e9ho poh\u00e1ru 2020 dv\u011b prosincov\u00e9 baji - DAKARMANIA.cz<\/title>\n<meta name=\"description\" content=\"Sv\u011btov\u00e1 rada motoristick\u00e9ho sportu FIA schv\u00e1lila upraven\u00fd kalend\u00e1\u0159 SP FIA v baj\u00e1ch 2020, do n\u011bho\u017e p\u0159ibyly dva podniky v Sa\u00fadsk\u00e9 Ar\u00e1bii.\" \/>\n<meta name=\"robots\" content=\"index, follow, max-snippet:-1, max-image-preview:large, max-video-preview:-1\" \/>\n<link rel=\"canonical\" href=\"https:\/\/www.dakarmania.cz\/index.php\/2020\/10\/10\/v-kalendari-2020-dve-prosincove-baji\/\" \/>\n<meta property=\"og:locale\" content=\"cs_CZ\" \/>\n<meta property=\"og:type\" content=\"article\" \/>\n<meta property=\"og:title\" content=\"FIA p\u0159idala do kalend\u00e1\u0159e sv\u011btov\u00e9ho poh\u00e1ru 2020 dv\u011b prosincov\u00e9 baji - DAKARMANIA.cz\" \/>\n<meta property=\"og:description\" content=\"Sv\u011btov\u00e1 rada motoristick\u00e9ho sportu FIA schv\u00e1lila upraven\u00fd kalend\u00e1\u0159 SP FIA v baj\u00e1ch 2020, do n\u011bho\u017e p\u0159ibyly dva podniky v Sa\u00fadsk\u00e9 Ar\u00e1bii.\" \/>\n<meta property=\"og:url\" content=\"https:\/\/www.dakarmania.cz\/index.php\/2020\/10\/10\/v-kalendari-2020-dve-prosincove-baji\/\" \/>\n<meta property=\"og:site_name\" content=\"DAKARMANIA.cz\" \/>\n<meta property=\"article:publisher\" content=\"https:\/\/www.facebook.com\/dakarmania\/\" \/>\n<meta property=\"article:published_time\" content=\"2020-10-10T00:46:05+00:00\" \/>\n<meta property=\"article:modified_time\" content=\"2020-10-27T16:01:16+00:00\" \/>\n<meta property=\"og:image\" content=\"https:\/\/www.dakarmania.cz\/wp-content\/uploads\/2020\/02\/20-hail-zapletal-01.jpg\" \/>\n\t<meta property=\"og:image:width\" content=\"1024\" \/>\n\t<meta property=\"og:image:height\" content=\"683\" \/>\n\t<meta property=\"og:image:type\" content=\"image\/jpeg\" \/>\n<meta name=\"author\" content=\"Zden\u011bk Zelenka\" \/>\n<meta name=\"twitter:card\" content=\"summary_large_image\" \/>\n<meta name=\"twitter:label1\" content=\"Napsal(a)\" \/>\n\t<meta name=\"twitter:data1\" content=\"Zden\u011bk Zelenka\" \/>\n\t<meta name=\"twitter:label2\" content=\"Odhadovan\u00e1 doba \u010dten\u00ed\" \/>\n\t<meta name=\"twitter:data2\" content=\"2 minuty\" \/>\n<script type=\"application\/ld+json\" class=\"yoast-schema-graph\">{\"@context\":\"https:\/\/schema.org\",\"@graph\":[{\"@type\":\"Article\",\"@id\":\"https:\/\/www.dakarmania.cz\/index.php\/2020\/10\/10\/v-kalendari-2020-dve-prosincove-baji\/#article\",\"isPartOf\":{\"@id\":\"https:\/\/www.dakarmania.cz\/index.php\/2020\/10\/10\/v-kalendari-2020-dve-prosincove-baji\/\"},\"author\":{\"name\":\"Zden\u011bk Zelenka\",\"@id\":\"https:\/\/www.dakarmania.cz\/#\/schema\/person\/04eb0e87a389631c2169c0dddae7ff1e\"},\"headline\":\"FIA p\u0159idala do kalend\u00e1\u0159e sv\u011btov\u00e9ho poh\u00e1ru 2020 dv\u011b prosincov\u00e9 baji\",\"datePublished\":\"2020-10-10T00:46:05+00:00\",\"dateModified\":\"2020-10-27T16:01:16+00:00\",\"mainEntityOfPage\":{\"@id\":\"https:\/\/www.dakarmania.cz\/index.php\/2020\/10\/10\/v-kalendari-2020-dve-prosincove-baji\/\"},\"wordCount\":481,\"commentCount\":0,\"publisher\":{\"@id\":\"https:\/\/www.dakarmania.cz\/#organization\"},\"image\":{\"@id\":\"https:\/\/www.dakarmania.cz\/index.php\/2020\/10\/10\/v-kalendari-2020-dve-prosincove-baji\/#primaryimage\"},\"thumbnailUrl\":\"https:\/\/www.dakarmania.cz\/wp-content\/uploads\/2020\/02\/20-hail-zapletal-01.jpg\",\"keywords\":[\"2020\",\"2021\",\"FIA\",\"SP FIA baja\",\"SP FIA baja 2020\",\"SP FIA baja 2021\",\"SP FIA CCR\",\"SP FIA CCR 2020\",\"SP FIA CCR 2021\"],\"articleSection\":[\"Auto\",\"FIA SP baja\",\"FIA SP CCR\"],\"inLanguage\":\"cs\",\"potentialAction\":[{\"@type\":\"CommentAction\",\"name\":\"Comment\",\"target\":[\"https:\/\/www.dakarmania.cz\/index.php\/2020\/10\/10\/v-kalendari-2020-dve-prosincove-baji\/#respond\"]}]},{\"@type\":\"WebPage\",\"@id\":\"https:\/\/www.dakarmania.cz\/index.php\/2020\/10\/10\/v-kalendari-2020-dve-prosincove-baji\/\",\"url\":\"https:\/\/www.dakarmania.cz\/index.php\/2020\/10\/10\/v-kalendari-2020-dve-prosincove-baji\/\",\"name\":\"FIA p\u0159idala do kalend\u00e1\u0159e sv\u011btov\u00e9ho poh\u00e1ru 2020 dv\u011b prosincov\u00e9 baji - DAKARMANIA.cz\",\"isPartOf\":{\"@id\":\"https:\/\/www.dakarmania.cz\/#website\"},\"primaryImageOfPage\":{\"@id\":\"https:\/\/www.dakarmania.cz\/index.php\/2020\/10\/10\/v-kalendari-2020-dve-prosincove-baji\/#primaryimage\"},\"image\":{\"@id\":\"https:\/\/www.dakarmania.cz\/index.php\/2020\/10\/10\/v-kalendari-2020-dve-prosincove-baji\/#primaryimage\"},\"thumbnailUrl\":\"https:\/\/www.dakarmania.cz\/wp-content\/uploads\/2020\/02\/20-hail-zapletal-01.jpg\",\"datePublished\":\"2020-10-10T00:46:05+00:00\",\"dateModified\":\"2020-10-27T16:01:16+00:00\",\"description\":\"Sv\u011btov\u00e1 rada motoristick\u00e9ho sportu FIA schv\u00e1lila upraven\u00fd kalend\u00e1\u0159 SP FIA v baj\u00e1ch 2020, do n\u011bho\u017e p\u0159ibyly dva podniky v Sa\u00fadsk\u00e9 Ar\u00e1bii.\",\"breadcrumb\":{\"@id\":\"https:\/\/www.dakarmania.cz\/index.php\/2020\/10\/10\/v-kalendari-2020-dve-prosincove-baji\/#breadcrumb\"},\"inLanguage\":\"cs\",\"potentialAction\":[{\"@type\":\"ReadAction\",\"target\":[\"https:\/\/www.dakarmania.cz\/index.php\/2020\/10\/10\/v-kalendari-2020-dve-prosincove-baji\/\"]}]},{\"@type\":\"ImageObject\",\"inLanguage\":\"cs\",\"@id\":\"https:\/\/www.dakarmania.cz\/index.php\/2020\/10\/10\/v-kalendari-2020-dve-prosincove-baji\/#primaryimage\",\"url\":\"https:\/\/www.dakarmania.cz\/wp-content\/uploads\/2020\/02\/20-hail-zapletal-01.jpg\",\"contentUrl\":\"https:\/\/www.dakarmania.cz\/wp-content\/uploads\/2020\/02\/20-hail-zapletal-01.jpg\",\"width\":1024,\"height\":683,\"caption\":\"Miroslav Zapletal\/Marek S\u00fdkora, Ford F-150 Evo, Offroadsport. Ha\u2019il Rally 2020. \u00a9 NDP Publicity Services\"},{\"@type\":\"BreadcrumbList\",\"@id\":\"https:\/\/www.dakarmania.cz\/index.php\/2020\/10\/10\/v-kalendari-2020-dve-prosincove-baji\/#breadcrumb\",\"itemListElement\":[{\"@type\":\"ListItem\",\"position\":1,\"name\":\"Dom\u016f\",\"item\":\"https:\/\/www.dakarmania.cz\/\"},{\"@type\":\"ListItem\",\"position\":2,\"name\":\"FIA p\u0159idala do kalend\u00e1\u0159e sv\u011btov\u00e9ho poh\u00e1ru 2020 dv\u011b prosincov\u00e9 baji\"}]},{\"@type\":\"WebSite\",\"@id\":\"https:\/\/www.dakarmania.cz\/#website\",\"url\":\"https:\/\/www.dakarmania.cz\/\",\"name\":\"DAKARMANIA.cz\",\"description\":\"\u017dijeme Dakarem cel\u00fd rok\",\"publisher\":{\"@id\":\"https:\/\/www.dakarmania.cz\/#organization\"},\"potentialAction\":[{\"@type\":\"SearchAction\",\"target\":{\"@type\":\"EntryPoint\",\"urlTemplate\":\"https:\/\/www.dakarmania.cz\/?s={search_term_string}\"},\"query-input\":{\"@type\":\"PropertyValueSpecification\",\"valueRequired\":true,\"valueName\":\"search_term_string\"}}],\"inLanguage\":\"cs\"},{\"@type\":\"Organization\",\"@id\":\"https:\/\/www.dakarmania.cz\/#organization\",\"name\":\"DAKAR MANIA\",\"url\":\"https:\/\/www.dakarmania.cz\/\",\"logo\":{\"@type\":\"ImageObject\",\"inLanguage\":\"cs\",\"@id\":\"https:\/\/www.dakarmania.cz\/#\/schema\/logo\/image\/\",\"url\":\"https:\/\/www.dakarmania.cz\/wp-content\/uploads\/2018\/12\/Dakar-Mania-Logo-Square-Orange.png\",\"contentUrl\":\"https:\/\/www.dakarmania.cz\/wp-content\/uploads\/2018\/12\/Dakar-Mania-Logo-Square-Orange.png\",\"width\":992,\"height\":992,\"caption\":\"DAKAR MANIA\"},\"image\":{\"@id\":\"https:\/\/www.dakarmania.cz\/#\/schema\/logo\/image\/\"},\"sameAs\":[\"https:\/\/www.facebook.com\/dakarmania\/\"]},{\"@type\":\"Person\",\"@id\":\"https:\/\/www.dakarmania.cz\/#\/schema\/person\/04eb0e87a389631c2169c0dddae7ff1e\",\"name\":\"Zden\u011bk Zelenka\",\"image\":{\"@type\":\"ImageObject\",\"inLanguage\":\"cs\",\"@id\":\"https:\/\/www.dakarmania.cz\/#\/schema\/person\/image\/\",\"url\":\"https:\/\/secure.gravatar.com\/avatar\/2c80d5a4942fe0900b73cc7d3837a509d6ee0a276a2b76dac95c92bd0763a89b?s=96&d=mm&r=g\",\"contentUrl\":\"https:\/\/secure.gravatar.com\/avatar\/2c80d5a4942fe0900b73cc7d3837a509d6ee0a276a2b76dac95c92bd0763a89b?s=96&d=mm&r=g\",\"caption\":\"Zden\u011bk Zelenka\"},\"description\":\"Moji d\u011bt\u0161t\u00ed hrdinov\u00e9 se jmenovali Loprais, Moskal, Neveu, Vatanen, Rahier... A tihle borci, jejich n\u00e1sledovn\u00edci a jejich p\u0159\u00edb\u011bhy m\u011b nep\u0159estali fascinovat ani po letech, kdy jsem vyrostl a zam\u011bstn\u00e1valy m\u011b jin\u00e9 discipl\u00edny motorsportu. Proto se zrodila DAKARMANIA.\",\"url\":\"https:\/\/www.dakarmania.cz\/index.php\/author\/dakarmania\/\"}]}<\/script>\n<!-- \/ Yoast SEO plugin. -->","yoast_head_json":{"title":"FIA p\u0159idala do kalend\u00e1\u0159e sv\u011btov\u00e9ho poh\u00e1ru 2020 dv\u011b prosincov\u00e9 baji - DAKARMANIA.cz","description":"Sv\u011btov\u00e1 rada motoristick\u00e9ho sportu FIA schv\u00e1lila upraven\u00fd kalend\u00e1\u0159 SP FIA v baj\u00e1ch 2020, do n\u011bho\u017e p\u0159ibyly dva podniky v Sa\u00fadsk\u00e9 Ar\u00e1bii.","robots":{"index":"index","follow":"follow","max-snippet":"max-snippet:-1","max-image-preview":"max-image-preview:large","max-video-preview":"max-video-preview:-1"},"canonical":"https:\/\/www.dakarmania.cz\/index.php\/2020\/10\/10\/v-kalendari-2020-dve-prosincove-baji\/","og_locale":"cs_CZ","og_type":"article","og_title":"FIA p\u0159idala do kalend\u00e1\u0159e sv\u011btov\u00e9ho poh\u00e1ru 2020 dv\u011b prosincov\u00e9 baji - DAKARMANIA.cz","og_description":"Sv\u011btov\u00e1 rada motoristick\u00e9ho sportu FIA schv\u00e1lila upraven\u00fd kalend\u00e1\u0159 SP FIA v baj\u00e1ch 2020, do n\u011bho\u017e p\u0159ibyly dva podniky v Sa\u00fadsk\u00e9 Ar\u00e1bii.","og_url":"https:\/\/www.dakarmania.cz\/index.php\/2020\/10\/10\/v-kalendari-2020-dve-prosincove-baji\/","og_site_name":"DAKARMANIA.cz","article_publisher":"https:\/\/www.facebook.com\/dakarmania\/","article_published_time":"2020-10-10T00:46:05+00:00","article_modified_time":"2020-10-27T16:01:16+00:00","og_image":[{"width":1024,"height":683,"url":"https:\/\/www.dakarmania.cz\/wp-content\/uploads\/2020\/02\/20-hail-zapletal-01.jpg","type":"image\/jpeg"}],"author":"Zden\u011bk Zelenka","twitter_card":"summary_large_image","twitter_misc":{"Napsal(a)":"Zden\u011bk Zelenka","Odhadovan\u00e1 doba \u010dten\u00ed":"2 minuty"},"schema":{"@context":"https:\/\/schema.org","@graph":[{"@type":"Article","@id":"https:\/\/www.dakarmania.cz\/index.php\/2020\/10\/10\/v-kalendari-2020-dve-prosincove-baji\/#article","isPartOf":{"@id":"https:\/\/www.dakarmania.cz\/index.php\/2020\/10\/10\/v-kalendari-2020-dve-prosincove-baji\/"},"author":{"name":"Zden\u011bk Zelenka","@id":"https:\/\/www.dakarmania.cz\/#\/schema\/person\/04eb0e87a389631c2169c0dddae7ff1e"},"headline":"FIA p\u0159idala do kalend\u00e1\u0159e sv\u011btov\u00e9ho poh\u00e1ru 2020 dv\u011b prosincov\u00e9 baji","datePublished":"2020-10-10T00:46:05+00:00","dateModified":"2020-10-27T16:01:16+00:00","mainEntityOfPage":{"@id":"https:\/\/www.dakarmania.cz\/index.php\/2020\/10\/10\/v-kalendari-2020-dve-prosincove-baji\/"},"wordCount":481,"commentCount":0,"publisher":{"@id":"https:\/\/www.dakarmania.cz\/#organization"},"image":{"@id":"https:\/\/www.dakarmania.cz\/index.php\/2020\/10\/10\/v-kalendari-2020-dve-prosincove-baji\/#primaryimage"},"thumbnailUrl":"https:\/\/www.dakarmania.cz\/wp-content\/uploads\/2020\/02\/20-hail-zapletal-01.jpg","keywords":["2020","2021","FIA","SP FIA baja","SP FIA baja 2020","SP FIA baja 2021","SP FIA CCR","SP FIA CCR 2020","SP FIA CCR 2021"],"articleSection":["Auto","FIA SP baja","FIA SP CCR"],"inLanguage":"cs","potentialAction":[{"@type":"CommentAction","name":"Comment","target":["https:\/\/www.dakarmania.cz\/index.php\/2020\/10\/10\/v-kalendari-2020-dve-prosincove-baji\/#respond"]}]},{"@type":"WebPage","@id":"https:\/\/www.dakarmania.cz\/index.php\/2020\/10\/10\/v-kalendari-2020-dve-prosincove-baji\/","url":"https:\/\/www.dakarmania.cz\/index.php\/2020\/10\/10\/v-kalendari-2020-dve-prosincove-baji\/","name":"FIA p\u0159idala do kalend\u00e1\u0159e sv\u011btov\u00e9ho poh\u00e1ru 2020 dv\u011b prosincov\u00e9 baji - DAKARMANIA.cz","isPartOf":{"@id":"https:\/\/www.dakarmania.cz\/#website"},"primaryImageOfPage":{"@id":"https:\/\/www.dakarmania.cz\/index.php\/2020\/10\/10\/v-kalendari-2020-dve-prosincove-baji\/#primaryimage"},"image":{"@id":"https:\/\/www.dakarmania.cz\/index.php\/2020\/10\/10\/v-kalendari-2020-dve-prosincove-baji\/#primaryimage"},"thumbnailUrl":"https:\/\/www.dakarmania.cz\/wp-content\/uploads\/2020\/02\/20-hail-zapletal-01.jpg","datePublished":"2020-10-10T00:46:05+00:00","dateModified":"2020-10-27T16:01:16+00:00","description":"Sv\u011btov\u00e1 rada motoristick\u00e9ho sportu FIA schv\u00e1lila upraven\u00fd kalend\u00e1\u0159 SP FIA v baj\u00e1ch 2020, do n\u011bho\u017e p\u0159ibyly dva podniky v Sa\u00fadsk\u00e9 Ar\u00e1bii.","breadcrumb":{"@id":"https:\/\/www.dakarmania.cz\/index.php\/2020\/10\/10\/v-kalendari-2020-dve-prosincove-baji\/#breadcrumb"},"inLanguage":"cs","potentialAction":[{"@type":"ReadAction","target":["https:\/\/www.dakarmania.cz\/index.php\/2020\/10\/10\/v-kalendari-2020-dve-prosincove-baji\/"]}]},{"@type":"ImageObject","inLanguage":"cs","@id":"https:\/\/www.dakarmania.cz\/index.php\/2020\/10\/10\/v-kalendari-2020-dve-prosincove-baji\/#primaryimage","url":"https:\/\/www.dakarmania.cz\/wp-content\/uploads\/2020\/02\/20-hail-zapletal-01.jpg","contentUrl":"https:\/\/www.dakarmania.cz\/wp-content\/uploads\/2020\/02\/20-hail-zapletal-01.jpg","width":1024,"height":683,"caption":"Miroslav Zapletal\/Marek S\u00fdkora, Ford F-150 Evo, Offroadsport. Ha\u2019il Rally 2020. \u00a9 NDP Publicity Services"},{"@type":"BreadcrumbList","@id":"https:\/\/www.dakarmania.cz\/index.php\/2020\/10\/10\/v-kalendari-2020-dve-prosincove-baji\/#breadcrumb","itemListElement":[{"@type":"ListItem","position":1,"name":"Dom\u016f","item":"https:\/\/www.dakarmania.cz\/"},{"@type":"ListItem","position":2,"name":"FIA p\u0159idala do kalend\u00e1\u0159e sv\u011btov\u00e9ho poh\u00e1ru 2020 dv\u011b prosincov\u00e9 baji"}]},{"@type":"WebSite","@id":"https:\/\/www.dakarmania.cz\/#website","url":"https:\/\/www.dakarmania.cz\/","name":"DAKARMANIA.cz","description":"\u017dijeme Dakarem cel\u00fd rok","publisher":{"@id":"https:\/\/www.dakarmania.cz\/#organization"},"potentialAction":[{"@type":"SearchAction","target":{"@type":"EntryPoint","urlTemplate":"https:\/\/www.dakarmania.cz\/?s={search_term_string}"},"query-input":{"@type":"PropertyValueSpecification","valueRequired":true,"valueName":"search_term_string"}}],"inLanguage":"cs"},{"@type":"Organization","@id":"https:\/\/www.dakarmania.cz\/#organization","name":"DAKAR MANIA","url":"https:\/\/www.dakarmania.cz\/","logo":{"@type":"ImageObject","inLanguage":"cs","@id":"https:\/\/www.dakarmania.cz\/#\/schema\/logo\/image\/","url":"https:\/\/www.dakarmania.cz\/wp-content\/uploads\/2018\/12\/Dakar-Mania-Logo-Square-Orange.png","contentUrl":"https:\/\/www.dakarmania.cz\/wp-content\/uploads\/2018\/12\/Dakar-Mania-Logo-Square-Orange.png","width":992,"height":992,"caption":"DAKAR MANIA"},"image":{"@id":"https:\/\/www.dakarmania.cz\/#\/schema\/logo\/image\/"},"sameAs":["https:\/\/www.facebook.com\/dakarmania\/"]},{"@type":"Person","@id":"https:\/\/www.dakarmania.cz\/#\/schema\/person\/04eb0e87a389631c2169c0dddae7ff1e","name":"Zden\u011bk Zelenka","image":{"@type":"ImageObject","inLanguage":"cs","@id":"https:\/\/www.dakarmania.cz\/#\/schema\/person\/image\/","url":"https:\/\/secure.gravatar.com\/avatar\/2c80d5a4942fe0900b73cc7d3837a509d6ee0a276a2b76dac95c92bd0763a89b?s=96&d=mm&r=g","contentUrl":"https:\/\/secure.gravatar.com\/avatar\/2c80d5a4942fe0900b73cc7d3837a509d6ee0a276a2b76dac95c92bd0763a89b?s=96&d=mm&r=g","caption":"Zden\u011bk Zelenka"},"description":"Moji d\u011bt\u0161t\u00ed hrdinov\u00e9 se jmenovali Loprais, Moskal, Neveu, Vatanen, Rahier... A tihle borci, jejich n\u00e1sledovn\u00edci a jejich p\u0159\u00edb\u011bhy m\u011b nep\u0159estali fascinovat ani po letech, kdy jsem vyrostl a zam\u011bstn\u00e1valy m\u011b jin\u00e9 discipl\u00edny motorsportu. Proto se zrodila DAKARMANIA.","url":"https:\/\/www.dakarmania.cz\/index.php\/author\/dakarmania\/"}]}},"amp_enabled":true,"_links":{"self":[{"href":"https:\/\/www.dakarmania.cz\/index.php\/wp-json\/wp\/v2\/posts\/16962","targetHints":{"allow":["GET"]}}],"collection":[{"href":"https:\/\/www.dakarmania.cz\/index.php\/wp-json\/wp\/v2\/posts"}],"about":[{"href":"https:\/\/www.dakarmania.cz\/index.php\/wp-json\/wp\/v2\/types\/post"}],"author":[{"embeddable":true,"href":"https:\/\/www.dakarmania.cz\/index.php\/wp-json\/wp\/v2\/users\/1"}],"replies":[{"embeddable":true,"href":"https:\/\/www.dakarmania.cz\/index.php\/wp-json\/wp\/v2\/comments?post=16962"}],"version-history":[{"count":1,"href":"https:\/\/www.dakarmania.cz\/index.php\/wp-json\/wp\/v2\/posts\/16962\/revisions"}],"predecessor-version":[{"id":16964,"href":"https:\/\/www.dakarmania.cz\/index.php\/wp-json\/wp\/v2\/posts\/16962\/revisions\/16964"}],"wp:featuredmedia":[{"embeddable":true,"href":"https:\/\/www.dakarmania.cz\/index.php\/wp-json\/wp\/v2\/media\/15321"}],"wp:attachment":[{"href":"https:\/\/www.dakarmania.cz\/index.php\/wp-json\/wp\/v2\/media?parent=16962"}],"wp:term":[{"taxonomy":"category","embeddable":true,"href":"https:\/\/www.dakarmania.cz\/index.php\/wp-json\/wp\/v2\/categories?post=16962"},{"taxonomy":"post_tag","embeddable":true,"href":"https:\/\/www.dakarmania.cz\/index.php\/wp-json\/wp\/v2\/tags?post=16962"}],"curies":[{"name":"wp","href":"https:\/\/api.w.org\/{rel}","templated":true}]}}