{"id":17062,"date":"2020-10-27T14:46:39","date_gmt":"2020-10-27T13:46:39","guid":{"rendered":"https:\/\/www.dakarmania.cz\/?p=17062"},"modified":"2023-03-19T11:41:01","modified_gmt":"2023-03-19T10:41:01","slug":"dubajska-baja-zrusena","status":"publish","type":"post","link":"https:\/\/www.dakarmania.cz\/index.php\/2020\/10\/27\/dubajska-baja-zrusena\/","title":{"rendered":"Dubajsk\u00e1 baja zru\u0161ena"},"content":{"rendered":"<p>[vc_row][vc_column][vc_column_text css_animation=&#8221;fadeIn&#8221;]<\/p>\n<h3>Dubai International Baja se nepojede ani v n\u00e1hradn\u00edm term\u00ednu. Organiz\u00e1to\u0159i sout\u011b\u017ee, kter\u00e1 byla z p\u016fvodn\u00edho jarn\u00edho term\u00ednu p\u0159elo\u017eena na konec listopadu, rozhodli o definitivn\u00edm zru\u0161en\u00ed leto\u0161n\u00edho ro\u010dn\u00edku.<\/h3>\n<p>[\/vc_column_text][vc_single_image image=&#8221;4091&#8243; img_size=&#8221;large&#8221; add_caption=&#8221;yes&#8221; alignment=&#8221;center&#8221; onclick=&#8221;link_image&#8221; css_animation=&#8221;fadeIn&#8221;][vc_column_text css_animation=&#8221;fadeIn&#8221;]D\u016fvodem zru\u0161en\u00ed Dubajsk\u00e9 baji je aktu\u00e1ln\u00ed v\u00fdvoj situace kolem \u0161\u00ed\u0159en\u00ed nemoci covid-19. Z\u00e1vod ve Spojen\u00fdch arabsk\u00fdch emir\u00e1tech m\u011bl b\u00fdt sou\u010d\u00e1st\u00ed kalend\u00e1\u0159e sv\u011btov\u00e9ho poh\u00e1ru FIM i FIA v baj\u00e1ch. V d\u016fsledku rozhodnut\u00ed dojde k dal\u0161\u00ed redukci programu obou s\u00e9ri\u00ed.<\/p>\n<h4>Sv\u011btov\u00fd poh\u00e1r FIA v baj\u00e1ch<\/h4>\n<p>Automobilov\u00ed z\u00e1vodn\u00edci letos stihli odjet baji v Rusku a Polsku. O dal\u0161\u00ed body by m\u011bli bojovat je\u0161t\u011b na po\u010d\u00e1tku listopadu v portugalsk\u00e9m Portalegre a o m\u011bs\u00edc pozd\u011bji p\u0159i dvou samostatn\u00fdch podnic\u00edch v sa\u00fadskoarabsk\u00e9m Hailu.<\/p>\n<table style=\"width: 97.7654%;\" rules=\"rows\" cellpadding=\"4px\">\n<tbody>\n<tr style=\"background-color: #9e9d9d; color: white;\">\n<td style=\"text-align: center; width: 99.8484%;\" colspan=\"4\"><strong>AKTUALIZOVAN\u00dd KALEND\u00c1\u0158 SP FIA BAJA 2020<\/strong><\/td>\n<\/tr>\n<tr style=\"background-color: #f2f2f2;\">\n<td>06.02.2020<\/td>\n<td>09.02.2020<\/td>\n<td>Baja Russia &#8211; Northern Forest<\/td>\n<td class=\"nomobile\"><img decoding=\"async\" class=\"aligncenter\" src=\"\/wp-content\/uploads\/2019\/02\/flag-ru-18x12.png\" \/><\/td>\n<\/tr>\n<tr style=\"background-color: #dbd9d9;\">\n<td>03.09.2020<\/td>\n<td>06.09.2020<\/td>\n<td style=\"text-align: left;\">Baja Poland<\/td>\n<td class=\"nomobile\"><img decoding=\"async\" class=\"aligncenter\" src=\"\/wp-content\/uploads\/2019\/02\/flag-pl-18x12.png\" \/><\/td>\n<\/tr>\n<tr style=\"background-color: #f2f2f2;\">\n<td>05.11.2020<\/td>\n<td>07.11.2020<\/td>\n<td>Baja Portalegre<\/td>\n<td class=\"nomobile\"><img decoding=\"async\" class=\"aligncenter\" src=\"\/wp-content\/uploads\/2019\/02\/flag-pt-18x12.png\" \/><\/td>\n<\/tr>\n<tr style=\"background-color: #dbd9d9;\">\n<td>10.12.2020<\/td>\n<td>12.12.2020<\/td>\n<td>Baja Hail 1<\/td>\n<td class=\"nomobile\"><img decoding=\"async\" class=\"aligncenter\" src=\"\/wp-content\/uploads\/2019\/03\/flag-sa-18x12.png\" \/><\/td>\n<\/tr>\n<tr style=\"background-color: #f2f2f2;\">\n<td>14.12.2020<\/td>\n<td>16.12.2020<\/td>\n<td>Baja Hail 2<\/td>\n<td class=\"nomobile\"><img decoding=\"async\" class=\"aligncenter\" src=\"\/wp-content\/uploads\/2019\/03\/flag-sa-18x12.png\" \/><\/td>\n<\/tr>\n<\/tbody>\n<\/table>\n<p>[\/vc_column_text][vc_single_image image=&#8221;17061&#8243; img_size=&#8221;large&#8221; add_caption=&#8221;yes&#8221; alignment=&#8221;center&#8221; onclick=&#8221;custom_link&#8221; img_link_target=&#8221;_blank&#8221; css_animation=&#8221;fadeIn&#8221; link=&#8221;http:\/\/eshop.dakarmania.cz\/&#8221;][vc_column_text css_animation=&#8221;fadeIn&#8221;]Autoklub Spojen\u00fdch arabsk\u00fdch emir\u00e1t\u016f, kter\u00fd je po\u0159adatelem Dubajsk\u00e9 baji i Abu Dhabi Desert Challenge, usiluje o n\u00e1vrat obou z\u00e1vod\u016f na sv\u011btovou sc\u00e9nu v roce 2021. Podle informac\u00ed zve\u0159ejn\u011bn\u00fdch organiz\u00e1tory by Dubajsk\u00e1 baja m\u011bla v \u00fanoru otev\u00edrat SP FIA i SP FIM v baj\u00e1ch. V takov\u00e9m p\u0159\u00edpad\u011b by z automobilov\u00e9ho poh\u00e1ru z\u0159ejm\u011b vypadla zimn\u00ed Rusk\u00e1 baja.<\/p>\n<p>Abu Dhabi Desert Challenge by se m\u011bla uskute\u010dnit v listopadu. D\u00edky tomu by pro t\u00fdmy p\u0159edstavovala zaj\u00edmavou variantu z\u00e1v\u011bre\u010dn\u00e9 p\u0159\u00edpravy p\u0159ed n\u00e1sleduj\u00edc\u00edm ro\u010dn\u00edkem Rally Dakar.<\/p>\n<h4>Sv\u011btov\u00fd poh\u00e1r FIM v baj\u00e1ch<\/h4>\n<p>Motocyklist\u00e9 zm\u011b\u0159ili s\u00edly zat\u00edm pouze jednou p\u0159i z\u00e1\u0159ijov\u00e9 Baje TT do Pinhal v Portugalsku. Pokud nedojde k dal\u0161\u00edm zm\u011bn\u00e1m, odehraje se cel\u00fd sv\u011btov\u00fd poh\u00e1r FIM pouze v t\u00e9to zemi. Druh\u00fdm a posledn\u00edm podnikem m\u00e1 b\u00fdt ji\u017e zm\u00edn\u011bn\u00e1 Baja Portalegre.<\/p>\n<table style=\"width: 97.7654%;\" rules=\"rows\" cellpadding=\"4px\">\n<tbody>\n<tr style=\"background-color: #9e9d9d; color: white;\">\n<td style=\"text-align: center; width: 99.8484%;\" colspan=\"4\"><strong>AKTUALIZOVAN\u00dd KALEND\u00c1\u0158 SP FIM BAJA 2020<\/strong><\/td>\n<\/tr>\n<tr style=\"background-color: #f2f2f2;\">\n<td>19.09.2020<\/td>\n<td>20.09.2020<\/td>\n<td style=\"text-align: left;\">Baja TT do Pinhal<\/td>\n<td class=\"nomobile\"><img decoding=\"async\" class=\"aligncenter\" src=\"\/wp-content\/uploads\/2019\/02\/flag-pt-18x12.png\" \/><\/td>\n<\/tr>\n<tr style=\"background-color: #dbd9d9;\">\n<td>05.11.2020<\/td>\n<td>07.11.2020<\/td>\n<td>Baja Portalegre<\/td>\n<td class=\"nomobile\"><img decoding=\"async\" class=\"aligncenter\" src=\"\/wp-content\/uploads\/2019\/02\/flag-pt-18x12.png\" \/><\/td>\n<\/tr>\n<\/tbody>\n<\/table>\n<p>[\/vc_column_text][vc_empty_space height=&#8221;2px&#8221;][\/vc_column][\/vc_row]<\/p>\n","protected":false},"excerpt":{"rendered":"<p>Dubai International Baja se nepojede ani v n\u00e1hradn\u00edm term\u00ednu. Organiz\u00e1to\u0159i sout\u011b\u017ee rozhodli o definitivn\u00edm zru\u0161en\u00ed leto\u0161n\u00edho ro\u010dn\u00edku.<\/p>\n","protected":false},"author":1,"featured_media":4091,"comment_status":"closed","ping_status":"closed","sticky":false,"template":"","format":"standard","meta":{"footnotes":""},"categories":[3,98,155,15],"tags":[903,333,1737,106,1728,157,1729],"class_list":["post-17062","post","type-post","status-publish","format-standard","has-post-thumbnail","hentry","category-auto","category-fia-baja","category-fim-baja","category-moto-quad","tag-903","tag-dubai-baja","tag-dubai-baja-2020","tag-sp-fia-baja","tag-sp-fia-baja-2020","tag-sp-fim-baja","tag-sp-fim-baja-2020"],"yoast_head":"<!-- This site is optimized with the Yoast SEO plugin v24.9 - https:\/\/yoast.com\/wordpress\/plugins\/seo\/ -->\n<title>Dubajsk\u00e1 baja zru\u0161ena - DAKARMANIA.cz<\/title>\n<meta name=\"description\" content=\"Dubai International Baja se nepojede ani v n\u00e1hradn\u00edm term\u00ednu. Organiz\u00e1to\u0159i sout\u011b\u017ee rozhodli o definitivn\u00edm zru\u0161en\u00ed leto\u0161n\u00edho ro\u010dn\u00edku.\" \/>\n<meta name=\"robots\" content=\"index, follow, max-snippet:-1, max-image-preview:large, max-video-preview:-1\" \/>\n<link rel=\"canonical\" href=\"https:\/\/www.dakarmania.cz\/index.php\/2020\/10\/27\/dubajska-baja-zrusena\/\" \/>\n<meta property=\"og:locale\" content=\"cs_CZ\" \/>\n<meta property=\"og:type\" content=\"article\" \/>\n<meta property=\"og:title\" content=\"Dubajsk\u00e1 baja zru\u0161ena - DAKARMANIA.cz\" \/>\n<meta property=\"og:description\" content=\"Dubai International Baja se nepojede ani v n\u00e1hradn\u00edm term\u00ednu. Organiz\u00e1to\u0159i sout\u011b\u017ee rozhodli o definitivn\u00edm zru\u0161en\u00ed leto\u0161n\u00edho ro\u010dn\u00edku.\" \/>\n<meta property=\"og:url\" content=\"https:\/\/www.dakarmania.cz\/index.php\/2020\/10\/27\/dubajska-baja-zrusena\/\" \/>\n<meta property=\"og:site_name\" content=\"DAKARMANIA.cz\" \/>\n<meta property=\"article:publisher\" content=\"https:\/\/www.facebook.com\/dakarmania\/\" \/>\n<meta property=\"article:published_time\" content=\"2020-10-27T13:46:39+00:00\" \/>\n<meta property=\"article:modified_time\" content=\"2023-03-19T10:41:01+00:00\" \/>\n<meta property=\"og:image\" content=\"https:\/\/www.dakarmania.cz\/wp-content\/uploads\/2019\/03\/19-dubai-prokop-03.jpg\" \/>\n\t<meta property=\"og:image:width\" content=\"2048\" \/>\n\t<meta property=\"og:image:height\" content=\"1463\" \/>\n\t<meta property=\"og:image:type\" content=\"image\/jpeg\" \/>\n<meta name=\"author\" content=\"Zden\u011bk Zelenka\" \/>\n<meta name=\"twitter:card\" content=\"summary_large_image\" \/>\n<meta name=\"twitter:label1\" content=\"Napsal(a)\" \/>\n\t<meta name=\"twitter:data1\" content=\"Zden\u011bk Zelenka\" \/>\n\t<meta name=\"twitter:label2\" content=\"Odhadovan\u00e1 doba \u010dten\u00ed\" \/>\n\t<meta name=\"twitter:data2\" content=\"4 minuty\" \/>\n<script type=\"application\/ld+json\" class=\"yoast-schema-graph\">{\"@context\":\"https:\/\/schema.org\",\"@graph\":[{\"@type\":\"Article\",\"@id\":\"https:\/\/www.dakarmania.cz\/index.php\/2020\/10\/27\/dubajska-baja-zrusena\/#article\",\"isPartOf\":{\"@id\":\"https:\/\/www.dakarmania.cz\/index.php\/2020\/10\/27\/dubajska-baja-zrusena\/\"},\"author\":{\"name\":\"Zden\u011bk Zelenka\",\"@id\":\"https:\/\/www.dakarmania.cz\/#\/schema\/person\/04eb0e87a389631c2169c0dddae7ff1e\"},\"headline\":\"Dubajsk\u00e1 baja zru\u0161ena\",\"datePublished\":\"2020-10-27T13:46:39+00:00\",\"dateModified\":\"2023-03-19T10:41:01+00:00\",\"mainEntityOfPage\":{\"@id\":\"https:\/\/www.dakarmania.cz\/index.php\/2020\/10\/27\/dubajska-baja-zrusena\/\"},\"wordCount\":453,\"publisher\":{\"@id\":\"https:\/\/www.dakarmania.cz\/#organization\"},\"image\":{\"@id\":\"https:\/\/www.dakarmania.cz\/index.php\/2020\/10\/27\/dubajska-baja-zrusena\/#primaryimage\"},\"thumbnailUrl\":\"https:\/\/www.dakarmania.cz\/wp-content\/uploads\/2019\/03\/19-dubai-prokop-03.jpg\",\"keywords\":[\"2020\",\"Dubai Baja\",\"Dubai Baja 2020\",\"SP FIA baja\",\"SP FIA baja 2020\",\"SP FIM baja\",\"SP FIM baja 2020\"],\"articleSection\":[\"Auto\",\"FIA SP baja\",\"FIM SP baja\",\"Moto\/Quad\"],\"inLanguage\":\"cs\"},{\"@type\":\"WebPage\",\"@id\":\"https:\/\/www.dakarmania.cz\/index.php\/2020\/10\/27\/dubajska-baja-zrusena\/\",\"url\":\"https:\/\/www.dakarmania.cz\/index.php\/2020\/10\/27\/dubajska-baja-zrusena\/\",\"name\":\"Dubajsk\u00e1 baja zru\u0161ena - DAKARMANIA.cz\",\"isPartOf\":{\"@id\":\"https:\/\/www.dakarmania.cz\/#website\"},\"primaryImageOfPage\":{\"@id\":\"https:\/\/www.dakarmania.cz\/index.php\/2020\/10\/27\/dubajska-baja-zrusena\/#primaryimage\"},\"image\":{\"@id\":\"https:\/\/www.dakarmania.cz\/index.php\/2020\/10\/27\/dubajska-baja-zrusena\/#primaryimage\"},\"thumbnailUrl\":\"https:\/\/www.dakarmania.cz\/wp-content\/uploads\/2019\/03\/19-dubai-prokop-03.jpg\",\"datePublished\":\"2020-10-27T13:46:39+00:00\",\"dateModified\":\"2023-03-19T10:41:01+00:00\",\"description\":\"Dubai International Baja se nepojede ani v n\u00e1hradn\u00edm term\u00ednu. Organiz\u00e1to\u0159i sout\u011b\u017ee rozhodli o definitivn\u00edm zru\u0161en\u00ed leto\u0161n\u00edho ro\u010dn\u00edku.\",\"breadcrumb\":{\"@id\":\"https:\/\/www.dakarmania.cz\/index.php\/2020\/10\/27\/dubajska-baja-zrusena\/#breadcrumb\"},\"inLanguage\":\"cs\",\"potentialAction\":[{\"@type\":\"ReadAction\",\"target\":[\"https:\/\/www.dakarmania.cz\/index.php\/2020\/10\/27\/dubajska-baja-zrusena\/\"]}]},{\"@type\":\"ImageObject\",\"inLanguage\":\"cs\",\"@id\":\"https:\/\/www.dakarmania.cz\/index.php\/2020\/10\/27\/dubajska-baja-zrusena\/#primaryimage\",\"url\":\"https:\/\/www.dakarmania.cz\/wp-content\/uploads\/2019\/03\/19-dubai-prokop-03.jpg\",\"contentUrl\":\"https:\/\/www.dakarmania.cz\/wp-content\/uploads\/2019\/03\/19-dubai-prokop-03.jpg\",\"width\":2048,\"height\":1463,\"caption\":\"Martin Prokop \/ David K\u0159\u00edpal, Ford Raptor RS Cross-Country, MP-Sports. Dubai International Baja 2019. \u00a9 MP-Sports\"},{\"@type\":\"BreadcrumbList\",\"@id\":\"https:\/\/www.dakarmania.cz\/index.php\/2020\/10\/27\/dubajska-baja-zrusena\/#breadcrumb\",\"itemListElement\":[{\"@type\":\"ListItem\",\"position\":1,\"name\":\"Dom\u016f\",\"item\":\"https:\/\/www.dakarmania.cz\/\"},{\"@type\":\"ListItem\",\"position\":2,\"name\":\"Dubajsk\u00e1 baja zru\u0161ena\"}]},{\"@type\":\"WebSite\",\"@id\":\"https:\/\/www.dakarmania.cz\/#website\",\"url\":\"https:\/\/www.dakarmania.cz\/\",\"name\":\"DAKARMANIA.cz\",\"description\":\"\u017dijeme Dakarem cel\u00fd rok\",\"publisher\":{\"@id\":\"https:\/\/www.dakarmania.cz\/#organization\"},\"potentialAction\":[{\"@type\":\"SearchAction\",\"target\":{\"@type\":\"EntryPoint\",\"urlTemplate\":\"https:\/\/www.dakarmania.cz\/?s={search_term_string}\"},\"query-input\":{\"@type\":\"PropertyValueSpecification\",\"valueRequired\":true,\"valueName\":\"search_term_string\"}}],\"inLanguage\":\"cs\"},{\"@type\":\"Organization\",\"@id\":\"https:\/\/www.dakarmania.cz\/#organization\",\"name\":\"DAKAR MANIA\",\"url\":\"https:\/\/www.dakarmania.cz\/\",\"logo\":{\"@type\":\"ImageObject\",\"inLanguage\":\"cs\",\"@id\":\"https:\/\/www.dakarmania.cz\/#\/schema\/logo\/image\/\",\"url\":\"https:\/\/www.dakarmania.cz\/wp-content\/uploads\/2018\/12\/Dakar-Mania-Logo-Square-Orange.png\",\"contentUrl\":\"https:\/\/www.dakarmania.cz\/wp-content\/uploads\/2018\/12\/Dakar-Mania-Logo-Square-Orange.png\",\"width\":992,\"height\":992,\"caption\":\"DAKAR MANIA\"},\"image\":{\"@id\":\"https:\/\/www.dakarmania.cz\/#\/schema\/logo\/image\/\"},\"sameAs\":[\"https:\/\/www.facebook.com\/dakarmania\/\"]},{\"@type\":\"Person\",\"@id\":\"https:\/\/www.dakarmania.cz\/#\/schema\/person\/04eb0e87a389631c2169c0dddae7ff1e\",\"name\":\"Zden\u011bk Zelenka\",\"image\":{\"@type\":\"ImageObject\",\"inLanguage\":\"cs\",\"@id\":\"https:\/\/www.dakarmania.cz\/#\/schema\/person\/image\/\",\"url\":\"https:\/\/secure.gravatar.com\/avatar\/2c80d5a4942fe0900b73cc7d3837a509d6ee0a276a2b76dac95c92bd0763a89b?s=96&d=mm&r=g\",\"contentUrl\":\"https:\/\/secure.gravatar.com\/avatar\/2c80d5a4942fe0900b73cc7d3837a509d6ee0a276a2b76dac95c92bd0763a89b?s=96&d=mm&r=g\",\"caption\":\"Zden\u011bk Zelenka\"},\"description\":\"Moji d\u011bt\u0161t\u00ed hrdinov\u00e9 se jmenovali Loprais, Moskal, Neveu, Vatanen, Rahier... A tihle borci, jejich n\u00e1sledovn\u00edci a jejich p\u0159\u00edb\u011bhy m\u011b nep\u0159estali fascinovat ani po letech, kdy jsem vyrostl a zam\u011bstn\u00e1valy m\u011b jin\u00e9 discipl\u00edny motorsportu. Proto se zrodila DAKARMANIA.\",\"url\":\"https:\/\/www.dakarmania.cz\/index.php\/author\/dakarmania\/\"}]}<\/script>\n<!-- \/ Yoast SEO plugin. -->","yoast_head_json":{"title":"Dubajsk\u00e1 baja zru\u0161ena - DAKARMANIA.cz","description":"Dubai International Baja se nepojede ani v n\u00e1hradn\u00edm term\u00ednu. Organiz\u00e1to\u0159i sout\u011b\u017ee rozhodli o definitivn\u00edm zru\u0161en\u00ed leto\u0161n\u00edho ro\u010dn\u00edku.","robots":{"index":"index","follow":"follow","max-snippet":"max-snippet:-1","max-image-preview":"max-image-preview:large","max-video-preview":"max-video-preview:-1"},"canonical":"https:\/\/www.dakarmania.cz\/index.php\/2020\/10\/27\/dubajska-baja-zrusena\/","og_locale":"cs_CZ","og_type":"article","og_title":"Dubajsk\u00e1 baja zru\u0161ena - DAKARMANIA.cz","og_description":"Dubai International Baja se nepojede ani v n\u00e1hradn\u00edm term\u00ednu. Organiz\u00e1to\u0159i sout\u011b\u017ee rozhodli o definitivn\u00edm zru\u0161en\u00ed leto\u0161n\u00edho ro\u010dn\u00edku.","og_url":"https:\/\/www.dakarmania.cz\/index.php\/2020\/10\/27\/dubajska-baja-zrusena\/","og_site_name":"DAKARMANIA.cz","article_publisher":"https:\/\/www.facebook.com\/dakarmania\/","article_published_time":"2020-10-27T13:46:39+00:00","article_modified_time":"2023-03-19T10:41:01+00:00","og_image":[{"width":2048,"height":1463,"url":"https:\/\/www.dakarmania.cz\/wp-content\/uploads\/2019\/03\/19-dubai-prokop-03.jpg","type":"image\/jpeg"}],"author":"Zden\u011bk Zelenka","twitter_card":"summary_large_image","twitter_misc":{"Napsal(a)":"Zden\u011bk Zelenka","Odhadovan\u00e1 doba \u010dten\u00ed":"4 minuty"},"schema":{"@context":"https:\/\/schema.org","@graph":[{"@type":"Article","@id":"https:\/\/www.dakarmania.cz\/index.php\/2020\/10\/27\/dubajska-baja-zrusena\/#article","isPartOf":{"@id":"https:\/\/www.dakarmania.cz\/index.php\/2020\/10\/27\/dubajska-baja-zrusena\/"},"author":{"name":"Zden\u011bk Zelenka","@id":"https:\/\/www.dakarmania.cz\/#\/schema\/person\/04eb0e87a389631c2169c0dddae7ff1e"},"headline":"Dubajsk\u00e1 baja zru\u0161ena","datePublished":"2020-10-27T13:46:39+00:00","dateModified":"2023-03-19T10:41:01+00:00","mainEntityOfPage":{"@id":"https:\/\/www.dakarmania.cz\/index.php\/2020\/10\/27\/dubajska-baja-zrusena\/"},"wordCount":453,"publisher":{"@id":"https:\/\/www.dakarmania.cz\/#organization"},"image":{"@id":"https:\/\/www.dakarmania.cz\/index.php\/2020\/10\/27\/dubajska-baja-zrusena\/#primaryimage"},"thumbnailUrl":"https:\/\/www.dakarmania.cz\/wp-content\/uploads\/2019\/03\/19-dubai-prokop-03.jpg","keywords":["2020","Dubai Baja","Dubai Baja 2020","SP FIA baja","SP FIA baja 2020","SP FIM baja","SP FIM baja 2020"],"articleSection":["Auto","FIA SP baja","FIM SP baja","Moto\/Quad"],"inLanguage":"cs"},{"@type":"WebPage","@id":"https:\/\/www.dakarmania.cz\/index.php\/2020\/10\/27\/dubajska-baja-zrusena\/","url":"https:\/\/www.dakarmania.cz\/index.php\/2020\/10\/27\/dubajska-baja-zrusena\/","name":"Dubajsk\u00e1 baja zru\u0161ena - DAKARMANIA.cz","isPartOf":{"@id":"https:\/\/www.dakarmania.cz\/#website"},"primaryImageOfPage":{"@id":"https:\/\/www.dakarmania.cz\/index.php\/2020\/10\/27\/dubajska-baja-zrusena\/#primaryimage"},"image":{"@id":"https:\/\/www.dakarmania.cz\/index.php\/2020\/10\/27\/dubajska-baja-zrusena\/#primaryimage"},"thumbnailUrl":"https:\/\/www.dakarmania.cz\/wp-content\/uploads\/2019\/03\/19-dubai-prokop-03.jpg","datePublished":"2020-10-27T13:46:39+00:00","dateModified":"2023-03-19T10:41:01+00:00","description":"Dubai International Baja se nepojede ani v n\u00e1hradn\u00edm term\u00ednu. Organiz\u00e1to\u0159i sout\u011b\u017ee rozhodli o definitivn\u00edm zru\u0161en\u00ed leto\u0161n\u00edho ro\u010dn\u00edku.","breadcrumb":{"@id":"https:\/\/www.dakarmania.cz\/index.php\/2020\/10\/27\/dubajska-baja-zrusena\/#breadcrumb"},"inLanguage":"cs","potentialAction":[{"@type":"ReadAction","target":["https:\/\/www.dakarmania.cz\/index.php\/2020\/10\/27\/dubajska-baja-zrusena\/"]}]},{"@type":"ImageObject","inLanguage":"cs","@id":"https:\/\/www.dakarmania.cz\/index.php\/2020\/10\/27\/dubajska-baja-zrusena\/#primaryimage","url":"https:\/\/www.dakarmania.cz\/wp-content\/uploads\/2019\/03\/19-dubai-prokop-03.jpg","contentUrl":"https:\/\/www.dakarmania.cz\/wp-content\/uploads\/2019\/03\/19-dubai-prokop-03.jpg","width":2048,"height":1463,"caption":"Martin Prokop \/ David K\u0159\u00edpal, Ford Raptor RS Cross-Country, MP-Sports. Dubai International Baja 2019. \u00a9 MP-Sports"},{"@type":"BreadcrumbList","@id":"https:\/\/www.dakarmania.cz\/index.php\/2020\/10\/27\/dubajska-baja-zrusena\/#breadcrumb","itemListElement":[{"@type":"ListItem","position":1,"name":"Dom\u016f","item":"https:\/\/www.dakarmania.cz\/"},{"@type":"ListItem","position":2,"name":"Dubajsk\u00e1 baja zru\u0161ena"}]},{"@type":"WebSite","@id":"https:\/\/www.dakarmania.cz\/#website","url":"https:\/\/www.dakarmania.cz\/","name":"DAKARMANIA.cz","description":"\u017dijeme Dakarem cel\u00fd rok","publisher":{"@id":"https:\/\/www.dakarmania.cz\/#organization"},"potentialAction":[{"@type":"SearchAction","target":{"@type":"EntryPoint","urlTemplate":"https:\/\/www.dakarmania.cz\/?s={search_term_string}"},"query-input":{"@type":"PropertyValueSpecification","valueRequired":true,"valueName":"search_term_string"}}],"inLanguage":"cs"},{"@type":"Organization","@id":"https:\/\/www.dakarmania.cz\/#organization","name":"DAKAR MANIA","url":"https:\/\/www.dakarmania.cz\/","logo":{"@type":"ImageObject","inLanguage":"cs","@id":"https:\/\/www.dakarmania.cz\/#\/schema\/logo\/image\/","url":"https:\/\/www.dakarmania.cz\/wp-content\/uploads\/2018\/12\/Dakar-Mania-Logo-Square-Orange.png","contentUrl":"https:\/\/www.dakarmania.cz\/wp-content\/uploads\/2018\/12\/Dakar-Mania-Logo-Square-Orange.png","width":992,"height":992,"caption":"DAKAR MANIA"},"image":{"@id":"https:\/\/www.dakarmania.cz\/#\/schema\/logo\/image\/"},"sameAs":["https:\/\/www.facebook.com\/dakarmania\/"]},{"@type":"Person","@id":"https:\/\/www.dakarmania.cz\/#\/schema\/person\/04eb0e87a389631c2169c0dddae7ff1e","name":"Zden\u011bk Zelenka","image":{"@type":"ImageObject","inLanguage":"cs","@id":"https:\/\/www.dakarmania.cz\/#\/schema\/person\/image\/","url":"https:\/\/secure.gravatar.com\/avatar\/2c80d5a4942fe0900b73cc7d3837a509d6ee0a276a2b76dac95c92bd0763a89b?s=96&d=mm&r=g","contentUrl":"https:\/\/secure.gravatar.com\/avatar\/2c80d5a4942fe0900b73cc7d3837a509d6ee0a276a2b76dac95c92bd0763a89b?s=96&d=mm&r=g","caption":"Zden\u011bk Zelenka"},"description":"Moji d\u011bt\u0161t\u00ed hrdinov\u00e9 se jmenovali Loprais, Moskal, Neveu, Vatanen, Rahier... A tihle borci, jejich n\u00e1sledovn\u00edci a jejich p\u0159\u00edb\u011bhy m\u011b nep\u0159estali fascinovat ani po letech, kdy jsem vyrostl a zam\u011bstn\u00e1valy m\u011b jin\u00e9 discipl\u00edny motorsportu. Proto se zrodila DAKARMANIA.","url":"https:\/\/www.dakarmania.cz\/index.php\/author\/dakarmania\/"}]}},"amp_enabled":true,"_links":{"self":[{"href":"https:\/\/www.dakarmania.cz\/index.php\/wp-json\/wp\/v2\/posts\/17062","targetHints":{"allow":["GET"]}}],"collection":[{"href":"https:\/\/www.dakarmania.cz\/index.php\/wp-json\/wp\/v2\/posts"}],"about":[{"href":"https:\/\/www.dakarmania.cz\/index.php\/wp-json\/wp\/v2\/types\/post"}],"author":[{"embeddable":true,"href":"https:\/\/www.dakarmania.cz\/index.php\/wp-json\/wp\/v2\/users\/1"}],"replies":[{"embeddable":true,"href":"https:\/\/www.dakarmania.cz\/index.php\/wp-json\/wp\/v2\/comments?post=17062"}],"version-history":[{"count":5,"href":"https:\/\/www.dakarmania.cz\/index.php\/wp-json\/wp\/v2\/posts\/17062\/revisions"}],"predecessor-version":[{"id":17067,"href":"https:\/\/www.dakarmania.cz\/index.php\/wp-json\/wp\/v2\/posts\/17062\/revisions\/17067"}],"wp:featuredmedia":[{"embeddable":true,"href":"https:\/\/www.dakarmania.cz\/index.php\/wp-json\/wp\/v2\/media\/4091"}],"wp:attachment":[{"href":"https:\/\/www.dakarmania.cz\/index.php\/wp-json\/wp\/v2\/media?parent=17062"}],"wp:term":[{"taxonomy":"category","embeddable":true,"href":"https:\/\/www.dakarmania.cz\/index.php\/wp-json\/wp\/v2\/categories?post=17062"},{"taxonomy":"post_tag","embeddable":true,"href":"https:\/\/www.dakarmania.cz\/index.php\/wp-json\/wp\/v2\/tags?post=17062"}],"curies":[{"name":"wp","href":"https:\/\/api.w.org\/{rel}","templated":true}]}}