{"id":17074,"date":"2020-10-29T13:02:18","date_gmt":"2020-10-29T12:02:18","guid":{"rendered":"https:\/\/www.dakarmania.cz\/?p=17074"},"modified":"2023-03-14T19:50:20","modified_gmt":"2023-03-14T18:50:20","slug":"dakar-2021-buggyra-tatry-a-buginy","status":"publish","type":"post","link":"https:\/\/www.dakarmania.cz\/index.php\/2020\/10\/29\/dakar-2021-buggyra-tatry-a-buginy\/","title":{"rendered":"Dakar 2021: Buggyra se dv\u011bma Tatrami a dv\u011bma buginami"},"content":{"rendered":"<p>[vc_row][vc_column][vc_column_text css_animation=&#8221;fadeIn&#8221;]<\/p>\n<h3>Dakar\u0161t\u00ed specialist\u00e9 t\u00fdmu Buggyra Racing pracuj\u00ed na technice pro dal\u0161\u00ed ro\u010dn\u00edk nejzn\u00e1m\u011bj\u0161\u00ed maratonsk\u00e9 rally sv\u011bta. Ve srovn\u00e1n\u00ed s lo\u0148sk\u00fdm rokem pr\u00e1ce p\u0159ibylo, nebo\u0165 roudnick\u00fd t\u00fdm vy\u0161le do boje v kategorii kami\u00f3n\u016f dv\u011b Tatry, mezi buginami pak bude bojovat stejn\u00fd po\u010det stroj\u016f Can-Am.<\/h3>\n<p>[\/vc_column_text][vc_single_image image=&#8221;17073&#8243; img_size=&#8221;large&#8221; add_caption=&#8221;yes&#8221; alignment=&#8221;center&#8221; onclick=&#8221;link_image&#8221; css_animation=&#8221;fadeIn&#8221;][vc_column_text css_animation=&#8221;fadeIn&#8221;]<\/p>\n<h4>Poprv\u00e9 s automatem<\/h4>\n<p><em>\u201eV\u016fbec poprv\u00e9 jsme se rozhodli nasadit na Dakar kami\u00f3n s automatickou p\u0159evodovkou, kter\u00fd bude \u0159\u00eddit Martin \u0160oltys,\u201c<\/em> \u0159\u00edk\u00e1 \u0161\u00e9fkonstrukt\u00e9r <strong>David Vr\u0161eck\u00fd<\/strong>. <em>\u201eS pravd\u011bpodobnost\u00ed hrani\u010d\u00edc\u00ed s jistotou m\u016f\u017eeme \u0159\u00edct, \u017ee Tatra bude rychlej\u0161\u00ed v dun\u00e1ch, proto\u017ee kola budou neust\u00e1le v z\u00e1b\u011bru. P\u0159i n\u00e1jezdu duny s manu\u00e1ln\u00ed p\u0159evodovkou se mus\u00ed jezdec vyrovnat s t\u00edm, \u017ee dunu vyjede s kvaltem, kter\u00fd za\u0159adil p\u0159ed jej\u00edm za\u010d\u00e1tkem, v polovin\u011b kopce nem\u00e1 \u0161anci \u0159adit.\u201c<\/em><\/p>\n<p>P\u0159esto\u017ee je automatick\u00e1 p\u0159evodovka pro Buggyru novinkou, podle Vr\u0161eck\u00e9ho nelze hovo\u0159it o ne\u00fam\u011brn\u00e9m riziku: <em>\u201eP\u0159evodovka je vyzkou\u0161en\u00e1, v tomto p\u0159\u00edpad\u011b si nechceme hr\u00e1t na pr\u016fkopn\u00edky. Auto se bude samoz\u0159ejm\u011b chovat jinak ne\u017e s manu\u00e1lem, ale s t\u00edm po\u010d\u00edt\u00e1me. \u0158ekl bych asi tolik, \u017ee jsme p\u0159ipraveni. Nav\u00edc druh\u00e1 Tatra bude osazena standardn\u00ed manu\u00e1ln\u00ed p\u0159evodovkou, budeme tak moci porovn\u00e1vat data.\u201c<\/em>[\/vc_column_text][vc_single_image image=&#8221;17061&#8243; img_size=&#8221;large&#8221; add_caption=&#8221;yes&#8221; alignment=&#8221;center&#8221; onclick=&#8221;custom_link&#8221; img_link_target=&#8221;_blank&#8221; css_animation=&#8221;fadeIn&#8221; link=&#8221;http:\/\/eshop.dakarmania.cz\/&#8221;][vc_column_text css_animation=&#8221;fadeIn&#8221;]<\/p>\n<h4>M\u00edsto hodin minuty<\/h4>\n<p>Po leto\u0161n\u00edm sezn\u00e1men\u00ed s kategori\u00ed SSV pl\u00e1nuje Buggyra na Dakaru 2021 \u00fatok na prvn\u00ed des\u00edtku.<\/p>\n<p><em>\u201eP\u0159i pr\u00e1ci na nov\u00fdch bugin\u00e1ch Can-Am jsme snad ka\u017edou hodinu vz\u00fdvali Pepu Mach\u00e1\u010dka. Auto bylo z dne\u0161n\u00edho pohledu hodn\u011b t\u011b\u017ece \u0159iditeln\u00e9, musel si toho hodn\u011b vytrp\u011bt, p\u0159esto dovezl buginu se spoustou dat do c\u00edle. Ud\u011blali jsme hodn\u011b zm\u011bn na n\u00e1prav\u00e1ch a podvozku, prvn\u00ed des\u00edtka se jev\u00ed p\u0159i norm\u00e1ln\u00edm pr\u016fb\u011bhu sout\u011b\u017ee jako re\u00e1ln\u00e1,\u201c<\/em> v\u011b\u0159\u00ed Vr\u0161eck\u00fd, podle n\u011bho\u017e dojde k v\u00fdznamn\u00e9mu posunu i d\u00edky zjednodu\u0161en\u00ed p\u00e9\u010de bugin. <em>\u201eV lednu zabral servis bugin skoro v\u00edce \u010dasu, ne\u017e tomu bylo v p\u0159\u00edpad\u011b kami\u00f3nu. Mnohdy to bylo o hodin\u00e1ch, ale te\u010f jsme to vymysleli tak, \u017ee servis zvl\u00e1dneme za des\u00edtky minut.\u201c<\/em><\/p>\n<p>Tiskov\u00e1 zpr\u00e1va t\u00fdmu Buggyra Racing [editov\u00e1no][\/vc_column_text][vc_empty_space height=&#8221;2px&#8221;][\/vc_column][\/vc_row]<\/p>\n","protected":false},"excerpt":{"rendered":"<p>Dakar\u0161t\u00ed specialist\u00e9 t\u00fdmu Buggyra Racing pracuj\u00ed na technice pro dal\u0161\u00ed ro\u010dn\u00edk nejzn\u00e1m\u011bj\u0161\u00ed maratonsk\u00e9 rally sv\u011bta. A pr\u00e1ce jim p\u0159ibylo.<\/p>\n","protected":false},"author":3,"featured_media":17073,"comment_status":"closed","ping_status":"closed","sticky":false,"template":"","format":"standard","meta":{"footnotes":""},"categories":[637],"tags":[903,1630,132,95,8,1475,1113,684,136,68],"class_list":["post-17074","post","type-post","status-publish","format-standard","has-post-thumbnail","hentry","category-tiskove-zpravy","tag-903","tag-1630","tag-buggyra-racing","tag-can-am","tag-dakar","tag-dakar-2021","tag-david-vrsecky","tag-josef-machacek","tag-martin-soltys","tag-tatra"],"yoast_head":"<!-- This site is optimized with the Yoast SEO plugin v24.9 - https:\/\/yoast.com\/wordpress\/plugins\/seo\/ -->\n<title>Dakar 2021: Buggyra se dv\u011bma Tatrami a dv\u011bma buginami - DAKARMANIA.cz<\/title>\n<meta name=\"description\" content=\"Dakar\u0161t\u00ed specialist\u00e9 t\u00fdmu Buggyra Racing pracuj\u00ed na technice pro dal\u0161\u00ed ro\u010dn\u00edk nejzn\u00e1m\u011bj\u0161\u00ed maratonsk\u00e9 rally sv\u011bta. A pr\u00e1ce jim p\u0159ibylo.\" \/>\n<meta name=\"robots\" content=\"index, follow, max-snippet:-1, max-image-preview:large, max-video-preview:-1\" \/>\n<link rel=\"canonical\" href=\"https:\/\/www.dakarmania.cz\/index.php\/2020\/10\/29\/dakar-2021-buggyra-tatry-a-buginy\/\" \/>\n<meta property=\"og:locale\" content=\"cs_CZ\" \/>\n<meta property=\"og:type\" content=\"article\" \/>\n<meta property=\"og:title\" content=\"Dakar 2021: Buggyra se dv\u011bma Tatrami a dv\u011bma buginami - DAKARMANIA.cz\" \/>\n<meta property=\"og:description\" content=\"Dakar\u0161t\u00ed specialist\u00e9 t\u00fdmu Buggyra Racing pracuj\u00ed na technice pro dal\u0161\u00ed ro\u010dn\u00edk nejzn\u00e1m\u011bj\u0161\u00ed maratonsk\u00e9 rally sv\u011bta. A pr\u00e1ce jim p\u0159ibylo.\" \/>\n<meta property=\"og:url\" content=\"https:\/\/www.dakarmania.cz\/index.php\/2020\/10\/29\/dakar-2021-buggyra-tatry-a-buginy\/\" \/>\n<meta property=\"og:site_name\" content=\"DAKARMANIA.cz\" \/>\n<meta property=\"article:publisher\" content=\"https:\/\/www.facebook.com\/dakarmania\/\" \/>\n<meta property=\"article:published_time\" content=\"2020-10-29T12:02:18+00:00\" \/>\n<meta property=\"article:modified_time\" content=\"2023-03-14T18:50:20+00:00\" \/>\n<meta property=\"og:image\" content=\"https:\/\/www.dakarmania.cz\/wp-content\/uploads\/2020\/10\/20-buggyra-test-milovice-02.jpg\" \/>\n\t<meta property=\"og:image:width\" content=\"1024\" \/>\n\t<meta property=\"og:image:height\" content=\"683\" \/>\n\t<meta property=\"og:image:type\" content=\"image\/jpeg\" \/>\n<meta name=\"author\" content=\"tiskov\u00e1 zpr\u00e1va\" \/>\n<meta name=\"twitter:card\" content=\"summary_large_image\" \/>\n<meta name=\"twitter:label1\" content=\"Napsal(a)\" \/>\n\t<meta name=\"twitter:data1\" content=\"tiskov\u00e1 zpr\u00e1va\" \/>\n\t<meta name=\"twitter:label2\" content=\"Odhadovan\u00e1 doba \u010dten\u00ed\" \/>\n\t<meta name=\"twitter:data2\" content=\"2 minuty\" \/>\n<script type=\"application\/ld+json\" class=\"yoast-schema-graph\">{\"@context\":\"https:\/\/schema.org\",\"@graph\":[{\"@type\":\"Article\",\"@id\":\"https:\/\/www.dakarmania.cz\/index.php\/2020\/10\/29\/dakar-2021-buggyra-tatry-a-buginy\/#article\",\"isPartOf\":{\"@id\":\"https:\/\/www.dakarmania.cz\/index.php\/2020\/10\/29\/dakar-2021-buggyra-tatry-a-buginy\/\"},\"author\":{\"name\":\"tiskov\u00e1 zpr\u00e1va\",\"@id\":\"https:\/\/www.dakarmania.cz\/#\/schema\/person\/bce8d1fe3633b1178e150fc5e340d5dd\"},\"headline\":\"Dakar 2021: Buggyra se dv\u011bma Tatrami a dv\u011bma buginami\",\"datePublished\":\"2020-10-29T12:02:18+00:00\",\"dateModified\":\"2023-03-14T18:50:20+00:00\",\"mainEntityOfPage\":{\"@id\":\"https:\/\/www.dakarmania.cz\/index.php\/2020\/10\/29\/dakar-2021-buggyra-tatry-a-buginy\/\"},\"wordCount\":495,\"publisher\":{\"@id\":\"https:\/\/www.dakarmania.cz\/#organization\"},\"image\":{\"@id\":\"https:\/\/www.dakarmania.cz\/index.php\/2020\/10\/29\/dakar-2021-buggyra-tatry-a-buginy\/#primaryimage\"},\"thumbnailUrl\":\"https:\/\/www.dakarmania.cz\/wp-content\/uploads\/2020\/10\/20-buggyra-test-milovice-02.jpg\",\"keywords\":[\"2020\",\"2021\",\"Buggyra Racing\",\"Can-Am\",\"Dakar\",\"Dakar 2021\",\"David Vr\u0161eck\u00fd\",\"Josef Mach\u00e1\u010dek\",\"Martin \u0160oltys\",\"Tatra\"],\"articleSection\":[\"Tiskov\u00e9 zpr\u00e1vy\"],\"inLanguage\":\"cs\"},{\"@type\":\"WebPage\",\"@id\":\"https:\/\/www.dakarmania.cz\/index.php\/2020\/10\/29\/dakar-2021-buggyra-tatry-a-buginy\/\",\"url\":\"https:\/\/www.dakarmania.cz\/index.php\/2020\/10\/29\/dakar-2021-buggyra-tatry-a-buginy\/\",\"name\":\"Dakar 2021: Buggyra se dv\u011bma Tatrami a dv\u011bma buginami - DAKARMANIA.cz\",\"isPartOf\":{\"@id\":\"https:\/\/www.dakarmania.cz\/#website\"},\"primaryImageOfPage\":{\"@id\":\"https:\/\/www.dakarmania.cz\/index.php\/2020\/10\/29\/dakar-2021-buggyra-tatry-a-buginy\/#primaryimage\"},\"image\":{\"@id\":\"https:\/\/www.dakarmania.cz\/index.php\/2020\/10\/29\/dakar-2021-buggyra-tatry-a-buginy\/#primaryimage\"},\"thumbnailUrl\":\"https:\/\/www.dakarmania.cz\/wp-content\/uploads\/2020\/10\/20-buggyra-test-milovice-02.jpg\",\"datePublished\":\"2020-10-29T12:02:18+00:00\",\"dateModified\":\"2023-03-14T18:50:20+00:00\",\"description\":\"Dakar\u0161t\u00ed specialist\u00e9 t\u00fdmu Buggyra Racing pracuj\u00ed na technice pro dal\u0161\u00ed ro\u010dn\u00edk nejzn\u00e1m\u011bj\u0161\u00ed maratonsk\u00e9 rally sv\u011bta. A pr\u00e1ce jim p\u0159ibylo.\",\"breadcrumb\":{\"@id\":\"https:\/\/www.dakarmania.cz\/index.php\/2020\/10\/29\/dakar-2021-buggyra-tatry-a-buginy\/#breadcrumb\"},\"inLanguage\":\"cs\",\"potentialAction\":[{\"@type\":\"ReadAction\",\"target\":[\"https:\/\/www.dakarmania.cz\/index.php\/2020\/10\/29\/dakar-2021-buggyra-tatry-a-buginy\/\"]}]},{\"@type\":\"ImageObject\",\"inLanguage\":\"cs\",\"@id\":\"https:\/\/www.dakarmania.cz\/index.php\/2020\/10\/29\/dakar-2021-buggyra-tatry-a-buginy\/#primaryimage\",\"url\":\"https:\/\/www.dakarmania.cz\/wp-content\/uploads\/2020\/10\/20-buggyra-test-milovice-02.jpg\",\"contentUrl\":\"https:\/\/www.dakarmania.cz\/wp-content\/uploads\/2020\/10\/20-buggyra-test-milovice-02.jpg\",\"width\":1024,\"height\":683,\"caption\":\"Martin \u0160oltys, Tatra Phoenix, Tatra Buggyra Racing. Testov\u00e1n\u00ed v Milovic\u00edch, z\u00e1\u0159\u00ed 2020. \u00a9 Buggyra Media\"},{\"@type\":\"BreadcrumbList\",\"@id\":\"https:\/\/www.dakarmania.cz\/index.php\/2020\/10\/29\/dakar-2021-buggyra-tatry-a-buginy\/#breadcrumb\",\"itemListElement\":[{\"@type\":\"ListItem\",\"position\":1,\"name\":\"Dom\u016f\",\"item\":\"https:\/\/www.dakarmania.cz\/\"},{\"@type\":\"ListItem\",\"position\":2,\"name\":\"Dakar 2021: Buggyra se dv\u011bma Tatrami a dv\u011bma buginami\"}]},{\"@type\":\"WebSite\",\"@id\":\"https:\/\/www.dakarmania.cz\/#website\",\"url\":\"https:\/\/www.dakarmania.cz\/\",\"name\":\"DAKARMANIA.cz\",\"description\":\"\u017dijeme Dakarem cel\u00fd rok\",\"publisher\":{\"@id\":\"https:\/\/www.dakarmania.cz\/#organization\"},\"potentialAction\":[{\"@type\":\"SearchAction\",\"target\":{\"@type\":\"EntryPoint\",\"urlTemplate\":\"https:\/\/www.dakarmania.cz\/?s={search_term_string}\"},\"query-input\":{\"@type\":\"PropertyValueSpecification\",\"valueRequired\":true,\"valueName\":\"search_term_string\"}}],\"inLanguage\":\"cs\"},{\"@type\":\"Organization\",\"@id\":\"https:\/\/www.dakarmania.cz\/#organization\",\"name\":\"DAKAR MANIA\",\"url\":\"https:\/\/www.dakarmania.cz\/\",\"logo\":{\"@type\":\"ImageObject\",\"inLanguage\":\"cs\",\"@id\":\"https:\/\/www.dakarmania.cz\/#\/schema\/logo\/image\/\",\"url\":\"https:\/\/www.dakarmania.cz\/wp-content\/uploads\/2018\/12\/Dakar-Mania-Logo-Square-Orange.png\",\"contentUrl\":\"https:\/\/www.dakarmania.cz\/wp-content\/uploads\/2018\/12\/Dakar-Mania-Logo-Square-Orange.png\",\"width\":992,\"height\":992,\"caption\":\"DAKAR MANIA\"},\"image\":{\"@id\":\"https:\/\/www.dakarmania.cz\/#\/schema\/logo\/image\/\"},\"sameAs\":[\"https:\/\/www.facebook.com\/dakarmania\/\"]},{\"@type\":\"Person\",\"@id\":\"https:\/\/www.dakarmania.cz\/#\/schema\/person\/bce8d1fe3633b1178e150fc5e340d5dd\",\"name\":\"tiskov\u00e1 zpr\u00e1va\",\"image\":{\"@type\":\"ImageObject\",\"inLanguage\":\"cs\",\"@id\":\"https:\/\/www.dakarmania.cz\/#\/schema\/person\/image\/\",\"url\":\"https:\/\/secure.gravatar.com\/avatar\/19aefcb6c7bfae691fca4d805686c670f59bb4f7414c7b398b88dc9c8f4e96d5?s=96&d=mm&r=g\",\"contentUrl\":\"https:\/\/secure.gravatar.com\/avatar\/19aefcb6c7bfae691fca4d805686c670f59bb4f7414c7b398b88dc9c8f4e96d5?s=96&d=mm&r=g\",\"caption\":\"tiskov\u00e1 zpr\u00e1va\"},\"url\":\"https:\/\/www.dakarmania.cz\/index.php\/author\/tiskovezpravy\/\"}]}<\/script>\n<!-- \/ Yoast SEO plugin. -->","yoast_head_json":{"title":"Dakar 2021: Buggyra se dv\u011bma Tatrami a dv\u011bma buginami - DAKARMANIA.cz","description":"Dakar\u0161t\u00ed specialist\u00e9 t\u00fdmu Buggyra Racing pracuj\u00ed na technice pro dal\u0161\u00ed ro\u010dn\u00edk nejzn\u00e1m\u011bj\u0161\u00ed maratonsk\u00e9 rally sv\u011bta. A pr\u00e1ce jim p\u0159ibylo.","robots":{"index":"index","follow":"follow","max-snippet":"max-snippet:-1","max-image-preview":"max-image-preview:large","max-video-preview":"max-video-preview:-1"},"canonical":"https:\/\/www.dakarmania.cz\/index.php\/2020\/10\/29\/dakar-2021-buggyra-tatry-a-buginy\/","og_locale":"cs_CZ","og_type":"article","og_title":"Dakar 2021: Buggyra se dv\u011bma Tatrami a dv\u011bma buginami - DAKARMANIA.cz","og_description":"Dakar\u0161t\u00ed specialist\u00e9 t\u00fdmu Buggyra Racing pracuj\u00ed na technice pro dal\u0161\u00ed ro\u010dn\u00edk nejzn\u00e1m\u011bj\u0161\u00ed maratonsk\u00e9 rally sv\u011bta. A pr\u00e1ce jim p\u0159ibylo.","og_url":"https:\/\/www.dakarmania.cz\/index.php\/2020\/10\/29\/dakar-2021-buggyra-tatry-a-buginy\/","og_site_name":"DAKARMANIA.cz","article_publisher":"https:\/\/www.facebook.com\/dakarmania\/","article_published_time":"2020-10-29T12:02:18+00:00","article_modified_time":"2023-03-14T18:50:20+00:00","og_image":[{"width":1024,"height":683,"url":"https:\/\/www.dakarmania.cz\/wp-content\/uploads\/2020\/10\/20-buggyra-test-milovice-02.jpg","type":"image\/jpeg"}],"author":"tiskov\u00e1 zpr\u00e1va","twitter_card":"summary_large_image","twitter_misc":{"Napsal(a)":"tiskov\u00e1 zpr\u00e1va","Odhadovan\u00e1 doba \u010dten\u00ed":"2 minuty"},"schema":{"@context":"https:\/\/schema.org","@graph":[{"@type":"Article","@id":"https:\/\/www.dakarmania.cz\/index.php\/2020\/10\/29\/dakar-2021-buggyra-tatry-a-buginy\/#article","isPartOf":{"@id":"https:\/\/www.dakarmania.cz\/index.php\/2020\/10\/29\/dakar-2021-buggyra-tatry-a-buginy\/"},"author":{"name":"tiskov\u00e1 zpr\u00e1va","@id":"https:\/\/www.dakarmania.cz\/#\/schema\/person\/bce8d1fe3633b1178e150fc5e340d5dd"},"headline":"Dakar 2021: Buggyra se dv\u011bma Tatrami a dv\u011bma buginami","datePublished":"2020-10-29T12:02:18+00:00","dateModified":"2023-03-14T18:50:20+00:00","mainEntityOfPage":{"@id":"https:\/\/www.dakarmania.cz\/index.php\/2020\/10\/29\/dakar-2021-buggyra-tatry-a-buginy\/"},"wordCount":495,"publisher":{"@id":"https:\/\/www.dakarmania.cz\/#organization"},"image":{"@id":"https:\/\/www.dakarmania.cz\/index.php\/2020\/10\/29\/dakar-2021-buggyra-tatry-a-buginy\/#primaryimage"},"thumbnailUrl":"https:\/\/www.dakarmania.cz\/wp-content\/uploads\/2020\/10\/20-buggyra-test-milovice-02.jpg","keywords":["2020","2021","Buggyra Racing","Can-Am","Dakar","Dakar 2021","David Vr\u0161eck\u00fd","Josef Mach\u00e1\u010dek","Martin \u0160oltys","Tatra"],"articleSection":["Tiskov\u00e9 zpr\u00e1vy"],"inLanguage":"cs"},{"@type":"WebPage","@id":"https:\/\/www.dakarmania.cz\/index.php\/2020\/10\/29\/dakar-2021-buggyra-tatry-a-buginy\/","url":"https:\/\/www.dakarmania.cz\/index.php\/2020\/10\/29\/dakar-2021-buggyra-tatry-a-buginy\/","name":"Dakar 2021: Buggyra se dv\u011bma Tatrami a dv\u011bma buginami - DAKARMANIA.cz","isPartOf":{"@id":"https:\/\/www.dakarmania.cz\/#website"},"primaryImageOfPage":{"@id":"https:\/\/www.dakarmania.cz\/index.php\/2020\/10\/29\/dakar-2021-buggyra-tatry-a-buginy\/#primaryimage"},"image":{"@id":"https:\/\/www.dakarmania.cz\/index.php\/2020\/10\/29\/dakar-2021-buggyra-tatry-a-buginy\/#primaryimage"},"thumbnailUrl":"https:\/\/www.dakarmania.cz\/wp-content\/uploads\/2020\/10\/20-buggyra-test-milovice-02.jpg","datePublished":"2020-10-29T12:02:18+00:00","dateModified":"2023-03-14T18:50:20+00:00","description":"Dakar\u0161t\u00ed specialist\u00e9 t\u00fdmu Buggyra Racing pracuj\u00ed na technice pro dal\u0161\u00ed ro\u010dn\u00edk nejzn\u00e1m\u011bj\u0161\u00ed maratonsk\u00e9 rally sv\u011bta. A pr\u00e1ce jim p\u0159ibylo.","breadcrumb":{"@id":"https:\/\/www.dakarmania.cz\/index.php\/2020\/10\/29\/dakar-2021-buggyra-tatry-a-buginy\/#breadcrumb"},"inLanguage":"cs","potentialAction":[{"@type":"ReadAction","target":["https:\/\/www.dakarmania.cz\/index.php\/2020\/10\/29\/dakar-2021-buggyra-tatry-a-buginy\/"]}]},{"@type":"ImageObject","inLanguage":"cs","@id":"https:\/\/www.dakarmania.cz\/index.php\/2020\/10\/29\/dakar-2021-buggyra-tatry-a-buginy\/#primaryimage","url":"https:\/\/www.dakarmania.cz\/wp-content\/uploads\/2020\/10\/20-buggyra-test-milovice-02.jpg","contentUrl":"https:\/\/www.dakarmania.cz\/wp-content\/uploads\/2020\/10\/20-buggyra-test-milovice-02.jpg","width":1024,"height":683,"caption":"Martin \u0160oltys, Tatra Phoenix, Tatra Buggyra Racing. Testov\u00e1n\u00ed v Milovic\u00edch, z\u00e1\u0159\u00ed 2020. \u00a9 Buggyra Media"},{"@type":"BreadcrumbList","@id":"https:\/\/www.dakarmania.cz\/index.php\/2020\/10\/29\/dakar-2021-buggyra-tatry-a-buginy\/#breadcrumb","itemListElement":[{"@type":"ListItem","position":1,"name":"Dom\u016f","item":"https:\/\/www.dakarmania.cz\/"},{"@type":"ListItem","position":2,"name":"Dakar 2021: Buggyra se dv\u011bma Tatrami a dv\u011bma buginami"}]},{"@type":"WebSite","@id":"https:\/\/www.dakarmania.cz\/#website","url":"https:\/\/www.dakarmania.cz\/","name":"DAKARMANIA.cz","description":"\u017dijeme Dakarem cel\u00fd rok","publisher":{"@id":"https:\/\/www.dakarmania.cz\/#organization"},"potentialAction":[{"@type":"SearchAction","target":{"@type":"EntryPoint","urlTemplate":"https:\/\/www.dakarmania.cz\/?s={search_term_string}"},"query-input":{"@type":"PropertyValueSpecification","valueRequired":true,"valueName":"search_term_string"}}],"inLanguage":"cs"},{"@type":"Organization","@id":"https:\/\/www.dakarmania.cz\/#organization","name":"DAKAR MANIA","url":"https:\/\/www.dakarmania.cz\/","logo":{"@type":"ImageObject","inLanguage":"cs","@id":"https:\/\/www.dakarmania.cz\/#\/schema\/logo\/image\/","url":"https:\/\/www.dakarmania.cz\/wp-content\/uploads\/2018\/12\/Dakar-Mania-Logo-Square-Orange.png","contentUrl":"https:\/\/www.dakarmania.cz\/wp-content\/uploads\/2018\/12\/Dakar-Mania-Logo-Square-Orange.png","width":992,"height":992,"caption":"DAKAR MANIA"},"image":{"@id":"https:\/\/www.dakarmania.cz\/#\/schema\/logo\/image\/"},"sameAs":["https:\/\/www.facebook.com\/dakarmania\/"]},{"@type":"Person","@id":"https:\/\/www.dakarmania.cz\/#\/schema\/person\/bce8d1fe3633b1178e150fc5e340d5dd","name":"tiskov\u00e1 zpr\u00e1va","image":{"@type":"ImageObject","inLanguage":"cs","@id":"https:\/\/www.dakarmania.cz\/#\/schema\/person\/image\/","url":"https:\/\/secure.gravatar.com\/avatar\/19aefcb6c7bfae691fca4d805686c670f59bb4f7414c7b398b88dc9c8f4e96d5?s=96&d=mm&r=g","contentUrl":"https:\/\/secure.gravatar.com\/avatar\/19aefcb6c7bfae691fca4d805686c670f59bb4f7414c7b398b88dc9c8f4e96d5?s=96&d=mm&r=g","caption":"tiskov\u00e1 zpr\u00e1va"},"url":"https:\/\/www.dakarmania.cz\/index.php\/author\/tiskovezpravy\/"}]}},"amp_enabled":true,"_links":{"self":[{"href":"https:\/\/www.dakarmania.cz\/index.php\/wp-json\/wp\/v2\/posts\/17074","targetHints":{"allow":["GET"]}}],"collection":[{"href":"https:\/\/www.dakarmania.cz\/index.php\/wp-json\/wp\/v2\/posts"}],"about":[{"href":"https:\/\/www.dakarmania.cz\/index.php\/wp-json\/wp\/v2\/types\/post"}],"author":[{"embeddable":true,"href":"https:\/\/www.dakarmania.cz\/index.php\/wp-json\/wp\/v2\/users\/3"}],"replies":[{"embeddable":true,"href":"https:\/\/www.dakarmania.cz\/index.php\/wp-json\/wp\/v2\/comments?post=17074"}],"version-history":[{"count":1,"href":"https:\/\/www.dakarmania.cz\/index.php\/wp-json\/wp\/v2\/posts\/17074\/revisions"}],"predecessor-version":[{"id":17075,"href":"https:\/\/www.dakarmania.cz\/index.php\/wp-json\/wp\/v2\/posts\/17074\/revisions\/17075"}],"wp:featuredmedia":[{"embeddable":true,"href":"https:\/\/www.dakarmania.cz\/index.php\/wp-json\/wp\/v2\/media\/17073"}],"wp:attachment":[{"href":"https:\/\/www.dakarmania.cz\/index.php\/wp-json\/wp\/v2\/media?parent=17074"}],"wp:term":[{"taxonomy":"category","embeddable":true,"href":"https:\/\/www.dakarmania.cz\/index.php\/wp-json\/wp\/v2\/categories?post=17074"},{"taxonomy":"post_tag","embeddable":true,"href":"https:\/\/www.dakarmania.cz\/index.php\/wp-json\/wp\/v2\/tags?post=17074"}],"curies":[{"name":"wp","href":"https:\/\/api.w.org\/{rel}","templated":true}]}}