{"id":17078,"date":"2020-10-29T16:37:58","date_gmt":"2020-10-29T15:37:58","guid":{"rendered":"https:\/\/www.dakarmania.cz\/?p=17078"},"modified":"2020-10-29T16:37:58","modified_gmt":"2020-10-29T15:37:58","slug":"dakar-2021-seaidan-buggy","status":"publish","type":"post","link":"https:\/\/www.dakarmania.cz\/index.php\/2020\/10\/29\/dakar-2021-seaidan-buggy\/","title":{"rendered":"Dakar 2021: Ambici\u00f3zn\u00ed Seaidan m\u011bn\u00ed Mini za buggy"},"content":{"rendered":"<p>[vc_row][vc_column][vc_column_text css_animation=&#8221;fadeIn&#8221;]<\/p>\n<h3>Yasir Seaidan se v posledn\u00edch dvou letech postupn\u011b zabydluje v \u0161ir\u0161\u00ed sv\u011btov\u00e9 \u0161pi\u010dce cross-country rally a p\u0159i Rally Dakar 2021 hodl\u00e1 svou pozici potvrdit. O \u00fasp\u011bch bude tentokr\u00e1t usilovat za volantem jihoafrick\u00e9ho speci\u00e1lu Century Buggy.<\/h3>\n<p>[\/vc_column_text][vc_single_image image=&#8221;17077&#8243; img_size=&#8221;large&#8221; add_caption=&#8221;yes&#8221; alignment=&#8221;center&#8221; onclick=&#8221;link_image&#8221; css_animation=&#8221;fadeIn&#8221;][vc_column_text css_animation=&#8221;fadeIn&#8221;]Sa\u00fadskoarabsk\u00fd z\u00e1vodn\u00edk spolupracoval od roku 2019 s X-raidem. S Mini JCW Rally z d\u00edlen n\u011bmeck\u00e9ho t\u00fdmu vybojoval na Dakaru 2020 dev\u00e1t\u00e9 m\u00edsto absolutn\u011b a v hodnocen\u00ed jednotliv\u00fdch etap se t\u0159ikr\u00e1t prosadil mezi trojici nejlep\u0161\u00edch. Na n\u011bkolika dal\u0161\u00edch podnic\u00edch se prosadil na stupn\u011b v\u00edt\u011bz\u016f a v premi\u00e9rov\u00e9m ro\u010dn\u00edku sa\u00fadskoarabsk\u00e9ho \u0161ampion\u00e1tu v pou\u0161tn\u00edch rally z\u00edskal titul vicemistra.<\/p>\n<p>Spole\u010dn\u011b s mnohem zn\u00e1m\u011bj\u0161\u00edm Yazeedem Al-Rajhim by m\u011bl b\u00fdt Yasir Seaidan znovu nej\u017ehav\u011bj\u0161\u00edm dom\u00e1c\u00edm \u017eel\u00edzkem v ohni i p\u0159i druh\u00e9m sa\u00fadskoarabsk\u00e9m ro\u010dn\u00edku dakarsk\u00e9 rally.[\/vc_column_text][vc_single_image image=&#8221;17061&#8243; img_size=&#8221;large&#8221; add_caption=&#8221;yes&#8221; alignment=&#8221;center&#8221; onclick=&#8221;custom_link&#8221; img_link_target=&#8221;_blank&#8221; css_animation=&#8221;fadeIn&#8221; link=&#8221;http:\/\/eshop.dakarmania.cz\/&#8221;][vc_column_text css_animation=&#8221;fadeIn&#8221;]Na jej\u00ed start se v\u0161ak postav\u00ed s buginou jihoafrick\u00e9 spole\u010dnosti Century, s n\u00ed\u017e letos Francouz Mathieu Serradori vyhr\u00e1l osmou etapu a celkov\u011b skon\u010dil osm\u00fd. Pr\u00e1v\u011b Serradoriho t\u00fdm se bude na Dakaru 2021 starat i o Seaidan\u016fv v\u016fz. Celkem Serradori Racing Team potvrdil \u00fa\u010dast t\u0159\u00ed bugin. Sestavu dopl\u0148uje nov\u00e1\u010dek Alexandre Leroy z Francie.<\/p>\n<p><em>\u201eVelice d\u011bkuji Mathieu Serradorimu za nab\u00eddku, abych startoval na Dakaru 2021 v t\u00fdmu SRT. M\u00e1 spolupr\u00e1ce s t\u00fdmem X-raid t\u00edm ale je\u0161t\u011b nekon\u010d\u00ed. S jeho vozy pojedu sv\u011btov\u00fd poh\u00e1r v cross-country rally 2021,\u201c<\/em> vysv\u011btluje <strong>Yasir Seaidan<\/strong>.<\/p>\n<p>V r\u00e1mci p\u0159\u00edpravy na Dakar 2021 se Seaidan s buginou Century z\u00fa\u010dastn\u00ed tak\u00e9 dvou z\u00e1vod\u016f, kter\u00e9 se v prosinci uskute\u010dn\u00ed v sa\u00fadskoarabsk\u00e9m Hailu a uzav\u0159ou leto\u0161n\u00ed sezonu Sv\u011btov\u00e9ho poh\u00e1ru FIA v cross-country baj\u00e1ch.[\/vc_column_text][vc_empty_space height=&#8221;2px&#8221;][\/vc_column][\/vc_row]<\/p>\n","protected":false},"excerpt":{"rendered":"<p>Yasir Seaidan se postupn\u011b zabydluje v \u0161ir\u0161\u00ed sv\u011btov\u00e9 \u0161pi\u010dce cross-country rally a p\u0159i Rally Dakar 2021 hodl\u00e1 svou pozici potvrdit.<\/p>\n","protected":false},"author":1,"featured_media":17076,"comment_status":"open","ping_status":"closed","sticky":false,"template":"","format":"standard","meta":{"footnotes":""},"categories":[3,1688],"tags":[903,1630,1791,1302,1671,1529,8,1475,1236,1675,1503],"class_list":["post-17078","post","type-post","status-publish","format-standard","has-post-thumbnail","hentry","category-auto","category-dakar-2021","tag-903","tag-1630","tag-alexandre-leroy","tag-century","tag-century-buggy","tag-century-racing","tag-dakar","tag-dakar-2021","tag-mathieu-serradori","tag-srt-racing","tag-yasir-seaidan"],"yoast_head":"<!-- This site is optimized with the Yoast SEO plugin v24.9 - https:\/\/yoast.com\/wordpress\/plugins\/seo\/ -->\n<title>Dakar 2021: Ambici\u00f3zn\u00ed Seaidan m\u011bn\u00ed Mini za buggy - DAKARMANIA.cz<\/title>\n<meta name=\"description\" content=\"Yasir Seaidan se postupn\u011b zabydluje v \u0161ir\u0161\u00ed sv\u011btov\u00e9 \u0161pi\u010dce cross-country rally a p\u0159i Rally Dakar 2021 hodl\u00e1 svou pozici potvrdit.\" \/>\n<meta name=\"robots\" content=\"index, follow, max-snippet:-1, max-image-preview:large, max-video-preview:-1\" \/>\n<link rel=\"canonical\" href=\"https:\/\/www.dakarmania.cz\/index.php\/2020\/10\/29\/dakar-2021-seaidan-buggy\/\" \/>\n<meta property=\"og:locale\" content=\"cs_CZ\" \/>\n<meta property=\"og:type\" content=\"article\" \/>\n<meta property=\"og:title\" content=\"Dakar 2021: Ambici\u00f3zn\u00ed Seaidan m\u011bn\u00ed Mini za buggy - DAKARMANIA.cz\" \/>\n<meta property=\"og:description\" content=\"Yasir Seaidan se postupn\u011b zabydluje v \u0161ir\u0161\u00ed sv\u011btov\u00e9 \u0161pi\u010dce cross-country rally a p\u0159i Rally Dakar 2021 hodl\u00e1 svou pozici potvrdit.\" \/>\n<meta property=\"og:url\" content=\"https:\/\/www.dakarmania.cz\/index.php\/2020\/10\/29\/dakar-2021-seaidan-buggy\/\" \/>\n<meta property=\"og:site_name\" content=\"DAKARMANIA.cz\" \/>\n<meta property=\"article:publisher\" content=\"https:\/\/www.facebook.com\/dakarmania\/\" \/>\n<meta property=\"article:published_time\" content=\"2020-10-29T15:37:58+00:00\" \/>\n<meta property=\"og:image\" content=\"https:\/\/www.dakarmania.cz\/wp-content\/uploads\/2020\/10\/20-andalucia-leroy-01.jpg\" \/>\n\t<meta property=\"og:image:width\" content=\"1024\" \/>\n\t<meta property=\"og:image:height\" content=\"683\" \/>\n\t<meta property=\"og:image:type\" content=\"image\/jpeg\" \/>\n<meta name=\"author\" content=\"Zden\u011bk Zelenka\" \/>\n<meta name=\"twitter:card\" content=\"summary_large_image\" \/>\n<meta name=\"twitter:label1\" content=\"Napsal(a)\" \/>\n\t<meta name=\"twitter:data1\" content=\"Zden\u011bk Zelenka\" \/>\n\t<meta name=\"twitter:label2\" content=\"Odhadovan\u00e1 doba \u010dten\u00ed\" \/>\n\t<meta name=\"twitter:data2\" content=\"2 minuty\" \/>\n<script type=\"application\/ld+json\" class=\"yoast-schema-graph\">{\"@context\":\"https:\/\/schema.org\",\"@graph\":[{\"@type\":\"Article\",\"@id\":\"https:\/\/www.dakarmania.cz\/index.php\/2020\/10\/29\/dakar-2021-seaidan-buggy\/#article\",\"isPartOf\":{\"@id\":\"https:\/\/www.dakarmania.cz\/index.php\/2020\/10\/29\/dakar-2021-seaidan-buggy\/\"},\"author\":{\"name\":\"Zden\u011bk Zelenka\",\"@id\":\"https:\/\/www.dakarmania.cz\/#\/schema\/person\/04eb0e87a389631c2169c0dddae7ff1e\"},\"headline\":\"Dakar 2021: Ambici\u00f3zn\u00ed Seaidan m\u011bn\u00ed Mini za buggy\",\"datePublished\":\"2020-10-29T15:37:58+00:00\",\"mainEntityOfPage\":{\"@id\":\"https:\/\/www.dakarmania.cz\/index.php\/2020\/10\/29\/dakar-2021-seaidan-buggy\/\"},\"wordCount\":409,\"commentCount\":0,\"publisher\":{\"@id\":\"https:\/\/www.dakarmania.cz\/#organization\"},\"image\":{\"@id\":\"https:\/\/www.dakarmania.cz\/index.php\/2020\/10\/29\/dakar-2021-seaidan-buggy\/#primaryimage\"},\"thumbnailUrl\":\"https:\/\/www.dakarmania.cz\/wp-content\/uploads\/2020\/10\/20-andalucia-leroy-01.jpg\",\"keywords\":[\"2020\",\"2021\",\"Alexandre Leroy\",\"Century\",\"Century Buggy\",\"Century Racing\",\"Dakar\",\"Dakar 2021\",\"Mathieu Serradori\",\"SRT Racing\",\"Yasir Seaidan\"],\"articleSection\":[\"Auto\",\"Dakar 2021\"],\"inLanguage\":\"cs\",\"potentialAction\":[{\"@type\":\"CommentAction\",\"name\":\"Comment\",\"target\":[\"https:\/\/www.dakarmania.cz\/index.php\/2020\/10\/29\/dakar-2021-seaidan-buggy\/#respond\"]}]},{\"@type\":\"WebPage\",\"@id\":\"https:\/\/www.dakarmania.cz\/index.php\/2020\/10\/29\/dakar-2021-seaidan-buggy\/\",\"url\":\"https:\/\/www.dakarmania.cz\/index.php\/2020\/10\/29\/dakar-2021-seaidan-buggy\/\",\"name\":\"Dakar 2021: Ambici\u00f3zn\u00ed Seaidan m\u011bn\u00ed Mini za buggy - DAKARMANIA.cz\",\"isPartOf\":{\"@id\":\"https:\/\/www.dakarmania.cz\/#website\"},\"primaryImageOfPage\":{\"@id\":\"https:\/\/www.dakarmania.cz\/index.php\/2020\/10\/29\/dakar-2021-seaidan-buggy\/#primaryimage\"},\"image\":{\"@id\":\"https:\/\/www.dakarmania.cz\/index.php\/2020\/10\/29\/dakar-2021-seaidan-buggy\/#primaryimage\"},\"thumbnailUrl\":\"https:\/\/www.dakarmania.cz\/wp-content\/uploads\/2020\/10\/20-andalucia-leroy-01.jpg\",\"datePublished\":\"2020-10-29T15:37:58+00:00\",\"description\":\"Yasir Seaidan se postupn\u011b zabydluje v \u0161ir\u0161\u00ed sv\u011btov\u00e9 \u0161pi\u010dce cross-country rally a p\u0159i Rally Dakar 2021 hodl\u00e1 svou pozici potvrdit.\",\"breadcrumb\":{\"@id\":\"https:\/\/www.dakarmania.cz\/index.php\/2020\/10\/29\/dakar-2021-seaidan-buggy\/#breadcrumb\"},\"inLanguage\":\"cs\",\"potentialAction\":[{\"@type\":\"ReadAction\",\"target\":[\"https:\/\/www.dakarmania.cz\/index.php\/2020\/10\/29\/dakar-2021-seaidan-buggy\/\"]}]},{\"@type\":\"ImageObject\",\"inLanguage\":\"cs\",\"@id\":\"https:\/\/www.dakarmania.cz\/index.php\/2020\/10\/29\/dakar-2021-seaidan-buggy\/#primaryimage\",\"url\":\"https:\/\/www.dakarmania.cz\/wp-content\/uploads\/2020\/10\/20-andalucia-leroy-01.jpg\",\"contentUrl\":\"https:\/\/www.dakarmania.cz\/wp-content\/uploads\/2020\/10\/20-andalucia-leroy-01.jpg\",\"width\":1024,\"height\":683,\"caption\":\"Alexandre Leroy\/Nicolas Delangue, Century Buggy, SRT. Andaluc\u00eda Rally 2020. \u00a9 ODC Events\/DPPI\"},{\"@type\":\"BreadcrumbList\",\"@id\":\"https:\/\/www.dakarmania.cz\/index.php\/2020\/10\/29\/dakar-2021-seaidan-buggy\/#breadcrumb\",\"itemListElement\":[{\"@type\":\"ListItem\",\"position\":1,\"name\":\"Dom\u016f\",\"item\":\"https:\/\/www.dakarmania.cz\/\"},{\"@type\":\"ListItem\",\"position\":2,\"name\":\"Dakar 2021: Ambici\u00f3zn\u00ed Seaidan m\u011bn\u00ed Mini za buggy\"}]},{\"@type\":\"WebSite\",\"@id\":\"https:\/\/www.dakarmania.cz\/#website\",\"url\":\"https:\/\/www.dakarmania.cz\/\",\"name\":\"DAKARMANIA.cz\",\"description\":\"\u017dijeme Dakarem cel\u00fd rok\",\"publisher\":{\"@id\":\"https:\/\/www.dakarmania.cz\/#organization\"},\"potentialAction\":[{\"@type\":\"SearchAction\",\"target\":{\"@type\":\"EntryPoint\",\"urlTemplate\":\"https:\/\/www.dakarmania.cz\/?s={search_term_string}\"},\"query-input\":{\"@type\":\"PropertyValueSpecification\",\"valueRequired\":true,\"valueName\":\"search_term_string\"}}],\"inLanguage\":\"cs\"},{\"@type\":\"Organization\",\"@id\":\"https:\/\/www.dakarmania.cz\/#organization\",\"name\":\"DAKAR MANIA\",\"url\":\"https:\/\/www.dakarmania.cz\/\",\"logo\":{\"@type\":\"ImageObject\",\"inLanguage\":\"cs\",\"@id\":\"https:\/\/www.dakarmania.cz\/#\/schema\/logo\/image\/\",\"url\":\"https:\/\/www.dakarmania.cz\/wp-content\/uploads\/2018\/12\/Dakar-Mania-Logo-Square-Orange.png\",\"contentUrl\":\"https:\/\/www.dakarmania.cz\/wp-content\/uploads\/2018\/12\/Dakar-Mania-Logo-Square-Orange.png\",\"width\":992,\"height\":992,\"caption\":\"DAKAR MANIA\"},\"image\":{\"@id\":\"https:\/\/www.dakarmania.cz\/#\/schema\/logo\/image\/\"},\"sameAs\":[\"https:\/\/www.facebook.com\/dakarmania\/\"]},{\"@type\":\"Person\",\"@id\":\"https:\/\/www.dakarmania.cz\/#\/schema\/person\/04eb0e87a389631c2169c0dddae7ff1e\",\"name\":\"Zden\u011bk Zelenka\",\"image\":{\"@type\":\"ImageObject\",\"inLanguage\":\"cs\",\"@id\":\"https:\/\/www.dakarmania.cz\/#\/schema\/person\/image\/\",\"url\":\"https:\/\/secure.gravatar.com\/avatar\/2c80d5a4942fe0900b73cc7d3837a509d6ee0a276a2b76dac95c92bd0763a89b?s=96&d=mm&r=g\",\"contentUrl\":\"https:\/\/secure.gravatar.com\/avatar\/2c80d5a4942fe0900b73cc7d3837a509d6ee0a276a2b76dac95c92bd0763a89b?s=96&d=mm&r=g\",\"caption\":\"Zden\u011bk Zelenka\"},\"description\":\"Moji d\u011bt\u0161t\u00ed hrdinov\u00e9 se jmenovali Loprais, Moskal, Neveu, Vatanen, Rahier... A tihle borci, jejich n\u00e1sledovn\u00edci a jejich p\u0159\u00edb\u011bhy m\u011b nep\u0159estali fascinovat ani po letech, kdy jsem vyrostl a zam\u011bstn\u00e1valy m\u011b jin\u00e9 discipl\u00edny motorsportu. Proto se zrodila DAKARMANIA.\",\"url\":\"https:\/\/www.dakarmania.cz\/index.php\/author\/dakarmania\/\"}]}<\/script>\n<!-- \/ Yoast SEO plugin. -->","yoast_head_json":{"title":"Dakar 2021: Ambici\u00f3zn\u00ed Seaidan m\u011bn\u00ed Mini za buggy - DAKARMANIA.cz","description":"Yasir Seaidan se postupn\u011b zabydluje v \u0161ir\u0161\u00ed sv\u011btov\u00e9 \u0161pi\u010dce cross-country rally a p\u0159i Rally Dakar 2021 hodl\u00e1 svou pozici potvrdit.","robots":{"index":"index","follow":"follow","max-snippet":"max-snippet:-1","max-image-preview":"max-image-preview:large","max-video-preview":"max-video-preview:-1"},"canonical":"https:\/\/www.dakarmania.cz\/index.php\/2020\/10\/29\/dakar-2021-seaidan-buggy\/","og_locale":"cs_CZ","og_type":"article","og_title":"Dakar 2021: Ambici\u00f3zn\u00ed Seaidan m\u011bn\u00ed Mini za buggy - DAKARMANIA.cz","og_description":"Yasir Seaidan se postupn\u011b zabydluje v \u0161ir\u0161\u00ed sv\u011btov\u00e9 \u0161pi\u010dce cross-country rally a p\u0159i Rally Dakar 2021 hodl\u00e1 svou pozici potvrdit.","og_url":"https:\/\/www.dakarmania.cz\/index.php\/2020\/10\/29\/dakar-2021-seaidan-buggy\/","og_site_name":"DAKARMANIA.cz","article_publisher":"https:\/\/www.facebook.com\/dakarmania\/","article_published_time":"2020-10-29T15:37:58+00:00","og_image":[{"width":1024,"height":683,"url":"https:\/\/www.dakarmania.cz\/wp-content\/uploads\/2020\/10\/20-andalucia-leroy-01.jpg","type":"image\/jpeg"}],"author":"Zden\u011bk Zelenka","twitter_card":"summary_large_image","twitter_misc":{"Napsal(a)":"Zden\u011bk Zelenka","Odhadovan\u00e1 doba \u010dten\u00ed":"2 minuty"},"schema":{"@context":"https:\/\/schema.org","@graph":[{"@type":"Article","@id":"https:\/\/www.dakarmania.cz\/index.php\/2020\/10\/29\/dakar-2021-seaidan-buggy\/#article","isPartOf":{"@id":"https:\/\/www.dakarmania.cz\/index.php\/2020\/10\/29\/dakar-2021-seaidan-buggy\/"},"author":{"name":"Zden\u011bk Zelenka","@id":"https:\/\/www.dakarmania.cz\/#\/schema\/person\/04eb0e87a389631c2169c0dddae7ff1e"},"headline":"Dakar 2021: Ambici\u00f3zn\u00ed Seaidan m\u011bn\u00ed Mini za buggy","datePublished":"2020-10-29T15:37:58+00:00","mainEntityOfPage":{"@id":"https:\/\/www.dakarmania.cz\/index.php\/2020\/10\/29\/dakar-2021-seaidan-buggy\/"},"wordCount":409,"commentCount":0,"publisher":{"@id":"https:\/\/www.dakarmania.cz\/#organization"},"image":{"@id":"https:\/\/www.dakarmania.cz\/index.php\/2020\/10\/29\/dakar-2021-seaidan-buggy\/#primaryimage"},"thumbnailUrl":"https:\/\/www.dakarmania.cz\/wp-content\/uploads\/2020\/10\/20-andalucia-leroy-01.jpg","keywords":["2020","2021","Alexandre Leroy","Century","Century Buggy","Century Racing","Dakar","Dakar 2021","Mathieu Serradori","SRT Racing","Yasir Seaidan"],"articleSection":["Auto","Dakar 2021"],"inLanguage":"cs","potentialAction":[{"@type":"CommentAction","name":"Comment","target":["https:\/\/www.dakarmania.cz\/index.php\/2020\/10\/29\/dakar-2021-seaidan-buggy\/#respond"]}]},{"@type":"WebPage","@id":"https:\/\/www.dakarmania.cz\/index.php\/2020\/10\/29\/dakar-2021-seaidan-buggy\/","url":"https:\/\/www.dakarmania.cz\/index.php\/2020\/10\/29\/dakar-2021-seaidan-buggy\/","name":"Dakar 2021: Ambici\u00f3zn\u00ed Seaidan m\u011bn\u00ed Mini za buggy - DAKARMANIA.cz","isPartOf":{"@id":"https:\/\/www.dakarmania.cz\/#website"},"primaryImageOfPage":{"@id":"https:\/\/www.dakarmania.cz\/index.php\/2020\/10\/29\/dakar-2021-seaidan-buggy\/#primaryimage"},"image":{"@id":"https:\/\/www.dakarmania.cz\/index.php\/2020\/10\/29\/dakar-2021-seaidan-buggy\/#primaryimage"},"thumbnailUrl":"https:\/\/www.dakarmania.cz\/wp-content\/uploads\/2020\/10\/20-andalucia-leroy-01.jpg","datePublished":"2020-10-29T15:37:58+00:00","description":"Yasir Seaidan se postupn\u011b zabydluje v \u0161ir\u0161\u00ed sv\u011btov\u00e9 \u0161pi\u010dce cross-country rally a p\u0159i Rally Dakar 2021 hodl\u00e1 svou pozici potvrdit.","breadcrumb":{"@id":"https:\/\/www.dakarmania.cz\/index.php\/2020\/10\/29\/dakar-2021-seaidan-buggy\/#breadcrumb"},"inLanguage":"cs","potentialAction":[{"@type":"ReadAction","target":["https:\/\/www.dakarmania.cz\/index.php\/2020\/10\/29\/dakar-2021-seaidan-buggy\/"]}]},{"@type":"ImageObject","inLanguage":"cs","@id":"https:\/\/www.dakarmania.cz\/index.php\/2020\/10\/29\/dakar-2021-seaidan-buggy\/#primaryimage","url":"https:\/\/www.dakarmania.cz\/wp-content\/uploads\/2020\/10\/20-andalucia-leroy-01.jpg","contentUrl":"https:\/\/www.dakarmania.cz\/wp-content\/uploads\/2020\/10\/20-andalucia-leroy-01.jpg","width":1024,"height":683,"caption":"Alexandre Leroy\/Nicolas Delangue, Century Buggy, SRT. Andaluc\u00eda Rally 2020. \u00a9 ODC Events\/DPPI"},{"@type":"BreadcrumbList","@id":"https:\/\/www.dakarmania.cz\/index.php\/2020\/10\/29\/dakar-2021-seaidan-buggy\/#breadcrumb","itemListElement":[{"@type":"ListItem","position":1,"name":"Dom\u016f","item":"https:\/\/www.dakarmania.cz\/"},{"@type":"ListItem","position":2,"name":"Dakar 2021: Ambici\u00f3zn\u00ed Seaidan m\u011bn\u00ed Mini za buggy"}]},{"@type":"WebSite","@id":"https:\/\/www.dakarmania.cz\/#website","url":"https:\/\/www.dakarmania.cz\/","name":"DAKARMANIA.cz","description":"\u017dijeme Dakarem cel\u00fd rok","publisher":{"@id":"https:\/\/www.dakarmania.cz\/#organization"},"potentialAction":[{"@type":"SearchAction","target":{"@type":"EntryPoint","urlTemplate":"https:\/\/www.dakarmania.cz\/?s={search_term_string}"},"query-input":{"@type":"PropertyValueSpecification","valueRequired":true,"valueName":"search_term_string"}}],"inLanguage":"cs"},{"@type":"Organization","@id":"https:\/\/www.dakarmania.cz\/#organization","name":"DAKAR MANIA","url":"https:\/\/www.dakarmania.cz\/","logo":{"@type":"ImageObject","inLanguage":"cs","@id":"https:\/\/www.dakarmania.cz\/#\/schema\/logo\/image\/","url":"https:\/\/www.dakarmania.cz\/wp-content\/uploads\/2018\/12\/Dakar-Mania-Logo-Square-Orange.png","contentUrl":"https:\/\/www.dakarmania.cz\/wp-content\/uploads\/2018\/12\/Dakar-Mania-Logo-Square-Orange.png","width":992,"height":992,"caption":"DAKAR MANIA"},"image":{"@id":"https:\/\/www.dakarmania.cz\/#\/schema\/logo\/image\/"},"sameAs":["https:\/\/www.facebook.com\/dakarmania\/"]},{"@type":"Person","@id":"https:\/\/www.dakarmania.cz\/#\/schema\/person\/04eb0e87a389631c2169c0dddae7ff1e","name":"Zden\u011bk Zelenka","image":{"@type":"ImageObject","inLanguage":"cs","@id":"https:\/\/www.dakarmania.cz\/#\/schema\/person\/image\/","url":"https:\/\/secure.gravatar.com\/avatar\/2c80d5a4942fe0900b73cc7d3837a509d6ee0a276a2b76dac95c92bd0763a89b?s=96&d=mm&r=g","contentUrl":"https:\/\/secure.gravatar.com\/avatar\/2c80d5a4942fe0900b73cc7d3837a509d6ee0a276a2b76dac95c92bd0763a89b?s=96&d=mm&r=g","caption":"Zden\u011bk Zelenka"},"description":"Moji d\u011bt\u0161t\u00ed hrdinov\u00e9 se jmenovali Loprais, Moskal, Neveu, Vatanen, Rahier... A tihle borci, jejich n\u00e1sledovn\u00edci a jejich p\u0159\u00edb\u011bhy m\u011b nep\u0159estali fascinovat ani po letech, kdy jsem vyrostl a zam\u011bstn\u00e1valy m\u011b jin\u00e9 discipl\u00edny motorsportu. Proto se zrodila DAKARMANIA.","url":"https:\/\/www.dakarmania.cz\/index.php\/author\/dakarmania\/"}]}},"amp_enabled":true,"_links":{"self":[{"href":"https:\/\/www.dakarmania.cz\/index.php\/wp-json\/wp\/v2\/posts\/17078","targetHints":{"allow":["GET"]}}],"collection":[{"href":"https:\/\/www.dakarmania.cz\/index.php\/wp-json\/wp\/v2\/posts"}],"about":[{"href":"https:\/\/www.dakarmania.cz\/index.php\/wp-json\/wp\/v2\/types\/post"}],"author":[{"embeddable":true,"href":"https:\/\/www.dakarmania.cz\/index.php\/wp-json\/wp\/v2\/users\/1"}],"replies":[{"embeddable":true,"href":"https:\/\/www.dakarmania.cz\/index.php\/wp-json\/wp\/v2\/comments?post=17078"}],"version-history":[{"count":1,"href":"https:\/\/www.dakarmania.cz\/index.php\/wp-json\/wp\/v2\/posts\/17078\/revisions"}],"predecessor-version":[{"id":17079,"href":"https:\/\/www.dakarmania.cz\/index.php\/wp-json\/wp\/v2\/posts\/17078\/revisions\/17079"}],"wp:featuredmedia":[{"embeddable":true,"href":"https:\/\/www.dakarmania.cz\/index.php\/wp-json\/wp\/v2\/media\/17076"}],"wp:attachment":[{"href":"https:\/\/www.dakarmania.cz\/index.php\/wp-json\/wp\/v2\/media?parent=17078"}],"wp:term":[{"taxonomy":"category","embeddable":true,"href":"https:\/\/www.dakarmania.cz\/index.php\/wp-json\/wp\/v2\/categories?post=17078"},{"taxonomy":"post_tag","embeddable":true,"href":"https:\/\/www.dakarmania.cz\/index.php\/wp-json\/wp\/v2\/tags?post=17078"}],"curies":[{"name":"wp","href":"https:\/\/api.w.org\/{rel}","templated":true}]}}