{"id":17150,"date":"2020-11-24T17:36:04","date_gmt":"2020-11-24T16:36:04","guid":{"rendered":"https:\/\/www.dakarmania.cz\/?p=17150"},"modified":"2020-12-11T02:48:57","modified_gmt":"2020-12-11T01:48:57","slug":"dakar-2021-machacek-enge","status":"publish","type":"post","link":"https:\/\/www.dakarmania.cz\/index.php\/2020\/11\/24\/dakar-2021-machacek-enge\/","title":{"rendered":"Dakar 2021: Mach\u00e1\u010dek chce zvednout la\u0165ku, Enge z\u00edskat zku\u0161enosti"},"content":{"rendered":"<p>[vc_row][vc_column][vc_column_text css_animation=&#8221;fadeIn&#8221;]<\/p>\n<h3>T\u00fdm Buggyra Zero Mileage Racing p\u0159ipravil pro Rally Dakar 2021 dv\u011b zbrusu nov\u00e9 buginy kategorie side-by-side. Zku\u0161en\u00e9ho Josefa Mach\u00e1\u010dka v t\u00fdmu dopln\u00ed debutuj\u00edc\u00ed Tom\u00e1\u0161 Enge.<\/h3>\n<p>[\/vc_column_text][vc_single_image image=&#8221;17149&#8243; img_size=&#8221;large&#8221; add_caption=&#8221;yes&#8221; alignment=&#8221;center&#8221; onclick=&#8221;link_image&#8221; css_animation=&#8221;fadeIn&#8221;][vc_column_text css_animation=&#8221;fadeIn&#8221;]<em>\u201eP\u0159ed Dakarem 2020 jsme za\u010dali auto stav\u011bt pozd\u011b a m\u011bli jsme nere\u00e1ln\u00e1 o\u010dek\u00e1v\u00e1n\u00ed,\u201c<\/em> ohl\u00ed\u017e\u00ed se \u0159editel t\u00fdmu <strong>Martin Koloc<\/strong>. <em>\u201eB\u011bhem z\u00e1vodu jsme se pot\u00fdkali se spoustou probl\u00e9m\u016f, ale d\u00edky tomu jsme si p\u0159ivezli spoustu dat a zku\u0161enost\u00ed. Hned po n\u00e1vratu jsme za\u010dali s testov\u00e1n\u00edm a dosp\u011bli k poznatk\u016fm, na jejich\u017e z\u00e1klad\u011b jsme postavili dv\u011b \u00fapln\u011b nov\u00e1 auta. Ve sv\u00e9m n\u00e1zvu nesou inici\u00e1ly Davida Vr\u0161eck\u00e9ho, p\u0159ed kter\u00fdm se skl\u00e1n\u00edm, proto\u017ee odvedl fantastickou konstrukt\u00e9rskou pr\u00e1ci.\u201c<\/em><\/p>\n<p>Nov\u00e9 buginy Buggyra Can-Am DV21 jsou v porovn\u00e1n\u00ed se svou p\u0159edch\u016fdkyn\u00ed \u0161ir\u0161\u00ed, leh\u010d\u00ed, maj\u00ed vy\u0161\u0161\u00ed v\u00fdkon motoru a ni\u017e\u0161\u00ed t\u011b\u017ei\u0161t\u011b. K v\u00fdrazn\u00e9mu zlep\u0161en\u00ed j\u00edzdn\u00edch vlastnost\u00ed by m\u011bly p\u0159isp\u011bt \u00fapravy p\u0159edn\u00ed n\u00e1pravy. Zm\u011bny se t\u00fdkaj\u00ed i dal\u0161\u00edch kl\u00ed\u010dov\u00fdch komponent\u016f a spousty drobn\u011bj\u0161\u00edch detail\u016f. V\u00fdrazn\u011b jednodu\u0161\u0161\u00ed m\u00e1 b\u00fdt \u0159ada servisn\u00edch \u00fakon\u016f, co\u017e u\u0161et\u0159\u00ed energii a \u010das mechanik\u016f v bivaku.<\/p>\n<h4>Mach\u00e1\u010dek: Bude to vabank<\/h4>\n<p>T\u00fdm bude znovu spol\u00e9hat p\u0159edev\u0161\u00edm na Josefa Mach\u00e1\u010dka, kter\u00fd se na Dakaru p\u0159edstav\u00ed s nov\u00fdm spolujezdcem. Pracovn\u011b zanepr\u00e1zdn\u011bn\u00e9ho Vlastimila To\u0161enovsk\u00e9ho vyst\u0159\u00edd\u00e1 Pavel Vyoral.<\/p>\n<p>P\u011btin\u00e1sobn\u00fd v\u00edt\u011bz Dakaru v hodnocen\u00ed \u010dty\u0159kolek v\u00edt\u00e1 avizovan\u00e9 zm\u011bny trat\u00ed v Sa\u00fadsk\u00e9 Ar\u00e1bii, ov\u0161em s jejich hodnocen\u00edm hodl\u00e1 je\u0161t\u011b po\u010dkat.[\/vc_column_text][vc_single_image image=&#8221;17134&#8243; img_size=&#8221;large&#8221; add_caption=&#8221;yes&#8221; alignment=&#8221;center&#8221; onclick=&#8221;custom_link&#8221; img_link_target=&#8221;_blank&#8221; css_animation=&#8221;fadeIn&#8221; link=&#8221;http:\/\/eshop.dakarmania.cz\/&#8221;][vc_column_text css_animation=&#8221;fadeIn&#8221;]<em>\u201eV\u0161echno se pozn\u00e1 a\u017e na trati. Na prvn\u00ed pohled to vypad\u00e1 skv\u011ble, osmdes\u00e1t procent etap se m\u00e1 jet v p\u00edsku. Pak ale \u010dlov\u011bk zjist\u00ed, \u017ee p\u00edsku je tak p\u011bt centimetr\u016f a pod n\u00edm je povrch tvrd\u00fd jako beton. Tak\u017ee uvid\u00edme,\u201c<\/em> vy\u010dk\u00e1v\u00e1 <strong>Josef Mach\u00e1\u010dek<\/strong>.<\/p>\n<p>O pozn\u00e1n\u00ed konkr\u00e9tn\u011bj\u0161\u00ed je 63let\u00fd z\u00e1vodn\u00edk ohledn\u011b sv\u00e9 strategie a v\u00fdsledkov\u00fdch ambic\u00ed. R\u00e1d by v\u00fdrazn\u011b posunul dosavadn\u00ed \u010desk\u00e9 maximum v kategorii SSV, j\u00edm\u017e zat\u00edm z\u016fst\u00e1v\u00e1 dvac\u00e1t\u00e9 m\u00edsto Olgy Rou\u010dkov\u00e9 a Daniela Zelenky z roku 2019.<\/p>\n<p><em>\u201eChci jet agresivn\u011b, abych sv\u00fdm v\u00fdsledkem nasadil la\u0165ku dal\u0161\u00edm \u010desk\u00fdm pos\u00e1dk\u00e1m, kter\u00e9 budou v kategorii side-by-side startovat v n\u00e1sleduj\u00edc\u00edch letech. Bude to vabank, i kdy\u017e asi tro\u0161ku omezen\u00fd t\u00edm, jak bude st\u00edhat spolujezdec,\u201c<\/em> uv\u011bdomuje si Mach\u00e1\u010dek.<\/p>\n<h4>Enge: Dakar dal\u0161\u00ed metou<\/h4>\n<p>Druhou pos\u00e1dku t\u00fdmu Buggyra Zero Mileage Racing v kategorii side-by-side budou tvo\u0159it nov\u00e1\u010dci Tom\u00e1\u0161 Enge a Mark\u00e9ta Sk\u00e1celov\u00e1.[\/vc_column_text][vc_single_image image=&#8221;17147&#8243; img_size=&#8221;large&#8221; add_caption=&#8221;yes&#8221; alignment=&#8221;center&#8221; onclick=&#8221;link_image&#8221; css_animation=&#8221;fadeIn&#8221;][vc_column_text css_animation=&#8221;fadeIn&#8221;]<em>\u201ePo Dakaru jsem za\u010dal pokukovat u\u017e n\u011bkdy od roku 2015, ale a\u017e dote\u010f jsem na n\u011bj nem\u011bl \u010das, proto\u017ee jsem d\u011blal jinou pr\u00e1ci pro jin\u00e9ho v\u00fdrobce z\u00e1vodn\u00edch aut,\u201c<\/em> vysv\u011btluje <strong>Tom\u00e1\u0161 Enge<\/strong>, kter\u00fd u\u017e p\u0159ed n\u011bkolika lety poprv\u00e9 otestoval dakarsk\u00fd truck. <em>\u201eCht\u011bl jsem si vyzkou\u0161et, co kamion vydr\u017e\u00ed. Byl jsem za to r\u00e1d, ale je pro m\u011b stra\u0161n\u011b velk\u00fd. Pot\u0159ebuji n\u011bco, s \u010d\u00edm si budu hr\u00e1t. Pr\u00e1v\u011b bugina je v tomto ohledu pro m\u011b p\u0159i prvn\u00edm startu super.\u201c<\/em><\/p>\n<p><em>\u201eDakar beru jako dal\u0161\u00ed metu a cht\u011bl bych na n\u011bm v budoucnu usp\u011bt. Ale na prvn\u00ed pokus to nejde. Na to je moc tvrd\u00fd a z\u00e1ke\u0159n\u00fd,\u201c<\/em> \u0159\u00edk\u00e1 jedin\u00fd \u010desk\u00fd \u00fa\u010dastn\u00edk velk\u00fdch cen formule 1, kter\u00fd se krom\u011b z\u00e1vodu samotn\u00e9ho t\u011b\u0161\u00ed i na spolupr\u00e1ci s novou spolujezdkyn\u00ed.<\/p>\n<p><em>\u201eMark\u00e9ta je super holka, kter\u00e1 je do z\u00e1vod\u011bn\u00ed zap\u00e1len\u00e1, a vypad\u00e1 to, \u017ee by za t\u00fdm polo\u017eila \u017eivot. Ani ona nem\u00e1 zku\u0161enosti s j\u00edzdou v p\u00edsku, ale zn\u00e1 tro\u0161ku arabsk\u00e9 prost\u0159ed\u00ed i p\u00e1r tamn\u00edch lid\u00ed v\u010detn\u011b Nassera Al-Attiyaha. Pr\u00e1v\u011b s n\u00edm domluvila, \u017ee m\u011b bude na za\u010d\u00e1tku prosince u\u010dit jezdit s buginou v pou\u0161ti. Sice jsme oba dakar\u0161t\u00ed nov\u00e1\u010dci, ale pr\u00e1v\u011b to n\u00e1s motivuje. Oba chceme to sam\u00e9: dojet do c\u00edle Dakaru.\u201c<\/em><\/p>\n<p>Krom\u011b dvou speci\u00e1l\u016f kategorie SSV nasad\u00ed Buggyra Racing do Rally Dakar 2021 tak\u00e9 <a href=\"\/index.php\/2020\/11\/24\/dakar-2021-casale-s-tatrou-tymu-buggyra\/\">dvojici kamion\u016f<\/a>, za jejich\u017e volanty usednou Martin \u0160oltys a Ignacio Casale.<\/p>\n<h3>Podrobnosti o p\u0159\u00edprav\u00e1ch v\u0161ech \u010desk\u00fdch t\u00fdm\u016f na Dakar 2021, obs\u00e1hl\u00e9 a otev\u0159en\u00e9 rozhovory s \u00fa\u010dastn\u00edky, stejn\u011b jako bohat\u00fd materi\u00e1l o historii nejslavn\u011bj\u0161\u00ed maratonsk\u00e9 rally sv\u011bta najdete na 160 stran\u00e1ch druh\u00e9ho \u010d\u00edsla na\u0161eho magaz\u00ednu. <a href=\"http:\/\/eshop.dakarmania.cz\/dm-2\/\" target=\"_blank\" rel=\"noopener noreferrer\">DAKARMANIA #2<\/a> vych\u00e1z\u00ed 1. prosince! Objedn\u00e1vejte na <a href=\"http:\/\/eshop.dakarmania.cz\/\" target=\"_blank\" rel=\"noopener noreferrer\">eshop.dakarmania.cz<\/a>.<\/h3>\n<p>[\/vc_column_text][vc_empty_space height=&#8221;2px&#8221;][\/vc_column][\/vc_row]<\/p>\n","protected":false},"excerpt":{"rendered":"<p>Buggyra p\u0159ipravila pro Dakar 2021 dv\u011b zbrusu nov\u00e9 buginy kategorie SSV. Zku\u0161en\u00e9ho Josefa Mach\u00e1\u010dka v t\u00fdmu dopln\u00ed debutuj\u00edc\u00ed Tom\u00e1\u0161 Enge.<\/p>\n","protected":false},"author":1,"featured_media":17148,"comment_status":"open","ping_status":"closed","sticky":false,"template":"","format":"standard","meta":{"footnotes":""},"categories":[1688,90],"tags":[903,1630,132,95,8,1475,684,1801,1151,1800,1792],"class_list":["post-17150","post","type-post","status-publish","format-standard","has-post-thumbnail","hentry","category-dakar-2021","category-sxs","tag-903","tag-1630","tag-buggyra-racing","tag-can-am","tag-dakar","tag-dakar-2021","tag-josef-machacek","tag-marketa-skacelova","tag-martin-koloc","tag-pavel-vyoral","tag-tomas-enge"],"yoast_head":"<!-- This site is optimized with the Yoast SEO plugin v24.9 - https:\/\/yoast.com\/wordpress\/plugins\/seo\/ -->\n<title>Dakar 2021: Mach\u00e1\u010dek chce zvednout la\u0165ku, Enge z\u00edskat zku\u0161enosti - DAKARMANIA.cz<\/title>\n<meta name=\"description\" content=\"Buggyra p\u0159ipravila pro Dakar 2021 dv\u011b zbrusu nov\u00e9 buginy kategorie SSV. Zku\u0161en\u00e9ho Josefa Mach\u00e1\u010dka v t\u00fdmu dopln\u00ed debutuj\u00edc\u00ed Tom\u00e1\u0161 Enge.\" \/>\n<meta name=\"robots\" content=\"index, follow, max-snippet:-1, max-image-preview:large, max-video-preview:-1\" \/>\n<link rel=\"canonical\" href=\"https:\/\/www.dakarmania.cz\/index.php\/2020\/11\/24\/dakar-2021-machacek-enge\/\" \/>\n<meta property=\"og:locale\" content=\"cs_CZ\" \/>\n<meta property=\"og:type\" content=\"article\" \/>\n<meta property=\"og:title\" content=\"Dakar 2021: Mach\u00e1\u010dek chce zvednout la\u0165ku, Enge z\u00edskat zku\u0161enosti - DAKARMANIA.cz\" \/>\n<meta property=\"og:description\" content=\"Buggyra p\u0159ipravila pro Dakar 2021 dv\u011b zbrusu nov\u00e9 buginy kategorie SSV. Zku\u0161en\u00e9ho Josefa Mach\u00e1\u010dka v t\u00fdmu dopln\u00ed debutuj\u00edc\u00ed Tom\u00e1\u0161 Enge.\" \/>\n<meta property=\"og:url\" content=\"https:\/\/www.dakarmania.cz\/index.php\/2020\/11\/24\/dakar-2021-machacek-enge\/\" \/>\n<meta property=\"og:site_name\" content=\"DAKARMANIA.cz\" \/>\n<meta property=\"article:publisher\" content=\"https:\/\/www.facebook.com\/dakarmania\/\" \/>\n<meta property=\"article:published_time\" content=\"2020-11-24T16:36:04+00:00\" \/>\n<meta property=\"article:modified_time\" content=\"2020-12-11T01:48:57+00:00\" \/>\n<meta property=\"og:image\" content=\"https:\/\/www.dakarmania.cz\/wp-content\/uploads\/2020\/11\/20-buggyra-machacek-01.jpg\" \/>\n\t<meta property=\"og:image:width\" content=\"1024\" \/>\n\t<meta property=\"og:image:height\" content=\"683\" \/>\n\t<meta property=\"og:image:type\" content=\"image\/jpeg\" \/>\n<meta name=\"author\" content=\"Zden\u011bk Zelenka\" \/>\n<meta name=\"twitter:card\" content=\"summary_large_image\" \/>\n<meta name=\"twitter:label1\" content=\"Napsal(a)\" \/>\n\t<meta name=\"twitter:data1\" content=\"Zden\u011bk Zelenka\" \/>\n\t<meta name=\"twitter:label2\" content=\"Odhadovan\u00e1 doba \u010dten\u00ed\" \/>\n\t<meta name=\"twitter:data2\" content=\"5 minut\" \/>\n<script type=\"application\/ld+json\" class=\"yoast-schema-graph\">{\"@context\":\"https:\/\/schema.org\",\"@graph\":[{\"@type\":\"Article\",\"@id\":\"https:\/\/www.dakarmania.cz\/index.php\/2020\/11\/24\/dakar-2021-machacek-enge\/#article\",\"isPartOf\":{\"@id\":\"https:\/\/www.dakarmania.cz\/index.php\/2020\/11\/24\/dakar-2021-machacek-enge\/\"},\"author\":{\"name\":\"Zden\u011bk Zelenka\",\"@id\":\"https:\/\/www.dakarmania.cz\/#\/schema\/person\/04eb0e87a389631c2169c0dddae7ff1e\"},\"headline\":\"Dakar 2021: Mach\u00e1\u010dek chce zvednout la\u0165ku, Enge z\u00edskat zku\u0161enosti\",\"datePublished\":\"2020-11-24T16:36:04+00:00\",\"dateModified\":\"2020-12-11T01:48:57+00:00\",\"mainEntityOfPage\":{\"@id\":\"https:\/\/www.dakarmania.cz\/index.php\/2020\/11\/24\/dakar-2021-machacek-enge\/\"},\"wordCount\":936,\"commentCount\":0,\"publisher\":{\"@id\":\"https:\/\/www.dakarmania.cz\/#organization\"},\"image\":{\"@id\":\"https:\/\/www.dakarmania.cz\/index.php\/2020\/11\/24\/dakar-2021-machacek-enge\/#primaryimage\"},\"thumbnailUrl\":\"https:\/\/www.dakarmania.cz\/wp-content\/uploads\/2020\/11\/20-buggyra-machacek-01.jpg\",\"keywords\":[\"2020\",\"2021\",\"Buggyra Racing\",\"Can-Am\",\"Dakar\",\"Dakar 2021\",\"Josef Mach\u00e1\u010dek\",\"Mark\u00e9ta Sk\u00e1celov\u00e1\",\"Martin Koloc\",\"Pavel Vyoral\",\"Tom\u00e1\u0161 Enge\"],\"articleSection\":[\"Dakar 2021\",\"S\u00d7S\"],\"inLanguage\":\"cs\",\"potentialAction\":[{\"@type\":\"CommentAction\",\"name\":\"Comment\",\"target\":[\"https:\/\/www.dakarmania.cz\/index.php\/2020\/11\/24\/dakar-2021-machacek-enge\/#respond\"]}]},{\"@type\":\"WebPage\",\"@id\":\"https:\/\/www.dakarmania.cz\/index.php\/2020\/11\/24\/dakar-2021-machacek-enge\/\",\"url\":\"https:\/\/www.dakarmania.cz\/index.php\/2020\/11\/24\/dakar-2021-machacek-enge\/\",\"name\":\"Dakar 2021: Mach\u00e1\u010dek chce zvednout la\u0165ku, Enge z\u00edskat zku\u0161enosti - DAKARMANIA.cz\",\"isPartOf\":{\"@id\":\"https:\/\/www.dakarmania.cz\/#website\"},\"primaryImageOfPage\":{\"@id\":\"https:\/\/www.dakarmania.cz\/index.php\/2020\/11\/24\/dakar-2021-machacek-enge\/#primaryimage\"},\"image\":{\"@id\":\"https:\/\/www.dakarmania.cz\/index.php\/2020\/11\/24\/dakar-2021-machacek-enge\/#primaryimage\"},\"thumbnailUrl\":\"https:\/\/www.dakarmania.cz\/wp-content\/uploads\/2020\/11\/20-buggyra-machacek-01.jpg\",\"datePublished\":\"2020-11-24T16:36:04+00:00\",\"dateModified\":\"2020-12-11T01:48:57+00:00\",\"description\":\"Buggyra p\u0159ipravila pro Dakar 2021 dv\u011b zbrusu nov\u00e9 buginy kategorie SSV. Zku\u0161en\u00e9ho Josefa Mach\u00e1\u010dka v t\u00fdmu dopln\u00ed debutuj\u00edc\u00ed Tom\u00e1\u0161 Enge.\",\"breadcrumb\":{\"@id\":\"https:\/\/www.dakarmania.cz\/index.php\/2020\/11\/24\/dakar-2021-machacek-enge\/#breadcrumb\"},\"inLanguage\":\"cs\",\"potentialAction\":[{\"@type\":\"ReadAction\",\"target\":[\"https:\/\/www.dakarmania.cz\/index.php\/2020\/11\/24\/dakar-2021-machacek-enge\/\"]}]},{\"@type\":\"ImageObject\",\"inLanguage\":\"cs\",\"@id\":\"https:\/\/www.dakarmania.cz\/index.php\/2020\/11\/24\/dakar-2021-machacek-enge\/#primaryimage\",\"url\":\"https:\/\/www.dakarmania.cz\/wp-content\/uploads\/2020\/11\/20-buggyra-machacek-01.jpg\",\"contentUrl\":\"https:\/\/www.dakarmania.cz\/wp-content\/uploads\/2020\/11\/20-buggyra-machacek-01.jpg\",\"width\":1024,\"height\":683,\"caption\":\"Josef Mach\u00e1\u010dek\/Pavel Vyoral, Buggyra Can-Am DV21, Buggyra Zero Mileage Racing. \u00a9 Buggyra Media\"},{\"@type\":\"BreadcrumbList\",\"@id\":\"https:\/\/www.dakarmania.cz\/index.php\/2020\/11\/24\/dakar-2021-machacek-enge\/#breadcrumb\",\"itemListElement\":[{\"@type\":\"ListItem\",\"position\":1,\"name\":\"Dom\u016f\",\"item\":\"https:\/\/www.dakarmania.cz\/\"},{\"@type\":\"ListItem\",\"position\":2,\"name\":\"Dakar 2021: Mach\u00e1\u010dek chce zvednout la\u0165ku, Enge z\u00edskat zku\u0161enosti\"}]},{\"@type\":\"WebSite\",\"@id\":\"https:\/\/www.dakarmania.cz\/#website\",\"url\":\"https:\/\/www.dakarmania.cz\/\",\"name\":\"DAKARMANIA.cz\",\"description\":\"\u017dijeme Dakarem cel\u00fd rok\",\"publisher\":{\"@id\":\"https:\/\/www.dakarmania.cz\/#organization\"},\"potentialAction\":[{\"@type\":\"SearchAction\",\"target\":{\"@type\":\"EntryPoint\",\"urlTemplate\":\"https:\/\/www.dakarmania.cz\/?s={search_term_string}\"},\"query-input\":{\"@type\":\"PropertyValueSpecification\",\"valueRequired\":true,\"valueName\":\"search_term_string\"}}],\"inLanguage\":\"cs\"},{\"@type\":\"Organization\",\"@id\":\"https:\/\/www.dakarmania.cz\/#organization\",\"name\":\"DAKAR MANIA\",\"url\":\"https:\/\/www.dakarmania.cz\/\",\"logo\":{\"@type\":\"ImageObject\",\"inLanguage\":\"cs\",\"@id\":\"https:\/\/www.dakarmania.cz\/#\/schema\/logo\/image\/\",\"url\":\"https:\/\/www.dakarmania.cz\/wp-content\/uploads\/2018\/12\/Dakar-Mania-Logo-Square-Orange.png\",\"contentUrl\":\"https:\/\/www.dakarmania.cz\/wp-content\/uploads\/2018\/12\/Dakar-Mania-Logo-Square-Orange.png\",\"width\":992,\"height\":992,\"caption\":\"DAKAR MANIA\"},\"image\":{\"@id\":\"https:\/\/www.dakarmania.cz\/#\/schema\/logo\/image\/\"},\"sameAs\":[\"https:\/\/www.facebook.com\/dakarmania\/\"]},{\"@type\":\"Person\",\"@id\":\"https:\/\/www.dakarmania.cz\/#\/schema\/person\/04eb0e87a389631c2169c0dddae7ff1e\",\"name\":\"Zden\u011bk Zelenka\",\"image\":{\"@type\":\"ImageObject\",\"inLanguage\":\"cs\",\"@id\":\"https:\/\/www.dakarmania.cz\/#\/schema\/person\/image\/\",\"url\":\"https:\/\/secure.gravatar.com\/avatar\/2c80d5a4942fe0900b73cc7d3837a509d6ee0a276a2b76dac95c92bd0763a89b?s=96&d=mm&r=g\",\"contentUrl\":\"https:\/\/secure.gravatar.com\/avatar\/2c80d5a4942fe0900b73cc7d3837a509d6ee0a276a2b76dac95c92bd0763a89b?s=96&d=mm&r=g\",\"caption\":\"Zden\u011bk Zelenka\"},\"description\":\"Moji d\u011bt\u0161t\u00ed hrdinov\u00e9 se jmenovali Loprais, Moskal, Neveu, Vatanen, Rahier... A tihle borci, jejich n\u00e1sledovn\u00edci a jejich p\u0159\u00edb\u011bhy m\u011b nep\u0159estali fascinovat ani po letech, kdy jsem vyrostl a zam\u011bstn\u00e1valy m\u011b jin\u00e9 discipl\u00edny motorsportu. Proto se zrodila DAKARMANIA.\",\"url\":\"https:\/\/www.dakarmania.cz\/index.php\/author\/dakarmania\/\"}]}<\/script>\n<!-- \/ Yoast SEO plugin. -->","yoast_head_json":{"title":"Dakar 2021: Mach\u00e1\u010dek chce zvednout la\u0165ku, Enge z\u00edskat zku\u0161enosti - DAKARMANIA.cz","description":"Buggyra p\u0159ipravila pro Dakar 2021 dv\u011b zbrusu nov\u00e9 buginy kategorie SSV. Zku\u0161en\u00e9ho Josefa Mach\u00e1\u010dka v t\u00fdmu dopln\u00ed debutuj\u00edc\u00ed Tom\u00e1\u0161 Enge.","robots":{"index":"index","follow":"follow","max-snippet":"max-snippet:-1","max-image-preview":"max-image-preview:large","max-video-preview":"max-video-preview:-1"},"canonical":"https:\/\/www.dakarmania.cz\/index.php\/2020\/11\/24\/dakar-2021-machacek-enge\/","og_locale":"cs_CZ","og_type":"article","og_title":"Dakar 2021: Mach\u00e1\u010dek chce zvednout la\u0165ku, Enge z\u00edskat zku\u0161enosti - DAKARMANIA.cz","og_description":"Buggyra p\u0159ipravila pro Dakar 2021 dv\u011b zbrusu nov\u00e9 buginy kategorie SSV. Zku\u0161en\u00e9ho Josefa Mach\u00e1\u010dka v t\u00fdmu dopln\u00ed debutuj\u00edc\u00ed Tom\u00e1\u0161 Enge.","og_url":"https:\/\/www.dakarmania.cz\/index.php\/2020\/11\/24\/dakar-2021-machacek-enge\/","og_site_name":"DAKARMANIA.cz","article_publisher":"https:\/\/www.facebook.com\/dakarmania\/","article_published_time":"2020-11-24T16:36:04+00:00","article_modified_time":"2020-12-11T01:48:57+00:00","og_image":[{"width":1024,"height":683,"url":"https:\/\/www.dakarmania.cz\/wp-content\/uploads\/2020\/11\/20-buggyra-machacek-01.jpg","type":"image\/jpeg"}],"author":"Zden\u011bk Zelenka","twitter_card":"summary_large_image","twitter_misc":{"Napsal(a)":"Zden\u011bk Zelenka","Odhadovan\u00e1 doba \u010dten\u00ed":"5 minut"},"schema":{"@context":"https:\/\/schema.org","@graph":[{"@type":"Article","@id":"https:\/\/www.dakarmania.cz\/index.php\/2020\/11\/24\/dakar-2021-machacek-enge\/#article","isPartOf":{"@id":"https:\/\/www.dakarmania.cz\/index.php\/2020\/11\/24\/dakar-2021-machacek-enge\/"},"author":{"name":"Zden\u011bk Zelenka","@id":"https:\/\/www.dakarmania.cz\/#\/schema\/person\/04eb0e87a389631c2169c0dddae7ff1e"},"headline":"Dakar 2021: Mach\u00e1\u010dek chce zvednout la\u0165ku, Enge z\u00edskat zku\u0161enosti","datePublished":"2020-11-24T16:36:04+00:00","dateModified":"2020-12-11T01:48:57+00:00","mainEntityOfPage":{"@id":"https:\/\/www.dakarmania.cz\/index.php\/2020\/11\/24\/dakar-2021-machacek-enge\/"},"wordCount":936,"commentCount":0,"publisher":{"@id":"https:\/\/www.dakarmania.cz\/#organization"},"image":{"@id":"https:\/\/www.dakarmania.cz\/index.php\/2020\/11\/24\/dakar-2021-machacek-enge\/#primaryimage"},"thumbnailUrl":"https:\/\/www.dakarmania.cz\/wp-content\/uploads\/2020\/11\/20-buggyra-machacek-01.jpg","keywords":["2020","2021","Buggyra Racing","Can-Am","Dakar","Dakar 2021","Josef Mach\u00e1\u010dek","Mark\u00e9ta Sk\u00e1celov\u00e1","Martin Koloc","Pavel Vyoral","Tom\u00e1\u0161 Enge"],"articleSection":["Dakar 2021","S\u00d7S"],"inLanguage":"cs","potentialAction":[{"@type":"CommentAction","name":"Comment","target":["https:\/\/www.dakarmania.cz\/index.php\/2020\/11\/24\/dakar-2021-machacek-enge\/#respond"]}]},{"@type":"WebPage","@id":"https:\/\/www.dakarmania.cz\/index.php\/2020\/11\/24\/dakar-2021-machacek-enge\/","url":"https:\/\/www.dakarmania.cz\/index.php\/2020\/11\/24\/dakar-2021-machacek-enge\/","name":"Dakar 2021: Mach\u00e1\u010dek chce zvednout la\u0165ku, Enge z\u00edskat zku\u0161enosti - DAKARMANIA.cz","isPartOf":{"@id":"https:\/\/www.dakarmania.cz\/#website"},"primaryImageOfPage":{"@id":"https:\/\/www.dakarmania.cz\/index.php\/2020\/11\/24\/dakar-2021-machacek-enge\/#primaryimage"},"image":{"@id":"https:\/\/www.dakarmania.cz\/index.php\/2020\/11\/24\/dakar-2021-machacek-enge\/#primaryimage"},"thumbnailUrl":"https:\/\/www.dakarmania.cz\/wp-content\/uploads\/2020\/11\/20-buggyra-machacek-01.jpg","datePublished":"2020-11-24T16:36:04+00:00","dateModified":"2020-12-11T01:48:57+00:00","description":"Buggyra p\u0159ipravila pro Dakar 2021 dv\u011b zbrusu nov\u00e9 buginy kategorie SSV. Zku\u0161en\u00e9ho Josefa Mach\u00e1\u010dka v t\u00fdmu dopln\u00ed debutuj\u00edc\u00ed Tom\u00e1\u0161 Enge.","breadcrumb":{"@id":"https:\/\/www.dakarmania.cz\/index.php\/2020\/11\/24\/dakar-2021-machacek-enge\/#breadcrumb"},"inLanguage":"cs","potentialAction":[{"@type":"ReadAction","target":["https:\/\/www.dakarmania.cz\/index.php\/2020\/11\/24\/dakar-2021-machacek-enge\/"]}]},{"@type":"ImageObject","inLanguage":"cs","@id":"https:\/\/www.dakarmania.cz\/index.php\/2020\/11\/24\/dakar-2021-machacek-enge\/#primaryimage","url":"https:\/\/www.dakarmania.cz\/wp-content\/uploads\/2020\/11\/20-buggyra-machacek-01.jpg","contentUrl":"https:\/\/www.dakarmania.cz\/wp-content\/uploads\/2020\/11\/20-buggyra-machacek-01.jpg","width":1024,"height":683,"caption":"Josef Mach\u00e1\u010dek\/Pavel Vyoral, Buggyra Can-Am DV21, Buggyra Zero Mileage Racing. \u00a9 Buggyra Media"},{"@type":"BreadcrumbList","@id":"https:\/\/www.dakarmania.cz\/index.php\/2020\/11\/24\/dakar-2021-machacek-enge\/#breadcrumb","itemListElement":[{"@type":"ListItem","position":1,"name":"Dom\u016f","item":"https:\/\/www.dakarmania.cz\/"},{"@type":"ListItem","position":2,"name":"Dakar 2021: Mach\u00e1\u010dek chce zvednout la\u0165ku, Enge z\u00edskat zku\u0161enosti"}]},{"@type":"WebSite","@id":"https:\/\/www.dakarmania.cz\/#website","url":"https:\/\/www.dakarmania.cz\/","name":"DAKARMANIA.cz","description":"\u017dijeme Dakarem cel\u00fd rok","publisher":{"@id":"https:\/\/www.dakarmania.cz\/#organization"},"potentialAction":[{"@type":"SearchAction","target":{"@type":"EntryPoint","urlTemplate":"https:\/\/www.dakarmania.cz\/?s={search_term_string}"},"query-input":{"@type":"PropertyValueSpecification","valueRequired":true,"valueName":"search_term_string"}}],"inLanguage":"cs"},{"@type":"Organization","@id":"https:\/\/www.dakarmania.cz\/#organization","name":"DAKAR MANIA","url":"https:\/\/www.dakarmania.cz\/","logo":{"@type":"ImageObject","inLanguage":"cs","@id":"https:\/\/www.dakarmania.cz\/#\/schema\/logo\/image\/","url":"https:\/\/www.dakarmania.cz\/wp-content\/uploads\/2018\/12\/Dakar-Mania-Logo-Square-Orange.png","contentUrl":"https:\/\/www.dakarmania.cz\/wp-content\/uploads\/2018\/12\/Dakar-Mania-Logo-Square-Orange.png","width":992,"height":992,"caption":"DAKAR MANIA"},"image":{"@id":"https:\/\/www.dakarmania.cz\/#\/schema\/logo\/image\/"},"sameAs":["https:\/\/www.facebook.com\/dakarmania\/"]},{"@type":"Person","@id":"https:\/\/www.dakarmania.cz\/#\/schema\/person\/04eb0e87a389631c2169c0dddae7ff1e","name":"Zden\u011bk Zelenka","image":{"@type":"ImageObject","inLanguage":"cs","@id":"https:\/\/www.dakarmania.cz\/#\/schema\/person\/image\/","url":"https:\/\/secure.gravatar.com\/avatar\/2c80d5a4942fe0900b73cc7d3837a509d6ee0a276a2b76dac95c92bd0763a89b?s=96&d=mm&r=g","contentUrl":"https:\/\/secure.gravatar.com\/avatar\/2c80d5a4942fe0900b73cc7d3837a509d6ee0a276a2b76dac95c92bd0763a89b?s=96&d=mm&r=g","caption":"Zden\u011bk Zelenka"},"description":"Moji d\u011bt\u0161t\u00ed hrdinov\u00e9 se jmenovali Loprais, Moskal, Neveu, Vatanen, Rahier... A tihle borci, jejich n\u00e1sledovn\u00edci a jejich p\u0159\u00edb\u011bhy m\u011b nep\u0159estali fascinovat ani po letech, kdy jsem vyrostl a zam\u011bstn\u00e1valy m\u011b jin\u00e9 discipl\u00edny motorsportu. Proto se zrodila DAKARMANIA.","url":"https:\/\/www.dakarmania.cz\/index.php\/author\/dakarmania\/"}]}},"amp_enabled":true,"_links":{"self":[{"href":"https:\/\/www.dakarmania.cz\/index.php\/wp-json\/wp\/v2\/posts\/17150","targetHints":{"allow":["GET"]}}],"collection":[{"href":"https:\/\/www.dakarmania.cz\/index.php\/wp-json\/wp\/v2\/posts"}],"about":[{"href":"https:\/\/www.dakarmania.cz\/index.php\/wp-json\/wp\/v2\/types\/post"}],"author":[{"embeddable":true,"href":"https:\/\/www.dakarmania.cz\/index.php\/wp-json\/wp\/v2\/users\/1"}],"replies":[{"embeddable":true,"href":"https:\/\/www.dakarmania.cz\/index.php\/wp-json\/wp\/v2\/comments?post=17150"}],"version-history":[{"count":1,"href":"https:\/\/www.dakarmania.cz\/index.php\/wp-json\/wp\/v2\/posts\/17150\/revisions"}],"predecessor-version":[{"id":17151,"href":"https:\/\/www.dakarmania.cz\/index.php\/wp-json\/wp\/v2\/posts\/17150\/revisions\/17151"}],"wp:featuredmedia":[{"embeddable":true,"href":"https:\/\/www.dakarmania.cz\/index.php\/wp-json\/wp\/v2\/media\/17148"}],"wp:attachment":[{"href":"https:\/\/www.dakarmania.cz\/index.php\/wp-json\/wp\/v2\/media?parent=17150"}],"wp:term":[{"taxonomy":"category","embeddable":true,"href":"https:\/\/www.dakarmania.cz\/index.php\/wp-json\/wp\/v2\/categories?post=17150"},{"taxonomy":"post_tag","embeddable":true,"href":"https:\/\/www.dakarmania.cz\/index.php\/wp-json\/wp\/v2\/tags?post=17150"}],"curies":[{"name":"wp","href":"https:\/\/api.w.org\/{rel}","templated":true}]}}