{"id":17178,"date":"2020-11-26T22:00:40","date_gmt":"2020-11-26T21:00:40","guid":{"rendered":"https:\/\/www.dakarmania.cz\/?p=17178"},"modified":"2021-01-06T02:48:26","modified_gmt":"2021-01-06T01:48:26","slug":"potvrzeno-tomecek-na-dakar-2021","status":"publish","type":"post","link":"https:\/\/www.dakarmania.cz\/index.php\/2020\/11\/26\/potvrzeno-tomecek-na-dakar-2021\/","title":{"rendered":"Potvrzeno: Tome\u010dka \u010dek\u00e1 pern\u00fd v\u00edkend\u2026 a Dakar 2021!"},"content":{"rendered":"<p>[vc_row][vc_column][vc_column_text css_animation=&#8221;fadeIn&#8221;]<\/p>\n<h3>Tom\u00e1\u0161 Tome\u010dek se v lednu po jeden\u00e1cti letech vr\u00e1t\u00ed na Rally Dakar. A dokonce se stejn\u00fdm vozem. Ov\u0161em se svou Tatrou 815 tentokr\u00e1t nebude usilovat o co nejlep\u0161\u00ed v\u00fdsledek, ale v roli rychl\u00e9 asistence bude k dispozici jednomu ze \u0161pi\u010dkov\u00fdch t\u00fdm\u016f kategorie side-by-side.<\/h3>\n<p>[\/vc_column_text][vc_single_image image=&#8221;14551&#8243; img_size=&#8221;large&#8221; add_caption=&#8221;yes&#8221; alignment=&#8221;center&#8221; onclick=&#8221;link_image&#8221; css_animation=&#8221;fadeIn&#8221;][vc_column_text css_animation=&#8221;fadeIn&#8221;]<em>\u201eV\u0161e prob\u011bhlo tak, jak podle smlouvy m\u011blo, a napsali mi, \u017ee v\u0161e potvrzuj\u00ed a t\u011b\u0161\u00ed se na spolupr\u00e1ci,\u201c<\/em> \u0159\u00edk\u00e1 <strong>Tom\u00e1\u0161 Tome\u010dek<\/strong>, jen\u017e bude na Dakaru kr\u00fdt z\u00e1da bugin\u00e1m p\u0159ipraven\u00fdm n\u011bmeck\u00fdm t\u00fdmem South Racing.<\/p>\n<p>Na Arabsk\u00fd poloostrov vyraz\u00ed spole\u010dn\u011b s navig\u00e1torem Ladislavem L\u00e1lou a podle posledn\u00edch informac\u00ed by jejich pos\u00e1dka mohla z\u016fstat pouze dvou\u010dlenn\u00e1.<\/p>\n<p><em>\u201eP\u0159es v\u00edkend budeme s L\u00e1\u010fou v Kop\u0159ivnici nakl\u00e1dat auto. Mus\u00edme ho vybavit v\u011bt\u0161\u00edm mno\u017estv\u00ed d\u00edl\u016f, ne\u017e kolik jich vezeme, pokud jedeme v z\u00e1vodn\u00edm m\u00f3du. A v ned\u011bli pak vyraz\u00edm do Marseille,\u201c<\/em> popisuje Tome\u010dek sv\u016fj nejbli\u017e\u0161\u00ed program. <em>\u201eD\u00edly na buginy p\u0159elo\u017e\u00edme do tatrovky nejsp\u00ed\u0161 a\u017e v Sa\u00fadsk\u00e9 Ar\u00e1bii. P\u0159ed startem na to bude dost \u010dasu. Naopak te\u010f p\u0159i nalod\u011bn\u00ed ve Francii na to asi moc prostor nebude. Ka\u017edop\u00e1dn\u011b v\u0161e bude p\u0159ipraven\u00e9, prostor na ulo\u017een\u00ed v\u011bc\u00ed t\u00fdmu m\u00e1m podle domluvy u\u017e nachystan\u00fd.\u201c<\/em>[\/vc_column_text][vc_single_image image=&#8221;17156&#8243; img_size=&#8221;large&#8221; add_caption=&#8221;yes&#8221; alignment=&#8221;center&#8221; onclick=&#8221;custom_link&#8221; img_link_target=&#8221;_blank&#8221; css_animation=&#8221;fadeIn&#8221; link=&#8221;http:\/\/eshop.dakarmania.cz\/balicky\/&#8221;][vc_column_text css_animation=&#8221;fadeIn&#8221;]Tom\u00e1\u0161 Tome\u010dek pat\u0159\u00ed k v\u011brn\u00fdm vyznava\u010d\u016fm Africa Eco Race. Pokud by nebyl ro\u010dn\u00edk 2021 zru\u0161en kv\u016fli situaci kolem koronaviru, na Dakar do Sa\u00fadsk\u00e9 Ar\u00e1bie by se jist\u011b nevydal a dal by op\u011bt p\u0159ednost Africe. P\u0159esto se na novou roli t\u011b\u0161\u00ed.<\/p>\n<p><em>\u201eM\u00e1m radost. L\u00edb\u00ed se mi to, proto\u017ee to m\u00e1 smysl. Nebude to o honb\u011b za \u010dasem, ale \u010dlov\u011bk tam bude, aby pomohl ostatn\u00edm,\u201c<\/em> uzav\u00edr\u00e1 Tome\u010dek.<\/p>\n<h3>Podrobnosti o p\u0159\u00edprav\u00e1ch v\u0161ech \u010desk\u00fdch t\u00fdm\u016f na Dakar 2021, obs\u00e1hl\u00e9 a otev\u0159en\u00e9 rozhovory s \u00fa\u010dastn\u00edky, stejn\u011b jako bohat\u00fd materi\u00e1l o historii nejslavn\u011bj\u0161\u00ed maratonsk\u00e9 rally sv\u011bta najdete na 160 stran\u00e1ch druh\u00e9ho \u010d\u00edsla na\u0161eho magaz\u00ednu. <a href=\"http:\/\/eshop.dakarmania.cz\/dm-2\/\" target=\"_blank\" rel=\"noopener noreferrer\">DAKARMANIA #2<\/a> vych\u00e1z\u00ed 1. prosince! Objedn\u00e1vejte na <a href=\"http:\/\/eshop.dakarmania.cz\/\" target=\"_blank\" rel=\"noopener noreferrer\">eshop.dakarmania.cz<\/a>.<\/h3>\n<p>[\/vc_column_text][vc_empty_space height=&#8221;2px&#8221;][\/vc_column][\/vc_row]<\/p>\n","protected":false},"excerpt":{"rendered":"<p>Tom\u00e1\u0161 Tome\u010dek se v lednu po jeden\u00e1cti letech vr\u00e1t\u00ed na Rally Dakar. A dokonce se stejn\u00fdm vozem.<\/p>\n","protected":false},"author":1,"featured_media":14551,"comment_status":"open","ping_status":"closed","sticky":false,"template":"","format":"standard","meta":{"footnotes":""},"categories":[1688,16],"tags":[903,1630,8,1475,1802,458,68,141],"class_list":["post-17178","post","type-post","status-publish","format-standard","has-post-thumbnail","hentry","category-dakar-2021","category-kamion","tag-903","tag-1630","tag-dakar","tag-dakar-2021","tag-ladislav-lala","tag-south-racing","tag-tatra","tag-tomas-tomecek"],"yoast_head":"<!-- This site is optimized with the Yoast SEO plugin v24.9 - https:\/\/yoast.com\/wordpress\/plugins\/seo\/ -->\n<title>Potvrzeno: Tome\u010dka \u010dek\u00e1 pern\u00fd v\u00edkend\u2026 a Dakar 2021! - DAKARMANIA.cz<\/title>\n<meta name=\"description\" content=\"Tom\u00e1\u0161 Tome\u010dek se v lednu po jeden\u00e1cti letech vr\u00e1t\u00ed na Rally Dakar. A dokonce se stejn\u00fdm vozem.\" \/>\n<meta name=\"robots\" content=\"index, follow, max-snippet:-1, max-image-preview:large, max-video-preview:-1\" \/>\n<link rel=\"canonical\" href=\"https:\/\/www.dakarmania.cz\/index.php\/2020\/11\/26\/potvrzeno-tomecek-na-dakar-2021\/\" \/>\n<meta property=\"og:locale\" content=\"cs_CZ\" \/>\n<meta property=\"og:type\" content=\"article\" \/>\n<meta property=\"og:title\" content=\"Potvrzeno: Tome\u010dka \u010dek\u00e1 pern\u00fd v\u00edkend\u2026 a Dakar 2021! - DAKARMANIA.cz\" \/>\n<meta property=\"og:description\" content=\"Tom\u00e1\u0161 Tome\u010dek se v lednu po jeden\u00e1cti letech vr\u00e1t\u00ed na Rally Dakar. A dokonce se stejn\u00fdm vozem.\" \/>\n<meta property=\"og:url\" content=\"https:\/\/www.dakarmania.cz\/index.php\/2020\/11\/26\/potvrzeno-tomecek-na-dakar-2021\/\" \/>\n<meta property=\"og:site_name\" content=\"DAKARMANIA.cz\" \/>\n<meta property=\"article:publisher\" content=\"https:\/\/www.facebook.com\/dakarmania\/\" \/>\n<meta property=\"article:published_time\" content=\"2020-11-26T21:00:40+00:00\" \/>\n<meta property=\"article:modified_time\" content=\"2021-01-06T01:48:26+00:00\" \/>\n<meta property=\"og:image\" content=\"https:\/\/www.dakarmania.cz\/wp-content\/uploads\/2020\/01\/20-aer-tomecek-08.jpg\" \/>\n\t<meta property=\"og:image:width\" content=\"1024\" \/>\n\t<meta property=\"og:image:height\" content=\"683\" \/>\n\t<meta property=\"og:image:type\" content=\"image\/jpeg\" \/>\n<meta name=\"author\" content=\"Zden\u011bk Zelenka\" \/>\n<meta name=\"twitter:card\" content=\"summary_large_image\" \/>\n<meta name=\"twitter:label1\" content=\"Napsal(a)\" \/>\n\t<meta name=\"twitter:data1\" content=\"Zden\u011bk Zelenka\" \/>\n\t<meta name=\"twitter:label2\" content=\"Odhadovan\u00e1 doba \u010dten\u00ed\" \/>\n\t<meta name=\"twitter:data2\" content=\"2 minuty\" \/>\n<script type=\"application\/ld+json\" class=\"yoast-schema-graph\">{\"@context\":\"https:\/\/schema.org\",\"@graph\":[{\"@type\":\"Article\",\"@id\":\"https:\/\/www.dakarmania.cz\/index.php\/2020\/11\/26\/potvrzeno-tomecek-na-dakar-2021\/#article\",\"isPartOf\":{\"@id\":\"https:\/\/www.dakarmania.cz\/index.php\/2020\/11\/26\/potvrzeno-tomecek-na-dakar-2021\/\"},\"author\":{\"name\":\"Zden\u011bk Zelenka\",\"@id\":\"https:\/\/www.dakarmania.cz\/#\/schema\/person\/04eb0e87a389631c2169c0dddae7ff1e\"},\"headline\":\"Potvrzeno: Tome\u010dka \u010dek\u00e1 pern\u00fd v\u00edkend\u2026 a Dakar 2021!\",\"datePublished\":\"2020-11-26T21:00:40+00:00\",\"dateModified\":\"2021-01-06T01:48:26+00:00\",\"mainEntityOfPage\":{\"@id\":\"https:\/\/www.dakarmania.cz\/index.php\/2020\/11\/26\/potvrzeno-tomecek-na-dakar-2021\/\"},\"wordCount\":474,\"commentCount\":0,\"publisher\":{\"@id\":\"https:\/\/www.dakarmania.cz\/#organization\"},\"image\":{\"@id\":\"https:\/\/www.dakarmania.cz\/index.php\/2020\/11\/26\/potvrzeno-tomecek-na-dakar-2021\/#primaryimage\"},\"thumbnailUrl\":\"https:\/\/www.dakarmania.cz\/wp-content\/uploads\/2020\/01\/20-aer-tomecek-08.jpg\",\"keywords\":[\"2020\",\"2021\",\"Dakar\",\"Dakar 2021\",\"Ladislav L\u00e1la\",\"South Racing\",\"Tatra\",\"Tom\u00e1\u0161 Tome\u010dek\"],\"articleSection\":[\"Dakar 2021\",\"Kamiony\"],\"inLanguage\":\"cs\",\"potentialAction\":[{\"@type\":\"CommentAction\",\"name\":\"Comment\",\"target\":[\"https:\/\/www.dakarmania.cz\/index.php\/2020\/11\/26\/potvrzeno-tomecek-na-dakar-2021\/#respond\"]}]},{\"@type\":\"WebPage\",\"@id\":\"https:\/\/www.dakarmania.cz\/index.php\/2020\/11\/26\/potvrzeno-tomecek-na-dakar-2021\/\",\"url\":\"https:\/\/www.dakarmania.cz\/index.php\/2020\/11\/26\/potvrzeno-tomecek-na-dakar-2021\/\",\"name\":\"Potvrzeno: Tome\u010dka \u010dek\u00e1 pern\u00fd v\u00edkend\u2026 a Dakar 2021! - DAKARMANIA.cz\",\"isPartOf\":{\"@id\":\"https:\/\/www.dakarmania.cz\/#website\"},\"primaryImageOfPage\":{\"@id\":\"https:\/\/www.dakarmania.cz\/index.php\/2020\/11\/26\/potvrzeno-tomecek-na-dakar-2021\/#primaryimage\"},\"image\":{\"@id\":\"https:\/\/www.dakarmania.cz\/index.php\/2020\/11\/26\/potvrzeno-tomecek-na-dakar-2021\/#primaryimage\"},\"thumbnailUrl\":\"https:\/\/www.dakarmania.cz\/wp-content\/uploads\/2020\/01\/20-aer-tomecek-08.jpg\",\"datePublished\":\"2020-11-26T21:00:40+00:00\",\"dateModified\":\"2021-01-06T01:48:26+00:00\",\"description\":\"Tom\u00e1\u0161 Tome\u010dek se v lednu po jeden\u00e1cti letech vr\u00e1t\u00ed na Rally Dakar. A dokonce se stejn\u00fdm vozem.\",\"breadcrumb\":{\"@id\":\"https:\/\/www.dakarmania.cz\/index.php\/2020\/11\/26\/potvrzeno-tomecek-na-dakar-2021\/#breadcrumb\"},\"inLanguage\":\"cs\",\"potentialAction\":[{\"@type\":\"ReadAction\",\"target\":[\"https:\/\/www.dakarmania.cz\/index.php\/2020\/11\/26\/potvrzeno-tomecek-na-dakar-2021\/\"]}]},{\"@type\":\"ImageObject\",\"inLanguage\":\"cs\",\"@id\":\"https:\/\/www.dakarmania.cz\/index.php\/2020\/11\/26\/potvrzeno-tomecek-na-dakar-2021\/#primaryimage\",\"url\":\"https:\/\/www.dakarmania.cz\/wp-content\/uploads\/2020\/01\/20-aer-tomecek-08.jpg\",\"contentUrl\":\"https:\/\/www.dakarmania.cz\/wp-content\/uploads\/2020\/01\/20-aer-tomecek-08.jpg\",\"width\":1024,\"height\":683,\"caption\":\"Tom\u00e1\u0161 Tome\u010dek, Tatra 815, Czechoslovak Team. Africa Eco Race 2020. \u00a9 Tom Racing\"},{\"@type\":\"BreadcrumbList\",\"@id\":\"https:\/\/www.dakarmania.cz\/index.php\/2020\/11\/26\/potvrzeno-tomecek-na-dakar-2021\/#breadcrumb\",\"itemListElement\":[{\"@type\":\"ListItem\",\"position\":1,\"name\":\"Dom\u016f\",\"item\":\"https:\/\/www.dakarmania.cz\/\"},{\"@type\":\"ListItem\",\"position\":2,\"name\":\"Potvrzeno: Tome\u010dka \u010dek\u00e1 pern\u00fd v\u00edkend\u2026 a Dakar 2021!\"}]},{\"@type\":\"WebSite\",\"@id\":\"https:\/\/www.dakarmania.cz\/#website\",\"url\":\"https:\/\/www.dakarmania.cz\/\",\"name\":\"DAKARMANIA.cz\",\"description\":\"\u017dijeme Dakarem cel\u00fd rok\",\"publisher\":{\"@id\":\"https:\/\/www.dakarmania.cz\/#organization\"},\"potentialAction\":[{\"@type\":\"SearchAction\",\"target\":{\"@type\":\"EntryPoint\",\"urlTemplate\":\"https:\/\/www.dakarmania.cz\/?s={search_term_string}\"},\"query-input\":{\"@type\":\"PropertyValueSpecification\",\"valueRequired\":true,\"valueName\":\"search_term_string\"}}],\"inLanguage\":\"cs\"},{\"@type\":\"Organization\",\"@id\":\"https:\/\/www.dakarmania.cz\/#organization\",\"name\":\"DAKAR MANIA\",\"url\":\"https:\/\/www.dakarmania.cz\/\",\"logo\":{\"@type\":\"ImageObject\",\"inLanguage\":\"cs\",\"@id\":\"https:\/\/www.dakarmania.cz\/#\/schema\/logo\/image\/\",\"url\":\"https:\/\/www.dakarmania.cz\/wp-content\/uploads\/2018\/12\/Dakar-Mania-Logo-Square-Orange.png\",\"contentUrl\":\"https:\/\/www.dakarmania.cz\/wp-content\/uploads\/2018\/12\/Dakar-Mania-Logo-Square-Orange.png\",\"width\":992,\"height\":992,\"caption\":\"DAKAR MANIA\"},\"image\":{\"@id\":\"https:\/\/www.dakarmania.cz\/#\/schema\/logo\/image\/\"},\"sameAs\":[\"https:\/\/www.facebook.com\/dakarmania\/\"]},{\"@type\":\"Person\",\"@id\":\"https:\/\/www.dakarmania.cz\/#\/schema\/person\/04eb0e87a389631c2169c0dddae7ff1e\",\"name\":\"Zden\u011bk Zelenka\",\"image\":{\"@type\":\"ImageObject\",\"inLanguage\":\"cs\",\"@id\":\"https:\/\/www.dakarmania.cz\/#\/schema\/person\/image\/\",\"url\":\"https:\/\/secure.gravatar.com\/avatar\/2c80d5a4942fe0900b73cc7d3837a509d6ee0a276a2b76dac95c92bd0763a89b?s=96&d=mm&r=g\",\"contentUrl\":\"https:\/\/secure.gravatar.com\/avatar\/2c80d5a4942fe0900b73cc7d3837a509d6ee0a276a2b76dac95c92bd0763a89b?s=96&d=mm&r=g\",\"caption\":\"Zden\u011bk Zelenka\"},\"description\":\"Moji d\u011bt\u0161t\u00ed hrdinov\u00e9 se jmenovali Loprais, Moskal, Neveu, Vatanen, Rahier... A tihle borci, jejich n\u00e1sledovn\u00edci a jejich p\u0159\u00edb\u011bhy m\u011b nep\u0159estali fascinovat ani po letech, kdy jsem vyrostl a zam\u011bstn\u00e1valy m\u011b jin\u00e9 discipl\u00edny motorsportu. Proto se zrodila DAKARMANIA.\",\"url\":\"https:\/\/www.dakarmania.cz\/index.php\/author\/dakarmania\/\"}]}<\/script>\n<!-- \/ Yoast SEO plugin. -->","yoast_head_json":{"title":"Potvrzeno: Tome\u010dka \u010dek\u00e1 pern\u00fd v\u00edkend\u2026 a Dakar 2021! - DAKARMANIA.cz","description":"Tom\u00e1\u0161 Tome\u010dek se v lednu po jeden\u00e1cti letech vr\u00e1t\u00ed na Rally Dakar. A dokonce se stejn\u00fdm vozem.","robots":{"index":"index","follow":"follow","max-snippet":"max-snippet:-1","max-image-preview":"max-image-preview:large","max-video-preview":"max-video-preview:-1"},"canonical":"https:\/\/www.dakarmania.cz\/index.php\/2020\/11\/26\/potvrzeno-tomecek-na-dakar-2021\/","og_locale":"cs_CZ","og_type":"article","og_title":"Potvrzeno: Tome\u010dka \u010dek\u00e1 pern\u00fd v\u00edkend\u2026 a Dakar 2021! - DAKARMANIA.cz","og_description":"Tom\u00e1\u0161 Tome\u010dek se v lednu po jeden\u00e1cti letech vr\u00e1t\u00ed na Rally Dakar. A dokonce se stejn\u00fdm vozem.","og_url":"https:\/\/www.dakarmania.cz\/index.php\/2020\/11\/26\/potvrzeno-tomecek-na-dakar-2021\/","og_site_name":"DAKARMANIA.cz","article_publisher":"https:\/\/www.facebook.com\/dakarmania\/","article_published_time":"2020-11-26T21:00:40+00:00","article_modified_time":"2021-01-06T01:48:26+00:00","og_image":[{"width":1024,"height":683,"url":"https:\/\/www.dakarmania.cz\/wp-content\/uploads\/2020\/01\/20-aer-tomecek-08.jpg","type":"image\/jpeg"}],"author":"Zden\u011bk Zelenka","twitter_card":"summary_large_image","twitter_misc":{"Napsal(a)":"Zden\u011bk Zelenka","Odhadovan\u00e1 doba \u010dten\u00ed":"2 minuty"},"schema":{"@context":"https:\/\/schema.org","@graph":[{"@type":"Article","@id":"https:\/\/www.dakarmania.cz\/index.php\/2020\/11\/26\/potvrzeno-tomecek-na-dakar-2021\/#article","isPartOf":{"@id":"https:\/\/www.dakarmania.cz\/index.php\/2020\/11\/26\/potvrzeno-tomecek-na-dakar-2021\/"},"author":{"name":"Zden\u011bk Zelenka","@id":"https:\/\/www.dakarmania.cz\/#\/schema\/person\/04eb0e87a389631c2169c0dddae7ff1e"},"headline":"Potvrzeno: Tome\u010dka \u010dek\u00e1 pern\u00fd v\u00edkend\u2026 a Dakar 2021!","datePublished":"2020-11-26T21:00:40+00:00","dateModified":"2021-01-06T01:48:26+00:00","mainEntityOfPage":{"@id":"https:\/\/www.dakarmania.cz\/index.php\/2020\/11\/26\/potvrzeno-tomecek-na-dakar-2021\/"},"wordCount":474,"commentCount":0,"publisher":{"@id":"https:\/\/www.dakarmania.cz\/#organization"},"image":{"@id":"https:\/\/www.dakarmania.cz\/index.php\/2020\/11\/26\/potvrzeno-tomecek-na-dakar-2021\/#primaryimage"},"thumbnailUrl":"https:\/\/www.dakarmania.cz\/wp-content\/uploads\/2020\/01\/20-aer-tomecek-08.jpg","keywords":["2020","2021","Dakar","Dakar 2021","Ladislav L\u00e1la","South Racing","Tatra","Tom\u00e1\u0161 Tome\u010dek"],"articleSection":["Dakar 2021","Kamiony"],"inLanguage":"cs","potentialAction":[{"@type":"CommentAction","name":"Comment","target":["https:\/\/www.dakarmania.cz\/index.php\/2020\/11\/26\/potvrzeno-tomecek-na-dakar-2021\/#respond"]}]},{"@type":"WebPage","@id":"https:\/\/www.dakarmania.cz\/index.php\/2020\/11\/26\/potvrzeno-tomecek-na-dakar-2021\/","url":"https:\/\/www.dakarmania.cz\/index.php\/2020\/11\/26\/potvrzeno-tomecek-na-dakar-2021\/","name":"Potvrzeno: Tome\u010dka \u010dek\u00e1 pern\u00fd v\u00edkend\u2026 a Dakar 2021! - DAKARMANIA.cz","isPartOf":{"@id":"https:\/\/www.dakarmania.cz\/#website"},"primaryImageOfPage":{"@id":"https:\/\/www.dakarmania.cz\/index.php\/2020\/11\/26\/potvrzeno-tomecek-na-dakar-2021\/#primaryimage"},"image":{"@id":"https:\/\/www.dakarmania.cz\/index.php\/2020\/11\/26\/potvrzeno-tomecek-na-dakar-2021\/#primaryimage"},"thumbnailUrl":"https:\/\/www.dakarmania.cz\/wp-content\/uploads\/2020\/01\/20-aer-tomecek-08.jpg","datePublished":"2020-11-26T21:00:40+00:00","dateModified":"2021-01-06T01:48:26+00:00","description":"Tom\u00e1\u0161 Tome\u010dek se v lednu po jeden\u00e1cti letech vr\u00e1t\u00ed na Rally Dakar. A dokonce se stejn\u00fdm vozem.","breadcrumb":{"@id":"https:\/\/www.dakarmania.cz\/index.php\/2020\/11\/26\/potvrzeno-tomecek-na-dakar-2021\/#breadcrumb"},"inLanguage":"cs","potentialAction":[{"@type":"ReadAction","target":["https:\/\/www.dakarmania.cz\/index.php\/2020\/11\/26\/potvrzeno-tomecek-na-dakar-2021\/"]}]},{"@type":"ImageObject","inLanguage":"cs","@id":"https:\/\/www.dakarmania.cz\/index.php\/2020\/11\/26\/potvrzeno-tomecek-na-dakar-2021\/#primaryimage","url":"https:\/\/www.dakarmania.cz\/wp-content\/uploads\/2020\/01\/20-aer-tomecek-08.jpg","contentUrl":"https:\/\/www.dakarmania.cz\/wp-content\/uploads\/2020\/01\/20-aer-tomecek-08.jpg","width":1024,"height":683,"caption":"Tom\u00e1\u0161 Tome\u010dek, Tatra 815, Czechoslovak Team. Africa Eco Race 2020. \u00a9 Tom Racing"},{"@type":"BreadcrumbList","@id":"https:\/\/www.dakarmania.cz\/index.php\/2020\/11\/26\/potvrzeno-tomecek-na-dakar-2021\/#breadcrumb","itemListElement":[{"@type":"ListItem","position":1,"name":"Dom\u016f","item":"https:\/\/www.dakarmania.cz\/"},{"@type":"ListItem","position":2,"name":"Potvrzeno: Tome\u010dka \u010dek\u00e1 pern\u00fd v\u00edkend\u2026 a Dakar 2021!"}]},{"@type":"WebSite","@id":"https:\/\/www.dakarmania.cz\/#website","url":"https:\/\/www.dakarmania.cz\/","name":"DAKARMANIA.cz","description":"\u017dijeme Dakarem cel\u00fd rok","publisher":{"@id":"https:\/\/www.dakarmania.cz\/#organization"},"potentialAction":[{"@type":"SearchAction","target":{"@type":"EntryPoint","urlTemplate":"https:\/\/www.dakarmania.cz\/?s={search_term_string}"},"query-input":{"@type":"PropertyValueSpecification","valueRequired":true,"valueName":"search_term_string"}}],"inLanguage":"cs"},{"@type":"Organization","@id":"https:\/\/www.dakarmania.cz\/#organization","name":"DAKAR MANIA","url":"https:\/\/www.dakarmania.cz\/","logo":{"@type":"ImageObject","inLanguage":"cs","@id":"https:\/\/www.dakarmania.cz\/#\/schema\/logo\/image\/","url":"https:\/\/www.dakarmania.cz\/wp-content\/uploads\/2018\/12\/Dakar-Mania-Logo-Square-Orange.png","contentUrl":"https:\/\/www.dakarmania.cz\/wp-content\/uploads\/2018\/12\/Dakar-Mania-Logo-Square-Orange.png","width":992,"height":992,"caption":"DAKAR MANIA"},"image":{"@id":"https:\/\/www.dakarmania.cz\/#\/schema\/logo\/image\/"},"sameAs":["https:\/\/www.facebook.com\/dakarmania\/"]},{"@type":"Person","@id":"https:\/\/www.dakarmania.cz\/#\/schema\/person\/04eb0e87a389631c2169c0dddae7ff1e","name":"Zden\u011bk Zelenka","image":{"@type":"ImageObject","inLanguage":"cs","@id":"https:\/\/www.dakarmania.cz\/#\/schema\/person\/image\/","url":"https:\/\/secure.gravatar.com\/avatar\/2c80d5a4942fe0900b73cc7d3837a509d6ee0a276a2b76dac95c92bd0763a89b?s=96&d=mm&r=g","contentUrl":"https:\/\/secure.gravatar.com\/avatar\/2c80d5a4942fe0900b73cc7d3837a509d6ee0a276a2b76dac95c92bd0763a89b?s=96&d=mm&r=g","caption":"Zden\u011bk Zelenka"},"description":"Moji d\u011bt\u0161t\u00ed hrdinov\u00e9 se jmenovali Loprais, Moskal, Neveu, Vatanen, Rahier... A tihle borci, jejich n\u00e1sledovn\u00edci a jejich p\u0159\u00edb\u011bhy m\u011b nep\u0159estali fascinovat ani po letech, kdy jsem vyrostl a zam\u011bstn\u00e1valy m\u011b jin\u00e9 discipl\u00edny motorsportu. Proto se zrodila DAKARMANIA.","url":"https:\/\/www.dakarmania.cz\/index.php\/author\/dakarmania\/"}]}},"amp_enabled":true,"_links":{"self":[{"href":"https:\/\/www.dakarmania.cz\/index.php\/wp-json\/wp\/v2\/posts\/17178","targetHints":{"allow":["GET"]}}],"collection":[{"href":"https:\/\/www.dakarmania.cz\/index.php\/wp-json\/wp\/v2\/posts"}],"about":[{"href":"https:\/\/www.dakarmania.cz\/index.php\/wp-json\/wp\/v2\/types\/post"}],"author":[{"embeddable":true,"href":"https:\/\/www.dakarmania.cz\/index.php\/wp-json\/wp\/v2\/users\/1"}],"replies":[{"embeddable":true,"href":"https:\/\/www.dakarmania.cz\/index.php\/wp-json\/wp\/v2\/comments?post=17178"}],"version-history":[{"count":2,"href":"https:\/\/www.dakarmania.cz\/index.php\/wp-json\/wp\/v2\/posts\/17178\/revisions"}],"predecessor-version":[{"id":17181,"href":"https:\/\/www.dakarmania.cz\/index.php\/wp-json\/wp\/v2\/posts\/17178\/revisions\/17181"}],"wp:featuredmedia":[{"embeddable":true,"href":"https:\/\/www.dakarmania.cz\/index.php\/wp-json\/wp\/v2\/media\/14551"}],"wp:attachment":[{"href":"https:\/\/www.dakarmania.cz\/index.php\/wp-json\/wp\/v2\/media?parent=17178"}],"wp:term":[{"taxonomy":"category","embeddable":true,"href":"https:\/\/www.dakarmania.cz\/index.php\/wp-json\/wp\/v2\/categories?post=17178"},{"taxonomy":"post_tag","embeddable":true,"href":"https:\/\/www.dakarmania.cz\/index.php\/wp-json\/wp\/v2\/tags?post=17178"}],"curies":[{"name":"wp","href":"https:\/\/api.w.org\/{rel}","templated":true}]}}