{"id":17187,"date":"2020-12-01T23:41:48","date_gmt":"2020-12-01T22:41:48","guid":{"rendered":"https:\/\/www.dakarmania.cz\/?p=17187"},"modified":"2020-12-01T23:41:48","modified_gmt":"2020-12-01T22:41:48","slug":"boris-vaculik-bojuje","status":"publish","type":"post","link":"https:\/\/www.dakarmania.cz\/index.php\/2020\/12\/01\/boris-vaculik-bojuje\/","title":{"rendered":"Boris Vacul\u00edk bojuje. Tentokr\u00e1t v\u0161ak nikoliv na z\u00e1vodn\u00ed trati"},"content":{"rendered":"<p>[vc_row][vc_column][vc_column_text css_animation=&#8221;fadeIn&#8221;]<\/p>\n<h3>P\u0159esto\u017ee se t\u00fdm 3RCZ.com v pr\u016fb\u011bhu roku p\u0159ipravoval na \u00fa\u010dast na Rally Dakar 2021 a ji\u017e v \u010dervnu odeslal p\u0159ihl\u00e1\u0161ku, nakonec pos\u00e1dka Boris Vacul\u00edk, Martin Plechat\u00fd ve startovn\u00ed listin\u011b chyb\u00ed. Svou \u00fa\u010dast t\u00fdm odvolal kv\u016fli zdravotn\u00edm probl\u00e9m\u016fm sv\u00e9ho pilota.<\/h3>\n<p>[\/vc_column_text][vc_single_image image=&#8221;17185&#8243; img_size=&#8221;large&#8221; add_caption=&#8221;yes&#8221; alignment=&#8221;center&#8221; onclick=&#8221;link_image&#8221; css_animation=&#8221;fadeIn&#8221;][vc_column_text css_animation=&#8221;fadeIn&#8221;]Navzdory omezen\u00fdm mo\u017enostem b\u011bhem pandemie nemoci covid-19 se Boris Vacul\u00edk na podnic\u00edch autokrosov\u00e9ho mistrovstv\u00ed \u010cR udr\u017eoval v z\u00e1vodn\u00edm tempu. P\u0159ed posledn\u00edm z\u00e1vodem M\u010cR v Sedl\u010danech mu pat\u0159ila druh\u00e1 pozice v pr\u016fb\u011b\u017en\u00e9m hodnocen\u00ed kategorie Superbuggy, nav\u00edc s odstupem pouh\u00e9ho bodu od vedouc\u00edho jezdce. O mistrovsk\u00fd titul se cht\u011bl samoz\u0159ejm\u011b uch\u00e1zet, ale do posledn\u00edho z\u00e1vodu nemohl odstartovat. D\u016fvodem byly v\u00fdsledky zdravotn\u00edch test\u016f a n\u00e1sledn\u00e1 operace.<\/p>\n<p><em>\u201eU\u017e v Nov\u00e9 Pace jsem se nec\u00edtil dob\u0159e a bohu\u017eel se to hned po z\u00e1vodech potvrdilo. S\u00e9rie vy\u0161et\u0159en\u00ed, bleskov\u00fd term\u00edn operace, odstran\u011bn\u00ed \u201avet\u0159elce\u2018, kter\u00e9ho jsem si b\u016fhv\u00ed jak dlouho p\u011bstoval, a rekonvalescence. Takov\u00e9 byly m\u00e9 posledn\u00ed m\u011bs\u00edce,\u201c<\/em> popisuje <strong>Boris Vacul\u00edk<\/strong>. <em>\u201eMus\u00edm \u0159\u00edct, \u017ee jsem opravdu vd\u011b\u010dn\u00fd v\u0161em l\u00e9ka\u0159\u016fm a sestr\u00e1m z Fakultn\u00ed nemocnice u svat\u00e9 Anny v Brn\u011b, kte\u0159\u00ed o m\u011b pe\u010dovali. Jsou to borci a prof\u00edci, moc jim d\u011bkuji.\u201c<\/em><\/p>\n<p>Vzhledem k okolnostem se pos\u00e1dka v pr\u016fb\u011bhu \u0159\u00edjna z Dakaru 2021 odhl\u00e1sila. Po n\u011bjak\u00fd \u010das ale existovala nad\u011bje, \u017ee do z\u00e1vodu odstartuje alespo\u0148 jeden \u010dlen t\u00fdmu 3RCZ.com. N\u00e1vrat do sedla \u010dty\u0159kolky pl\u00e1noval Martin Plechat\u00fd. Ale i z t\u00e9to varianty, zejm\u00e9na pro \u010dasovou n\u00e1ro\u010dnost, se\u0161lo.[\/vc_column_text][vc_single_image image=&#8221;17186&#8243; img_size=&#8221;large&#8221; add_caption=&#8221;yes&#8221; alignment=&#8221;center&#8221; onclick=&#8221;custom_link&#8221; img_link_target=&#8221;_blank&#8221; css_animation=&#8221;fadeIn&#8221; link=&#8221;http:\/\/eshop.dakarmania.cz\/&#8221;][vc_column_text css_animation=&#8221;fadeIn&#8221;]<em>\u201eNecht\u011bl jsem sed\u011bt doma a za\u010dal p\u0159em\u00fd\u0161let o n\u00e1vratu na \u010dty\u0159kolku s t\u00edm, \u017ee bych vyrazil i s Borisem, pokud by mu to zdravotn\u00ed stav dovoloval. Cht\u011bl jsem ho udr\u017eet v dakarsk\u00e9m rytmu. Po\u0159adatel mi sice umo\u017enil p\u0159ihl\u00e1sit se i po uz\u00e1v\u011brce, ale nakonec d\u00edky kr\u00e1tk\u00e9mu \u010dasu na p\u0159\u00edpravu, ale i kv\u016fli covidu by to nebylo realizovateln\u00e9,\u201c<\/em> vysv\u011btluje <strong>Martin Plechat\u00fd<\/strong>.<\/p>\n<p>Boris Vacul\u00edk se nyn\u00ed pln\u011b v\u011bnuje rehabilitaci a tento t\u00fdden jej \u010dek\u00e1 je\u0161t\u011b jeden opera\u010dn\u00ed z\u00e1krok.<\/p>\n<p><em>\u201eP\u0159\u00ed\u0161t\u00ed rok se budu sna\u017eit dostat co nejd\u0159\u00edve do formy. Autokrosovou sez\u00f3nu ur\u010dit\u011b nestihnu, ale velkou v\u00fdzvou pro m\u011b je st\u00e1le start na Dakaru 2022. Je to c\u00edl, kter\u00fd m\u011b \u017eene dop\u0159edu. Celou situaci mi velmi uleh\u010duje neuv\u011b\u0159iteln\u00e1 podpora m\u00fdch bl\u00edzk\u00fdch a samoz\u0159ejm\u011b \u00fa\u017easn\u00e1 s\u00edla a energie, kterou mi p\u0159ed\u00e1vaj\u00ed kluci z t\u00fdmu, kte\u0159\u00ed to se mnou pro\u017e\u00edvaj\u00ed,\u201c<\/em> uzav\u00edr\u00e1 Vacul\u00edk.<\/p>\n<p>Tiskov\u00e1 zpr\u00e1va t\u00fdmu 3RCZ.com [editov\u00e1no][\/vc_column_text][vc_empty_space height=&#8221;2px&#8221;][\/vc_column][\/vc_row]<\/p>\n","protected":false},"excerpt":{"rendered":"<p>P\u0159esto\u017ee se t\u00fdm 3RCZ.com p\u0159ipravoval na Rally Dakar 2021, nakonec pos\u00e1dka Boris Vacul\u00edk, Martin Plechat\u00fd ve startovn\u00ed listin\u011b chyb\u00ed.<\/p>\n","protected":false},"author":3,"featured_media":17185,"comment_status":"open","ping_status":"closed","sticky":false,"template":"","format":"standard","meta":{"footnotes":""},"categories":[637],"tags":[903,807,805,8,1475,1513],"class_list":["post-17187","post","type-post","status-publish","format-standard","has-post-thumbnail","hentry","category-tiskove-zpravy","tag-903","tag-3rcz-com","tag-boris-vaculik","tag-dakar","tag-dakar-2021","tag-martin-plechaty"],"yoast_head":"<!-- This site is optimized with the Yoast SEO plugin v24.9 - https:\/\/yoast.com\/wordpress\/plugins\/seo\/ -->\n<title>Boris Vacul\u00edk bojuje. Tentokr\u00e1t v\u0161ak nikoliv na z\u00e1vodn\u00ed trati - DAKARMANIA.cz<\/title>\n<meta name=\"description\" content=\"P\u0159esto\u017ee se t\u00fdm 3RCZ.com p\u0159ipravoval na Rally Dakar 2021, nakonec pos\u00e1dka Boris Vacul\u00edk, Martin Plechat\u00fd ve startovn\u00ed listin\u011b chyb\u00ed.\" \/>\n<meta name=\"robots\" content=\"index, follow, max-snippet:-1, max-image-preview:large, max-video-preview:-1\" \/>\n<link rel=\"canonical\" href=\"https:\/\/www.dakarmania.cz\/index.php\/2020\/12\/01\/boris-vaculik-bojuje\/\" \/>\n<meta property=\"og:locale\" content=\"cs_CZ\" \/>\n<meta property=\"og:type\" content=\"article\" \/>\n<meta property=\"og:title\" content=\"Boris Vacul\u00edk bojuje. Tentokr\u00e1t v\u0161ak nikoliv na z\u00e1vodn\u00ed trati - DAKARMANIA.cz\" \/>\n<meta property=\"og:description\" content=\"P\u0159esto\u017ee se t\u00fdm 3RCZ.com p\u0159ipravoval na Rally Dakar 2021, nakonec pos\u00e1dka Boris Vacul\u00edk, Martin Plechat\u00fd ve startovn\u00ed listin\u011b chyb\u00ed.\" \/>\n<meta property=\"og:url\" content=\"https:\/\/www.dakarmania.cz\/index.php\/2020\/12\/01\/boris-vaculik-bojuje\/\" \/>\n<meta property=\"og:site_name\" content=\"DAKARMANIA.cz\" \/>\n<meta property=\"article:publisher\" content=\"https:\/\/www.facebook.com\/dakarmania\/\" \/>\n<meta property=\"article:published_time\" content=\"2020-12-01T22:41:48+00:00\" \/>\n<meta property=\"og:image\" content=\"https:\/\/www.dakarmania.cz\/wp-content\/uploads\/2020\/12\/20-dakar-vaculik-12.jpg\" \/>\n\t<meta property=\"og:image:width\" content=\"1024\" \/>\n\t<meta property=\"og:image:height\" content=\"683\" \/>\n\t<meta property=\"og:image:type\" content=\"image\/jpeg\" \/>\n<meta name=\"author\" content=\"tiskov\u00e1 zpr\u00e1va\" \/>\n<meta name=\"twitter:card\" content=\"summary_large_image\" \/>\n<meta name=\"twitter:label1\" content=\"Napsal(a)\" \/>\n\t<meta name=\"twitter:data1\" content=\"tiskov\u00e1 zpr\u00e1va\" \/>\n\t<meta name=\"twitter:label2\" content=\"Odhadovan\u00e1 doba \u010dten\u00ed\" \/>\n\t<meta name=\"twitter:data2\" content=\"3 minuty\" \/>\n<script type=\"application\/ld+json\" class=\"yoast-schema-graph\">{\"@context\":\"https:\/\/schema.org\",\"@graph\":[{\"@type\":\"Article\",\"@id\":\"https:\/\/www.dakarmania.cz\/index.php\/2020\/12\/01\/boris-vaculik-bojuje\/#article\",\"isPartOf\":{\"@id\":\"https:\/\/www.dakarmania.cz\/index.php\/2020\/12\/01\/boris-vaculik-bojuje\/\"},\"author\":{\"name\":\"tiskov\u00e1 zpr\u00e1va\",\"@id\":\"https:\/\/www.dakarmania.cz\/#\/schema\/person\/bce8d1fe3633b1178e150fc5e340d5dd\"},\"headline\":\"Boris Vacul\u00edk bojuje. Tentokr\u00e1t v\u0161ak nikoliv na z\u00e1vodn\u00ed trati\",\"datePublished\":\"2020-12-01T22:41:48+00:00\",\"mainEntityOfPage\":{\"@id\":\"https:\/\/www.dakarmania.cz\/index.php\/2020\/12\/01\/boris-vaculik-bojuje\/\"},\"wordCount\":596,\"commentCount\":0,\"publisher\":{\"@id\":\"https:\/\/www.dakarmania.cz\/#organization\"},\"image\":{\"@id\":\"https:\/\/www.dakarmania.cz\/index.php\/2020\/12\/01\/boris-vaculik-bojuje\/#primaryimage\"},\"thumbnailUrl\":\"https:\/\/www.dakarmania.cz\/wp-content\/uploads\/2020\/12\/20-dakar-vaculik-12.jpg\",\"keywords\":[\"2020\",\"3RCZ.com\",\"Boris Vacul\u00edk\",\"Dakar\",\"Dakar 2021\",\"Martin Plechat\u00fd\"],\"articleSection\":[\"Tiskov\u00e9 zpr\u00e1vy\"],\"inLanguage\":\"cs\",\"potentialAction\":[{\"@type\":\"CommentAction\",\"name\":\"Comment\",\"target\":[\"https:\/\/www.dakarmania.cz\/index.php\/2020\/12\/01\/boris-vaculik-bojuje\/#respond\"]}]},{\"@type\":\"WebPage\",\"@id\":\"https:\/\/www.dakarmania.cz\/index.php\/2020\/12\/01\/boris-vaculik-bojuje\/\",\"url\":\"https:\/\/www.dakarmania.cz\/index.php\/2020\/12\/01\/boris-vaculik-bojuje\/\",\"name\":\"Boris Vacul\u00edk bojuje. Tentokr\u00e1t v\u0161ak nikoliv na z\u00e1vodn\u00ed trati - DAKARMANIA.cz\",\"isPartOf\":{\"@id\":\"https:\/\/www.dakarmania.cz\/#website\"},\"primaryImageOfPage\":{\"@id\":\"https:\/\/www.dakarmania.cz\/index.php\/2020\/12\/01\/boris-vaculik-bojuje\/#primaryimage\"},\"image\":{\"@id\":\"https:\/\/www.dakarmania.cz\/index.php\/2020\/12\/01\/boris-vaculik-bojuje\/#primaryimage\"},\"thumbnailUrl\":\"https:\/\/www.dakarmania.cz\/wp-content\/uploads\/2020\/12\/20-dakar-vaculik-12.jpg\",\"datePublished\":\"2020-12-01T22:41:48+00:00\",\"description\":\"P\u0159esto\u017ee se t\u00fdm 3RCZ.com p\u0159ipravoval na Rally Dakar 2021, nakonec pos\u00e1dka Boris Vacul\u00edk, Martin Plechat\u00fd ve startovn\u00ed listin\u011b chyb\u00ed.\",\"breadcrumb\":{\"@id\":\"https:\/\/www.dakarmania.cz\/index.php\/2020\/12\/01\/boris-vaculik-bojuje\/#breadcrumb\"},\"inLanguage\":\"cs\",\"potentialAction\":[{\"@type\":\"ReadAction\",\"target\":[\"https:\/\/www.dakarmania.cz\/index.php\/2020\/12\/01\/boris-vaculik-bojuje\/\"]}]},{\"@type\":\"ImageObject\",\"inLanguage\":\"cs\",\"@id\":\"https:\/\/www.dakarmania.cz\/index.php\/2020\/12\/01\/boris-vaculik-bojuje\/#primaryimage\",\"url\":\"https:\/\/www.dakarmania.cz\/wp-content\/uploads\/2020\/12\/20-dakar-vaculik-12.jpg\",\"contentUrl\":\"https:\/\/www.dakarmania.cz\/wp-content\/uploads\/2020\/12\/20-dakar-vaculik-12.jpg\",\"width\":1024,\"height\":683,\"caption\":\"Boris Vacul\u00edk, 3RCZ.com. Rally Dakar 2020. \u00a9 3RCZ.com\"},{\"@type\":\"BreadcrumbList\",\"@id\":\"https:\/\/www.dakarmania.cz\/index.php\/2020\/12\/01\/boris-vaculik-bojuje\/#breadcrumb\",\"itemListElement\":[{\"@type\":\"ListItem\",\"position\":1,\"name\":\"Dom\u016f\",\"item\":\"https:\/\/www.dakarmania.cz\/\"},{\"@type\":\"ListItem\",\"position\":2,\"name\":\"Boris Vacul\u00edk bojuje. Tentokr\u00e1t v\u0161ak nikoliv na z\u00e1vodn\u00ed trati\"}]},{\"@type\":\"WebSite\",\"@id\":\"https:\/\/www.dakarmania.cz\/#website\",\"url\":\"https:\/\/www.dakarmania.cz\/\",\"name\":\"DAKARMANIA.cz\",\"description\":\"\u017dijeme Dakarem cel\u00fd rok\",\"publisher\":{\"@id\":\"https:\/\/www.dakarmania.cz\/#organization\"},\"potentialAction\":[{\"@type\":\"SearchAction\",\"target\":{\"@type\":\"EntryPoint\",\"urlTemplate\":\"https:\/\/www.dakarmania.cz\/?s={search_term_string}\"},\"query-input\":{\"@type\":\"PropertyValueSpecification\",\"valueRequired\":true,\"valueName\":\"search_term_string\"}}],\"inLanguage\":\"cs\"},{\"@type\":\"Organization\",\"@id\":\"https:\/\/www.dakarmania.cz\/#organization\",\"name\":\"DAKAR MANIA\",\"url\":\"https:\/\/www.dakarmania.cz\/\",\"logo\":{\"@type\":\"ImageObject\",\"inLanguage\":\"cs\",\"@id\":\"https:\/\/www.dakarmania.cz\/#\/schema\/logo\/image\/\",\"url\":\"https:\/\/www.dakarmania.cz\/wp-content\/uploads\/2018\/12\/Dakar-Mania-Logo-Square-Orange.png\",\"contentUrl\":\"https:\/\/www.dakarmania.cz\/wp-content\/uploads\/2018\/12\/Dakar-Mania-Logo-Square-Orange.png\",\"width\":992,\"height\":992,\"caption\":\"DAKAR MANIA\"},\"image\":{\"@id\":\"https:\/\/www.dakarmania.cz\/#\/schema\/logo\/image\/\"},\"sameAs\":[\"https:\/\/www.facebook.com\/dakarmania\/\"]},{\"@type\":\"Person\",\"@id\":\"https:\/\/www.dakarmania.cz\/#\/schema\/person\/bce8d1fe3633b1178e150fc5e340d5dd\",\"name\":\"tiskov\u00e1 zpr\u00e1va\",\"image\":{\"@type\":\"ImageObject\",\"inLanguage\":\"cs\",\"@id\":\"https:\/\/www.dakarmania.cz\/#\/schema\/person\/image\/\",\"url\":\"https:\/\/secure.gravatar.com\/avatar\/19aefcb6c7bfae691fca4d805686c670f59bb4f7414c7b398b88dc9c8f4e96d5?s=96&d=mm&r=g\",\"contentUrl\":\"https:\/\/secure.gravatar.com\/avatar\/19aefcb6c7bfae691fca4d805686c670f59bb4f7414c7b398b88dc9c8f4e96d5?s=96&d=mm&r=g\",\"caption\":\"tiskov\u00e1 zpr\u00e1va\"},\"url\":\"https:\/\/www.dakarmania.cz\/index.php\/author\/tiskovezpravy\/\"}]}<\/script>\n<!-- \/ Yoast SEO plugin. -->","yoast_head_json":{"title":"Boris Vacul\u00edk bojuje. Tentokr\u00e1t v\u0161ak nikoliv na z\u00e1vodn\u00ed trati - DAKARMANIA.cz","description":"P\u0159esto\u017ee se t\u00fdm 3RCZ.com p\u0159ipravoval na Rally Dakar 2021, nakonec pos\u00e1dka Boris Vacul\u00edk, Martin Plechat\u00fd ve startovn\u00ed listin\u011b chyb\u00ed.","robots":{"index":"index","follow":"follow","max-snippet":"max-snippet:-1","max-image-preview":"max-image-preview:large","max-video-preview":"max-video-preview:-1"},"canonical":"https:\/\/www.dakarmania.cz\/index.php\/2020\/12\/01\/boris-vaculik-bojuje\/","og_locale":"cs_CZ","og_type":"article","og_title":"Boris Vacul\u00edk bojuje. Tentokr\u00e1t v\u0161ak nikoliv na z\u00e1vodn\u00ed trati - DAKARMANIA.cz","og_description":"P\u0159esto\u017ee se t\u00fdm 3RCZ.com p\u0159ipravoval na Rally Dakar 2021, nakonec pos\u00e1dka Boris Vacul\u00edk, Martin Plechat\u00fd ve startovn\u00ed listin\u011b chyb\u00ed.","og_url":"https:\/\/www.dakarmania.cz\/index.php\/2020\/12\/01\/boris-vaculik-bojuje\/","og_site_name":"DAKARMANIA.cz","article_publisher":"https:\/\/www.facebook.com\/dakarmania\/","article_published_time":"2020-12-01T22:41:48+00:00","og_image":[{"width":1024,"height":683,"url":"https:\/\/www.dakarmania.cz\/wp-content\/uploads\/2020\/12\/20-dakar-vaculik-12.jpg","type":"image\/jpeg"}],"author":"tiskov\u00e1 zpr\u00e1va","twitter_card":"summary_large_image","twitter_misc":{"Napsal(a)":"tiskov\u00e1 zpr\u00e1va","Odhadovan\u00e1 doba \u010dten\u00ed":"3 minuty"},"schema":{"@context":"https:\/\/schema.org","@graph":[{"@type":"Article","@id":"https:\/\/www.dakarmania.cz\/index.php\/2020\/12\/01\/boris-vaculik-bojuje\/#article","isPartOf":{"@id":"https:\/\/www.dakarmania.cz\/index.php\/2020\/12\/01\/boris-vaculik-bojuje\/"},"author":{"name":"tiskov\u00e1 zpr\u00e1va","@id":"https:\/\/www.dakarmania.cz\/#\/schema\/person\/bce8d1fe3633b1178e150fc5e340d5dd"},"headline":"Boris Vacul\u00edk bojuje. Tentokr\u00e1t v\u0161ak nikoliv na z\u00e1vodn\u00ed trati","datePublished":"2020-12-01T22:41:48+00:00","mainEntityOfPage":{"@id":"https:\/\/www.dakarmania.cz\/index.php\/2020\/12\/01\/boris-vaculik-bojuje\/"},"wordCount":596,"commentCount":0,"publisher":{"@id":"https:\/\/www.dakarmania.cz\/#organization"},"image":{"@id":"https:\/\/www.dakarmania.cz\/index.php\/2020\/12\/01\/boris-vaculik-bojuje\/#primaryimage"},"thumbnailUrl":"https:\/\/www.dakarmania.cz\/wp-content\/uploads\/2020\/12\/20-dakar-vaculik-12.jpg","keywords":["2020","3RCZ.com","Boris Vacul\u00edk","Dakar","Dakar 2021","Martin Plechat\u00fd"],"articleSection":["Tiskov\u00e9 zpr\u00e1vy"],"inLanguage":"cs","potentialAction":[{"@type":"CommentAction","name":"Comment","target":["https:\/\/www.dakarmania.cz\/index.php\/2020\/12\/01\/boris-vaculik-bojuje\/#respond"]}]},{"@type":"WebPage","@id":"https:\/\/www.dakarmania.cz\/index.php\/2020\/12\/01\/boris-vaculik-bojuje\/","url":"https:\/\/www.dakarmania.cz\/index.php\/2020\/12\/01\/boris-vaculik-bojuje\/","name":"Boris Vacul\u00edk bojuje. Tentokr\u00e1t v\u0161ak nikoliv na z\u00e1vodn\u00ed trati - DAKARMANIA.cz","isPartOf":{"@id":"https:\/\/www.dakarmania.cz\/#website"},"primaryImageOfPage":{"@id":"https:\/\/www.dakarmania.cz\/index.php\/2020\/12\/01\/boris-vaculik-bojuje\/#primaryimage"},"image":{"@id":"https:\/\/www.dakarmania.cz\/index.php\/2020\/12\/01\/boris-vaculik-bojuje\/#primaryimage"},"thumbnailUrl":"https:\/\/www.dakarmania.cz\/wp-content\/uploads\/2020\/12\/20-dakar-vaculik-12.jpg","datePublished":"2020-12-01T22:41:48+00:00","description":"P\u0159esto\u017ee se t\u00fdm 3RCZ.com p\u0159ipravoval na Rally Dakar 2021, nakonec pos\u00e1dka Boris Vacul\u00edk, Martin Plechat\u00fd ve startovn\u00ed listin\u011b chyb\u00ed.","breadcrumb":{"@id":"https:\/\/www.dakarmania.cz\/index.php\/2020\/12\/01\/boris-vaculik-bojuje\/#breadcrumb"},"inLanguage":"cs","potentialAction":[{"@type":"ReadAction","target":["https:\/\/www.dakarmania.cz\/index.php\/2020\/12\/01\/boris-vaculik-bojuje\/"]}]},{"@type":"ImageObject","inLanguage":"cs","@id":"https:\/\/www.dakarmania.cz\/index.php\/2020\/12\/01\/boris-vaculik-bojuje\/#primaryimage","url":"https:\/\/www.dakarmania.cz\/wp-content\/uploads\/2020\/12\/20-dakar-vaculik-12.jpg","contentUrl":"https:\/\/www.dakarmania.cz\/wp-content\/uploads\/2020\/12\/20-dakar-vaculik-12.jpg","width":1024,"height":683,"caption":"Boris Vacul\u00edk, 3RCZ.com. Rally Dakar 2020. \u00a9 3RCZ.com"},{"@type":"BreadcrumbList","@id":"https:\/\/www.dakarmania.cz\/index.php\/2020\/12\/01\/boris-vaculik-bojuje\/#breadcrumb","itemListElement":[{"@type":"ListItem","position":1,"name":"Dom\u016f","item":"https:\/\/www.dakarmania.cz\/"},{"@type":"ListItem","position":2,"name":"Boris Vacul\u00edk bojuje. Tentokr\u00e1t v\u0161ak nikoliv na z\u00e1vodn\u00ed trati"}]},{"@type":"WebSite","@id":"https:\/\/www.dakarmania.cz\/#website","url":"https:\/\/www.dakarmania.cz\/","name":"DAKARMANIA.cz","description":"\u017dijeme Dakarem cel\u00fd rok","publisher":{"@id":"https:\/\/www.dakarmania.cz\/#organization"},"potentialAction":[{"@type":"SearchAction","target":{"@type":"EntryPoint","urlTemplate":"https:\/\/www.dakarmania.cz\/?s={search_term_string}"},"query-input":{"@type":"PropertyValueSpecification","valueRequired":true,"valueName":"search_term_string"}}],"inLanguage":"cs"},{"@type":"Organization","@id":"https:\/\/www.dakarmania.cz\/#organization","name":"DAKAR MANIA","url":"https:\/\/www.dakarmania.cz\/","logo":{"@type":"ImageObject","inLanguage":"cs","@id":"https:\/\/www.dakarmania.cz\/#\/schema\/logo\/image\/","url":"https:\/\/www.dakarmania.cz\/wp-content\/uploads\/2018\/12\/Dakar-Mania-Logo-Square-Orange.png","contentUrl":"https:\/\/www.dakarmania.cz\/wp-content\/uploads\/2018\/12\/Dakar-Mania-Logo-Square-Orange.png","width":992,"height":992,"caption":"DAKAR MANIA"},"image":{"@id":"https:\/\/www.dakarmania.cz\/#\/schema\/logo\/image\/"},"sameAs":["https:\/\/www.facebook.com\/dakarmania\/"]},{"@type":"Person","@id":"https:\/\/www.dakarmania.cz\/#\/schema\/person\/bce8d1fe3633b1178e150fc5e340d5dd","name":"tiskov\u00e1 zpr\u00e1va","image":{"@type":"ImageObject","inLanguage":"cs","@id":"https:\/\/www.dakarmania.cz\/#\/schema\/person\/image\/","url":"https:\/\/secure.gravatar.com\/avatar\/19aefcb6c7bfae691fca4d805686c670f59bb4f7414c7b398b88dc9c8f4e96d5?s=96&d=mm&r=g","contentUrl":"https:\/\/secure.gravatar.com\/avatar\/19aefcb6c7bfae691fca4d805686c670f59bb4f7414c7b398b88dc9c8f4e96d5?s=96&d=mm&r=g","caption":"tiskov\u00e1 zpr\u00e1va"},"url":"https:\/\/www.dakarmania.cz\/index.php\/author\/tiskovezpravy\/"}]}},"amp_enabled":true,"_links":{"self":[{"href":"https:\/\/www.dakarmania.cz\/index.php\/wp-json\/wp\/v2\/posts\/17187","targetHints":{"allow":["GET"]}}],"collection":[{"href":"https:\/\/www.dakarmania.cz\/index.php\/wp-json\/wp\/v2\/posts"}],"about":[{"href":"https:\/\/www.dakarmania.cz\/index.php\/wp-json\/wp\/v2\/types\/post"}],"author":[{"embeddable":true,"href":"https:\/\/www.dakarmania.cz\/index.php\/wp-json\/wp\/v2\/users\/3"}],"replies":[{"embeddable":true,"href":"https:\/\/www.dakarmania.cz\/index.php\/wp-json\/wp\/v2\/comments?post=17187"}],"version-history":[{"count":1,"href":"https:\/\/www.dakarmania.cz\/index.php\/wp-json\/wp\/v2\/posts\/17187\/revisions"}],"predecessor-version":[{"id":17188,"href":"https:\/\/www.dakarmania.cz\/index.php\/wp-json\/wp\/v2\/posts\/17187\/revisions\/17188"}],"wp:featuredmedia":[{"embeddable":true,"href":"https:\/\/www.dakarmania.cz\/index.php\/wp-json\/wp\/v2\/media\/17185"}],"wp:attachment":[{"href":"https:\/\/www.dakarmania.cz\/index.php\/wp-json\/wp\/v2\/media?parent=17187"}],"wp:term":[{"taxonomy":"category","embeddable":true,"href":"https:\/\/www.dakarmania.cz\/index.php\/wp-json\/wp\/v2\/categories?post=17187"},{"taxonomy":"post_tag","embeddable":true,"href":"https:\/\/www.dakarmania.cz\/index.php\/wp-json\/wp\/v2\/tags?post=17187"}],"curies":[{"name":"wp","href":"https:\/\/api.w.org\/{rel}","templated":true}]}}