{"id":17190,"date":"2020-12-02T00:31:18","date_gmt":"2020-12-01T23:31:18","guid":{"rendered":"https:\/\/www.dakarmania.cz\/?p=17190"},"modified":"2020-12-02T00:32:22","modified_gmt":"2020-12-01T23:32:22","slug":"zaverecne-testy-buggyru-povzbudily","status":"publish","type":"post","link":"https:\/\/www.dakarmania.cz\/index.php\/2020\/12\/02\/zaverecne-testy-buggyru-povzbudily\/","title":{"rendered":"Z\u00e1v\u011bre\u010dn\u00e9 testy Buggyru povzbudily"},"content":{"rendered":"<p>[vc_row][vc_column][vc_column_text css_animation=&#8221;fadeIn&#8221;]<\/p>\n<h3>Posledn\u00ed dny p\u0159edt\u00edm, ne\u017e technika nabere kurs Sa\u00fadsk\u00e1 Ar\u00e1bie, str\u00e1vili piloti t\u00fdmu Tatra Buggyra Racing i Buggyra Zero Mileage Racing testov\u00e1n\u00edm v Polsku a Led\u010dic\u00edch. S v\u00fdsledky z\u00e1v\u011bre\u010dn\u00e9 p\u0159eddakarsk\u00e9 prov\u011brky panuje v t\u00fdmu maxim\u00e1ln\u00ed spokojenost.<\/h3>\n<p>[\/vc_column_text][vc_video link=&#8221;https:\/\/youtu.be\/DDgM4HivZqk&#8221;][vc_column_text css_animation=&#8221;fadeIn&#8221;]P\u011btin\u00e1sobn\u00fd v\u00edt\u011bz kategorie \u010dty\u0159kolek Josef Mach\u00e1\u010dek ne\u0161et\u0159il superlativy.<\/p>\n<p><em>\u201eJe a\u017e neskute\u010dn\u00e9, kam David Vr\u0161eck\u00fd se sv\u00fdm t\u00fdmem auto posunul. Mimo\u0159\u00e1dn\u00e9 zlep\u0161en\u00ed jsem zaznamenal p\u0159edev\u0161\u00edm v oblasti roz\u0161\u00ed\u0159en\u00ed a prodlou\u017een\u00ed geometrie. S autem, se kter\u00fdm jsem jel v lednu Dakar, se to ned\u00e1 v\u016fbec srovn\u00e1vat. Konkurence m\u00e1 sice p\u011btilet\u00fd n\u00e1skok, hodn\u011b jsme z n\u011bj ale v rekordn\u011b kr\u00e1tk\u00e9m \u010dase umazali,\u201c<\/em> m\u00edn\u00ed <strong>Josef Mach\u00e1\u010dek<\/strong>. <em>\u201eT\u011b\u0161\u00edm se do Emir\u00e1t\u016f, kde budeme s Tom\u00e1\u0161em Engem pracovat s tr\u00e9ninkov\u00fdmi vozy na dunov\u00fdch pol\u00edch. Tom\u00e1\u0161 je pilot t\u011blem i du\u0161\u00ed, jenom mus\u00ed vst\u0159ebat skute\u010dnost, \u017ee Dakar nen\u00ed o asfaltu, ale o dun\u00e1ch, d\u00edr\u00e1ch, nejr\u016fzn\u011bj\u0161\u00edch p\u0159ek\u00e1\u017ek\u00e1ch na trati. A taky o tom, \u017ee za horizontem v\u011bt\u0161inou nen\u00ed pr\u016fjezdn\u00e1 tra\u0165. Prost\u011b bude muset v rozumn\u00e9 m\u00ed\u0159e potla\u010dit ego z\u00e1vodn\u00edka.\u201c<\/em>[\/vc_column_text][vc_single_image image=&#8221;17186&#8243; img_size=&#8221;large&#8221; add_caption=&#8221;yes&#8221; alignment=&#8221;center&#8221; onclick=&#8221;custom_link&#8221; img_link_target=&#8221;_blank&#8221; css_animation=&#8221;fadeIn&#8221; link=&#8221;http:\/\/eshop.dakarmania.cz\/&#8221;][vc_column_text css_animation=&#8221;fadeIn&#8221;]<em>\u201eKdy\u017e to \u0159ekne Pepa, je to tak, nen\u00ed o \u010dem diskutovat. Ostatn\u011b, te\u010f n\u00e1s bude m\u00edt v Dubaji s Mark\u00e9tou<\/em> [Sk\u00e1celovou] <em>v dun\u00e1ch na povel,\u201c<\/em> zmi\u0148uje <strong>Tom\u00e1\u0161 Enge<\/strong> dal\u0161\u00ed bod p\u0159\u00edpravy sv\u00e9ho t\u00fdmu. <em>\u201eN\u011bkdy na ja\u0159e jsem testoval v Milovic\u00edch se \u201astar\u00fdm\u2018 autem. Nov\u00fd Can-Am je o deset pater v\u00fd\u0161e, jsme n\u011bkde \u00fapln\u011b jinde.\u201c<\/em><\/p>\n<p>Koncem listopadu testovaly i kami\u00f3ny Tatra Phoenix.<\/p>\n<p><em>\u201eNejsem stoupencem pron\u00e1\u0161en\u00ed superlativ\u016f, ale jedn\u00e1 se o velk\u00fd posun. Odpo\u010dinu si po fyzick\u00e9 i psychick\u00e9 str\u00e1nce, automat toho vy\u0159e\u0161\u00ed hodn\u011b za m\u011b. Budu sice muset pracovat v\u00edce s plynem a vyt\u00e1\u010det motor do vy\u0161\u0161\u00edch ot\u00e1\u010dek, ale velmi r\u00e1d si na to zvyknu,\u201c<\/em> popisuje <strong>Martin \u0160oltys<\/strong> dojmy z nov\u00e9 automatick\u00e9 p\u0159evodovky a na adresu nov\u00e9ho t\u00fdmov\u00e9ho kolegy dod\u00e1v\u00e1: <em>\u201eVyhr\u00e1l t\u0159ikr\u00e1t Dakar, co k tomu \u0159\u00edct? Je to velk\u00fd sympa\u0165\u00e1k, kter\u00fd m\u00e1 z\u00e1vod\u011bn\u00ed v krvi.\u201c<\/em><\/p>\n<p>Tiskov\u00e1 zpr\u00e1va t\u00fdmu Buggyra Racing [editov\u00e1no][\/vc_column_text][vc_empty_space height=&#8221;2px&#8221;][\/vc_column][\/vc_row]<\/p>\n","protected":false},"excerpt":{"rendered":"<p>Posledn\u00ed dny p\u0159edt\u00edm, ne\u017e technika nabere kurs Sa\u00fadsk\u00e1 Ar\u00e1bie, str\u00e1vili piloti t\u00fdmu Buggyra Racing testov\u00e1n\u00edm v Polsku a Led\u010dic\u00edch.<\/p>\n","protected":false},"author":3,"featured_media":17189,"comment_status":"open","ping_status":"closed","sticky":false,"template":"","format":"standard","meta":{"footnotes":""},"categories":[637],"tags":[903,1630,132,95,8,1475,1523,684,136,68,1792],"class_list":["post-17190","post","type-post","status-publish","format-standard","has-post-thumbnail","hentry","category-tiskove-zpravy","tag-903","tag-1630","tag-buggyra-racing","tag-can-am","tag-dakar","tag-dakar-2021","tag-ignacio-casale","tag-josef-machacek","tag-martin-soltys","tag-tatra","tag-tomas-enge"],"yoast_head":"<!-- This site is optimized with the Yoast SEO plugin v24.9 - https:\/\/yoast.com\/wordpress\/plugins\/seo\/ -->\n<title>Z\u00e1v\u011bre\u010dn\u00e9 testy Buggyru povzbudily - DAKARMANIA.cz<\/title>\n<meta name=\"description\" content=\"Posledn\u00ed dny p\u0159edt\u00edm, ne\u017e technika nabere kurs Sa\u00fadsk\u00e1 Ar\u00e1bie, str\u00e1vili piloti t\u00fdmu Buggyra Racing testov\u00e1n\u00edm v Polsku a Led\u010dic\u00edch.\" \/>\n<meta name=\"robots\" content=\"index, follow, max-snippet:-1, max-image-preview:large, max-video-preview:-1\" \/>\n<link rel=\"canonical\" href=\"https:\/\/www.dakarmania.cz\/index.php\/2020\/12\/02\/zaverecne-testy-buggyru-povzbudily\/\" \/>\n<meta property=\"og:locale\" content=\"cs_CZ\" \/>\n<meta property=\"og:type\" content=\"article\" \/>\n<meta property=\"og:title\" content=\"Z\u00e1v\u011bre\u010dn\u00e9 testy Buggyru povzbudily - DAKARMANIA.cz\" \/>\n<meta property=\"og:description\" content=\"Posledn\u00ed dny p\u0159edt\u00edm, ne\u017e technika nabere kurs Sa\u00fadsk\u00e1 Ar\u00e1bie, str\u00e1vili piloti t\u00fdmu Buggyra Racing testov\u00e1n\u00edm v Polsku a Led\u010dic\u00edch.\" \/>\n<meta property=\"og:url\" content=\"https:\/\/www.dakarmania.cz\/index.php\/2020\/12\/02\/zaverecne-testy-buggyru-povzbudily\/\" \/>\n<meta property=\"og:site_name\" content=\"DAKARMANIA.cz\" \/>\n<meta property=\"article:publisher\" content=\"https:\/\/www.facebook.com\/dakarmania\/\" \/>\n<meta property=\"article:published_time\" content=\"2020-12-01T23:31:18+00:00\" \/>\n<meta property=\"article:modified_time\" content=\"2020-12-01T23:32:22+00:00\" \/>\n<meta property=\"og:image\" content=\"https:\/\/www.dakarmania.cz\/wp-content\/uploads\/2020\/12\/20-casale-test-01.jpg\" \/>\n\t<meta property=\"og:image:width\" content=\"1024\" \/>\n\t<meta property=\"og:image:height\" content=\"683\" \/>\n\t<meta property=\"og:image:type\" content=\"image\/jpeg\" \/>\n<meta name=\"author\" content=\"tiskov\u00e1 zpr\u00e1va\" \/>\n<meta name=\"twitter:card\" content=\"summary_large_image\" \/>\n<meta name=\"twitter:label1\" content=\"Napsal(a)\" \/>\n\t<meta name=\"twitter:data1\" content=\"tiskov\u00e1 zpr\u00e1va\" \/>\n\t<meta name=\"twitter:label2\" content=\"Odhadovan\u00e1 doba \u010dten\u00ed\" \/>\n\t<meta name=\"twitter:data2\" content=\"2 minuty\" \/>\n<script type=\"application\/ld+json\" class=\"yoast-schema-graph\">{\"@context\":\"https:\/\/schema.org\",\"@graph\":[{\"@type\":\"Article\",\"@id\":\"https:\/\/www.dakarmania.cz\/index.php\/2020\/12\/02\/zaverecne-testy-buggyru-povzbudily\/#article\",\"isPartOf\":{\"@id\":\"https:\/\/www.dakarmania.cz\/index.php\/2020\/12\/02\/zaverecne-testy-buggyru-povzbudily\/\"},\"author\":{\"name\":\"tiskov\u00e1 zpr\u00e1va\",\"@id\":\"https:\/\/www.dakarmania.cz\/#\/schema\/person\/bce8d1fe3633b1178e150fc5e340d5dd\"},\"headline\":\"Z\u00e1v\u011bre\u010dn\u00e9 testy Buggyru povzbudily\",\"datePublished\":\"2020-12-01T23:31:18+00:00\",\"dateModified\":\"2020-12-01T23:32:22+00:00\",\"mainEntityOfPage\":{\"@id\":\"https:\/\/www.dakarmania.cz\/index.php\/2020\/12\/02\/zaverecne-testy-buggyru-povzbudily\/\"},\"wordCount\":490,\"commentCount\":0,\"publisher\":{\"@id\":\"https:\/\/www.dakarmania.cz\/#organization\"},\"image\":{\"@id\":\"https:\/\/www.dakarmania.cz\/index.php\/2020\/12\/02\/zaverecne-testy-buggyru-povzbudily\/#primaryimage\"},\"thumbnailUrl\":\"https:\/\/www.dakarmania.cz\/wp-content\/uploads\/2020\/12\/20-casale-test-01.jpg\",\"keywords\":[\"2020\",\"2021\",\"Buggyra Racing\",\"Can-Am\",\"Dakar\",\"Dakar 2021\",\"Ignacio Casale\",\"Josef Mach\u00e1\u010dek\",\"Martin \u0160oltys\",\"Tatra\",\"Tom\u00e1\u0161 Enge\"],\"articleSection\":[\"Tiskov\u00e9 zpr\u00e1vy\"],\"inLanguage\":\"cs\",\"potentialAction\":[{\"@type\":\"CommentAction\",\"name\":\"Comment\",\"target\":[\"https:\/\/www.dakarmania.cz\/index.php\/2020\/12\/02\/zaverecne-testy-buggyru-povzbudily\/#respond\"]}]},{\"@type\":\"WebPage\",\"@id\":\"https:\/\/www.dakarmania.cz\/index.php\/2020\/12\/02\/zaverecne-testy-buggyru-povzbudily\/\",\"url\":\"https:\/\/www.dakarmania.cz\/index.php\/2020\/12\/02\/zaverecne-testy-buggyru-povzbudily\/\",\"name\":\"Z\u00e1v\u011bre\u010dn\u00e9 testy Buggyru povzbudily - DAKARMANIA.cz\",\"isPartOf\":{\"@id\":\"https:\/\/www.dakarmania.cz\/#website\"},\"primaryImageOfPage\":{\"@id\":\"https:\/\/www.dakarmania.cz\/index.php\/2020\/12\/02\/zaverecne-testy-buggyru-povzbudily\/#primaryimage\"},\"image\":{\"@id\":\"https:\/\/www.dakarmania.cz\/index.php\/2020\/12\/02\/zaverecne-testy-buggyru-povzbudily\/#primaryimage\"},\"thumbnailUrl\":\"https:\/\/www.dakarmania.cz\/wp-content\/uploads\/2020\/12\/20-casale-test-01.jpg\",\"datePublished\":\"2020-12-01T23:31:18+00:00\",\"dateModified\":\"2020-12-01T23:32:22+00:00\",\"description\":\"Posledn\u00ed dny p\u0159edt\u00edm, ne\u017e technika nabere kurs Sa\u00fadsk\u00e1 Ar\u00e1bie, str\u00e1vili piloti t\u00fdmu Buggyra Racing testov\u00e1n\u00edm v Polsku a Led\u010dic\u00edch.\",\"breadcrumb\":{\"@id\":\"https:\/\/www.dakarmania.cz\/index.php\/2020\/12\/02\/zaverecne-testy-buggyru-povzbudily\/#breadcrumb\"},\"inLanguage\":\"cs\",\"potentialAction\":[{\"@type\":\"ReadAction\",\"target\":[\"https:\/\/www.dakarmania.cz\/index.php\/2020\/12\/02\/zaverecne-testy-buggyru-povzbudily\/\"]}]},{\"@type\":\"ImageObject\",\"inLanguage\":\"cs\",\"@id\":\"https:\/\/www.dakarmania.cz\/index.php\/2020\/12\/02\/zaverecne-testy-buggyru-povzbudily\/#primaryimage\",\"url\":\"https:\/\/www.dakarmania.cz\/wp-content\/uploads\/2020\/12\/20-casale-test-01.jpg\",\"contentUrl\":\"https:\/\/www.dakarmania.cz\/wp-content\/uploads\/2020\/12\/20-casale-test-01.jpg\",\"width\":1024,\"height\":683,\"caption\":\"Ignacio Casale, Tatra Phoenix, Tatra Buggyra Racing. Testov\u00e1n\u00ed, listopad 2020. \u00a9 Buggyra Media\"},{\"@type\":\"BreadcrumbList\",\"@id\":\"https:\/\/www.dakarmania.cz\/index.php\/2020\/12\/02\/zaverecne-testy-buggyru-povzbudily\/#breadcrumb\",\"itemListElement\":[{\"@type\":\"ListItem\",\"position\":1,\"name\":\"Dom\u016f\",\"item\":\"https:\/\/www.dakarmania.cz\/\"},{\"@type\":\"ListItem\",\"position\":2,\"name\":\"Z\u00e1v\u011bre\u010dn\u00e9 testy Buggyru povzbudily\"}]},{\"@type\":\"WebSite\",\"@id\":\"https:\/\/www.dakarmania.cz\/#website\",\"url\":\"https:\/\/www.dakarmania.cz\/\",\"name\":\"DAKARMANIA.cz\",\"description\":\"\u017dijeme Dakarem cel\u00fd rok\",\"publisher\":{\"@id\":\"https:\/\/www.dakarmania.cz\/#organization\"},\"potentialAction\":[{\"@type\":\"SearchAction\",\"target\":{\"@type\":\"EntryPoint\",\"urlTemplate\":\"https:\/\/www.dakarmania.cz\/?s={search_term_string}\"},\"query-input\":{\"@type\":\"PropertyValueSpecification\",\"valueRequired\":true,\"valueName\":\"search_term_string\"}}],\"inLanguage\":\"cs\"},{\"@type\":\"Organization\",\"@id\":\"https:\/\/www.dakarmania.cz\/#organization\",\"name\":\"DAKAR MANIA\",\"url\":\"https:\/\/www.dakarmania.cz\/\",\"logo\":{\"@type\":\"ImageObject\",\"inLanguage\":\"cs\",\"@id\":\"https:\/\/www.dakarmania.cz\/#\/schema\/logo\/image\/\",\"url\":\"https:\/\/www.dakarmania.cz\/wp-content\/uploads\/2018\/12\/Dakar-Mania-Logo-Square-Orange.png\",\"contentUrl\":\"https:\/\/www.dakarmania.cz\/wp-content\/uploads\/2018\/12\/Dakar-Mania-Logo-Square-Orange.png\",\"width\":992,\"height\":992,\"caption\":\"DAKAR MANIA\"},\"image\":{\"@id\":\"https:\/\/www.dakarmania.cz\/#\/schema\/logo\/image\/\"},\"sameAs\":[\"https:\/\/www.facebook.com\/dakarmania\/\"]},{\"@type\":\"Person\",\"@id\":\"https:\/\/www.dakarmania.cz\/#\/schema\/person\/bce8d1fe3633b1178e150fc5e340d5dd\",\"name\":\"tiskov\u00e1 zpr\u00e1va\",\"image\":{\"@type\":\"ImageObject\",\"inLanguage\":\"cs\",\"@id\":\"https:\/\/www.dakarmania.cz\/#\/schema\/person\/image\/\",\"url\":\"https:\/\/secure.gravatar.com\/avatar\/19aefcb6c7bfae691fca4d805686c670f59bb4f7414c7b398b88dc9c8f4e96d5?s=96&d=mm&r=g\",\"contentUrl\":\"https:\/\/secure.gravatar.com\/avatar\/19aefcb6c7bfae691fca4d805686c670f59bb4f7414c7b398b88dc9c8f4e96d5?s=96&d=mm&r=g\",\"caption\":\"tiskov\u00e1 zpr\u00e1va\"},\"url\":\"https:\/\/www.dakarmania.cz\/index.php\/author\/tiskovezpravy\/\"}]}<\/script>\n<!-- \/ Yoast SEO plugin. -->","yoast_head_json":{"title":"Z\u00e1v\u011bre\u010dn\u00e9 testy Buggyru povzbudily - DAKARMANIA.cz","description":"Posledn\u00ed dny p\u0159edt\u00edm, ne\u017e technika nabere kurs Sa\u00fadsk\u00e1 Ar\u00e1bie, str\u00e1vili piloti t\u00fdmu Buggyra Racing testov\u00e1n\u00edm v Polsku a Led\u010dic\u00edch.","robots":{"index":"index","follow":"follow","max-snippet":"max-snippet:-1","max-image-preview":"max-image-preview:large","max-video-preview":"max-video-preview:-1"},"canonical":"https:\/\/www.dakarmania.cz\/index.php\/2020\/12\/02\/zaverecne-testy-buggyru-povzbudily\/","og_locale":"cs_CZ","og_type":"article","og_title":"Z\u00e1v\u011bre\u010dn\u00e9 testy Buggyru povzbudily - DAKARMANIA.cz","og_description":"Posledn\u00ed dny p\u0159edt\u00edm, ne\u017e technika nabere kurs Sa\u00fadsk\u00e1 Ar\u00e1bie, str\u00e1vili piloti t\u00fdmu Buggyra Racing testov\u00e1n\u00edm v Polsku a Led\u010dic\u00edch.","og_url":"https:\/\/www.dakarmania.cz\/index.php\/2020\/12\/02\/zaverecne-testy-buggyru-povzbudily\/","og_site_name":"DAKARMANIA.cz","article_publisher":"https:\/\/www.facebook.com\/dakarmania\/","article_published_time":"2020-12-01T23:31:18+00:00","article_modified_time":"2020-12-01T23:32:22+00:00","og_image":[{"width":1024,"height":683,"url":"https:\/\/www.dakarmania.cz\/wp-content\/uploads\/2020\/12\/20-casale-test-01.jpg","type":"image\/jpeg"}],"author":"tiskov\u00e1 zpr\u00e1va","twitter_card":"summary_large_image","twitter_misc":{"Napsal(a)":"tiskov\u00e1 zpr\u00e1va","Odhadovan\u00e1 doba \u010dten\u00ed":"2 minuty"},"schema":{"@context":"https:\/\/schema.org","@graph":[{"@type":"Article","@id":"https:\/\/www.dakarmania.cz\/index.php\/2020\/12\/02\/zaverecne-testy-buggyru-povzbudily\/#article","isPartOf":{"@id":"https:\/\/www.dakarmania.cz\/index.php\/2020\/12\/02\/zaverecne-testy-buggyru-povzbudily\/"},"author":{"name":"tiskov\u00e1 zpr\u00e1va","@id":"https:\/\/www.dakarmania.cz\/#\/schema\/person\/bce8d1fe3633b1178e150fc5e340d5dd"},"headline":"Z\u00e1v\u011bre\u010dn\u00e9 testy Buggyru povzbudily","datePublished":"2020-12-01T23:31:18+00:00","dateModified":"2020-12-01T23:32:22+00:00","mainEntityOfPage":{"@id":"https:\/\/www.dakarmania.cz\/index.php\/2020\/12\/02\/zaverecne-testy-buggyru-povzbudily\/"},"wordCount":490,"commentCount":0,"publisher":{"@id":"https:\/\/www.dakarmania.cz\/#organization"},"image":{"@id":"https:\/\/www.dakarmania.cz\/index.php\/2020\/12\/02\/zaverecne-testy-buggyru-povzbudily\/#primaryimage"},"thumbnailUrl":"https:\/\/www.dakarmania.cz\/wp-content\/uploads\/2020\/12\/20-casale-test-01.jpg","keywords":["2020","2021","Buggyra Racing","Can-Am","Dakar","Dakar 2021","Ignacio Casale","Josef Mach\u00e1\u010dek","Martin \u0160oltys","Tatra","Tom\u00e1\u0161 Enge"],"articleSection":["Tiskov\u00e9 zpr\u00e1vy"],"inLanguage":"cs","potentialAction":[{"@type":"CommentAction","name":"Comment","target":["https:\/\/www.dakarmania.cz\/index.php\/2020\/12\/02\/zaverecne-testy-buggyru-povzbudily\/#respond"]}]},{"@type":"WebPage","@id":"https:\/\/www.dakarmania.cz\/index.php\/2020\/12\/02\/zaverecne-testy-buggyru-povzbudily\/","url":"https:\/\/www.dakarmania.cz\/index.php\/2020\/12\/02\/zaverecne-testy-buggyru-povzbudily\/","name":"Z\u00e1v\u011bre\u010dn\u00e9 testy Buggyru povzbudily - DAKARMANIA.cz","isPartOf":{"@id":"https:\/\/www.dakarmania.cz\/#website"},"primaryImageOfPage":{"@id":"https:\/\/www.dakarmania.cz\/index.php\/2020\/12\/02\/zaverecne-testy-buggyru-povzbudily\/#primaryimage"},"image":{"@id":"https:\/\/www.dakarmania.cz\/index.php\/2020\/12\/02\/zaverecne-testy-buggyru-povzbudily\/#primaryimage"},"thumbnailUrl":"https:\/\/www.dakarmania.cz\/wp-content\/uploads\/2020\/12\/20-casale-test-01.jpg","datePublished":"2020-12-01T23:31:18+00:00","dateModified":"2020-12-01T23:32:22+00:00","description":"Posledn\u00ed dny p\u0159edt\u00edm, ne\u017e technika nabere kurs Sa\u00fadsk\u00e1 Ar\u00e1bie, str\u00e1vili piloti t\u00fdmu Buggyra Racing testov\u00e1n\u00edm v Polsku a Led\u010dic\u00edch.","breadcrumb":{"@id":"https:\/\/www.dakarmania.cz\/index.php\/2020\/12\/02\/zaverecne-testy-buggyru-povzbudily\/#breadcrumb"},"inLanguage":"cs","potentialAction":[{"@type":"ReadAction","target":["https:\/\/www.dakarmania.cz\/index.php\/2020\/12\/02\/zaverecne-testy-buggyru-povzbudily\/"]}]},{"@type":"ImageObject","inLanguage":"cs","@id":"https:\/\/www.dakarmania.cz\/index.php\/2020\/12\/02\/zaverecne-testy-buggyru-povzbudily\/#primaryimage","url":"https:\/\/www.dakarmania.cz\/wp-content\/uploads\/2020\/12\/20-casale-test-01.jpg","contentUrl":"https:\/\/www.dakarmania.cz\/wp-content\/uploads\/2020\/12\/20-casale-test-01.jpg","width":1024,"height":683,"caption":"Ignacio Casale, Tatra Phoenix, Tatra Buggyra Racing. Testov\u00e1n\u00ed, listopad 2020. \u00a9 Buggyra Media"},{"@type":"BreadcrumbList","@id":"https:\/\/www.dakarmania.cz\/index.php\/2020\/12\/02\/zaverecne-testy-buggyru-povzbudily\/#breadcrumb","itemListElement":[{"@type":"ListItem","position":1,"name":"Dom\u016f","item":"https:\/\/www.dakarmania.cz\/"},{"@type":"ListItem","position":2,"name":"Z\u00e1v\u011bre\u010dn\u00e9 testy Buggyru povzbudily"}]},{"@type":"WebSite","@id":"https:\/\/www.dakarmania.cz\/#website","url":"https:\/\/www.dakarmania.cz\/","name":"DAKARMANIA.cz","description":"\u017dijeme Dakarem cel\u00fd rok","publisher":{"@id":"https:\/\/www.dakarmania.cz\/#organization"},"potentialAction":[{"@type":"SearchAction","target":{"@type":"EntryPoint","urlTemplate":"https:\/\/www.dakarmania.cz\/?s={search_term_string}"},"query-input":{"@type":"PropertyValueSpecification","valueRequired":true,"valueName":"search_term_string"}}],"inLanguage":"cs"},{"@type":"Organization","@id":"https:\/\/www.dakarmania.cz\/#organization","name":"DAKAR MANIA","url":"https:\/\/www.dakarmania.cz\/","logo":{"@type":"ImageObject","inLanguage":"cs","@id":"https:\/\/www.dakarmania.cz\/#\/schema\/logo\/image\/","url":"https:\/\/www.dakarmania.cz\/wp-content\/uploads\/2018\/12\/Dakar-Mania-Logo-Square-Orange.png","contentUrl":"https:\/\/www.dakarmania.cz\/wp-content\/uploads\/2018\/12\/Dakar-Mania-Logo-Square-Orange.png","width":992,"height":992,"caption":"DAKAR MANIA"},"image":{"@id":"https:\/\/www.dakarmania.cz\/#\/schema\/logo\/image\/"},"sameAs":["https:\/\/www.facebook.com\/dakarmania\/"]},{"@type":"Person","@id":"https:\/\/www.dakarmania.cz\/#\/schema\/person\/bce8d1fe3633b1178e150fc5e340d5dd","name":"tiskov\u00e1 zpr\u00e1va","image":{"@type":"ImageObject","inLanguage":"cs","@id":"https:\/\/www.dakarmania.cz\/#\/schema\/person\/image\/","url":"https:\/\/secure.gravatar.com\/avatar\/19aefcb6c7bfae691fca4d805686c670f59bb4f7414c7b398b88dc9c8f4e96d5?s=96&d=mm&r=g","contentUrl":"https:\/\/secure.gravatar.com\/avatar\/19aefcb6c7bfae691fca4d805686c670f59bb4f7414c7b398b88dc9c8f4e96d5?s=96&d=mm&r=g","caption":"tiskov\u00e1 zpr\u00e1va"},"url":"https:\/\/www.dakarmania.cz\/index.php\/author\/tiskovezpravy\/"}]}},"amp_enabled":true,"_links":{"self":[{"href":"https:\/\/www.dakarmania.cz\/index.php\/wp-json\/wp\/v2\/posts\/17190","targetHints":{"allow":["GET"]}}],"collection":[{"href":"https:\/\/www.dakarmania.cz\/index.php\/wp-json\/wp\/v2\/posts"}],"about":[{"href":"https:\/\/www.dakarmania.cz\/index.php\/wp-json\/wp\/v2\/types\/post"}],"author":[{"embeddable":true,"href":"https:\/\/www.dakarmania.cz\/index.php\/wp-json\/wp\/v2\/users\/3"}],"replies":[{"embeddable":true,"href":"https:\/\/www.dakarmania.cz\/index.php\/wp-json\/wp\/v2\/comments?post=17190"}],"version-history":[{"count":2,"href":"https:\/\/www.dakarmania.cz\/index.php\/wp-json\/wp\/v2\/posts\/17190\/revisions"}],"predecessor-version":[{"id":17192,"href":"https:\/\/www.dakarmania.cz\/index.php\/wp-json\/wp\/v2\/posts\/17190\/revisions\/17192"}],"wp:featuredmedia":[{"embeddable":true,"href":"https:\/\/www.dakarmania.cz\/index.php\/wp-json\/wp\/v2\/media\/17189"}],"wp:attachment":[{"href":"https:\/\/www.dakarmania.cz\/index.php\/wp-json\/wp\/v2\/media?parent=17190"}],"wp:term":[{"taxonomy":"category","embeddable":true,"href":"https:\/\/www.dakarmania.cz\/index.php\/wp-json\/wp\/v2\/categories?post=17190"},{"taxonomy":"post_tag","embeddable":true,"href":"https:\/\/www.dakarmania.cz\/index.php\/wp-json\/wp\/v2\/tags?post=17190"}],"curies":[{"name":"wp","href":"https:\/\/api.w.org\/{rel}","templated":true}]}}