{"id":17249,"date":"2020-12-14T15:56:16","date_gmt":"2020-12-14T14:56:16","guid":{"rendered":"https:\/\/www.dakarmania.cz\/?p=17249"},"modified":"2023-03-14T19:54:28","modified_gmt":"2023-03-14T18:54:28","slug":"dakar-2021-pro-engeho-odrazovy-mustek","status":"publish","type":"post","link":"https:\/\/www.dakarmania.cz\/index.php\/2020\/12\/14\/dakar-2021-pro-engeho-odrazovy-mustek\/","title":{"rendered":"Dakar 2021: Pro Tom\u00e1\u0161e Engeho odrazov\u00fd m\u016fstek"},"content":{"rendered":"<p>[vc_row][vc_column][vc_column_text css_animation=&#8221;fadeIn&#8221;]<\/p>\n<h3>Po\u010d\u00e1tek prosince str\u00e1vila dvojice Josef Mach\u00e1\u010dek, Tom\u00e1\u0161 Enge v p\u00edse\u010dn\u00fdch dun\u00e1ch Dubaje. Ve Spojen\u00fdch arabsk\u00fdch emir\u00e1tech pokra\u010dovala p\u0159\u00edprava jezdc\u016f t\u00fdmu Buggyra Racing na kvapem se bl\u00ed\u017e\u00edc\u00ed Rally Dakar 2021.<\/h3>\n<p>[\/vc_column_text][vc_single_image image=&#8221;17247&#8243; img_size=&#8221;large&#8221; add_caption=&#8221;yes&#8221; alignment=&#8221;center&#8221; onclick=&#8221;link_image&#8221; css_animation=&#8221;fadeIn&#8221;][vc_column_text css_animation=&#8221;fadeIn&#8221;]P\u011btin\u00e1sobn\u00fd v\u00edt\u011bz kategorie \u010dty\u0159kolek Josef Mach\u00e1\u010dek, kter\u00fd v lednu pro\u017eil v barv\u00e1ch Buggyry \u00fasp\u011b\u0161nou premi\u00e9ru v kategorii Side-by-Side, p\u016fsobil v roli mentora.<\/p>\n<p><em>\u201eVzhledem k ru\u0161en\u00ed v\u0161ech mo\u017en\u00fdch z\u00e1vod\u016f se vlastn\u011b jednalo o moji premi\u00e9ru v dun\u00e1ch. Pepa m\u011b nejd\u0159\u00edve \u201ahodil do vody\u2018, aby m\u011b v okam\u017eiku hrozby utonut\u00ed vyt\u00e1hl a vysv\u011btlil, kterak vylep\u0161it styl,\u201c<\/em> popisuje <strong>Tom\u00e1\u0161 Enge<\/strong> sv\u00e9r\u00e1zn\u00fd p\u0159\u00edstup dakarsk\u00e9ho matadora. <em>\u201eTento zp\u016fsob komunikace mi dokonale vyhovuje. \u0158ekl bych, \u017ee jsem ud\u011blal slu\u0161n\u00fd pokrok, nicm\u00e9n\u011b stejn\u011b, jako je tomu na asfaltu \u010di \u0161otolin\u011b, ani kilometr\u016f odjet\u00fdch v dun\u00e1ch nen\u00ed nikdy dost.\u201c<\/em>[\/vc_column_text][vc_single_image image=&#8221;17211&#8243; img_size=&#8221;large&#8221; add_caption=&#8221;yes&#8221; alignment=&#8221;center&#8221; onclick=&#8221;custom_link&#8221; img_link_target=&#8221;_blank&#8221; css_animation=&#8221;fadeIn&#8221; link=&#8221;http:\/\/eshop.dakarmania.cz\/&#8221;][vc_column_text css_animation=&#8221;fadeIn&#8221;]Z\u00e1kladn\u00edm p\u0159edpokladem Engeho \u00fasp\u011b\u0161n\u00e9ho p\u016fsoben\u00ed na Dakaru a jeho dokon\u010den\u00ed bude podle Mach\u00e1\u010dka schopnost p\u0159epnout z m\u00f3du z\u00e1vodn\u00edka do mnohdy krut\u00e9 dakarsk\u00e9 reality.<\/p>\n<p><em>\u201eZprvu jsem to moc nech\u00e1pal, nebo\u0165 ve srovn\u00e1n\u00ed s Pepou, jsem se v\u00edcem\u00e9n\u011b plou\u017eil. Ale u\u017e m\u00e1m jasno,\u201c<\/em> \u0159\u00edk\u00e1 jedin\u00fd \u010desk\u00fd \u00fa\u010dastn\u00edk z\u00e1vod\u016f F1 a 500 mil Indianapolis, jen\u017e m\u00e1 na sv\u00e9m kont\u011b tak\u00e9 v\u00edt\u011bzstv\u00ed v kategorii GT p\u0159i \u010dty\u0159iadvacetihodinovce v Le Mans. <em>\u201eDakar je jako stavba bar\u00e1ku. Pot\u0159ebuje\u0161 projekt a hlavn\u011b betonov\u00e9 z\u00e1klady, na kter\u00fdch postav\u00ed\u0161 stavbu, se kterou nikdo nehne. M\u00e1m to v hlav\u011b srovnan\u00e9. V\u00edm, \u017ee se nesm\u00edm nechat strhnout; pojedu v roli u\u010dedn\u00edka. V lednu tak za\u010dnu v Sa\u00fadsk\u00e9 Ar\u00e1bii budovat odrazov\u00fd m\u016fstek, ze kter\u00e9ho se hodl\u00e1m v dal\u0161\u00edch letech odr\u00e1\u017eet v\u00fd\u0161 a v\u00fd\u0161.\u201c<\/em><\/p>\n<p>Zdroj: Buggyra Racing [editov\u00e1no][\/vc_column_text][vc_empty_space height=&#8221;2px&#8221;][\/vc_column][\/vc_row]<\/p>\n","protected":false},"excerpt":{"rendered":"<p>Po\u010d\u00e1tek prosince str\u00e1vili Josef Mach\u00e1\u010dek a Tom\u00e1\u0161 Enge v p\u00edse\u010dn\u00fdch dun\u00e1ch Dubaje. V Emir\u00e1tech pokra\u010dovala jejich p\u0159\u00edprava na Dakar 2021.<\/p>\n","protected":false},"author":3,"featured_media":17248,"comment_status":"closed","ping_status":"closed","sticky":false,"template":"","format":"standard","meta":{"footnotes":""},"categories":[1688,90],"tags":[903,1630,132,8,1475,684,1792],"class_list":["post-17249","post","type-post","status-publish","format-standard","has-post-thumbnail","hentry","category-dakar-2021","category-sxs","tag-903","tag-1630","tag-buggyra-racing","tag-dakar","tag-dakar-2021","tag-josef-machacek","tag-tomas-enge"],"yoast_head":"<!-- This site is optimized with the Yoast SEO plugin v24.9 - https:\/\/yoast.com\/wordpress\/plugins\/seo\/ -->\n<title>Dakar 2021: Pro Tom\u00e1\u0161e Engeho odrazov\u00fd m\u016fstek - DAKARMANIA.cz<\/title>\n<meta name=\"description\" content=\"Po\u010d\u00e1tek prosince str\u00e1vili Josef Mach\u00e1\u010dek a Tom\u00e1\u0161 Enge v p\u00edse\u010dn\u00fdch dun\u00e1ch Dubaje. V Emir\u00e1tech pokra\u010dovala jejich p\u0159\u00edprava na Dakar 2021.\" \/>\n<meta name=\"robots\" content=\"index, follow, max-snippet:-1, max-image-preview:large, max-video-preview:-1\" \/>\n<link rel=\"canonical\" href=\"https:\/\/www.dakarmania.cz\/index.php\/2020\/12\/14\/dakar-2021-pro-engeho-odrazovy-mustek\/\" \/>\n<meta property=\"og:locale\" content=\"cs_CZ\" \/>\n<meta property=\"og:type\" content=\"article\" \/>\n<meta property=\"og:title\" content=\"Dakar 2021: Pro Tom\u00e1\u0161e Engeho odrazov\u00fd m\u016fstek - DAKARMANIA.cz\" \/>\n<meta property=\"og:description\" content=\"Po\u010d\u00e1tek prosince str\u00e1vili Josef Mach\u00e1\u010dek a Tom\u00e1\u0161 Enge v p\u00edse\u010dn\u00fdch dun\u00e1ch Dubaje. V Emir\u00e1tech pokra\u010dovala jejich p\u0159\u00edprava na Dakar 2021.\" \/>\n<meta property=\"og:url\" content=\"https:\/\/www.dakarmania.cz\/index.php\/2020\/12\/14\/dakar-2021-pro-engeho-odrazovy-mustek\/\" \/>\n<meta property=\"og:site_name\" content=\"DAKARMANIA.cz\" \/>\n<meta property=\"article:publisher\" content=\"https:\/\/www.facebook.com\/dakarmania\/\" \/>\n<meta property=\"article:published_time\" content=\"2020-12-14T14:56:16+00:00\" \/>\n<meta property=\"article:modified_time\" content=\"2023-03-14T18:54:28+00:00\" \/>\n<meta property=\"og:image\" content=\"https:\/\/www.dakarmania.cz\/wp-content\/uploads\/2020\/12\/20-enge-test-dubai-02.jpg\" \/>\n\t<meta property=\"og:image:width\" content=\"1024\" \/>\n\t<meta property=\"og:image:height\" content=\"683\" \/>\n\t<meta property=\"og:image:type\" content=\"image\/jpeg\" \/>\n<meta name=\"author\" content=\"tiskov\u00e1 zpr\u00e1va\" \/>\n<meta name=\"twitter:card\" content=\"summary_large_image\" \/>\n<meta name=\"twitter:label1\" content=\"Napsal(a)\" \/>\n\t<meta name=\"twitter:data1\" content=\"tiskov\u00e1 zpr\u00e1va\" \/>\n\t<meta name=\"twitter:label2\" content=\"Odhadovan\u00e1 doba \u010dten\u00ed\" \/>\n\t<meta name=\"twitter:data2\" content=\"2 minuty\" \/>\n<script type=\"application\/ld+json\" class=\"yoast-schema-graph\">{\"@context\":\"https:\/\/schema.org\",\"@graph\":[{\"@type\":\"Article\",\"@id\":\"https:\/\/www.dakarmania.cz\/index.php\/2020\/12\/14\/dakar-2021-pro-engeho-odrazovy-mustek\/#article\",\"isPartOf\":{\"@id\":\"https:\/\/www.dakarmania.cz\/index.php\/2020\/12\/14\/dakar-2021-pro-engeho-odrazovy-mustek\/\"},\"author\":{\"name\":\"tiskov\u00e1 zpr\u00e1va\",\"@id\":\"https:\/\/www.dakarmania.cz\/#\/schema\/person\/bce8d1fe3633b1178e150fc5e340d5dd\"},\"headline\":\"Dakar 2021: Pro Tom\u00e1\u0161e Engeho odrazov\u00fd m\u016fstek\",\"datePublished\":\"2020-12-14T14:56:16+00:00\",\"dateModified\":\"2023-03-14T18:54:28+00:00\",\"mainEntityOfPage\":{\"@id\":\"https:\/\/www.dakarmania.cz\/index.php\/2020\/12\/14\/dakar-2021-pro-engeho-odrazovy-mustek\/\"},\"wordCount\":426,\"publisher\":{\"@id\":\"https:\/\/www.dakarmania.cz\/#organization\"},\"image\":{\"@id\":\"https:\/\/www.dakarmania.cz\/index.php\/2020\/12\/14\/dakar-2021-pro-engeho-odrazovy-mustek\/#primaryimage\"},\"thumbnailUrl\":\"https:\/\/www.dakarmania.cz\/wp-content\/uploads\/2020\/12\/20-enge-test-dubai-02.jpg\",\"keywords\":[\"2020\",\"2021\",\"Buggyra Racing\",\"Dakar\",\"Dakar 2021\",\"Josef Mach\u00e1\u010dek\",\"Tom\u00e1\u0161 Enge\"],\"articleSection\":[\"Dakar 2021\",\"S\u00d7S\"],\"inLanguage\":\"cs\"},{\"@type\":\"WebPage\",\"@id\":\"https:\/\/www.dakarmania.cz\/index.php\/2020\/12\/14\/dakar-2021-pro-engeho-odrazovy-mustek\/\",\"url\":\"https:\/\/www.dakarmania.cz\/index.php\/2020\/12\/14\/dakar-2021-pro-engeho-odrazovy-mustek\/\",\"name\":\"Dakar 2021: Pro Tom\u00e1\u0161e Engeho odrazov\u00fd m\u016fstek - DAKARMANIA.cz\",\"isPartOf\":{\"@id\":\"https:\/\/www.dakarmania.cz\/#website\"},\"primaryImageOfPage\":{\"@id\":\"https:\/\/www.dakarmania.cz\/index.php\/2020\/12\/14\/dakar-2021-pro-engeho-odrazovy-mustek\/#primaryimage\"},\"image\":{\"@id\":\"https:\/\/www.dakarmania.cz\/index.php\/2020\/12\/14\/dakar-2021-pro-engeho-odrazovy-mustek\/#primaryimage\"},\"thumbnailUrl\":\"https:\/\/www.dakarmania.cz\/wp-content\/uploads\/2020\/12\/20-enge-test-dubai-02.jpg\",\"datePublished\":\"2020-12-14T14:56:16+00:00\",\"dateModified\":\"2023-03-14T18:54:28+00:00\",\"description\":\"Po\u010d\u00e1tek prosince str\u00e1vili Josef Mach\u00e1\u010dek a Tom\u00e1\u0161 Enge v p\u00edse\u010dn\u00fdch dun\u00e1ch Dubaje. V Emir\u00e1tech pokra\u010dovala jejich p\u0159\u00edprava na Dakar 2021.\",\"breadcrumb\":{\"@id\":\"https:\/\/www.dakarmania.cz\/index.php\/2020\/12\/14\/dakar-2021-pro-engeho-odrazovy-mustek\/#breadcrumb\"},\"inLanguage\":\"cs\",\"potentialAction\":[{\"@type\":\"ReadAction\",\"target\":[\"https:\/\/www.dakarmania.cz\/index.php\/2020\/12\/14\/dakar-2021-pro-engeho-odrazovy-mustek\/\"]}]},{\"@type\":\"ImageObject\",\"inLanguage\":\"cs\",\"@id\":\"https:\/\/www.dakarmania.cz\/index.php\/2020\/12\/14\/dakar-2021-pro-engeho-odrazovy-mustek\/#primaryimage\",\"url\":\"https:\/\/www.dakarmania.cz\/wp-content\/uploads\/2020\/12\/20-enge-test-dubai-02.jpg\",\"contentUrl\":\"https:\/\/www.dakarmania.cz\/wp-content\/uploads\/2020\/12\/20-enge-test-dubai-02.jpg\",\"width\":1024,\"height\":683,\"caption\":\"Tom\u00e1\u0161 Enge p\u0159i tr\u00e9ninku v Dubaji v prosinci 2020. \u00a9 Buggyra Media\"},{\"@type\":\"BreadcrumbList\",\"@id\":\"https:\/\/www.dakarmania.cz\/index.php\/2020\/12\/14\/dakar-2021-pro-engeho-odrazovy-mustek\/#breadcrumb\",\"itemListElement\":[{\"@type\":\"ListItem\",\"position\":1,\"name\":\"Dom\u016f\",\"item\":\"https:\/\/www.dakarmania.cz\/\"},{\"@type\":\"ListItem\",\"position\":2,\"name\":\"Dakar 2021: Pro Tom\u00e1\u0161e Engeho odrazov\u00fd m\u016fstek\"}]},{\"@type\":\"WebSite\",\"@id\":\"https:\/\/www.dakarmania.cz\/#website\",\"url\":\"https:\/\/www.dakarmania.cz\/\",\"name\":\"DAKARMANIA.cz\",\"description\":\"\u017dijeme Dakarem cel\u00fd rok\",\"publisher\":{\"@id\":\"https:\/\/www.dakarmania.cz\/#organization\"},\"potentialAction\":[{\"@type\":\"SearchAction\",\"target\":{\"@type\":\"EntryPoint\",\"urlTemplate\":\"https:\/\/www.dakarmania.cz\/?s={search_term_string}\"},\"query-input\":{\"@type\":\"PropertyValueSpecification\",\"valueRequired\":true,\"valueName\":\"search_term_string\"}}],\"inLanguage\":\"cs\"},{\"@type\":\"Organization\",\"@id\":\"https:\/\/www.dakarmania.cz\/#organization\",\"name\":\"DAKAR MANIA\",\"url\":\"https:\/\/www.dakarmania.cz\/\",\"logo\":{\"@type\":\"ImageObject\",\"inLanguage\":\"cs\",\"@id\":\"https:\/\/www.dakarmania.cz\/#\/schema\/logo\/image\/\",\"url\":\"https:\/\/www.dakarmania.cz\/wp-content\/uploads\/2018\/12\/Dakar-Mania-Logo-Square-Orange.png\",\"contentUrl\":\"https:\/\/www.dakarmania.cz\/wp-content\/uploads\/2018\/12\/Dakar-Mania-Logo-Square-Orange.png\",\"width\":992,\"height\":992,\"caption\":\"DAKAR MANIA\"},\"image\":{\"@id\":\"https:\/\/www.dakarmania.cz\/#\/schema\/logo\/image\/\"},\"sameAs\":[\"https:\/\/www.facebook.com\/dakarmania\/\"]},{\"@type\":\"Person\",\"@id\":\"https:\/\/www.dakarmania.cz\/#\/schema\/person\/bce8d1fe3633b1178e150fc5e340d5dd\",\"name\":\"tiskov\u00e1 zpr\u00e1va\",\"image\":{\"@type\":\"ImageObject\",\"inLanguage\":\"cs\",\"@id\":\"https:\/\/www.dakarmania.cz\/#\/schema\/person\/image\/\",\"url\":\"https:\/\/secure.gravatar.com\/avatar\/19aefcb6c7bfae691fca4d805686c670f59bb4f7414c7b398b88dc9c8f4e96d5?s=96&d=mm&r=g\",\"contentUrl\":\"https:\/\/secure.gravatar.com\/avatar\/19aefcb6c7bfae691fca4d805686c670f59bb4f7414c7b398b88dc9c8f4e96d5?s=96&d=mm&r=g\",\"caption\":\"tiskov\u00e1 zpr\u00e1va\"},\"url\":\"https:\/\/www.dakarmania.cz\/index.php\/author\/tiskovezpravy\/\"}]}<\/script>\n<!-- \/ Yoast SEO plugin. -->","yoast_head_json":{"title":"Dakar 2021: Pro Tom\u00e1\u0161e Engeho odrazov\u00fd m\u016fstek - DAKARMANIA.cz","description":"Po\u010d\u00e1tek prosince str\u00e1vili Josef Mach\u00e1\u010dek a Tom\u00e1\u0161 Enge v p\u00edse\u010dn\u00fdch dun\u00e1ch Dubaje. V Emir\u00e1tech pokra\u010dovala jejich p\u0159\u00edprava na Dakar 2021.","robots":{"index":"index","follow":"follow","max-snippet":"max-snippet:-1","max-image-preview":"max-image-preview:large","max-video-preview":"max-video-preview:-1"},"canonical":"https:\/\/www.dakarmania.cz\/index.php\/2020\/12\/14\/dakar-2021-pro-engeho-odrazovy-mustek\/","og_locale":"cs_CZ","og_type":"article","og_title":"Dakar 2021: Pro Tom\u00e1\u0161e Engeho odrazov\u00fd m\u016fstek - DAKARMANIA.cz","og_description":"Po\u010d\u00e1tek prosince str\u00e1vili Josef Mach\u00e1\u010dek a Tom\u00e1\u0161 Enge v p\u00edse\u010dn\u00fdch dun\u00e1ch Dubaje. V Emir\u00e1tech pokra\u010dovala jejich p\u0159\u00edprava na Dakar 2021.","og_url":"https:\/\/www.dakarmania.cz\/index.php\/2020\/12\/14\/dakar-2021-pro-engeho-odrazovy-mustek\/","og_site_name":"DAKARMANIA.cz","article_publisher":"https:\/\/www.facebook.com\/dakarmania\/","article_published_time":"2020-12-14T14:56:16+00:00","article_modified_time":"2023-03-14T18:54:28+00:00","og_image":[{"width":1024,"height":683,"url":"https:\/\/www.dakarmania.cz\/wp-content\/uploads\/2020\/12\/20-enge-test-dubai-02.jpg","type":"image\/jpeg"}],"author":"tiskov\u00e1 zpr\u00e1va","twitter_card":"summary_large_image","twitter_misc":{"Napsal(a)":"tiskov\u00e1 zpr\u00e1va","Odhadovan\u00e1 doba \u010dten\u00ed":"2 minuty"},"schema":{"@context":"https:\/\/schema.org","@graph":[{"@type":"Article","@id":"https:\/\/www.dakarmania.cz\/index.php\/2020\/12\/14\/dakar-2021-pro-engeho-odrazovy-mustek\/#article","isPartOf":{"@id":"https:\/\/www.dakarmania.cz\/index.php\/2020\/12\/14\/dakar-2021-pro-engeho-odrazovy-mustek\/"},"author":{"name":"tiskov\u00e1 zpr\u00e1va","@id":"https:\/\/www.dakarmania.cz\/#\/schema\/person\/bce8d1fe3633b1178e150fc5e340d5dd"},"headline":"Dakar 2021: Pro Tom\u00e1\u0161e Engeho odrazov\u00fd m\u016fstek","datePublished":"2020-12-14T14:56:16+00:00","dateModified":"2023-03-14T18:54:28+00:00","mainEntityOfPage":{"@id":"https:\/\/www.dakarmania.cz\/index.php\/2020\/12\/14\/dakar-2021-pro-engeho-odrazovy-mustek\/"},"wordCount":426,"publisher":{"@id":"https:\/\/www.dakarmania.cz\/#organization"},"image":{"@id":"https:\/\/www.dakarmania.cz\/index.php\/2020\/12\/14\/dakar-2021-pro-engeho-odrazovy-mustek\/#primaryimage"},"thumbnailUrl":"https:\/\/www.dakarmania.cz\/wp-content\/uploads\/2020\/12\/20-enge-test-dubai-02.jpg","keywords":["2020","2021","Buggyra Racing","Dakar","Dakar 2021","Josef Mach\u00e1\u010dek","Tom\u00e1\u0161 Enge"],"articleSection":["Dakar 2021","S\u00d7S"],"inLanguage":"cs"},{"@type":"WebPage","@id":"https:\/\/www.dakarmania.cz\/index.php\/2020\/12\/14\/dakar-2021-pro-engeho-odrazovy-mustek\/","url":"https:\/\/www.dakarmania.cz\/index.php\/2020\/12\/14\/dakar-2021-pro-engeho-odrazovy-mustek\/","name":"Dakar 2021: Pro Tom\u00e1\u0161e Engeho odrazov\u00fd m\u016fstek - DAKARMANIA.cz","isPartOf":{"@id":"https:\/\/www.dakarmania.cz\/#website"},"primaryImageOfPage":{"@id":"https:\/\/www.dakarmania.cz\/index.php\/2020\/12\/14\/dakar-2021-pro-engeho-odrazovy-mustek\/#primaryimage"},"image":{"@id":"https:\/\/www.dakarmania.cz\/index.php\/2020\/12\/14\/dakar-2021-pro-engeho-odrazovy-mustek\/#primaryimage"},"thumbnailUrl":"https:\/\/www.dakarmania.cz\/wp-content\/uploads\/2020\/12\/20-enge-test-dubai-02.jpg","datePublished":"2020-12-14T14:56:16+00:00","dateModified":"2023-03-14T18:54:28+00:00","description":"Po\u010d\u00e1tek prosince str\u00e1vili Josef Mach\u00e1\u010dek a Tom\u00e1\u0161 Enge v p\u00edse\u010dn\u00fdch dun\u00e1ch Dubaje. V Emir\u00e1tech pokra\u010dovala jejich p\u0159\u00edprava na Dakar 2021.","breadcrumb":{"@id":"https:\/\/www.dakarmania.cz\/index.php\/2020\/12\/14\/dakar-2021-pro-engeho-odrazovy-mustek\/#breadcrumb"},"inLanguage":"cs","potentialAction":[{"@type":"ReadAction","target":["https:\/\/www.dakarmania.cz\/index.php\/2020\/12\/14\/dakar-2021-pro-engeho-odrazovy-mustek\/"]}]},{"@type":"ImageObject","inLanguage":"cs","@id":"https:\/\/www.dakarmania.cz\/index.php\/2020\/12\/14\/dakar-2021-pro-engeho-odrazovy-mustek\/#primaryimage","url":"https:\/\/www.dakarmania.cz\/wp-content\/uploads\/2020\/12\/20-enge-test-dubai-02.jpg","contentUrl":"https:\/\/www.dakarmania.cz\/wp-content\/uploads\/2020\/12\/20-enge-test-dubai-02.jpg","width":1024,"height":683,"caption":"Tom\u00e1\u0161 Enge p\u0159i tr\u00e9ninku v Dubaji v prosinci 2020. \u00a9 Buggyra Media"},{"@type":"BreadcrumbList","@id":"https:\/\/www.dakarmania.cz\/index.php\/2020\/12\/14\/dakar-2021-pro-engeho-odrazovy-mustek\/#breadcrumb","itemListElement":[{"@type":"ListItem","position":1,"name":"Dom\u016f","item":"https:\/\/www.dakarmania.cz\/"},{"@type":"ListItem","position":2,"name":"Dakar 2021: Pro Tom\u00e1\u0161e Engeho odrazov\u00fd m\u016fstek"}]},{"@type":"WebSite","@id":"https:\/\/www.dakarmania.cz\/#website","url":"https:\/\/www.dakarmania.cz\/","name":"DAKARMANIA.cz","description":"\u017dijeme Dakarem cel\u00fd rok","publisher":{"@id":"https:\/\/www.dakarmania.cz\/#organization"},"potentialAction":[{"@type":"SearchAction","target":{"@type":"EntryPoint","urlTemplate":"https:\/\/www.dakarmania.cz\/?s={search_term_string}"},"query-input":{"@type":"PropertyValueSpecification","valueRequired":true,"valueName":"search_term_string"}}],"inLanguage":"cs"},{"@type":"Organization","@id":"https:\/\/www.dakarmania.cz\/#organization","name":"DAKAR MANIA","url":"https:\/\/www.dakarmania.cz\/","logo":{"@type":"ImageObject","inLanguage":"cs","@id":"https:\/\/www.dakarmania.cz\/#\/schema\/logo\/image\/","url":"https:\/\/www.dakarmania.cz\/wp-content\/uploads\/2018\/12\/Dakar-Mania-Logo-Square-Orange.png","contentUrl":"https:\/\/www.dakarmania.cz\/wp-content\/uploads\/2018\/12\/Dakar-Mania-Logo-Square-Orange.png","width":992,"height":992,"caption":"DAKAR MANIA"},"image":{"@id":"https:\/\/www.dakarmania.cz\/#\/schema\/logo\/image\/"},"sameAs":["https:\/\/www.facebook.com\/dakarmania\/"]},{"@type":"Person","@id":"https:\/\/www.dakarmania.cz\/#\/schema\/person\/bce8d1fe3633b1178e150fc5e340d5dd","name":"tiskov\u00e1 zpr\u00e1va","image":{"@type":"ImageObject","inLanguage":"cs","@id":"https:\/\/www.dakarmania.cz\/#\/schema\/person\/image\/","url":"https:\/\/secure.gravatar.com\/avatar\/19aefcb6c7bfae691fca4d805686c670f59bb4f7414c7b398b88dc9c8f4e96d5?s=96&d=mm&r=g","contentUrl":"https:\/\/secure.gravatar.com\/avatar\/19aefcb6c7bfae691fca4d805686c670f59bb4f7414c7b398b88dc9c8f4e96d5?s=96&d=mm&r=g","caption":"tiskov\u00e1 zpr\u00e1va"},"url":"https:\/\/www.dakarmania.cz\/index.php\/author\/tiskovezpravy\/"}]}},"amp_enabled":true,"_links":{"self":[{"href":"https:\/\/www.dakarmania.cz\/index.php\/wp-json\/wp\/v2\/posts\/17249","targetHints":{"allow":["GET"]}}],"collection":[{"href":"https:\/\/www.dakarmania.cz\/index.php\/wp-json\/wp\/v2\/posts"}],"about":[{"href":"https:\/\/www.dakarmania.cz\/index.php\/wp-json\/wp\/v2\/types\/post"}],"author":[{"embeddable":true,"href":"https:\/\/www.dakarmania.cz\/index.php\/wp-json\/wp\/v2\/users\/3"}],"replies":[{"embeddable":true,"href":"https:\/\/www.dakarmania.cz\/index.php\/wp-json\/wp\/v2\/comments?post=17249"}],"version-history":[{"count":2,"href":"https:\/\/www.dakarmania.cz\/index.php\/wp-json\/wp\/v2\/posts\/17249\/revisions"}],"predecessor-version":[{"id":17251,"href":"https:\/\/www.dakarmania.cz\/index.php\/wp-json\/wp\/v2\/posts\/17249\/revisions\/17251"}],"wp:featuredmedia":[{"embeddable":true,"href":"https:\/\/www.dakarmania.cz\/index.php\/wp-json\/wp\/v2\/media\/17248"}],"wp:attachment":[{"href":"https:\/\/www.dakarmania.cz\/index.php\/wp-json\/wp\/v2\/media?parent=17249"}],"wp:term":[{"taxonomy":"category","embeddable":true,"href":"https:\/\/www.dakarmania.cz\/index.php\/wp-json\/wp\/v2\/categories?post=17249"},{"taxonomy":"post_tag","embeddable":true,"href":"https:\/\/www.dakarmania.cz\/index.php\/wp-json\/wp\/v2\/tags?post=17249"}],"curies":[{"name":"wp","href":"https:\/\/api.w.org\/{rel}","templated":true}]}}