{"id":17284,"date":"2020-12-22T11:42:05","date_gmt":"2020-12-22T10:42:05","guid":{"rendered":"https:\/\/www.dakarmania.cz\/?p=17284"},"modified":"2020-12-22T11:42:05","modified_gmt":"2020-12-22T10:42:05","slug":"macik-s-tomaskem-odhaduji-jaky-bude-dakar-2021","status":"publish","type":"post","link":"https:\/\/www.dakarmania.cz\/index.php\/2020\/12\/22\/macik-s-tomaskem-odhaduji-jaky-bude-dakar-2021\/","title":{"rendered":"Mac\u00edk s Tom\u00e1\u0161kem odhaduj\u00ed, jak\u00fd bude Dakar 2021"},"content":{"rendered":"<p>[vc_row][vc_column][vc_column_text css_animation=&#8221;fadeIn&#8221;]<\/p>\n<h3>U\u017e v ned\u011bli odlet\u00ed dvaceti\u010dlenn\u00fd t\u00fdm Big Shock! Racing do Sa\u00fadsk\u00e9 Ar\u00e1bie, kde 2. ledna odstartuje do 43. ro\u010dn\u00edku Rally Dakar. Pilot kamionu Martin Mac\u00edk, navig\u00e1tor Franti\u0161ek Tom\u00e1\u0161ek i palubn\u00ed mechanik David \u0160vanda u\u017e jsou v doporu\u010den\u00e9 karant\u00e9n\u011b, stejn\u011b jako v\u011bt\u0161ina dal\u0161\u00edch \u010dlen\u016f v\u00fdpravy. Z\u00e1vodn\u00ed speci\u00e1l Iveco s \u010d\u00edslem 503 na kapot\u011b se pr\u00e1v\u011b te\u010f plav\u00ed do Sa\u00fadsk\u00e9 Ar\u00e1bie.<\/h3>\n<p>[\/vc_column_text][vc_single_image image=&#8221;14621&#8243; img_size=&#8221;large&#8221; add_caption=&#8221;yes&#8221; alignment=&#8221;center&#8221; onclick=&#8221;link_image&#8221; css_animation=&#8221;fadeIn&#8221;][vc_column_text css_animation=&#8221;fadeIn&#8221;]U\u017e za p\u00e1r dn\u00ed se v\u0161ichni sejdou v D\u017eidd\u011b, aby se spole\u010dn\u00fdmi silami pokusili vylep\u0161it p\u00e1t\u00e9 m\u00edsto z Dakaru 2020 a v nejrychlej\u0161\u00edm mo\u017en\u00e9m \u010dase zdolali tra\u0165 dlouhou p\u0159es 7000 km. P\u0159ed t\u00edm si ale je\u0161t\u011b u\u017eij\u00ed rodiny, poh\u00e1dky, kapra i strome\u010dek. Martin Mac\u00edk a Franti\u0161ek Tom\u00e1\u0161ek prozrazuj\u00ed, co v\u0161e je v nejbli\u017e\u0161\u00edch dnech \u010dek\u00e1, a jak se podle jejich n\u00e1zoru a zku\u0161enost\u00ed bude dal\u0161\u00ed ro\u010dn\u00edk Dakaru vyv\u00edjet.<\/p>\n<h4>Doj\u00edst cukrov\u00ed, zabalit a stihnout letadlo do D\u017eiddy<\/h4>\n<p>I kdy\u017e \u010dlenov\u00e9 t\u00fdmu Big Shock! Racing v r\u00e1mci doporu\u010den\u00fdch opat\u0159en\u00ed p\u0159ed Dakarem 2021 omezili soci\u00e1ln\u00ed kontakty na minimum, rozhodn\u011b se nenud\u00ed. V sedl\u010dansk\u00fdch t\u00fdmov\u00fdch d\u00edln\u00e1ch se d\u00e1l pracuje na bugin\u011b pro p\u0159\u00ed\u0161t\u00ed sez\u00f3nu, \u0161\u00e9f t\u00fdmu Martin Mac\u00edk star\u0161\u00ed p\u0159ipravuje pl\u00e1ny pro logistiku a servis b\u011bhem z\u00e1vodu, navig\u00e1tor Franti\u0161ek Tom\u00e1\u0161ek dod\u011bl\u00e1v\u00e1 pr\u00e1ci p\u0159ed dovolenou, kterou si u sv\u00e9ho zam\u011bstnavatele v lednu pravideln\u011b vyb\u00edr\u00e1, a Martin Mac\u00edk mlad\u0161\u00ed \u0159e\u0161\u00ed posledn\u00ed p\u0159edv\u00eddateln\u00e9 organiza\u010dn\u00ed detaily k talk show Posedl\u00ed Dakarem.<\/p>\n<p>V\u00e1noce budou pro v\u0161echny \u010dasem odpo\u010dinku p\u0159ed dv\u011bma pern\u00fdmi lednov\u00fdmi t\u00fddny. Do D\u017eiddy \u010de\u0161t\u00ed z\u00e1stupci odl\u00e9taj\u00ed spole\u010dn\u011b u\u017e v ned\u011bli 27. prosince. P\u0159ed odletem je\u0161t\u011b musej\u00ed proj\u00edt p\u0159edepsan\u00fdmi PCR testy a dal\u0161\u00ed kola testov\u00e1n\u00ed na n\u011b \u010dekaj\u00ed i po p\u0159\u00edletu do D\u017eiddy.<\/p>\n<p><em>\u201eDakar je hlavn\u011b o p\u0159ipravenosti, ale svou roli poka\u017ed\u00e9 hraje i n\u00e1hoda. A tentokr\u00e1t d\u00edky bezpe\u010dnostn\u00edm opat\u0159en\u00edm faktor n\u00e1hody je\u0161t\u011b m\u00edrn\u011b pos\u00edlil. Ale jsme optimisti. V\u011b\u0159\u00edme, \u017ee v\u0161echny testy absolvujeme hladce. U\u017e se neskute\u010dn\u011b t\u011b\u0161\u00edme. Hned, jak se dostaneme do prvn\u00edho bivaku, jdeme na v\u011bc a z\u00e1vod\u00edme,\u201c<\/em> \u0159\u00edk\u00e1 <strong>Martin Mac\u00edk<\/strong>.[\/vc_column_text][vc_single_image image=&#8221;17200&#8243; img_size=&#8221;large&#8221; add_caption=&#8221;yes&#8221; alignment=&#8221;center&#8221; onclick=&#8221;custom_link&#8221; img_link_target=&#8221;_blank&#8221; css_animation=&#8221;fadeIn&#8221; link=&#8221;http:\/\/eshop.dakarmania.cz\/&#8221;][vc_column_text css_animation=&#8221;fadeIn&#8221;]<\/p>\n<h4>Boj a\u017e do konce!<\/h4>\n<p>Organiz\u00e1to\u0159i Dakaru 2021 slibuj\u00ed, \u017ee ani jeden kilometr trati nebude stejn\u00fd jako p\u0159edchoz\u00ed rok. Ohl\u00e1\u0161eny jsou dlouh\u00e9 a technicky n\u00e1ro\u010dn\u00e9 etapy, kter\u00e9 t\u00fdmu Big Shock! Racing vyhovuj\u00ed. Na z\u00e1vodn\u00edky \u010dek\u00e1 13 pern\u00fdch z\u00e1vodn\u00edch dn\u00ed, b\u011bhem nich\u017e musej\u00ed ujet 7646 km (4767 km rychlostn\u00edch zkou\u0161ek).<\/p>\n<p>Rally Dakar odstartuje 2. ledna, kdy je na programu jeden\u00e1ctikilomerov\u00fd prolog. Ten ur\u010d\u00ed startovn\u00ed po\u0159ad\u00ed pro prvn\u00ed etapu, co\u017e je jedna ze zm\u011bn oproti p\u0159edchoz\u00edmu roku. Dakarsk\u00e1 karavana tentokr\u00e1t projede Sa\u00fadskou Ar\u00e1bii v protism\u011bru. D\u00e1lkov\u00fd z\u00e1vod bude za\u010d\u00ednat ve vnitrozem\u00ed n\u00e1ro\u010dn\u00fdmi p\u00edse\u010dn\u00fdmi etapami pln\u00fdmi dun.<\/p>\n<p><em>\u201eTak\u017ee hned v \u00favodu si p\u011bkn\u011b otestujeme novou automatickou p\u0159evodovku i elektronick\u00fd roadbook,\u201c<\/em> \u0159\u00edk\u00e1 <strong>Franti\u0161ek Tom\u00e1\u0161ek<\/strong>. Jako navig\u00e1tor prioritn\u00ed pos\u00e1dky, od kter\u00e9 se o\u010dek\u00e1v\u00e1 j\u00edzda v p\u0159edn\u00ed linii, toti\u017e poprv\u00e9 vym\u011bn\u00ed se\u0161itek s popisem trati za elektronick\u00fd p\u0159\u00edstroj.<\/p>\n<p>Zhruba po polovin\u011b z\u00e1vodu a dni volna se ter\u00e9n podle odhad\u016f Mac\u00edka s Tom\u00e1\u0161kem zm\u011bn\u00ed v kamenit\u00e9 peklo, kde budou trp\u011bt hlavn\u011b vozidla. Nav\u00edc hned po dni volna bude n\u00e1sledovat maratonsk\u00e1 etapa, kdy z\u00e1vodn\u00edci p\u0159esp\u00ed mimo bivak a v\u0161echny opravy mus\u00ed zvl\u00e1dnout sv\u00e9pomoc\u00ed. Bez z\u00e1sahu mechanik\u016f tak projedou p\u0159es 1400 km v tvrd\u00e9m technick\u00e9m ter\u00e9nu pln\u00e9m skal. Nejdel\u0161\u00ed pak bude 11. etapa, jej\u00ed\u017e rychlostn\u00ed zkou\u0161ka m\u011b\u0159\u00ed 511 kilometr\u016f.[\/vc_column_text][vc_single_image image=&#8221;17283&#8243; img_size=&#8221;large&#8221; add_caption=&#8221;yes&#8221; alignment=&#8221;center&#8221; onclick=&#8221;link_image&#8221; css_animation=&#8221;fadeIn&#8221;][vc_column_text css_animation=&#8221;fadeIn&#8221;]<em>\u201eBude to n\u00e1ro\u010dn\u00e9. Ka\u017ed\u00e1 etapa del\u0161\u00ed ne\u017e 300 km u\u017e bol\u00ed. Chce se v\u00e1m na z\u00e1chod, m\u00e1te hlad, jste unaven\u00ed fyzicky i psychicky, ztr\u00e1c\u00edte koncentraci, za\u010d\u00edn\u00e1te d\u011blat chyby. Franti\u0161ek se ztr\u00e1c\u00ed, j\u00e1 se zahrab\u00e1v\u00e1m. U\u017e se nem\u016f\u017eeme do\u010dkat,\u201c<\/em> \u0159\u00edk\u00e1 <strong>Mac\u00edk<\/strong>.<\/p>\n<p>Zp\u011bt do D\u017eiddy se pak z\u00e1vodn\u00edci budou vracet pod\u00e9l mo\u0159e a po celou dobu se budou z bezpe\u010dnostn\u00edch d\u016fvod\u016f dr\u017eet mimo civilizaci. Jezdci t\u00fdmu Big Shock! Racing tipuj\u00ed, \u017ee z\u00e1v\u011br z\u00e1vodu organiz\u00e1to\u0159i je\u0161t\u011b nat\u00e1hnou do vnitrozem\u00ed a t\u011bsn\u011b p\u0159ed koncem vy\u010derpan\u00fdm z\u00e1vodn\u00edk\u016fm dop\u0159ej\u00ed p\u00e1r z\u00e1v\u011bre\u010dn\u00fdch dunov\u00fdch ter\u00e9n\u016f.<\/p>\n<p><em>\u201eAni posledn\u00ed etapa nebude \u201am\u00e1vac\u00ed\u2018, m\u00e1 p\u0159es dv\u011b st\u011b kilometr\u016f. Auta u\u017e budou rozebran\u00e1. My budeme unaven\u00ed. Bude to boj a\u017e do konce,\u201c<\/em> odhaduje <strong>Tom\u00e1\u0161ek<\/strong>.<\/p>\n<p>Tiskov\u00e1 zpr\u00e1va t\u00fdmu Big Shock! Racing [editov\u00e1no][\/vc_column_text][vc_empty_space height=&#8221;2px&#8221;][\/vc_column][\/vc_row]<\/p>\n","protected":false},"excerpt":{"rendered":"<p>U\u017e v ned\u011bli odlet\u00ed dvaceti\u010dlenn\u00fd t\u00fdm Big Shock! Racing do Sa\u00fadsk\u00e9 Ar\u00e1bie, kde 2. ledna odstartuje do 43. ro\u010dn\u00edku Rally Dakar.<\/p>\n","protected":false},"author":3,"featured_media":14621,"comment_status":"open","ping_status":"closed","sticky":false,"template":"","format":"standard","meta":{"footnotes":""},"categories":[637],"tags":[903,1630,111,8,1475,1135,117,164,591,114],"class_list":["post-17284","post","type-post","status-publish","format-standard","has-post-thumbnail","hentry","category-tiskove-zpravy","tag-903","tag-1630","tag-big-shock-racing","tag-dakar","tag-dakar-2021","tag-david-svanda","tag-frantisek-tomasek","tag-iveco","tag-martin-macik","tag-martin-macik-ml"],"yoast_head":"<!-- This site is optimized with the Yoast SEO plugin v24.9 - https:\/\/yoast.com\/wordpress\/plugins\/seo\/ -->\n<title>Mac\u00edk s Tom\u00e1\u0161kem odhaduj\u00ed, jak\u00fd bude Dakar 2021 - DAKARMANIA.cz<\/title>\n<meta name=\"description\" content=\"U\u017e v ned\u011bli odlet\u00ed dvaceti\u010dlenn\u00fd t\u00fdm Big Shock! Racing do Sa\u00fadsk\u00e9 Ar\u00e1bie, kde 2. ledna odstartuje do 43. ro\u010dn\u00edku Rally Dakar.\" \/>\n<meta name=\"robots\" content=\"index, follow, max-snippet:-1, max-image-preview:large, max-video-preview:-1\" \/>\n<link rel=\"canonical\" href=\"https:\/\/www.dakarmania.cz\/index.php\/2020\/12\/22\/macik-s-tomaskem-odhaduji-jaky-bude-dakar-2021\/\" \/>\n<meta property=\"og:locale\" content=\"cs_CZ\" \/>\n<meta property=\"og:type\" content=\"article\" \/>\n<meta property=\"og:title\" content=\"Mac\u00edk s Tom\u00e1\u0161kem odhaduj\u00ed, jak\u00fd bude Dakar 2021 - DAKARMANIA.cz\" \/>\n<meta property=\"og:description\" content=\"U\u017e v ned\u011bli odlet\u00ed dvaceti\u010dlenn\u00fd t\u00fdm Big Shock! Racing do Sa\u00fadsk\u00e9 Ar\u00e1bie, kde 2. ledna odstartuje do 43. ro\u010dn\u00edku Rally Dakar.\" \/>\n<meta property=\"og:url\" content=\"https:\/\/www.dakarmania.cz\/index.php\/2020\/12\/22\/macik-s-tomaskem-odhaduji-jaky-bude-dakar-2021\/\" \/>\n<meta property=\"og:site_name\" content=\"DAKARMANIA.cz\" \/>\n<meta property=\"article:publisher\" content=\"https:\/\/www.facebook.com\/dakarmania\/\" \/>\n<meta property=\"article:published_time\" content=\"2020-12-22T10:42:05+00:00\" \/>\n<meta property=\"og:image\" content=\"https:\/\/www.dakarmania.cz\/wp-content\/uploads\/2020\/01\/20-dakar-macik-06.jpg\" \/>\n\t<meta property=\"og:image:width\" content=\"1024\" \/>\n\t<meta property=\"og:image:height\" content=\"684\" \/>\n\t<meta property=\"og:image:type\" content=\"image\/jpeg\" \/>\n<meta name=\"author\" content=\"tiskov\u00e1 zpr\u00e1va\" \/>\n<meta name=\"twitter:card\" content=\"summary_large_image\" \/>\n<meta name=\"twitter:label1\" content=\"Napsal(a)\" \/>\n\t<meta name=\"twitter:data1\" content=\"tiskov\u00e1 zpr\u00e1va\" \/>\n\t<meta name=\"twitter:label2\" content=\"Odhadovan\u00e1 doba \u010dten\u00ed\" \/>\n\t<meta name=\"twitter:data2\" content=\"5 minut\" \/>\n<script type=\"application\/ld+json\" class=\"yoast-schema-graph\">{\"@context\":\"https:\/\/schema.org\",\"@graph\":[{\"@type\":\"Article\",\"@id\":\"https:\/\/www.dakarmania.cz\/index.php\/2020\/12\/22\/macik-s-tomaskem-odhaduji-jaky-bude-dakar-2021\/#article\",\"isPartOf\":{\"@id\":\"https:\/\/www.dakarmania.cz\/index.php\/2020\/12\/22\/macik-s-tomaskem-odhaduji-jaky-bude-dakar-2021\/\"},\"author\":{\"name\":\"tiskov\u00e1 zpr\u00e1va\",\"@id\":\"https:\/\/www.dakarmania.cz\/#\/schema\/person\/bce8d1fe3633b1178e150fc5e340d5dd\"},\"headline\":\"Mac\u00edk s Tom\u00e1\u0161kem odhaduj\u00ed, jak\u00fd bude Dakar 2021\",\"datePublished\":\"2020-12-22T10:42:05+00:00\",\"mainEntityOfPage\":{\"@id\":\"https:\/\/www.dakarmania.cz\/index.php\/2020\/12\/22\/macik-s-tomaskem-odhaduji-jaky-bude-dakar-2021\/\"},\"wordCount\":985,\"commentCount\":0,\"publisher\":{\"@id\":\"https:\/\/www.dakarmania.cz\/#organization\"},\"image\":{\"@id\":\"https:\/\/www.dakarmania.cz\/index.php\/2020\/12\/22\/macik-s-tomaskem-odhaduji-jaky-bude-dakar-2021\/#primaryimage\"},\"thumbnailUrl\":\"https:\/\/www.dakarmania.cz\/wp-content\/uploads\/2020\/01\/20-dakar-macik-06.jpg\",\"keywords\":[\"2020\",\"2021\",\"Big Shock! Racing\",\"Dakar\",\"Dakar 2021\",\"David \u0160vanda\",\"Franti\u0161ek Tom\u00e1\u0161ek\",\"Iveco\",\"Martin Mac\u00edk\",\"Martin Mac\u00edk ml.\"],\"articleSection\":[\"Tiskov\u00e9 zpr\u00e1vy\"],\"inLanguage\":\"cs\",\"potentialAction\":[{\"@type\":\"CommentAction\",\"name\":\"Comment\",\"target\":[\"https:\/\/www.dakarmania.cz\/index.php\/2020\/12\/22\/macik-s-tomaskem-odhaduji-jaky-bude-dakar-2021\/#respond\"]}]},{\"@type\":\"WebPage\",\"@id\":\"https:\/\/www.dakarmania.cz\/index.php\/2020\/12\/22\/macik-s-tomaskem-odhaduji-jaky-bude-dakar-2021\/\",\"url\":\"https:\/\/www.dakarmania.cz\/index.php\/2020\/12\/22\/macik-s-tomaskem-odhaduji-jaky-bude-dakar-2021\/\",\"name\":\"Mac\u00edk s Tom\u00e1\u0161kem odhaduj\u00ed, jak\u00fd bude Dakar 2021 - DAKARMANIA.cz\",\"isPartOf\":{\"@id\":\"https:\/\/www.dakarmania.cz\/#website\"},\"primaryImageOfPage\":{\"@id\":\"https:\/\/www.dakarmania.cz\/index.php\/2020\/12\/22\/macik-s-tomaskem-odhaduji-jaky-bude-dakar-2021\/#primaryimage\"},\"image\":{\"@id\":\"https:\/\/www.dakarmania.cz\/index.php\/2020\/12\/22\/macik-s-tomaskem-odhaduji-jaky-bude-dakar-2021\/#primaryimage\"},\"thumbnailUrl\":\"https:\/\/www.dakarmania.cz\/wp-content\/uploads\/2020\/01\/20-dakar-macik-06.jpg\",\"datePublished\":\"2020-12-22T10:42:05+00:00\",\"description\":\"U\u017e v ned\u011bli odlet\u00ed dvaceti\u010dlenn\u00fd t\u00fdm Big Shock! Racing do Sa\u00fadsk\u00e9 Ar\u00e1bie, kde 2. ledna odstartuje do 43. ro\u010dn\u00edku Rally Dakar.\",\"breadcrumb\":{\"@id\":\"https:\/\/www.dakarmania.cz\/index.php\/2020\/12\/22\/macik-s-tomaskem-odhaduji-jaky-bude-dakar-2021\/#breadcrumb\"},\"inLanguage\":\"cs\",\"potentialAction\":[{\"@type\":\"ReadAction\",\"target\":[\"https:\/\/www.dakarmania.cz\/index.php\/2020\/12\/22\/macik-s-tomaskem-odhaduji-jaky-bude-dakar-2021\/\"]}]},{\"@type\":\"ImageObject\",\"inLanguage\":\"cs\",\"@id\":\"https:\/\/www.dakarmania.cz\/index.php\/2020\/12\/22\/macik-s-tomaskem-odhaduji-jaky-bude-dakar-2021\/#primaryimage\",\"url\":\"https:\/\/www.dakarmania.cz\/wp-content\/uploads\/2020\/01\/20-dakar-macik-06.jpg\",\"contentUrl\":\"https:\/\/www.dakarmania.cz\/wp-content\/uploads\/2020\/01\/20-dakar-macik-06.jpg\",\"width\":1024,\"height\":684,\"caption\":\"Martin Mac\u00edk a Franti\u0161ek Tom\u00e1\u0161ek, Big Shock Racing. Rally Dakar 2020. \u00a9 Big Shock Racing\"},{\"@type\":\"BreadcrumbList\",\"@id\":\"https:\/\/www.dakarmania.cz\/index.php\/2020\/12\/22\/macik-s-tomaskem-odhaduji-jaky-bude-dakar-2021\/#breadcrumb\",\"itemListElement\":[{\"@type\":\"ListItem\",\"position\":1,\"name\":\"Dom\u016f\",\"item\":\"https:\/\/www.dakarmania.cz\/\"},{\"@type\":\"ListItem\",\"position\":2,\"name\":\"Mac\u00edk s Tom\u00e1\u0161kem odhaduj\u00ed, jak\u00fd bude Dakar 2021\"}]},{\"@type\":\"WebSite\",\"@id\":\"https:\/\/www.dakarmania.cz\/#website\",\"url\":\"https:\/\/www.dakarmania.cz\/\",\"name\":\"DAKARMANIA.cz\",\"description\":\"\u017dijeme Dakarem cel\u00fd rok\",\"publisher\":{\"@id\":\"https:\/\/www.dakarmania.cz\/#organization\"},\"potentialAction\":[{\"@type\":\"SearchAction\",\"target\":{\"@type\":\"EntryPoint\",\"urlTemplate\":\"https:\/\/www.dakarmania.cz\/?s={search_term_string}\"},\"query-input\":{\"@type\":\"PropertyValueSpecification\",\"valueRequired\":true,\"valueName\":\"search_term_string\"}}],\"inLanguage\":\"cs\"},{\"@type\":\"Organization\",\"@id\":\"https:\/\/www.dakarmania.cz\/#organization\",\"name\":\"DAKAR MANIA\",\"url\":\"https:\/\/www.dakarmania.cz\/\",\"logo\":{\"@type\":\"ImageObject\",\"inLanguage\":\"cs\",\"@id\":\"https:\/\/www.dakarmania.cz\/#\/schema\/logo\/image\/\",\"url\":\"https:\/\/www.dakarmania.cz\/wp-content\/uploads\/2018\/12\/Dakar-Mania-Logo-Square-Orange.png\",\"contentUrl\":\"https:\/\/www.dakarmania.cz\/wp-content\/uploads\/2018\/12\/Dakar-Mania-Logo-Square-Orange.png\",\"width\":992,\"height\":992,\"caption\":\"DAKAR MANIA\"},\"image\":{\"@id\":\"https:\/\/www.dakarmania.cz\/#\/schema\/logo\/image\/\"},\"sameAs\":[\"https:\/\/www.facebook.com\/dakarmania\/\"]},{\"@type\":\"Person\",\"@id\":\"https:\/\/www.dakarmania.cz\/#\/schema\/person\/bce8d1fe3633b1178e150fc5e340d5dd\",\"name\":\"tiskov\u00e1 zpr\u00e1va\",\"image\":{\"@type\":\"ImageObject\",\"inLanguage\":\"cs\",\"@id\":\"https:\/\/www.dakarmania.cz\/#\/schema\/person\/image\/\",\"url\":\"https:\/\/secure.gravatar.com\/avatar\/19aefcb6c7bfae691fca4d805686c670f59bb4f7414c7b398b88dc9c8f4e96d5?s=96&d=mm&r=g\",\"contentUrl\":\"https:\/\/secure.gravatar.com\/avatar\/19aefcb6c7bfae691fca4d805686c670f59bb4f7414c7b398b88dc9c8f4e96d5?s=96&d=mm&r=g\",\"caption\":\"tiskov\u00e1 zpr\u00e1va\"},\"url\":\"https:\/\/www.dakarmania.cz\/index.php\/author\/tiskovezpravy\/\"}]}<\/script>\n<!-- \/ Yoast SEO plugin. -->","yoast_head_json":{"title":"Mac\u00edk s Tom\u00e1\u0161kem odhaduj\u00ed, jak\u00fd bude Dakar 2021 - DAKARMANIA.cz","description":"U\u017e v ned\u011bli odlet\u00ed dvaceti\u010dlenn\u00fd t\u00fdm Big Shock! Racing do Sa\u00fadsk\u00e9 Ar\u00e1bie, kde 2. ledna odstartuje do 43. ro\u010dn\u00edku Rally Dakar.","robots":{"index":"index","follow":"follow","max-snippet":"max-snippet:-1","max-image-preview":"max-image-preview:large","max-video-preview":"max-video-preview:-1"},"canonical":"https:\/\/www.dakarmania.cz\/index.php\/2020\/12\/22\/macik-s-tomaskem-odhaduji-jaky-bude-dakar-2021\/","og_locale":"cs_CZ","og_type":"article","og_title":"Mac\u00edk s Tom\u00e1\u0161kem odhaduj\u00ed, jak\u00fd bude Dakar 2021 - DAKARMANIA.cz","og_description":"U\u017e v ned\u011bli odlet\u00ed dvaceti\u010dlenn\u00fd t\u00fdm Big Shock! Racing do Sa\u00fadsk\u00e9 Ar\u00e1bie, kde 2. ledna odstartuje do 43. ro\u010dn\u00edku Rally Dakar.","og_url":"https:\/\/www.dakarmania.cz\/index.php\/2020\/12\/22\/macik-s-tomaskem-odhaduji-jaky-bude-dakar-2021\/","og_site_name":"DAKARMANIA.cz","article_publisher":"https:\/\/www.facebook.com\/dakarmania\/","article_published_time":"2020-12-22T10:42:05+00:00","og_image":[{"width":1024,"height":684,"url":"https:\/\/www.dakarmania.cz\/wp-content\/uploads\/2020\/01\/20-dakar-macik-06.jpg","type":"image\/jpeg"}],"author":"tiskov\u00e1 zpr\u00e1va","twitter_card":"summary_large_image","twitter_misc":{"Napsal(a)":"tiskov\u00e1 zpr\u00e1va","Odhadovan\u00e1 doba \u010dten\u00ed":"5 minut"},"schema":{"@context":"https:\/\/schema.org","@graph":[{"@type":"Article","@id":"https:\/\/www.dakarmania.cz\/index.php\/2020\/12\/22\/macik-s-tomaskem-odhaduji-jaky-bude-dakar-2021\/#article","isPartOf":{"@id":"https:\/\/www.dakarmania.cz\/index.php\/2020\/12\/22\/macik-s-tomaskem-odhaduji-jaky-bude-dakar-2021\/"},"author":{"name":"tiskov\u00e1 zpr\u00e1va","@id":"https:\/\/www.dakarmania.cz\/#\/schema\/person\/bce8d1fe3633b1178e150fc5e340d5dd"},"headline":"Mac\u00edk s Tom\u00e1\u0161kem odhaduj\u00ed, jak\u00fd bude Dakar 2021","datePublished":"2020-12-22T10:42:05+00:00","mainEntityOfPage":{"@id":"https:\/\/www.dakarmania.cz\/index.php\/2020\/12\/22\/macik-s-tomaskem-odhaduji-jaky-bude-dakar-2021\/"},"wordCount":985,"commentCount":0,"publisher":{"@id":"https:\/\/www.dakarmania.cz\/#organization"},"image":{"@id":"https:\/\/www.dakarmania.cz\/index.php\/2020\/12\/22\/macik-s-tomaskem-odhaduji-jaky-bude-dakar-2021\/#primaryimage"},"thumbnailUrl":"https:\/\/www.dakarmania.cz\/wp-content\/uploads\/2020\/01\/20-dakar-macik-06.jpg","keywords":["2020","2021","Big Shock! Racing","Dakar","Dakar 2021","David \u0160vanda","Franti\u0161ek Tom\u00e1\u0161ek","Iveco","Martin Mac\u00edk","Martin Mac\u00edk ml."],"articleSection":["Tiskov\u00e9 zpr\u00e1vy"],"inLanguage":"cs","potentialAction":[{"@type":"CommentAction","name":"Comment","target":["https:\/\/www.dakarmania.cz\/index.php\/2020\/12\/22\/macik-s-tomaskem-odhaduji-jaky-bude-dakar-2021\/#respond"]}]},{"@type":"WebPage","@id":"https:\/\/www.dakarmania.cz\/index.php\/2020\/12\/22\/macik-s-tomaskem-odhaduji-jaky-bude-dakar-2021\/","url":"https:\/\/www.dakarmania.cz\/index.php\/2020\/12\/22\/macik-s-tomaskem-odhaduji-jaky-bude-dakar-2021\/","name":"Mac\u00edk s Tom\u00e1\u0161kem odhaduj\u00ed, jak\u00fd bude Dakar 2021 - DAKARMANIA.cz","isPartOf":{"@id":"https:\/\/www.dakarmania.cz\/#website"},"primaryImageOfPage":{"@id":"https:\/\/www.dakarmania.cz\/index.php\/2020\/12\/22\/macik-s-tomaskem-odhaduji-jaky-bude-dakar-2021\/#primaryimage"},"image":{"@id":"https:\/\/www.dakarmania.cz\/index.php\/2020\/12\/22\/macik-s-tomaskem-odhaduji-jaky-bude-dakar-2021\/#primaryimage"},"thumbnailUrl":"https:\/\/www.dakarmania.cz\/wp-content\/uploads\/2020\/01\/20-dakar-macik-06.jpg","datePublished":"2020-12-22T10:42:05+00:00","description":"U\u017e v ned\u011bli odlet\u00ed dvaceti\u010dlenn\u00fd t\u00fdm Big Shock! Racing do Sa\u00fadsk\u00e9 Ar\u00e1bie, kde 2. ledna odstartuje do 43. ro\u010dn\u00edku Rally Dakar.","breadcrumb":{"@id":"https:\/\/www.dakarmania.cz\/index.php\/2020\/12\/22\/macik-s-tomaskem-odhaduji-jaky-bude-dakar-2021\/#breadcrumb"},"inLanguage":"cs","potentialAction":[{"@type":"ReadAction","target":["https:\/\/www.dakarmania.cz\/index.php\/2020\/12\/22\/macik-s-tomaskem-odhaduji-jaky-bude-dakar-2021\/"]}]},{"@type":"ImageObject","inLanguage":"cs","@id":"https:\/\/www.dakarmania.cz\/index.php\/2020\/12\/22\/macik-s-tomaskem-odhaduji-jaky-bude-dakar-2021\/#primaryimage","url":"https:\/\/www.dakarmania.cz\/wp-content\/uploads\/2020\/01\/20-dakar-macik-06.jpg","contentUrl":"https:\/\/www.dakarmania.cz\/wp-content\/uploads\/2020\/01\/20-dakar-macik-06.jpg","width":1024,"height":684,"caption":"Martin Mac\u00edk a Franti\u0161ek Tom\u00e1\u0161ek, Big Shock Racing. Rally Dakar 2020. \u00a9 Big Shock Racing"},{"@type":"BreadcrumbList","@id":"https:\/\/www.dakarmania.cz\/index.php\/2020\/12\/22\/macik-s-tomaskem-odhaduji-jaky-bude-dakar-2021\/#breadcrumb","itemListElement":[{"@type":"ListItem","position":1,"name":"Dom\u016f","item":"https:\/\/www.dakarmania.cz\/"},{"@type":"ListItem","position":2,"name":"Mac\u00edk s Tom\u00e1\u0161kem odhaduj\u00ed, jak\u00fd bude Dakar 2021"}]},{"@type":"WebSite","@id":"https:\/\/www.dakarmania.cz\/#website","url":"https:\/\/www.dakarmania.cz\/","name":"DAKARMANIA.cz","description":"\u017dijeme Dakarem cel\u00fd rok","publisher":{"@id":"https:\/\/www.dakarmania.cz\/#organization"},"potentialAction":[{"@type":"SearchAction","target":{"@type":"EntryPoint","urlTemplate":"https:\/\/www.dakarmania.cz\/?s={search_term_string}"},"query-input":{"@type":"PropertyValueSpecification","valueRequired":true,"valueName":"search_term_string"}}],"inLanguage":"cs"},{"@type":"Organization","@id":"https:\/\/www.dakarmania.cz\/#organization","name":"DAKAR MANIA","url":"https:\/\/www.dakarmania.cz\/","logo":{"@type":"ImageObject","inLanguage":"cs","@id":"https:\/\/www.dakarmania.cz\/#\/schema\/logo\/image\/","url":"https:\/\/www.dakarmania.cz\/wp-content\/uploads\/2018\/12\/Dakar-Mania-Logo-Square-Orange.png","contentUrl":"https:\/\/www.dakarmania.cz\/wp-content\/uploads\/2018\/12\/Dakar-Mania-Logo-Square-Orange.png","width":992,"height":992,"caption":"DAKAR MANIA"},"image":{"@id":"https:\/\/www.dakarmania.cz\/#\/schema\/logo\/image\/"},"sameAs":["https:\/\/www.facebook.com\/dakarmania\/"]},{"@type":"Person","@id":"https:\/\/www.dakarmania.cz\/#\/schema\/person\/bce8d1fe3633b1178e150fc5e340d5dd","name":"tiskov\u00e1 zpr\u00e1va","image":{"@type":"ImageObject","inLanguage":"cs","@id":"https:\/\/www.dakarmania.cz\/#\/schema\/person\/image\/","url":"https:\/\/secure.gravatar.com\/avatar\/19aefcb6c7bfae691fca4d805686c670f59bb4f7414c7b398b88dc9c8f4e96d5?s=96&d=mm&r=g","contentUrl":"https:\/\/secure.gravatar.com\/avatar\/19aefcb6c7bfae691fca4d805686c670f59bb4f7414c7b398b88dc9c8f4e96d5?s=96&d=mm&r=g","caption":"tiskov\u00e1 zpr\u00e1va"},"url":"https:\/\/www.dakarmania.cz\/index.php\/author\/tiskovezpravy\/"}]}},"amp_enabled":true,"_links":{"self":[{"href":"https:\/\/www.dakarmania.cz\/index.php\/wp-json\/wp\/v2\/posts\/17284","targetHints":{"allow":["GET"]}}],"collection":[{"href":"https:\/\/www.dakarmania.cz\/index.php\/wp-json\/wp\/v2\/posts"}],"about":[{"href":"https:\/\/www.dakarmania.cz\/index.php\/wp-json\/wp\/v2\/types\/post"}],"author":[{"embeddable":true,"href":"https:\/\/www.dakarmania.cz\/index.php\/wp-json\/wp\/v2\/users\/3"}],"replies":[{"embeddable":true,"href":"https:\/\/www.dakarmania.cz\/index.php\/wp-json\/wp\/v2\/comments?post=17284"}],"version-history":[{"count":1,"href":"https:\/\/www.dakarmania.cz\/index.php\/wp-json\/wp\/v2\/posts\/17284\/revisions"}],"predecessor-version":[{"id":17285,"href":"https:\/\/www.dakarmania.cz\/index.php\/wp-json\/wp\/v2\/posts\/17284\/revisions\/17285"}],"wp:featuredmedia":[{"embeddable":true,"href":"https:\/\/www.dakarmania.cz\/index.php\/wp-json\/wp\/v2\/media\/14621"}],"wp:attachment":[{"href":"https:\/\/www.dakarmania.cz\/index.php\/wp-json\/wp\/v2\/media?parent=17284"}],"wp:term":[{"taxonomy":"category","embeddable":true,"href":"https:\/\/www.dakarmania.cz\/index.php\/wp-json\/wp\/v2\/categories?post=17284"},{"taxonomy":"post_tag","embeddable":true,"href":"https:\/\/www.dakarmania.cz\/index.php\/wp-json\/wp\/v2\/tags?post=17284"}],"curies":[{"name":"wp","href":"https:\/\/api.w.org\/{rel}","templated":true}]}}