{"id":17356,"date":"2020-12-27T17:36:02","date_gmt":"2020-12-27T16:36:02","guid":{"rendered":"https:\/\/www.dakarmania.cz\/?p=17356"},"modified":"2020-12-27T17:36:02","modified_gmt":"2020-12-27T16:36:02","slug":"dakar-2021-buggyra-nahradnici","status":"publish","type":"post","link":"https:\/\/www.dakarmania.cz\/index.php\/2020\/12\/27\/dakar-2021-buggyra-nahradnici\/","title":{"rendered":"Dakar 2021: Buggyra musela povolat n\u00e1hradn\u00edky"},"content":{"rendered":"<p>[vc_row][vc_column][vc_column_text css_animation=&#8221;fadeIn&#8221;]<\/p>\n<h3>V\u00fdsledky povinn\u00fdch test\u016f na koronavirus, kter\u00e9 museli maxim\u00e1ln\u011b 72 hodin p\u0159ed dne\u0161n\u00edm odletem do Sa\u00fadsk\u00e9 Ar\u00e1bie podstoupit v\u0161ichni \u00fa\u010dastn\u00edci Dakaru 2021, zkomplikovaly situaci Buggy\u0159e. Do koronavirov\u00e9 pasti spadli hned t\u0159i \u010dlenov\u00e9 t\u00fdmu. Ve v\u0161ech p\u0159\u00edpadech se jednalo o mechaniky.<\/h3>\n<p>[\/vc_column_text][vc_single_image image=&#8221;17355&#8243; img_size=&#8221;large&#8221; add_caption=&#8221;yes&#8221; alignment=&#8221;center&#8221; onclick=&#8221;link_image&#8221; css_animation=&#8221;fadeIn&#8221;][vc_column_text css_animation=&#8221;fadeIn&#8221;]<em>\u201eDva kluci nepro\u0161li rovnou. T\u0159et\u00ed byl sice negativn\u00ed, ov\u0161em s pozitivn\u011b testovan\u00fdm jel n\u011bkolik hodin v jednom aut\u011b. Proto existuje re\u00e1ln\u00e9 riziko, \u017ee neprojde p\u0159i dal\u0161\u00edm testov\u00e1n\u00ed, kter\u00e9 n\u00e1s \u010dek\u00e1 po p\u0159\u00edjezdu do Sa\u00fadsk\u00e9 Ar\u00e1bie. To si nem\u016f\u017eeme dovolit. V tomto konkr\u00e9tn\u00edm p\u0159\u00edpad\u011b se pro m\u011b jednalo z \u0159ady d\u016fvod\u016f o z lidsk\u00e9ho hlediska velmi komplikovan\u00e9 rozhodnut\u00ed, ale nem\u011bl jsem na v\u00fdb\u011br,\u201c<\/em> vysv\u011btluje mana\u017eer t\u00fdmu <strong>Jan Kalivoda<\/strong>, kter\u00fd se z\u00e1hy pustil do realizace pl\u00e1nu B. <em>\u201eNa ka\u017ed\u00fd post m\u00e1me n\u00e1hradn\u00edka, proto nasko\u010d\u00ed mechanici, kte\u0159\u00ed p\u0159ijali roli jak\u00fdchsi bojov\u00fdch z\u00e1loh a v\u010dera s n\u00e1mi \u0161li z preventivn\u00edch d\u016fvod\u016f na test.\u201c<\/em><\/p>\n<p>Administrativn\u00ed \u010d\u00e1st t\u00fdmu narychlo zaji\u0161\u0165ovala nov\u00e9 letenky a expresn\u00ed v\u00edza do Sa\u00fadsk\u00e9 Ar\u00e1bie.<\/p>\n<p><em>\u201eV\u0161ichni jste si p\u0159edstavovali konec V\u00e1noc jinak, ale ned\u00e1 se nic d\u011blat,\u201c<\/em> komentoval ud\u00e1losti posledn\u00edch hodin Kalivoda.[\/vc_column_text][vc_single_image image=&#8221;17156&#8243; img_size=&#8221;large&#8221; add_caption=&#8221;yes&#8221; alignment=&#8221;center&#8221; onclick=&#8221;custom_link&#8221; img_link_target=&#8221;_blank&#8221; css_animation=&#8221;fadeIn&#8221; link=&#8221;http:\/\/eshop.dakarmania.cz\/&#8221;][vc_column_text css_animation=&#8221;fadeIn&#8221;]<em>\u201eV\u011bd\u011bli jsme, \u017ee pojedou \u010dty\u0159i auta, proto jsme b\u011bhem sez\u00f3ny dali dohromady \u0161pi\u010dkov\u00fd t\u00fdm mechanik\u016f. Je sice pravda, \u017ee stejn\u011b jako pro jezdce je Dakar i v p\u0159\u00edpad\u011b mechanik\u016f o zku\u0161enostech, \u010dlov\u011bk je vystaven do t\u00e9 doby nev\u00eddan\u00e9mu tlaku, kter\u00fd um\u00ed zlomit charaktery, ale n\u011bjak si porad\u00edme. Ostatn\u011b nic jin\u00e9ho n\u00e1m ani nezb\u00fdv\u00e1,\u201c<\/em> \u0159\u00edk\u00e1 \u0161\u00e9fkonstrukt\u00e9r Buggyry <strong>David Vr\u0161eck\u00fd<\/strong>.<\/p>\n<p>Tiskov\u00e1 zpr\u00e1va t\u00fdmu Buggyra Racing [editov\u00e1no][\/vc_column_text][vc_empty_space height=&#8221;2px&#8221;][\/vc_column][\/vc_row]<\/p>\n","protected":false},"excerpt":{"rendered":"<p>V\u00fdsledky povinn\u00fdch test\u016f na koronavirus, kter\u00e9 museli p\u0159ed odletem podstoupit v\u0161ichni \u00fa\u010dastn\u00edci Dakaru 2021, zkomplikovaly situaci Buggy\u0159e.<\/p>\n","protected":false},"author":3,"featured_media":17355,"comment_status":"open","ping_status":"closed","sticky":false,"template":"","format":"standard","meta":{"footnotes":""},"categories":[637],"tags":[903,1630,132,8,1475,1113,243],"class_list":["post-17356","post","type-post","status-publish","format-standard","has-post-thumbnail","hentry","category-tiskove-zpravy","tag-903","tag-1630","tag-buggyra-racing","tag-dakar","tag-dakar-2021","tag-david-vrsecky","tag-jan-kalivoda"],"yoast_head":"<!-- This site is optimized with the Yoast SEO plugin v24.9 - https:\/\/yoast.com\/wordpress\/plugins\/seo\/ -->\n<title>Dakar 2021: Buggyra musela povolat n\u00e1hradn\u00edky - DAKARMANIA.cz<\/title>\n<meta name=\"description\" content=\"V\u00fdsledky povinn\u00fdch test\u016f na koronavirus, kter\u00e9 museli p\u0159ed odletem podstoupit v\u0161ichni \u00fa\u010dastn\u00edci Dakaru 2021, zkomplikovaly situaci Buggy\u0159e.\" \/>\n<meta name=\"robots\" content=\"index, follow, max-snippet:-1, max-image-preview:large, max-video-preview:-1\" \/>\n<link rel=\"canonical\" href=\"https:\/\/www.dakarmania.cz\/index.php\/2020\/12\/27\/dakar-2021-buggyra-nahradnici\/\" \/>\n<meta property=\"og:locale\" content=\"cs_CZ\" \/>\n<meta property=\"og:type\" content=\"article\" \/>\n<meta property=\"og:title\" content=\"Dakar 2021: Buggyra musela povolat n\u00e1hradn\u00edky - DAKARMANIA.cz\" \/>\n<meta property=\"og:description\" content=\"V\u00fdsledky povinn\u00fdch test\u016f na koronavirus, kter\u00e9 museli p\u0159ed odletem podstoupit v\u0161ichni \u00fa\u010dastn\u00edci Dakaru 2021, zkomplikovaly situaci Buggy\u0159e.\" \/>\n<meta property=\"og:url\" content=\"https:\/\/www.dakarmania.cz\/index.php\/2020\/12\/27\/dakar-2021-buggyra-nahradnici\/\" \/>\n<meta property=\"og:site_name\" content=\"DAKARMANIA.cz\" \/>\n<meta property=\"article:publisher\" content=\"https:\/\/www.facebook.com\/dakarmania\/\" \/>\n<meta property=\"article:published_time\" content=\"2020-12-27T16:36:02+00:00\" \/>\n<meta property=\"og:image\" content=\"https:\/\/www.dakarmania.cz\/wp-content\/uploads\/2020\/12\/20-buggyra-press-01.jpg\" \/>\n\t<meta property=\"og:image:width\" content=\"1024\" \/>\n\t<meta property=\"og:image:height\" content=\"683\" \/>\n\t<meta property=\"og:image:type\" content=\"image\/jpeg\" \/>\n<meta name=\"author\" content=\"tiskov\u00e1 zpr\u00e1va\" \/>\n<meta name=\"twitter:card\" content=\"summary_large_image\" \/>\n<meta name=\"twitter:label1\" content=\"Napsal(a)\" \/>\n\t<meta name=\"twitter:data1\" content=\"tiskov\u00e1 zpr\u00e1va\" \/>\n\t<meta name=\"twitter:label2\" content=\"Odhadovan\u00e1 doba \u010dten\u00ed\" \/>\n\t<meta name=\"twitter:data2\" content=\"2 minuty\" \/>\n<script type=\"application\/ld+json\" class=\"yoast-schema-graph\">{\"@context\":\"https:\/\/schema.org\",\"@graph\":[{\"@type\":\"Article\",\"@id\":\"https:\/\/www.dakarmania.cz\/index.php\/2020\/12\/27\/dakar-2021-buggyra-nahradnici\/#article\",\"isPartOf\":{\"@id\":\"https:\/\/www.dakarmania.cz\/index.php\/2020\/12\/27\/dakar-2021-buggyra-nahradnici\/\"},\"author\":{\"name\":\"tiskov\u00e1 zpr\u00e1va\",\"@id\":\"https:\/\/www.dakarmania.cz\/#\/schema\/person\/bce8d1fe3633b1178e150fc5e340d5dd\"},\"headline\":\"Dakar 2021: Buggyra musela povolat n\u00e1hradn\u00edky\",\"datePublished\":\"2020-12-27T16:36:02+00:00\",\"mainEntityOfPage\":{\"@id\":\"https:\/\/www.dakarmania.cz\/index.php\/2020\/12\/27\/dakar-2021-buggyra-nahradnici\/\"},\"wordCount\":409,\"commentCount\":0,\"publisher\":{\"@id\":\"https:\/\/www.dakarmania.cz\/#organization\"},\"image\":{\"@id\":\"https:\/\/www.dakarmania.cz\/index.php\/2020\/12\/27\/dakar-2021-buggyra-nahradnici\/#primaryimage\"},\"thumbnailUrl\":\"https:\/\/www.dakarmania.cz\/wp-content\/uploads\/2020\/12\/20-buggyra-press-01.jpg\",\"keywords\":[\"2020\",\"2021\",\"Buggyra Racing\",\"Dakar\",\"Dakar 2021\",\"David Vr\u0161eck\u00fd\",\"Jan Kalivoda\"],\"articleSection\":[\"Tiskov\u00e9 zpr\u00e1vy\"],\"inLanguage\":\"cs\",\"potentialAction\":[{\"@type\":\"CommentAction\",\"name\":\"Comment\",\"target\":[\"https:\/\/www.dakarmania.cz\/index.php\/2020\/12\/27\/dakar-2021-buggyra-nahradnici\/#respond\"]}]},{\"@type\":\"WebPage\",\"@id\":\"https:\/\/www.dakarmania.cz\/index.php\/2020\/12\/27\/dakar-2021-buggyra-nahradnici\/\",\"url\":\"https:\/\/www.dakarmania.cz\/index.php\/2020\/12\/27\/dakar-2021-buggyra-nahradnici\/\",\"name\":\"Dakar 2021: Buggyra musela povolat n\u00e1hradn\u00edky - DAKARMANIA.cz\",\"isPartOf\":{\"@id\":\"https:\/\/www.dakarmania.cz\/#website\"},\"primaryImageOfPage\":{\"@id\":\"https:\/\/www.dakarmania.cz\/index.php\/2020\/12\/27\/dakar-2021-buggyra-nahradnici\/#primaryimage\"},\"image\":{\"@id\":\"https:\/\/www.dakarmania.cz\/index.php\/2020\/12\/27\/dakar-2021-buggyra-nahradnici\/#primaryimage\"},\"thumbnailUrl\":\"https:\/\/www.dakarmania.cz\/wp-content\/uploads\/2020\/12\/20-buggyra-press-01.jpg\",\"datePublished\":\"2020-12-27T16:36:02+00:00\",\"description\":\"V\u00fdsledky povinn\u00fdch test\u016f na koronavirus, kter\u00e9 museli p\u0159ed odletem podstoupit v\u0161ichni \u00fa\u010dastn\u00edci Dakaru 2021, zkomplikovaly situaci Buggy\u0159e.\",\"breadcrumb\":{\"@id\":\"https:\/\/www.dakarmania.cz\/index.php\/2020\/12\/27\/dakar-2021-buggyra-nahradnici\/#breadcrumb\"},\"inLanguage\":\"cs\",\"potentialAction\":[{\"@type\":\"ReadAction\",\"target\":[\"https:\/\/www.dakarmania.cz\/index.php\/2020\/12\/27\/dakar-2021-buggyra-nahradnici\/\"]}]},{\"@type\":\"ImageObject\",\"inLanguage\":\"cs\",\"@id\":\"https:\/\/www.dakarmania.cz\/index.php\/2020\/12\/27\/dakar-2021-buggyra-nahradnici\/#primaryimage\",\"url\":\"https:\/\/www.dakarmania.cz\/wp-content\/uploads\/2020\/12\/20-buggyra-press-01.jpg\",\"contentUrl\":\"https:\/\/www.dakarmania.cz\/wp-content\/uploads\/2020\/12\/20-buggyra-press-01.jpg\",\"width\":1024,\"height\":683,\"caption\":\"P\u0159edstaven\u00ed t\u00fdmu Buggyra Zero Mileage Racing a Tatra Buggyra Racing p\u0159ed Rally Dakar 2021. \u00a9 Buggyra Media\"},{\"@type\":\"BreadcrumbList\",\"@id\":\"https:\/\/www.dakarmania.cz\/index.php\/2020\/12\/27\/dakar-2021-buggyra-nahradnici\/#breadcrumb\",\"itemListElement\":[{\"@type\":\"ListItem\",\"position\":1,\"name\":\"Dom\u016f\",\"item\":\"https:\/\/www.dakarmania.cz\/\"},{\"@type\":\"ListItem\",\"position\":2,\"name\":\"Dakar 2021: Buggyra musela povolat n\u00e1hradn\u00edky\"}]},{\"@type\":\"WebSite\",\"@id\":\"https:\/\/www.dakarmania.cz\/#website\",\"url\":\"https:\/\/www.dakarmania.cz\/\",\"name\":\"DAKARMANIA.cz\",\"description\":\"\u017dijeme Dakarem cel\u00fd rok\",\"publisher\":{\"@id\":\"https:\/\/www.dakarmania.cz\/#organization\"},\"potentialAction\":[{\"@type\":\"SearchAction\",\"target\":{\"@type\":\"EntryPoint\",\"urlTemplate\":\"https:\/\/www.dakarmania.cz\/?s={search_term_string}\"},\"query-input\":{\"@type\":\"PropertyValueSpecification\",\"valueRequired\":true,\"valueName\":\"search_term_string\"}}],\"inLanguage\":\"cs\"},{\"@type\":\"Organization\",\"@id\":\"https:\/\/www.dakarmania.cz\/#organization\",\"name\":\"DAKAR MANIA\",\"url\":\"https:\/\/www.dakarmania.cz\/\",\"logo\":{\"@type\":\"ImageObject\",\"inLanguage\":\"cs\",\"@id\":\"https:\/\/www.dakarmania.cz\/#\/schema\/logo\/image\/\",\"url\":\"https:\/\/www.dakarmania.cz\/wp-content\/uploads\/2018\/12\/Dakar-Mania-Logo-Square-Orange.png\",\"contentUrl\":\"https:\/\/www.dakarmania.cz\/wp-content\/uploads\/2018\/12\/Dakar-Mania-Logo-Square-Orange.png\",\"width\":992,\"height\":992,\"caption\":\"DAKAR MANIA\"},\"image\":{\"@id\":\"https:\/\/www.dakarmania.cz\/#\/schema\/logo\/image\/\"},\"sameAs\":[\"https:\/\/www.facebook.com\/dakarmania\/\"]},{\"@type\":\"Person\",\"@id\":\"https:\/\/www.dakarmania.cz\/#\/schema\/person\/bce8d1fe3633b1178e150fc5e340d5dd\",\"name\":\"tiskov\u00e1 zpr\u00e1va\",\"image\":{\"@type\":\"ImageObject\",\"inLanguage\":\"cs\",\"@id\":\"https:\/\/www.dakarmania.cz\/#\/schema\/person\/image\/\",\"url\":\"https:\/\/secure.gravatar.com\/avatar\/19aefcb6c7bfae691fca4d805686c670f59bb4f7414c7b398b88dc9c8f4e96d5?s=96&d=mm&r=g\",\"contentUrl\":\"https:\/\/secure.gravatar.com\/avatar\/19aefcb6c7bfae691fca4d805686c670f59bb4f7414c7b398b88dc9c8f4e96d5?s=96&d=mm&r=g\",\"caption\":\"tiskov\u00e1 zpr\u00e1va\"},\"url\":\"https:\/\/www.dakarmania.cz\/index.php\/author\/tiskovezpravy\/\"}]}<\/script>\n<!-- \/ Yoast SEO plugin. -->","yoast_head_json":{"title":"Dakar 2021: Buggyra musela povolat n\u00e1hradn\u00edky - DAKARMANIA.cz","description":"V\u00fdsledky povinn\u00fdch test\u016f na koronavirus, kter\u00e9 museli p\u0159ed odletem podstoupit v\u0161ichni \u00fa\u010dastn\u00edci Dakaru 2021, zkomplikovaly situaci Buggy\u0159e.","robots":{"index":"index","follow":"follow","max-snippet":"max-snippet:-1","max-image-preview":"max-image-preview:large","max-video-preview":"max-video-preview:-1"},"canonical":"https:\/\/www.dakarmania.cz\/index.php\/2020\/12\/27\/dakar-2021-buggyra-nahradnici\/","og_locale":"cs_CZ","og_type":"article","og_title":"Dakar 2021: Buggyra musela povolat n\u00e1hradn\u00edky - DAKARMANIA.cz","og_description":"V\u00fdsledky povinn\u00fdch test\u016f na koronavirus, kter\u00e9 museli p\u0159ed odletem podstoupit v\u0161ichni \u00fa\u010dastn\u00edci Dakaru 2021, zkomplikovaly situaci Buggy\u0159e.","og_url":"https:\/\/www.dakarmania.cz\/index.php\/2020\/12\/27\/dakar-2021-buggyra-nahradnici\/","og_site_name":"DAKARMANIA.cz","article_publisher":"https:\/\/www.facebook.com\/dakarmania\/","article_published_time":"2020-12-27T16:36:02+00:00","og_image":[{"width":1024,"height":683,"url":"https:\/\/www.dakarmania.cz\/wp-content\/uploads\/2020\/12\/20-buggyra-press-01.jpg","type":"image\/jpeg"}],"author":"tiskov\u00e1 zpr\u00e1va","twitter_card":"summary_large_image","twitter_misc":{"Napsal(a)":"tiskov\u00e1 zpr\u00e1va","Odhadovan\u00e1 doba \u010dten\u00ed":"2 minuty"},"schema":{"@context":"https:\/\/schema.org","@graph":[{"@type":"Article","@id":"https:\/\/www.dakarmania.cz\/index.php\/2020\/12\/27\/dakar-2021-buggyra-nahradnici\/#article","isPartOf":{"@id":"https:\/\/www.dakarmania.cz\/index.php\/2020\/12\/27\/dakar-2021-buggyra-nahradnici\/"},"author":{"name":"tiskov\u00e1 zpr\u00e1va","@id":"https:\/\/www.dakarmania.cz\/#\/schema\/person\/bce8d1fe3633b1178e150fc5e340d5dd"},"headline":"Dakar 2021: Buggyra musela povolat n\u00e1hradn\u00edky","datePublished":"2020-12-27T16:36:02+00:00","mainEntityOfPage":{"@id":"https:\/\/www.dakarmania.cz\/index.php\/2020\/12\/27\/dakar-2021-buggyra-nahradnici\/"},"wordCount":409,"commentCount":0,"publisher":{"@id":"https:\/\/www.dakarmania.cz\/#organization"},"image":{"@id":"https:\/\/www.dakarmania.cz\/index.php\/2020\/12\/27\/dakar-2021-buggyra-nahradnici\/#primaryimage"},"thumbnailUrl":"https:\/\/www.dakarmania.cz\/wp-content\/uploads\/2020\/12\/20-buggyra-press-01.jpg","keywords":["2020","2021","Buggyra Racing","Dakar","Dakar 2021","David Vr\u0161eck\u00fd","Jan Kalivoda"],"articleSection":["Tiskov\u00e9 zpr\u00e1vy"],"inLanguage":"cs","potentialAction":[{"@type":"CommentAction","name":"Comment","target":["https:\/\/www.dakarmania.cz\/index.php\/2020\/12\/27\/dakar-2021-buggyra-nahradnici\/#respond"]}]},{"@type":"WebPage","@id":"https:\/\/www.dakarmania.cz\/index.php\/2020\/12\/27\/dakar-2021-buggyra-nahradnici\/","url":"https:\/\/www.dakarmania.cz\/index.php\/2020\/12\/27\/dakar-2021-buggyra-nahradnici\/","name":"Dakar 2021: Buggyra musela povolat n\u00e1hradn\u00edky - DAKARMANIA.cz","isPartOf":{"@id":"https:\/\/www.dakarmania.cz\/#website"},"primaryImageOfPage":{"@id":"https:\/\/www.dakarmania.cz\/index.php\/2020\/12\/27\/dakar-2021-buggyra-nahradnici\/#primaryimage"},"image":{"@id":"https:\/\/www.dakarmania.cz\/index.php\/2020\/12\/27\/dakar-2021-buggyra-nahradnici\/#primaryimage"},"thumbnailUrl":"https:\/\/www.dakarmania.cz\/wp-content\/uploads\/2020\/12\/20-buggyra-press-01.jpg","datePublished":"2020-12-27T16:36:02+00:00","description":"V\u00fdsledky povinn\u00fdch test\u016f na koronavirus, kter\u00e9 museli p\u0159ed odletem podstoupit v\u0161ichni \u00fa\u010dastn\u00edci Dakaru 2021, zkomplikovaly situaci Buggy\u0159e.","breadcrumb":{"@id":"https:\/\/www.dakarmania.cz\/index.php\/2020\/12\/27\/dakar-2021-buggyra-nahradnici\/#breadcrumb"},"inLanguage":"cs","potentialAction":[{"@type":"ReadAction","target":["https:\/\/www.dakarmania.cz\/index.php\/2020\/12\/27\/dakar-2021-buggyra-nahradnici\/"]}]},{"@type":"ImageObject","inLanguage":"cs","@id":"https:\/\/www.dakarmania.cz\/index.php\/2020\/12\/27\/dakar-2021-buggyra-nahradnici\/#primaryimage","url":"https:\/\/www.dakarmania.cz\/wp-content\/uploads\/2020\/12\/20-buggyra-press-01.jpg","contentUrl":"https:\/\/www.dakarmania.cz\/wp-content\/uploads\/2020\/12\/20-buggyra-press-01.jpg","width":1024,"height":683,"caption":"P\u0159edstaven\u00ed t\u00fdmu Buggyra Zero Mileage Racing a Tatra Buggyra Racing p\u0159ed Rally Dakar 2021. \u00a9 Buggyra Media"},{"@type":"BreadcrumbList","@id":"https:\/\/www.dakarmania.cz\/index.php\/2020\/12\/27\/dakar-2021-buggyra-nahradnici\/#breadcrumb","itemListElement":[{"@type":"ListItem","position":1,"name":"Dom\u016f","item":"https:\/\/www.dakarmania.cz\/"},{"@type":"ListItem","position":2,"name":"Dakar 2021: Buggyra musela povolat n\u00e1hradn\u00edky"}]},{"@type":"WebSite","@id":"https:\/\/www.dakarmania.cz\/#website","url":"https:\/\/www.dakarmania.cz\/","name":"DAKARMANIA.cz","description":"\u017dijeme Dakarem cel\u00fd rok","publisher":{"@id":"https:\/\/www.dakarmania.cz\/#organization"},"potentialAction":[{"@type":"SearchAction","target":{"@type":"EntryPoint","urlTemplate":"https:\/\/www.dakarmania.cz\/?s={search_term_string}"},"query-input":{"@type":"PropertyValueSpecification","valueRequired":true,"valueName":"search_term_string"}}],"inLanguage":"cs"},{"@type":"Organization","@id":"https:\/\/www.dakarmania.cz\/#organization","name":"DAKAR MANIA","url":"https:\/\/www.dakarmania.cz\/","logo":{"@type":"ImageObject","inLanguage":"cs","@id":"https:\/\/www.dakarmania.cz\/#\/schema\/logo\/image\/","url":"https:\/\/www.dakarmania.cz\/wp-content\/uploads\/2018\/12\/Dakar-Mania-Logo-Square-Orange.png","contentUrl":"https:\/\/www.dakarmania.cz\/wp-content\/uploads\/2018\/12\/Dakar-Mania-Logo-Square-Orange.png","width":992,"height":992,"caption":"DAKAR MANIA"},"image":{"@id":"https:\/\/www.dakarmania.cz\/#\/schema\/logo\/image\/"},"sameAs":["https:\/\/www.facebook.com\/dakarmania\/"]},{"@type":"Person","@id":"https:\/\/www.dakarmania.cz\/#\/schema\/person\/bce8d1fe3633b1178e150fc5e340d5dd","name":"tiskov\u00e1 zpr\u00e1va","image":{"@type":"ImageObject","inLanguage":"cs","@id":"https:\/\/www.dakarmania.cz\/#\/schema\/person\/image\/","url":"https:\/\/secure.gravatar.com\/avatar\/19aefcb6c7bfae691fca4d805686c670f59bb4f7414c7b398b88dc9c8f4e96d5?s=96&d=mm&r=g","contentUrl":"https:\/\/secure.gravatar.com\/avatar\/19aefcb6c7bfae691fca4d805686c670f59bb4f7414c7b398b88dc9c8f4e96d5?s=96&d=mm&r=g","caption":"tiskov\u00e1 zpr\u00e1va"},"url":"https:\/\/www.dakarmania.cz\/index.php\/author\/tiskovezpravy\/"}]}},"amp_enabled":true,"_links":{"self":[{"href":"https:\/\/www.dakarmania.cz\/index.php\/wp-json\/wp\/v2\/posts\/17356","targetHints":{"allow":["GET"]}}],"collection":[{"href":"https:\/\/www.dakarmania.cz\/index.php\/wp-json\/wp\/v2\/posts"}],"about":[{"href":"https:\/\/www.dakarmania.cz\/index.php\/wp-json\/wp\/v2\/types\/post"}],"author":[{"embeddable":true,"href":"https:\/\/www.dakarmania.cz\/index.php\/wp-json\/wp\/v2\/users\/3"}],"replies":[{"embeddable":true,"href":"https:\/\/www.dakarmania.cz\/index.php\/wp-json\/wp\/v2\/comments?post=17356"}],"version-history":[{"count":1,"href":"https:\/\/www.dakarmania.cz\/index.php\/wp-json\/wp\/v2\/posts\/17356\/revisions"}],"predecessor-version":[{"id":17357,"href":"https:\/\/www.dakarmania.cz\/index.php\/wp-json\/wp\/v2\/posts\/17356\/revisions\/17357"}],"wp:featuredmedia":[{"embeddable":true,"href":"https:\/\/www.dakarmania.cz\/index.php\/wp-json\/wp\/v2\/media\/17355"}],"wp:attachment":[{"href":"https:\/\/www.dakarmania.cz\/index.php\/wp-json\/wp\/v2\/media?parent=17356"}],"wp:term":[{"taxonomy":"category","embeddable":true,"href":"https:\/\/www.dakarmania.cz\/index.php\/wp-json\/wp\/v2\/categories?post=17356"},{"taxonomy":"post_tag","embeddable":true,"href":"https:\/\/www.dakarmania.cz\/index.php\/wp-json\/wp\/v2\/tags?post=17356"}],"curies":[{"name":"wp","href":"https:\/\/api.w.org\/{rel}","templated":true}]}}