{"id":17569,"date":"2021-01-02T20:57:11","date_gmt":"2021-01-02T19:57:11","guid":{"rendered":"https:\/\/www.dakarmania.cz\/?p=17569"},"modified":"2023-04-09T13:05:34","modified_gmt":"2023-04-09T11:05:34","slug":"dakar-2021-loprais-prolog","status":"publish","type":"post","link":"https:\/\/www.dakarmania.cz\/index.php\/2021\/01\/02\/dakar-2021-loprais-prolog\/","title":{"rendered":"Dakar 2021: Svi\u017en\u00e1 j\u00edzda s rozumem vynesla Lopraisovi v prologu \u0161est\u00e9 m\u00edsto"},"content":{"rendered":"<p>[vc_row][vc_column][vc_column_text css_animation=&#8221;fadeIn&#8221;]<\/p>\n<h3>Pro prolog Rally Dakar 2021 zvolily ob\u011b pos\u00e1dky Instaforex Loprais Praga Teamu podobnou strategii. Bez nep\u0159im\u011b\u0159en\u00e9ho riskov\u00e1n\u00ed si zajistily dobrou startovn\u00ed pozici pro prvn\u00ed etapu.<\/h3>\n<p>[\/vc_column_text][vc_single_image image=&#8221;17568&#8243; img_size=&#8221;large&#8221; add_caption=&#8221;yes&#8221; alignment=&#8221;center&#8221; onclick=&#8221;link_image&#8221; css_animation=&#8221;fadeIn&#8221;][vc_column_text css_animation=&#8221;fadeIn&#8221;]43. ro\u010dn\u00edk dakarsk\u00e9 rally kone\u010dn\u011b za\u010dal. Do souboje s \u010dasom\u00edrou se \u00fa\u010dastn\u00edci pustili je\u0161t\u011b p\u0159ed ofici\u00e1ln\u00edm startem sout\u011b\u017ee. V hor\u00e1ch severov\u00fdchodn\u011b od D\u017eiddy se jel v sobotu 2. ledna jeden\u00e1ctikilometrov\u00fd prolog, jeho\u017e v\u00fdsledky rozhodly o startovn\u00edm po\u0159ad\u00ed do prvn\u00ed etapy. Na rychl\u00e9 a relativn\u011b kamenit\u00e9 trati s \u0159adou dal\u0161\u00edch n\u00e1strah \u0161lo o hodn\u011b, ale z\u00e1rove\u0148 se dalo hodn\u011b ztratit.<\/p>\n<p><em>\u201eJeli jsme svi\u017en\u011b a s rozumem, i kdy\u017e u\u017e na prologu bylo zn\u00e1t, \u017ee nasazen\u00e9 tempo je vysok\u00e9. Po\u0159\u00e1d ale tvrd\u00edm, \u017ee na za\u010d\u00e1tku je v\u017edycky pot\u0159eba sledovat Rusy a jejich strategii,\u201c<\/em> \u0159\u00edk\u00e1 spokojen\u00fd <strong>Ale\u0161 Loprais<\/strong>, kter\u00fd spole\u010dn\u011b s navig\u00e1torem Khalidem Alkendim a palubn\u00edm mechanikem Petrem Pokorou obsadil \u0161est\u00e9 m\u00edsto.<\/p>\n<p><em>\u201eCht\u011bl jsem atakovat prvn\u00ed p\u011btku a ur\u010dit\u011b b\u00fdt v prvn\u00ed des\u00edtce. Povedlo se a te\u010f u\u017e se soust\u0159ed\u00edme na z\u00edt\u0159ej\u0161\u00ed etapu, kter\u00e1 by podle informac\u00ed od po\u0159adatel\u016f m\u011bla b\u00fdt podobn\u00e1 dne\u0161n\u00edmu prologu, ale bude podstatn\u011b del\u0161\u00ed. V takov\u00e9m ter\u00e9nu p\u016fjde hlavn\u011b o to, abychom se vyvarovali chyb. Sami chceme \u00fato\u010dit a\u017e v dlouh\u00fdch p\u00eds\u010dit\u00fdch etap\u00e1ch.\u201c<\/em>[\/vc_column_text][vc_single_image image=&#8221;17291&#8243; img_size=&#8221;large&#8221; add_caption=&#8221;yes&#8221; alignment=&#8221;center&#8221; onclick=&#8221;custom_link&#8221; img_link_target=&#8221;_blank&#8221; css_animation=&#8221;fadeIn&#8221; link=&#8221;http:\/\/eshop.dakarmania.cz\/&#8221;][vc_column_text css_animation=&#8221;fadeIn&#8221;]<em>\u201eNa testu p\u0159ed z\u00e1vodem jsme tro\u0161ku hr\u00e1bli do stabilizace auta, proto\u017ee jsme v Evrop\u011b nestihli otestovat n\u011bkter\u00e9 z nachystan\u00fdch v\u011bc\u00ed. Je\u0161t\u011b si na to samoz\u0159ejm\u011b zvyk\u00e1m, ale hrozn\u011b se mi to zal\u00edbilo. Auto je te\u010f tro\u0161ku p\u0159et\u00e1\u010div\u011bj\u0161\u00ed a d\u00edky tomu pro m\u011b jezdecky z\u00e1bavn\u011bj\u0161\u00ed,\u201c<\/em> lebed\u00ed si Loprais nad nejaktu\u00e1ln\u011bj\u0161\u00ed \u00fapravou sv\u00e9 Pragy V4S DKR.<\/p>\n<p>Jan Tom\u00e1nek, Tom\u00e1\u0161 Ka\u0161p\u00e1rek a Ji\u0159\u00ed Stross dovedli Tatru Jamal \u2013 Queen 69 do c\u00edle prologu na patn\u00e1ct\u00e9m m\u00edst\u011b.<\/p>\n<p><em>\u201eDnes to bylo z na\u0161\u00ed strany sp\u00ed\u0161 takti\u010dt\u011bj\u0161\u00ed,\u201c<\/em> vysv\u011btluje <strong>Jan Tom\u00e1nek<\/strong>. <em>\u201eNa testu p\u0159ed z\u00e1vodem jsme m\u011bli dva defekty a absolutn\u011b jsme nev\u011bd\u011bli, kde se n\u00e1m to stalo. Nav\u00edc prolog byl hodn\u011b kamenit\u00fd, jelo se v pom\u011brn\u011b hlubok\u00fdch kolej\u00edch a my jsme na tra\u0165 vyj\u00ed\u017ed\u011bli u\u017e celkem za \u0161era. Proto jsem cht\u011bl eliminovat riziko defektu, kter\u00fdm bychom ztratili v\u00edc, ne\u017e se dnes dalo z\u00edskat.\u201c<\/em>[\/vc_column_text][vc_video link=&#8221;https:\/\/youtu.be\/jEUu-qt_iXM&#8221;][vc_column_text css_animation=&#8221;fadeIn&#8221;]<em>\u201eJsem spokojen\u00fd. Na\u0161\u00edm \u00fakolem je kr\u00fdt z\u00e1da Ale\u0161ovi a b\u00fdt mu dostate\u010dn\u011b bl\u00edzko. Pokud startujeme deset pozic za n\u00edm, m\u016f\u017eeme tuto roli velmi dob\u0159e plnit. Zvyk\u00e1me si, rozj\u00ed\u017ed\u00edme se a t\u011b\u0161\u00edme se na dal\u0161\u00ed dny,\u201c<\/em> uzav\u00edr\u00e1 Tom\u00e1nek.<\/p>\n<p>V ned\u011bli 3. ledna se \u00fa\u010dastn\u00edci Rally Dakar 2021 po t\u00e9m\u011b\u0159 t\u00fddnu str\u00e1ven\u00e9m v D\u017eidd\u011b kone\u010dn\u011b vydaj\u00ed i do dal\u0161\u00edch oblast\u00ed Sa\u00fadsk\u00e9 Ar\u00e1bie. Konkr\u00e9tn\u011b na jihov\u00fdchod do Bi\u0161i. \u00davodn\u00ed etapa m\u011b\u0159\u00ed 345 kilometr\u016f, z nich\u017e se 277 pojede v r\u00e1mci rychlostn\u00ed zkou\u0161ky. Podle organiz\u00e1tor\u016f by se m\u011blo jet p\u0159ev\u00e1\u017en\u011b po kamenit\u00fdch a p\u00eds\u010dit\u00fdch pist\u00e1ch a p\u0159\u00edle\u017eitost prok\u00e1zat sv\u00e9 um\u011bn\u00ed by m\u011bli dostat tak\u00e9 navig\u00e1to\u0159i.<\/p>\n<p>Tiskov\u00e1 zpr\u00e1va Instaforex Loprais Praga Teamu[\/vc_column_text][vc_empty_space height=&#8221;2px&#8221;][\/vc_column][\/vc_row]<\/p>\n","protected":false},"excerpt":{"rendered":"<p>Pro prolog zvolily pos\u00e1dky Loprais Teamu podobnou strategii. Bez nep\u0159im\u011b\u0159en\u00e9ho riskov\u00e1n\u00ed si zajistily dobrou startovn\u00ed pozici pro prvn\u00ed etapu.<\/p>\n","protected":false},"author":3,"featured_media":17568,"comment_status":"closed","ping_status":"closed","sticky":false,"template":"","format":"standard","meta":{"footnotes":""},"categories":[1688,637],"tags":[1630,65,8,1475,6,135,1526,69,67,1557,68,1798],"class_list":["post-17569","post","type-post","status-publish","format-standard","has-post-thumbnail","hentry","category-dakar-2021","category-tiskove-zpravy","tag-1630","tag-ales-loprais","tag-dakar","tag-dakar-2021","tag-jan-tomanek","tag-jiri-stross","tag-khalid-alkendi","tag-loprais-team","tag-petr-pokora","tag-praga","tag-tatra","tag-tomas-kasparek"],"yoast_head":"<!-- This site is optimized with the Yoast SEO plugin v24.9 - https:\/\/yoast.com\/wordpress\/plugins\/seo\/ -->\n<title>Dakar 2021: Svi\u017en\u00e1 j\u00edzda s rozumem vynesla Lopraisovi v prologu \u0161est\u00e9 m\u00edsto - DAKARMANIA.cz<\/title>\n<meta name=\"description\" content=\"Pro prolog zvolily pos\u00e1dky Loprais Teamu podobnou strategii. Bez nep\u0159im\u011b\u0159en\u00e9ho riskov\u00e1n\u00ed si zajistily dobrou startovn\u00ed pozici pro prvn\u00ed etapu.\" \/>\n<meta name=\"robots\" content=\"index, follow, max-snippet:-1, max-image-preview:large, max-video-preview:-1\" \/>\n<link rel=\"canonical\" href=\"https:\/\/www.dakarmania.cz\/index.php\/2021\/01\/02\/dakar-2021-loprais-prolog\/\" \/>\n<meta property=\"og:locale\" content=\"cs_CZ\" \/>\n<meta property=\"og:type\" content=\"article\" \/>\n<meta property=\"og:title\" content=\"Dakar 2021: Svi\u017en\u00e1 j\u00edzda s rozumem vynesla Lopraisovi v prologu \u0161est\u00e9 m\u00edsto - DAKARMANIA.cz\" \/>\n<meta property=\"og:description\" content=\"Pro prolog zvolily pos\u00e1dky Loprais Teamu podobnou strategii. Bez nep\u0159im\u011b\u0159en\u00e9ho riskov\u00e1n\u00ed si zajistily dobrou startovn\u00ed pozici pro prvn\u00ed etapu.\" \/>\n<meta property=\"og:url\" content=\"https:\/\/www.dakarmania.cz\/index.php\/2021\/01\/02\/dakar-2021-loprais-prolog\/\" \/>\n<meta property=\"og:site_name\" content=\"DAKARMANIA.cz\" \/>\n<meta property=\"article:publisher\" content=\"https:\/\/www.facebook.com\/dakarmania\/\" \/>\n<meta property=\"article:published_time\" content=\"2021-01-02T19:57:11+00:00\" \/>\n<meta property=\"article:modified_time\" content=\"2023-04-09T11:05:34+00:00\" \/>\n<meta property=\"og:image\" content=\"https:\/\/www.dakarmania.cz\/wp-content\/uploads\/2021\/01\/21-dakar-loprais-02.jpg\" \/>\n\t<meta property=\"og:image:width\" content=\"1024\" \/>\n\t<meta property=\"og:image:height\" content=\"683\" \/>\n\t<meta property=\"og:image:type\" content=\"image\/jpeg\" \/>\n<meta name=\"author\" content=\"tiskov\u00e1 zpr\u00e1va\" \/>\n<meta name=\"twitter:card\" content=\"summary_large_image\" \/>\n<meta name=\"twitter:label1\" content=\"Napsal(a)\" \/>\n\t<meta name=\"twitter:data1\" content=\"tiskov\u00e1 zpr\u00e1va\" \/>\n\t<meta name=\"twitter:label2\" content=\"Odhadovan\u00e1 doba \u010dten\u00ed\" \/>\n\t<meta name=\"twitter:data2\" content=\"3 minuty\" \/>\n<script type=\"application\/ld+json\" class=\"yoast-schema-graph\">{\"@context\":\"https:\/\/schema.org\",\"@graph\":[{\"@type\":\"Article\",\"@id\":\"https:\/\/www.dakarmania.cz\/index.php\/2021\/01\/02\/dakar-2021-loprais-prolog\/#article\",\"isPartOf\":{\"@id\":\"https:\/\/www.dakarmania.cz\/index.php\/2021\/01\/02\/dakar-2021-loprais-prolog\/\"},\"author\":{\"name\":\"tiskov\u00e1 zpr\u00e1va\",\"@id\":\"https:\/\/www.dakarmania.cz\/#\/schema\/person\/bce8d1fe3633b1178e150fc5e340d5dd\"},\"headline\":\"Dakar 2021: Svi\u017en\u00e1 j\u00edzda s rozumem vynesla Lopraisovi v prologu \u0161est\u00e9 m\u00edsto\",\"datePublished\":\"2021-01-02T19:57:11+00:00\",\"dateModified\":\"2023-04-09T11:05:34+00:00\",\"mainEntityOfPage\":{\"@id\":\"https:\/\/www.dakarmania.cz\/index.php\/2021\/01\/02\/dakar-2021-loprais-prolog\/\"},\"wordCount\":698,\"publisher\":{\"@id\":\"https:\/\/www.dakarmania.cz\/#organization\"},\"image\":{\"@id\":\"https:\/\/www.dakarmania.cz\/index.php\/2021\/01\/02\/dakar-2021-loprais-prolog\/#primaryimage\"},\"thumbnailUrl\":\"https:\/\/www.dakarmania.cz\/wp-content\/uploads\/2021\/01\/21-dakar-loprais-02.jpg\",\"keywords\":[\"2021\",\"Ale\u0161 Loprais\",\"Dakar\",\"Dakar 2021\",\"Jan Tom\u00e1nek\",\"Ji\u0159\u00ed Stross\",\"Khalid Alkendi\",\"Loprais Team\",\"Petr Pokora\",\"Praga\",\"Tatra\",\"Tom\u00e1\u0161 Ka\u0161p\u00e1rek\"],\"articleSection\":[\"Dakar 2021\",\"Tiskov\u00e9 zpr\u00e1vy\"],\"inLanguage\":\"cs\"},{\"@type\":\"WebPage\",\"@id\":\"https:\/\/www.dakarmania.cz\/index.php\/2021\/01\/02\/dakar-2021-loprais-prolog\/\",\"url\":\"https:\/\/www.dakarmania.cz\/index.php\/2021\/01\/02\/dakar-2021-loprais-prolog\/\",\"name\":\"Dakar 2021: Svi\u017en\u00e1 j\u00edzda s rozumem vynesla Lopraisovi v prologu \u0161est\u00e9 m\u00edsto - DAKARMANIA.cz\",\"isPartOf\":{\"@id\":\"https:\/\/www.dakarmania.cz\/#website\"},\"primaryImageOfPage\":{\"@id\":\"https:\/\/www.dakarmania.cz\/index.php\/2021\/01\/02\/dakar-2021-loprais-prolog\/#primaryimage\"},\"image\":{\"@id\":\"https:\/\/www.dakarmania.cz\/index.php\/2021\/01\/02\/dakar-2021-loprais-prolog\/#primaryimage\"},\"thumbnailUrl\":\"https:\/\/www.dakarmania.cz\/wp-content\/uploads\/2021\/01\/21-dakar-loprais-02.jpg\",\"datePublished\":\"2021-01-02T19:57:11+00:00\",\"dateModified\":\"2023-04-09T11:05:34+00:00\",\"description\":\"Pro prolog zvolily pos\u00e1dky Loprais Teamu podobnou strategii. Bez nep\u0159im\u011b\u0159en\u00e9ho riskov\u00e1n\u00ed si zajistily dobrou startovn\u00ed pozici pro prvn\u00ed etapu.\",\"breadcrumb\":{\"@id\":\"https:\/\/www.dakarmania.cz\/index.php\/2021\/01\/02\/dakar-2021-loprais-prolog\/#breadcrumb\"},\"inLanguage\":\"cs\",\"potentialAction\":[{\"@type\":\"ReadAction\",\"target\":[\"https:\/\/www.dakarmania.cz\/index.php\/2021\/01\/02\/dakar-2021-loprais-prolog\/\"]}]},{\"@type\":\"ImageObject\",\"inLanguage\":\"cs\",\"@id\":\"https:\/\/www.dakarmania.cz\/index.php\/2021\/01\/02\/dakar-2021-loprais-prolog\/#primaryimage\",\"url\":\"https:\/\/www.dakarmania.cz\/wp-content\/uploads\/2021\/01\/21-dakar-loprais-02.jpg\",\"contentUrl\":\"https:\/\/www.dakarmania.cz\/wp-content\/uploads\/2021\/01\/21-dakar-loprais-02.jpg\",\"width\":1024,\"height\":683,\"caption\":\"Ale\u0161 Loprais\/Khalid Alkendi\/Petr Pokora, Praga V4S DKR, Instaforex Loprais Praga Team. Rally Dakar 2021. \u00a9 ASO\/DPPI\"},{\"@type\":\"BreadcrumbList\",\"@id\":\"https:\/\/www.dakarmania.cz\/index.php\/2021\/01\/02\/dakar-2021-loprais-prolog\/#breadcrumb\",\"itemListElement\":[{\"@type\":\"ListItem\",\"position\":1,\"name\":\"Dom\u016f\",\"item\":\"https:\/\/www.dakarmania.cz\/\"},{\"@type\":\"ListItem\",\"position\":2,\"name\":\"Dakar 2021: Svi\u017en\u00e1 j\u00edzda s rozumem vynesla Lopraisovi v prologu \u0161est\u00e9 m\u00edsto\"}]},{\"@type\":\"WebSite\",\"@id\":\"https:\/\/www.dakarmania.cz\/#website\",\"url\":\"https:\/\/www.dakarmania.cz\/\",\"name\":\"DAKARMANIA.cz\",\"description\":\"\u017dijeme Dakarem cel\u00fd rok\",\"publisher\":{\"@id\":\"https:\/\/www.dakarmania.cz\/#organization\"},\"potentialAction\":[{\"@type\":\"SearchAction\",\"target\":{\"@type\":\"EntryPoint\",\"urlTemplate\":\"https:\/\/www.dakarmania.cz\/?s={search_term_string}\"},\"query-input\":{\"@type\":\"PropertyValueSpecification\",\"valueRequired\":true,\"valueName\":\"search_term_string\"}}],\"inLanguage\":\"cs\"},{\"@type\":\"Organization\",\"@id\":\"https:\/\/www.dakarmania.cz\/#organization\",\"name\":\"DAKAR MANIA\",\"url\":\"https:\/\/www.dakarmania.cz\/\",\"logo\":{\"@type\":\"ImageObject\",\"inLanguage\":\"cs\",\"@id\":\"https:\/\/www.dakarmania.cz\/#\/schema\/logo\/image\/\",\"url\":\"https:\/\/www.dakarmania.cz\/wp-content\/uploads\/2018\/12\/Dakar-Mania-Logo-Square-Orange.png\",\"contentUrl\":\"https:\/\/www.dakarmania.cz\/wp-content\/uploads\/2018\/12\/Dakar-Mania-Logo-Square-Orange.png\",\"width\":992,\"height\":992,\"caption\":\"DAKAR MANIA\"},\"image\":{\"@id\":\"https:\/\/www.dakarmania.cz\/#\/schema\/logo\/image\/\"},\"sameAs\":[\"https:\/\/www.facebook.com\/dakarmania\/\"]},{\"@type\":\"Person\",\"@id\":\"https:\/\/www.dakarmania.cz\/#\/schema\/person\/bce8d1fe3633b1178e150fc5e340d5dd\",\"name\":\"tiskov\u00e1 zpr\u00e1va\",\"image\":{\"@type\":\"ImageObject\",\"inLanguage\":\"cs\",\"@id\":\"https:\/\/www.dakarmania.cz\/#\/schema\/person\/image\/\",\"url\":\"https:\/\/secure.gravatar.com\/avatar\/19aefcb6c7bfae691fca4d805686c670f59bb4f7414c7b398b88dc9c8f4e96d5?s=96&d=mm&r=g\",\"contentUrl\":\"https:\/\/secure.gravatar.com\/avatar\/19aefcb6c7bfae691fca4d805686c670f59bb4f7414c7b398b88dc9c8f4e96d5?s=96&d=mm&r=g\",\"caption\":\"tiskov\u00e1 zpr\u00e1va\"},\"url\":\"https:\/\/www.dakarmania.cz\/index.php\/author\/tiskovezpravy\/\"}]}<\/script>\n<!-- \/ Yoast SEO plugin. -->","yoast_head_json":{"title":"Dakar 2021: Svi\u017en\u00e1 j\u00edzda s rozumem vynesla Lopraisovi v prologu \u0161est\u00e9 m\u00edsto - DAKARMANIA.cz","description":"Pro prolog zvolily pos\u00e1dky Loprais Teamu podobnou strategii. Bez nep\u0159im\u011b\u0159en\u00e9ho riskov\u00e1n\u00ed si zajistily dobrou startovn\u00ed pozici pro prvn\u00ed etapu.","robots":{"index":"index","follow":"follow","max-snippet":"max-snippet:-1","max-image-preview":"max-image-preview:large","max-video-preview":"max-video-preview:-1"},"canonical":"https:\/\/www.dakarmania.cz\/index.php\/2021\/01\/02\/dakar-2021-loprais-prolog\/","og_locale":"cs_CZ","og_type":"article","og_title":"Dakar 2021: Svi\u017en\u00e1 j\u00edzda s rozumem vynesla Lopraisovi v prologu \u0161est\u00e9 m\u00edsto - DAKARMANIA.cz","og_description":"Pro prolog zvolily pos\u00e1dky Loprais Teamu podobnou strategii. Bez nep\u0159im\u011b\u0159en\u00e9ho riskov\u00e1n\u00ed si zajistily dobrou startovn\u00ed pozici pro prvn\u00ed etapu.","og_url":"https:\/\/www.dakarmania.cz\/index.php\/2021\/01\/02\/dakar-2021-loprais-prolog\/","og_site_name":"DAKARMANIA.cz","article_publisher":"https:\/\/www.facebook.com\/dakarmania\/","article_published_time":"2021-01-02T19:57:11+00:00","article_modified_time":"2023-04-09T11:05:34+00:00","og_image":[{"width":1024,"height":683,"url":"https:\/\/www.dakarmania.cz\/wp-content\/uploads\/2021\/01\/21-dakar-loprais-02.jpg","type":"image\/jpeg"}],"author":"tiskov\u00e1 zpr\u00e1va","twitter_card":"summary_large_image","twitter_misc":{"Napsal(a)":"tiskov\u00e1 zpr\u00e1va","Odhadovan\u00e1 doba \u010dten\u00ed":"3 minuty"},"schema":{"@context":"https:\/\/schema.org","@graph":[{"@type":"Article","@id":"https:\/\/www.dakarmania.cz\/index.php\/2021\/01\/02\/dakar-2021-loprais-prolog\/#article","isPartOf":{"@id":"https:\/\/www.dakarmania.cz\/index.php\/2021\/01\/02\/dakar-2021-loprais-prolog\/"},"author":{"name":"tiskov\u00e1 zpr\u00e1va","@id":"https:\/\/www.dakarmania.cz\/#\/schema\/person\/bce8d1fe3633b1178e150fc5e340d5dd"},"headline":"Dakar 2021: Svi\u017en\u00e1 j\u00edzda s rozumem vynesla Lopraisovi v prologu \u0161est\u00e9 m\u00edsto","datePublished":"2021-01-02T19:57:11+00:00","dateModified":"2023-04-09T11:05:34+00:00","mainEntityOfPage":{"@id":"https:\/\/www.dakarmania.cz\/index.php\/2021\/01\/02\/dakar-2021-loprais-prolog\/"},"wordCount":698,"publisher":{"@id":"https:\/\/www.dakarmania.cz\/#organization"},"image":{"@id":"https:\/\/www.dakarmania.cz\/index.php\/2021\/01\/02\/dakar-2021-loprais-prolog\/#primaryimage"},"thumbnailUrl":"https:\/\/www.dakarmania.cz\/wp-content\/uploads\/2021\/01\/21-dakar-loprais-02.jpg","keywords":["2021","Ale\u0161 Loprais","Dakar","Dakar 2021","Jan Tom\u00e1nek","Ji\u0159\u00ed Stross","Khalid Alkendi","Loprais Team","Petr Pokora","Praga","Tatra","Tom\u00e1\u0161 Ka\u0161p\u00e1rek"],"articleSection":["Dakar 2021","Tiskov\u00e9 zpr\u00e1vy"],"inLanguage":"cs"},{"@type":"WebPage","@id":"https:\/\/www.dakarmania.cz\/index.php\/2021\/01\/02\/dakar-2021-loprais-prolog\/","url":"https:\/\/www.dakarmania.cz\/index.php\/2021\/01\/02\/dakar-2021-loprais-prolog\/","name":"Dakar 2021: Svi\u017en\u00e1 j\u00edzda s rozumem vynesla Lopraisovi v prologu \u0161est\u00e9 m\u00edsto - DAKARMANIA.cz","isPartOf":{"@id":"https:\/\/www.dakarmania.cz\/#website"},"primaryImageOfPage":{"@id":"https:\/\/www.dakarmania.cz\/index.php\/2021\/01\/02\/dakar-2021-loprais-prolog\/#primaryimage"},"image":{"@id":"https:\/\/www.dakarmania.cz\/index.php\/2021\/01\/02\/dakar-2021-loprais-prolog\/#primaryimage"},"thumbnailUrl":"https:\/\/www.dakarmania.cz\/wp-content\/uploads\/2021\/01\/21-dakar-loprais-02.jpg","datePublished":"2021-01-02T19:57:11+00:00","dateModified":"2023-04-09T11:05:34+00:00","description":"Pro prolog zvolily pos\u00e1dky Loprais Teamu podobnou strategii. Bez nep\u0159im\u011b\u0159en\u00e9ho riskov\u00e1n\u00ed si zajistily dobrou startovn\u00ed pozici pro prvn\u00ed etapu.","breadcrumb":{"@id":"https:\/\/www.dakarmania.cz\/index.php\/2021\/01\/02\/dakar-2021-loprais-prolog\/#breadcrumb"},"inLanguage":"cs","potentialAction":[{"@type":"ReadAction","target":["https:\/\/www.dakarmania.cz\/index.php\/2021\/01\/02\/dakar-2021-loprais-prolog\/"]}]},{"@type":"ImageObject","inLanguage":"cs","@id":"https:\/\/www.dakarmania.cz\/index.php\/2021\/01\/02\/dakar-2021-loprais-prolog\/#primaryimage","url":"https:\/\/www.dakarmania.cz\/wp-content\/uploads\/2021\/01\/21-dakar-loprais-02.jpg","contentUrl":"https:\/\/www.dakarmania.cz\/wp-content\/uploads\/2021\/01\/21-dakar-loprais-02.jpg","width":1024,"height":683,"caption":"Ale\u0161 Loprais\/Khalid Alkendi\/Petr Pokora, Praga V4S DKR, Instaforex Loprais Praga Team. Rally Dakar 2021. \u00a9 ASO\/DPPI"},{"@type":"BreadcrumbList","@id":"https:\/\/www.dakarmania.cz\/index.php\/2021\/01\/02\/dakar-2021-loprais-prolog\/#breadcrumb","itemListElement":[{"@type":"ListItem","position":1,"name":"Dom\u016f","item":"https:\/\/www.dakarmania.cz\/"},{"@type":"ListItem","position":2,"name":"Dakar 2021: Svi\u017en\u00e1 j\u00edzda s rozumem vynesla Lopraisovi v prologu \u0161est\u00e9 m\u00edsto"}]},{"@type":"WebSite","@id":"https:\/\/www.dakarmania.cz\/#website","url":"https:\/\/www.dakarmania.cz\/","name":"DAKARMANIA.cz","description":"\u017dijeme Dakarem cel\u00fd rok","publisher":{"@id":"https:\/\/www.dakarmania.cz\/#organization"},"potentialAction":[{"@type":"SearchAction","target":{"@type":"EntryPoint","urlTemplate":"https:\/\/www.dakarmania.cz\/?s={search_term_string}"},"query-input":{"@type":"PropertyValueSpecification","valueRequired":true,"valueName":"search_term_string"}}],"inLanguage":"cs"},{"@type":"Organization","@id":"https:\/\/www.dakarmania.cz\/#organization","name":"DAKAR MANIA","url":"https:\/\/www.dakarmania.cz\/","logo":{"@type":"ImageObject","inLanguage":"cs","@id":"https:\/\/www.dakarmania.cz\/#\/schema\/logo\/image\/","url":"https:\/\/www.dakarmania.cz\/wp-content\/uploads\/2018\/12\/Dakar-Mania-Logo-Square-Orange.png","contentUrl":"https:\/\/www.dakarmania.cz\/wp-content\/uploads\/2018\/12\/Dakar-Mania-Logo-Square-Orange.png","width":992,"height":992,"caption":"DAKAR MANIA"},"image":{"@id":"https:\/\/www.dakarmania.cz\/#\/schema\/logo\/image\/"},"sameAs":["https:\/\/www.facebook.com\/dakarmania\/"]},{"@type":"Person","@id":"https:\/\/www.dakarmania.cz\/#\/schema\/person\/bce8d1fe3633b1178e150fc5e340d5dd","name":"tiskov\u00e1 zpr\u00e1va","image":{"@type":"ImageObject","inLanguage":"cs","@id":"https:\/\/www.dakarmania.cz\/#\/schema\/person\/image\/","url":"https:\/\/secure.gravatar.com\/avatar\/19aefcb6c7bfae691fca4d805686c670f59bb4f7414c7b398b88dc9c8f4e96d5?s=96&d=mm&r=g","contentUrl":"https:\/\/secure.gravatar.com\/avatar\/19aefcb6c7bfae691fca4d805686c670f59bb4f7414c7b398b88dc9c8f4e96d5?s=96&d=mm&r=g","caption":"tiskov\u00e1 zpr\u00e1va"},"url":"https:\/\/www.dakarmania.cz\/index.php\/author\/tiskovezpravy\/"}]}},"amp_enabled":true,"_links":{"self":[{"href":"https:\/\/www.dakarmania.cz\/index.php\/wp-json\/wp\/v2\/posts\/17569","targetHints":{"allow":["GET"]}}],"collection":[{"href":"https:\/\/www.dakarmania.cz\/index.php\/wp-json\/wp\/v2\/posts"}],"about":[{"href":"https:\/\/www.dakarmania.cz\/index.php\/wp-json\/wp\/v2\/types\/post"}],"author":[{"embeddable":true,"href":"https:\/\/www.dakarmania.cz\/index.php\/wp-json\/wp\/v2\/users\/3"}],"replies":[{"embeddable":true,"href":"https:\/\/www.dakarmania.cz\/index.php\/wp-json\/wp\/v2\/comments?post=17569"}],"version-history":[{"count":1,"href":"https:\/\/www.dakarmania.cz\/index.php\/wp-json\/wp\/v2\/posts\/17569\/revisions"}],"predecessor-version":[{"id":17570,"href":"https:\/\/www.dakarmania.cz\/index.php\/wp-json\/wp\/v2\/posts\/17569\/revisions\/17570"}],"wp:featuredmedia":[{"embeddable":true,"href":"https:\/\/www.dakarmania.cz\/index.php\/wp-json\/wp\/v2\/media\/17568"}],"wp:attachment":[{"href":"https:\/\/www.dakarmania.cz\/index.php\/wp-json\/wp\/v2\/media?parent=17569"}],"wp:term":[{"taxonomy":"category","embeddable":true,"href":"https:\/\/www.dakarmania.cz\/index.php\/wp-json\/wp\/v2\/categories?post=17569"},{"taxonomy":"post_tag","embeddable":true,"href":"https:\/\/www.dakarmania.cz\/index.php\/wp-json\/wp\/v2\/tags?post=17569"}],"curies":[{"name":"wp","href":"https:\/\/api.w.org\/{rel}","templated":true}]}}