{"id":1760,"date":"2019-01-11T12:42:49","date_gmt":"2019-01-11T12:42:49","guid":{"rendered":"https:\/\/www.dakarmania.cz\/?p=1760"},"modified":"2019-01-13T14:31:36","modified_gmt":"2019-01-13T14:31:36","slug":"dakar-2019-5-etapa-minutu-po-minute","status":"publish","type":"post","link":"https:\/\/www.dakarmania.cz\/index.php\/2019\/01\/11\/dakar-2019-5-etapa-minutu-po-minute\/","title":{"rendered":"Dakar 2019: 5. etapa minutu po minut\u011b"},"content":{"rendered":"<p>[vc_row][vc_column][vc_column_text]<\/p>\n<h4>Rally Dakar 2019 pokra\u010dovala v p\u00e1tek 11. ledna p\u00e1tou etapou z Moqueguy, resp. Tacny do Arequipy. \u0160lo z\u00e1rove\u0148 o z\u00e1v\u011bre\u010dnou \u010d\u00e1st maratonsk\u00e9 dvouetapy, b\u011bhem n\u00ed\u017e se sout\u011b\u017e\u00edc\u00ed museli ve \u010dtvrte\u010dn\u00edm no\u010dn\u00edm bivaku obej\u00edt bez pomoci sv\u00fdch mechanik\u016f a z\u00e1zem\u00ed t\u00fdm\u016f.<\/h4>\n<p>Motocyklisty a \u010dty\u0159kolk\u00e1\u0159e v p\u00e1tek 11. ledna \u010dekala speci\u00e1lka dlouh\u00e1 345 km, automobily a trucky absolvovaly nejdel\u0161\u00ed m\u011b\u0159en\u00fd \u00fasek cel\u00e9 rally (517 km).<\/p>\n<p><strong>HLAVN\u00cd UD\u00c1LOSTI 5. ETAPY<br \/>\n<\/strong><\/p>\n<p>Kv\u016fli nep\u0159\u00edzni po\u010das\u00ed (mlha) zru\u0161ili po\u0159adatel\u00e9 z\u00e1v\u011bre\u010dnou \u010d\u00e1st etapy pro v\u011bt\u0161inu aut a kamion\u016f | Jen v 5. etap\u011b ze z\u00e1vodu odstoupilo 28 stroj\u016f<\/p>\n<p><strong>moto:<br \/>\n<\/strong>Ricky Brabec (Honda) uh\u00e1jil veden\u00ed v kategorii motocykl\u016f<br \/>\nSam Sunderland (KTM) vyhr\u00e1l etapu a odsunul Quintanillu ze 2. pozice celkov\u011b<br \/>\n\u0160tefan Svitko (KTM) si op\u011bt o m\u00edsto polep\u0161il a je dev\u00e1t\u00fd<br \/>\nPaulo Gon\u00e7alves (Honda) havaroval a kon\u010d\u00ed<\/p>\n<p><strong>auto:<\/strong><br \/>\nDruh\u00e9 etapov\u00e9 v\u00edt\u011bzstv\u00ed v tomto ro\u010dn\u00edku pro S\u00e9bastiena Loeba (Peugeot)<br \/>\nVedouc\u00ed Nasser Al-Attiyah zv\u00fd\u0161il n\u00e1skok p\u0159ed druh\u00fdm Peterhanselem na 24:42 min<\/p>\n<p><strong>kamiony:<br \/>\n<\/strong><a href=\"https:\/\/www.dakarmania.cz\/index.php\/2019\/01\/12\/dakar-2019-vitez-dvou-etap-andrej-karginov-vyloucen\/\">Andrej Karginov (Kamaz) vylou\u010den za neposkytnut\u00ed pomoci zran\u011bn\u00e9mu div\u00e1kovi<\/a><strong><br \/>\n<\/strong>Eduard Nikolajev (Kamaz) si upevnil pr\u016fb\u011b\u017en\u00e9 veden\u00ed<strong><br \/>\n<\/strong><a href=\"https:\/\/www.dakarmania.cz\/index.php\/2019\/01\/12\/dakar-2019-macik-dojel-bez-predniho-nahonu-a-brzdy\/\">Martin Mac\u00edk (Liaz) utrhl kolo a ztratil n\u011bkolik hodin<\/a><\/p>\n<p><strong>quad:<\/strong><br \/>\nLeader z\u00e1vodu Nicol\u00e1s Cavigliasso vyhr\u00e1l 4. z p\u011bti odjet\u00fdch etap<br \/>\nTom\u00e1\u0161 Kubiena (Ibos) odstupuje ze sout\u011b\u017ee kv\u016fli technick\u00fdm probl\u00e9m\u016fm<\/p>\n<p style=\"text-align: center;\"><span style=\"color: #ff9900;\"><strong>On-line p\u0159enos skon\u010dil<\/strong><\/span><\/p>\n<p>[\/vc_column_text][vc_tta_accordion style=&#8221;modern&#8221; shape=&#8221;square&#8221; color=&#8221;sandy-brown&#8221; gap=&#8221;1&#8243; c_icon=&#8221;chevron&#8221; active_section=&#8221;4&#8243; css_animation=&#8221;none&#8221; title=&#8221;Rally Dakar 2019 &#8211; ON-LINE ZPRAVODAJSTV\u00cd&#8221;][vc_tta_section title=&#8221;Motorky&#8221; tab_id=&#8221;1547207236937-11673096-f55a961e-2cea&#8221;][vc_column_text]<em>T\u00edm dne\u0161n\u00ed on-line kon\u010d\u00ed. Na shledanou v ned\u011bli u on-linu ze 6. etapy<\/em>[\/vc_column_text][vc_column_text]<strong>23:54<\/strong> &#8211; Prvn\u00ed t\u00fdden sout\u011b\u017ee &#8211; i navzdory v\u010derej\u0161\u00edmu p\u00e1du &#8211; p\u0159est\u00e1l i <strong>Jan Vesel\u00fd<\/strong>, jedouc\u00ed ve t\u0159\u00edd\u011b Original by Motul (motocyklist\u00e9 a \u010dty\u0159kolk\u00e1\u0159i bez asistence). Po dne\u0161ku je celkov\u011b 86.[\/vc_column_text][vc_column_text]<strong>23:18 &#8211; Sam Sunderland<\/strong>, v\u00edt\u011bz etapy:\u00a0<em>\u201eDnes jsme do z\u00e1vodu vyr\u00e1\u017eeli po skupin\u00e1ch, nedalo se mnoho z\u00edskat, ani ztratit. Gon\u00e7alves m\u011bl sm\u016flu a j\u00e1 jsem u n\u011bj zastavil a dlouho jsem s n\u00edm z\u016fstal. Mo\u017en\u00e1 deset minut, ale nejsem si jist\u00fd. Pak jsem jel mezi v\u0161emi ostatn\u00edmi ve spoust\u011b prachu, tak jsem se musel sna\u017eit. Nem\u011bl jsem \u017e\u00e1dn\u00e9 porovn\u00e1n\u00ed a p\u0159edstavu, jak moc ztr\u00e1c\u00edm, proto jsem si myslel, \u017ee to se mnou jde v z\u00e1vod\u011b z kopce. \u0160el jsem do toho opravdu naplno a nakonec to bylo dobr\u00e9. Byla to p\u00e1t\u00e1 etapa, do c\u00edle je je\u0161t\u011b daleko. Bylo to skute\u010dn\u011b n\u00e1ro\u010dn\u00e9, velice obt\u00ed\u017en\u00e9. Pokud je prvn\u00edch p\u011bt dn\u00ed nic v porovn\u00e1n\u00ed s t\u00edm, co m\u00e1 teprve p\u0159ij\u00edt, tak to je\u0161t\u011b bude po\u0159\u00e1dn\u00fd chaos.\u201c<\/em>[\/vc_column_text][vc_column_text]<strong>22:10<\/strong> &#8211; P\u00e1tou etapu u\u017e dokon\u010dil tak\u00e9 Slov\u00e1k <strong>Ivan Jake\u0161<\/strong> (v pr\u016fb\u011b\u017en\u00e9m hodnocen\u00ed sout\u011b\u017ee 39.), <strong>Petr Vl\u010dek<\/strong> (pr\u016fb\u011b\u017en\u011b 69.),\u00a0<strong>Gabriela Novotn\u00e1<\/strong> (pr\u016fb\u011b\u017en\u011b 77.) i Ameri\u010dan <strong>Garrett Poucher<\/strong> (pr\u016fb\u011b\u017en\u011b 71.), z\u00e1vod\u00edc\u00ed pod hlavi\u010dkou t\u00fdmu Klym\u010diw Racing.[\/vc_column_text][vc_column_text]<strong>22:02<\/strong> &#8211; Je\u0161t\u011b k \u010desk\u00fdm motocyklist\u016fm, kter\u00fdm se dnes tak\u00e9 da\u0159ilo. <strong>Jan Brabec<\/strong> (Husqvarna, Big Shock Racing) figuruje ve v\u00fdsledc\u00edch etapy na 21. pozici, ale dos\u00e1hl shodn\u00e9ho \u010dasu jako 20. \u0160pan\u011blka Laia Sanz (KTM). V pr\u016fb\u011b\u017en\u00e9m po\u0159ad\u00ed stoup\u00e1 z 25. na 23. pozici. Hned za touto dvojic\u00ed dnes skon\u010dil <strong>Milan Engel<\/strong> (KTM, MRG) a posouv\u00e1 se ze 32. na 29. m\u00edsto.[\/vc_column_text][vc_column_text]<strong>20:26 &#8211; Etapov\u00fdm v\u00edt\u011bzem nakonec Sam Sunderland<\/strong>, kter\u00fd sice ve v\u00fdsledc\u00edch speci\u00e1lky p\u016fvodn\u011b figuroval a\u017e na 14. pozici se ztr\u00e1tou 7:29 min, Brit v\u0161ak 10 minut pom\u00e1hal Paulu Gon\u00e7alvesovi, jen\u017e se p\u0159i p\u00e1du zranil. Tov\u00e1rn\u00ed jezdec KTM po \u00faprav\u011b \u010dasu v\u00edt\u011bz\u00ed s n\u00e1skokem 3:23 min p\u0159ed Xavierem de Soultraitem (Yamaha). D\u00edky prvn\u00edmu etapov\u00e9mu v\u00edt\u011bzstv\u00ed v leto\u0161n\u00edm ro\u010dn\u00edku se v\u00edt\u011bz Dakaru 2017 posouv\u00e1 v pr\u016fb\u011b\u017en\u00e9m hodnocen\u00ed na 2. m\u00edsto, na vedouc\u00edho Brabeca (Honda) ztr\u00e1c\u00ed jen 59 sekund.[\/vc_column_text][vc_column_text]<strong>20:26 &#8211; Xavier de Soultrait <\/strong>po \u00faprav\u011b Sunderlandova \u010dasu kles\u00e1 na druhou p\u0159\u00ed\u010dku, co\u017e nic nem\u011bn\u00ed na tom, \u017ee se mu skv\u011ble poda\u0159ila z\u00e1v\u011bre\u010dn\u00e1 \u010d\u00e1st speci\u00e1lky. Francouz se po celou etapu pohyboval na konci prvn\u00ed des\u00edtky, ale pak za\u00fato\u010dil. Tov\u00e1rn\u00ed jezdec Yamahy dojel 9 sekund p\u0159ed dnes t\u0159et\u00edm Matthiasem Walknerem na tov\u00e1rn\u00ed KTM. V pr\u016fb\u011b\u017en\u00e9m hodnocen\u00ed se d\u00edky tomu posouv\u00e1 z 9. na 8. p\u0159\u00ed\u010dku.[\/vc_column_text][vc_column_text]<strong>20:26<\/strong> &#8211; Z\u00e1v\u011br dne\u0161n\u00ed speci\u00e1lky a de facto i \u00fatok na prvn\u00ed pozici celkov\u011b nevy\u0161el <strong>Pablu Quintanillovi<\/strong>. Tov\u00e1rn\u00ed jezdec Husqvarny m\u011bl je\u0161t\u011b na posledn\u00edm mezi\u010dase t\u00e9m\u011b\u0159 minutov\u00fd n\u00e1skok p\u0159ed nejbli\u017e\u0161\u00edm z pron\u00e1sledovatel\u016f, j\u00edm\u017e byl t\u00fdmov\u00fd kolega Andrew Short. Do c\u00edle v\u0161ak dorazil a\u017e jako 13. (+7:19 min) a p\u0159ed dnem volna nav\u00edc p\u0159i\u0161el o druhou p\u0159\u00ed\u010dku pr\u016fb\u011b\u017en\u00e9ho po\u0159ad\u00ed, kterou musel p\u0159epustit Sunderlandovi.[\/vc_column_text][vc_column_text]<strong>20:26<\/strong> &#8211; <strong>Ricky Brabec<\/strong> (Honda) uh\u00e1jil pr\u016fb\u011b\u017en\u00e9 veden\u00ed, p\u0159esto\u017ee v pr\u016fb\u011bhu speci\u00e1lky na sv\u00e9ho hlavn\u00edho konkurenta Quintanillu ztr\u00e1cel i v\u00edce ne\u017e 4 minuty. Nakonec Chilana porazil o 33 sekund. V\u00a0 pr\u016fb\u011b\u017en\u00e9m hodnocen\u00ed vede Ameri\u010dan s n\u00e1skokem 59 sekund p\u0159ed Sunderlandem (KTM), Quintanilla klesl po 5. etap\u011b na 3. p\u0159\u00ed\u010dku (+2:52 min).[\/vc_column_text][vc_column_text]<strong>20:26<\/strong> &#8211; Nejv\u011bt\u0161\u00edm hrdinou dne nejsp\u00ed\u0161 bude dakarsk\u00fd nov\u00e1\u010dek <strong>Lorenzo Santolino<\/strong>, kter\u00fd s motocyklem Sherco dojel \u010dtvrt\u00fd. \u0160pan\u011blov\u00fdm dosud nejlep\u0161\u00ed v\u00fdsledkem bylo 10. m\u00edsto ze v\u010derej\u0161\u00ed etapy, po dne\u0161ku je celkov\u011b jeden\u00e1ct\u00fd.[\/vc_column_text][vc_column_text]<strong>20:26 &#8211; \u0160tefan Svitko<\/strong> (KTM) po dvou sedm\u00fdch m\u00edstech, kter\u00e1 vybojoval v p\u0159edchoz\u00edch etap\u00e1ch, dnes dojel osm\u00fd a v pr\u016fb\u011b\u017en\u00e9m po\u0159ad\u00ed si op\u011bt o p\u0159\u00ed\u010dku polep\u0161il. Po prvn\u00ed polovin\u011b sout\u011b\u017ee je dev\u00e1t\u00fd.[\/vc_column_text][vc_column_text]<strong>20:26<\/strong> &#8211; V\u00fdkon Lorenza Santolina (Sherco) trochu zast\u00ednil vynikaj\u00edc\u00ed p\u0159edstaven\u00ed dal\u0161\u00edho nov\u00e1\u010dka, j\u00edm\u017e je Ameri\u010dan <strong>Skyler Howes<\/strong>. Jezdec \u010desk\u00e9ho t\u00fdmu Klym\u010div Racing obsadil v etap\u011b 9. m\u00edsto (+6:00) a v pr\u016fb\u011b\u017en\u00e9m po\u0159ad\u00ed se posunul z 22. na 18. pozici.[\/vc_column_text][vc_column_text]<strong>18:14<\/strong> &#8211; Dakarsk\u00fd nov\u00e1\u010dek ve slu\u017eb\u00e1ch \u010desk\u00e9ho t\u00fdmu Klym\u010diw Racing <strong>Skyler Howes<\/strong> nepolevuje a pat\u0159\u00ed k absolutn\u00edm hv\u011bzd\u00e1m dne\u0161n\u00ed etapy. Na WP6 je pr\u016fb\u011b\u017en\u011b \u0161est\u00fd (!!!), na Quintanillu sice ztr\u00e1c\u00ed 4:15 min, ov\u0161em od p\u00e1t\u00e9ho \u0160tefana Svitka jej d\u011bl\u00ed rovn\u00e1 p\u016flminuta a za sebou nech\u00e1v\u00e1 i krajana Rickyho Brabeca s tov\u00e1rn\u00ed Hondou.[\/vc_column_text][vc_column_text]<strong>18:08<\/strong> &#8211; WP6 &#8211; <strong>Quintanilla virtu\u00e1ln\u00edm leaderem Dakaru.<\/strong> V dunov\u00e9 oblasti Ilo zvy\u0161uje <strong>Pablo Quintanilla<\/strong> (Husqvarna) sv\u016fj n\u00e1skok p\u0159ed t\u00fdmov\u00fdm kolegou A. Shortem na 52 sekund. T\u0159et\u00ed z\u016fst\u00e1v\u00e1 <strong>Adrien Van Beveren<\/strong> s Yamahou, jeho\u017e ztr\u00e1ta v\u0161ak z p\u016flminuty narostla na t\u0159i a p\u016fl minuty. <strong>Ricky Brabec<\/strong> (Honda), kter\u00fd p\u0159ed etapou vedl p\u0159ed Quintanillou o 2:19 min zaost\u00e1v\u00e1 na posledn\u00edm pr\u016fjezdn\u00edm bod\u011b za Chilanem o 4:19 min a mus\u00ed zrychlit, pokud nechce sv\u00e9mu soupe\u0159i prvn\u00ed p\u0159\u00ed\u010dku p\u0159ed dnem volna p\u0159epustit.[\/vc_column_text][vc_column_text]<strong>17:33<\/strong> &#8211; Svou nejlep\u0161\u00ed etapu leto\u0161n\u00edho Dakaru zat\u00edm pro\u017e\u00edv\u00e1 <strong>Milan Engel<\/strong> (KTM), kter\u00fd je na p\u0159edposledn\u00edm mezi\u010dase 15. (+7:58 min).[\/vc_column_text][vc_column_text]<strong>17:30 &#8211; \u0160tefan Svitko<\/strong> (KTM) byl v p\u0159edchoz\u00edch dvou etap\u00e1ch sedm\u00fd a stejn\u00e1 p\u0159\u00ed\u010dka mu pat\u0159\u00ed i dnes po pr\u016fjezdu WP5. Na Quintanillu ztr\u00e1c\u00ed Slov\u00e1k 1:41 min, ale je v tuto chv\u00edli o 2 sekundy rychlej\u0161\u00ed ne\u017e hv\u011bzda posledn\u00edch dn\u00ed Ricky Brabec.[\/vc_column_text][vc_column_text]<strong>17:27 &#8211; St\u00e1le vynikaj\u00edc\u00ed Skyler Howes.<\/strong> Ameri\u010dan h\u00e1j\u00edc\u00ed barvy \u010desk\u00e9ho Klym\u010diw Racingu bojuje na hranici prvn\u00ed des\u00edtky a na WP5 je se ztr\u00e1tou necel\u00fdch 3 minut dev\u00e1t\u00fd![\/vc_column_text][vc_column_text]<strong>17:23 &#8211; Pablo Quintanilla (Husqvarna) vrac\u00ed \u00fader<\/strong> a hlavn\u011b se vrac\u00ed do veden\u00ed. Na WP5 je Chilan o 14 s rychlej\u0161\u00ed ne\u017e jeho t\u00fdmov\u00fd kolega <strong>Andrew Short<\/strong>, t\u0159et\u00ed je <strong>Adrien Van Beveren<\/strong> (Yamaha; +29 s), \u010dtvrt\u00fd <strong>Toby Price<\/strong> (KTM, +52 s). Leader sout\u011b\u017ee Ricky Brabec (Honda) ztr\u00e1c\u00ed 1:43 min.[\/vc_column_text][vc_column_text]<strong>17:14<\/strong> &#8211; <strong>Dal\u0161\u00ed jezdec Hondy odstupuje ze z\u00e1vodu.<\/strong>\u00a0Ve st\u0159edu p\u0159i\u0161el tov\u00e1rn\u00ed t\u00fdm Honda o \u0160pan\u011bla Barredu a do c\u00edle 41. ro\u010dn\u00edku Rally Dakar nedojede ani <strong>Paulo Gon\u00e7alves<\/strong>. Portugalec m\u011bl t\u011b\u017ek\u00fd p\u00e1d na 155. kilometru dne\u0161n\u00ed speci\u00e1lky, utrp\u011bl drobn\u00e1 poran\u011bn\u00ed hlavy a mo\u017en\u00e1 m\u00e1 zlomenou ruku.[\/vc_column_text][vc_column_text]<strong>16:15<\/strong> &#8211; <strong>Quintanilla p\u0159i\u0161el o veden\u00ed.<\/strong> Na WP4 se situace v kategorii motocykl\u016f dramatizuje, rozestupy mezi \u0161pi\u010dkou se sni\u017euj\u00ed. Do \u010dela jde <strong>Kevin Benavides<\/strong> (Honda), druh\u00fd je <strong>Adrien Van Beveren<\/strong> (Yamaha, +6 s), na t\u0159et\u00ed m\u00edsto se posouv\u00e1 <strong>Toby Price<\/strong> (KTM, +8 s). P\u0159ekvapen\u00edm dosavadn\u00edho pr\u016fb\u011bhu etapy je zat\u00edm <strong>Lorenzo Santolino<\/strong> se Shercem na 4. pozici (+9 s). Leader pr\u016fb\u011b\u017en\u00e9ho po\u0159ad\u00ed <strong>Ricky Brabec<\/strong> (Honda) u\u017e je v prvn\u00ed \u0161estce (+28 s), sedm\u00fd je <strong>\u0160tefan Svitko<\/strong> (+54 s). A\u017e za n\u011bj klesl <strong>Pablo Quintanilla<\/strong> s tov\u00e1rn\u00ed Husqvarnou (+ 59 s).[\/vc_column_text][vc_column_text]<strong>16:10<\/strong> &#8211; Do dne\u0161n\u00ed etapy odstartovala i <strong>Gabriela Novotn\u00e1<\/strong> (Indigo Racing, Husqvarna), p\u0159esto\u017ee si v p\u0159edchoz\u00edm pr\u016fb\u011bhu vymkla kotn\u00edk.[\/vc_column_text][vc_column_text]<strong>16:05<\/strong> &#8211; Quintanillovi soupe\u0159i ale za\u010dali umaz\u00e1vat ze ztr\u00e1ty, kterou nabrali v \u00favodu speci\u00e1lky. <strong>Ricky Brabec<\/strong> (Honda) na WP3 +1:43 min a Ameri\u010dan se tak virtu\u00e1ln\u011b vrac\u00ed do \u010dela z\u00e1vodu.[\/vc_column_text][vc_column_text]<strong>15:50<\/strong> &#8211; <strong>Pablo Quintanilla<\/strong> (Husqvarna) nejrychlej\u0161\u00ed i na WP3, za Chilanem se st\u00e1le dr\u017e\u00ed t\u00fdmov\u00fd kolega A. Short (+19 s) a L. Benavides s KTM (+28 s). \u010ctvrt\u00fd je <strong>Lorenzo Santolino<\/strong> (Sherco, +43 s)[\/vc_column_text][vc_column_text]<strong>15:30<\/strong> &#8211; WP2 &#8211; Zat\u00edmco L. Benavides za\u010dal v\u00fdte\u010dn\u011b, jeho zku\u0161en\u011bj\u0161\u00ed kolegov\u00e9 z tov\u00e1rn\u00edho t\u00fdmu KTM a v\u00edt\u011bzov\u00e9 3 p\u0159edchoz\u00edch ro\u010dn\u00edk\u016f zat\u00edm zaost\u00e1vaj\u00ed. <strong>Toby Price<\/strong> +1:14 min, <strong>Matthias Walkner<\/strong> +3:00, <strong>Sam Sundarland<\/strong> dokonce +3:58[\/vc_column_text][vc_column_text]<strong>15:25<\/strong> &#8211; <strong>Pablo Quintanilla<\/strong>\u00a0zat\u00edm nejrychlej\u0161\u00ed i na WP2. Mezi jezdce Husqvarny se vkl\u00ednil <strong>Luciano Benavides<\/strong> (KTM, + 1 s), Short 3. (+0:05). Leader pr\u016fb\u011b\u017en\u00e9ho hodnocen\u00ed <strong>Ricky Brabec<\/strong> zaost\u00e1v\u00e1 o 2:03 min.[\/vc_column_text][vc_column_text]<strong>15:05<\/strong> &#8211; Slov\u00e1k <strong>Ivan Jake\u0161<\/strong> (KTM) na WP1 +3:20 min, <strong>Milan Engel<\/strong> (KTM, MRG) + 3:37, <strong>Jan Brabec<\/strong> +4:02&#8230;[\/vc_column_text][vc_column_text]<strong>14:56<\/strong> &#8211; <strong>\u0160tefan Svitko<\/strong> (KTM) startoval a zat\u00edm tak\u00e9 jede ve skupin\u011b s R. Brabecem (Honda) a na WP1 ztr\u00e1c\u00ed 2:38 min.[\/vc_column_text][vc_column_text]<strong>14:50<\/strong> &#8211; Leader pr\u016fb\u011b\u017en\u00e9ho po\u0159ad\u00ed <strong>Ricky Brabec<\/strong> (Honda) ztr\u00e1c\u00ed na WP1 na Quintanillu 2:26 min. P\u0159ed etapou vedouc\u00ed dvojici d\u011blily 2:19 min.[\/vc_column_text][vc_column_text]<strong>14:41<\/strong> &#8211; WP1 &#8211; <strong>Pablo Quintanilla<\/strong> (Husqvarna) zat\u00edm nejrychlej\u0161\u00ed, o sekundy p\u0159ed t\u00fdmov\u00fdm kolegou <strong>Andrewem Shortem<\/strong>. Oba startovali ve stejn\u00e9 vln\u011b a mohou na trati spolupracovat. Zat\u00edm 3. je <strong>Skyler Howes<\/strong> (!) z t\u00fdmu Klym\u010diw Racing (+51 s).[\/vc_column_text][vc_column_text]<strong>14:30<\/strong> &#8211;\u00a0<strong>Jan Vesel\u00fd<\/strong>\u00a0(Husqvarna, Ivar CS Team) ve \u010dtvrtek upadl a pokra\u010duje s\u00a0bolestmi: <em>\u201eEtapa byla pom\u011brn\u011b lehk\u00e1, ale p\u0159i ban\u00e1ln\u00edm p\u00e1du jsem spadl z\u00e1dy na k\u00e1men a tam, kde kon\u010d\u00ed chr\u00e1ni\u010d, jsem si ho vrazil do \u017eeber! Vyrazil jsem si dech, pak jsem ale nemohl dojet ani necel\u00fdch 30 km do c\u00edle! Zlomen\u00e9 to snad nen\u00ed? Ale fakt hodn\u011b to bol\u00ed! St\u0159\u00edl\u00ed to i do lopatky! V medical centru jsem dostal jen pr\u00e1\u0161ky na bolest. Trochu zab\u00edraj\u00ed. Jedu na start 5. etapy!\u201c\u00a0<\/em>Do 5. etapy by m\u011bl odstartovat ve 14:55 CET. V\u00a0kategorii Original by Motul (motorky a \u010dty\u0159kolky bez asistence) je zat\u00edm 14.[\/vc_column_text][vc_column_text]<strong>14:10<\/strong> &#8211; Do etapy, kter\u00e1 jezdce provede dunami oblasti Ila, se jako prvn\u00ed z \u010cech\u016f vydal ve 14:10 CET <strong>Jan Brabec<\/strong> (Big Shock Racing, pr\u016fb\u011b\u017en\u011b 25.). Ve stejn\u00e9 skupin\u011b odstartoval tak\u00e9 Ameri\u010dan <strong>Skyler Howes<\/strong> s Husqvarnou \u010desk\u00e9ho t\u00fdmu Klym\u010diw Racing (pr\u016fb\u011b\u017en\u011b 22.).[\/vc_column_text][vc_column_text]<strong>14:00<\/strong> &#8211; Za\u010d\u00e1tek etapy dnes zpest\u0159\u00ed hromadn\u00fd start na pl\u00e1\u017ei. Prvn\u00edch 10 motocyklist\u016f odstartuje ve 14:00 CET a bude mezi nimi i v\u00edt\u011bz v\u010derej\u0161\u00ed etapy a leader z\u00e1vodu\u00a0<strong>Ricky Brabec<\/strong> (Honda) . V pr\u016fb\u011b\u017en\u00e9m hodnocen\u00ed vede Ameri\u010dan o 2:19 min p\u0159ed P. Quintanillou (Husqvarna).[\/vc_column_text][vc_column_text]<strong>13:30<\/strong> &#8211; Motocyklist\u00e9 dnes absolvuj\u00ed krat\u0161\u00ed m\u011b\u0159en\u00fd \u00fasek ne\u017e auta a kamiony, jejich speci\u00e1lka m\u011b\u0159\u00ed 345 km.[\/vc_column_text][\/vc_tta_section][vc_tta_section title=&#8221;\u010cty\u0159kolky&#8221; tab_id=&#8221;1547207236962-6ee1c22b-dae0961e-2cea&#8221;][vc_column_text]<em>T\u00edm pro dne\u0161ek opou\u0161t\u00edme kategorii \u010dty\u0159kolek. Na shledanou v ned\u011bli u on-linu ze 6. etapy<\/em>[\/vc_column_text][vc_column_text]<strong>21:20<\/strong> &#8211; <strong>Nicol\u00e1s Cavigliasso (Yamaha) si upevnil veden\u00ed v pr\u016fb\u011b\u017en\u00e9m hodnocen\u00ed<\/strong>, kdy\u017e vyhr\u00e1l \u010dtvrtou z p\u011bti dosud odjet\u00fdch etap (ve 3. etap\u011b byl druh\u00fd). P\u0159ed Jerem\u00edasem Gonzalezem Feriolim, kter\u00fd dnes dojel druh\u00fd (+14:27) vede po prvn\u00ed polovin\u011b sout\u011b\u017ee s n\u00e1skokem 49:30 min.[\/vc_column_text][vc_column_text]<strong>19:28 &#8211; TOM\u00c1\u0160 KUBIENA ANI NAPOT\u0158ET\u00cd DAKAR NEDOKON\u010c\u00cd.<\/strong> Jiho\u010desk\u00fd z\u00e1vodn\u00edk nakonec do etapy p\u0159eci jen odstartoval, v jej\u00edm pr\u016fb\u011bhu v\u0161ak musel ze skv\u011ble rozjet\u00e9 sout\u011b\u017ee (p\u0159ed dne\u0161n\u00ed etapou byl p\u00e1t\u00fd) odstoupit. Probl\u00e9my s motorem a spojkou \u010dty\u0159kolky Ibos zastavily Kubienu na 54. kilometru dne\u0161n\u00ed speci\u00e1lky.[\/vc_column_text][vc_column_text]<strong>17:09<\/strong> &#8211; <strong>Nicol\u00e1s Cavigliasso<\/strong> <strong>zat\u00edm zcela suver\u00e9nn\u00ed<\/strong>. Na WP4 vede o 4 minuty p\u0159ed krajanem Gustavem Gallegem, kter\u00fd se vr\u00e1til na virtu\u00e1ln\u00ed druhou pozici, ze kter\u00e9 naopak propadl dal\u0161\u00ed Argentinec Manuel Andujar (+5:15 min)[\/vc_column_text][vc_column_text]<strong>15:56<\/strong> &#8211; <strong>Nicol\u00e1s Cavigliasso<\/strong> op\u011bt soupe\u0159\u016fm uj\u00ed\u017ed\u00ed. Na WP2 vede o 1:07 min p\u0159ed sv\u00fdm krajanem Manuelem Andujarem.[\/vc_column_text][vc_column_text]<strong>15:40<\/strong> &#8211; <strong>Tom\u00e1\u0161 Kubiena<\/strong> m\u00e1 z\u0159ejm\u011b pot\u00ed\u017ee. \u010cesk\u00e9ho \u010dty\u0159kolk\u00e1\u0159e prov\u00e1zely ve v\u010derej\u0161\u00ed etap\u011b technick\u00e9 probl\u00e9my a do dne\u0161n\u00ed speci\u00e1lky zat\u00edm neodstartoval.[\/vc_column_text][vc_column_text]<strong>14:20<\/strong> &#8211; Do 5. etapy odstartoval mezi motork\u00e1\u0159i tak\u00e9 <strong>Nicol\u00e1s Cavigliasso<\/strong>, kter\u00fd se svou Yamahou vede pr\u016fb\u011b\u017en\u00e9 hodnocen\u00ed quad\u016f o 35 min p\u0159ed Jerem\u00edasem Gonzalezem Feriolim.[\/vc_column_text][vc_column_text]<strong>13:30<\/strong> &#8211; <strong>Tom\u00e1\u0161 Kubiena<\/strong> (Ibos, Moto Racing Group) odstartuje ve 14:30 CET. V pr\u016fb\u011b\u017en\u00e9m po\u0159ad\u00ed figuruje na 5. pozici se ztr\u00e1tou 1:49:41 hod na vedouc\u00edho Argentince Cavigliassa.[\/vc_column_text][\/vc_tta_section][vc_tta_section title=&#8221;Automobily a SxS&#8221; tab_id=&#8221;1547208803688-f04e2889-49a5961e-2cea&#8221;][vc_column_text]<em>0:00 &#8211; Je jist\u00e9, \u017ee <strong>na \u00fapln\u00e9 v\u00fdsledky si budeme muset po\u010dkat<\/strong> do r\u00e1na. D\u011bkujeme, \u017ee jste dne\u0161n\u00ed etapu sledovali spole\u010dn\u011b s n\u00e1mi na DakarMania.cz. T\u011b\u0161\u00edme se na shledanou v ned\u011bli u on-linu ze 6. etapy.<\/em>[\/vc_column_text][vc_column_text]<strong>!!! 23:44 &#8211; Z\u00c1V\u011aR ETAPY PRO DAL\u0160\u00cd VOZY NEUTRALIZOV\u00c1N.<\/strong> Pro jezdce, kte\u0159\u00ed dosud neprojeli kontroln\u00edm bodem \u010d\u00edslo 3 (425. km), skon\u010d\u00ed dne\u0161n\u00ed speci\u00e1lka pr\u00e1v\u011b tady. D\u016fvodem je hust\u00e1 mlha v dal\u0161\u00edm \u00faseku a obavy o bezpe\u010dnost \u00fa\u010dastn\u00edk\u016f.[\/vc_column_text][vc_column_text]23:40 &#8211; <strong>S\u00e9bastien Loeb:<\/strong> <em>\u201ePro m\u011b to byl velice dobr\u00fd den. \u0160li jsme do toho opravdu naplno od startu a\u017e do c\u00edle speci\u00e1lky, neud\u011blali jsme \u017e\u00e1dnou chybu, ani defekt, nic. Byl to perfektn\u00ed den. Uvid\u00edme, jak na tom budeme v pr\u016fb\u011b\u017en\u00e9m po\u0159ad\u00ed. Dne\u0161n\u00ed itiner\u00e1\u0159 byl spr\u00e1vn\u00fd, proto jsme nechybovali. Bylo to dobr\u00e9.\u201c<\/em>[\/vc_column_text][vc_column_text]<strong>23:38<\/strong> &#8211; State\u010dn\u011b bojuj\u00ed tak\u00e9 <strong>Olga Rou\u010dkov\u00e1<\/strong> a Daniel Zelenka s buggy Can-Am Maverick X3 v kategorii SxS. T\u011bm do c\u00edle zb\u00fdv\u00e1 je\u0161t\u011b po\u0159\u00e1dn\u00fd kus, ale v kategorii SxS se na waypointech postupn\u011b p\u0159ibli\u017euj\u00ed prvn\u00ed dvac\u00edtce.[\/vc_column_text][vc_column_text]<strong>23:36<\/strong> &#8211; Do c\u00edle se bl\u00ed\u017e\u00ed tak\u00e9 <strong>Tom\u00e1\u0161 Ou\u0159edn\u00ed\u010dek<\/strong> s <strong>Davidem K\u0159\u00edpalem<\/strong> a s druh\u00fdm Fordem t\u00fdmu MP-Sport. Ve druh\u00e9 polovin\u011b etapy se na mezi\u010dasech pohybuj\u00ed v prvn\u00ed polovin\u011b t\u0159et\u00ed des\u00edtky.[\/vc_column_text][vc_column_text]<strong>23:20 &#8211; Martin Prokop<\/strong> a <strong>Jan Tom\u00e1nek<\/strong> (Ford) maj\u00ed prvn\u00ed t\u00fdden Dakaru 2019 za sebou a po 8. m\u00edst\u011b v dne\u0161n\u00ed etap\u011b by se m\u011bli posunout z 11. na 8. pozici i v pr\u016fb\u011b\u017en\u00e9m hodnocen\u00ed, kdy\u017e v p\u0159\u00edm\u00e9m souboji na trati p\u0159esv\u011bd\u010div\u011b porazili Argentince Borise Garafulica (Mini 4&#215;4) a Pol\u00e1ka Arona\u00a0Dom\u017ca\u0142u (Toyota). P\u0159edstihnout by m\u011bli i Yazeeda Al-Rajhiho (Mini 4&#215;4), kter\u00fd byl p\u0159ed etapou p\u00e1t\u00fd, ale dnes se dostal do probl\u00e9m\u016f, na mezi\u010dasech hodn\u011b ztr\u00e1c\u00ed a do c\u00edle m\u00e1 je\u0161t\u011b relativn\u011b daleko.[\/vc_column_text][vc_column_text]<strong>22:40 &#8211; Nani Roma<\/strong> a Alex Haro Bravo (Mini 4&#215;4) dnes obsadili 3. p\u0159\u00ed\u010dku, kter\u00e1 jim pat\u0159\u00ed i v pr\u016fb\u011b\u017en\u00e9m po\u0159ad\u00ed. Na druh\u00e9ho S. Peterhansela ztr\u00e1cej\u00ed necel\u00fdch 10 minut.[\/vc_column_text][vc_column_text]<strong>22:24 &#8211; S\u00e9bastien Loeb a Daniel Elena s Peugeotem vyhr\u00e1vaj\u00ed 5. etapu<\/strong> Rally Dakar 2019 mezi Tacnou a Arequipou. Jedn\u00e1 se o jejich druh\u00e9 etapov\u00e9 v\u00edt\u011bzstv\u00ed v tomto ro\u010dn\u00edku a 12. celkov\u011b. Nassera Al-Attiyaha (Toyota) porazili o 10 minut a 22 sekund.[\/vc_column_text][vc_column_text]<strong>22:24<\/strong> &#8211; <strong>Nasser Al-Attiyah<\/strong> s Mathieu Baumelem (Toyota) si druh\u00fdm m\u00edstem v etap\u011b upevnili prvn\u00ed pozici v pr\u016fb\u011b\u017en\u00e9m po\u0159ad\u00ed, kdy\u017e sv\u016fj n\u00e1skok p\u0159ed <strong>St\u00e9phanem Peterhanselem<\/strong> a Davidem Casterou (Mini Buggy) nav\u00fd\u0161ili o dal\u0161\u00edch t\u00e9m\u011b\u0159 16 minut. Prvn\u00ed dv\u011b pos\u00e1dky celkov\u00e9 klasifikace d\u011bl\u00ed p\u0159ed dnem volna 24:42 min.[\/vc_column_text][vc_column_text]<strong>22:18<\/strong> &#8211; 478. z 517 kilometr\u016f dne\u0161n\u00ed speci\u00e1lky z\u0159ejm\u011b ukr\u00fdv\u00e1 n\u011bjakou zapeklitost. Na m\u00edst\u011b na chv\u00edli zastavili <strong>S\u00e9bastien Loeb<\/strong> (Peugeot), <strong>Nasser Al-Attiyah<\/strong> (Toyota) i <strong>Nani Roma<\/strong> (Mini 4&#215;4), <strong>St\u00e9phane Peterhansel<\/strong>\u00a0(Mini Buggy) tam dokonce nechal v\u00edc ne\u017e 5 minut.[\/vc_column_text][vc_column_text]<strong>22:00<\/strong> &#8211; Prvn\u00ed automobily maj\u00ed neutralizaci za sebou a jsou ve druh\u00e9 ostr\u00e9 pas\u00e1\u017ei, kter\u00e1 m\u011b\u0159\u00ed 136 kilometr\u016f.[\/vc_column_text][vc_column_text]<strong>20:47 &#8211; Martin Prokop<\/strong> (Ford) je p\u0159ed neutralizac\u00ed 10. (+26:24 min). Z pohledu \u010desk\u00e9ho jezdce je nyn\u00ed d\u016fle\u017eit\u00fd jeho souboj s Harrym Huntem (Peugeot), Borisem Garafulicem (Mini 4&#215;4) a Aronem\u00a0Dom\u017ca\u0142ou (Toyota), kte\u0159\u00ed byli p\u0159ed etapou v pr\u016fb\u011b\u017en\u00e9m po\u0159ad\u00ed p\u0159ed n\u00edm. Na des\u00e1t\u00e9ho Hunta ztr\u00e1cel Prokop 10 minut, ale Brit n\u00e1skok zvy\u0161uje. Zat\u00edm je o v\u00edc ne\u017e 7 minut rychlej\u0161\u00ed. Ov\u0161em srovn\u00e1n\u00ed s Garafulicem a\u00a0Dom\u017ca\u0142ou vyzn\u00edv\u00e1 pro Prokopa p\u0159\u00edzniv\u011bji. Na Argentince najel necel\u00fdch 7 minut (p\u0159ed etapou na n\u011bj ztr\u00e1cel p\u0159ibli\u017en\u011b 11 min) a v tuto chv\u00edli se mu \u00fapln\u011b povedlo smazat 19minutov\u00fd n\u00e1skok\u00a0polsk\u00e9ho pilota, kter\u00fd byl v \u00faseku p\u0159ed neutralizac\u00ed skoro o 26 minut pomalej\u0161\u00ed ne\u017e jezdec t\u00fdmu MP-Sports.[\/vc_column_text][vc_column_text]<strong>19:50 &#8211; S\u00e9bastien Loeb<\/strong> (Peugeot) vede po prvn\u00ed \u010d\u00e1sti dne\u0161n\u00ed speci\u00e1lky s n\u00e1skokem 9 minut p\u0159ed Nasserem Al-Attiyahem (Toyota), t\u0159et\u00ed je Nani Roma (+11 min). Zat\u00edmco pro motocyklisty a \u010dty\u0159kolk\u00e1\u0159e v tomto bod\u011b dne\u0161n\u00ed etapa kon\u010dila, automobily a kamiony pokra\u010duj\u00ed d\u00e1l. Nejprve 66 km z\u00e1vod\u011bn\u00ed a pak je\u0161t\u011b druh\u00e1 ostr\u00e1 sekce. Do jej\u00edho c\u00edle by m\u011bl prvn\u00ed v\u016fz podle p\u0159edpoklad\u016f po\u0159adatel\u016f dorazit okolo 16:20 m\u00edstn\u00edho \u010dasu, tedy 22:20\u00a0 CET[\/vc_column_text][vc_column_text]<strong>17:50 &#8211; Loeb\u016fv n\u00e1skok nar\u016fst\u00e1.<\/strong> Leade\u0159i pr\u016fb\u011b\u017en\u00e9ho po\u0159ad\u00ed <strong>Nasser Al-Attiyah<\/strong> (Toyota) a <strong>St\u00e9phane Peterhansel<\/strong> (Mini\u00a0 Buggy) si hl\u00eddaj\u00ed jeden druh\u00e9ho (maj\u00ed mezi sebou p\u016fl minuty), co\u017e otev\u00edr\u00e1 cestu <strong>S\u00e9bastienu Loebovi<\/strong> (Peugeot). Francouz na WP5 vede o 7:07 min p\u0159ed Al-Attiyahem, Peterhansel je t\u0159et\u00ed. Pro oba je d\u016fle\u017eit\u00e9 i to, \u017ee p\u0159ed Nanim Romou (3. celkov\u011b, 4. na mezi\u010dase) maj\u00ed k dobru dv\u011b minuty, resp. minutu a p\u016fl.[\/vc_column_text][vc_column_text]<strong>17:50 &#8211; Leade\u0159i trochu ztr\u00e1cej\u00ed. St\u00e9phane Peterhansel<\/strong> (Mini Buggy) klesl na t\u0159et\u00edm \u00faseku na t\u0159et\u00ed pozici (+3:06 min), <strong>Nasser Al-Attiyah<\/strong> (Toyota) byl \u0161est\u00fd (+3:43 min).[\/vc_column_text][vc_column_text]<strong>17:40 &#8211; S\u00e9bastien Loeb (Peugeot) za\u010d\u00edn\u00e1 diktovat tempo<\/strong>. Na WP3 jde p\u0159ed Sainze (Mini Buggy, +31 s) a Romu (Mini 4&#215;4, +2:30 min) na prvn\u00ed pozici. Francouz byl p\u0159ed p\u00e1te\u010dn\u00ed etapou pr\u016fb\u011b\u017en\u011b \u0161est\u00fd, ale po dne\u0161ku by se mohl posunout po\u0159ad\u00edm vzh\u016fru. Yazeed Al-Rajhi, jemu\u017e je\u0161t\u011b r\u00e1no pat\u0159ila p\u00e1t\u00e1 p\u0159\u00ed\u010dka, se brzy po startu dostal do probl\u00e9m\u016f a na WP1 na Loeba ztr\u00e1cel u\u017e v\u00edce ne\u017e t\u0159i \u010dtvrt\u011b hodiny.[\/vc_column_text][vc_column_text]<strong>17:37<\/strong> &#8211; Ztr\u00e1ta <strong>Martina Prokopa<\/strong> (Ford) na WP2 sice m\u00edrn\u011b narostla na p\u011bt a p\u016fl minuty, v pr\u016fb\u011b\u017en\u00e9m po\u0159ad\u00ed si ale polep\u0161il, kdy\u017e se posunul na 9. m\u00edsto p\u0159ed B. Garafulica (Mini 4&#215;4) a A.\u00a0Dom\u017ca\u0142u, kte\u0159\u00ed spole\u010dn\u011b s H. Huntem (Peugeot) figurovali p\u0159ed jezdcem t\u00fdmu MP-Sports p\u0159ed 5. etapou v pr\u016fb\u011b\u017en\u00e9m po\u0159ad\u00ed.[\/vc_column_text][vc_column_text]<strong>17:18<\/strong> &#8211; <strong>Carlos Sainz (Mini Buggy) zat\u00edm st\u00e1le nejrychlej\u0161\u00ed<\/strong>. Za \u0160pan\u011bla se po pr\u016fjezdu WP2 posouv\u00e1 <strong>S\u00e9bastien Loeb<\/strong> (Peugeot, +12 s), n\u00e1sleduj\u00ed Peterhansel (+20 s) a Al-Attiyah (+47 s). M\u00e9n\u011b ne\u017e minutovou ztr\u00e1tu m\u00e1 je\u0161t\u011b p\u00e1t\u00fd <strong>Nani Roma<\/strong> (Mini 4&#215;4, +58 s).[\/vc_column_text][vc_column_text]<strong>17:07<\/strong> &#8211; WP2 &#8211; <strong>Nasser Al-Attiyah<\/strong> (Toyota) si St\u00e9phana Peterhansela rozhodn\u011b nechce nechat ujet. Dvouminutovou ztr\u00e1tu z WP1 zredukoval na 27 sekund[\/vc_column_text][vc_column_text]<strong>16:56<\/strong> &#8211; <strong>Martin Prokop<\/strong> (Ford) byl p\u0159ed dne\u0161n\u00ed etapou 11. a r\u00e1d by se p\u0159ed dnem volna probil do Top 10. Na WP1 je zat\u00edm 12. s t\u00e9m\u011b\u0159 5minutovou ztr\u00e1tou[\/vc_column_text][vc_column_text]<strong>16:46<\/strong> &#8211; Na WP1 zat\u00edm nejrychlej\u0161\u00ed <strong>Carlos Sainz<\/strong> (Mini Buggy), kter\u00fd v\u0161ak po probl\u00e9mech v p\u0159edchoz\u00edch etap\u00e1ch vypadl z boje o nejvy\u0161\u0161\u00ed p\u0159\u00ed\u010dky v celkov\u00e9m po\u0159ad\u00ed. Druh\u00fd je jeho t\u00fdmov\u00fd kolega <strong>St\u00e9phane Peterhansel<\/strong> (+0:37 s),\u00a0 leader sout\u011b\u017ee <strong>Nasser Al-Attiyah<\/strong> (Toyota) zaostal v prvn\u00edm \u00faseku o 1:51 min.[\/vc_column_text][vc_column_text]<strong>15:50<\/strong> &#8211; V kategorii automobil\u016f se dnes startuje po dvojic\u00edch. V 15:50 na tra\u0165 spole\u010dn\u011b vyr\u00e1\u017e\u00ed\u00a0<strong>Nasser Al-Attiyah<\/strong> (Toyota) a <strong>St\u00e9phane Peterhansel<\/strong>. V pr\u016fb\u011b\u017en\u00e9m hodnocen\u00ed vede Kata\u0159an o 8:55 min p\u0159ed Francouzem. V posledn\u00edch dvou etap\u00e1ch pr\u00e1v\u011b tito dva matado\u0159i sv\u00e1d\u011bli vyrovnan\u00e9 souboje o v\u00edt\u011bzstv\u00ed. Ve st\u0159edu se radoval Peterhansel, v\u010dera Al-Attiyah. Tak kdo dnes? Nebo se budou tihle dva pr\u00e1t, ale sm\u00e1t se bude n\u011bkdo t\u0159et\u00ed? Na odpov\u011b\u010f si mus\u00edme p\u00e1r hodin po\u010dkat&#8230;[\/vc_column_text][\/vc_tta_section][vc_tta_section title=&#8221;Kamiony&#8221; tab_id=&#8221;1547209196245-ed512701-c78a961e-2cea&#8221;][vc_column_text]<em>0:00 &#8211; Je jist\u00e9, \u017ee <strong>na \u00fapln\u00e9 v\u00fdsledky si budeme muset po\u010dkat<\/strong> do r\u00e1na. D\u011bkujeme, \u017ee jste dne\u0161n\u00ed etapu sledovali spole\u010dn\u011b s n\u00e1mi na DakarMania.cz. T\u011b\u0161\u00edme se na shledanou v ned\u011bli u on-linu ze 6. etapy. Dobrou noc.<\/em><\/p>\n<p>P.S. Martin Mac\u00edk ml. st\u00e1le naposledy na WP5. \u017d\u00e1dnou \u010derstvou informaci t\u00fdmu Big Shock Racing se n\u00e1m nepoda\u0159ilo vyp\u00e1trat&#8230;[\/vc_column_text][vc_column_text]<strong>!!! 23:44 &#8211; Z\u00c1V\u011aR ETAPY PRO DAL\u0160\u00cd VOZY NEUTRALIZOV\u00c1N.<\/strong> Pro jezdce, kte\u0159\u00ed dosud neprojeli kontroln\u00edm bodem \u010d\u00edslo 3 (425. km), skon\u010d\u00ed dne\u0161n\u00ed speci\u00e1lka pr\u00e1v\u011b tady. D\u016fvodem je hust\u00e1 mlha v dal\u0161\u00edm \u00faseku a obavy o bezpe\u010dnost \u00fa\u010dastn\u00edk\u016f.[\/vc_column_text][vc_column_text]23:26 &#8211; <strong>Eduard Nikolajev<\/strong> (Kamaz) si t\u0159et\u00edm etapov\u00fdm v\u00edt\u011bzstv\u00edm upevnil veden\u00ed v pr\u016fb\u011b\u017en\u00e9m hodnocen\u00ed kategorie kamion\u016f. Na trati z Tacny do Arequipy byl o 3:15 min rychlej\u0161\u00ed ne\u017e t\u00fdmov\u00fd kolega <strong>Dmitrij Sotnikov<\/strong>. T\u0159et\u00ed m\u00edsto dnes vybojoval <strong>Sergej Vjazovi\u010d<\/strong> s Mazem (+6:22 min). V\u00edt\u011bz dvou p\u0159edchoz\u00edch etap <strong>Andrej Karginov<\/strong> dnes spokojen\u00fd nebude. V etap\u011b byl \u010dtvrt\u00fd, ztratil 11:47 min a v pr\u016fb\u011b\u017en\u00e9m po\u0159ad\u00ed klesl za Sotnikova. Po\u0159ad\u00ed na \u0161pici po prvn\u00edm t\u00fddnu: 1. Nikolajev, 2. Sotnikov +11:54, 3. Karginov +16:45 (v\u0161ichni Kamaz).[\/vc_column_text][vc_column_text]<strong>22:58<\/strong> &#8211; <strong>Eduard Nikolajev<\/strong> s Kamazem m\u00e1 na dosah 3. etapov\u00e9 v\u00edt\u011bzstv\u00ed na leto\u0161n\u00edm Dakaru. Na p\u0159edposledn\u00edm mezi\u010dase op\u011bt o n\u011bkolik vte\u0159in poodjel t\u00fdmov\u00e9mu kolegovi Dmitriji Sotnikovi, kter\u00fd ztr\u00e1c\u00ed 58 sekund. Nebo se je\u0161t\u011b Sotnikov nadechne k z\u00e1v\u011bre\u010dn\u00e9mu n\u00e1poru?[\/vc_column_text][vc_column_text]22:53 &#8211; \u010cas <strong>Martina Mac\u00edka jr.<\/strong> st\u00e1le jen z WP5, tedy je\u0161t\u011b p\u0159ed neutralizovanou sekc\u00ed, kde ztr\u00e1cel 2 hod a 41 min.[\/vc_column_text][vc_column_text]<strong>22:48 &#8211; Ale\u0161 Loprais<\/strong> (Tatra) je na WP8 zat\u00edm osm\u00fd, zat\u00edm v\u0161ak neprojel pozd\u011bji startuj\u00edc\u00ed Villagra (Iveco), kter\u00fd se na p\u0159edchoz\u00edch mezi\u010dasech pohyboval okolo \u010dtvrt\u00e9ho p\u00e1t\u00e9ho m\u00edsta. Loprais o n\u011bco sn\u00ed\u017eil odstup (+17:10) od nejrychlej\u0161\u00edho Nikolajeva (Kamaz)[\/vc_column_text][vc_column_text]<strong>21:40 &#8211; MARTIN MAC\u00cdK ZNOVU JEDE!<\/strong> Pos\u00e1dka t\u00fdmu Big Shock Racing opravila po\u0161kozenou n\u00e1pravu a projela WP5, by\u0165 se ztr\u00e1tou 2 hodin a 41 minut.[\/vc_column_text][vc_column_text]<strong>21:30<\/strong> &#8211; Um\u00edst\u011bn\u00ed \u010desk\u00fdch trucker\u016f p\u0159ed neutralizovanou \u010d\u00e1st\u00ed speci\u00e1lky: 9. <strong>Ale\u0161 Loprais<\/strong> (+18:16), 11. <strong>Martin \u0160oltys<\/strong> (+34:07). Na osm\u00e9ho Tona van Genugtena ztr\u00e1c\u00ed Loprais 3 minuty. U\u017e mezi WP2 a WP3 z\u016fstal st\u00e1t Janus van Kasteren (Renault), kter\u00fd byl p\u0159ed etapou na osm\u00e9m m\u00edst\u011b p\u0159ed pos\u00e1dkou Tatry #507. Probl\u00e9my soupe\u0159\u016f (Van Kasteren, Mac\u00edk) tak posouvaj\u00ed Lopraise virtu\u00e1ln\u011b o 2 p\u0159\u00ed\u010dky v\u00fd\u0161. Ale do c\u00edle etapy je je\u0161t\u011b daleko&#8230;[\/vc_column_text][vc_column_text]<strong>21:08<\/strong> &#8211; <strong>Ale\u0161 Loprais<\/strong> (Tatra) potvrdil, \u017ee v dun\u00e1ch um\u00ed. Pr\u00e1v\u011b ty toti\u017e na pos\u00e1dky \u010dekaly mezi WP5 a WP6 a Ale\u0161ova ztr\u00e1ta v tomto \u00faseku narostla ve srovn\u00e1n\u00ed s Nikolajevem jen o 48 sekund. Celkov\u011b v\u0161ak zaost\u00e1v\u00e1 o 18 minut a bojuje na konci prvn\u00ed des\u00edtky.[\/vc_column_text][vc_column_text]<strong>20:59<\/strong> &#8211; &#8230;a mezi t\u00edm na jin\u00e9m m\u00edst\u011b dorazila \u0161pi\u010dka do bodu, kde za\u010d\u00edn\u00e1 66kilometrov\u00e1 neutralizace. <strong>Eduard Nikolajev<\/strong> a <strong>Dmitrij Sotnikov<\/strong> si prohodili pozice, na prvn\u00ed m\u00edsto se vrac\u00ed v\u00edt\u011bz dvou p\u0159edchoz\u00edch ro\u010dn\u00edk\u016f (a Dakaru 2013) Nikolajev, ov\u0161em jen s tit\u011brn\u00fdm n\u00e1skokem 27 sekund. Roli vyzyvatele Kamaz\u016f na sv\u00e1 bedra po Mac\u00edkov\u011b zav\u00e1h\u00e1n\u00ed p\u0159evzal <strong>Sergej Vjazovi\u010d<\/strong> (MAZ, +4:18), \u010dtvrt\u00fd je Karginov (+9:39).[\/vc_column_text][vc_column_text]<strong>20:58<\/strong> &#8211; Info t\u00fdmu Big Shock Racing <strong>k situaci Martina Mac\u00edka:<\/strong>\u00a0<em>Podle informac\u00ed, kter\u00e9 m\u00e1me k dispozici, m\u00e1 Martin s pos\u00e1dkou technick\u00e9 t\u011b\u017ekosti. Bojuj\u00ed na trati a sna\u017e\u00ed se d\u00e1t Frantu za ka\u017edou cenu do po\u0159\u00e1dku, aby mohli dojet do c\u00edle a pokra\u010dovat v z\u00e1vod\u011b. Maj\u00ed probl\u00e9m s kolem. Vypad\u00e1 to pom\u011brn\u011b v\u00e1\u017en\u011b, ale nemaj\u00ed v pl\u00e1nu to vzd\u00e1t.<\/em>[\/vc_column_text][vc_column_text]<strong>20:13 &#8211; Bratrovra\u017eedn\u00fd boj Kamaz\u016f na \u0161pici pokra\u010duje<\/strong>, ale v\u00edt\u011bz p\u0159edchoz\u00edch dvou etap <strong>Andrej Karginov<\/strong> z n\u011bj (minim\u00e1ln\u011b pro tuto chv\u00edli) vypad\u00e1v\u00e1. Do \u010dela jde <strong>Dmitrij Sotnikov<\/strong>, kter\u00fd vede p\u0159ed <strong>Eduardem Nikolajevem<\/strong> o 46 sekund. Karginov ztratil skoro 9 minut a nav\u00edc jej p\u0159edstihl i <strong>Sergej Vjazovi\u010d<\/strong> s Mazem.[\/vc_column_text][vc_column_text]<strong>20:05<\/strong> &#8211; Na WP5 dorazily ob\u011b Tatry. <strong>Ale\u0161 Loprais<\/strong> z\u016fst\u00e1v\u00e1 dev\u00e1t\u00fd (+19:45 min), <strong>Martin \u0160oltys<\/strong> dr\u017e\u00ed 11. p\u0159\u00ed\u010dku (+31:36). Na \u010dele se srovnala trojice Kamaz\u016f v po\u0159ad\u00ed Nikolajev, Karginov (+ 38 s), Sotnikov (+2:46 min). Nejlep\u0161\u00edm ze &#8220;zbytku sv\u011bta&#8221; je nyn\u00ed G. de Rooy s Ivecem (+8:20).[\/vc_column_text][vc_column_text]<strong>19:35 &#8211; MARTIN MAC\u00cdK URAZIL P\u0158EDN\u00cd KOLO<\/strong> a u\u017e v\u00edce ne\u017e hodinu stoj\u00ed na 205. kilometru dne\u0161n\u00ed speci\u00e1lky&#8230;[\/vc_column_text][vc_column_text]<strong>19:15 &#8211; Martin Mac\u00edk m\u00e1 probl\u00e9m.<\/strong> Na WP5 u\u017e dorazily v\u0161echny t\u0159i Kamazy, s nimi\u017e v \u00favodu etapy \u010desk\u00fd jezdec bojoval, a s 10minutovou ztr\u00e1tou i Sergej Vjazovi\u010d (MAZ), ale na pos\u00e1dku Liazky v barv\u00e1ch Big Shock Racing Teamu st\u00e1le marn\u011b \u010dek\u00e1me&#8230;[\/vc_column_text][vc_column_text]<strong>18:59<\/strong> &#8211; WP4\u00a0 u\u017e projeli tak\u00e9 oba piloti Tatrovek. Zat\u00edm se dr\u017e\u00ed na hranici prvn\u00ed des\u00edtky. <strong>Ale\u0161 Loprais<\/strong> (Instaforex Loprais Team) je dev\u00e1t\u00fd (+14:47) a <strong>Martin \u0160oltys<\/strong> (Buggyra Racing) jeden\u00e1ct\u00fd (+18:32)[\/vc_column_text][vc_column_text]<strong>18:19<\/strong> &#8211; Zb\u011bsil\u00e9 tempo <strong>Andreje Karginova<\/strong> s Kamazem\u00a0<strong>Martin Mac\u00edk<\/strong> (Liaz) ve \u010dtvrt\u00e9m \u00faseku neudr\u017eel. Rus v\u0161em odsko\u010dil, jeho t\u00fdmov\u00fd kolega Nikolajev je druh\u00fd (+1:17), t\u0159et\u00ed Mac\u00edk zaost\u00e1v\u00e1 o dal\u0161\u00ed 4 sekundy. \u010ctvrt\u00fd je Sotnikov (+2:47). P\u0159ipome\u0148me, \u017ee vedouc\u00edho Nikolajeva a druh\u00e9ho Karginova d\u011blily p\u0159ed etapou 4 minuty a 58 vte\u0159in.[\/vc_column_text][vc_column_text]<strong>18:04 &#8211; Martin Mac\u00edk zat\u00e1p\u00ed Kamaz\u016fm<\/strong>. Na WP3 se pilot \u017eluto\u010dern\u00e9 liazky vrac\u00ed na prvn\u00ed pozici s n\u00e1skokem 17 s p\u0159ed <strong>Andrejem Karginovem<\/strong>, t\u0159et\u00ed je <strong>Eduard Nikolajev<\/strong> (+30:00 s, oba Kamaz). Pr\u016fb\u011b\u017en\u011b \u010dtvrt\u00fd je jejich t\u00fdmov\u00fd kolega <strong>Dmitrij Sotnikov<\/strong> (+1:21 min).[\/vc_column_text][vc_column_text]<strong>18:00<\/strong> &#8211; <strong>Martin \u0160oltys<\/strong> (Tatra Buggyra) se na WP2 posouv\u00e1 p\u0159ed <strong>Ale\u0161e Lopraise<\/strong> (Tatra), kter\u00fd ve druh\u00e9m \u00faseku trochu ztratil, jeho odstup od vedouc\u00ed dvojice narostl na 9 minut a p\u0159ed \u010desk\u00e9ho z\u00e1vodn\u00edka se krom\u011b jeho krajana dostali nap\u0159. tak\u00e9 M. van den Heuvel (Iveco) nebo A. Mard\u011bjev s Kamazem.[\/vc_column_text][vc_column_text]<strong>17:35<\/strong> &#8211; <strong>Zm\u011bna na \u010dele<\/strong>. Leader pr\u016fb\u011b\u017en\u00e9ho hodnocen\u00ed sout\u011b\u017ee <strong>Eduard Nikolajev<\/strong> (Kamaz) jde na WP2 na prvn\u00ed m\u00edsto, <strong>Martin Mac\u00edk<\/strong> je druh\u00fd se ztr\u00e1tou 28 sekund. T\u0159et\u00ed Karginov je o dal\u0161\u00edch 40 sekund vzadu.[\/vc_column_text][vc_column_text]<strong>17:34<\/strong> &#8211; Do prvn\u00ed des\u00edtky se na WP1 ve\u0161el tak\u00e9 posledn\u00ed z trojice \u010desk\u00fdch trucker\u016f pokra\u010duj\u00edc\u00edch v z\u00e1vod\u011b <strong>Martin \u0160oltys<\/strong> (+4:15 min) s Tatrou t\u00fdmu Buggyra.[\/vc_column_text][vc_column_text]<strong>17:00<\/strong> &#8211; Dob\u0159e za\u010dal druhou \u010d\u00e1st maratonsk\u00e9 dvouetapy tak\u00e9 <strong>Ale\u0161 Loprais<\/strong> s Tatrou. Zat\u00edm 9. mu\u017e pr\u016fb\u011b\u017en\u00e9ho hodnocen\u00ed zvl\u00e1dl \u00favodn\u00ed sekci v 7. nejrychlej\u0161\u00edm \u010dasem, za Mac\u00edkem zaostal o 3:38 min. Aktu\u00e1ln\u011b bojuje s Vjazovi\u010dem (MAZ) o 6. p\u0159\u00ed\u010dku. B\u011blorus m\u00e1 na WP1 k dobru 27 sekund.[\/vc_column_text][vc_column_text]<strong>16:45 &#8211; Martin Mac\u00edk (Liaz) za\u010dal zostra.<\/strong> Na WP1 zat\u00edm vede, 15 s p\u0159ed obh\u00e1jcem lo\u0148sk\u00e9ho v\u00edt\u011bzstv\u00ed E. Nikolajevem a v\u00edt\u011bzem p\u0159edchoz\u00edch dvou etap A. Karginovem (+25 s).[\/vc_column_text][vc_column_text]<strong>16:02<\/strong> &#8211; V kategorii kamion\u016f se do dne\u0161n\u00ed etapy jako prvn\u00ed spole\u010dn\u011b vyd\u00e1 dvojice <strong>Andrej Karginov<\/strong> (Kamaz), <strong>Martin Mac\u00edk<\/strong> (Liaz). Ve v\u010derej\u0161\u00ed etap\u011b svedli velkou bitvu o v\u00edt\u011bzstv\u00ed. Dlouho vedl Mac\u00edk, nakonec byl o minutu a p\u016fl rychlej\u0161\u00ed Rus. Uvid\u00edme dal\u0161\u00ed zaj\u00edmav\u00e9 pokra\u010dov\u00e1n\u00ed duelu t\u00e9to dvojice? Po v\u00edt\u011bzstv\u00ed ve dvou p\u0159edchoz\u00edch etap\u00e1ch je Karginov pr\u016fb\u011b\u017en\u011b druh\u00fd, necel\u00fdch p\u011bt minut za v\u00edt\u011bzem dvou p\u0159edchoz\u00edch ro\u010dn\u00edk\u016f E. Nikolajevem s dal\u0161\u00edm Kamazem.[\/vc_column_text][\/vc_tta_section][\/vc_tta_accordion][\/vc_column][\/vc_row][vc_row][vc_column][vc_text_separator title=&#8221;Souhrn 4. etapy&#8221; i_icon_fontawesome=&#8221;fa fa-video-camera&#8221; i_color=&#8221;custom&#8221; i_size=&#8221;sm&#8221; title_align=&#8221;separator_align_left&#8221; color=&#8221;custom&#8221; add_icon=&#8221;true&#8221; accent_color=&#8221;#f49b00&#8243; i_custom_color=&#8221;#f49b00&#8243;][\/vc_column][\/vc_row][vc_row][vc_column width=&#8221;1\/3&#8243;][vc_video link=&#8221;https:\/\/youtu.be\/hpiUdvR3SFw&#8221;][\/vc_column][vc_column width=&#8221;1\/3&#8243;][vc_video link=&#8221;https:\/\/youtu.be\/liQRpb06vSg&#8221;][\/vc_column][vc_column width=&#8221;1\/3&#8243;][vc_video link=&#8221;https:\/\/youtu.be\/JhSANFAJfrs&#8221;][\/vc_column][\/vc_row]<\/p>\n","protected":false},"excerpt":{"rendered":"<p>[vc_row][vc_column][vc_column_text] Rally Dakar 2019 pokra\u010dovala v p\u00e1tek 11. ledna p\u00e1tou etapou z Moqueguy, resp. Tacny do Arequipy. \u0160lo z\u00e1rove\u0148 o z\u00e1v\u011bre\u010dnou \u010d\u00e1st maratonsk\u00e9 dvouetapy, b\u011bhem n\u00ed\u017e se sout\u011b\u017e\u00edc\u00ed museli ve \u010dtvrte\u010dn\u00edm no\u010dn\u00edm bivaku obej\u00edt bez pomoci sv\u00fdch mechanik\u016f a z\u00e1zem\u00ed t\u00fdm\u016f. Motocyklisty a \u010dty\u0159kolk\u00e1\u0159e v p\u00e1tek 11. ledna \u010dekala speci\u00e1lka dlouh\u00e1 345 km, automobily a [&hellip;]<\/p>\n","protected":false},"author":1,"featured_media":1892,"comment_status":"open","ping_status":"closed","sticky":false,"template":"","format":"standard","meta":{"footnotes":""},"categories":[2],"tags":[8,9],"class_list":["post-1760","post","type-post","status-publish","format-standard","has-post-thumbnail","hentry","category-dakar","tag-dakar","tag-dakar-2019"],"yoast_head":"<!-- This site is optimized with the Yoast SEO plugin v24.9 - https:\/\/yoast.com\/wordpress\/plugins\/seo\/ -->\n<title>Dakar 2019: 5. etapa minutu po minut\u011b - DAKARMANIA.cz<\/title>\n<meta name=\"description\" content=\"Rally Dakar 2019 pokra\u010duje v p\u00e1tek 11. ledna p\u00e1tou etapou z Moqueguy, resp. Tacny do Arequipy. Jde z\u00e1rove\u0148 o z\u00e1v\u011bre\u010dnou \u010d\u00e1st maratonsk\u00e9 dvouetapy\" \/>\n<meta name=\"robots\" content=\"index, follow, max-snippet:-1, max-image-preview:large, max-video-preview:-1\" \/>\n<link rel=\"canonical\" href=\"https:\/\/www.dakarmania.cz\/index.php\/2019\/01\/11\/dakar-2019-5-etapa-minutu-po-minute\/\" \/>\n<meta property=\"og:locale\" content=\"cs_CZ\" \/>\n<meta property=\"og:type\" content=\"article\" \/>\n<meta property=\"og:title\" content=\"Dakar 2019: 5. etapa minutu po minut\u011b - DAKARMANIA.cz\" \/>\n<meta property=\"og:description\" content=\"Rally Dakar 2019 pokra\u010duje v p\u00e1tek 11. ledna p\u00e1tou etapou z Moqueguy, resp. Tacny do Arequipy. Jde z\u00e1rove\u0148 o z\u00e1v\u011bre\u010dnou \u010d\u00e1st maratonsk\u00e9 dvouetapy\" \/>\n<meta property=\"og:url\" content=\"https:\/\/www.dakarmania.cz\/index.php\/2019\/01\/11\/dakar-2019-5-etapa-minutu-po-minute\/\" \/>\n<meta property=\"og:site_name\" content=\"DAKARMANIA.cz\" \/>\n<meta property=\"article:publisher\" content=\"https:\/\/www.facebook.com\/dakarmania\/\" \/>\n<meta property=\"article:published_time\" content=\"2019-01-11T12:42:49+00:00\" \/>\n<meta property=\"article:modified_time\" content=\"2019-01-13T14:31:36+00:00\" \/>\n<meta property=\"og:image\" content=\"https:\/\/www.dakarmania.cz\/wp-content\/uploads\/2019\/01\/19-dakar-al-attiyah04.jpg\" \/>\n\t<meta property=\"og:image:width\" content=\"1024\" \/>\n\t<meta property=\"og:image:height\" content=\"682\" \/>\n\t<meta property=\"og:image:type\" content=\"image\/jpeg\" \/>\n<meta name=\"author\" content=\"Zden\u011bk Zelenka\" \/>\n<meta name=\"twitter:card\" content=\"summary_large_image\" \/>\n<meta name=\"twitter:label1\" content=\"Napsal(a)\" \/>\n\t<meta name=\"twitter:data1\" content=\"Zden\u011bk Zelenka\" \/>\n\t<meta name=\"twitter:label2\" content=\"Odhadovan\u00e1 doba \u010dten\u00ed\" \/>\n\t<meta name=\"twitter:data2\" content=\"28 minut\" \/>\n<script type=\"application\/ld+json\" class=\"yoast-schema-graph\">{\"@context\":\"https:\/\/schema.org\",\"@graph\":[{\"@type\":\"Article\",\"@id\":\"https:\/\/www.dakarmania.cz\/index.php\/2019\/01\/11\/dakar-2019-5-etapa-minutu-po-minute\/#article\",\"isPartOf\":{\"@id\":\"https:\/\/www.dakarmania.cz\/index.php\/2019\/01\/11\/dakar-2019-5-etapa-minutu-po-minute\/\"},\"author\":{\"name\":\"Zden\u011bk Zelenka\",\"@id\":\"https:\/\/www.dakarmania.cz\/#\/schema\/person\/04eb0e87a389631c2169c0dddae7ff1e\"},\"headline\":\"Dakar 2019: 5. etapa minutu po minut\u011b\",\"datePublished\":\"2019-01-11T12:42:49+00:00\",\"dateModified\":\"2019-01-13T14:31:36+00:00\",\"mainEntityOfPage\":{\"@id\":\"https:\/\/www.dakarmania.cz\/index.php\/2019\/01\/11\/dakar-2019-5-etapa-minutu-po-minute\/\"},\"wordCount\":5632,\"commentCount\":0,\"publisher\":{\"@id\":\"https:\/\/www.dakarmania.cz\/#organization\"},\"image\":{\"@id\":\"https:\/\/www.dakarmania.cz\/index.php\/2019\/01\/11\/dakar-2019-5-etapa-minutu-po-minute\/#primaryimage\"},\"thumbnailUrl\":\"https:\/\/www.dakarmania.cz\/wp-content\/uploads\/2019\/01\/19-dakar-al-attiyah04.jpg\",\"keywords\":[\"Dakar\",\"Dakar 2019\"],\"articleSection\":[\"Rally Dakar\"],\"inLanguage\":\"cs\",\"potentialAction\":[{\"@type\":\"CommentAction\",\"name\":\"Comment\",\"target\":[\"https:\/\/www.dakarmania.cz\/index.php\/2019\/01\/11\/dakar-2019-5-etapa-minutu-po-minute\/#respond\"]}]},{\"@type\":\"WebPage\",\"@id\":\"https:\/\/www.dakarmania.cz\/index.php\/2019\/01\/11\/dakar-2019-5-etapa-minutu-po-minute\/\",\"url\":\"https:\/\/www.dakarmania.cz\/index.php\/2019\/01\/11\/dakar-2019-5-etapa-minutu-po-minute\/\",\"name\":\"Dakar 2019: 5. etapa minutu po minut\u011b - DAKARMANIA.cz\",\"isPartOf\":{\"@id\":\"https:\/\/www.dakarmania.cz\/#website\"},\"primaryImageOfPage\":{\"@id\":\"https:\/\/www.dakarmania.cz\/index.php\/2019\/01\/11\/dakar-2019-5-etapa-minutu-po-minute\/#primaryimage\"},\"image\":{\"@id\":\"https:\/\/www.dakarmania.cz\/index.php\/2019\/01\/11\/dakar-2019-5-etapa-minutu-po-minute\/#primaryimage\"},\"thumbnailUrl\":\"https:\/\/www.dakarmania.cz\/wp-content\/uploads\/2019\/01\/19-dakar-al-attiyah04.jpg\",\"datePublished\":\"2019-01-11T12:42:49+00:00\",\"dateModified\":\"2019-01-13T14:31:36+00:00\",\"description\":\"Rally Dakar 2019 pokra\u010duje v p\u00e1tek 11. ledna p\u00e1tou etapou z Moqueguy, resp. Tacny do Arequipy. Jde z\u00e1rove\u0148 o z\u00e1v\u011bre\u010dnou \u010d\u00e1st maratonsk\u00e9 dvouetapy\",\"breadcrumb\":{\"@id\":\"https:\/\/www.dakarmania.cz\/index.php\/2019\/01\/11\/dakar-2019-5-etapa-minutu-po-minute\/#breadcrumb\"},\"inLanguage\":\"cs\",\"potentialAction\":[{\"@type\":\"ReadAction\",\"target\":[\"https:\/\/www.dakarmania.cz\/index.php\/2019\/01\/11\/dakar-2019-5-etapa-minutu-po-minute\/\"]}]},{\"@type\":\"ImageObject\",\"inLanguage\":\"cs\",\"@id\":\"https:\/\/www.dakarmania.cz\/index.php\/2019\/01\/11\/dakar-2019-5-etapa-minutu-po-minute\/#primaryimage\",\"url\":\"https:\/\/www.dakarmania.cz\/wp-content\/uploads\/2019\/01\/19-dakar-al-attiyah04.jpg\",\"contentUrl\":\"https:\/\/www.dakarmania.cz\/wp-content\/uploads\/2019\/01\/19-dakar-al-attiyah04.jpg\",\"width\":1024,\"height\":682,\"caption\":\"Nasser Al-Attiyah\/Mathieu Baumel, Toyota Hilux, Toyota Gazoo Racing SA. \u00a9 Red Bull Content Pool\"},{\"@type\":\"BreadcrumbList\",\"@id\":\"https:\/\/www.dakarmania.cz\/index.php\/2019\/01\/11\/dakar-2019-5-etapa-minutu-po-minute\/#breadcrumb\",\"itemListElement\":[{\"@type\":\"ListItem\",\"position\":1,\"name\":\"Dom\u016f\",\"item\":\"https:\/\/www.dakarmania.cz\/\"},{\"@type\":\"ListItem\",\"position\":2,\"name\":\"Dakar 2019: 5. etapa minutu po minut\u011b\"}]},{\"@type\":\"WebSite\",\"@id\":\"https:\/\/www.dakarmania.cz\/#website\",\"url\":\"https:\/\/www.dakarmania.cz\/\",\"name\":\"DAKARMANIA.cz\",\"description\":\"\u017dijeme Dakarem cel\u00fd rok\",\"publisher\":{\"@id\":\"https:\/\/www.dakarmania.cz\/#organization\"},\"potentialAction\":[{\"@type\":\"SearchAction\",\"target\":{\"@type\":\"EntryPoint\",\"urlTemplate\":\"https:\/\/www.dakarmania.cz\/?s={search_term_string}\"},\"query-input\":{\"@type\":\"PropertyValueSpecification\",\"valueRequired\":true,\"valueName\":\"search_term_string\"}}],\"inLanguage\":\"cs\"},{\"@type\":\"Organization\",\"@id\":\"https:\/\/www.dakarmania.cz\/#organization\",\"name\":\"DAKAR MANIA\",\"url\":\"https:\/\/www.dakarmania.cz\/\",\"logo\":{\"@type\":\"ImageObject\",\"inLanguage\":\"cs\",\"@id\":\"https:\/\/www.dakarmania.cz\/#\/schema\/logo\/image\/\",\"url\":\"https:\/\/www.dakarmania.cz\/wp-content\/uploads\/2018\/12\/Dakar-Mania-Logo-Square-Orange.png\",\"contentUrl\":\"https:\/\/www.dakarmania.cz\/wp-content\/uploads\/2018\/12\/Dakar-Mania-Logo-Square-Orange.png\",\"width\":992,\"height\":992,\"caption\":\"DAKAR MANIA\"},\"image\":{\"@id\":\"https:\/\/www.dakarmania.cz\/#\/schema\/logo\/image\/\"},\"sameAs\":[\"https:\/\/www.facebook.com\/dakarmania\/\"]},{\"@type\":\"Person\",\"@id\":\"https:\/\/www.dakarmania.cz\/#\/schema\/person\/04eb0e87a389631c2169c0dddae7ff1e\",\"name\":\"Zden\u011bk Zelenka\",\"image\":{\"@type\":\"ImageObject\",\"inLanguage\":\"cs\",\"@id\":\"https:\/\/www.dakarmania.cz\/#\/schema\/person\/image\/\",\"url\":\"https:\/\/secure.gravatar.com\/avatar\/2c80d5a4942fe0900b73cc7d3837a509d6ee0a276a2b76dac95c92bd0763a89b?s=96&d=mm&r=g\",\"contentUrl\":\"https:\/\/secure.gravatar.com\/avatar\/2c80d5a4942fe0900b73cc7d3837a509d6ee0a276a2b76dac95c92bd0763a89b?s=96&d=mm&r=g\",\"caption\":\"Zden\u011bk Zelenka\"},\"description\":\"Moji d\u011bt\u0161t\u00ed hrdinov\u00e9 se jmenovali Loprais, Moskal, Neveu, Vatanen, Rahier... A tihle borci, jejich n\u00e1sledovn\u00edci a jejich p\u0159\u00edb\u011bhy m\u011b nep\u0159estali fascinovat ani po letech, kdy jsem vyrostl a zam\u011bstn\u00e1valy m\u011b jin\u00e9 discipl\u00edny motorsportu. Proto se zrodila DAKARMANIA.\",\"url\":\"https:\/\/www.dakarmania.cz\/index.php\/author\/dakarmania\/\"}]}<\/script>\n<!-- \/ Yoast SEO plugin. -->","yoast_head_json":{"title":"Dakar 2019: 5. etapa minutu po minut\u011b - DAKARMANIA.cz","description":"Rally Dakar 2019 pokra\u010duje v p\u00e1tek 11. ledna p\u00e1tou etapou z Moqueguy, resp. Tacny do Arequipy. Jde z\u00e1rove\u0148 o z\u00e1v\u011bre\u010dnou \u010d\u00e1st maratonsk\u00e9 dvouetapy","robots":{"index":"index","follow":"follow","max-snippet":"max-snippet:-1","max-image-preview":"max-image-preview:large","max-video-preview":"max-video-preview:-1"},"canonical":"https:\/\/www.dakarmania.cz\/index.php\/2019\/01\/11\/dakar-2019-5-etapa-minutu-po-minute\/","og_locale":"cs_CZ","og_type":"article","og_title":"Dakar 2019: 5. etapa minutu po minut\u011b - DAKARMANIA.cz","og_description":"Rally Dakar 2019 pokra\u010duje v p\u00e1tek 11. ledna p\u00e1tou etapou z Moqueguy, resp. Tacny do Arequipy. Jde z\u00e1rove\u0148 o z\u00e1v\u011bre\u010dnou \u010d\u00e1st maratonsk\u00e9 dvouetapy","og_url":"https:\/\/www.dakarmania.cz\/index.php\/2019\/01\/11\/dakar-2019-5-etapa-minutu-po-minute\/","og_site_name":"DAKARMANIA.cz","article_publisher":"https:\/\/www.facebook.com\/dakarmania\/","article_published_time":"2019-01-11T12:42:49+00:00","article_modified_time":"2019-01-13T14:31:36+00:00","og_image":[{"width":1024,"height":682,"url":"https:\/\/www.dakarmania.cz\/wp-content\/uploads\/2019\/01\/19-dakar-al-attiyah04.jpg","type":"image\/jpeg"}],"author":"Zden\u011bk Zelenka","twitter_card":"summary_large_image","twitter_misc":{"Napsal(a)":"Zden\u011bk Zelenka","Odhadovan\u00e1 doba \u010dten\u00ed":"28 minut"},"schema":{"@context":"https:\/\/schema.org","@graph":[{"@type":"Article","@id":"https:\/\/www.dakarmania.cz\/index.php\/2019\/01\/11\/dakar-2019-5-etapa-minutu-po-minute\/#article","isPartOf":{"@id":"https:\/\/www.dakarmania.cz\/index.php\/2019\/01\/11\/dakar-2019-5-etapa-minutu-po-minute\/"},"author":{"name":"Zden\u011bk Zelenka","@id":"https:\/\/www.dakarmania.cz\/#\/schema\/person\/04eb0e87a389631c2169c0dddae7ff1e"},"headline":"Dakar 2019: 5. etapa minutu po minut\u011b","datePublished":"2019-01-11T12:42:49+00:00","dateModified":"2019-01-13T14:31:36+00:00","mainEntityOfPage":{"@id":"https:\/\/www.dakarmania.cz\/index.php\/2019\/01\/11\/dakar-2019-5-etapa-minutu-po-minute\/"},"wordCount":5632,"commentCount":0,"publisher":{"@id":"https:\/\/www.dakarmania.cz\/#organization"},"image":{"@id":"https:\/\/www.dakarmania.cz\/index.php\/2019\/01\/11\/dakar-2019-5-etapa-minutu-po-minute\/#primaryimage"},"thumbnailUrl":"https:\/\/www.dakarmania.cz\/wp-content\/uploads\/2019\/01\/19-dakar-al-attiyah04.jpg","keywords":["Dakar","Dakar 2019"],"articleSection":["Rally Dakar"],"inLanguage":"cs","potentialAction":[{"@type":"CommentAction","name":"Comment","target":["https:\/\/www.dakarmania.cz\/index.php\/2019\/01\/11\/dakar-2019-5-etapa-minutu-po-minute\/#respond"]}]},{"@type":"WebPage","@id":"https:\/\/www.dakarmania.cz\/index.php\/2019\/01\/11\/dakar-2019-5-etapa-minutu-po-minute\/","url":"https:\/\/www.dakarmania.cz\/index.php\/2019\/01\/11\/dakar-2019-5-etapa-minutu-po-minute\/","name":"Dakar 2019: 5. etapa minutu po minut\u011b - DAKARMANIA.cz","isPartOf":{"@id":"https:\/\/www.dakarmania.cz\/#website"},"primaryImageOfPage":{"@id":"https:\/\/www.dakarmania.cz\/index.php\/2019\/01\/11\/dakar-2019-5-etapa-minutu-po-minute\/#primaryimage"},"image":{"@id":"https:\/\/www.dakarmania.cz\/index.php\/2019\/01\/11\/dakar-2019-5-etapa-minutu-po-minute\/#primaryimage"},"thumbnailUrl":"https:\/\/www.dakarmania.cz\/wp-content\/uploads\/2019\/01\/19-dakar-al-attiyah04.jpg","datePublished":"2019-01-11T12:42:49+00:00","dateModified":"2019-01-13T14:31:36+00:00","description":"Rally Dakar 2019 pokra\u010duje v p\u00e1tek 11. ledna p\u00e1tou etapou z Moqueguy, resp. Tacny do Arequipy. Jde z\u00e1rove\u0148 o z\u00e1v\u011bre\u010dnou \u010d\u00e1st maratonsk\u00e9 dvouetapy","breadcrumb":{"@id":"https:\/\/www.dakarmania.cz\/index.php\/2019\/01\/11\/dakar-2019-5-etapa-minutu-po-minute\/#breadcrumb"},"inLanguage":"cs","potentialAction":[{"@type":"ReadAction","target":["https:\/\/www.dakarmania.cz\/index.php\/2019\/01\/11\/dakar-2019-5-etapa-minutu-po-minute\/"]}]},{"@type":"ImageObject","inLanguage":"cs","@id":"https:\/\/www.dakarmania.cz\/index.php\/2019\/01\/11\/dakar-2019-5-etapa-minutu-po-minute\/#primaryimage","url":"https:\/\/www.dakarmania.cz\/wp-content\/uploads\/2019\/01\/19-dakar-al-attiyah04.jpg","contentUrl":"https:\/\/www.dakarmania.cz\/wp-content\/uploads\/2019\/01\/19-dakar-al-attiyah04.jpg","width":1024,"height":682,"caption":"Nasser Al-Attiyah\/Mathieu Baumel, Toyota Hilux, Toyota Gazoo Racing SA. \u00a9 Red Bull Content Pool"},{"@type":"BreadcrumbList","@id":"https:\/\/www.dakarmania.cz\/index.php\/2019\/01\/11\/dakar-2019-5-etapa-minutu-po-minute\/#breadcrumb","itemListElement":[{"@type":"ListItem","position":1,"name":"Dom\u016f","item":"https:\/\/www.dakarmania.cz\/"},{"@type":"ListItem","position":2,"name":"Dakar 2019: 5. etapa minutu po minut\u011b"}]},{"@type":"WebSite","@id":"https:\/\/www.dakarmania.cz\/#website","url":"https:\/\/www.dakarmania.cz\/","name":"DAKARMANIA.cz","description":"\u017dijeme Dakarem cel\u00fd rok","publisher":{"@id":"https:\/\/www.dakarmania.cz\/#organization"},"potentialAction":[{"@type":"SearchAction","target":{"@type":"EntryPoint","urlTemplate":"https:\/\/www.dakarmania.cz\/?s={search_term_string}"},"query-input":{"@type":"PropertyValueSpecification","valueRequired":true,"valueName":"search_term_string"}}],"inLanguage":"cs"},{"@type":"Organization","@id":"https:\/\/www.dakarmania.cz\/#organization","name":"DAKAR MANIA","url":"https:\/\/www.dakarmania.cz\/","logo":{"@type":"ImageObject","inLanguage":"cs","@id":"https:\/\/www.dakarmania.cz\/#\/schema\/logo\/image\/","url":"https:\/\/www.dakarmania.cz\/wp-content\/uploads\/2018\/12\/Dakar-Mania-Logo-Square-Orange.png","contentUrl":"https:\/\/www.dakarmania.cz\/wp-content\/uploads\/2018\/12\/Dakar-Mania-Logo-Square-Orange.png","width":992,"height":992,"caption":"DAKAR MANIA"},"image":{"@id":"https:\/\/www.dakarmania.cz\/#\/schema\/logo\/image\/"},"sameAs":["https:\/\/www.facebook.com\/dakarmania\/"]},{"@type":"Person","@id":"https:\/\/www.dakarmania.cz\/#\/schema\/person\/04eb0e87a389631c2169c0dddae7ff1e","name":"Zden\u011bk Zelenka","image":{"@type":"ImageObject","inLanguage":"cs","@id":"https:\/\/www.dakarmania.cz\/#\/schema\/person\/image\/","url":"https:\/\/secure.gravatar.com\/avatar\/2c80d5a4942fe0900b73cc7d3837a509d6ee0a276a2b76dac95c92bd0763a89b?s=96&d=mm&r=g","contentUrl":"https:\/\/secure.gravatar.com\/avatar\/2c80d5a4942fe0900b73cc7d3837a509d6ee0a276a2b76dac95c92bd0763a89b?s=96&d=mm&r=g","caption":"Zden\u011bk Zelenka"},"description":"Moji d\u011bt\u0161t\u00ed hrdinov\u00e9 se jmenovali Loprais, Moskal, Neveu, Vatanen, Rahier... A tihle borci, jejich n\u00e1sledovn\u00edci a jejich p\u0159\u00edb\u011bhy m\u011b nep\u0159estali fascinovat ani po letech, kdy jsem vyrostl a zam\u011bstn\u00e1valy m\u011b jin\u00e9 discipl\u00edny motorsportu. Proto se zrodila DAKARMANIA.","url":"https:\/\/www.dakarmania.cz\/index.php\/author\/dakarmania\/"}]}},"amp_enabled":true,"_links":{"self":[{"href":"https:\/\/www.dakarmania.cz\/index.php\/wp-json\/wp\/v2\/posts\/1760","targetHints":{"allow":["GET"]}}],"collection":[{"href":"https:\/\/www.dakarmania.cz\/index.php\/wp-json\/wp\/v2\/posts"}],"about":[{"href":"https:\/\/www.dakarmania.cz\/index.php\/wp-json\/wp\/v2\/types\/post"}],"author":[{"embeddable":true,"href":"https:\/\/www.dakarmania.cz\/index.php\/wp-json\/wp\/v2\/users\/1"}],"replies":[{"embeddable":true,"href":"https:\/\/www.dakarmania.cz\/index.php\/wp-json\/wp\/v2\/comments?post=1760"}],"version-history":[{"count":135,"href":"https:\/\/www.dakarmania.cz\/index.php\/wp-json\/wp\/v2\/posts\/1760\/revisions"}],"predecessor-version":[{"id":1971,"href":"https:\/\/www.dakarmania.cz\/index.php\/wp-json\/wp\/v2\/posts\/1760\/revisions\/1971"}],"wp:featuredmedia":[{"embeddable":true,"href":"https:\/\/www.dakarmania.cz\/index.php\/wp-json\/wp\/v2\/media\/1892"}],"wp:attachment":[{"href":"https:\/\/www.dakarmania.cz\/index.php\/wp-json\/wp\/v2\/media?parent=1760"}],"wp:term":[{"taxonomy":"category","embeddable":true,"href":"https:\/\/www.dakarmania.cz\/index.php\/wp-json\/wp\/v2\/categories?post=1760"},{"taxonomy":"post_tag","embeddable":true,"href":"https:\/\/www.dakarmania.cz\/index.php\/wp-json\/wp\/v2\/tags?post=1760"}],"curies":[{"name":"wp","href":"https:\/\/api.w.org\/{rel}","templated":true}]}}