{"id":17644,"date":"2021-01-03T23:29:30","date_gmt":"2021-01-03T22:29:30","guid":{"rendered":"https:\/\/www.dakarmania.cz\/?p=17644"},"modified":"2021-01-03T23:29:30","modified_gmt":"2021-01-03T22:29:30","slug":"dakar-2021-pabiska-druhy-malle-moto","status":"publish","type":"post","link":"https:\/\/www.dakarmania.cz\/index.php\/2021\/01\/03\/dakar-2021-pabiska-druhy-malle-moto\/","title":{"rendered":"Dakar 2021: Pabi\u0161ka pr\u016fb\u011b\u017en\u011b druh\u00fd v malle moto"},"content":{"rendered":"<p>[vc_row][vc_column][vc_column_text css_animation=&#8221;fadeIn&#8221;]<\/p>\n<h3>Hned od za\u010d\u00e1tku Rally Dakar 2021 bojuje David Pabi\u0161ka v kategorii motocyklist\u016f z\u00e1vod\u00edc\u00edch bez asistence o nejvy\u0161\u0161\u00ed p\u0159\u00ed\u010dky. Po prvn\u00ed etap\u011b je pr\u016fb\u011b\u017en\u011b druh\u00fd.<\/h3>\n<p>[\/vc_column_text][vc_single_image image=&#8221;17643&#8243; img_size=&#8221;large&#8221; add_caption=&#8221;yes&#8221; alignment=&#8221;center&#8221; onclick=&#8221;link_image&#8221; css_animation=&#8221;fadeIn&#8221;][vc_column_text css_animation=&#8221;fadeIn&#8221;]Prvn\u00ed etapa Dakaru 2021 zavedla \u00fa\u010dastn\u00edky z D\u017eiddy do Bi\u0161i. Po 311 kilometrech spojovac\u00ed sekce \u010dekalo na z\u00e1vodn\u00edky 277 m\u011b\u0159en\u00fdch kilometr\u016f, n\u00e1sledovan\u00fdch ji\u017e jen kr\u00e1tk\u00fdm 31kilometrov\u00fdm p\u0159ejezdem do bivaku.<\/p>\n<p>Vzhledem k porci kilometr\u016f, kter\u00e9 po\u0159adatel\u00e9 na dne\u0161n\u00ed den p\u0159ipravili, vyr\u00e1\u017eeli motocyklist\u00e9 z D\u017eiddy u\u017e po \u010dtvrt\u00e9 hodin\u011b rann\u00ed. Na v\u0161echny tak \u010dekalo brzk\u00e9 vst\u00e1v\u00e1n\u00ed a dlouh\u00fd p\u0159esun.<\/p>\n<p>Rychlostn\u00ed test byl pln\u00fd n\u00e1strah a nejeden z jezdc\u016f si vyl\u00e1mal zuby na naviga\u010dn\u00edch z\u00e1ludnostech nebo velmi n\u00e1ro\u010dn\u00fdch kamenit\u00fdch trialov\u00fdch pas\u00e1\u017e\u00edch.[\/vc_column_text][vc_single_image image=&#8221;17211&#8243; img_size=&#8221;large&#8221; add_caption=&#8221;yes&#8221; alignment=&#8221;center&#8221; onclick=&#8221;custom_link&#8221; img_link_target=&#8221;_blank&#8221; css_animation=&#8221;fadeIn&#8221; link=&#8221;http:\/\/eshop.dakarmania.cz\/&#8221;][vc_column_text css_animation=&#8221;fadeIn&#8221;]David Pabi\u0161ka se v pr\u016fb\u011b\u017en\u00e9m po\u0159ad\u00ed po celou dobu dr\u017eel okolo \u010dty\u0159ic\u00e1t\u00e9ho m\u00edsta a krom\u011b dvou lehk\u00fdch p\u00e1d\u016f, p\u0159i kter\u00fdch poprv\u00e9 vyzkou\u0161el funk\u010dnost airbagov\u00e9 vesty, nezaznamenal \u017e\u00e1dn\u00fd probl\u00e9m.<\/p>\n<p><em>\u201eNaviga\u010dn\u011b to bylo docela slo\u017eit\u00e9 a po dvou letech jsem se st\u00e1le hledal. Pot\u0159eboval jsem tak\u00e9 otestovat, co vydr\u017e\u00ed pneumatiky, kter\u00fdch m\u00e1me v na\u0161\u00ed kategorii omezen\u00fd po\u010det. Vydr\u017eely v\u00edc, ne\u017e jsem \u010dekal, tak snad to bude dobr\u00e9,\u201c<\/em> douf\u00e1 <strong>David Pabi\u0161ka<\/strong>. <em>\u201eKamenit\u00e9 pas\u00e1\u017ee byly n\u00e1ro\u010dn\u00e9, n\u011bkolikr\u00e1t jsem spadnul, ale nic se mi na\u0161t\u011bst\u00ed nestalo. Jsme v bivaku a m\u016f\u017eeme se pustit do servisu. S v\u00fdsledkem jsem spokojen\u00fd. Pokud budu ka\u017ed\u00fd den okolo \u010dty\u0159ic\u00e1t\u00e9ho m\u00edsta, bude to fajn.\u201c<\/em><\/p>\n<p>V prvn\u00ed etap\u011b obsadil Pabi\u0161ka 38. m\u00edsto a celkov\u00e9m hodnocen\u00ed mu pat\u0159\u00ed 37. p\u0159\u00ed\u010dka.<\/p>\n<p>Tak\u00e9 Rudolf Lhotsk\u00fd se do dlouh\u00e9 dakarsk\u00e9 etapy vydal poprv\u00e9 po dvou letech.[\/vc_column_text][vc_single_image image=&#8221;17571&#8243; img_size=&#8221;large&#8221; add_caption=&#8221;yes&#8221; alignment=&#8221;center&#8221; onclick=&#8221;link_image&#8221; css_animation=&#8221;fadeIn&#8221;][vc_column_text css_animation=&#8221;fadeIn&#8221;]<em>\u201eU\u017e jsem se t\u011b\u0161il, a\u017e to nastane. Na \u00favod to byla spr\u00e1vn\u00e1 etapa se v\u0161\u00edm, co k tomu pat\u0159\u00ed &#8211; rann\u00ed vst\u00e1v\u00e1n\u00ed, dlouh\u00fd p\u0159ejezd, t\u011b\u017ek\u00e1 navigace, kamenit\u00e9 \u00faseky. Poprv\u00e9 jsem za\u017eil p\u0159\u00edpravu roadbooku a\u017e dvacet minut p\u0159ed startem a to je na m\u011b trochu hektick\u00e9,\u201c<\/em> p\u0159izn\u00e1v\u00e1 <strong>Rudolf Lhotsk\u00fd<\/strong>, jemu\u017e v etap\u011b pat\u0159ila 53. pozice a v pr\u016fb\u011b\u017en\u00e9m po\u0159ad\u00ed figuruje o p\u0159\u00ed\u010dku v\u00fd\u0161e. <em>\u201eJelo se mi ale dob\u0159e, moc jsem si to u\u017eil a radost mi nekaz\u00ed ani lehk\u00fd p\u00e1d, p\u0159i kter\u00e9m jsem rozbil dr\u017e\u00e1k na roadbook, tak\u017ee jdu m\u011bnit a spravovat.\u201c<\/em><\/p>\n<p>V hodnocen\u00ed kategorie Original by Motul se Pabi\u0161ka usadil na druh\u00e9m m\u00edst\u011b (+ 4:56 min), Lhotsk\u00fd je mezi jezdci z\u00e1vod\u00edc\u00edmi bez asistence dev\u00e1t\u00fd (+ 48:27 min).<\/p>\n<p>Tiskov\u00e1 zpr\u00e1va Jantar Teamu [editov\u00e1no][\/vc_column_text][vc_empty_space height=&#8221;2px&#8221;][\/vc_column][\/vc_row]<\/p>\n","protected":false},"excerpt":{"rendered":"<p>Hned od za\u010d\u00e1tku Rally Dakar 2021 bojuje David Pabi\u0161ka v kategorii motocyklist\u016f z\u00e1vod\u00edc\u00edch bez asistence o nejvy\u0161\u0161\u00ed p\u0159\u00ed\u010dky.<\/p>\n","protected":false},"author":3,"featured_media":17643,"comment_status":"open","ping_status":"closed","sticky":false,"template":"","format":"standard","meta":{"footnotes":""},"categories":[1688,15,637],"tags":[1630,8,1475,325,1722,63,806],"class_list":["post-17644","post","type-post","status-publish","format-standard","has-post-thumbnail","hentry","category-dakar-2021","category-moto-quad","category-tiskove-zpravy","tag-1630","tag-dakar","tag-dakar-2021","tag-david-pabiska","tag-jantar-team","tag-ktm","tag-rudolf-lhotsky"],"yoast_head":"<!-- This site is optimized with the Yoast SEO plugin v24.9 - https:\/\/yoast.com\/wordpress\/plugins\/seo\/ -->\n<title>Dakar 2021: Pabi\u0161ka pr\u016fb\u011b\u017en\u011b druh\u00fd v malle moto - DAKARMANIA.cz<\/title>\n<meta name=\"description\" content=\"Hned od za\u010d\u00e1tku Rally Dakar 2021 bojuje David Pabi\u0161ka v kategorii motocyklist\u016f z\u00e1vod\u00edc\u00edch bez asistence o nejvy\u0161\u0161\u00ed p\u0159\u00ed\u010dky.\" \/>\n<meta name=\"robots\" content=\"index, follow, max-snippet:-1, max-image-preview:large, max-video-preview:-1\" \/>\n<link rel=\"canonical\" href=\"https:\/\/www.dakarmania.cz\/index.php\/2021\/01\/03\/dakar-2021-pabiska-druhy-malle-moto\/\" \/>\n<meta property=\"og:locale\" content=\"cs_CZ\" \/>\n<meta property=\"og:type\" content=\"article\" \/>\n<meta property=\"og:title\" content=\"Dakar 2021: Pabi\u0161ka pr\u016fb\u011b\u017en\u011b druh\u00fd v malle moto - DAKARMANIA.cz\" \/>\n<meta property=\"og:description\" content=\"Hned od za\u010d\u00e1tku Rally Dakar 2021 bojuje David Pabi\u0161ka v kategorii motocyklist\u016f z\u00e1vod\u00edc\u00edch bez asistence o nejvy\u0161\u0161\u00ed p\u0159\u00ed\u010dky.\" \/>\n<meta property=\"og:url\" content=\"https:\/\/www.dakarmania.cz\/index.php\/2021\/01\/03\/dakar-2021-pabiska-druhy-malle-moto\/\" \/>\n<meta property=\"og:site_name\" content=\"DAKARMANIA.cz\" \/>\n<meta property=\"article:publisher\" content=\"https:\/\/www.facebook.com\/dakarmania\/\" \/>\n<meta property=\"article:published_time\" content=\"2021-01-03T22:29:30+00:00\" \/>\n<meta property=\"og:image\" content=\"https:\/\/www.dakarmania.cz\/wp-content\/uploads\/2021\/01\/21-dakar-pabiska-03.jpg\" \/>\n\t<meta property=\"og:image:width\" content=\"1024\" \/>\n\t<meta property=\"og:image:height\" content=\"683\" \/>\n\t<meta property=\"og:image:type\" content=\"image\/jpeg\" \/>\n<meta name=\"author\" content=\"tiskov\u00e1 zpr\u00e1va\" \/>\n<meta name=\"twitter:card\" content=\"summary_large_image\" \/>\n<meta name=\"twitter:label1\" content=\"Napsal(a)\" \/>\n\t<meta name=\"twitter:data1\" content=\"tiskov\u00e1 zpr\u00e1va\" \/>\n\t<meta name=\"twitter:label2\" content=\"Odhadovan\u00e1 doba \u010dten\u00ed\" \/>\n\t<meta name=\"twitter:data2\" content=\"3 minuty\" \/>\n<script type=\"application\/ld+json\" class=\"yoast-schema-graph\">{\"@context\":\"https:\/\/schema.org\",\"@graph\":[{\"@type\":\"Article\",\"@id\":\"https:\/\/www.dakarmania.cz\/index.php\/2021\/01\/03\/dakar-2021-pabiska-druhy-malle-moto\/#article\",\"isPartOf\":{\"@id\":\"https:\/\/www.dakarmania.cz\/index.php\/2021\/01\/03\/dakar-2021-pabiska-druhy-malle-moto\/\"},\"author\":{\"name\":\"tiskov\u00e1 zpr\u00e1va\",\"@id\":\"https:\/\/www.dakarmania.cz\/#\/schema\/person\/bce8d1fe3633b1178e150fc5e340d5dd\"},\"headline\":\"Dakar 2021: Pabi\u0161ka pr\u016fb\u011b\u017en\u011b druh\u00fd v malle moto\",\"datePublished\":\"2021-01-03T22:29:30+00:00\",\"mainEntityOfPage\":{\"@id\":\"https:\/\/www.dakarmania.cz\/index.php\/2021\/01\/03\/dakar-2021-pabiska-druhy-malle-moto\/\"},\"wordCount\":588,\"commentCount\":0,\"publisher\":{\"@id\":\"https:\/\/www.dakarmania.cz\/#organization\"},\"image\":{\"@id\":\"https:\/\/www.dakarmania.cz\/index.php\/2021\/01\/03\/dakar-2021-pabiska-druhy-malle-moto\/#primaryimage\"},\"thumbnailUrl\":\"https:\/\/www.dakarmania.cz\/wp-content\/uploads\/2021\/01\/21-dakar-pabiska-03.jpg\",\"keywords\":[\"2021\",\"Dakar\",\"Dakar 2021\",\"David Pabi\u0161ka\",\"Jantar Team\",\"KTM\",\"Rudolf Lhotsk\u00fd\"],\"articleSection\":[\"Dakar 2021\",\"Moto\/Quad\",\"Tiskov\u00e9 zpr\u00e1vy\"],\"inLanguage\":\"cs\",\"potentialAction\":[{\"@type\":\"CommentAction\",\"name\":\"Comment\",\"target\":[\"https:\/\/www.dakarmania.cz\/index.php\/2021\/01\/03\/dakar-2021-pabiska-druhy-malle-moto\/#respond\"]}]},{\"@type\":\"WebPage\",\"@id\":\"https:\/\/www.dakarmania.cz\/index.php\/2021\/01\/03\/dakar-2021-pabiska-druhy-malle-moto\/\",\"url\":\"https:\/\/www.dakarmania.cz\/index.php\/2021\/01\/03\/dakar-2021-pabiska-druhy-malle-moto\/\",\"name\":\"Dakar 2021: Pabi\u0161ka pr\u016fb\u011b\u017en\u011b druh\u00fd v malle moto - DAKARMANIA.cz\",\"isPartOf\":{\"@id\":\"https:\/\/www.dakarmania.cz\/#website\"},\"primaryImageOfPage\":{\"@id\":\"https:\/\/www.dakarmania.cz\/index.php\/2021\/01\/03\/dakar-2021-pabiska-druhy-malle-moto\/#primaryimage\"},\"image\":{\"@id\":\"https:\/\/www.dakarmania.cz\/index.php\/2021\/01\/03\/dakar-2021-pabiska-druhy-malle-moto\/#primaryimage\"},\"thumbnailUrl\":\"https:\/\/www.dakarmania.cz\/wp-content\/uploads\/2021\/01\/21-dakar-pabiska-03.jpg\",\"datePublished\":\"2021-01-03T22:29:30+00:00\",\"description\":\"Hned od za\u010d\u00e1tku Rally Dakar 2021 bojuje David Pabi\u0161ka v kategorii motocyklist\u016f z\u00e1vod\u00edc\u00edch bez asistence o nejvy\u0161\u0161\u00ed p\u0159\u00ed\u010dky.\",\"breadcrumb\":{\"@id\":\"https:\/\/www.dakarmania.cz\/index.php\/2021\/01\/03\/dakar-2021-pabiska-druhy-malle-moto\/#breadcrumb\"},\"inLanguage\":\"cs\",\"potentialAction\":[{\"@type\":\"ReadAction\",\"target\":[\"https:\/\/www.dakarmania.cz\/index.php\/2021\/01\/03\/dakar-2021-pabiska-druhy-malle-moto\/\"]}]},{\"@type\":\"ImageObject\",\"inLanguage\":\"cs\",\"@id\":\"https:\/\/www.dakarmania.cz\/index.php\/2021\/01\/03\/dakar-2021-pabiska-druhy-malle-moto\/#primaryimage\",\"url\":\"https:\/\/www.dakarmania.cz\/wp-content\/uploads\/2021\/01\/21-dakar-pabiska-03.jpg\",\"contentUrl\":\"https:\/\/www.dakarmania.cz\/wp-content\/uploads\/2021\/01\/21-dakar-pabiska-03.jpg\",\"width\":1024,\"height\":683,\"caption\":\"David Pabi\u0161ka, KTM 450 Rally Replica, Jantar Team. Rally Dakar 2021. \u00a9 Jantar Team\"},{\"@type\":\"BreadcrumbList\",\"@id\":\"https:\/\/www.dakarmania.cz\/index.php\/2021\/01\/03\/dakar-2021-pabiska-druhy-malle-moto\/#breadcrumb\",\"itemListElement\":[{\"@type\":\"ListItem\",\"position\":1,\"name\":\"Dom\u016f\",\"item\":\"https:\/\/www.dakarmania.cz\/\"},{\"@type\":\"ListItem\",\"position\":2,\"name\":\"Dakar 2021: Pabi\u0161ka pr\u016fb\u011b\u017en\u011b druh\u00fd v malle moto\"}]},{\"@type\":\"WebSite\",\"@id\":\"https:\/\/www.dakarmania.cz\/#website\",\"url\":\"https:\/\/www.dakarmania.cz\/\",\"name\":\"DAKARMANIA.cz\",\"description\":\"\u017dijeme Dakarem cel\u00fd rok\",\"publisher\":{\"@id\":\"https:\/\/www.dakarmania.cz\/#organization\"},\"potentialAction\":[{\"@type\":\"SearchAction\",\"target\":{\"@type\":\"EntryPoint\",\"urlTemplate\":\"https:\/\/www.dakarmania.cz\/?s={search_term_string}\"},\"query-input\":{\"@type\":\"PropertyValueSpecification\",\"valueRequired\":true,\"valueName\":\"search_term_string\"}}],\"inLanguage\":\"cs\"},{\"@type\":\"Organization\",\"@id\":\"https:\/\/www.dakarmania.cz\/#organization\",\"name\":\"DAKAR MANIA\",\"url\":\"https:\/\/www.dakarmania.cz\/\",\"logo\":{\"@type\":\"ImageObject\",\"inLanguage\":\"cs\",\"@id\":\"https:\/\/www.dakarmania.cz\/#\/schema\/logo\/image\/\",\"url\":\"https:\/\/www.dakarmania.cz\/wp-content\/uploads\/2018\/12\/Dakar-Mania-Logo-Square-Orange.png\",\"contentUrl\":\"https:\/\/www.dakarmania.cz\/wp-content\/uploads\/2018\/12\/Dakar-Mania-Logo-Square-Orange.png\",\"width\":992,\"height\":992,\"caption\":\"DAKAR MANIA\"},\"image\":{\"@id\":\"https:\/\/www.dakarmania.cz\/#\/schema\/logo\/image\/\"},\"sameAs\":[\"https:\/\/www.facebook.com\/dakarmania\/\"]},{\"@type\":\"Person\",\"@id\":\"https:\/\/www.dakarmania.cz\/#\/schema\/person\/bce8d1fe3633b1178e150fc5e340d5dd\",\"name\":\"tiskov\u00e1 zpr\u00e1va\",\"image\":{\"@type\":\"ImageObject\",\"inLanguage\":\"cs\",\"@id\":\"https:\/\/www.dakarmania.cz\/#\/schema\/person\/image\/\",\"url\":\"https:\/\/secure.gravatar.com\/avatar\/19aefcb6c7bfae691fca4d805686c670f59bb4f7414c7b398b88dc9c8f4e96d5?s=96&d=mm&r=g\",\"contentUrl\":\"https:\/\/secure.gravatar.com\/avatar\/19aefcb6c7bfae691fca4d805686c670f59bb4f7414c7b398b88dc9c8f4e96d5?s=96&d=mm&r=g\",\"caption\":\"tiskov\u00e1 zpr\u00e1va\"},\"url\":\"https:\/\/www.dakarmania.cz\/index.php\/author\/tiskovezpravy\/\"}]}<\/script>\n<!-- \/ Yoast SEO plugin. -->","yoast_head_json":{"title":"Dakar 2021: Pabi\u0161ka pr\u016fb\u011b\u017en\u011b druh\u00fd v malle moto - DAKARMANIA.cz","description":"Hned od za\u010d\u00e1tku Rally Dakar 2021 bojuje David Pabi\u0161ka v kategorii motocyklist\u016f z\u00e1vod\u00edc\u00edch bez asistence o nejvy\u0161\u0161\u00ed p\u0159\u00ed\u010dky.","robots":{"index":"index","follow":"follow","max-snippet":"max-snippet:-1","max-image-preview":"max-image-preview:large","max-video-preview":"max-video-preview:-1"},"canonical":"https:\/\/www.dakarmania.cz\/index.php\/2021\/01\/03\/dakar-2021-pabiska-druhy-malle-moto\/","og_locale":"cs_CZ","og_type":"article","og_title":"Dakar 2021: Pabi\u0161ka pr\u016fb\u011b\u017en\u011b druh\u00fd v malle moto - DAKARMANIA.cz","og_description":"Hned od za\u010d\u00e1tku Rally Dakar 2021 bojuje David Pabi\u0161ka v kategorii motocyklist\u016f z\u00e1vod\u00edc\u00edch bez asistence o nejvy\u0161\u0161\u00ed p\u0159\u00ed\u010dky.","og_url":"https:\/\/www.dakarmania.cz\/index.php\/2021\/01\/03\/dakar-2021-pabiska-druhy-malle-moto\/","og_site_name":"DAKARMANIA.cz","article_publisher":"https:\/\/www.facebook.com\/dakarmania\/","article_published_time":"2021-01-03T22:29:30+00:00","og_image":[{"width":1024,"height":683,"url":"https:\/\/www.dakarmania.cz\/wp-content\/uploads\/2021\/01\/21-dakar-pabiska-03.jpg","type":"image\/jpeg"}],"author":"tiskov\u00e1 zpr\u00e1va","twitter_card":"summary_large_image","twitter_misc":{"Napsal(a)":"tiskov\u00e1 zpr\u00e1va","Odhadovan\u00e1 doba \u010dten\u00ed":"3 minuty"},"schema":{"@context":"https:\/\/schema.org","@graph":[{"@type":"Article","@id":"https:\/\/www.dakarmania.cz\/index.php\/2021\/01\/03\/dakar-2021-pabiska-druhy-malle-moto\/#article","isPartOf":{"@id":"https:\/\/www.dakarmania.cz\/index.php\/2021\/01\/03\/dakar-2021-pabiska-druhy-malle-moto\/"},"author":{"name":"tiskov\u00e1 zpr\u00e1va","@id":"https:\/\/www.dakarmania.cz\/#\/schema\/person\/bce8d1fe3633b1178e150fc5e340d5dd"},"headline":"Dakar 2021: Pabi\u0161ka pr\u016fb\u011b\u017en\u011b druh\u00fd v malle moto","datePublished":"2021-01-03T22:29:30+00:00","mainEntityOfPage":{"@id":"https:\/\/www.dakarmania.cz\/index.php\/2021\/01\/03\/dakar-2021-pabiska-druhy-malle-moto\/"},"wordCount":588,"commentCount":0,"publisher":{"@id":"https:\/\/www.dakarmania.cz\/#organization"},"image":{"@id":"https:\/\/www.dakarmania.cz\/index.php\/2021\/01\/03\/dakar-2021-pabiska-druhy-malle-moto\/#primaryimage"},"thumbnailUrl":"https:\/\/www.dakarmania.cz\/wp-content\/uploads\/2021\/01\/21-dakar-pabiska-03.jpg","keywords":["2021","Dakar","Dakar 2021","David Pabi\u0161ka","Jantar Team","KTM","Rudolf Lhotsk\u00fd"],"articleSection":["Dakar 2021","Moto\/Quad","Tiskov\u00e9 zpr\u00e1vy"],"inLanguage":"cs","potentialAction":[{"@type":"CommentAction","name":"Comment","target":["https:\/\/www.dakarmania.cz\/index.php\/2021\/01\/03\/dakar-2021-pabiska-druhy-malle-moto\/#respond"]}]},{"@type":"WebPage","@id":"https:\/\/www.dakarmania.cz\/index.php\/2021\/01\/03\/dakar-2021-pabiska-druhy-malle-moto\/","url":"https:\/\/www.dakarmania.cz\/index.php\/2021\/01\/03\/dakar-2021-pabiska-druhy-malle-moto\/","name":"Dakar 2021: Pabi\u0161ka pr\u016fb\u011b\u017en\u011b druh\u00fd v malle moto - DAKARMANIA.cz","isPartOf":{"@id":"https:\/\/www.dakarmania.cz\/#website"},"primaryImageOfPage":{"@id":"https:\/\/www.dakarmania.cz\/index.php\/2021\/01\/03\/dakar-2021-pabiska-druhy-malle-moto\/#primaryimage"},"image":{"@id":"https:\/\/www.dakarmania.cz\/index.php\/2021\/01\/03\/dakar-2021-pabiska-druhy-malle-moto\/#primaryimage"},"thumbnailUrl":"https:\/\/www.dakarmania.cz\/wp-content\/uploads\/2021\/01\/21-dakar-pabiska-03.jpg","datePublished":"2021-01-03T22:29:30+00:00","description":"Hned od za\u010d\u00e1tku Rally Dakar 2021 bojuje David Pabi\u0161ka v kategorii motocyklist\u016f z\u00e1vod\u00edc\u00edch bez asistence o nejvy\u0161\u0161\u00ed p\u0159\u00ed\u010dky.","breadcrumb":{"@id":"https:\/\/www.dakarmania.cz\/index.php\/2021\/01\/03\/dakar-2021-pabiska-druhy-malle-moto\/#breadcrumb"},"inLanguage":"cs","potentialAction":[{"@type":"ReadAction","target":["https:\/\/www.dakarmania.cz\/index.php\/2021\/01\/03\/dakar-2021-pabiska-druhy-malle-moto\/"]}]},{"@type":"ImageObject","inLanguage":"cs","@id":"https:\/\/www.dakarmania.cz\/index.php\/2021\/01\/03\/dakar-2021-pabiska-druhy-malle-moto\/#primaryimage","url":"https:\/\/www.dakarmania.cz\/wp-content\/uploads\/2021\/01\/21-dakar-pabiska-03.jpg","contentUrl":"https:\/\/www.dakarmania.cz\/wp-content\/uploads\/2021\/01\/21-dakar-pabiska-03.jpg","width":1024,"height":683,"caption":"David Pabi\u0161ka, KTM 450 Rally Replica, Jantar Team. Rally Dakar 2021. \u00a9 Jantar Team"},{"@type":"BreadcrumbList","@id":"https:\/\/www.dakarmania.cz\/index.php\/2021\/01\/03\/dakar-2021-pabiska-druhy-malle-moto\/#breadcrumb","itemListElement":[{"@type":"ListItem","position":1,"name":"Dom\u016f","item":"https:\/\/www.dakarmania.cz\/"},{"@type":"ListItem","position":2,"name":"Dakar 2021: Pabi\u0161ka pr\u016fb\u011b\u017en\u011b druh\u00fd v malle moto"}]},{"@type":"WebSite","@id":"https:\/\/www.dakarmania.cz\/#website","url":"https:\/\/www.dakarmania.cz\/","name":"DAKARMANIA.cz","description":"\u017dijeme Dakarem cel\u00fd rok","publisher":{"@id":"https:\/\/www.dakarmania.cz\/#organization"},"potentialAction":[{"@type":"SearchAction","target":{"@type":"EntryPoint","urlTemplate":"https:\/\/www.dakarmania.cz\/?s={search_term_string}"},"query-input":{"@type":"PropertyValueSpecification","valueRequired":true,"valueName":"search_term_string"}}],"inLanguage":"cs"},{"@type":"Organization","@id":"https:\/\/www.dakarmania.cz\/#organization","name":"DAKAR MANIA","url":"https:\/\/www.dakarmania.cz\/","logo":{"@type":"ImageObject","inLanguage":"cs","@id":"https:\/\/www.dakarmania.cz\/#\/schema\/logo\/image\/","url":"https:\/\/www.dakarmania.cz\/wp-content\/uploads\/2018\/12\/Dakar-Mania-Logo-Square-Orange.png","contentUrl":"https:\/\/www.dakarmania.cz\/wp-content\/uploads\/2018\/12\/Dakar-Mania-Logo-Square-Orange.png","width":992,"height":992,"caption":"DAKAR MANIA"},"image":{"@id":"https:\/\/www.dakarmania.cz\/#\/schema\/logo\/image\/"},"sameAs":["https:\/\/www.facebook.com\/dakarmania\/"]},{"@type":"Person","@id":"https:\/\/www.dakarmania.cz\/#\/schema\/person\/bce8d1fe3633b1178e150fc5e340d5dd","name":"tiskov\u00e1 zpr\u00e1va","image":{"@type":"ImageObject","inLanguage":"cs","@id":"https:\/\/www.dakarmania.cz\/#\/schema\/person\/image\/","url":"https:\/\/secure.gravatar.com\/avatar\/19aefcb6c7bfae691fca4d805686c670f59bb4f7414c7b398b88dc9c8f4e96d5?s=96&d=mm&r=g","contentUrl":"https:\/\/secure.gravatar.com\/avatar\/19aefcb6c7bfae691fca4d805686c670f59bb4f7414c7b398b88dc9c8f4e96d5?s=96&d=mm&r=g","caption":"tiskov\u00e1 zpr\u00e1va"},"url":"https:\/\/www.dakarmania.cz\/index.php\/author\/tiskovezpravy\/"}]}},"amp_enabled":true,"_links":{"self":[{"href":"https:\/\/www.dakarmania.cz\/index.php\/wp-json\/wp\/v2\/posts\/17644","targetHints":{"allow":["GET"]}}],"collection":[{"href":"https:\/\/www.dakarmania.cz\/index.php\/wp-json\/wp\/v2\/posts"}],"about":[{"href":"https:\/\/www.dakarmania.cz\/index.php\/wp-json\/wp\/v2\/types\/post"}],"author":[{"embeddable":true,"href":"https:\/\/www.dakarmania.cz\/index.php\/wp-json\/wp\/v2\/users\/3"}],"replies":[{"embeddable":true,"href":"https:\/\/www.dakarmania.cz\/index.php\/wp-json\/wp\/v2\/comments?post=17644"}],"version-history":[{"count":1,"href":"https:\/\/www.dakarmania.cz\/index.php\/wp-json\/wp\/v2\/posts\/17644\/revisions"}],"predecessor-version":[{"id":17645,"href":"https:\/\/www.dakarmania.cz\/index.php\/wp-json\/wp\/v2\/posts\/17644\/revisions\/17645"}],"wp:featuredmedia":[{"embeddable":true,"href":"https:\/\/www.dakarmania.cz\/index.php\/wp-json\/wp\/v2\/media\/17643"}],"wp:attachment":[{"href":"https:\/\/www.dakarmania.cz\/index.php\/wp-json\/wp\/v2\/media?parent=17644"}],"wp:term":[{"taxonomy":"category","embeddable":true,"href":"https:\/\/www.dakarmania.cz\/index.php\/wp-json\/wp\/v2\/categories?post=17644"},{"taxonomy":"post_tag","embeddable":true,"href":"https:\/\/www.dakarmania.cz\/index.php\/wp-json\/wp\/v2\/tags?post=17644"}],"curies":[{"name":"wp","href":"https:\/\/api.w.org\/{rel}","templated":true}]}}