{"id":17735,"date":"2021-01-05T17:44:41","date_gmt":"2021-01-05T16:44:41","guid":{"rendered":"https:\/\/www.dakarmania.cz\/?p=17735"},"modified":"2021-01-12T21:24:11","modified_gmt":"2021-01-12T20:24:11","slug":"loprais-spravny-dakar","status":"publish","type":"post","link":"https:\/\/www.dakarmania.cz\/index.php\/2021\/01\/05\/loprais-spravny-dakar\/","title":{"rendered":"Ale\u0161 Loprais oce\u0148uje po\u0159adatele: Tohle je spr\u00e1vn\u00fd Dakar. C\u00edt\u00edm cel\u00e9 t\u011blo"},"content":{"rendered":"<p>[vc_row][vc_column][vc_column_text css_animation=&#8221;fadeIn&#8221;]<\/p>\n<h3>Ale\u0161i Lopraisovi, Khalidu Alkendimu a Petru Pokorovi s Pragou V4S DKR pat\u0159\u00ed po t\u0159et\u00ed etap\u011b Rally Dakar 2021 p\u00e1t\u00e1 p\u0159\u00ed\u010dka pr\u016fb\u011b\u017en\u00e9 klasifikace kategorie kamion\u016f. V okru\u017en\u00ed etap\u011b, kter\u00e1 v \u00fater\u00fd 5. ledna startovala i kon\u010dila ve Vad\u00ed ad-Dav\u00e1siru, si pos\u00e1dka Instaforex Loprais Praga Teamu svou pozici pohl\u00eddala sedm\u00fdm \u010dasem.<\/h3>\n<p>[\/vc_column_text][vc_single_image image=&#8221;17734&#8243; img_size=&#8221;large&#8221; add_caption=&#8221;yes&#8221; alignment=&#8221;center&#8221; onclick=&#8221;link_image&#8221; css_animation=&#8221;fadeIn&#8221;][vc_column_text css_animation=&#8221;fadeIn&#8221;]Na 403 kilometrech rychlostn\u00ed zkou\u0161ky zaostala \u010desko-dubajsk\u00e1 trojice za nejrychlej\u0161\u00edm Sergejem Vjazovi\u010dem (MAZ) o \u0161est minut. Po prvn\u00ed \u010dtvrtin\u011b z\u00e1vodu d\u011bl\u00ed Lopraise 36 minut od vedouc\u00edho Dmitrije Sotnikova a t\u0159in\u00e1ct minut od pr\u016fb\u011b\u017en\u011b t\u0159et\u00edho Antona \u0160ibalova (oba Kamaz).<\/p>\n<p>Druh\u00fd sa\u00fadskoarabsk\u00fd ro\u010dn\u00edk nejslavn\u011bj\u0161\u00ed maratonsk\u00e9 rally sv\u011bta si Ale\u0161 Loprais zat\u00edm naplno u\u017e\u00edv\u00e1 a netaj\u00ed se nad\u0161en\u00edm nad jeho podobou.<\/p>\n<p><em>\u201eStalo se p\u0159esn\u011b to, co jsem p\u0159ed z\u00e1vodem \u010dekal. Po st\u00ed\u017enostech spousty \u00fa\u010dastn\u00edk\u016f na relativn\u011b jednoduchou lo\u0148skou tra\u0165 n\u00e1m to organiz\u00e1to\u0159i vr\u00e1tili jako bumerang a \u0159\u00e1dn\u011b n\u00e1m nalo\u017eili. Leto\u0161n\u00ed ro\u010dn\u00edk je kr\u00e1sn\u00fd, technick\u00fd, n\u00e1ro\u010dn\u00fd, s rozmanit\u00fdm ter\u00e9nem. Opravdu Dakar se v\u0161\u00edm v\u0161udy a n\u00e1dhern\u00fdm drajvem. Po\u0159adatel\u00e9 nachystali velmi tvrdou, ale zaj\u00edmavou tra\u0165. U\u017e c\u00edt\u00edm cel\u00e9 t\u011blo, co\u017e znamen\u00e1, \u017ee Dakar je p\u0159esn\u011b takov\u00fd, jak\u00fd m\u00e1 b\u00fdt,\u201c<\/em> usm\u00edv\u00e1 se 40let\u00fd pilot z Fren\u0161t\u00e1tu pod Radho\u0161t\u011bm.[\/vc_column_text][vc_single_image image=&#8221;17156&#8243; img_size=&#8221;large&#8221; add_caption=&#8221;yes&#8221; alignment=&#8221;center&#8221; onclick=&#8221;custom_link&#8221; img_link_target=&#8221;_blank&#8221; css_animation=&#8221;fadeIn&#8221; link=&#8221;http:\/\/eshop.dakarmania.cz\/&#8221;][vc_column_text css_animation=&#8221;fadeIn&#8221;]P\u0159inejmen\u0161\u00edm stejn\u011b spokojen\u00fd je i s dosavadn\u00edm pr\u016fb\u011bhem sout\u011b\u017ee.<\/p>\n<p><em>\u201eLady \u0161lape \u00fa\u017easn\u011b a v kabin\u011b panuje dobr\u00e1 atmosf\u00e9ra. Dnes jsme tro\u0161ku ztratili na za\u010d\u00e1tku, proto\u017ee jsme startovali jako des\u00e1t\u00fd kamion a del\u0161\u00ed dobu se n\u00e1m neda\u0159ilo p\u0159edjet van den Brinka. Nakonec n\u00e1s pustil, ale mohl to ud\u011blat v\u00fdrazn\u011b d\u0159\u00edv. Ale nevad\u00ed. M\u00e1m radost, \u017ee jsme to ust\u00e1li a nikde nic nevyvedli. Rychlost je slu\u0161n\u00e1, auto funguje v\u00fdborn\u011b a z\u00edtra u\u017e budeme m\u00edt lep\u0161\u00ed startovn\u00ed pozici. Tak val\u00edme d\u00e1l,\u201c<\/em> t\u011b\u0161\u00ed se <strong>Ale\u0161 Loprais<\/strong> na dal\u0161\u00ed ostr\u00e9 kilometry v ter\u00e9nu Arabsk\u00e9ho poloostrova.<\/p>\n<p>Do tempa se postupn\u011b dost\u00e1v\u00e1 tak\u00e9 druh\u00fd v\u016fz Instaforex Loprais Praga Teamu, za jeho\u017e volantem se u\u017e stihli prost\u0159\u00eddat Jan Tom\u00e1nek s Tom\u00e1\u0161em Ka\u0161p\u00e1rkem. Spole\u010dn\u011b s palubn\u00edm mechanikem Ji\u0159\u00edm Strossem si dnes polep\u0161ili o \u010dty\u0159i pozice.<\/p>\n<p><em>\u201eDal\u0161\u00ed kr\u00e1sn\u00e1 etapa. N\u00e1dhern\u00e9 prost\u0159ed\u00ed mezi skalami a nejr\u016fzn\u011bj\u0161\u00edmi skaln\u00edmi \u00fatvary, hodn\u011b t\u011b\u017ek\u00fdch dun,\u201c<\/em> popisuje <strong>Jan Tom\u00e1nek<\/strong>. <em>\u201eNastupovali jsme s men\u0161\u00edm hendikepem, proto\u017ee n\u00e1m nejde horn\u00ed \u0159ada p\u016flek, tak\u017ee \u0159ad\u00edme jenom cel\u00e9 kvalty. Je to slo\u017eit\u011bj\u0161\u00ed, proto\u017ee tak doch\u00e1z\u00ed k v\u011bt\u0161\u00edmu propadu v\u00fdkonu. Mus\u00edme se s t\u00edm poprat, ale s t\u00edm jsme do toho \u0161li.\u201c<\/em>[\/vc_column_text][vc_video link=&#8221;https:\/\/youtu.be\/Wh63OpAc2qA&#8221; align=&#8221;center&#8221; css_animation=&#8221;fadeIn&#8221;][vc_column_text css_animation=&#8221;fadeIn&#8221;]<em>\u201eI dnes n\u00e1m motor n\u011bkolikr\u00e1t fungoval jen na p\u011bt v\u00e1lc\u016f. Nestalo se to mnohokr\u00e1t, ale kdy\u017e se oba probl\u00e9my potkaj\u00ed v jednu chv\u00edli, pak je hodn\u011b n\u00e1ro\u010dn\u00e9 prokli\u010dkovat dunami tak, abychom v nich nez\u016fstali st\u00e1t. Ale svezli jsme se p\u011bkn\u011b. \u010cas je dobr\u00fd, moc jsme neztratili, sp\u00ed\u0161 jsme n\u011bco ze v\u010derej\u0161ka st\u00e1hli a z\u00edtra budeme m\u00edt lep\u0161\u00ed startovn\u00ed pozici. A to je velk\u00e9 pozitivum,\u201c<\/em> uzav\u00edr\u00e1 prvn\u00ed pilot pos\u00e1dky se startovn\u00edm \u010d\u00edslem 520, jej\u00ed\u017e modr\u00e1 Tatra Jamal \u2013 Queen 69 je zat\u00edm \u0161estn\u00e1ct\u00e1.<\/p>\n<p>Ve st\u0159edu 6. ledna zam\u00ed\u0159\u00ed dakarsk\u00e1 karavana na sever do sa\u00fadskoarabsk\u00e9 metropole Rij\u00e1du. V\u0161echny \u00fa\u010dastn\u00edky \u010dek\u00e1 dlouh\u00fd den, nebo\u0165 cel\u00e1 etapa m\u011b\u0159\u00ed 813 kilometr\u016f. V r\u00e1mci rychlostn\u00ed zkou\u0161ky se pojede 337 km p\u0159ev\u00e1\u017en\u011b v p\u00edsku a chyb\u011bt nebude ani dal\u0161\u00ed, by\u0165 tentokr\u00e1t men\u0161\u00ed porce dun.<\/p>\n<p>Tiskov\u00e1 zpr\u00e1va Instaforex Loprais Praga Teamu[\/vc_column_text][vc_empty_space height=&#8221;2px&#8221;][\/vc_column][\/vc_row]<\/p>\n","protected":false},"excerpt":{"rendered":"<p>Ale\u0161i Lopraisovi, Khalidu Alkendimu a Petru Pokorovi s Pragou V4S DKR pat\u0159\u00ed po 3. etap\u011b Dakaru 2021 5. p\u0159\u00ed\u010dka pr\u016fb\u011b\u017en\u00e9 klasifikace kamion\u016f.<\/p>\n","protected":false},"author":3,"featured_media":17734,"comment_status":"open","ping_status":"closed","sticky":false,"template":"","format":"standard","meta":{"footnotes":""},"categories":[1688,637],"tags":[1630,65,8,1475,6,135,1526,69,67,1557,68,1798],"class_list":["post-17735","post","type-post","status-publish","format-standard","has-post-thumbnail","hentry","category-dakar-2021","category-tiskove-zpravy","tag-1630","tag-ales-loprais","tag-dakar","tag-dakar-2021","tag-jan-tomanek","tag-jiri-stross","tag-khalid-alkendi","tag-loprais-team","tag-petr-pokora","tag-praga","tag-tatra","tag-tomas-kasparek"],"yoast_head":"<!-- This site is optimized with the Yoast SEO plugin v24.9 - https:\/\/yoast.com\/wordpress\/plugins\/seo\/ -->\n<title>Ale\u0161 Loprais oce\u0148uje po\u0159adatele: Tohle je spr\u00e1vn\u00fd Dakar. C\u00edt\u00edm cel\u00e9 t\u011blo - DAKARMANIA.cz<\/title>\n<meta name=\"description\" content=\"Ale\u0161i Lopraisovi, Khalidu Alkendimu a Petru Pokorovi s Pragou V4S DKR pat\u0159\u00ed po 3. etap\u011b Dakaru 2021 5. p\u0159\u00ed\u010dka pr\u016fb\u011b\u017en\u00e9 klasifikace kamion\u016f.\" \/>\n<meta name=\"robots\" content=\"index, follow, max-snippet:-1, max-image-preview:large, max-video-preview:-1\" \/>\n<link rel=\"canonical\" href=\"https:\/\/www.dakarmania.cz\/index.php\/2021\/01\/05\/loprais-spravny-dakar\/\" \/>\n<meta property=\"og:locale\" content=\"cs_CZ\" \/>\n<meta property=\"og:type\" content=\"article\" \/>\n<meta property=\"og:title\" content=\"Ale\u0161 Loprais oce\u0148uje po\u0159adatele: Tohle je spr\u00e1vn\u00fd Dakar. C\u00edt\u00edm cel\u00e9 t\u011blo - DAKARMANIA.cz\" \/>\n<meta property=\"og:description\" content=\"Ale\u0161i Lopraisovi, Khalidu Alkendimu a Petru Pokorovi s Pragou V4S DKR pat\u0159\u00ed po 3. etap\u011b Dakaru 2021 5. p\u0159\u00ed\u010dka pr\u016fb\u011b\u017en\u00e9 klasifikace kamion\u016f.\" \/>\n<meta property=\"og:url\" content=\"https:\/\/www.dakarmania.cz\/index.php\/2021\/01\/05\/loprais-spravny-dakar\/\" \/>\n<meta property=\"og:site_name\" content=\"DAKARMANIA.cz\" \/>\n<meta property=\"article:publisher\" content=\"https:\/\/www.facebook.com\/dakarmania\/\" \/>\n<meta property=\"article:published_time\" content=\"2021-01-05T16:44:41+00:00\" \/>\n<meta property=\"article:modified_time\" content=\"2021-01-12T20:24:11+00:00\" \/>\n<meta property=\"og:image\" content=\"https:\/\/www.dakarmania.cz\/wp-content\/uploads\/2021\/01\/21-dakar-loprais-06.jpg\" \/>\n\t<meta property=\"og:image:width\" content=\"1024\" \/>\n\t<meta property=\"og:image:height\" content=\"683\" \/>\n\t<meta property=\"og:image:type\" content=\"image\/jpeg\" \/>\n<meta name=\"author\" content=\"tiskov\u00e1 zpr\u00e1va\" \/>\n<meta name=\"twitter:card\" content=\"summary_large_image\" \/>\n<meta name=\"twitter:label1\" content=\"Napsal(a)\" \/>\n\t<meta name=\"twitter:data1\" content=\"tiskov\u00e1 zpr\u00e1va\" \/>\n\t<meta name=\"twitter:label2\" content=\"Odhadovan\u00e1 doba \u010dten\u00ed\" \/>\n\t<meta name=\"twitter:data2\" content=\"4 minuty\" \/>\n<script type=\"application\/ld+json\" class=\"yoast-schema-graph\">{\"@context\":\"https:\/\/schema.org\",\"@graph\":[{\"@type\":\"Article\",\"@id\":\"https:\/\/www.dakarmania.cz\/index.php\/2021\/01\/05\/loprais-spravny-dakar\/#article\",\"isPartOf\":{\"@id\":\"https:\/\/www.dakarmania.cz\/index.php\/2021\/01\/05\/loprais-spravny-dakar\/\"},\"author\":{\"name\":\"tiskov\u00e1 zpr\u00e1va\",\"@id\":\"https:\/\/www.dakarmania.cz\/#\/schema\/person\/bce8d1fe3633b1178e150fc5e340d5dd\"},\"headline\":\"Ale\u0161 Loprais oce\u0148uje po\u0159adatele: Tohle je spr\u00e1vn\u00fd Dakar. C\u00edt\u00edm cel\u00e9 t\u011blo\",\"datePublished\":\"2021-01-05T16:44:41+00:00\",\"dateModified\":\"2021-01-12T20:24:11+00:00\",\"mainEntityOfPage\":{\"@id\":\"https:\/\/www.dakarmania.cz\/index.php\/2021\/01\/05\/loprais-spravny-dakar\/\"},\"wordCount\":784,\"commentCount\":0,\"publisher\":{\"@id\":\"https:\/\/www.dakarmania.cz\/#organization\"},\"image\":{\"@id\":\"https:\/\/www.dakarmania.cz\/index.php\/2021\/01\/05\/loprais-spravny-dakar\/#primaryimage\"},\"thumbnailUrl\":\"https:\/\/www.dakarmania.cz\/wp-content\/uploads\/2021\/01\/21-dakar-loprais-06.jpg\",\"keywords\":[\"2021\",\"Ale\u0161 Loprais\",\"Dakar\",\"Dakar 2021\",\"Jan Tom\u00e1nek\",\"Ji\u0159\u00ed Stross\",\"Khalid Alkendi\",\"Loprais Team\",\"Petr Pokora\",\"Praga\",\"Tatra\",\"Tom\u00e1\u0161 Ka\u0161p\u00e1rek\"],\"articleSection\":[\"Dakar 2021\",\"Tiskov\u00e9 zpr\u00e1vy\"],\"inLanguage\":\"cs\",\"potentialAction\":[{\"@type\":\"CommentAction\",\"name\":\"Comment\",\"target\":[\"https:\/\/www.dakarmania.cz\/index.php\/2021\/01\/05\/loprais-spravny-dakar\/#respond\"]}]},{\"@type\":\"WebPage\",\"@id\":\"https:\/\/www.dakarmania.cz\/index.php\/2021\/01\/05\/loprais-spravny-dakar\/\",\"url\":\"https:\/\/www.dakarmania.cz\/index.php\/2021\/01\/05\/loprais-spravny-dakar\/\",\"name\":\"Ale\u0161 Loprais oce\u0148uje po\u0159adatele: Tohle je spr\u00e1vn\u00fd Dakar. C\u00edt\u00edm cel\u00e9 t\u011blo - DAKARMANIA.cz\",\"isPartOf\":{\"@id\":\"https:\/\/www.dakarmania.cz\/#website\"},\"primaryImageOfPage\":{\"@id\":\"https:\/\/www.dakarmania.cz\/index.php\/2021\/01\/05\/loprais-spravny-dakar\/#primaryimage\"},\"image\":{\"@id\":\"https:\/\/www.dakarmania.cz\/index.php\/2021\/01\/05\/loprais-spravny-dakar\/#primaryimage\"},\"thumbnailUrl\":\"https:\/\/www.dakarmania.cz\/wp-content\/uploads\/2021\/01\/21-dakar-loprais-06.jpg\",\"datePublished\":\"2021-01-05T16:44:41+00:00\",\"dateModified\":\"2021-01-12T20:24:11+00:00\",\"description\":\"Ale\u0161i Lopraisovi, Khalidu Alkendimu a Petru Pokorovi s Pragou V4S DKR pat\u0159\u00ed po 3. etap\u011b Dakaru 2021 5. p\u0159\u00ed\u010dka pr\u016fb\u011b\u017en\u00e9 klasifikace kamion\u016f.\",\"breadcrumb\":{\"@id\":\"https:\/\/www.dakarmania.cz\/index.php\/2021\/01\/05\/loprais-spravny-dakar\/#breadcrumb\"},\"inLanguage\":\"cs\",\"potentialAction\":[{\"@type\":\"ReadAction\",\"target\":[\"https:\/\/www.dakarmania.cz\/index.php\/2021\/01\/05\/loprais-spravny-dakar\/\"]}]},{\"@type\":\"ImageObject\",\"inLanguage\":\"cs\",\"@id\":\"https:\/\/www.dakarmania.cz\/index.php\/2021\/01\/05\/loprais-spravny-dakar\/#primaryimage\",\"url\":\"https:\/\/www.dakarmania.cz\/wp-content\/uploads\/2021\/01\/21-dakar-loprais-06.jpg\",\"contentUrl\":\"https:\/\/www.dakarmania.cz\/wp-content\/uploads\/2021\/01\/21-dakar-loprais-06.jpg\",\"width\":1024,\"height\":683,\"caption\":\"Ale\u0161 Loprais\/Khalid Alkendi\/Petr Pokora, Praga V4S DKR, Instaforex Loprais Praga Team. Rally Dakar 2021. \u00a9 Loprais Team\"},{\"@type\":\"BreadcrumbList\",\"@id\":\"https:\/\/www.dakarmania.cz\/index.php\/2021\/01\/05\/loprais-spravny-dakar\/#breadcrumb\",\"itemListElement\":[{\"@type\":\"ListItem\",\"position\":1,\"name\":\"Dom\u016f\",\"item\":\"https:\/\/www.dakarmania.cz\/\"},{\"@type\":\"ListItem\",\"position\":2,\"name\":\"Ale\u0161 Loprais oce\u0148uje po\u0159adatele: Tohle je spr\u00e1vn\u00fd Dakar. C\u00edt\u00edm cel\u00e9 t\u011blo\"}]},{\"@type\":\"WebSite\",\"@id\":\"https:\/\/www.dakarmania.cz\/#website\",\"url\":\"https:\/\/www.dakarmania.cz\/\",\"name\":\"DAKARMANIA.cz\",\"description\":\"\u017dijeme Dakarem cel\u00fd rok\",\"publisher\":{\"@id\":\"https:\/\/www.dakarmania.cz\/#organization\"},\"potentialAction\":[{\"@type\":\"SearchAction\",\"target\":{\"@type\":\"EntryPoint\",\"urlTemplate\":\"https:\/\/www.dakarmania.cz\/?s={search_term_string}\"},\"query-input\":{\"@type\":\"PropertyValueSpecification\",\"valueRequired\":true,\"valueName\":\"search_term_string\"}}],\"inLanguage\":\"cs\"},{\"@type\":\"Organization\",\"@id\":\"https:\/\/www.dakarmania.cz\/#organization\",\"name\":\"DAKAR MANIA\",\"url\":\"https:\/\/www.dakarmania.cz\/\",\"logo\":{\"@type\":\"ImageObject\",\"inLanguage\":\"cs\",\"@id\":\"https:\/\/www.dakarmania.cz\/#\/schema\/logo\/image\/\",\"url\":\"https:\/\/www.dakarmania.cz\/wp-content\/uploads\/2018\/12\/Dakar-Mania-Logo-Square-Orange.png\",\"contentUrl\":\"https:\/\/www.dakarmania.cz\/wp-content\/uploads\/2018\/12\/Dakar-Mania-Logo-Square-Orange.png\",\"width\":992,\"height\":992,\"caption\":\"DAKAR MANIA\"},\"image\":{\"@id\":\"https:\/\/www.dakarmania.cz\/#\/schema\/logo\/image\/\"},\"sameAs\":[\"https:\/\/www.facebook.com\/dakarmania\/\"]},{\"@type\":\"Person\",\"@id\":\"https:\/\/www.dakarmania.cz\/#\/schema\/person\/bce8d1fe3633b1178e150fc5e340d5dd\",\"name\":\"tiskov\u00e1 zpr\u00e1va\",\"image\":{\"@type\":\"ImageObject\",\"inLanguage\":\"cs\",\"@id\":\"https:\/\/www.dakarmania.cz\/#\/schema\/person\/image\/\",\"url\":\"https:\/\/secure.gravatar.com\/avatar\/19aefcb6c7bfae691fca4d805686c670f59bb4f7414c7b398b88dc9c8f4e96d5?s=96&d=mm&r=g\",\"contentUrl\":\"https:\/\/secure.gravatar.com\/avatar\/19aefcb6c7bfae691fca4d805686c670f59bb4f7414c7b398b88dc9c8f4e96d5?s=96&d=mm&r=g\",\"caption\":\"tiskov\u00e1 zpr\u00e1va\"},\"url\":\"https:\/\/www.dakarmania.cz\/index.php\/author\/tiskovezpravy\/\"}]}<\/script>\n<!-- \/ Yoast SEO plugin. -->","yoast_head_json":{"title":"Ale\u0161 Loprais oce\u0148uje po\u0159adatele: Tohle je spr\u00e1vn\u00fd Dakar. C\u00edt\u00edm cel\u00e9 t\u011blo - DAKARMANIA.cz","description":"Ale\u0161i Lopraisovi, Khalidu Alkendimu a Petru Pokorovi s Pragou V4S DKR pat\u0159\u00ed po 3. etap\u011b Dakaru 2021 5. p\u0159\u00ed\u010dka pr\u016fb\u011b\u017en\u00e9 klasifikace kamion\u016f.","robots":{"index":"index","follow":"follow","max-snippet":"max-snippet:-1","max-image-preview":"max-image-preview:large","max-video-preview":"max-video-preview:-1"},"canonical":"https:\/\/www.dakarmania.cz\/index.php\/2021\/01\/05\/loprais-spravny-dakar\/","og_locale":"cs_CZ","og_type":"article","og_title":"Ale\u0161 Loprais oce\u0148uje po\u0159adatele: Tohle je spr\u00e1vn\u00fd Dakar. C\u00edt\u00edm cel\u00e9 t\u011blo - DAKARMANIA.cz","og_description":"Ale\u0161i Lopraisovi, Khalidu Alkendimu a Petru Pokorovi s Pragou V4S DKR pat\u0159\u00ed po 3. etap\u011b Dakaru 2021 5. p\u0159\u00ed\u010dka pr\u016fb\u011b\u017en\u00e9 klasifikace kamion\u016f.","og_url":"https:\/\/www.dakarmania.cz\/index.php\/2021\/01\/05\/loprais-spravny-dakar\/","og_site_name":"DAKARMANIA.cz","article_publisher":"https:\/\/www.facebook.com\/dakarmania\/","article_published_time":"2021-01-05T16:44:41+00:00","article_modified_time":"2021-01-12T20:24:11+00:00","og_image":[{"width":1024,"height":683,"url":"https:\/\/www.dakarmania.cz\/wp-content\/uploads\/2021\/01\/21-dakar-loprais-06.jpg","type":"image\/jpeg"}],"author":"tiskov\u00e1 zpr\u00e1va","twitter_card":"summary_large_image","twitter_misc":{"Napsal(a)":"tiskov\u00e1 zpr\u00e1va","Odhadovan\u00e1 doba \u010dten\u00ed":"4 minuty"},"schema":{"@context":"https:\/\/schema.org","@graph":[{"@type":"Article","@id":"https:\/\/www.dakarmania.cz\/index.php\/2021\/01\/05\/loprais-spravny-dakar\/#article","isPartOf":{"@id":"https:\/\/www.dakarmania.cz\/index.php\/2021\/01\/05\/loprais-spravny-dakar\/"},"author":{"name":"tiskov\u00e1 zpr\u00e1va","@id":"https:\/\/www.dakarmania.cz\/#\/schema\/person\/bce8d1fe3633b1178e150fc5e340d5dd"},"headline":"Ale\u0161 Loprais oce\u0148uje po\u0159adatele: Tohle je spr\u00e1vn\u00fd Dakar. C\u00edt\u00edm cel\u00e9 t\u011blo","datePublished":"2021-01-05T16:44:41+00:00","dateModified":"2021-01-12T20:24:11+00:00","mainEntityOfPage":{"@id":"https:\/\/www.dakarmania.cz\/index.php\/2021\/01\/05\/loprais-spravny-dakar\/"},"wordCount":784,"commentCount":0,"publisher":{"@id":"https:\/\/www.dakarmania.cz\/#organization"},"image":{"@id":"https:\/\/www.dakarmania.cz\/index.php\/2021\/01\/05\/loprais-spravny-dakar\/#primaryimage"},"thumbnailUrl":"https:\/\/www.dakarmania.cz\/wp-content\/uploads\/2021\/01\/21-dakar-loprais-06.jpg","keywords":["2021","Ale\u0161 Loprais","Dakar","Dakar 2021","Jan Tom\u00e1nek","Ji\u0159\u00ed Stross","Khalid Alkendi","Loprais Team","Petr Pokora","Praga","Tatra","Tom\u00e1\u0161 Ka\u0161p\u00e1rek"],"articleSection":["Dakar 2021","Tiskov\u00e9 zpr\u00e1vy"],"inLanguage":"cs","potentialAction":[{"@type":"CommentAction","name":"Comment","target":["https:\/\/www.dakarmania.cz\/index.php\/2021\/01\/05\/loprais-spravny-dakar\/#respond"]}]},{"@type":"WebPage","@id":"https:\/\/www.dakarmania.cz\/index.php\/2021\/01\/05\/loprais-spravny-dakar\/","url":"https:\/\/www.dakarmania.cz\/index.php\/2021\/01\/05\/loprais-spravny-dakar\/","name":"Ale\u0161 Loprais oce\u0148uje po\u0159adatele: Tohle je spr\u00e1vn\u00fd Dakar. C\u00edt\u00edm cel\u00e9 t\u011blo - DAKARMANIA.cz","isPartOf":{"@id":"https:\/\/www.dakarmania.cz\/#website"},"primaryImageOfPage":{"@id":"https:\/\/www.dakarmania.cz\/index.php\/2021\/01\/05\/loprais-spravny-dakar\/#primaryimage"},"image":{"@id":"https:\/\/www.dakarmania.cz\/index.php\/2021\/01\/05\/loprais-spravny-dakar\/#primaryimage"},"thumbnailUrl":"https:\/\/www.dakarmania.cz\/wp-content\/uploads\/2021\/01\/21-dakar-loprais-06.jpg","datePublished":"2021-01-05T16:44:41+00:00","dateModified":"2021-01-12T20:24:11+00:00","description":"Ale\u0161i Lopraisovi, Khalidu Alkendimu a Petru Pokorovi s Pragou V4S DKR pat\u0159\u00ed po 3. etap\u011b Dakaru 2021 5. p\u0159\u00ed\u010dka pr\u016fb\u011b\u017en\u00e9 klasifikace kamion\u016f.","breadcrumb":{"@id":"https:\/\/www.dakarmania.cz\/index.php\/2021\/01\/05\/loprais-spravny-dakar\/#breadcrumb"},"inLanguage":"cs","potentialAction":[{"@type":"ReadAction","target":["https:\/\/www.dakarmania.cz\/index.php\/2021\/01\/05\/loprais-spravny-dakar\/"]}]},{"@type":"ImageObject","inLanguage":"cs","@id":"https:\/\/www.dakarmania.cz\/index.php\/2021\/01\/05\/loprais-spravny-dakar\/#primaryimage","url":"https:\/\/www.dakarmania.cz\/wp-content\/uploads\/2021\/01\/21-dakar-loprais-06.jpg","contentUrl":"https:\/\/www.dakarmania.cz\/wp-content\/uploads\/2021\/01\/21-dakar-loprais-06.jpg","width":1024,"height":683,"caption":"Ale\u0161 Loprais\/Khalid Alkendi\/Petr Pokora, Praga V4S DKR, Instaforex Loprais Praga Team. Rally Dakar 2021. \u00a9 Loprais Team"},{"@type":"BreadcrumbList","@id":"https:\/\/www.dakarmania.cz\/index.php\/2021\/01\/05\/loprais-spravny-dakar\/#breadcrumb","itemListElement":[{"@type":"ListItem","position":1,"name":"Dom\u016f","item":"https:\/\/www.dakarmania.cz\/"},{"@type":"ListItem","position":2,"name":"Ale\u0161 Loprais oce\u0148uje po\u0159adatele: Tohle je spr\u00e1vn\u00fd Dakar. C\u00edt\u00edm cel\u00e9 t\u011blo"}]},{"@type":"WebSite","@id":"https:\/\/www.dakarmania.cz\/#website","url":"https:\/\/www.dakarmania.cz\/","name":"DAKARMANIA.cz","description":"\u017dijeme Dakarem cel\u00fd rok","publisher":{"@id":"https:\/\/www.dakarmania.cz\/#organization"},"potentialAction":[{"@type":"SearchAction","target":{"@type":"EntryPoint","urlTemplate":"https:\/\/www.dakarmania.cz\/?s={search_term_string}"},"query-input":{"@type":"PropertyValueSpecification","valueRequired":true,"valueName":"search_term_string"}}],"inLanguage":"cs"},{"@type":"Organization","@id":"https:\/\/www.dakarmania.cz\/#organization","name":"DAKAR MANIA","url":"https:\/\/www.dakarmania.cz\/","logo":{"@type":"ImageObject","inLanguage":"cs","@id":"https:\/\/www.dakarmania.cz\/#\/schema\/logo\/image\/","url":"https:\/\/www.dakarmania.cz\/wp-content\/uploads\/2018\/12\/Dakar-Mania-Logo-Square-Orange.png","contentUrl":"https:\/\/www.dakarmania.cz\/wp-content\/uploads\/2018\/12\/Dakar-Mania-Logo-Square-Orange.png","width":992,"height":992,"caption":"DAKAR MANIA"},"image":{"@id":"https:\/\/www.dakarmania.cz\/#\/schema\/logo\/image\/"},"sameAs":["https:\/\/www.facebook.com\/dakarmania\/"]},{"@type":"Person","@id":"https:\/\/www.dakarmania.cz\/#\/schema\/person\/bce8d1fe3633b1178e150fc5e340d5dd","name":"tiskov\u00e1 zpr\u00e1va","image":{"@type":"ImageObject","inLanguage":"cs","@id":"https:\/\/www.dakarmania.cz\/#\/schema\/person\/image\/","url":"https:\/\/secure.gravatar.com\/avatar\/19aefcb6c7bfae691fca4d805686c670f59bb4f7414c7b398b88dc9c8f4e96d5?s=96&d=mm&r=g","contentUrl":"https:\/\/secure.gravatar.com\/avatar\/19aefcb6c7bfae691fca4d805686c670f59bb4f7414c7b398b88dc9c8f4e96d5?s=96&d=mm&r=g","caption":"tiskov\u00e1 zpr\u00e1va"},"url":"https:\/\/www.dakarmania.cz\/index.php\/author\/tiskovezpravy\/"}]}},"amp_enabled":true,"_links":{"self":[{"href":"https:\/\/www.dakarmania.cz\/index.php\/wp-json\/wp\/v2\/posts\/17735","targetHints":{"allow":["GET"]}}],"collection":[{"href":"https:\/\/www.dakarmania.cz\/index.php\/wp-json\/wp\/v2\/posts"}],"about":[{"href":"https:\/\/www.dakarmania.cz\/index.php\/wp-json\/wp\/v2\/types\/post"}],"author":[{"embeddable":true,"href":"https:\/\/www.dakarmania.cz\/index.php\/wp-json\/wp\/v2\/users\/3"}],"replies":[{"embeddable":true,"href":"https:\/\/www.dakarmania.cz\/index.php\/wp-json\/wp\/v2\/comments?post=17735"}],"version-history":[{"count":1,"href":"https:\/\/www.dakarmania.cz\/index.php\/wp-json\/wp\/v2\/posts\/17735\/revisions"}],"predecessor-version":[{"id":17736,"href":"https:\/\/www.dakarmania.cz\/index.php\/wp-json\/wp\/v2\/posts\/17735\/revisions\/17736"}],"wp:featuredmedia":[{"embeddable":true,"href":"https:\/\/www.dakarmania.cz\/index.php\/wp-json\/wp\/v2\/media\/17734"}],"wp:attachment":[{"href":"https:\/\/www.dakarmania.cz\/index.php\/wp-json\/wp\/v2\/media?parent=17735"}],"wp:term":[{"taxonomy":"category","embeddable":true,"href":"https:\/\/www.dakarmania.cz\/index.php\/wp-json\/wp\/v2\/categories?post=17735"},{"taxonomy":"post_tag","embeddable":true,"href":"https:\/\/www.dakarmania.cz\/index.php\/wp-json\/wp\/v2\/tags?post=17735"}],"curies":[{"name":"wp","href":"https:\/\/api.w.org\/{rel}","templated":true}]}}