{"id":17786,"date":"2021-01-06T21:20:29","date_gmt":"2021-01-06T20:20:29","guid":{"rendered":"https:\/\/www.dakarmania.cz\/?p=17786"},"modified":"2023-05-27T10:15:01","modified_gmt":"2023-05-27T08:15:01","slug":"dakar-2021-loprais-stale-paty","status":"publish","type":"post","link":"https:\/\/www.dakarmania.cz\/index.php\/2021\/01\/06\/dakar-2021-loprais-stale-paty\/","title":{"rendered":"Dakar 2021: Navzdory druh\u00e9mu defektu Ale\u0161 Loprais st\u00e1le p\u00e1t\u00fd"},"content":{"rendered":"<p>[vc_row][vc_column][vc_column_text css_animation=&#8221;fadeIn&#8221;]<\/p>\n<h3>P\u0159esto\u017ee se Ale\u0161 Loprais na Dakaru 2021 poprv\u00e9 neve\u0161el v hodnocen\u00ed etapy do prvn\u00ed des\u00edtky, jednalo se z pohledu Instaforex Loprais Praga Teamu o relativn\u011b poklidn\u00fd den. Nav\u00edc v\u00fdsledek, kter\u00fd dnes pilota Pragy V4S DKR nepot\u011b\u0161il, m\u016f\u017ee z\u00edtra paradoxn\u011b znamenat v\u00fdhodu. Do n\u00e1sleduj\u00edc\u00ed velmi n\u00e1ro\u010dn\u00e9 etapy toti\u017e vyraz\u00ed oba t\u00fdmov\u00e9 kamiony kr\u00e1tce po sob\u011b.<\/h3>\n<p>[\/vc_column_text][vc_single_image image=&#8221;17785&#8243; img_size=&#8221;large&#8221; add_caption=&#8221;yes&#8221; alignment=&#8221;center&#8221; onclick=&#8221;link_image&#8221; css_animation=&#8221;fadeIn&#8221;][vc_column_text css_animation=&#8221;fadeIn&#8221;]\u010ctvrt\u00e1 etapa z Vad\u00ed ad-Dav\u00e1siru do Rij\u00e1du byla takzvan\u011b p\u0159ejezdov\u00e1. Slou\u017eila p\u0159edev\u0161\u00edm k p\u0159esunu cel\u00e9 sout\u011b\u017ee ze z\u00e1padn\u00ed do v\u00fdchodn\u00ed \u010d\u00e1sti zem\u011b a s 813 kilometry byla nejdel\u0161\u00ed z cel\u00e9ho leto\u0161n\u00edho ro\u010dn\u00edku. Pot\u0159eb\u011b p\u0159eklenout spoustu kilometr\u016f odpov\u00eddal sv\u00fdm charakterem i st\u0159ede\u010dn\u00ed m\u011b\u0159en\u00fd \u00fasek. Speci\u00e1lka byla relativn\u011b kr\u00e1tk\u00e1 a velmi rychl\u00e1 (337 km).<\/p>\n<p>Rozestupy mezi vozy na absolutn\u00ed \u0161pici byly za dan\u00fdch podm\u00ednek minim\u00e1ln\u00ed. Proto i pouh\u00e1 v\u00fdm\u011bna kola mohla ve v\u00fdsledc\u00edch dne znamenat ztr\u00e1tu n\u011bkolika pozic. A pr\u00e1v\u011b defekt pneumatiky museli Ale\u0161 Loprais, Khalid Alkendi a Petr Pokora \u0159e\u0161it.<\/p>\n<p><em>\u201eZe za\u010d\u00e1tku jsme let\u011bli fakt p\u011bkn\u011b. Pak jsme dojeli jeden Maz a v prachu jsme n\u011bkde ud\u011blali defekt. Jednozna\u010dn\u011b to byla m\u00e1 chyba a mrz\u00ed m\u011b, \u017ee se nem\u00e1m z \u010deho pou\u010dit, proto\u017ee ani dnes nev\u00edme, kde se to stalo. Byl to pomal\u00fd defekt, chvilku jsme ho dohu\u0161\u0165ovali, ale pak jsme se rozhodli kolo vym\u011bnit. Pneumatika u\u017e byla velmi podhu\u0161t\u011bn\u00e1 a b\u00e1l jsem se, abychom j\u00edzdou na takov\u00e9 \u201apapu\u010di\u2018 autu n\u011bco neud\u011blali,\u201c<\/em> vysv\u011btluje <strong>Ale\u0161 Loprais<\/strong>.<\/p>\n<p>\u010cerveno-b\u00edl\u00e1 Praga V4S DKR dorazila do c\u00edle jako jeden\u00e1ct\u00e1 se \u010dtvrthodinov\u00fdm odstupem od dne\u0161n\u00edho v\u00edt\u011bze a leadera pr\u016fb\u011b\u017en\u00e9 klasifikace Dmitrije Sotnikova s Kamazem. V pr\u016fb\u011b\u017en\u00e9m hodnocen\u00ed z\u016fst\u00e1v\u00e1 pos\u00e1dka Instaforex Loprais Praga Teamu p\u00e1t\u00e1 (+ 51:40 min).[\/vc_column_text][vc_single_image image=&#8221;17291&#8243; img_size=&#8221;large&#8221; add_caption=&#8221;yes&#8221; alignment=&#8221;center&#8221; onclick=&#8221;custom_link&#8221; img_link_target=&#8221;_blank&#8221; css_animation=&#8221;fadeIn&#8221; link=&#8221;http:\/\/eshop.dakarmania.cz\/&#8221;][vc_column_text css_animation=&#8221;fadeIn&#8221;]<em>\u201eV\u00fdm\u011bna n\u00e1m klasicky trvala asi jeden\u00e1ct minut. Dal\u0161\u00ed \u010das jsme ztratili, ne\u017e jsme se znovu dostali do tempa. Ve druh\u00e9 \u010d\u00e1sti etapy jsme se sna\u017eili, ale nedalo se st\u00e1hnout tolik, kolik bychom si p\u0159edstavovali, proto\u017ee etapa nebyla p\u0159\u00edli\u0161 dlouh\u00e1 a byla hodn\u011b rychl\u00e1.\u201c<\/em><\/p>\n<p><em>\u201eZ v\u00fdsledku radost nem\u00e1m, ale jelo se mi n\u00e1dhern\u011b. Auto \u0161lape jako hodinky a z toho m\u00e1m naopak radost obrovskou. Udr\u017eeli jsme p\u00e1t\u00e9 m\u00edsto. Sice jsem dneska cht\u011bl v\u00edc, ale je\u0161t\u011b nen\u00ed konec. Naopak. Nejsme ani v polovin\u011b. Budeme muset zat\u00e1hnout a t\u011b\u0161\u00edm se na to, proto\u017ee auto funguje dob\u0159e a \u010dekaj\u00ed n\u00e1s duny a p\u00edsky. V\u011b\u0159\u00edm, \u017ee v nich bychom se mohli dostat v\u00edc dop\u0159edu,\u201c<\/em> \u0159\u00edk\u00e1 Loprais.<\/p>\n<p>Jan Tom\u00e1nek s Tom\u00e1\u0161em Ka\u0161p\u00e1rkem a Ji\u0159\u00edm Strossem postoupili s Tatrou Jamal \u2013 Queen 69 na patn\u00e1ct\u00e9 m\u00edsto celkov\u011b.<\/p>\n<p><em>\u201eDnes jednodu\u0161\u0161\u00ed a sp\u00ed\u0161 rychl\u00e1 etapa s mal\u00fdm dunovi\u0161t\u011bm. Asi dvan\u00e1ct patn\u00e1ct kilometr\u016f, nic n\u00e1ro\u010dn\u00e9ho. Duny byly sice velk\u00e9, ale v\u00fdjezdy a sjezdy byly pom\u011brn\u011b jednoduch\u00e9. A\u017e asi posledn\u00edch osmdes\u00e1t kilometr\u016f se tra\u0165 motala mezi skalami a bylo to naviga\u010dn\u011b t\u011b\u017e\u0161\u00ed,\u201c<\/em> popisuje <strong>Jan Tom\u00e1nek<\/strong>.[\/vc_column_text][vc_video link=&#8221;https:\/\/youtu.be\/GQgkBHm4vL4&#8243;][vc_column_text css_animation=&#8221;fadeIn&#8221;]\u201eMysl\u00edm, \u017ee jsme to zvl\u00e1dli dob\u0159e, ale zase jsme se tro\u0161ku pot\u00fdkali se ztr\u00e1tou v\u00fdkonu. Kv\u016fli nekvalitn\u00ed m\u00edstn\u00ed naft\u011b doch\u00e1z\u00ed k p\u0159ilepov\u00e1n\u00ed vst\u0159iku. Proto se sna\u017e\u00edme sehnat n\u011bjak\u00e9 aditivum pro zlep\u0161en\u00ed kvality paliva. Z\u00edt\u0159ej\u0161\u00ed etapa bude hodn\u011b n\u00e1ro\u010dn\u00e1 a v\u00fdkon budeme pot\u0159ebovat. \u010cek\u00e1 n\u00e1s sto deset kilometr\u016f dun. Tak doufejme, \u017ee z\u00edtra vyraz\u00edme v pln\u00e9 s\u00edle,\u201c uzav\u00edr\u00e1 Tom\u00e1nek.<\/p>\n<p>\u010ctvrte\u010dn\u00ed etapa do Kajsumy m\u011b\u0159\u00ed 795 kilometr\u016f a z\u00e1vodn\u00edci jich tud\u00ed\u017e ujedou jen nepatrn\u011b m\u00e9n\u011b ne\u017e dnes. Cestou p\u0159itom absolvuj\u00ed rychlostn\u00ed zkou\u0161ku, kter\u00e1 by se podle v\u0161eho mohla st\u00e1t jedn\u00edm z prub\u00ed\u0159sk\u00fdch kamen\u016f Dakaru 2021. Na \u010das se pojede 456 kilometr\u016f a organiz\u00e1to\u0159i slibuj\u00ed hned od startu obt\u00ed\u017enou navigaci a kolem poloviny testu ji\u017e zm\u00edn\u011bnou n\u00e1ro\u010dnou pas\u00e1\u017e v dun\u00e1ch.<\/p>\n<p>V\u011bt\u0161ina kamion\u016f nav\u00edc bude doj\u00ed\u017ed\u011bt za \u0161era nebo sp\u00ed\u0161e u\u017e za tmy. A to nejen do bivaku, ale i do c\u00edle speci\u00e1lky. Na rozd\u00edl od p\u0159edchoz\u00edch dn\u016f toti\u017e n\u00e1kladn\u00ed automobily z\u00edtra nestartuj\u00ed v prom\u00edchan\u00e9m po\u0159ad\u00ed s osobn\u00edmi auty a buginami, ale tentokr\u00e1t a\u017e po nich. Podle p\u0159edpoklad\u016f po\u0159adatel\u016f maj\u00ed prvn\u00ed kamiony dorazit do c\u00edle rychlostn\u00ed zkou\u0161ky t\u011bsn\u011b po sedmn\u00e1ct\u00e9 hodin\u011b m\u00edstn\u00edho \u010dasu, p\u0159i\u010dem\u017e tma v t\u011bchto dnech p\u0159ich\u00e1z\u00ed na v\u00fdchod\u011b Sa\u00fadsk\u00e9 Ar\u00e1bie u\u017e p\u0159ed p\u016fl \u0161estou odpoledne.<\/p>\n<p>Tiskov\u00e1 zpr\u00e1va Instaforex Loprais Praga Teamu[\/vc_column_text][vc_empty_space height=&#8221;2px&#8221;][\/vc_column][\/vc_row]<\/p>\n","protected":false},"excerpt":{"rendered":"<p>P\u0159esto\u017ee se Ale\u0161 Loprais na Dakaru 2021 poprv\u00e9 neve\u0161el v hodnocen\u00ed etapy do prvn\u00ed des\u00edtky, jednalo se z jeho pohledu o relativn\u011b poklidn\u00fd den.<\/p>\n","protected":false},"author":3,"featured_media":17785,"comment_status":"closed","ping_status":"closed","sticky":false,"template":"","format":"standard","meta":{"footnotes":""},"categories":[1688,637],"tags":[1630,65,8,1475,6,135,1526,69,67,1557,68,1798],"class_list":["post-17786","post","type-post","status-publish","format-standard","has-post-thumbnail","hentry","category-dakar-2021","category-tiskove-zpravy","tag-1630","tag-ales-loprais","tag-dakar","tag-dakar-2021","tag-jan-tomanek","tag-jiri-stross","tag-khalid-alkendi","tag-loprais-team","tag-petr-pokora","tag-praga","tag-tatra","tag-tomas-kasparek"],"yoast_head":"<!-- This site is optimized with the Yoast SEO plugin v24.9 - https:\/\/yoast.com\/wordpress\/plugins\/seo\/ -->\n<title>Dakar 2021: Navzdory druh\u00e9mu defektu Ale\u0161 Loprais st\u00e1le p\u00e1t\u00fd - DAKARMANIA.cz<\/title>\n<meta name=\"description\" content=\"P\u0159esto\u017ee se Ale\u0161 Loprais na Dakaru 2021 poprv\u00e9 neve\u0161el v hodnocen\u00ed etapy do prvn\u00ed des\u00edtky, jednalo se z jeho pohledu o relativn\u011b poklidn\u00fd den.\" \/>\n<meta name=\"robots\" content=\"index, follow, max-snippet:-1, max-image-preview:large, max-video-preview:-1\" \/>\n<link rel=\"canonical\" href=\"https:\/\/www.dakarmania.cz\/index.php\/2021\/01\/06\/dakar-2021-loprais-stale-paty\/\" \/>\n<meta property=\"og:locale\" content=\"cs_CZ\" \/>\n<meta property=\"og:type\" content=\"article\" \/>\n<meta property=\"og:title\" content=\"Dakar 2021: Navzdory druh\u00e9mu defektu Ale\u0161 Loprais st\u00e1le p\u00e1t\u00fd - DAKARMANIA.cz\" \/>\n<meta property=\"og:description\" content=\"P\u0159esto\u017ee se Ale\u0161 Loprais na Dakaru 2021 poprv\u00e9 neve\u0161el v hodnocen\u00ed etapy do prvn\u00ed des\u00edtky, jednalo se z jeho pohledu o relativn\u011b poklidn\u00fd den.\" \/>\n<meta property=\"og:url\" content=\"https:\/\/www.dakarmania.cz\/index.php\/2021\/01\/06\/dakar-2021-loprais-stale-paty\/\" \/>\n<meta property=\"og:site_name\" content=\"DAKARMANIA.cz\" \/>\n<meta property=\"article:publisher\" content=\"https:\/\/www.facebook.com\/dakarmania\/\" \/>\n<meta property=\"article:published_time\" content=\"2021-01-06T20:20:29+00:00\" \/>\n<meta property=\"article:modified_time\" content=\"2023-05-27T08:15:01+00:00\" \/>\n<meta property=\"og:image\" content=\"https:\/\/www.dakarmania.cz\/wp-content\/uploads\/2021\/01\/21-dakar-loprais-07.jpg\" \/>\n\t<meta property=\"og:image:width\" content=\"1024\" \/>\n\t<meta property=\"og:image:height\" content=\"682\" \/>\n\t<meta property=\"og:image:type\" content=\"image\/jpeg\" \/>\n<meta name=\"author\" content=\"tiskov\u00e1 zpr\u00e1va\" \/>\n<meta name=\"twitter:card\" content=\"summary_large_image\" \/>\n<meta name=\"twitter:label1\" content=\"Napsal(a)\" \/>\n\t<meta name=\"twitter:data1\" content=\"tiskov\u00e1 zpr\u00e1va\" \/>\n\t<meta name=\"twitter:label2\" content=\"Odhadovan\u00e1 doba \u010dten\u00ed\" \/>\n\t<meta name=\"twitter:data2\" content=\"4 minuty\" \/>\n<script type=\"application\/ld+json\" class=\"yoast-schema-graph\">{\"@context\":\"https:\/\/schema.org\",\"@graph\":[{\"@type\":\"Article\",\"@id\":\"https:\/\/www.dakarmania.cz\/index.php\/2021\/01\/06\/dakar-2021-loprais-stale-paty\/#article\",\"isPartOf\":{\"@id\":\"https:\/\/www.dakarmania.cz\/index.php\/2021\/01\/06\/dakar-2021-loprais-stale-paty\/\"},\"author\":{\"name\":\"tiskov\u00e1 zpr\u00e1va\",\"@id\":\"https:\/\/www.dakarmania.cz\/#\/schema\/person\/bce8d1fe3633b1178e150fc5e340d5dd\"},\"headline\":\"Dakar 2021: Navzdory druh\u00e9mu defektu Ale\u0161 Loprais st\u00e1le p\u00e1t\u00fd\",\"datePublished\":\"2021-01-06T20:20:29+00:00\",\"dateModified\":\"2023-05-27T08:15:01+00:00\",\"mainEntityOfPage\":{\"@id\":\"https:\/\/www.dakarmania.cz\/index.php\/2021\/01\/06\/dakar-2021-loprais-stale-paty\/\"},\"wordCount\":954,\"publisher\":{\"@id\":\"https:\/\/www.dakarmania.cz\/#organization\"},\"image\":{\"@id\":\"https:\/\/www.dakarmania.cz\/index.php\/2021\/01\/06\/dakar-2021-loprais-stale-paty\/#primaryimage\"},\"thumbnailUrl\":\"https:\/\/www.dakarmania.cz\/wp-content\/uploads\/2021\/01\/21-dakar-loprais-07.jpg\",\"keywords\":[\"2021\",\"Ale\u0161 Loprais\",\"Dakar\",\"Dakar 2021\",\"Jan Tom\u00e1nek\",\"Ji\u0159\u00ed Stross\",\"Khalid Alkendi\",\"Loprais Team\",\"Petr Pokora\",\"Praga\",\"Tatra\",\"Tom\u00e1\u0161 Ka\u0161p\u00e1rek\"],\"articleSection\":[\"Dakar 2021\",\"Tiskov\u00e9 zpr\u00e1vy\"],\"inLanguage\":\"cs\"},{\"@type\":\"WebPage\",\"@id\":\"https:\/\/www.dakarmania.cz\/index.php\/2021\/01\/06\/dakar-2021-loprais-stale-paty\/\",\"url\":\"https:\/\/www.dakarmania.cz\/index.php\/2021\/01\/06\/dakar-2021-loprais-stale-paty\/\",\"name\":\"Dakar 2021: Navzdory druh\u00e9mu defektu Ale\u0161 Loprais st\u00e1le p\u00e1t\u00fd - DAKARMANIA.cz\",\"isPartOf\":{\"@id\":\"https:\/\/www.dakarmania.cz\/#website\"},\"primaryImageOfPage\":{\"@id\":\"https:\/\/www.dakarmania.cz\/index.php\/2021\/01\/06\/dakar-2021-loprais-stale-paty\/#primaryimage\"},\"image\":{\"@id\":\"https:\/\/www.dakarmania.cz\/index.php\/2021\/01\/06\/dakar-2021-loprais-stale-paty\/#primaryimage\"},\"thumbnailUrl\":\"https:\/\/www.dakarmania.cz\/wp-content\/uploads\/2021\/01\/21-dakar-loprais-07.jpg\",\"datePublished\":\"2021-01-06T20:20:29+00:00\",\"dateModified\":\"2023-05-27T08:15:01+00:00\",\"description\":\"P\u0159esto\u017ee se Ale\u0161 Loprais na Dakaru 2021 poprv\u00e9 neve\u0161el v hodnocen\u00ed etapy do prvn\u00ed des\u00edtky, jednalo se z jeho pohledu o relativn\u011b poklidn\u00fd den.\",\"breadcrumb\":{\"@id\":\"https:\/\/www.dakarmania.cz\/index.php\/2021\/01\/06\/dakar-2021-loprais-stale-paty\/#breadcrumb\"},\"inLanguage\":\"cs\",\"potentialAction\":[{\"@type\":\"ReadAction\",\"target\":[\"https:\/\/www.dakarmania.cz\/index.php\/2021\/01\/06\/dakar-2021-loprais-stale-paty\/\"]}]},{\"@type\":\"ImageObject\",\"inLanguage\":\"cs\",\"@id\":\"https:\/\/www.dakarmania.cz\/index.php\/2021\/01\/06\/dakar-2021-loprais-stale-paty\/#primaryimage\",\"url\":\"https:\/\/www.dakarmania.cz\/wp-content\/uploads\/2021\/01\/21-dakar-loprais-07.jpg\",\"contentUrl\":\"https:\/\/www.dakarmania.cz\/wp-content\/uploads\/2021\/01\/21-dakar-loprais-07.jpg\",\"width\":1024,\"height\":682,\"caption\":\"Ale\u0161 Loprais\/Khalid Alkendi\/Petr Pokora, Praga V4S DKR, Instaforex Loprais Praga Team. Rally Dakar 2021. \u00a9 Loprais Team\"},{\"@type\":\"BreadcrumbList\",\"@id\":\"https:\/\/www.dakarmania.cz\/index.php\/2021\/01\/06\/dakar-2021-loprais-stale-paty\/#breadcrumb\",\"itemListElement\":[{\"@type\":\"ListItem\",\"position\":1,\"name\":\"Dom\u016f\",\"item\":\"https:\/\/www.dakarmania.cz\/\"},{\"@type\":\"ListItem\",\"position\":2,\"name\":\"Dakar 2021: Navzdory druh\u00e9mu defektu Ale\u0161 Loprais st\u00e1le p\u00e1t\u00fd\"}]},{\"@type\":\"WebSite\",\"@id\":\"https:\/\/www.dakarmania.cz\/#website\",\"url\":\"https:\/\/www.dakarmania.cz\/\",\"name\":\"DAKARMANIA.cz\",\"description\":\"\u017dijeme Dakarem cel\u00fd rok\",\"publisher\":{\"@id\":\"https:\/\/www.dakarmania.cz\/#organization\"},\"potentialAction\":[{\"@type\":\"SearchAction\",\"target\":{\"@type\":\"EntryPoint\",\"urlTemplate\":\"https:\/\/www.dakarmania.cz\/?s={search_term_string}\"},\"query-input\":{\"@type\":\"PropertyValueSpecification\",\"valueRequired\":true,\"valueName\":\"search_term_string\"}}],\"inLanguage\":\"cs\"},{\"@type\":\"Organization\",\"@id\":\"https:\/\/www.dakarmania.cz\/#organization\",\"name\":\"DAKAR MANIA\",\"url\":\"https:\/\/www.dakarmania.cz\/\",\"logo\":{\"@type\":\"ImageObject\",\"inLanguage\":\"cs\",\"@id\":\"https:\/\/www.dakarmania.cz\/#\/schema\/logo\/image\/\",\"url\":\"https:\/\/www.dakarmania.cz\/wp-content\/uploads\/2018\/12\/Dakar-Mania-Logo-Square-Orange.png\",\"contentUrl\":\"https:\/\/www.dakarmania.cz\/wp-content\/uploads\/2018\/12\/Dakar-Mania-Logo-Square-Orange.png\",\"width\":992,\"height\":992,\"caption\":\"DAKAR MANIA\"},\"image\":{\"@id\":\"https:\/\/www.dakarmania.cz\/#\/schema\/logo\/image\/\"},\"sameAs\":[\"https:\/\/www.facebook.com\/dakarmania\/\"]},{\"@type\":\"Person\",\"@id\":\"https:\/\/www.dakarmania.cz\/#\/schema\/person\/bce8d1fe3633b1178e150fc5e340d5dd\",\"name\":\"tiskov\u00e1 zpr\u00e1va\",\"image\":{\"@type\":\"ImageObject\",\"inLanguage\":\"cs\",\"@id\":\"https:\/\/www.dakarmania.cz\/#\/schema\/person\/image\/\",\"url\":\"https:\/\/secure.gravatar.com\/avatar\/19aefcb6c7bfae691fca4d805686c670f59bb4f7414c7b398b88dc9c8f4e96d5?s=96&d=mm&r=g\",\"contentUrl\":\"https:\/\/secure.gravatar.com\/avatar\/19aefcb6c7bfae691fca4d805686c670f59bb4f7414c7b398b88dc9c8f4e96d5?s=96&d=mm&r=g\",\"caption\":\"tiskov\u00e1 zpr\u00e1va\"},\"url\":\"https:\/\/www.dakarmania.cz\/index.php\/author\/tiskovezpravy\/\"}]}<\/script>\n<!-- \/ Yoast SEO plugin. -->","yoast_head_json":{"title":"Dakar 2021: Navzdory druh\u00e9mu defektu Ale\u0161 Loprais st\u00e1le p\u00e1t\u00fd - DAKARMANIA.cz","description":"P\u0159esto\u017ee se Ale\u0161 Loprais na Dakaru 2021 poprv\u00e9 neve\u0161el v hodnocen\u00ed etapy do prvn\u00ed des\u00edtky, jednalo se z jeho pohledu o relativn\u011b poklidn\u00fd den.","robots":{"index":"index","follow":"follow","max-snippet":"max-snippet:-1","max-image-preview":"max-image-preview:large","max-video-preview":"max-video-preview:-1"},"canonical":"https:\/\/www.dakarmania.cz\/index.php\/2021\/01\/06\/dakar-2021-loprais-stale-paty\/","og_locale":"cs_CZ","og_type":"article","og_title":"Dakar 2021: Navzdory druh\u00e9mu defektu Ale\u0161 Loprais st\u00e1le p\u00e1t\u00fd - DAKARMANIA.cz","og_description":"P\u0159esto\u017ee se Ale\u0161 Loprais na Dakaru 2021 poprv\u00e9 neve\u0161el v hodnocen\u00ed etapy do prvn\u00ed des\u00edtky, jednalo se z jeho pohledu o relativn\u011b poklidn\u00fd den.","og_url":"https:\/\/www.dakarmania.cz\/index.php\/2021\/01\/06\/dakar-2021-loprais-stale-paty\/","og_site_name":"DAKARMANIA.cz","article_publisher":"https:\/\/www.facebook.com\/dakarmania\/","article_published_time":"2021-01-06T20:20:29+00:00","article_modified_time":"2023-05-27T08:15:01+00:00","og_image":[{"width":1024,"height":682,"url":"https:\/\/www.dakarmania.cz\/wp-content\/uploads\/2021\/01\/21-dakar-loprais-07.jpg","type":"image\/jpeg"}],"author":"tiskov\u00e1 zpr\u00e1va","twitter_card":"summary_large_image","twitter_misc":{"Napsal(a)":"tiskov\u00e1 zpr\u00e1va","Odhadovan\u00e1 doba \u010dten\u00ed":"4 minuty"},"schema":{"@context":"https:\/\/schema.org","@graph":[{"@type":"Article","@id":"https:\/\/www.dakarmania.cz\/index.php\/2021\/01\/06\/dakar-2021-loprais-stale-paty\/#article","isPartOf":{"@id":"https:\/\/www.dakarmania.cz\/index.php\/2021\/01\/06\/dakar-2021-loprais-stale-paty\/"},"author":{"name":"tiskov\u00e1 zpr\u00e1va","@id":"https:\/\/www.dakarmania.cz\/#\/schema\/person\/bce8d1fe3633b1178e150fc5e340d5dd"},"headline":"Dakar 2021: Navzdory druh\u00e9mu defektu Ale\u0161 Loprais st\u00e1le p\u00e1t\u00fd","datePublished":"2021-01-06T20:20:29+00:00","dateModified":"2023-05-27T08:15:01+00:00","mainEntityOfPage":{"@id":"https:\/\/www.dakarmania.cz\/index.php\/2021\/01\/06\/dakar-2021-loprais-stale-paty\/"},"wordCount":954,"publisher":{"@id":"https:\/\/www.dakarmania.cz\/#organization"},"image":{"@id":"https:\/\/www.dakarmania.cz\/index.php\/2021\/01\/06\/dakar-2021-loprais-stale-paty\/#primaryimage"},"thumbnailUrl":"https:\/\/www.dakarmania.cz\/wp-content\/uploads\/2021\/01\/21-dakar-loprais-07.jpg","keywords":["2021","Ale\u0161 Loprais","Dakar","Dakar 2021","Jan Tom\u00e1nek","Ji\u0159\u00ed Stross","Khalid Alkendi","Loprais Team","Petr Pokora","Praga","Tatra","Tom\u00e1\u0161 Ka\u0161p\u00e1rek"],"articleSection":["Dakar 2021","Tiskov\u00e9 zpr\u00e1vy"],"inLanguage":"cs"},{"@type":"WebPage","@id":"https:\/\/www.dakarmania.cz\/index.php\/2021\/01\/06\/dakar-2021-loprais-stale-paty\/","url":"https:\/\/www.dakarmania.cz\/index.php\/2021\/01\/06\/dakar-2021-loprais-stale-paty\/","name":"Dakar 2021: Navzdory druh\u00e9mu defektu Ale\u0161 Loprais st\u00e1le p\u00e1t\u00fd - DAKARMANIA.cz","isPartOf":{"@id":"https:\/\/www.dakarmania.cz\/#website"},"primaryImageOfPage":{"@id":"https:\/\/www.dakarmania.cz\/index.php\/2021\/01\/06\/dakar-2021-loprais-stale-paty\/#primaryimage"},"image":{"@id":"https:\/\/www.dakarmania.cz\/index.php\/2021\/01\/06\/dakar-2021-loprais-stale-paty\/#primaryimage"},"thumbnailUrl":"https:\/\/www.dakarmania.cz\/wp-content\/uploads\/2021\/01\/21-dakar-loprais-07.jpg","datePublished":"2021-01-06T20:20:29+00:00","dateModified":"2023-05-27T08:15:01+00:00","description":"P\u0159esto\u017ee se Ale\u0161 Loprais na Dakaru 2021 poprv\u00e9 neve\u0161el v hodnocen\u00ed etapy do prvn\u00ed des\u00edtky, jednalo se z jeho pohledu o relativn\u011b poklidn\u00fd den.","breadcrumb":{"@id":"https:\/\/www.dakarmania.cz\/index.php\/2021\/01\/06\/dakar-2021-loprais-stale-paty\/#breadcrumb"},"inLanguage":"cs","potentialAction":[{"@type":"ReadAction","target":["https:\/\/www.dakarmania.cz\/index.php\/2021\/01\/06\/dakar-2021-loprais-stale-paty\/"]}]},{"@type":"ImageObject","inLanguage":"cs","@id":"https:\/\/www.dakarmania.cz\/index.php\/2021\/01\/06\/dakar-2021-loprais-stale-paty\/#primaryimage","url":"https:\/\/www.dakarmania.cz\/wp-content\/uploads\/2021\/01\/21-dakar-loprais-07.jpg","contentUrl":"https:\/\/www.dakarmania.cz\/wp-content\/uploads\/2021\/01\/21-dakar-loprais-07.jpg","width":1024,"height":682,"caption":"Ale\u0161 Loprais\/Khalid Alkendi\/Petr Pokora, Praga V4S DKR, Instaforex Loprais Praga Team. Rally Dakar 2021. \u00a9 Loprais Team"},{"@type":"BreadcrumbList","@id":"https:\/\/www.dakarmania.cz\/index.php\/2021\/01\/06\/dakar-2021-loprais-stale-paty\/#breadcrumb","itemListElement":[{"@type":"ListItem","position":1,"name":"Dom\u016f","item":"https:\/\/www.dakarmania.cz\/"},{"@type":"ListItem","position":2,"name":"Dakar 2021: Navzdory druh\u00e9mu defektu Ale\u0161 Loprais st\u00e1le p\u00e1t\u00fd"}]},{"@type":"WebSite","@id":"https:\/\/www.dakarmania.cz\/#website","url":"https:\/\/www.dakarmania.cz\/","name":"DAKARMANIA.cz","description":"\u017dijeme Dakarem cel\u00fd rok","publisher":{"@id":"https:\/\/www.dakarmania.cz\/#organization"},"potentialAction":[{"@type":"SearchAction","target":{"@type":"EntryPoint","urlTemplate":"https:\/\/www.dakarmania.cz\/?s={search_term_string}"},"query-input":{"@type":"PropertyValueSpecification","valueRequired":true,"valueName":"search_term_string"}}],"inLanguage":"cs"},{"@type":"Organization","@id":"https:\/\/www.dakarmania.cz\/#organization","name":"DAKAR MANIA","url":"https:\/\/www.dakarmania.cz\/","logo":{"@type":"ImageObject","inLanguage":"cs","@id":"https:\/\/www.dakarmania.cz\/#\/schema\/logo\/image\/","url":"https:\/\/www.dakarmania.cz\/wp-content\/uploads\/2018\/12\/Dakar-Mania-Logo-Square-Orange.png","contentUrl":"https:\/\/www.dakarmania.cz\/wp-content\/uploads\/2018\/12\/Dakar-Mania-Logo-Square-Orange.png","width":992,"height":992,"caption":"DAKAR MANIA"},"image":{"@id":"https:\/\/www.dakarmania.cz\/#\/schema\/logo\/image\/"},"sameAs":["https:\/\/www.facebook.com\/dakarmania\/"]},{"@type":"Person","@id":"https:\/\/www.dakarmania.cz\/#\/schema\/person\/bce8d1fe3633b1178e150fc5e340d5dd","name":"tiskov\u00e1 zpr\u00e1va","image":{"@type":"ImageObject","inLanguage":"cs","@id":"https:\/\/www.dakarmania.cz\/#\/schema\/person\/image\/","url":"https:\/\/secure.gravatar.com\/avatar\/19aefcb6c7bfae691fca4d805686c670f59bb4f7414c7b398b88dc9c8f4e96d5?s=96&d=mm&r=g","contentUrl":"https:\/\/secure.gravatar.com\/avatar\/19aefcb6c7bfae691fca4d805686c670f59bb4f7414c7b398b88dc9c8f4e96d5?s=96&d=mm&r=g","caption":"tiskov\u00e1 zpr\u00e1va"},"url":"https:\/\/www.dakarmania.cz\/index.php\/author\/tiskovezpravy\/"}]}},"amp_enabled":true,"_links":{"self":[{"href":"https:\/\/www.dakarmania.cz\/index.php\/wp-json\/wp\/v2\/posts\/17786","targetHints":{"allow":["GET"]}}],"collection":[{"href":"https:\/\/www.dakarmania.cz\/index.php\/wp-json\/wp\/v2\/posts"}],"about":[{"href":"https:\/\/www.dakarmania.cz\/index.php\/wp-json\/wp\/v2\/types\/post"}],"author":[{"embeddable":true,"href":"https:\/\/www.dakarmania.cz\/index.php\/wp-json\/wp\/v2\/users\/3"}],"replies":[{"embeddable":true,"href":"https:\/\/www.dakarmania.cz\/index.php\/wp-json\/wp\/v2\/comments?post=17786"}],"version-history":[{"count":2,"href":"https:\/\/www.dakarmania.cz\/index.php\/wp-json\/wp\/v2\/posts\/17786\/revisions"}],"predecessor-version":[{"id":22514,"href":"https:\/\/www.dakarmania.cz\/index.php\/wp-json\/wp\/v2\/posts\/17786\/revisions\/22514"}],"wp:featuredmedia":[{"embeddable":true,"href":"https:\/\/www.dakarmania.cz\/index.php\/wp-json\/wp\/v2\/media\/17785"}],"wp:attachment":[{"href":"https:\/\/www.dakarmania.cz\/index.php\/wp-json\/wp\/v2\/media?parent=17786"}],"wp:term":[{"taxonomy":"category","embeddable":true,"href":"https:\/\/www.dakarmania.cz\/index.php\/wp-json\/wp\/v2\/categories?post=17786"},{"taxonomy":"post_tag","embeddable":true,"href":"https:\/\/www.dakarmania.cz\/index.php\/wp-json\/wp\/v2\/tags?post=17786"}],"curies":[{"name":"wp","href":"https:\/\/api.w.org\/{rel}","templated":true}]}}