{"id":17834,"date":"2021-01-07T21:53:51","date_gmt":"2021-01-07T20:53:51","guid":{"rendered":"https:\/\/www.dakarmania.cz\/?p=17834"},"modified":"2021-01-12T21:23:30","modified_gmt":"2021-01-12T20:23:30","slug":"dakar-2021-loprais-blizko-prvni-trojce","status":"publish","type":"post","link":"https:\/\/www.dakarmania.cz\/index.php\/2021\/01\/07\/dakar-2021-loprais-blizko-prvni-trojce\/","title":{"rendered":"Dakar 2021: Po strhuj\u00edc\u00ed st\u00edha\u010dce Loprais bl\u00edzko prvn\u00ed trojce"},"content":{"rendered":"<p>[vc_row][vc_column][vc_column_text css_animation=&#8221;fadeIn&#8221;]<\/p>\n<h3>Po\u0159adatel\u00e9 Rally Dakar nep\u0159eh\u00e1n\u011bli. P\u00e1t\u00e1 etapa ro\u010dn\u00edku 2021 byla tak n\u00e1ro\u010dn\u00e1, jak slibovali. Sv\u00e9 si na trati u\u017eila i pos\u00e1dka Ale\u0161e Lopraise s Pragou. Po\u010d\u00e1te\u010dn\u00ed frustrace povzbudila jej\u00ed \u010dleny k je\u0161t\u011b v\u011bt\u0161\u00edmu nasazen\u00ed a intenzivn\u00ed snaha p\u0159inesla v c\u00edli k\u00fd\u017een\u00e9 ovoce.<\/h3>\n<p>[\/vc_column_text][vc_single_image image=&#8221;17833&#8243; img_size=&#8221;large&#8221; add_caption=&#8221;yes&#8221; alignment=&#8221;center&#8221; onclick=&#8221;link_image&#8221; css_animation=&#8221;fadeIn&#8221;][vc_column_text css_animation=&#8221;fadeIn&#8221;]Ji\u017e p\u0159i ofici\u00e1ln\u00edm p\u0159edstaven\u00ed trati Dakaru 2021 organiz\u00e1to\u0159i varovali, \u017ee etapa z Rij\u00e1du do Kajsumy bude drsn\u00e1. Kv\u016fli slo\u017eit\u00e9 navigaci, kamenit\u00e9mu ter\u00e9nu i velk\u00e9 porci dun. Na posledn\u00ed polo\u017eku z tohoto seznamu se Ale\u0161 Loprais up\u0159\u00edmn\u011b t\u011b\u0161il, na v\u0161e ostatn\u00ed se spole\u010dn\u011b s navig\u00e1torem Khalidem Alkendim, palubn\u00edm mechanikem Petrem Pokorou a ostatn\u00edmi \u010dleny Instaforex Loprais Praga Teamu pe\u010dliv\u011b p\u0159ipravovali a koncentrovali.<\/p>\n<p>Dakar v\u0161ak neust\u00e1le p\u0159ekvapuje. N\u011bkdy svou kr\u00e1sou, ale \u010dast\u011bji nejr\u016fzn\u011bj\u0161\u00edmi z\u00e1ludnostmi a komplikacemi. Tentokr\u00e1t cel\u00e1 \u0159ada pos\u00e1dek \u2013 nap\u0159\u00ed\u010d v\u0161emi kategoriemi a v\u010detn\u011b nejv\u011bt\u0161\u00edch favorit\u016f \u2013 uv\u00edzla hned na za\u010d\u00e1tku rychlostn\u00ed zkou\u0161ky (456 km) v pasti naviga\u010dn\u00edch chyt\u00e1k\u016f. V\u00fdjimkou nebyla ani Lopraisova pos\u00e1dka, kter\u00e1 kv\u016fli bloud\u011bn\u00ed u\u017e po prvn\u00ed desetin\u011b speci\u00e1lky ztr\u00e1cela p\u0159es dvacet minut a byla pr\u016fb\u011b\u017en\u011b a\u017e patn\u00e1ct\u00e1.<\/p>\n<p><em>\u201eC\u00edtili jsme ur\u010ditou frustraci, ale z\u00e1rove\u0148 n\u00e1s to asi hnalo dop\u0159edu. Kdy\u017e ode\u010dteme jednadvacet minut, o kter\u00e9 jsme p\u0159i\u0161li chybou p\u0159i navigaci, je to skv\u011bl\u00fd \u010das,\u201c<\/em> upozor\u0148uje palubn\u00ed mechanik <strong>Petr Pokora<\/strong>.[\/vc_column_text][vc_single_image image=&#8221;17425&#8243; img_size=&#8221;large&#8221; add_caption=&#8221;yes&#8221; alignment=&#8221;center&#8221; onclick=&#8221;custom_link&#8221; img_link_target=&#8221;_blank&#8221; css_animation=&#8221;fadeIn&#8221; link=&#8221;http:\/\/eshop.dakarmania.cz\/&#8221;][vc_column_text css_animation=&#8221;fadeIn&#8221;]A m\u00e1 pravdu. Od t\u00e9 chv\u00edle Praga V4S DKR se startovn\u00edm \u010d\u00edslem 504 skute\u010dn\u011b let\u011bla. Kamen\u00edm i p\u00edskem. Jej\u00ed tempo bylo naprosto srovnateln\u00e9 s vozy bojuj\u00edc\u00edmi o etapov\u00e9 v\u00edt\u011bzstv\u00ed. A v z\u00e1v\u011bre\u010dn\u00e9 dunov\u00e9 pas\u00e1\u017ei dokonce je\u0161t\u011b podstatn\u011b vy\u0161\u0161\u00ed. Jen na posledn\u00edch 130 kilometrech toti\u017e Loprais dok\u00e1zal z n\u00e1skoku leadera smazat cel\u00fdch \u0161est minut a ve v\u00fdsledc\u00edch etapy se prodral a\u017e na p\u00e1t\u00e9 m\u00edsto.<\/p>\n<p><em>\u201eOsobn\u011b jsem se vybi\u010doval k extr\u00e9mn\u00edmu v\u00fdkonu a kluci v kabin\u011b taky. Semkli jsme se a jeli, co to \u0161lo. Na mnoha waypointech jsme m\u011bli nejrychlej\u0161\u00ed \u010das a st\u00e1hli jsme maximum mo\u017en\u00e9ho. Z jednadvaceti minut v \u00favodu bylo v c\u00edli necel\u00fdch jeden\u00e1ct. Nav\u00edc posun v boji o bednu. Co v\u00edc si p\u0159\u00e1t? Je\u0161t\u011b nejsme ani v polovin\u011b sout\u011b\u017ee. Pokra\u010dujeme stejn\u011b i d\u00e1l a na\u0161\u00ed Lady d\u011bkuju za to, jak skv\u011ble \u0161lapala,\u201c<\/em> chv\u00e1l\u00ed <strong>Ale\u0161 Loprais<\/strong> svou pos\u00e1dku i sout\u011b\u017en\u00ed kamion.<\/p>\n<p>V pr\u016fb\u011b\u017en\u00e9 klasifikaci si Loprais, Alkendi a Pokora polep\u0161ili o jednu p\u0159\u00ed\u010dku a jsou \u010dtvrt\u00ed. Sv\u016fj odstup od medailov\u00fdch pozic nav\u00edc sn\u00ed\u017eili na m\u00e9n\u011b ne\u017e polovinu. Zat\u00edmco je\u0161t\u011b r\u00e1no je od t\u0159et\u00edho m\u00edsta d\u011blilo necel\u00fdch 25 minut, ve\u010der vj\u00ed\u017ed\u011bli do dal\u0161\u00edho bivaku u\u017e pouze s jeden\u00e1ctiminutov\u00fdm mankem.[\/vc_column_text][vc_video link=&#8221;https:\/\/youtu.be\/oZ75QKUjs4k&#8221; align=&#8221;center&#8221; css_animation=&#8221;fadeIn&#8221;][vc_column_text css_animation=&#8221;fadeIn&#8221;]Druh\u00fd v\u016fz Instaforex Loprais Praga Teamu p\u00e1tou etapu nedokon\u010dil. Tatra Jamal \u2013 Queen 69 pos\u00e1dky Jan Tom\u00e1nek, Tom\u00e1\u0161 Ka\u0161p\u00e1rek, Ji\u0159\u00ed Stross musela odstoupit kv\u016fli poru\u0161e p\u0159evodovky. Po oprav\u011b by se m\u011bla do z\u00e1vodu vr\u00e1tit v r\u00e1mci tzv. Dakar Experience.<\/p>\n<p><em>\u201eEtapu jsme rozjeli p\u011bkn\u011b, na prvn\u00edch mezi\u010dasech jsme se pohybovali v prvn\u00ed des\u00edtce, ale bohu\u017eel se projevily probl\u00e9my, kter\u00e9 za\u010daly u\u017e v prvn\u00ed etap\u011b, kdy jsme jeli bez spojky,\u201c<\/em> vysv\u011btluje <strong>Jan Tom\u00e1nek<\/strong>. <em>\u201eV p\u0159evodovce n\u00e1m zbyla jen doln\u00ed \u0159ada a ta to nedala. Dnes n\u00e1m tam z\u016fstala jedna rychlost, na kterou jsme dojeli zb\u00fdvaj\u00edc\u00edch 340 kilometr\u016f do bivaku. Samoz\u0159ejm\u011b mimo tra\u0165, proto\u017ee s t\u00edm se p\u0159es duny opravdu jet nedalo.\u201c<\/em><\/p>\n<p>Prvn\u00ed polovinu Dakaru 2021 uzav\u0159e v p\u00e1tek 8. ledna \u0161est\u00e1 etapa do H\u00e1ilu, kde t\u00fdmy v sobotu str\u00e1v\u00ed den odpo\u010dinku. Je\u0161t\u011b p\u0159edt\u00edm v\u0161ak mus\u00ed pos\u00e1dky zdolat dal\u0161\u00ed rychlostn\u00ed zkou\u0161ku, jej\u00ed\u017e tra\u0165 byla zkr\u00e1cena na 347 kilometr\u016f. Na nich si z\u00e1vodn\u00edci znovu u\u017eij\u00ed p\u00edsku i dun a op\u011bt by m\u011blo velmi z\u00e1le\u017eet tak\u00e9 na um\u011bn\u00ed navig\u00e1tor\u016f.<\/p>\n<p>Tiskov\u00e1 zpr\u00e1va Instaforex Loprais Praga Teamu[\/vc_column_text][vc_empty_space height=&#8221;2px&#8221;][\/vc_column][\/vc_row]<\/p>\n","protected":false},"excerpt":{"rendered":"<p>Po\u0159adatel\u00e9 Dakaru nep\u0159eh\u00e1n\u011bli. P\u00e1t\u00e1 etapa byla tak n\u00e1ro\u010dn\u00e1, jak slibovali. Sv\u00e9 si na trati u\u017eila i pos\u00e1dka Ale\u0161e Lopraise s Pragou.<\/p>\n","protected":false},"author":3,"featured_media":17833,"comment_status":"open","ping_status":"closed","sticky":false,"template":"","format":"standard","meta":{"footnotes":""},"categories":[1688,637],"tags":[1630,65,8,1475,6,135,1526,69,67,1557,68,1798],"class_list":["post-17834","post","type-post","status-publish","format-standard","has-post-thumbnail","hentry","category-dakar-2021","category-tiskove-zpravy","tag-1630","tag-ales-loprais","tag-dakar","tag-dakar-2021","tag-jan-tomanek","tag-jiri-stross","tag-khalid-alkendi","tag-loprais-team","tag-petr-pokora","tag-praga","tag-tatra","tag-tomas-kasparek"],"yoast_head":"<!-- This site is optimized with the Yoast SEO plugin v24.9 - https:\/\/yoast.com\/wordpress\/plugins\/seo\/ -->\n<title>Dakar 2021: Po strhuj\u00edc\u00ed st\u00edha\u010dce Loprais bl\u00edzko prvn\u00ed trojce - DAKARMANIA.cz<\/title>\n<meta name=\"description\" content=\"Po\u0159adatel\u00e9 Dakaru nep\u0159eh\u00e1n\u011bli. P\u00e1t\u00e1 etapa byla tak n\u00e1ro\u010dn\u00e1, jak slibovali. Sv\u00e9 si na trati u\u017eila i pos\u00e1dka Ale\u0161e Lopraise s Pragou.\" \/>\n<meta name=\"robots\" content=\"index, follow, max-snippet:-1, max-image-preview:large, max-video-preview:-1\" \/>\n<link rel=\"canonical\" href=\"https:\/\/www.dakarmania.cz\/index.php\/2021\/01\/07\/dakar-2021-loprais-blizko-prvni-trojce\/\" \/>\n<meta property=\"og:locale\" content=\"cs_CZ\" \/>\n<meta property=\"og:type\" content=\"article\" \/>\n<meta property=\"og:title\" content=\"Dakar 2021: Po strhuj\u00edc\u00ed st\u00edha\u010dce Loprais bl\u00edzko prvn\u00ed trojce - DAKARMANIA.cz\" \/>\n<meta property=\"og:description\" content=\"Po\u0159adatel\u00e9 Dakaru nep\u0159eh\u00e1n\u011bli. P\u00e1t\u00e1 etapa byla tak n\u00e1ro\u010dn\u00e1, jak slibovali. Sv\u00e9 si na trati u\u017eila i pos\u00e1dka Ale\u0161e Lopraise s Pragou.\" \/>\n<meta property=\"og:url\" content=\"https:\/\/www.dakarmania.cz\/index.php\/2021\/01\/07\/dakar-2021-loprais-blizko-prvni-trojce\/\" \/>\n<meta property=\"og:site_name\" content=\"DAKARMANIA.cz\" \/>\n<meta property=\"article:publisher\" content=\"https:\/\/www.facebook.com\/dakarmania\/\" \/>\n<meta property=\"article:published_time\" content=\"2021-01-07T20:53:51+00:00\" \/>\n<meta property=\"article:modified_time\" content=\"2021-01-12T20:23:30+00:00\" \/>\n<meta property=\"og:image\" content=\"https:\/\/www.dakarmania.cz\/wp-content\/uploads\/2021\/01\/21-dakar-loprais-08.jpg\" \/>\n\t<meta property=\"og:image:width\" content=\"1024\" \/>\n\t<meta property=\"og:image:height\" content=\"682\" \/>\n\t<meta property=\"og:image:type\" content=\"image\/jpeg\" \/>\n<meta name=\"author\" content=\"tiskov\u00e1 zpr\u00e1va\" \/>\n<meta name=\"twitter:card\" content=\"summary_large_image\" \/>\n<meta name=\"twitter:label1\" content=\"Napsal(a)\" \/>\n\t<meta name=\"twitter:data1\" content=\"tiskov\u00e1 zpr\u00e1va\" \/>\n\t<meta name=\"twitter:label2\" content=\"Odhadovan\u00e1 doba \u010dten\u00ed\" \/>\n\t<meta name=\"twitter:data2\" content=\"4 minuty\" \/>\n<script type=\"application\/ld+json\" class=\"yoast-schema-graph\">{\"@context\":\"https:\/\/schema.org\",\"@graph\":[{\"@type\":\"Article\",\"@id\":\"https:\/\/www.dakarmania.cz\/index.php\/2021\/01\/07\/dakar-2021-loprais-blizko-prvni-trojce\/#article\",\"isPartOf\":{\"@id\":\"https:\/\/www.dakarmania.cz\/index.php\/2021\/01\/07\/dakar-2021-loprais-blizko-prvni-trojce\/\"},\"author\":{\"name\":\"tiskov\u00e1 zpr\u00e1va\",\"@id\":\"https:\/\/www.dakarmania.cz\/#\/schema\/person\/bce8d1fe3633b1178e150fc5e340d5dd\"},\"headline\":\"Dakar 2021: Po strhuj\u00edc\u00ed st\u00edha\u010dce Loprais bl\u00edzko prvn\u00ed trojce\",\"datePublished\":\"2021-01-07T20:53:51+00:00\",\"dateModified\":\"2021-01-12T20:23:30+00:00\",\"mainEntityOfPage\":{\"@id\":\"https:\/\/www.dakarmania.cz\/index.php\/2021\/01\/07\/dakar-2021-loprais-blizko-prvni-trojce\/\"},\"wordCount\":870,\"commentCount\":0,\"publisher\":{\"@id\":\"https:\/\/www.dakarmania.cz\/#organization\"},\"image\":{\"@id\":\"https:\/\/www.dakarmania.cz\/index.php\/2021\/01\/07\/dakar-2021-loprais-blizko-prvni-trojce\/#primaryimage\"},\"thumbnailUrl\":\"https:\/\/www.dakarmania.cz\/wp-content\/uploads\/2021\/01\/21-dakar-loprais-08.jpg\",\"keywords\":[\"2021\",\"Ale\u0161 Loprais\",\"Dakar\",\"Dakar 2021\",\"Jan Tom\u00e1nek\",\"Ji\u0159\u00ed Stross\",\"Khalid Alkendi\",\"Loprais Team\",\"Petr Pokora\",\"Praga\",\"Tatra\",\"Tom\u00e1\u0161 Ka\u0161p\u00e1rek\"],\"articleSection\":[\"Dakar 2021\",\"Tiskov\u00e9 zpr\u00e1vy\"],\"inLanguage\":\"cs\",\"potentialAction\":[{\"@type\":\"CommentAction\",\"name\":\"Comment\",\"target\":[\"https:\/\/www.dakarmania.cz\/index.php\/2021\/01\/07\/dakar-2021-loprais-blizko-prvni-trojce\/#respond\"]}]},{\"@type\":\"WebPage\",\"@id\":\"https:\/\/www.dakarmania.cz\/index.php\/2021\/01\/07\/dakar-2021-loprais-blizko-prvni-trojce\/\",\"url\":\"https:\/\/www.dakarmania.cz\/index.php\/2021\/01\/07\/dakar-2021-loprais-blizko-prvni-trojce\/\",\"name\":\"Dakar 2021: Po strhuj\u00edc\u00ed st\u00edha\u010dce Loprais bl\u00edzko prvn\u00ed trojce - DAKARMANIA.cz\",\"isPartOf\":{\"@id\":\"https:\/\/www.dakarmania.cz\/#website\"},\"primaryImageOfPage\":{\"@id\":\"https:\/\/www.dakarmania.cz\/index.php\/2021\/01\/07\/dakar-2021-loprais-blizko-prvni-trojce\/#primaryimage\"},\"image\":{\"@id\":\"https:\/\/www.dakarmania.cz\/index.php\/2021\/01\/07\/dakar-2021-loprais-blizko-prvni-trojce\/#primaryimage\"},\"thumbnailUrl\":\"https:\/\/www.dakarmania.cz\/wp-content\/uploads\/2021\/01\/21-dakar-loprais-08.jpg\",\"datePublished\":\"2021-01-07T20:53:51+00:00\",\"dateModified\":\"2021-01-12T20:23:30+00:00\",\"description\":\"Po\u0159adatel\u00e9 Dakaru nep\u0159eh\u00e1n\u011bli. P\u00e1t\u00e1 etapa byla tak n\u00e1ro\u010dn\u00e1, jak slibovali. Sv\u00e9 si na trati u\u017eila i pos\u00e1dka Ale\u0161e Lopraise s Pragou.\",\"breadcrumb\":{\"@id\":\"https:\/\/www.dakarmania.cz\/index.php\/2021\/01\/07\/dakar-2021-loprais-blizko-prvni-trojce\/#breadcrumb\"},\"inLanguage\":\"cs\",\"potentialAction\":[{\"@type\":\"ReadAction\",\"target\":[\"https:\/\/www.dakarmania.cz\/index.php\/2021\/01\/07\/dakar-2021-loprais-blizko-prvni-trojce\/\"]}]},{\"@type\":\"ImageObject\",\"inLanguage\":\"cs\",\"@id\":\"https:\/\/www.dakarmania.cz\/index.php\/2021\/01\/07\/dakar-2021-loprais-blizko-prvni-trojce\/#primaryimage\",\"url\":\"https:\/\/www.dakarmania.cz\/wp-content\/uploads\/2021\/01\/21-dakar-loprais-08.jpg\",\"contentUrl\":\"https:\/\/www.dakarmania.cz\/wp-content\/uploads\/2021\/01\/21-dakar-loprais-08.jpg\",\"width\":1024,\"height\":682,\"caption\":\"Ale\u0161 Loprais\/Khalid Alkendi\/Petr Pokora, Praga V4S DKR, Instaforex Loprais Praga Team. Rally Dakar 2021. \u00a9 Loprais Team\"},{\"@type\":\"BreadcrumbList\",\"@id\":\"https:\/\/www.dakarmania.cz\/index.php\/2021\/01\/07\/dakar-2021-loprais-blizko-prvni-trojce\/#breadcrumb\",\"itemListElement\":[{\"@type\":\"ListItem\",\"position\":1,\"name\":\"Dom\u016f\",\"item\":\"https:\/\/www.dakarmania.cz\/\"},{\"@type\":\"ListItem\",\"position\":2,\"name\":\"Dakar 2021: Po strhuj\u00edc\u00ed st\u00edha\u010dce Loprais bl\u00edzko prvn\u00ed trojce\"}]},{\"@type\":\"WebSite\",\"@id\":\"https:\/\/www.dakarmania.cz\/#website\",\"url\":\"https:\/\/www.dakarmania.cz\/\",\"name\":\"DAKARMANIA.cz\",\"description\":\"\u017dijeme Dakarem cel\u00fd rok\",\"publisher\":{\"@id\":\"https:\/\/www.dakarmania.cz\/#organization\"},\"potentialAction\":[{\"@type\":\"SearchAction\",\"target\":{\"@type\":\"EntryPoint\",\"urlTemplate\":\"https:\/\/www.dakarmania.cz\/?s={search_term_string}\"},\"query-input\":{\"@type\":\"PropertyValueSpecification\",\"valueRequired\":true,\"valueName\":\"search_term_string\"}}],\"inLanguage\":\"cs\"},{\"@type\":\"Organization\",\"@id\":\"https:\/\/www.dakarmania.cz\/#organization\",\"name\":\"DAKAR MANIA\",\"url\":\"https:\/\/www.dakarmania.cz\/\",\"logo\":{\"@type\":\"ImageObject\",\"inLanguage\":\"cs\",\"@id\":\"https:\/\/www.dakarmania.cz\/#\/schema\/logo\/image\/\",\"url\":\"https:\/\/www.dakarmania.cz\/wp-content\/uploads\/2018\/12\/Dakar-Mania-Logo-Square-Orange.png\",\"contentUrl\":\"https:\/\/www.dakarmania.cz\/wp-content\/uploads\/2018\/12\/Dakar-Mania-Logo-Square-Orange.png\",\"width\":992,\"height\":992,\"caption\":\"DAKAR MANIA\"},\"image\":{\"@id\":\"https:\/\/www.dakarmania.cz\/#\/schema\/logo\/image\/\"},\"sameAs\":[\"https:\/\/www.facebook.com\/dakarmania\/\"]},{\"@type\":\"Person\",\"@id\":\"https:\/\/www.dakarmania.cz\/#\/schema\/person\/bce8d1fe3633b1178e150fc5e340d5dd\",\"name\":\"tiskov\u00e1 zpr\u00e1va\",\"image\":{\"@type\":\"ImageObject\",\"inLanguage\":\"cs\",\"@id\":\"https:\/\/www.dakarmania.cz\/#\/schema\/person\/image\/\",\"url\":\"https:\/\/secure.gravatar.com\/avatar\/19aefcb6c7bfae691fca4d805686c670f59bb4f7414c7b398b88dc9c8f4e96d5?s=96&d=mm&r=g\",\"contentUrl\":\"https:\/\/secure.gravatar.com\/avatar\/19aefcb6c7bfae691fca4d805686c670f59bb4f7414c7b398b88dc9c8f4e96d5?s=96&d=mm&r=g\",\"caption\":\"tiskov\u00e1 zpr\u00e1va\"},\"url\":\"https:\/\/www.dakarmania.cz\/index.php\/author\/tiskovezpravy\/\"}]}<\/script>\n<!-- \/ Yoast SEO plugin. -->","yoast_head_json":{"title":"Dakar 2021: Po strhuj\u00edc\u00ed st\u00edha\u010dce Loprais bl\u00edzko prvn\u00ed trojce - DAKARMANIA.cz","description":"Po\u0159adatel\u00e9 Dakaru nep\u0159eh\u00e1n\u011bli. P\u00e1t\u00e1 etapa byla tak n\u00e1ro\u010dn\u00e1, jak slibovali. Sv\u00e9 si na trati u\u017eila i pos\u00e1dka Ale\u0161e Lopraise s Pragou.","robots":{"index":"index","follow":"follow","max-snippet":"max-snippet:-1","max-image-preview":"max-image-preview:large","max-video-preview":"max-video-preview:-1"},"canonical":"https:\/\/www.dakarmania.cz\/index.php\/2021\/01\/07\/dakar-2021-loprais-blizko-prvni-trojce\/","og_locale":"cs_CZ","og_type":"article","og_title":"Dakar 2021: Po strhuj\u00edc\u00ed st\u00edha\u010dce Loprais bl\u00edzko prvn\u00ed trojce - DAKARMANIA.cz","og_description":"Po\u0159adatel\u00e9 Dakaru nep\u0159eh\u00e1n\u011bli. P\u00e1t\u00e1 etapa byla tak n\u00e1ro\u010dn\u00e1, jak slibovali. Sv\u00e9 si na trati u\u017eila i pos\u00e1dka Ale\u0161e Lopraise s Pragou.","og_url":"https:\/\/www.dakarmania.cz\/index.php\/2021\/01\/07\/dakar-2021-loprais-blizko-prvni-trojce\/","og_site_name":"DAKARMANIA.cz","article_publisher":"https:\/\/www.facebook.com\/dakarmania\/","article_published_time":"2021-01-07T20:53:51+00:00","article_modified_time":"2021-01-12T20:23:30+00:00","og_image":[{"width":1024,"height":682,"url":"https:\/\/www.dakarmania.cz\/wp-content\/uploads\/2021\/01\/21-dakar-loprais-08.jpg","type":"image\/jpeg"}],"author":"tiskov\u00e1 zpr\u00e1va","twitter_card":"summary_large_image","twitter_misc":{"Napsal(a)":"tiskov\u00e1 zpr\u00e1va","Odhadovan\u00e1 doba \u010dten\u00ed":"4 minuty"},"schema":{"@context":"https:\/\/schema.org","@graph":[{"@type":"Article","@id":"https:\/\/www.dakarmania.cz\/index.php\/2021\/01\/07\/dakar-2021-loprais-blizko-prvni-trojce\/#article","isPartOf":{"@id":"https:\/\/www.dakarmania.cz\/index.php\/2021\/01\/07\/dakar-2021-loprais-blizko-prvni-trojce\/"},"author":{"name":"tiskov\u00e1 zpr\u00e1va","@id":"https:\/\/www.dakarmania.cz\/#\/schema\/person\/bce8d1fe3633b1178e150fc5e340d5dd"},"headline":"Dakar 2021: Po strhuj\u00edc\u00ed st\u00edha\u010dce Loprais bl\u00edzko prvn\u00ed trojce","datePublished":"2021-01-07T20:53:51+00:00","dateModified":"2021-01-12T20:23:30+00:00","mainEntityOfPage":{"@id":"https:\/\/www.dakarmania.cz\/index.php\/2021\/01\/07\/dakar-2021-loprais-blizko-prvni-trojce\/"},"wordCount":870,"commentCount":0,"publisher":{"@id":"https:\/\/www.dakarmania.cz\/#organization"},"image":{"@id":"https:\/\/www.dakarmania.cz\/index.php\/2021\/01\/07\/dakar-2021-loprais-blizko-prvni-trojce\/#primaryimage"},"thumbnailUrl":"https:\/\/www.dakarmania.cz\/wp-content\/uploads\/2021\/01\/21-dakar-loprais-08.jpg","keywords":["2021","Ale\u0161 Loprais","Dakar","Dakar 2021","Jan Tom\u00e1nek","Ji\u0159\u00ed Stross","Khalid Alkendi","Loprais Team","Petr Pokora","Praga","Tatra","Tom\u00e1\u0161 Ka\u0161p\u00e1rek"],"articleSection":["Dakar 2021","Tiskov\u00e9 zpr\u00e1vy"],"inLanguage":"cs","potentialAction":[{"@type":"CommentAction","name":"Comment","target":["https:\/\/www.dakarmania.cz\/index.php\/2021\/01\/07\/dakar-2021-loprais-blizko-prvni-trojce\/#respond"]}]},{"@type":"WebPage","@id":"https:\/\/www.dakarmania.cz\/index.php\/2021\/01\/07\/dakar-2021-loprais-blizko-prvni-trojce\/","url":"https:\/\/www.dakarmania.cz\/index.php\/2021\/01\/07\/dakar-2021-loprais-blizko-prvni-trojce\/","name":"Dakar 2021: Po strhuj\u00edc\u00ed st\u00edha\u010dce Loprais bl\u00edzko prvn\u00ed trojce - DAKARMANIA.cz","isPartOf":{"@id":"https:\/\/www.dakarmania.cz\/#website"},"primaryImageOfPage":{"@id":"https:\/\/www.dakarmania.cz\/index.php\/2021\/01\/07\/dakar-2021-loprais-blizko-prvni-trojce\/#primaryimage"},"image":{"@id":"https:\/\/www.dakarmania.cz\/index.php\/2021\/01\/07\/dakar-2021-loprais-blizko-prvni-trojce\/#primaryimage"},"thumbnailUrl":"https:\/\/www.dakarmania.cz\/wp-content\/uploads\/2021\/01\/21-dakar-loprais-08.jpg","datePublished":"2021-01-07T20:53:51+00:00","dateModified":"2021-01-12T20:23:30+00:00","description":"Po\u0159adatel\u00e9 Dakaru nep\u0159eh\u00e1n\u011bli. P\u00e1t\u00e1 etapa byla tak n\u00e1ro\u010dn\u00e1, jak slibovali. Sv\u00e9 si na trati u\u017eila i pos\u00e1dka Ale\u0161e Lopraise s Pragou.","breadcrumb":{"@id":"https:\/\/www.dakarmania.cz\/index.php\/2021\/01\/07\/dakar-2021-loprais-blizko-prvni-trojce\/#breadcrumb"},"inLanguage":"cs","potentialAction":[{"@type":"ReadAction","target":["https:\/\/www.dakarmania.cz\/index.php\/2021\/01\/07\/dakar-2021-loprais-blizko-prvni-trojce\/"]}]},{"@type":"ImageObject","inLanguage":"cs","@id":"https:\/\/www.dakarmania.cz\/index.php\/2021\/01\/07\/dakar-2021-loprais-blizko-prvni-trojce\/#primaryimage","url":"https:\/\/www.dakarmania.cz\/wp-content\/uploads\/2021\/01\/21-dakar-loprais-08.jpg","contentUrl":"https:\/\/www.dakarmania.cz\/wp-content\/uploads\/2021\/01\/21-dakar-loprais-08.jpg","width":1024,"height":682,"caption":"Ale\u0161 Loprais\/Khalid Alkendi\/Petr Pokora, Praga V4S DKR, Instaforex Loprais Praga Team. Rally Dakar 2021. \u00a9 Loprais Team"},{"@type":"BreadcrumbList","@id":"https:\/\/www.dakarmania.cz\/index.php\/2021\/01\/07\/dakar-2021-loprais-blizko-prvni-trojce\/#breadcrumb","itemListElement":[{"@type":"ListItem","position":1,"name":"Dom\u016f","item":"https:\/\/www.dakarmania.cz\/"},{"@type":"ListItem","position":2,"name":"Dakar 2021: Po strhuj\u00edc\u00ed st\u00edha\u010dce Loprais bl\u00edzko prvn\u00ed trojce"}]},{"@type":"WebSite","@id":"https:\/\/www.dakarmania.cz\/#website","url":"https:\/\/www.dakarmania.cz\/","name":"DAKARMANIA.cz","description":"\u017dijeme Dakarem cel\u00fd rok","publisher":{"@id":"https:\/\/www.dakarmania.cz\/#organization"},"potentialAction":[{"@type":"SearchAction","target":{"@type":"EntryPoint","urlTemplate":"https:\/\/www.dakarmania.cz\/?s={search_term_string}"},"query-input":{"@type":"PropertyValueSpecification","valueRequired":true,"valueName":"search_term_string"}}],"inLanguage":"cs"},{"@type":"Organization","@id":"https:\/\/www.dakarmania.cz\/#organization","name":"DAKAR MANIA","url":"https:\/\/www.dakarmania.cz\/","logo":{"@type":"ImageObject","inLanguage":"cs","@id":"https:\/\/www.dakarmania.cz\/#\/schema\/logo\/image\/","url":"https:\/\/www.dakarmania.cz\/wp-content\/uploads\/2018\/12\/Dakar-Mania-Logo-Square-Orange.png","contentUrl":"https:\/\/www.dakarmania.cz\/wp-content\/uploads\/2018\/12\/Dakar-Mania-Logo-Square-Orange.png","width":992,"height":992,"caption":"DAKAR MANIA"},"image":{"@id":"https:\/\/www.dakarmania.cz\/#\/schema\/logo\/image\/"},"sameAs":["https:\/\/www.facebook.com\/dakarmania\/"]},{"@type":"Person","@id":"https:\/\/www.dakarmania.cz\/#\/schema\/person\/bce8d1fe3633b1178e150fc5e340d5dd","name":"tiskov\u00e1 zpr\u00e1va","image":{"@type":"ImageObject","inLanguage":"cs","@id":"https:\/\/www.dakarmania.cz\/#\/schema\/person\/image\/","url":"https:\/\/secure.gravatar.com\/avatar\/19aefcb6c7bfae691fca4d805686c670f59bb4f7414c7b398b88dc9c8f4e96d5?s=96&d=mm&r=g","contentUrl":"https:\/\/secure.gravatar.com\/avatar\/19aefcb6c7bfae691fca4d805686c670f59bb4f7414c7b398b88dc9c8f4e96d5?s=96&d=mm&r=g","caption":"tiskov\u00e1 zpr\u00e1va"},"url":"https:\/\/www.dakarmania.cz\/index.php\/author\/tiskovezpravy\/"}]}},"amp_enabled":true,"_links":{"self":[{"href":"https:\/\/www.dakarmania.cz\/index.php\/wp-json\/wp\/v2\/posts\/17834","targetHints":{"allow":["GET"]}}],"collection":[{"href":"https:\/\/www.dakarmania.cz\/index.php\/wp-json\/wp\/v2\/posts"}],"about":[{"href":"https:\/\/www.dakarmania.cz\/index.php\/wp-json\/wp\/v2\/types\/post"}],"author":[{"embeddable":true,"href":"https:\/\/www.dakarmania.cz\/index.php\/wp-json\/wp\/v2\/users\/3"}],"replies":[{"embeddable":true,"href":"https:\/\/www.dakarmania.cz\/index.php\/wp-json\/wp\/v2\/comments?post=17834"}],"version-history":[{"count":1,"href":"https:\/\/www.dakarmania.cz\/index.php\/wp-json\/wp\/v2\/posts\/17834\/revisions"}],"predecessor-version":[{"id":17835,"href":"https:\/\/www.dakarmania.cz\/index.php\/wp-json\/wp\/v2\/posts\/17834\/revisions\/17835"}],"wp:featuredmedia":[{"embeddable":true,"href":"https:\/\/www.dakarmania.cz\/index.php\/wp-json\/wp\/v2\/media\/17833"}],"wp:attachment":[{"href":"https:\/\/www.dakarmania.cz\/index.php\/wp-json\/wp\/v2\/media?parent=17834"}],"wp:term":[{"taxonomy":"category","embeddable":true,"href":"https:\/\/www.dakarmania.cz\/index.php\/wp-json\/wp\/v2\/categories?post=17834"},{"taxonomy":"post_tag","embeddable":true,"href":"https:\/\/www.dakarmania.cz\/index.php\/wp-json\/wp\/v2\/tags?post=17834"}],"curies":[{"name":"wp","href":"https:\/\/api.w.org\/{rel}","templated":true}]}}