{"id":18026,"date":"2021-01-11T20:46:43","date_gmt":"2021-01-11T19:46:43","guid":{"rendered":"https:\/\/www.dakarmania.cz\/?p=18026"},"modified":"2023-03-10T20:29:56","modified_gmt":"2023-03-10T19:29:56","slug":"dakar-2021-do-zaverecne-tretiny-jde-loprais-ze-ctvrteho-mista","status":"publish","type":"post","link":"https:\/\/www.dakarmania.cz\/index.php\/2021\/01\/11\/dakar-2021-do-zaverecne-tretiny-jde-loprais-ze-ctvrteho-mista\/","title":{"rendered":"Dakar 2021: Do z\u00e1v\u011bre\u010dn\u00e9 t\u0159etiny jde Loprais ze \u010dtvrt\u00e9ho m\u00edsta"},"content":{"rendered":"<p>[vc_row][vc_column][vc_column_text css_animation=&#8221;fadeIn&#8221;]<\/p>\n<h3>V pr\u016fb\u011bhu dvou maratonsk\u00fdch etap sledovali Ale\u0161 Loprais, Khalid Alkendi a Petr Pokora v\u00fdsledky jen po o\u010dku. Krom\u011b n\u00e1ro\u010dn\u00e9 trati zam\u011bstn\u00e1vala pos\u00e1dku Pragy V4S DKR tak\u00e9 technika, kter\u00e1 po osmi dnech nekompromisn\u00edho dakarsk\u00e9ho z\u00e1vod\u011bn\u00ed jev\u00ed pochopiteln\u00e9 zn\u00e1mky \u00fanavy. Po dojezdu do Na\u00famu pohled do v\u00fdsledk\u016f pot\u011b\u0161il, ale do c\u00edle je st\u00e1le velmi daleko. A t\u011b\u017ek\u00e9 dny maj\u00ed je\u0161t\u011b p\u0159ij\u00edt.<\/h3>\n<p>[\/vc_column_text][vc_single_image image=&#8221;18025&#8243; img_size=&#8221;large&#8221; add_caption=&#8221;yes&#8221; alignment=&#8221;center&#8221; onclick=&#8221;link_image&#8221; css_animation=&#8221;fadeIn&#8221;][vc_column_text css_animation=&#8221;fadeIn&#8221;]Maratonsk\u00e9 etapy, kter\u00e9 se jely v ned\u011bli a pond\u011bl\u00ed, uzav\u0159ely druhou t\u0159etinu Dakaru 2021. Minim\u00e1ln\u011b n\u011bkter\u00fdm \u010dlen\u016fm Instaforex Loprais Praga Teamu tyto dva dny splynuly v jeden. V bivaku v Sakace, kde pos\u00e1dky musely p\u00e9\u010di o techniku zvl\u00e1dnout pouze vlastn\u00edmi silami, bylo toti\u017e pot\u0159eba vym\u011bnit t\u00e9m\u011b\u0159 kompletn\u00ed p\u0159edn\u00ed n\u00e1pravu Pragy V4S DKR.<\/p>\n<p><em>\u201eV\u0161e opraveno a p\u0159ezuto. S Jirkou a Jendou jsme spali asi hodinu, ale je to hotov\u00e9! Tuhle pr\u00e1ci nem\u00e1me r\u00e1di ani doma, kde m\u00e1me k dispozici je\u0159\u00e1b. Ale n\u011bjak jsme to dali,\u201c<\/em> hl\u00e1sil r\u00e1no <strong>Petr Pokora<\/strong>.<\/p>\n<p><em>\u201eJe v\u00edc ne\u017e jasn\u00e9, \u017ee kluci sv\u016fj \u00fakol splnili. Cht\u011bl bych jim moc pod\u011bkovat za dovoz v\u0161eho pot\u0159ebn\u00e9ho a hlavn\u011b za celono\u010dn\u00ed vytrvalost, i kdy\u017e se jednalo o t\u011b\u017ekou a \u0161pinavou pr\u00e1ci,\u201c<\/em> ocenil Loprais\u016fv palubn\u00ed mechanik trojici Jan Tom\u00e1nek, Tom\u00e1\u0161 Ka\u0161p\u00e1rek, Ji\u0159\u00ed Stross, kter\u00e1 do z\u00e1vodu nastupovala v roli t\u00fdmov\u00e9 dvojky p\u0159ipraven\u00e9 pomoci pr\u00e1v\u011b v podobn\u00fdch situac\u00edch. Sama v\u0161ak u\u017e do pond\u011bln\u00ed etapy nenastoupila.<\/p>\n<p><em>\u201eOdstartovali jsme do maratonsk\u00e9 etapy a zvl\u00e1dli jsme jej\u00ed prvn\u00ed den. D\u00edky tomu jsme mohli str\u00e1vit noc v bivaku v Sakace a b\u00fdt k dispozici Ale\u0161ov\u011b pos\u00e1dce. S Petrem jsme skoro a\u017e do r\u00e1na pracovali na jejich voze. T\u00edm jsme splnili hlavn\u00ed \u00fakol, s n\u00edm\u017e jsme \u0161li do z\u00e1vodu,\u201c<\/em> rekapituluje <strong>Jan Tom\u00e1nek<\/strong>. <em>\u201eObdobn\u011b v\u00e1\u017en\u00fd probl\u00e9m se bohu\u017eel objevil i na na\u0161\u00ed Tat\u0159e, ale v jej\u00edm p\u0159\u00edpad\u011b u\u017e na opravu nebyl materi\u00e1l, \u010das ani s\u00edly. T\u00edm definitivn\u011b odstupujeme ze z\u00e1vodu, ale z\u00e1sadn\u00ed je, \u017ee Ale\u0161 pokra\u010duje d\u00e1l.\u201c<\/em>[\/vc_column_text][vc_single_image image=&#8221;17156&#8243; img_size=&#8221;large&#8221; add_caption=&#8221;yes&#8221; alignment=&#8221;center&#8221; onclick=&#8221;custom_link&#8221; img_link_target=&#8221;_blank&#8221; css_animation=&#8221;fadeIn&#8221; link=&#8221;http:\/\/eshop.dakarmania.cz\/&#8221;][vc_column_text css_animation=&#8221;fadeIn&#8221;]Pos\u00e1dka Ale\u0161e Lopraise absolvovala v pond\u011bl\u00ed 11. ledna osmou etapu, kter\u00e1 dovedla dakarskou rally na pob\u0159e\u017e\u00ed Rud\u00e9ho mo\u0159e do Na\u00famu. Cestou bylo pot\u0159eba zdolat dal\u0161\u00ed n\u00e1ro\u010dnou zkou\u0161ku o d\u00e9lce 375 kilometr\u016f.<\/p>\n<p><em>\u201eByla to velk\u00e1 rozb\u00edje\u010dka. D\u00edry, skoky, prach, kamen\u00ed. A\u017e posledn\u00edch sto kilometr\u016f bylo hezk\u00fdch, proto\u017ee se jelo p\u00edse\u010dn\u00fdm v\u00e1d\u00ed mezi skalami,\u201c<\/em> p\u0159ibli\u017euje <strong>Ale\u0161 Loprais<\/strong>.<\/p>\n<p><em>\u201eJsme r\u00e1di, \u017ee jsme dojeli, proto\u017ee dneska jsem bojoval se servo\u0159\u00edzen\u00edm, kter\u00e9 se sekalo. Pravoto\u010div\u00e9 zat\u00e1\u010dky byly trochu utrpen\u00edm. Modlil jsem se, a\u0165 je co nejv\u00edc levoto\u010div\u00fdch,\u201c<\/em> \u0159\u00edk\u00e1 s \u00fasm\u011bvem fren\u0161t\u00e1tsk\u00fd z\u00e1vodn\u00edk. <em>\u201eT\u011b\u0161\u00ed n\u00e1s, \u017ee jsme dosp\u011bchali do c\u00edle a neztratili jsme svou pozici v celkov\u00e9m po\u0159ad\u00ed. Chv\u00edlemi to bylo na hran\u011b. Kluci daj\u00ed Lady v bivaku do po\u0159\u00e1dku a val\u00edme d\u00e1l.\u201c<\/em><\/p>\n<p>Navzdory pot\u00ed\u017e\u00edm svedl pr\u016fb\u011b\u017en\u011b \u010dtvrt\u00fd Loprais dal\u0161\u00ed souboj s Ajratem Mard\u011bjevem. Pilota Kamazu porazil o 45 sekund. V celkov\u00e9m sou\u010dtu za Rusem zaost\u00e1v\u00e1 o necel\u00fdch \u0161estn\u00e1ct minut. Pos\u00e1dka Instaforex Loprais Praga Teamu z\u00e1rove\u0148 m\u00edrn\u011b unikla sv\u00fdm pron\u00e1sledovatel\u016fm. P\u0159ed pr\u016fb\u011b\u017en\u011b p\u00e1t\u00fdm Martinem Mac\u00edkem m\u00e1 k dobru v\u00edce ne\u017e 22 minut.<\/p>\n<p>V \u00fater\u00fd 12. ledna pokra\u010duje Rally Dakar 2021 v okol\u00ed Na\u00famu druhou okru\u017en\u00ed etapou tohoto ro\u010dn\u00edku. Na pos\u00e1dky \u010dek\u00e1 465 kilometr\u016f rychlostn\u00ed zkou\u0161ky dal\u0161\u00edch 115 na spojovac\u00edch \u00fasec\u00edch. Podle organiz\u00e1tor\u016f by se m\u011blo jednat o jednu z nejobt\u00ed\u017en\u011bj\u0161\u00edch speci\u00e1lek za cel\u00e9 dva t\u00fddny. Bude se z\u00e1vodit na tvrd\u00e9m i v m\u011bkk\u00e9m p\u00edsku, na \u0161otolinov\u00fdch horsk\u00fdch cest\u00e1ch, chyb\u011bt nebudou ani z\u00e1ludn\u00e9 kamenit\u00e9 \u00faseky a \u0159ada sekc\u00ed bud znovu vy\u017eadovat maxim\u00e1ln\u00ed koncentraci tak\u00e9 od navig\u00e1tor\u016f. Rozhoduj\u00edc\u00ed f\u00e1ze dakarsk\u00e9 rally pr\u00e1v\u011b za\u010d\u00edn\u00e1\u2026<\/p>\n<p>Tiskov\u00e1 zpr\u00e1va Instaforex Loprais Praga Teamu[\/vc_column_text][vc_empty_space height=&#8221;2px&#8221;][\/vc_column][\/vc_row]<\/p>\n","protected":false},"excerpt":{"rendered":"<p>V pr\u016fb\u011bhu dvou maratonsk\u00fdch etap sledovali Ale\u0161 Loprais, Khalid Alkendi a Petr Pokora v\u00fdsledky jen po o\u010dku.<\/p>\n","protected":false},"author":3,"featured_media":18025,"comment_status":"closed","ping_status":"closed","sticky":false,"template":"","format":"standard","meta":{"footnotes":""},"categories":[1688,637],"tags":[1630,65,8,1475,6,135,1526,69,67,1557,68,1798],"class_list":["post-18026","post","type-post","status-publish","format-standard","has-post-thumbnail","hentry","category-dakar-2021","category-tiskove-zpravy","tag-1630","tag-ales-loprais","tag-dakar","tag-dakar-2021","tag-jan-tomanek","tag-jiri-stross","tag-khalid-alkendi","tag-loprais-team","tag-petr-pokora","tag-praga","tag-tatra","tag-tomas-kasparek"],"yoast_head":"<!-- This site is optimized with the Yoast SEO plugin v24.9 - https:\/\/yoast.com\/wordpress\/plugins\/seo\/ -->\n<title>Dakar 2021: Do z\u00e1v\u011bre\u010dn\u00e9 t\u0159etiny jde Loprais ze \u010dtvrt\u00e9ho m\u00edsta - DAKARMANIA.cz<\/title>\n<meta name=\"description\" content=\"V pr\u016fb\u011bhu dvou maratonsk\u00fdch etap sledovali Ale\u0161 Loprais, Khalid Alkendi a Petr Pokora v\u00fdsledky jen po o\u010dku.\" \/>\n<meta name=\"robots\" content=\"index, follow, max-snippet:-1, max-image-preview:large, max-video-preview:-1\" \/>\n<link rel=\"canonical\" href=\"https:\/\/www.dakarmania.cz\/index.php\/2021\/01\/11\/dakar-2021-do-zaverecne-tretiny-jde-loprais-ze-ctvrteho-mista\/\" \/>\n<meta property=\"og:locale\" content=\"cs_CZ\" \/>\n<meta property=\"og:type\" content=\"article\" \/>\n<meta property=\"og:title\" content=\"Dakar 2021: Do z\u00e1v\u011bre\u010dn\u00e9 t\u0159etiny jde Loprais ze \u010dtvrt\u00e9ho m\u00edsta - DAKARMANIA.cz\" \/>\n<meta property=\"og:description\" content=\"V pr\u016fb\u011bhu dvou maratonsk\u00fdch etap sledovali Ale\u0161 Loprais, Khalid Alkendi a Petr Pokora v\u00fdsledky jen po o\u010dku.\" \/>\n<meta property=\"og:url\" content=\"https:\/\/www.dakarmania.cz\/index.php\/2021\/01\/11\/dakar-2021-do-zaverecne-tretiny-jde-loprais-ze-ctvrteho-mista\/\" \/>\n<meta property=\"og:site_name\" content=\"DAKARMANIA.cz\" \/>\n<meta property=\"article:publisher\" content=\"https:\/\/www.facebook.com\/dakarmania\/\" \/>\n<meta property=\"article:published_time\" content=\"2021-01-11T19:46:43+00:00\" \/>\n<meta property=\"article:modified_time\" content=\"2023-03-10T19:29:56+00:00\" \/>\n<meta property=\"og:image\" content=\"https:\/\/www.dakarmania.cz\/wp-content\/uploads\/2021\/01\/21-dakar-loprais-16.jpg\" \/>\n\t<meta property=\"og:image:width\" content=\"1024\" \/>\n\t<meta property=\"og:image:height\" content=\"683\" \/>\n\t<meta property=\"og:image:type\" content=\"image\/jpeg\" \/>\n<meta name=\"author\" content=\"tiskov\u00e1 zpr\u00e1va\" \/>\n<meta name=\"twitter:card\" content=\"summary_large_image\" \/>\n<meta name=\"twitter:label1\" content=\"Napsal(a)\" \/>\n\t<meta name=\"twitter:data1\" content=\"tiskov\u00e1 zpr\u00e1va\" \/>\n\t<meta name=\"twitter:label2\" content=\"Odhadovan\u00e1 doba \u010dten\u00ed\" \/>\n\t<meta name=\"twitter:data2\" content=\"4 minuty\" \/>\n<script type=\"application\/ld+json\" class=\"yoast-schema-graph\">{\"@context\":\"https:\/\/schema.org\",\"@graph\":[{\"@type\":\"Article\",\"@id\":\"https:\/\/www.dakarmania.cz\/index.php\/2021\/01\/11\/dakar-2021-do-zaverecne-tretiny-jde-loprais-ze-ctvrteho-mista\/#article\",\"isPartOf\":{\"@id\":\"https:\/\/www.dakarmania.cz\/index.php\/2021\/01\/11\/dakar-2021-do-zaverecne-tretiny-jde-loprais-ze-ctvrteho-mista\/\"},\"author\":{\"name\":\"tiskov\u00e1 zpr\u00e1va\",\"@id\":\"https:\/\/www.dakarmania.cz\/#\/schema\/person\/bce8d1fe3633b1178e150fc5e340d5dd\"},\"headline\":\"Dakar 2021: Do z\u00e1v\u011bre\u010dn\u00e9 t\u0159etiny jde Loprais ze \u010dtvrt\u00e9ho m\u00edsta\",\"datePublished\":\"2021-01-11T19:46:43+00:00\",\"dateModified\":\"2023-03-10T19:29:56+00:00\",\"mainEntityOfPage\":{\"@id\":\"https:\/\/www.dakarmania.cz\/index.php\/2021\/01\/11\/dakar-2021-do-zaverecne-tretiny-jde-loprais-ze-ctvrteho-mista\/\"},\"wordCount\":843,\"publisher\":{\"@id\":\"https:\/\/www.dakarmania.cz\/#organization\"},\"image\":{\"@id\":\"https:\/\/www.dakarmania.cz\/index.php\/2021\/01\/11\/dakar-2021-do-zaverecne-tretiny-jde-loprais-ze-ctvrteho-mista\/#primaryimage\"},\"thumbnailUrl\":\"https:\/\/www.dakarmania.cz\/wp-content\/uploads\/2021\/01\/21-dakar-loprais-16.jpg\",\"keywords\":[\"2021\",\"Ale\u0161 Loprais\",\"Dakar\",\"Dakar 2021\",\"Jan Tom\u00e1nek\",\"Ji\u0159\u00ed Stross\",\"Khalid Alkendi\",\"Loprais Team\",\"Petr Pokora\",\"Praga\",\"Tatra\",\"Tom\u00e1\u0161 Ka\u0161p\u00e1rek\"],\"articleSection\":[\"Dakar 2021\",\"Tiskov\u00e9 zpr\u00e1vy\"],\"inLanguage\":\"cs\"},{\"@type\":\"WebPage\",\"@id\":\"https:\/\/www.dakarmania.cz\/index.php\/2021\/01\/11\/dakar-2021-do-zaverecne-tretiny-jde-loprais-ze-ctvrteho-mista\/\",\"url\":\"https:\/\/www.dakarmania.cz\/index.php\/2021\/01\/11\/dakar-2021-do-zaverecne-tretiny-jde-loprais-ze-ctvrteho-mista\/\",\"name\":\"Dakar 2021: Do z\u00e1v\u011bre\u010dn\u00e9 t\u0159etiny jde Loprais ze \u010dtvrt\u00e9ho m\u00edsta - DAKARMANIA.cz\",\"isPartOf\":{\"@id\":\"https:\/\/www.dakarmania.cz\/#website\"},\"primaryImageOfPage\":{\"@id\":\"https:\/\/www.dakarmania.cz\/index.php\/2021\/01\/11\/dakar-2021-do-zaverecne-tretiny-jde-loprais-ze-ctvrteho-mista\/#primaryimage\"},\"image\":{\"@id\":\"https:\/\/www.dakarmania.cz\/index.php\/2021\/01\/11\/dakar-2021-do-zaverecne-tretiny-jde-loprais-ze-ctvrteho-mista\/#primaryimage\"},\"thumbnailUrl\":\"https:\/\/www.dakarmania.cz\/wp-content\/uploads\/2021\/01\/21-dakar-loprais-16.jpg\",\"datePublished\":\"2021-01-11T19:46:43+00:00\",\"dateModified\":\"2023-03-10T19:29:56+00:00\",\"description\":\"V pr\u016fb\u011bhu dvou maratonsk\u00fdch etap sledovali Ale\u0161 Loprais, Khalid Alkendi a Petr Pokora v\u00fdsledky jen po o\u010dku.\",\"breadcrumb\":{\"@id\":\"https:\/\/www.dakarmania.cz\/index.php\/2021\/01\/11\/dakar-2021-do-zaverecne-tretiny-jde-loprais-ze-ctvrteho-mista\/#breadcrumb\"},\"inLanguage\":\"cs\",\"potentialAction\":[{\"@type\":\"ReadAction\",\"target\":[\"https:\/\/www.dakarmania.cz\/index.php\/2021\/01\/11\/dakar-2021-do-zaverecne-tretiny-jde-loprais-ze-ctvrteho-mista\/\"]}]},{\"@type\":\"ImageObject\",\"inLanguage\":\"cs\",\"@id\":\"https:\/\/www.dakarmania.cz\/index.php\/2021\/01\/11\/dakar-2021-do-zaverecne-tretiny-jde-loprais-ze-ctvrteho-mista\/#primaryimage\",\"url\":\"https:\/\/www.dakarmania.cz\/wp-content\/uploads\/2021\/01\/21-dakar-loprais-16.jpg\",\"contentUrl\":\"https:\/\/www.dakarmania.cz\/wp-content\/uploads\/2021\/01\/21-dakar-loprais-16.jpg\",\"width\":1024,\"height\":683,\"caption\":\"Ale\u0161 Loprais\/Khalid Alkendi\/Petr Pokora, Praga V4S DKR, Instaforex Loprais Praga Team. Rally Dakar 2021. \u00a9 ASO\/DPPI\"},{\"@type\":\"BreadcrumbList\",\"@id\":\"https:\/\/www.dakarmania.cz\/index.php\/2021\/01\/11\/dakar-2021-do-zaverecne-tretiny-jde-loprais-ze-ctvrteho-mista\/#breadcrumb\",\"itemListElement\":[{\"@type\":\"ListItem\",\"position\":1,\"name\":\"Dom\u016f\",\"item\":\"https:\/\/www.dakarmania.cz\/\"},{\"@type\":\"ListItem\",\"position\":2,\"name\":\"Dakar 2021: Do z\u00e1v\u011bre\u010dn\u00e9 t\u0159etiny jde Loprais ze \u010dtvrt\u00e9ho m\u00edsta\"}]},{\"@type\":\"WebSite\",\"@id\":\"https:\/\/www.dakarmania.cz\/#website\",\"url\":\"https:\/\/www.dakarmania.cz\/\",\"name\":\"DAKARMANIA.cz\",\"description\":\"\u017dijeme Dakarem cel\u00fd rok\",\"publisher\":{\"@id\":\"https:\/\/www.dakarmania.cz\/#organization\"},\"potentialAction\":[{\"@type\":\"SearchAction\",\"target\":{\"@type\":\"EntryPoint\",\"urlTemplate\":\"https:\/\/www.dakarmania.cz\/?s={search_term_string}\"},\"query-input\":{\"@type\":\"PropertyValueSpecification\",\"valueRequired\":true,\"valueName\":\"search_term_string\"}}],\"inLanguage\":\"cs\"},{\"@type\":\"Organization\",\"@id\":\"https:\/\/www.dakarmania.cz\/#organization\",\"name\":\"DAKAR MANIA\",\"url\":\"https:\/\/www.dakarmania.cz\/\",\"logo\":{\"@type\":\"ImageObject\",\"inLanguage\":\"cs\",\"@id\":\"https:\/\/www.dakarmania.cz\/#\/schema\/logo\/image\/\",\"url\":\"https:\/\/www.dakarmania.cz\/wp-content\/uploads\/2018\/12\/Dakar-Mania-Logo-Square-Orange.png\",\"contentUrl\":\"https:\/\/www.dakarmania.cz\/wp-content\/uploads\/2018\/12\/Dakar-Mania-Logo-Square-Orange.png\",\"width\":992,\"height\":992,\"caption\":\"DAKAR MANIA\"},\"image\":{\"@id\":\"https:\/\/www.dakarmania.cz\/#\/schema\/logo\/image\/\"},\"sameAs\":[\"https:\/\/www.facebook.com\/dakarmania\/\"]},{\"@type\":\"Person\",\"@id\":\"https:\/\/www.dakarmania.cz\/#\/schema\/person\/bce8d1fe3633b1178e150fc5e340d5dd\",\"name\":\"tiskov\u00e1 zpr\u00e1va\",\"image\":{\"@type\":\"ImageObject\",\"inLanguage\":\"cs\",\"@id\":\"https:\/\/www.dakarmania.cz\/#\/schema\/person\/image\/\",\"url\":\"https:\/\/secure.gravatar.com\/avatar\/19aefcb6c7bfae691fca4d805686c670f59bb4f7414c7b398b88dc9c8f4e96d5?s=96&d=mm&r=g\",\"contentUrl\":\"https:\/\/secure.gravatar.com\/avatar\/19aefcb6c7bfae691fca4d805686c670f59bb4f7414c7b398b88dc9c8f4e96d5?s=96&d=mm&r=g\",\"caption\":\"tiskov\u00e1 zpr\u00e1va\"},\"url\":\"https:\/\/www.dakarmania.cz\/index.php\/author\/tiskovezpravy\/\"}]}<\/script>\n<!-- \/ Yoast SEO plugin. -->","yoast_head_json":{"title":"Dakar 2021: Do z\u00e1v\u011bre\u010dn\u00e9 t\u0159etiny jde Loprais ze \u010dtvrt\u00e9ho m\u00edsta - DAKARMANIA.cz","description":"V pr\u016fb\u011bhu dvou maratonsk\u00fdch etap sledovali Ale\u0161 Loprais, Khalid Alkendi a Petr Pokora v\u00fdsledky jen po o\u010dku.","robots":{"index":"index","follow":"follow","max-snippet":"max-snippet:-1","max-image-preview":"max-image-preview:large","max-video-preview":"max-video-preview:-1"},"canonical":"https:\/\/www.dakarmania.cz\/index.php\/2021\/01\/11\/dakar-2021-do-zaverecne-tretiny-jde-loprais-ze-ctvrteho-mista\/","og_locale":"cs_CZ","og_type":"article","og_title":"Dakar 2021: Do z\u00e1v\u011bre\u010dn\u00e9 t\u0159etiny jde Loprais ze \u010dtvrt\u00e9ho m\u00edsta - DAKARMANIA.cz","og_description":"V pr\u016fb\u011bhu dvou maratonsk\u00fdch etap sledovali Ale\u0161 Loprais, Khalid Alkendi a Petr Pokora v\u00fdsledky jen po o\u010dku.","og_url":"https:\/\/www.dakarmania.cz\/index.php\/2021\/01\/11\/dakar-2021-do-zaverecne-tretiny-jde-loprais-ze-ctvrteho-mista\/","og_site_name":"DAKARMANIA.cz","article_publisher":"https:\/\/www.facebook.com\/dakarmania\/","article_published_time":"2021-01-11T19:46:43+00:00","article_modified_time":"2023-03-10T19:29:56+00:00","og_image":[{"width":1024,"height":683,"url":"https:\/\/www.dakarmania.cz\/wp-content\/uploads\/2021\/01\/21-dakar-loprais-16.jpg","type":"image\/jpeg"}],"author":"tiskov\u00e1 zpr\u00e1va","twitter_card":"summary_large_image","twitter_misc":{"Napsal(a)":"tiskov\u00e1 zpr\u00e1va","Odhadovan\u00e1 doba \u010dten\u00ed":"4 minuty"},"schema":{"@context":"https:\/\/schema.org","@graph":[{"@type":"Article","@id":"https:\/\/www.dakarmania.cz\/index.php\/2021\/01\/11\/dakar-2021-do-zaverecne-tretiny-jde-loprais-ze-ctvrteho-mista\/#article","isPartOf":{"@id":"https:\/\/www.dakarmania.cz\/index.php\/2021\/01\/11\/dakar-2021-do-zaverecne-tretiny-jde-loprais-ze-ctvrteho-mista\/"},"author":{"name":"tiskov\u00e1 zpr\u00e1va","@id":"https:\/\/www.dakarmania.cz\/#\/schema\/person\/bce8d1fe3633b1178e150fc5e340d5dd"},"headline":"Dakar 2021: Do z\u00e1v\u011bre\u010dn\u00e9 t\u0159etiny jde Loprais ze \u010dtvrt\u00e9ho m\u00edsta","datePublished":"2021-01-11T19:46:43+00:00","dateModified":"2023-03-10T19:29:56+00:00","mainEntityOfPage":{"@id":"https:\/\/www.dakarmania.cz\/index.php\/2021\/01\/11\/dakar-2021-do-zaverecne-tretiny-jde-loprais-ze-ctvrteho-mista\/"},"wordCount":843,"publisher":{"@id":"https:\/\/www.dakarmania.cz\/#organization"},"image":{"@id":"https:\/\/www.dakarmania.cz\/index.php\/2021\/01\/11\/dakar-2021-do-zaverecne-tretiny-jde-loprais-ze-ctvrteho-mista\/#primaryimage"},"thumbnailUrl":"https:\/\/www.dakarmania.cz\/wp-content\/uploads\/2021\/01\/21-dakar-loprais-16.jpg","keywords":["2021","Ale\u0161 Loprais","Dakar","Dakar 2021","Jan Tom\u00e1nek","Ji\u0159\u00ed Stross","Khalid Alkendi","Loprais Team","Petr Pokora","Praga","Tatra","Tom\u00e1\u0161 Ka\u0161p\u00e1rek"],"articleSection":["Dakar 2021","Tiskov\u00e9 zpr\u00e1vy"],"inLanguage":"cs"},{"@type":"WebPage","@id":"https:\/\/www.dakarmania.cz\/index.php\/2021\/01\/11\/dakar-2021-do-zaverecne-tretiny-jde-loprais-ze-ctvrteho-mista\/","url":"https:\/\/www.dakarmania.cz\/index.php\/2021\/01\/11\/dakar-2021-do-zaverecne-tretiny-jde-loprais-ze-ctvrteho-mista\/","name":"Dakar 2021: Do z\u00e1v\u011bre\u010dn\u00e9 t\u0159etiny jde Loprais ze \u010dtvrt\u00e9ho m\u00edsta - DAKARMANIA.cz","isPartOf":{"@id":"https:\/\/www.dakarmania.cz\/#website"},"primaryImageOfPage":{"@id":"https:\/\/www.dakarmania.cz\/index.php\/2021\/01\/11\/dakar-2021-do-zaverecne-tretiny-jde-loprais-ze-ctvrteho-mista\/#primaryimage"},"image":{"@id":"https:\/\/www.dakarmania.cz\/index.php\/2021\/01\/11\/dakar-2021-do-zaverecne-tretiny-jde-loprais-ze-ctvrteho-mista\/#primaryimage"},"thumbnailUrl":"https:\/\/www.dakarmania.cz\/wp-content\/uploads\/2021\/01\/21-dakar-loprais-16.jpg","datePublished":"2021-01-11T19:46:43+00:00","dateModified":"2023-03-10T19:29:56+00:00","description":"V pr\u016fb\u011bhu dvou maratonsk\u00fdch etap sledovali Ale\u0161 Loprais, Khalid Alkendi a Petr Pokora v\u00fdsledky jen po o\u010dku.","breadcrumb":{"@id":"https:\/\/www.dakarmania.cz\/index.php\/2021\/01\/11\/dakar-2021-do-zaverecne-tretiny-jde-loprais-ze-ctvrteho-mista\/#breadcrumb"},"inLanguage":"cs","potentialAction":[{"@type":"ReadAction","target":["https:\/\/www.dakarmania.cz\/index.php\/2021\/01\/11\/dakar-2021-do-zaverecne-tretiny-jde-loprais-ze-ctvrteho-mista\/"]}]},{"@type":"ImageObject","inLanguage":"cs","@id":"https:\/\/www.dakarmania.cz\/index.php\/2021\/01\/11\/dakar-2021-do-zaverecne-tretiny-jde-loprais-ze-ctvrteho-mista\/#primaryimage","url":"https:\/\/www.dakarmania.cz\/wp-content\/uploads\/2021\/01\/21-dakar-loprais-16.jpg","contentUrl":"https:\/\/www.dakarmania.cz\/wp-content\/uploads\/2021\/01\/21-dakar-loprais-16.jpg","width":1024,"height":683,"caption":"Ale\u0161 Loprais\/Khalid Alkendi\/Petr Pokora, Praga V4S DKR, Instaforex Loprais Praga Team. Rally Dakar 2021. \u00a9 ASO\/DPPI"},{"@type":"BreadcrumbList","@id":"https:\/\/www.dakarmania.cz\/index.php\/2021\/01\/11\/dakar-2021-do-zaverecne-tretiny-jde-loprais-ze-ctvrteho-mista\/#breadcrumb","itemListElement":[{"@type":"ListItem","position":1,"name":"Dom\u016f","item":"https:\/\/www.dakarmania.cz\/"},{"@type":"ListItem","position":2,"name":"Dakar 2021: Do z\u00e1v\u011bre\u010dn\u00e9 t\u0159etiny jde Loprais ze \u010dtvrt\u00e9ho m\u00edsta"}]},{"@type":"WebSite","@id":"https:\/\/www.dakarmania.cz\/#website","url":"https:\/\/www.dakarmania.cz\/","name":"DAKARMANIA.cz","description":"\u017dijeme Dakarem cel\u00fd rok","publisher":{"@id":"https:\/\/www.dakarmania.cz\/#organization"},"potentialAction":[{"@type":"SearchAction","target":{"@type":"EntryPoint","urlTemplate":"https:\/\/www.dakarmania.cz\/?s={search_term_string}"},"query-input":{"@type":"PropertyValueSpecification","valueRequired":true,"valueName":"search_term_string"}}],"inLanguage":"cs"},{"@type":"Organization","@id":"https:\/\/www.dakarmania.cz\/#organization","name":"DAKAR MANIA","url":"https:\/\/www.dakarmania.cz\/","logo":{"@type":"ImageObject","inLanguage":"cs","@id":"https:\/\/www.dakarmania.cz\/#\/schema\/logo\/image\/","url":"https:\/\/www.dakarmania.cz\/wp-content\/uploads\/2018\/12\/Dakar-Mania-Logo-Square-Orange.png","contentUrl":"https:\/\/www.dakarmania.cz\/wp-content\/uploads\/2018\/12\/Dakar-Mania-Logo-Square-Orange.png","width":992,"height":992,"caption":"DAKAR MANIA"},"image":{"@id":"https:\/\/www.dakarmania.cz\/#\/schema\/logo\/image\/"},"sameAs":["https:\/\/www.facebook.com\/dakarmania\/"]},{"@type":"Person","@id":"https:\/\/www.dakarmania.cz\/#\/schema\/person\/bce8d1fe3633b1178e150fc5e340d5dd","name":"tiskov\u00e1 zpr\u00e1va","image":{"@type":"ImageObject","inLanguage":"cs","@id":"https:\/\/www.dakarmania.cz\/#\/schema\/person\/image\/","url":"https:\/\/secure.gravatar.com\/avatar\/19aefcb6c7bfae691fca4d805686c670f59bb4f7414c7b398b88dc9c8f4e96d5?s=96&d=mm&r=g","contentUrl":"https:\/\/secure.gravatar.com\/avatar\/19aefcb6c7bfae691fca4d805686c670f59bb4f7414c7b398b88dc9c8f4e96d5?s=96&d=mm&r=g","caption":"tiskov\u00e1 zpr\u00e1va"},"url":"https:\/\/www.dakarmania.cz\/index.php\/author\/tiskovezpravy\/"}]}},"amp_enabled":true,"_links":{"self":[{"href":"https:\/\/www.dakarmania.cz\/index.php\/wp-json\/wp\/v2\/posts\/18026","targetHints":{"allow":["GET"]}}],"collection":[{"href":"https:\/\/www.dakarmania.cz\/index.php\/wp-json\/wp\/v2\/posts"}],"about":[{"href":"https:\/\/www.dakarmania.cz\/index.php\/wp-json\/wp\/v2\/types\/post"}],"author":[{"embeddable":true,"href":"https:\/\/www.dakarmania.cz\/index.php\/wp-json\/wp\/v2\/users\/3"}],"replies":[{"embeddable":true,"href":"https:\/\/www.dakarmania.cz\/index.php\/wp-json\/wp\/v2\/comments?post=18026"}],"version-history":[{"count":1,"href":"https:\/\/www.dakarmania.cz\/index.php\/wp-json\/wp\/v2\/posts\/18026\/revisions"}],"predecessor-version":[{"id":18027,"href":"https:\/\/www.dakarmania.cz\/index.php\/wp-json\/wp\/v2\/posts\/18026\/revisions\/18027"}],"wp:featuredmedia":[{"embeddable":true,"href":"https:\/\/www.dakarmania.cz\/index.php\/wp-json\/wp\/v2\/media\/18025"}],"wp:attachment":[{"href":"https:\/\/www.dakarmania.cz\/index.php\/wp-json\/wp\/v2\/media?parent=18026"}],"wp:term":[{"taxonomy":"category","embeddable":true,"href":"https:\/\/www.dakarmania.cz\/index.php\/wp-json\/wp\/v2\/categories?post=18026"},{"taxonomy":"post_tag","embeddable":true,"href":"https:\/\/www.dakarmania.cz\/index.php\/wp-json\/wp\/v2\/tags?post=18026"}],"curies":[{"name":"wp","href":"https:\/\/api.w.org\/{rel}","templated":true}]}}