{"id":18336,"date":"2021-03-07T09:55:00","date_gmt":"2021-03-07T08:55:00","guid":{"rendered":"https:\/\/www.dakarmania.cz\/?p=18336"},"modified":"2021-03-07T09:57:37","modified_gmt":"2021-03-07T08:57:37","slug":"sharqiyah-baja-zapletal-druhy","status":"publish","type":"post","link":"https:\/\/www.dakarmania.cz\/index.php\/2021\/03\/07\/sharqiyah-baja-zapletal-druhy\/","title":{"rendered":"Sharqiyah Baja: Zapletal druh\u00fd, Enge havaroval"},"content":{"rendered":"<p>[vc_row][vc_column][vc_column_text css_animation=&#8221;fadeIn&#8221;]<\/p>\n<h3>Miroslav Zapletal s Markem S\u00fdkorou si ze t\u0159et\u00edho podniku Sv\u011btov\u00e9ho poh\u00e1ru FIA v cross-country baj\u00e1ch odv\u00e1\u017eej\u00ed poh\u00e1ry za druh\u00e9 m\u00edsto. P\u0159esto\u017ee se na startu se\u0161la men\u0161\u00ed konkurence, pr\u016fb\u011bh sa\u00fadskoarabsk\u00e9ho z\u00e1vodu byl zna\u010dn\u011b dramatick\u00fd.<\/h3>\n<p>[\/vc_column_text][vc_single_image image=&#8221;18333&#8243; img_size=&#8221;large&#8221; add_caption=&#8221;yes&#8221; alignment=&#8221;center&#8221; onclick=&#8221;link_image&#8221; css_animation=&#8221;fadeIn&#8221;][vc_column_text css_animation=&#8221;fadeIn&#8221;]Sharqiyah International Baja odstartovala ve \u010dtvrtek 4. b\u0159ezna desetikilometrovou kvalifika\u010dn\u00ed rychlostn\u00ed zkou\u0161kou, kter\u00e1 m\u011bla p\u0159edev\u0161\u00edm ur\u010dit startovn\u00ed po\u0159ad\u00ed do prvn\u00ed dlouh\u00e9 etapy. Ta se v\u0161ak v p\u00e1tek nakonec nejela, nebo\u0165 siln\u00e1 p\u00edse\u010dn\u00e1 bou\u0159e sn\u00ed\u017eila viditelnost na minimum a znemo\u017enila start helikopt\u00e9r. Po\u0159adatel\u00e9 tak nebyli schopni zajistit bezpe\u010dnost pos\u00e1dek a prvn\u00ed etapu zru\u0161ili.<\/p>\n<p>N\u00e1sledn\u011b museli organiz\u00e1to\u0159i vy\u0159e\u0161it dal\u0161\u00ed probl\u00e9m, nebo\u0165 podle regul\u00ed FIA mohou \u00fasp\u011b\u0161n\u00e9 pos\u00e1dky z\u00edskat pln\u00fd po\u010det bod\u016f do hodnocen\u00ed sv\u011btov\u00e9ho poh\u00e1ru pouze v p\u0159\u00edpad\u011b, kdy se b\u011bhem sout\u011b\u017ee odjede minim\u00e1ln\u011b 350 kilometr\u016f rychlostn\u00edch zkou\u0161ek. Proto bylo pot\u0159eba z\u00e1sadn\u00edm zp\u016fsobem zm\u011bnit program z\u00e1v\u011bre\u010dn\u00e9 etapy. Na sobotu tak byla p\u0159elo\u017eena p\u016fvodn\u011b p\u00e1te\u010dn\u00ed erzeta (217,5 km), po n\u00ed\u017e n\u00e1sledovala v\u00edce ne\u017e devades\u00e1tikilometrov\u00e1 neutralizace, kter\u00e1 zavedla sout\u011b\u017e\u00edc\u00ed zp\u011bt na start stejn\u00e9ho testu. Jeho prvn\u00ed \u010d\u00e1st (138,5 km) pak z\u00e1vodn\u00edci absolvovali je\u0161t\u011b jednou. Tentokr\u00e1t ji\u017e za t\u00e9m\u011b\u0159 optim\u00e1ln\u00edch pov\u011btrnostn\u00edch podm\u00ednek.<\/p>\n<h4>Al-Rajhi chyboval<\/h4>\n<p>Po v\u00edt\u011bzstv\u00ed na p\u0159edchoz\u00edm podniku v Dubaji potvrzovali Yazeed Al-Rajhi s Michaelem Orrem a Toyotou Hilux t\u00fdmu Overdrive Racing roli favorit\u016f i na \u00favodn\u00edch mezi\u010dasech i tentokr\u00e1t. Jen\u017ee na 82. kilometru dom\u00e1c\u00ed jezdec havaroval a s bolestmi zad byl letecky transportov\u00e1n do nemocnice. V p\u00e9\u010di l\u00e9ka\u0159\u016f skon\u010dil i britsk\u00fd navig\u00e1tor.[\/vc_column_text][vc_single_image image=&#8221;18331&#8243; img_size=&#8221;large&#8221; add_caption=&#8221;yes&#8221; alignment=&#8221;center&#8221; onclick=&#8221;link_image&#8221; css_animation=&#8221;fadeIn&#8221;][vc_column_text css_animation=&#8221;fadeIn&#8221;]Po Al-Rajhiho odstoupen\u00ed p\u0159evzal taktovku jeho krajan Yasir Seaidan, kter\u00fd si s ukrajinsk\u00fdm navig\u00e1torem Alexejem Kuzmi\u010dem a vozem Mini JCW Rally z d\u00edlen n\u011bmeck\u00e9ho X-raidu dojel pro prvn\u00ed v\u00fdhru kari\u00e9ry ve sv\u011btov\u00e9m poh\u00e1ru FIA.<\/p>\n<p><em>\u201eNebyla to snadn\u00e1 sout\u011b\u017e, proto\u017ee po zru\u0161en\u00ed prvn\u00ed etapy jsme ji celou musel odjet za jedin\u00fd den. Cht\u011bli jsme hlavn\u011b bez probl\u00e9m\u016f dojet, proto\u017ee dal\u0161\u00ed podnik je na programu u\u017e za dva t\u00fddny. Ale auto bylo dobr\u00e9 a do \u017e\u00e1dn\u00fdch probl\u00e9m\u016f jsme se nedostali. Z v\u00edt\u011bzstv\u00ed m\u00e1m obrovskou radost,\u201c<\/em> \u0159\u00edk\u00e1 <strong>Yasir Seaidan<\/strong>.<\/p>\n<p>D\u00edky bod\u016fm za v\u00edt\u011bzstv\u00ed na dom\u00e1c\u00ed p\u016fd\u011b a za t\u0159et\u00ed m\u00edsto na p\u0159edchoz\u00ed baje v Dubaji se Seaidan po t\u0159ech podnic\u00edch ujal veden\u00ed v pr\u016fb\u011b\u017en\u00e9m hodnocen\u00ed sv\u011btov\u00e9ho poh\u00e1ru.<\/p>\n<p>Miroslav Zapletal s Markem S\u00fdkorou figurovali za Seaidanem na druh\u00e9 pozici u\u017e po \u010dtvrte\u010dn\u00ed kvalifika\u010dn\u00ed erzet\u011b a udr\u017eeli ji i v sobotu. V c\u00edli d\u011blilo \u010dern\u00fd Ford t\u00fdmu Offroadsport od v\u00edt\u011bze t\u0159in\u00e1ct a p\u016fl minuty.[\/vc_column_text][vc_single_image image=&#8221;18335&#8243; img_size=&#8221;large&#8221; add_caption=&#8221;yes&#8221; alignment=&#8221;center&#8221; onclick=&#8221;custom_link&#8221; img_link_target=&#8221;_blank&#8221; css_animation=&#8221;fadeIn&#8221; link=&#8221;http:\/\/eshop.dakarmania.cz\/&#8221;][vc_column_text css_animation=&#8221;fadeIn&#8221;]V hodnocen\u00ed \u00fa\u010dastn\u00edk\u016f sv\u011btov\u00e9ho poh\u00e1ru, jich\u017e do sout\u011b\u017ee odstartovalo jen jeden\u00e1ct, obsadil t\u0159et\u00ed p\u0159\u00ed\u010dku absolutn\u011b Saleh Alsaif, jen\u017e s Can-Amem z\u00e1rove\u0148 zv\u00edt\u011bzil ve skupin\u011b T4.<\/p>\n<h4>Enge znovu v akci<\/h4>\n<p>Po lednov\u00e9m debutu na Dakaru absolvoval druhou cross-country rally sv\u00e9 kari\u00e9ry Tom\u00e1\u0161 Enge. Libereck\u00fd jezdec v\u0161ak nebyl p\u0159ihl\u00e1\u0161en do sv\u011btov\u00e9ho poh\u00e1ru FIA. Sv\u00e9 s\u00edly pom\u011b\u0159il s dom\u00e1c\u00edmi jezdci v r\u00e1mci hodnocen\u00ed sa\u00fadskoarabsk\u00e9ho \u0161ampion\u00e1tu, jeho\u017e sezonu pr\u00e1v\u011b Sharqiyah Baja otev\u00edrala.<\/p>\n<p>T\u00fdm Buggyra Racing v Sa\u00fadsk\u00e9 Ar\u00e1bii zkou\u0161el n\u011bkolik technick\u00fdch zm\u011bn, kter\u00e9 na sv\u00e9m Can-Amu provedl po leto\u0161n\u00edm Dakaru, ale tak\u00e9 nov\u011b slo\u017eenou pos\u00e1dku, nebo\u0165 po Engeho boku se poprv\u00e9 p\u0159edstavil navig\u00e1tor Rudy Briani.[\/vc_column_text][vc_single_image image=&#8221;18332&#8243; img_size=&#8221;large&#8221; add_caption=&#8221;yes&#8221; alignment=&#8221;center&#8221; onclick=&#8221;link_image&#8221; css_animation=&#8221;fadeIn&#8221;][vc_column_text css_animation=&#8221;fadeIn&#8221;]Pro \u010desko-italskou dvojici byla spole\u010dn\u00e1 premi\u00e9ra n\u00e1ro\u010dn\u00e1. Po kr\u00e1tk\u00e9m prologu, na jeho\u017e trati bloudila, figurovala v hodnocen\u00ed n\u00e1rodn\u00edho \u0161ampion\u00e1tu na posledn\u00edm m\u00edst\u011b a v sobotu havarovala. Oba \u010dlenov\u00e9 pos\u00e1dky vyv\u00e1zli z incidentu bez zran\u011bn\u00ed.<\/p>\n<p><em>\u201eNa 78. kilometru jsme sko\u010dili z jedn\u00e9 duny tro\u0161ku v\u00edc, ne\u017e bychom m\u011bli, a bohu\u017eel na aut\u011b byly \u0161kody, kv\u016fli kter\u00fdm jsme nemohli pokra\u010dovat,\u201c<\/em> popisuje <strong>Tom\u00e1\u0161 Enge<\/strong>. <em>\u201eN\u00e1ro\u010dnost a nebezpe\u010dnost sobotn\u00ed etapy dokl\u00e1d\u00e1 krom\u011b \u0159ady dal\u0161\u00edch nehod a trag\u00e9die, kter\u00e1 se stala, i to, \u017ee nejlep\u0161\u00ed sa\u00fadskoarabsk\u00fd pilot Yazeed Al-Rajhi skon\u010dil v nemocnici. M\u011b to samoz\u0159ejm\u011b mrz\u00ed v\u016f\u010di t\u00fdmu, kluk\u016fm a sponzor\u016fm, ale jsou to z\u00e1vody a tohle k nim pat\u0159\u00ed. V offroadech a cross-country rally jsem po\u0159\u00e1d nov\u00e1\u010dek, proto ka\u017ed\u00fd najet\u00fd kilometr a ve fin\u00e1le i ka\u017ed\u00e1 chyba mi pomohou, abych v dal\u0161\u00edch z\u00e1vodech mohl p\u0159edv\u00eddat daleko v\u00edce a vyvaroval se t\u011bchto chyb.\u201c<\/em><\/p>\n<p>Ke zm\u00edn\u011bn\u00e9 trag\u00e9dii do\u0161lo v r\u00e1mci z\u00e1vodu n\u00e1rodn\u00edho \u0161ampion\u00e1tu v kategorii quad\u016f. Zran\u011bn\u00edm, kter\u00e1 utrp\u011bl p\u0159i hav\u00e1rii v \u00favodu sobotn\u00ed etapy, podlehl dom\u00e1c\u00ed \u010dty\u0159kolk\u00e1\u0159 Riyadh Al-Shammeri.<\/p>\n<p>Sv\u011btov\u00fd poh\u00e1r FIA v cross-country baj\u00e1ch pokra\u010duje \u010dtvrt\u00fdm podnikem za dva t\u00fddny v Jord\u00e1nsku (18. a\u017e 20. b\u0159ezna).[\/vc_column_text][vc_column_text css_animation=&#8221;fadeIn&#8221;]<\/p>\n<table style=\"width: 97.7654%;\" rules=\"rows\" cellpadding=\"4px\">\n<tbody>\n<tr style=\"background-color: #dd8500; color: white;\">\n<td style=\"text-align: center;\" colspan=\"4\"><span style=\"font-size: 10pt;\"><strong>SHARQIYAH BAJA 2021 &#8211; AUTOMOBILY (FIA)<br \/>\nkone\u010dn\u00e9 v\u00fdsledky<\/strong><\/span><\/td>\n<\/tr>\n<tr style=\"background-color: #dbd9d9;\">\n<td>1.<\/td>\n<td>Yasir Seaidan\/Alexej Kuzmi\u010d<\/td>\n<td>Mini JCW Rally<\/td>\n<td style=\"text-align: right;\">4:05:27<\/td>\n<\/tr>\n<tr style=\"background-color: #f2f2f2;\">\n<td>2.<\/td>\n<td>Miroslav Zapletal\/Marek S\u00fdkora<\/td>\n<td>Ford F150 Evo<\/td>\n<td style=\"text-align: right;\">+13:38<\/td>\n<\/tr>\n<tr style=\"background-color: #dbd9d9;\">\n<td>3.<\/td>\n<td>Saleh Alsaif\/Oriol Vidal Montijano<\/td>\n<td>Can-Am Maverick X3<\/td>\n<td style=\"text-align: right;\">+22:10<\/td>\n<\/tr>\n<tr style=\"background-color: #f2f2f2;\">\n<td>4.<\/td>\n<td>Mshari Althefiri\/Nasser Al-Kuwari<\/td>\n<td>Can-Am Maverick X3<\/td>\n<td style=\"text-align: right;\">+54:31<\/td>\n<\/tr>\n<tr style=\"background-color: #dbd9d9;\">\n<td>5.<\/td>\n<td>Saeed Zaki Almouri\/Sergio Lafuente<\/td>\n<td>Can-Am Maverick X3<\/td>\n<td style=\"text-align: right;\">+57:10<\/td>\n<\/tr>\n<\/tbody>\n<\/table>\n<p>[\/vc_column_text][vc_empty_space height=&#8221;2px&#8221;][\/vc_column][\/vc_row]<\/p>\n","protected":false},"excerpt":{"rendered":"<p>Miroslav Zapletal s Markem S\u00fdkorou si ze t\u0159et\u00edho podniku Sv\u011btov\u00e9ho poh\u00e1ru FIA v cross-country baj\u00e1ch odv\u00e1\u017eej\u00ed poh\u00e1ry za druh\u00e9 m\u00edsto.<\/p>\n","protected":false},"author":1,"featured_media":18334,"comment_status":"open","ping_status":"closed","sticky":false,"template":"","format":"standard","meta":{"footnotes":""},"categories":[3,98,1839],"tags":[1630,1617,132,95,11,261,1524,219,303,304,326,1615,1842,1841,1628,1840,106,1783,1792,201,220,1503,327],"class_list":["post-18336","post","type-post","status-publish","format-standard","has-post-thumbnail","hentry","category-auto","category-fia-baja","category-sharqiyah-baja","tag-1630","tag-alexej-kuzmic","tag-buggyra-racing","tag-can-am","tag-ford","tag-marek-sykora","tag-michael-orr","tag-mini","tag-miroslav-zapletal","tag-offroadsport","tag-overdrive-racing","tag-race-world","tag-rudy-briani","tag-saleh-alsaif","tag-sharqiyah-baja","tag-sharqiyah-baja-2021","tag-sp-fia-baja","tag-sp-fia-baja-2021","tag-tomas-enge","tag-toyota","tag-x-raid","tag-yasir-seaidan","tag-yazeed-al-rajhi"],"yoast_head":"<!-- This site is optimized with the Yoast SEO plugin v24.9 - https:\/\/yoast.com\/wordpress\/plugins\/seo\/ -->\n<title>Sharqiyah Baja: Zapletal druh\u00fd, Enge havaroval - DAKARMANIA.cz<\/title>\n<meta name=\"description\" content=\"Miroslav Zapletal s Markem S\u00fdkorou si ze t\u0159et\u00edho podniku Sv\u011btov\u00e9ho poh\u00e1ru FIA v cross-country baj\u00e1ch odv\u00e1\u017eej\u00ed poh\u00e1ry za druh\u00e9 m\u00edsto.\" \/>\n<meta name=\"robots\" content=\"index, follow, max-snippet:-1, max-image-preview:large, max-video-preview:-1\" \/>\n<link rel=\"canonical\" href=\"https:\/\/www.dakarmania.cz\/index.php\/2021\/03\/07\/sharqiyah-baja-zapletal-druhy\/\" \/>\n<meta property=\"og:locale\" content=\"cs_CZ\" \/>\n<meta property=\"og:type\" content=\"article\" \/>\n<meta property=\"og:title\" content=\"Sharqiyah Baja: Zapletal druh\u00fd, Enge havaroval - DAKARMANIA.cz\" \/>\n<meta property=\"og:description\" content=\"Miroslav Zapletal s Markem S\u00fdkorou si ze t\u0159et\u00edho podniku Sv\u011btov\u00e9ho poh\u00e1ru FIA v cross-country baj\u00e1ch odv\u00e1\u017eej\u00ed poh\u00e1ry za druh\u00e9 m\u00edsto.\" \/>\n<meta property=\"og:url\" content=\"https:\/\/www.dakarmania.cz\/index.php\/2021\/03\/07\/sharqiyah-baja-zapletal-druhy\/\" \/>\n<meta property=\"og:site_name\" content=\"DAKARMANIA.cz\" \/>\n<meta property=\"article:publisher\" content=\"https:\/\/www.facebook.com\/dakarmania\/\" \/>\n<meta property=\"article:published_time\" content=\"2021-03-07T08:55:00+00:00\" \/>\n<meta property=\"article:modified_time\" content=\"2021-03-07T08:57:37+00:00\" \/>\n<meta property=\"og:image\" content=\"https:\/\/www.dakarmania.cz\/wp-content\/uploads\/2021\/03\/21-sharqiyah-zapletal-01.jpg\" \/>\n\t<meta property=\"og:image:width\" content=\"1024\" \/>\n\t<meta property=\"og:image:height\" content=\"683\" \/>\n\t<meta property=\"og:image:type\" content=\"image\/jpeg\" \/>\n<meta name=\"author\" content=\"Zden\u011bk Zelenka\" \/>\n<meta name=\"twitter:card\" content=\"summary_large_image\" \/>\n<meta name=\"twitter:label1\" content=\"Napsal(a)\" \/>\n\t<meta name=\"twitter:data1\" content=\"Zden\u011bk Zelenka\" \/>\n\t<meta name=\"twitter:label2\" content=\"Odhadovan\u00e1 doba \u010dten\u00ed\" \/>\n\t<meta name=\"twitter:data2\" content=\"4 minuty\" \/>\n<script type=\"application\/ld+json\" class=\"yoast-schema-graph\">{\"@context\":\"https:\/\/schema.org\",\"@graph\":[{\"@type\":\"Article\",\"@id\":\"https:\/\/www.dakarmania.cz\/index.php\/2021\/03\/07\/sharqiyah-baja-zapletal-druhy\/#article\",\"isPartOf\":{\"@id\":\"https:\/\/www.dakarmania.cz\/index.php\/2021\/03\/07\/sharqiyah-baja-zapletal-druhy\/\"},\"author\":{\"name\":\"Zden\u011bk Zelenka\",\"@id\":\"https:\/\/www.dakarmania.cz\/#\/schema\/person\/04eb0e87a389631c2169c0dddae7ff1e\"},\"headline\":\"Sharqiyah Baja: Zapletal druh\u00fd, Enge havaroval\",\"datePublished\":\"2021-03-07T08:55:00+00:00\",\"dateModified\":\"2021-03-07T08:57:37+00:00\",\"mainEntityOfPage\":{\"@id\":\"https:\/\/www.dakarmania.cz\/index.php\/2021\/03\/07\/sharqiyah-baja-zapletal-druhy\/\"},\"wordCount\":1115,\"commentCount\":0,\"publisher\":{\"@id\":\"https:\/\/www.dakarmania.cz\/#organization\"},\"image\":{\"@id\":\"https:\/\/www.dakarmania.cz\/index.php\/2021\/03\/07\/sharqiyah-baja-zapletal-druhy\/#primaryimage\"},\"thumbnailUrl\":\"https:\/\/www.dakarmania.cz\/wp-content\/uploads\/2021\/03\/21-sharqiyah-zapletal-01.jpg\",\"keywords\":[\"2021\",\"Alexej Kuzmi\u010d\",\"Buggyra Racing\",\"Can-Am\",\"Ford\",\"Marek S\u00fdkora\",\"Michael Orr\",\"Mini\",\"Miroslav Zapletal\",\"Offroadsport\",\"Overdrive Racing\",\"Race World\",\"Rudy Briani\",\"Saleh Alsaif\",\"Sharqiyah Baja\",\"Sharqiyah Baja 2021\",\"SP FIA baja\",\"SP FIA baja 2021\",\"Tom\u00e1\u0161 Enge\",\"Toyota\",\"X-raid\",\"Yasir Seaidan\",\"Yazeed Al-Rajhi\"],\"articleSection\":[\"Auto\",\"FIA SP baja\",\"Sharqiyah Baja\"],\"inLanguage\":\"cs\",\"potentialAction\":[{\"@type\":\"CommentAction\",\"name\":\"Comment\",\"target\":[\"https:\/\/www.dakarmania.cz\/index.php\/2021\/03\/07\/sharqiyah-baja-zapletal-druhy\/#respond\"]}]},{\"@type\":\"WebPage\",\"@id\":\"https:\/\/www.dakarmania.cz\/index.php\/2021\/03\/07\/sharqiyah-baja-zapletal-druhy\/\",\"url\":\"https:\/\/www.dakarmania.cz\/index.php\/2021\/03\/07\/sharqiyah-baja-zapletal-druhy\/\",\"name\":\"Sharqiyah Baja: Zapletal druh\u00fd, Enge havaroval - DAKARMANIA.cz\",\"isPartOf\":{\"@id\":\"https:\/\/www.dakarmania.cz\/#website\"},\"primaryImageOfPage\":{\"@id\":\"https:\/\/www.dakarmania.cz\/index.php\/2021\/03\/07\/sharqiyah-baja-zapletal-druhy\/#primaryimage\"},\"image\":{\"@id\":\"https:\/\/www.dakarmania.cz\/index.php\/2021\/03\/07\/sharqiyah-baja-zapletal-druhy\/#primaryimage\"},\"thumbnailUrl\":\"https:\/\/www.dakarmania.cz\/wp-content\/uploads\/2021\/03\/21-sharqiyah-zapletal-01.jpg\",\"datePublished\":\"2021-03-07T08:55:00+00:00\",\"dateModified\":\"2021-03-07T08:57:37+00:00\",\"description\":\"Miroslav Zapletal s Markem S\u00fdkorou si ze t\u0159et\u00edho podniku Sv\u011btov\u00e9ho poh\u00e1ru FIA v cross-country baj\u00e1ch odv\u00e1\u017eej\u00ed poh\u00e1ry za druh\u00e9 m\u00edsto.\",\"breadcrumb\":{\"@id\":\"https:\/\/www.dakarmania.cz\/index.php\/2021\/03\/07\/sharqiyah-baja-zapletal-druhy\/#breadcrumb\"},\"inLanguage\":\"cs\",\"potentialAction\":[{\"@type\":\"ReadAction\",\"target\":[\"https:\/\/www.dakarmania.cz\/index.php\/2021\/03\/07\/sharqiyah-baja-zapletal-druhy\/\"]}]},{\"@type\":\"ImageObject\",\"inLanguage\":\"cs\",\"@id\":\"https:\/\/www.dakarmania.cz\/index.php\/2021\/03\/07\/sharqiyah-baja-zapletal-druhy\/#primaryimage\",\"url\":\"https:\/\/www.dakarmania.cz\/wp-content\/uploads\/2021\/03\/21-sharqiyah-zapletal-01.jpg\",\"contentUrl\":\"https:\/\/www.dakarmania.cz\/wp-content\/uploads\/2021\/03\/21-sharqiyah-zapletal-01.jpg\",\"width\":1024,\"height\":683,\"caption\":\"Miroslav Zapletal\/Marek S\u00fdkora, Ford F-150 Evo, Offroadsport. Sharqiyah Baja 2021. \u00a9 NDP Publicity\"},{\"@type\":\"BreadcrumbList\",\"@id\":\"https:\/\/www.dakarmania.cz\/index.php\/2021\/03\/07\/sharqiyah-baja-zapletal-druhy\/#breadcrumb\",\"itemListElement\":[{\"@type\":\"ListItem\",\"position\":1,\"name\":\"Dom\u016f\",\"item\":\"https:\/\/www.dakarmania.cz\/\"},{\"@type\":\"ListItem\",\"position\":2,\"name\":\"Sharqiyah Baja: Zapletal druh\u00fd, Enge havaroval\"}]},{\"@type\":\"WebSite\",\"@id\":\"https:\/\/www.dakarmania.cz\/#website\",\"url\":\"https:\/\/www.dakarmania.cz\/\",\"name\":\"DAKARMANIA.cz\",\"description\":\"\u017dijeme Dakarem cel\u00fd rok\",\"publisher\":{\"@id\":\"https:\/\/www.dakarmania.cz\/#organization\"},\"potentialAction\":[{\"@type\":\"SearchAction\",\"target\":{\"@type\":\"EntryPoint\",\"urlTemplate\":\"https:\/\/www.dakarmania.cz\/?s={search_term_string}\"},\"query-input\":{\"@type\":\"PropertyValueSpecification\",\"valueRequired\":true,\"valueName\":\"search_term_string\"}}],\"inLanguage\":\"cs\"},{\"@type\":\"Organization\",\"@id\":\"https:\/\/www.dakarmania.cz\/#organization\",\"name\":\"DAKAR MANIA\",\"url\":\"https:\/\/www.dakarmania.cz\/\",\"logo\":{\"@type\":\"ImageObject\",\"inLanguage\":\"cs\",\"@id\":\"https:\/\/www.dakarmania.cz\/#\/schema\/logo\/image\/\",\"url\":\"https:\/\/www.dakarmania.cz\/wp-content\/uploads\/2018\/12\/Dakar-Mania-Logo-Square-Orange.png\",\"contentUrl\":\"https:\/\/www.dakarmania.cz\/wp-content\/uploads\/2018\/12\/Dakar-Mania-Logo-Square-Orange.png\",\"width\":992,\"height\":992,\"caption\":\"DAKAR MANIA\"},\"image\":{\"@id\":\"https:\/\/www.dakarmania.cz\/#\/schema\/logo\/image\/\"},\"sameAs\":[\"https:\/\/www.facebook.com\/dakarmania\/\"]},{\"@type\":\"Person\",\"@id\":\"https:\/\/www.dakarmania.cz\/#\/schema\/person\/04eb0e87a389631c2169c0dddae7ff1e\",\"name\":\"Zden\u011bk Zelenka\",\"image\":{\"@type\":\"ImageObject\",\"inLanguage\":\"cs\",\"@id\":\"https:\/\/www.dakarmania.cz\/#\/schema\/person\/image\/\",\"url\":\"https:\/\/secure.gravatar.com\/avatar\/2c80d5a4942fe0900b73cc7d3837a509d6ee0a276a2b76dac95c92bd0763a89b?s=96&d=mm&r=g\",\"contentUrl\":\"https:\/\/secure.gravatar.com\/avatar\/2c80d5a4942fe0900b73cc7d3837a509d6ee0a276a2b76dac95c92bd0763a89b?s=96&d=mm&r=g\",\"caption\":\"Zden\u011bk Zelenka\"},\"description\":\"Moji d\u011bt\u0161t\u00ed hrdinov\u00e9 se jmenovali Loprais, Moskal, Neveu, Vatanen, Rahier... A tihle borci, jejich n\u00e1sledovn\u00edci a jejich p\u0159\u00edb\u011bhy m\u011b nep\u0159estali fascinovat ani po letech, kdy jsem vyrostl a zam\u011bstn\u00e1valy m\u011b jin\u00e9 discipl\u00edny motorsportu. Proto se zrodila DAKARMANIA.\",\"url\":\"https:\/\/www.dakarmania.cz\/index.php\/author\/dakarmania\/\"}]}<\/script>\n<!-- \/ Yoast SEO plugin. -->","yoast_head_json":{"title":"Sharqiyah Baja: Zapletal druh\u00fd, Enge havaroval - DAKARMANIA.cz","description":"Miroslav Zapletal s Markem S\u00fdkorou si ze t\u0159et\u00edho podniku Sv\u011btov\u00e9ho poh\u00e1ru FIA v cross-country baj\u00e1ch odv\u00e1\u017eej\u00ed poh\u00e1ry za druh\u00e9 m\u00edsto.","robots":{"index":"index","follow":"follow","max-snippet":"max-snippet:-1","max-image-preview":"max-image-preview:large","max-video-preview":"max-video-preview:-1"},"canonical":"https:\/\/www.dakarmania.cz\/index.php\/2021\/03\/07\/sharqiyah-baja-zapletal-druhy\/","og_locale":"cs_CZ","og_type":"article","og_title":"Sharqiyah Baja: Zapletal druh\u00fd, Enge havaroval - DAKARMANIA.cz","og_description":"Miroslav Zapletal s Markem S\u00fdkorou si ze t\u0159et\u00edho podniku Sv\u011btov\u00e9ho poh\u00e1ru FIA v cross-country baj\u00e1ch odv\u00e1\u017eej\u00ed poh\u00e1ry za druh\u00e9 m\u00edsto.","og_url":"https:\/\/www.dakarmania.cz\/index.php\/2021\/03\/07\/sharqiyah-baja-zapletal-druhy\/","og_site_name":"DAKARMANIA.cz","article_publisher":"https:\/\/www.facebook.com\/dakarmania\/","article_published_time":"2021-03-07T08:55:00+00:00","article_modified_time":"2021-03-07T08:57:37+00:00","og_image":[{"width":1024,"height":683,"url":"https:\/\/www.dakarmania.cz\/wp-content\/uploads\/2021\/03\/21-sharqiyah-zapletal-01.jpg","type":"image\/jpeg"}],"author":"Zden\u011bk Zelenka","twitter_card":"summary_large_image","twitter_misc":{"Napsal(a)":"Zden\u011bk Zelenka","Odhadovan\u00e1 doba \u010dten\u00ed":"4 minuty"},"schema":{"@context":"https:\/\/schema.org","@graph":[{"@type":"Article","@id":"https:\/\/www.dakarmania.cz\/index.php\/2021\/03\/07\/sharqiyah-baja-zapletal-druhy\/#article","isPartOf":{"@id":"https:\/\/www.dakarmania.cz\/index.php\/2021\/03\/07\/sharqiyah-baja-zapletal-druhy\/"},"author":{"name":"Zden\u011bk Zelenka","@id":"https:\/\/www.dakarmania.cz\/#\/schema\/person\/04eb0e87a389631c2169c0dddae7ff1e"},"headline":"Sharqiyah Baja: Zapletal druh\u00fd, Enge havaroval","datePublished":"2021-03-07T08:55:00+00:00","dateModified":"2021-03-07T08:57:37+00:00","mainEntityOfPage":{"@id":"https:\/\/www.dakarmania.cz\/index.php\/2021\/03\/07\/sharqiyah-baja-zapletal-druhy\/"},"wordCount":1115,"commentCount":0,"publisher":{"@id":"https:\/\/www.dakarmania.cz\/#organization"},"image":{"@id":"https:\/\/www.dakarmania.cz\/index.php\/2021\/03\/07\/sharqiyah-baja-zapletal-druhy\/#primaryimage"},"thumbnailUrl":"https:\/\/www.dakarmania.cz\/wp-content\/uploads\/2021\/03\/21-sharqiyah-zapletal-01.jpg","keywords":["2021","Alexej Kuzmi\u010d","Buggyra Racing","Can-Am","Ford","Marek S\u00fdkora","Michael Orr","Mini","Miroslav Zapletal","Offroadsport","Overdrive Racing","Race World","Rudy Briani","Saleh Alsaif","Sharqiyah Baja","Sharqiyah Baja 2021","SP FIA baja","SP FIA baja 2021","Tom\u00e1\u0161 Enge","Toyota","X-raid","Yasir Seaidan","Yazeed Al-Rajhi"],"articleSection":["Auto","FIA SP baja","Sharqiyah Baja"],"inLanguage":"cs","potentialAction":[{"@type":"CommentAction","name":"Comment","target":["https:\/\/www.dakarmania.cz\/index.php\/2021\/03\/07\/sharqiyah-baja-zapletal-druhy\/#respond"]}]},{"@type":"WebPage","@id":"https:\/\/www.dakarmania.cz\/index.php\/2021\/03\/07\/sharqiyah-baja-zapletal-druhy\/","url":"https:\/\/www.dakarmania.cz\/index.php\/2021\/03\/07\/sharqiyah-baja-zapletal-druhy\/","name":"Sharqiyah Baja: Zapletal druh\u00fd, Enge havaroval - DAKARMANIA.cz","isPartOf":{"@id":"https:\/\/www.dakarmania.cz\/#website"},"primaryImageOfPage":{"@id":"https:\/\/www.dakarmania.cz\/index.php\/2021\/03\/07\/sharqiyah-baja-zapletal-druhy\/#primaryimage"},"image":{"@id":"https:\/\/www.dakarmania.cz\/index.php\/2021\/03\/07\/sharqiyah-baja-zapletal-druhy\/#primaryimage"},"thumbnailUrl":"https:\/\/www.dakarmania.cz\/wp-content\/uploads\/2021\/03\/21-sharqiyah-zapletal-01.jpg","datePublished":"2021-03-07T08:55:00+00:00","dateModified":"2021-03-07T08:57:37+00:00","description":"Miroslav Zapletal s Markem S\u00fdkorou si ze t\u0159et\u00edho podniku Sv\u011btov\u00e9ho poh\u00e1ru FIA v cross-country baj\u00e1ch odv\u00e1\u017eej\u00ed poh\u00e1ry za druh\u00e9 m\u00edsto.","breadcrumb":{"@id":"https:\/\/www.dakarmania.cz\/index.php\/2021\/03\/07\/sharqiyah-baja-zapletal-druhy\/#breadcrumb"},"inLanguage":"cs","potentialAction":[{"@type":"ReadAction","target":["https:\/\/www.dakarmania.cz\/index.php\/2021\/03\/07\/sharqiyah-baja-zapletal-druhy\/"]}]},{"@type":"ImageObject","inLanguage":"cs","@id":"https:\/\/www.dakarmania.cz\/index.php\/2021\/03\/07\/sharqiyah-baja-zapletal-druhy\/#primaryimage","url":"https:\/\/www.dakarmania.cz\/wp-content\/uploads\/2021\/03\/21-sharqiyah-zapletal-01.jpg","contentUrl":"https:\/\/www.dakarmania.cz\/wp-content\/uploads\/2021\/03\/21-sharqiyah-zapletal-01.jpg","width":1024,"height":683,"caption":"Miroslav Zapletal\/Marek S\u00fdkora, Ford F-150 Evo, Offroadsport. Sharqiyah Baja 2021. \u00a9 NDP Publicity"},{"@type":"BreadcrumbList","@id":"https:\/\/www.dakarmania.cz\/index.php\/2021\/03\/07\/sharqiyah-baja-zapletal-druhy\/#breadcrumb","itemListElement":[{"@type":"ListItem","position":1,"name":"Dom\u016f","item":"https:\/\/www.dakarmania.cz\/"},{"@type":"ListItem","position":2,"name":"Sharqiyah Baja: Zapletal druh\u00fd, Enge havaroval"}]},{"@type":"WebSite","@id":"https:\/\/www.dakarmania.cz\/#website","url":"https:\/\/www.dakarmania.cz\/","name":"DAKARMANIA.cz","description":"\u017dijeme Dakarem cel\u00fd rok","publisher":{"@id":"https:\/\/www.dakarmania.cz\/#organization"},"potentialAction":[{"@type":"SearchAction","target":{"@type":"EntryPoint","urlTemplate":"https:\/\/www.dakarmania.cz\/?s={search_term_string}"},"query-input":{"@type":"PropertyValueSpecification","valueRequired":true,"valueName":"search_term_string"}}],"inLanguage":"cs"},{"@type":"Organization","@id":"https:\/\/www.dakarmania.cz\/#organization","name":"DAKAR MANIA","url":"https:\/\/www.dakarmania.cz\/","logo":{"@type":"ImageObject","inLanguage":"cs","@id":"https:\/\/www.dakarmania.cz\/#\/schema\/logo\/image\/","url":"https:\/\/www.dakarmania.cz\/wp-content\/uploads\/2018\/12\/Dakar-Mania-Logo-Square-Orange.png","contentUrl":"https:\/\/www.dakarmania.cz\/wp-content\/uploads\/2018\/12\/Dakar-Mania-Logo-Square-Orange.png","width":992,"height":992,"caption":"DAKAR MANIA"},"image":{"@id":"https:\/\/www.dakarmania.cz\/#\/schema\/logo\/image\/"},"sameAs":["https:\/\/www.facebook.com\/dakarmania\/"]},{"@type":"Person","@id":"https:\/\/www.dakarmania.cz\/#\/schema\/person\/04eb0e87a389631c2169c0dddae7ff1e","name":"Zden\u011bk Zelenka","image":{"@type":"ImageObject","inLanguage":"cs","@id":"https:\/\/www.dakarmania.cz\/#\/schema\/person\/image\/","url":"https:\/\/secure.gravatar.com\/avatar\/2c80d5a4942fe0900b73cc7d3837a509d6ee0a276a2b76dac95c92bd0763a89b?s=96&d=mm&r=g","contentUrl":"https:\/\/secure.gravatar.com\/avatar\/2c80d5a4942fe0900b73cc7d3837a509d6ee0a276a2b76dac95c92bd0763a89b?s=96&d=mm&r=g","caption":"Zden\u011bk Zelenka"},"description":"Moji d\u011bt\u0161t\u00ed hrdinov\u00e9 se jmenovali Loprais, Moskal, Neveu, Vatanen, Rahier... A tihle borci, jejich n\u00e1sledovn\u00edci a jejich p\u0159\u00edb\u011bhy m\u011b nep\u0159estali fascinovat ani po letech, kdy jsem vyrostl a zam\u011bstn\u00e1valy m\u011b jin\u00e9 discipl\u00edny motorsportu. Proto se zrodila DAKARMANIA.","url":"https:\/\/www.dakarmania.cz\/index.php\/author\/dakarmania\/"}]}},"amp_enabled":true,"_links":{"self":[{"href":"https:\/\/www.dakarmania.cz\/index.php\/wp-json\/wp\/v2\/posts\/18336","targetHints":{"allow":["GET"]}}],"collection":[{"href":"https:\/\/www.dakarmania.cz\/index.php\/wp-json\/wp\/v2\/posts"}],"about":[{"href":"https:\/\/www.dakarmania.cz\/index.php\/wp-json\/wp\/v2\/types\/post"}],"author":[{"embeddable":true,"href":"https:\/\/www.dakarmania.cz\/index.php\/wp-json\/wp\/v2\/users\/1"}],"replies":[{"embeddable":true,"href":"https:\/\/www.dakarmania.cz\/index.php\/wp-json\/wp\/v2\/comments?post=18336"}],"version-history":[{"count":1,"href":"https:\/\/www.dakarmania.cz\/index.php\/wp-json\/wp\/v2\/posts\/18336\/revisions"}],"predecessor-version":[{"id":18337,"href":"https:\/\/www.dakarmania.cz\/index.php\/wp-json\/wp\/v2\/posts\/18336\/revisions\/18337"}],"wp:featuredmedia":[{"embeddable":true,"href":"https:\/\/www.dakarmania.cz\/index.php\/wp-json\/wp\/v2\/media\/18334"}],"wp:attachment":[{"href":"https:\/\/www.dakarmania.cz\/index.php\/wp-json\/wp\/v2\/media?parent=18336"}],"wp:term":[{"taxonomy":"category","embeddable":true,"href":"https:\/\/www.dakarmania.cz\/index.php\/wp-json\/wp\/v2\/categories?post=18336"},{"taxonomy":"post_tag","embeddable":true,"href":"https:\/\/www.dakarmania.cz\/index.php\/wp-json\/wp\/v2\/tags?post=18336"}],"curies":[{"name":"wp","href":"https:\/\/api.w.org\/{rel}","templated":true}]}}