{"id":18965,"date":"2021-04-22T02:32:10","date_gmt":"2021-04-22T00:32:10","guid":{"rendered":"https:\/\/www.dakarmania.cz\/?p=18965"},"modified":"2021-10-20T18:56:47","modified_gmt":"2021-10-20T16:56:47","slug":"laia-sanz-poprve-se-spickovym-autem","status":"publish","type":"post","link":"https:\/\/www.dakarmania.cz\/index.php\/2021\/04\/22\/laia-sanz-poprve-se-spickovym-autem\/","title":{"rendered":"Andaluc\u00eda Rally: Laia Sanz poprv\u00e9 se \u0161pi\u010dkov\u00fdm autem kategorie T1"},"content":{"rendered":"<p>[vc_row][vc_column][vc_column_text css_animation=&#8221;fadeIn&#8221;]<\/p>\n<h3>Na motocyklu absolvovala Laia Sanz posledn\u00edch jeden\u00e1ct dakarsk\u00fdch ro\u010dn\u00edk\u016f, poka\u017ed\u00e9 dojela do c\u00edle a vyhr\u00e1la kategorii \u017een. Te\u010f se lou\u010d\u00ed. Ov\u0161em jen s \u0159\u00edd\u00edtky. Nejpresti\u017en\u011bj\u0161\u00ed maratonskou rally sv\u011bta zat\u00edm opou\u0161t\u011bt nehodl\u00e1. O dal\u0161\u00ed \u00fasp\u011bchy u\u017e ale bude usilovat v jin\u00e9 kategorii.<\/h3>\n<p>[\/vc_column_text][vc_single_image image=&#8221;18962&#8243; img_size=&#8221;large&#8221; add_caption=&#8221;yes&#8221; alignment=&#8221;center&#8221; onclick=&#8221;link_image&#8221; css_animation=&#8221;fadeIn&#8221;][vc_column_text css_animation=&#8221;fadeIn&#8221;]Novou kapitolu sv\u00e9 kari\u00e9ry v cross-country rally otev\u0159ela barcelonsk\u00e1 roda\u010dka p\u0159i \u00fanorov\u00e9 baje v Dubaji. S Can-Amem t\u00fdmu South Racing a navig\u00e1torem Lucasem Cruzem, jeho\u017e jsme v posledn\u00edch letech zvykl\u00ed v\u00eddat po boku Carlose Sainze, obsadili dev\u00e1t\u00e9 m\u00edsto absolutn\u011b a \u010dtvrt\u00e9 ve skupin\u011b T4.<\/p>\n<p>V kategorii side-by-side se v\u0161ak Laia Sanz nehodl\u00e1 zdr\u017eet dlouho. P\u0159i Andaluc\u00eda Rally, kter\u00e1 v polovin\u011b kv\u011btna otev\u0159e novou sezonu Sv\u011btov\u00e9ho poh\u00e1ru FIA v cross-country rally, se p\u0159edstav\u00ed s Mini JCW Rally z d\u00edlen n\u011bmeck\u00e9ho X-raidu.<\/p>\n<p>Na dom\u00e1c\u00edm podniku bude m\u00edt \u0160pan\u011blka pro premi\u00e9ru s v\u00fdkonn\u00fdm speci\u00e1lem t\u00e9m\u011b\u0159 ide\u00e1ln\u00ed podm\u00ednky. Andalusk\u00e9 trat\u011b toti\u017e nejsou ani zdaleka tak n\u00e1ro\u010dn\u00e9 jako v p\u0159\u00edpad\u011b n\u011bkter\u00fdch dal\u0161\u00edch sout\u011b\u017e\u00ed sv\u011btov\u00e9ho poh\u00e1ru a sv\u00fdm charakterem se bl\u00ed\u017e\u00ed sp\u00ed\u0161e evropsk\u00fdm baj\u00e1m ne\u017e n\u00e1ro\u010dn\u011bj\u0161\u00edm pou\u0161tn\u00edm z\u00e1vod\u016fm. To by m\u011blo p\u011btat\u0159icetilet\u00e9 z\u00e1vodnici usnadnit jak aklimatizaci za volantem, tak dal\u0161\u00ed pr\u00e1ci p\u0159i lad\u011bn\u00ed souhry s navig\u00e1torem.[\/vc_column_text][vc_column_text css_animation=&#8221;fadeIn&#8221;]Andaluc\u00eda Rally 2021 ofici\u00e1ln\u011b odstartuje ve st\u0159edu 12. kv\u011btna osmikilometrov\u00fdm prologem, po n\u011bm\u017e budou od \u010dtvrtka do ned\u011ble n\u00e1sledovat \u010dty\u0159i etapy. Celkem sout\u011b\u017e m\u011b\u0159\u00ed 1473 kilometr\u016f, z nich\u017e se 1086 pojede v r\u00e1mci rychlostn\u00edch zkou\u0161ek.[\/vc_column_text][vc_column_text css_animation=&#8221;fadeIn&#8221; css=&#8221;.vc_custom_1619051355930{padding-top: 10px !important;padding-right: 10px !important;padding-bottom: 10px !important;padding-left: 10px !important;background-color: #d8d8d8 !important;}&#8221;]<\/p>\n<h4>Laia versus Cristina<\/h4>\n<p>D\u00edky startu s Mini od X-raidu se Laia Sanz jist\u00fdm zp\u016fsobem vyd\u00e1v\u00e1 ve stop\u00e1ch sv\u00e9 krajanky Cristiny Guti\u00e9rrez, kter\u00e1 p\u0159i premi\u00e9\u0159e se stejn\u00fdm vozem vybojovala loni v Andalusii osm\u00e9 m\u00edsto. V\u00fdsledek a p\u0159edveden\u00fd v\u00fdkon otev\u0159ely dev\u011btadvacetilet\u00e9 pilotce z Burgosu cestu hned k n\u011bkolika dal\u0161\u00edm zaj\u00edmav\u00fdm p\u0159\u00edle\u017eitostem.<\/p>\n<p>Lewis Hamilton anga\u017eoval Cristinu Guti\u00e9rrez do sv\u00e9ho t\u00fdmu, kter\u00fd nasazuje do nov\u00e9 s\u00e9rie Extreme E, a \u0161anci dostala tak\u00e9 u Red Bullu, kdy\u017e na Dakaru 2021 na posledn\u00ed chv\u00edli nahradila zran\u011bn\u00e9ho Ameri\u010dana Blada Hildebranda. S buginou OT3 se pak stala prvn\u00ed \u017eenou, kter\u00e1 od roku 2005 dok\u00e1zala vyhr\u00e1t dakarskou etapu v n\u011bkter\u00e9 z kategori\u00ed. Podle \u0161pan\u011blsk\u00e9ho den\u00edku Marca je i d\u00edky tomu v hled\u00e1\u010dku t\u00fdmu Prodrive, resp. Bahrain Raid Xtreme pro Dakar 2022\u2026<\/p>\n<p style=\"text-align: center;\"><img loading=\"lazy\" decoding=\"async\" class=\"size-large\" src=\"\/wp-content\/uploads\/2021\/04\/21-extreme-e-saudi-arabia-acciona-01.jpg\" alt=\"Acciona Sainz XE Team, Desert X Prix 2021\" width=\"600\" height=\"235\" \/><br \/>\n<span style=\"font-size: 8pt;\">Vozy t\u00fdm\u016f Acciona | Sainz XE a X44 po startu jedn\u00e9 z rozj\u00ed\u017ed\u011bk v r\u00e1mci Desert X Prix 2021. \u00a9 Extreme E<\/span><\/p>\n<p>Ob\u011b \u0160pan\u011blky tak v n\u00e1sleduj\u00edc\u00edch sezon\u00e1ch nejsp\u00ed\u0161 nejednou pom\u011b\u0159\u00ed sv\u00e9 s\u00edly v p\u0159\u00edm\u00e9m souboji ve stejn\u00e9 kategorii. A to nejen na Dakaru a dal\u0161\u00edch cross-country rally, ale tak\u00e9 v ji\u017e zm\u00edn\u011bn\u00e9 Extreme E. Laia Sanz v t\u00e9to s\u00e9rii haj\u00ed barvy st\u00e1je Acciona | Sainz XE spole\u010dn\u011b s Carlosem Sainzem, Cristina Guti\u00e9rrez se v Hamiltonov\u011b t\u00fdmu X44 st\u0159\u00edd\u00e1 za volantem se S\u00e9bastienem Loebem. Po prvn\u00edm z\u00e1vod\u011b v Sa\u00fadsk\u00e9 Ar\u00e1bii pat\u0159\u00ed dvojici Guti\u00e9rrez, Loeb druh\u00e1 p\u0159\u00ed\u010dka, duo Sanz, Sainz je \u010dtvrt\u00e9.[\/vc_column_text][vc_empty_space height=&#8221;2px&#8221;][\/vc_column][\/vc_row]<\/p>\n","protected":false},"excerpt":{"rendered":"<p>Na motocyklu absolvovala Laia Sanz posledn\u00edch 11 dakarsk\u00fdch ro\u010dn\u00edk\u016f a poka\u017ed\u00e9 vyhr\u00e1la kategorii \u017een. Te\u010f se lou\u010d\u00ed. Ov\u0161em jen s \u0159\u00edd\u00edtky.<\/p>\n","protected":false},"author":1,"featured_media":18963,"comment_status":"open","ping_status":"closed","sticky":false,"template":"","format":"standard","meta":{"footnotes":""},"categories":[1751,3,97],"tags":[1630,1752,1852,921,219,105,1784,220],"class_list":["post-18965","post","type-post","status-publish","format-standard","has-post-thumbnail","hentry","category-andalucia-rally","category-auto","category-fia-ccr","tag-1630","tag-andalucia-rally","tag-andalucia-rally-2021","tag-laia-sanz","tag-mini","tag-sp-fia-ccr","tag-sp-fia-ccr-2021","tag-x-raid"],"yoast_head":"<!-- This site is optimized with the Yoast SEO plugin v24.9 - https:\/\/yoast.com\/wordpress\/plugins\/seo\/ -->\n<title>Andaluc\u00eda Rally: Laia Sanz poprv\u00e9 se \u0161pi\u010dkov\u00fdm autem kategorie T1 - DAKARMANIA.cz<\/title>\n<meta name=\"description\" content=\"Na motocyklu absolvovala Laia Sanz posledn\u00edch 11 dakarsk\u00fdch ro\u010dn\u00edk\u016f a poka\u017ed\u00e9 vyhr\u00e1la kategorii \u017een. Te\u010f se lou\u010d\u00ed. Ov\u0161em jen s \u0159\u00edd\u00edtky.\" \/>\n<meta name=\"robots\" content=\"index, follow, max-snippet:-1, max-image-preview:large, max-video-preview:-1\" \/>\n<link rel=\"canonical\" href=\"https:\/\/www.dakarmania.cz\/index.php\/2021\/04\/22\/laia-sanz-poprve-se-spickovym-autem\/\" \/>\n<meta property=\"og:locale\" content=\"cs_CZ\" \/>\n<meta property=\"og:type\" content=\"article\" \/>\n<meta property=\"og:title\" content=\"Andaluc\u00eda Rally: Laia Sanz poprv\u00e9 se \u0161pi\u010dkov\u00fdm autem kategorie T1 - DAKARMANIA.cz\" \/>\n<meta property=\"og:description\" content=\"Na motocyklu absolvovala Laia Sanz posledn\u00edch 11 dakarsk\u00fdch ro\u010dn\u00edk\u016f a poka\u017ed\u00e9 vyhr\u00e1la kategorii \u017een. Te\u010f se lou\u010d\u00ed. Ov\u0161em jen s \u0159\u00edd\u00edtky.\" \/>\n<meta property=\"og:url\" content=\"https:\/\/www.dakarmania.cz\/index.php\/2021\/04\/22\/laia-sanz-poprve-se-spickovym-autem\/\" \/>\n<meta property=\"og:site_name\" content=\"DAKARMANIA.cz\" \/>\n<meta property=\"article:publisher\" content=\"https:\/\/www.facebook.com\/dakarmania\/\" \/>\n<meta property=\"article:published_time\" content=\"2021-04-22T00:32:10+00:00\" \/>\n<meta property=\"article:modified_time\" content=\"2021-10-20T16:56:47+00:00\" \/>\n<meta property=\"og:image\" content=\"https:\/\/www.dakarmania.cz\/wp-content\/uploads\/2021\/04\/21-dubai-sanz-02.jpg\" \/>\n\t<meta property=\"og:image:width\" content=\"1024\" \/>\n\t<meta property=\"og:image:height\" content=\"683\" \/>\n\t<meta property=\"og:image:type\" content=\"image\/jpeg\" \/>\n<meta name=\"author\" content=\"Zden\u011bk Zelenka\" \/>\n<meta name=\"twitter:card\" content=\"summary_large_image\" \/>\n<meta name=\"twitter:label1\" content=\"Napsal(a)\" \/>\n\t<meta name=\"twitter:data1\" content=\"Zden\u011bk Zelenka\" \/>\n\t<meta name=\"twitter:label2\" content=\"Odhadovan\u00e1 doba \u010dten\u00ed\" \/>\n\t<meta name=\"twitter:data2\" content=\"3 minuty\" \/>\n<script type=\"application\/ld+json\" class=\"yoast-schema-graph\">{\"@context\":\"https:\/\/schema.org\",\"@graph\":[{\"@type\":\"Article\",\"@id\":\"https:\/\/www.dakarmania.cz\/index.php\/2021\/04\/22\/laia-sanz-poprve-se-spickovym-autem\/#article\",\"isPartOf\":{\"@id\":\"https:\/\/www.dakarmania.cz\/index.php\/2021\/04\/22\/laia-sanz-poprve-se-spickovym-autem\/\"},\"author\":{\"name\":\"Zden\u011bk Zelenka\",\"@id\":\"https:\/\/www.dakarmania.cz\/#\/schema\/person\/04eb0e87a389631c2169c0dddae7ff1e\"},\"headline\":\"Andaluc\u00eda Rally: Laia Sanz poprv\u00e9 se \u0161pi\u010dkov\u00fdm autem kategorie T1\",\"datePublished\":\"2021-04-22T00:32:10+00:00\",\"dateModified\":\"2021-10-20T16:56:47+00:00\",\"mainEntityOfPage\":{\"@id\":\"https:\/\/www.dakarmania.cz\/index.php\/2021\/04\/22\/laia-sanz-poprve-se-spickovym-autem\/\"},\"wordCount\":688,\"commentCount\":0,\"publisher\":{\"@id\":\"https:\/\/www.dakarmania.cz\/#organization\"},\"image\":{\"@id\":\"https:\/\/www.dakarmania.cz\/index.php\/2021\/04\/22\/laia-sanz-poprve-se-spickovym-autem\/#primaryimage\"},\"thumbnailUrl\":\"https:\/\/www.dakarmania.cz\/wp-content\/uploads\/2021\/04\/21-dubai-sanz-02.jpg\",\"keywords\":[\"2021\",\"Andaluc\u00eda Rally\",\"Andaluc\u00eda Rally 2021\",\"Laia Sanz\",\"Mini\",\"SP FIA CCR\",\"SP FIA CCR 2021\",\"X-raid\"],\"articleSection\":[\"Andaluc\u00eda Rally\",\"Auto\",\"FIA SP CCR\"],\"inLanguage\":\"cs\",\"potentialAction\":[{\"@type\":\"CommentAction\",\"name\":\"Comment\",\"target\":[\"https:\/\/www.dakarmania.cz\/index.php\/2021\/04\/22\/laia-sanz-poprve-se-spickovym-autem\/#respond\"]}]},{\"@type\":\"WebPage\",\"@id\":\"https:\/\/www.dakarmania.cz\/index.php\/2021\/04\/22\/laia-sanz-poprve-se-spickovym-autem\/\",\"url\":\"https:\/\/www.dakarmania.cz\/index.php\/2021\/04\/22\/laia-sanz-poprve-se-spickovym-autem\/\",\"name\":\"Andaluc\u00eda Rally: Laia Sanz poprv\u00e9 se \u0161pi\u010dkov\u00fdm autem kategorie T1 - DAKARMANIA.cz\",\"isPartOf\":{\"@id\":\"https:\/\/www.dakarmania.cz\/#website\"},\"primaryImageOfPage\":{\"@id\":\"https:\/\/www.dakarmania.cz\/index.php\/2021\/04\/22\/laia-sanz-poprve-se-spickovym-autem\/#primaryimage\"},\"image\":{\"@id\":\"https:\/\/www.dakarmania.cz\/index.php\/2021\/04\/22\/laia-sanz-poprve-se-spickovym-autem\/#primaryimage\"},\"thumbnailUrl\":\"https:\/\/www.dakarmania.cz\/wp-content\/uploads\/2021\/04\/21-dubai-sanz-02.jpg\",\"datePublished\":\"2021-04-22T00:32:10+00:00\",\"dateModified\":\"2021-10-20T16:56:47+00:00\",\"description\":\"Na motocyklu absolvovala Laia Sanz posledn\u00edch 11 dakarsk\u00fdch ro\u010dn\u00edk\u016f a poka\u017ed\u00e9 vyhr\u00e1la kategorii \u017een. Te\u010f se lou\u010d\u00ed. Ov\u0161em jen s \u0159\u00edd\u00edtky.\",\"breadcrumb\":{\"@id\":\"https:\/\/www.dakarmania.cz\/index.php\/2021\/04\/22\/laia-sanz-poprve-se-spickovym-autem\/#breadcrumb\"},\"inLanguage\":\"cs\",\"potentialAction\":[{\"@type\":\"ReadAction\",\"target\":[\"https:\/\/www.dakarmania.cz\/index.php\/2021\/04\/22\/laia-sanz-poprve-se-spickovym-autem\/\"]}]},{\"@type\":\"ImageObject\",\"inLanguage\":\"cs\",\"@id\":\"https:\/\/www.dakarmania.cz\/index.php\/2021\/04\/22\/laia-sanz-poprve-se-spickovym-autem\/#primaryimage\",\"url\":\"https:\/\/www.dakarmania.cz\/wp-content\/uploads\/2021\/04\/21-dubai-sanz-02.jpg\",\"contentUrl\":\"https:\/\/www.dakarmania.cz\/wp-content\/uploads\/2021\/04\/21-dubai-sanz-02.jpg\",\"width\":1024,\"height\":683,\"caption\":\"Laia Sanz, South Racing. Dubai International Baja 2021 \u00a9 Red Bull Content Pool\"},{\"@type\":\"BreadcrumbList\",\"@id\":\"https:\/\/www.dakarmania.cz\/index.php\/2021\/04\/22\/laia-sanz-poprve-se-spickovym-autem\/#breadcrumb\",\"itemListElement\":[{\"@type\":\"ListItem\",\"position\":1,\"name\":\"Dom\u016f\",\"item\":\"https:\/\/www.dakarmania.cz\/\"},{\"@type\":\"ListItem\",\"position\":2,\"name\":\"Andaluc\u00eda Rally: Laia Sanz poprv\u00e9 se \u0161pi\u010dkov\u00fdm autem kategorie T1\"}]},{\"@type\":\"WebSite\",\"@id\":\"https:\/\/www.dakarmania.cz\/#website\",\"url\":\"https:\/\/www.dakarmania.cz\/\",\"name\":\"DAKARMANIA.cz\",\"description\":\"\u017dijeme Dakarem cel\u00fd rok\",\"publisher\":{\"@id\":\"https:\/\/www.dakarmania.cz\/#organization\"},\"potentialAction\":[{\"@type\":\"SearchAction\",\"target\":{\"@type\":\"EntryPoint\",\"urlTemplate\":\"https:\/\/www.dakarmania.cz\/?s={search_term_string}\"},\"query-input\":{\"@type\":\"PropertyValueSpecification\",\"valueRequired\":true,\"valueName\":\"search_term_string\"}}],\"inLanguage\":\"cs\"},{\"@type\":\"Organization\",\"@id\":\"https:\/\/www.dakarmania.cz\/#organization\",\"name\":\"DAKAR MANIA\",\"url\":\"https:\/\/www.dakarmania.cz\/\",\"logo\":{\"@type\":\"ImageObject\",\"inLanguage\":\"cs\",\"@id\":\"https:\/\/www.dakarmania.cz\/#\/schema\/logo\/image\/\",\"url\":\"https:\/\/www.dakarmania.cz\/wp-content\/uploads\/2018\/12\/Dakar-Mania-Logo-Square-Orange.png\",\"contentUrl\":\"https:\/\/www.dakarmania.cz\/wp-content\/uploads\/2018\/12\/Dakar-Mania-Logo-Square-Orange.png\",\"width\":992,\"height\":992,\"caption\":\"DAKAR MANIA\"},\"image\":{\"@id\":\"https:\/\/www.dakarmania.cz\/#\/schema\/logo\/image\/\"},\"sameAs\":[\"https:\/\/www.facebook.com\/dakarmania\/\"]},{\"@type\":\"Person\",\"@id\":\"https:\/\/www.dakarmania.cz\/#\/schema\/person\/04eb0e87a389631c2169c0dddae7ff1e\",\"name\":\"Zden\u011bk Zelenka\",\"image\":{\"@type\":\"ImageObject\",\"inLanguage\":\"cs\",\"@id\":\"https:\/\/www.dakarmania.cz\/#\/schema\/person\/image\/\",\"url\":\"https:\/\/secure.gravatar.com\/avatar\/2c80d5a4942fe0900b73cc7d3837a509d6ee0a276a2b76dac95c92bd0763a89b?s=96&d=mm&r=g\",\"contentUrl\":\"https:\/\/secure.gravatar.com\/avatar\/2c80d5a4942fe0900b73cc7d3837a509d6ee0a276a2b76dac95c92bd0763a89b?s=96&d=mm&r=g\",\"caption\":\"Zden\u011bk Zelenka\"},\"description\":\"Moji d\u011bt\u0161t\u00ed hrdinov\u00e9 se jmenovali Loprais, Moskal, Neveu, Vatanen, Rahier... A tihle borci, jejich n\u00e1sledovn\u00edci a jejich p\u0159\u00edb\u011bhy m\u011b nep\u0159estali fascinovat ani po letech, kdy jsem vyrostl a zam\u011bstn\u00e1valy m\u011b jin\u00e9 discipl\u00edny motorsportu. Proto se zrodila DAKARMANIA.\",\"url\":\"https:\/\/www.dakarmania.cz\/index.php\/author\/dakarmania\/\"}]}<\/script>\n<!-- \/ Yoast SEO plugin. -->","yoast_head_json":{"title":"Andaluc\u00eda Rally: Laia Sanz poprv\u00e9 se \u0161pi\u010dkov\u00fdm autem kategorie T1 - DAKARMANIA.cz","description":"Na motocyklu absolvovala Laia Sanz posledn\u00edch 11 dakarsk\u00fdch ro\u010dn\u00edk\u016f a poka\u017ed\u00e9 vyhr\u00e1la kategorii \u017een. Te\u010f se lou\u010d\u00ed. Ov\u0161em jen s \u0159\u00edd\u00edtky.","robots":{"index":"index","follow":"follow","max-snippet":"max-snippet:-1","max-image-preview":"max-image-preview:large","max-video-preview":"max-video-preview:-1"},"canonical":"https:\/\/www.dakarmania.cz\/index.php\/2021\/04\/22\/laia-sanz-poprve-se-spickovym-autem\/","og_locale":"cs_CZ","og_type":"article","og_title":"Andaluc\u00eda Rally: Laia Sanz poprv\u00e9 se \u0161pi\u010dkov\u00fdm autem kategorie T1 - DAKARMANIA.cz","og_description":"Na motocyklu absolvovala Laia Sanz posledn\u00edch 11 dakarsk\u00fdch ro\u010dn\u00edk\u016f a poka\u017ed\u00e9 vyhr\u00e1la kategorii \u017een. Te\u010f se lou\u010d\u00ed. Ov\u0161em jen s \u0159\u00edd\u00edtky.","og_url":"https:\/\/www.dakarmania.cz\/index.php\/2021\/04\/22\/laia-sanz-poprve-se-spickovym-autem\/","og_site_name":"DAKARMANIA.cz","article_publisher":"https:\/\/www.facebook.com\/dakarmania\/","article_published_time":"2021-04-22T00:32:10+00:00","article_modified_time":"2021-10-20T16:56:47+00:00","og_image":[{"width":1024,"height":683,"url":"https:\/\/www.dakarmania.cz\/wp-content\/uploads\/2021\/04\/21-dubai-sanz-02.jpg","type":"image\/jpeg"}],"author":"Zden\u011bk Zelenka","twitter_card":"summary_large_image","twitter_misc":{"Napsal(a)":"Zden\u011bk Zelenka","Odhadovan\u00e1 doba \u010dten\u00ed":"3 minuty"},"schema":{"@context":"https:\/\/schema.org","@graph":[{"@type":"Article","@id":"https:\/\/www.dakarmania.cz\/index.php\/2021\/04\/22\/laia-sanz-poprve-se-spickovym-autem\/#article","isPartOf":{"@id":"https:\/\/www.dakarmania.cz\/index.php\/2021\/04\/22\/laia-sanz-poprve-se-spickovym-autem\/"},"author":{"name":"Zden\u011bk Zelenka","@id":"https:\/\/www.dakarmania.cz\/#\/schema\/person\/04eb0e87a389631c2169c0dddae7ff1e"},"headline":"Andaluc\u00eda Rally: Laia Sanz poprv\u00e9 se \u0161pi\u010dkov\u00fdm autem kategorie T1","datePublished":"2021-04-22T00:32:10+00:00","dateModified":"2021-10-20T16:56:47+00:00","mainEntityOfPage":{"@id":"https:\/\/www.dakarmania.cz\/index.php\/2021\/04\/22\/laia-sanz-poprve-se-spickovym-autem\/"},"wordCount":688,"commentCount":0,"publisher":{"@id":"https:\/\/www.dakarmania.cz\/#organization"},"image":{"@id":"https:\/\/www.dakarmania.cz\/index.php\/2021\/04\/22\/laia-sanz-poprve-se-spickovym-autem\/#primaryimage"},"thumbnailUrl":"https:\/\/www.dakarmania.cz\/wp-content\/uploads\/2021\/04\/21-dubai-sanz-02.jpg","keywords":["2021","Andaluc\u00eda Rally","Andaluc\u00eda Rally 2021","Laia Sanz","Mini","SP FIA CCR","SP FIA CCR 2021","X-raid"],"articleSection":["Andaluc\u00eda Rally","Auto","FIA SP CCR"],"inLanguage":"cs","potentialAction":[{"@type":"CommentAction","name":"Comment","target":["https:\/\/www.dakarmania.cz\/index.php\/2021\/04\/22\/laia-sanz-poprve-se-spickovym-autem\/#respond"]}]},{"@type":"WebPage","@id":"https:\/\/www.dakarmania.cz\/index.php\/2021\/04\/22\/laia-sanz-poprve-se-spickovym-autem\/","url":"https:\/\/www.dakarmania.cz\/index.php\/2021\/04\/22\/laia-sanz-poprve-se-spickovym-autem\/","name":"Andaluc\u00eda Rally: Laia Sanz poprv\u00e9 se \u0161pi\u010dkov\u00fdm autem kategorie T1 - DAKARMANIA.cz","isPartOf":{"@id":"https:\/\/www.dakarmania.cz\/#website"},"primaryImageOfPage":{"@id":"https:\/\/www.dakarmania.cz\/index.php\/2021\/04\/22\/laia-sanz-poprve-se-spickovym-autem\/#primaryimage"},"image":{"@id":"https:\/\/www.dakarmania.cz\/index.php\/2021\/04\/22\/laia-sanz-poprve-se-spickovym-autem\/#primaryimage"},"thumbnailUrl":"https:\/\/www.dakarmania.cz\/wp-content\/uploads\/2021\/04\/21-dubai-sanz-02.jpg","datePublished":"2021-04-22T00:32:10+00:00","dateModified":"2021-10-20T16:56:47+00:00","description":"Na motocyklu absolvovala Laia Sanz posledn\u00edch 11 dakarsk\u00fdch ro\u010dn\u00edk\u016f a poka\u017ed\u00e9 vyhr\u00e1la kategorii \u017een. Te\u010f se lou\u010d\u00ed. Ov\u0161em jen s \u0159\u00edd\u00edtky.","breadcrumb":{"@id":"https:\/\/www.dakarmania.cz\/index.php\/2021\/04\/22\/laia-sanz-poprve-se-spickovym-autem\/#breadcrumb"},"inLanguage":"cs","potentialAction":[{"@type":"ReadAction","target":["https:\/\/www.dakarmania.cz\/index.php\/2021\/04\/22\/laia-sanz-poprve-se-spickovym-autem\/"]}]},{"@type":"ImageObject","inLanguage":"cs","@id":"https:\/\/www.dakarmania.cz\/index.php\/2021\/04\/22\/laia-sanz-poprve-se-spickovym-autem\/#primaryimage","url":"https:\/\/www.dakarmania.cz\/wp-content\/uploads\/2021\/04\/21-dubai-sanz-02.jpg","contentUrl":"https:\/\/www.dakarmania.cz\/wp-content\/uploads\/2021\/04\/21-dubai-sanz-02.jpg","width":1024,"height":683,"caption":"Laia Sanz, South Racing. Dubai International Baja 2021 \u00a9 Red Bull Content Pool"},{"@type":"BreadcrumbList","@id":"https:\/\/www.dakarmania.cz\/index.php\/2021\/04\/22\/laia-sanz-poprve-se-spickovym-autem\/#breadcrumb","itemListElement":[{"@type":"ListItem","position":1,"name":"Dom\u016f","item":"https:\/\/www.dakarmania.cz\/"},{"@type":"ListItem","position":2,"name":"Andaluc\u00eda Rally: Laia Sanz poprv\u00e9 se \u0161pi\u010dkov\u00fdm autem kategorie T1"}]},{"@type":"WebSite","@id":"https:\/\/www.dakarmania.cz\/#website","url":"https:\/\/www.dakarmania.cz\/","name":"DAKARMANIA.cz","description":"\u017dijeme Dakarem cel\u00fd rok","publisher":{"@id":"https:\/\/www.dakarmania.cz\/#organization"},"potentialAction":[{"@type":"SearchAction","target":{"@type":"EntryPoint","urlTemplate":"https:\/\/www.dakarmania.cz\/?s={search_term_string}"},"query-input":{"@type":"PropertyValueSpecification","valueRequired":true,"valueName":"search_term_string"}}],"inLanguage":"cs"},{"@type":"Organization","@id":"https:\/\/www.dakarmania.cz\/#organization","name":"DAKAR MANIA","url":"https:\/\/www.dakarmania.cz\/","logo":{"@type":"ImageObject","inLanguage":"cs","@id":"https:\/\/www.dakarmania.cz\/#\/schema\/logo\/image\/","url":"https:\/\/www.dakarmania.cz\/wp-content\/uploads\/2018\/12\/Dakar-Mania-Logo-Square-Orange.png","contentUrl":"https:\/\/www.dakarmania.cz\/wp-content\/uploads\/2018\/12\/Dakar-Mania-Logo-Square-Orange.png","width":992,"height":992,"caption":"DAKAR MANIA"},"image":{"@id":"https:\/\/www.dakarmania.cz\/#\/schema\/logo\/image\/"},"sameAs":["https:\/\/www.facebook.com\/dakarmania\/"]},{"@type":"Person","@id":"https:\/\/www.dakarmania.cz\/#\/schema\/person\/04eb0e87a389631c2169c0dddae7ff1e","name":"Zden\u011bk Zelenka","image":{"@type":"ImageObject","inLanguage":"cs","@id":"https:\/\/www.dakarmania.cz\/#\/schema\/person\/image\/","url":"https:\/\/secure.gravatar.com\/avatar\/2c80d5a4942fe0900b73cc7d3837a509d6ee0a276a2b76dac95c92bd0763a89b?s=96&d=mm&r=g","contentUrl":"https:\/\/secure.gravatar.com\/avatar\/2c80d5a4942fe0900b73cc7d3837a509d6ee0a276a2b76dac95c92bd0763a89b?s=96&d=mm&r=g","caption":"Zden\u011bk Zelenka"},"description":"Moji d\u011bt\u0161t\u00ed hrdinov\u00e9 se jmenovali Loprais, Moskal, Neveu, Vatanen, Rahier... A tihle borci, jejich n\u00e1sledovn\u00edci a jejich p\u0159\u00edb\u011bhy m\u011b nep\u0159estali fascinovat ani po letech, kdy jsem vyrostl a zam\u011bstn\u00e1valy m\u011b jin\u00e9 discipl\u00edny motorsportu. Proto se zrodila DAKARMANIA.","url":"https:\/\/www.dakarmania.cz\/index.php\/author\/dakarmania\/"}]}},"amp_enabled":true,"_links":{"self":[{"href":"https:\/\/www.dakarmania.cz\/index.php\/wp-json\/wp\/v2\/posts\/18965","targetHints":{"allow":["GET"]}}],"collection":[{"href":"https:\/\/www.dakarmania.cz\/index.php\/wp-json\/wp\/v2\/posts"}],"about":[{"href":"https:\/\/www.dakarmania.cz\/index.php\/wp-json\/wp\/v2\/types\/post"}],"author":[{"embeddable":true,"href":"https:\/\/www.dakarmania.cz\/index.php\/wp-json\/wp\/v2\/users\/1"}],"replies":[{"embeddable":true,"href":"https:\/\/www.dakarmania.cz\/index.php\/wp-json\/wp\/v2\/comments?post=18965"}],"version-history":[{"count":4,"href":"https:\/\/www.dakarmania.cz\/index.php\/wp-json\/wp\/v2\/posts\/18965\/revisions"}],"predecessor-version":[{"id":23805,"href":"https:\/\/www.dakarmania.cz\/index.php\/wp-json\/wp\/v2\/posts\/18965\/revisions\/23805"}],"wp:featuredmedia":[{"embeddable":true,"href":"https:\/\/www.dakarmania.cz\/index.php\/wp-json\/wp\/v2\/media\/18963"}],"wp:attachment":[{"href":"https:\/\/www.dakarmania.cz\/index.php\/wp-json\/wp\/v2\/media?parent=18965"}],"wp:term":[{"taxonomy":"category","embeddable":true,"href":"https:\/\/www.dakarmania.cz\/index.php\/wp-json\/wp\/v2\/categories?post=18965"},{"taxonomy":"post_tag","embeddable":true,"href":"https:\/\/www.dakarmania.cz\/index.php\/wp-json\/wp\/v2\/tags?post=18965"}],"curies":[{"name":"wp","href":"https:\/\/api.w.org\/{rel}","templated":true}]}}