{"id":1897,"date":"2019-01-12T11:08:36","date_gmt":"2019-01-12T11:08:36","guid":{"rendered":"https:\/\/www.dakarmania.cz\/?p=1897"},"modified":"2019-01-18T15:15:38","modified_gmt":"2019-01-18T15:15:38","slug":"dakar-2019-vitez-dvou-etap-andrej-karginov-vyloucen","status":"publish","type":"post","link":"https:\/\/www.dakarmania.cz\/index.php\/2019\/01\/12\/dakar-2019-vitez-dvou-etap-andrej-karginov-vyloucen\/","title":{"rendered":"Dakar 2019: V\u00edt\u011bz dvou etap Andrej Karginov vylou\u010den"},"content":{"rendered":"<p>[vc_row][vc_column][vc_column_text]<\/p>\n<h4>Pos\u00e1dka Andrej Karginov, Andrej Mokjejev, Igor Leonov s Kamazem byla vylou\u010dena z Rally Dakar 2019. O t\u0159et\u00ed p\u0159\u00ed\u010dku v pr\u016fb\u011b\u017en\u00e9 klasifikaci kamion\u016f p\u0159i\u0161li Rusov\u00e9 kv\u016fli neposkytnut\u00ed pomoci zran\u011bn\u00e9mu div\u00e1kovi, s n\u00edm\u017e se jejich kamion st\u0159etl v pr\u016fb\u011bhu p\u00e1te\u010dn\u00ed etapy.<\/h4>\n<p>K incidentu do\u0161lo na 279. kilometru rychlostn\u00ed zkou\u0161ky p\u00e1t\u00e9 etapy, kter\u00e1 v p\u00e1tek zavedla \u00fa\u010dastn\u00edky sout\u011b\u017ee z Tacny do Arequipy. Kamaz se startovn\u00edm \u010d\u00edslem 518 zranil jihoamerick\u00e9ho div\u00e1ka, kter\u00fd sledoval z\u00e1vod na nebezpe\u010dn\u00e9m m\u00edst\u011b mimo doporu\u010denou div\u00e1ckou z\u00f3nu, co\u017e v\u0161ak nen\u00ed na Dakaru s ohledem na charakter podniku nic neobvykl\u00e9ho. 60let\u00fd mu\u017e p\u0159i incidentu utrp\u011bl zlomeninu stehenn\u00ed kosti.[\/vc_column_text][\/vc_column][\/vc_row][vc_row][vc_column][vc_column_text]Rusk\u00e1 pos\u00e1dka pokra\u010dovala bez zastaven\u00ed d\u00e1l, proto byla za neposkytnut\u00ed pomoci vylou\u010dena ze z\u00e1vodu.<\/p>\n<p>O zran\u011bn\u00e9ho mu\u017ee se postarali zdravotn\u00edci z\u00e1vodu, n\u00e1sledn\u011b byl transportov\u00e1n na leti\u0161t\u011b v Ilu a odtud letecky do nemocnice v Arequip\u011b.<\/p>\n<p>Podle vyj\u00e1d\u0159en\u00ed t\u00fdmu Kamaz m\u011bl Karginov technick\u00e9 probl\u00e9my, kdy\u017e po startu do speci\u00e1lky p\u0159i\u0161el o pohon p\u0159edn\u00ed n\u00e1pravy a jen s obt\u00ed\u017eemi p\u0159ekon\u00e1val duny.<\/p>\n<p><em>\u201eNa trati je velk\u00e9 mno\u017estv\u00ed div\u00e1k\u016f a spousta z\u00a0nich b\u00fdv\u00e1 v\u017edy hlavn\u011b v\u00a0nejobt\u00ed\u017en\u011bj\u0161\u00edch pas\u00e1\u017e\u00edch, kde jsou rozpt\u00fdleni v\u00a0r\u016fzn\u00fdch skupink\u00e1ch,\u201c<\/em> p\u0159ipom\u00edn\u00e1 \u0161\u00e9f t\u00fdmu Kamaz Master a sedmin\u00e1sobn\u00fd dakarsk\u00fd v\u00edt\u011bz <strong>Vladimir \u010cagin<\/strong>. <em>\u201eKarginov byl v\u00a0jednom ze stoup\u00e1n\u00ed a v\u00a0cest\u011b kamionu st\u00e1la skupinka p\u011bti div\u00e1k\u016f. \u010cty\u0159i z\u00a0nich stihli ut\u00e9ct, ale jeden z\u00a0nich uv\u00edzl v\u00a0p\u00edsku a noha mu z\u016fstala pod zadn\u00edm kolem kamionu. Andrej to samoz\u0159ejm\u011b nevid\u011bl, jel do kopce a v\u00a0tu chv\u00edli jedin\u00e9, co vid\u00edte p\u0159ed sebou, je nebe a vrchol kopce. O incidentu se tedy dozv\u011bd\u011bl a\u017e po p\u0159\u00edjezdu do bivaku.\u201c<\/em>[\/vc_column_text][vc_video link=&#8221;https:\/\/youtu.be\/P8iLNefXlU4&#8243;][vc_column_text]Z videa zachycuj\u00edc\u00edho nehodu je patrn\u00e9, \u017ee k incidentu do\u0161lo na sjezdu z duny v m\u00edst\u011b, kde bylo n\u011bkolik pom\u011brn\u011b velk\u00fdch prohlubn\u00ed. A\u010dkoliv na videu m\u016f\u017ee situace vypadat relativn\u011b p\u0159ehledn\u011b, z kabiny sout\u011b\u017en\u00edho kamionu bylo jej\u00ed vyhodnocen\u00ed nepochybn\u011b mnohem obt\u00ed\u017en\u011bj\u0161\u00ed.<\/p>\n<p>Pravdou je, \u017ee pilot Kamazu #518 p\u00e1te\u010dn\u00ed speci\u00e1lku skv\u011ble rozjel a bojoval s Eduardem Nikolajevem a Dmitrijem Sotnikovem o veden\u00ed nejen v p\u00e1t\u00e9 etap\u011b, ale de facto i v pr\u016fb\u011b\u017en\u00e9m hodnocen\u00ed. Oba soupe\u0159i do etapy vyr\u00e1\u017eeli spole\u010dn\u011b, dv\u011b minuty po Karginovovi. Ve chv\u00edli, kdy do\u0161lo ke st\u0159etu s div\u00e1kem, ho jeden z t\u00fdmov\u00fdch koleg\u016f p\u0159edj\u00ed\u017ed\u011bl a Karginov tud\u00ed\u017e v\u011bd\u011bl, \u017ee v porovn\u00e1n\u00ed s n\u00edm ztratil pr\u00e1v\u011b dv\u011b minuty.<\/p>\n<p><em>\u201eKomisa\u0159i to vy\u0161et\u0159ovali a k\u00a0na\u0161emu p\u0159ekvapen\u00ed dosp\u011bli k\u00a0velmi tvrd\u00e9mu rozhodnut\u00ed a pos\u00e1dku diskvalifikovali. Rozhodnut\u00ed n\u00e1s velice p\u0159ekvapilo, ale protestovat m\u016f\u017eeme a\u017e po z\u00e1vod\u011b. Mus\u00edme to p\u0159ijmout a pokra\u010dovat se t\u0159emi pos\u00e1dkami,\u201c<\/em> uzav\u00edr\u00e1 \u0161\u00e9f rusk\u00e9ho t\u00fdmu.[\/vc_column_text][\/vc_column][\/vc_row]<\/p>\n","protected":false},"excerpt":{"rendered":"<p>[vc_row][vc_column][vc_column_text] Pos\u00e1dka Andrej Karginov, Andrej Mokjejev, Igor Leonov s Kamazem byla vylou\u010dena z Rally Dakar 2019. O t\u0159et\u00ed p\u0159\u00ed\u010dku v pr\u016fb\u011b\u017en\u00e9 klasifikaci kamion\u016f p\u0159i\u0161li Rusov\u00e9 kv\u016fli neposkytnut\u00ed pomoci zran\u011bn\u00e9mu div\u00e1kovi, s n\u00edm\u017e se jejich kamion st\u0159etl v pr\u016fb\u011bhu p\u00e1te\u010dn\u00ed etapy. K incidentu do\u0161lo na 279. kilometru rychlostn\u00ed zkou\u0161ky p\u00e1t\u00e9 etapy, kter\u00e1 v p\u00e1tek zavedla \u00fa\u010dastn\u00edky [&hellip;]<\/p>\n","protected":false},"author":1,"featured_media":1896,"comment_status":"open","ping_status":"closed","sticky":false,"template":"","format":"standard","meta":{"footnotes":""},"categories":[16,2],"tags":[221,8,9,200],"class_list":["post-1897","post","type-post","status-publish","format-standard","has-post-thumbnail","hentry","category-kamion","category-dakar","tag-andrej-karginov","tag-dakar","tag-dakar-2019","tag-kamaz"],"yoast_head":"<!-- This site is optimized with the Yoast SEO plugin v24.9 - https:\/\/yoast.com\/wordpress\/plugins\/seo\/ -->\n<title>Dakar 2019: V\u00edt\u011bz dvou etap Andrej Karginov vylou\u010den - DAKARMANIA.cz<\/title>\n<meta name=\"description\" content=\"Pos\u00e1dka Andrej Karginov, Andrej Mokjejev, Igor Leonov s Kamazem byla vylou\u010dena z Rally Dakar 2019 kv\u016fli neposkytnut\u00ed pomoci zran\u011bn\u00e9mu div\u00e1kovi\" \/>\n<meta name=\"robots\" content=\"index, follow, max-snippet:-1, max-image-preview:large, max-video-preview:-1\" \/>\n<link rel=\"canonical\" href=\"https:\/\/www.dakarmania.cz\/index.php\/2019\/01\/12\/dakar-2019-vitez-dvou-etap-andrej-karginov-vyloucen\/\" \/>\n<meta property=\"og:locale\" content=\"cs_CZ\" \/>\n<meta property=\"og:type\" content=\"article\" \/>\n<meta property=\"og:title\" content=\"Dakar 2019: V\u00edt\u011bz dvou etap Andrej Karginov vylou\u010den - DAKARMANIA.cz\" \/>\n<meta property=\"og:description\" content=\"Pos\u00e1dka Andrej Karginov, Andrej Mokjejev, Igor Leonov s Kamazem byla vylou\u010dena z Rally Dakar 2019 kv\u016fli neposkytnut\u00ed pomoci zran\u011bn\u00e9mu div\u00e1kovi\" \/>\n<meta property=\"og:url\" content=\"https:\/\/www.dakarmania.cz\/index.php\/2019\/01\/12\/dakar-2019-vitez-dvou-etap-andrej-karginov-vyloucen\/\" \/>\n<meta property=\"og:site_name\" content=\"DAKARMANIA.cz\" \/>\n<meta property=\"article:publisher\" content=\"https:\/\/www.facebook.com\/dakarmania\/\" \/>\n<meta property=\"article:published_time\" content=\"2019-01-12T11:08:36+00:00\" \/>\n<meta property=\"article:modified_time\" content=\"2019-01-18T15:15:38+00:00\" \/>\n<meta property=\"og:image\" content=\"https:\/\/www.dakarmania.cz\/wp-content\/uploads\/2019\/01\/19-dakar-karginov02.jpg\" \/>\n\t<meta property=\"og:image:width\" content=\"2048\" \/>\n\t<meta property=\"og:image:height\" content=\"1365\" \/>\n\t<meta property=\"og:image:type\" content=\"image\/jpeg\" \/>\n<meta name=\"author\" content=\"Zden\u011bk Zelenka\" \/>\n<meta name=\"twitter:card\" content=\"summary_large_image\" \/>\n<meta name=\"twitter:label1\" content=\"Napsal(a)\" \/>\n\t<meta name=\"twitter:data1\" content=\"Zden\u011bk Zelenka\" \/>\n\t<meta name=\"twitter:label2\" content=\"Odhadovan\u00e1 doba \u010dten\u00ed\" \/>\n\t<meta name=\"twitter:data2\" content=\"3 minuty\" \/>\n<script type=\"application\/ld+json\" class=\"yoast-schema-graph\">{\"@context\":\"https:\/\/schema.org\",\"@graph\":[{\"@type\":\"Article\",\"@id\":\"https:\/\/www.dakarmania.cz\/index.php\/2019\/01\/12\/dakar-2019-vitez-dvou-etap-andrej-karginov-vyloucen\/#article\",\"isPartOf\":{\"@id\":\"https:\/\/www.dakarmania.cz\/index.php\/2019\/01\/12\/dakar-2019-vitez-dvou-etap-andrej-karginov-vyloucen\/\"},\"author\":{\"name\":\"Zden\u011bk Zelenka\",\"@id\":\"https:\/\/www.dakarmania.cz\/#\/schema\/person\/04eb0e87a389631c2169c0dddae7ff1e\"},\"headline\":\"Dakar 2019: V\u00edt\u011bz dvou etap Andrej Karginov vylou\u010den\",\"datePublished\":\"2019-01-12T11:08:36+00:00\",\"dateModified\":\"2019-01-18T15:15:38+00:00\",\"mainEntityOfPage\":{\"@id\":\"https:\/\/www.dakarmania.cz\/index.php\/2019\/01\/12\/dakar-2019-vitez-dvou-etap-andrej-karginov-vyloucen\/\"},\"wordCount\":606,\"commentCount\":0,\"publisher\":{\"@id\":\"https:\/\/www.dakarmania.cz\/#organization\"},\"image\":{\"@id\":\"https:\/\/www.dakarmania.cz\/index.php\/2019\/01\/12\/dakar-2019-vitez-dvou-etap-andrej-karginov-vyloucen\/#primaryimage\"},\"thumbnailUrl\":\"https:\/\/www.dakarmania.cz\/wp-content\/uploads\/2019\/01\/19-dakar-karginov02.jpg\",\"keywords\":[\"Andrej Karginov\",\"Dakar\",\"Dakar 2019\",\"Kamaz\"],\"articleSection\":[\"Kamiony\",\"Rally Dakar\"],\"inLanguage\":\"cs\",\"potentialAction\":[{\"@type\":\"CommentAction\",\"name\":\"Comment\",\"target\":[\"https:\/\/www.dakarmania.cz\/index.php\/2019\/01\/12\/dakar-2019-vitez-dvou-etap-andrej-karginov-vyloucen\/#respond\"]}]},{\"@type\":\"WebPage\",\"@id\":\"https:\/\/www.dakarmania.cz\/index.php\/2019\/01\/12\/dakar-2019-vitez-dvou-etap-andrej-karginov-vyloucen\/\",\"url\":\"https:\/\/www.dakarmania.cz\/index.php\/2019\/01\/12\/dakar-2019-vitez-dvou-etap-andrej-karginov-vyloucen\/\",\"name\":\"Dakar 2019: V\u00edt\u011bz dvou etap Andrej Karginov vylou\u010den - DAKARMANIA.cz\",\"isPartOf\":{\"@id\":\"https:\/\/www.dakarmania.cz\/#website\"},\"primaryImageOfPage\":{\"@id\":\"https:\/\/www.dakarmania.cz\/index.php\/2019\/01\/12\/dakar-2019-vitez-dvou-etap-andrej-karginov-vyloucen\/#primaryimage\"},\"image\":{\"@id\":\"https:\/\/www.dakarmania.cz\/index.php\/2019\/01\/12\/dakar-2019-vitez-dvou-etap-andrej-karginov-vyloucen\/#primaryimage\"},\"thumbnailUrl\":\"https:\/\/www.dakarmania.cz\/wp-content\/uploads\/2019\/01\/19-dakar-karginov02.jpg\",\"datePublished\":\"2019-01-12T11:08:36+00:00\",\"dateModified\":\"2019-01-18T15:15:38+00:00\",\"description\":\"Pos\u00e1dka Andrej Karginov, Andrej Mokjejev, Igor Leonov s Kamazem byla vylou\u010dena z Rally Dakar 2019 kv\u016fli neposkytnut\u00ed pomoci zran\u011bn\u00e9mu div\u00e1kovi\",\"breadcrumb\":{\"@id\":\"https:\/\/www.dakarmania.cz\/index.php\/2019\/01\/12\/dakar-2019-vitez-dvou-etap-andrej-karginov-vyloucen\/#breadcrumb\"},\"inLanguage\":\"cs\",\"potentialAction\":[{\"@type\":\"ReadAction\",\"target\":[\"https:\/\/www.dakarmania.cz\/index.php\/2019\/01\/12\/dakar-2019-vitez-dvou-etap-andrej-karginov-vyloucen\/\"]}]},{\"@type\":\"ImageObject\",\"inLanguage\":\"cs\",\"@id\":\"https:\/\/www.dakarmania.cz\/index.php\/2019\/01\/12\/dakar-2019-vitez-dvou-etap-andrej-karginov-vyloucen\/#primaryimage\",\"url\":\"https:\/\/www.dakarmania.cz\/wp-content\/uploads\/2019\/01\/19-dakar-karginov02.jpg\",\"contentUrl\":\"https:\/\/www.dakarmania.cz\/wp-content\/uploads\/2019\/01\/19-dakar-karginov02.jpg\",\"width\":2048,\"height\":1365,\"caption\":\"Andrej Karginov\/Andrej Mokjejev\/Igor Leonov, Kamaz 43509, Kamaz-Master. Rally Dakar 2019. \u00a9 Red Bull Content Pool\"},{\"@type\":\"BreadcrumbList\",\"@id\":\"https:\/\/www.dakarmania.cz\/index.php\/2019\/01\/12\/dakar-2019-vitez-dvou-etap-andrej-karginov-vyloucen\/#breadcrumb\",\"itemListElement\":[{\"@type\":\"ListItem\",\"position\":1,\"name\":\"Dom\u016f\",\"item\":\"https:\/\/www.dakarmania.cz\/\"},{\"@type\":\"ListItem\",\"position\":2,\"name\":\"Dakar 2019: V\u00edt\u011bz dvou etap Andrej Karginov vylou\u010den\"}]},{\"@type\":\"WebSite\",\"@id\":\"https:\/\/www.dakarmania.cz\/#website\",\"url\":\"https:\/\/www.dakarmania.cz\/\",\"name\":\"DAKARMANIA.cz\",\"description\":\"\u017dijeme Dakarem cel\u00fd rok\",\"publisher\":{\"@id\":\"https:\/\/www.dakarmania.cz\/#organization\"},\"potentialAction\":[{\"@type\":\"SearchAction\",\"target\":{\"@type\":\"EntryPoint\",\"urlTemplate\":\"https:\/\/www.dakarmania.cz\/?s={search_term_string}\"},\"query-input\":{\"@type\":\"PropertyValueSpecification\",\"valueRequired\":true,\"valueName\":\"search_term_string\"}}],\"inLanguage\":\"cs\"},{\"@type\":\"Organization\",\"@id\":\"https:\/\/www.dakarmania.cz\/#organization\",\"name\":\"DAKAR MANIA\",\"url\":\"https:\/\/www.dakarmania.cz\/\",\"logo\":{\"@type\":\"ImageObject\",\"inLanguage\":\"cs\",\"@id\":\"https:\/\/www.dakarmania.cz\/#\/schema\/logo\/image\/\",\"url\":\"https:\/\/www.dakarmania.cz\/wp-content\/uploads\/2018\/12\/Dakar-Mania-Logo-Square-Orange.png\",\"contentUrl\":\"https:\/\/www.dakarmania.cz\/wp-content\/uploads\/2018\/12\/Dakar-Mania-Logo-Square-Orange.png\",\"width\":992,\"height\":992,\"caption\":\"DAKAR MANIA\"},\"image\":{\"@id\":\"https:\/\/www.dakarmania.cz\/#\/schema\/logo\/image\/\"},\"sameAs\":[\"https:\/\/www.facebook.com\/dakarmania\/\"]},{\"@type\":\"Person\",\"@id\":\"https:\/\/www.dakarmania.cz\/#\/schema\/person\/04eb0e87a389631c2169c0dddae7ff1e\",\"name\":\"Zden\u011bk Zelenka\",\"image\":{\"@type\":\"ImageObject\",\"inLanguage\":\"cs\",\"@id\":\"https:\/\/www.dakarmania.cz\/#\/schema\/person\/image\/\",\"url\":\"https:\/\/secure.gravatar.com\/avatar\/2c80d5a4942fe0900b73cc7d3837a509d6ee0a276a2b76dac95c92bd0763a89b?s=96&d=mm&r=g\",\"contentUrl\":\"https:\/\/secure.gravatar.com\/avatar\/2c80d5a4942fe0900b73cc7d3837a509d6ee0a276a2b76dac95c92bd0763a89b?s=96&d=mm&r=g\",\"caption\":\"Zden\u011bk Zelenka\"},\"description\":\"Moji d\u011bt\u0161t\u00ed hrdinov\u00e9 se jmenovali Loprais, Moskal, Neveu, Vatanen, Rahier... A tihle borci, jejich n\u00e1sledovn\u00edci a jejich p\u0159\u00edb\u011bhy m\u011b nep\u0159estali fascinovat ani po letech, kdy jsem vyrostl a zam\u011bstn\u00e1valy m\u011b jin\u00e9 discipl\u00edny motorsportu. Proto se zrodila DAKARMANIA.\",\"url\":\"https:\/\/www.dakarmania.cz\/index.php\/author\/dakarmania\/\"}]}<\/script>\n<!-- \/ Yoast SEO plugin. -->","yoast_head_json":{"title":"Dakar 2019: V\u00edt\u011bz dvou etap Andrej Karginov vylou\u010den - DAKARMANIA.cz","description":"Pos\u00e1dka Andrej Karginov, Andrej Mokjejev, Igor Leonov s Kamazem byla vylou\u010dena z Rally Dakar 2019 kv\u016fli neposkytnut\u00ed pomoci zran\u011bn\u00e9mu div\u00e1kovi","robots":{"index":"index","follow":"follow","max-snippet":"max-snippet:-1","max-image-preview":"max-image-preview:large","max-video-preview":"max-video-preview:-1"},"canonical":"https:\/\/www.dakarmania.cz\/index.php\/2019\/01\/12\/dakar-2019-vitez-dvou-etap-andrej-karginov-vyloucen\/","og_locale":"cs_CZ","og_type":"article","og_title":"Dakar 2019: V\u00edt\u011bz dvou etap Andrej Karginov vylou\u010den - DAKARMANIA.cz","og_description":"Pos\u00e1dka Andrej Karginov, Andrej Mokjejev, Igor Leonov s Kamazem byla vylou\u010dena z Rally Dakar 2019 kv\u016fli neposkytnut\u00ed pomoci zran\u011bn\u00e9mu div\u00e1kovi","og_url":"https:\/\/www.dakarmania.cz\/index.php\/2019\/01\/12\/dakar-2019-vitez-dvou-etap-andrej-karginov-vyloucen\/","og_site_name":"DAKARMANIA.cz","article_publisher":"https:\/\/www.facebook.com\/dakarmania\/","article_published_time":"2019-01-12T11:08:36+00:00","article_modified_time":"2019-01-18T15:15:38+00:00","og_image":[{"width":2048,"height":1365,"url":"https:\/\/www.dakarmania.cz\/wp-content\/uploads\/2019\/01\/19-dakar-karginov02.jpg","type":"image\/jpeg"}],"author":"Zden\u011bk Zelenka","twitter_card":"summary_large_image","twitter_misc":{"Napsal(a)":"Zden\u011bk Zelenka","Odhadovan\u00e1 doba \u010dten\u00ed":"3 minuty"},"schema":{"@context":"https:\/\/schema.org","@graph":[{"@type":"Article","@id":"https:\/\/www.dakarmania.cz\/index.php\/2019\/01\/12\/dakar-2019-vitez-dvou-etap-andrej-karginov-vyloucen\/#article","isPartOf":{"@id":"https:\/\/www.dakarmania.cz\/index.php\/2019\/01\/12\/dakar-2019-vitez-dvou-etap-andrej-karginov-vyloucen\/"},"author":{"name":"Zden\u011bk Zelenka","@id":"https:\/\/www.dakarmania.cz\/#\/schema\/person\/04eb0e87a389631c2169c0dddae7ff1e"},"headline":"Dakar 2019: V\u00edt\u011bz dvou etap Andrej Karginov vylou\u010den","datePublished":"2019-01-12T11:08:36+00:00","dateModified":"2019-01-18T15:15:38+00:00","mainEntityOfPage":{"@id":"https:\/\/www.dakarmania.cz\/index.php\/2019\/01\/12\/dakar-2019-vitez-dvou-etap-andrej-karginov-vyloucen\/"},"wordCount":606,"commentCount":0,"publisher":{"@id":"https:\/\/www.dakarmania.cz\/#organization"},"image":{"@id":"https:\/\/www.dakarmania.cz\/index.php\/2019\/01\/12\/dakar-2019-vitez-dvou-etap-andrej-karginov-vyloucen\/#primaryimage"},"thumbnailUrl":"https:\/\/www.dakarmania.cz\/wp-content\/uploads\/2019\/01\/19-dakar-karginov02.jpg","keywords":["Andrej Karginov","Dakar","Dakar 2019","Kamaz"],"articleSection":["Kamiony","Rally Dakar"],"inLanguage":"cs","potentialAction":[{"@type":"CommentAction","name":"Comment","target":["https:\/\/www.dakarmania.cz\/index.php\/2019\/01\/12\/dakar-2019-vitez-dvou-etap-andrej-karginov-vyloucen\/#respond"]}]},{"@type":"WebPage","@id":"https:\/\/www.dakarmania.cz\/index.php\/2019\/01\/12\/dakar-2019-vitez-dvou-etap-andrej-karginov-vyloucen\/","url":"https:\/\/www.dakarmania.cz\/index.php\/2019\/01\/12\/dakar-2019-vitez-dvou-etap-andrej-karginov-vyloucen\/","name":"Dakar 2019: V\u00edt\u011bz dvou etap Andrej Karginov vylou\u010den - DAKARMANIA.cz","isPartOf":{"@id":"https:\/\/www.dakarmania.cz\/#website"},"primaryImageOfPage":{"@id":"https:\/\/www.dakarmania.cz\/index.php\/2019\/01\/12\/dakar-2019-vitez-dvou-etap-andrej-karginov-vyloucen\/#primaryimage"},"image":{"@id":"https:\/\/www.dakarmania.cz\/index.php\/2019\/01\/12\/dakar-2019-vitez-dvou-etap-andrej-karginov-vyloucen\/#primaryimage"},"thumbnailUrl":"https:\/\/www.dakarmania.cz\/wp-content\/uploads\/2019\/01\/19-dakar-karginov02.jpg","datePublished":"2019-01-12T11:08:36+00:00","dateModified":"2019-01-18T15:15:38+00:00","description":"Pos\u00e1dka Andrej Karginov, Andrej Mokjejev, Igor Leonov s Kamazem byla vylou\u010dena z Rally Dakar 2019 kv\u016fli neposkytnut\u00ed pomoci zran\u011bn\u00e9mu div\u00e1kovi","breadcrumb":{"@id":"https:\/\/www.dakarmania.cz\/index.php\/2019\/01\/12\/dakar-2019-vitez-dvou-etap-andrej-karginov-vyloucen\/#breadcrumb"},"inLanguage":"cs","potentialAction":[{"@type":"ReadAction","target":["https:\/\/www.dakarmania.cz\/index.php\/2019\/01\/12\/dakar-2019-vitez-dvou-etap-andrej-karginov-vyloucen\/"]}]},{"@type":"ImageObject","inLanguage":"cs","@id":"https:\/\/www.dakarmania.cz\/index.php\/2019\/01\/12\/dakar-2019-vitez-dvou-etap-andrej-karginov-vyloucen\/#primaryimage","url":"https:\/\/www.dakarmania.cz\/wp-content\/uploads\/2019\/01\/19-dakar-karginov02.jpg","contentUrl":"https:\/\/www.dakarmania.cz\/wp-content\/uploads\/2019\/01\/19-dakar-karginov02.jpg","width":2048,"height":1365,"caption":"Andrej Karginov\/Andrej Mokjejev\/Igor Leonov, Kamaz 43509, Kamaz-Master. Rally Dakar 2019. \u00a9 Red Bull Content Pool"},{"@type":"BreadcrumbList","@id":"https:\/\/www.dakarmania.cz\/index.php\/2019\/01\/12\/dakar-2019-vitez-dvou-etap-andrej-karginov-vyloucen\/#breadcrumb","itemListElement":[{"@type":"ListItem","position":1,"name":"Dom\u016f","item":"https:\/\/www.dakarmania.cz\/"},{"@type":"ListItem","position":2,"name":"Dakar 2019: V\u00edt\u011bz dvou etap Andrej Karginov vylou\u010den"}]},{"@type":"WebSite","@id":"https:\/\/www.dakarmania.cz\/#website","url":"https:\/\/www.dakarmania.cz\/","name":"DAKARMANIA.cz","description":"\u017dijeme Dakarem cel\u00fd rok","publisher":{"@id":"https:\/\/www.dakarmania.cz\/#organization"},"potentialAction":[{"@type":"SearchAction","target":{"@type":"EntryPoint","urlTemplate":"https:\/\/www.dakarmania.cz\/?s={search_term_string}"},"query-input":{"@type":"PropertyValueSpecification","valueRequired":true,"valueName":"search_term_string"}}],"inLanguage":"cs"},{"@type":"Organization","@id":"https:\/\/www.dakarmania.cz\/#organization","name":"DAKAR MANIA","url":"https:\/\/www.dakarmania.cz\/","logo":{"@type":"ImageObject","inLanguage":"cs","@id":"https:\/\/www.dakarmania.cz\/#\/schema\/logo\/image\/","url":"https:\/\/www.dakarmania.cz\/wp-content\/uploads\/2018\/12\/Dakar-Mania-Logo-Square-Orange.png","contentUrl":"https:\/\/www.dakarmania.cz\/wp-content\/uploads\/2018\/12\/Dakar-Mania-Logo-Square-Orange.png","width":992,"height":992,"caption":"DAKAR MANIA"},"image":{"@id":"https:\/\/www.dakarmania.cz\/#\/schema\/logo\/image\/"},"sameAs":["https:\/\/www.facebook.com\/dakarmania\/"]},{"@type":"Person","@id":"https:\/\/www.dakarmania.cz\/#\/schema\/person\/04eb0e87a389631c2169c0dddae7ff1e","name":"Zden\u011bk Zelenka","image":{"@type":"ImageObject","inLanguage":"cs","@id":"https:\/\/www.dakarmania.cz\/#\/schema\/person\/image\/","url":"https:\/\/secure.gravatar.com\/avatar\/2c80d5a4942fe0900b73cc7d3837a509d6ee0a276a2b76dac95c92bd0763a89b?s=96&d=mm&r=g","contentUrl":"https:\/\/secure.gravatar.com\/avatar\/2c80d5a4942fe0900b73cc7d3837a509d6ee0a276a2b76dac95c92bd0763a89b?s=96&d=mm&r=g","caption":"Zden\u011bk Zelenka"},"description":"Moji d\u011bt\u0161t\u00ed hrdinov\u00e9 se jmenovali Loprais, Moskal, Neveu, Vatanen, Rahier... A tihle borci, jejich n\u00e1sledovn\u00edci a jejich p\u0159\u00edb\u011bhy m\u011b nep\u0159estali fascinovat ani po letech, kdy jsem vyrostl a zam\u011bstn\u00e1valy m\u011b jin\u00e9 discipl\u00edny motorsportu. Proto se zrodila DAKARMANIA.","url":"https:\/\/www.dakarmania.cz\/index.php\/author\/dakarmania\/"}]}},"amp_enabled":true,"_links":{"self":[{"href":"https:\/\/www.dakarmania.cz\/index.php\/wp-json\/wp\/v2\/posts\/1897","targetHints":{"allow":["GET"]}}],"collection":[{"href":"https:\/\/www.dakarmania.cz\/index.php\/wp-json\/wp\/v2\/posts"}],"about":[{"href":"https:\/\/www.dakarmania.cz\/index.php\/wp-json\/wp\/v2\/types\/post"}],"author":[{"embeddable":true,"href":"https:\/\/www.dakarmania.cz\/index.php\/wp-json\/wp\/v2\/users\/1"}],"replies":[{"embeddable":true,"href":"https:\/\/www.dakarmania.cz\/index.php\/wp-json\/wp\/v2\/comments?post=1897"}],"version-history":[{"count":16,"href":"https:\/\/www.dakarmania.cz\/index.php\/wp-json\/wp\/v2\/posts\/1897\/revisions"}],"predecessor-version":[{"id":2434,"href":"https:\/\/www.dakarmania.cz\/index.php\/wp-json\/wp\/v2\/posts\/1897\/revisions\/2434"}],"wp:featuredmedia":[{"embeddable":true,"href":"https:\/\/www.dakarmania.cz\/index.php\/wp-json\/wp\/v2\/media\/1896"}],"wp:attachment":[{"href":"https:\/\/www.dakarmania.cz\/index.php\/wp-json\/wp\/v2\/media?parent=1897"}],"wp:term":[{"taxonomy":"category","embeddable":true,"href":"https:\/\/www.dakarmania.cz\/index.php\/wp-json\/wp\/v2\/categories?post=1897"},{"taxonomy":"post_tag","embeddable":true,"href":"https:\/\/www.dakarmania.cz\/index.php\/wp-json\/wp\/v2\/tags?post=1897"}],"curies":[{"name":"wp","href":"https:\/\/api.w.org\/{rel}","templated":true}]}}