{"id":18998,"date":"2021-04-27T01:13:28","date_gmt":"2021-04-26T23:13:28","guid":{"rendered":"https:\/\/www.dakarmania.cz\/?p=18998"},"modified":"2021-10-20T18:57:15","modified_gmt":"2021-10-20T16:57:15","slug":"pablo-quntanilla-konci-u-husqvarny","status":"publish","type":"post","link":"https:\/\/www.dakarmania.cz\/index.php\/2021\/04\/27\/pablo-quntanilla-konci-u-husqvarny\/","title":{"rendered":"Pablo Quntanilla kon\u010d\u00ed u Husqvarny"},"content":{"rendered":"<p>[vc_row][vc_column][vc_column_text css_animation=&#8221;fadeIn&#8221;]<\/p>\n<h3>Pablo Quintanilla a tov\u00e1rn\u00ed t\u00fdm Rockstar Energy Husqvarna Factory Racing se dohodli na okam\u017eit\u00e9m ukon\u010den\u00ed spolupr\u00e1ce. Chilan opou\u0161t\u00ed sestavu mattighofensk\u00e9ho v\u00fdrobce po v\u00edce ne\u017e p\u011bti letech.<\/h3>\n<p>[\/vc_column_text][vc_single_image image=&#8221;18997&#8243; img_size=&#8221;large&#8221; add_caption=&#8221;yes&#8221; alignment=&#8221;center&#8221; onclick=&#8221;link_image&#8221; css_animation=&#8221;fadeIn&#8221;][vc_column_text css_animation=&#8221;fadeIn&#8221;]<em>\u201eRozchod s jezdcem, kter\u00fd byl tolik let tak d\u016fle\u017eitou sou\u010d\u00e1st\u00ed na\u0161eho t\u00fdmu, nen\u00ed nikdy snadn\u00fd, ale v motoristick\u00e9m sportu se to st\u00e1v\u00e1,\u201c<\/em> \u0159\u00edk\u00e1 mana\u017eer t\u00fdmu <strong>Pela Renet<\/strong>. <em>\u201ePablo je skv\u011bl\u00fd jezdec a jeho p\u0159\u00ednos pro t\u00fdm byl zna\u010dn\u00fd. Nejprve jsme byli t\u00fdmov\u00ed kolegov\u00e9 a z\u00e1vodili jsme spole\u010dn\u011b, pak jsem s n\u00edm spolupracoval a podporoval ho z pozice mana\u017eera t\u00fdmu. Proto mu chci osobn\u011b, ale i jm\u00e9nem t\u00fdmu a v\u0161ech zainteresovan\u00fdch pod\u011bkovat za jeho tvrdou pr\u00e1ci a odhodl\u00e1n\u00ed a pop\u0159\u00e1t mu do budoucna jen to nejlep\u0161\u00ed.\u201c<\/em><\/p>\n<h4>Spole\u010dn\u011b (t\u00e9m\u011b\u0159) na vrchol<\/h4>\n<p>Prvn\u00ed smlouvu s Husqvarnou podepsal Quintanilla na konci roku 2015, kdy se v jej\u00edm nov\u011b formovan\u00e9m tov\u00e1rn\u00edm t\u00fdmu stal kolegou zku\u0161en\u00e9ho Portugalce Rubena Farii a v rally za\u010d\u00ednaj\u00edc\u00edho Reneta. O prodlou\u017een\u00ed kontraktu \u2013 ale i post neofici\u00e1ln\u00ed t\u00fdmov\u00e9 jedni\u010dky \u2013 si \u0159ekl p\u0159esv\u011bd\u010div\u00fdmi v\u00fdkony v roce 2016. Na Dakaru byl t\u0159et\u00ed a da\u0159ilo se mu tak\u00e9 ve sv\u011btov\u00e9m \u0161ampion\u00e1tu. D\u00edky um\u00edst\u011bn\u00ed na stupn\u00edch v\u00edt\u011bz\u016f na v\u0161ech podnic\u00edch sezony z\u00edskal titul mistra sv\u011bta v cross-country rally, kter\u00fd o rok pozd\u011bji obh\u00e1jil. V roce 2018 skon\u010dil druh\u00fd.<\/p>\n<p>Do skupiny velk\u00fdch favorit\u016f pat\u0159il Quintanilla pravideln\u011b i na Dakaru. Velmi bl\u00edzko k vysn\u011bn\u00e9mu v\u00fdsledku m\u011bl v roce 2019, kdy byl p\u0159ed posledn\u00ed etapou s minutov\u00fdm odstupem druh\u00fd. Zlomenina nohy p\u0159i tvrd\u00e9m dopadu po jednom ze skok\u016f na z\u00e1v\u011bre\u010dn\u00e9 speci\u00e1lce jej v\u0161ak odsunula na \u010dtvrtou p\u0159\u00ed\u010dku.[\/vc_column_text][vc_column_text css_animation=&#8221;fadeIn&#8221;]P\u0159esto\u017ee kv\u016fli rekonvalescenci p\u0159i\u0161el o \u00favodn\u00ed \u010d\u00e1st n\u00e1sleduj\u00edc\u00ed sezony, na podzim se vr\u00e1til ve velk\u00e9m stylu. V z\u00e1\u0159\u00ed po\u0161est\u00e9 vyhr\u00e1l dom\u00e1c\u00ed Atacama Rally a o \u010dty\u0159i m\u011bs\u00edce pozd\u011bji vybojoval na Dakaru 2020 druh\u00e9 m\u00edsto, je\u017e je pro Quintanillu i pro Husqvarnu dosud nejlep\u0161\u00edm v\u00fdsledkem na nejpopul\u00e1rn\u011bj\u0161\u00ed maratonsk\u00e9 rally sv\u011bta. Letos byl na Dakaru sedm\u00fd.<\/p>\n<p>Ukon\u010den\u00ed spolupr\u00e1ce s Husqvarnou by v p\u0159\u00edpad\u011b 34let\u00e9ho Chilana nem\u011bl znamenat odchod ze sv\u011bta cross-country rally, ani p\u0159echod do jin\u00e9 kategorie. Po <a href=\"\/index.php\/2021\/04\/07\/kevin-benavides-meni-barvy\/\">p\u0159estupu Kevina Benavidese ke KTM<\/a> je pr\u00e1v\u011b Quintanillovo jm\u00e9no \u010dasto spojov\u00e1no s uvoln\u011bn\u00fdm m\u00edstem v tov\u00e1rn\u00edm t\u00fdmu Hondy.<\/p>\n<p>Husqvarna zat\u00edm nezve\u0159ejnila, kdo by m\u011bl dvojn\u00e1sobn\u00e9ho mistra sv\u011bta v jej\u00edm t\u00fdmu nahradit.[\/vc_column_text][vc_empty_space height=&#8221;2px&#8221;][\/vc_column][\/vc_row]<\/p>\n","protected":false},"excerpt":{"rendered":"<p>Pablo Quintanilla a tov\u00e1rn\u00ed t\u00fdm Rockstar Energy Husqvarna Factory Racing se dohodli na okam\u017eit\u00e9m ukon\u010den\u00ed spolupr\u00e1ce.<\/p>\n","protected":false},"author":1,"featured_media":18997,"comment_status":"open","ping_status":"closed","sticky":false,"template":"","format":"standard","meta":{"footnotes":""},"categories":[15],"tags":[1630,64,756,215,922],"class_list":["post-18998","post","type-post","status-publish","format-standard","has-post-thumbnail","hentry","category-moto-quad","tag-1630","tag-husqvarna","tag-husqvarna-factory-racing","tag-pablo-quintanilla","tag-pela-renet"],"yoast_head":"<!-- This site is optimized with the Yoast SEO plugin v24.9 - https:\/\/yoast.com\/wordpress\/plugins\/seo\/ -->\n<title>Pablo Quntanilla kon\u010d\u00ed u Husqvarny - DAKARMANIA.cz<\/title>\n<meta name=\"description\" content=\"Pablo Quintanilla a tov\u00e1rn\u00ed t\u00fdm Rockstar Energy Husqvarna Factory Racing se dohodli na okam\u017eit\u00e9m ukon\u010den\u00ed spolupr\u00e1ce.\" \/>\n<meta name=\"robots\" content=\"index, follow, max-snippet:-1, max-image-preview:large, max-video-preview:-1\" \/>\n<link rel=\"canonical\" href=\"https:\/\/www.dakarmania.cz\/index.php\/2021\/04\/27\/pablo-quntanilla-konci-u-husqvarny\/\" \/>\n<meta property=\"og:locale\" content=\"cs_CZ\" \/>\n<meta property=\"og:type\" content=\"article\" \/>\n<meta property=\"og:title\" content=\"Pablo Quntanilla kon\u010d\u00ed u Husqvarny - DAKARMANIA.cz\" \/>\n<meta property=\"og:description\" content=\"Pablo Quintanilla a tov\u00e1rn\u00ed t\u00fdm Rockstar Energy Husqvarna Factory Racing se dohodli na okam\u017eit\u00e9m ukon\u010den\u00ed spolupr\u00e1ce.\" \/>\n<meta property=\"og:url\" content=\"https:\/\/www.dakarmania.cz\/index.php\/2021\/04\/27\/pablo-quntanilla-konci-u-husqvarny\/\" \/>\n<meta property=\"og:site_name\" content=\"DAKARMANIA.cz\" \/>\n<meta property=\"article:publisher\" content=\"https:\/\/www.facebook.com\/dakarmania\/\" \/>\n<meta property=\"article:published_time\" content=\"2021-04-26T23:13:28+00:00\" \/>\n<meta property=\"article:modified_time\" content=\"2021-10-20T16:57:15+00:00\" \/>\n<meta property=\"og:image\" content=\"https:\/\/www.dakarmania.cz\/wp-content\/uploads\/2021\/04\/pre-dkr21-quintanilla-01.jpg\" \/>\n\t<meta property=\"og:image:width\" content=\"1024\" \/>\n\t<meta property=\"og:image:height\" content=\"694\" \/>\n\t<meta property=\"og:image:type\" content=\"image\/jpeg\" \/>\n<meta name=\"author\" content=\"Zden\u011bk Zelenka\" \/>\n<meta name=\"twitter:card\" content=\"summary_large_image\" \/>\n<meta name=\"twitter:label1\" content=\"Napsal(a)\" \/>\n\t<meta name=\"twitter:data1\" content=\"Zden\u011bk Zelenka\" \/>\n\t<meta name=\"twitter:label2\" content=\"Odhadovan\u00e1 doba \u010dten\u00ed\" \/>\n\t<meta name=\"twitter:data2\" content=\"2 minuty\" \/>\n<script type=\"application\/ld+json\" class=\"yoast-schema-graph\">{\"@context\":\"https:\/\/schema.org\",\"@graph\":[{\"@type\":\"Article\",\"@id\":\"https:\/\/www.dakarmania.cz\/index.php\/2021\/04\/27\/pablo-quntanilla-konci-u-husqvarny\/#article\",\"isPartOf\":{\"@id\":\"https:\/\/www.dakarmania.cz\/index.php\/2021\/04\/27\/pablo-quntanilla-konci-u-husqvarny\/\"},\"author\":{\"name\":\"Zden\u011bk Zelenka\",\"@id\":\"https:\/\/www.dakarmania.cz\/#\/schema\/person\/04eb0e87a389631c2169c0dddae7ff1e\"},\"headline\":\"Pablo Quntanilla kon\u010d\u00ed u Husqvarny\",\"datePublished\":\"2021-04-26T23:13:28+00:00\",\"dateModified\":\"2021-10-20T16:57:15+00:00\",\"mainEntityOfPage\":{\"@id\":\"https:\/\/www.dakarmania.cz\/index.php\/2021\/04\/27\/pablo-quntanilla-konci-u-husqvarny\/\"},\"wordCount\":550,\"commentCount\":0,\"publisher\":{\"@id\":\"https:\/\/www.dakarmania.cz\/#organization\"},\"image\":{\"@id\":\"https:\/\/www.dakarmania.cz\/index.php\/2021\/04\/27\/pablo-quntanilla-konci-u-husqvarny\/#primaryimage\"},\"thumbnailUrl\":\"https:\/\/www.dakarmania.cz\/wp-content\/uploads\/2021\/04\/pre-dkr21-quintanilla-01.jpg\",\"keywords\":[\"2021\",\"Husqvarna\",\"Husqvarna Factory Racing\",\"Pablo Quintanilla\",\"Pela Renet\"],\"articleSection\":[\"Moto\/Quad\"],\"inLanguage\":\"cs\",\"potentialAction\":[{\"@type\":\"CommentAction\",\"name\":\"Comment\",\"target\":[\"https:\/\/www.dakarmania.cz\/index.php\/2021\/04\/27\/pablo-quntanilla-konci-u-husqvarny\/#respond\"]}]},{\"@type\":\"WebPage\",\"@id\":\"https:\/\/www.dakarmania.cz\/index.php\/2021\/04\/27\/pablo-quntanilla-konci-u-husqvarny\/\",\"url\":\"https:\/\/www.dakarmania.cz\/index.php\/2021\/04\/27\/pablo-quntanilla-konci-u-husqvarny\/\",\"name\":\"Pablo Quntanilla kon\u010d\u00ed u Husqvarny - DAKARMANIA.cz\",\"isPartOf\":{\"@id\":\"https:\/\/www.dakarmania.cz\/#website\"},\"primaryImageOfPage\":{\"@id\":\"https:\/\/www.dakarmania.cz\/index.php\/2021\/04\/27\/pablo-quntanilla-konci-u-husqvarny\/#primaryimage\"},\"image\":{\"@id\":\"https:\/\/www.dakarmania.cz\/index.php\/2021\/04\/27\/pablo-quntanilla-konci-u-husqvarny\/#primaryimage\"},\"thumbnailUrl\":\"https:\/\/www.dakarmania.cz\/wp-content\/uploads\/2021\/04\/pre-dkr21-quintanilla-01.jpg\",\"datePublished\":\"2021-04-26T23:13:28+00:00\",\"dateModified\":\"2021-10-20T16:57:15+00:00\",\"description\":\"Pablo Quintanilla a tov\u00e1rn\u00ed t\u00fdm Rockstar Energy Husqvarna Factory Racing se dohodli na okam\u017eit\u00e9m ukon\u010den\u00ed spolupr\u00e1ce.\",\"breadcrumb\":{\"@id\":\"https:\/\/www.dakarmania.cz\/index.php\/2021\/04\/27\/pablo-quntanilla-konci-u-husqvarny\/#breadcrumb\"},\"inLanguage\":\"cs\",\"potentialAction\":[{\"@type\":\"ReadAction\",\"target\":[\"https:\/\/www.dakarmania.cz\/index.php\/2021\/04\/27\/pablo-quntanilla-konci-u-husqvarny\/\"]}]},{\"@type\":\"ImageObject\",\"inLanguage\":\"cs\",\"@id\":\"https:\/\/www.dakarmania.cz\/index.php\/2021\/04\/27\/pablo-quntanilla-konci-u-husqvarny\/#primaryimage\",\"url\":\"https:\/\/www.dakarmania.cz\/wp-content\/uploads\/2021\/04\/pre-dkr21-quintanilla-01.jpg\",\"contentUrl\":\"https:\/\/www.dakarmania.cz\/wp-content\/uploads\/2021\/04\/pre-dkr21-quintanilla-01.jpg\",\"width\":1024,\"height\":694,\"caption\":\"Pablo Quintanilla, Husqvarna FR 450 Rally, Rockstar Energy Husqvarna Factory Racing. \u00a9 Husqvarna\"},{\"@type\":\"BreadcrumbList\",\"@id\":\"https:\/\/www.dakarmania.cz\/index.php\/2021\/04\/27\/pablo-quntanilla-konci-u-husqvarny\/#breadcrumb\",\"itemListElement\":[{\"@type\":\"ListItem\",\"position\":1,\"name\":\"Dom\u016f\",\"item\":\"https:\/\/www.dakarmania.cz\/\"},{\"@type\":\"ListItem\",\"position\":2,\"name\":\"Pablo Quntanilla kon\u010d\u00ed u Husqvarny\"}]},{\"@type\":\"WebSite\",\"@id\":\"https:\/\/www.dakarmania.cz\/#website\",\"url\":\"https:\/\/www.dakarmania.cz\/\",\"name\":\"DAKARMANIA.cz\",\"description\":\"\u017dijeme Dakarem cel\u00fd rok\",\"publisher\":{\"@id\":\"https:\/\/www.dakarmania.cz\/#organization\"},\"potentialAction\":[{\"@type\":\"SearchAction\",\"target\":{\"@type\":\"EntryPoint\",\"urlTemplate\":\"https:\/\/www.dakarmania.cz\/?s={search_term_string}\"},\"query-input\":{\"@type\":\"PropertyValueSpecification\",\"valueRequired\":true,\"valueName\":\"search_term_string\"}}],\"inLanguage\":\"cs\"},{\"@type\":\"Organization\",\"@id\":\"https:\/\/www.dakarmania.cz\/#organization\",\"name\":\"DAKAR MANIA\",\"url\":\"https:\/\/www.dakarmania.cz\/\",\"logo\":{\"@type\":\"ImageObject\",\"inLanguage\":\"cs\",\"@id\":\"https:\/\/www.dakarmania.cz\/#\/schema\/logo\/image\/\",\"url\":\"https:\/\/www.dakarmania.cz\/wp-content\/uploads\/2018\/12\/Dakar-Mania-Logo-Square-Orange.png\",\"contentUrl\":\"https:\/\/www.dakarmania.cz\/wp-content\/uploads\/2018\/12\/Dakar-Mania-Logo-Square-Orange.png\",\"width\":992,\"height\":992,\"caption\":\"DAKAR MANIA\"},\"image\":{\"@id\":\"https:\/\/www.dakarmania.cz\/#\/schema\/logo\/image\/\"},\"sameAs\":[\"https:\/\/www.facebook.com\/dakarmania\/\"]},{\"@type\":\"Person\",\"@id\":\"https:\/\/www.dakarmania.cz\/#\/schema\/person\/04eb0e87a389631c2169c0dddae7ff1e\",\"name\":\"Zden\u011bk Zelenka\",\"image\":{\"@type\":\"ImageObject\",\"inLanguage\":\"cs\",\"@id\":\"https:\/\/www.dakarmania.cz\/#\/schema\/person\/image\/\",\"url\":\"https:\/\/secure.gravatar.com\/avatar\/2c80d5a4942fe0900b73cc7d3837a509d6ee0a276a2b76dac95c92bd0763a89b?s=96&d=mm&r=g\",\"contentUrl\":\"https:\/\/secure.gravatar.com\/avatar\/2c80d5a4942fe0900b73cc7d3837a509d6ee0a276a2b76dac95c92bd0763a89b?s=96&d=mm&r=g\",\"caption\":\"Zden\u011bk Zelenka\"},\"description\":\"Moji d\u011bt\u0161t\u00ed hrdinov\u00e9 se jmenovali Loprais, Moskal, Neveu, Vatanen, Rahier... A tihle borci, jejich n\u00e1sledovn\u00edci a jejich p\u0159\u00edb\u011bhy m\u011b nep\u0159estali fascinovat ani po letech, kdy jsem vyrostl a zam\u011bstn\u00e1valy m\u011b jin\u00e9 discipl\u00edny motorsportu. Proto se zrodila DAKARMANIA.\",\"url\":\"https:\/\/www.dakarmania.cz\/index.php\/author\/dakarmania\/\"}]}<\/script>\n<!-- \/ Yoast SEO plugin. -->","yoast_head_json":{"title":"Pablo Quntanilla kon\u010d\u00ed u Husqvarny - DAKARMANIA.cz","description":"Pablo Quintanilla a tov\u00e1rn\u00ed t\u00fdm Rockstar Energy Husqvarna Factory Racing se dohodli na okam\u017eit\u00e9m ukon\u010den\u00ed spolupr\u00e1ce.","robots":{"index":"index","follow":"follow","max-snippet":"max-snippet:-1","max-image-preview":"max-image-preview:large","max-video-preview":"max-video-preview:-1"},"canonical":"https:\/\/www.dakarmania.cz\/index.php\/2021\/04\/27\/pablo-quntanilla-konci-u-husqvarny\/","og_locale":"cs_CZ","og_type":"article","og_title":"Pablo Quntanilla kon\u010d\u00ed u Husqvarny - DAKARMANIA.cz","og_description":"Pablo Quintanilla a tov\u00e1rn\u00ed t\u00fdm Rockstar Energy Husqvarna Factory Racing se dohodli na okam\u017eit\u00e9m ukon\u010den\u00ed spolupr\u00e1ce.","og_url":"https:\/\/www.dakarmania.cz\/index.php\/2021\/04\/27\/pablo-quntanilla-konci-u-husqvarny\/","og_site_name":"DAKARMANIA.cz","article_publisher":"https:\/\/www.facebook.com\/dakarmania\/","article_published_time":"2021-04-26T23:13:28+00:00","article_modified_time":"2021-10-20T16:57:15+00:00","og_image":[{"width":1024,"height":694,"url":"https:\/\/www.dakarmania.cz\/wp-content\/uploads\/2021\/04\/pre-dkr21-quintanilla-01.jpg","type":"image\/jpeg"}],"author":"Zden\u011bk Zelenka","twitter_card":"summary_large_image","twitter_misc":{"Napsal(a)":"Zden\u011bk Zelenka","Odhadovan\u00e1 doba \u010dten\u00ed":"2 minuty"},"schema":{"@context":"https:\/\/schema.org","@graph":[{"@type":"Article","@id":"https:\/\/www.dakarmania.cz\/index.php\/2021\/04\/27\/pablo-quntanilla-konci-u-husqvarny\/#article","isPartOf":{"@id":"https:\/\/www.dakarmania.cz\/index.php\/2021\/04\/27\/pablo-quntanilla-konci-u-husqvarny\/"},"author":{"name":"Zden\u011bk Zelenka","@id":"https:\/\/www.dakarmania.cz\/#\/schema\/person\/04eb0e87a389631c2169c0dddae7ff1e"},"headline":"Pablo Quntanilla kon\u010d\u00ed u Husqvarny","datePublished":"2021-04-26T23:13:28+00:00","dateModified":"2021-10-20T16:57:15+00:00","mainEntityOfPage":{"@id":"https:\/\/www.dakarmania.cz\/index.php\/2021\/04\/27\/pablo-quntanilla-konci-u-husqvarny\/"},"wordCount":550,"commentCount":0,"publisher":{"@id":"https:\/\/www.dakarmania.cz\/#organization"},"image":{"@id":"https:\/\/www.dakarmania.cz\/index.php\/2021\/04\/27\/pablo-quntanilla-konci-u-husqvarny\/#primaryimage"},"thumbnailUrl":"https:\/\/www.dakarmania.cz\/wp-content\/uploads\/2021\/04\/pre-dkr21-quintanilla-01.jpg","keywords":["2021","Husqvarna","Husqvarna Factory Racing","Pablo Quintanilla","Pela Renet"],"articleSection":["Moto\/Quad"],"inLanguage":"cs","potentialAction":[{"@type":"CommentAction","name":"Comment","target":["https:\/\/www.dakarmania.cz\/index.php\/2021\/04\/27\/pablo-quntanilla-konci-u-husqvarny\/#respond"]}]},{"@type":"WebPage","@id":"https:\/\/www.dakarmania.cz\/index.php\/2021\/04\/27\/pablo-quntanilla-konci-u-husqvarny\/","url":"https:\/\/www.dakarmania.cz\/index.php\/2021\/04\/27\/pablo-quntanilla-konci-u-husqvarny\/","name":"Pablo Quntanilla kon\u010d\u00ed u Husqvarny - DAKARMANIA.cz","isPartOf":{"@id":"https:\/\/www.dakarmania.cz\/#website"},"primaryImageOfPage":{"@id":"https:\/\/www.dakarmania.cz\/index.php\/2021\/04\/27\/pablo-quntanilla-konci-u-husqvarny\/#primaryimage"},"image":{"@id":"https:\/\/www.dakarmania.cz\/index.php\/2021\/04\/27\/pablo-quntanilla-konci-u-husqvarny\/#primaryimage"},"thumbnailUrl":"https:\/\/www.dakarmania.cz\/wp-content\/uploads\/2021\/04\/pre-dkr21-quintanilla-01.jpg","datePublished":"2021-04-26T23:13:28+00:00","dateModified":"2021-10-20T16:57:15+00:00","description":"Pablo Quintanilla a tov\u00e1rn\u00ed t\u00fdm Rockstar Energy Husqvarna Factory Racing se dohodli na okam\u017eit\u00e9m ukon\u010den\u00ed spolupr\u00e1ce.","breadcrumb":{"@id":"https:\/\/www.dakarmania.cz\/index.php\/2021\/04\/27\/pablo-quntanilla-konci-u-husqvarny\/#breadcrumb"},"inLanguage":"cs","potentialAction":[{"@type":"ReadAction","target":["https:\/\/www.dakarmania.cz\/index.php\/2021\/04\/27\/pablo-quntanilla-konci-u-husqvarny\/"]}]},{"@type":"ImageObject","inLanguage":"cs","@id":"https:\/\/www.dakarmania.cz\/index.php\/2021\/04\/27\/pablo-quntanilla-konci-u-husqvarny\/#primaryimage","url":"https:\/\/www.dakarmania.cz\/wp-content\/uploads\/2021\/04\/pre-dkr21-quintanilla-01.jpg","contentUrl":"https:\/\/www.dakarmania.cz\/wp-content\/uploads\/2021\/04\/pre-dkr21-quintanilla-01.jpg","width":1024,"height":694,"caption":"Pablo Quintanilla, Husqvarna FR 450 Rally, Rockstar Energy Husqvarna Factory Racing. \u00a9 Husqvarna"},{"@type":"BreadcrumbList","@id":"https:\/\/www.dakarmania.cz\/index.php\/2021\/04\/27\/pablo-quntanilla-konci-u-husqvarny\/#breadcrumb","itemListElement":[{"@type":"ListItem","position":1,"name":"Dom\u016f","item":"https:\/\/www.dakarmania.cz\/"},{"@type":"ListItem","position":2,"name":"Pablo Quntanilla kon\u010d\u00ed u Husqvarny"}]},{"@type":"WebSite","@id":"https:\/\/www.dakarmania.cz\/#website","url":"https:\/\/www.dakarmania.cz\/","name":"DAKARMANIA.cz","description":"\u017dijeme Dakarem cel\u00fd rok","publisher":{"@id":"https:\/\/www.dakarmania.cz\/#organization"},"potentialAction":[{"@type":"SearchAction","target":{"@type":"EntryPoint","urlTemplate":"https:\/\/www.dakarmania.cz\/?s={search_term_string}"},"query-input":{"@type":"PropertyValueSpecification","valueRequired":true,"valueName":"search_term_string"}}],"inLanguage":"cs"},{"@type":"Organization","@id":"https:\/\/www.dakarmania.cz\/#organization","name":"DAKAR MANIA","url":"https:\/\/www.dakarmania.cz\/","logo":{"@type":"ImageObject","inLanguage":"cs","@id":"https:\/\/www.dakarmania.cz\/#\/schema\/logo\/image\/","url":"https:\/\/www.dakarmania.cz\/wp-content\/uploads\/2018\/12\/Dakar-Mania-Logo-Square-Orange.png","contentUrl":"https:\/\/www.dakarmania.cz\/wp-content\/uploads\/2018\/12\/Dakar-Mania-Logo-Square-Orange.png","width":992,"height":992,"caption":"DAKAR MANIA"},"image":{"@id":"https:\/\/www.dakarmania.cz\/#\/schema\/logo\/image\/"},"sameAs":["https:\/\/www.facebook.com\/dakarmania\/"]},{"@type":"Person","@id":"https:\/\/www.dakarmania.cz\/#\/schema\/person\/04eb0e87a389631c2169c0dddae7ff1e","name":"Zden\u011bk Zelenka","image":{"@type":"ImageObject","inLanguage":"cs","@id":"https:\/\/www.dakarmania.cz\/#\/schema\/person\/image\/","url":"https:\/\/secure.gravatar.com\/avatar\/2c80d5a4942fe0900b73cc7d3837a509d6ee0a276a2b76dac95c92bd0763a89b?s=96&d=mm&r=g","contentUrl":"https:\/\/secure.gravatar.com\/avatar\/2c80d5a4942fe0900b73cc7d3837a509d6ee0a276a2b76dac95c92bd0763a89b?s=96&d=mm&r=g","caption":"Zden\u011bk Zelenka"},"description":"Moji d\u011bt\u0161t\u00ed hrdinov\u00e9 se jmenovali Loprais, Moskal, Neveu, Vatanen, Rahier... A tihle borci, jejich n\u00e1sledovn\u00edci a jejich p\u0159\u00edb\u011bhy m\u011b nep\u0159estali fascinovat ani po letech, kdy jsem vyrostl a zam\u011bstn\u00e1valy m\u011b jin\u00e9 discipl\u00edny motorsportu. Proto se zrodila DAKARMANIA.","url":"https:\/\/www.dakarmania.cz\/index.php\/author\/dakarmania\/"}]}},"amp_enabled":true,"_links":{"self":[{"href":"https:\/\/www.dakarmania.cz\/index.php\/wp-json\/wp\/v2\/posts\/18998","targetHints":{"allow":["GET"]}}],"collection":[{"href":"https:\/\/www.dakarmania.cz\/index.php\/wp-json\/wp\/v2\/posts"}],"about":[{"href":"https:\/\/www.dakarmania.cz\/index.php\/wp-json\/wp\/v2\/types\/post"}],"author":[{"embeddable":true,"href":"https:\/\/www.dakarmania.cz\/index.php\/wp-json\/wp\/v2\/users\/1"}],"replies":[{"embeddable":true,"href":"https:\/\/www.dakarmania.cz\/index.php\/wp-json\/wp\/v2\/comments?post=18998"}],"version-history":[{"count":5,"href":"https:\/\/www.dakarmania.cz\/index.php\/wp-json\/wp\/v2\/posts\/18998\/revisions"}],"predecessor-version":[{"id":23806,"href":"https:\/\/www.dakarmania.cz\/index.php\/wp-json\/wp\/v2\/posts\/18998\/revisions\/23806"}],"wp:featuredmedia":[{"embeddable":true,"href":"https:\/\/www.dakarmania.cz\/index.php\/wp-json\/wp\/v2\/media\/18997"}],"wp:attachment":[{"href":"https:\/\/www.dakarmania.cz\/index.php\/wp-json\/wp\/v2\/media?parent=18998"}],"wp:term":[{"taxonomy":"category","embeddable":true,"href":"https:\/\/www.dakarmania.cz\/index.php\/wp-json\/wp\/v2\/categories?post=18998"},{"taxonomy":"post_tag","embeddable":true,"href":"https:\/\/www.dakarmania.cz\/index.php\/wp-json\/wp\/v2\/tags?post=18998"}],"curies":[{"name":"wp","href":"https:\/\/api.w.org\/{rel}","templated":true}]}}