{"id":1912,"date":"2019-01-12T11:01:11","date_gmt":"2019-01-12T11:01:11","guid":{"rendered":"https:\/\/www.dakarmania.cz\/?p=1912"},"modified":"2021-08-11T07:55:10","modified_gmt":"2021-08-11T05:55:10","slug":"dakar-2019-ales-loprais-postoupil-do-prvni-sestky","status":"publish","type":"post","link":"https:\/\/www.dakarmania.cz\/index.php\/2019\/01\/12\/dakar-2019-ales-loprais-postoupil-do-prvni-sestky\/","title":{"rendered":"Dakar 2019: Ale\u0161 Loprais postoupil do prvn\u00ed \u0161estky"},"content":{"rendered":"<p>[vc_row][vc_column][vc_column_text]<\/p>\n<h4>Ale\u0161 Loprais, Ferran Marco Alcayna a Petr Pokora si po p\u00e1te\u010dn\u00ed etap\u011b Rally Dakar 2019 v pr\u016fb\u011b\u017en\u00e9m hodnocen\u00ed kategorie kamion\u016f op\u011bt polep\u0161ili. \u00da\u010dastn\u00edci dakarsk\u00e9 rally maj\u00ed za sebou n\u00e1ro\u010dn\u00fd prvn\u00ed t\u00fdden zakon\u010den\u00fd dv\u011bma maratonsk\u00fdmi etapami, mezi nimi\u017e se museli obej\u00edt bez asistence sv\u00fdch t\u00fdm\u016f. V sobotu 12. ledna je na programu voln\u00fd den v Arequip\u011b.<\/h4>\n<p>Etapa z Tacny do Arequipy, resp. jej\u00ed rychlostn\u00ed zkou\u0161ka, m\u011bla b\u00fdt s 517 kilometry nejdel\u0161\u00ed, jakou kamiony a osobn\u00ed auta na leto\u0161n\u00edm Dakaru absolvuj\u00ed. \u0160pi\u010dka kategorie kamion\u016f, v\u010detn\u011b pos\u00e1dky Tatry Jamal \u2013 Queen 69 se startovn\u00edm \u010d\u00edslem 507, tuto tra\u0165 skute\u010dn\u011b projela celou, pozd\u011bji v\u0161ak po\u0159adatel\u00e9 zastavili z\u00e1vod na kontroln\u00edm bod\u011b \u010d\u00edslo 3, jen\u017e se nach\u00e1zel na 425. kilometru. D\u016fvodem byla hust\u00e1 mlha a s n\u00ed souvisej\u00edc\u00ed obavy o bezpe\u010dnost sout\u011b\u017e\u00edc\u00edch.<\/p>\n<p>Kv\u016fli tomu si z\u0159ejm\u011b je\u0161t\u011b p\u00e1r hodin budeme muset po\u010dkat na ofici\u00e1ln\u00ed pr\u016fb\u011b\u017en\u00e9 po\u0159ad\u00ed, nebo\u0165 po\u0159adatel\u00e9 zat\u00edm publikovali pouze v\u00fdsledky z c\u00edle etapy, jen\u017ee do celkov\u00e9ho sou\u010dtu by se \u010das z \u00faseku mezi 425. a 507. kilometrem zapo\u010d\u00edt\u00e1vat nem\u011bl.[\/vc_column_text][vc_column_text]Pos\u00e1dka Instaforex Loprais Teamu figurovala p\u0159ed p\u00e1tou etapou na dev\u00e1t\u00e9m m\u00edst\u011b a je jist\u00e9, \u017ee si minim\u00e1ln\u011b o t\u0159i pozice polep\u0161\u00ed. Dva soupe\u0159i, kte\u0159\u00ed byli v celkov\u00e9m po\u0159ad\u00ed p\u0159ed n\u00ed, se dostali do probl\u00e9m\u016f a v\u00fdrazn\u011b ztratili, <a href=\"https:\/\/www.dakarmania.cz\/index.php\/2019\/01\/12\/dakar-2019-vitez-dvou-etap-andrej-karginov-vyloucen\/\">t\u0159et\u00ed byl vylou\u010den ze sout\u011b\u017ee<\/a>. Na z\u00e1klad\u011b prost\u00e9ho sou\u010dtu dosa\u017een\u00fdch \u010das\u016f by m\u011bla b\u00fdt \u010desko-\u0161pan\u011blsk\u00e1 trojice \u0161est\u00e1. Loprais toti\u017e p\u0159ed etapou ztr\u00e1cel na Rusa Ajrata Mard\u011bjeva 45 minut a 58 sekund a do inkriminovan\u00e9ho CP3 najel na pilota Kamazu 43 minut a 2 sekundy. \u010cesk\u00fd t\u00fdm ale z\u00e1rove\u0148 usiluje o ode\u010dten\u00ed \u010dasu, kter\u00fd ztratil, kdy\u017e se sna\u017eil pomoci havarovan\u00e9mu soupe\u0159i. Pokud po\u0159adatel\u00e9 vyhov\u00ed, m\u011bla by se \u201eKr\u00e1lovna\u201c posunout na p\u00e1tou p\u0159\u00ed\u010dku.<\/p>\n<p><em>\u201eZ\u00e1v\u011bre\u010dnou \u010d\u00e1st etapy po\u0159adatel\u00e9 zru\u0161ili a\u017e po na\u0161em pr\u016fjezdu t\u00edmto bodem. N\u00e1m se za CP3 poda\u0159ilo p\u0159edjet v\u0161echna Iveca, ale jak se uk\u00e1zalo, honili jsme se zbyte\u010dn\u011b,\u201c<\/em> rekapituluje <strong>Ale\u0161 Loprais<\/strong>. <em>\u201eJe\u0161t\u011b by n\u00e1m dnes m\u011bli st\u00e1hnout \u010das za pomoc Van Kasterenovi, kter\u00fd p\u0159ed n\u00e1mi sjel z cesty. Sna\u017eili jsme se ho odtamtud dostat, ale bohu\u017eel jsme ho tam museli nechat. Musel po\u010dkat na v\u011bt\u0161\u00ed auta, proto\u017ee to bylo na vyta\u017een\u00ed minim\u00e1ln\u011b dv\u011bma kamiony.\u201c<\/em>[\/vc_column_text][vc_video link=&#8221;https:\/\/youtu.be\/Y9Sw-hZF5m8&#8243;][vc_column_text]Prvn\u00ed t\u00fdden rozdal karty, unavil lidi i techniku, ale a\u017e druh\u00e1 \u010d\u00e1st rally bude skute\u010dn\u011b rozhodovat o v\u00fdsledc\u00edch. V\u017edy\u0165 na sout\u011b\u017en\u00ed kamiony v n\u00e1sleduj\u00edc\u00edch p\u011bti dnech \u010dek\u00e1 je\u0161t\u011b v\u00edce ne\u017e 1400 kilometr\u016f v r\u00e1mci rychlostn\u00edch zkou\u0161ek a dal\u0161\u00ed obrovsk\u00e1 porce kilometr\u016f na p\u0159ejezdech. Proto maj\u00ed v t\u011bchto hodin\u00e1ch v bivaku v Arequip\u011b hodn\u011b napilno mechanici.<\/p>\n<p><em>\u201eJe to \u010d\u00edm d\u00e1l rychlej\u0161\u00ed, \u010d\u00edm d\u00e1l t\u011b\u017e\u0161\u00ed, ale pomalu se dost\u00e1v\u00e1me dop\u0159edu. Ka\u017ed\u00fd den je to jako na houpa\u010dce. Spousta z\u00e1\u017eitk\u016f. Ale jede se zase na hran\u011b. Nev\u00edm, jestli to ty stroje vydr\u017e\u00ed. N\u00e1\u0161 bude muset. Kr\u00e1lovna dostane ve\u0161kerou l\u00e1sku, den a p\u016fl ji te\u010f budeme maxim\u00e1ln\u011b ope\u010dov\u00e1vat. V\u0161e, co m\u00e1me s sebou dostane nov\u00e9,\u201c<\/em> slibuje 39let\u00fd z\u00e1vodn\u00edk.<\/p>\n<p>V ned\u011bli 12. ledna se sout\u011b\u017e oto\u010d\u00ed a vyd\u00e1 se zp\u00e1tky na sever sm\u011br Lima, kde p\u0159ed t\u00fddnem odstartovala a kde tak\u00e9 p\u0159\u00ed\u0161t\u00ed \u010dtvrtek skon\u010d\u00ed. \u0160est\u00e1 etapa zavede dakarskou karavanu op\u011bt do San Juanu de Marcona, m\u011b\u0159\u00ed 810 km a 309 km se pojede v r\u00e1mci speci\u00e1lky na \u010das.<\/p>\n<p>&nbsp;<\/p>\n<p>Tiskov\u00e1 zpr\u00e1va Instaforex Loprais Teamu[\/vc_column_text][\/vc_column][\/vc_row]<\/p>\n","protected":false},"excerpt":{"rendered":"<p>Ale\u0161 Loprais, Ferran Marco Alcayna a Petr Pokora si po p\u00e1te\u010dn\u00ed etap\u011b Rally Dakar 2019 v pr\u016fb\u011b\u017en\u00e9m hodnocen\u00ed kategorie kamion\u016f op\u011bt polep\u0161ili.<\/p>\n","protected":false},"author":3,"featured_media":1913,"comment_status":"open","ping_status":"closed","sticky":false,"template":"","format":"standard","meta":{"footnotes":""},"categories":[16,2,637],"tags":[65,8,9,66,69,67,68],"class_list":["post-1912","post","type-post","status-publish","format-standard","has-post-thumbnail","hentry","category-kamion","category-dakar","category-tiskove-zpravy","tag-ales-loprais","tag-dakar","tag-dakar-2019","tag-ferran-marco-alcayna","tag-loprais-team","tag-petr-pokora","tag-tatra"],"yoast_head":"<!-- This site is optimized with the Yoast SEO plugin v24.9 - https:\/\/yoast.com\/wordpress\/plugins\/seo\/ -->\n<title>Dakar 2019: Ale\u0161 Loprais postoupil do prvn\u00ed \u0161estky - DAKARMANIA.cz<\/title>\n<meta name=\"description\" content=\"Ale\u0161 Loprais, Ferran Marco Alcayna a Petr Pokora si po p\u00e1te\u010dn\u00ed etap\u011b Rally Dakar 2019 v pr\u016fb\u011b\u017en\u00e9m hodnocen\u00ed kategorie kamion\u016f op\u011bt polep\u0161ili.\" \/>\n<meta name=\"robots\" content=\"index, follow, max-snippet:-1, max-image-preview:large, max-video-preview:-1\" \/>\n<link rel=\"canonical\" href=\"https:\/\/www.dakarmania.cz\/index.php\/2019\/01\/12\/dakar-2019-ales-loprais-postoupil-do-prvni-sestky\/\" \/>\n<meta property=\"og:locale\" content=\"cs_CZ\" \/>\n<meta property=\"og:type\" content=\"article\" \/>\n<meta property=\"og:title\" content=\"Dakar 2019: Ale\u0161 Loprais postoupil do prvn\u00ed \u0161estky - DAKARMANIA.cz\" \/>\n<meta property=\"og:description\" content=\"Ale\u0161 Loprais, Ferran Marco Alcayna a Petr Pokora si po p\u00e1te\u010dn\u00ed etap\u011b Rally Dakar 2019 v pr\u016fb\u011b\u017en\u00e9m hodnocen\u00ed kategorie kamion\u016f op\u011bt polep\u0161ili.\" \/>\n<meta property=\"og:url\" content=\"https:\/\/www.dakarmania.cz\/index.php\/2019\/01\/12\/dakar-2019-ales-loprais-postoupil-do-prvni-sestky\/\" \/>\n<meta property=\"og:site_name\" content=\"DAKARMANIA.cz\" \/>\n<meta property=\"article:publisher\" content=\"https:\/\/www.facebook.com\/dakarmania\/\" \/>\n<meta property=\"article:published_time\" content=\"2019-01-12T11:01:11+00:00\" \/>\n<meta property=\"article:modified_time\" content=\"2021-08-11T05:55:10+00:00\" \/>\n<meta property=\"og:image\" content=\"https:\/\/www.dakarmania.cz\/wp-content\/uploads\/2019\/01\/19-dakar-loprais08.jpg\" \/>\n\t<meta property=\"og:image:width\" content=\"2048\" \/>\n\t<meta property=\"og:image:height\" content=\"1365\" \/>\n\t<meta property=\"og:image:type\" content=\"image\/jpeg\" \/>\n<meta name=\"author\" content=\"tiskov\u00e1 zpr\u00e1va\" \/>\n<meta name=\"twitter:card\" content=\"summary_large_image\" \/>\n<meta name=\"twitter:label1\" content=\"Napsal(a)\" \/>\n\t<meta name=\"twitter:data1\" content=\"tiskov\u00e1 zpr\u00e1va\" \/>\n\t<meta name=\"twitter:label2\" content=\"Odhadovan\u00e1 doba \u010dten\u00ed\" \/>\n\t<meta name=\"twitter:data2\" content=\"4 minuty\" \/>\n<script type=\"application\/ld+json\" class=\"yoast-schema-graph\">{\"@context\":\"https:\/\/schema.org\",\"@graph\":[{\"@type\":\"Article\",\"@id\":\"https:\/\/www.dakarmania.cz\/index.php\/2019\/01\/12\/dakar-2019-ales-loprais-postoupil-do-prvni-sestky\/#article\",\"isPartOf\":{\"@id\":\"https:\/\/www.dakarmania.cz\/index.php\/2019\/01\/12\/dakar-2019-ales-loprais-postoupil-do-prvni-sestky\/\"},\"author\":{\"name\":\"tiskov\u00e1 zpr\u00e1va\",\"@id\":\"https:\/\/www.dakarmania.cz\/#\/schema\/person\/bce8d1fe3633b1178e150fc5e340d5dd\"},\"headline\":\"Dakar 2019: Ale\u0161 Loprais postoupil do prvn\u00ed \u0161estky\",\"datePublished\":\"2019-01-12T11:01:11+00:00\",\"dateModified\":\"2021-08-11T05:55:10+00:00\",\"mainEntityOfPage\":{\"@id\":\"https:\/\/www.dakarmania.cz\/index.php\/2019\/01\/12\/dakar-2019-ales-loprais-postoupil-do-prvni-sestky\/\"},\"wordCount\":713,\"commentCount\":0,\"publisher\":{\"@id\":\"https:\/\/www.dakarmania.cz\/#organization\"},\"image\":{\"@id\":\"https:\/\/www.dakarmania.cz\/index.php\/2019\/01\/12\/dakar-2019-ales-loprais-postoupil-do-prvni-sestky\/#primaryimage\"},\"thumbnailUrl\":\"https:\/\/www.dakarmania.cz\/wp-content\/uploads\/2019\/01\/19-dakar-loprais08.jpg\",\"keywords\":[\"Ale\u0161 Loprais\",\"Dakar\",\"Dakar 2019\",\"Ferran Marco Alcayna\",\"Loprais Team\",\"Petr Pokora\",\"Tatra\"],\"articleSection\":[\"Kamiony\",\"Rally Dakar\",\"Tiskov\u00e9 zpr\u00e1vy\"],\"inLanguage\":\"cs\",\"potentialAction\":[{\"@type\":\"CommentAction\",\"name\":\"Comment\",\"target\":[\"https:\/\/www.dakarmania.cz\/index.php\/2019\/01\/12\/dakar-2019-ales-loprais-postoupil-do-prvni-sestky\/#respond\"]}]},{\"@type\":\"WebPage\",\"@id\":\"https:\/\/www.dakarmania.cz\/index.php\/2019\/01\/12\/dakar-2019-ales-loprais-postoupil-do-prvni-sestky\/\",\"url\":\"https:\/\/www.dakarmania.cz\/index.php\/2019\/01\/12\/dakar-2019-ales-loprais-postoupil-do-prvni-sestky\/\",\"name\":\"Dakar 2019: Ale\u0161 Loprais postoupil do prvn\u00ed \u0161estky - DAKARMANIA.cz\",\"isPartOf\":{\"@id\":\"https:\/\/www.dakarmania.cz\/#website\"},\"primaryImageOfPage\":{\"@id\":\"https:\/\/www.dakarmania.cz\/index.php\/2019\/01\/12\/dakar-2019-ales-loprais-postoupil-do-prvni-sestky\/#primaryimage\"},\"image\":{\"@id\":\"https:\/\/www.dakarmania.cz\/index.php\/2019\/01\/12\/dakar-2019-ales-loprais-postoupil-do-prvni-sestky\/#primaryimage\"},\"thumbnailUrl\":\"https:\/\/www.dakarmania.cz\/wp-content\/uploads\/2019\/01\/19-dakar-loprais08.jpg\",\"datePublished\":\"2019-01-12T11:01:11+00:00\",\"dateModified\":\"2021-08-11T05:55:10+00:00\",\"description\":\"Ale\u0161 Loprais, Ferran Marco Alcayna a Petr Pokora si po p\u00e1te\u010dn\u00ed etap\u011b Rally Dakar 2019 v pr\u016fb\u011b\u017en\u00e9m hodnocen\u00ed kategorie kamion\u016f op\u011bt polep\u0161ili.\",\"breadcrumb\":{\"@id\":\"https:\/\/www.dakarmania.cz\/index.php\/2019\/01\/12\/dakar-2019-ales-loprais-postoupil-do-prvni-sestky\/#breadcrumb\"},\"inLanguage\":\"cs\",\"potentialAction\":[{\"@type\":\"ReadAction\",\"target\":[\"https:\/\/www.dakarmania.cz\/index.php\/2019\/01\/12\/dakar-2019-ales-loprais-postoupil-do-prvni-sestky\/\"]}]},{\"@type\":\"ImageObject\",\"inLanguage\":\"cs\",\"@id\":\"https:\/\/www.dakarmania.cz\/index.php\/2019\/01\/12\/dakar-2019-ales-loprais-postoupil-do-prvni-sestky\/#primaryimage\",\"url\":\"https:\/\/www.dakarmania.cz\/wp-content\/uploads\/2019\/01\/19-dakar-loprais08.jpg\",\"contentUrl\":\"https:\/\/www.dakarmania.cz\/wp-content\/uploads\/2019\/01\/19-dakar-loprais08.jpg\",\"width\":2048,\"height\":1365,\"caption\":\"Ale\u0161 Loprais\/Ferran Marco Alcayna\/Petr Pokora, Tatra Jamal Queen 69, Instaforex Loprais Team. Rally Dakar 2019. \u00a9 Loprais Team\"},{\"@type\":\"BreadcrumbList\",\"@id\":\"https:\/\/www.dakarmania.cz\/index.php\/2019\/01\/12\/dakar-2019-ales-loprais-postoupil-do-prvni-sestky\/#breadcrumb\",\"itemListElement\":[{\"@type\":\"ListItem\",\"position\":1,\"name\":\"Dom\u016f\",\"item\":\"https:\/\/www.dakarmania.cz\/\"},{\"@type\":\"ListItem\",\"position\":2,\"name\":\"Dakar 2019: Ale\u0161 Loprais postoupil do prvn\u00ed \u0161estky\"}]},{\"@type\":\"WebSite\",\"@id\":\"https:\/\/www.dakarmania.cz\/#website\",\"url\":\"https:\/\/www.dakarmania.cz\/\",\"name\":\"DAKARMANIA.cz\",\"description\":\"\u017dijeme Dakarem cel\u00fd rok\",\"publisher\":{\"@id\":\"https:\/\/www.dakarmania.cz\/#organization\"},\"potentialAction\":[{\"@type\":\"SearchAction\",\"target\":{\"@type\":\"EntryPoint\",\"urlTemplate\":\"https:\/\/www.dakarmania.cz\/?s={search_term_string}\"},\"query-input\":{\"@type\":\"PropertyValueSpecification\",\"valueRequired\":true,\"valueName\":\"search_term_string\"}}],\"inLanguage\":\"cs\"},{\"@type\":\"Organization\",\"@id\":\"https:\/\/www.dakarmania.cz\/#organization\",\"name\":\"DAKAR MANIA\",\"url\":\"https:\/\/www.dakarmania.cz\/\",\"logo\":{\"@type\":\"ImageObject\",\"inLanguage\":\"cs\",\"@id\":\"https:\/\/www.dakarmania.cz\/#\/schema\/logo\/image\/\",\"url\":\"https:\/\/www.dakarmania.cz\/wp-content\/uploads\/2018\/12\/Dakar-Mania-Logo-Square-Orange.png\",\"contentUrl\":\"https:\/\/www.dakarmania.cz\/wp-content\/uploads\/2018\/12\/Dakar-Mania-Logo-Square-Orange.png\",\"width\":992,\"height\":992,\"caption\":\"DAKAR MANIA\"},\"image\":{\"@id\":\"https:\/\/www.dakarmania.cz\/#\/schema\/logo\/image\/\"},\"sameAs\":[\"https:\/\/www.facebook.com\/dakarmania\/\"]},{\"@type\":\"Person\",\"@id\":\"https:\/\/www.dakarmania.cz\/#\/schema\/person\/bce8d1fe3633b1178e150fc5e340d5dd\",\"name\":\"tiskov\u00e1 zpr\u00e1va\",\"image\":{\"@type\":\"ImageObject\",\"inLanguage\":\"cs\",\"@id\":\"https:\/\/www.dakarmania.cz\/#\/schema\/person\/image\/\",\"url\":\"https:\/\/secure.gravatar.com\/avatar\/19aefcb6c7bfae691fca4d805686c670f59bb4f7414c7b398b88dc9c8f4e96d5?s=96&d=mm&r=g\",\"contentUrl\":\"https:\/\/secure.gravatar.com\/avatar\/19aefcb6c7bfae691fca4d805686c670f59bb4f7414c7b398b88dc9c8f4e96d5?s=96&d=mm&r=g\",\"caption\":\"tiskov\u00e1 zpr\u00e1va\"},\"url\":\"https:\/\/www.dakarmania.cz\/index.php\/author\/tiskovezpravy\/\"}]}<\/script>\n<!-- \/ Yoast SEO plugin. -->","yoast_head_json":{"title":"Dakar 2019: Ale\u0161 Loprais postoupil do prvn\u00ed \u0161estky - DAKARMANIA.cz","description":"Ale\u0161 Loprais, Ferran Marco Alcayna a Petr Pokora si po p\u00e1te\u010dn\u00ed etap\u011b Rally Dakar 2019 v pr\u016fb\u011b\u017en\u00e9m hodnocen\u00ed kategorie kamion\u016f op\u011bt polep\u0161ili.","robots":{"index":"index","follow":"follow","max-snippet":"max-snippet:-1","max-image-preview":"max-image-preview:large","max-video-preview":"max-video-preview:-1"},"canonical":"https:\/\/www.dakarmania.cz\/index.php\/2019\/01\/12\/dakar-2019-ales-loprais-postoupil-do-prvni-sestky\/","og_locale":"cs_CZ","og_type":"article","og_title":"Dakar 2019: Ale\u0161 Loprais postoupil do prvn\u00ed \u0161estky - DAKARMANIA.cz","og_description":"Ale\u0161 Loprais, Ferran Marco Alcayna a Petr Pokora si po p\u00e1te\u010dn\u00ed etap\u011b Rally Dakar 2019 v pr\u016fb\u011b\u017en\u00e9m hodnocen\u00ed kategorie kamion\u016f op\u011bt polep\u0161ili.","og_url":"https:\/\/www.dakarmania.cz\/index.php\/2019\/01\/12\/dakar-2019-ales-loprais-postoupil-do-prvni-sestky\/","og_site_name":"DAKARMANIA.cz","article_publisher":"https:\/\/www.facebook.com\/dakarmania\/","article_published_time":"2019-01-12T11:01:11+00:00","article_modified_time":"2021-08-11T05:55:10+00:00","og_image":[{"width":2048,"height":1365,"url":"https:\/\/www.dakarmania.cz\/wp-content\/uploads\/2019\/01\/19-dakar-loprais08.jpg","type":"image\/jpeg"}],"author":"tiskov\u00e1 zpr\u00e1va","twitter_card":"summary_large_image","twitter_misc":{"Napsal(a)":"tiskov\u00e1 zpr\u00e1va","Odhadovan\u00e1 doba \u010dten\u00ed":"4 minuty"},"schema":{"@context":"https:\/\/schema.org","@graph":[{"@type":"Article","@id":"https:\/\/www.dakarmania.cz\/index.php\/2019\/01\/12\/dakar-2019-ales-loprais-postoupil-do-prvni-sestky\/#article","isPartOf":{"@id":"https:\/\/www.dakarmania.cz\/index.php\/2019\/01\/12\/dakar-2019-ales-loprais-postoupil-do-prvni-sestky\/"},"author":{"name":"tiskov\u00e1 zpr\u00e1va","@id":"https:\/\/www.dakarmania.cz\/#\/schema\/person\/bce8d1fe3633b1178e150fc5e340d5dd"},"headline":"Dakar 2019: Ale\u0161 Loprais postoupil do prvn\u00ed \u0161estky","datePublished":"2019-01-12T11:01:11+00:00","dateModified":"2021-08-11T05:55:10+00:00","mainEntityOfPage":{"@id":"https:\/\/www.dakarmania.cz\/index.php\/2019\/01\/12\/dakar-2019-ales-loprais-postoupil-do-prvni-sestky\/"},"wordCount":713,"commentCount":0,"publisher":{"@id":"https:\/\/www.dakarmania.cz\/#organization"},"image":{"@id":"https:\/\/www.dakarmania.cz\/index.php\/2019\/01\/12\/dakar-2019-ales-loprais-postoupil-do-prvni-sestky\/#primaryimage"},"thumbnailUrl":"https:\/\/www.dakarmania.cz\/wp-content\/uploads\/2019\/01\/19-dakar-loprais08.jpg","keywords":["Ale\u0161 Loprais","Dakar","Dakar 2019","Ferran Marco Alcayna","Loprais Team","Petr Pokora","Tatra"],"articleSection":["Kamiony","Rally Dakar","Tiskov\u00e9 zpr\u00e1vy"],"inLanguage":"cs","potentialAction":[{"@type":"CommentAction","name":"Comment","target":["https:\/\/www.dakarmania.cz\/index.php\/2019\/01\/12\/dakar-2019-ales-loprais-postoupil-do-prvni-sestky\/#respond"]}]},{"@type":"WebPage","@id":"https:\/\/www.dakarmania.cz\/index.php\/2019\/01\/12\/dakar-2019-ales-loprais-postoupil-do-prvni-sestky\/","url":"https:\/\/www.dakarmania.cz\/index.php\/2019\/01\/12\/dakar-2019-ales-loprais-postoupil-do-prvni-sestky\/","name":"Dakar 2019: Ale\u0161 Loprais postoupil do prvn\u00ed \u0161estky - DAKARMANIA.cz","isPartOf":{"@id":"https:\/\/www.dakarmania.cz\/#website"},"primaryImageOfPage":{"@id":"https:\/\/www.dakarmania.cz\/index.php\/2019\/01\/12\/dakar-2019-ales-loprais-postoupil-do-prvni-sestky\/#primaryimage"},"image":{"@id":"https:\/\/www.dakarmania.cz\/index.php\/2019\/01\/12\/dakar-2019-ales-loprais-postoupil-do-prvni-sestky\/#primaryimage"},"thumbnailUrl":"https:\/\/www.dakarmania.cz\/wp-content\/uploads\/2019\/01\/19-dakar-loprais08.jpg","datePublished":"2019-01-12T11:01:11+00:00","dateModified":"2021-08-11T05:55:10+00:00","description":"Ale\u0161 Loprais, Ferran Marco Alcayna a Petr Pokora si po p\u00e1te\u010dn\u00ed etap\u011b Rally Dakar 2019 v pr\u016fb\u011b\u017en\u00e9m hodnocen\u00ed kategorie kamion\u016f op\u011bt polep\u0161ili.","breadcrumb":{"@id":"https:\/\/www.dakarmania.cz\/index.php\/2019\/01\/12\/dakar-2019-ales-loprais-postoupil-do-prvni-sestky\/#breadcrumb"},"inLanguage":"cs","potentialAction":[{"@type":"ReadAction","target":["https:\/\/www.dakarmania.cz\/index.php\/2019\/01\/12\/dakar-2019-ales-loprais-postoupil-do-prvni-sestky\/"]}]},{"@type":"ImageObject","inLanguage":"cs","@id":"https:\/\/www.dakarmania.cz\/index.php\/2019\/01\/12\/dakar-2019-ales-loprais-postoupil-do-prvni-sestky\/#primaryimage","url":"https:\/\/www.dakarmania.cz\/wp-content\/uploads\/2019\/01\/19-dakar-loprais08.jpg","contentUrl":"https:\/\/www.dakarmania.cz\/wp-content\/uploads\/2019\/01\/19-dakar-loprais08.jpg","width":2048,"height":1365,"caption":"Ale\u0161 Loprais\/Ferran Marco Alcayna\/Petr Pokora, Tatra Jamal Queen 69, Instaforex Loprais Team. Rally Dakar 2019. \u00a9 Loprais Team"},{"@type":"BreadcrumbList","@id":"https:\/\/www.dakarmania.cz\/index.php\/2019\/01\/12\/dakar-2019-ales-loprais-postoupil-do-prvni-sestky\/#breadcrumb","itemListElement":[{"@type":"ListItem","position":1,"name":"Dom\u016f","item":"https:\/\/www.dakarmania.cz\/"},{"@type":"ListItem","position":2,"name":"Dakar 2019: Ale\u0161 Loprais postoupil do prvn\u00ed \u0161estky"}]},{"@type":"WebSite","@id":"https:\/\/www.dakarmania.cz\/#website","url":"https:\/\/www.dakarmania.cz\/","name":"DAKARMANIA.cz","description":"\u017dijeme Dakarem cel\u00fd rok","publisher":{"@id":"https:\/\/www.dakarmania.cz\/#organization"},"potentialAction":[{"@type":"SearchAction","target":{"@type":"EntryPoint","urlTemplate":"https:\/\/www.dakarmania.cz\/?s={search_term_string}"},"query-input":{"@type":"PropertyValueSpecification","valueRequired":true,"valueName":"search_term_string"}}],"inLanguage":"cs"},{"@type":"Organization","@id":"https:\/\/www.dakarmania.cz\/#organization","name":"DAKAR MANIA","url":"https:\/\/www.dakarmania.cz\/","logo":{"@type":"ImageObject","inLanguage":"cs","@id":"https:\/\/www.dakarmania.cz\/#\/schema\/logo\/image\/","url":"https:\/\/www.dakarmania.cz\/wp-content\/uploads\/2018\/12\/Dakar-Mania-Logo-Square-Orange.png","contentUrl":"https:\/\/www.dakarmania.cz\/wp-content\/uploads\/2018\/12\/Dakar-Mania-Logo-Square-Orange.png","width":992,"height":992,"caption":"DAKAR MANIA"},"image":{"@id":"https:\/\/www.dakarmania.cz\/#\/schema\/logo\/image\/"},"sameAs":["https:\/\/www.facebook.com\/dakarmania\/"]},{"@type":"Person","@id":"https:\/\/www.dakarmania.cz\/#\/schema\/person\/bce8d1fe3633b1178e150fc5e340d5dd","name":"tiskov\u00e1 zpr\u00e1va","image":{"@type":"ImageObject","inLanguage":"cs","@id":"https:\/\/www.dakarmania.cz\/#\/schema\/person\/image\/","url":"https:\/\/secure.gravatar.com\/avatar\/19aefcb6c7bfae691fca4d805686c670f59bb4f7414c7b398b88dc9c8f4e96d5?s=96&d=mm&r=g","contentUrl":"https:\/\/secure.gravatar.com\/avatar\/19aefcb6c7bfae691fca4d805686c670f59bb4f7414c7b398b88dc9c8f4e96d5?s=96&d=mm&r=g","caption":"tiskov\u00e1 zpr\u00e1va"},"url":"https:\/\/www.dakarmania.cz\/index.php\/author\/tiskovezpravy\/"}]}},"amp_enabled":true,"_links":{"self":[{"href":"https:\/\/www.dakarmania.cz\/index.php\/wp-json\/wp\/v2\/posts\/1912","targetHints":{"allow":["GET"]}}],"collection":[{"href":"https:\/\/www.dakarmania.cz\/index.php\/wp-json\/wp\/v2\/posts"}],"about":[{"href":"https:\/\/www.dakarmania.cz\/index.php\/wp-json\/wp\/v2\/types\/post"}],"author":[{"embeddable":true,"href":"https:\/\/www.dakarmania.cz\/index.php\/wp-json\/wp\/v2\/users\/3"}],"replies":[{"embeddable":true,"href":"https:\/\/www.dakarmania.cz\/index.php\/wp-json\/wp\/v2\/comments?post=1912"}],"version-history":[{"count":8,"href":"https:\/\/www.dakarmania.cz\/index.php\/wp-json\/wp\/v2\/posts\/1912\/revisions"}],"predecessor-version":[{"id":22525,"href":"https:\/\/www.dakarmania.cz\/index.php\/wp-json\/wp\/v2\/posts\/1912\/revisions\/22525"}],"wp:featuredmedia":[{"embeddable":true,"href":"https:\/\/www.dakarmania.cz\/index.php\/wp-json\/wp\/v2\/media\/1913"}],"wp:attachment":[{"href":"https:\/\/www.dakarmania.cz\/index.php\/wp-json\/wp\/v2\/media?parent=1912"}],"wp:term":[{"taxonomy":"category","embeddable":true,"href":"https:\/\/www.dakarmania.cz\/index.php\/wp-json\/wp\/v2\/categories?post=1912"},{"taxonomy":"post_tag","embeddable":true,"href":"https:\/\/www.dakarmania.cz\/index.php\/wp-json\/wp\/v2\/tags?post=1912"}],"curies":[{"name":"wp","href":"https:\/\/api.w.org\/{rel}","templated":true}]}}