{"id":19165,"date":"2021-05-16T16:39:46","date_gmt":"2021-05-16T14:39:46","guid":{"rendered":"https:\/\/www.dakarmania.cz\/?p=19165"},"modified":"2021-10-20T19:04:11","modified_gmt":"2021-10-20T17:04:11","slug":"2021-andalucia-moto","status":"publish","type":"post","link":"https:\/\/www.dakarmania.cz\/index.php\/2021\/05\/16\/2021-andalucia-moto\/","title":{"rendered":"Andaluc\u00eda Rally: Brabec se po bloud\u011bn\u00ed a p\u00e1du do des\u00edtky neve\u0161el"},"content":{"rendered":"<p>[vc_row][vc_column][vc_column_text css_animation=&#8221;fadeIn&#8221;]<\/p>\n<h3>Joan Barreda na tov\u00e1rn\u00ed Hond\u011b je zp\u00e1tky. Po t\u011b\u017eko pochopiteln\u00e9 chyb\u011b v z\u00e1v\u011bru lednov\u00e9ho Dakaru si \u0160pan\u011bl napravil reputaci v\u00edt\u011bzstv\u00edm na dom\u00e1c\u00ed Andaluc\u00eda Rally.<\/h3>\n<p>[\/vc_column_text][vc_column_text css_animation=&#8221;fadeIn&#8221; css=&#8221;.vc_custom_1621193454572{border-top-width: 1px !important;border-right-width: 1px !important;border-bottom-width: 1px !important;border-left-width: 1px !important;padding-top: 10px !important;padding-right: 10px !important;padding-bottom: 20px !important;padding-left: 10px !important;background-color: #f2f2f2 !important;}&#8221;]<\/p>\n<p style=\"text-align: center;\"><strong>Andaluc\u00eda Rally 2021 den po dni:<\/strong><\/p>\n<p style=\"text-align: center;\"><a href=\"\/index.php\/2021\/05\/06\/2021-andalucia-moto\/#preview\">p\u0159ed startem<\/a> | <a href=\"\/index.php\/2021\/05\/06\/2021-andalucia-moto\/#prolog\">prolog<\/a><br \/>\n<a href=\"\/index.php\/2021\/05\/06\/2021-andalucia-moto\/#1\">1. etapa<\/a> | <a href=\"\/index.php\/2021\/05\/06\/2021-andalucia-moto\/#2\">2. etapa<\/a> | <a href=\"\/index.php\/2021\/05\/06\/2021-andalucia-moto\/#3\">3. etapa<\/a> | <a href=\"\/index.php\/2021\/05\/06\/2021-andalucia-moto\/#4\">4. etapa<\/a><\/p>\n<p>[\/vc_column_text][vc_tta_pageable no_fill_content_area=&#8221;1&#8243; active_section=&#8221;1&#8243; pagination_style=&#8221;&#8221; css_animation=&#8221;fadeIn&#8221;][vc_tta_section title=&#8221;4&#8243; tab_id=&#8221;4&#8243;][vc_single_image image=&#8221;19314&#8243; img_size=&#8221;large&#8221; add_caption=&#8221;yes&#8221; alignment=&#8221;center&#8221; onclick=&#8221;link_image&#8221; css_animation=&#8221;fadeIn&#8221;][vc_column_text css_animation=&#8221;fadeIn&#8221;]<\/p>\n<h4>Moto: Z\u00e1v\u011br pat\u0159il Hond\u011b<\/h4>\n<p><span style=\"color: #999999;\">[16.5.2021, 20:50]<\/span><\/p>\n<p>P\u0159ed Dakarem 2021 Joan Barreda p\u0159ipustil \u00favahy o mo\u017en\u00e9m konci sv\u00e9 motocyklov\u00e9 kari\u00e9ry. Rozhodnout se cht\u011bl podle v\u00fdsledk\u016f sout\u011b\u017ee. V jej\u00edm pr\u016fb\u011bhu vyhr\u00e1l t\u0159i etapy a do p\u0159edposledn\u00edho dne \u0161el ze \u010dtvrt\u00e9ho m\u00edsta. Jen\u017ee pak nepochopiteln\u011b minul tankovac\u00ed z\u00f3nu a o chv\u00edli pozd\u011bji pro n\u011bj z\u00e1vod p\u0159ed\u010dasn\u011b skon\u010dil. Jeho Honda bez pot\u0159ebn\u00e9ho paliva z\u016fstala bezmocn\u011b st\u00e1t na trati.<\/p>\n<p>O \u010dty\u0159i m\u011bs\u00edce pozd\u011bji v\u0161ak \u0160pan\u011bl uk\u00e1zal, \u017ee motivaci st\u00e1le je\u0161t\u011b neztr\u00e1c\u00ed. P\u0159i Andalusk\u00e9 rally od po\u010d\u00e1tku bojoval s Lorenzem Santolinem o veden\u00ed a jezdce tov\u00e1rn\u00edho t\u00fdmu Sherco dok\u00e1zal udr\u017eet za sv\u00fdmi z\u00e1dy. V posledn\u00ed etap\u011b, p\u0159i kter\u00e9 otev\u00edral tra\u0165, dos\u00e1hl druh\u00e9ho \u010dasu, na sv\u00e9ho krajana najel dal\u0161\u00ed 36 sekund a v celkov\u00e9m sou\u010dtu jej porazil o t\u0159i a p\u016fl minuty.<\/p>\n<p><em>\u201eNebylo to snadn\u00e9, proto\u017ee jsem startoval jako prvn\u00ed, nav\u00edc n\u00e1s \u010dekaly n\u011bkter\u00e9 \u00faseky, na nich\u017e se z\u00e1vodilo u\u017e v p\u0159edchoz\u00edch dnech. Tam byla tra\u0165 hodn\u011b rozbit\u00e1. Musel jsem zachovat chladnou hlavu a dr\u017eet vysok\u00e9 tempo, proto\u017ee jsem v\u011bd\u011bl, \u017ee jezdci za mnou do toho p\u016fjdou naplno. Ale c\u00edtil jsem se dob\u0159e a sv\u00e9 tempo jsem dok\u00e1zal dr\u017eet a\u017e do c\u00edle. Speci\u00e1lku jsem zajel dob\u0159e a d\u00edky tomu jsem vyhr\u00e1l rally,\u201c<\/em> bilancuje <strong>Joan Barreda<\/strong>.[\/vc_column_text][vc_column_text css_animation=&#8221;fadeIn&#8221;]Spokojen\u00fd opou\u0161t\u00ed \u0160pan\u011blsko tak\u00e9 Barred\u016fv nov\u00fd t\u00fdmov\u00fd kolega Pablo Quintanilla. P\u0159esto\u017ee se Chilan c\u00edt\u00ed mnohem l\u00e9pe v pou\u0161ti ne\u017e na trat\u00edch, kter\u00e9 sv\u00fdm charakterem p\u0159ipom\u00ednaly sp\u00ed\u0161e evropsk\u00e9 baji, bl\u00fdskl se v\u00fdhrou na posledn\u00ed speci\u00e1lce (185 km) a \u00fasp\u011bch Hondy podtrh t\u0159et\u00edm m\u00edstem absolutn\u011b.<\/p>\n<p><em>\u201ePrvn\u00ed z\u00e1vod v barv\u00e1ch nov\u00e9ho t\u00fdmu jsem dokon\u010dil a mohu \u0159\u00edct jen to, \u017ee z toho m\u00e1m velkou radost. Byl to drsn\u00fd, intenzivn\u00ed, ale tak\u00e9 d\u016fle\u017eit\u00fd t\u00fdden, b\u011bhem n\u011bho\u017e jsem m\u011bl mo\u017enost poznat t\u00fdm a jeho fungov\u00e1n\u00ed. Postupn\u011b jsme se zlep\u0161ovali a v\u0161e zakon\u010dili cenn\u00fdm etapov\u00fdm v\u00edt\u011bzstv\u00edm. Te\u010f si trochu odpo\u010dineme a napl\u00e1nujeme nejbli\u017e\u0161\u00ed budoucnost. T\u011b\u0161\u00edm se na to, co n\u00e1s \u010dek\u00e1,\u201c<\/em> \u0159\u00edk\u00e1 <strong>Pablo Quintanilla<\/strong>.<\/p>\n<p>Nejlep\u0161\u00edm z jezdc\u016f t\u0159et\u00edho tov\u00e1rn\u00edho t\u00fdmu, kter\u00fd se v Andalusii p\u0159edstavil, byl Joaquim Rodrigues, kter\u00fd s motocyklem Hero obsadil \u010dtvrtou p\u0159\u00ed\u010dku. P\u00e1t\u00fd skon\u010dil Portugalc\u016fv kolega Franco Caimi, jen\u017e do st\u00e1je indick\u00e9ho v\u00fdrobce p\u0159e\u0161el letos na ja\u0159e od Yamahy.<\/p>\n<p>Ital Jacopo Cerutti jel ve \u0160pan\u011blsku prvn\u00ed cross-country rally od Dakaru 2020 a po \u0161estn\u00e1ctim\u011bs\u00ed\u010dn\u00ed p\u0159est\u00e1vce si po\u010d\u00ednal velmi dob\u0159e. V c\u00edli byl klasifikov\u00e1n jako \u0161est\u00fd.[\/vc_column_text][vc_single_image image=&#8221;19315&#8243; img_size=&#8221;large&#8221; add_caption=&#8221;yes&#8221; alignment=&#8221;center&#8221; onclick=&#8221;link_image&#8221; css_animation=&#8221;fadeIn&#8221;][vc_column_text css_animation=&#8221;fadeIn&#8221;]<\/p>\n<h4>Moto: Brabec dvan\u00e1ct\u00fd<\/h4>\n<p><span style=\"color: #999999;\">[16.5.2021, 20:50]<\/span><\/p>\n<p>Podobn\u011b jako loni na podzim, kdy se Andalusk\u00e1 rally jela poprv\u00e9, ukazoval Jan Brabec na n\u011bkter\u00fdch \u00fasec\u00edch, \u017ee mu zdej\u0161\u00ed trat\u011b sed\u00ed. Na n\u011bkolika speci\u00e1lk\u00e1ch atakoval prvn\u00ed des\u00edtku, ale ve fin\u00e1le do n\u00ed ani jednou nenakoukl. V prvn\u00ed etap\u011b p\u0159i\u0161el o zaj\u00edmav\u00e9 um\u00edst\u011bn\u00ed kv\u016fli bloud\u011bn\u00ed v jej\u00edm z\u00e1v\u011bru, zat\u00edmco o dva dny pozd\u011bji ztratil p\u0159ibli\u017en\u011b sedm minut po nep\u0159\u00edjemn\u00e9m p\u00e1du. Mezi 55 z\u00e1vodn\u00edky, kte\u0159\u00ed do sout\u011b\u017ee odstartovali v kategorii Moto Rally, skon\u010dil dvan\u00e1ct\u00fd. Od jeden\u00e1ct\u00e9ho Francouze Juliena Jagua (KTM), kter\u00fd byl nej\u00fasp\u011b\u0161n\u011bj\u0161\u00ed mezi motork\u00e1\u0159i usiluj\u00edc\u00edmi o kvalifikaci na Dakar 2022, d\u011blilo jezdce t\u00fdmu Strojrent Racing v c\u00edli necel\u00fdch sedm minut.[\/vc_column_text][vc_column_text css_animation=&#8221;fadeIn&#8221;]<\/p>\n<table style=\"width: 97.7654%;\" rules=\"rows\" cellpadding=\"4px\">\n<tbody>\n<tr style=\"background-color: #dd8500; color: white;\">\n<td style=\"text-align: center;\" colspan=\"4\"><span style=\"font-size: 10pt;\"><strong>ANDALUC\u00cdA RALLY 2021 &#8211; MOTO<br \/>\ncelkov\u00e9 v\u00fdsledky<\/strong><\/span><\/td>\n<\/tr>\n<tr style=\"background-color: #dbd9d9;\">\n<td>1.<\/td>\n<td>Joan Barreda<\/td>\n<td>Honda CRF450 Rally<\/td>\n<td style=\"text-align: right;\">10:47:32<\/td>\n<\/tr>\n<tr style=\"background-color: #f2f2f2;\">\n<td>2.<\/td>\n<td>Lorenzo Santolino<\/td>\n<td>Sherco 450 SEF Factory<\/td>\n<td style=\"text-align: right;\">+3:28<\/td>\n<\/tr>\n<tr style=\"background-color: #dbd9d9;\">\n<td>3.<\/td>\n<td>Pablo Quintanilla<\/td>\n<td>Honda CRF450 Rally<\/td>\n<td style=\"text-align: right;\">+10:29<\/td>\n<\/tr>\n<tr style=\"background-color: #f2f2f2;\">\n<td>4.<\/td>\n<td>Joaquim Rodrigues<\/td>\n<td>Hero 450 Rally<\/td>\n<td style=\"text-align: right;\">+13:50<\/td>\n<\/tr>\n<tr style=\"background-color: #dbd9d9;\">\n<td>5.<\/td>\n<td>Franco Caimi<\/td>\n<td>Hero 450 Rally<\/td>\n<td style=\"text-align: right;\">+14:05<\/td>\n<\/tr>\n<tr style=\"background-color: #f2f2f2;\">\n<td>6.<\/td>\n<td>Jacopo Cerutti<\/td>\n<td>Husqvarna FR 450 Rally Replica<\/td>\n<td style=\"text-align: right;\">+22:05<\/td>\n<\/tr>\n<tr style=\"background-color: #dbd9d9;\">\n<td>7.<\/td>\n<td>Joan Pedrero<\/td>\n<td>Rieju 450<\/td>\n<td style=\"text-align: right;\">+23:29<\/td>\n<\/tr>\n<tr style=\"background-color: #f2f2f2;\">\n<td>8.<\/td>\n<td>Sebastian B\u00fchler<\/td>\n<td>Hero 450 Rally<\/td>\n<td style=\"text-align: right;\">+26:04<\/td>\n<\/tr>\n<tr style=\"background-color: #dbd9d9;\">\n<td>9.<\/td>\n<td>Mathieu Doveze<\/td>\n<td>KTM 450 Rally Replica<\/td>\n<td style=\"text-align: right;\">+40:44<\/td>\n<\/tr>\n<tr style=\"background-color: #f2f2f2;\">\n<td>10.<\/td>\n<td>Rui Gon\u00e7alves<\/td>\n<td>Sherco 450 SEF Factory<\/td>\n<td style=\"text-align: right;\">+42:39<\/td>\n<\/tr>\n<tr style=\"background-color: #808080;\">\n<td style=\"text-align: center;\" colspan=\"4\"><\/td>\n<\/tr>\n<tr style=\"background-color: #dbd9d9;\">\n<td>12.<\/td>\n<td>Jan Brabec<\/td>\n<td>KTM 450 Rally Replica<\/td>\n<td style=\"text-align: right;\">+56:30<\/td>\n<\/tr>\n<\/tbody>\n<\/table>\n<p>[\/vc_column_text][vc_column_text css_animation=&#8221;fadeIn&#8221;]<\/p>\n<h4>Quad: Suver\u00e9nn\u00ed Souday, T\u016fma p\u00e1t\u00fd<\/h4>\n<p><span style=\"color: #999999;\">[16.5.2021, 21:00]<\/span><\/p>\n<p>Zden\u011bk T\u016fma byl v z\u00e1v\u011bre\u010dn\u00e9 etap\u011b rychlej\u0161\u00ed ne\u017e Laisvydas Kancius, ale z Litevcova n\u00e1skoku umazal jen p\u016fl minuty, co\u017e na zm\u011bnu v celkov\u00e9m po\u0159ad\u00ed quad\u016f nesta\u010dilo. Jiho\u010desk\u00e9mu jezdci t\u00fdmu Barth Racing pat\u0159\u00ed v c\u00edli sout\u011b\u017ee p\u00e1t\u00e1 p\u0159\u00ed\u010dka.[\/vc_column_text][vc_single_image image=&#8221;19316&#8243; img_size=&#8221;large&#8221; add_caption=&#8221;yes&#8221; alignment=&#8221;center&#8221; onclick=&#8221;link_image&#8221; css_animation=&#8221;fadeIn&#8221;][vc_column_text css_animation=&#8221;fadeIn&#8221;]Stoprocentn\u00ed \u00fasp\u011b\u0161nost v ned\u011bli udr\u017eel Francouz S\u00e9bastien Souday, kter\u00fd po v\u00edt\u011bzstv\u00ed v prologu opanoval i v\u0161echny \u010dty\u0159i n\u00e1sleduj\u00edc\u00ed etapy a mezi \u010dty\u0159kolk\u00e1\u0159i zv\u00edt\u011bzil s v\u00edce ne\u017e p\u016flhodinov\u00fdm n\u00e1skokem p\u0159ed krajanem Vincentem Padronou. Zku\u0161en\u00fd \u0160pan\u011bl Toni Vingut sice na posledn\u00ed speci\u00e1lce na Korsi\u010dana najel p\u011bt minut, ale celkov\u011b se musel spokojit s t\u0159et\u00edm m\u00edstem.[\/vc_column_text][vc_column_text css_animation=&#8221;fadeIn&#8221;]<\/p>\n<table style=\"width: 97.7654%;\" rules=\"rows\" cellpadding=\"4px\">\n<tbody>\n<tr style=\"background-color: #dd8500; color: white;\">\n<td style=\"text-align: center;\" colspan=\"4\"><span style=\"font-size: 10pt;\"><strong>ANDALUC\u00cdA RALLY 2021 &#8211; QUAD<br \/>\ncelkov\u00e9 v\u00fdsledky<\/strong><\/span><\/td>\n<\/tr>\n<tr style=\"background-color: #dbd9d9;\">\n<td>1.<\/td>\n<td>S\u00e9bastien Souday<\/td>\n<td>Yamaha 450 YFZR<\/td>\n<td style=\"text-align: right;\">12:32:19<\/td>\n<\/tr>\n<tr style=\"background-color: #f2f2f2;\">\n<td>2.<\/td>\n<td>Vincent Padrona<\/td>\n<td>Yamaha Raptor 700<\/td>\n<td style=\"text-align: right;\">+30:02<\/td>\n<\/tr>\n<tr style=\"background-color: #dbd9d9;\">\n<td>3.<\/td>\n<td>Toni Vingut<\/td>\n<td>Yamaha Raptor 700<\/td>\n<td style=\"text-align: right;\">+38:54<\/td>\n<\/tr>\n<tr style=\"background-color: #f2f2f2;\">\n<td>4.<\/td>\n<td>Laisvydas Kancius<\/td>\n<td>Yamaha YFM 700<\/td>\n<td style=\"text-align: right;\">+1:18:32<\/td>\n<\/tr>\n<tr style=\"background-color: #dbd9d9;\">\n<td>5.<\/td>\n<td>Zden\u011bk T\u016fma<\/td>\n<td>Yamaha Raptor 700<\/td>\n<td style=\"text-align: right;\">+1:33:59<\/td>\n<\/tr>\n<\/tbody>\n<\/table>\n<p>[\/vc_column_text][vc_column_text css_animation=&#8221;fadeIn&#8221; css=&#8221;.vc_custom_1620338744360{border-top-width: 1px !important;border-right-width: 1px !important;border-bottom-width: 1px !important;border-left-width: 1px !important;padding-top: 10px !important;padding-right: 10px !important;padding-bottom: 20px !important;padding-left: 10px !important;background-color: #f2f2f2 !important;}&#8221;]<\/p>\n<h3 style=\"text-align: center;\"><strong><a href=\"\/index.php\/2021\/05\/06\/2021-andalucia-moto\/#3\">\u00ab 3. etapa<\/a><\/strong><\/h3>\n<p>[\/vc_column_text][\/vc_tta_section][vc_tta_section title=&#8221;3&#8243; tab_id=&#8221;3&#8243;][vc_single_image image=&#8221;19297&#8243; img_size=&#8221;large&#8221; add_caption=&#8221;yes&#8221; alignment=&#8221;center&#8221; onclick=&#8221;link_image&#8221; css_animation=&#8221;fadeIn&#8221;][vc_column_text css_animation=&#8221;fadeIn&#8221;]<\/p>\n<h4>Moto: Brabec po p\u00e1du o p\u0159\u00ed\u010dku klesl<\/h4>\n<p><span style=\"color: #999999;\">[15.5.2021, 23:15]<\/span><\/p>\n<p>Rychlostn\u00ed zkou\u0161ka t\u0159et\u00ed etapy Andalusk\u00e9 rally 2021 m\u011b\u0159ila 247 kilometr\u016f a z\u010d\u00e1sti se jela po trat\u00edch, kter\u00e9 \u00fa\u010dastn\u00edci okusili u\u017e v p\u0159edchoz\u00edch dnech. Po pr\u016fjezdu po\u010detn\u00e9ho startovn\u00edho pole byly cesty v t\u011bchto m\u00edstech rozbit\u00e9. P\u0159edev\u0161\u00edm motocyklist\u00e9 si museli d\u00e1vat pozor na vytahan\u00e9 a obna\u017een\u00e9 kameny. Ne v\u0161em se to stoprocentn\u011b poda\u0159ilo a pr\u00e1v\u011b podobn\u00e1 z\u00e1ludnost zkomplikovala den i Janu Brabcovi (KTM).<\/p>\n<p><em>\u201eAsi ve sto dvaceti kilometrech v hodin\u011b jsem v tr\u00e1v\u011b trefil beton nebo k\u00e1men. Po p\u00e1du jsem byl \u201avyplej\u2018, ale pak jsem se n\u011bjak probral. Do c\u00edle mi zb\u00fdvalo je\u0161t\u011b sto \u010dty\u0159icet kilometr\u016f a s\u00e1m sebe jsem p\u0159emlouval, abych to do n\u011bj dot\u00e1hl. Jsem dobitej jak pes, ale z\u00edtra je\u0161t\u011b zat\u00e1hnu,\u201c<\/em> slibuje <strong>Jan Brabec<\/strong>.<\/p>\n<p>Do c\u00edle speci\u00e1lky dorazil jezdec t\u00fdmu Strojrent Racing se \u010dty\u0159iadvacetiminutov\u00fdm odstupem od v\u00edt\u011bze jako t\u0159in\u00e1ct\u00fd. V pr\u016fb\u011b\u017en\u00e9 klasifikaci musel p\u0159epustit jeden\u00e1ctou pozici Julienu Jaguovi (KTM), jen\u017e p\u0159ed posledn\u00ed etapou vede mezi motocyklisty, kte\u0159\u00ed se v Andalusii cht\u011bj\u00ed kvalifikovat na lednov\u00fd Dakar. P\u0159ed Brabcem m\u00e1 Francouz k dobru necel\u00e9 \u010dty\u0159i minuty.[\/vc_column_text][vc_single_image image=&#8221;19304&#8243; img_size=&#8221;large&#8221; add_caption=&#8221;yes&#8221; alignment=&#8221;center&#8221; onclick=&#8221;link_image&#8221; css_animation=&#8221;fadeIn&#8221;][vc_column_text css_animation=&#8221;fadeIn&#8221;]<\/p>\n<h4>Moto: Barreda zp\u00e1tky do \u010dela<\/h4>\n<p><span style=\"color: #999999;\">[15.5.2021, 23:30]<\/span><\/p>\n<p>V\u00edt\u011bzstv\u00edm na sobotn\u00ed speci\u00e1lce od\u010dinil Joan Barreda (Honda) \u010dty\u0159minutovou penalizaci z p\u0159edchoz\u00edho dne a p\u0159ed z\u00e1v\u011bre\u010dnou etapou se vr\u00e1til do \u010dela pr\u016fb\u011b\u017en\u00e9 klasifikace.<\/p>\n<p><em>\u201eDnes byly trat\u011b rychlej\u0161\u00ed a otev\u0159en\u011bj\u0161\u00ed ne\u017e v p\u0159edchoz\u00edch dnech, co\u017e mi vyhovuje v\u00edce ne\u017e enduro na horsk\u00fdch cest\u00e1ch,\u201c<\/em> pochvaluje si <strong>Joan Barreda<\/strong>. <em>\u201eNasadil jsem dobr\u00e9 tempo a \u0161el jsem do toho naplno. P\u0159edjel jsem Quintanillu a p\u00e1r sekund jsem najel i na Santolina, co\u017e mi pomohlo v celkov\u00e9 klasifikaci. V z\u00e1v\u011bru bylo p\u00e1r nejasnost\u00ed v roadbooku, ale d\u00e1val jsem si pozor, abych zachoval chladnou hlavu, a mysl\u00edm, \u017ee to dopadlo dob\u0159e. Je mi jasn\u00e9, \u017ee o v\u00edt\u011bzstv\u00ed se bude bojovat a\u017e do \u00fapln\u011b posledn\u00edho kilometru. Z\u00edtra n\u00e1s je\u0161t\u011b \u010dek\u00e1 spousta pr\u00e1ce a tohle je obt\u00ed\u017en\u00e1 rally.\u201c<\/em>[\/vc_column_text][vc_column_text css_animation=&#8221;fadeIn&#8221;]P\u0159ed z\u00e1v\u011bre\u010dnou etapou vede Barreda o necel\u00e9 t\u0159i minuty p\u0159ed Lorenzem Santolinem, kter\u00fd na tov\u00e1rn\u00edm Shercu v posledn\u00edch dvou dnech vyr\u00e1\u017eel do speci\u00e1lek jako prvn\u00ed. Te\u010f se \u0160pan\u011bl t\u011b\u0161\u00ed, \u017ee v ned\u011bli bude v\u00fdhoda na jeho stran\u011b.<\/p>\n<p><em>\u201eNa motorce se c\u00edt\u00edm opravdu dob\u0159e a zlep\u0161uji se z\u00e1vod od z\u00e1vodu. Dnes byl Barreda opravdu rychl\u00fd, ale otev\u00edrat tra\u0165 nen\u00ed nikdy jednoduch\u00e9, poka\u017ed\u00e9 t\u00edm ztrat\u00edte trochu \u010dasu. V\u016fbec nen\u00ed \u0161patn\u00e9, \u017ee z\u00edtra pojedu v\u00edce vzadu,\u201c<\/em> v\u011b\u0159\u00ed <strong>Lorenzo Santolino<\/strong>.<\/p>\n<p>P\u00e1t\u00fd \u010das dne vynesl na t\u0159et\u00ed p\u0159\u00ed\u010dku celkov\u011b Barredova t\u00fdmov\u00e9ho kolegu Pabla Quintanillu, jen\u017e v Andalusii debutuje za \u0159\u00edd\u00edtky fabrick\u00e9 Hondy CRF450 Rally.[\/vc_column_text][vc_single_image image=&#8221;19305&#8243; img_size=&#8221;large&#8221; add_caption=&#8221;yes&#8221; alignment=&#8221;center&#8221; onclick=&#8221;link_image&#8221; css_animation=&#8221;fadeIn&#8221;][vc_column_text css_animation=&#8221;fadeIn&#8221;]Z jezdc\u016f tov\u00e1rn\u00edho t\u00fdmu Hero byl v sobotu nejspokojen\u011bj\u0161\u00ed Joaquim Rodrigues. Na speci\u00e1lce byl Portugalec druh\u00fd nejrychlej\u0161\u00ed (+ 2:56 min) a v pr\u016fb\u011b\u017en\u00e9 klasifikaci se vyhoupl ze \u0161est\u00e9ho na \u010dtvrt\u00e9 m\u00edsto p\u0159ed t\u00fdmov\u00e9ho kolegu Franca Caimiho. Z p\u00e1t\u00e9 na osmou pozici klesl Sebastian B\u00fchler, kter\u00fd sice pokra\u010doval i tentokr\u00e1t v dobr\u00fdch v\u00fdkonech, ale kv\u016fli v\u00fdm\u011bn\u011b motoru inkasoval patn\u00e1ctiminutovou penalizaci.<\/p>\n<table style=\"width: 97.7654%;\" rules=\"rows\" cellpadding=\"4px\">\n<tbody>\n<tr style=\"background-color: #dd8500; color: white;\">\n<td style=\"text-align: center;\" colspan=\"4\"><span style=\"font-size: 10pt;\"><strong>ANDALUC\u00cdA RALLY 2021 &#8211; MOTO<br \/>\npr\u016fb\u011b\u017en\u00e9 po\u0159ad\u00ed po 3. etap\u011b<\/strong><\/span><\/td>\n<\/tr>\n<tr style=\"background-color: #dbd9d9;\">\n<td>1.<\/td>\n<td>Joan Barreda<\/td>\n<td>Honda CRF450 Rally<\/td>\n<td style=\"text-align: right;\">8:37:26<\/td>\n<\/tr>\n<tr style=\"background-color: #f2f2f2;\">\n<td>2.<\/td>\n<td>Lorenzo Santolino<\/td>\n<td>Sherco 450 SEF Factory<\/td>\n<td style=\"text-align: right;\">+2:52<\/td>\n<\/tr>\n<tr style=\"background-color: #dbd9d9;\">\n<td>3.<\/td>\n<td>Pablo Quintanilla<\/td>\n<td>Honda CRF450 Rally<\/td>\n<td style=\"text-align: right;\">+10:40<\/td>\n<\/tr>\n<tr style=\"background-color: #f2f2f2;\">\n<td>4.<\/td>\n<td>Joaquim Rodrigues<\/td>\n<td>Hero 450 Rally<\/td>\n<td style=\"text-align: right;\">+11:11<\/td>\n<\/tr>\n<tr style=\"background-color: #dbd9d9;\">\n<td>5.<\/td>\n<td>Franco Caimi<\/td>\n<td>Hero 450 Rally<\/td>\n<td style=\"text-align: right;\">+12:16<\/td>\n<\/tr>\n<tr style=\"background-color: #808080;\">\n<td style=\"text-align: center;\" colspan=\"4\"><\/td>\n<\/tr>\n<tr style=\"background-color: #f2f2f2;\">\n<td>12.<\/td>\n<td>Jan Brabec<\/td>\n<td>KTM 450 Rally<\/td>\n<td style=\"text-align: right;\">+45:21<\/td>\n<\/tr>\n<\/tbody>\n<\/table>\n<h4>Quad: Status Quo<\/h4>\n<p><span style=\"color: #999999;\">[15.5.2021, 23:50]<\/span><\/p>\n<p>S\u00e9bastien Souday p\u0159ed sebe u\u017e od prologu nepustil \u017e\u00e1dn\u00e9ho ze soupe\u0159\u016f a suver\u00e9nn\u011b vede v kategorii \u010dty\u0159kolek. Toni Vingut byl tentokr\u00e1t jen o \u010dtrn\u00e1ct sekund pomalej\u0161\u00ed ne\u017e v\u00edt\u011bzn\u00fd Francouz a na t\u0159et\u00edho Vincenta Padronu najel dv\u011b minuty. Celkov\u011b v\u0161ak \u0160pan\u011bl z\u016fst\u00e1v\u00e1 t\u0159et\u00ed s t\u0159in\u00e1ctiminutovou ztr\u00e1tou na druh\u00e9ho Padronu.<\/p>\n<p>Zden\u011bk T\u016fma si v etap\u011b p\u0159ipsal p\u00e1t\u00fd \u010das a p\u00e1t\u00fd z\u016fst\u00e1v\u00e1 i pr\u016fb\u011b\u017en\u011b. Odstup jiho\u010desk\u00e9ho z\u00e1vodn\u00edka od pr\u016fb\u011b\u017en\u011b \u010dtvrt\u00e9ho Litevce Kanciuse narostl na \u0161estn\u00e1ct minut.[\/vc_column_text][vc_column_text css_animation=&#8221;fadeIn&#8221;]<\/p>\n<table style=\"width: 97.7654%;\" rules=\"rows\" cellpadding=\"4px\">\n<tbody>\n<tr style=\"background-color: #dd8500; color: white;\">\n<td style=\"text-align: center;\" colspan=\"4\"><span style=\"font-size: 10pt;\"><strong>ANDALUC\u00cdA RALLY 2021 &#8211; QUAD<br \/>\npr\u016fb\u011b\u017en\u00e9 po\u0159ad\u00ed po 3. etap\u011b<\/strong><\/span><\/td>\n<\/tr>\n<tr style=\"background-color: #dbd9d9;\">\n<td>1.<\/td>\n<td>S\u00e9bastien Souday<\/td>\n<td>Yamaha 450 YFZR<\/td>\n<td style=\"text-align: right;\">9:59:25<\/td>\n<\/tr>\n<tr style=\"background-color: #f2f2f2;\">\n<td>2.<\/td>\n<td>Vincent Padrona<\/td>\n<td>Yamaha Raptor 700<\/td>\n<td style=\"text-align: right;\">+25:02<\/td>\n<\/tr>\n<tr style=\"background-color: #dbd9d9;\">\n<td>3.<\/td>\n<td>Toni Vingut<\/td>\n<td>Yamaha Raptor 700<\/td>\n<td style=\"text-align: right;\">+38:37<\/td>\n<\/tr>\n<tr style=\"background-color: #808080;\">\n<td style=\"text-align: center;\" colspan=\"4\"><\/td>\n<\/tr>\n<tr style=\"background-color: #f2f2f2;\">\n<td>5.<\/td>\n<td>Zden\u011bk T\u016fma<\/td>\n<td>Yamaha Raptor 700<\/td>\n<td style=\"text-align: right;\">+1:22:00<\/td>\n<\/tr>\n<\/tbody>\n<\/table>\n<p>[\/vc_column_text][vc_column_text css_animation=&#8221;fadeIn&#8221; css=&#8221;.vc_custom_1620338657679{border-top-width: 1px !important;border-right-width: 1px !important;border-bottom-width: 1px !important;border-left-width: 1px !important;padding-top: 10px !important;padding-right: 10px !important;padding-bottom: 20px !important;padding-left: 10px !important;background-color: #f2f2f2 !important;}&#8221;]<\/p>\n<h3 style=\"text-align: center;\"><strong><a href=\"\/index.php\/2021\/05\/06\/2021-andalucia-moto\/#2\">\u00ab 2. etapa<\/a> | <a href=\"\/index.php\/2021\/05\/06\/2021-andalucia-moto\/#4\">4. etapa \u00bb<\/a><\/strong><\/h3>\n<p>[\/vc_column_text][\/vc_tta_section][vc_tta_section title=&#8221;2&#8243; tab_id=&#8221;2&#8243;][vc_single_image image=&#8221;19268&#8243; img_size=&#8221;large&#8221; add_caption=&#8221;yes&#8221; alignment=&#8221;center&#8221; onclick=&#8221;link_image&#8221; css_animation=&#8221;fadeIn&#8221;][vc_column_text css_animation=&#8221;fadeIn&#8221;]<\/p>\n<h4>Moto: Brabec t\u011bsn\u011b za prvn\u00ed des\u00edtkou<\/h4>\n<p><span style=\"color: #999999;\">[14.5.2021, 21:30]<\/span><\/p>\n<p>Na p\u00e1te\u010dn\u00ed speci\u00e1lce, jej\u00ed\u017e tra\u0165 m\u011b\u0159ila 339 kilometr\u016f a skl\u00e1dala se ze dvou charakterov\u011b odli\u0161n\u00fdch \u00fasek\u016f rozd\u011blen\u00fdch neutralizac\u00ed, nav\u00e1zal Jan Brabec na v\u00fdkony, kter\u00e9 p\u0159edv\u00e1d\u011bl v p\u0159edchoz\u00edch dvou dnech. Jezdec t\u00fdmu Strojrent Racing se svou KTM znovu atakoval um\u00edst\u011bn\u00ed v top 10. Nakonec sko\u010dil t\u011bsn\u011b p\u0159ed jej\u00edmi branami. Od des\u00e1t\u00e9ho Francouze Mathieua Dovezeho (KTM) d\u011blilo \u010desk\u00e9ho z\u00e1vodn\u00edka v c\u00edli pouh\u00fdch 12 sekund.<\/p>\n<p><em>\u201eV\u00edc jsem ze sebe ani z motorky nevym\u00e1\u010dknul. 339 m\u011b\u0159en\u00fdch kilometr\u016f bylo fakt na \u0161i\u0161ku. GPS mi napsala maxim\u00e1ln\u00ed rychlost 170 km\/h, co\u017e mi mezi olivami nep\u0159ijde \u0161patn\u00fd. Prost\u011b skv\u011bl\u00fd den,\u201c<\/em> bilancuje <strong>Jan Brabec<\/strong>.<\/p>\n<p>V celkov\u00e9m sou\u010dtu si Brabec o dv\u011b m\u00edsta polep\u0161il a je jeden\u00e1ct\u00fd. Na Portugalce Ruie Gon\u00e7alvese, kter\u00fd s tov\u00e1rn\u00edm Shercem uzav\u00edr\u00e1 prvn\u00ed des\u00edtku, ztr\u00e1c\u00ed \u010dty\u0159i a p\u016fl minuty.[\/vc_column_text][vc_single_image image=&#8221;19277&#8243; img_size=&#8221;large&#8221; add_caption=&#8221;yes&#8221; alignment=&#8221;center&#8221; onclick=&#8221;link_image&#8221; css_animation=&#8221;fadeIn&#8221;][vc_column_text css_animation=&#8221;fadeIn&#8221;]<\/p>\n<h4>Moto: Barreda spadl na trati i v po\u0159ad\u00ed<\/h4>\n<p><span style=\"color: #999999;\">[Aktualizov\u00e1no 14.5.2021, 23:15]<\/span><\/p>\n<p>Po v\u00edt\u011bzstv\u00ed v p\u0159edchoz\u00ed etap\u011b startoval Lorenzo Santolino do rychlostn\u00ed zkou\u0161ky jako prvn\u00ed a na jej\u00ed trati byl dojet a p\u0159edsti\u017een Joanem Barredou na Hond\u011b, kter\u00fd byl v c\u00edli o minutu a sedmn\u00e1ct sekund rychlej\u0161\u00ed ne\u017e jezdec tov\u00e1rn\u00edho t\u00fdmu Sherco.<\/p>\n<p><em>\u201ePo celou dobu jsem do toho \u0161el naplno a m\u011bl jsem men\u0161\u00ed p\u00e1d, kter\u00fd se ale obe\u0161el bez v\u011bt\u0161\u00edch n\u00e1sledk\u016f. Jsem v pohod\u011b, nic to nebylo,\u201c<\/em> tvrd\u00ed <strong>Joan Barreda<\/strong>. <em>\u201eV pr\u016fb\u011b\u017en\u00e9m po\u0159ad\u00ed to je velice t\u011bsn\u00e9 a rozestupy mezi jezdci jsou sekundov\u00e9. V dan\u00e9m ter\u00e9nu a p\u0159i t\u00e9to navigaci jsou rozd\u00edly jen velmi mal\u00e9. A\u017e do posledn\u00edho dne se mus\u00edme soust\u0159edit a neud\u011blal \u017e\u00e1dnou chybu.\u201c<\/em>[\/vc_column_text][vc_column_text css_animation=&#8221;fadeIn&#8221;]Jen\u017ee jak se uk\u00e1zalo pozd\u011bji, s\u00e1m Barreda chyboval a vykoledoval si od sportovn\u00edch komisa\u0159\u016f \u010dty\u0159minutovou penalizaci za proh\u0159e\u0161ek proti pravidl\u016fm v z\u00f3n\u011b s omezenou maxim\u00e1ln\u00ed povolenou rychlost\u00ed. \u0160pan\u011bl tak p\u0159i\u0161el o etapov\u00e9 vav\u0159\u00edny i pr\u016fb\u011b\u017en\u00e9 veden\u00ed. Prvn\u00ed p\u0159\u00ed\u010dku musel p\u0159epustit Santolinovi, na n\u011bho\u017e nyn\u00ed na druh\u00e9m m\u00edst\u011b ztr\u00e1c\u00ed minutu a t\u0159i \u010dtvrt\u011b.<\/p>\n<p>Da\u0159ilo se jezdc\u016fm, kte\u0159\u00ed p\u0159ed Andalusi\u00ed p\u0159estoupili do nov\u00fdch t\u00fdm\u016f. Franco Caimi jede poprv\u00e9 za Hero MotoSports a d\u00edky p\u00e1t\u00e9mu \u010dasu dne se posunul ze \u010dtvrt\u00e9 na t\u0159et\u00ed pozici absolutn\u011b. Barred\u016fv nov\u00fd t\u00fdmov\u00fd kolega Pablo Quintanilla byl na p\u00e1te\u010dn\u00edm testu t\u0159et\u00ed a d\u00edky tomu posko\u010dil ze \u0161est\u00e9ho na \u010dtvrt\u00e9 m\u00edsto.[\/vc_column_text][vc_column_text css_animation=&#8221;fadeIn&#8221;]<\/p>\n<table style=\"width: 97.7654%;\" rules=\"rows\" cellpadding=\"4px\">\n<tbody>\n<tr style=\"background-color: #dd8500; color: white;\">\n<td style=\"text-align: center;\" colspan=\"4\"><span style=\"font-size: 10pt;\"><strong>ANDALUC\u00cdA RALLY 2021 &#8211; MOTO<br \/>\npr\u016fb\u011b\u017en\u00e9 po\u0159ad\u00ed po 2. etap\u011b<\/strong><\/span><\/td>\n<\/tr>\n<tr style=\"background-color: #dbd9d9;\">\n<td>1.<\/td>\n<td>Lorenzo Santolino<\/td>\n<td>Sherco 450 SEF Factory<\/td>\n<td style=\"text-align: right;\">5:40:52<\/td>\n<\/tr>\n<tr style=\"background-color: #f2f2f2;\">\n<td>2.<\/td>\n<td>Joan Barreda<\/td>\n<td>Honda CRF450 Rally<\/td>\n<td style=\"text-align: right;\">+1:43<\/td>\n<\/tr>\n<tr style=\"background-color: #dbd9d9;\">\n<td>3.<\/td>\n<td>Franco Caimi<\/td>\n<td>Hero 450 Rally<\/td>\n<td style=\"text-align: right;\">+4:24<\/td>\n<\/tr>\n<tr style=\"background-color: #f2f2f2;\">\n<td>4.<\/td>\n<td>Pablo Quintanilla<\/td>\n<td>Honda CRF450 Rally<\/td>\n<td style=\"text-align: right;\">+5:26<\/td>\n<\/tr>\n<tr style=\"background-color: #dbd9d9;\">\n<td>5.<\/td>\n<td>Sebastian B\u00fchler<\/td>\n<td>Hero 450 Rally<\/td>\n<td style=\"text-align: right;\">+5:30<\/td>\n<\/tr>\n<tr style=\"background-color: #808080;\">\n<td style=\"text-align: center;\" colspan=\"4\"><\/td>\n<\/tr>\n<tr style=\"background-color: #f2f2f2;\">\n<td>11.<\/td>\n<td>Jan Brabec<\/td>\n<td>KTM 450 Rally<\/td>\n<td style=\"text-align: right;\">+23:02<\/td>\n<\/tr>\n<\/tbody>\n<\/table>\n<p>[\/vc_column_text][vc_empty_space height=&#8221;2px&#8221;][vc_single_image image=&#8221;19276&#8243; img_size=&#8221;large&#8221; add_caption=&#8221;yes&#8221; alignment=&#8221;center&#8221; onclick=&#8221;link_image&#8221; css_animation=&#8221;fadeIn&#8221;][vc_column_text css_animation=&#8221;fadeIn&#8221;]<\/p>\n<h4>Quad: T\u016fma st\u00e1le p\u00e1t\u00fd<\/h4>\n<p><span style=\"color: #999999;\">[14.5.2021, 21:30]<\/span><\/p>\n<p>V kategorii \u010dty\u0159kolek si zat\u00edm po\u010d\u00edn\u00e1 velice suver\u00e9nn\u011b S\u00e9bastien Souday. K v\u00edt\u011bzstv\u00ed v prologu a \u00favodn\u00ed etap\u011b p\u0159idal Francouz nejrychlej\u0161\u00ed \u010das i na p\u00e1te\u010dn\u00ed speci\u00e1lce a v pr\u016fb\u011b\u017en\u00e9m hodnocen\u00ed zv\u00fd\u0161il sv\u016fj n\u00e1skok z 19 sekund t\u00e9m\u011b\u0159 na 23 minut.<\/p>\n<p>Souday\u016fv krajan Vincent Padrona byl druh\u00fd, na t\u0159et\u00edho Toniho Vinguta najel v\u00edce ne\u017e 18 minut a d\u00edky tomu vyst\u0159\u00eddal \u0160pan\u011bla na druh\u00e9 p\u0159\u00ed\u010dce celkov\u00e9 klasifikace.<\/p>\n<p>Zden\u011bk T\u016fma obsadil v etap\u011b \u010dtvrt\u00e9 m\u00edsto (+ 40:29 min) a celkov\u011b z\u016fst\u00e1v\u00e1 p\u00e1t\u00fd. Od \u010dtvrt\u00e9ho Litevce Kanciuse d\u011bl\u00ed jiho\u010desk\u00e9ho z\u00e1vodn\u00edka necel\u00e1 \u010dtvrthodina.[\/vc_column_text][vc_column_text css_animation=&#8221;fadeIn&#8221;]<\/p>\n<table style=\"width: 97.7654%;\" rules=\"rows\" cellpadding=\"4px\">\n<tbody>\n<tr style=\"background-color: #dd8500; color: white;\">\n<td style=\"text-align: center;\" colspan=\"4\"><span style=\"font-size: 10pt;\"><strong>ANDALUC\u00cdA RALLY 2021 &#8211; QUAD<br \/>\npr\u016fb\u011b\u017en\u00e9 po\u0159ad\u00ed po 2. etap\u011b<\/strong><\/span><\/td>\n<\/tr>\n<tr style=\"background-color: #dbd9d9;\">\n<td>1.<\/td>\n<td>S\u00e9bastien Souday<\/td>\n<td>Yamaha 450 YFZR<\/td>\n<td style=\"text-align: right;\">6:27:55<\/td>\n<\/tr>\n<tr style=\"background-color: #f2f2f2;\">\n<td>2.<\/td>\n<td>Vincent Padrona<\/td>\n<td>Yamaha Raptor 700<\/td>\n<td style=\"text-align: right;\">+22:42<\/td>\n<\/tr>\n<tr style=\"background-color: #dbd9d9;\">\n<td>3.<\/td>\n<td>Toni Vingut<\/td>\n<td>Yamaha Raptor 700<\/td>\n<td style=\"text-align: right;\">+38:23<\/td>\n<\/tr>\n<tr style=\"background-color: #808080;\">\n<td style=\"text-align: center;\" colspan=\"4\"><\/td>\n<\/tr>\n<tr style=\"background-color: #f2f2f2;\">\n<td>5.<\/td>\n<td>Zden\u011bk T\u016fma<\/td>\n<td>Yamaha Raptor 700<\/td>\n<td style=\"text-align: right;\">+59:15<\/td>\n<\/tr>\n<\/tbody>\n<\/table>\n<p>[\/vc_column_text][vc_column_text css_animation=&#8221;fadeIn&#8221; css=&#8221;.vc_custom_1620338468216{border-top-width: 1px !important;border-right-width: 1px !important;border-bottom-width: 1px !important;border-left-width: 1px !important;padding-top: 10px !important;padding-right: 10px !important;padding-bottom: 20px !important;padding-left: 10px !important;background-color: #f2f2f2 !important;}&#8221;]<\/p>\n<h3 style=\"text-align: center;\"><strong><a href=\"\/index.php\/2021\/05\/06\/2021-andalucia-moto\/#1\">\u00ab 1. etapa<\/a> | <a href=\"\/index.php\/2021\/05\/06\/2021-andalucia-moto\/#3\">3. etapa \u00bb<\/a><\/strong><\/h3>\n<p>[\/vc_column_text][\/vc_tta_section][vc_tta_section title=&#8221;1&#8243; tab_id=&#8221;1&#8243;][vc_single_image image=&#8221;19247&#8243; img_size=&#8221;large&#8221; add_caption=&#8221;yes&#8221; alignment=&#8221;center&#8221; onclick=&#8221;link_image&#8221; css_animation=&#8221;fadeIn&#8221;][vc_column_text css_animation=&#8221;fadeIn&#8221;]<\/p>\n<h4>Moto: Santolino nejrychlej\u0161\u00ed i na prora\u017een\u00e9 pneumatice<\/h4>\n<p><span style=\"color: #999999;\">[Aktualizov\u00e1no 13.5.2021, 22:30]<\/span><\/p>\n<p>\u00davodn\u00ed etapa Andaluc\u00eda Rally 2021 p\u0159\u00e1la dom\u00e1c\u00edm motocyklist\u016fm. Lorenzo Santolino vybojoval loni na podzim p\u0159i premi\u00e9rov\u00e9m ro\u010dn\u00edku Andalusk\u00e9 rally bronz a s velk\u00fdmi ambicemi nastoupil na start tak\u00e9 letos. Jejich opr\u00e1vn\u011bnost potvrdil hned v \u00favodn\u00ed etap\u011b, jej\u00ed\u017e rychlostn\u00ed zkou\u0161ka byla z bezpe\u010dnostn\u00edch d\u016fvod\u016f zkr\u00e1cena z 206 na 177 kilometr\u016f. D\u00edky nejrychlej\u0161\u00edmu \u010dasu posko\u010dil v celkov\u00e9m po\u0159ad\u00ed o t\u0159i pozice vp\u0159ed a je druh\u00fd, p\u0159esto\u017ee p\u0159i dojezdu do bivaku zela v zadn\u00ed pneumatice jeho Sherca velk\u00e1 d\u00edra.<\/p>\n<p><em>\u201eV z\u00e1v\u011bru prvn\u00edho m\u011b\u0159en\u00e9ho \u00faseku p\u0159ed neutralizac\u00ed jsem si v\u0161iml, \u017ee zadn\u00ed guma je po\u0161kozen\u00e1, proto jsem musel zvolnit, abych m\u011bl jistotu, \u017ee motorku dovezu a\u017e do c\u00edle,\u201c<\/em> rekapituluje <strong>Lorenzo Santolino<\/strong>. <em>\u201eJinak to bylo bez probl\u00e9m\u016f. C\u00edtil jsem se fajn a dok\u00e1zal jsem dr\u017eet dobr\u00e9 tempo. Z\u00edtra budu vyr\u00e1\u017eet jako prvn\u00ed, ale to nen\u00ed probl\u00e9m, sp\u00ed\u0161 dobr\u00fd tr\u00e9nink.\u201c<\/em><\/p>\n<p>Joan Barreda na tov\u00e1rn\u00ed Hond\u011b byl o 22 sekund pomalej\u0161\u00ed ne\u017e Santolino, ale d\u00edky lep\u0161\u00edmu v\u00fdsledku na v\u010derej\u0161\u00edm prologu se v celkov\u00e9m sou\u010dtu p\u0159ed sv\u00fdm krajanem udr\u017eel a ujal se veden\u00ed.<\/p>\n<p><em>\u201ePrvn\u00ed etapa nebyla p\u0159\u00edli\u0161 dlouh\u00e1, nicm\u00e9n\u011b byla hodn\u011b technick\u00e1. \u00davodn\u00ed kilometry nebyly kv\u016fli n\u00edzk\u00e9 p\u0159ilnavosti v\u016fbec jednoduch\u00e9. Krom\u011b toho je i letos v\u0161ude spousta vysok\u00e9 tr\u00e1vy. Je i na cest\u011b a ukr\u00fdv\u00e1 koleje, kter\u00e9 tak nejsou v\u016fbec vid\u011bt,\u201c<\/em> popisuje podm\u00ednky <strong>Joan Barreda<\/strong>. <em>\u201eM\u00edjel jsem tak\u00e9 Rodriguese, kter\u00fd se ztratil a jel v protism\u011bru. Proto jsem se sna\u017eil jet v klidu a vyvarovat se nep\u0159\u00edjemnost\u00ed.\u201c<\/em>[\/vc_column_text][vc_column_text css_animation=&#8221;fadeIn&#8221;]Barred\u016fv nov\u00fd t\u00fdmov\u00fd kolega Pablo Quintanilla na mezi\u010dasech dlouho dr\u017eel krok se Santolinem, v z\u00e1v\u011bru v\u0161ak jeho odstup narostl na dv\u011b a p\u016fl minuty a v c\u00edli byl klasifikov\u00e1n jako \u0161est\u00fd. Na \u0161estou p\u0159\u00ed\u010dku Chilan postoupil tak\u00e9 v pr\u016fb\u011b\u017en\u00e9 klasifikaci.<\/p>\n<p>Z jezdc\u016f t\u00fdmu Hero MotoSports si ve \u010dtvrtek po\u010d\u00ednal nejl\u00e9pe Sebastian B\u00fchler, kter\u00fd erzetu dokon\u010dil s minutovou ztr\u00e1tou jako t\u0159et\u00ed. Jeho t\u00fdmov\u00fd kolega a v\u00edt\u011bz prologu Joaquim Rodrigues vyr\u00e1\u017eel na tra\u0165 jako prvn\u00ed, bloud\u011bn\u00edm prohospoda\u0159il n\u011bkolik minut a klesl na osm\u00e9 m\u00edsto.<\/p>\n<h4>Moto: Brabec bloudil<\/h4>\n<p><span style=\"color: #999999;\">[aktualizov\u00e1no 13.5.2021, 17:50]<\/span><\/p>\n<p>Jan Brabec (KTM) m\u011bl \u010dtvrte\u010dn\u00ed speci\u00e1lku dob\u0159e rozjetou a na mezi\u010dasech se pohyboval okolo osm\u00e9ho m\u00edsta. Jen\u017ee v z\u00e1v\u011bru se p\u0159i navigaci dvakr\u00e1t spletl, co\u017e jej st\u00e1lo drahocenn\u00fd \u010das. Nakonec byl s jeden\u00e1ctiminutovou ztr\u00e1tou t\u0159in\u00e1ct\u00fd. Stejn\u00e1 pozice pat\u0159\u00ed jezdci t\u00fdmu Strojrent Racing i celkov\u011b. Od des\u00e1t\u00e9ho Portugalce Ruie Gon\u00e7alvese s tov\u00e1rn\u00edm Shercem jej d\u011bl\u00ed t\u0159i a p\u016fl minuty.[\/vc_column_text][vc_column_text css_animation=&#8221;fadeIn&#8221;]<\/p>\n<table style=\"width: 97.7654%;\" rules=\"rows\" cellpadding=\"4px\">\n<tbody>\n<tr style=\"background-color: #dd8500; color: white;\">\n<td style=\"text-align: center;\" colspan=\"4\"><span style=\"font-size: 10pt;\"><strong>ANDALUC\u00cdA RALLY 2021 &#8211; MOTO<br \/>\npr\u016fb\u011b\u017en\u00e9 po\u0159ad\u00ed po 1. etap\u011b<\/strong><\/span><\/td>\n<\/tr>\n<tr style=\"background-color: #dbd9d9;\">\n<td>1.<\/td>\n<td>Joan Barreda<\/td>\n<td>Honda CRF450 Rally<\/td>\n<td style=\"text-align: right;\">2:12:46<\/td>\n<\/tr>\n<tr style=\"background-color: #f2f2f2;\">\n<td>2.<\/td>\n<td>Lorenzo Santolino<\/td>\n<td>Sherco 450 SEF Factory<\/td>\n<td style=\"text-align: right;\">+22<\/td>\n<\/tr>\n<tr style=\"background-color: #dbd9d9;\">\n<td>3.<\/td>\n<td>Sebastian B\u00fchler<\/td>\n<td>Hero 450 Rally<\/td>\n<td style=\"text-align: right;\">+42<\/td>\n<\/tr>\n<tr style=\"background-color: #f2f2f2;\">\n<td>4.<\/td>\n<td>Franco Caimi<\/td>\n<td>Hero 450 Rally<\/td>\n<td style=\"text-align: right;\">+1:34<\/td>\n<\/tr>\n<tr style=\"background-color: #dbd9d9;\">\n<td>5.<\/td>\n<td>Jacopo Cerutti<\/td>\n<td>Husqvarna FR 450 Rally Replica<\/td>\n<td style=\"text-align: right;\">+2:52<\/td>\n<\/tr>\n<tr style=\"background-color: #808080;\">\n<td style=\"text-align: center;\" colspan=\"4\"><\/td>\n<\/tr>\n<tr style=\"background-color: #f2f2f2;\">\n<td>13.<\/td>\n<td>Jan Brabec<\/td>\n<td>KTM 450 Rally<\/td>\n<td style=\"text-align: right;\">+12:48<\/td>\n<\/tr>\n<\/tbody>\n<\/table>\n<p>[\/vc_column_text][vc_column_text css_animation=&#8221;fadeIn&#8221;]<\/p>\n<h4>Quad: T\u016fma si polep\u0161il<\/h4>\n<p><span style=\"color: #999999;\">[13.5.2021, 22:06]<\/span><\/p>\n<p>Veden\u00ed v kategorii \u010dty\u0159kolek po prvn\u00ed etap\u011b uh\u00e1jil S\u00e9bastien Souday. Do karet Francouzi nahr\u00e1la t\u0159\u00edminutov\u00e1 penalizace, kterou inkasoval jeho krajan Vincent Padrona za minut\u00ed waypointu a p\u0159ekro\u010den\u00ed povolen\u00e9 rychlosti. Souday se d\u00edky tomu stal v\u00edt\u011bzem etapy a udr\u017eel prvn\u00ed p\u0159\u00ed\u010dku celkov\u011b, i kdy\u017e druh\u00fd \u0160pan\u011bl Toni Vingut ztr\u00e1c\u00ed jen 19 sekund. Padrona z\u016fst\u00e1v\u00e1 t\u0159et\u00ed.<\/p>\n<p>Zden\u011bk T\u016fma dojel s \u0161estn\u00e1ctiminutovou ztr\u00e1tou jako p\u00e1t\u00fd a na p\u00e1tou p\u0159\u00ed\u010dku postoupil i v celkov\u00e9m hodnocen\u00ed. Od \u010dtvrt\u00e9ho Litevce Laisvydase Kanciuse d\u011bl\u00ed jiho\u010desk\u00e9ho z\u00e1vodn\u00edka patn\u00e1ct minut, p\u0159ed \u0161est\u00fdm Francouzem Nicolasem Martinezem m\u00e1 k dobru p\u011btadvacet sekund.<\/p>\n<p><em>\u201eDne\u0161n\u00ed den byl pro m\u011b p\u0159edev\u0161\u00edm sezn\u00e1men\u00edm s m\u00edstn\u00edm ter\u00e9nem a odli\u0161nostmi v navigaci. \u010cty\u0159kolk\u00e1m se dnes dokonce jelo rychleji jak motork\u00e1\u0159\u016fm. Na m\u00edstn\u00edch poln\u00edch a \u0161t\u011brkov\u00fdch cest\u00e1ch se d\u00edky dvouminutov\u00fdm rozestup\u016fm ani moc nepr\u00e1\u0161\u00ed. Dnes je to bez penalizace a u\u017e se t\u011b\u0161\u00edm na z\u00edt\u0159ek,&#8221;<\/em> \u0159\u00edk\u00e1 <strong>Zden\u011bk T\u016fma<\/strong>.[\/vc_column_text][vc_column_text css_animation=&#8221;fadeIn&#8221;]<\/p>\n<table style=\"width: 97.7654%;\" rules=\"rows\" cellpadding=\"4px\">\n<tbody>\n<tr style=\"background-color: #dd8500; color: white;\">\n<td style=\"text-align: center;\" colspan=\"4\"><span style=\"font-size: 10pt;\"><strong>ANDALUC\u00cdA RALLY 2021 &#8211; QUAD<br \/>\npr\u016fb\u011b\u017en\u00e9 po\u0159ad\u00ed po 1. etap\u011b<\/strong><\/span><\/td>\n<\/tr>\n<tr style=\"background-color: #dbd9d9;\">\n<td>1.<\/td>\n<td>S\u00e9bastien Souday<\/td>\n<td>Yamaha 450 YFZR<\/td>\n<td style=\"text-align: right;\">2:37:51<\/td>\n<\/tr>\n<tr style=\"background-color: #f2f2f2;\">\n<td>2.<\/td>\n<td>Toni Vingut<\/td>\n<td>Yamaha Raptor 700<\/td>\n<td style=\"text-align: right;\">+19<\/td>\n<\/tr>\n<tr style=\"background-color: #dbd9d9;\">\n<td>3.<\/td>\n<td>Vincent Padrona<\/td>\n<td>Yamaha Raptor 700<\/td>\n<td style=\"text-align: right;\">+2:55<\/td>\n<\/tr>\n<tr style=\"background-color: #808080;\">\n<td style=\"text-align: center;\" colspan=\"4\"><\/td>\n<\/tr>\n<tr style=\"background-color: #f2f2f2;\">\n<td>5.<\/td>\n<td>Zden\u011bk T\u016fma<\/td>\n<td>Yamaha Raptor 700<\/td>\n<td style=\"text-align: right;\">+18:46<\/td>\n<\/tr>\n<\/tbody>\n<\/table>\n<p>[\/vc_column_text][vc_column_text css_animation=&#8221;fadeIn&#8221; css=&#8221;.vc_custom_1620338317071{border-top-width: 1px !important;border-right-width: 1px !important;border-bottom-width: 1px !important;border-left-width: 1px !important;padding-top: 10px !important;padding-right: 10px !important;padding-bottom: 20px !important;padding-left: 10px !important;background-color: #f2f2f2 !important;}&#8221;]<\/p>\n<h3 style=\"text-align: center;\"><strong><a href=\"\/index.php\/2021\/05\/06\/2021-andalucia-moto\/#prolog\">\u00ab prolog<\/a> | <a href=\"\/index.php\/2021\/05\/06\/2021-andalucia-moto\/#2\">2. etapa \u00bb<\/a><\/strong><\/h3>\n<p>[\/vc_column_text][\/vc_tta_section][vc_tta_section title=&#8221;prolog&#8221; tab_id=&#8221;prolog&#8221;][vc_single_image image=&#8221;19226&#8243; img_size=&#8221;large&#8221; add_caption=&#8221;yes&#8221; alignment=&#8221;center&#8221; onclick=&#8221;link_image&#8221; css_animation=&#8221;fadeIn&#8221;][vc_column_text css_animation=&#8221;fadeIn&#8221;]<\/p>\n<h4>Moto: Kvalifika\u010dn\u00ed zkou\u0161ka pro Hero<\/h4>\n<p><span style=\"color: #999999;\">[Aktualizov\u00e1no 12.5.2021, 22:25]<\/span><\/p>\n<p>Druh\u00fd ro\u010dn\u00edk Andalusk\u00e9 rally odstartoval ve st\u0159edu 12. kv\u011btna kr\u00e1tk\u00fdm prologem, jeho\u017e v\u00fdsledky pot\u011b\u0161ily p\u0159edev\u0161\u00edm tov\u00e1rn\u00ed t\u00fdm Hero MotoSports. Nejlep\u0161\u00edm \u010dasem na kr\u00e1tk\u00e9 kvalifika\u010dn\u00ed zkou\u0161ce se bl\u00fdskl Joaquim Rodrigues, kter\u00fd na motocyklu Hero zdolal osmikilometrov\u00fd m\u011b\u0159en\u00fd \u00fasek za 6 minut a 13 sekund. Portugalec byl o pouhou sekundu rychlej\u0161\u00ed ne\u017e dom\u00e1c\u00ed Joan Barreda s tov\u00e1rn\u00ed Hondou. \u00dasp\u011bch Hera podtrhli t\u0159et\u00edm, respektive \u010dtvrt\u00fdm m\u00edstem Rodriguesovi t\u00fdmov\u00ed kolegov\u00e9 Sebastian B\u00fchler (+ 2 s) a Franco Caimi (+ 5 s).<\/p>\n<p>Sv\u00e9ho z\u00e1stupce mezi nejlep\u0161\u00edmi m\u011bl i t\u0159et\u00ed tov\u00e1rn\u00ed t\u00fdm, kter\u00fd se Andalusk\u00e9 rally \u00fa\u010dastn\u00ed. Lorenzo Santolino na Shercu byl s dvan\u00e1ctisekundov\u00fdm odstupem klasifikov\u00e1n jako p\u00e1t\u00fd.<\/p>\n<p>Prvn\u00ed ostr\u00e9 kilometry na fabrick\u00e9m speci\u00e1lu CRF450 Rally m\u00e1 za sebou nov\u00e1 posila Monster Energy Honda Teamu Pablo Quintanilla. Chilan str\u00e1vil na trati prologu o 27 sekund v\u00edce ne\u017e v\u00edt\u011bzn\u00fd Rodrigues a je dev\u00e1t\u00fd.<\/p>\n<p><em>\u201eS prvn\u00edmi z\u00e1vodn\u00edmi kilometry na nov\u00e9 motorce jsem spokojen\u00fd. C\u00edtil jsem se dob\u0159e. \u0160el jsem do toho s klidem a myslel hlavn\u011b na to, abych m\u011bl dobrou v\u00fdchoz\u00ed pozici na z\u00edt\u0159ek,\u201c<\/em> shrnul v c\u00edli <strong>Pablo Quintanilla<\/strong>.[\/vc_column_text][vc_column_text css_animation=&#8221;fadeIn&#8221;]Jan Brabec na KTM t\u00fdmu Strojrent Racing byl o dal\u0161\u00edch p\u011bt sekund pomalej\u0161\u00ed a mezi 55 jezdci, kte\u0159\u00ed do Andaluc\u00eda Rally 2021 odstartovali v kategorii motocykl\u016f, figuruje na jeden\u00e1ct\u00e9 pozici.<\/p>\n<p>Aby jezdci v prologu p\u0159\u00edli\u0161 netaktizovali kv\u016fli v\u00fdhodn\u011bj\u0161\u00ed startovn\u00ed pozici pro prvn\u00ed dlouhou etapu, n\u00e1sob\u00ed se dosa\u017een\u00e9 \u010dasy p\u0159ed jejich zapo\u010dten\u00edm do pr\u016fb\u011b\u017en\u00e9ho hodnocen\u00ed sout\u011b\u017ee koeficientem 4. Rodrigues tak po prologu vede p\u0159ed o \u010dty\u0159i sekundy p\u0159ed Barredou a o osm p\u0159ed B\u00fchlerem. Brabce d\u011bl\u00ed od leadera z\u00e1vodu 2 minuty a 8 sekund.[\/vc_column_text][vc_column_text css_animation=&#8221;fadeIn&#8221;]<\/p>\n<table style=\"width: 97.7654%;\" rules=\"rows\" cellpadding=\"4px\">\n<tbody>\n<tr style=\"background-color: #dd8500; color: white;\">\n<td style=\"text-align: center;\" colspan=\"4\"><span style=\"font-size: 10pt;\"><strong>ANDALUC\u00cdA RALLY 2021 &#8211; MOTO<br \/>\npr\u016fb\u011b\u017en\u00e9 po\u0159ad\u00ed po prologu<\/strong><\/span><\/td>\n<\/tr>\n<tr style=\"background-color: #dbd9d9;\">\n<td>1.<\/td>\n<td>Joaquim Rodrigues<\/td>\n<td>Hero 450 Rally<\/td>\n<td style=\"text-align: right;\">24:52<\/td>\n<\/tr>\n<tr style=\"background-color: #f2f2f2;\">\n<td>2.<\/td>\n<td>Joan Barreda<\/td>\n<td>Honda CRF450 Rally<\/td>\n<td style=\"text-align: right;\">+4<\/td>\n<\/tr>\n<tr style=\"background-color: #dbd9d9;\">\n<td>3.<\/td>\n<td>Sebastian B\u00fchler<\/td>\n<td>Hero 450 Rally<\/td>\n<td style=\"text-align: right;\">+8<\/td>\n<\/tr>\n<tr style=\"background-color: #f2f2f2;\">\n<td>4.<\/td>\n<td>Franco Caimi<\/td>\n<td>Hero 450 Rally<\/td>\n<td style=\"text-align: right;\">+20<\/td>\n<\/tr>\n<tr style=\"background-color: #dbd9d9;\">\n<td>5.<\/td>\n<td>Lorenzo Santolino<\/td>\n<td>Sherco 450 SEF Factory<\/td>\n<td style=\"text-align: right;\">+48<\/td>\n<\/tr>\n<tr style=\"background-color: #808080;\">\n<td style=\"text-align: center;\" colspan=\"4\"><\/td>\n<\/tr>\n<tr style=\"background-color: #f2f2f2;\">\n<td>11.<\/td>\n<td>Jan Brabec<\/td>\n<td>KTM 450 Rally<\/td>\n<td style=\"text-align: right;\">+2:08<\/td>\n<\/tr>\n<\/tbody>\n<\/table>\n<p>[\/vc_column_text][vc_column_text css_animation=&#8221;fadeIn&#8221;]<\/p>\n<h4>Quad: T\u016fma \u0161est\u00fd<\/h4>\n<p><span style=\"color: #999999;\">[12.5.2021, 22:25]<\/span><\/p>\n<p>V kategorii \u010dty\u0159kolek h\u00e1j\u00ed \u010desk\u00e9 barvy v Andalusii Zden\u011bk T\u016fma. Jiho\u010desk\u00fd z\u00e1vodn\u00edk pot\u0159eboval k projet\u00ed prologu o minutu a \u0161est sekund v\u00edce ne\u017e nejrychlej\u0161\u00ed Francouz S\u00e9bastien Souday a je pr\u016fb\u011b\u017en\u011b \u0161est\u00fd. Tak\u00e9 v p\u0159\u00edpad\u011b \u010dty\u0159kolk\u00e1\u0159\u016f jsou \u010dasy dosa\u017een\u00e9 na kvalifika\u010dn\u00ed zkou\u0161ce p\u0159ed zapo\u010dten\u00edm do celkov\u00e9ho hodnocen\u00ed n\u00e1sobeny \u010dty\u0159mi.[\/vc_column_text][vc_column_text css_animation=&#8221;fadeIn&#8221;]<\/p>\n<table style=\"width: 97.7654%;\" rules=\"rows\" cellpadding=\"4px\">\n<tbody>\n<tr style=\"background-color: #dd8500; color: white;\">\n<td style=\"text-align: center;\" colspan=\"4\"><span style=\"font-size: 10pt;\"><strong>ANDALUC\u00cdA RALLY 2021 &#8211; QUAD<br \/>\nv\u00fdsledky prologu<\/strong><\/span><\/td>\n<\/tr>\n<tr style=\"background-color: #dbd9d9;\">\n<td>1.<\/td>\n<td>S\u00e9bastien Souday<\/td>\n<td>Yamaha 450 YFZR<\/td>\n<td style=\"text-align: right;\">28:32<\/td>\n<\/tr>\n<tr style=\"background-color: #f2f2f2;\">\n<td>2.<\/td>\n<td>Toni Vingut<\/td>\n<td>Yamaha Raptor 700<\/td>\n<td style=\"text-align: right;\">+16<\/td>\n<\/tr>\n<tr style=\"background-color: #dbd9d9;\">\n<td>3.<\/td>\n<td>Vincent Padrona<\/td>\n<td>Yamaha Raptor 700<\/td>\n<td style=\"text-align: right;\">+1:40<\/td>\n<\/tr>\n<tr style=\"background-color: #808080;\">\n<td style=\"text-align: center;\" colspan=\"4\"><\/td>\n<\/tr>\n<tr style=\"background-color: #f2f2f2;\">\n<td>6.<\/td>\n<td>Zden\u011bk T\u016fma<\/td>\n<td>Yamaha Raptor 700<\/td>\n<td style=\"text-align: right;\">+4:24<\/td>\n<\/tr>\n<\/tbody>\n<\/table>\n<p>[\/vc_column_text][vc_column_text css_animation=&#8221;fadeIn&#8221; css=&#8221;.vc_custom_1620337531650{border-top-width: 1px !important;border-right-width: 1px !important;border-bottom-width: 1px !important;border-left-width: 1px !important;padding-top: 10px !important;padding-right: 10px !important;padding-bottom: 20px !important;padding-left: 10px !important;background-color: #f2f2f2 !important;}&#8221;]<\/p>\n<h3 style=\"text-align: center;\"><strong><a href=\"\/index.php\/2021\/05\/06\/2021-andalucia-moto\/#preview\">\u00ab p\u0159ed startem<\/a> | <a href=\"\/index.php\/2021\/05\/06\/2021-andalucia-moto\/#1\">1. etapa \u00bb<\/a><\/strong><\/h3>\n<p>[\/vc_column_text][\/vc_tta_section][vc_tta_section title=&#8221;pre-event&#8221; tab_id=&#8221;preview&#8221;][vc_single_image image=&#8221;19172&#8243; img_size=&#8221;large&#8221; add_caption=&#8221;yes&#8221; alignment=&#8221;center&#8221; onclick=&#8221;link_image&#8221; css_animation=&#8221;fadeIn&#8221;][vc_column_text css_animation=&#8221;fadeIn&#8221;]P\u0159esto\u017ee Andaluc\u00eda Rally nen\u00ed sou\u010d\u00e1st\u00ed Mistrovstv\u00ed sv\u011bta FIM v cross-country rally, nechyb\u00ed na seznamu p\u0159ihl\u00e1\u0161en\u00fdch tov\u00e1rn\u00ed t\u00fdmy, ani \u0159ada dal\u0161\u00edch zaj\u00edmav\u00fdch jmen. Sv\u00e1 \u017eel\u00edzka v ohni bude m\u00edt ve \u0160pan\u011blsku mezi motocyklisty a \u010dty\u0159kolk\u00e1\u0159i tak\u00e9 \u010cesko.<\/p>\n<h4>Honda s Barredou a Quintanillou<\/h4>\n<p><span style=\"color: #999999;\">[Aktualizov\u00e1no 10.5.2021; 16:00]<\/span><\/p>\n<p>Dva dny p\u0159ed startem Andalusk\u00e9 rally <a href=\"\/index.php\/2021\/05\/10\/quintanilla-s-hondou\/\">potvrdila Honda p\u0159\u00edchod nov\u00e9 posily<\/a>. Po <a href=\"\/index.php\/2021\/04\/07\/kevin-benavides-meni-barvy\/\">p\u0159estupu Kevina Benavidese<\/a> ke KTM p\u0159ich\u00e1z\u00ed do t\u00fdmu v\u00edt\u011bz\u016f dvou posledn\u00edch dakarsk\u00fdch ro\u010dn\u00edk\u016f Pablo Quintanilla. Dvojn\u00e1sobn\u00fd mistr sv\u011bta v cross-country rally bude v okol\u00ed Villamart\u00ednu h\u00e1jit barvy Monster Energy Honda Teamu spole\u010dn\u011b s dom\u00e1c\u00edm Joanem Barredou.[\/vc_column_text][vc_single_image image=&#8221;16906&#8243; img_size=&#8221;large&#8221; add_caption=&#8221;yes&#8221; alignment=&#8221;center&#8221; onclick=&#8221;link_image&#8221; css_animation=&#8221;fadeIn&#8221;][vc_column_text css_animation=&#8221;fadeIn&#8221;]<\/p>\n<h4>Na startu tak\u00e9 tov\u00e1rn\u00ed t\u00fdmy Sherco a Hero<\/h4>\n<p><span style=\"color: #999999;\">[6.5.2021; 18:00]<\/span><\/p>\n<p>O nejvy\u0161\u0161\u00ed p\u0159\u00ed\u010dky bude ve \u0160pan\u011blsku usilovat Sherco, kter\u00e9 nasad\u00ed Lorenza Santolina a Ruie Gon\u00e7alvese. Dom\u00e1c\u00ed z\u00e1vodn\u00edk uko\u0159istil loni na podzim p\u0159i premi\u00e9rov\u00e9m ro\u010dn\u00edku Andalusk\u00e9 rally bronz a bl\u00fdskl se tak\u00e9 v lednu v Sa\u00fadsk\u00e9 Ar\u00e1bii. \u0160pan\u011blovo \u0161est\u00e9 m\u00edsto je dosud nejlep\u0161\u00edm v\u00fdsledkem francouzsk\u00e9 zna\u010dky za sedm let jej\u00edho p\u016fsoben\u00ed na dakarsk\u00e9 rally. Da\u0159ilo se i Gon\u00e7alvesovi, jen\u017e se p\u0159i dakarsk\u00e9m debutu prosadil do prvn\u00ed dvac\u00edtky.<\/p>\n<p>T\u0159\u00ed\u010dlennou spole\u010dnost tov\u00e1rn\u00edch t\u00fdm\u016f ve \u0161pan\u011blsk\u00e9m bivaku zkompletuje Hero, v jeho\u017e sestav\u011b se krom\u011b Portugalce Joaquima Rodriguese a v Portugalsku naturalizovan\u00e9ho N\u011bmce Sebastiana B\u00fchlera poprv\u00e9 p\u0159edstav\u00ed tak\u00e9 <a href=\"\/index.php\/2021\/05\/04\/hero-motosports-posila\/\">nov\u00e1 posila Franco Caimi<\/a> z Argentiny.[\/vc_column_text][vc_column_text css_animation=&#8221;fadeIn&#8221;]<\/p>\n<h4>Dv\u011b \u010desk\u00e1 \u017eel\u00edzka ve \u0161pan\u011blsk\u00e9m ohni<\/h4>\n<p><span style=\"color: #999999;\">[Aktualizov\u00e1no 10.5.2021; 16:00]<\/span><\/p>\n<p>Z \u010desk\u00fdch motocyklist\u016f se do Andalusie i podruh\u00e9 vyd\u00e1v\u00e1 Jan Brabec, kter\u00fd loni na podzim dok\u00e1zal na trat\u00edch kolem Villamart\u00ednu zdatn\u011b sekundovat absolutn\u00ed \u0161pi\u010dce, ale o lep\u0161\u00ed v\u00fdsledek jej p\u0159ipravily technick\u00e9 probl\u00e9my a p\u00e1dy.<\/p>\n<p>Na mezin\u00e1rodn\u00ed sc\u00e9nu se po vynechan\u00e9m Dakaru vrac\u00ed Zden\u011bk T\u016fma. Jiho\u010desk\u00fd z\u00e1vodn\u00edk pom\u011b\u0159\u00ed v kategorii \u010dty\u0159kolek sv\u00e9 s\u00edly nap\u0159\u00edklad s leto\u0161n\u00edm dakarsk\u00fdm v\u00edt\u011bzem Manuelem And\u00fajarem z Argentiny nebo Litevcem Laisvydasem Kanciusem, jeho\u017e Raptor postavil Kubien\u016fv Story Racing.<\/p>\n<p>Ze zdravotn\u00edch d\u016fvod\u016f musel na start v Andalusii rezignovat Slov\u00e1k Marek Slobodn\u00edk, jen\u017e se\u00a0do pov\u011bdom\u00ed \u0161irok\u00e9 ve\u0159ejnosti dostal d\u00edky vlastn\u00edm cestovatelsk\u00fdm projekt\u016fm na historick\u00e9m Pion\u00fdru a jako \u010dlen \u201etrabant\u00edho \u017elut\u00e9ho cirkusu\u201c Dana P\u0159ib\u00e1n\u011b, se kter\u00fdm absolvoval n\u011bkolik expedic na Jaw\u011b. Na Andaluc\u00eda Rally byl p\u0159ihl\u00e1\u0161en s Hondou XR 400.[\/vc_column_text][vc_single_image image=&#8221;19163&#8243; img_size=&#8221;large&#8221; add_caption=&#8221;yes&#8221; alignment=&#8221;center&#8221; onclick=&#8221;link_image&#8221; css_animation=&#8221;fadeIn&#8221;][vc_column_text css_animation=&#8221;fadeIn&#8221;]<\/p>\n<h4>Z kamionu za \u0159\u00edd\u00edtka<\/h4>\n<p><span style=\"color: #999999;\">[6.5.2021; 18:00]<\/span><\/p>\n<p>V r\u00e1mci Enduro Cupu si sout\u011b\u017e na motocyklu vyzkou\u0161\u00ed Mitchel van den Brink, jeho\u017e byli fanou\u0161ci dosud zvykl\u00ed v\u00eddat p\u0159edev\u0161\u00edm v kabin\u011b kamionu. Devaten\u00e1ctilet\u00fd Nizozemec chce podle vlastn\u00edch slov p\u0159edev\u0161\u00edm z\u00edskat v\u011bt\u0161\u00ed cit pro navigaci, ale z\u00e1rove\u0148 zva\u017euje mo\u017enost, \u017ee by se v budoucnu na motorce z\u00fa\u010dastnil i Rally Dakar.<\/p>\n<p>Celkem je na Andaluc\u00eda Rally 2021 p\u0159ihl\u00e1\u0161eno 57 jezdc\u016f v kategorii motocykl\u016f a 8 v kategorii \u010dty\u0159kolek. Dal\u0161\u00edch 26 z\u00e1vodn\u00edk\u016f pojede v Enduro Cupu.<\/p>\n<p>Sout\u011b\u017e odstartuje ve st\u0159edu 12. kv\u011btna kr\u00e1tk\u00fdm prologem, po n\u011bm\u017e budou od \u010dtvrtka do ned\u011ble n\u00e1sledovat \u010dty\u0159i klasick\u00e9 etapy. Tra\u0165 druh\u00e9ho ro\u010dn\u00edku Andalusk\u00e9 rally m\u011b\u0159\u00ed 1566 kilometr\u016f, z nich\u017e se 966 pojede v r\u00e1mci rychlostn\u00edch zkou\u0161ek.[\/vc_column_text][vc_empty_space height=&#8221;2px&#8221;][vc_btn title=&#8221;Andaluc\u00eda Rally 2021 &#8211; MOTO\/QUAD: Seznam p\u0159ihl\u00e1\u0161en\u00fdch&#8221; shape=&#8221;square&#8221; color=&#8221;warning&#8221; size=&#8221;sm&#8221; align=&#8221;center&#8221; i_icon_fontawesome=&#8221;fa fa-file-pdf-o&#8221; css_animation=&#8221;fadeIn&#8221; button_block=&#8221;true&#8221; add_icon=&#8221;true&#8221; link=&#8221;url:%2Fwp-content%2Fuploads%2F2021%2F05%2F21-andalucia-entry-moto-quad.pdf||target:%20_blank|&#8221;][vc_column_text css_animation=&#8221;fadeIn&#8221; css=&#8221;.vc_custom_1620337060087{border-top-width: 1px !important;border-right-width: 1px !important;border-bottom-width: 1px !important;border-left-width: 1px !important;padding-top: 10px !important;padding-right: 10px !important;padding-bottom: 20px !important;padding-left: 10px !important;background-color: #f2f2f2 !important;}&#8221;]<\/p>\n<h3 style=\"text-align: center;\"><strong><a href=\"\/index.php\/2021\/05\/06\/2021-andalucia-moto\/#prolog\">prolog \u00bb<\/a><\/strong><\/h3>\n<p>[\/vc_column_text][vc_empty_space height=&#8221;2px&#8221;][\/vc_tta_section][\/vc_tta_pageable][\/vc_column][\/vc_row]<\/p>\n","protected":false},"excerpt":{"rendered":"<p>Joan Barreda na tov\u00e1rn\u00ed Hond\u011b je zp\u00e1tky. Po t\u011b\u017eko pochopiteln\u00e9 chyb\u011b v z\u00e1v\u011bru lednov\u00e9ho Dakaru si \u0160pan\u011bl napravil reputaci.<\/p>\n","protected":false},"author":1,"featured_media":19315,"comment_status":"open","ping_status":"closed","sticky":false,"template":"","format":"standard","meta":{"footnotes":""},"categories":[1751,15],"tags":[1630,1752,1852,924,1172,820,129,759,791,110,761,821,63,1781,926,1830,1858,88,215,1859,857,152,168,683],"class_list":["post-19165","post","type-post","status-publish","format-standard","has-post-thumbnail","hentry","category-andalucia-rally","category-moto-quad","tag-1630","tag-andalucia-rally","tag-andalucia-rally-2021","tag-franco-caimi","tag-hero","tag-hero-motosports","tag-honda","tag-honda-team","tag-hrc","tag-jan-brabec","tag-joan-barreda","tag-joaquim-rodrigues","tag-ktm","tag-laisvydas-kancius","tag-lorenzo-santolino","tag-manuel-andujar","tag-marek-slobodnik","tag-mitchel-van-den-brink","tag-pablo-quintanilla","tag-rui-goncalves","tag-sebastian-buhler","tag-sherco","tag-yamaha","tag-zdenek-tuma"],"yoast_head":"<!-- This site is optimized with the Yoast SEO plugin v24.9 - https:\/\/yoast.com\/wordpress\/plugins\/seo\/ -->\n<title>Andaluc\u00eda Rally: Brabec se po bloud\u011bn\u00ed a p\u00e1du do des\u00edtky neve\u0161el - DAKARMANIA.cz<\/title>\n<meta name=\"description\" content=\"Joan Barreda na tov\u00e1rn\u00ed Hond\u011b je zp\u00e1tky. Po t\u011b\u017eko pochopiteln\u00e9 chyb\u011b v z\u00e1v\u011bru lednov\u00e9ho Dakaru si \u0160pan\u011bl napravil reputaci.\" \/>\n<meta name=\"robots\" content=\"index, follow, max-snippet:-1, max-image-preview:large, max-video-preview:-1\" \/>\n<link rel=\"canonical\" href=\"https:\/\/www.dakarmania.cz\/index.php\/2021\/05\/16\/2021-andalucia-moto\/\" \/>\n<meta property=\"og:locale\" content=\"cs_CZ\" \/>\n<meta property=\"og:type\" content=\"article\" \/>\n<meta property=\"og:title\" content=\"Andaluc\u00eda Rally: Brabec se po bloud\u011bn\u00ed a p\u00e1du do des\u00edtky neve\u0161el - DAKARMANIA.cz\" \/>\n<meta property=\"og:description\" content=\"Joan Barreda na tov\u00e1rn\u00ed Hond\u011b je zp\u00e1tky. Po t\u011b\u017eko pochopiteln\u00e9 chyb\u011b v z\u00e1v\u011bru lednov\u00e9ho Dakaru si \u0160pan\u011bl napravil reputaci.\" \/>\n<meta property=\"og:url\" content=\"https:\/\/www.dakarmania.cz\/index.php\/2021\/05\/16\/2021-andalucia-moto\/\" \/>\n<meta property=\"og:site_name\" content=\"DAKARMANIA.cz\" \/>\n<meta property=\"article:publisher\" content=\"https:\/\/www.facebook.com\/dakarmania\/\" \/>\n<meta property=\"article:published_time\" content=\"2021-05-16T14:39:46+00:00\" \/>\n<meta property=\"article:modified_time\" content=\"2021-10-20T17:04:11+00:00\" \/>\n<meta property=\"og:image\" content=\"https:\/\/www.dakarmania.cz\/wp-content\/uploads\/2021\/05\/21-andalucia-brabec-06.jpg\" \/>\n\t<meta property=\"og:image:width\" content=\"1024\" \/>\n\t<meta property=\"og:image:height\" content=\"682\" \/>\n\t<meta property=\"og:image:type\" content=\"image\/jpeg\" \/>\n<meta name=\"author\" content=\"Zden\u011bk Zelenka\" \/>\n<meta name=\"twitter:card\" content=\"summary_large_image\" \/>\n<meta name=\"twitter:label1\" content=\"Napsal(a)\" \/>\n\t<meta name=\"twitter:data1\" content=\"Zden\u011bk Zelenka\" \/>\n\t<meta name=\"twitter:label2\" content=\"Odhadovan\u00e1 doba \u010dten\u00ed\" \/>\n\t<meta name=\"twitter:data2\" content=\"17 minut\" \/>\n<script type=\"application\/ld+json\" class=\"yoast-schema-graph\">{\"@context\":\"https:\/\/schema.org\",\"@graph\":[{\"@type\":\"Article\",\"@id\":\"https:\/\/www.dakarmania.cz\/index.php\/2021\/05\/16\/2021-andalucia-moto\/#article\",\"isPartOf\":{\"@id\":\"https:\/\/www.dakarmania.cz\/index.php\/2021\/05\/16\/2021-andalucia-moto\/\"},\"author\":{\"name\":\"Zden\u011bk Zelenka\",\"@id\":\"https:\/\/www.dakarmania.cz\/#\/schema\/person\/04eb0e87a389631c2169c0dddae7ff1e\"},\"headline\":\"Andaluc\u00eda Rally: Brabec se po bloud\u011bn\u00ed a p\u00e1du do des\u00edtky neve\u0161el\",\"datePublished\":\"2021-05-16T14:39:46+00:00\",\"dateModified\":\"2021-10-20T17:04:11+00:00\",\"mainEntityOfPage\":{\"@id\":\"https:\/\/www.dakarmania.cz\/index.php\/2021\/05\/16\/2021-andalucia-moto\/\"},\"wordCount\":5272,\"commentCount\":0,\"publisher\":{\"@id\":\"https:\/\/www.dakarmania.cz\/#organization\"},\"image\":{\"@id\":\"https:\/\/www.dakarmania.cz\/index.php\/2021\/05\/16\/2021-andalucia-moto\/#primaryimage\"},\"thumbnailUrl\":\"https:\/\/www.dakarmania.cz\/wp-content\/uploads\/2021\/05\/21-andalucia-brabec-06.jpg\",\"keywords\":[\"2021\",\"Andaluc\u00eda Rally\",\"Andaluc\u00eda Rally 2021\",\"Franco Caimi\",\"Hero\",\"Hero MotoSports\",\"Honda\",\"Honda Team\",\"HRC\",\"Jan Brabec\",\"Joan Barreda\",\"Joaquim Rodrigues\",\"KTM\",\"Laisvydas Kancius\",\"Lorenzo Santolino\",\"Manuel And\u00fajar\",\"Marek Slobodn\u00edk\",\"Mitchel van den Brink\",\"Pablo Quintanilla\",\"Rui Gon\u00e7alves\",\"Sebastian B\u00fchler\",\"Sherco\",\"Yamaha\",\"Zden\u011bk T\u016fma\"],\"articleSection\":[\"Andaluc\u00eda Rally\",\"Moto\/Quad\"],\"inLanguage\":\"cs\",\"potentialAction\":[{\"@type\":\"CommentAction\",\"name\":\"Comment\",\"target\":[\"https:\/\/www.dakarmania.cz\/index.php\/2021\/05\/16\/2021-andalucia-moto\/#respond\"]}]},{\"@type\":\"WebPage\",\"@id\":\"https:\/\/www.dakarmania.cz\/index.php\/2021\/05\/16\/2021-andalucia-moto\/\",\"url\":\"https:\/\/www.dakarmania.cz\/index.php\/2021\/05\/16\/2021-andalucia-moto\/\",\"name\":\"Andaluc\u00eda Rally: Brabec se po bloud\u011bn\u00ed a p\u00e1du do des\u00edtky neve\u0161el - DAKARMANIA.cz\",\"isPartOf\":{\"@id\":\"https:\/\/www.dakarmania.cz\/#website\"},\"primaryImageOfPage\":{\"@id\":\"https:\/\/www.dakarmania.cz\/index.php\/2021\/05\/16\/2021-andalucia-moto\/#primaryimage\"},\"image\":{\"@id\":\"https:\/\/www.dakarmania.cz\/index.php\/2021\/05\/16\/2021-andalucia-moto\/#primaryimage\"},\"thumbnailUrl\":\"https:\/\/www.dakarmania.cz\/wp-content\/uploads\/2021\/05\/21-andalucia-brabec-06.jpg\",\"datePublished\":\"2021-05-16T14:39:46+00:00\",\"dateModified\":\"2021-10-20T17:04:11+00:00\",\"description\":\"Joan Barreda na tov\u00e1rn\u00ed Hond\u011b je zp\u00e1tky. Po t\u011b\u017eko pochopiteln\u00e9 chyb\u011b v z\u00e1v\u011bru lednov\u00e9ho Dakaru si \u0160pan\u011bl napravil reputaci.\",\"breadcrumb\":{\"@id\":\"https:\/\/www.dakarmania.cz\/index.php\/2021\/05\/16\/2021-andalucia-moto\/#breadcrumb\"},\"inLanguage\":\"cs\",\"potentialAction\":[{\"@type\":\"ReadAction\",\"target\":[\"https:\/\/www.dakarmania.cz\/index.php\/2021\/05\/16\/2021-andalucia-moto\/\"]}]},{\"@type\":\"ImageObject\",\"inLanguage\":\"cs\",\"@id\":\"https:\/\/www.dakarmania.cz\/index.php\/2021\/05\/16\/2021-andalucia-moto\/#primaryimage\",\"url\":\"https:\/\/www.dakarmania.cz\/wp-content\/uploads\/2021\/05\/21-andalucia-brabec-06.jpg\",\"contentUrl\":\"https:\/\/www.dakarmania.cz\/wp-content\/uploads\/2021\/05\/21-andalucia-brabec-06.jpg\",\"width\":1024,\"height\":682,\"caption\":\"Jan Brabec, KTM 450 Rally Replica, Strojrent Racing. Andaluc\u00eda Rally 2021. \u00a9 ODC Events\"},{\"@type\":\"BreadcrumbList\",\"@id\":\"https:\/\/www.dakarmania.cz\/index.php\/2021\/05\/16\/2021-andalucia-moto\/#breadcrumb\",\"itemListElement\":[{\"@type\":\"ListItem\",\"position\":1,\"name\":\"Dom\u016f\",\"item\":\"https:\/\/www.dakarmania.cz\/\"},{\"@type\":\"ListItem\",\"position\":2,\"name\":\"Andaluc\u00eda Rally: Brabec se po bloud\u011bn\u00ed a p\u00e1du do des\u00edtky neve\u0161el\"}]},{\"@type\":\"WebSite\",\"@id\":\"https:\/\/www.dakarmania.cz\/#website\",\"url\":\"https:\/\/www.dakarmania.cz\/\",\"name\":\"DAKARMANIA.cz\",\"description\":\"\u017dijeme Dakarem cel\u00fd rok\",\"publisher\":{\"@id\":\"https:\/\/www.dakarmania.cz\/#organization\"},\"potentialAction\":[{\"@type\":\"SearchAction\",\"target\":{\"@type\":\"EntryPoint\",\"urlTemplate\":\"https:\/\/www.dakarmania.cz\/?s={search_term_string}\"},\"query-input\":{\"@type\":\"PropertyValueSpecification\",\"valueRequired\":true,\"valueName\":\"search_term_string\"}}],\"inLanguage\":\"cs\"},{\"@type\":\"Organization\",\"@id\":\"https:\/\/www.dakarmania.cz\/#organization\",\"name\":\"DAKAR MANIA\",\"url\":\"https:\/\/www.dakarmania.cz\/\",\"logo\":{\"@type\":\"ImageObject\",\"inLanguage\":\"cs\",\"@id\":\"https:\/\/www.dakarmania.cz\/#\/schema\/logo\/image\/\",\"url\":\"https:\/\/www.dakarmania.cz\/wp-content\/uploads\/2018\/12\/Dakar-Mania-Logo-Square-Orange.png\",\"contentUrl\":\"https:\/\/www.dakarmania.cz\/wp-content\/uploads\/2018\/12\/Dakar-Mania-Logo-Square-Orange.png\",\"width\":992,\"height\":992,\"caption\":\"DAKAR MANIA\"},\"image\":{\"@id\":\"https:\/\/www.dakarmania.cz\/#\/schema\/logo\/image\/\"},\"sameAs\":[\"https:\/\/www.facebook.com\/dakarmania\/\"]},{\"@type\":\"Person\",\"@id\":\"https:\/\/www.dakarmania.cz\/#\/schema\/person\/04eb0e87a389631c2169c0dddae7ff1e\",\"name\":\"Zden\u011bk Zelenka\",\"image\":{\"@type\":\"ImageObject\",\"inLanguage\":\"cs\",\"@id\":\"https:\/\/www.dakarmania.cz\/#\/schema\/person\/image\/\",\"url\":\"https:\/\/secure.gravatar.com\/avatar\/2c80d5a4942fe0900b73cc7d3837a509d6ee0a276a2b76dac95c92bd0763a89b?s=96&d=mm&r=g\",\"contentUrl\":\"https:\/\/secure.gravatar.com\/avatar\/2c80d5a4942fe0900b73cc7d3837a509d6ee0a276a2b76dac95c92bd0763a89b?s=96&d=mm&r=g\",\"caption\":\"Zden\u011bk Zelenka\"},\"description\":\"Moji d\u011bt\u0161t\u00ed hrdinov\u00e9 se jmenovali Loprais, Moskal, Neveu, Vatanen, Rahier... A tihle borci, jejich n\u00e1sledovn\u00edci a jejich p\u0159\u00edb\u011bhy m\u011b nep\u0159estali fascinovat ani po letech, kdy jsem vyrostl a zam\u011bstn\u00e1valy m\u011b jin\u00e9 discipl\u00edny motorsportu. Proto se zrodila DAKARMANIA.\",\"url\":\"https:\/\/www.dakarmania.cz\/index.php\/author\/dakarmania\/\"}]}<\/script>\n<!-- \/ Yoast SEO plugin. -->","yoast_head_json":{"title":"Andaluc\u00eda Rally: Brabec se po bloud\u011bn\u00ed a p\u00e1du do des\u00edtky neve\u0161el - DAKARMANIA.cz","description":"Joan Barreda na tov\u00e1rn\u00ed Hond\u011b je zp\u00e1tky. Po t\u011b\u017eko pochopiteln\u00e9 chyb\u011b v z\u00e1v\u011bru lednov\u00e9ho Dakaru si \u0160pan\u011bl napravil reputaci.","robots":{"index":"index","follow":"follow","max-snippet":"max-snippet:-1","max-image-preview":"max-image-preview:large","max-video-preview":"max-video-preview:-1"},"canonical":"https:\/\/www.dakarmania.cz\/index.php\/2021\/05\/16\/2021-andalucia-moto\/","og_locale":"cs_CZ","og_type":"article","og_title":"Andaluc\u00eda Rally: Brabec se po bloud\u011bn\u00ed a p\u00e1du do des\u00edtky neve\u0161el - DAKARMANIA.cz","og_description":"Joan Barreda na tov\u00e1rn\u00ed Hond\u011b je zp\u00e1tky. Po t\u011b\u017eko pochopiteln\u00e9 chyb\u011b v z\u00e1v\u011bru lednov\u00e9ho Dakaru si \u0160pan\u011bl napravil reputaci.","og_url":"https:\/\/www.dakarmania.cz\/index.php\/2021\/05\/16\/2021-andalucia-moto\/","og_site_name":"DAKARMANIA.cz","article_publisher":"https:\/\/www.facebook.com\/dakarmania\/","article_published_time":"2021-05-16T14:39:46+00:00","article_modified_time":"2021-10-20T17:04:11+00:00","og_image":[{"width":1024,"height":682,"url":"https:\/\/www.dakarmania.cz\/wp-content\/uploads\/2021\/05\/21-andalucia-brabec-06.jpg","type":"image\/jpeg"}],"author":"Zden\u011bk Zelenka","twitter_card":"summary_large_image","twitter_misc":{"Napsal(a)":"Zden\u011bk Zelenka","Odhadovan\u00e1 doba \u010dten\u00ed":"17 minut"},"schema":{"@context":"https:\/\/schema.org","@graph":[{"@type":"Article","@id":"https:\/\/www.dakarmania.cz\/index.php\/2021\/05\/16\/2021-andalucia-moto\/#article","isPartOf":{"@id":"https:\/\/www.dakarmania.cz\/index.php\/2021\/05\/16\/2021-andalucia-moto\/"},"author":{"name":"Zden\u011bk Zelenka","@id":"https:\/\/www.dakarmania.cz\/#\/schema\/person\/04eb0e87a389631c2169c0dddae7ff1e"},"headline":"Andaluc\u00eda Rally: Brabec se po bloud\u011bn\u00ed a p\u00e1du do des\u00edtky neve\u0161el","datePublished":"2021-05-16T14:39:46+00:00","dateModified":"2021-10-20T17:04:11+00:00","mainEntityOfPage":{"@id":"https:\/\/www.dakarmania.cz\/index.php\/2021\/05\/16\/2021-andalucia-moto\/"},"wordCount":5272,"commentCount":0,"publisher":{"@id":"https:\/\/www.dakarmania.cz\/#organization"},"image":{"@id":"https:\/\/www.dakarmania.cz\/index.php\/2021\/05\/16\/2021-andalucia-moto\/#primaryimage"},"thumbnailUrl":"https:\/\/www.dakarmania.cz\/wp-content\/uploads\/2021\/05\/21-andalucia-brabec-06.jpg","keywords":["2021","Andaluc\u00eda Rally","Andaluc\u00eda Rally 2021","Franco Caimi","Hero","Hero MotoSports","Honda","Honda Team","HRC","Jan Brabec","Joan Barreda","Joaquim Rodrigues","KTM","Laisvydas Kancius","Lorenzo Santolino","Manuel And\u00fajar","Marek Slobodn\u00edk","Mitchel van den Brink","Pablo Quintanilla","Rui Gon\u00e7alves","Sebastian B\u00fchler","Sherco","Yamaha","Zden\u011bk T\u016fma"],"articleSection":["Andaluc\u00eda Rally","Moto\/Quad"],"inLanguage":"cs","potentialAction":[{"@type":"CommentAction","name":"Comment","target":["https:\/\/www.dakarmania.cz\/index.php\/2021\/05\/16\/2021-andalucia-moto\/#respond"]}]},{"@type":"WebPage","@id":"https:\/\/www.dakarmania.cz\/index.php\/2021\/05\/16\/2021-andalucia-moto\/","url":"https:\/\/www.dakarmania.cz\/index.php\/2021\/05\/16\/2021-andalucia-moto\/","name":"Andaluc\u00eda Rally: Brabec se po bloud\u011bn\u00ed a p\u00e1du do des\u00edtky neve\u0161el - DAKARMANIA.cz","isPartOf":{"@id":"https:\/\/www.dakarmania.cz\/#website"},"primaryImageOfPage":{"@id":"https:\/\/www.dakarmania.cz\/index.php\/2021\/05\/16\/2021-andalucia-moto\/#primaryimage"},"image":{"@id":"https:\/\/www.dakarmania.cz\/index.php\/2021\/05\/16\/2021-andalucia-moto\/#primaryimage"},"thumbnailUrl":"https:\/\/www.dakarmania.cz\/wp-content\/uploads\/2021\/05\/21-andalucia-brabec-06.jpg","datePublished":"2021-05-16T14:39:46+00:00","dateModified":"2021-10-20T17:04:11+00:00","description":"Joan Barreda na tov\u00e1rn\u00ed Hond\u011b je zp\u00e1tky. Po t\u011b\u017eko pochopiteln\u00e9 chyb\u011b v z\u00e1v\u011bru lednov\u00e9ho Dakaru si \u0160pan\u011bl napravil reputaci.","breadcrumb":{"@id":"https:\/\/www.dakarmania.cz\/index.php\/2021\/05\/16\/2021-andalucia-moto\/#breadcrumb"},"inLanguage":"cs","potentialAction":[{"@type":"ReadAction","target":["https:\/\/www.dakarmania.cz\/index.php\/2021\/05\/16\/2021-andalucia-moto\/"]}]},{"@type":"ImageObject","inLanguage":"cs","@id":"https:\/\/www.dakarmania.cz\/index.php\/2021\/05\/16\/2021-andalucia-moto\/#primaryimage","url":"https:\/\/www.dakarmania.cz\/wp-content\/uploads\/2021\/05\/21-andalucia-brabec-06.jpg","contentUrl":"https:\/\/www.dakarmania.cz\/wp-content\/uploads\/2021\/05\/21-andalucia-brabec-06.jpg","width":1024,"height":682,"caption":"Jan Brabec, KTM 450 Rally Replica, Strojrent Racing. Andaluc\u00eda Rally 2021. \u00a9 ODC Events"},{"@type":"BreadcrumbList","@id":"https:\/\/www.dakarmania.cz\/index.php\/2021\/05\/16\/2021-andalucia-moto\/#breadcrumb","itemListElement":[{"@type":"ListItem","position":1,"name":"Dom\u016f","item":"https:\/\/www.dakarmania.cz\/"},{"@type":"ListItem","position":2,"name":"Andaluc\u00eda Rally: Brabec se po bloud\u011bn\u00ed a p\u00e1du do des\u00edtky neve\u0161el"}]},{"@type":"WebSite","@id":"https:\/\/www.dakarmania.cz\/#website","url":"https:\/\/www.dakarmania.cz\/","name":"DAKARMANIA.cz","description":"\u017dijeme Dakarem cel\u00fd rok","publisher":{"@id":"https:\/\/www.dakarmania.cz\/#organization"},"potentialAction":[{"@type":"SearchAction","target":{"@type":"EntryPoint","urlTemplate":"https:\/\/www.dakarmania.cz\/?s={search_term_string}"},"query-input":{"@type":"PropertyValueSpecification","valueRequired":true,"valueName":"search_term_string"}}],"inLanguage":"cs"},{"@type":"Organization","@id":"https:\/\/www.dakarmania.cz\/#organization","name":"DAKAR MANIA","url":"https:\/\/www.dakarmania.cz\/","logo":{"@type":"ImageObject","inLanguage":"cs","@id":"https:\/\/www.dakarmania.cz\/#\/schema\/logo\/image\/","url":"https:\/\/www.dakarmania.cz\/wp-content\/uploads\/2018\/12\/Dakar-Mania-Logo-Square-Orange.png","contentUrl":"https:\/\/www.dakarmania.cz\/wp-content\/uploads\/2018\/12\/Dakar-Mania-Logo-Square-Orange.png","width":992,"height":992,"caption":"DAKAR MANIA"},"image":{"@id":"https:\/\/www.dakarmania.cz\/#\/schema\/logo\/image\/"},"sameAs":["https:\/\/www.facebook.com\/dakarmania\/"]},{"@type":"Person","@id":"https:\/\/www.dakarmania.cz\/#\/schema\/person\/04eb0e87a389631c2169c0dddae7ff1e","name":"Zden\u011bk Zelenka","image":{"@type":"ImageObject","inLanguage":"cs","@id":"https:\/\/www.dakarmania.cz\/#\/schema\/person\/image\/","url":"https:\/\/secure.gravatar.com\/avatar\/2c80d5a4942fe0900b73cc7d3837a509d6ee0a276a2b76dac95c92bd0763a89b?s=96&d=mm&r=g","contentUrl":"https:\/\/secure.gravatar.com\/avatar\/2c80d5a4942fe0900b73cc7d3837a509d6ee0a276a2b76dac95c92bd0763a89b?s=96&d=mm&r=g","caption":"Zden\u011bk Zelenka"},"description":"Moji d\u011bt\u0161t\u00ed hrdinov\u00e9 se jmenovali Loprais, Moskal, Neveu, Vatanen, Rahier... A tihle borci, jejich n\u00e1sledovn\u00edci a jejich p\u0159\u00edb\u011bhy m\u011b nep\u0159estali fascinovat ani po letech, kdy jsem vyrostl a zam\u011bstn\u00e1valy m\u011b jin\u00e9 discipl\u00edny motorsportu. Proto se zrodila DAKARMANIA.","url":"https:\/\/www.dakarmania.cz\/index.php\/author\/dakarmania\/"}]}},"amp_enabled":true,"_links":{"self":[{"href":"https:\/\/www.dakarmania.cz\/index.php\/wp-json\/wp\/v2\/posts\/19165","targetHints":{"allow":["GET"]}}],"collection":[{"href":"https:\/\/www.dakarmania.cz\/index.php\/wp-json\/wp\/v2\/posts"}],"about":[{"href":"https:\/\/www.dakarmania.cz\/index.php\/wp-json\/wp\/v2\/types\/post"}],"author":[{"embeddable":true,"href":"https:\/\/www.dakarmania.cz\/index.php\/wp-json\/wp\/v2\/users\/1"}],"replies":[{"embeddable":true,"href":"https:\/\/www.dakarmania.cz\/index.php\/wp-json\/wp\/v2\/comments?post=19165"}],"version-history":[{"count":47,"href":"https:\/\/www.dakarmania.cz\/index.php\/wp-json\/wp\/v2\/posts\/19165\/revisions"}],"predecessor-version":[{"id":23820,"href":"https:\/\/www.dakarmania.cz\/index.php\/wp-json\/wp\/v2\/posts\/19165\/revisions\/23820"}],"wp:featuredmedia":[{"embeddable":true,"href":"https:\/\/www.dakarmania.cz\/index.php\/wp-json\/wp\/v2\/media\/19315"}],"wp:attachment":[{"href":"https:\/\/www.dakarmania.cz\/index.php\/wp-json\/wp\/v2\/media?parent=19165"}],"wp:term":[{"taxonomy":"category","embeddable":true,"href":"https:\/\/www.dakarmania.cz\/index.php\/wp-json\/wp\/v2\/categories?post=19165"},{"taxonomy":"post_tag","embeddable":true,"href":"https:\/\/www.dakarmania.cz\/index.php\/wp-json\/wp\/v2\/tags?post=19165"}],"curies":[{"name":"wp","href":"https:\/\/api.w.org\/{rel}","templated":true}]}}