{"id":19186,"date":"2021-05-10T15:22:52","date_gmt":"2021-05-10T13:22:52","guid":{"rendered":"https:\/\/www.dakarmania.cz\/?p=19186"},"modified":"2023-03-19T11:23:46","modified_gmt":"2023-03-19T10:23:46","slug":"quintanilla-s-hondou","status":"publish","type":"post","link":"https:\/\/www.dakarmania.cz\/index.php\/2021\/05\/10\/quintanilla-s-hondou\/","title":{"rendered":"Potvrzeno: Quintanilla v Andalusii poprv\u00e9 s Hondou"},"content":{"rendered":"<p>[vc_row][vc_column][vc_column_text css_animation=&#8221;fadeIn&#8221;]<\/p>\n<h3>Dva dny p\u0159ed startem Andalusk\u00e9 rally potvrdila Honda p\u0159\u00edchod Pabla Quintanilly. Dvojn\u00e1sobn\u00fd mistr sv\u011bta v cross-country rally v jej\u00ed sestav\u011b st\u0159\u00edd\u00e1 v\u00edt\u011bze leto\u0161n\u00edho Dakaru Kevina Benavidese, jen\u017e p\u0159estoupil ke KTM. 34let\u00fd Chilan s t\u00fdmem uzav\u0159el ro\u010dn\u00ed kontrakt zahrnuj\u00edc\u00ed starty v sezon\u011b 2021 a \u00fa\u010dast na Dakaru 2022.<\/h3>\n<p>[\/vc_column_text][vc_single_image image=&#8221;19185&#8243; img_size=&#8221;large&#8221; add_caption=&#8221;yes&#8221; alignment=&#8221;center&#8221; onclick=&#8221;link_image&#8221; css_animation=&#8221;fadeIn&#8221;][vc_column_text css_animation=&#8221;fadeIn&#8221;]<em>\u201eV posledn\u00edch letech jsme m\u011bli skv\u011bl\u00fd t\u00fdm slo\u017een\u00fd z jezdc\u016f schopn\u00fdch vyhr\u00e1vat z\u00e1vody. Ricky Brabec zv\u00edt\u011bzil na Dakaru 2020, Kevin Benavides letos, ale tak\u00e9 Nacho Cornejo b\u011bhem z\u00e1vodu vedl a vep\u0159edu se pohyboval i Joan Barreda,\u201c<\/em> p\u0159ipom\u00edn\u00e1 gener\u00e1ln\u00ed mana\u017eer t\u00fdmu <strong>Ruben Faria<\/strong>. <em>\u201ePo Benavidesov\u011b odchodu n\u00e1m jeden jezdec chyb\u011bl. Abychom udr\u017eeli vysokou \u00farove\u0148 Monster Energy Honda Teamu, museli jsme naj\u00edt dal\u0161\u00edho \u0161pi\u010dkov\u00e9ho z\u00e1vodn\u00edka. P\u0159esn\u011b to jsme ud\u011blali. Pabla zn\u00e1m je\u0161t\u011b z dob, kdy jsem s\u00e1m z\u00e1vodil. Je to skv\u011bl\u00fd \u010dlov\u011bk, a proto si jsem jist\u00fd, \u017ee bude velmi siln\u00fdm \u010dl\u00e1nkem, kter\u00fd p\u0159isp\u011bje ke skv\u011bl\u00e9 atmosf\u00e9\u0159e v t\u00fdmu.\u201c<\/em><\/p>\n<p>Prvn\u00ed z\u00e1vod za \u0159\u00edd\u00edtky tov\u00e1rn\u00ed Hondy CRF450 Rally absolvuje Quintanilla ji\u017e tento t\u00fdden (11. a\u017e 16. kv\u011btna), kdy se v okol\u00ed \u0161pan\u011blsk\u00e9ho Villamart\u00ednu uskute\u010dn\u00ed druh\u00fd ro\u010dn\u00edk Andaluc\u00eda Rally. Barvy Monster Energy Honda Teamu bude h\u00e1jit spole\u010dn\u011b s dom\u00e1c\u00edm Joanem Barredou.[\/vc_column_text][vc_column_text css_animation=&#8221;fadeIn&#8221;]Ricky Brabec a Nacho Cornejo do Andalusie necestovali. Oba v t\u011bchto dnech z\u00e1vod\u00ed na Sonora Rally (9. a\u017e 14. kv\u011btna). Zat\u00edmco Brabec pat\u0159\u00ed k pravideln\u00fdm \u00fa\u010dastn\u00edk\u016fm a v letech 2017, 2019 a 2020 sout\u011b\u017e vyhr\u00e1l, Cornejo startuje v Mexiku poprv\u00e9.[\/vc_column_text][vc_empty_space height=&#8221;2px&#8221;][\/vc_column][\/vc_row]<\/p>\n","protected":false},"excerpt":{"rendered":"<p>Dva dny p\u0159ed startem Andalusk\u00e9 rally potvrdila Honda p\u0159\u00edchod Pabla Quintanilly. Chilan st\u0159\u00edd\u00e1 Kevina Benavidese, jen\u017e p\u0159estoupil ke KTM.<\/p>\n","protected":false},"author":1,"featured_media":19185,"comment_status":"closed","ping_status":"closed","sticky":false,"template":"","format":"standard","meta":{"footnotes":""},"categories":[1751,15],"tags":[1630,1752,1852,129,759,791,215,1553],"class_list":["post-19186","post","type-post","status-publish","format-standard","has-post-thumbnail","hentry","category-andalucia-rally","category-moto-quad","tag-1630","tag-andalucia-rally","tag-andalucia-rally-2021","tag-honda","tag-honda-team","tag-hrc","tag-pablo-quintanilla","tag-ruben-faria"],"yoast_head":"<!-- This site is optimized with the Yoast SEO plugin v24.9 - https:\/\/yoast.com\/wordpress\/plugins\/seo\/ -->\n<title>Potvrzeno: Quintanilla v Andalusii poprv\u00e9 s Hondou - DAKARMANIA.cz<\/title>\n<meta name=\"description\" content=\"Dva dny p\u0159ed startem Andalusk\u00e9 rally potvrdila Honda p\u0159\u00edchod Pabla Quintanilly. Chilan st\u0159\u00edd\u00e1 Kevina Benavidese, jen\u017e p\u0159estoupil ke KTM.\" \/>\n<meta name=\"robots\" content=\"index, follow, max-snippet:-1, max-image-preview:large, max-video-preview:-1\" \/>\n<link rel=\"canonical\" href=\"https:\/\/www.dakarmania.cz\/index.php\/2021\/05\/10\/quintanilla-s-hondou\/\" \/>\n<meta property=\"og:locale\" content=\"cs_CZ\" \/>\n<meta property=\"og:type\" content=\"article\" \/>\n<meta property=\"og:title\" content=\"Potvrzeno: Quintanilla v Andalusii poprv\u00e9 s Hondou - DAKARMANIA.cz\" \/>\n<meta property=\"og:description\" content=\"Dva dny p\u0159ed startem Andalusk\u00e9 rally potvrdila Honda p\u0159\u00edchod Pabla Quintanilly. Chilan st\u0159\u00edd\u00e1 Kevina Benavidese, jen\u017e p\u0159estoupil ke KTM.\" \/>\n<meta property=\"og:url\" content=\"https:\/\/www.dakarmania.cz\/index.php\/2021\/05\/10\/quintanilla-s-hondou\/\" \/>\n<meta property=\"og:site_name\" content=\"DAKARMANIA.cz\" \/>\n<meta property=\"article:publisher\" content=\"https:\/\/www.facebook.com\/dakarmania\/\" \/>\n<meta property=\"article:published_time\" content=\"2021-05-10T13:22:52+00:00\" \/>\n<meta property=\"article:modified_time\" content=\"2023-03-19T10:23:46+00:00\" \/>\n<meta property=\"og:image\" content=\"https:\/\/www.dakarmania.cz\/wp-content\/uploads\/2021\/05\/21-quintanilla-hrc-01.jpg\" \/>\n\t<meta property=\"og:image:width\" content=\"1024\" \/>\n\t<meta property=\"og:image:height\" content=\"684\" \/>\n\t<meta property=\"og:image:type\" content=\"image\/jpeg\" \/>\n<meta name=\"author\" content=\"Zden\u011bk Zelenka\" \/>\n<meta name=\"twitter:card\" content=\"summary_large_image\" \/>\n<meta name=\"twitter:label1\" content=\"Napsal(a)\" \/>\n\t<meta name=\"twitter:data1\" content=\"Zden\u011bk Zelenka\" \/>\n\t<meta name=\"twitter:label2\" content=\"Odhadovan\u00e1 doba \u010dten\u00ed\" \/>\n\t<meta name=\"twitter:data2\" content=\"2 minuty\" \/>\n<script type=\"application\/ld+json\" class=\"yoast-schema-graph\">{\"@context\":\"https:\/\/schema.org\",\"@graph\":[{\"@type\":\"Article\",\"@id\":\"https:\/\/www.dakarmania.cz\/index.php\/2021\/05\/10\/quintanilla-s-hondou\/#article\",\"isPartOf\":{\"@id\":\"https:\/\/www.dakarmania.cz\/index.php\/2021\/05\/10\/quintanilla-s-hondou\/\"},\"author\":{\"name\":\"Zden\u011bk Zelenka\",\"@id\":\"https:\/\/www.dakarmania.cz\/#\/schema\/person\/04eb0e87a389631c2169c0dddae7ff1e\"},\"headline\":\"Potvrzeno: Quintanilla v Andalusii poprv\u00e9 s Hondou\",\"datePublished\":\"2021-05-10T13:22:52+00:00\",\"dateModified\":\"2023-03-19T10:23:46+00:00\",\"mainEntityOfPage\":{\"@id\":\"https:\/\/www.dakarmania.cz\/index.php\/2021\/05\/10\/quintanilla-s-hondou\/\"},\"wordCount\":359,\"publisher\":{\"@id\":\"https:\/\/www.dakarmania.cz\/#organization\"},\"image\":{\"@id\":\"https:\/\/www.dakarmania.cz\/index.php\/2021\/05\/10\/quintanilla-s-hondou\/#primaryimage\"},\"thumbnailUrl\":\"https:\/\/www.dakarmania.cz\/wp-content\/uploads\/2021\/05\/21-quintanilla-hrc-01.jpg\",\"keywords\":[\"2021\",\"Andaluc\u00eda Rally\",\"Andaluc\u00eda Rally 2021\",\"Honda\",\"Honda Team\",\"HRC\",\"Pablo Quintanilla\",\"Ruben Faria\"],\"articleSection\":[\"Andaluc\u00eda Rally\",\"Moto\/Quad\"],\"inLanguage\":\"cs\"},{\"@type\":\"WebPage\",\"@id\":\"https:\/\/www.dakarmania.cz\/index.php\/2021\/05\/10\/quintanilla-s-hondou\/\",\"url\":\"https:\/\/www.dakarmania.cz\/index.php\/2021\/05\/10\/quintanilla-s-hondou\/\",\"name\":\"Potvrzeno: Quintanilla v Andalusii poprv\u00e9 s Hondou - DAKARMANIA.cz\",\"isPartOf\":{\"@id\":\"https:\/\/www.dakarmania.cz\/#website\"},\"primaryImageOfPage\":{\"@id\":\"https:\/\/www.dakarmania.cz\/index.php\/2021\/05\/10\/quintanilla-s-hondou\/#primaryimage\"},\"image\":{\"@id\":\"https:\/\/www.dakarmania.cz\/index.php\/2021\/05\/10\/quintanilla-s-hondou\/#primaryimage\"},\"thumbnailUrl\":\"https:\/\/www.dakarmania.cz\/wp-content\/uploads\/2021\/05\/21-quintanilla-hrc-01.jpg\",\"datePublished\":\"2021-05-10T13:22:52+00:00\",\"dateModified\":\"2023-03-19T10:23:46+00:00\",\"description\":\"Dva dny p\u0159ed startem Andalusk\u00e9 rally potvrdila Honda p\u0159\u00edchod Pabla Quintanilly. Chilan st\u0159\u00edd\u00e1 Kevina Benavidese, jen\u017e p\u0159estoupil ke KTM.\",\"breadcrumb\":{\"@id\":\"https:\/\/www.dakarmania.cz\/index.php\/2021\/05\/10\/quintanilla-s-hondou\/#breadcrumb\"},\"inLanguage\":\"cs\",\"potentialAction\":[{\"@type\":\"ReadAction\",\"target\":[\"https:\/\/www.dakarmania.cz\/index.php\/2021\/05\/10\/quintanilla-s-hondou\/\"]}]},{\"@type\":\"ImageObject\",\"inLanguage\":\"cs\",\"@id\":\"https:\/\/www.dakarmania.cz\/index.php\/2021\/05\/10\/quintanilla-s-hondou\/#primaryimage\",\"url\":\"https:\/\/www.dakarmania.cz\/wp-content\/uploads\/2021\/05\/21-quintanilla-hrc-01.jpg\",\"contentUrl\":\"https:\/\/www.dakarmania.cz\/wp-content\/uploads\/2021\/05\/21-quintanilla-hrc-01.jpg\",\"width\":1024,\"height\":684,\"caption\":\"Pablo Quintanilla, Monster Energy Honda Team. \u00a9 HRC\"},{\"@type\":\"BreadcrumbList\",\"@id\":\"https:\/\/www.dakarmania.cz\/index.php\/2021\/05\/10\/quintanilla-s-hondou\/#breadcrumb\",\"itemListElement\":[{\"@type\":\"ListItem\",\"position\":1,\"name\":\"Dom\u016f\",\"item\":\"https:\/\/www.dakarmania.cz\/\"},{\"@type\":\"ListItem\",\"position\":2,\"name\":\"Potvrzeno: Quintanilla v Andalusii poprv\u00e9 s Hondou\"}]},{\"@type\":\"WebSite\",\"@id\":\"https:\/\/www.dakarmania.cz\/#website\",\"url\":\"https:\/\/www.dakarmania.cz\/\",\"name\":\"DAKARMANIA.cz\",\"description\":\"\u017dijeme Dakarem cel\u00fd rok\",\"publisher\":{\"@id\":\"https:\/\/www.dakarmania.cz\/#organization\"},\"potentialAction\":[{\"@type\":\"SearchAction\",\"target\":{\"@type\":\"EntryPoint\",\"urlTemplate\":\"https:\/\/www.dakarmania.cz\/?s={search_term_string}\"},\"query-input\":{\"@type\":\"PropertyValueSpecification\",\"valueRequired\":true,\"valueName\":\"search_term_string\"}}],\"inLanguage\":\"cs\"},{\"@type\":\"Organization\",\"@id\":\"https:\/\/www.dakarmania.cz\/#organization\",\"name\":\"DAKAR MANIA\",\"url\":\"https:\/\/www.dakarmania.cz\/\",\"logo\":{\"@type\":\"ImageObject\",\"inLanguage\":\"cs\",\"@id\":\"https:\/\/www.dakarmania.cz\/#\/schema\/logo\/image\/\",\"url\":\"https:\/\/www.dakarmania.cz\/wp-content\/uploads\/2018\/12\/Dakar-Mania-Logo-Square-Orange.png\",\"contentUrl\":\"https:\/\/www.dakarmania.cz\/wp-content\/uploads\/2018\/12\/Dakar-Mania-Logo-Square-Orange.png\",\"width\":992,\"height\":992,\"caption\":\"DAKAR MANIA\"},\"image\":{\"@id\":\"https:\/\/www.dakarmania.cz\/#\/schema\/logo\/image\/\"},\"sameAs\":[\"https:\/\/www.facebook.com\/dakarmania\/\"]},{\"@type\":\"Person\",\"@id\":\"https:\/\/www.dakarmania.cz\/#\/schema\/person\/04eb0e87a389631c2169c0dddae7ff1e\",\"name\":\"Zden\u011bk Zelenka\",\"image\":{\"@type\":\"ImageObject\",\"inLanguage\":\"cs\",\"@id\":\"https:\/\/www.dakarmania.cz\/#\/schema\/person\/image\/\",\"url\":\"https:\/\/secure.gravatar.com\/avatar\/2c80d5a4942fe0900b73cc7d3837a509d6ee0a276a2b76dac95c92bd0763a89b?s=96&d=mm&r=g\",\"contentUrl\":\"https:\/\/secure.gravatar.com\/avatar\/2c80d5a4942fe0900b73cc7d3837a509d6ee0a276a2b76dac95c92bd0763a89b?s=96&d=mm&r=g\",\"caption\":\"Zden\u011bk Zelenka\"},\"description\":\"Moji d\u011bt\u0161t\u00ed hrdinov\u00e9 se jmenovali Loprais, Moskal, Neveu, Vatanen, Rahier... A tihle borci, jejich n\u00e1sledovn\u00edci a jejich p\u0159\u00edb\u011bhy m\u011b nep\u0159estali fascinovat ani po letech, kdy jsem vyrostl a zam\u011bstn\u00e1valy m\u011b jin\u00e9 discipl\u00edny motorsportu. Proto se zrodila DAKARMANIA.\",\"url\":\"https:\/\/www.dakarmania.cz\/index.php\/author\/dakarmania\/\"}]}<\/script>\n<!-- \/ Yoast SEO plugin. -->","yoast_head_json":{"title":"Potvrzeno: Quintanilla v Andalusii poprv\u00e9 s Hondou - DAKARMANIA.cz","description":"Dva dny p\u0159ed startem Andalusk\u00e9 rally potvrdila Honda p\u0159\u00edchod Pabla Quintanilly. Chilan st\u0159\u00edd\u00e1 Kevina Benavidese, jen\u017e p\u0159estoupil ke KTM.","robots":{"index":"index","follow":"follow","max-snippet":"max-snippet:-1","max-image-preview":"max-image-preview:large","max-video-preview":"max-video-preview:-1"},"canonical":"https:\/\/www.dakarmania.cz\/index.php\/2021\/05\/10\/quintanilla-s-hondou\/","og_locale":"cs_CZ","og_type":"article","og_title":"Potvrzeno: Quintanilla v Andalusii poprv\u00e9 s Hondou - DAKARMANIA.cz","og_description":"Dva dny p\u0159ed startem Andalusk\u00e9 rally potvrdila Honda p\u0159\u00edchod Pabla Quintanilly. Chilan st\u0159\u00edd\u00e1 Kevina Benavidese, jen\u017e p\u0159estoupil ke KTM.","og_url":"https:\/\/www.dakarmania.cz\/index.php\/2021\/05\/10\/quintanilla-s-hondou\/","og_site_name":"DAKARMANIA.cz","article_publisher":"https:\/\/www.facebook.com\/dakarmania\/","article_published_time":"2021-05-10T13:22:52+00:00","article_modified_time":"2023-03-19T10:23:46+00:00","og_image":[{"width":1024,"height":684,"url":"https:\/\/www.dakarmania.cz\/wp-content\/uploads\/2021\/05\/21-quintanilla-hrc-01.jpg","type":"image\/jpeg"}],"author":"Zden\u011bk Zelenka","twitter_card":"summary_large_image","twitter_misc":{"Napsal(a)":"Zden\u011bk Zelenka","Odhadovan\u00e1 doba \u010dten\u00ed":"2 minuty"},"schema":{"@context":"https:\/\/schema.org","@graph":[{"@type":"Article","@id":"https:\/\/www.dakarmania.cz\/index.php\/2021\/05\/10\/quintanilla-s-hondou\/#article","isPartOf":{"@id":"https:\/\/www.dakarmania.cz\/index.php\/2021\/05\/10\/quintanilla-s-hondou\/"},"author":{"name":"Zden\u011bk Zelenka","@id":"https:\/\/www.dakarmania.cz\/#\/schema\/person\/04eb0e87a389631c2169c0dddae7ff1e"},"headline":"Potvrzeno: Quintanilla v Andalusii poprv\u00e9 s Hondou","datePublished":"2021-05-10T13:22:52+00:00","dateModified":"2023-03-19T10:23:46+00:00","mainEntityOfPage":{"@id":"https:\/\/www.dakarmania.cz\/index.php\/2021\/05\/10\/quintanilla-s-hondou\/"},"wordCount":359,"publisher":{"@id":"https:\/\/www.dakarmania.cz\/#organization"},"image":{"@id":"https:\/\/www.dakarmania.cz\/index.php\/2021\/05\/10\/quintanilla-s-hondou\/#primaryimage"},"thumbnailUrl":"https:\/\/www.dakarmania.cz\/wp-content\/uploads\/2021\/05\/21-quintanilla-hrc-01.jpg","keywords":["2021","Andaluc\u00eda Rally","Andaluc\u00eda Rally 2021","Honda","Honda Team","HRC","Pablo Quintanilla","Ruben Faria"],"articleSection":["Andaluc\u00eda Rally","Moto\/Quad"],"inLanguage":"cs"},{"@type":"WebPage","@id":"https:\/\/www.dakarmania.cz\/index.php\/2021\/05\/10\/quintanilla-s-hondou\/","url":"https:\/\/www.dakarmania.cz\/index.php\/2021\/05\/10\/quintanilla-s-hondou\/","name":"Potvrzeno: Quintanilla v Andalusii poprv\u00e9 s Hondou - DAKARMANIA.cz","isPartOf":{"@id":"https:\/\/www.dakarmania.cz\/#website"},"primaryImageOfPage":{"@id":"https:\/\/www.dakarmania.cz\/index.php\/2021\/05\/10\/quintanilla-s-hondou\/#primaryimage"},"image":{"@id":"https:\/\/www.dakarmania.cz\/index.php\/2021\/05\/10\/quintanilla-s-hondou\/#primaryimage"},"thumbnailUrl":"https:\/\/www.dakarmania.cz\/wp-content\/uploads\/2021\/05\/21-quintanilla-hrc-01.jpg","datePublished":"2021-05-10T13:22:52+00:00","dateModified":"2023-03-19T10:23:46+00:00","description":"Dva dny p\u0159ed startem Andalusk\u00e9 rally potvrdila Honda p\u0159\u00edchod Pabla Quintanilly. Chilan st\u0159\u00edd\u00e1 Kevina Benavidese, jen\u017e p\u0159estoupil ke KTM.","breadcrumb":{"@id":"https:\/\/www.dakarmania.cz\/index.php\/2021\/05\/10\/quintanilla-s-hondou\/#breadcrumb"},"inLanguage":"cs","potentialAction":[{"@type":"ReadAction","target":["https:\/\/www.dakarmania.cz\/index.php\/2021\/05\/10\/quintanilla-s-hondou\/"]}]},{"@type":"ImageObject","inLanguage":"cs","@id":"https:\/\/www.dakarmania.cz\/index.php\/2021\/05\/10\/quintanilla-s-hondou\/#primaryimage","url":"https:\/\/www.dakarmania.cz\/wp-content\/uploads\/2021\/05\/21-quintanilla-hrc-01.jpg","contentUrl":"https:\/\/www.dakarmania.cz\/wp-content\/uploads\/2021\/05\/21-quintanilla-hrc-01.jpg","width":1024,"height":684,"caption":"Pablo Quintanilla, Monster Energy Honda Team. \u00a9 HRC"},{"@type":"BreadcrumbList","@id":"https:\/\/www.dakarmania.cz\/index.php\/2021\/05\/10\/quintanilla-s-hondou\/#breadcrumb","itemListElement":[{"@type":"ListItem","position":1,"name":"Dom\u016f","item":"https:\/\/www.dakarmania.cz\/"},{"@type":"ListItem","position":2,"name":"Potvrzeno: Quintanilla v Andalusii poprv\u00e9 s Hondou"}]},{"@type":"WebSite","@id":"https:\/\/www.dakarmania.cz\/#website","url":"https:\/\/www.dakarmania.cz\/","name":"DAKARMANIA.cz","description":"\u017dijeme Dakarem cel\u00fd rok","publisher":{"@id":"https:\/\/www.dakarmania.cz\/#organization"},"potentialAction":[{"@type":"SearchAction","target":{"@type":"EntryPoint","urlTemplate":"https:\/\/www.dakarmania.cz\/?s={search_term_string}"},"query-input":{"@type":"PropertyValueSpecification","valueRequired":true,"valueName":"search_term_string"}}],"inLanguage":"cs"},{"@type":"Organization","@id":"https:\/\/www.dakarmania.cz\/#organization","name":"DAKAR MANIA","url":"https:\/\/www.dakarmania.cz\/","logo":{"@type":"ImageObject","inLanguage":"cs","@id":"https:\/\/www.dakarmania.cz\/#\/schema\/logo\/image\/","url":"https:\/\/www.dakarmania.cz\/wp-content\/uploads\/2018\/12\/Dakar-Mania-Logo-Square-Orange.png","contentUrl":"https:\/\/www.dakarmania.cz\/wp-content\/uploads\/2018\/12\/Dakar-Mania-Logo-Square-Orange.png","width":992,"height":992,"caption":"DAKAR MANIA"},"image":{"@id":"https:\/\/www.dakarmania.cz\/#\/schema\/logo\/image\/"},"sameAs":["https:\/\/www.facebook.com\/dakarmania\/"]},{"@type":"Person","@id":"https:\/\/www.dakarmania.cz\/#\/schema\/person\/04eb0e87a389631c2169c0dddae7ff1e","name":"Zden\u011bk Zelenka","image":{"@type":"ImageObject","inLanguage":"cs","@id":"https:\/\/www.dakarmania.cz\/#\/schema\/person\/image\/","url":"https:\/\/secure.gravatar.com\/avatar\/2c80d5a4942fe0900b73cc7d3837a509d6ee0a276a2b76dac95c92bd0763a89b?s=96&d=mm&r=g","contentUrl":"https:\/\/secure.gravatar.com\/avatar\/2c80d5a4942fe0900b73cc7d3837a509d6ee0a276a2b76dac95c92bd0763a89b?s=96&d=mm&r=g","caption":"Zden\u011bk Zelenka"},"description":"Moji d\u011bt\u0161t\u00ed hrdinov\u00e9 se jmenovali Loprais, Moskal, Neveu, Vatanen, Rahier... A tihle borci, jejich n\u00e1sledovn\u00edci a jejich p\u0159\u00edb\u011bhy m\u011b nep\u0159estali fascinovat ani po letech, kdy jsem vyrostl a zam\u011bstn\u00e1valy m\u011b jin\u00e9 discipl\u00edny motorsportu. Proto se zrodila DAKARMANIA.","url":"https:\/\/www.dakarmania.cz\/index.php\/author\/dakarmania\/"}]}},"amp_enabled":true,"_links":{"self":[{"href":"https:\/\/www.dakarmania.cz\/index.php\/wp-json\/wp\/v2\/posts\/19186","targetHints":{"allow":["GET"]}}],"collection":[{"href":"https:\/\/www.dakarmania.cz\/index.php\/wp-json\/wp\/v2\/posts"}],"about":[{"href":"https:\/\/www.dakarmania.cz\/index.php\/wp-json\/wp\/v2\/types\/post"}],"author":[{"embeddable":true,"href":"https:\/\/www.dakarmania.cz\/index.php\/wp-json\/wp\/v2\/users\/1"}],"replies":[{"embeddable":true,"href":"https:\/\/www.dakarmania.cz\/index.php\/wp-json\/wp\/v2\/comments?post=19186"}],"version-history":[{"count":4,"href":"https:\/\/www.dakarmania.cz\/index.php\/wp-json\/wp\/v2\/posts\/19186\/revisions"}],"predecessor-version":[{"id":23813,"href":"https:\/\/www.dakarmania.cz\/index.php\/wp-json\/wp\/v2\/posts\/19186\/revisions\/23813"}],"wp:featuredmedia":[{"embeddable":true,"href":"https:\/\/www.dakarmania.cz\/index.php\/wp-json\/wp\/v2\/media\/19185"}],"wp:attachment":[{"href":"https:\/\/www.dakarmania.cz\/index.php\/wp-json\/wp\/v2\/media?parent=19186"}],"wp:term":[{"taxonomy":"category","embeddable":true,"href":"https:\/\/www.dakarmania.cz\/index.php\/wp-json\/wp\/v2\/categories?post=19186"},{"taxonomy":"post_tag","embeddable":true,"href":"https:\/\/www.dakarmania.cz\/index.php\/wp-json\/wp\/v2\/tags?post=19186"}],"curies":[{"name":"wp","href":"https:\/\/api.w.org\/{rel}","templated":true}]}}