{"id":19288,"date":"2021-05-15T12:34:23","date_gmt":"2021-05-15T10:34:23","guid":{"rendered":"https:\/\/www.dakarmania.cz\/?p=19288"},"modified":"2021-10-20T19:02:16","modified_gmt":"2021-10-20T17:02:16","slug":"poradatele-dakaru-protezuji-audi-mini-souperi","status":"publish","type":"post","link":"https:\/\/www.dakarmania.cz\/index.php\/2021\/05\/15\/poradatele-dakaru-protezuji-audi-mini-souperi\/","title":{"rendered":"Po\u0159adatel\u00e9 Dakaru prote\u017euj\u00ed Audi, m\u00edn\u00ed soupe\u0159i"},"content":{"rendered":"<p>[vc_row][vc_column][vc_column_text css_animation=&#8221;fadeIn&#8221;]<\/p>\n<h3>Nov\u00fd \u201eelektrick\u00fd\u201c prototyp Audi pro Rally Dakar je\u0161t\u011b ani nevyjel a u\u017e bud\u00ed emoce sv\u00fdch budouc\u00edch soupe\u0159\u016f.<\/h3>\n<p>[\/vc_column_text][vc_single_image image=&#8221;17193&#8243; img_size=&#8221;large&#8221; add_caption=&#8221;yes&#8221; alignment=&#8221;center&#8221; onclick=&#8221;link_image&#8221; css_animation=&#8221;fadeIn&#8221;][vc_column_text css_animation=&#8221;fadeIn&#8221;]Sportovn\u00ed autority se v posledn\u00edch m\u011bs\u00edc\u00edch sna\u017e\u00ed m\u00edrnit nap\u011bt\u00ed mezi \u201evelk\u00fdmi hr\u00e1\u010di\u201c. Svou nespokojenost daly najevo p\u0159edev\u0161\u00edm Toyota a Prodrive, podle nich\u017e m\u00e1 Audi p\u0159i stavb\u011b sv\u00e9ho speci\u00e1lu p\u0159\u00edli\u0161 velkou volnost a tud\u00ed\u017e v\u00fdhodu. Amaury Sport Organisation (ASO), je\u017e je po\u0159adatelem Dakaru, a Mezin\u00e1rodn\u00ed automobilovou federace (FIA) proto p\u0159istoupily k \u0161ir\u0161\u00ed zm\u011bn\u011b technick\u00fdch p\u0159edpis\u016f pro vozy nejpresti\u017en\u011bj\u0161\u00ed skupiny T1.<\/p>\n<h4>Pr\u016fkopn\u00edk spolutv\u016frcem pravidel<\/h4>\n<p>Ingolstadtsk\u00e1 automobilka u\u017e koncem minul\u00e9ho roku ozn\u00e1mila, \u017ee po aktu\u00e1ln\u00ed sezon\u011b (2020\/21) opust\u00ed formuli E a m\u00edsto toho bude sv\u00e9 modern\u00ed technologie promovat na nejpopul\u00e1rn\u011bj\u0161\u00ed maratonsk\u00e9 rally sv\u011bta. Tento krok zd\u016fvod\u0148ovali p\u0159edstavitel\u00e9 spole\u010dnosti a jej\u00edho sportovn\u00edho odd\u011blen\u00ed p\u0159i prezentaci projektu p\u0159edev\u0161\u00edm relativn\u00ed volnost\u00ed dakarsk\u00fdch technick\u00fdch p\u0159edpis\u016f, kter\u00e9 umo\u017e\u0148uj\u00ed bojovat o absolutn\u00ed v\u00edt\u011bzstv\u00ed voz\u016fm r\u016fzn\u00fdch koncepc\u00ed.<\/p>\n<p>V pr\u016fb\u011bhu lednov\u00e9ho Dakaru n\u00e1sledn\u011b ASO p\u0159edstavilo vlastn\u00ed pl\u00e1n, podle n\u011bj\u017e by ve st\u0159edn\u011bdob\u00e9m horizontu m\u011bly v\u0161echny velk\u00e9 t\u00fdmy v kategorii automobil\u016f a kamion\u016f za\u010d\u00edt z\u00e1vodit se stroji vybaven\u00fdmi pohonn\u00fdmi jednotkami, vyu\u017e\u00edvaj\u00edc\u00edmi energii z obnoviteln\u00fdch zdroj\u016f.<\/p>\n<p>Probl\u00e9m tkv\u00ed v tom, \u017ee Audi s ASO a FIA sv\u016fj vstup s \u201eelektrick\u00fdmi\u201c vozy sice p\u0159edjednalo, ale v prosinci ani v lednu je\u0161t\u011b neexistovala jasn\u011b dan\u00e1 pravidla pro novou kategorii, do n\u00ed\u017e by m\u011bla tato auta pat\u0159it. Na nov\u00e9m reglementu se za\u010dalo intenzivn\u011b pracovat a\u017e po Dakaru 2021.[\/vc_column_text][vc_column_text css_animation=&#8221;fadeIn&#8221; css=&#8221;.vc_custom_1621073741398{border-top-width: 1px !important;border-right-width: 1px !important;border-bottom-width: 1px !important;border-left-width: 1px !important;padding-top: 10px !important;padding-right: 10px !important;padding-bottom: 10px !important;padding-left: 10px !important;background-color: #f2f2f2 !important;border-left-color: #ee8027 !important;border-left-style: solid !important;border-right-color: #ee8027 !important;border-right-style: solid !important;border-top-color: #ee8027 !important;border-top-style: solid !important;border-bottom-color: #ee8027 !important;border-bottom-style: solid !important;border-radius: 1px !important;}&#8221;]<\/p>\n<table style=\"border-collapse: collapse; width: 97.7654%;\" cellpadding=\"4px\">\n<tbody>\n<tr>\n<td style=\"vertical-align: top; width: 25%;\"><a href=\"\/index.php\/2020\/12\/02\/audi-miri-na-dakar\/\"><img loading=\"lazy\" decoding=\"async\" class=\"size-medium wp-image-17194\" src=\"\/wp-content\/uploads\/2020\/12\/20-audi-02.jpg\" alt=\"Audi m\u00ed\u0159\u00ed s tov\u00e1rn\u00edm t\u00fdmem na Dakar\" width=\"150\" height=\"150\" \/><\/a><\/td>\n<td style=\"vertical-align: top; width: 75%;\"><span style=\"font-size: 13pt;\"><strong><a href=\"\/index.php\/2020\/12\/02\/audi-miri-na-dakar\/\">Audi m\u00ed\u0159\u00ed s tov\u00e1rn\u00edm t\u00fdmem na Dakar<\/a><\/strong><\/span><\/td>\n<\/tr>\n<\/tbody>\n<\/table>\n<p>[\/vc_column_text][vc_column_text css_animation=&#8221;fadeIn&#8221;]ASO a FIA cht\u011bj\u00ed j\u00edt s dobou a nikterak nezast\u00edraj\u00ed, \u017ee o \u201ezelenou\u201c kategorii opravdu stoj\u00ed. A je naprosto legitimn\u00ed, \u017ee Sven Quandt a jeho nov\u011b zformovan\u00e1 spole\u010dnost Q Motorsport, kter\u00e1 se na projektu Audi pod\u00edl\u00ed, se aktu\u00e1ln\u00ed situace sna\u017e\u00ed maxim\u00e1ln\u011b vyu\u017e\u00edt. Pro sv\u00e9 vozy poh\u00e1n\u011bn\u00e9 v\u00fdhradn\u011b elektrikou, kterou v\u0161ak bude generovat spalovac\u00ed motor TFSI, se sna\u017e\u00ed z\u00edskat n\u011bkolik v\u00fdhod.<\/p>\n<p>Q Motorsport po\u017eadoval mo\u017enost vyu\u017eit\u00ed syst\u00e9mu dohu\u0161\u0165ov\u00e1n\u00ed pneumatik ovl\u00e1dan\u00e9ho z kokpitu a z\u00e1rove\u0148 cht\u011bl, aby jeho speci\u00e1ly byly \u0161ir\u0161\u00ed, m\u011bly v\u011bt\u0161\u00ed pneumatiky i zdvih zav\u011b\u0161en\u00ed, ne\u017e maj\u00ed sou\u010dasn\u00e9 vozy skupiny T1 s ob\u011bma poh\u00e1n\u011bn\u00fdmi n\u00e1pravami.<\/p>\n<p>Jak bylo ozn\u00e1meno po\u010d\u00e1tkem tohoto t\u00fddne p\u0159i prezentaci Rally Dakar 2022, elektrick\u00e9 a hybridn\u00ed vozy budou za\u0159azeny do nov\u00e9 podskupiny T1-E. Ov\u0161em jej\u00ed detailn\u00ed pravidla budou zve\u0159ejn\u011bna pozd\u011bji. Proto i u Audi po\u010d\u00edtaj\u00ed s variantou, \u017ee sv\u016fj koncept budou muset v n\u011bkter\u00fdch oblastech je\u0161t\u011b modifikovat, co\u017e m\u016f\u017ee v\u00e9st i k odkladu prvn\u00edch test\u016f p\u016fvodn\u011b pl\u00e1novan\u00fdch na po\u010d\u00e1tek l\u00e9ta.<\/p>\n<h4>T1+: Skute\u010dn\u00e9 \u0159e\u0161en\u00ed nebo jen \u00falitba?<\/h4>\n<p>Po\u017eadavky Audi vzbudily nevoli na stran\u011b Prodrivu, kter\u00fd na Dakaru debutoval letos, i Toyoty. Oba subjekty nav\u00edc p\u0159i jedn\u00e1n\u00ed s tv\u016frci p\u0159edpis\u016f podpo\u0159il tak\u00e9 Ford (!). Zm\u00edn\u011bn\u00e9 zna\u010dky toti\u017e logicky usiluj\u00ed o f\u00e9rov\u00e9 podm\u00ednky, nebo\u0165 Audi pochopiteln\u011b nepojede \u201evlastn\u00ed z\u00e1vod\u201c jen o v\u00edt\u011bzstv\u00ed v podskupin\u011b T1-E, ale bude usilovat o marketingov\u011b a medi\u00e1ln\u011b zaj\u00edmav\u00fd \u00fasp\u011bch v celkov\u00e9m hodnocen\u00ed kategorie automobil\u016f.[\/vc_column_text][vc_column_text css_animation=&#8221;fadeIn&#8221;]Proto se ASO a FIA u\u017e v pr\u016fb\u011bhu jara rozhodly pro vyps\u00e1n\u00ed nov\u00e9 podskupiny T1+, podle jej\u00edho\u017e reglementu mohou b\u00fdt upraveny sou\u010dasn\u00e9 vozy skupiny T1 s pohonem obou n\u00e1prav. Nejz\u00e1sadn\u011bj\u0161\u00ed zm\u011bny se t\u00fdkaj\u00ed maxim\u00e1ln\u00ed povolen\u00e9 \u0161\u00ed\u0159ky stroj\u016f a jejich podvozk\u016f.<\/p>\n<p>Auta podskupiny T1+ mohou b\u00fdt \u0161irok\u00e1 2,3 metru, co\u017e je o 30 centimetr\u016f v\u00edce ne\u017e dosud a dokonce o 10 cm v\u00edce ne\u017e v p\u0159\u00edpad\u011b sou\u010dasn\u00fdch bugin s jednou poh\u00e1n\u011bnou n\u00e1pravou, jako jsou Mini JCW Buggy nebo jihoafrick\u00e9 Century.<\/p>\n<p>Povolen\u00fd zdvih zav\u011b\u0161en\u00ed m\u016f\u017ee u T1+ \u010dinit 350 mm (v p\u0159\u00edpad\u011b T1 4&#215;4 dosud 280 mm) a vozy mohou b\u00fdt osazeny pneumatikami o pr\u016fm\u011bru 37 palc\u016f (dosud 32 palc\u016f) a \u0161\u00ed\u0159ce 17 palc\u016f (dosud 16 palc\u016f), kter\u00e9 byly zat\u00edm ur\u010deny pouze pro buginy s jedinou poh\u00e1n\u011bnou n\u00e1pravou.<\/p>\n<p>T1+ v\u0161ak na rozd\u00edl od bugin a hybridn\u00edch nebo elektrick\u00fdch voz\u016f nemohou pou\u017e\u00edvat syst\u00e9m dohu\u0161\u0165ov\u00e1n\u00ed pneumatik ovl\u00e1dan\u00fd z kokpitu a v\u00fdkon jejich motor\u016f omez\u00ed men\u0161\u00ed restriktory, jejich\u017e pr\u016fm\u011br dosud nebyl stanoven.<\/p>\n<h4>Na start poprv\u00e9 na podzim<\/h4>\n<p>Toyota dlouhodob\u011b usilovala p\u0159edev\u0161\u00edm o mo\u017enost osadit vozy 4&#215;4 \u0161ir\u0161\u00edmi pneumatiky s v\u011bt\u0161\u00edm pr\u016fm\u011brem, kter\u00e9 jsou odoln\u011bj\u0161\u00ed zejm\u00e9na v kamenit\u00e9m ter\u00e9nu. Proto je tak\u0159ka jist\u00e9, \u017ee Toyota Gazoo Racing vyu\u017eije mo\u017enost\u00ed podskupiny T1+ a sv\u00e9 speci\u00e1ly p\u0159estav\u00ed.[\/vc_column_text][vc_column_text css_animation=&#8221;fadeIn&#8221; css=&#8221;.vc_custom_1621073994064{border-top-width: 1px !important;border-right-width: 1px !important;border-bottom-width: 1px !important;border-left-width: 1px !important;padding-top: 10px !important;padding-right: 10px !important;padding-bottom: 10px !important;padding-left: 10px !important;background-color: #f2f2f2 !important;border-left-color: #ee8027 !important;border-left-style: solid !important;border-right-color: #ee8027 !important;border-right-style: solid !important;border-top-color: #ee8027 !important;border-top-style: solid !important;border-bottom-color: #ee8027 !important;border-bottom-style: solid !important;border-radius: 1px !important;}&#8221;]<\/p>\n<table style=\"border-collapse: collapse; width: 97.7654%;\" cellpadding=\"4px\">\n<tbody>\n<tr>\n<td style=\"vertical-align: top; width: 25%;\"><a href=\"\/index.php\/2021\/05\/11\/dakar-2022-predstaveni\/\"><img loading=\"lazy\" decoding=\"async\" class=\"size-medium wp-image-19205\" src=\"\/wp-content\/uploads\/2021\/05\/22-dakar-logo-01.jpg\" alt=\"Dakar 2022: Nov\u00e9 trat\u011b, podkategorie i pravidla pro historiky\" width=\"150\" height=\"150\" \/><\/a><\/td>\n<td style=\"vertical-align: top; width: 75%;\"><span style=\"font-size: 13pt;\"><strong><a href=\"\/index.php\/2021\/05\/11\/dakar-2022-predstaveni\/\">Dakar 2022: Nov\u00e9 trat\u011b, podkategorie i pravidla pro historiky<\/a><\/strong><\/span><\/td>\n<\/tr>\n<\/tbody>\n<\/table>\n<p>[\/vc_column_text][vc_column_text css_animation=&#8221;fadeIn&#8221;]Podstatn\u011b slo\u017eit\u011bj\u0161\u00ed \u00fakol mus\u00ed \u0159e\u0161it Prodrive, nebo\u0165 jeho speci\u00e1ly Hunter jsou velice kompaktn\u00ed a jejich \u00faprava podle reglementu pro T1+ bude vy\u017eadovat z\u00e1sadn\u011bj\u0161\u00ed konstruk\u010dn\u00ed zm\u011bny. Nov\u00e9 vozy z britsk\u00fdch d\u00edlen by m\u011bly podstoupit prvn\u00ed testy koncem l\u00e9ta.<\/p>\n<p>Zat\u00edm nen\u00ed jasn\u00e9, zda se cestou podobn\u00fdch \u00faprav sv\u00fdch \u201e\u010dty\u0159kolek\u201c vyd\u00e1 tak\u00e9 Quandt\u016fv X-raid, \u010di zda sou\u010dasn\u00e1 Mini JCW Rally 4&#215;4 nab\u00eddne klient\u016fm v nezm\u011bn\u011bn\u00e9 podob\u011b, zat\u00edmco se trebur\u0161t\u00ed in\u017een\u00fd\u0159i budou pod hlavi\u010dkou \u201esestersk\u00e9ho\u201c Q Motorsportu soust\u0159edit sp\u00ed\u0161e na projekt Audi.<\/p>\n<p>Pro v\u0161echny t\u00fdmy, kter\u00e9 se cestou T1+ vydaj\u00ed, bude d\u016fle\u017eit\u00e1 tak\u00e9 mo\u017enost prov\u011b\u0159it novou techniku v z\u00e1vodn\u00edch podm\u00ednk\u00e1ch. Na sout\u011b\u017e\u00edch pod z\u00e1\u0161titou FIA v\u0161ak zat\u00edm startovat nemohou. Zm\u011bnu p\u0159inese a\u017e ratifikace kone\u010dn\u00e9 podoby technick\u00fdch p\u0159edpis\u016f, k n\u00ed\u017e by podle p\u0159edpoklad\u016f m\u011blo doj\u00edt na letn\u00edm zased\u00e1n\u00ed Sv\u011btov\u00e9 rady motoristick\u00e9ho sportu. D\u00edky tomu by se speci\u00e1ly T1+ mohly na start postavit na podzim, kdy by se m\u011bla jet jak Marock\u00e1 rally, tradi\u010dn\u011b vyu\u017e\u00edvan\u00e1 t\u00fdmy jako gener\u00e1lka na Dakar, ale tak\u00e9 Abu Dhabi Desert Challenge a dal\u0161\u00ed sout\u011b\u017ee na Arabsk\u00e9m poloostrov\u011b.[\/vc_column_text][vc_empty_space height=&#8221;2px&#8221;][\/vc_column][\/vc_row]<\/p>\n","protected":false},"excerpt":{"rendered":"<p>Nov\u00fd \u201eelektrick\u00fd\u201c prototyp Audi pro Rally Dakar je\u0161t\u011b ani nevyjel a u\u017e bud\u00ed emoce sv\u00fdch budouc\u00edch soupe\u0159\u016f. <\/p>\n","protected":false},"author":1,"featured_media":17194,"comment_status":"open","ping_status":"closed","sticky":false,"template":"","format":"standard","meta":{"footnotes":""},"categories":[3,2],"tags":[1630,1766,1481,1811,8,1765,99,11,1866,1694,1865,1525,201],"class_list":["post-19288","post","type-post","status-publish","format-standard","has-post-thumbnail","hentry","category-auto","category-dakar","tag-1630","tag-1766","tag-aso","tag-audi","tag-dakar","tag-dakar-2022","tag-fia","tag-ford","tag-pravidla","tag-prodrive","tag-q-motorsport","tag-sven-quandt","tag-toyota"],"yoast_head":"<!-- This site is optimized with the Yoast SEO plugin v24.9 - https:\/\/yoast.com\/wordpress\/plugins\/seo\/ -->\n<title>Po\u0159adatel\u00e9 Dakaru prote\u017euj\u00ed Audi, m\u00edn\u00ed soupe\u0159i - DAKARMANIA.cz<\/title>\n<meta name=\"description\" content=\"Nov\u00fd \u201eelektrick\u00fd\u201c prototyp Audi pro Rally Dakar je\u0161t\u011b ani nevyjel a u\u017e bud\u00ed emoce sv\u00fdch budouc\u00edch soupe\u0159\u016f.\" \/>\n<meta name=\"robots\" content=\"index, follow, max-snippet:-1, max-image-preview:large, max-video-preview:-1\" \/>\n<link rel=\"canonical\" href=\"https:\/\/www.dakarmania.cz\/index.php\/2021\/05\/15\/poradatele-dakaru-protezuji-audi-mini-souperi\/\" \/>\n<meta property=\"og:locale\" content=\"cs_CZ\" \/>\n<meta property=\"og:type\" content=\"article\" \/>\n<meta property=\"og:title\" content=\"Po\u0159adatel\u00e9 Dakaru prote\u017euj\u00ed Audi, m\u00edn\u00ed soupe\u0159i - DAKARMANIA.cz\" \/>\n<meta property=\"og:description\" content=\"Nov\u00fd \u201eelektrick\u00fd\u201c prototyp Audi pro Rally Dakar je\u0161t\u011b ani nevyjel a u\u017e bud\u00ed emoce sv\u00fdch budouc\u00edch soupe\u0159\u016f.\" \/>\n<meta property=\"og:url\" content=\"https:\/\/www.dakarmania.cz\/index.php\/2021\/05\/15\/poradatele-dakaru-protezuji-audi-mini-souperi\/\" \/>\n<meta property=\"og:site_name\" content=\"DAKARMANIA.cz\" \/>\n<meta property=\"article:publisher\" content=\"https:\/\/www.facebook.com\/dakarmania\/\" \/>\n<meta property=\"article:published_time\" content=\"2021-05-15T10:34:23+00:00\" \/>\n<meta property=\"article:modified_time\" content=\"2021-10-20T17:02:16+00:00\" \/>\n<meta property=\"og:image\" content=\"https:\/\/www.dakarmania.cz\/wp-content\/uploads\/2020\/12\/20-audi-02.jpg\" \/>\n\t<meta property=\"og:image:width\" content=\"1024\" \/>\n\t<meta property=\"og:image:height\" content=\"679\" \/>\n\t<meta property=\"og:image:type\" content=\"image\/jpeg\" \/>\n<meta name=\"author\" content=\"Zden\u011bk Zelenka\" \/>\n<meta name=\"twitter:card\" content=\"summary_large_image\" \/>\n<meta name=\"twitter:label1\" content=\"Napsal(a)\" \/>\n\t<meta name=\"twitter:data1\" content=\"Zden\u011bk Zelenka\" \/>\n\t<meta name=\"twitter:label2\" content=\"Odhadovan\u00e1 doba \u010dten\u00ed\" \/>\n\t<meta name=\"twitter:data2\" content=\"5 minut\" \/>\n<script type=\"application\/ld+json\" class=\"yoast-schema-graph\">{\"@context\":\"https:\/\/schema.org\",\"@graph\":[{\"@type\":\"Article\",\"@id\":\"https:\/\/www.dakarmania.cz\/index.php\/2021\/05\/15\/poradatele-dakaru-protezuji-audi-mini-souperi\/#article\",\"isPartOf\":{\"@id\":\"https:\/\/www.dakarmania.cz\/index.php\/2021\/05\/15\/poradatele-dakaru-protezuji-audi-mini-souperi\/\"},\"author\":{\"name\":\"Zden\u011bk Zelenka\",\"@id\":\"https:\/\/www.dakarmania.cz\/#\/schema\/person\/04eb0e87a389631c2169c0dddae7ff1e\"},\"headline\":\"Po\u0159adatel\u00e9 Dakaru prote\u017euj\u00ed Audi, m\u00edn\u00ed soupe\u0159i\",\"datePublished\":\"2021-05-15T10:34:23+00:00\",\"dateModified\":\"2021-10-20T17:02:16+00:00\",\"mainEntityOfPage\":{\"@id\":\"https:\/\/www.dakarmania.cz\/index.php\/2021\/05\/15\/poradatele-dakaru-protezuji-audi-mini-souperi\/\"},\"wordCount\":1322,\"commentCount\":0,\"publisher\":{\"@id\":\"https:\/\/www.dakarmania.cz\/#organization\"},\"image\":{\"@id\":\"https:\/\/www.dakarmania.cz\/index.php\/2021\/05\/15\/poradatele-dakaru-protezuji-audi-mini-souperi\/#primaryimage\"},\"thumbnailUrl\":\"https:\/\/www.dakarmania.cz\/wp-content\/uploads\/2020\/12\/20-audi-02.jpg\",\"keywords\":[\"2021\",\"2022\",\"ASO\",\"Audi\",\"Dakar\",\"Dakar 2022\",\"FIA\",\"Ford\",\"pravidla\",\"Prodrive\",\"Q Motorsport\",\"Sven Quandt\",\"Toyota\"],\"articleSection\":[\"Auto\",\"Rally Dakar\"],\"inLanguage\":\"cs\",\"potentialAction\":[{\"@type\":\"CommentAction\",\"name\":\"Comment\",\"target\":[\"https:\/\/www.dakarmania.cz\/index.php\/2021\/05\/15\/poradatele-dakaru-protezuji-audi-mini-souperi\/#respond\"]}]},{\"@type\":\"WebPage\",\"@id\":\"https:\/\/www.dakarmania.cz\/index.php\/2021\/05\/15\/poradatele-dakaru-protezuji-audi-mini-souperi\/\",\"url\":\"https:\/\/www.dakarmania.cz\/index.php\/2021\/05\/15\/poradatele-dakaru-protezuji-audi-mini-souperi\/\",\"name\":\"Po\u0159adatel\u00e9 Dakaru prote\u017euj\u00ed Audi, m\u00edn\u00ed soupe\u0159i - DAKARMANIA.cz\",\"isPartOf\":{\"@id\":\"https:\/\/www.dakarmania.cz\/#website\"},\"primaryImageOfPage\":{\"@id\":\"https:\/\/www.dakarmania.cz\/index.php\/2021\/05\/15\/poradatele-dakaru-protezuji-audi-mini-souperi\/#primaryimage\"},\"image\":{\"@id\":\"https:\/\/www.dakarmania.cz\/index.php\/2021\/05\/15\/poradatele-dakaru-protezuji-audi-mini-souperi\/#primaryimage\"},\"thumbnailUrl\":\"https:\/\/www.dakarmania.cz\/wp-content\/uploads\/2020\/12\/20-audi-02.jpg\",\"datePublished\":\"2021-05-15T10:34:23+00:00\",\"dateModified\":\"2021-10-20T17:02:16+00:00\",\"description\":\"Nov\u00fd \u201eelektrick\u00fd\u201c prototyp Audi pro Rally Dakar je\u0161t\u011b ani nevyjel a u\u017e bud\u00ed emoce sv\u00fdch budouc\u00edch soupe\u0159\u016f.\",\"breadcrumb\":{\"@id\":\"https:\/\/www.dakarmania.cz\/index.php\/2021\/05\/15\/poradatele-dakaru-protezuji-audi-mini-souperi\/#breadcrumb\"},\"inLanguage\":\"cs\",\"potentialAction\":[{\"@type\":\"ReadAction\",\"target\":[\"https:\/\/www.dakarmania.cz\/index.php\/2021\/05\/15\/poradatele-dakaru-protezuji-audi-mini-souperi\/\"]}]},{\"@type\":\"ImageObject\",\"inLanguage\":\"cs\",\"@id\":\"https:\/\/www.dakarmania.cz\/index.php\/2021\/05\/15\/poradatele-dakaru-protezuji-audi-mini-souperi\/#primaryimage\",\"url\":\"https:\/\/www.dakarmania.cz\/wp-content\/uploads\/2020\/12\/20-audi-02.jpg\",\"contentUrl\":\"https:\/\/www.dakarmania.cz\/wp-content\/uploads\/2020\/12\/20-audi-02.jpg\",\"width\":1024,\"height\":679,\"caption\":\"Tov\u00e1rn\u00ed t\u00fdm Audi pojede Dakar 2022. \u00a9 Audi Motorsport\"},{\"@type\":\"BreadcrumbList\",\"@id\":\"https:\/\/www.dakarmania.cz\/index.php\/2021\/05\/15\/poradatele-dakaru-protezuji-audi-mini-souperi\/#breadcrumb\",\"itemListElement\":[{\"@type\":\"ListItem\",\"position\":1,\"name\":\"Dom\u016f\",\"item\":\"https:\/\/www.dakarmania.cz\/\"},{\"@type\":\"ListItem\",\"position\":2,\"name\":\"Po\u0159adatel\u00e9 Dakaru prote\u017euj\u00ed Audi, m\u00edn\u00ed soupe\u0159i\"}]},{\"@type\":\"WebSite\",\"@id\":\"https:\/\/www.dakarmania.cz\/#website\",\"url\":\"https:\/\/www.dakarmania.cz\/\",\"name\":\"DAKARMANIA.cz\",\"description\":\"\u017dijeme Dakarem cel\u00fd rok\",\"publisher\":{\"@id\":\"https:\/\/www.dakarmania.cz\/#organization\"},\"potentialAction\":[{\"@type\":\"SearchAction\",\"target\":{\"@type\":\"EntryPoint\",\"urlTemplate\":\"https:\/\/www.dakarmania.cz\/?s={search_term_string}\"},\"query-input\":{\"@type\":\"PropertyValueSpecification\",\"valueRequired\":true,\"valueName\":\"search_term_string\"}}],\"inLanguage\":\"cs\"},{\"@type\":\"Organization\",\"@id\":\"https:\/\/www.dakarmania.cz\/#organization\",\"name\":\"DAKAR MANIA\",\"url\":\"https:\/\/www.dakarmania.cz\/\",\"logo\":{\"@type\":\"ImageObject\",\"inLanguage\":\"cs\",\"@id\":\"https:\/\/www.dakarmania.cz\/#\/schema\/logo\/image\/\",\"url\":\"https:\/\/www.dakarmania.cz\/wp-content\/uploads\/2018\/12\/Dakar-Mania-Logo-Square-Orange.png\",\"contentUrl\":\"https:\/\/www.dakarmania.cz\/wp-content\/uploads\/2018\/12\/Dakar-Mania-Logo-Square-Orange.png\",\"width\":992,\"height\":992,\"caption\":\"DAKAR MANIA\"},\"image\":{\"@id\":\"https:\/\/www.dakarmania.cz\/#\/schema\/logo\/image\/\"},\"sameAs\":[\"https:\/\/www.facebook.com\/dakarmania\/\"]},{\"@type\":\"Person\",\"@id\":\"https:\/\/www.dakarmania.cz\/#\/schema\/person\/04eb0e87a389631c2169c0dddae7ff1e\",\"name\":\"Zden\u011bk Zelenka\",\"image\":{\"@type\":\"ImageObject\",\"inLanguage\":\"cs\",\"@id\":\"https:\/\/www.dakarmania.cz\/#\/schema\/person\/image\/\",\"url\":\"https:\/\/secure.gravatar.com\/avatar\/2c80d5a4942fe0900b73cc7d3837a509d6ee0a276a2b76dac95c92bd0763a89b?s=96&d=mm&r=g\",\"contentUrl\":\"https:\/\/secure.gravatar.com\/avatar\/2c80d5a4942fe0900b73cc7d3837a509d6ee0a276a2b76dac95c92bd0763a89b?s=96&d=mm&r=g\",\"caption\":\"Zden\u011bk Zelenka\"},\"description\":\"Moji d\u011bt\u0161t\u00ed hrdinov\u00e9 se jmenovali Loprais, Moskal, Neveu, Vatanen, Rahier... A tihle borci, jejich n\u00e1sledovn\u00edci a jejich p\u0159\u00edb\u011bhy m\u011b nep\u0159estali fascinovat ani po letech, kdy jsem vyrostl a zam\u011bstn\u00e1valy m\u011b jin\u00e9 discipl\u00edny motorsportu. Proto se zrodila DAKARMANIA.\",\"url\":\"https:\/\/www.dakarmania.cz\/index.php\/author\/dakarmania\/\"}]}<\/script>\n<!-- \/ Yoast SEO plugin. -->","yoast_head_json":{"title":"Po\u0159adatel\u00e9 Dakaru prote\u017euj\u00ed Audi, m\u00edn\u00ed soupe\u0159i - DAKARMANIA.cz","description":"Nov\u00fd \u201eelektrick\u00fd\u201c prototyp Audi pro Rally Dakar je\u0161t\u011b ani nevyjel a u\u017e bud\u00ed emoce sv\u00fdch budouc\u00edch soupe\u0159\u016f.","robots":{"index":"index","follow":"follow","max-snippet":"max-snippet:-1","max-image-preview":"max-image-preview:large","max-video-preview":"max-video-preview:-1"},"canonical":"https:\/\/www.dakarmania.cz\/index.php\/2021\/05\/15\/poradatele-dakaru-protezuji-audi-mini-souperi\/","og_locale":"cs_CZ","og_type":"article","og_title":"Po\u0159adatel\u00e9 Dakaru prote\u017euj\u00ed Audi, m\u00edn\u00ed soupe\u0159i - DAKARMANIA.cz","og_description":"Nov\u00fd \u201eelektrick\u00fd\u201c prototyp Audi pro Rally Dakar je\u0161t\u011b ani nevyjel a u\u017e bud\u00ed emoce sv\u00fdch budouc\u00edch soupe\u0159\u016f.","og_url":"https:\/\/www.dakarmania.cz\/index.php\/2021\/05\/15\/poradatele-dakaru-protezuji-audi-mini-souperi\/","og_site_name":"DAKARMANIA.cz","article_publisher":"https:\/\/www.facebook.com\/dakarmania\/","article_published_time":"2021-05-15T10:34:23+00:00","article_modified_time":"2021-10-20T17:02:16+00:00","og_image":[{"width":1024,"height":679,"url":"https:\/\/www.dakarmania.cz\/wp-content\/uploads\/2020\/12\/20-audi-02.jpg","type":"image\/jpeg"}],"author":"Zden\u011bk Zelenka","twitter_card":"summary_large_image","twitter_misc":{"Napsal(a)":"Zden\u011bk Zelenka","Odhadovan\u00e1 doba \u010dten\u00ed":"5 minut"},"schema":{"@context":"https:\/\/schema.org","@graph":[{"@type":"Article","@id":"https:\/\/www.dakarmania.cz\/index.php\/2021\/05\/15\/poradatele-dakaru-protezuji-audi-mini-souperi\/#article","isPartOf":{"@id":"https:\/\/www.dakarmania.cz\/index.php\/2021\/05\/15\/poradatele-dakaru-protezuji-audi-mini-souperi\/"},"author":{"name":"Zden\u011bk Zelenka","@id":"https:\/\/www.dakarmania.cz\/#\/schema\/person\/04eb0e87a389631c2169c0dddae7ff1e"},"headline":"Po\u0159adatel\u00e9 Dakaru prote\u017euj\u00ed Audi, m\u00edn\u00ed soupe\u0159i","datePublished":"2021-05-15T10:34:23+00:00","dateModified":"2021-10-20T17:02:16+00:00","mainEntityOfPage":{"@id":"https:\/\/www.dakarmania.cz\/index.php\/2021\/05\/15\/poradatele-dakaru-protezuji-audi-mini-souperi\/"},"wordCount":1322,"commentCount":0,"publisher":{"@id":"https:\/\/www.dakarmania.cz\/#organization"},"image":{"@id":"https:\/\/www.dakarmania.cz\/index.php\/2021\/05\/15\/poradatele-dakaru-protezuji-audi-mini-souperi\/#primaryimage"},"thumbnailUrl":"https:\/\/www.dakarmania.cz\/wp-content\/uploads\/2020\/12\/20-audi-02.jpg","keywords":["2021","2022","ASO","Audi","Dakar","Dakar 2022","FIA","Ford","pravidla","Prodrive","Q Motorsport","Sven Quandt","Toyota"],"articleSection":["Auto","Rally Dakar"],"inLanguage":"cs","potentialAction":[{"@type":"CommentAction","name":"Comment","target":["https:\/\/www.dakarmania.cz\/index.php\/2021\/05\/15\/poradatele-dakaru-protezuji-audi-mini-souperi\/#respond"]}]},{"@type":"WebPage","@id":"https:\/\/www.dakarmania.cz\/index.php\/2021\/05\/15\/poradatele-dakaru-protezuji-audi-mini-souperi\/","url":"https:\/\/www.dakarmania.cz\/index.php\/2021\/05\/15\/poradatele-dakaru-protezuji-audi-mini-souperi\/","name":"Po\u0159adatel\u00e9 Dakaru prote\u017euj\u00ed Audi, m\u00edn\u00ed soupe\u0159i - DAKARMANIA.cz","isPartOf":{"@id":"https:\/\/www.dakarmania.cz\/#website"},"primaryImageOfPage":{"@id":"https:\/\/www.dakarmania.cz\/index.php\/2021\/05\/15\/poradatele-dakaru-protezuji-audi-mini-souperi\/#primaryimage"},"image":{"@id":"https:\/\/www.dakarmania.cz\/index.php\/2021\/05\/15\/poradatele-dakaru-protezuji-audi-mini-souperi\/#primaryimage"},"thumbnailUrl":"https:\/\/www.dakarmania.cz\/wp-content\/uploads\/2020\/12\/20-audi-02.jpg","datePublished":"2021-05-15T10:34:23+00:00","dateModified":"2021-10-20T17:02:16+00:00","description":"Nov\u00fd \u201eelektrick\u00fd\u201c prototyp Audi pro Rally Dakar je\u0161t\u011b ani nevyjel a u\u017e bud\u00ed emoce sv\u00fdch budouc\u00edch soupe\u0159\u016f.","breadcrumb":{"@id":"https:\/\/www.dakarmania.cz\/index.php\/2021\/05\/15\/poradatele-dakaru-protezuji-audi-mini-souperi\/#breadcrumb"},"inLanguage":"cs","potentialAction":[{"@type":"ReadAction","target":["https:\/\/www.dakarmania.cz\/index.php\/2021\/05\/15\/poradatele-dakaru-protezuji-audi-mini-souperi\/"]}]},{"@type":"ImageObject","inLanguage":"cs","@id":"https:\/\/www.dakarmania.cz\/index.php\/2021\/05\/15\/poradatele-dakaru-protezuji-audi-mini-souperi\/#primaryimage","url":"https:\/\/www.dakarmania.cz\/wp-content\/uploads\/2020\/12\/20-audi-02.jpg","contentUrl":"https:\/\/www.dakarmania.cz\/wp-content\/uploads\/2020\/12\/20-audi-02.jpg","width":1024,"height":679,"caption":"Tov\u00e1rn\u00ed t\u00fdm Audi pojede Dakar 2022. \u00a9 Audi Motorsport"},{"@type":"BreadcrumbList","@id":"https:\/\/www.dakarmania.cz\/index.php\/2021\/05\/15\/poradatele-dakaru-protezuji-audi-mini-souperi\/#breadcrumb","itemListElement":[{"@type":"ListItem","position":1,"name":"Dom\u016f","item":"https:\/\/www.dakarmania.cz\/"},{"@type":"ListItem","position":2,"name":"Po\u0159adatel\u00e9 Dakaru prote\u017euj\u00ed Audi, m\u00edn\u00ed soupe\u0159i"}]},{"@type":"WebSite","@id":"https:\/\/www.dakarmania.cz\/#website","url":"https:\/\/www.dakarmania.cz\/","name":"DAKARMANIA.cz","description":"\u017dijeme Dakarem cel\u00fd rok","publisher":{"@id":"https:\/\/www.dakarmania.cz\/#organization"},"potentialAction":[{"@type":"SearchAction","target":{"@type":"EntryPoint","urlTemplate":"https:\/\/www.dakarmania.cz\/?s={search_term_string}"},"query-input":{"@type":"PropertyValueSpecification","valueRequired":true,"valueName":"search_term_string"}}],"inLanguage":"cs"},{"@type":"Organization","@id":"https:\/\/www.dakarmania.cz\/#organization","name":"DAKAR MANIA","url":"https:\/\/www.dakarmania.cz\/","logo":{"@type":"ImageObject","inLanguage":"cs","@id":"https:\/\/www.dakarmania.cz\/#\/schema\/logo\/image\/","url":"https:\/\/www.dakarmania.cz\/wp-content\/uploads\/2018\/12\/Dakar-Mania-Logo-Square-Orange.png","contentUrl":"https:\/\/www.dakarmania.cz\/wp-content\/uploads\/2018\/12\/Dakar-Mania-Logo-Square-Orange.png","width":992,"height":992,"caption":"DAKAR MANIA"},"image":{"@id":"https:\/\/www.dakarmania.cz\/#\/schema\/logo\/image\/"},"sameAs":["https:\/\/www.facebook.com\/dakarmania\/"]},{"@type":"Person","@id":"https:\/\/www.dakarmania.cz\/#\/schema\/person\/04eb0e87a389631c2169c0dddae7ff1e","name":"Zden\u011bk Zelenka","image":{"@type":"ImageObject","inLanguage":"cs","@id":"https:\/\/www.dakarmania.cz\/#\/schema\/person\/image\/","url":"https:\/\/secure.gravatar.com\/avatar\/2c80d5a4942fe0900b73cc7d3837a509d6ee0a276a2b76dac95c92bd0763a89b?s=96&d=mm&r=g","contentUrl":"https:\/\/secure.gravatar.com\/avatar\/2c80d5a4942fe0900b73cc7d3837a509d6ee0a276a2b76dac95c92bd0763a89b?s=96&d=mm&r=g","caption":"Zden\u011bk Zelenka"},"description":"Moji d\u011bt\u0161t\u00ed hrdinov\u00e9 se jmenovali Loprais, Moskal, Neveu, Vatanen, Rahier... A tihle borci, jejich n\u00e1sledovn\u00edci a jejich p\u0159\u00edb\u011bhy m\u011b nep\u0159estali fascinovat ani po letech, kdy jsem vyrostl a zam\u011bstn\u00e1valy m\u011b jin\u00e9 discipl\u00edny motorsportu. Proto se zrodila DAKARMANIA.","url":"https:\/\/www.dakarmania.cz\/index.php\/author\/dakarmania\/"}]}},"amp_enabled":true,"_links":{"self":[{"href":"https:\/\/www.dakarmania.cz\/index.php\/wp-json\/wp\/v2\/posts\/19288","targetHints":{"allow":["GET"]}}],"collection":[{"href":"https:\/\/www.dakarmania.cz\/index.php\/wp-json\/wp\/v2\/posts"}],"about":[{"href":"https:\/\/www.dakarmania.cz\/index.php\/wp-json\/wp\/v2\/types\/post"}],"author":[{"embeddable":true,"href":"https:\/\/www.dakarmania.cz\/index.php\/wp-json\/wp\/v2\/users\/1"}],"replies":[{"embeddable":true,"href":"https:\/\/www.dakarmania.cz\/index.php\/wp-json\/wp\/v2\/comments?post=19288"}],"version-history":[{"count":9,"href":"https:\/\/www.dakarmania.cz\/index.php\/wp-json\/wp\/v2\/posts\/19288\/revisions"}],"predecessor-version":[{"id":23819,"href":"https:\/\/www.dakarmania.cz\/index.php\/wp-json\/wp\/v2\/posts\/19288\/revisions\/23819"}],"wp:featuredmedia":[{"embeddable":true,"href":"https:\/\/www.dakarmania.cz\/index.php\/wp-json\/wp\/v2\/media\/17194"}],"wp:attachment":[{"href":"https:\/\/www.dakarmania.cz\/index.php\/wp-json\/wp\/v2\/media?parent=19288"}],"wp:term":[{"taxonomy":"category","embeddable":true,"href":"https:\/\/www.dakarmania.cz\/index.php\/wp-json\/wp\/v2\/categories?post=19288"},{"taxonomy":"post_tag","embeddable":true,"href":"https:\/\/www.dakarmania.cz\/index.php\/wp-json\/wp\/v2\/tags?post=19288"}],"curies":[{"name":"wp","href":"https:\/\/api.w.org\/{rel}","templated":true}]}}