{"id":19349,"date":"2021-05-27T01:59:38","date_gmt":"2021-05-26T23:59:38","guid":{"rendered":"https:\/\/www.dakarmania.cz\/?p=19349"},"modified":"2023-03-19T11:38:18","modified_gmt":"2023-03-19T10:38:18","slug":"ve-hre-navrat-mitsubishi-na-dakar","status":"publish","type":"post","link":"https:\/\/www.dakarmania.cz\/index.php\/2021\/05\/27\/ve-hre-navrat-mitsubishi-na-dakar\/","title":{"rendered":"Mitsubishi k\u0159\u00eds\u00ed Ralliart. Ve h\u0159e je n\u00e1vrat na Dakar"},"content":{"rendered":"<p>[vc_row][vc_column][vc_column_text css_animation=&#8221;fadeIn&#8221;]<\/p>\n<h3>V\u00fdro\u010dn\u00ed zpr\u00e1va Mitsubishi Motors za rok 2020 je zaj\u00edmav\u00fdm \u010dten\u00edm nejen pro ekonomy, ale tak\u00e9 pro p\u0159\u00edznivce motoristick\u00e9ho sportu. Japonsk\u00e1 spole\u010dnost o\u017eivuje slavn\u00fd Ralliart, pod jeho\u017e hlavi\u010dkou v minulosti skl\u00edzela \u00fasp\u011bchy na Dakaru a v mistrovstv\u00ed sv\u011bta v rally.<\/h3>\n<p>[\/vc_column_text][vc_single_image image=&#8221;19347&#8243; img_size=&#8221;large&#8221; add_caption=&#8221;yes&#8221; alignment=&#8221;center&#8221; onclick=&#8221;link_image&#8221; css_animation=&#8221;fadeIn&#8221;][vc_column_text css_animation=&#8221;fadeIn&#8221;]Op\u011btovn\u00e9 nastartov\u00e1n\u00ed Ralliartu pova\u017euje za jednu z hlavn\u00edch sou\u010dasn\u00fdch priorit v\u00fdkonn\u00fd \u0159editel spole\u010dnosti Takao Kato. N\u00e1vrat na sc\u00e9nu sv\u011btov\u00e9ho motorsportu m\u00e1 podpo\u0159it p\u0159edev\u0161\u00edm prodeje na trz\u00edch v Asii a Austr\u00e1lii, kde se Mitsubishi prosazuje p\u0159edev\u0161\u00edm se sv\u00fdmi SUV. I proto je podle dob\u0159e informovan\u00fdch zdroj\u016f n\u00e1vrat na Dakar z hlediska n\u00e1vratnosti investic \u201edost dob\u0159e mo\u017en\u00fd a pravd\u011bpodobn\u011bj\u0161\u00ed\u201c ne\u017e comeback do WRC, kde Ralliart v devades\u00e1t\u00fdch letech minul\u00e9ho stolet\u00ed slavil s Tommim M\u00e4kinenem \u010dty\u0159ikr\u00e1t v \u0159ad\u011b zisk titulu mistra sv\u011bta v rally.<\/p>\n<p>Na Dakaru se Mitsubishi za\u010dalo anga\u017eovat v roce 1983 a mezi lety 1985 a\u017e 2007 nasb\u00edralo v kategorii automobil\u016f rekordn\u00edch dvan\u00e1ct v\u00edt\u011bzstv\u00ed. Sv\u00e9 aktivity v cross-country rally ukon\u010dilo b\u011bhem ekonomick\u00e9 krize v roce 2009. Ralliart se z motoristick\u00e9ho sportu st\u00e1hl o rok pozd\u011bji s odvol\u00e1n\u00edm na malou a st\u00e1le klesaj\u00edc\u00ed popt\u00e1vku po n\u00e1hradn\u00edch d\u00edlech na d\u0159\u00edve prodan\u00e9 z\u00e1vodn\u00ed vozy.[\/vc_column_text][vc_column_text css_animation=&#8221;fadeIn&#8221;]Jednotliv\u00e9 indicie nasv\u011bd\u010duj\u00ed tomu, \u017ee by k n\u00e1vratu Mitsubishi na Dakar mohlo doj\u00edt u\u017e v horizontu n\u00e1sleduj\u00edc\u00edch dvou let. Nav\u00e1zat na n\u011bkdej\u0161\u00ed sl\u00e1vu Pajera se Ralliart pravd\u011bpodobn\u011b pokus\u00ed s modelem Triton, p\u0159\u00edpadn\u011b s n\u011bjak\u00fdm nov\u00fdm (?) modelem kategorie SUV \u010di crossover. S ohledem na obrovsk\u00e9 investice, je\u017e Mitsubishi vynakl\u00e1d\u00e1 na v\u00fdvoj plug-in hybrid\u016f a elektrick\u00fdch pohonn\u00fdch jednotek, i po\u0159adateli avizovan\u00fd postupn\u00fd odklon Rally Dakar od spalovac\u00edch motor\u016f, lze o\u010dek\u00e1vat, \u017ee by tak\u00e9 nov\u00e9 speci\u00e1ly se t\u0159emi diamanty ve znaku m\u011bly b\u00fdt elektrick\u00e9.[\/vc_column_text][vc_column_text css_animation=&#8221;fadeIn&#8221; css=&#8221;.vc_custom_1622073297977{padding-top: 10px !important;padding-right: 10px !important;padding-bottom: 10px !important;padding-left: 10px !important;background-color: #d8d8d8 !important;}&#8221;]<\/p>\n<h4>Toby Price s Tritonem u\u017e p\u0159\u00ed\u0161t\u00ed m\u011bs\u00edc<\/h4>\n<p>Dvojn\u00e1sobn\u00fd v\u00edt\u011bz Rally Dakar v kategorii motocykl\u016f Toby Price tento t\u00fdden p\u0159edstavil Mitsubishi Triton Trophy Truck, s n\u00edm\u017e se z\u00fa\u010dastn\u00ed leto\u0161n\u00edho ro\u010dn\u00edku slavn\u00e9ho australsk\u00e9ho Finke Desert Race (11. a\u017e 14. \u010dervna), kter\u00fd v minulosti \u0161estkr\u00e1t vyhr\u00e1l.<\/p>\n<p style=\"text-align: center;\"><img loading=\"lazy\" decoding=\"async\" class=\"size-large wp-image-19348 aligncenter\" src=\"\/wp-content\/uploads\/2021\/05\/21-price-triton-trophy-truck-01.jpg\" alt=\"Toby Price, Mitsubishi Triton Trophy Truck\" width=\"600\" height=\"400\" srcset=\"https:\/\/www.dakarmania.cz\/wp-content\/uploads\/2021\/05\/21-price-triton-trophy-truck-01.jpg 1024w, https:\/\/www.dakarmania.cz\/wp-content\/uploads\/2021\/05\/21-price-triton-trophy-truck-01-300x200.jpg 300w, https:\/\/www.dakarmania.cz\/wp-content\/uploads\/2021\/05\/21-price-triton-trophy-truck-01-768x512.jpg 768w, https:\/\/www.dakarmania.cz\/wp-content\/uploads\/2021\/05\/21-price-triton-trophy-truck-01-825x550.jpg 825w, https:\/\/www.dakarmania.cz\/wp-content\/uploads\/2021\/05\/21-price-triton-trophy-truck-01-447x298.jpg 447w, https:\/\/www.dakarmania.cz\/wp-content\/uploads\/2021\/05\/21-price-triton-trophy-truck-01-600x400.jpg 600w\" sizes=\"auto, (max-width: 600px) 100vw, 600px\" \/><\/p>\n<p>V\u016fz postavil americk\u00fd TCSO Racing, ale na jeho p\u0159\u00edprav\u011b se intenzivn\u011b pod\u00edlela tak\u00e9 spole\u010dnost Mitsubishi Motors Australia a designe\u0159i mate\u0159sk\u00e9 Mitsubishi Motors Corporation. Na unik\u00e1tn\u00edm speci\u00e1lu se pracovalo od po\u010d\u00e1tku roku 2020.<\/p>\n<p>Aktu\u00e1ln\u00ed spojen\u00ed Mitsubishi a Tobyho Price m\u016f\u017ee leccos nazna\u010dovat tak\u00e9 o bl\u00edzk\u00e9 budoucnosti. Australsk\u00fd trh je pro japonskou zna\u010dku velmi d\u016fle\u017eit\u00fd a 33let\u00fd z\u00e1vodn\u00edk by pro ni mohl b\u00fdt velmi zaj\u00edmav\u00fdm ambasadorem. S ohledem na zku\u0161enosti, kter\u00e9 ji\u017e dnes m\u00e1 i s dvoustop\u00fdmi z\u00e1vodn\u00edmi vozidly, lze p\u0159edpokl\u00e1dat, \u017ee by se za n\u011bkolik let mohl s automobilem objevit i na Dakaru. A pro\u010d ne pr\u00e1v\u011b s Mitsubishi?[\/vc_column_text][vc_empty_space height=&#8221;2px&#8221;][\/vc_column][\/vc_row]<\/p>\n","protected":false},"excerpt":{"rendered":"<p>V\u00fdro\u010dn\u00ed zpr\u00e1va Mitsubishi Motors za rok 2020 je zaj\u00edmav\u00fdm \u010dten\u00edm nejen pro ekonomy, ale tak\u00e9 pro p\u0159\u00edznivce motoristick\u00e9ho sportu.<\/p>\n","protected":false},"author":1,"featured_media":19347,"comment_status":"closed","ping_status":"closed","sticky":false,"template":"","format":"standard","meta":{"footnotes":""},"categories":[3,2],"tags":[1630,8,321,1867,147,126],"class_list":["post-19349","post","type-post","status-publish","format-standard","has-post-thumbnail","hentry","category-auto","category-dakar","tag-1630","tag-dakar","tag-mitsubishi","tag-ralliart","tag-tip","tag-toby-price"],"yoast_head":"<!-- This site is optimized with the Yoast SEO plugin v24.9 - https:\/\/yoast.com\/wordpress\/plugins\/seo\/ -->\n<title>Mitsubishi k\u0159\u00eds\u00ed Ralliart. Ve h\u0159e je n\u00e1vrat na Dakar - DAKARMANIA.cz<\/title>\n<meta name=\"description\" content=\"V\u00fdro\u010dn\u00ed zpr\u00e1va Mitsubishi Motors za rok 2020 je zaj\u00edmav\u00fdm \u010dten\u00edm nejen pro ekonomy, ale tak\u00e9 pro p\u0159\u00edznivce motoristick\u00e9ho sportu.\" \/>\n<meta name=\"robots\" content=\"index, follow, max-snippet:-1, max-image-preview:large, max-video-preview:-1\" \/>\n<link rel=\"canonical\" href=\"https:\/\/www.dakarmania.cz\/index.php\/2021\/05\/27\/ve-hre-navrat-mitsubishi-na-dakar\/\" \/>\n<meta property=\"og:locale\" content=\"cs_CZ\" \/>\n<meta property=\"og:type\" content=\"article\" \/>\n<meta property=\"og:title\" content=\"Mitsubishi k\u0159\u00eds\u00ed Ralliart. Ve h\u0159e je n\u00e1vrat na Dakar - DAKARMANIA.cz\" \/>\n<meta property=\"og:description\" content=\"V\u00fdro\u010dn\u00ed zpr\u00e1va Mitsubishi Motors za rok 2020 je zaj\u00edmav\u00fdm \u010dten\u00edm nejen pro ekonomy, ale tak\u00e9 pro p\u0159\u00edznivce motoristick\u00e9ho sportu.\" \/>\n<meta property=\"og:url\" content=\"https:\/\/www.dakarmania.cz\/index.php\/2021\/05\/27\/ve-hre-navrat-mitsubishi-na-dakar\/\" \/>\n<meta property=\"og:site_name\" content=\"DAKARMANIA.cz\" \/>\n<meta property=\"article:publisher\" content=\"https:\/\/www.facebook.com\/dakarmania\/\" \/>\n<meta property=\"article:published_time\" content=\"2021-05-26T23:59:38+00:00\" \/>\n<meta property=\"article:modified_time\" content=\"2023-03-19T10:38:18+00:00\" \/>\n<meta property=\"og:image\" content=\"https:\/\/www.dakarmania.cz\/wp-content\/uploads\/2021\/05\/07-dakar-peterhansel-02.jpg\" \/>\n\t<meta property=\"og:image:width\" content=\"1024\" \/>\n\t<meta property=\"og:image:height\" content=\"683\" \/>\n\t<meta property=\"og:image:type\" content=\"image\/jpeg\" \/>\n<meta name=\"author\" content=\"Zden\u011bk Zelenka\" \/>\n<meta name=\"twitter:card\" content=\"summary_large_image\" \/>\n<meta name=\"twitter:label1\" content=\"Napsal(a)\" \/>\n\t<meta name=\"twitter:data1\" content=\"Zden\u011bk Zelenka\" \/>\n\t<meta name=\"twitter:label2\" content=\"Odhadovan\u00e1 doba \u010dten\u00ed\" \/>\n\t<meta name=\"twitter:data2\" content=\"3 minuty\" \/>\n<script type=\"application\/ld+json\" class=\"yoast-schema-graph\">{\"@context\":\"https:\/\/schema.org\",\"@graph\":[{\"@type\":\"Article\",\"@id\":\"https:\/\/www.dakarmania.cz\/index.php\/2021\/05\/27\/ve-hre-navrat-mitsubishi-na-dakar\/#article\",\"isPartOf\":{\"@id\":\"https:\/\/www.dakarmania.cz\/index.php\/2021\/05\/27\/ve-hre-navrat-mitsubishi-na-dakar\/\"},\"author\":{\"name\":\"Zden\u011bk Zelenka\",\"@id\":\"https:\/\/www.dakarmania.cz\/#\/schema\/person\/04eb0e87a389631c2169c0dddae7ff1e\"},\"headline\":\"Mitsubishi k\u0159\u00eds\u00ed Ralliart. Ve h\u0159e je n\u00e1vrat na Dakar\",\"datePublished\":\"2021-05-26T23:59:38+00:00\",\"dateModified\":\"2023-03-19T10:38:18+00:00\",\"mainEntityOfPage\":{\"@id\":\"https:\/\/www.dakarmania.cz\/index.php\/2021\/05\/27\/ve-hre-navrat-mitsubishi-na-dakar\/\"},\"wordCount\":638,\"publisher\":{\"@id\":\"https:\/\/www.dakarmania.cz\/#organization\"},\"image\":{\"@id\":\"https:\/\/www.dakarmania.cz\/index.php\/2021\/05\/27\/ve-hre-navrat-mitsubishi-na-dakar\/#primaryimage\"},\"thumbnailUrl\":\"https:\/\/www.dakarmania.cz\/wp-content\/uploads\/2021\/05\/07-dakar-peterhansel-02.jpg\",\"keywords\":[\"2021\",\"Dakar\",\"Mitsubishi\",\"Ralliart\",\"tip\",\"Toby Price\"],\"articleSection\":[\"Auto\",\"Rally Dakar\"],\"inLanguage\":\"cs\"},{\"@type\":\"WebPage\",\"@id\":\"https:\/\/www.dakarmania.cz\/index.php\/2021\/05\/27\/ve-hre-navrat-mitsubishi-na-dakar\/\",\"url\":\"https:\/\/www.dakarmania.cz\/index.php\/2021\/05\/27\/ve-hre-navrat-mitsubishi-na-dakar\/\",\"name\":\"Mitsubishi k\u0159\u00eds\u00ed Ralliart. Ve h\u0159e je n\u00e1vrat na Dakar - DAKARMANIA.cz\",\"isPartOf\":{\"@id\":\"https:\/\/www.dakarmania.cz\/#website\"},\"primaryImageOfPage\":{\"@id\":\"https:\/\/www.dakarmania.cz\/index.php\/2021\/05\/27\/ve-hre-navrat-mitsubishi-na-dakar\/#primaryimage\"},\"image\":{\"@id\":\"https:\/\/www.dakarmania.cz\/index.php\/2021\/05\/27\/ve-hre-navrat-mitsubishi-na-dakar\/#primaryimage\"},\"thumbnailUrl\":\"https:\/\/www.dakarmania.cz\/wp-content\/uploads\/2021\/05\/07-dakar-peterhansel-02.jpg\",\"datePublished\":\"2021-05-26T23:59:38+00:00\",\"dateModified\":\"2023-03-19T10:38:18+00:00\",\"description\":\"V\u00fdro\u010dn\u00ed zpr\u00e1va Mitsubishi Motors za rok 2020 je zaj\u00edmav\u00fdm \u010dten\u00edm nejen pro ekonomy, ale tak\u00e9 pro p\u0159\u00edznivce motoristick\u00e9ho sportu.\",\"breadcrumb\":{\"@id\":\"https:\/\/www.dakarmania.cz\/index.php\/2021\/05\/27\/ve-hre-navrat-mitsubishi-na-dakar\/#breadcrumb\"},\"inLanguage\":\"cs\",\"potentialAction\":[{\"@type\":\"ReadAction\",\"target\":[\"https:\/\/www.dakarmania.cz\/index.php\/2021\/05\/27\/ve-hre-navrat-mitsubishi-na-dakar\/\"]}]},{\"@type\":\"ImageObject\",\"inLanguage\":\"cs\",\"@id\":\"https:\/\/www.dakarmania.cz\/index.php\/2021\/05\/27\/ve-hre-navrat-mitsubishi-na-dakar\/#primaryimage\",\"url\":\"https:\/\/www.dakarmania.cz\/wp-content\/uploads\/2021\/05\/07-dakar-peterhansel-02.jpg\",\"contentUrl\":\"https:\/\/www.dakarmania.cz\/wp-content\/uploads\/2021\/05\/07-dakar-peterhansel-02.jpg\",\"width\":1024,\"height\":683,\"caption\":\"D\u00edky pos\u00e1dce St\u00e9phane Peterhansel\/Jean-Paul Cottret z\u00edskalo Mitsubishi v roce 2007 dvan\u00e1ct\u00e9 dakarsk\u00e9 v\u00edt\u011bzstv\u00ed. \u00a9 Mitsubishi Motors\"},{\"@type\":\"BreadcrumbList\",\"@id\":\"https:\/\/www.dakarmania.cz\/index.php\/2021\/05\/27\/ve-hre-navrat-mitsubishi-na-dakar\/#breadcrumb\",\"itemListElement\":[{\"@type\":\"ListItem\",\"position\":1,\"name\":\"Dom\u016f\",\"item\":\"https:\/\/www.dakarmania.cz\/\"},{\"@type\":\"ListItem\",\"position\":2,\"name\":\"Mitsubishi k\u0159\u00eds\u00ed Ralliart. Ve h\u0159e je n\u00e1vrat na Dakar\"}]},{\"@type\":\"WebSite\",\"@id\":\"https:\/\/www.dakarmania.cz\/#website\",\"url\":\"https:\/\/www.dakarmania.cz\/\",\"name\":\"DAKARMANIA.cz\",\"description\":\"\u017dijeme Dakarem cel\u00fd rok\",\"publisher\":{\"@id\":\"https:\/\/www.dakarmania.cz\/#organization\"},\"potentialAction\":[{\"@type\":\"SearchAction\",\"target\":{\"@type\":\"EntryPoint\",\"urlTemplate\":\"https:\/\/www.dakarmania.cz\/?s={search_term_string}\"},\"query-input\":{\"@type\":\"PropertyValueSpecification\",\"valueRequired\":true,\"valueName\":\"search_term_string\"}}],\"inLanguage\":\"cs\"},{\"@type\":\"Organization\",\"@id\":\"https:\/\/www.dakarmania.cz\/#organization\",\"name\":\"DAKAR MANIA\",\"url\":\"https:\/\/www.dakarmania.cz\/\",\"logo\":{\"@type\":\"ImageObject\",\"inLanguage\":\"cs\",\"@id\":\"https:\/\/www.dakarmania.cz\/#\/schema\/logo\/image\/\",\"url\":\"https:\/\/www.dakarmania.cz\/wp-content\/uploads\/2018\/12\/Dakar-Mania-Logo-Square-Orange.png\",\"contentUrl\":\"https:\/\/www.dakarmania.cz\/wp-content\/uploads\/2018\/12\/Dakar-Mania-Logo-Square-Orange.png\",\"width\":992,\"height\":992,\"caption\":\"DAKAR MANIA\"},\"image\":{\"@id\":\"https:\/\/www.dakarmania.cz\/#\/schema\/logo\/image\/\"},\"sameAs\":[\"https:\/\/www.facebook.com\/dakarmania\/\"]},{\"@type\":\"Person\",\"@id\":\"https:\/\/www.dakarmania.cz\/#\/schema\/person\/04eb0e87a389631c2169c0dddae7ff1e\",\"name\":\"Zden\u011bk Zelenka\",\"image\":{\"@type\":\"ImageObject\",\"inLanguage\":\"cs\",\"@id\":\"https:\/\/www.dakarmania.cz\/#\/schema\/person\/image\/\",\"url\":\"https:\/\/secure.gravatar.com\/avatar\/2c80d5a4942fe0900b73cc7d3837a509d6ee0a276a2b76dac95c92bd0763a89b?s=96&d=mm&r=g\",\"contentUrl\":\"https:\/\/secure.gravatar.com\/avatar\/2c80d5a4942fe0900b73cc7d3837a509d6ee0a276a2b76dac95c92bd0763a89b?s=96&d=mm&r=g\",\"caption\":\"Zden\u011bk Zelenka\"},\"description\":\"Moji d\u011bt\u0161t\u00ed hrdinov\u00e9 se jmenovali Loprais, Moskal, Neveu, Vatanen, Rahier... A tihle borci, jejich n\u00e1sledovn\u00edci a jejich p\u0159\u00edb\u011bhy m\u011b nep\u0159estali fascinovat ani po letech, kdy jsem vyrostl a zam\u011bstn\u00e1valy m\u011b jin\u00e9 discipl\u00edny motorsportu. Proto se zrodila DAKARMANIA.\",\"url\":\"https:\/\/www.dakarmania.cz\/index.php\/author\/dakarmania\/\"}]}<\/script>\n<!-- \/ Yoast SEO plugin. -->","yoast_head_json":{"title":"Mitsubishi k\u0159\u00eds\u00ed Ralliart. Ve h\u0159e je n\u00e1vrat na Dakar - DAKARMANIA.cz","description":"V\u00fdro\u010dn\u00ed zpr\u00e1va Mitsubishi Motors za rok 2020 je zaj\u00edmav\u00fdm \u010dten\u00edm nejen pro ekonomy, ale tak\u00e9 pro p\u0159\u00edznivce motoristick\u00e9ho sportu.","robots":{"index":"index","follow":"follow","max-snippet":"max-snippet:-1","max-image-preview":"max-image-preview:large","max-video-preview":"max-video-preview:-1"},"canonical":"https:\/\/www.dakarmania.cz\/index.php\/2021\/05\/27\/ve-hre-navrat-mitsubishi-na-dakar\/","og_locale":"cs_CZ","og_type":"article","og_title":"Mitsubishi k\u0159\u00eds\u00ed Ralliart. Ve h\u0159e je n\u00e1vrat na Dakar - DAKARMANIA.cz","og_description":"V\u00fdro\u010dn\u00ed zpr\u00e1va Mitsubishi Motors za rok 2020 je zaj\u00edmav\u00fdm \u010dten\u00edm nejen pro ekonomy, ale tak\u00e9 pro p\u0159\u00edznivce motoristick\u00e9ho sportu.","og_url":"https:\/\/www.dakarmania.cz\/index.php\/2021\/05\/27\/ve-hre-navrat-mitsubishi-na-dakar\/","og_site_name":"DAKARMANIA.cz","article_publisher":"https:\/\/www.facebook.com\/dakarmania\/","article_published_time":"2021-05-26T23:59:38+00:00","article_modified_time":"2023-03-19T10:38:18+00:00","og_image":[{"width":1024,"height":683,"url":"https:\/\/www.dakarmania.cz\/wp-content\/uploads\/2021\/05\/07-dakar-peterhansel-02.jpg","type":"image\/jpeg"}],"author":"Zden\u011bk Zelenka","twitter_card":"summary_large_image","twitter_misc":{"Napsal(a)":"Zden\u011bk Zelenka","Odhadovan\u00e1 doba \u010dten\u00ed":"3 minuty"},"schema":{"@context":"https:\/\/schema.org","@graph":[{"@type":"Article","@id":"https:\/\/www.dakarmania.cz\/index.php\/2021\/05\/27\/ve-hre-navrat-mitsubishi-na-dakar\/#article","isPartOf":{"@id":"https:\/\/www.dakarmania.cz\/index.php\/2021\/05\/27\/ve-hre-navrat-mitsubishi-na-dakar\/"},"author":{"name":"Zden\u011bk Zelenka","@id":"https:\/\/www.dakarmania.cz\/#\/schema\/person\/04eb0e87a389631c2169c0dddae7ff1e"},"headline":"Mitsubishi k\u0159\u00eds\u00ed Ralliart. Ve h\u0159e je n\u00e1vrat na Dakar","datePublished":"2021-05-26T23:59:38+00:00","dateModified":"2023-03-19T10:38:18+00:00","mainEntityOfPage":{"@id":"https:\/\/www.dakarmania.cz\/index.php\/2021\/05\/27\/ve-hre-navrat-mitsubishi-na-dakar\/"},"wordCount":638,"publisher":{"@id":"https:\/\/www.dakarmania.cz\/#organization"},"image":{"@id":"https:\/\/www.dakarmania.cz\/index.php\/2021\/05\/27\/ve-hre-navrat-mitsubishi-na-dakar\/#primaryimage"},"thumbnailUrl":"https:\/\/www.dakarmania.cz\/wp-content\/uploads\/2021\/05\/07-dakar-peterhansel-02.jpg","keywords":["2021","Dakar","Mitsubishi","Ralliart","tip","Toby Price"],"articleSection":["Auto","Rally Dakar"],"inLanguage":"cs"},{"@type":"WebPage","@id":"https:\/\/www.dakarmania.cz\/index.php\/2021\/05\/27\/ve-hre-navrat-mitsubishi-na-dakar\/","url":"https:\/\/www.dakarmania.cz\/index.php\/2021\/05\/27\/ve-hre-navrat-mitsubishi-na-dakar\/","name":"Mitsubishi k\u0159\u00eds\u00ed Ralliart. Ve h\u0159e je n\u00e1vrat na Dakar - DAKARMANIA.cz","isPartOf":{"@id":"https:\/\/www.dakarmania.cz\/#website"},"primaryImageOfPage":{"@id":"https:\/\/www.dakarmania.cz\/index.php\/2021\/05\/27\/ve-hre-navrat-mitsubishi-na-dakar\/#primaryimage"},"image":{"@id":"https:\/\/www.dakarmania.cz\/index.php\/2021\/05\/27\/ve-hre-navrat-mitsubishi-na-dakar\/#primaryimage"},"thumbnailUrl":"https:\/\/www.dakarmania.cz\/wp-content\/uploads\/2021\/05\/07-dakar-peterhansel-02.jpg","datePublished":"2021-05-26T23:59:38+00:00","dateModified":"2023-03-19T10:38:18+00:00","description":"V\u00fdro\u010dn\u00ed zpr\u00e1va Mitsubishi Motors za rok 2020 je zaj\u00edmav\u00fdm \u010dten\u00edm nejen pro ekonomy, ale tak\u00e9 pro p\u0159\u00edznivce motoristick\u00e9ho sportu.","breadcrumb":{"@id":"https:\/\/www.dakarmania.cz\/index.php\/2021\/05\/27\/ve-hre-navrat-mitsubishi-na-dakar\/#breadcrumb"},"inLanguage":"cs","potentialAction":[{"@type":"ReadAction","target":["https:\/\/www.dakarmania.cz\/index.php\/2021\/05\/27\/ve-hre-navrat-mitsubishi-na-dakar\/"]}]},{"@type":"ImageObject","inLanguage":"cs","@id":"https:\/\/www.dakarmania.cz\/index.php\/2021\/05\/27\/ve-hre-navrat-mitsubishi-na-dakar\/#primaryimage","url":"https:\/\/www.dakarmania.cz\/wp-content\/uploads\/2021\/05\/07-dakar-peterhansel-02.jpg","contentUrl":"https:\/\/www.dakarmania.cz\/wp-content\/uploads\/2021\/05\/07-dakar-peterhansel-02.jpg","width":1024,"height":683,"caption":"D\u00edky pos\u00e1dce St\u00e9phane Peterhansel\/Jean-Paul Cottret z\u00edskalo Mitsubishi v roce 2007 dvan\u00e1ct\u00e9 dakarsk\u00e9 v\u00edt\u011bzstv\u00ed. \u00a9 Mitsubishi Motors"},{"@type":"BreadcrumbList","@id":"https:\/\/www.dakarmania.cz\/index.php\/2021\/05\/27\/ve-hre-navrat-mitsubishi-na-dakar\/#breadcrumb","itemListElement":[{"@type":"ListItem","position":1,"name":"Dom\u016f","item":"https:\/\/www.dakarmania.cz\/"},{"@type":"ListItem","position":2,"name":"Mitsubishi k\u0159\u00eds\u00ed Ralliart. Ve h\u0159e je n\u00e1vrat na Dakar"}]},{"@type":"WebSite","@id":"https:\/\/www.dakarmania.cz\/#website","url":"https:\/\/www.dakarmania.cz\/","name":"DAKARMANIA.cz","description":"\u017dijeme Dakarem cel\u00fd rok","publisher":{"@id":"https:\/\/www.dakarmania.cz\/#organization"},"potentialAction":[{"@type":"SearchAction","target":{"@type":"EntryPoint","urlTemplate":"https:\/\/www.dakarmania.cz\/?s={search_term_string}"},"query-input":{"@type":"PropertyValueSpecification","valueRequired":true,"valueName":"search_term_string"}}],"inLanguage":"cs"},{"@type":"Organization","@id":"https:\/\/www.dakarmania.cz\/#organization","name":"DAKAR MANIA","url":"https:\/\/www.dakarmania.cz\/","logo":{"@type":"ImageObject","inLanguage":"cs","@id":"https:\/\/www.dakarmania.cz\/#\/schema\/logo\/image\/","url":"https:\/\/www.dakarmania.cz\/wp-content\/uploads\/2018\/12\/Dakar-Mania-Logo-Square-Orange.png","contentUrl":"https:\/\/www.dakarmania.cz\/wp-content\/uploads\/2018\/12\/Dakar-Mania-Logo-Square-Orange.png","width":992,"height":992,"caption":"DAKAR MANIA"},"image":{"@id":"https:\/\/www.dakarmania.cz\/#\/schema\/logo\/image\/"},"sameAs":["https:\/\/www.facebook.com\/dakarmania\/"]},{"@type":"Person","@id":"https:\/\/www.dakarmania.cz\/#\/schema\/person\/04eb0e87a389631c2169c0dddae7ff1e","name":"Zden\u011bk Zelenka","image":{"@type":"ImageObject","inLanguage":"cs","@id":"https:\/\/www.dakarmania.cz\/#\/schema\/person\/image\/","url":"https:\/\/secure.gravatar.com\/avatar\/2c80d5a4942fe0900b73cc7d3837a509d6ee0a276a2b76dac95c92bd0763a89b?s=96&d=mm&r=g","contentUrl":"https:\/\/secure.gravatar.com\/avatar\/2c80d5a4942fe0900b73cc7d3837a509d6ee0a276a2b76dac95c92bd0763a89b?s=96&d=mm&r=g","caption":"Zden\u011bk Zelenka"},"description":"Moji d\u011bt\u0161t\u00ed hrdinov\u00e9 se jmenovali Loprais, Moskal, Neveu, Vatanen, Rahier... A tihle borci, jejich n\u00e1sledovn\u00edci a jejich p\u0159\u00edb\u011bhy m\u011b nep\u0159estali fascinovat ani po letech, kdy jsem vyrostl a zam\u011bstn\u00e1valy m\u011b jin\u00e9 discipl\u00edny motorsportu. Proto se zrodila DAKARMANIA.","url":"https:\/\/www.dakarmania.cz\/index.php\/author\/dakarmania\/"}]}},"amp_enabled":true,"_links":{"self":[{"href":"https:\/\/www.dakarmania.cz\/index.php\/wp-json\/wp\/v2\/posts\/19349","targetHints":{"allow":["GET"]}}],"collection":[{"href":"https:\/\/www.dakarmania.cz\/index.php\/wp-json\/wp\/v2\/posts"}],"about":[{"href":"https:\/\/www.dakarmania.cz\/index.php\/wp-json\/wp\/v2\/types\/post"}],"author":[{"embeddable":true,"href":"https:\/\/www.dakarmania.cz\/index.php\/wp-json\/wp\/v2\/users\/1"}],"replies":[{"embeddable":true,"href":"https:\/\/www.dakarmania.cz\/index.php\/wp-json\/wp\/v2\/comments?post=19349"}],"version-history":[{"count":4,"href":"https:\/\/www.dakarmania.cz\/index.php\/wp-json\/wp\/v2\/posts\/19349\/revisions"}],"predecessor-version":[{"id":23792,"href":"https:\/\/www.dakarmania.cz\/index.php\/wp-json\/wp\/v2\/posts\/19349\/revisions\/23792"}],"wp:featuredmedia":[{"embeddable":true,"href":"https:\/\/www.dakarmania.cz\/index.php\/wp-json\/wp\/v2\/media\/19347"}],"wp:attachment":[{"href":"https:\/\/www.dakarmania.cz\/index.php\/wp-json\/wp\/v2\/media?parent=19349"}],"wp:term":[{"taxonomy":"category","embeddable":true,"href":"https:\/\/www.dakarmania.cz\/index.php\/wp-json\/wp\/v2\/categories?post=19349"},{"taxonomy":"post_tag","embeddable":true,"href":"https:\/\/www.dakarmania.cz\/index.php\/wp-json\/wp\/v2\/tags?post=19349"}],"curies":[{"name":"wp","href":"https:\/\/api.w.org\/{rel}","templated":true}]}}