{"id":19354,"date":"2021-05-27T16:48:12","date_gmt":"2021-05-27T14:48:12","guid":{"rendered":"https:\/\/www.dakarmania.cz\/?p=19354"},"modified":"2021-10-18T23:51:27","modified_gmt":"2021-10-18T21:51:27","slug":"ze-svetoveho-poharu-bude-mistrovstvi-sveta","status":"publish","type":"post","link":"https:\/\/www.dakarmania.cz\/index.php\/2021\/05\/27\/ze-svetoveho-poharu-bude-mistrovstvi-sveta\/","title":{"rendered":"Dohodnuto: Ze sv\u011btov\u00e9ho poh\u00e1ru FIA bude ofici\u00e1ln\u00ed mistrovstv\u00ed sv\u011bta"},"content":{"rendered":"<p>[vc_row][vc_column][vc_column_text css_animation=&#8221;fadeIn&#8221;]<\/p>\n<h3>Od roku 2022 u\u017e nebudou m\u00edt sv\u00e9ho mistra sv\u011bta v cross-country rally pouze motocyklist\u00e9. Po dlouh\u00fdch letech, kdy o vyps\u00e1n\u00ed vlastn\u00edho sv\u011btov\u00e9ho \u0161ampion\u00e1tu hovo\u0159ila a jednala tak\u00e9 Mezin\u00e1rodn\u00ed automobilov\u00e1 federace (FIA), se jej\u00ed pl\u00e1ny kone\u010dn\u011b zhmotn\u00ed.<\/h3>\n<p>[\/vc_column_text][vc_single_image image=&#8221;17229&#8243; img_size=&#8221;large&#8221; alignment=&#8221;center&#8221; onclick=&#8221;link_image&#8221; css_animation=&#8221;fadeIn&#8221;][vc_column_text css_animation=&#8221;fadeIn&#8221;]Komise FIA pro cross-country rally, v jej\u00edm\u017e \u010dele stoj\u00ed dakarsk\u00e1 v\u00edt\u011bzka Jutta Kleinschmidt, v uplynul\u00fdch letech p\u0159ipravovala nov\u00fd celkov\u00fd koncept discipl\u00edny, kter\u00fd od leto\u0161ka tvo\u0159\u00ed t\u0159\u00edstup\u0148ov\u00e1 pyramida. Z\u00e1kladn\u00edm stupn\u011bm se st\u00e1vaj\u00ed region\u00e1ln\u00ed \u0161ampion\u00e1ty v baj\u00e1ch (zat\u00edm pouze evropsk\u00fd), v jejich\u017e r\u00e1mci by m\u011bli prvn\u00ed zku\u0161enosti z\u00edsk\u00e1vat nov\u00ed \u00fa\u010dastn\u00edci. Vrcholem pak m\u00e1 b\u00fdt sv\u011btov\u00fd \u0161ampion\u00e1t. Je\u0161t\u011b koncem roku 2019 \u0161\u00e9fka komise CCR po\u010d\u00edtala s mo\u017enost\u00ed, \u017ee se mistrovstv\u00ed sv\u011bta poprv\u00e9 uskute\u010dn\u00ed u\u017e letos. Ve\u0161ker\u00e9 pl\u00e1ny v\u0161ak vzaly do\u010dasn\u011b za sv\u00e9 kv\u016fli situaci kolem covidu-19.<\/p>\n<p>Z\u0159ejm\u011b se v\u0161ak jednalo o posledn\u00ed odklad. Po jedn\u00e1n\u00ed u kulat\u00e9ho stolu, k n\u011bmu\u017e se z\u00e1stupci FIA, dakarsk\u00fdch po\u0159adatel\u016f, automobilek a velk\u00fdch t\u00fdm\u016f se\u0161li v pr\u016fb\u011bhu kv\u011btnov\u00e9 Andalusk\u00e9 rally, dost\u00e1v\u00e1 mistrovstv\u00ed sv\u011bta jasn\u00e9 kontury a FIA by jej m\u011bla brzy ofici\u00e1ln\u011b vyhl\u00e1sit. Pravd\u011bpodobn\u011b by k tomu mohlo doj\u00edt u\u017e po tradi\u010dn\u00edm letn\u00edm zased\u00e1n\u00ed Sv\u011btov\u00e9 rady motoristick\u00e9ho sportu FIA.<\/p>\n<p>Mistrovstv\u00ed sv\u011bta v cross-country rally bude v po\u0159ad\u00ed \u0161est\u00fdm sv\u011btov\u00fdm \u0161ampion\u00e1tem pod z\u00e1\u0161titou FIA. Form\u00e1ln\u011b se za\u0159ad\u00ed na \u00farove\u0148 formule 1, rally, vytrvalostn\u00edch z\u00e1vod\u016f sportovn\u00edch voz\u016f, rallycrossu a formule E.[\/vc_column_text][vc_column_text css_animation=&#8221;fadeIn&#8221;]<\/p>\n<h4>Ot\u011b\u017ee t\u0159\u00edm\u00e1 ASO<\/h4>\n<p>Promot\u00e9rem \u0161ampion\u00e1tu bude Amaury Sport Organisation, je\u017e je majitelem a po\u0159adatelem Rally Dakar. Francouzi nav\u00edc p\u0159eb\u00edraj\u00ed tak\u00e9 organizaci Andaluc\u00eda Rally a Rallye du Maroc. Ob\u011b sout\u011b\u017ee dosud p\u0159ipravovala spole\u010dnost ODC Events Davida Castery, jen\u017e je od jara 2019 \u0159editelem dakarsk\u00e9 rally. Tyto t\u0159i podniky nebudou chyb\u011bt v minim\u00e1ln\u011b \u0161estid\u00edln\u00e9m kalend\u00e1\u0159i mistrovstv\u00ed sv\u011bta.<\/p>\n<p>Doplnit by je m\u011bly Abu Dhabi Desert Challenge, Rally Kazakhstan a nov\u00e1 Portugal Cross-Country Rally, kter\u00e1 se m\u011bla poprv\u00e9 jet letos v b\u0159eznu, ale kv\u016fli tehdej\u0161\u00ed nep\u0159\u00edzniv\u00e9 situaci ohledn\u011b \u0161\u00ed\u0159en\u00ed covidu-19 nejen v Portugalsku byla p\u0159elo\u017eena na z\u00e1\u0159\u00ed. Ve h\u0159e v\u0161ak jsou i Silk Way Rally a sa\u00fadskoarabsk\u00e1 Hail Rally.<\/p>\n<h4>Ide\u00e1ln\u00ed na\u010dasov\u00e1n\u00ed<\/h4>\n<p>Vyps\u00e1n\u00ed sv\u011btov\u00e9ho \u0161ampion\u00e1tu nahr\u00e1v\u00e1 sou\u010dasn\u00fd z\u00e1jem automobilek o propagaci sv\u00fdch produkt\u016f a technologi\u00ed prost\u0159ednictv\u00edm cross-country rally. K Toyot\u011b, kter\u00e1 se discipl\u00edn\u011b v\u011bnuje od poloviny p\u0159edchoz\u00ed dek\u00e1dy, <a href=\"\/index.php\/2020\/12\/02\/audi-miri-na-dakar\/\">se brzy p\u0159ipoj\u00ed Audi<\/a> a v dohledn\u00e9 dob\u011b by se m\u011blo nejsp\u00ed\u0161 <a href=\"\/index.php\/2021\/05\/27\/ve-hre-navrat-mitsubishi-na-dakar\/\">vr\u00e1tit tak\u00e9 Mitsubishi<\/a>. Nav\u00edc Prodrive, kter\u00fd loni p\u0159edstavil vlastn\u00ed projekt, se od po\u010d\u00e1tku netaj\u00ed z\u00e1m\u011brem uzav\u0159\u00edt ve st\u0159edn\u011bdob\u00e9m horizontu partnerstv\u00ed s n\u011bkter\u00fdm z dal\u0161\u00edch v\u00fdrobc\u016f\u2026[\/vc_column_text][vc_empty_space height=&#8221;2px&#8221;][\/vc_column][\/vc_row]<\/p>\n","protected":false},"excerpt":{"rendered":"<p>Od roku 2022 u\u017e nebudou m\u00edt sv\u00e9ho mistra sv\u011bta v cross-country rally pouze motocyklist\u00e9. Sv\u011btov\u00fd \u0161ampion\u00e1t vyp\u00ed\u0161e i FIA.<\/p>\n","protected":false},"author":1,"featured_media":17229,"comment_status":"open","ping_status":"closed","sticky":false,"template":"","format":"standard","meta":{"footnotes":""},"categories":[3],"tags":[1630,1766,1481,99,1358,1868],"class_list":["post-19354","post","type-post","status-publish","format-standard","has-post-thumbnail","hentry","category-auto","tag-1630","tag-1766","tag-aso","tag-fia","tag-ms-fia-ccr","tag-ms-fia-ccr-2022"],"yoast_head":"<!-- This site is optimized with the Yoast SEO plugin v24.9 - https:\/\/yoast.com\/wordpress\/plugins\/seo\/ -->\n<title>Dohodnuto: Ze sv\u011btov\u00e9ho poh\u00e1ru FIA bude ofici\u00e1ln\u00ed mistrovstv\u00ed sv\u011bta - DAKARMANIA.cz<\/title>\n<meta name=\"description\" content=\"Od roku 2022 u\u017e nebudou m\u00edt sv\u00e9ho mistra sv\u011bta v cross-country rally pouze motocyklist\u00e9. Sv\u011btov\u00fd \u0161ampion\u00e1t vyp\u00ed\u0161e i FIA.\" \/>\n<meta name=\"robots\" content=\"index, follow, max-snippet:-1, max-image-preview:large, max-video-preview:-1\" \/>\n<link rel=\"canonical\" href=\"https:\/\/www.dakarmania.cz\/index.php\/2021\/05\/27\/ze-svetoveho-poharu-bude-mistrovstvi-sveta\/\" \/>\n<meta property=\"og:locale\" content=\"cs_CZ\" \/>\n<meta property=\"og:type\" content=\"article\" \/>\n<meta property=\"og:title\" content=\"Dohodnuto: Ze sv\u011btov\u00e9ho poh\u00e1ru FIA bude ofici\u00e1ln\u00ed mistrovstv\u00ed sv\u011bta - DAKARMANIA.cz\" \/>\n<meta property=\"og:description\" content=\"Od roku 2022 u\u017e nebudou m\u00edt sv\u00e9ho mistra sv\u011bta v cross-country rally pouze motocyklist\u00e9. Sv\u011btov\u00fd \u0161ampion\u00e1t vyp\u00ed\u0161e i FIA.\" \/>\n<meta property=\"og:url\" content=\"https:\/\/www.dakarmania.cz\/index.php\/2021\/05\/27\/ze-svetoveho-poharu-bude-mistrovstvi-sveta\/\" \/>\n<meta property=\"og:site_name\" content=\"DAKARMANIA.cz\" \/>\n<meta property=\"article:publisher\" content=\"https:\/\/www.facebook.com\/dakarmania\/\" \/>\n<meta property=\"article:published_time\" content=\"2021-05-27T14:48:12+00:00\" \/>\n<meta property=\"article:modified_time\" content=\"2021-10-18T21:51:27+00:00\" \/>\n<meta property=\"og:image\" content=\"https:\/\/www.dakarmania.cz\/wp-content\/uploads\/2020\/12\/20-hail-1-sainz-01.jpg\" \/>\n\t<meta property=\"og:image:width\" content=\"1024\" \/>\n\t<meta property=\"og:image:height\" content=\"683\" \/>\n\t<meta property=\"og:image:type\" content=\"image\/jpeg\" \/>\n<meta name=\"author\" content=\"Zden\u011bk Zelenka\" \/>\n<meta name=\"twitter:card\" content=\"summary_large_image\" \/>\n<meta name=\"twitter:label1\" content=\"Napsal(a)\" \/>\n\t<meta name=\"twitter:data1\" content=\"Zden\u011bk Zelenka\" \/>\n\t<meta name=\"twitter:label2\" content=\"Odhadovan\u00e1 doba \u010dten\u00ed\" \/>\n\t<meta name=\"twitter:data2\" content=\"3 minuty\" \/>\n<script type=\"application\/ld+json\" class=\"yoast-schema-graph\">{\"@context\":\"https:\/\/schema.org\",\"@graph\":[{\"@type\":\"Article\",\"@id\":\"https:\/\/www.dakarmania.cz\/index.php\/2021\/05\/27\/ze-svetoveho-poharu-bude-mistrovstvi-sveta\/#article\",\"isPartOf\":{\"@id\":\"https:\/\/www.dakarmania.cz\/index.php\/2021\/05\/27\/ze-svetoveho-poharu-bude-mistrovstvi-sveta\/\"},\"author\":{\"name\":\"Zden\u011bk Zelenka\",\"@id\":\"https:\/\/www.dakarmania.cz\/#\/schema\/person\/04eb0e87a389631c2169c0dddae7ff1e\"},\"headline\":\"Dohodnuto: Ze sv\u011btov\u00e9ho poh\u00e1ru FIA bude ofici\u00e1ln\u00ed mistrovstv\u00ed sv\u011bta\",\"datePublished\":\"2021-05-27T14:48:12+00:00\",\"dateModified\":\"2021-10-18T21:51:27+00:00\",\"mainEntityOfPage\":{\"@id\":\"https:\/\/www.dakarmania.cz\/index.php\/2021\/05\/27\/ze-svetoveho-poharu-bude-mistrovstvi-sveta\/\"},\"wordCount\":592,\"commentCount\":0,\"publisher\":{\"@id\":\"https:\/\/www.dakarmania.cz\/#organization\"},\"image\":{\"@id\":\"https:\/\/www.dakarmania.cz\/index.php\/2021\/05\/27\/ze-svetoveho-poharu-bude-mistrovstvi-sveta\/#primaryimage\"},\"thumbnailUrl\":\"https:\/\/www.dakarmania.cz\/wp-content\/uploads\/2020\/12\/20-hail-1-sainz-01.jpg\",\"keywords\":[\"2021\",\"2022\",\"ASO\",\"FIA\",\"MS FIA CCR\",\"MS FIA CCR 2022\"],\"articleSection\":[\"Auto\"],\"inLanguage\":\"cs\",\"potentialAction\":[{\"@type\":\"CommentAction\",\"name\":\"Comment\",\"target\":[\"https:\/\/www.dakarmania.cz\/index.php\/2021\/05\/27\/ze-svetoveho-poharu-bude-mistrovstvi-sveta\/#respond\"]}]},{\"@type\":\"WebPage\",\"@id\":\"https:\/\/www.dakarmania.cz\/index.php\/2021\/05\/27\/ze-svetoveho-poharu-bude-mistrovstvi-sveta\/\",\"url\":\"https:\/\/www.dakarmania.cz\/index.php\/2021\/05\/27\/ze-svetoveho-poharu-bude-mistrovstvi-sveta\/\",\"name\":\"Dohodnuto: Ze sv\u011btov\u00e9ho poh\u00e1ru FIA bude ofici\u00e1ln\u00ed mistrovstv\u00ed sv\u011bta - DAKARMANIA.cz\",\"isPartOf\":{\"@id\":\"https:\/\/www.dakarmania.cz\/#website\"},\"primaryImageOfPage\":{\"@id\":\"https:\/\/www.dakarmania.cz\/index.php\/2021\/05\/27\/ze-svetoveho-poharu-bude-mistrovstvi-sveta\/#primaryimage\"},\"image\":{\"@id\":\"https:\/\/www.dakarmania.cz\/index.php\/2021\/05\/27\/ze-svetoveho-poharu-bude-mistrovstvi-sveta\/#primaryimage\"},\"thumbnailUrl\":\"https:\/\/www.dakarmania.cz\/wp-content\/uploads\/2020\/12\/20-hail-1-sainz-01.jpg\",\"datePublished\":\"2021-05-27T14:48:12+00:00\",\"dateModified\":\"2021-10-18T21:51:27+00:00\",\"description\":\"Od roku 2022 u\u017e nebudou m\u00edt sv\u00e9ho mistra sv\u011bta v cross-country rally pouze motocyklist\u00e9. Sv\u011btov\u00fd \u0161ampion\u00e1t vyp\u00ed\u0161e i FIA.\",\"breadcrumb\":{\"@id\":\"https:\/\/www.dakarmania.cz\/index.php\/2021\/05\/27\/ze-svetoveho-poharu-bude-mistrovstvi-sveta\/#breadcrumb\"},\"inLanguage\":\"cs\",\"potentialAction\":[{\"@type\":\"ReadAction\",\"target\":[\"https:\/\/www.dakarmania.cz\/index.php\/2021\/05\/27\/ze-svetoveho-poharu-bude-mistrovstvi-sveta\/\"]}]},{\"@type\":\"ImageObject\",\"inLanguage\":\"cs\",\"@id\":\"https:\/\/www.dakarmania.cz\/index.php\/2021\/05\/27\/ze-svetoveho-poharu-bude-mistrovstvi-sveta\/#primaryimage\",\"url\":\"https:\/\/www.dakarmania.cz\/wp-content\/uploads\/2020\/12\/20-hail-1-sainz-01.jpg\",\"contentUrl\":\"https:\/\/www.dakarmania.cz\/wp-content\/uploads\/2020\/12\/20-hail-1-sainz-01.jpg\",\"width\":1024,\"height\":683,\"caption\":\"Carlos Sainz pron\u00e1sledovan\u00fd Nasserem Al-Attiyahem na trati prvn\u00ed etapy p\u0159i Hail Baja I 2020. \u00a9 NDP Publicity\"},{\"@type\":\"BreadcrumbList\",\"@id\":\"https:\/\/www.dakarmania.cz\/index.php\/2021\/05\/27\/ze-svetoveho-poharu-bude-mistrovstvi-sveta\/#breadcrumb\",\"itemListElement\":[{\"@type\":\"ListItem\",\"position\":1,\"name\":\"Dom\u016f\",\"item\":\"https:\/\/www.dakarmania.cz\/\"},{\"@type\":\"ListItem\",\"position\":2,\"name\":\"Dohodnuto: Ze sv\u011btov\u00e9ho poh\u00e1ru FIA bude ofici\u00e1ln\u00ed mistrovstv\u00ed sv\u011bta\"}]},{\"@type\":\"WebSite\",\"@id\":\"https:\/\/www.dakarmania.cz\/#website\",\"url\":\"https:\/\/www.dakarmania.cz\/\",\"name\":\"DAKARMANIA.cz\",\"description\":\"\u017dijeme Dakarem cel\u00fd rok\",\"publisher\":{\"@id\":\"https:\/\/www.dakarmania.cz\/#organization\"},\"potentialAction\":[{\"@type\":\"SearchAction\",\"target\":{\"@type\":\"EntryPoint\",\"urlTemplate\":\"https:\/\/www.dakarmania.cz\/?s={search_term_string}\"},\"query-input\":{\"@type\":\"PropertyValueSpecification\",\"valueRequired\":true,\"valueName\":\"search_term_string\"}}],\"inLanguage\":\"cs\"},{\"@type\":\"Organization\",\"@id\":\"https:\/\/www.dakarmania.cz\/#organization\",\"name\":\"DAKAR MANIA\",\"url\":\"https:\/\/www.dakarmania.cz\/\",\"logo\":{\"@type\":\"ImageObject\",\"inLanguage\":\"cs\",\"@id\":\"https:\/\/www.dakarmania.cz\/#\/schema\/logo\/image\/\",\"url\":\"https:\/\/www.dakarmania.cz\/wp-content\/uploads\/2018\/12\/Dakar-Mania-Logo-Square-Orange.png\",\"contentUrl\":\"https:\/\/www.dakarmania.cz\/wp-content\/uploads\/2018\/12\/Dakar-Mania-Logo-Square-Orange.png\",\"width\":992,\"height\":992,\"caption\":\"DAKAR MANIA\"},\"image\":{\"@id\":\"https:\/\/www.dakarmania.cz\/#\/schema\/logo\/image\/\"},\"sameAs\":[\"https:\/\/www.facebook.com\/dakarmania\/\"]},{\"@type\":\"Person\",\"@id\":\"https:\/\/www.dakarmania.cz\/#\/schema\/person\/04eb0e87a389631c2169c0dddae7ff1e\",\"name\":\"Zden\u011bk Zelenka\",\"image\":{\"@type\":\"ImageObject\",\"inLanguage\":\"cs\",\"@id\":\"https:\/\/www.dakarmania.cz\/#\/schema\/person\/image\/\",\"url\":\"https:\/\/secure.gravatar.com\/avatar\/2c80d5a4942fe0900b73cc7d3837a509d6ee0a276a2b76dac95c92bd0763a89b?s=96&d=mm&r=g\",\"contentUrl\":\"https:\/\/secure.gravatar.com\/avatar\/2c80d5a4942fe0900b73cc7d3837a509d6ee0a276a2b76dac95c92bd0763a89b?s=96&d=mm&r=g\",\"caption\":\"Zden\u011bk Zelenka\"},\"description\":\"Moji d\u011bt\u0161t\u00ed hrdinov\u00e9 se jmenovali Loprais, Moskal, Neveu, Vatanen, Rahier... A tihle borci, jejich n\u00e1sledovn\u00edci a jejich p\u0159\u00edb\u011bhy m\u011b nep\u0159estali fascinovat ani po letech, kdy jsem vyrostl a zam\u011bstn\u00e1valy m\u011b jin\u00e9 discipl\u00edny motorsportu. Proto se zrodila DAKARMANIA.\",\"url\":\"https:\/\/www.dakarmania.cz\/index.php\/author\/dakarmania\/\"}]}<\/script>\n<!-- \/ Yoast SEO plugin. -->","yoast_head_json":{"title":"Dohodnuto: Ze sv\u011btov\u00e9ho poh\u00e1ru FIA bude ofici\u00e1ln\u00ed mistrovstv\u00ed sv\u011bta - DAKARMANIA.cz","description":"Od roku 2022 u\u017e nebudou m\u00edt sv\u00e9ho mistra sv\u011bta v cross-country rally pouze motocyklist\u00e9. Sv\u011btov\u00fd \u0161ampion\u00e1t vyp\u00ed\u0161e i FIA.","robots":{"index":"index","follow":"follow","max-snippet":"max-snippet:-1","max-image-preview":"max-image-preview:large","max-video-preview":"max-video-preview:-1"},"canonical":"https:\/\/www.dakarmania.cz\/index.php\/2021\/05\/27\/ze-svetoveho-poharu-bude-mistrovstvi-sveta\/","og_locale":"cs_CZ","og_type":"article","og_title":"Dohodnuto: Ze sv\u011btov\u00e9ho poh\u00e1ru FIA bude ofici\u00e1ln\u00ed mistrovstv\u00ed sv\u011bta - DAKARMANIA.cz","og_description":"Od roku 2022 u\u017e nebudou m\u00edt sv\u00e9ho mistra sv\u011bta v cross-country rally pouze motocyklist\u00e9. Sv\u011btov\u00fd \u0161ampion\u00e1t vyp\u00ed\u0161e i FIA.","og_url":"https:\/\/www.dakarmania.cz\/index.php\/2021\/05\/27\/ze-svetoveho-poharu-bude-mistrovstvi-sveta\/","og_site_name":"DAKARMANIA.cz","article_publisher":"https:\/\/www.facebook.com\/dakarmania\/","article_published_time":"2021-05-27T14:48:12+00:00","article_modified_time":"2021-10-18T21:51:27+00:00","og_image":[{"width":1024,"height":683,"url":"https:\/\/www.dakarmania.cz\/wp-content\/uploads\/2020\/12\/20-hail-1-sainz-01.jpg","type":"image\/jpeg"}],"author":"Zden\u011bk Zelenka","twitter_card":"summary_large_image","twitter_misc":{"Napsal(a)":"Zden\u011bk Zelenka","Odhadovan\u00e1 doba \u010dten\u00ed":"3 minuty"},"schema":{"@context":"https:\/\/schema.org","@graph":[{"@type":"Article","@id":"https:\/\/www.dakarmania.cz\/index.php\/2021\/05\/27\/ze-svetoveho-poharu-bude-mistrovstvi-sveta\/#article","isPartOf":{"@id":"https:\/\/www.dakarmania.cz\/index.php\/2021\/05\/27\/ze-svetoveho-poharu-bude-mistrovstvi-sveta\/"},"author":{"name":"Zden\u011bk Zelenka","@id":"https:\/\/www.dakarmania.cz\/#\/schema\/person\/04eb0e87a389631c2169c0dddae7ff1e"},"headline":"Dohodnuto: Ze sv\u011btov\u00e9ho poh\u00e1ru FIA bude ofici\u00e1ln\u00ed mistrovstv\u00ed sv\u011bta","datePublished":"2021-05-27T14:48:12+00:00","dateModified":"2021-10-18T21:51:27+00:00","mainEntityOfPage":{"@id":"https:\/\/www.dakarmania.cz\/index.php\/2021\/05\/27\/ze-svetoveho-poharu-bude-mistrovstvi-sveta\/"},"wordCount":592,"commentCount":0,"publisher":{"@id":"https:\/\/www.dakarmania.cz\/#organization"},"image":{"@id":"https:\/\/www.dakarmania.cz\/index.php\/2021\/05\/27\/ze-svetoveho-poharu-bude-mistrovstvi-sveta\/#primaryimage"},"thumbnailUrl":"https:\/\/www.dakarmania.cz\/wp-content\/uploads\/2020\/12\/20-hail-1-sainz-01.jpg","keywords":["2021","2022","ASO","FIA","MS FIA CCR","MS FIA CCR 2022"],"articleSection":["Auto"],"inLanguage":"cs","potentialAction":[{"@type":"CommentAction","name":"Comment","target":["https:\/\/www.dakarmania.cz\/index.php\/2021\/05\/27\/ze-svetoveho-poharu-bude-mistrovstvi-sveta\/#respond"]}]},{"@type":"WebPage","@id":"https:\/\/www.dakarmania.cz\/index.php\/2021\/05\/27\/ze-svetoveho-poharu-bude-mistrovstvi-sveta\/","url":"https:\/\/www.dakarmania.cz\/index.php\/2021\/05\/27\/ze-svetoveho-poharu-bude-mistrovstvi-sveta\/","name":"Dohodnuto: Ze sv\u011btov\u00e9ho poh\u00e1ru FIA bude ofici\u00e1ln\u00ed mistrovstv\u00ed sv\u011bta - DAKARMANIA.cz","isPartOf":{"@id":"https:\/\/www.dakarmania.cz\/#website"},"primaryImageOfPage":{"@id":"https:\/\/www.dakarmania.cz\/index.php\/2021\/05\/27\/ze-svetoveho-poharu-bude-mistrovstvi-sveta\/#primaryimage"},"image":{"@id":"https:\/\/www.dakarmania.cz\/index.php\/2021\/05\/27\/ze-svetoveho-poharu-bude-mistrovstvi-sveta\/#primaryimage"},"thumbnailUrl":"https:\/\/www.dakarmania.cz\/wp-content\/uploads\/2020\/12\/20-hail-1-sainz-01.jpg","datePublished":"2021-05-27T14:48:12+00:00","dateModified":"2021-10-18T21:51:27+00:00","description":"Od roku 2022 u\u017e nebudou m\u00edt sv\u00e9ho mistra sv\u011bta v cross-country rally pouze motocyklist\u00e9. Sv\u011btov\u00fd \u0161ampion\u00e1t vyp\u00ed\u0161e i FIA.","breadcrumb":{"@id":"https:\/\/www.dakarmania.cz\/index.php\/2021\/05\/27\/ze-svetoveho-poharu-bude-mistrovstvi-sveta\/#breadcrumb"},"inLanguage":"cs","potentialAction":[{"@type":"ReadAction","target":["https:\/\/www.dakarmania.cz\/index.php\/2021\/05\/27\/ze-svetoveho-poharu-bude-mistrovstvi-sveta\/"]}]},{"@type":"ImageObject","inLanguage":"cs","@id":"https:\/\/www.dakarmania.cz\/index.php\/2021\/05\/27\/ze-svetoveho-poharu-bude-mistrovstvi-sveta\/#primaryimage","url":"https:\/\/www.dakarmania.cz\/wp-content\/uploads\/2020\/12\/20-hail-1-sainz-01.jpg","contentUrl":"https:\/\/www.dakarmania.cz\/wp-content\/uploads\/2020\/12\/20-hail-1-sainz-01.jpg","width":1024,"height":683,"caption":"Carlos Sainz pron\u00e1sledovan\u00fd Nasserem Al-Attiyahem na trati prvn\u00ed etapy p\u0159i Hail Baja I 2020. \u00a9 NDP Publicity"},{"@type":"BreadcrumbList","@id":"https:\/\/www.dakarmania.cz\/index.php\/2021\/05\/27\/ze-svetoveho-poharu-bude-mistrovstvi-sveta\/#breadcrumb","itemListElement":[{"@type":"ListItem","position":1,"name":"Dom\u016f","item":"https:\/\/www.dakarmania.cz\/"},{"@type":"ListItem","position":2,"name":"Dohodnuto: Ze sv\u011btov\u00e9ho poh\u00e1ru FIA bude ofici\u00e1ln\u00ed mistrovstv\u00ed sv\u011bta"}]},{"@type":"WebSite","@id":"https:\/\/www.dakarmania.cz\/#website","url":"https:\/\/www.dakarmania.cz\/","name":"DAKARMANIA.cz","description":"\u017dijeme Dakarem cel\u00fd rok","publisher":{"@id":"https:\/\/www.dakarmania.cz\/#organization"},"potentialAction":[{"@type":"SearchAction","target":{"@type":"EntryPoint","urlTemplate":"https:\/\/www.dakarmania.cz\/?s={search_term_string}"},"query-input":{"@type":"PropertyValueSpecification","valueRequired":true,"valueName":"search_term_string"}}],"inLanguage":"cs"},{"@type":"Organization","@id":"https:\/\/www.dakarmania.cz\/#organization","name":"DAKAR MANIA","url":"https:\/\/www.dakarmania.cz\/","logo":{"@type":"ImageObject","inLanguage":"cs","@id":"https:\/\/www.dakarmania.cz\/#\/schema\/logo\/image\/","url":"https:\/\/www.dakarmania.cz\/wp-content\/uploads\/2018\/12\/Dakar-Mania-Logo-Square-Orange.png","contentUrl":"https:\/\/www.dakarmania.cz\/wp-content\/uploads\/2018\/12\/Dakar-Mania-Logo-Square-Orange.png","width":992,"height":992,"caption":"DAKAR MANIA"},"image":{"@id":"https:\/\/www.dakarmania.cz\/#\/schema\/logo\/image\/"},"sameAs":["https:\/\/www.facebook.com\/dakarmania\/"]},{"@type":"Person","@id":"https:\/\/www.dakarmania.cz\/#\/schema\/person\/04eb0e87a389631c2169c0dddae7ff1e","name":"Zden\u011bk Zelenka","image":{"@type":"ImageObject","inLanguage":"cs","@id":"https:\/\/www.dakarmania.cz\/#\/schema\/person\/image\/","url":"https:\/\/secure.gravatar.com\/avatar\/2c80d5a4942fe0900b73cc7d3837a509d6ee0a276a2b76dac95c92bd0763a89b?s=96&d=mm&r=g","contentUrl":"https:\/\/secure.gravatar.com\/avatar\/2c80d5a4942fe0900b73cc7d3837a509d6ee0a276a2b76dac95c92bd0763a89b?s=96&d=mm&r=g","caption":"Zden\u011bk Zelenka"},"description":"Moji d\u011bt\u0161t\u00ed hrdinov\u00e9 se jmenovali Loprais, Moskal, Neveu, Vatanen, Rahier... A tihle borci, jejich n\u00e1sledovn\u00edci a jejich p\u0159\u00edb\u011bhy m\u011b nep\u0159estali fascinovat ani po letech, kdy jsem vyrostl a zam\u011bstn\u00e1valy m\u011b jin\u00e9 discipl\u00edny motorsportu. Proto se zrodila DAKARMANIA.","url":"https:\/\/www.dakarmania.cz\/index.php\/author\/dakarmania\/"}]}},"amp_enabled":true,"_links":{"self":[{"href":"https:\/\/www.dakarmania.cz\/index.php\/wp-json\/wp\/v2\/posts\/19354","targetHints":{"allow":["GET"]}}],"collection":[{"href":"https:\/\/www.dakarmania.cz\/index.php\/wp-json\/wp\/v2\/posts"}],"about":[{"href":"https:\/\/www.dakarmania.cz\/index.php\/wp-json\/wp\/v2\/types\/post"}],"author":[{"embeddable":true,"href":"https:\/\/www.dakarmania.cz\/index.php\/wp-json\/wp\/v2\/users\/1"}],"replies":[{"embeddable":true,"href":"https:\/\/www.dakarmania.cz\/index.php\/wp-json\/wp\/v2\/comments?post=19354"}],"version-history":[{"count":7,"href":"https:\/\/www.dakarmania.cz\/index.php\/wp-json\/wp\/v2\/posts\/19354\/revisions"}],"predecessor-version":[{"id":23791,"href":"https:\/\/www.dakarmania.cz\/index.php\/wp-json\/wp\/v2\/posts\/19354\/revisions\/23791"}],"wp:featuredmedia":[{"embeddable":true,"href":"https:\/\/www.dakarmania.cz\/index.php\/wp-json\/wp\/v2\/media\/17229"}],"wp:attachment":[{"href":"https:\/\/www.dakarmania.cz\/index.php\/wp-json\/wp\/v2\/media?parent=19354"}],"wp:term":[{"taxonomy":"category","embeddable":true,"href":"https:\/\/www.dakarmania.cz\/index.php\/wp-json\/wp\/v2\/categories?post=19354"},{"taxonomy":"post_tag","embeddable":true,"href":"https:\/\/www.dakarmania.cz\/index.php\/wp-json\/wp\/v2\/tags?post=19354"}],"curies":[{"name":"wp","href":"https:\/\/api.w.org\/{rel}","templated":true}]}}