{"id":1939,"date":"2019-01-13T12:48:52","date_gmt":"2019-01-13T12:48:52","guid":{"rendered":"https:\/\/www.dakarmania.cz\/?p=1939"},"modified":"2019-01-14T02:33:18","modified_gmt":"2019-01-14T02:33:18","slug":"dakar-2019-6-etapa-minutu-po-minute","status":"publish","type":"post","link":"https:\/\/www.dakarmania.cz\/index.php\/2019\/01\/13\/dakar-2019-6-etapa-minutu-po-minute\/","title":{"rendered":"Dakar 2019: 6. etapa minutu po minut\u011b"},"content":{"rendered":"<p>[vc_row][vc_column][vc_column_text]<\/p>\n<h4>Rally Dakar 2019 se dnes p\u0159ehoupla do sv\u00e9 druh\u00e9 poloviny a za\u010d\u00edn\u00e1 se vracet zp\u011bt na sever sm\u011br Lima. V ned\u011bli 13. ledna je na programu etapa z Arequipy do San Juanu de Marcona, kterou pos\u00e1dk\u00e1m znep\u0159\u00edjemn\u00ed dlouh\u00fd p\u0159ejezd.<\/h4>\n<p>6. etapa bude nejdel\u0161\u00ed pro motocyklisty a \u010dty\u0159kolk\u00e1\u0159e, kter\u00e9 \u010dek\u00e1 celkem 838 kilometr\u016f, z toho 336 km na rychlostn\u00ed zkou\u0161ce. Pro auta (v\u010detn\u011b SxS) a kamiony je trasa o 28 km krat\u0161\u00ed a o 27 km m\u00e9n\u011b ujedou i na speci\u00e1lce. K hlavn\u00edm &#8220;lib\u016fstk\u00e1m&#8221; dne by m\u011bly pat\u0159it pr\u016fjezdy \u010dty\u0159mi dunov\u00fdmi oblastmi.<\/p>\n<p><strong>HLAVN\u00cd UD\u00c1LOSTI 6. ETAPY<\/strong><\/p>\n<p>V polovin\u011b sout\u011b\u017ee pokra\u010duje 247 vozidel (74%), co\u017e je nejmen\u0161\u00ed procentu\u00e1ln\u00ed pom\u011br od roku 2007 |\u00a0Mo\u017enosti z\u00fa\u010dastnit se druh\u00e9 poloviny rally aspo\u0148 v r\u00e1mci\u00a0<a href=\"https:\/\/www.dakarmania.cz\/index.php\/2018\/11\/27\/dakar-2019-smolari-dostanou-druhou-sanci\/\">tzv. p\u016flmarat\u00f3nu<\/a>\u00a0vyu\u017eilo 30 aut, SxS a kamion\u016f<\/p>\n<p><strong>motocykly:<\/strong><br \/>\nPablo Quintanilla (Husqvarna) letos poprv\u00e9 vyhr\u00e1l etapu a vr\u00e1til se do \u010dela pr\u016fb\u011b\u017en\u00e9 klasifikace | \u0160tefan Svitko (KTM) udr\u017eel 8. pozici | Milan Engel (KTM) zajel v etap\u011b 16. \u010das<\/p>\n<p><strong>automobily:<\/strong><br \/>\nS\u00e9bastien Loeb (Peugeot) <a href=\"https:\/\/www.dakarmania.cz\/index.php\/2019\/01\/13\/dakar-2019-etapove-vitezstvi-posouva-loeba-na-druhe-misto\/\">vyhr\u00e1l druhou etapu v \u0159ad\u011b<\/a> a posunul se na 2. m\u00edsto celkov\u011b | O jednu p\u0159\u00ed\u010dku v\u00fd\u0161 posko\u010dil Martin Prokop (Ford) | Carlos Sainz (Mini Buggy) a Bernhard ten Brinke (Toyota) se vr\u00e1tili do prvn\u00ed des\u00edtky<\/p>\n<p><strong>kamiony:<\/strong><br \/>\nPo penalizaci Sergeje Vjazovi\u010de (MAZ) se v\u00edt\u011bzem etapy st\u00e1v\u00e1 Gerard de Rooy (Iveco)\u00a0 |\u00a0Ji\u017e jen v r\u00e1mci p\u016flmaratonu\u00a0pokra\u010duj\u00ed M. Mac\u00edk (Liaz) a M. Kolom\u00fd (Tatra)<\/p>\n<p style=\"text-align: center;\"><span style=\"color: #ff9900;\"><strong>On-line report\u00e1\u017e skon\u010dila<\/strong><\/span><\/p>\n<p>[\/vc_column_text][vc_tta_accordion style=&#8221;modern&#8221; shape=&#8221;square&#8221; color=&#8221;sandy-brown&#8221; gap=&#8221;1&#8243; c_icon=&#8221;chevron&#8221; active_section=&#8221;4&#8243; css_animation=&#8221;none&#8221; title=&#8221;Rally Dakar 2019 &#8211; ON-LINE ZPRAVODAJSTV\u00cd&#8221;][vc_tta_section title=&#8221;Motorky&#8221; tab_id=&#8221;1547207236937-11673096-f55a961e-2cea4702-95ff0b10-aea9&#8243;][vc_column_text]<em>Dne\u0161n\u00ed online report\u00e1\u017e kon\u010d\u00ed. D\u011bkujeme, \u017ee jste n\u00e1s sledovali, a t\u011b\u0161\u00edme se na shledanou v pond\u011bl\u00ed u on-linu ze 7. etapy<\/em><\/p>\n<p><strong>00:05<\/strong> &#8211; V c\u00edli je <strong>Garrett Poucher<\/strong> (KTM, Klym\u010diw Racing; v etap\u011b 50.) i jeho t\u00fdmov\u00fd kolega <strong>Petr Vl\u010dek<\/strong> (KTM; 65.)[\/vc_column_text][vc_column_text]<strong>23:43 &#8211; Jan Brabec<\/strong> (Husqvarna, Big Shock Racing) inkasoval 9hodinovou penalizaci[\/vc_column_text][vc_column_text]<strong>21:05 &#8211; Skyler Howes<\/strong>\u00a0(Husqvarna) odstoupil. Jezdec t\u00fdmu Klym\u010diw Racing, kter\u00fd p\u0159ed etapou figuroval na 18. pozici celkov\u011b, upadl v \u00favodn\u00ed \u010d\u00e1sti dne\u0161n\u00ed speci\u00e1lky a vykloubil si rameno. Kv\u016fli zran\u011bn\u00ed se rozhodl skon\u010dit. Pro poruchu elektroniky odstoupil na 200. kilometru i jeho t\u00fdmov\u00fd kolega <strong>Gee Motzkin<\/strong> (Husqvarna) z Izraele[\/vc_column_text][vc_column_text]<strong>20:56 &#8211; Jan Brabec<\/strong> (Husqvarna, Big Shock Racing) dorazil do c\u00edle etapy se ztr\u00e1tou 54:59 min jako 24. a celkov\u011b se posunul na 18. pozici[\/vc_column_text][vc_column_text]<strong>20:40<\/strong> &#8211; Skv\u011bl\u00fd den pro <strong>Milana Engela<\/strong> (KTM, Moto Racing Group), kter\u00fd doj\u00ed\u017ed\u00ed do c\u00edle jako 16. (+41:49 min) a v pr\u016fb\u011b\u017en\u00e9m po\u0159ad\u00ed si polep\u0161il z 29. na 22. p\u0159\u00ed\u010dku.[\/vc_column_text][vc_column_text]<strong>20:01 &#8211; \u0160tefan Svitko<\/strong> (KTM) dnes obsadil 7. p\u0159\u00ed\u010dku (+8:20 min) a celkov\u011b z\u016fst\u00e1v\u00e1 8. (+31:56 min) se ztr\u00e1tou necel\u00fdch 11 minut na nyn\u00ed sedm\u00e9ho S. Sunderlanda (KTM)[\/vc_column_text][vc_column_text]<strong>19:57<\/strong> &#8211; <strong>Adrien Van Beveren<\/strong> (Yamaha) zastavoval u zran\u011bn\u00e9ho L. Santolina a jeho \u010das byl po dojet\u00ed do c\u00edle upraven. Francouz si tak dnes p\u0159ipisuje 5. m\u00edsto a na n\u011bm z\u016fst\u00e1v\u00e1 i v pr\u016fb\u011b\u017en\u00e9m po\u0159ad\u00ed (+9:32 min)[\/vc_column_text][vc_column_text]<strong>19:36 &#8211; Pablo Quintanilla<\/strong> (Husqvarna) vyhr\u00e1v\u00e1 svou prvn\u00ed etapu na Rally Dakar 2017 a <strong>uj\u00edm\u00e1 se v pr\u016fb\u011b\u017en\u00e9m hodnocen\u00ed<\/strong>. Do etapy vyr\u00e1\u017eel ze 3. m\u00edsta, 2:52 min za prvn\u00edm Rickym Brabecem (Honda) a 1:53 za druh\u00fdm Samem Sunderlandem (KTM). Ameri\u010dana dnes porazil o 7:30 min, Brit ztratil dokonce 22:59 min a kles\u00e1 v celkov\u00e9m sou\u010dtu a\u017e na 7. m\u00edsto. Quintanilla po \u0161est\u00e9 etap\u011b vede o 4:38 min p\u0159ed Brabecem. T\u0159et\u00ed je po dne\u0161ku Toby Price (KTM; +5:17 min)[\/vc_column_text][vc_column_text]<strong>19:33<\/strong> &#8211; <strong>Ricky Brabec<\/strong> (Honda) je v c\u00edli, ale p\u0159ijde o veden\u00ed v sout\u011b\u017ei. Na\u0161t\u011bst\u00ed pro Ameri\u010dana nefungovala jen technika, proto chyb\u011bly jeho mezi\u010dasy. Nicm\u00e9n\u011b na speci\u00e1lce byl o 7:30 min pomalej\u0161\u00ed ne\u017e jej\u00ed v\u00edt\u011bz a to k uh\u00e1jen\u00ed prvn\u00ed pozice celkov\u011b nesta\u010d\u00ed.[\/vc_column_text][vc_column_text]<strong>19:20 &#8211; \u0160tefan Svitko<\/strong> (KTM) je na posledn\u00edm mezi\u010dase st\u00e1le 5. (+7:27 min), \u010de\u0161t\u00ed jezdci zat\u00edm na WP6: <strong>Milan Engel<\/strong> (KTM) 19. (+29:43), <strong>Jan Brabec<\/strong> (Husqvarna) ve v\u00fdsledc\u00edch klesl na 21. p\u0159\u00ed\u010dku (+32:14)[\/vc_column_text][vc_column_text]<strong>19:16 &#8211; Paulo Quintanilla zp\u00e1tky do \u010dela pr\u016fb\u011b\u017en\u00e9 klasifikace?<\/strong>\u00a0Nejrychlej\u0161\u00ed motocyklist\u00e9 jsou na posledn\u00edm mezi\u010dase (WP7), tov\u00e1rn\u00ed jezdec Husqvarny v nejrychlej\u0161\u00edm \u010dase, 1:54 min p\u0159ed Kevinem Benavidesem (Honda). Sam Sunderland (p\u0159ed etapou druh\u00fd, necel\u00e9 2 min p\u0159ed Chilanem) ztr\u00e1c\u00ed 22:50 min. P\u0159ed etapou vedouc\u00ed Ricky Brabec (Honda) st\u00e1le neprojel WP5[\/vc_column_text][vc_column_text]<strong>18:50 &#8211; !!! &#8211; V\u00e1\u017en\u00e9 probl\u00e9my m\u00e1 z\u0159ejm\u011b dosavadn\u00ed leader Ricky Brabec<\/strong>. Zat\u00edmco jeho soupe\u0159i u\u017e dorazily na WP6, Ameri\u010dan\u016fv \u010das byl naposledy zaznamen\u00e1n na WP4, kde byl se ztr\u00e1tou 2:05 je\u0161t\u011b t\u0159et\u00ed[\/vc_column_text][vc_column_text]<strong>18:46<\/strong> &#8211; Na WP6 se rozestupy mezi nejlep\u0161\u00edmi motocyklisty v\u00fdrazn\u011b natahuj\u00ed a k \u00fatoku se nadechuje <strong>Pablo Quintanilla<\/strong>. Tov\u00e1rn\u00ed jezdec Husqvarny odsko\u010dil Kevinu Benavidesovi o minutu a 16 sekund, t\u0159et\u00ed je Toby Price (KTM, +2:34 min)[\/vc_column_text][vc_column_text]<strong>18:33<\/strong> &#8211; A\u0165 u\u017e to bylo s mezi\u010dasy na prvn\u00edch waypointech jakkoliv, <strong>Jan Brabec<\/strong> (Husqvarna, Big Shock Racing) \u0161estou etapu podle v\u0161eho rozjel velmi dob\u0159e. Na WP5 je osm\u00fd (+14:28 min). <strong>\u0160tefan Svitko<\/strong> (KTM) si vede je\u0161t\u011b l\u00e9pe. Na stejn\u00e9m bod\u011b figuruje na 5. pozici (+7:22) za \u010dtve\u0159ic\u00ed tov\u00e1rn\u00edch jezdc\u016f Benavides (Honda), Quintanilla (Husqvarna), Price a Walkner (oba KTM)[\/vc_column_text][vc_column_text]<strong>18:07<\/strong> &#8211; WP5 &#8211; <strong>Kevin Benavides<\/strong> (Honda) jde o 11 s p\u0159ed P. Quintanillu (Husqvarna)[\/vc_column_text][vc_column_text]<strong>18:01<\/strong> &#8211; Velmi dob\u0159e do dne\u0161n\u00ed etapy vstoupil <strong>Milan Engel<\/strong> (KTM, MRG), kter\u00fd se na WP2 pohyboval na 16. pozici (+12:02 min)[\/vc_column_text][vc_column_text]<strong>17:51<\/strong> &#8211; Na WP4 zat\u00edm nejrychlej\u0161\u00ed <strong>Pablo Quintanilla<\/strong> (Husqvarna) o 15 sekund p\u0159ed <strong>Kevinem Benavidesem<\/strong> (Honda) a 2:05 min p\u0159ed jeho t\u00fdmov\u00fdm kolegou <strong>Rickym Brabecem<\/strong>. <strong>\u0160tefan Svitko<\/strong> (KTM) st\u00e1le \u0161est\u00fd (+7:33). Jsme zv\u011bdav\u00ed, jak bude vydat tentokr\u00e1t \u010das na\u0161eho Jana Brabce&#8230;[\/vc_column_text][vc_column_text]<strong>17:48 &#8211; Fantastick\u00fd Jan Brabec, nebo nepo\u0159\u00e1dek v \u010dasom\u00ed\u0159e?<\/strong> Jan Brabec s Husqvarnou t\u00fdmu Big Shock Racing figuroval na WP2 i na WP3 na prvn\u00ed p\u0159\u00ed\u010dce. Na t\u0159et\u00edm pr\u016fjezdn\u00edm bod\u011b m\u00e1 o 2:44 min lep\u0161\u00ed \u010das ne\u017e P. Quintanilla s tov\u00e1rn\u00ed Husqvarnou. Bylo by to skv\u011bl\u00e9, ale p\u0159ipom\u00edn\u00e1me, \u017ee \u010dasom\u00edra v \u00favodu etapy nefungovala pr\u00e1v\u011b ide\u00e1ln\u011b&#8230;[\/vc_column_text][vc_column_text]<strong>17:36<\/strong> &#8211; WP3 &#8211; <strong>Sam Sunderland<\/strong> (KTM), <strong>Adrien Van Beveren<\/strong>, <strong>Xavier de Soultrait<\/strong> (oba Yamaha) a <strong>Andrew Short<\/strong> (Husqvarna) st\u00e1le v\u00fdrazn\u011b ztr\u00e1cej\u00ed (11 a\u017e 15 minut). V\u0161ichni dnes startovali mezi prvn\u00edmi. Zd\u00e1 se, \u017ee \u010d\u00e1st vedouc\u00ed skupiny bu\u010f ud\u011blala chybu, nebo zastavila u hav\u00e1rie L. Santolina (Sherco, viz n\u00ed\u017ee)[\/vc_column_text][vc_column_text]<strong>17:34<\/strong> &#8211; S nejlep\u0161\u00edmi se i dnes dr\u017e\u00ed <strong>\u0160tefan Svitko<\/strong> (KTM). Na WP3 figuruje slovensk\u00fd z\u00e1vodn\u00edk na 6. pozici (+6:01 min)[\/vc_column_text][vc_column_text]<strong>17:29<\/strong> &#8211; Zd\u00e1 se, \u017ee na WP3 se pr\u016fb\u011b\u017en\u00e9 po\u0159ad\u00ed (a \u010dasom\u00edra?) srovnalo. Do \u010dela se posouv\u00e1 <strong>Pablo Quintanilla<\/strong> (Husqvarna), 13 sekund ztr\u00e1c\u00ed <strong>Kevin Benavides<\/strong> (Honda), t\u0159et\u00ed je <strong>Ricky Brabec<\/strong> (+2:10 min) s dal\u0161\u00ed Hondou. P\u0159ed etapou \u010dinil n\u00e1skok vedouc\u00edho Brabeca p\u0159ed t\u0159et\u00edm Quintanillou 2:52 min[\/vc_column_text][vc_column_text]<strong>16:54<\/strong> &#8211; Rozhodn\u011b to vypad\u00e1 na probl\u00e9my s \u010dasom\u00edrou, nebo\u0165 po\u0159ad\u00ed na WP1 se po\u0159\u00e1d m\u011bn\u00ed ve prosp\u011bch dal\u0161\u00edch a dal\u0161\u00edch pr\u00e1v\u011b proj\u00ed\u017ed\u011bj\u00edc\u00edch jezdc\u016f, co\u017e nen\u00ed pravd\u011bpodobn\u00e9. V\u011b\u0159me, \u017ee na dal\u0161\u00edch pr\u016fjezdn\u00edch bodech se \u010dasom\u00edra umoud\u0159\u00ed a v\u0161e se p\u0159ehledn\u011b srovn\u00e1[\/vc_column_text][vc_column_text]<strong>16:50<\/strong> &#8211; Sledovat pr\u016fb\u011bh z\u00e1vodu v kategorii motocykl\u016f dnes zat\u00edm nen\u00ed p\u0159\u00edli\u0161 jednoduch\u00e9. U\u017e na prvn\u00edm mezi\u010dase byla vp\u0159edu se zna\u010dn\u00fdm n\u00e1skokem skupina jezdc\u016f, kterou jsme zvykl\u00ed v\u00eddat sp\u00ed\u0161e a\u017e za \u0161ir\u0161\u00ed \u0161pi\u010dkou. \u017de by v\u0161ichni favorit\u00e9 z\u00e1sadn\u011b chybovali? Nebo si mus\u00edme po\u010dkat, a\u017e po\u0159adatel\u00e9 srovnaj\u00ed \u00fadaje z \u010dasom\u00edry? Samoz\u0159ejm\u011b sledujeme d\u00e1l&#8230;[\/vc_column_text][vc_column_text]<strong>16:45<\/strong> &#8211; U\u017e na prvn\u00edm mezi\u010dase hodn\u011b ztr\u00e1cel <strong>Adrien Van Beveren<\/strong> (Yamaha), kter\u00fd v\u0161ak na tra\u0165 vyr\u00e1\u017eel za L. Santolinem (Sherco), jen\u017e havaroval. Je mo\u017en\u00e9, \u017ee Francouz u soupe\u0159e zastavil a z\u016fstal u n\u011bj do p\u0159\u00edjezdu z\u00e1chrann\u00e9ho t\u00fdmu.[\/vc_column_text][vc_column_text]<strong>16:40<\/strong> &#8211; Pr\u016fb\u011b\u017en\u011b druh\u00fd <strong>Sam Sunderland<\/strong> (KTM) ztr\u00e1c\u00ed na zat\u00edm nejrychlej\u0161\u00edho Kevina Benavidese (Honda) 7:47 min. Jako v\u00edt\u011bz etapy jede Brit dnes prvn\u00ed.[\/vc_column_text][vc_column_text]<strong>16:35<\/strong> &#8211; WP2 &#8211; Dosud odjet\u00fd \u00fasek se hodn\u011b povedl <strong>Kevinu Benavidesovi<\/strong> (Honda), kter\u00fd jej zvl\u00e1dl o 57 sekund rychleji ne\u017e P. Quintanilla (Husqvarna) a o 2 minuty p\u0159ekonal leadera z\u00e1vodu a t\u00fdmov\u00e9ho kolegu Rickyho Brabeca.[\/vc_column_text][vc_column_text]<strong>16:15 &#8211; Skyler Howes<\/strong> jedouc\u00ed na Husqvarn\u011b \u010desk\u00e9ho t\u00fdmu Klym\u010diw Racing je virtu\u00e1ln\u00edm leaderem mezi nov\u00e1\u010dky. Dosud prvn\u00ed p\u0159\u00ed\u010dka pat\u0159ila L. Santolinovi, kter\u00fd v\u0161ak havaroval a odstoupil. Howesovi byl p\u0159ed 6. etapou v pr\u016fb\u011b\u017en\u00e9m hodnocen\u00ed motocyklist\u016f na 18. pozice .[\/vc_column_text][vc_column_text]<strong>16:10 &#8211; Lorenzo Santolino havaroval a kon\u010d\u00ed.<\/strong> Jezdec tov\u00e1rn\u00edho t\u00fdmu Sherco zaz\u00e1\u0159il v p\u0159edchoz\u00ed etap\u011b, v n\u00ed\u017e obsadil 4. m\u00edsto, ale dnes upadl na 33. kilometru, je v p\u00e9\u010di l\u00e9ka\u0159\u016f a ze z\u00e1vodu odstupuje.[\/vc_column_text][vc_column_text]<strong>15:45<\/strong> &#8211; Krom\u011b Brabeca za\u010dal velmi svi\u017en\u011b tak\u00e9 jeho t\u00fdmov\u00fd kolega od Hondy <strong>Kevin Benavides<\/strong>. Mlad\u00fd Argentinec byl na prvn\u00edm \u00faseku jen o 12 sekund pomalej\u0161\u00ed. V pr\u016fb\u011b\u017en\u00e9m po\u0159ad\u00ed je 6. (+9:01 min), v prvn\u00edm t\u00fddnu se do Top 10 v etap\u011b neve\u0161el pouze v p\u00e1tek, kdy byl 13. D\u00edky minim\u00e1ln\u00edm rozestup\u016fm v prvn\u00ed sedmi\u010dce celkov\u00e9 klasifikace m\u016f\u017ee Benavides, pokud dnes zajede dob\u0159e, p\u0159esko\u010dit kohokoliv ze sv\u00fdch soupe\u0159\u016f a atakovat nejvy\u0161\u0161\u00ed p\u0159\u00ed\u010dky[\/vc_column_text][vc_column_text]<strong>15:40<\/strong> &#8211; Brabecovi (Honda) zat\u00edm nesta\u010d\u00ed ani pr\u016fb\u011b\u017en\u011b t\u0159et\u00ed <strong>Pablo Quintanilla<\/strong> (Husqvarna). Chilan je na WP1 zat\u00edm t\u0159et\u00ed o 1:23 min pomalej\u0161\u00ed ne\u017e leader z\u00e1vodu[\/vc_column_text][vc_column_text]<strong>15:35<\/strong> &#8211; Na WP1 n\u011bjakou chv\u00edli nejrychlej\u0161\u00ed <strong>Toby Price<\/strong> (KTM), jen\u017ee pak dorazil leader pr\u016fb\u011b\u017en\u00e9ho <strong>Ricky Brabec<\/strong> (Honda) a p\u0159esko\u010dil Australana o 1:38 min.[\/vc_column_text][vc_column_text]<strong>14:55<\/strong> &#8211; Tak\u00e9 dnes zahrnuje speci\u00e1lka neutralizovan\u00fd \u00fasek. Motocyklist\u00e9 naplno z\u00e1vod\u00ed na prvn\u00edch 84 kilometrech, n\u00e1sleduje neutralizace a pak rozhoduj\u00edc\u00ed \u010d\u00e1st dlouh\u00e1\u00a0232 km[\/vc_column_text][vc_column_text]<strong>14:30<\/strong> &#8211; Jako prvn\u00ed se na tra\u0165 vyd\u00e1 v\u00edt\u011bz p\u0159edchoz\u00ed etapy <strong>Sam Sunderland<\/strong>. Tov\u00e1rn\u00ed jezdec KTM se po 5. etap\u011b posunul na 2. m\u00edsto pr\u016fb\u011b\u017en\u00e9ho hodnocen\u00ed, na vedouc\u00edho Rickyho Brabeca s Hondou ztr\u00e1c\u00ed jen 59 s. Do dne\u0161n\u00ed speci\u00e1lky odstartuje ve 14:30 SE\u010c. Z \u010desk\u00fdch motocyklist\u016f vyraz\u00ed nejd\u0159\u00edve <strong>Jan Brabec<\/strong> (15:18 SE\u010c; Husqvarna, Big Shock Racing), n\u00e1sledovat bude <strong>Milan Engel<\/strong> (15:24; KTM, Moto Racing Group)[\/vc_column_text][vc_column_text]14:30 &#8211; Do 6. etapy a t\u00edm i do druh\u00e9 poloviny sout\u011b\u017ee nastupuje 105 ze 137 motocyklist\u016f, kte\u0159\u00ed se 6. ledna v Lim\u011b postavili na start. Pozitivn\u00ed je, \u017ee zat\u00edm pokra\u010duj\u00ed v\u0161ichni \u010de\u0161t\u00ed jezdci.[\/vc_column_text][\/vc_tta_section][vc_tta_section title=&#8221;\u010cty\u0159kolky&#8221; tab_id=&#8221;1547207236962-6ee1c22b-dae0961e-2cea4702-95ff0b10-aea9&#8243;][vc_column_text]<em>T\u00edm pro dne\u0161ek kategorii \u010dty\u0159kolek opou\u0161t\u00edme<\/em>[\/vc_column_text][vc_column_text]<strong>22:02<\/strong> &#8211; <strong>Nicol\u00e1s Cavigliasso<\/strong>\u00a0(Yamaha) si v \u0161est\u00e9 etap\u011b p\u0159ipsal u\u017e p\u00e1t\u00e9 v\u00edt\u011bzstv\u00ed v leto\u0161n\u00edm ro\u010dn\u00edku Rally Dakar, kdy\u017e byl o 17:19 min rychlej\u0161\u00ed ne\u017e krajan Jerem\u00edas Gonz\u00e1lez Ferioli (Yamaha). Ob\u011bma Argentinc\u016fm pat\u0159\u00ed tak\u00e9 prvn\u00ed dv\u011b p\u0159\u00ed\u010dky v pr\u016fb\u011b\u017en\u00e9m po\u0159ad\u00ed, Ferioli na druh\u00e9m m\u00edst\u011b ztr\u00e1c\u00ed 1:06:49 hod[\/vc_column_text][vc_column_text]<strong>19:29<\/strong> &#8211; WP5 &#8211; Po\u0159\u00e1d stejn\u00e1 p\u00edsni\u010dka. <strong>Nicol\u00e1s Cavigliasso<\/strong> (Yamaha) st\u00e1le v \u010dele a n\u00e1skok p\u0159ed druh\u00fdm E. Choyem (Yamaha) zvy\u0161uje na 6:17 min[\/vc_column_text][vc_column_text]<strong>18:54<\/strong> &#8211; <strong>Nicol\u00e1s Cavigliasso<\/strong> (Yamaha) pokra\u010duje ve spanil\u00e9 j\u00edzd\u011b, na WP3 vede p\u0159ed Emiliem Choyem (Yamaha) u\u017e o 5:13 min[\/vc_column_text][vc_column_text]<strong>17:25<\/strong> &#8211; <strong>Nicol\u00e1s Cavigliasso<\/strong> (Yamaha) storpocentn\u011b navazuje na sv\u00e9 v\u00fdkony z minul\u00fdch dn\u00ed. Na WP2 vede o 3:46 min p\u0159ed Peru\u00e1ncem <strong>Emiliem Choyem<\/strong> (Yamaha), t\u0159et\u00ed je M. Ad\u00fajar (Yamaha, +5:47)[\/vc_column_text][vc_column_text]<strong>16:55<\/strong> &#8211; I p\u0159es probl\u00e9my s \u010dasom\u00edrou na WP1 (37. km) by m\u011blo platit, \u017ee leader z\u00e1vodu <strong>Nicol\u00e1s Cavigliasso<\/strong> (Yamaha) ani dnes neub\u00edr\u00e1 a jde do toho op\u011bt naplno. Na WP1 podle v\u0161eho o 45 sekund rychlej\u0161\u00ed ne\u017e dal\u0161\u00ed Argentinec <strong>Manuel And\u00fajar<\/strong> (Yamaha)[\/vc_column_text][vc_column_text]<strong>15:29<\/strong> &#8211; V kategorii \u010dty\u0159kolek se do souboje s \u010dasom\u00edrou pust\u00ed v 15:29 SE\u010c jako prvn\u00ed <strong>Nicol\u00e1s Cavigliasso<\/strong> (Yamaha). Argentinec vyhr\u00e1l \u010dty\u0159i z p\u011bti dosud odjet\u00fdch etap a celkov\u011b vede s n\u00e1skokem 49:30 min p\u0159ed krajanem Jerem\u00edasem Gonz\u00e1lezem Feriolim (Yamaha). Tom\u00e1\u0161 Kubiena (Ibos, Moto Racing Group) <a href=\"https:\/\/www.dakarmania.cz\/index.php\/2019\/01\/12\/tomas-kubiena-ani-napotreti-dakar-nedokoncil\/\">v pr\u016fb\u011bhu 5. etapy odstoupil<\/a>.[\/vc_column_text][vc_column_text]14:55 &#8211; Tak\u00e9 dnes zahrnuje speci\u00e1lka neutralizovan\u00fd \u00fasek. Quadist\u00e9 naplno z\u00e1vod\u00ed na prvn\u00edch 84 kilometrech, n\u00e1sleduje neutralizace a pak rozhoduj\u00edc\u00ed \u010d\u00e1st dlouh\u00e1\u00a0232 km[\/vc_column_text][vc_column_text]14:30 &#8211; V kategorii \u010dty\u0159kolek pokra\u010duje v polovin\u011b sout\u011b\u017ee 18 z 26 stroj\u016f, kter\u00e9 se postavily na start 41. ro\u010dn\u00edku slavn\u00e9ho maratonu.[\/vc_column_text][\/vc_tta_section][vc_tta_section title=&#8221;Automobily a SxS&#8221; tab_id=&#8221;1547208803688-f04e2889-49a5961e-2cea4702-95ff0b10-aea9&#8243;][vc_column_text]<em>Dne\u0161n\u00ed online report\u00e1\u017e kon\u010d\u00ed. D\u011bkujeme, \u017ee jste n\u00e1s sledovali, a t\u011b\u0161\u00edme se na shledanou v pond\u011bl\u00ed u on-linu ze 7. etapy<\/em><\/p>\n<p><strong>1:56<\/strong> &#8211; <strong>Tom\u00e1\u0161 Ou\u0159edn\u00ed\u010dek<\/strong> s <strong>Davidem K\u0159\u00edpalem<\/strong> (Ford, MP-Sports) dokon\u010dili etapu se ztr\u00e1tou 2:11:50 min, p\u0159esto v jej\u00edm hodnocen\u00ed figuruj\u00ed na solidn\u00edm 21. m\u00edst\u011b. V pr\u016fb\u011b\u017en\u00e9m po\u0159ad\u00ed se pos\u00e1dka posouv\u00e1 na 19. m\u00edsto[\/vc_column_text][vc_column_text]<strong>23:52 &#8211; Francisco &#8220;Chaleco&#8221; Lopez Contardo<\/strong> (Can-Am) dnes v\u00edt\u011bz\u00ed v kategorii SxS, v pr\u016fb\u011b\u017en\u00e9 klasifikaci st\u0159\u00edd\u00e1 b\u00fdval\u00e9ho \u010dty\u0159kolk\u00e1\u0159e <strong>Sergeje Karjakina<\/strong>\u00a0(BRP) na prvn\u00ed pozici dal\u0161\u00ed b\u00fdval\u00fd motocyklista <strong>Gerard Farres Guell<\/strong>\u00a0(Can-Am), kter\u00fd nyn\u00ed p\u0159ed Rusem vede o 13:31 min[\/vc_column_text][vc_column_text]<strong>22:54 &#8211; Jakub\u00a0Przygo\u0144ski<\/strong> (Mini 4&#215;4) doj\u00ed\u017ed\u00ed do c\u00edle se ztr\u00e1tou 1:27:15 min a v pr\u016fb\u011b\u017en\u00e9m hodnocen\u00ed p\u0159ich\u00e1z\u00ed o 4. p\u0159\u00ed\u010dku. P\u0159ed Martinem Prokopem by se ale m\u011bl o n\u011bjak\u00fdch 28 minut udr\u017eet. Martin Prokop si tak dnes polep\u0161\u00ed o jedno m\u00edsto, kdy\u017e postoup\u00ed z 8. na 7. pozici[\/vc_column_text][vc_column_text]<strong>21:46<\/strong> &#8211; <strong>Martin Prokop<\/strong> s Janem Tom\u00e1nkem (Ford) obsadili v \u0161est\u00e9 etap\u011b sedm\u00e9 m\u00edsto (+19:22 min) a v pr\u016fb\u011b\u017en\u00e9m hodnocen\u00ed se posouvaj\u00ed minim\u00e1ln\u011b na sedmou pozici. Ta je\u0161t\u011b r\u00e1no pat\u0159ila Harry Huntovi (Peugeot), ale Brit zat\u00edm dorazil s obrovskou ztr\u00e1tou jen do WP2, kde za\u010d\u00edn\u00e1 neutralizovan\u00e1 \u010d\u00e1st dne\u0161n\u00ed speci\u00e1lky. Je\u0161t\u011b z\u00e1le\u017e\u00ed na tom, jak etapu dokon\u010d\u00ed tr\u00e1p\u00edc\u00ed se\u00a0Jakub Przygo\u0144ski (Mini). Pol\u00e1k byl p\u0159ed startem druh\u00e9 poloviny leto\u0161n\u00edho ro\u010dn\u00edku Rally Dakar \u010dtvrt\u00fd, p\u0159ed Prokopem m\u011bl k dobru 1:35:45 hod, ale na WP6 ztr\u00e1cel na \u010desk\u00e9ho jezdce 1:11:33 hod[\/vc_column_text][vc_column_text]<strong>21:42<\/strong> &#8211; <strong>Nasser Al-Attiyah<\/strong> s navig\u00e1torem Mathieu Baumelem (Toyota) obsadili v dne\u0161n\u00ed etap\u011b druh\u00e9 m\u00edsto (+2:17 min), p\u0159esto se jejich n\u00e1skok na \u010dele pr\u016fb\u011b\u017en\u00e9ho hodnocen\u00ed zv\u00fd\u0161il. Chybuj\u00edc\u00edho St\u00e9phana Peterhansela (Mini Buggy) vyst\u0159\u00eddal na druh\u00e9 pozici dne\u0161n\u00ed v\u00edt\u011bz S\u00e9bastien Loeb (Peugeot), jen\u017e za Kata\u0159anem v celkov\u00e9m sou\u010dtu zaost\u00e1v\u00e1 o 37:43 min.[\/vc_column_text][vc_column_text]<strong>21:37 &#8211; S\u00e9bastien Loeb s Danielem Elenou<\/strong> (Peugeot) letos u\u017e pot\u0159et\u00ed a podruh\u00e9 v \u0159ad\u011b <strong>vyhr\u00e1vaj\u00ed etapu <\/strong>a<strong>\u00a0posouvaj\u00ed se z 5. na 2. p\u0159\u00ed\u010dku pr\u016fb\u011b\u017en\u00e9ho hodnocen\u00ed. St\u00e9phane Peterhansel\u00a0<\/strong>(Mini Buggy) toti\u017e op\u011bt ztratil v z\u00e1v\u011bru speci\u00e1lky, do c\u00edle dorazil se ztr\u00e1tou 18:49 min a celkov\u011b kles\u00e1 za Loeba na t\u0159et\u00ed m\u00edsto. Oba Francouze nyn\u00ed d\u011bl\u00ed 3:31 min ve prosp\u011bch dne\u0161n\u00edho v\u00edt\u011bze.[\/vc_column_text][vc_column_text]<strong>21:11 &#8211; S\u00e9bastien Loeb<\/strong> (Peugeot) a <strong>Nasser Al-Attiyah<\/strong> (Toyota) chybovali a <strong>St\u00e9phane Peterhansel<\/strong> (Mini Buggy) toho vyu\u017eil. Na posledn\u00edm mezi\u010dase (WP7) ztr\u00e1c\u00ed u\u017e jen necel\u00fdch 12 minut[\/vc_column_text][vc_column_text]<strong>20:53 &#8211; St\u00e9phane Peterhansel<\/strong> (Mini Buggy) umazal dal\u0161\u00ed minutu ze sv\u00e9 ztr\u00e1ty. Na WP6 \u010din\u00ed jeho odstup od vedouc\u00edho N. Al-Attiyaha (Toyota) 18:49 min. O n\u00e1ro\u010dnosti speci\u00e1lky sv\u011bd\u010d\u00ed fakt, \u017ee i s touto ztr\u00e1tou se Francouz u\u017e na p\u0159edchoz\u00edch mezi\u010dasech pohyboval na konci prvn\u00ed des\u00edtky.[\/vc_column_text][vc_column_text]<strong>20:45 &#8211; S\u00e9bastien Loeb<\/strong> (Peugeot) <strong>\u00fato\u010d\u00ed na t\u0159et\u00ed p\u0159\u00ed\u010dku absolutn\u011b!\u00a0<\/strong>Nejen\u017ee na WP6 sn\u00ed\u017eil odstup od vedouc\u00edho Nassera Al-Attiyaha (Toyota) na 1:17 min, ale na Naniho Romu (Mini 4&#215;4) najel 6:39 min. Pr\u016fb\u011b\u017en\u011b t\u0159et\u00edho \u0160pan\u011bla a p\u00e1t\u00e9ho Francouze d\u011blilo p\u0159ed etapou 5:27 min. Pr\u016fb\u011b\u017en\u011b \u010dtvrt\u00fd Jakub\u00a0Przygo\u0144ski (Mini 4&#215;4) st\u00e1le v\u00fdrazn\u011b ztr\u00e1c\u00ed. Na WP4 byl 28 za Loebem[\/vc_column_text][vc_column_text]<strong>20:22 &#8211; St\u00e9phane Peterhansel<\/strong> (Mini Buggy) d\u011bl\u00e1, co um\u00ed, aby minimalizoval ztr\u00e1ty. P\u016fvodn\u00ed 22minutov\u00fd deficit stla\u010dil na WP5 t\u011bsn\u011b pod 20 minut, ale i tak jeho ambice utrp\u011bly v dun\u00e1ch oblasti Tanaka dal\u0161\u00ed nemilou r\u00e1nu[\/vc_column_text][vc_column_text]<strong>20:13<\/strong> &#8211; Pr\u016fb\u011b\u017en\u011b p\u00e1t\u00fd <strong>S\u00e9bastien Loeb<\/strong> (Peugeot) ztr\u00e1cel p\u0159ed dne\u0161n\u00ed etapou na \u010dtvrt\u00e9ho <strong>Jakuba\u00a0Przygo\u0144sk\u00e9ho<\/strong> (Mini 4&#215;4) minutu a 48 sekund. Na WP4 na n\u011bj v\u0161ak najel u\u017e v\u00edc ne\u017e 28 minut. Na Pol\u00e1ka nav\u00edc \u00fato\u010d\u00ed i <strong>Cyril Despres<\/strong> (Mini Buggy), kter\u00fd byl celkov\u011b \u0161est\u00fd (34:35 min za\u00a0Przygo\u0144sk\u00fdm), ov\u0161em do WP4 dok\u00e1zal umazat u\u017e 24 minut[\/vc_column_text][vc_column_text]<strong>20:07<\/strong> &#8211; V kategorii SxS za\u010dal nejl\u00e9pe lo\u0148sk\u00fd v\u00edt\u011bz \u010dty\u0159kolek <strong>Ignacio Casale<\/strong> (Yamaha), kter\u00fd byl v prvn\u00ed \u010d\u00e1sti p\u0159ed neutralizac\u00ed o 4:34 min rychlej\u0161\u00ed ne\u017e b\u00fdval\u00fd motork\u00e1\u0159 <strong>&#8216;Chaleco&#8217; Lopez<\/strong> (Can-Am). <strong>Olga Rou\u010dkov\u00e1<\/strong> (Can-Am) byla na prvn\u00edm mezi\u010dase 21., na druh\u00e9m si o 2 p\u0159\u00ed\u010dky polep\u0161ila[\/vc_column_text][vc_column_text]<strong>19:50<\/strong> &#8211; Pr\u016fb\u011bh \u0161est\u00e9 etapy zat\u00edm hodn\u011b hraje do karet \u010desk\u00e9 pos\u00e1dce <strong>Martin Prokop<\/strong> \/ Jan Tom\u00e1nek (Ford, MP-Sports). Na WP4 st\u00e1le dr\u017e\u00ed sedmou p\u0159\u00ed\u010dku (+8:24 min), zat\u00edmco p\u0159ed etapou sedm\u00fd H. Hunt (Peugeot) dosud projel jen WP1. St\u00e1le v\u00fdrazn\u011bji ztr\u00e1c\u00ed i Pol\u00e1k\u00a0Przygo\u0144ski (Mini 4&#215;4, +26:25 na WP3), kter\u00fd druhou polovinu rally za\u010d\u00ednal jako \u010dtvrt\u00fd mu\u017e pr\u016fb\u011b\u017en\u00e9ho hodnocen\u00ed[\/vc_column_text][vc_column_text]<strong>19:26<\/strong> &#8211; \u0160pi\u010dka kategorie automobil\u016f m\u00e1 za sebou neutralizaci i prvn\u00ed \u010d\u00e1st druh\u00e9ho ostr\u00e9ho \u00faseku. Na WP3 <strong>Nasser Al-Attiyah<\/strong> (Toyota) zvy\u0161uje sv\u016fj n\u00e1skok p\u0159ed S. Loebem (Peugeot) na 1:45 min)[\/vc_column_text][vc_column_text]<strong>19:04<\/strong> &#8211; Na WP2 zat\u00edm st\u00e1le nedorazil <strong>Harry Hunt<\/strong> (Peugeot, p\u0159ed etapou celkov\u011b 7.). Ztr\u00e1ta <strong>Jakuba\u00a0Przygo\u0144sk\u00e9ho<\/strong> (Mini 4&#215;4, pr\u016fb\u011b\u017en\u011b 4.) op\u011bt nepatrn\u011b narostla na 23:07 min[\/vc_column_text][vc_column_text]<strong>18:38<\/strong> &#8211; <strong>Martin Prokop<\/strong> (Ford) se na WP2 posouv\u00e1 na 7. pozici (+3:46 min). P\u0159ed \u010desk\u00fdm z\u00e1vodn\u00edkem jsou ale i Giniel de Villiers a Bernhard ten Brinke (oba Toyota), kte\u0159\u00ed po probl\u00e9mech v pr\u016fb\u011bhu prvn\u00edho t\u00fddne u\u017e do boje v prvn\u00ed des\u00edtce absolutn\u00edho po\u0159ad\u00ed nezas\u00e1hnou.[\/vc_column_text][vc_column_text]<strong>18:24<\/strong> &#8211; Potvrzeno. Po pr\u016fjezdu dunami oblasti Tanaka <strong>ztr\u00e1c\u00ed\u00a0St\u00e9phane Peterhansel (Mini Buggy) <\/strong>na WP2 na zat\u00edm nejrychlej\u0161\u00edho Nassera Al-Attiyaha s Toyotou 22 min a 11 s[\/vc_column_text][vc_column_text]<strong>18:17 &#8211; !!! &#8211; St\u00e9phane Peterhansel m\u00e1 probl\u00e9my<\/strong>\u00a0. Francouz do speci\u00e1lky startoval jako druh\u00fd, na WP2 u\u017e dorazilo 7 voz\u016f, ale pilot buggy mezi nimi nen\u00ed. Nav\u00edc Roma, kter\u00fd vyr\u00e1\u017eel na tra\u0165 jako t\u0159et\u00ed, nabral \u010dty\u0159minutovou ztr\u00e1tu, co\u017e by mohlo znamenat, \u017ee u Peterhansela z n\u011bjak\u00e9ho d\u016fvodu zastavoval&#8230;[\/vc_column_text][vc_column_text]<strong>18:13<\/strong> &#8211; 22 minut ztr\u00e1c\u00ed na WP1 v\u00edt\u011bz lo\u0148sk\u00e9ho ro\u010dn\u00edku Sv\u011btov\u00e9ho poh\u00e1ru FIA v cross-country rally <strong>Jakub Przygo\u0144ski<\/strong> (Mini 4&#215;4), jemu\u017e p\u0159ed 6. etapou pat\u0159ilo 4. m\u00edsto celkov\u011b, se ztr\u00e1tou necel\u00fdch 4 minut na t\u00fdmov\u00e9ho kolegu N. Romu.[\/vc_column_text][vc_column_text]<strong>18:09<\/strong> &#8211; <strong>Martin Prokop<\/strong> (Ford) je na WP1 zat\u00edm osm\u00fd (+2:06 min), z jeho pohledu je d\u016fle\u017eit\u00e9, \u017ee je o v\u00edce ne\u017e dv\u011b minuty rychlej\u0161\u00ed ne\u017e Harry Hunt s Peugeotem. V pr\u016fb\u011b\u017en\u00e9m hodnocen\u00ed d\u011blilo sedm\u00e9ho Brita a osm\u00e9ho jezdce t\u00fdmu MP-Sports p\u0159ed dne\u0161n\u00ed etapou 14 minut[\/vc_column_text][vc_column_text]<strong>17:43<\/strong> &#8211; Po pr\u016fjezdu \u010dty\u0159 prvn\u00edch aut je na WP1 nejrychlej\u0161\u00ed <strong>Nasser Al-Attiyah<\/strong> s Toyotou, S. Peterhansel (Mini Buggy) zat\u00edm o 13 s pomalej\u0161\u00ed. S. Loeb, jen\u017e na tra\u0165 dnes vyrazil jako prvn\u00ed, zaost\u00e1v\u00e1 o 45 s. V\u00edce ne\u017e minutovou ztr\u00e1tu m\u00e1 N. Roma s Mini 4&#215;4[\/vc_column_text][vc_column_text]<strong>16:50<\/strong> &#8211; Prvn\u00edm automobilem na trati ned\u011bln\u00ed speci\u00e1lky bude v 16:50 SE\u010c Peugeot pos\u00e1dky <strong>S\u00e9bastien Loeb<\/strong> \/ Daniel Elena. Francouz zat\u00edm vyhr\u00e1l 2 etapy, v dal\u0161\u00edch ale ztratil kv\u016fli bloud\u011bn\u00ed a defekt\u016fm a pr\u016fb\u011b\u017en\u011b je 5. (+ 40:00 min). <strong>Martin Prokop<\/strong> (Ford) odstartuje jako osm\u00fd v 17:11 SE\u010c.[\/vc_column_text][vc_column_text]14:35 &#8211; Ze 130 aut, kter\u00e1 v ned\u011bli 6. ledna p\u0159ejela v Lim\u011b startovn\u00ed rampu Rally Dakar 2019, jich v hlavn\u00edm z\u00e1vod\u011b na za\u010d\u00e1tku jeho druh\u00e9 poloviny pokra\u010duje 93. V kategorii SxS nastoupilo do prvn\u00ed etapy 30 stroj\u016f, dnes jich z\u016fst\u00e1v\u00e1 24. Nechyb\u00ed mezi nimi ani Can-Am Maverick t\u00fdmu Moto Racing Group, s n\u00edm\u017e jede pos\u00e1dka <strong>Olga Rou\u010dkov\u00e1<\/strong> \/ Daniel Zelenka. Zat\u00edm jsou t\u0159iadvac\u00e1t\u00ed.[\/vc_column_text][vc_column_text]12:00 &#8211; Jako leade\u0159i kategorie automobil\u016f nastupuj\u00ed do druh\u00e9ho t\u00fddne sout\u011b\u017ee Kata\u0159an <strong>Nasser Al-Attiyah<\/strong> a jeho francouzsk\u00fd navig\u00e1tor Mathieu Baumel (Toyota Hilux). Na sv\u00e9m kont\u011b maj\u00ed 2 etapov\u00e1 v\u00edt\u011bzstv\u00ed a k dispozici n\u00e1skok 24:42 min[\/vc_column_text][vc_column_text]12:00 &#8211; Francouzi\u00a0<strong>St\u00e9phane Peterhansel<\/strong> s Davidem Casterou (Mini Buggy) vyhr\u00e1li 3. etapu, ve druh\u00e9 v\u0161ak svou buggy zahrabali v p\u00edsku a v p\u00e1t\u00e9 na n\u011bkolik minut uv\u00edzli ve velk\u00e9 d\u00ed\u0159e v dun\u00e1ch op\u011bt. Do druh\u00e9 poloviny sout\u011b\u017ee tak nastupuj\u00ed jako Al-Attiyahovi nejbli\u017e\u0161\u00ed pron\u00e1sledovatel\u00e9 (+24:42 min), t\u0159et\u00ed jsou zat\u00edm \u0160pan\u011bl\u00e9\u00a0<strong>Nani Roma<\/strong> \/ Alex Haro Bravo (Mini 4&#215;4; +34:33)[\/vc_column_text][vc_column_text]12:00 &#8211; <strong>Martin Prokop<\/strong> s Janem Tom\u00e1nkem (Ford F-150 Raptor, MP-Sports) se p\u0159ed dnem volna posunuli na 8. m\u00edsto celkov\u011b (+2:13:57 hod). Na sedm\u00e9ho H. Hunta s Peugeotem ztr\u00e1cej\u00ed 14:02 min, p\u0159ed dev\u00e1t\u00fdm B. Garafulicem (Mini 4&#215;4) maj\u00ed k dobru 4:23 min, o dal\u0161\u00edch 10 min zaost\u00e1v\u00e1 des\u00e1t\u00fd Y. Al-Rajhi (Mini 4&#215;4). <strong>Tom\u00e1\u0161 Ou\u0159edn\u00ed\u010dek<\/strong> s Davidem K\u0159\u00edpalem jsou s druh\u00fdm vozem t\u00fdmu MP-Sports zat\u00edm 20. (+6:11:44)[\/vc_column_text][\/vc_tta_section][vc_tta_section title=&#8221;Kamiony&#8221; tab_id=&#8221;1547209196245-ed512701-c78a961e-2cea4702-95ff0b10-aea9&#8243;][vc_column_text]<em>Dne\u0161n\u00ed online report\u00e1\u017e kon\u010d\u00ed. D\u011bkujeme, \u017ee jste n\u00e1s sledovali, a t\u011b\u0161\u00edme se na shledanou v pond\u011bl\u00ed u on-linu ze 7. etapy<\/em><\/p>\n<p><strong>01:05 &#8211; Sergej Vjazovi\u010d<\/strong> (MAZ) inkasoval hodinovou penalizaci a p\u0159i\u0161el o etapov\u00e9 v\u00edt\u011bzstv\u00ed. Iveco slav\u00ed double (1. De Rooy, 2. Villagra)[\/vc_column_text][vc_column_text]<strong>01:03<\/strong> &#8211; V c\u00edli u\u017e je i <strong>Martin \u0160oltys<\/strong> (Tatra). Jezdec t\u00fdmu Buggyra ztratil 1:20 hod, p\u0159esto obsadil 6. m\u00edsto, co\u017e je jeho dosud nejlep\u0161\u00ed etapov\u00fd v\u00fdsledek na Dakaru! V pr\u016fb\u011b\u017en\u00e9m po\u0159ad\u00ed se posunul z 11. na 8. pozici.[\/vc_column_text][vc_column_text]<strong>0:48<\/strong> &#8211; Tatra \u010d. 507 dojela do c\u00edle speci\u00e1lky t\u011bsn\u011b p\u0159ed z\u00e1padem slunce. <strong>Ale\u0161 Loprais:<\/strong> <em>&#8220;M\u011bli jsme dva defekty, nav\u00edc to byla nejt\u011b\u017e\u0161\u00ed etapa. Nepamatuji si, kdy jsem n\u011bco podobn\u00e9ho za\u017eil. Pro pos\u00e1dky za n\u00e1mi to je\u0161t\u011b bude o\u010distec ve tm\u011b.&#8221;<\/em>[\/vc_column_text][vc_column_text]<strong>0:37<\/strong> &#8211; Pos\u00e1dka <strong>Ale\u0161e Lopraise<\/strong> (Tatra) m\u00e1 zat\u00edm nejt\u011b\u017e\u0161\u00ed etapu 41. ro\u010dn\u00edku Rally Dakar za sebou. Sice se ztr\u00e1tou hodiny a 45 minut, ale je v c\u00edli, kam se bl\u00ed\u017e\u00ed i Tatra t\u00fdmu Buggyra pilotovan\u00e1 <strong>Martinem \u0160oltysem<\/strong>[\/vc_column_text][vc_column_text]23:16 &#8211; Dakarsk\u00fd p\u016flmaraton ur\u010den\u00fd pos\u00e1dk\u00e1m automobil\u016f a kamion\u016f, kter\u00e9 odstoupily v pr\u016fb\u011bhu prvn\u00edho t\u00fddne sout\u011b\u017ee, dob\u0159e rozj\u00ed\u017ed\u011bj\u00ed <strong>Martin Kolom\u00fd<\/strong> (Tatra) a <strong>Martin Mac\u00edk<\/strong> (Liaz). Ve spole\u010dn\u00e9 klasifikaci je Kolom\u00fd na WP6 druh\u00fd za O. Terranovou (Mini 4&#215;4) a vede tedy mezi kamiony. Mac\u00edk je na stejn\u00e9m mezi\u010dase \u010dtvrt\u00fd celkov\u011b a druh\u00fd mezi kamiony.[\/vc_column_text][vc_column_text]<strong>23:11<\/strong> &#8211; P\u0159ed Kamazy se prosm\u00fdkli <strong>Gerard de Rooy<\/strong> a <strong>Federico Villagra<\/strong> s kami\u00f3ny Iveco. De Rooy byl o 5:45 min pomalej\u0161\u00ed ne\u017e v\u00edt\u011bzn\u00fd S. Vjazovi\u010d (MAZ), Villagra zaostal o 6:15 min[\/vc_column_text][vc_column_text]<strong>22:49<\/strong> &#8211; Po dojezdu prvn\u00ed t\u0159\u00ed kamion\u016f do c\u00edle speci\u00e1lky plat\u00ed, \u017ee <strong>Sergej Vjazovi\u010d<\/strong> (MAZ) je o 12:50 min (!) rychlej\u0161\u00ed ne\u017e zat\u00edm druh\u00fd D. Sotnikov (Kamaz), E. Nikolajev (Kamaz) za B\u011blorusem zaostal o 14:31 min[\/vc_column_text][vc_column_text]<strong>22:40 &#8211; Sergej Vjazovi\u010d<\/strong> (MAZ) je v c\u00edli speci\u00e1lky. Na WP7 tak z\u0159ejm\u011b jen spr\u00e1vn\u011b nezafungoval p\u0159enos dat \u010dasom\u00edry[\/vc_column_text][vc_column_text]<strong>22:24 &#8211; Martin \u0160oltys<\/strong> a <strong>Ale\u0161 Loprais<\/strong> (oba Tatra) zat\u00edm projeli WP5, kde se s v\u00edce ne\u017e hodinovou ztr\u00e1tou se\u0159adili na 10. a 11. pozici.[\/vc_column_text][vc_column_text]<strong>22:20 &#8211; Sergej Vjazovi\u010d<\/strong> (MAZ) veden\u00ed neudr\u017eel. Na posledn\u00edm mezi\u010dase (WP7) je zat\u00edm nejrychlej\u0161\u00ed <strong>Gerard de Rooy<\/strong> (Iveco) s 5minutov\u00fdm n\u00e1skokem p\u0159ed Dmitrijem Sotnikovem (Kamaz). Vjazovi\u010d startoval 4 minuty p\u0159ed Nizozemcem, ale na mezi\u010das je\u0161t\u011b nedorazil[\/vc_column_text][vc_column_text]<strong>21:56<\/strong> &#8211; \u010cesk\u00fdm trucker\u016fm, kte\u0159\u00ed je\u0161t\u011b pokra\u010duj\u00ed v hlavn\u00edm z\u00e1vod\u011b, se dnes p\u0159\u00edli\u0161 neda\u0159\u00ed. <strong>Ale\u0161 Loprais<\/strong> je 10. s v\u00edce ne\u017e hodinovou ztr\u00e1tou na WP4, <strong>Martin \u0160oltys<\/strong> s obdobnou ztr\u00e1tou jeden\u00e1ct\u00fd, ale teprve na WP3[\/vc_column_text][vc_column_text]<strong>21:32<\/strong> &#8211; Na p\u0159edposledn\u00edm mezi\u010dase (WP6) d\u00e1l vede <strong>Sergej Vjazovi\u010d<\/strong> s Mazem, ov\u0161em na druhou pozici se prosm\u00fdkl Federico Villagra s Ivecem (+3:04). T\u0159et\u00ed je Dmitrij Sotnikov s Kamazem (+3:51) n\u00e1sledovan\u00fd G. de Rooyem s dal\u0161\u00edm Ivecem a t\u00fdmov\u00fdm kolegou E. Nikolajevem[\/vc_column_text][vc_column_text]<strong>21:30<\/strong> &#8211; Po Ale\u0161i Lopraisovi <strong>se do probl\u00e9m\u016f dostal i Martin \u0160oltys<\/strong> (oba Tatra). Pilot t\u00fdmu Buggyra zat\u00edm s v\u00edc ne\u017e hodinovou ztr\u00e1tou dorazil na WP3, zat\u00edmco \u0161pi\u010dka kategorie kamion\u016f se bl\u00ed\u017e\u00ed na posledn\u00ed mezi\u010das.[\/vc_column_text][vc_column_text]<strong>21:16<\/strong> &#8211; Sv\u016fj z\u00e1vod u\u017e rozjeli tak\u00e9 \u00fa\u010dastn\u00edci p\u016flmaratonu, kte\u0159\u00ed jedou ve spole\u010dn\u00e9 klasifikaci. Po prvn\u00ed ostr\u00e9 \u010d\u00e1sti dne\u0161n\u00ed speci\u00e1lky p\u0159ed kr\u00e1tkou neutralizac\u00ed je <strong>Martin Kolom\u00fd<\/strong> s Tatrou t\u00fdmu Buggyra (+10:24 min) t\u0159et\u00ed a nejrychlej\u0161\u00ed z kamion\u016f, <strong>Martin Mac\u00edk<\/strong> (Liaz) je 9. celkov\u011b a 3. mezi kamiony, necel\u00fdch 17 minut za Kolom\u00fdm[\/vc_column_text][vc_column_text]<strong>20:37<\/strong> &#8211; Pr\u016fb\u011b\u017en\u011b druh\u00fd <strong>Dmitrij Sotnikov<\/strong> ztr\u00e1cel p\u0159ed etapou na vedouc\u00edho <strong>Eduarda Nikolajeva<\/strong> (oba Kamaz) 11:54 min. Na WP4 je o 1:46 rychlej\u0161\u00ed ne\u017e v\u00edt\u011bz kategorie kamion\u016f ze dvou p\u0159edchoz\u00edch dakarsk\u00fdch ro\u010dn\u00edk\u016f[\/vc_column_text][vc_column_text]<strong>20:33 &#8211; Sergej Vjazovi\u010d<\/strong> (MAZ) kontroluje pr\u016fb\u011bh etapy i na WP4, kde vede p\u0159ed D. Sotnikovem (Kamaz) o 3:38 min[\/vc_column_text][vc_column_text]<strong>19:45<\/strong> &#8211; V prvn\u00ed \u010d\u00e1sti speci\u00e1lky (p\u0159ed neutralizac\u00ed) tedy nejrychlej\u0161\u00ed <strong>Sergej Vjazovi\u010d<\/strong> (MAZ), druh\u00fd D. Sotnikov (Kamaz) t\u00e9m\u011b\u0159 o 4 minuty pomalej\u0161\u00ed. <strong>Martin \u0160oltys<\/strong> (Tatra) osm\u00fd (+18:49)[\/vc_column_text][vc_column_text]<strong>19:43 &#8211; Ale\u0161 Loprais<\/strong> (Tatra) m\u00e1 za sebou prvn\u00ed \u00fasek dne\u0161n\u00ed speci\u00e1lky a vyr\u00e1\u017e\u00ed do neutralizovan\u00e9 \u010d\u00e1sti. Pos\u00e1dku Instaforex Loprais Teamu p\u0159ibrzdil defekt. V\u00fdm\u011bna pr\u00e1zdn\u00e9 pneumatiky v obt\u00ed\u017en\u00e9m ter\u00e9nu trvala 40 minut[\/vc_column_text][vc_column_text]<strong>19:24 &#8211; Ale\u0161 Loprais (Tatra) pokra\u010duje<\/strong>, na prvn\u00edm mezi\u010dase v\u0161ak na nejrychlej\u0161\u00edho Vjazovi\u010de (MAZ) ztr\u00e1c\u00ed 50:24 min[\/vc_column_text][vc_column_text]<strong>19:09<\/strong> &#8211; <strong>Martin \u0160oltys<\/strong> (Tatra, Buggyra) projel prvn\u00ed \u00fasek p\u0159ed WP1 v 10. \u010dase (+15:44 min), <strong>Ale\u0161 Loprais<\/strong> (Tatra) st\u00e1le na prvn\u00ed waypoint nedorazil, stejn\u011b jako Maurik van den Heuvel (Iveco), kter\u00fd startoval o 4 minuty pozd\u011bji. \u017de by Nizozemec pom\u00e1hal \u010desk\u00e9mu z\u00e1vodn\u00edkovi, s n\u00edm\u017e jsou p\u0159\u00e1tel\u00e9, z n\u011bjak\u00fdch nesn\u00e1z\u00ed?[\/vc_column_text][vc_column_text]<strong>19:00 &#8211; Kde je Ale\u0161 Loprais?<\/strong> Zat\u00edmco nejrychlej\u0161\u00ed kamiony u\u017e dorazily na 2. mezi\u010das, Lopraisova Tatra, startuj\u00edc\u00ed dnes jako p\u00e1t\u00e1, je\u0161t\u011b nedorazila na WP1, kter\u00fdm u\u017e projelo 8 truck\u016f (dva Mazy, t\u0159i Kamazy a t\u0159i Iveca)[\/vc_column_text][vc_column_text]<strong>18:57<\/strong> &#8211; <strong>Sergej Vjazovi\u010d<\/strong> (MAZ) vede i na druh\u00e9m mezi\u010dase. N\u00e1skok p\u0159ed druh\u00fdm D. Sotnikovem (Kamaz) zvy\u0161uje na 3:56 min. G. de Rooy (Iveco, +4:30 min) se posouv\u00e1 p\u0159ed E. Nikolajeva (Kamaz, +5:47)[\/vc_column_text][vc_column_text]<strong>18:42<\/strong> &#8211; Po probl\u00e9mech Martina Mac\u00edka (Liaz) proh\u00e1n\u011bl Kamazy v p\u0159edchoz\u00ed etap\u011b <strong>Sergej Vjazovi\u010d<\/strong> s kamionem MAZ. B\u011blorus byl (zat\u00edm) nejrychlej\u0161\u00ed i v prvn\u00ed sekci dne\u0161n\u00ed speci\u00e1lky, kdy\u017e na druh\u00e9ho Sotnikova najel 3:22 min[\/vc_column_text][vc_column_text]<strong>17:25<\/strong> &#8211; Rusk\u00e1 pos\u00e1dka <strong>Eduard Nikolajev<\/strong> \/ Jevgenij Jakovlev \/ Vladimir Rybakov (Kamaz), kter\u00e1 po prvn\u00edm t\u00fddnu sout\u011b\u017ee vede s n\u00e1skokem 11:54 min p\u0159ed t\u00fdmov\u00fdm kolegou D. Sotnikovem, odstartuje do ned\u011bln\u00ed speci\u00e1lky v 17:25 SE\u010c. Z \u010desk\u00fdch trucker\u016f vyraz\u00ed o 10 minut pozd\u011bji jako prvn\u00ed <strong>Ale\u0161 Loprais<\/strong> (Tatra), n\u00e1sledovat budou\u00a0<strong>Martin \u0160oltys<\/strong> (Tatra; 17:55) a <strong>Filip \u0160krob\u00e1nek<\/strong> s asisten\u010dn\u00edm kamionem MAN t\u00fdmu MP-Sports (18:44). A\u017e za v\u0161emi \u00fa\u010dastn\u00edky hlavn\u00edho z\u00e1vodu se na tra\u0165 vydaj\u00ed pos\u00e1dky startuj\u00edc\u00ed ve druh\u00e9m t\u00fddnu sout\u011b\u017ee v r\u00e1mci tzv. <a href=\"https:\/\/www.dakarmania.cz\/index.php\/2018\/11\/27\/dakar-2019-smolari-dostanou-druhou-sanci\/\">p\u016flmaratonu<\/a>. Z \u010cech\u016f <a href=\"https:\/\/www.dakarmania.cz\/index.php\/2019\/01\/13\/dakar-2019-martin-macik-muze-pokracovat-jen-mimo-hlavni-klasifikaci\/\">se to t\u00fdk\u00e1\u00a0<strong>Martina Mac\u00edka<\/strong><\/a> (Liaz; startuje v 19:04) a <strong>Martina Kolom\u00e9ho<\/strong> (Tatra; 19:05).[\/vc_column_text][vc_column_text]14:45 &#8211; V sout\u011b\u017ei kamion\u016f zdolalo ve\u0161ker\u00e9 n\u00e1strahy prvn\u00edho t\u00fddne v souladu s pravidly 30 z 41 startuj\u00edc\u00edch.[\/vc_column_text][vc_column_text]12:00 &#8211; Po dopo\u010d\u00edt\u00e1n\u00ed v\u00fdsledk\u016f 5. etapy a <a href=\"https:\/\/www.dakarmania.cz\/index.php\/2019\/01\/12\/dakar-2019-vitez-dvou-etap-andrej-karginov-vyloucen\/\">diskvalifikaci A. Karginova<\/a> se <strong>Ale\u0161 Loprais<\/strong>, Ferran Marco Alcayna a Petr Pokora posunuli na 5. m\u00edsto v pr\u016fb\u011b\u017en\u00e9m hodnocen\u00ed kamion\u016f (+2:54:01 hod). P\u0159ed sebou maj\u00ed dvojici Kamaz\u016f (Nikolajev, Sotnikov) a dv\u011b Iveca pilotovan\u00e1 De Rooyem a Van Genugtenem, od n\u011bho\u017e je d\u011bl\u00ed 53:30 min[\/vc_column_text][vc_column_text]12:00 &#8211; Pos\u00e1dce <strong>Martin \u0160oltys<\/strong> \/ Tom\u00e1\u0161 \u0160ikola \/ David Schov\u00e1nek (Tatra; Buggyra Racing) pat\u0159\u00ed po prvn\u00ed polovin\u011b sout\u011b\u017ee 11. m\u00edsto s v\u00edce ne\u017e 4hodinovou ztr\u00e1tou[\/vc_column_text][\/vc_tta_section][\/vc_tta_accordion][\/vc_column][\/vc_row][vc_row][vc_column][vc_text_separator title=&#8221;Souhrn 5. etapy&#8221; i_icon_fontawesome=&#8221;fa fa-video-camera&#8221; i_color=&#8221;custom&#8221; i_size=&#8221;sm&#8221; title_align=&#8221;separator_align_left&#8221; color=&#8221;custom&#8221; add_icon=&#8221;true&#8221; accent_color=&#8221;#f49b00&#8243; i_custom_color=&#8221;#f49b00&#8243;][\/vc_column][\/vc_row][vc_row][vc_column width=&#8221;1\/3&#8243;][vc_video link=&#8221;https:\/\/youtu.be\/R2DL5VsdxBo&#8221;][\/vc_column][vc_column width=&#8221;1\/3&#8243;][vc_video link=&#8221;https:\/\/youtu.be\/N2wZCa3INhg&#8221;][\/vc_column][vc_column width=&#8221;1\/3&#8243;][vc_video link=&#8221;https:\/\/youtu.be\/5Og9j4tCPjM&#8221;][\/vc_column][\/vc_row]<\/p>\n","protected":false},"excerpt":{"rendered":"<p>[vc_row][vc_column][vc_column_text] Rally Dakar 2019 se dnes p\u0159ehoupla do sv\u00e9 druh\u00e9 poloviny a za\u010d\u00edn\u00e1 se vracet zp\u011bt na sever sm\u011br Lima. V ned\u011bli 13. ledna je na programu etapa z Arequipy do San Juanu de Marcona, kterou pos\u00e1dk\u00e1m znep\u0159\u00edjemn\u00ed dlouh\u00fd p\u0159ejezd. 6. etapa bude nejdel\u0161\u00ed pro motocyklisty a \u010dty\u0159kolk\u00e1\u0159e, kter\u00e9 \u010dek\u00e1 celkem 838 kilometr\u016f, z toho [&hellip;]<\/p>\n","protected":false},"author":1,"featured_media":2089,"comment_status":"open","ping_status":"closed","sticky":false,"template":"","format":"standard","meta":{"footnotes":""},"categories":[2],"tags":[8,9],"class_list":["post-1939","post","type-post","status-publish","format-standard","has-post-thumbnail","hentry","category-dakar","tag-dakar","tag-dakar-2019"],"yoast_head":"<!-- This site is optimized with the Yoast SEO plugin v24.9 - https:\/\/yoast.com\/wordpress\/plugins\/seo\/ -->\n<title>Dakar 2019: 6. etapa minutu po minut\u011b - DAKARMANIA.cz<\/title>\n<meta name=\"description\" content=\"Rally Dakar 2019 se p\u0159ehoupla do sv\u00e9 2. poloviny a za\u010d\u00edn\u00e1 se vracet zp\u011bt na sever sm\u011br Lima. Dnes je na programu etapa z Arequipy do San Juanu de Marcona\" \/>\n<meta name=\"robots\" content=\"index, follow, max-snippet:-1, max-image-preview:large, max-video-preview:-1\" \/>\n<link rel=\"canonical\" href=\"https:\/\/www.dakarmania.cz\/index.php\/2019\/01\/13\/dakar-2019-6-etapa-minutu-po-minute\/\" \/>\n<meta property=\"og:locale\" content=\"cs_CZ\" \/>\n<meta property=\"og:type\" content=\"article\" \/>\n<meta property=\"og:title\" content=\"Dakar 2019: 6. etapa minutu po minut\u011b - DAKARMANIA.cz\" \/>\n<meta property=\"og:description\" content=\"Rally Dakar 2019 se p\u0159ehoupla do sv\u00e9 2. poloviny a za\u010d\u00edn\u00e1 se vracet zp\u011bt na sever sm\u011br Lima. Dnes je na programu etapa z Arequipy do San Juanu de Marcona\" \/>\n<meta property=\"og:url\" content=\"https:\/\/www.dakarmania.cz\/index.php\/2019\/01\/13\/dakar-2019-6-etapa-minutu-po-minute\/\" \/>\n<meta property=\"og:site_name\" content=\"DAKARMANIA.cz\" \/>\n<meta property=\"article:publisher\" content=\"https:\/\/www.facebook.com\/dakarmania\/\" \/>\n<meta property=\"article:published_time\" content=\"2019-01-13T12:48:52+00:00\" \/>\n<meta property=\"article:modified_time\" content=\"2019-01-14T02:33:18+00:00\" \/>\n<meta property=\"og:image\" content=\"https:\/\/www.dakarmania.cz\/wp-content\/uploads\/2019\/01\/19-dakar-loeb06.jpg\" \/>\n\t<meta property=\"og:image:width\" content=\"2048\" \/>\n\t<meta property=\"og:image:height\" content=\"1363\" \/>\n\t<meta property=\"og:image:type\" content=\"image\/jpeg\" \/>\n<meta name=\"author\" content=\"Zden\u011bk Zelenka\" \/>\n<meta name=\"twitter:card\" content=\"summary_large_image\" \/>\n<meta name=\"twitter:label1\" content=\"Napsal(a)\" \/>\n\t<meta name=\"twitter:data1\" content=\"Zden\u011bk Zelenka\" \/>\n\t<meta name=\"twitter:label2\" content=\"Odhadovan\u00e1 doba \u010dten\u00ed\" \/>\n\t<meta name=\"twitter:data2\" content=\"28 minut\" \/>\n<script type=\"application\/ld+json\" class=\"yoast-schema-graph\">{\"@context\":\"https:\/\/schema.org\",\"@graph\":[{\"@type\":\"Article\",\"@id\":\"https:\/\/www.dakarmania.cz\/index.php\/2019\/01\/13\/dakar-2019-6-etapa-minutu-po-minute\/#article\",\"isPartOf\":{\"@id\":\"https:\/\/www.dakarmania.cz\/index.php\/2019\/01\/13\/dakar-2019-6-etapa-minutu-po-minute\/\"},\"author\":{\"name\":\"Zden\u011bk Zelenka\",\"@id\":\"https:\/\/www.dakarmania.cz\/#\/schema\/person\/04eb0e87a389631c2169c0dddae7ff1e\"},\"headline\":\"Dakar 2019: 6. etapa minutu po minut\u011b\",\"datePublished\":\"2019-01-13T12:48:52+00:00\",\"dateModified\":\"2019-01-14T02:33:18+00:00\",\"mainEntityOfPage\":{\"@id\":\"https:\/\/www.dakarmania.cz\/index.php\/2019\/01\/13\/dakar-2019-6-etapa-minutu-po-minute\/\"},\"wordCount\":5585,\"commentCount\":0,\"publisher\":{\"@id\":\"https:\/\/www.dakarmania.cz\/#organization\"},\"image\":{\"@id\":\"https:\/\/www.dakarmania.cz\/index.php\/2019\/01\/13\/dakar-2019-6-etapa-minutu-po-minute\/#primaryimage\"},\"thumbnailUrl\":\"https:\/\/www.dakarmania.cz\/wp-content\/uploads\/2019\/01\/19-dakar-loeb06.jpg\",\"keywords\":[\"Dakar\",\"Dakar 2019\"],\"articleSection\":[\"Rally Dakar\"],\"inLanguage\":\"cs\",\"potentialAction\":[{\"@type\":\"CommentAction\",\"name\":\"Comment\",\"target\":[\"https:\/\/www.dakarmania.cz\/index.php\/2019\/01\/13\/dakar-2019-6-etapa-minutu-po-minute\/#respond\"]}]},{\"@type\":\"WebPage\",\"@id\":\"https:\/\/www.dakarmania.cz\/index.php\/2019\/01\/13\/dakar-2019-6-etapa-minutu-po-minute\/\",\"url\":\"https:\/\/www.dakarmania.cz\/index.php\/2019\/01\/13\/dakar-2019-6-etapa-minutu-po-minute\/\",\"name\":\"Dakar 2019: 6. etapa minutu po minut\u011b - DAKARMANIA.cz\",\"isPartOf\":{\"@id\":\"https:\/\/www.dakarmania.cz\/#website\"},\"primaryImageOfPage\":{\"@id\":\"https:\/\/www.dakarmania.cz\/index.php\/2019\/01\/13\/dakar-2019-6-etapa-minutu-po-minute\/#primaryimage\"},\"image\":{\"@id\":\"https:\/\/www.dakarmania.cz\/index.php\/2019\/01\/13\/dakar-2019-6-etapa-minutu-po-minute\/#primaryimage\"},\"thumbnailUrl\":\"https:\/\/www.dakarmania.cz\/wp-content\/uploads\/2019\/01\/19-dakar-loeb06.jpg\",\"datePublished\":\"2019-01-13T12:48:52+00:00\",\"dateModified\":\"2019-01-14T02:33:18+00:00\",\"description\":\"Rally Dakar 2019 se p\u0159ehoupla do sv\u00e9 2. poloviny a za\u010d\u00edn\u00e1 se vracet zp\u011bt na sever sm\u011br Lima. Dnes je na programu etapa z Arequipy do San Juanu de Marcona\",\"breadcrumb\":{\"@id\":\"https:\/\/www.dakarmania.cz\/index.php\/2019\/01\/13\/dakar-2019-6-etapa-minutu-po-minute\/#breadcrumb\"},\"inLanguage\":\"cs\",\"potentialAction\":[{\"@type\":\"ReadAction\",\"target\":[\"https:\/\/www.dakarmania.cz\/index.php\/2019\/01\/13\/dakar-2019-6-etapa-minutu-po-minute\/\"]}]},{\"@type\":\"ImageObject\",\"inLanguage\":\"cs\",\"@id\":\"https:\/\/www.dakarmania.cz\/index.php\/2019\/01\/13\/dakar-2019-6-etapa-minutu-po-minute\/#primaryimage\",\"url\":\"https:\/\/www.dakarmania.cz\/wp-content\/uploads\/2019\/01\/19-dakar-loeb06.jpg\",\"contentUrl\":\"https:\/\/www.dakarmania.cz\/wp-content\/uploads\/2019\/01\/19-dakar-loeb06.jpg\",\"width\":2048,\"height\":1363,\"caption\":\"S\u00e9bastien Loeb\/Daniel Elena, Peugeot 3008 DKR, PH-Sport. Rally Dakar 2019. \u00a9 Red Bull Content Pool\"},{\"@type\":\"BreadcrumbList\",\"@id\":\"https:\/\/www.dakarmania.cz\/index.php\/2019\/01\/13\/dakar-2019-6-etapa-minutu-po-minute\/#breadcrumb\",\"itemListElement\":[{\"@type\":\"ListItem\",\"position\":1,\"name\":\"Dom\u016f\",\"item\":\"https:\/\/www.dakarmania.cz\/\"},{\"@type\":\"ListItem\",\"position\":2,\"name\":\"Dakar 2019: 6. etapa minutu po minut\u011b\"}]},{\"@type\":\"WebSite\",\"@id\":\"https:\/\/www.dakarmania.cz\/#website\",\"url\":\"https:\/\/www.dakarmania.cz\/\",\"name\":\"DAKARMANIA.cz\",\"description\":\"\u017dijeme Dakarem cel\u00fd rok\",\"publisher\":{\"@id\":\"https:\/\/www.dakarmania.cz\/#organization\"},\"potentialAction\":[{\"@type\":\"SearchAction\",\"target\":{\"@type\":\"EntryPoint\",\"urlTemplate\":\"https:\/\/www.dakarmania.cz\/?s={search_term_string}\"},\"query-input\":{\"@type\":\"PropertyValueSpecification\",\"valueRequired\":true,\"valueName\":\"search_term_string\"}}],\"inLanguage\":\"cs\"},{\"@type\":\"Organization\",\"@id\":\"https:\/\/www.dakarmania.cz\/#organization\",\"name\":\"DAKAR MANIA\",\"url\":\"https:\/\/www.dakarmania.cz\/\",\"logo\":{\"@type\":\"ImageObject\",\"inLanguage\":\"cs\",\"@id\":\"https:\/\/www.dakarmania.cz\/#\/schema\/logo\/image\/\",\"url\":\"https:\/\/www.dakarmania.cz\/wp-content\/uploads\/2018\/12\/Dakar-Mania-Logo-Square-Orange.png\",\"contentUrl\":\"https:\/\/www.dakarmania.cz\/wp-content\/uploads\/2018\/12\/Dakar-Mania-Logo-Square-Orange.png\",\"width\":992,\"height\":992,\"caption\":\"DAKAR MANIA\"},\"image\":{\"@id\":\"https:\/\/www.dakarmania.cz\/#\/schema\/logo\/image\/\"},\"sameAs\":[\"https:\/\/www.facebook.com\/dakarmania\/\"]},{\"@type\":\"Person\",\"@id\":\"https:\/\/www.dakarmania.cz\/#\/schema\/person\/04eb0e87a389631c2169c0dddae7ff1e\",\"name\":\"Zden\u011bk Zelenka\",\"image\":{\"@type\":\"ImageObject\",\"inLanguage\":\"cs\",\"@id\":\"https:\/\/www.dakarmania.cz\/#\/schema\/person\/image\/\",\"url\":\"https:\/\/secure.gravatar.com\/avatar\/2c80d5a4942fe0900b73cc7d3837a509d6ee0a276a2b76dac95c92bd0763a89b?s=96&d=mm&r=g\",\"contentUrl\":\"https:\/\/secure.gravatar.com\/avatar\/2c80d5a4942fe0900b73cc7d3837a509d6ee0a276a2b76dac95c92bd0763a89b?s=96&d=mm&r=g\",\"caption\":\"Zden\u011bk Zelenka\"},\"description\":\"Moji d\u011bt\u0161t\u00ed hrdinov\u00e9 se jmenovali Loprais, Moskal, Neveu, Vatanen, Rahier... A tihle borci, jejich n\u00e1sledovn\u00edci a jejich p\u0159\u00edb\u011bhy m\u011b nep\u0159estali fascinovat ani po letech, kdy jsem vyrostl a zam\u011bstn\u00e1valy m\u011b jin\u00e9 discipl\u00edny motorsportu. Proto se zrodila DAKARMANIA.\",\"url\":\"https:\/\/www.dakarmania.cz\/index.php\/author\/dakarmania\/\"}]}<\/script>\n<!-- \/ Yoast SEO plugin. -->","yoast_head_json":{"title":"Dakar 2019: 6. etapa minutu po minut\u011b - DAKARMANIA.cz","description":"Rally Dakar 2019 se p\u0159ehoupla do sv\u00e9 2. poloviny a za\u010d\u00edn\u00e1 se vracet zp\u011bt na sever sm\u011br Lima. Dnes je na programu etapa z Arequipy do San Juanu de Marcona","robots":{"index":"index","follow":"follow","max-snippet":"max-snippet:-1","max-image-preview":"max-image-preview:large","max-video-preview":"max-video-preview:-1"},"canonical":"https:\/\/www.dakarmania.cz\/index.php\/2019\/01\/13\/dakar-2019-6-etapa-minutu-po-minute\/","og_locale":"cs_CZ","og_type":"article","og_title":"Dakar 2019: 6. etapa minutu po minut\u011b - DAKARMANIA.cz","og_description":"Rally Dakar 2019 se p\u0159ehoupla do sv\u00e9 2. poloviny a za\u010d\u00edn\u00e1 se vracet zp\u011bt na sever sm\u011br Lima. Dnes je na programu etapa z Arequipy do San Juanu de Marcona","og_url":"https:\/\/www.dakarmania.cz\/index.php\/2019\/01\/13\/dakar-2019-6-etapa-minutu-po-minute\/","og_site_name":"DAKARMANIA.cz","article_publisher":"https:\/\/www.facebook.com\/dakarmania\/","article_published_time":"2019-01-13T12:48:52+00:00","article_modified_time":"2019-01-14T02:33:18+00:00","og_image":[{"width":2048,"height":1363,"url":"https:\/\/www.dakarmania.cz\/wp-content\/uploads\/2019\/01\/19-dakar-loeb06.jpg","type":"image\/jpeg"}],"author":"Zden\u011bk Zelenka","twitter_card":"summary_large_image","twitter_misc":{"Napsal(a)":"Zden\u011bk Zelenka","Odhadovan\u00e1 doba \u010dten\u00ed":"28 minut"},"schema":{"@context":"https:\/\/schema.org","@graph":[{"@type":"Article","@id":"https:\/\/www.dakarmania.cz\/index.php\/2019\/01\/13\/dakar-2019-6-etapa-minutu-po-minute\/#article","isPartOf":{"@id":"https:\/\/www.dakarmania.cz\/index.php\/2019\/01\/13\/dakar-2019-6-etapa-minutu-po-minute\/"},"author":{"name":"Zden\u011bk Zelenka","@id":"https:\/\/www.dakarmania.cz\/#\/schema\/person\/04eb0e87a389631c2169c0dddae7ff1e"},"headline":"Dakar 2019: 6. etapa minutu po minut\u011b","datePublished":"2019-01-13T12:48:52+00:00","dateModified":"2019-01-14T02:33:18+00:00","mainEntityOfPage":{"@id":"https:\/\/www.dakarmania.cz\/index.php\/2019\/01\/13\/dakar-2019-6-etapa-minutu-po-minute\/"},"wordCount":5585,"commentCount":0,"publisher":{"@id":"https:\/\/www.dakarmania.cz\/#organization"},"image":{"@id":"https:\/\/www.dakarmania.cz\/index.php\/2019\/01\/13\/dakar-2019-6-etapa-minutu-po-minute\/#primaryimage"},"thumbnailUrl":"https:\/\/www.dakarmania.cz\/wp-content\/uploads\/2019\/01\/19-dakar-loeb06.jpg","keywords":["Dakar","Dakar 2019"],"articleSection":["Rally Dakar"],"inLanguage":"cs","potentialAction":[{"@type":"CommentAction","name":"Comment","target":["https:\/\/www.dakarmania.cz\/index.php\/2019\/01\/13\/dakar-2019-6-etapa-minutu-po-minute\/#respond"]}]},{"@type":"WebPage","@id":"https:\/\/www.dakarmania.cz\/index.php\/2019\/01\/13\/dakar-2019-6-etapa-minutu-po-minute\/","url":"https:\/\/www.dakarmania.cz\/index.php\/2019\/01\/13\/dakar-2019-6-etapa-minutu-po-minute\/","name":"Dakar 2019: 6. etapa minutu po minut\u011b - DAKARMANIA.cz","isPartOf":{"@id":"https:\/\/www.dakarmania.cz\/#website"},"primaryImageOfPage":{"@id":"https:\/\/www.dakarmania.cz\/index.php\/2019\/01\/13\/dakar-2019-6-etapa-minutu-po-minute\/#primaryimage"},"image":{"@id":"https:\/\/www.dakarmania.cz\/index.php\/2019\/01\/13\/dakar-2019-6-etapa-minutu-po-minute\/#primaryimage"},"thumbnailUrl":"https:\/\/www.dakarmania.cz\/wp-content\/uploads\/2019\/01\/19-dakar-loeb06.jpg","datePublished":"2019-01-13T12:48:52+00:00","dateModified":"2019-01-14T02:33:18+00:00","description":"Rally Dakar 2019 se p\u0159ehoupla do sv\u00e9 2. poloviny a za\u010d\u00edn\u00e1 se vracet zp\u011bt na sever sm\u011br Lima. Dnes je na programu etapa z Arequipy do San Juanu de Marcona","breadcrumb":{"@id":"https:\/\/www.dakarmania.cz\/index.php\/2019\/01\/13\/dakar-2019-6-etapa-minutu-po-minute\/#breadcrumb"},"inLanguage":"cs","potentialAction":[{"@type":"ReadAction","target":["https:\/\/www.dakarmania.cz\/index.php\/2019\/01\/13\/dakar-2019-6-etapa-minutu-po-minute\/"]}]},{"@type":"ImageObject","inLanguage":"cs","@id":"https:\/\/www.dakarmania.cz\/index.php\/2019\/01\/13\/dakar-2019-6-etapa-minutu-po-minute\/#primaryimage","url":"https:\/\/www.dakarmania.cz\/wp-content\/uploads\/2019\/01\/19-dakar-loeb06.jpg","contentUrl":"https:\/\/www.dakarmania.cz\/wp-content\/uploads\/2019\/01\/19-dakar-loeb06.jpg","width":2048,"height":1363,"caption":"S\u00e9bastien Loeb\/Daniel Elena, Peugeot 3008 DKR, PH-Sport. Rally Dakar 2019. \u00a9 Red Bull Content Pool"},{"@type":"BreadcrumbList","@id":"https:\/\/www.dakarmania.cz\/index.php\/2019\/01\/13\/dakar-2019-6-etapa-minutu-po-minute\/#breadcrumb","itemListElement":[{"@type":"ListItem","position":1,"name":"Dom\u016f","item":"https:\/\/www.dakarmania.cz\/"},{"@type":"ListItem","position":2,"name":"Dakar 2019: 6. etapa minutu po minut\u011b"}]},{"@type":"WebSite","@id":"https:\/\/www.dakarmania.cz\/#website","url":"https:\/\/www.dakarmania.cz\/","name":"DAKARMANIA.cz","description":"\u017dijeme Dakarem cel\u00fd rok","publisher":{"@id":"https:\/\/www.dakarmania.cz\/#organization"},"potentialAction":[{"@type":"SearchAction","target":{"@type":"EntryPoint","urlTemplate":"https:\/\/www.dakarmania.cz\/?s={search_term_string}"},"query-input":{"@type":"PropertyValueSpecification","valueRequired":true,"valueName":"search_term_string"}}],"inLanguage":"cs"},{"@type":"Organization","@id":"https:\/\/www.dakarmania.cz\/#organization","name":"DAKAR MANIA","url":"https:\/\/www.dakarmania.cz\/","logo":{"@type":"ImageObject","inLanguage":"cs","@id":"https:\/\/www.dakarmania.cz\/#\/schema\/logo\/image\/","url":"https:\/\/www.dakarmania.cz\/wp-content\/uploads\/2018\/12\/Dakar-Mania-Logo-Square-Orange.png","contentUrl":"https:\/\/www.dakarmania.cz\/wp-content\/uploads\/2018\/12\/Dakar-Mania-Logo-Square-Orange.png","width":992,"height":992,"caption":"DAKAR MANIA"},"image":{"@id":"https:\/\/www.dakarmania.cz\/#\/schema\/logo\/image\/"},"sameAs":["https:\/\/www.facebook.com\/dakarmania\/"]},{"@type":"Person","@id":"https:\/\/www.dakarmania.cz\/#\/schema\/person\/04eb0e87a389631c2169c0dddae7ff1e","name":"Zden\u011bk Zelenka","image":{"@type":"ImageObject","inLanguage":"cs","@id":"https:\/\/www.dakarmania.cz\/#\/schema\/person\/image\/","url":"https:\/\/secure.gravatar.com\/avatar\/2c80d5a4942fe0900b73cc7d3837a509d6ee0a276a2b76dac95c92bd0763a89b?s=96&d=mm&r=g","contentUrl":"https:\/\/secure.gravatar.com\/avatar\/2c80d5a4942fe0900b73cc7d3837a509d6ee0a276a2b76dac95c92bd0763a89b?s=96&d=mm&r=g","caption":"Zden\u011bk Zelenka"},"description":"Moji d\u011bt\u0161t\u00ed hrdinov\u00e9 se jmenovali Loprais, Moskal, Neveu, Vatanen, Rahier... A tihle borci, jejich n\u00e1sledovn\u00edci a jejich p\u0159\u00edb\u011bhy m\u011b nep\u0159estali fascinovat ani po letech, kdy jsem vyrostl a zam\u011bstn\u00e1valy m\u011b jin\u00e9 discipl\u00edny motorsportu. Proto se zrodila DAKARMANIA.","url":"https:\/\/www.dakarmania.cz\/index.php\/author\/dakarmania\/"}]}},"amp_enabled":true,"_links":{"self":[{"href":"https:\/\/www.dakarmania.cz\/index.php\/wp-json\/wp\/v2\/posts\/1939","targetHints":{"allow":["GET"]}}],"collection":[{"href":"https:\/\/www.dakarmania.cz\/index.php\/wp-json\/wp\/v2\/posts"}],"about":[{"href":"https:\/\/www.dakarmania.cz\/index.php\/wp-json\/wp\/v2\/types\/post"}],"author":[{"embeddable":true,"href":"https:\/\/www.dakarmania.cz\/index.php\/wp-json\/wp\/v2\/users\/1"}],"replies":[{"embeddable":true,"href":"https:\/\/www.dakarmania.cz\/index.php\/wp-json\/wp\/v2\/comments?post=1939"}],"version-history":[{"count":123,"href":"https:\/\/www.dakarmania.cz\/index.php\/wp-json\/wp\/v2\/posts\/1939\/revisions"}],"predecessor-version":[{"id":2093,"href":"https:\/\/www.dakarmania.cz\/index.php\/wp-json\/wp\/v2\/posts\/1939\/revisions\/2093"}],"wp:featuredmedia":[{"embeddable":true,"href":"https:\/\/www.dakarmania.cz\/index.php\/wp-json\/wp\/v2\/media\/2089"}],"wp:attachment":[{"href":"https:\/\/www.dakarmania.cz\/index.php\/wp-json\/wp\/v2\/media?parent=1939"}],"wp:term":[{"taxonomy":"category","embeddable":true,"href":"https:\/\/www.dakarmania.cz\/index.php\/wp-json\/wp\/v2\/categories?post=1939"},{"taxonomy":"post_tag","embeddable":true,"href":"https:\/\/www.dakarmania.cz\/index.php\/wp-json\/wp\/v2\/tags?post=1939"}],"curies":[{"name":"wp","href":"https:\/\/api.w.org\/{rel}","templated":true}]}}