{"id":19448,"date":"2021-05-31T17:34:49","date_gmt":"2021-05-31T15:34:49","guid":{"rendered":"https:\/\/www.dakarmania.cz\/?p=19448"},"modified":"2023-07-15T08:29:58","modified_gmt":"2023-07-15T06:29:58","slug":"dakar-2022-audi-tri-vozy-a-hvezdy","status":"publish","type":"post","link":"https:\/\/www.dakarmania.cz\/index.php\/2021\/05\/31\/dakar-2022-audi-tri-vozy-a-hvezdy\/","title":{"rendered":"Dakar 2022: Audi se t\u0159emi vozy a hv\u011bzdnou jezdeckou sestavou"},"content":{"rendered":"<p>[vc_row][vc_column][vc_column_text css_animation=&#8221;fadeIn&#8221;]<\/p>\n<h3>Nebylo to nijak p\u0159\u00edsn\u011b st\u0159e\u017een\u00e9 tajemstv\u00ed, proto se nejedn\u00e1 o \u017e\u00e1dn\u00e9 velk\u00e9 p\u0159ekvapen\u00ed. P\u0159esto je na\u010d se t\u011b\u0161it. Do sv\u011bta cross-country rally vstoup\u00ed Audi se \u0161pi\u010dkov\u00fdmi pos\u00e1dkami.<\/h3>\n<p>[\/vc_column_text][vc_single_image image=&#8221;19445&#8243; img_size=&#8221;large&#8221; add_caption=&#8221;yes&#8221; alignment=&#8221;center&#8221; onclick=&#8221;link_image&#8221; css_animation=&#8221;fadeIn&#8221;][vc_column_text css_animation=&#8221;fadeIn&#8221;]Ingolstadtsk\u00e1 automobilka nasad\u00ed do Rally Dakar 2022 trojici zbrusu nov\u00fdch speci\u00e1l\u016f poh\u00e1n\u011bn\u00fdch elektromotory, jejich\u017e kokpity obsad\u00ed St\u00e9phane Peterhansel s Edouardem Boulangerem, Carlos Sainz s Lucasem Cruzem a Mattias Ekstr\u00f6m s Emilem Bergkvistem.<\/p>\n<p><em>\u201eNejedn\u00e1 se o \u017e\u00e1dn\u00e9 p\u0159eh\u00e1n\u011bn\u00ed, pokud mluv\u00edme o \u201ahv\u011bzdn\u00e9m t\u00fdmu,\u201c<\/em> \u0159\u00edk\u00e1 <strong>Julius Seebach<\/strong>, v\u00fdkonn\u00fd \u0159editel spole\u010dnosti Audi Sport. <em>\u201eSt\u00e9phane je nej\u00fasp\u011b\u0161n\u011bj\u0161\u00edm dakarsk\u00fdm jezdcem v\u0161ech dob. Carlos je n\u011bkolikan\u00e1sobn\u00fdm v\u00edt\u011bzem Dakaru a mistrem sv\u011bta v rally. S Mattiasem slavilo Audi ji\u017e v minulosti n\u011bkolik \u00fasp\u011bch\u016f a jedn\u00e1 se o jednoho z nejuniverz\u00e1ln\u011bj\u0161\u00edch jezdc\u016f na sv\u011bt\u011b. V\u0161ichni s sebou do t\u00fdmu p\u0159in\u00e1\u0161ej\u00ed krom\u011b rychlosti tak\u00e9 spoustu zku\u0161enost\u00ed a motivace. To sam\u00e9 plat\u00ed i o spolujezdc\u00edch, kte\u0159\u00ed hraj\u00ed na Dakaru d\u016fle\u017eitou roli, jej\u00ed\u017e v\u00fdznam nav\u00edc neust\u00e1le roste.\u201c<\/em>[\/vc_column_text][vc_column_text css_animation=&#8221;fadeIn&#8221; css=&#8221;.vc_custom_1622648305522{border-top-width: 1px !important;border-right-width: 1px !important;border-bottom-width: 1px !important;border-left-width: 1px !important;padding-top: 10px !important;padding-right: 10px !important;padding-bottom: 10px !important;padding-left: 10px !important;background-color: #f2f2f2 !important;border-left-color: #ee8027 !important;border-left-style: solid !important;border-right-color: #ee8027 !important;border-right-style: solid !important;border-top-color: #ee8027 !important;border-top-style: solid !important;border-bottom-color: #ee8027 !important;border-bottom-style: solid !important;border-radius: 1px !important;}&#8221;]<\/p>\n<table style=\"border-collapse: collapse; width: 97.7654%;\" cellpadding=\"4px\">\n<tbody>\n<tr>\n<td style=\"vertical-align: top; width: 25%;\"><a href=\"\/index.php\/2021\/05\/15\/poradatele-dakaru-protezuji-audi-mini-souperi\/\"><img loading=\"lazy\" decoding=\"async\" class=\"size-medium wp-image-17194\" src=\"\/wp-content\/uploads\/2020\/12\/20-audi-02.jpg\" alt=\"Po\u0159adatel\u00e9 Dakaru prote\u017euj\u00ed Audi, m\u00edn\u00ed soupe\u0159i\" width=\"150\" height=\"150\" \/><\/a><\/td>\n<td style=\"vertical-align: top; width: 75%;\"><span style=\"font-size: 13pt;\"><strong><a href=\"\/index.php\/2021\/05\/15\/poradatele-dakaru-protezuji-audi-mini-souperi\/\">Po\u0159adatel\u00e9 Dakaru prote\u017euj\u00ed Audi, m\u00edn\u00ed soupe\u0159i<\/a><\/strong><\/span><\/td>\n<\/tr>\n<\/tbody>\n<\/table>\n<p>[\/vc_column_text][vc_column_text css_animation=&#8221;fadeIn&#8221;]<em>\u201eNa Rally Dakar nakonec rozhoduj\u00ed jezdci a spolujezdci,\u201c<\/em> dod\u00e1v\u00e1 <strong>Andreas Roos<\/strong>, jen\u017e je u Audi Sport zodpov\u011bdn\u00fd za tov\u00e1rn\u00ed program v motoristick\u00e9m sportu. <em>\u201eSkute\u010dnost, \u017ee m\u00e1me \u0161pi\u010dkovou t\u0159\u00ed\u010dlennou jezdeckou sestavu, je uklid\u0148uj\u00edc\u00ed. Tento bod si m\u016f\u017eeme od\u0161krtnout. Te\u010f je na n\u00e1s, abychom dokon\u010dili v\u00fdvoj na\u0161eho inovativn\u00edho vozu a v lednu zah\u00e1jili revoluci v cross-country rally.\u201c<\/em><\/p>\n<p><em>\u201eP\u0159i Rally Dakar je z\u00e1sadn\u00ed t\u00fdmov\u00e1 pr\u00e1ce a spolehlivost,\u201c<\/em> p\u0159ipom\u00edn\u00e1 <strong>Sven Quandt<\/strong>, jeho\u017e nov\u011b zformovan\u00e1 spole\u010dnost Q Motorsport se bude starat o celkov\u00fd chod t\u00fdmu. <em>\u201ePot\u0159ebujete dob\u0159e zaji\u0161t\u011bn\u00fd t\u00fdm, mimo\u0159\u00e1dn\u011b spolehliv\u00e9 auto a spolehlivou jezdeckou sestavu. Na Dakaru nem\u016f\u017eete jet neust\u00e1le na limitu. Kl\u00ed\u010dov\u00e1 je spr\u00e1vn\u00e1 strategie. Jsem velice r\u00e1d, \u017ee za n\u00e1s budou z\u00e1vodit t\u0159i renomovan\u00e9 a siln\u00e9 pos\u00e1dky. Dob\u0159e v\u00edme, jak kvalitn\u00ed jsou.\u201c<\/em><\/p>\n<p>Dvaa\u010dty\u0159icetilet\u00fd Mattias Ekstr\u00f6m str\u00e1vil v\u011bt\u0161inu sv\u00e9 kari\u00e9ry za volanty voz\u016f Audi. V letech 2004 a 2007 zv\u00edt\u011bzil v n\u011bmeck\u00e9m mistrovstv\u00ed cestovn\u00edch voz\u016f (DTM), p\u0159ed p\u011bti lety se stal sv\u011btov\u00fdm \u0161ampionem v rallycrossu. Na Dakaru debutoval letos v lednu se side-by-side skupiny T3, kter\u00fd p\u0159ipravil Quandt\u016fv X-raid.[\/vc_column_text][vc_column_text css_animation=&#8221;fadeIn&#8221;]<em>\u201eJe fantastick\u00e9, \u017ee se mohu tohoto vzru\u0161uj\u00edc\u00edho projektu z\u00fa\u010dastnit spole\u010dn\u011b s t\u00fdmem, s n\u00edm\u017e jsem slavil nejv\u011bt\u0161\u00ed \u00fasp\u011bchy. P\u0159esto\u017ee mi letos bude t\u0159ia\u010dty\u0159icet, vedle Carlose a St\u00e9phana si p\u0159ipad\u00e1m jako junior. V t\u00e9to discipl\u00edn\u011b pot\u0159ebujete ve v\u0161ech ohledech spoustu zku\u0161enost\u00ed. Po\u0159\u00e1d se toho mus\u00edm hodn\u011b nau\u010dit, ale moc se na to t\u011b\u0161\u00edm,\u201c<\/em> \u0159\u00edk\u00e1 <strong>Mattias Ekstr\u00f6m<\/strong>, kter\u00fd si za\u010d\u00edn\u00e1 zvykat na vozy nejpresti\u017en\u011bj\u0161\u00ed kategorie T1. S Mini JCW Buggy absolvoval v kv\u011btnu Andaluskou rally a p\u0159\u00ed\u0161t\u00ed t\u00fdden odstartuje do dal\u0161\u00edho podniku Sv\u011btov\u00e9ho poh\u00e1ru FIA v cross-country rally v Kazachst\u00e1nu.<\/p>\n<p>P\u011btapades\u00e1tilet\u00fd St\u00e9phane Peterhansel v lednu vyhr\u00e1l Dakar u\u017e po\u010dtrn\u00e1ct\u00e9, kdy\u017e k \u0161esti triumf\u016fm na motocyklu p\u0159idal dal\u0161\u00edch osm za volantem.<\/p>\n<p><em>\u201eDakar je jedn\u00edm z posledn\u00edch dobrodru\u017estv\u00ed na sv\u011bt\u011b a nyn\u00ed jej \u010dekaj\u00ed radik\u00e1ln\u00ed zm\u011bny: budoucnost pat\u0159\u00ed elektrice. Za deset let pojedou v\u0161ichni s elektromobily. Dakar je pro tuto technologii extr\u00e9mn\u00edm testem. Chceme b\u00fdt prvn\u00edm t\u00fdmem, kter\u00fd vyhraje Dakar s elektrickou pohonnou jednotkou,\u201c<\/em> prezentuje logick\u00e9 ambice t\u00fdmu <strong>St\u00e9phane Peterhansel<\/strong>.[\/vc_column_text][vc_single_image image=&#8221;19446&#8243; img_size=&#8221;large&#8221; add_caption=&#8221;yes&#8221; alignment=&#8221;center&#8221; onclick=&#8221;link_image&#8221; css_animation=&#8221;fadeIn&#8221;][vc_column_text css_animation=&#8221;fadeIn&#8221;]Nest\u00e1rnouc\u00ed Carlos Sainz p\u0159ich\u00e1z\u00ed do t\u00fdmu jako dvojn\u00e1sobn\u00fd mistr sv\u011bta v rally (1990, 1992) a trojn\u00e1sobn\u00fd dakarsk\u00fd v\u00edt\u011bz (2010, 2018, 2020), p\u0159esto prahne po dal\u0161\u00edch trofej\u00edch.<\/p>\n<p><em>\u201ePo\u0159\u00e1d jsem hladov\u00fd po \u00fasp\u011bchu, i kdy\u017e je mi dev\u011btapades\u00e1t. Jinak bych tuto novou v\u00fdzvu nep\u0159ijal. Audi quattro nav\u017edy zm\u011bnilo mistrovstv\u00ed sv\u011bta v rally a my se te\u010f pokou\u0161\u00edme o n\u011bco podobn\u00e9ho na Rally Dakar,\u201c<\/em> srovn\u00e1v\u00e1 <strong>Carlos Sainz<\/strong>. <em>\u201eIn\u017een\u00fdr\u016fm Audi naprosto d\u016fv\u011b\u0159uji a p\u0159i v\u00fdvoji rychl\u00e9ho a \u00fasp\u011b\u0161n\u00e9ho vozu se jim pokus\u00edm pomoct sv\u00fdmi zku\u0161enostmi. Pro elektrick\u00e9 pohonn\u00e9 jednotky je Dakar obrovskou v\u00fdzvou. Je to fantastick\u00fd, extr\u00e9mn\u00ed projekt. Nemohu se do\u010dkat, a\u017e auto poprv\u00e9 otestuji.\u201c<\/em>[\/vc_column_text][vc_empty_space height=&#8221;2px&#8221;][\/vc_column][\/vc_row]<\/p>\n","protected":false},"excerpt":{"rendered":"<p>Nebylo to nijak p\u0159\u00edsn\u011b st\u0159e\u017een\u00e9 tajemstv\u00ed, proto se nejedn\u00e1 o \u017e\u00e1dn\u00e9 velk\u00e9 p\u0159ekvapen\u00ed. P\u0159esto je na\u010d se t\u011b\u0161it. Do sv\u011bta cross-country rally vstoup\u00ed Audi se \u0161pi\u010dkov\u00fdmi pos\u00e1dkami.<\/p>\n","protected":false},"author":1,"featured_media":19445,"comment_status":"closed","ping_status":"closed","sticky":false,"template":"","format":"standard","meta":{"footnotes":""},"categories":[3,1810],"tags":[1630,1766,1870,1811,1114,8,1765,1757,1816,1869,1185,1815,1865,217,1525],"class_list":["post-19448","post","type-post","status-publish","format-standard","has-post-thumbnail","hentry","category-auto","category-dakar-2022","tag-1630","tag-1766","tag-andreas-roos","tag-audi","tag-carlos-sainz","tag-dakar","tag-dakar-2022","tag-edouard-boulanger","tag-emil-bergkvist","tag-julius-seebach","tag-lucas-cruz","tag-mattias-ekstrom","tag-q-motorsport","tag-stephane-peterhansel","tag-sven-quandt"],"yoast_head":"<!-- This site is optimized with the Yoast SEO plugin v24.9 - https:\/\/yoast.com\/wordpress\/plugins\/seo\/ -->\n<title>Dakar 2022: Audi se t\u0159emi vozy a hv\u011bzdnou jezdeckou sestavou - DAKARMANIA.cz<\/title>\n<meta name=\"description\" content=\"Nebylo to nijak p\u0159\u00edsn\u011b st\u0159e\u017een\u00e9 tajemstv\u00ed, proto se nejedn\u00e1 o \u017e\u00e1dn\u00e9 velk\u00e9 p\u0159ekvapen\u00ed. P\u0159esto je na\u010d se t\u011b\u0161it. Do sv\u011bta cross-country rally vstoup\u00ed Audi se \u0161pi\u010dkov\u00fdmi pos\u00e1dkami.\" \/>\n<meta name=\"robots\" content=\"index, follow, max-snippet:-1, max-image-preview:large, max-video-preview:-1\" \/>\n<link rel=\"canonical\" href=\"https:\/\/www.dakarmania.cz\/index.php\/2021\/05\/31\/dakar-2022-audi-tri-vozy-a-hvezdy\/\" \/>\n<meta property=\"og:locale\" content=\"cs_CZ\" \/>\n<meta property=\"og:type\" content=\"article\" \/>\n<meta property=\"og:title\" content=\"Dakar 2022: Audi se t\u0159emi vozy a hv\u011bzdnou jezdeckou sestavou - DAKARMANIA.cz\" \/>\n<meta property=\"og:description\" content=\"Nebylo to nijak p\u0159\u00edsn\u011b st\u0159e\u017een\u00e9 tajemstv\u00ed, proto se nejedn\u00e1 o \u017e\u00e1dn\u00e9 velk\u00e9 p\u0159ekvapen\u00ed. P\u0159esto je na\u010d se t\u011b\u0161it. Do sv\u011bta cross-country rally vstoup\u00ed Audi se \u0161pi\u010dkov\u00fdmi pos\u00e1dkami.\" \/>\n<meta property=\"og:url\" content=\"https:\/\/www.dakarmania.cz\/index.php\/2021\/05\/31\/dakar-2022-audi-tri-vozy-a-hvezdy\/\" \/>\n<meta property=\"og:site_name\" content=\"DAKARMANIA.cz\" \/>\n<meta property=\"article:publisher\" content=\"https:\/\/www.facebook.com\/dakarmania\/\" \/>\n<meta property=\"article:published_time\" content=\"2021-05-31T15:34:49+00:00\" \/>\n<meta property=\"article:modified_time\" content=\"2023-07-15T06:29:58+00:00\" \/>\n<meta property=\"og:image\" content=\"https:\/\/www.dakarmania.cz\/wp-content\/uploads\/2021\/06\/21-audi-drivers-01.jpg\" \/>\n\t<meta property=\"og:image:width\" content=\"1024\" \/>\n\t<meta property=\"og:image:height\" content=\"683\" \/>\n\t<meta property=\"og:image:type\" content=\"image\/jpeg\" \/>\n<meta name=\"author\" content=\"Zden\u011bk Zelenka\" \/>\n<meta name=\"twitter:card\" content=\"summary_large_image\" \/>\n<meta name=\"twitter:label1\" content=\"Napsal(a)\" \/>\n\t<meta name=\"twitter:data1\" content=\"Zden\u011bk Zelenka\" \/>\n\t<meta name=\"twitter:label2\" content=\"Odhadovan\u00e1 doba \u010dten\u00ed\" \/>\n\t<meta name=\"twitter:data2\" content=\"4 minuty\" \/>\n<script type=\"application\/ld+json\" class=\"yoast-schema-graph\">{\"@context\":\"https:\/\/schema.org\",\"@graph\":[{\"@type\":\"Article\",\"@id\":\"https:\/\/www.dakarmania.cz\/index.php\/2021\/05\/31\/dakar-2022-audi-tri-vozy-a-hvezdy\/#article\",\"isPartOf\":{\"@id\":\"https:\/\/www.dakarmania.cz\/index.php\/2021\/05\/31\/dakar-2022-audi-tri-vozy-a-hvezdy\/\"},\"author\":{\"name\":\"Zden\u011bk Zelenka\",\"@id\":\"https:\/\/www.dakarmania.cz\/#\/schema\/person\/04eb0e87a389631c2169c0dddae7ff1e\"},\"headline\":\"Dakar 2022: Audi se t\u0159emi vozy a hv\u011bzdnou jezdeckou sestavou\",\"datePublished\":\"2021-05-31T15:34:49+00:00\",\"dateModified\":\"2023-07-15T06:29:58+00:00\",\"mainEntityOfPage\":{\"@id\":\"https:\/\/www.dakarmania.cz\/index.php\/2021\/05\/31\/dakar-2022-audi-tri-vozy-a-hvezdy\/\"},\"wordCount\":960,\"publisher\":{\"@id\":\"https:\/\/www.dakarmania.cz\/#organization\"},\"image\":{\"@id\":\"https:\/\/www.dakarmania.cz\/index.php\/2021\/05\/31\/dakar-2022-audi-tri-vozy-a-hvezdy\/#primaryimage\"},\"thumbnailUrl\":\"https:\/\/www.dakarmania.cz\/wp-content\/uploads\/2021\/06\/21-audi-drivers-01.jpg\",\"keywords\":[\"2021\",\"2022\",\"Andreas Roos\",\"Audi\",\"Carlos Sainz\",\"Dakar\",\"Dakar 2022\",\"Edouard Boulanger\",\"Emil Bergkvist\",\"Julius Seebach\",\"Lucas Cruz\",\"Mattias Ekstr\u00f6m\",\"Q Motorsport\",\"St\u00e9phane Peterhansel\",\"Sven Quandt\"],\"articleSection\":[\"Auto\",\"Dakar 2022\"],\"inLanguage\":\"cs\"},{\"@type\":\"WebPage\",\"@id\":\"https:\/\/www.dakarmania.cz\/index.php\/2021\/05\/31\/dakar-2022-audi-tri-vozy-a-hvezdy\/\",\"url\":\"https:\/\/www.dakarmania.cz\/index.php\/2021\/05\/31\/dakar-2022-audi-tri-vozy-a-hvezdy\/\",\"name\":\"Dakar 2022: Audi se t\u0159emi vozy a hv\u011bzdnou jezdeckou sestavou - DAKARMANIA.cz\",\"isPartOf\":{\"@id\":\"https:\/\/www.dakarmania.cz\/#website\"},\"primaryImageOfPage\":{\"@id\":\"https:\/\/www.dakarmania.cz\/index.php\/2021\/05\/31\/dakar-2022-audi-tri-vozy-a-hvezdy\/#primaryimage\"},\"image\":{\"@id\":\"https:\/\/www.dakarmania.cz\/index.php\/2021\/05\/31\/dakar-2022-audi-tri-vozy-a-hvezdy\/#primaryimage\"},\"thumbnailUrl\":\"https:\/\/www.dakarmania.cz\/wp-content\/uploads\/2021\/06\/21-audi-drivers-01.jpg\",\"datePublished\":\"2021-05-31T15:34:49+00:00\",\"dateModified\":\"2023-07-15T06:29:58+00:00\",\"description\":\"Nebylo to nijak p\u0159\u00edsn\u011b st\u0159e\u017een\u00e9 tajemstv\u00ed, proto se nejedn\u00e1 o \u017e\u00e1dn\u00e9 velk\u00e9 p\u0159ekvapen\u00ed. P\u0159esto je na\u010d se t\u011b\u0161it. Do sv\u011bta cross-country rally vstoup\u00ed Audi se \u0161pi\u010dkov\u00fdmi pos\u00e1dkami.\",\"breadcrumb\":{\"@id\":\"https:\/\/www.dakarmania.cz\/index.php\/2021\/05\/31\/dakar-2022-audi-tri-vozy-a-hvezdy\/#breadcrumb\"},\"inLanguage\":\"cs\",\"potentialAction\":[{\"@type\":\"ReadAction\",\"target\":[\"https:\/\/www.dakarmania.cz\/index.php\/2021\/05\/31\/dakar-2022-audi-tri-vozy-a-hvezdy\/\"]}]},{\"@type\":\"ImageObject\",\"inLanguage\":\"cs\",\"@id\":\"https:\/\/www.dakarmania.cz\/index.php\/2021\/05\/31\/dakar-2022-audi-tri-vozy-a-hvezdy\/#primaryimage\",\"url\":\"https:\/\/www.dakarmania.cz\/wp-content\/uploads\/2021\/06\/21-audi-drivers-01.jpg\",\"contentUrl\":\"https:\/\/www.dakarmania.cz\/wp-content\/uploads\/2021\/06\/21-audi-drivers-01.jpg\",\"width\":1024,\"height\":683,\"caption\":\"Edouard Boulanger, St\u00e9phane Peterhansel, Lucas Cruz, Emil Bergkvist, Carlos Sainz a Mattias Ekstr\u00f6m. \u00a9 Audi Sport\"},{\"@type\":\"BreadcrumbList\",\"@id\":\"https:\/\/www.dakarmania.cz\/index.php\/2021\/05\/31\/dakar-2022-audi-tri-vozy-a-hvezdy\/#breadcrumb\",\"itemListElement\":[{\"@type\":\"ListItem\",\"position\":1,\"name\":\"Dom\u016f\",\"item\":\"https:\/\/www.dakarmania.cz\/\"},{\"@type\":\"ListItem\",\"position\":2,\"name\":\"Dakar 2022: Audi se t\u0159emi vozy a hv\u011bzdnou jezdeckou sestavou\"}]},{\"@type\":\"WebSite\",\"@id\":\"https:\/\/www.dakarmania.cz\/#website\",\"url\":\"https:\/\/www.dakarmania.cz\/\",\"name\":\"DAKARMANIA.cz\",\"description\":\"\u017dijeme Dakarem cel\u00fd rok\",\"publisher\":{\"@id\":\"https:\/\/www.dakarmania.cz\/#organization\"},\"potentialAction\":[{\"@type\":\"SearchAction\",\"target\":{\"@type\":\"EntryPoint\",\"urlTemplate\":\"https:\/\/www.dakarmania.cz\/?s={search_term_string}\"},\"query-input\":{\"@type\":\"PropertyValueSpecification\",\"valueRequired\":true,\"valueName\":\"search_term_string\"}}],\"inLanguage\":\"cs\"},{\"@type\":\"Organization\",\"@id\":\"https:\/\/www.dakarmania.cz\/#organization\",\"name\":\"DAKAR MANIA\",\"url\":\"https:\/\/www.dakarmania.cz\/\",\"logo\":{\"@type\":\"ImageObject\",\"inLanguage\":\"cs\",\"@id\":\"https:\/\/www.dakarmania.cz\/#\/schema\/logo\/image\/\",\"url\":\"https:\/\/www.dakarmania.cz\/wp-content\/uploads\/2018\/12\/Dakar-Mania-Logo-Square-Orange.png\",\"contentUrl\":\"https:\/\/www.dakarmania.cz\/wp-content\/uploads\/2018\/12\/Dakar-Mania-Logo-Square-Orange.png\",\"width\":992,\"height\":992,\"caption\":\"DAKAR MANIA\"},\"image\":{\"@id\":\"https:\/\/www.dakarmania.cz\/#\/schema\/logo\/image\/\"},\"sameAs\":[\"https:\/\/www.facebook.com\/dakarmania\/\"]},{\"@type\":\"Person\",\"@id\":\"https:\/\/www.dakarmania.cz\/#\/schema\/person\/04eb0e87a389631c2169c0dddae7ff1e\",\"name\":\"Zden\u011bk Zelenka\",\"image\":{\"@type\":\"ImageObject\",\"inLanguage\":\"cs\",\"@id\":\"https:\/\/www.dakarmania.cz\/#\/schema\/person\/image\/\",\"url\":\"https:\/\/secure.gravatar.com\/avatar\/2c80d5a4942fe0900b73cc7d3837a509d6ee0a276a2b76dac95c92bd0763a89b?s=96&d=mm&r=g\",\"contentUrl\":\"https:\/\/secure.gravatar.com\/avatar\/2c80d5a4942fe0900b73cc7d3837a509d6ee0a276a2b76dac95c92bd0763a89b?s=96&d=mm&r=g\",\"caption\":\"Zden\u011bk Zelenka\"},\"description\":\"Moji d\u011bt\u0161t\u00ed hrdinov\u00e9 se jmenovali Loprais, Moskal, Neveu, Vatanen, Rahier... A tihle borci, jejich n\u00e1sledovn\u00edci a jejich p\u0159\u00edb\u011bhy m\u011b nep\u0159estali fascinovat ani po letech, kdy jsem vyrostl a zam\u011bstn\u00e1valy m\u011b jin\u00e9 discipl\u00edny motorsportu. Proto se zrodila DAKARMANIA.\",\"url\":\"https:\/\/www.dakarmania.cz\/index.php\/author\/dakarmania\/\"}]}<\/script>\n<!-- \/ Yoast SEO plugin. -->","yoast_head_json":{"title":"Dakar 2022: Audi se t\u0159emi vozy a hv\u011bzdnou jezdeckou sestavou - DAKARMANIA.cz","description":"Nebylo to nijak p\u0159\u00edsn\u011b st\u0159e\u017een\u00e9 tajemstv\u00ed, proto se nejedn\u00e1 o \u017e\u00e1dn\u00e9 velk\u00e9 p\u0159ekvapen\u00ed. P\u0159esto je na\u010d se t\u011b\u0161it. Do sv\u011bta cross-country rally vstoup\u00ed Audi se \u0161pi\u010dkov\u00fdmi pos\u00e1dkami.","robots":{"index":"index","follow":"follow","max-snippet":"max-snippet:-1","max-image-preview":"max-image-preview:large","max-video-preview":"max-video-preview:-1"},"canonical":"https:\/\/www.dakarmania.cz\/index.php\/2021\/05\/31\/dakar-2022-audi-tri-vozy-a-hvezdy\/","og_locale":"cs_CZ","og_type":"article","og_title":"Dakar 2022: Audi se t\u0159emi vozy a hv\u011bzdnou jezdeckou sestavou - DAKARMANIA.cz","og_description":"Nebylo to nijak p\u0159\u00edsn\u011b st\u0159e\u017een\u00e9 tajemstv\u00ed, proto se nejedn\u00e1 o \u017e\u00e1dn\u00e9 velk\u00e9 p\u0159ekvapen\u00ed. P\u0159esto je na\u010d se t\u011b\u0161it. Do sv\u011bta cross-country rally vstoup\u00ed Audi se \u0161pi\u010dkov\u00fdmi pos\u00e1dkami.","og_url":"https:\/\/www.dakarmania.cz\/index.php\/2021\/05\/31\/dakar-2022-audi-tri-vozy-a-hvezdy\/","og_site_name":"DAKARMANIA.cz","article_publisher":"https:\/\/www.facebook.com\/dakarmania\/","article_published_time":"2021-05-31T15:34:49+00:00","article_modified_time":"2023-07-15T06:29:58+00:00","og_image":[{"width":1024,"height":683,"url":"https:\/\/www.dakarmania.cz\/wp-content\/uploads\/2021\/06\/21-audi-drivers-01.jpg","type":"image\/jpeg"}],"author":"Zden\u011bk Zelenka","twitter_card":"summary_large_image","twitter_misc":{"Napsal(a)":"Zden\u011bk Zelenka","Odhadovan\u00e1 doba \u010dten\u00ed":"4 minuty"},"schema":{"@context":"https:\/\/schema.org","@graph":[{"@type":"Article","@id":"https:\/\/www.dakarmania.cz\/index.php\/2021\/05\/31\/dakar-2022-audi-tri-vozy-a-hvezdy\/#article","isPartOf":{"@id":"https:\/\/www.dakarmania.cz\/index.php\/2021\/05\/31\/dakar-2022-audi-tri-vozy-a-hvezdy\/"},"author":{"name":"Zden\u011bk Zelenka","@id":"https:\/\/www.dakarmania.cz\/#\/schema\/person\/04eb0e87a389631c2169c0dddae7ff1e"},"headline":"Dakar 2022: Audi se t\u0159emi vozy a hv\u011bzdnou jezdeckou sestavou","datePublished":"2021-05-31T15:34:49+00:00","dateModified":"2023-07-15T06:29:58+00:00","mainEntityOfPage":{"@id":"https:\/\/www.dakarmania.cz\/index.php\/2021\/05\/31\/dakar-2022-audi-tri-vozy-a-hvezdy\/"},"wordCount":960,"publisher":{"@id":"https:\/\/www.dakarmania.cz\/#organization"},"image":{"@id":"https:\/\/www.dakarmania.cz\/index.php\/2021\/05\/31\/dakar-2022-audi-tri-vozy-a-hvezdy\/#primaryimage"},"thumbnailUrl":"https:\/\/www.dakarmania.cz\/wp-content\/uploads\/2021\/06\/21-audi-drivers-01.jpg","keywords":["2021","2022","Andreas Roos","Audi","Carlos Sainz","Dakar","Dakar 2022","Edouard Boulanger","Emil Bergkvist","Julius Seebach","Lucas Cruz","Mattias Ekstr\u00f6m","Q Motorsport","St\u00e9phane Peterhansel","Sven Quandt"],"articleSection":["Auto","Dakar 2022"],"inLanguage":"cs"},{"@type":"WebPage","@id":"https:\/\/www.dakarmania.cz\/index.php\/2021\/05\/31\/dakar-2022-audi-tri-vozy-a-hvezdy\/","url":"https:\/\/www.dakarmania.cz\/index.php\/2021\/05\/31\/dakar-2022-audi-tri-vozy-a-hvezdy\/","name":"Dakar 2022: Audi se t\u0159emi vozy a hv\u011bzdnou jezdeckou sestavou - DAKARMANIA.cz","isPartOf":{"@id":"https:\/\/www.dakarmania.cz\/#website"},"primaryImageOfPage":{"@id":"https:\/\/www.dakarmania.cz\/index.php\/2021\/05\/31\/dakar-2022-audi-tri-vozy-a-hvezdy\/#primaryimage"},"image":{"@id":"https:\/\/www.dakarmania.cz\/index.php\/2021\/05\/31\/dakar-2022-audi-tri-vozy-a-hvezdy\/#primaryimage"},"thumbnailUrl":"https:\/\/www.dakarmania.cz\/wp-content\/uploads\/2021\/06\/21-audi-drivers-01.jpg","datePublished":"2021-05-31T15:34:49+00:00","dateModified":"2023-07-15T06:29:58+00:00","description":"Nebylo to nijak p\u0159\u00edsn\u011b st\u0159e\u017een\u00e9 tajemstv\u00ed, proto se nejedn\u00e1 o \u017e\u00e1dn\u00e9 velk\u00e9 p\u0159ekvapen\u00ed. P\u0159esto je na\u010d se t\u011b\u0161it. Do sv\u011bta cross-country rally vstoup\u00ed Audi se \u0161pi\u010dkov\u00fdmi pos\u00e1dkami.","breadcrumb":{"@id":"https:\/\/www.dakarmania.cz\/index.php\/2021\/05\/31\/dakar-2022-audi-tri-vozy-a-hvezdy\/#breadcrumb"},"inLanguage":"cs","potentialAction":[{"@type":"ReadAction","target":["https:\/\/www.dakarmania.cz\/index.php\/2021\/05\/31\/dakar-2022-audi-tri-vozy-a-hvezdy\/"]}]},{"@type":"ImageObject","inLanguage":"cs","@id":"https:\/\/www.dakarmania.cz\/index.php\/2021\/05\/31\/dakar-2022-audi-tri-vozy-a-hvezdy\/#primaryimage","url":"https:\/\/www.dakarmania.cz\/wp-content\/uploads\/2021\/06\/21-audi-drivers-01.jpg","contentUrl":"https:\/\/www.dakarmania.cz\/wp-content\/uploads\/2021\/06\/21-audi-drivers-01.jpg","width":1024,"height":683,"caption":"Edouard Boulanger, St\u00e9phane Peterhansel, Lucas Cruz, Emil Bergkvist, Carlos Sainz a Mattias Ekstr\u00f6m. \u00a9 Audi Sport"},{"@type":"BreadcrumbList","@id":"https:\/\/www.dakarmania.cz\/index.php\/2021\/05\/31\/dakar-2022-audi-tri-vozy-a-hvezdy\/#breadcrumb","itemListElement":[{"@type":"ListItem","position":1,"name":"Dom\u016f","item":"https:\/\/www.dakarmania.cz\/"},{"@type":"ListItem","position":2,"name":"Dakar 2022: Audi se t\u0159emi vozy a hv\u011bzdnou jezdeckou sestavou"}]},{"@type":"WebSite","@id":"https:\/\/www.dakarmania.cz\/#website","url":"https:\/\/www.dakarmania.cz\/","name":"DAKARMANIA.cz","description":"\u017dijeme Dakarem cel\u00fd rok","publisher":{"@id":"https:\/\/www.dakarmania.cz\/#organization"},"potentialAction":[{"@type":"SearchAction","target":{"@type":"EntryPoint","urlTemplate":"https:\/\/www.dakarmania.cz\/?s={search_term_string}"},"query-input":{"@type":"PropertyValueSpecification","valueRequired":true,"valueName":"search_term_string"}}],"inLanguage":"cs"},{"@type":"Organization","@id":"https:\/\/www.dakarmania.cz\/#organization","name":"DAKAR MANIA","url":"https:\/\/www.dakarmania.cz\/","logo":{"@type":"ImageObject","inLanguage":"cs","@id":"https:\/\/www.dakarmania.cz\/#\/schema\/logo\/image\/","url":"https:\/\/www.dakarmania.cz\/wp-content\/uploads\/2018\/12\/Dakar-Mania-Logo-Square-Orange.png","contentUrl":"https:\/\/www.dakarmania.cz\/wp-content\/uploads\/2018\/12\/Dakar-Mania-Logo-Square-Orange.png","width":992,"height":992,"caption":"DAKAR MANIA"},"image":{"@id":"https:\/\/www.dakarmania.cz\/#\/schema\/logo\/image\/"},"sameAs":["https:\/\/www.facebook.com\/dakarmania\/"]},{"@type":"Person","@id":"https:\/\/www.dakarmania.cz\/#\/schema\/person\/04eb0e87a389631c2169c0dddae7ff1e","name":"Zden\u011bk Zelenka","image":{"@type":"ImageObject","inLanguage":"cs","@id":"https:\/\/www.dakarmania.cz\/#\/schema\/person\/image\/","url":"https:\/\/secure.gravatar.com\/avatar\/2c80d5a4942fe0900b73cc7d3837a509d6ee0a276a2b76dac95c92bd0763a89b?s=96&d=mm&r=g","contentUrl":"https:\/\/secure.gravatar.com\/avatar\/2c80d5a4942fe0900b73cc7d3837a509d6ee0a276a2b76dac95c92bd0763a89b?s=96&d=mm&r=g","caption":"Zden\u011bk Zelenka"},"description":"Moji d\u011bt\u0161t\u00ed hrdinov\u00e9 se jmenovali Loprais, Moskal, Neveu, Vatanen, Rahier... A tihle borci, jejich n\u00e1sledovn\u00edci a jejich p\u0159\u00edb\u011bhy m\u011b nep\u0159estali fascinovat ani po letech, kdy jsem vyrostl a zam\u011bstn\u00e1valy m\u011b jin\u00e9 discipl\u00edny motorsportu. Proto se zrodila DAKARMANIA.","url":"https:\/\/www.dakarmania.cz\/index.php\/author\/dakarmania\/"}]}},"amp_enabled":true,"_links":{"self":[{"href":"https:\/\/www.dakarmania.cz\/index.php\/wp-json\/wp\/v2\/posts\/19448","targetHints":{"allow":["GET"]}}],"collection":[{"href":"https:\/\/www.dakarmania.cz\/index.php\/wp-json\/wp\/v2\/posts"}],"about":[{"href":"https:\/\/www.dakarmania.cz\/index.php\/wp-json\/wp\/v2\/types\/post"}],"author":[{"embeddable":true,"href":"https:\/\/www.dakarmania.cz\/index.php\/wp-json\/wp\/v2\/users\/1"}],"replies":[{"embeddable":true,"href":"https:\/\/www.dakarmania.cz\/index.php\/wp-json\/wp\/v2\/comments?post=19448"}],"version-history":[{"count":5,"href":"https:\/\/www.dakarmania.cz\/index.php\/wp-json\/wp\/v2\/posts\/19448\/revisions"}],"predecessor-version":[{"id":23790,"href":"https:\/\/www.dakarmania.cz\/index.php\/wp-json\/wp\/v2\/posts\/19448\/revisions\/23790"}],"wp:featuredmedia":[{"embeddable":true,"href":"https:\/\/www.dakarmania.cz\/index.php\/wp-json\/wp\/v2\/media\/19445"}],"wp:attachment":[{"href":"https:\/\/www.dakarmania.cz\/index.php\/wp-json\/wp\/v2\/media?parent=19448"}],"wp:term":[{"taxonomy":"category","embeddable":true,"href":"https:\/\/www.dakarmania.cz\/index.php\/wp-json\/wp\/v2\/categories?post=19448"},{"taxonomy":"post_tag","embeddable":true,"href":"https:\/\/www.dakarmania.cz\/index.php\/wp-json\/wp\/v2\/tags?post=19448"}],"curies":[{"name":"wp","href":"https:\/\/api.w.org\/{rel}","templated":true}]}}