{"id":19960,"date":"2021-06-25T15:32:54","date_gmt":"2021-06-25T13:32:54","guid":{"rendered":"https:\/\/www.dakarmania.cz\/?p=19960"},"modified":"2021-10-18T23:47:04","modified_gmt":"2021-10-18T21:47:04","slug":"dakar-2022-podmol-malle-moto","status":"publish","type":"post","link":"https:\/\/www.dakarmania.cz\/index.php\/2021\/06\/25\/dakar-2022-podmol-malle-moto\/","title":{"rendered":"Dakar 2022: Podmol se pou\u0161t\u00ed do malle moto a mysl\u00ed na trofej"},"content":{"rendered":"<p>[vc_row][vc_column][vc_column_text css_animation=&#8221;fadeIn&#8221;]<\/p>\n<h3>Libor Podmol se p\u0159\u00ed\u0161t\u00ed rok znovu postav\u00ed na start Rally Dakar. Stejn\u011b jako p\u0159i leto\u0161n\u00ed premi\u00e9\u0159e pojede na motocyklu, ale tentokr\u00e1t bez podpory a pomoci t\u00fdmu.<\/h3>\n<p>[\/vc_column_text][vc_single_image image=&#8221;19959&#8243; img_size=&#8221;large&#8221; add_caption=&#8221;yes&#8221; alignment=&#8221;center&#8221; onclick=&#8221;link_image&#8221; css_animation=&#8221;fadeIn&#8221;][vc_column_text css_animation=&#8221;fadeIn&#8221;]Na Rally Dakar 2021 obsadil Libor Podmol 31. m\u00edsto v kategorii motocykl\u016f, p\u0159esto\u017ee b\u011bhem sout\u011b\u017ee n\u011bkolikr\u00e1t nep\u0159\u00edjemn\u011b upadl a musel \u0159e\u0161it i technick\u00e9 probl\u00e9my. Prvn\u00ed \u00fa\u010dast na nejslavn\u011bj\u0161\u00ed maratonsk\u00e9 rally sv\u011bta dala zn\u00e1m\u00e9mu freestyle motokrosa\u0159i po\u0159\u00e1dn\u011b zabrat. Po \u00favodn\u00ed t\u0159etin\u011b z\u00e1vodu byl p\u0159esv\u011bd\u010den, \u017ee se na Dakar u\u017e nikdy vracet nechce.<\/p>\n<p><em>\u201e\u010ctvrt\u00fd den jsem volal \u017een\u011b a \u0159\u00edkal j\u00ed, aby mi dala rovnou facku, pokud je\u0161t\u011b n\u011bkdy za\u010dnu mluvit o tom, \u017ee bych jel na Dakar. Uji\u0161\u0165oval jsem ji, \u017ee tam u\u017e nikdy v \u017eivot\u011b nepojedu. Takhle jsem tam na tom byl. Ned\u00e1valo mi to v\u0161echno moc smysl,\u201c<\/em> p\u0159ipustil <strong>Libor Podmol<\/strong> v rozhovoru pro <a href=\"http:\/\/eshop.dakarmania.cz\/dm-3\/\">magaz\u00edn DAKARMANIA #3<\/a>.<\/p>\n<p>Ve druh\u00e9 polovin\u011b sout\u011b\u017ee v\u0161ak p\u0159i\u0161ly pozitivn\u011bj\u0161\u00ed dny, kdy dok\u00e1zal dr\u017eet tempo se \u0161ir\u0161\u00ed \u0161pi\u010dkou celkov\u00e9 klasifikace, co\u017e jej povzbudilo. I d\u00edky tomu po n\u00e1vratu ze Sa\u00fadsk\u00e9 Ar\u00e1bie p\u0159ipustil, \u017ee ke sv\u00e9mu dakarsk\u00e9mu p\u0159\u00edb\u011bhu mo\u017en\u00e1 n\u011bkdy v budoucnu p\u0159id\u00e1 dal\u0161\u00ed kapitolu.<\/p>\n<p><em>\u201eMysl\u00edm, \u017ee bychom jeden Dakar je\u0161t\u011b mohli nebo m\u011bli d\u00e1t. Jenom nev\u00edm, jestli to bude hned ten p\u0159\u00ed\u0161t\u00ed,\u201c<\/em> pokra\u010doval Podmol. <em>\u201eNen\u00ed to tak, \u017ee bych se utr\u00e1pil, pokud bych se na Dakar u\u017e nikdy nevr\u00e1til, ale neberu to ani tak, \u017ee m\u00e1m spln\u011bno a u\u017e se tam vracet nechci. Jenom to mus\u00ed m\u00edt hlavu a patu.\u201c<\/em>[\/vc_column_text][vc_column_text css_animation=&#8221;fadeIn&#8221;]<\/p>\n<h4>Dok\u00e1zat, \u017ee i nemo\u017en\u00e9 je mo\u017en\u00e9<\/h4>\n<p>B\u011bhem jara si odpo\u010dinul, vyhodnotil v\u0161echna pro a proti, zv\u00e1\u017eil mo\u017enost p\u0159esednut\u00ed za volant buginy kategorie side-by-side a u\u010dinil rozhodnut\u00ed: <em>\u201eDo\u0161lo mi, \u017ee tam je\u0161t\u011b m\u00e1m co \u0159\u00edct. Nabral jsem spoustu zku\u0161enost\u00ed a p\u0159i\u0161lo mi blb\u00fd, abych v\u0161echno to tr\u00e1pen\u00ed a tr\u00e9nink po jednom pokusu zahodil a u\u017e se tomu d\u00e1l nev\u011bnoval. Po n\u00e1vratu z Dakaru jsem nav\u00edc p\u0159ed sebou nem\u011bl \u017e\u00e1dn\u00fd dal\u0161\u00ed sportovn\u00ed c\u00edl, co\u017e m\u011b tro\u0161i\u010dku ub\u00edjelo. Te\u010f u\u017e jsem se nastavil, \u017ee jedeme Dakar 2022, tak\u017ee m\u00e1m znovu pro\u010d tr\u00e9novat a makat.\u201c<\/em><\/p>\n<p><em>\u201eRozhodl jsem se, \u017ee pojedu zase na motorce. Je pravda, \u017ee jsem koketoval s my\u0161lenkou startu s buginou, ale \u010das let\u00ed, je mi sedmat\u0159icet a mysl\u00edm si, \u017ee s buginou budu moct jet t\u0159eba i za deset nebo mo\u017en\u00e1 patn\u00e1ct let. Na motorce u\u017e to ur\u010dit\u011b nep\u016fjde,\u201c<\/em> uv\u011bdomuje si Podmol.<\/p>\n<p>P\u0159i druh\u00e9m startu se nav\u00edc pokus\u00ed usp\u011bt v poh\u00e1ru Original by Motul, jen\u017e je ka\u017edoro\u010dn\u011b vypisov\u00e1n pro motocyklisty a \u010dty\u0159kolk\u00e1\u0159e, kte\u0159\u00ed nejslavn\u011bj\u0161\u00ed maratonskou rally sv\u011bta absolvuj\u00ed bez asistence. V bivaku nesm\u00ed vyu\u017e\u00edt pomoci mechanik\u016f, o sout\u011b\u017en\u00ed techniku se mus\u00ed ka\u017ed\u00fd ve\u010der postarat sami a k dispozici maj\u00ed jen omezen\u00e9 mno\u017estv\u00ed vybaven\u00ed.<\/p>\n<p><em>\u201eV nejdrsn\u011bj\u0161\u00ed kategorii malle moto chci startovat i proto, \u017ee mi loni skoro nikdo nev\u011b\u0159il, \u017ee mohu Dakar dojet, proto\u017ee jsem na to moc mal\u00fd a huben\u00fd. Ale s t\u00fdmem jsem to zvl\u00e1dl a te\u010f chci dok\u00e1zat, \u017ee to zvl\u00e1dnu i s batohem na z\u00e1dech. Je pravda, \u017ee lid\u00e9, kter\u00fdm \u0159eknu, \u017ee pojedu malle moto, na m\u011b koukaj\u00ed s vyt\u0159e\u0161t\u011bn\u00fdma o\u010dima. V\u00edm, \u017ee to bude je\u0161t\u011b n\u00e1ro\u010dn\u011bj\u0161\u00ed, ale m\u011b bav\u00ed lidem ukazovat, \u017ee i to, co se zd\u00e1 b\u00fdt na prvn\u00ed pohled nemo\u017en\u00e9, se m\u016f\u017ee t\u0159eba poda\u0159it.\u201c<\/em>[\/vc_column_text][vc_single_image image=&#8221;19958&#8243; img_size=&#8221;large&#8221; add_caption=&#8221;yes&#8221; alignment=&#8221;center&#8221; onclick=&#8221;link_image&#8221; css_animation=&#8221;fadeIn&#8221;][vc_column_text css_animation=&#8221;fadeIn&#8221;]<\/p>\n<h4>M\u00edt bedu\u00edna by bylo fajn<\/h4>\n<p>Na Dakaru 2021 se Podmol po dojezdu do bivaku v\u011bnoval p\u0159edev\u0161\u00edm regeneraci, medi\u00e1ln\u00ed prezentaci a tak\u00e9 dlouh\u00fdm a vydatn\u00fdm ve\u010de\u0159\u00edm, nebo\u0165 p\u0159i sv\u00e9 t\u011blesn\u00e9 konstituci bojoval s procentu\u00e1ln\u011b v\u00fdrazn\u00fdm \u00fabytkem hmotnosti. Na to v\u0161e bude m\u00edt tentokr\u00e1t m\u00e9n\u011b \u010dasu, o kter\u00fd jej p\u0159iprav\u00ed p\u00e9\u010de o motocykl.<\/p>\n<p><em>\u201eBude to samoz\u0159ejm\u011b n\u00e1ro\u010dn\u00e9, proto\u017ee dr\u00e1tky a elektrika pro m\u011b jsou \u00fapln\u011b n\u011bco nov\u00e9ho, ale mysl\u00edm, \u017ee to zvl\u00e1dnu. Celkov\u011b jsem s dakarskou motorkou o dost v\u011bt\u0161\u00ed k\u00e1mo\u0161 ne\u017e p\u0159ed rokem. Samoz\u0159ejm\u011b se m\u016f\u017ee st\u00e1t cokoliv a m\u016f\u017eu vypadnout prvn\u00ed nebo druh\u00fd den, ale \u0161tvalo by m\u011b, kdybych to nezkusil,\u201c<\/em> pokra\u010duje Podmol, jeho\u017e ke vstupu do malle moto motivuje i mo\u017enost usilovat ve sv\u00e9 kategorii o \u0161pi\u010dkov\u00e9 um\u00edst\u011bn\u00ed.<\/p>\n<p><em>\u201eJsem si v\u011bdom, \u017ee nem\u00e1m \u0161anci \u00fapln\u011b bojovat proti fabrick\u00fdm t\u00fdm\u016fm. Na druhou stranu v malle moto budeme v\u0161ichni soupe\u0159it za stejn\u00fdch podm\u00ednek a \u0161ance na n\u011bjak\u00fd \u00fasp\u011bch tam je v\u011bt\u0161\u00ed. Ur\u010dit\u011b budu cht\u00edt urvat nejlep\u0161\u00ed v\u00fdsledek, jak\u00fd budu schopen z\u00edskat. M\u00edt doma bedu\u00edna z Dakaru by bylo fajn,\u201c<\/em> usm\u00edv\u00e1 se Podmol. <em>\u201eHlavn\u011b se mus\u00edm vyvarovat zbrkl\u00fdch chyb, kter\u00e9 jsem d\u011blal letos. Prvn\u00ed a posledn\u00ed den se nez\u00e1vod\u00ed! Celkov\u011b mus\u00edm jet s v\u011bt\u0161\u00edm klidem a rozvahou, ned\u011blat chyby. Pokud jsem je ned\u011blal, jezdil jsem se skupinou, kter\u00e1 byla kolem dvac\u00edtky absolutn\u011b. A tam se pohybuje i \u0161pi\u010dka malle moto.\u201c<\/em><\/p>\n<p><em>\u201eKa\u017edop\u00e1dn\u011b v\u00edm, \u017ee se na to dok\u00e1\u017eu p\u0159ipravit. Loni v \u010dervnu jsem takhle nechodil, fyzicky mi nebylo zdaleka tak dob\u0159e. Te\u010f se c\u00edt\u00edm mnohem l\u00edp. M\u00e1m sestaven\u00fd tr\u00e9ninkov\u00fd pl\u00e1n a v\u00edm, kudy d\u00e1l. Pokus\u00edm se maxim\u00e1ln\u011b z\u00faro\u010dit zku\u0161enosti a p\u0159ipravit se je\u0161t\u011b l\u00e9pe,\u201c<\/em> uzav\u00edr\u00e1 Podmol.[\/vc_column_text][vc_empty_space height=&#8221;2px&#8221;][\/vc_column][\/vc_row]<\/p>\n","protected":false},"excerpt":{"rendered":"<p>Libor Podmol se p\u0159\u00ed\u0161t\u00ed rok znovu postav\u00ed na start Rally Dakar. Stejn\u011b jako p\u0159i premi\u00e9\u0159e pojede na motocyklu, ale tentokr\u00e1t bez pomoci t\u00fdmu.<\/p>\n","protected":false},"author":1,"featured_media":19958,"comment_status":"open","ping_status":"closed","sticky":false,"template":"","format":"standard","meta":{"footnotes":""},"categories":[1810,15],"tags":[1630,1766,8,1765,1637,1723,1795],"class_list":["post-19960","post","type-post","status-publish","format-standard","has-post-thumbnail","hentry","category-dakar-2022","category-moto-quad","tag-1630","tag-1766","tag-dakar","tag-dakar-2022","tag-libor-podmol","tag-malle-moto","tag-podmol-dakar-team"],"yoast_head":"<!-- This site is optimized with the Yoast SEO plugin v24.9 - https:\/\/yoast.com\/wordpress\/plugins\/seo\/ -->\n<title>Dakar 2022: Podmol se pou\u0161t\u00ed do malle moto a mysl\u00ed na trofej - DAKARMANIA.cz<\/title>\n<meta name=\"description\" content=\"Libor Podmol se p\u0159\u00ed\u0161t\u00ed rok znovu postav\u00ed na start Rally Dakar. Stejn\u011b jako p\u0159i premi\u00e9\u0159e pojede na motocyklu, ale tentokr\u00e1t bez pomoci t\u00fdmu.\" \/>\n<meta name=\"robots\" content=\"index, follow, max-snippet:-1, max-image-preview:large, max-video-preview:-1\" \/>\n<link rel=\"canonical\" href=\"https:\/\/www.dakarmania.cz\/index.php\/2021\/06\/25\/dakar-2022-podmol-malle-moto\/\" \/>\n<meta property=\"og:locale\" content=\"cs_CZ\" \/>\n<meta property=\"og:type\" content=\"article\" \/>\n<meta property=\"og:title\" content=\"Dakar 2022: Podmol se pou\u0161t\u00ed do malle moto a mysl\u00ed na trofej - DAKARMANIA.cz\" \/>\n<meta property=\"og:description\" content=\"Libor Podmol se p\u0159\u00ed\u0161t\u00ed rok znovu postav\u00ed na start Rally Dakar. Stejn\u011b jako p\u0159i premi\u00e9\u0159e pojede na motocyklu, ale tentokr\u00e1t bez pomoci t\u00fdmu.\" \/>\n<meta property=\"og:url\" content=\"https:\/\/www.dakarmania.cz\/index.php\/2021\/06\/25\/dakar-2022-podmol-malle-moto\/\" \/>\n<meta property=\"og:site_name\" content=\"DAKARMANIA.cz\" \/>\n<meta property=\"article:publisher\" content=\"https:\/\/www.facebook.com\/dakarmania\/\" \/>\n<meta property=\"article:published_time\" content=\"2021-06-25T13:32:54+00:00\" \/>\n<meta property=\"article:modified_time\" content=\"2021-10-18T21:47:04+00:00\" \/>\n<meta property=\"og:image\" content=\"https:\/\/www.dakarmania.cz\/wp-content\/uploads\/2021\/06\/21-dakar-podmol-04.jpg\" \/>\n\t<meta property=\"og:image:width\" content=\"1024\" \/>\n\t<meta property=\"og:image:height\" content=\"683\" \/>\n\t<meta property=\"og:image:type\" content=\"image\/jpeg\" \/>\n<meta name=\"author\" content=\"Zden\u011bk Zelenka\" \/>\n<meta name=\"twitter:card\" content=\"summary_large_image\" \/>\n<meta name=\"twitter:label1\" content=\"Napsal(a)\" \/>\n\t<meta name=\"twitter:data1\" content=\"Zden\u011bk Zelenka\" \/>\n\t<meta name=\"twitter:label2\" content=\"Odhadovan\u00e1 doba \u010dten\u00ed\" \/>\n\t<meta name=\"twitter:data2\" content=\"4 minuty\" \/>\n<script type=\"application\/ld+json\" class=\"yoast-schema-graph\">{\"@context\":\"https:\/\/schema.org\",\"@graph\":[{\"@type\":\"Article\",\"@id\":\"https:\/\/www.dakarmania.cz\/index.php\/2021\/06\/25\/dakar-2022-podmol-malle-moto\/#article\",\"isPartOf\":{\"@id\":\"https:\/\/www.dakarmania.cz\/index.php\/2021\/06\/25\/dakar-2022-podmol-malle-moto\/\"},\"author\":{\"name\":\"Zden\u011bk Zelenka\",\"@id\":\"https:\/\/www.dakarmania.cz\/#\/schema\/person\/04eb0e87a389631c2169c0dddae7ff1e\"},\"headline\":\"Dakar 2022: Podmol se pou\u0161t\u00ed do malle moto a mysl\u00ed na trofej\",\"datePublished\":\"2021-06-25T13:32:54+00:00\",\"dateModified\":\"2021-10-18T21:47:04+00:00\",\"mainEntityOfPage\":{\"@id\":\"https:\/\/www.dakarmania.cz\/index.php\/2021\/06\/25\/dakar-2022-podmol-malle-moto\/\"},\"wordCount\":1108,\"commentCount\":0,\"publisher\":{\"@id\":\"https:\/\/www.dakarmania.cz\/#organization\"},\"image\":{\"@id\":\"https:\/\/www.dakarmania.cz\/index.php\/2021\/06\/25\/dakar-2022-podmol-malle-moto\/#primaryimage\"},\"thumbnailUrl\":\"https:\/\/www.dakarmania.cz\/wp-content\/uploads\/2021\/06\/21-dakar-podmol-04.jpg\",\"keywords\":[\"2021\",\"2022\",\"Dakar\",\"Dakar 2022\",\"Libor Podmol\",\"malle moto\",\"Podmol Dakar Team\"],\"articleSection\":[\"Dakar 2022\",\"Moto\/Quad\"],\"inLanguage\":\"cs\",\"potentialAction\":[{\"@type\":\"CommentAction\",\"name\":\"Comment\",\"target\":[\"https:\/\/www.dakarmania.cz\/index.php\/2021\/06\/25\/dakar-2022-podmol-malle-moto\/#respond\"]}]},{\"@type\":\"WebPage\",\"@id\":\"https:\/\/www.dakarmania.cz\/index.php\/2021\/06\/25\/dakar-2022-podmol-malle-moto\/\",\"url\":\"https:\/\/www.dakarmania.cz\/index.php\/2021\/06\/25\/dakar-2022-podmol-malle-moto\/\",\"name\":\"Dakar 2022: Podmol se pou\u0161t\u00ed do malle moto a mysl\u00ed na trofej - DAKARMANIA.cz\",\"isPartOf\":{\"@id\":\"https:\/\/www.dakarmania.cz\/#website\"},\"primaryImageOfPage\":{\"@id\":\"https:\/\/www.dakarmania.cz\/index.php\/2021\/06\/25\/dakar-2022-podmol-malle-moto\/#primaryimage\"},\"image\":{\"@id\":\"https:\/\/www.dakarmania.cz\/index.php\/2021\/06\/25\/dakar-2022-podmol-malle-moto\/#primaryimage\"},\"thumbnailUrl\":\"https:\/\/www.dakarmania.cz\/wp-content\/uploads\/2021\/06\/21-dakar-podmol-04.jpg\",\"datePublished\":\"2021-06-25T13:32:54+00:00\",\"dateModified\":\"2021-10-18T21:47:04+00:00\",\"description\":\"Libor Podmol se p\u0159\u00ed\u0161t\u00ed rok znovu postav\u00ed na start Rally Dakar. Stejn\u011b jako p\u0159i premi\u00e9\u0159e pojede na motocyklu, ale tentokr\u00e1t bez pomoci t\u00fdmu.\",\"breadcrumb\":{\"@id\":\"https:\/\/www.dakarmania.cz\/index.php\/2021\/06\/25\/dakar-2022-podmol-malle-moto\/#breadcrumb\"},\"inLanguage\":\"cs\",\"potentialAction\":[{\"@type\":\"ReadAction\",\"target\":[\"https:\/\/www.dakarmania.cz\/index.php\/2021\/06\/25\/dakar-2022-podmol-malle-moto\/\"]}]},{\"@type\":\"ImageObject\",\"inLanguage\":\"cs\",\"@id\":\"https:\/\/www.dakarmania.cz\/index.php\/2021\/06\/25\/dakar-2022-podmol-malle-moto\/#primaryimage\",\"url\":\"https:\/\/www.dakarmania.cz\/wp-content\/uploads\/2021\/06\/21-dakar-podmol-04.jpg\",\"contentUrl\":\"https:\/\/www.dakarmania.cz\/wp-content\/uploads\/2021\/06\/21-dakar-podmol-04.jpg\",\"width\":1024,\"height\":683,\"caption\":\"Libor Podmol, Husqvarna FR 450 Rally, Podmol Dakar Team. \u00a9 Podmol Dakar Team\"},{\"@type\":\"BreadcrumbList\",\"@id\":\"https:\/\/www.dakarmania.cz\/index.php\/2021\/06\/25\/dakar-2022-podmol-malle-moto\/#breadcrumb\",\"itemListElement\":[{\"@type\":\"ListItem\",\"position\":1,\"name\":\"Dom\u016f\",\"item\":\"https:\/\/www.dakarmania.cz\/\"},{\"@type\":\"ListItem\",\"position\":2,\"name\":\"Dakar 2022: Podmol se pou\u0161t\u00ed do malle moto a mysl\u00ed na trofej\"}]},{\"@type\":\"WebSite\",\"@id\":\"https:\/\/www.dakarmania.cz\/#website\",\"url\":\"https:\/\/www.dakarmania.cz\/\",\"name\":\"DAKARMANIA.cz\",\"description\":\"\u017dijeme Dakarem cel\u00fd rok\",\"publisher\":{\"@id\":\"https:\/\/www.dakarmania.cz\/#organization\"},\"potentialAction\":[{\"@type\":\"SearchAction\",\"target\":{\"@type\":\"EntryPoint\",\"urlTemplate\":\"https:\/\/www.dakarmania.cz\/?s={search_term_string}\"},\"query-input\":{\"@type\":\"PropertyValueSpecification\",\"valueRequired\":true,\"valueName\":\"search_term_string\"}}],\"inLanguage\":\"cs\"},{\"@type\":\"Organization\",\"@id\":\"https:\/\/www.dakarmania.cz\/#organization\",\"name\":\"DAKAR MANIA\",\"url\":\"https:\/\/www.dakarmania.cz\/\",\"logo\":{\"@type\":\"ImageObject\",\"inLanguage\":\"cs\",\"@id\":\"https:\/\/www.dakarmania.cz\/#\/schema\/logo\/image\/\",\"url\":\"https:\/\/www.dakarmania.cz\/wp-content\/uploads\/2018\/12\/Dakar-Mania-Logo-Square-Orange.png\",\"contentUrl\":\"https:\/\/www.dakarmania.cz\/wp-content\/uploads\/2018\/12\/Dakar-Mania-Logo-Square-Orange.png\",\"width\":992,\"height\":992,\"caption\":\"DAKAR MANIA\"},\"image\":{\"@id\":\"https:\/\/www.dakarmania.cz\/#\/schema\/logo\/image\/\"},\"sameAs\":[\"https:\/\/www.facebook.com\/dakarmania\/\"]},{\"@type\":\"Person\",\"@id\":\"https:\/\/www.dakarmania.cz\/#\/schema\/person\/04eb0e87a389631c2169c0dddae7ff1e\",\"name\":\"Zden\u011bk Zelenka\",\"image\":{\"@type\":\"ImageObject\",\"inLanguage\":\"cs\",\"@id\":\"https:\/\/www.dakarmania.cz\/#\/schema\/person\/image\/\",\"url\":\"https:\/\/secure.gravatar.com\/avatar\/2c80d5a4942fe0900b73cc7d3837a509d6ee0a276a2b76dac95c92bd0763a89b?s=96&d=mm&r=g\",\"contentUrl\":\"https:\/\/secure.gravatar.com\/avatar\/2c80d5a4942fe0900b73cc7d3837a509d6ee0a276a2b76dac95c92bd0763a89b?s=96&d=mm&r=g\",\"caption\":\"Zden\u011bk Zelenka\"},\"description\":\"Moji d\u011bt\u0161t\u00ed hrdinov\u00e9 se jmenovali Loprais, Moskal, Neveu, Vatanen, Rahier... A tihle borci, jejich n\u00e1sledovn\u00edci a jejich p\u0159\u00edb\u011bhy m\u011b nep\u0159estali fascinovat ani po letech, kdy jsem vyrostl a zam\u011bstn\u00e1valy m\u011b jin\u00e9 discipl\u00edny motorsportu. Proto se zrodila DAKARMANIA.\",\"url\":\"https:\/\/www.dakarmania.cz\/index.php\/author\/dakarmania\/\"}]}<\/script>\n<!-- \/ Yoast SEO plugin. -->","yoast_head_json":{"title":"Dakar 2022: Podmol se pou\u0161t\u00ed do malle moto a mysl\u00ed na trofej - DAKARMANIA.cz","description":"Libor Podmol se p\u0159\u00ed\u0161t\u00ed rok znovu postav\u00ed na start Rally Dakar. Stejn\u011b jako p\u0159i premi\u00e9\u0159e pojede na motocyklu, ale tentokr\u00e1t bez pomoci t\u00fdmu.","robots":{"index":"index","follow":"follow","max-snippet":"max-snippet:-1","max-image-preview":"max-image-preview:large","max-video-preview":"max-video-preview:-1"},"canonical":"https:\/\/www.dakarmania.cz\/index.php\/2021\/06\/25\/dakar-2022-podmol-malle-moto\/","og_locale":"cs_CZ","og_type":"article","og_title":"Dakar 2022: Podmol se pou\u0161t\u00ed do malle moto a mysl\u00ed na trofej - DAKARMANIA.cz","og_description":"Libor Podmol se p\u0159\u00ed\u0161t\u00ed rok znovu postav\u00ed na start Rally Dakar. Stejn\u011b jako p\u0159i premi\u00e9\u0159e pojede na motocyklu, ale tentokr\u00e1t bez pomoci t\u00fdmu.","og_url":"https:\/\/www.dakarmania.cz\/index.php\/2021\/06\/25\/dakar-2022-podmol-malle-moto\/","og_site_name":"DAKARMANIA.cz","article_publisher":"https:\/\/www.facebook.com\/dakarmania\/","article_published_time":"2021-06-25T13:32:54+00:00","article_modified_time":"2021-10-18T21:47:04+00:00","og_image":[{"width":1024,"height":683,"url":"https:\/\/www.dakarmania.cz\/wp-content\/uploads\/2021\/06\/21-dakar-podmol-04.jpg","type":"image\/jpeg"}],"author":"Zden\u011bk Zelenka","twitter_card":"summary_large_image","twitter_misc":{"Napsal(a)":"Zden\u011bk Zelenka","Odhadovan\u00e1 doba \u010dten\u00ed":"4 minuty"},"schema":{"@context":"https:\/\/schema.org","@graph":[{"@type":"Article","@id":"https:\/\/www.dakarmania.cz\/index.php\/2021\/06\/25\/dakar-2022-podmol-malle-moto\/#article","isPartOf":{"@id":"https:\/\/www.dakarmania.cz\/index.php\/2021\/06\/25\/dakar-2022-podmol-malle-moto\/"},"author":{"name":"Zden\u011bk Zelenka","@id":"https:\/\/www.dakarmania.cz\/#\/schema\/person\/04eb0e87a389631c2169c0dddae7ff1e"},"headline":"Dakar 2022: Podmol se pou\u0161t\u00ed do malle moto a mysl\u00ed na trofej","datePublished":"2021-06-25T13:32:54+00:00","dateModified":"2021-10-18T21:47:04+00:00","mainEntityOfPage":{"@id":"https:\/\/www.dakarmania.cz\/index.php\/2021\/06\/25\/dakar-2022-podmol-malle-moto\/"},"wordCount":1108,"commentCount":0,"publisher":{"@id":"https:\/\/www.dakarmania.cz\/#organization"},"image":{"@id":"https:\/\/www.dakarmania.cz\/index.php\/2021\/06\/25\/dakar-2022-podmol-malle-moto\/#primaryimage"},"thumbnailUrl":"https:\/\/www.dakarmania.cz\/wp-content\/uploads\/2021\/06\/21-dakar-podmol-04.jpg","keywords":["2021","2022","Dakar","Dakar 2022","Libor Podmol","malle moto","Podmol Dakar Team"],"articleSection":["Dakar 2022","Moto\/Quad"],"inLanguage":"cs","potentialAction":[{"@type":"CommentAction","name":"Comment","target":["https:\/\/www.dakarmania.cz\/index.php\/2021\/06\/25\/dakar-2022-podmol-malle-moto\/#respond"]}]},{"@type":"WebPage","@id":"https:\/\/www.dakarmania.cz\/index.php\/2021\/06\/25\/dakar-2022-podmol-malle-moto\/","url":"https:\/\/www.dakarmania.cz\/index.php\/2021\/06\/25\/dakar-2022-podmol-malle-moto\/","name":"Dakar 2022: Podmol se pou\u0161t\u00ed do malle moto a mysl\u00ed na trofej - DAKARMANIA.cz","isPartOf":{"@id":"https:\/\/www.dakarmania.cz\/#website"},"primaryImageOfPage":{"@id":"https:\/\/www.dakarmania.cz\/index.php\/2021\/06\/25\/dakar-2022-podmol-malle-moto\/#primaryimage"},"image":{"@id":"https:\/\/www.dakarmania.cz\/index.php\/2021\/06\/25\/dakar-2022-podmol-malle-moto\/#primaryimage"},"thumbnailUrl":"https:\/\/www.dakarmania.cz\/wp-content\/uploads\/2021\/06\/21-dakar-podmol-04.jpg","datePublished":"2021-06-25T13:32:54+00:00","dateModified":"2021-10-18T21:47:04+00:00","description":"Libor Podmol se p\u0159\u00ed\u0161t\u00ed rok znovu postav\u00ed na start Rally Dakar. Stejn\u011b jako p\u0159i premi\u00e9\u0159e pojede na motocyklu, ale tentokr\u00e1t bez pomoci t\u00fdmu.","breadcrumb":{"@id":"https:\/\/www.dakarmania.cz\/index.php\/2021\/06\/25\/dakar-2022-podmol-malle-moto\/#breadcrumb"},"inLanguage":"cs","potentialAction":[{"@type":"ReadAction","target":["https:\/\/www.dakarmania.cz\/index.php\/2021\/06\/25\/dakar-2022-podmol-malle-moto\/"]}]},{"@type":"ImageObject","inLanguage":"cs","@id":"https:\/\/www.dakarmania.cz\/index.php\/2021\/06\/25\/dakar-2022-podmol-malle-moto\/#primaryimage","url":"https:\/\/www.dakarmania.cz\/wp-content\/uploads\/2021\/06\/21-dakar-podmol-04.jpg","contentUrl":"https:\/\/www.dakarmania.cz\/wp-content\/uploads\/2021\/06\/21-dakar-podmol-04.jpg","width":1024,"height":683,"caption":"Libor Podmol, Husqvarna FR 450 Rally, Podmol Dakar Team. \u00a9 Podmol Dakar Team"},{"@type":"BreadcrumbList","@id":"https:\/\/www.dakarmania.cz\/index.php\/2021\/06\/25\/dakar-2022-podmol-malle-moto\/#breadcrumb","itemListElement":[{"@type":"ListItem","position":1,"name":"Dom\u016f","item":"https:\/\/www.dakarmania.cz\/"},{"@type":"ListItem","position":2,"name":"Dakar 2022: Podmol se pou\u0161t\u00ed do malle moto a mysl\u00ed na trofej"}]},{"@type":"WebSite","@id":"https:\/\/www.dakarmania.cz\/#website","url":"https:\/\/www.dakarmania.cz\/","name":"DAKARMANIA.cz","description":"\u017dijeme Dakarem cel\u00fd rok","publisher":{"@id":"https:\/\/www.dakarmania.cz\/#organization"},"potentialAction":[{"@type":"SearchAction","target":{"@type":"EntryPoint","urlTemplate":"https:\/\/www.dakarmania.cz\/?s={search_term_string}"},"query-input":{"@type":"PropertyValueSpecification","valueRequired":true,"valueName":"search_term_string"}}],"inLanguage":"cs"},{"@type":"Organization","@id":"https:\/\/www.dakarmania.cz\/#organization","name":"DAKAR MANIA","url":"https:\/\/www.dakarmania.cz\/","logo":{"@type":"ImageObject","inLanguage":"cs","@id":"https:\/\/www.dakarmania.cz\/#\/schema\/logo\/image\/","url":"https:\/\/www.dakarmania.cz\/wp-content\/uploads\/2018\/12\/Dakar-Mania-Logo-Square-Orange.png","contentUrl":"https:\/\/www.dakarmania.cz\/wp-content\/uploads\/2018\/12\/Dakar-Mania-Logo-Square-Orange.png","width":992,"height":992,"caption":"DAKAR MANIA"},"image":{"@id":"https:\/\/www.dakarmania.cz\/#\/schema\/logo\/image\/"},"sameAs":["https:\/\/www.facebook.com\/dakarmania\/"]},{"@type":"Person","@id":"https:\/\/www.dakarmania.cz\/#\/schema\/person\/04eb0e87a389631c2169c0dddae7ff1e","name":"Zden\u011bk Zelenka","image":{"@type":"ImageObject","inLanguage":"cs","@id":"https:\/\/www.dakarmania.cz\/#\/schema\/person\/image\/","url":"https:\/\/secure.gravatar.com\/avatar\/2c80d5a4942fe0900b73cc7d3837a509d6ee0a276a2b76dac95c92bd0763a89b?s=96&d=mm&r=g","contentUrl":"https:\/\/secure.gravatar.com\/avatar\/2c80d5a4942fe0900b73cc7d3837a509d6ee0a276a2b76dac95c92bd0763a89b?s=96&d=mm&r=g","caption":"Zden\u011bk Zelenka"},"description":"Moji d\u011bt\u0161t\u00ed hrdinov\u00e9 se jmenovali Loprais, Moskal, Neveu, Vatanen, Rahier... A tihle borci, jejich n\u00e1sledovn\u00edci a jejich p\u0159\u00edb\u011bhy m\u011b nep\u0159estali fascinovat ani po letech, kdy jsem vyrostl a zam\u011bstn\u00e1valy m\u011b jin\u00e9 discipl\u00edny motorsportu. Proto se zrodila DAKARMANIA.","url":"https:\/\/www.dakarmania.cz\/index.php\/author\/dakarmania\/"}]}},"amp_enabled":true,"_links":{"self":[{"href":"https:\/\/www.dakarmania.cz\/index.php\/wp-json\/wp\/v2\/posts\/19960","targetHints":{"allow":["GET"]}}],"collection":[{"href":"https:\/\/www.dakarmania.cz\/index.php\/wp-json\/wp\/v2\/posts"}],"about":[{"href":"https:\/\/www.dakarmania.cz\/index.php\/wp-json\/wp\/v2\/types\/post"}],"author":[{"embeddable":true,"href":"https:\/\/www.dakarmania.cz\/index.php\/wp-json\/wp\/v2\/users\/1"}],"replies":[{"embeddable":true,"href":"https:\/\/www.dakarmania.cz\/index.php\/wp-json\/wp\/v2\/comments?post=19960"}],"version-history":[{"count":3,"href":"https:\/\/www.dakarmania.cz\/index.php\/wp-json\/wp\/v2\/posts\/19960\/revisions"}],"predecessor-version":[{"id":23780,"href":"https:\/\/www.dakarmania.cz\/index.php\/wp-json\/wp\/v2\/posts\/19960\/revisions\/23780"}],"wp:featuredmedia":[{"embeddable":true,"href":"https:\/\/www.dakarmania.cz\/index.php\/wp-json\/wp\/v2\/media\/19958"}],"wp:attachment":[{"href":"https:\/\/www.dakarmania.cz\/index.php\/wp-json\/wp\/v2\/media?parent=19960"}],"wp:term":[{"taxonomy":"category","embeddable":true,"href":"https:\/\/www.dakarmania.cz\/index.php\/wp-json\/wp\/v2\/categories?post=19960"},{"taxonomy":"post_tag","embeddable":true,"href":"https:\/\/www.dakarmania.cz\/index.php\/wp-json\/wp\/v2\/tags?post=19960"}],"curies":[{"name":"wp","href":"https:\/\/api.w.org\/{rel}","templated":true}]}}