{"id":2061,"date":"2019-01-13T22:26:38","date_gmt":"2019-01-13T22:26:38","guid":{"rendered":"https:\/\/www.dakarmania.cz\/?p=2061"},"modified":"2019-01-14T00:55:16","modified_gmt":"2019-01-14T00:55:16","slug":"dakar-2019-etapove-vitezstvi-posouva-loeba-na-druhe-misto","status":"publish","type":"post","link":"https:\/\/www.dakarmania.cz\/index.php\/2019\/01\/13\/dakar-2019-etapove-vitezstvi-posouva-loeba-na-druhe-misto\/","title":{"rendered":"Dakar 2019: Etapov\u00e9 v\u00edt\u011bzstv\u00ed posouv\u00e1 Loeba na druh\u00e9 m\u00edsto"},"content":{"rendered":"<p>[vc_row][vc_column][vc_column_text]<\/p>\n<h4>S\u00e9bastien Loeb a Daniel Elena s Peugeotem vyhr\u00e1li \u0161estou etapu, kter\u00e1 zah\u00e1jila druhou polovinu Rally Dakar 2019, a v pr\u016fb\u011b\u017en\u00e9m po\u0159ad\u00ed se posunuli na druh\u00e9 m\u00edsto za Nassera Al-Attiyaha s Toyotou.<\/h4>\n<p>Ned\u011bln\u00ed etapa zavedla \u00fa\u010dastn\u00edky sout\u011b\u017ee z Arequipy do San Juanu de Marcona, na trati jej\u00ed speci\u00e1lky (309 km) \u010dekaly na z\u00e1vodn\u00edky krom\u011b dal\u0161\u00edch n\u00e1strah i pr\u016fjezdy \u010dty\u0159mi dunov\u00fdmi oblastmi a pr\u00e1v\u011b p\u00edse\u010dn\u00e9 hory op\u011bt zam\u00edchaly kartami na \u010dele pr\u016fb\u011b\u017en\u00e9ho hodnocen\u00ed kategorie automobil\u016f.<\/p>\n<p>Loeb zaz\u00e1\u0159il, p\u0159esto\u017ee jako v\u00edt\u011bz p\u0159edchoz\u00ed etapy startoval prvn\u00ed. Do c\u00edle dorazil s n\u00e1skokem dvou minut a sedmn\u00e1cti sekund p\u0159ed Nasserem Al-Attiyahem s Toyotou. Kata\u0159an tak bezpe\u010dn\u011b uh\u00e1jil veden\u00ed, na druhou p\u0159\u00ed\u010dku se s odstupem 37 minut a 43 sekund posunul pr\u00e1v\u011b dev\u00edtin\u00e1sobn\u00fd mistr sv\u011bta v rally.[\/vc_column_text][vc_single_image image=&#8221;2082&#8243; img_size=&#8221;large&#8221; add_caption=&#8221;yes&#8221; alignment=&#8221;center&#8221;][vc_separator][vc_column_text]<em>\u201ePo celou dobu jsme odv\u00e1d\u011bli skv\u011blou pr\u00e1ci, ale patn\u00e1ct kilometr\u016f p\u0159ed c\u00edlem jsme ud\u011blali hrubku,\u201c<\/em> popisoval <strong>Nasser Al-Attiyah<\/strong>. <em>\u201eVydali jsme se do \u0161patn\u00e9ho \u00fadol\u00ed a pak n\u00e1m dlouho trvalo, ne\u017e jsme vyjeli zp\u011bt a vr\u00e1tili se na spr\u00e1vnou trasu. St\u00e1lo n\u00e1s to n\u011bkolik minut, ale po\u0159\u00e1d jsem s na\u0161\u00ed pozic\u00ed spokojen\u00fd. Byl to dobr\u00fd v\u00fdkon, i kdy\u017e v\u00edm, \u017ee S\u00e9bastien bojuje, a proto budu muset tvrd\u011b zabojovat i j\u00e1. Nen\u00ed to \u00fapln\u011b pohodln\u00e9, ale je dob\u0159e, \u017ee m\u00e1me tuto velmi obt\u00ed\u017enou etapu za sebou.\u201c<\/em><\/p>\n<p>Loeb si dnes polep\u0161il o t\u0159i m\u00edsta, kdy\u017e p\u0159edstihl St\u00e9phana Peterhansela (Mini Buggy), Naniho Romu a Jakuba Przygo\u0144sk\u00e9ho (oba Mini 4&#215;4).[\/vc_column_text][vc_single_image image=&#8221;2084&#8243; img_size=&#8221;large&#8221; add_caption=&#8221;yes&#8221; alignment=&#8221;center&#8221;][vc_separator][vc_column_text]Peterhansel znovu zav\u00e1hal a na dvacet minut uv\u00edzl v dun\u00e1ch oblasti Tanaka. Svou ztr\u00e1tu na Loeba dok\u00e1zal st\u00e1hnout na dvan\u00e1ct minut, jen\u017ee v posledn\u00ed \u010d\u00e1sti m\u011b\u0159en\u00e9ho \u00faseku se jeho odstup znovu zv\u00fd\u0161il, t\u0159in\u00e1ctin\u00e1sobn\u00fd v\u00edt\u011bz Dakaru dorazil do c\u00edle o 18:49 min pozd\u011bji ne\u017e jeho krajan a v celkov\u00e9m sou\u010dtu klesl na t\u0159et\u00ed p\u0159\u00ed\u010dku.<\/p>\n<p><em>\u201eDal\u0161\u00ed hloup\u00e1 chyba,\u201c<\/em> p\u0159iznal <strong>St\u00e9phane Peterhansel<\/strong>. <em>\u201eV \u00favodn\u00ed \u010d\u00e1sti to nebylo tak \u0161patn\u00e9, dokud jsem p\u011bt kilometr\u016f p\u0159ed za\u010d\u00e1tkem neutralizace nevid\u011bl zapadl\u00e9ho Naniho Romu. Neukazoval, \u017ee by pot\u0159eboval pomoc, ale proto\u017ee mi on s\u00e1m pomohl p\u0159ed dv\u011bma dny, c\u00edtil jsem, \u017ee je mou povinnost\u00ed mu to oplatit. V\u00fdsledkem bylo, \u017ee jsem na dvacet minut uv\u00edzl v p\u00edsku. To nebyla chyba, to byl prost\u011b kiks. Ud\u011blali jsme p\u0159\u00edli\u0161 mnoho chyb a v\u00edt\u011bzstv\u00ed n\u00e1m ut\u00edk\u00e1 mezi prsty.\u201c<\/em>[\/vc_column_text][vc_single_image image=&#8221;2085&#8243; img_size=&#8221;large&#8221; add_caption=&#8221;yes&#8221; alignment=&#8221;center&#8221;][vc_separator][vc_column_text]Roma byl dnes p\u00e1t\u00fd, jen\u017ee za Loebem zaostal o t\u0159in\u00e1ct minut. V pr\u016fb\u011b\u017en\u00e9 klasifikaci si \u0160pan\u011bl pohor\u0161il na \u010dtvrtou pozici. Od druh\u00e9ho Loeba jej d\u011bl\u00ed 7:41 min, na Peterhansela ztr\u00e1c\u00ed 4:10 min.<\/p>\n<p><em>\u201eZtratili jsme na dvou pr\u016fjezdn\u00edch bodech,\u201c<\/em> vysv\u011btloval <strong>Nani Roma<\/strong>. <em>\u201eNa jednom jsme na sedm minut zapadli a pak n\u00e1m dlouho trvalo, ne\u017e jsme na\u0161li dal\u0161\u00ed. Ale dojeli jsme, tak jsme \u0161\u0165astn\u00ed. \u00c1lex si narazil z\u00e1da, ale bude v po\u0159\u00e1dku. Dnes trp\u011bli v\u0161ichni. Z\u00e1vod je\u0161t\u011b nekon\u010d\u00ed. Dal\u0161\u00ed t\u0159i dny budou n\u00e1ro\u010dn\u00e9. Mus\u00edme zachovat chladnou hlavu.\u201c<\/em><\/p>\n<p>Je\u0161t\u011b hor\u0161\u00ed byla \u0161est\u00e1 etapa pro Jakuba Przygo\u0144sk\u00e9ho, kter\u00fd byl o hodinu a 27 pomalej\u0161\u00ed ne\u017e v\u00edt\u011bz etapy a klesl na \u0161est\u00e9 m\u00edsto za dnes \u010dtvrt\u00e9ho a celkov\u011b p\u00e1t\u00e9ho Cyrila Desprese s dal\u0161\u00ed buginou Mini. Pol\u00e1k n\u011bkolikr\u00e1t zapadl v dun\u00e1ch Tanaka, kter\u00e9 m\u011bly b\u00fdt nejobt\u00ed\u017en\u011bj\u0161\u00ed z cel\u00e9 sout\u011b\u017ee.[\/vc_column_text][vc_single_image image=&#8221;2083&#8243; img_size=&#8221;large&#8221; add_caption=&#8221;yes&#8221; alignment=&#8221;center&#8221;][vc_separator][vc_column_text]Martin Prokop s Janem Tom\u00e1nkem obsadili sedm\u00e9 m\u00edsto a na stejnou pozici se posouvaj\u00ed i v pr\u016fb\u011b\u017en\u00e9 klasifikaci, nebo\u0165 Brit Harry Hunt s Peugeotem nabral obrovskou ztr\u00e1tu. Na nyn\u00ed \u0161est\u00e9ho Przygo\u0144sk\u00e9ho ztr\u00e1c\u00ed pos\u00e1dka t\u00fdmu MP-Sports necel\u00fdch 28 minut.<\/p>\n<p>Po probl\u00e9mech v pr\u016fb\u011bhu prvn\u00edho t\u00fddne sout\u011b\u017ee si n\u00e1ladu aspo\u0148 trochu spravil lo\u0148sk\u00fd v\u00edt\u011bz Carlos Sainz (Mini Buggy). \u0160pan\u011bl byl dnes t\u0159et\u00ed (+6:56 min) a navzdory velk\u00e9 ztr\u00e1t\u011b se posunul zp\u00e1tky do prvn\u00ed des\u00edtky. Do n\u00ed se vr\u00e1til tak\u00e9 Bernhard ten Brinke s Toyotou. Jezdci, kte\u0159\u00ed byli je\u0161t\u011b r\u00e1no p\u0159ed nimi, dnes nabrali v dun\u00e1ch obrovsk\u00e9 manko.[\/vc_column_text][vc_column_text]<strong>Pr\u016fb\u011b\u017en\u00e9 po\u0159ad\u00ed automobil\u016f po 6. etap\u011b:<\/strong><\/p>\n<table style=\"width: 97.7654%;\" cellpadding=\"10\">\n<tbody>\n<tr>\n<td style=\"width: 21.5px;\">1.<\/td>\n<td style=\"width: 168px;\">Al-Attiyah \/ Baumel (Toyota)<\/td>\n<td style=\"width: 67.5px;\">21:01:31<\/td>\n<\/tr>\n<tr>\n<td style=\"width: 21.5px;\">2.<\/td>\n<td style=\"width: 168px;\">Loeb \/ Elena (Peugeot)<\/td>\n<td style=\"width: 67.5px;\">+37:43<\/td>\n<\/tr>\n<tr>\n<td style=\"width: 21.5px;\">3.<\/td>\n<td style=\"width: 168px;\">Peterhansel \/ Castera (Mini Buggy)<\/td>\n<td style=\"width: 67.5px;\">+41:14<\/td>\n<\/tr>\n<tr>\n<td style=\"width: 21.5px;\">4.<\/td>\n<td style=\"width: 168px;\">Roma \/ Haro Bravo (Mini 4&#215;4)<\/td>\n<td style=\"width: 67.5px;\">+45:24<\/td>\n<\/tr>\n<tr>\n<td style=\"width: 21.5px;\">5.<\/td>\n<td style=\"width: 168px;\">Despres \/ Cottret (Mini Buggy)<\/td>\n<td style=\"width: 67.5px;\">+1:23:35<\/td>\n<\/tr>\n<tr>\n<td style=\"width: 21.5px;\">6.<\/td>\n<td style=\"width: 168px;\">Przygonski \/ Colsoul (Mini 4&#215;4)<\/td>\n<td style=\"width: 67.5px;\">+2:03:10<\/td>\n<\/tr>\n<tr>\n<td style=\"width: 21.5px;\">7.<\/td>\n<td style=\"width: 168px;\">Prokop \/ Tom\u00e1nek (Ford)<\/td>\n<td style=\"width: 67.5px;\">+ 2:31:02<\/td>\n<\/tr>\n<tr>\n<td style=\"width: 21.5px;\">8.<\/td>\n<td style=\"width: 168px;\">Al-Rajhi \/ Gottschalk (Mini 4&#215;4)<\/td>\n<td style=\"width: 67.5px;\">+4:05:00<\/td>\n<\/tr>\n<tr>\n<td style=\"width: 21.5px;\">9.<\/td>\n<td style=\"width: 168px;\">Ten Brinke \/ Panseri (Toyota)<\/td>\n<td style=\"width: 67.5px;\">+4:18:44<\/td>\n<\/tr>\n<tr>\n<td style=\"width: 21.5px;\">10.<\/td>\n<td style=\"width: 168px;\">Sainz \/ Cruz (Mini Buggy)<\/td>\n<td style=\"width: 67.5px;\">+5:18:01<\/td>\n<\/tr>\n<\/tbody>\n<\/table>\n<p>[\/vc_column_text][\/vc_column][\/vc_row]<\/p>\n","protected":false},"excerpt":{"rendered":"<p>[vc_row][vc_column][vc_column_text] S\u00e9bastien Loeb a Daniel Elena s Peugeotem vyhr\u00e1li \u0161estou etapu, kter\u00e1 zah\u00e1jila druhou polovinu Rally Dakar 2019, a v pr\u016fb\u011b\u017en\u00e9m po\u0159ad\u00ed se posunuli na druh\u00e9 m\u00edsto za Nassera Al-Attiyaha s Toyotou. Ned\u011bln\u00ed etapa zavedla \u00fa\u010dastn\u00edky sout\u011b\u017ee z Arequipy do San Juanu de Marcona, na trati jej\u00ed speci\u00e1lky (309 km) \u010dekaly na z\u00e1vodn\u00edky krom\u011b dal\u0161\u00edch [&hellip;]<\/p>\n","protected":false},"author":1,"featured_media":2060,"comment_status":"open","ping_status":"closed","sticky":false,"template":"","format":"standard","meta":{"footnotes":""},"categories":[3,2],"tags":[8,9,208,210,209,207],"class_list":["post-2061","post","type-post","status-publish","format-standard","has-post-thumbnail","hentry","category-auto","category-dakar","tag-dakar","tag-dakar-2019","tag-daniel-elena","tag-peugeot","tag-ph-sport","tag-sebastien-loeb"],"yoast_head":"<!-- This site is optimized with the Yoast SEO plugin v24.9 - https:\/\/yoast.com\/wordpress\/plugins\/seo\/ -->\n<title>Dakar 2019: Etapov\u00e9 v\u00edt\u011bzstv\u00ed posouv\u00e1 Loeba na druh\u00e9 m\u00edsto - DAKARMANIA.cz<\/title>\n<meta name=\"description\" content=\"S\u00e9bastien Loeb a Daniel Elena s Peugeotem vyhr\u00e1li \u0161estou etapu Rally Dakar 2019 a v pr\u016fb\u011b\u017en\u00e9m po\u0159ad\u00ed se posunuli na druh\u00e9 m\u00edsto\" \/>\n<meta name=\"robots\" content=\"index, follow, max-snippet:-1, max-image-preview:large, max-video-preview:-1\" \/>\n<link rel=\"canonical\" href=\"https:\/\/www.dakarmania.cz\/index.php\/2019\/01\/13\/dakar-2019-etapove-vitezstvi-posouva-loeba-na-druhe-misto\/\" \/>\n<meta property=\"og:locale\" content=\"cs_CZ\" \/>\n<meta property=\"og:type\" content=\"article\" \/>\n<meta property=\"og:title\" content=\"Dakar 2019: Etapov\u00e9 v\u00edt\u011bzstv\u00ed posouv\u00e1 Loeba na druh\u00e9 m\u00edsto - DAKARMANIA.cz\" \/>\n<meta property=\"og:description\" content=\"S\u00e9bastien Loeb a Daniel Elena s Peugeotem vyhr\u00e1li \u0161estou etapu Rally Dakar 2019 a v pr\u016fb\u011b\u017en\u00e9m po\u0159ad\u00ed se posunuli na druh\u00e9 m\u00edsto\" \/>\n<meta property=\"og:url\" content=\"https:\/\/www.dakarmania.cz\/index.php\/2019\/01\/13\/dakar-2019-etapove-vitezstvi-posouva-loeba-na-druhe-misto\/\" \/>\n<meta property=\"og:site_name\" content=\"DAKARMANIA.cz\" \/>\n<meta property=\"article:publisher\" content=\"https:\/\/www.facebook.com\/dakarmania\/\" \/>\n<meta property=\"article:published_time\" content=\"2019-01-13T22:26:38+00:00\" \/>\n<meta property=\"article:modified_time\" content=\"2019-01-14T00:55:16+00:00\" \/>\n<meta property=\"og:image\" content=\"https:\/\/www.dakarmania.cz\/wp-content\/uploads\/2019\/01\/19-dakar-loeb05.jpg\" \/>\n\t<meta property=\"og:image:width\" content=\"2048\" \/>\n\t<meta property=\"og:image:height\" content=\"1362\" \/>\n\t<meta property=\"og:image:type\" content=\"image\/jpeg\" \/>\n<meta name=\"author\" content=\"Zden\u011bk Zelenka\" \/>\n<meta name=\"twitter:card\" content=\"summary_large_image\" \/>\n<meta name=\"twitter:label1\" content=\"Napsal(a)\" \/>\n\t<meta name=\"twitter:data1\" content=\"Zden\u011bk Zelenka\" \/>\n\t<meta name=\"twitter:label2\" content=\"Odhadovan\u00e1 doba \u010dten\u00ed\" \/>\n\t<meta name=\"twitter:data2\" content=\"5 minut\" \/>\n<script type=\"application\/ld+json\" class=\"yoast-schema-graph\">{\"@context\":\"https:\/\/schema.org\",\"@graph\":[{\"@type\":\"Article\",\"@id\":\"https:\/\/www.dakarmania.cz\/index.php\/2019\/01\/13\/dakar-2019-etapove-vitezstvi-posouva-loeba-na-druhe-misto\/#article\",\"isPartOf\":{\"@id\":\"https:\/\/www.dakarmania.cz\/index.php\/2019\/01\/13\/dakar-2019-etapove-vitezstvi-posouva-loeba-na-druhe-misto\/\"},\"author\":{\"name\":\"Zden\u011bk Zelenka\",\"@id\":\"https:\/\/www.dakarmania.cz\/#\/schema\/person\/04eb0e87a389631c2169c0dddae7ff1e\"},\"headline\":\"Dakar 2019: Etapov\u00e9 v\u00edt\u011bzstv\u00ed posouv\u00e1 Loeba na druh\u00e9 m\u00edsto\",\"datePublished\":\"2019-01-13T22:26:38+00:00\",\"dateModified\":\"2019-01-14T00:55:16+00:00\",\"mainEntityOfPage\":{\"@id\":\"https:\/\/www.dakarmania.cz\/index.php\/2019\/01\/13\/dakar-2019-etapove-vitezstvi-posouva-loeba-na-druhe-misto\/\"},\"wordCount\":925,\"commentCount\":0,\"publisher\":{\"@id\":\"https:\/\/www.dakarmania.cz\/#organization\"},\"image\":{\"@id\":\"https:\/\/www.dakarmania.cz\/index.php\/2019\/01\/13\/dakar-2019-etapove-vitezstvi-posouva-loeba-na-druhe-misto\/#primaryimage\"},\"thumbnailUrl\":\"https:\/\/www.dakarmania.cz\/wp-content\/uploads\/2019\/01\/19-dakar-loeb05.jpg\",\"keywords\":[\"Dakar\",\"Dakar 2019\",\"Daniel Elena\",\"Peugeot\",\"PH Sport\",\"S\u00e9bastien Loeb\"],\"articleSection\":[\"Auto\",\"Rally Dakar\"],\"inLanguage\":\"cs\",\"potentialAction\":[{\"@type\":\"CommentAction\",\"name\":\"Comment\",\"target\":[\"https:\/\/www.dakarmania.cz\/index.php\/2019\/01\/13\/dakar-2019-etapove-vitezstvi-posouva-loeba-na-druhe-misto\/#respond\"]}]},{\"@type\":\"WebPage\",\"@id\":\"https:\/\/www.dakarmania.cz\/index.php\/2019\/01\/13\/dakar-2019-etapove-vitezstvi-posouva-loeba-na-druhe-misto\/\",\"url\":\"https:\/\/www.dakarmania.cz\/index.php\/2019\/01\/13\/dakar-2019-etapove-vitezstvi-posouva-loeba-na-druhe-misto\/\",\"name\":\"Dakar 2019: Etapov\u00e9 v\u00edt\u011bzstv\u00ed posouv\u00e1 Loeba na druh\u00e9 m\u00edsto - DAKARMANIA.cz\",\"isPartOf\":{\"@id\":\"https:\/\/www.dakarmania.cz\/#website\"},\"primaryImageOfPage\":{\"@id\":\"https:\/\/www.dakarmania.cz\/index.php\/2019\/01\/13\/dakar-2019-etapove-vitezstvi-posouva-loeba-na-druhe-misto\/#primaryimage\"},\"image\":{\"@id\":\"https:\/\/www.dakarmania.cz\/index.php\/2019\/01\/13\/dakar-2019-etapove-vitezstvi-posouva-loeba-na-druhe-misto\/#primaryimage\"},\"thumbnailUrl\":\"https:\/\/www.dakarmania.cz\/wp-content\/uploads\/2019\/01\/19-dakar-loeb05.jpg\",\"datePublished\":\"2019-01-13T22:26:38+00:00\",\"dateModified\":\"2019-01-14T00:55:16+00:00\",\"description\":\"S\u00e9bastien Loeb a Daniel Elena s Peugeotem vyhr\u00e1li \u0161estou etapu Rally Dakar 2019 a v pr\u016fb\u011b\u017en\u00e9m po\u0159ad\u00ed se posunuli na druh\u00e9 m\u00edsto\",\"breadcrumb\":{\"@id\":\"https:\/\/www.dakarmania.cz\/index.php\/2019\/01\/13\/dakar-2019-etapove-vitezstvi-posouva-loeba-na-druhe-misto\/#breadcrumb\"},\"inLanguage\":\"cs\",\"potentialAction\":[{\"@type\":\"ReadAction\",\"target\":[\"https:\/\/www.dakarmania.cz\/index.php\/2019\/01\/13\/dakar-2019-etapove-vitezstvi-posouva-loeba-na-druhe-misto\/\"]}]},{\"@type\":\"ImageObject\",\"inLanguage\":\"cs\",\"@id\":\"https:\/\/www.dakarmania.cz\/index.php\/2019\/01\/13\/dakar-2019-etapove-vitezstvi-posouva-loeba-na-druhe-misto\/#primaryimage\",\"url\":\"https:\/\/www.dakarmania.cz\/wp-content\/uploads\/2019\/01\/19-dakar-loeb05.jpg\",\"contentUrl\":\"https:\/\/www.dakarmania.cz\/wp-content\/uploads\/2019\/01\/19-dakar-loeb05.jpg\",\"width\":2048,\"height\":1362,\"caption\":\"S\u00e9bastien Loeb\/Daniel Elena, Peugeot 3008 DKR, PH-Sport. Rally Dakar 2019. \u00a9 Red Bull Content Pool\"},{\"@type\":\"BreadcrumbList\",\"@id\":\"https:\/\/www.dakarmania.cz\/index.php\/2019\/01\/13\/dakar-2019-etapove-vitezstvi-posouva-loeba-na-druhe-misto\/#breadcrumb\",\"itemListElement\":[{\"@type\":\"ListItem\",\"position\":1,\"name\":\"Dom\u016f\",\"item\":\"https:\/\/www.dakarmania.cz\/\"},{\"@type\":\"ListItem\",\"position\":2,\"name\":\"Dakar 2019: Etapov\u00e9 v\u00edt\u011bzstv\u00ed posouv\u00e1 Loeba na druh\u00e9 m\u00edsto\"}]},{\"@type\":\"WebSite\",\"@id\":\"https:\/\/www.dakarmania.cz\/#website\",\"url\":\"https:\/\/www.dakarmania.cz\/\",\"name\":\"DAKARMANIA.cz\",\"description\":\"\u017dijeme Dakarem cel\u00fd rok\",\"publisher\":{\"@id\":\"https:\/\/www.dakarmania.cz\/#organization\"},\"potentialAction\":[{\"@type\":\"SearchAction\",\"target\":{\"@type\":\"EntryPoint\",\"urlTemplate\":\"https:\/\/www.dakarmania.cz\/?s={search_term_string}\"},\"query-input\":{\"@type\":\"PropertyValueSpecification\",\"valueRequired\":true,\"valueName\":\"search_term_string\"}}],\"inLanguage\":\"cs\"},{\"@type\":\"Organization\",\"@id\":\"https:\/\/www.dakarmania.cz\/#organization\",\"name\":\"DAKAR MANIA\",\"url\":\"https:\/\/www.dakarmania.cz\/\",\"logo\":{\"@type\":\"ImageObject\",\"inLanguage\":\"cs\",\"@id\":\"https:\/\/www.dakarmania.cz\/#\/schema\/logo\/image\/\",\"url\":\"https:\/\/www.dakarmania.cz\/wp-content\/uploads\/2018\/12\/Dakar-Mania-Logo-Square-Orange.png\",\"contentUrl\":\"https:\/\/www.dakarmania.cz\/wp-content\/uploads\/2018\/12\/Dakar-Mania-Logo-Square-Orange.png\",\"width\":992,\"height\":992,\"caption\":\"DAKAR MANIA\"},\"image\":{\"@id\":\"https:\/\/www.dakarmania.cz\/#\/schema\/logo\/image\/\"},\"sameAs\":[\"https:\/\/www.facebook.com\/dakarmania\/\"]},{\"@type\":\"Person\",\"@id\":\"https:\/\/www.dakarmania.cz\/#\/schema\/person\/04eb0e87a389631c2169c0dddae7ff1e\",\"name\":\"Zden\u011bk Zelenka\",\"image\":{\"@type\":\"ImageObject\",\"inLanguage\":\"cs\",\"@id\":\"https:\/\/www.dakarmania.cz\/#\/schema\/person\/image\/\",\"url\":\"https:\/\/secure.gravatar.com\/avatar\/2c80d5a4942fe0900b73cc7d3837a509d6ee0a276a2b76dac95c92bd0763a89b?s=96&d=mm&r=g\",\"contentUrl\":\"https:\/\/secure.gravatar.com\/avatar\/2c80d5a4942fe0900b73cc7d3837a509d6ee0a276a2b76dac95c92bd0763a89b?s=96&d=mm&r=g\",\"caption\":\"Zden\u011bk Zelenka\"},\"description\":\"Moji d\u011bt\u0161t\u00ed hrdinov\u00e9 se jmenovali Loprais, Moskal, Neveu, Vatanen, Rahier... A tihle borci, jejich n\u00e1sledovn\u00edci a jejich p\u0159\u00edb\u011bhy m\u011b nep\u0159estali fascinovat ani po letech, kdy jsem vyrostl a zam\u011bstn\u00e1valy m\u011b jin\u00e9 discipl\u00edny motorsportu. Proto se zrodila DAKARMANIA.\",\"url\":\"https:\/\/www.dakarmania.cz\/index.php\/author\/dakarmania\/\"}]}<\/script>\n<!-- \/ Yoast SEO plugin. -->","yoast_head_json":{"title":"Dakar 2019: Etapov\u00e9 v\u00edt\u011bzstv\u00ed posouv\u00e1 Loeba na druh\u00e9 m\u00edsto - DAKARMANIA.cz","description":"S\u00e9bastien Loeb a Daniel Elena s Peugeotem vyhr\u00e1li \u0161estou etapu Rally Dakar 2019 a v pr\u016fb\u011b\u017en\u00e9m po\u0159ad\u00ed se posunuli na druh\u00e9 m\u00edsto","robots":{"index":"index","follow":"follow","max-snippet":"max-snippet:-1","max-image-preview":"max-image-preview:large","max-video-preview":"max-video-preview:-1"},"canonical":"https:\/\/www.dakarmania.cz\/index.php\/2019\/01\/13\/dakar-2019-etapove-vitezstvi-posouva-loeba-na-druhe-misto\/","og_locale":"cs_CZ","og_type":"article","og_title":"Dakar 2019: Etapov\u00e9 v\u00edt\u011bzstv\u00ed posouv\u00e1 Loeba na druh\u00e9 m\u00edsto - DAKARMANIA.cz","og_description":"S\u00e9bastien Loeb a Daniel Elena s Peugeotem vyhr\u00e1li \u0161estou etapu Rally Dakar 2019 a v pr\u016fb\u011b\u017en\u00e9m po\u0159ad\u00ed se posunuli na druh\u00e9 m\u00edsto","og_url":"https:\/\/www.dakarmania.cz\/index.php\/2019\/01\/13\/dakar-2019-etapove-vitezstvi-posouva-loeba-na-druhe-misto\/","og_site_name":"DAKARMANIA.cz","article_publisher":"https:\/\/www.facebook.com\/dakarmania\/","article_published_time":"2019-01-13T22:26:38+00:00","article_modified_time":"2019-01-14T00:55:16+00:00","og_image":[{"width":2048,"height":1362,"url":"https:\/\/www.dakarmania.cz\/wp-content\/uploads\/2019\/01\/19-dakar-loeb05.jpg","type":"image\/jpeg"}],"author":"Zden\u011bk Zelenka","twitter_card":"summary_large_image","twitter_misc":{"Napsal(a)":"Zden\u011bk Zelenka","Odhadovan\u00e1 doba \u010dten\u00ed":"5 minut"},"schema":{"@context":"https:\/\/schema.org","@graph":[{"@type":"Article","@id":"https:\/\/www.dakarmania.cz\/index.php\/2019\/01\/13\/dakar-2019-etapove-vitezstvi-posouva-loeba-na-druhe-misto\/#article","isPartOf":{"@id":"https:\/\/www.dakarmania.cz\/index.php\/2019\/01\/13\/dakar-2019-etapove-vitezstvi-posouva-loeba-na-druhe-misto\/"},"author":{"name":"Zden\u011bk Zelenka","@id":"https:\/\/www.dakarmania.cz\/#\/schema\/person\/04eb0e87a389631c2169c0dddae7ff1e"},"headline":"Dakar 2019: Etapov\u00e9 v\u00edt\u011bzstv\u00ed posouv\u00e1 Loeba na druh\u00e9 m\u00edsto","datePublished":"2019-01-13T22:26:38+00:00","dateModified":"2019-01-14T00:55:16+00:00","mainEntityOfPage":{"@id":"https:\/\/www.dakarmania.cz\/index.php\/2019\/01\/13\/dakar-2019-etapove-vitezstvi-posouva-loeba-na-druhe-misto\/"},"wordCount":925,"commentCount":0,"publisher":{"@id":"https:\/\/www.dakarmania.cz\/#organization"},"image":{"@id":"https:\/\/www.dakarmania.cz\/index.php\/2019\/01\/13\/dakar-2019-etapove-vitezstvi-posouva-loeba-na-druhe-misto\/#primaryimage"},"thumbnailUrl":"https:\/\/www.dakarmania.cz\/wp-content\/uploads\/2019\/01\/19-dakar-loeb05.jpg","keywords":["Dakar","Dakar 2019","Daniel Elena","Peugeot","PH Sport","S\u00e9bastien Loeb"],"articleSection":["Auto","Rally Dakar"],"inLanguage":"cs","potentialAction":[{"@type":"CommentAction","name":"Comment","target":["https:\/\/www.dakarmania.cz\/index.php\/2019\/01\/13\/dakar-2019-etapove-vitezstvi-posouva-loeba-na-druhe-misto\/#respond"]}]},{"@type":"WebPage","@id":"https:\/\/www.dakarmania.cz\/index.php\/2019\/01\/13\/dakar-2019-etapove-vitezstvi-posouva-loeba-na-druhe-misto\/","url":"https:\/\/www.dakarmania.cz\/index.php\/2019\/01\/13\/dakar-2019-etapove-vitezstvi-posouva-loeba-na-druhe-misto\/","name":"Dakar 2019: Etapov\u00e9 v\u00edt\u011bzstv\u00ed posouv\u00e1 Loeba na druh\u00e9 m\u00edsto - DAKARMANIA.cz","isPartOf":{"@id":"https:\/\/www.dakarmania.cz\/#website"},"primaryImageOfPage":{"@id":"https:\/\/www.dakarmania.cz\/index.php\/2019\/01\/13\/dakar-2019-etapove-vitezstvi-posouva-loeba-na-druhe-misto\/#primaryimage"},"image":{"@id":"https:\/\/www.dakarmania.cz\/index.php\/2019\/01\/13\/dakar-2019-etapove-vitezstvi-posouva-loeba-na-druhe-misto\/#primaryimage"},"thumbnailUrl":"https:\/\/www.dakarmania.cz\/wp-content\/uploads\/2019\/01\/19-dakar-loeb05.jpg","datePublished":"2019-01-13T22:26:38+00:00","dateModified":"2019-01-14T00:55:16+00:00","description":"S\u00e9bastien Loeb a Daniel Elena s Peugeotem vyhr\u00e1li \u0161estou etapu Rally Dakar 2019 a v pr\u016fb\u011b\u017en\u00e9m po\u0159ad\u00ed se posunuli na druh\u00e9 m\u00edsto","breadcrumb":{"@id":"https:\/\/www.dakarmania.cz\/index.php\/2019\/01\/13\/dakar-2019-etapove-vitezstvi-posouva-loeba-na-druhe-misto\/#breadcrumb"},"inLanguage":"cs","potentialAction":[{"@type":"ReadAction","target":["https:\/\/www.dakarmania.cz\/index.php\/2019\/01\/13\/dakar-2019-etapove-vitezstvi-posouva-loeba-na-druhe-misto\/"]}]},{"@type":"ImageObject","inLanguage":"cs","@id":"https:\/\/www.dakarmania.cz\/index.php\/2019\/01\/13\/dakar-2019-etapove-vitezstvi-posouva-loeba-na-druhe-misto\/#primaryimage","url":"https:\/\/www.dakarmania.cz\/wp-content\/uploads\/2019\/01\/19-dakar-loeb05.jpg","contentUrl":"https:\/\/www.dakarmania.cz\/wp-content\/uploads\/2019\/01\/19-dakar-loeb05.jpg","width":2048,"height":1362,"caption":"S\u00e9bastien Loeb\/Daniel Elena, Peugeot 3008 DKR, PH-Sport. Rally Dakar 2019. \u00a9 Red Bull Content Pool"},{"@type":"BreadcrumbList","@id":"https:\/\/www.dakarmania.cz\/index.php\/2019\/01\/13\/dakar-2019-etapove-vitezstvi-posouva-loeba-na-druhe-misto\/#breadcrumb","itemListElement":[{"@type":"ListItem","position":1,"name":"Dom\u016f","item":"https:\/\/www.dakarmania.cz\/"},{"@type":"ListItem","position":2,"name":"Dakar 2019: Etapov\u00e9 v\u00edt\u011bzstv\u00ed posouv\u00e1 Loeba na druh\u00e9 m\u00edsto"}]},{"@type":"WebSite","@id":"https:\/\/www.dakarmania.cz\/#website","url":"https:\/\/www.dakarmania.cz\/","name":"DAKARMANIA.cz","description":"\u017dijeme Dakarem cel\u00fd rok","publisher":{"@id":"https:\/\/www.dakarmania.cz\/#organization"},"potentialAction":[{"@type":"SearchAction","target":{"@type":"EntryPoint","urlTemplate":"https:\/\/www.dakarmania.cz\/?s={search_term_string}"},"query-input":{"@type":"PropertyValueSpecification","valueRequired":true,"valueName":"search_term_string"}}],"inLanguage":"cs"},{"@type":"Organization","@id":"https:\/\/www.dakarmania.cz\/#organization","name":"DAKAR MANIA","url":"https:\/\/www.dakarmania.cz\/","logo":{"@type":"ImageObject","inLanguage":"cs","@id":"https:\/\/www.dakarmania.cz\/#\/schema\/logo\/image\/","url":"https:\/\/www.dakarmania.cz\/wp-content\/uploads\/2018\/12\/Dakar-Mania-Logo-Square-Orange.png","contentUrl":"https:\/\/www.dakarmania.cz\/wp-content\/uploads\/2018\/12\/Dakar-Mania-Logo-Square-Orange.png","width":992,"height":992,"caption":"DAKAR MANIA"},"image":{"@id":"https:\/\/www.dakarmania.cz\/#\/schema\/logo\/image\/"},"sameAs":["https:\/\/www.facebook.com\/dakarmania\/"]},{"@type":"Person","@id":"https:\/\/www.dakarmania.cz\/#\/schema\/person\/04eb0e87a389631c2169c0dddae7ff1e","name":"Zden\u011bk Zelenka","image":{"@type":"ImageObject","inLanguage":"cs","@id":"https:\/\/www.dakarmania.cz\/#\/schema\/person\/image\/","url":"https:\/\/secure.gravatar.com\/avatar\/2c80d5a4942fe0900b73cc7d3837a509d6ee0a276a2b76dac95c92bd0763a89b?s=96&d=mm&r=g","contentUrl":"https:\/\/secure.gravatar.com\/avatar\/2c80d5a4942fe0900b73cc7d3837a509d6ee0a276a2b76dac95c92bd0763a89b?s=96&d=mm&r=g","caption":"Zden\u011bk Zelenka"},"description":"Moji d\u011bt\u0161t\u00ed hrdinov\u00e9 se jmenovali Loprais, Moskal, Neveu, Vatanen, Rahier... A tihle borci, jejich n\u00e1sledovn\u00edci a jejich p\u0159\u00edb\u011bhy m\u011b nep\u0159estali fascinovat ani po letech, kdy jsem vyrostl a zam\u011bstn\u00e1valy m\u011b jin\u00e9 discipl\u00edny motorsportu. Proto se zrodila DAKARMANIA.","url":"https:\/\/www.dakarmania.cz\/index.php\/author\/dakarmania\/"}]}},"amp_enabled":true,"_links":{"self":[{"href":"https:\/\/www.dakarmania.cz\/index.php\/wp-json\/wp\/v2\/posts\/2061","targetHints":{"allow":["GET"]}}],"collection":[{"href":"https:\/\/www.dakarmania.cz\/index.php\/wp-json\/wp\/v2\/posts"}],"about":[{"href":"https:\/\/www.dakarmania.cz\/index.php\/wp-json\/wp\/v2\/types\/post"}],"author":[{"embeddable":true,"href":"https:\/\/www.dakarmania.cz\/index.php\/wp-json\/wp\/v2\/users\/1"}],"replies":[{"embeddable":true,"href":"https:\/\/www.dakarmania.cz\/index.php\/wp-json\/wp\/v2\/comments?post=2061"}],"version-history":[{"count":12,"href":"https:\/\/www.dakarmania.cz\/index.php\/wp-json\/wp\/v2\/posts\/2061\/revisions"}],"predecessor-version":[{"id":2086,"href":"https:\/\/www.dakarmania.cz\/index.php\/wp-json\/wp\/v2\/posts\/2061\/revisions\/2086"}],"wp:featuredmedia":[{"embeddable":true,"href":"https:\/\/www.dakarmania.cz\/index.php\/wp-json\/wp\/v2\/media\/2060"}],"wp:attachment":[{"href":"https:\/\/www.dakarmania.cz\/index.php\/wp-json\/wp\/v2\/media?parent=2061"}],"wp:term":[{"taxonomy":"category","embeddable":true,"href":"https:\/\/www.dakarmania.cz\/index.php\/wp-json\/wp\/v2\/categories?post=2061"},{"taxonomy":"post_tag","embeddable":true,"href":"https:\/\/www.dakarmania.cz\/index.php\/wp-json\/wp\/v2\/tags?post=2061"}],"curies":[{"name":"wp","href":"https:\/\/api.w.org\/{rel}","templated":true}]}}