{"id":2097,"date":"2019-01-14T04:23:37","date_gmt":"2019-01-14T04:23:37","guid":{"rendered":"https:\/\/www.dakarmania.cz\/?p=2097"},"modified":"2023-01-30T20:49:20","modified_gmt":"2023-01-30T19:49:20","slug":"dakar-2019-de-rooy-vyhral-diky-napovede-kamazu","status":"publish","type":"post","link":"https:\/\/www.dakarmania.cz\/index.php\/2019\/01\/14\/dakar-2019-de-rooy-vyhral-diky-napovede-kamazu\/","title":{"rendered":"Dakar 2019: De Rooy vyhr\u00e1l d\u00edky &#8220;n\u00e1pov\u011bd\u011b&#8221; Kamaz\u016f"},"content":{"rendered":"<p>[vc_row][vc_column][vc_column_text]<\/p>\n<h4>\u0160estou etapu Rally Dakar 2019 z Arequipy do San Juanu de Marcona vyhr\u00e1la pos\u00e1dka Gerard de Rooy, Derek Rodewald, Moises Terrallardona s Ivecem. Leader pr\u016fb\u011b\u017en\u00e9ho hodnocen\u00ed Eduard Nikolajev polo\u017eil v dun\u00e1ch sv\u016fj Kamaz na bok.<\/h4>\n<p>Po maratonsk\u00fdch etap\u00e1ch, kter\u00e9 jsou u\u017e ze sv\u00e9 podstaty obt\u00ed\u017en\u00e9, a voln\u00e9m dnu v Arequip\u011b, pokra\u010dovala dakarsk\u00e1 rally v ned\u011bli 13. ledna \u0161estou etapou. A byl to po\u0159\u00e1dn\u011b ostr\u00fd start do druh\u00e9 poloviny sout\u011b\u017ee. Krom\u011b \u00famorn\u00fdch 500 kilometr\u016f na p\u0159ejezdech \u010dekala na pos\u00e1dky kamion\u016f (a automobil\u016f) speci\u00e1lka dlouh\u00e1 309 kilometr\u016f, jej\u00ed\u017e tra\u0165 vedla hned \u010dty\u0159mi oblastmi dunov\u00fdch pol\u00ed. Bezprost\u0159edn\u011b po startu vjely z\u00e1vodn\u00ed stroje do dun Tanaka, kter\u00e9 m\u011bly b\u00fdt podle po\u0159adatel\u016f t\u00edm nejn\u00e1ro\u010dn\u011bj\u0161\u00edm, co leto\u0161n\u00ed ro\u010dn\u00edk sout\u011b\u017ee nab\u00eddne.<\/p>\n<p>De Rooy nav\u00e1zal na p\u00e1te\u010dn\u00ed triumf t\u00fdmov\u00e9ho kolegy Tona van Genugtena, kter\u00fd sice v \u00favodu p\u00e1t\u00e9 etapy ztratil \u010dtvrt hodiny pokusem o vypro\u0161t\u011bn\u00ed havarovan\u00e9ho Renaultu Januse van Kasterena, ale tento \u010das mu po\u0159adatel\u00e9 n\u00e1sledn\u011b ode\u010detli.<\/p>\n<p>Dlouho se zd\u00e1lo, \u017ee historicky druh\u00e9 etapov\u00e9 v\u00edt\u011bzstv\u00ed na Dakaru pro zna\u010dku MAZ vybojuje Sergej Vjazovi\u010d, jen\u017ee B\u011blorus minul posledn\u00ed kontroln\u00ed bod, vyfasoval hodinovou penalizaci a v \u0161est\u00e9 etap\u011b mu tud\u00ed\u017e pat\u0159\u00ed p\u00e1t\u00e1 p\u0159\u00ed\u010dka.[\/vc_column_text][vc_single_image image=&#8221;2096&#8243; img_size=&#8221;large&#8221; add_caption=&#8221;yes&#8221; alignment=&#8221;center&#8221;][vc_separator][vc_column_text]De Rooyovi k v\u00edt\u011bzstv\u00ed v etap\u011b pomohlo, \u017ee do speci\u00e1lky vyr\u00e1\u017eel osm minut za Nikolajevem a \u0161est za Sotnikovem, proto vid\u011bl oba soupe\u0159e, kdy\u017e se na jednom z waypoint\u016f museli vracet, a s\u00e1m tak u\u0161et\u0159il drahocenn\u00fd \u010das.<\/p>\n<p><em>\u201eByl tam obt\u00ed\u017en\u00fd pr\u016fjezdn\u00ed bod na jednom kopci. V\u0161ichni na n\u011bj odbo\u010dili pozd\u011b a museli se vracet asi kilometr na druhou stranu \u00fadol\u00ed,\u201c<\/em> popisuje rozhoduj\u00edc\u00ed okam\u017eiky <strong>Gerard de Rooy<\/strong>. <em>\u201eVjazovi\u010d se nevr\u00e1til, a proto waypoint minul, za co\u017e zaplatil hodinovou penalizac\u00ed.\u201c<\/em><\/p>\n<p><em>\u201eMy jsme cestu nahoru chv\u00edli hledali. Pak p\u0159ijel Gerard de Rooy, vid\u011bl, kudy jedeme, a ud\u011blal to stejn\u011b,\u201c<\/em> dopl\u0148uje <strong>Dmitrij Sotnikov<\/strong>.<\/p>\n<p>\u00dasp\u011bch Iveca podtrhl druh\u00fdm m\u00edstem Federico Villagra. Argentinec podlehl De Rooyovi o pouhou p\u016flminutu a v pr\u016fb\u011b\u017en\u00e9 klasifikaci posko\u010dil z dev\u00e1t\u00e9ho na \u010dtvrt\u00e9 m\u00edsto.[\/vc_column_text][vc_single_image image=&#8221;2095&#8243; img_size=&#8221;large&#8221; add_caption=&#8221;yes&#8221; alignment=&#8221;center&#8221;][vc_separator][vc_column_text]Kamazy byly o sedm, resp. necel\u00fdch dev\u011bt minut pomalej\u0161\u00ed.<\/p>\n<p>Dnes t\u0159et\u00ed Dmitrij Sotnikov byl o minutu a 46 sekund rychlej\u0161\u00ed ne\u017e \u010dtvrt\u00fd Eduard Nikolajev (oba Kamaz). Rusov\u00e9 d\u00e1l dr\u017e\u00ed prvn\u00ed dv\u011b pozice celkov\u011b, Nikolajev\u016fv n\u00e1skok se sn\u00ed\u017eil na deset minut a t\u0159in\u00e1ct sekund. Nicm\u00e9n\u011b oba Kamazy jely spole\u010dn\u011b podle p\u0159edem napl\u00e1novan\u00e9 t\u00fdmov\u00e9 taktiky, proto bylo nezbytn\u00e9, aby Sotnikov Nikolajeva dojel. A vyplatilo se. Kamaz obh\u00e1jce lo\u0148sk\u00e9ho v\u00edt\u011bzstv\u00ed se p\u0159i sjezdu jedn\u00e9 z dun p\u0159ekulil na bok, ale Sotnikovova pos\u00e1dka jej rychle dok\u00e1zala vr\u00e1tit zp\u011bt na kola.<\/p>\n<p>Rusk\u00e9mu t\u00fdmu zbyly v z\u00e1vod\u011b u\u017e jen dv\u011b ze \u010dty\u0159 pos\u00e1dek. Krom\u011b <a href=\"https:\/\/www.dakarmania.cz\/index.php\/2019\/01\/12\/dakar-2019-vitez-dvou-etap-andrej-karginov-vyloucen\/\">vylou\u010den\u00e9ho Karginova<\/a> nenastoupil do dne\u0161n\u00ed etapy ani Ajrat Mard\u011bjev. B\u011bhem dne volna v Arequip\u011b toti\u017e mechanici objevili trhliny na bloku motoru a v\u016fz byl ze z\u00e1vodu sta\u017een.[\/vc_column_text][vc_single_image image=&#8221;2100&#8243; img_size=&#8221;large&#8221; add_caption=&#8221;yes&#8221; alignment=&#8221;center&#8221;][vc_separator][vc_column_text]Martin \u0160oltys s Tatrou Phoenix t\u00fdmu Buggyra ztratil hodinu a dvacet minut, p\u0159esto obsadil \u0161est\u00e9 m\u00edsto, co\u017e je jeho dosud nejlep\u0161\u00ed etapov\u00fd v\u00fdsledek na Dakaru! V pr\u016fb\u011b\u017en\u00e9m po\u0159ad\u00ed se posunul z jeden\u00e1ct\u00e9 na osmou pozici.<\/p>\n<p>Pos\u00e1dka Ale\u0161e Lopraise musela dvakr\u00e1t m\u011bnit kolo sv\u00e9 Tatry. Celkem str\u00e1vila na trati speci\u00e1lky je\u0161t\u011b o 25 minut v\u00edc ne\u017e \u0160oltysova parta, ale byla klasifikov\u00e1na jako sedm\u00e1 a v pr\u016fb\u011b\u017en\u00e9m po\u0159ad\u00ed si pohor\u0161ila jen o jednu p\u0159\u00ed\u010dku, kdy\u017e klesla na \u0161est\u00e9 m\u00edsto na \u00fakor Villagry.[\/vc_column_text][\/vc_column][\/vc_row]<\/p>\n","protected":false},"excerpt":{"rendered":"<p>\u0160estou etapu Rally Dakar 2019 z Arequipy do San Juanu de Marcona vyhr\u00e1la pos\u00e1dka Gerard de Rooy, Derek Rodewald, Moises Terrallardona s Ivecem.<\/p>\n","protected":false},"author":1,"featured_media":2094,"comment_status":"closed","ping_status":"closed","sticky":false,"template":"","format":"standard","meta":{"footnotes":""},"categories":[16,2],"tags":[8,9,223,164,224],"class_list":["post-2097","post","type-post","status-publish","format-standard","has-post-thumbnail","hentry","category-kamion","category-dakar","tag-dakar","tag-dakar-2019","tag-gerard-de-rooy","tag-iveco","tag-team-de-rooy"],"yoast_head":"<!-- This site is optimized with the Yoast SEO plugin v24.9 - https:\/\/yoast.com\/wordpress\/plugins\/seo\/ -->\n<title>Dakar 2019: De Rooy vyhr\u00e1l d\u00edky &quot;n\u00e1pov\u011bd\u011b&quot; Kamaz\u016f - DAKARMANIA.cz<\/title>\n<meta name=\"description\" content=\"\u0160estou etapu Rally Dakar 2019 z Arequipy do San Juanu de Marcona vyhr\u00e1la pos\u00e1dka Gerard de Rooy, Derek Rodewald, Moises Terrallardona s Ivecem.\" \/>\n<meta name=\"robots\" content=\"index, follow, max-snippet:-1, max-image-preview:large, max-video-preview:-1\" \/>\n<link rel=\"canonical\" href=\"https:\/\/www.dakarmania.cz\/index.php\/2019\/01\/14\/dakar-2019-de-rooy-vyhral-diky-napovede-kamazu\/\" \/>\n<meta property=\"og:locale\" content=\"cs_CZ\" \/>\n<meta property=\"og:type\" content=\"article\" \/>\n<meta property=\"og:title\" content=\"Dakar 2019: De Rooy vyhr\u00e1l d\u00edky &quot;n\u00e1pov\u011bd\u011b&quot; Kamaz\u016f - DAKARMANIA.cz\" \/>\n<meta property=\"og:description\" content=\"\u0160estou etapu Rally Dakar 2019 z Arequipy do San Juanu de Marcona vyhr\u00e1la pos\u00e1dka Gerard de Rooy, Derek Rodewald, Moises Terrallardona s Ivecem.\" \/>\n<meta property=\"og:url\" content=\"https:\/\/www.dakarmania.cz\/index.php\/2019\/01\/14\/dakar-2019-de-rooy-vyhral-diky-napovede-kamazu\/\" \/>\n<meta property=\"og:site_name\" content=\"DAKARMANIA.cz\" \/>\n<meta property=\"article:publisher\" content=\"https:\/\/www.facebook.com\/dakarmania\/\" \/>\n<meta property=\"article:published_time\" content=\"2019-01-14T04:23:37+00:00\" \/>\n<meta property=\"article:modified_time\" content=\"2023-01-30T19:49:20+00:00\" \/>\n<meta property=\"og:image\" content=\"https:\/\/www.dakarmania.cz\/wp-content\/uploads\/2019\/01\/19-dakar-de-rooy02.jpg\" \/>\n\t<meta property=\"og:image:width\" content=\"2048\" \/>\n\t<meta property=\"og:image:height\" content=\"1362\" \/>\n\t<meta property=\"og:image:type\" content=\"image\/jpeg\" \/>\n<meta name=\"author\" content=\"Zden\u011bk Zelenka\" \/>\n<meta name=\"twitter:card\" content=\"summary_large_image\" \/>\n<meta name=\"twitter:label1\" content=\"Napsal(a)\" \/>\n\t<meta name=\"twitter:data1\" content=\"Zden\u011bk Zelenka\" \/>\n\t<meta name=\"twitter:label2\" content=\"Odhadovan\u00e1 doba \u010dten\u00ed\" \/>\n\t<meta name=\"twitter:data2\" content=\"3 minuty\" \/>\n<script type=\"application\/ld+json\" class=\"yoast-schema-graph\">{\"@context\":\"https:\/\/schema.org\",\"@graph\":[{\"@type\":\"Article\",\"@id\":\"https:\/\/www.dakarmania.cz\/index.php\/2019\/01\/14\/dakar-2019-de-rooy-vyhral-diky-napovede-kamazu\/#article\",\"isPartOf\":{\"@id\":\"https:\/\/www.dakarmania.cz\/index.php\/2019\/01\/14\/dakar-2019-de-rooy-vyhral-diky-napovede-kamazu\/\"},\"author\":{\"name\":\"Zden\u011bk Zelenka\",\"@id\":\"https:\/\/www.dakarmania.cz\/#\/schema\/person\/04eb0e87a389631c2169c0dddae7ff1e\"},\"headline\":\"Dakar 2019: De Rooy vyhr\u00e1l d\u00edky &#8220;n\u00e1pov\u011bd\u011b&#8221; Kamaz\u016f\",\"datePublished\":\"2019-01-14T04:23:37+00:00\",\"dateModified\":\"2023-01-30T19:49:20+00:00\",\"mainEntityOfPage\":{\"@id\":\"https:\/\/www.dakarmania.cz\/index.php\/2019\/01\/14\/dakar-2019-de-rooy-vyhral-diky-napovede-kamazu\/\"},\"wordCount\":741,\"publisher\":{\"@id\":\"https:\/\/www.dakarmania.cz\/#organization\"},\"image\":{\"@id\":\"https:\/\/www.dakarmania.cz\/index.php\/2019\/01\/14\/dakar-2019-de-rooy-vyhral-diky-napovede-kamazu\/#primaryimage\"},\"thumbnailUrl\":\"https:\/\/www.dakarmania.cz\/wp-content\/uploads\/2019\/01\/19-dakar-de-rooy02.jpg\",\"keywords\":[\"Dakar\",\"Dakar 2019\",\"Gerard de Rooy\",\"Iveco\",\"Team De Rooy\"],\"articleSection\":[\"Kamiony\",\"Rally Dakar\"],\"inLanguage\":\"cs\"},{\"@type\":\"WebPage\",\"@id\":\"https:\/\/www.dakarmania.cz\/index.php\/2019\/01\/14\/dakar-2019-de-rooy-vyhral-diky-napovede-kamazu\/\",\"url\":\"https:\/\/www.dakarmania.cz\/index.php\/2019\/01\/14\/dakar-2019-de-rooy-vyhral-diky-napovede-kamazu\/\",\"name\":\"Dakar 2019: De Rooy vyhr\u00e1l d\u00edky \\\"n\u00e1pov\u011bd\u011b\\\" Kamaz\u016f - DAKARMANIA.cz\",\"isPartOf\":{\"@id\":\"https:\/\/www.dakarmania.cz\/#website\"},\"primaryImageOfPage\":{\"@id\":\"https:\/\/www.dakarmania.cz\/index.php\/2019\/01\/14\/dakar-2019-de-rooy-vyhral-diky-napovede-kamazu\/#primaryimage\"},\"image\":{\"@id\":\"https:\/\/www.dakarmania.cz\/index.php\/2019\/01\/14\/dakar-2019-de-rooy-vyhral-diky-napovede-kamazu\/#primaryimage\"},\"thumbnailUrl\":\"https:\/\/www.dakarmania.cz\/wp-content\/uploads\/2019\/01\/19-dakar-de-rooy02.jpg\",\"datePublished\":\"2019-01-14T04:23:37+00:00\",\"dateModified\":\"2023-01-30T19:49:20+00:00\",\"description\":\"\u0160estou etapu Rally Dakar 2019 z Arequipy do San Juanu de Marcona vyhr\u00e1la pos\u00e1dka Gerard de Rooy, Derek Rodewald, Moises Terrallardona s Ivecem.\",\"breadcrumb\":{\"@id\":\"https:\/\/www.dakarmania.cz\/index.php\/2019\/01\/14\/dakar-2019-de-rooy-vyhral-diky-napovede-kamazu\/#breadcrumb\"},\"inLanguage\":\"cs\",\"potentialAction\":[{\"@type\":\"ReadAction\",\"target\":[\"https:\/\/www.dakarmania.cz\/index.php\/2019\/01\/14\/dakar-2019-de-rooy-vyhral-diky-napovede-kamazu\/\"]}]},{\"@type\":\"ImageObject\",\"inLanguage\":\"cs\",\"@id\":\"https:\/\/www.dakarmania.cz\/index.php\/2019\/01\/14\/dakar-2019-de-rooy-vyhral-diky-napovede-kamazu\/#primaryimage\",\"url\":\"https:\/\/www.dakarmania.cz\/wp-content\/uploads\/2019\/01\/19-dakar-de-rooy02.jpg\",\"contentUrl\":\"https:\/\/www.dakarmania.cz\/wp-content\/uploads\/2019\/01\/19-dakar-de-rooy02.jpg\",\"width\":2048,\"height\":1362,\"caption\":\"Gerard de Rooy\/Darek Rodewald\/Moi Torrallardona, Iveco PowerStar, Petronas Team De Rooy Iveco. Rally Dakar 2019. \u00a9 Iveco\"},{\"@type\":\"BreadcrumbList\",\"@id\":\"https:\/\/www.dakarmania.cz\/index.php\/2019\/01\/14\/dakar-2019-de-rooy-vyhral-diky-napovede-kamazu\/#breadcrumb\",\"itemListElement\":[{\"@type\":\"ListItem\",\"position\":1,\"name\":\"Dom\u016f\",\"item\":\"https:\/\/www.dakarmania.cz\/\"},{\"@type\":\"ListItem\",\"position\":2,\"name\":\"Dakar 2019: De Rooy vyhr\u00e1l d\u00edky &#8222;n\u00e1pov\u011bd\u011b&#8220; Kamaz\u016f\"}]},{\"@type\":\"WebSite\",\"@id\":\"https:\/\/www.dakarmania.cz\/#website\",\"url\":\"https:\/\/www.dakarmania.cz\/\",\"name\":\"DAKARMANIA.cz\",\"description\":\"\u017dijeme Dakarem cel\u00fd rok\",\"publisher\":{\"@id\":\"https:\/\/www.dakarmania.cz\/#organization\"},\"potentialAction\":[{\"@type\":\"SearchAction\",\"target\":{\"@type\":\"EntryPoint\",\"urlTemplate\":\"https:\/\/www.dakarmania.cz\/?s={search_term_string}\"},\"query-input\":{\"@type\":\"PropertyValueSpecification\",\"valueRequired\":true,\"valueName\":\"search_term_string\"}}],\"inLanguage\":\"cs\"},{\"@type\":\"Organization\",\"@id\":\"https:\/\/www.dakarmania.cz\/#organization\",\"name\":\"DAKAR MANIA\",\"url\":\"https:\/\/www.dakarmania.cz\/\",\"logo\":{\"@type\":\"ImageObject\",\"inLanguage\":\"cs\",\"@id\":\"https:\/\/www.dakarmania.cz\/#\/schema\/logo\/image\/\",\"url\":\"https:\/\/www.dakarmania.cz\/wp-content\/uploads\/2018\/12\/Dakar-Mania-Logo-Square-Orange.png\",\"contentUrl\":\"https:\/\/www.dakarmania.cz\/wp-content\/uploads\/2018\/12\/Dakar-Mania-Logo-Square-Orange.png\",\"width\":992,\"height\":992,\"caption\":\"DAKAR MANIA\"},\"image\":{\"@id\":\"https:\/\/www.dakarmania.cz\/#\/schema\/logo\/image\/\"},\"sameAs\":[\"https:\/\/www.facebook.com\/dakarmania\/\"]},{\"@type\":\"Person\",\"@id\":\"https:\/\/www.dakarmania.cz\/#\/schema\/person\/04eb0e87a389631c2169c0dddae7ff1e\",\"name\":\"Zden\u011bk Zelenka\",\"image\":{\"@type\":\"ImageObject\",\"inLanguage\":\"cs\",\"@id\":\"https:\/\/www.dakarmania.cz\/#\/schema\/person\/image\/\",\"url\":\"https:\/\/secure.gravatar.com\/avatar\/2c80d5a4942fe0900b73cc7d3837a509d6ee0a276a2b76dac95c92bd0763a89b?s=96&d=mm&r=g\",\"contentUrl\":\"https:\/\/secure.gravatar.com\/avatar\/2c80d5a4942fe0900b73cc7d3837a509d6ee0a276a2b76dac95c92bd0763a89b?s=96&d=mm&r=g\",\"caption\":\"Zden\u011bk Zelenka\"},\"description\":\"Moji d\u011bt\u0161t\u00ed hrdinov\u00e9 se jmenovali Loprais, Moskal, Neveu, Vatanen, Rahier... A tihle borci, jejich n\u00e1sledovn\u00edci a jejich p\u0159\u00edb\u011bhy m\u011b nep\u0159estali fascinovat ani po letech, kdy jsem vyrostl a zam\u011bstn\u00e1valy m\u011b jin\u00e9 discipl\u00edny motorsportu. Proto se zrodila DAKARMANIA.\",\"url\":\"https:\/\/www.dakarmania.cz\/index.php\/author\/dakarmania\/\"}]}<\/script>\n<!-- \/ Yoast SEO plugin. -->","yoast_head_json":{"title":"Dakar 2019: De Rooy vyhr\u00e1l d\u00edky \"n\u00e1pov\u011bd\u011b\" Kamaz\u016f - DAKARMANIA.cz","description":"\u0160estou etapu Rally Dakar 2019 z Arequipy do San Juanu de Marcona vyhr\u00e1la pos\u00e1dka Gerard de Rooy, Derek Rodewald, Moises Terrallardona s Ivecem.","robots":{"index":"index","follow":"follow","max-snippet":"max-snippet:-1","max-image-preview":"max-image-preview:large","max-video-preview":"max-video-preview:-1"},"canonical":"https:\/\/www.dakarmania.cz\/index.php\/2019\/01\/14\/dakar-2019-de-rooy-vyhral-diky-napovede-kamazu\/","og_locale":"cs_CZ","og_type":"article","og_title":"Dakar 2019: De Rooy vyhr\u00e1l d\u00edky \"n\u00e1pov\u011bd\u011b\" Kamaz\u016f - DAKARMANIA.cz","og_description":"\u0160estou etapu Rally Dakar 2019 z Arequipy do San Juanu de Marcona vyhr\u00e1la pos\u00e1dka Gerard de Rooy, Derek Rodewald, Moises Terrallardona s Ivecem.","og_url":"https:\/\/www.dakarmania.cz\/index.php\/2019\/01\/14\/dakar-2019-de-rooy-vyhral-diky-napovede-kamazu\/","og_site_name":"DAKARMANIA.cz","article_publisher":"https:\/\/www.facebook.com\/dakarmania\/","article_published_time":"2019-01-14T04:23:37+00:00","article_modified_time":"2023-01-30T19:49:20+00:00","og_image":[{"width":2048,"height":1362,"url":"https:\/\/www.dakarmania.cz\/wp-content\/uploads\/2019\/01\/19-dakar-de-rooy02.jpg","type":"image\/jpeg"}],"author":"Zden\u011bk Zelenka","twitter_card":"summary_large_image","twitter_misc":{"Napsal(a)":"Zden\u011bk Zelenka","Odhadovan\u00e1 doba \u010dten\u00ed":"3 minuty"},"schema":{"@context":"https:\/\/schema.org","@graph":[{"@type":"Article","@id":"https:\/\/www.dakarmania.cz\/index.php\/2019\/01\/14\/dakar-2019-de-rooy-vyhral-diky-napovede-kamazu\/#article","isPartOf":{"@id":"https:\/\/www.dakarmania.cz\/index.php\/2019\/01\/14\/dakar-2019-de-rooy-vyhral-diky-napovede-kamazu\/"},"author":{"name":"Zden\u011bk Zelenka","@id":"https:\/\/www.dakarmania.cz\/#\/schema\/person\/04eb0e87a389631c2169c0dddae7ff1e"},"headline":"Dakar 2019: De Rooy vyhr\u00e1l d\u00edky &#8220;n\u00e1pov\u011bd\u011b&#8221; Kamaz\u016f","datePublished":"2019-01-14T04:23:37+00:00","dateModified":"2023-01-30T19:49:20+00:00","mainEntityOfPage":{"@id":"https:\/\/www.dakarmania.cz\/index.php\/2019\/01\/14\/dakar-2019-de-rooy-vyhral-diky-napovede-kamazu\/"},"wordCount":741,"publisher":{"@id":"https:\/\/www.dakarmania.cz\/#organization"},"image":{"@id":"https:\/\/www.dakarmania.cz\/index.php\/2019\/01\/14\/dakar-2019-de-rooy-vyhral-diky-napovede-kamazu\/#primaryimage"},"thumbnailUrl":"https:\/\/www.dakarmania.cz\/wp-content\/uploads\/2019\/01\/19-dakar-de-rooy02.jpg","keywords":["Dakar","Dakar 2019","Gerard de Rooy","Iveco","Team De Rooy"],"articleSection":["Kamiony","Rally Dakar"],"inLanguage":"cs"},{"@type":"WebPage","@id":"https:\/\/www.dakarmania.cz\/index.php\/2019\/01\/14\/dakar-2019-de-rooy-vyhral-diky-napovede-kamazu\/","url":"https:\/\/www.dakarmania.cz\/index.php\/2019\/01\/14\/dakar-2019-de-rooy-vyhral-diky-napovede-kamazu\/","name":"Dakar 2019: De Rooy vyhr\u00e1l d\u00edky \"n\u00e1pov\u011bd\u011b\" Kamaz\u016f - DAKARMANIA.cz","isPartOf":{"@id":"https:\/\/www.dakarmania.cz\/#website"},"primaryImageOfPage":{"@id":"https:\/\/www.dakarmania.cz\/index.php\/2019\/01\/14\/dakar-2019-de-rooy-vyhral-diky-napovede-kamazu\/#primaryimage"},"image":{"@id":"https:\/\/www.dakarmania.cz\/index.php\/2019\/01\/14\/dakar-2019-de-rooy-vyhral-diky-napovede-kamazu\/#primaryimage"},"thumbnailUrl":"https:\/\/www.dakarmania.cz\/wp-content\/uploads\/2019\/01\/19-dakar-de-rooy02.jpg","datePublished":"2019-01-14T04:23:37+00:00","dateModified":"2023-01-30T19:49:20+00:00","description":"\u0160estou etapu Rally Dakar 2019 z Arequipy do San Juanu de Marcona vyhr\u00e1la pos\u00e1dka Gerard de Rooy, Derek Rodewald, Moises Terrallardona s Ivecem.","breadcrumb":{"@id":"https:\/\/www.dakarmania.cz\/index.php\/2019\/01\/14\/dakar-2019-de-rooy-vyhral-diky-napovede-kamazu\/#breadcrumb"},"inLanguage":"cs","potentialAction":[{"@type":"ReadAction","target":["https:\/\/www.dakarmania.cz\/index.php\/2019\/01\/14\/dakar-2019-de-rooy-vyhral-diky-napovede-kamazu\/"]}]},{"@type":"ImageObject","inLanguage":"cs","@id":"https:\/\/www.dakarmania.cz\/index.php\/2019\/01\/14\/dakar-2019-de-rooy-vyhral-diky-napovede-kamazu\/#primaryimage","url":"https:\/\/www.dakarmania.cz\/wp-content\/uploads\/2019\/01\/19-dakar-de-rooy02.jpg","contentUrl":"https:\/\/www.dakarmania.cz\/wp-content\/uploads\/2019\/01\/19-dakar-de-rooy02.jpg","width":2048,"height":1362,"caption":"Gerard de Rooy\/Darek Rodewald\/Moi Torrallardona, Iveco PowerStar, Petronas Team De Rooy Iveco. Rally Dakar 2019. \u00a9 Iveco"},{"@type":"BreadcrumbList","@id":"https:\/\/www.dakarmania.cz\/index.php\/2019\/01\/14\/dakar-2019-de-rooy-vyhral-diky-napovede-kamazu\/#breadcrumb","itemListElement":[{"@type":"ListItem","position":1,"name":"Dom\u016f","item":"https:\/\/www.dakarmania.cz\/"},{"@type":"ListItem","position":2,"name":"Dakar 2019: De Rooy vyhr\u00e1l d\u00edky &#8222;n\u00e1pov\u011bd\u011b&#8220; Kamaz\u016f"}]},{"@type":"WebSite","@id":"https:\/\/www.dakarmania.cz\/#website","url":"https:\/\/www.dakarmania.cz\/","name":"DAKARMANIA.cz","description":"\u017dijeme Dakarem cel\u00fd rok","publisher":{"@id":"https:\/\/www.dakarmania.cz\/#organization"},"potentialAction":[{"@type":"SearchAction","target":{"@type":"EntryPoint","urlTemplate":"https:\/\/www.dakarmania.cz\/?s={search_term_string}"},"query-input":{"@type":"PropertyValueSpecification","valueRequired":true,"valueName":"search_term_string"}}],"inLanguage":"cs"},{"@type":"Organization","@id":"https:\/\/www.dakarmania.cz\/#organization","name":"DAKAR MANIA","url":"https:\/\/www.dakarmania.cz\/","logo":{"@type":"ImageObject","inLanguage":"cs","@id":"https:\/\/www.dakarmania.cz\/#\/schema\/logo\/image\/","url":"https:\/\/www.dakarmania.cz\/wp-content\/uploads\/2018\/12\/Dakar-Mania-Logo-Square-Orange.png","contentUrl":"https:\/\/www.dakarmania.cz\/wp-content\/uploads\/2018\/12\/Dakar-Mania-Logo-Square-Orange.png","width":992,"height":992,"caption":"DAKAR MANIA"},"image":{"@id":"https:\/\/www.dakarmania.cz\/#\/schema\/logo\/image\/"},"sameAs":["https:\/\/www.facebook.com\/dakarmania\/"]},{"@type":"Person","@id":"https:\/\/www.dakarmania.cz\/#\/schema\/person\/04eb0e87a389631c2169c0dddae7ff1e","name":"Zden\u011bk Zelenka","image":{"@type":"ImageObject","inLanguage":"cs","@id":"https:\/\/www.dakarmania.cz\/#\/schema\/person\/image\/","url":"https:\/\/secure.gravatar.com\/avatar\/2c80d5a4942fe0900b73cc7d3837a509d6ee0a276a2b76dac95c92bd0763a89b?s=96&d=mm&r=g","contentUrl":"https:\/\/secure.gravatar.com\/avatar\/2c80d5a4942fe0900b73cc7d3837a509d6ee0a276a2b76dac95c92bd0763a89b?s=96&d=mm&r=g","caption":"Zden\u011bk Zelenka"},"description":"Moji d\u011bt\u0161t\u00ed hrdinov\u00e9 se jmenovali Loprais, Moskal, Neveu, Vatanen, Rahier... A tihle borci, jejich n\u00e1sledovn\u00edci a jejich p\u0159\u00edb\u011bhy m\u011b nep\u0159estali fascinovat ani po letech, kdy jsem vyrostl a zam\u011bstn\u00e1valy m\u011b jin\u00e9 discipl\u00edny motorsportu. Proto se zrodila DAKARMANIA.","url":"https:\/\/www.dakarmania.cz\/index.php\/author\/dakarmania\/"}]}},"amp_enabled":true,"_links":{"self":[{"href":"https:\/\/www.dakarmania.cz\/index.php\/wp-json\/wp\/v2\/posts\/2097","targetHints":{"allow":["GET"]}}],"collection":[{"href":"https:\/\/www.dakarmania.cz\/index.php\/wp-json\/wp\/v2\/posts"}],"about":[{"href":"https:\/\/www.dakarmania.cz\/index.php\/wp-json\/wp\/v2\/types\/post"}],"author":[{"embeddable":true,"href":"https:\/\/www.dakarmania.cz\/index.php\/wp-json\/wp\/v2\/users\/1"}],"replies":[{"embeddable":true,"href":"https:\/\/www.dakarmania.cz\/index.php\/wp-json\/wp\/v2\/comments?post=2097"}],"version-history":[{"count":5,"href":"https:\/\/www.dakarmania.cz\/index.php\/wp-json\/wp\/v2\/posts\/2097\/revisions"}],"predecessor-version":[{"id":23143,"href":"https:\/\/www.dakarmania.cz\/index.php\/wp-json\/wp\/v2\/posts\/2097\/revisions\/23143"}],"wp:featuredmedia":[{"embeddable":true,"href":"https:\/\/www.dakarmania.cz\/index.php\/wp-json\/wp\/v2\/media\/2094"}],"wp:attachment":[{"href":"https:\/\/www.dakarmania.cz\/index.php\/wp-json\/wp\/v2\/media?parent=2097"}],"wp:term":[{"taxonomy":"category","embeddable":true,"href":"https:\/\/www.dakarmania.cz\/index.php\/wp-json\/wp\/v2\/categories?post=2097"},{"taxonomy":"post_tag","embeddable":true,"href":"https:\/\/www.dakarmania.cz\/index.php\/wp-json\/wp\/v2\/tags?post=2097"}],"curies":[{"name":"wp","href":"https:\/\/api.w.org\/{rel}","templated":true}]}}