{"id":20995,"date":"2021-07-21T14:03:28","date_gmt":"2021-07-21T12:03:28","guid":{"rendered":"https:\/\/www.dakarmania.cz\/?p=20995"},"modified":"2021-10-18T23:44:20","modified_gmt":"2021-10-18T21:44:20","slug":"soltys-u-buggyry-konci","status":"publish","type":"post","link":"https:\/\/www.dakarmania.cz\/index.php\/2021\/07\/21\/soltys-u-buggyry-konci\/","title":{"rendered":"\u0160oltys u Buggyry kon\u010d\u00ed. T\u00fdm stav\u00ed dva nov\u00e9 vozy"},"content":{"rendered":"<p>[vc_row][vc_column][vc_column_text css_animation=&#8221;fadeIn&#8221;]<\/p>\n<h4>Po \u010dty\u0159ech spole\u010dn\u00fdch startech na Rally Dakar dosp\u011bla spolupr\u00e1ce Martina \u0160oltyse a t\u00fdmu Tatra Buggyra Racing ke konci. P\u0159esto by se m\u011bl roudnick\u00fd t\u00fdm objevit na startu n\u00e1sleduj\u00edc\u00edho ro\u010dn\u00edku nejpopul\u00e1rn\u011bj\u0161\u00ed maratonsk\u00e9 rally sv\u011bta se dv\u011bma kamiony.<\/h4>\n<p>[\/vc_column_text][vc_single_image image=&#8221;20994&#8243; img_size=&#8221;large&#8221; add_caption=&#8221;yes&#8221; alignment=&#8221;center&#8221; onclick=&#8221;link_image&#8221; css_animation=&#8221;fadeIn&#8221;][vc_column_text css_animation=&#8221;fadeIn&#8221;]Martin \u0160oltys na Dakaru debutoval v barv\u00e1ch Buggyry v roce 2018 a s roudnick\u00fdm t\u00fdmem absolvoval i t\u0159i n\u00e1sleduj\u00edc\u00ed ro\u010dn\u00edky. Letos v lednu se s Tatrou Phoenix vybavenou nov\u011b automatickou p\u0159evodovkou poprv\u00e9 prosadil do prvn\u00ed des\u00edtky kone\u010dn\u00e9ho hodnocen\u00ed kamion\u016f. P\u0159esto se s t\u00fdmem na dal\u0161\u00ed spolupr\u00e1ci nedohodli.<\/p>\n<p><em>\u201eMartin je spolehliv\u00fd jezdec schopn\u00fd pod\u00e1vat vysoce konzistentn\u00ed v\u00fdkony na hran\u011b nejlep\u0161\u00ed des\u00edtky. Taky proto dostal p\u0159ed leto\u0161n\u00edm Dakarem speci\u00e1l s automatickou p\u0159evodovkou, d\u00edky \u010demu\u017e se poprv\u00e9 b\u011bhem sv\u00e9ho p\u016fsoben\u00ed v sout\u011b\u017ei probojoval mezi deset nejlep\u0161\u00edch z\u00e1vodn\u00edk\u016f. V sou\u010dasn\u00e9 dob\u011b ale stav\u00edme dva nov\u00e9 \u2013 trouf\u00e1m si \u0159\u00edct revolu\u010dn\u00ed \u2013 speci\u00e1ly, vy\u017eaduj\u00edc\u00ed jin\u00fd typ jezdce,\u201c<\/em> cituje ofici\u00e1ln\u00ed tiskov\u00e1 zpr\u00e1va Tatra Buggyra Racingu \u0161\u00e9fa t\u00fdmu <strong>Martina Koloce<\/strong>.[\/vc_column_text][vc_single_image image=&#8221;19593&#8243; img_size=&#8221;large&#8221; add_caption=&#8221;yes&#8221; alignment=&#8221;center&#8221; onclick=&#8221;custom_link&#8221; img_link_target=&#8221;_blank&#8221; css_animation=&#8221;fadeIn&#8221; link=&#8221;http:\/\/eshop.dakarmania.cz\/&#8221;][vc_column_text css_animation=&#8221;fadeIn&#8221;]Podle Koloce se novou jedni\u010dkou t\u00fdmu st\u00e1v\u00e1 Chilan Ignacio Casale. Trojn\u00e1sobn\u00fd dakarsk\u00fd v\u00edt\u011bz v kategorii \u010dty\u0159kolek absolvoval ro\u010dn\u00edk 2021 se star\u0161\u00edm Phoenixem s manu\u00e1ln\u00ed p\u0159evodovkou a p\u0159i premi\u00e9\u0159e za volantem sout\u011b\u017en\u00edho kamionu se v celkov\u00fdch v\u00fdsledc\u00edch prosadil p\u0159ed t\u00fdmov\u00e9ho kolegu \u0160oltyse na dev\u00e1tou p\u0159\u00ed\u010dku.<\/p>\n<p>Pilota druh\u00e9ho vozu hodl\u00e1 t\u00fdm p\u0159ipravit v r\u00e1mci vlastn\u00ed jezdeck\u00e9 akademie.[\/vc_column_text][vc_empty_space height=&#8221;2px&#8221;][\/vc_column][\/vc_row]<\/p>\n","protected":false},"excerpt":{"rendered":"<p>Po \u010dty\u0159ech spole\u010dn\u00fdch startech na Rally Dakar dosp\u011bla spolupr\u00e1ce Martina \u0160oltyse a t\u00fdmu Tatra Buggyra Racing ke konci.<\/p>\n","protected":false},"author":1,"featured_media":20994,"comment_status":"open","ping_status":"closed","sticky":false,"template":"","format":"standard","meta":{"footnotes":""},"categories":[16],"tags":[1713,132,1523,1151,136,147],"class_list":["post-20995","post","type-post","status-publish","format-standard","has-post-thumbnail","hentry","category-kamion","tag-buggyra","tag-buggyra-racing","tag-ignacio-casale","tag-martin-koloc","tag-martin-soltys","tag-tip"],"yoast_head":"<!-- This site is optimized with the Yoast SEO plugin v24.9 - https:\/\/yoast.com\/wordpress\/plugins\/seo\/ -->\n<title>\u0160oltys u Buggyry kon\u010d\u00ed. T\u00fdm stav\u00ed dva nov\u00e9 vozy - DAKARMANIA.cz<\/title>\n<meta name=\"description\" content=\"Po \u010dty\u0159ech spole\u010dn\u00fdch startech na Rally Dakar dosp\u011bla spolupr\u00e1ce Martina \u0160oltyse a t\u00fdmu Tatra Buggyra Racing ke konci.\" \/>\n<meta name=\"robots\" content=\"index, follow, max-snippet:-1, max-image-preview:large, max-video-preview:-1\" \/>\n<link rel=\"canonical\" href=\"https:\/\/www.dakarmania.cz\/index.php\/2021\/07\/21\/soltys-u-buggyry-konci\/\" \/>\n<meta property=\"og:locale\" content=\"cs_CZ\" \/>\n<meta property=\"og:type\" content=\"article\" \/>\n<meta property=\"og:title\" content=\"\u0160oltys u Buggyry kon\u010d\u00ed. T\u00fdm stav\u00ed dva nov\u00e9 vozy - DAKARMANIA.cz\" \/>\n<meta property=\"og:description\" content=\"Po \u010dty\u0159ech spole\u010dn\u00fdch startech na Rally Dakar dosp\u011bla spolupr\u00e1ce Martina \u0160oltyse a t\u00fdmu Tatra Buggyra Racing ke konci.\" \/>\n<meta property=\"og:url\" content=\"https:\/\/www.dakarmania.cz\/index.php\/2021\/07\/21\/soltys-u-buggyry-konci\/\" \/>\n<meta property=\"og:site_name\" content=\"DAKARMANIA.cz\" \/>\n<meta property=\"article:publisher\" content=\"https:\/\/www.facebook.com\/dakarmania\/\" \/>\n<meta property=\"article:published_time\" content=\"2021-07-21T12:03:28+00:00\" \/>\n<meta property=\"article:modified_time\" content=\"2021-10-18T21:44:20+00:00\" \/>\n<meta property=\"og:image\" content=\"https:\/\/www.dakarmania.cz\/wp-content\/uploads\/2021\/07\/21-dakar-soltys-03.jpg\" \/>\n\t<meta property=\"og:image:width\" content=\"1024\" \/>\n\t<meta property=\"og:image:height\" content=\"683\" \/>\n\t<meta property=\"og:image:type\" content=\"image\/jpeg\" \/>\n<meta name=\"author\" content=\"Zden\u011bk Zelenka\" \/>\n<meta name=\"twitter:card\" content=\"summary_large_image\" \/>\n<meta name=\"twitter:label1\" content=\"Napsal(a)\" \/>\n\t<meta name=\"twitter:data1\" content=\"Zden\u011bk Zelenka\" \/>\n\t<meta name=\"twitter:label2\" content=\"Odhadovan\u00e1 doba \u010dten\u00ed\" \/>\n\t<meta name=\"twitter:data2\" content=\"1 minuta\" \/>\n<script type=\"application\/ld+json\" class=\"yoast-schema-graph\">{\"@context\":\"https:\/\/schema.org\",\"@graph\":[{\"@type\":\"Article\",\"@id\":\"https:\/\/www.dakarmania.cz\/index.php\/2021\/07\/21\/soltys-u-buggyry-konci\/#article\",\"isPartOf\":{\"@id\":\"https:\/\/www.dakarmania.cz\/index.php\/2021\/07\/21\/soltys-u-buggyry-konci\/\"},\"author\":{\"name\":\"Zden\u011bk Zelenka\",\"@id\":\"https:\/\/www.dakarmania.cz\/#\/schema\/person\/04eb0e87a389631c2169c0dddae7ff1e\"},\"headline\":\"\u0160oltys u Buggyry kon\u010d\u00ed. T\u00fdm stav\u00ed dva nov\u00e9 vozy\",\"datePublished\":\"2021-07-21T12:03:28+00:00\",\"dateModified\":\"2021-10-18T21:44:20+00:00\",\"mainEntityOfPage\":{\"@id\":\"https:\/\/www.dakarmania.cz\/index.php\/2021\/07\/21\/soltys-u-buggyry-konci\/\"},\"wordCount\":382,\"commentCount\":0,\"publisher\":{\"@id\":\"https:\/\/www.dakarmania.cz\/#organization\"},\"image\":{\"@id\":\"https:\/\/www.dakarmania.cz\/index.php\/2021\/07\/21\/soltys-u-buggyry-konci\/#primaryimage\"},\"thumbnailUrl\":\"https:\/\/www.dakarmania.cz\/wp-content\/uploads\/2021\/07\/21-dakar-soltys-03.jpg\",\"keywords\":[\"Buggyra\",\"Buggyra Racing\",\"Ignacio Casale\",\"Martin Koloc\",\"Martin \u0160oltys\",\"tip\"],\"articleSection\":[\"Kamiony\"],\"inLanguage\":\"cs\",\"potentialAction\":[{\"@type\":\"CommentAction\",\"name\":\"Comment\",\"target\":[\"https:\/\/www.dakarmania.cz\/index.php\/2021\/07\/21\/soltys-u-buggyry-konci\/#respond\"]}]},{\"@type\":\"WebPage\",\"@id\":\"https:\/\/www.dakarmania.cz\/index.php\/2021\/07\/21\/soltys-u-buggyry-konci\/\",\"url\":\"https:\/\/www.dakarmania.cz\/index.php\/2021\/07\/21\/soltys-u-buggyry-konci\/\",\"name\":\"\u0160oltys u Buggyry kon\u010d\u00ed. T\u00fdm stav\u00ed dva nov\u00e9 vozy - DAKARMANIA.cz\",\"isPartOf\":{\"@id\":\"https:\/\/www.dakarmania.cz\/#website\"},\"primaryImageOfPage\":{\"@id\":\"https:\/\/www.dakarmania.cz\/index.php\/2021\/07\/21\/soltys-u-buggyry-konci\/#primaryimage\"},\"image\":{\"@id\":\"https:\/\/www.dakarmania.cz\/index.php\/2021\/07\/21\/soltys-u-buggyry-konci\/#primaryimage\"},\"thumbnailUrl\":\"https:\/\/www.dakarmania.cz\/wp-content\/uploads\/2021\/07\/21-dakar-soltys-03.jpg\",\"datePublished\":\"2021-07-21T12:03:28+00:00\",\"dateModified\":\"2021-10-18T21:44:20+00:00\",\"description\":\"Po \u010dty\u0159ech spole\u010dn\u00fdch startech na Rally Dakar dosp\u011bla spolupr\u00e1ce Martina \u0160oltyse a t\u00fdmu Tatra Buggyra Racing ke konci.\",\"breadcrumb\":{\"@id\":\"https:\/\/www.dakarmania.cz\/index.php\/2021\/07\/21\/soltys-u-buggyry-konci\/#breadcrumb\"},\"inLanguage\":\"cs\",\"potentialAction\":[{\"@type\":\"ReadAction\",\"target\":[\"https:\/\/www.dakarmania.cz\/index.php\/2021\/07\/21\/soltys-u-buggyry-konci\/\"]}]},{\"@type\":\"ImageObject\",\"inLanguage\":\"cs\",\"@id\":\"https:\/\/www.dakarmania.cz\/index.php\/2021\/07\/21\/soltys-u-buggyry-konci\/#primaryimage\",\"url\":\"https:\/\/www.dakarmania.cz\/wp-content\/uploads\/2021\/07\/21-dakar-soltys-03.jpg\",\"contentUrl\":\"https:\/\/www.dakarmania.cz\/wp-content\/uploads\/2021\/07\/21-dakar-soltys-03.jpg\",\"width\":1024,\"height\":683,\"caption\":\"Martin \u0160oltys, Tatra Buggyra Racing. Rally Dakar 2021. \u00a9 Buggyra Media\"},{\"@type\":\"BreadcrumbList\",\"@id\":\"https:\/\/www.dakarmania.cz\/index.php\/2021\/07\/21\/soltys-u-buggyry-konci\/#breadcrumb\",\"itemListElement\":[{\"@type\":\"ListItem\",\"position\":1,\"name\":\"Dom\u016f\",\"item\":\"https:\/\/www.dakarmania.cz\/\"},{\"@type\":\"ListItem\",\"position\":2,\"name\":\"\u0160oltys u Buggyry kon\u010d\u00ed. T\u00fdm stav\u00ed dva nov\u00e9 vozy\"}]},{\"@type\":\"WebSite\",\"@id\":\"https:\/\/www.dakarmania.cz\/#website\",\"url\":\"https:\/\/www.dakarmania.cz\/\",\"name\":\"DAKARMANIA.cz\",\"description\":\"\u017dijeme Dakarem cel\u00fd rok\",\"publisher\":{\"@id\":\"https:\/\/www.dakarmania.cz\/#organization\"},\"potentialAction\":[{\"@type\":\"SearchAction\",\"target\":{\"@type\":\"EntryPoint\",\"urlTemplate\":\"https:\/\/www.dakarmania.cz\/?s={search_term_string}\"},\"query-input\":{\"@type\":\"PropertyValueSpecification\",\"valueRequired\":true,\"valueName\":\"search_term_string\"}}],\"inLanguage\":\"cs\"},{\"@type\":\"Organization\",\"@id\":\"https:\/\/www.dakarmania.cz\/#organization\",\"name\":\"DAKAR MANIA\",\"url\":\"https:\/\/www.dakarmania.cz\/\",\"logo\":{\"@type\":\"ImageObject\",\"inLanguage\":\"cs\",\"@id\":\"https:\/\/www.dakarmania.cz\/#\/schema\/logo\/image\/\",\"url\":\"https:\/\/www.dakarmania.cz\/wp-content\/uploads\/2018\/12\/Dakar-Mania-Logo-Square-Orange.png\",\"contentUrl\":\"https:\/\/www.dakarmania.cz\/wp-content\/uploads\/2018\/12\/Dakar-Mania-Logo-Square-Orange.png\",\"width\":992,\"height\":992,\"caption\":\"DAKAR MANIA\"},\"image\":{\"@id\":\"https:\/\/www.dakarmania.cz\/#\/schema\/logo\/image\/\"},\"sameAs\":[\"https:\/\/www.facebook.com\/dakarmania\/\"]},{\"@type\":\"Person\",\"@id\":\"https:\/\/www.dakarmania.cz\/#\/schema\/person\/04eb0e87a389631c2169c0dddae7ff1e\",\"name\":\"Zden\u011bk Zelenka\",\"image\":{\"@type\":\"ImageObject\",\"inLanguage\":\"cs\",\"@id\":\"https:\/\/www.dakarmania.cz\/#\/schema\/person\/image\/\",\"url\":\"https:\/\/secure.gravatar.com\/avatar\/2c80d5a4942fe0900b73cc7d3837a509d6ee0a276a2b76dac95c92bd0763a89b?s=96&d=mm&r=g\",\"contentUrl\":\"https:\/\/secure.gravatar.com\/avatar\/2c80d5a4942fe0900b73cc7d3837a509d6ee0a276a2b76dac95c92bd0763a89b?s=96&d=mm&r=g\",\"caption\":\"Zden\u011bk Zelenka\"},\"description\":\"Moji d\u011bt\u0161t\u00ed hrdinov\u00e9 se jmenovali Loprais, Moskal, Neveu, Vatanen, Rahier... A tihle borci, jejich n\u00e1sledovn\u00edci a jejich p\u0159\u00edb\u011bhy m\u011b nep\u0159estali fascinovat ani po letech, kdy jsem vyrostl a zam\u011bstn\u00e1valy m\u011b jin\u00e9 discipl\u00edny motorsportu. Proto se zrodila DAKARMANIA.\",\"url\":\"https:\/\/www.dakarmania.cz\/index.php\/author\/dakarmania\/\"}]}<\/script>\n<!-- \/ Yoast SEO plugin. -->","yoast_head_json":{"title":"\u0160oltys u Buggyry kon\u010d\u00ed. T\u00fdm stav\u00ed dva nov\u00e9 vozy - DAKARMANIA.cz","description":"Po \u010dty\u0159ech spole\u010dn\u00fdch startech na Rally Dakar dosp\u011bla spolupr\u00e1ce Martina \u0160oltyse a t\u00fdmu Tatra Buggyra Racing ke konci.","robots":{"index":"index","follow":"follow","max-snippet":"max-snippet:-1","max-image-preview":"max-image-preview:large","max-video-preview":"max-video-preview:-1"},"canonical":"https:\/\/www.dakarmania.cz\/index.php\/2021\/07\/21\/soltys-u-buggyry-konci\/","og_locale":"cs_CZ","og_type":"article","og_title":"\u0160oltys u Buggyry kon\u010d\u00ed. T\u00fdm stav\u00ed dva nov\u00e9 vozy - DAKARMANIA.cz","og_description":"Po \u010dty\u0159ech spole\u010dn\u00fdch startech na Rally Dakar dosp\u011bla spolupr\u00e1ce Martina \u0160oltyse a t\u00fdmu Tatra Buggyra Racing ke konci.","og_url":"https:\/\/www.dakarmania.cz\/index.php\/2021\/07\/21\/soltys-u-buggyry-konci\/","og_site_name":"DAKARMANIA.cz","article_publisher":"https:\/\/www.facebook.com\/dakarmania\/","article_published_time":"2021-07-21T12:03:28+00:00","article_modified_time":"2021-10-18T21:44:20+00:00","og_image":[{"width":1024,"height":683,"url":"https:\/\/www.dakarmania.cz\/wp-content\/uploads\/2021\/07\/21-dakar-soltys-03.jpg","type":"image\/jpeg"}],"author":"Zden\u011bk Zelenka","twitter_card":"summary_large_image","twitter_misc":{"Napsal(a)":"Zden\u011bk Zelenka","Odhadovan\u00e1 doba \u010dten\u00ed":"1 minuta"},"schema":{"@context":"https:\/\/schema.org","@graph":[{"@type":"Article","@id":"https:\/\/www.dakarmania.cz\/index.php\/2021\/07\/21\/soltys-u-buggyry-konci\/#article","isPartOf":{"@id":"https:\/\/www.dakarmania.cz\/index.php\/2021\/07\/21\/soltys-u-buggyry-konci\/"},"author":{"name":"Zden\u011bk Zelenka","@id":"https:\/\/www.dakarmania.cz\/#\/schema\/person\/04eb0e87a389631c2169c0dddae7ff1e"},"headline":"\u0160oltys u Buggyry kon\u010d\u00ed. T\u00fdm stav\u00ed dva nov\u00e9 vozy","datePublished":"2021-07-21T12:03:28+00:00","dateModified":"2021-10-18T21:44:20+00:00","mainEntityOfPage":{"@id":"https:\/\/www.dakarmania.cz\/index.php\/2021\/07\/21\/soltys-u-buggyry-konci\/"},"wordCount":382,"commentCount":0,"publisher":{"@id":"https:\/\/www.dakarmania.cz\/#organization"},"image":{"@id":"https:\/\/www.dakarmania.cz\/index.php\/2021\/07\/21\/soltys-u-buggyry-konci\/#primaryimage"},"thumbnailUrl":"https:\/\/www.dakarmania.cz\/wp-content\/uploads\/2021\/07\/21-dakar-soltys-03.jpg","keywords":["Buggyra","Buggyra Racing","Ignacio Casale","Martin Koloc","Martin \u0160oltys","tip"],"articleSection":["Kamiony"],"inLanguage":"cs","potentialAction":[{"@type":"CommentAction","name":"Comment","target":["https:\/\/www.dakarmania.cz\/index.php\/2021\/07\/21\/soltys-u-buggyry-konci\/#respond"]}]},{"@type":"WebPage","@id":"https:\/\/www.dakarmania.cz\/index.php\/2021\/07\/21\/soltys-u-buggyry-konci\/","url":"https:\/\/www.dakarmania.cz\/index.php\/2021\/07\/21\/soltys-u-buggyry-konci\/","name":"\u0160oltys u Buggyry kon\u010d\u00ed. T\u00fdm stav\u00ed dva nov\u00e9 vozy - DAKARMANIA.cz","isPartOf":{"@id":"https:\/\/www.dakarmania.cz\/#website"},"primaryImageOfPage":{"@id":"https:\/\/www.dakarmania.cz\/index.php\/2021\/07\/21\/soltys-u-buggyry-konci\/#primaryimage"},"image":{"@id":"https:\/\/www.dakarmania.cz\/index.php\/2021\/07\/21\/soltys-u-buggyry-konci\/#primaryimage"},"thumbnailUrl":"https:\/\/www.dakarmania.cz\/wp-content\/uploads\/2021\/07\/21-dakar-soltys-03.jpg","datePublished":"2021-07-21T12:03:28+00:00","dateModified":"2021-10-18T21:44:20+00:00","description":"Po \u010dty\u0159ech spole\u010dn\u00fdch startech na Rally Dakar dosp\u011bla spolupr\u00e1ce Martina \u0160oltyse a t\u00fdmu Tatra Buggyra Racing ke konci.","breadcrumb":{"@id":"https:\/\/www.dakarmania.cz\/index.php\/2021\/07\/21\/soltys-u-buggyry-konci\/#breadcrumb"},"inLanguage":"cs","potentialAction":[{"@type":"ReadAction","target":["https:\/\/www.dakarmania.cz\/index.php\/2021\/07\/21\/soltys-u-buggyry-konci\/"]}]},{"@type":"ImageObject","inLanguage":"cs","@id":"https:\/\/www.dakarmania.cz\/index.php\/2021\/07\/21\/soltys-u-buggyry-konci\/#primaryimage","url":"https:\/\/www.dakarmania.cz\/wp-content\/uploads\/2021\/07\/21-dakar-soltys-03.jpg","contentUrl":"https:\/\/www.dakarmania.cz\/wp-content\/uploads\/2021\/07\/21-dakar-soltys-03.jpg","width":1024,"height":683,"caption":"Martin \u0160oltys, Tatra Buggyra Racing. Rally Dakar 2021. \u00a9 Buggyra Media"},{"@type":"BreadcrumbList","@id":"https:\/\/www.dakarmania.cz\/index.php\/2021\/07\/21\/soltys-u-buggyry-konci\/#breadcrumb","itemListElement":[{"@type":"ListItem","position":1,"name":"Dom\u016f","item":"https:\/\/www.dakarmania.cz\/"},{"@type":"ListItem","position":2,"name":"\u0160oltys u Buggyry kon\u010d\u00ed. T\u00fdm stav\u00ed dva nov\u00e9 vozy"}]},{"@type":"WebSite","@id":"https:\/\/www.dakarmania.cz\/#website","url":"https:\/\/www.dakarmania.cz\/","name":"DAKARMANIA.cz","description":"\u017dijeme Dakarem cel\u00fd rok","publisher":{"@id":"https:\/\/www.dakarmania.cz\/#organization"},"potentialAction":[{"@type":"SearchAction","target":{"@type":"EntryPoint","urlTemplate":"https:\/\/www.dakarmania.cz\/?s={search_term_string}"},"query-input":{"@type":"PropertyValueSpecification","valueRequired":true,"valueName":"search_term_string"}}],"inLanguage":"cs"},{"@type":"Organization","@id":"https:\/\/www.dakarmania.cz\/#organization","name":"DAKAR MANIA","url":"https:\/\/www.dakarmania.cz\/","logo":{"@type":"ImageObject","inLanguage":"cs","@id":"https:\/\/www.dakarmania.cz\/#\/schema\/logo\/image\/","url":"https:\/\/www.dakarmania.cz\/wp-content\/uploads\/2018\/12\/Dakar-Mania-Logo-Square-Orange.png","contentUrl":"https:\/\/www.dakarmania.cz\/wp-content\/uploads\/2018\/12\/Dakar-Mania-Logo-Square-Orange.png","width":992,"height":992,"caption":"DAKAR MANIA"},"image":{"@id":"https:\/\/www.dakarmania.cz\/#\/schema\/logo\/image\/"},"sameAs":["https:\/\/www.facebook.com\/dakarmania\/"]},{"@type":"Person","@id":"https:\/\/www.dakarmania.cz\/#\/schema\/person\/04eb0e87a389631c2169c0dddae7ff1e","name":"Zden\u011bk Zelenka","image":{"@type":"ImageObject","inLanguage":"cs","@id":"https:\/\/www.dakarmania.cz\/#\/schema\/person\/image\/","url":"https:\/\/secure.gravatar.com\/avatar\/2c80d5a4942fe0900b73cc7d3837a509d6ee0a276a2b76dac95c92bd0763a89b?s=96&d=mm&r=g","contentUrl":"https:\/\/secure.gravatar.com\/avatar\/2c80d5a4942fe0900b73cc7d3837a509d6ee0a276a2b76dac95c92bd0763a89b?s=96&d=mm&r=g","caption":"Zden\u011bk Zelenka"},"description":"Moji d\u011bt\u0161t\u00ed hrdinov\u00e9 se jmenovali Loprais, Moskal, Neveu, Vatanen, Rahier... A tihle borci, jejich n\u00e1sledovn\u00edci a jejich p\u0159\u00edb\u011bhy m\u011b nep\u0159estali fascinovat ani po letech, kdy jsem vyrostl a zam\u011bstn\u00e1valy m\u011b jin\u00e9 discipl\u00edny motorsportu. Proto se zrodila DAKARMANIA.","url":"https:\/\/www.dakarmania.cz\/index.php\/author\/dakarmania\/"}]}},"amp_enabled":true,"_links":{"self":[{"href":"https:\/\/www.dakarmania.cz\/index.php\/wp-json\/wp\/v2\/posts\/20995","targetHints":{"allow":["GET"]}}],"collection":[{"href":"https:\/\/www.dakarmania.cz\/index.php\/wp-json\/wp\/v2\/posts"}],"about":[{"href":"https:\/\/www.dakarmania.cz\/index.php\/wp-json\/wp\/v2\/types\/post"}],"author":[{"embeddable":true,"href":"https:\/\/www.dakarmania.cz\/index.php\/wp-json\/wp\/v2\/users\/1"}],"replies":[{"embeddable":true,"href":"https:\/\/www.dakarmania.cz\/index.php\/wp-json\/wp\/v2\/comments?post=20995"}],"version-history":[{"count":3,"href":"https:\/\/www.dakarmania.cz\/index.php\/wp-json\/wp\/v2\/posts\/20995\/revisions"}],"predecessor-version":[{"id":23767,"href":"https:\/\/www.dakarmania.cz\/index.php\/wp-json\/wp\/v2\/posts\/20995\/revisions\/23767"}],"wp:featuredmedia":[{"embeddable":true,"href":"https:\/\/www.dakarmania.cz\/index.php\/wp-json\/wp\/v2\/media\/20994"}],"wp:attachment":[{"href":"https:\/\/www.dakarmania.cz\/index.php\/wp-json\/wp\/v2\/media?parent=20995"}],"wp:term":[{"taxonomy":"category","embeddable":true,"href":"https:\/\/www.dakarmania.cz\/index.php\/wp-json\/wp\/v2\/categories?post=20995"},{"taxonomy":"post_tag","embeddable":true,"href":"https:\/\/www.dakarmania.cz\/index.php\/wp-json\/wp\/v2\/tags?post=20995"}],"curies":[{"name":"wp","href":"https:\/\/api.w.org\/{rel}","templated":true}]}}